{"id":89760,"date":"2025-08-31T21:26:29","date_gmt":"2025-08-31T19:26:29","guid":{"rendered":"https:\/\/now-news.de\/de\/deutschland\/gerassimow-der-ukraine-einsatz-wird-weitergehen\/"},"modified":"2025-08-31T21:26:29","modified_gmt":"2025-08-31T19:26:29","slug":"gerassimow-der-ukraine-einsatz-wird-weitergehen","status":"publish","type":"post","link":"https:\/\/now-news.de\/de\/deutschland\/gerassimow-der-ukraine-einsatz-wird-weitergehen\/","title":{"rendered":"Gerassimow: Der Ukraine-Einsatz wird weitergehen"},"content":{"rendered":"<p><img decoding=\"async\" src=\"https:\/\/now-news.de\/de\/wp-content\/uploads\/sites\/3\/2025\/08\/68b42663b480cc23b8665f92.jpg\" \/><\/p>\n<div class=\"Text-root Text-type_1 \">\n                Kiews Truppen ziehen sich zur\u00fcck und sind gezwungen, in ihrer Frontlinie &#8220;L\u00f6cher zu stopfen&#8221;, sagte Generalstabschef Waleri Gerassimow. Die Initiative liege inzwischen vollkommen bei Russland; die Offensive werde an vielen Frontabschnitten weitergehen.\n            <\/div>\n<p><\/p>\n<div class=\"Text-root Text-type_5 ArticleView-text ViewText-root \">\n<p>Die russischen Truppen werden ihren Vorteil nutzen und ihre Offensive gegen die ukrainischen Truppen fortsetzen, sagte Generalstabschef Waleri Gerassimow.<\/p>\n<p>Russlands vereinte Truppen bringen ihre &#8220;ununterbrochene Offensive&#8221; an fast allen Frontabschnitten voran, sagte er bei einer Lagebesprechung im russischen Verteidigungsministerium am Samstag.<\/p>\n<p>&#8220;Eine Zustandsanalyse der ukrainischen Truppen zeigt, dass der Feind im Fr\u00fchling und Sommer all seine Bem\u00fchungen darauf konzentrierte, unsere Offensive zu verlangsamen, wobei er schwere Verluste erlitt&#8221;, so Gerassimow.<\/p>\n<p>&#8220;Im Ergebnis sind die Streitkr\u00e4fte der Ukraine gezwungen, ihre kampfbereitesten Einheiten von einer Krisenlage in eine andere zu schicken, um &#8216;die L\u00f6cher zu stopfen&#8217;. Heute liegt die strategische Initiative ganz bei den russischen Truppen&#8221;, f\u00fcgte er hinzu.<\/p>\n<p>Die Offensive werde von regelm\u00e4\u00dfigen &#8220;massiven&#8221; Angriffen auf die ukrainischen Einrichtungen der R\u00fcstungsproduktion begleitet, so Gerassimow: &#8220;Im Fr\u00fchling und Sommer erfolgten solche Angriffe gegen 76 wichtige Einrichtungen. Gezielte massive Feuerangriffe einzig gegen milit\u00e4rische Einrichtungen und solche des milit\u00e4risch-industriellen Komplexes in der Ukraine werden fortgesetzt.&#8221;<\/p>\n<p>Er betonte zudem, die Fortschritte auf dem Schlachtfeld w\u00e4ren nicht m\u00f6glich gewesen ohne die &#8220;zeitnahe Versorgung&#8221; mit &#8220;hochpr\u00e4zisen Waffen, Raketen, Munition und Milit\u00e4rausr\u00fcstung&#8221; durch die russische Industrie.<\/p>\n<p><strong>Mehr zum Thema<\/strong>\u00a0\u2013 <a rel=\"nofollow noopener\" target=\"_blank\" href=\"https:\/\/freedert.online\/europa\/254529-so-bricht-eine-front-zusammen-russlands-sommeroffensive-bringt-kiews-truppen-in-bedraengnis\/\">So bricht eine Front zusammen: Russlands Sommeroffensive bringt Kiews Truppen in Bedr\u00e4ngnis<\/a><\/p>\n<div class=\"EmbedBlock-root EmbedBlock-externalVideo EmbedBlock-rumble\">\n<div class=\"VkEmbed\"><iframe class=\"lazyload\" data-src=\"https:\/\/rumble.com\/embed\/v6w2zs4\" frameborder=\"0\" width=\"853\" height=\"480\" allowfullscreen><\/iframe><\/div>\n<\/div>\n<\/div>\n<p><br \/>\n<br \/><a href=\"https:\/\/de.rt.com\/russland\/254735-gerassimow-ukraine-einsatz-wird-weitergehen\/\">Source link <\/a><\/p>\n","protected":false},"excerpt":{"rendered":"<p>Kiews Truppen ziehen sich zur\u00fcck und sind gezwungen, in ihrer Frontlinie &#8220;L\u00f6cher zu stopfen&#8221;, sagte Generalstabschef Waleri Gerassimow. Die Initiative liege inzwischen vollkommen bei Russland; die Offensive werde an vielen Frontabschnitten weitergehen. Die russischen Truppen werden ihren Vorteil nutzen und ihre Offensive gegen die ukrainischen Truppen fortsetzen, sagte Generalstabschef Waleri Gerassimow. Russlands vereinte Truppen bringen [&hellip;]<\/p>\n","protected":false},"author":3,"featured_media":89761,"comment_status":"open","ping_status":"open","sticky":false,"template":"","format":"standard","meta":{"_yoast_indexnow_last_ping":["1756671192"],"wp_automatic_camp":["217"],"84f64d19ecd9325823d6e460cf3b3e71":["Gerassimow: Der Ukraine-Einsatz wird weitergehen"],"original_link":["https:\/\/de.rt.com\/russland\/254735-gerassimow-ukraine-einsatz-wird-weitergehen\/"],"_thumbnail_id":["89761"],"jnews_social_counter_last_update":["1777316668"],"_wptgpro_p2tg_sent2tg":["a:1:{i:23737;s:19:\"2025-08-31 22:14:13\";}"]},"categories":[19,23],"tags":[82,34822,23800,51394,374],"yoast_head":"<!-- This site is optimized with the Yoast SEO Premium plugin v22.7 (Yoast SEO v22.7) - https:\/\/yoast.com\/wordpress\/plugins\/seo\/ -->\n<title>Gerassimow: Der Ukraine-Einsatz wird weitergehen - just-now.NEWS Deutschland<\/title>\n<meta name=\"robots\" content=\"index, follow, max-snippet:-1, max-image-preview:large, max-video-preview:-1\" \/>\n<link rel=\"canonical\" href=\"https:\/\/now-news.de\/de\/deutschland\/gerassimow-der-ukraine-einsatz-wird-weitergehen\/\" \/>\n<meta property=\"og:locale\" content=\"de_DE\" \/>\n<meta property=\"og:type\" content=\"article\" \/>\n<meta property=\"og:title\" content=\"Gerassimow: Der Ukraine-Einsatz wird weitergehen\" \/>\n<meta property=\"og:description\" content=\"Kiews Truppen ziehen sich zur\u00fcck und sind gezwungen, in ihrer Frontlinie &#8220;L\u00f6cher zu stopfen&#8221;, sagte Generalstabschef Waleri Gerassimow. Die Initiative liege inzwischen vollkommen bei Russland; die Offensive werde an vielen Frontabschnitten weitergehen. Die russischen Truppen werden ihren Vorteil nutzen und ihre Offensive gegen die ukrainischen Truppen fortsetzen, sagte Generalstabschef Waleri Gerassimow. Russlands vereinte Truppen bringen [&hellip;]\" \/>\n<meta property=\"og:url\" content=\"https:\/\/now-news.de\/de\/deutschland\/gerassimow-der-ukraine-einsatz-wird-weitergehen\/\" \/>\n<meta property=\"og:site_name\" content=\"just-now.NEWS Deutschland\" \/>\n<meta property=\"article:publisher\" content=\"https:\/\/www.facebook.com\/wirmachenauf\" \/>\n<meta property=\"article:published_time\" content=\"2025-08-31T19:26:29+00:00\" \/>\n<meta property=\"og:image\" content=\"https:\/\/now-news.de\/de\/wp-content\/uploads\/sites\/3\/2025\/08\/68b42663b480cc23b8665f92.jpg\" \/>\n<meta name=\"author\" content=\"rtnews\" \/>\n<meta name=\"twitter:card\" content=\"summary_large_image\" \/>\n<meta name=\"twitter:creator\" content=\"@WirMachenAuf_de\" \/>\n<meta name=\"twitter:site\" content=\"@WirMachenAuf_de\" \/>\n<meta name=\"twitter:label1\" content=\"Verfasst von\" \/>\n\t<meta name=\"twitter:data1\" content=\"rtnews\" \/>\n\t<meta name=\"twitter:label2\" content=\"Gesch\u00e4tzte Lesezeit\" \/>\n\t<meta name=\"twitter:data2\" content=\"1\u00a0Minute\" \/>\n<script type=\"application\/ld+json\" class=\"yoast-schema-graph\">{\"@context\":\"https:\/\/schema.org\",\"@graph\":[{\"@type\":\"Article\",\"@id\":\"https:\/\/now-news.de\/de\/deutschland\/gerassimow-der-ukraine-einsatz-wird-weitergehen\/#article\",\"isPartOf\":{\"@id\":\"https:\/\/now-news.de\/de\/deutschland\/gerassimow-der-ukraine-einsatz-wird-weitergehen\/\"},\"author\":{\"name\":\"rtnews\",\"@id\":\"https:\/\/now-news.de\/de\/#\/schema\/person\/fb534a4e865501d8b3285208df34a9b5\"},\"headline\":\"Gerassimow: Der Ukraine-Einsatz wird weitergehen\",\"datePublished\":\"2025-08-31T19:26:29+00:00\",\"dateModified\":\"2025-08-31T19:26:29+00:00\",\"mainEntityOfPage\":{\"@id\":\"https:\/\/now-news.de\/de\/deutschland\/gerassimow-der-ukraine-einsatz-wird-weitergehen\/\"},\"wordCount\":250,\"commentCount\":0,\"publisher\":{\"@id\":\"https:\/\/now-news.de\/de\/#organization\"},\"image\":{\"@id\":\"https:\/\/now-news.de\/de\/deutschland\/gerassimow-der-ukraine-einsatz-wird-weitergehen\/#primaryimage\"},\"thumbnailUrl\":\"https:\/\/now-news.de\/de\/wp-content\/uploads\/sites\/3\/2025\/08\/Gerassimow-Der-Ukraine-Einsatz-wird-weitergehen.jpg\",\"keywords\":[\"der\",\"Gerassimow\",\"UkraineEinsatz\",\"weitergehen\",\"wird\"],\"articleSection\":[\"Deutschland\",\"Russland\"],\"inLanguage\":\"de\",\"potentialAction\":[{\"@type\":\"CommentAction\",\"name\":\"Comment\",\"target\":[\"https:\/\/now-news.de\/de\/deutschland\/gerassimow-der-ukraine-einsatz-wird-weitergehen\/#respond\"]}]},{\"@type\":\"WebPage\",\"@id\":\"https:\/\/now-news.de\/de\/deutschland\/gerassimow-der-ukraine-einsatz-wird-weitergehen\/\",\"url\":\"https:\/\/now-news.de\/de\/deutschland\/gerassimow-der-ukraine-einsatz-wird-weitergehen\/\",\"name\":\"Gerassimow: Der Ukraine-Einsatz wird weitergehen - just-now.NEWS Deutschland\",\"isPartOf\":{\"@id\":\"https:\/\/now-news.de\/de\/#website\"},\"primaryImageOfPage\":{\"@id\":\"https:\/\/now-news.de\/de\/deutschland\/gerassimow-der-ukraine-einsatz-wird-weitergehen\/#primaryimage\"},\"image\":{\"@id\":\"https:\/\/now-news.de\/de\/deutschland\/gerassimow-der-ukraine-einsatz-wird-weitergehen\/#primaryimage\"},\"thumbnailUrl\":\"https:\/\/now-news.de\/de\/wp-content\/uploads\/sites\/3\/2025\/08\/Gerassimow-Der-Ukraine-Einsatz-wird-weitergehen.jpg\",\"datePublished\":\"2025-08-31T19:26:29+00:00\",\"dateModified\":\"2025-08-31T19:26:29+00:00\",\"breadcrumb\":{\"@id\":\"https:\/\/now-news.de\/de\/deutschland\/gerassimow-der-ukraine-einsatz-wird-weitergehen\/#breadcrumb\"},\"inLanguage\":\"de\",\"potentialAction\":[{\"@type\":\"ReadAction\",\"target\":[\"https:\/\/now-news.de\/de\/deutschland\/gerassimow-der-ukraine-einsatz-wird-weitergehen\/\"]}]},{\"@type\":\"ImageObject\",\"inLanguage\":\"de\",\"@id\":\"https:\/\/now-news.de\/de\/deutschland\/gerassimow-der-ukraine-einsatz-wird-weitergehen\/#primaryimage\",\"url\":\"https:\/\/now-news.de\/de\/wp-content\/uploads\/sites\/3\/2025\/08\/Gerassimow-Der-Ukraine-Einsatz-wird-weitergehen.jpg\",\"contentUrl\":\"https:\/\/now-news.de\/de\/wp-content\/uploads\/sites\/3\/2025\/08\/Gerassimow-Der-Ukraine-Einsatz-wird-weitergehen.jpg\",\"width\":460,\"height\":259,\"caption\":\"Gerassimow: Der Ukraine-Einsatz wird weitergehen\"},{\"@type\":\"BreadcrumbList\",\"@id\":\"https:\/\/now-news.de\/de\/deutschland\/gerassimow-der-ukraine-einsatz-wird-weitergehen\/#breadcrumb\",\"itemListElement\":[{\"@type\":\"ListItem\",\"position\":1,\"name\":\"Home\",\"item\":\"https:\/\/now-news.de\/de\/\"},{\"@type\":\"ListItem\",\"position\":2,\"name\":\"Gerassimow: Der Ukraine-Einsatz wird weitergehen\"}]},{\"@type\":\"WebSite\",\"@id\":\"https:\/\/now-news.de\/de\/#website\",\"url\":\"https:\/\/now-news.de\/de\/\",\"name\":\"just-now.NEWS Deutschland\",\"description\":\"Das Portal f\u00fcr unzensierte Nachrichten aus der Welt\",\"publisher\":{\"@id\":\"https:\/\/now-news.de\/de\/#organization\"},\"potentialAction\":[{\"@type\":\"SearchAction\",\"target\":{\"@type\":\"EntryPoint\",\"urlTemplate\":\"https:\/\/now-news.de\/de\/?s={search_term_string}\"},\"query-input\":\"required name=search_term_string\"}],\"inLanguage\":\"de\"},{\"@type\":\"Organization\",\"@id\":\"https:\/\/now-news.de\/de\/#organization\",\"name\":\"Just Now News\",\"url\":\"https:\/\/now-news.de\/de\/\",\"logo\":{\"@type\":\"ImageObject\",\"inLanguage\":\"de\",\"@id\":\"https:\/\/now-news.de\/de\/#\/schema\/logo\/image\/\",\"url\":\"http:\/\/just-now.news\/de\/wp-content\/uploads\/sites\/3\/2022\/04\/logo500x500.jpg\",\"contentUrl\":\"http:\/\/just-now.news\/de\/wp-content\/uploads\/sites\/3\/2022\/04\/logo500x500.jpg\",\"width\":500,\"height\":500,\"caption\":\"Just Now News\"},\"image\":{\"@id\":\"https:\/\/now-news.de\/de\/#\/schema\/logo\/image\/\"},\"sameAs\":[\"https:\/\/www.facebook.com\/wirmachenauf\",\"https:\/\/x.com\/WirMachenAuf_de\"]},{\"@type\":\"Person\",\"@id\":\"https:\/\/now-news.de\/de\/#\/schema\/person\/fb534a4e865501d8b3285208df34a9b5\",\"name\":\"rtnews\",\"image\":{\"@type\":\"ImageObject\",\"inLanguage\":\"de\",\"@id\":\"https:\/\/now-news.de\/de\/#\/schema\/person\/image\/\",\"url\":\"https:\/\/secure.gravatar.com\/avatar\/82aafea7d8127119dd649515f56e2117?s=96&d=mm&r=g\",\"contentUrl\":\"https:\/\/secure.gravatar.com\/avatar\/82aafea7d8127119dd649515f56e2117?s=96&d=mm&r=g\",\"caption\":\"rtnews\"},\"url\":\"https:\/\/now-news.de\/de\/author\/rnews\/\"}]}<\/script>\n<!-- \/ Yoast SEO Premium plugin. -->","yoast_head_json":{"title":"Gerassimow: Der Ukraine-Einsatz wird weitergehen - just-now.NEWS Deutschland","robots":{"index":"index","follow":"follow","max-snippet":"max-snippet:-1","max-image-preview":"max-image-preview:large","max-video-preview":"max-video-preview:-1"},"canonical":"https:\/\/now-news.de\/de\/deutschland\/gerassimow-der-ukraine-einsatz-wird-weitergehen\/","og_locale":"de_DE","og_type":"article","og_title":"Gerassimow: Der Ukraine-Einsatz wird weitergehen","og_description":"Kiews Truppen ziehen sich zur\u00fcck und sind gezwungen, in ihrer Frontlinie &#8220;L\u00f6cher zu stopfen&#8221;, sagte Generalstabschef Waleri Gerassimow. Die Initiative liege inzwischen vollkommen bei Russland; die Offensive werde an vielen Frontabschnitten weitergehen. Die russischen Truppen werden ihren Vorteil nutzen und ihre Offensive gegen die ukrainischen Truppen fortsetzen, sagte Generalstabschef Waleri Gerassimow. Russlands vereinte Truppen bringen [&hellip;]","og_url":"https:\/\/now-news.de\/de\/deutschland\/gerassimow-der-ukraine-einsatz-wird-weitergehen\/","og_site_name":"just-now.NEWS Deutschland","article_publisher":"https:\/\/www.facebook.com\/wirmachenauf","article_published_time":"2025-08-31T19:26:29+00:00","og_image":[{"url":"https:\/\/now-news.de\/de\/wp-content\/uploads\/sites\/3\/2025\/08\/68b42663b480cc23b8665f92.jpg"}],"author":"rtnews","twitter_card":"summary_large_image","twitter_creator":"@WirMachenAuf_de","twitter_site":"@WirMachenAuf_de","twitter_misc":{"Verfasst von":"rtnews","Gesch\u00e4tzte Lesezeit":"1\u00a0Minute"},"schema":{"@context":"https:\/\/schema.org","@graph":[{"@type":"Article","@id":"https:\/\/now-news.de\/de\/deutschland\/gerassimow-der-ukraine-einsatz-wird-weitergehen\/#article","isPartOf":{"@id":"https:\/\/now-news.de\/de\/deutschland\/gerassimow-der-ukraine-einsatz-wird-weitergehen\/"},"author":{"name":"rtnews","@id":"https:\/\/now-news.de\/de\/#\/schema\/person\/fb534a4e865501d8b3285208df34a9b5"},"headline":"Gerassimow: Der Ukraine-Einsatz wird weitergehen","datePublished":"2025-08-31T19:26:29+00:00","dateModified":"2025-08-31T19:26:29+00:00","mainEntityOfPage":{"@id":"https:\/\/now-news.de\/de\/deutschland\/gerassimow-der-ukraine-einsatz-wird-weitergehen\/"},"wordCount":250,"commentCount":0,"publisher":{"@id":"https:\/\/now-news.de\/de\/#organization"},"image":{"@id":"https:\/\/now-news.de\/de\/deutschland\/gerassimow-der-ukraine-einsatz-wird-weitergehen\/#primaryimage"},"thumbnailUrl":"https:\/\/now-news.de\/de\/wp-content\/uploads\/sites\/3\/2025\/08\/Gerassimow-Der-Ukraine-Einsatz-wird-weitergehen.jpg","keywords":["der","Gerassimow","UkraineEinsatz","weitergehen","wird"],"articleSection":["Deutschland","Russland"],"inLanguage":"de","potentialAction":[{"@type":"CommentAction","name":"Comment","target":["https:\/\/now-news.de\/de\/deutschland\/gerassimow-der-ukraine-einsatz-wird-weitergehen\/#respond"]}]},{"@type":"WebPage","@id":"https:\/\/now-news.de\/de\/deutschland\/gerassimow-der-ukraine-einsatz-wird-weitergehen\/","url":"https:\/\/now-news.de\/de\/deutschland\/gerassimow-der-ukraine-einsatz-wird-weitergehen\/","name":"Gerassimow: Der Ukraine-Einsatz wird weitergehen - just-now.NEWS Deutschland","isPartOf":{"@id":"https:\/\/now-news.de\/de\/#website"},"primaryImageOfPage":{"@id":"https:\/\/now-news.de\/de\/deutschland\/gerassimow-der-ukraine-einsatz-wird-weitergehen\/#primaryimage"},"image":{"@id":"https:\/\/now-news.de\/de\/deutschland\/gerassimow-der-ukraine-einsatz-wird-weitergehen\/#primaryimage"},"thumbnailUrl":"https:\/\/now-news.de\/de\/wp-content\/uploads\/sites\/3\/2025\/08\/Gerassimow-Der-Ukraine-Einsatz-wird-weitergehen.jpg","datePublished":"2025-08-31T19:26:29+00:00","dateModified":"2025-08-31T19:26:29+00:00","breadcrumb":{"@id":"https:\/\/now-news.de\/de\/deutschland\/gerassimow-der-ukraine-einsatz-wird-weitergehen\/#breadcrumb"},"inLanguage":"de","potentialAction":[{"@type":"ReadAction","target":["https:\/\/now-news.de\/de\/deutschland\/gerassimow-der-ukraine-einsatz-wird-weitergehen\/"]}]},{"@type":"ImageObject","inLanguage":"de","@id":"https:\/\/now-news.de\/de\/deutschland\/gerassimow-der-ukraine-einsatz-wird-weitergehen\/#primaryimage","url":"https:\/\/now-news.de\/de\/wp-content\/uploads\/sites\/3\/2025\/08\/Gerassimow-Der-Ukraine-Einsatz-wird-weitergehen.jpg","contentUrl":"https:\/\/now-news.de\/de\/wp-content\/uploads\/sites\/3\/2025\/08\/Gerassimow-Der-Ukraine-Einsatz-wird-weitergehen.jpg","width":460,"height":259,"caption":"Gerassimow: Der Ukraine-Einsatz wird weitergehen"},{"@type":"BreadcrumbList","@id":"https:\/\/now-news.de\/de\/deutschland\/gerassimow-der-ukraine-einsatz-wird-weitergehen\/#breadcrumb","itemListElement":[{"@type":"ListItem","position":1,"name":"Home","item":"https:\/\/now-news.de\/de\/"},{"@type":"ListItem","position":2,"name":"Gerassimow: Der Ukraine-Einsatz wird weitergehen"}]},{"@type":"WebSite","@id":"https:\/\/now-news.de\/de\/#website","url":"https:\/\/now-news.de\/de\/","name":"just-now.NEWS Deutschland","description":"Das Portal f\u00fcr unzensierte Nachrichten aus der Welt","publisher":{"@id":"https:\/\/now-news.de\/de\/#organization"},"potentialAction":[{"@type":"SearchAction","target":{"@type":"EntryPoint","urlTemplate":"https:\/\/now-news.de\/de\/?s={search_term_string}"},"query-input":"required name=search_term_string"}],"inLanguage":"de"},{"@type":"Organization","@id":"https:\/\/now-news.de\/de\/#organization","name":"Just Now News","url":"https:\/\/now-news.de\/de\/","logo":{"@type":"ImageObject","inLanguage":"de","@id":"https:\/\/now-news.de\/de\/#\/schema\/logo\/image\/","url":"http:\/\/just-now.news\/de\/wp-content\/uploads\/sites\/3\/2022\/04\/logo500x500.jpg","contentUrl":"http:\/\/just-now.news\/de\/wp-content\/uploads\/sites\/3\/2022\/04\/logo500x500.jpg","width":500,"height":500,"caption":"Just Now News"},"image":{"@id":"https:\/\/now-news.de\/de\/#\/schema\/logo\/image\/"},"sameAs":["https:\/\/www.facebook.com\/wirmachenauf","https:\/\/x.com\/WirMachenAuf_de"]},{"@type":"Person","@id":"https:\/\/now-news.de\/de\/#\/schema\/person\/fb534a4e865501d8b3285208df34a9b5","name":"rtnews","image":{"@type":"ImageObject","inLanguage":"de","@id":"https:\/\/now-news.de\/de\/#\/schema\/person\/image\/","url":"https:\/\/secure.gravatar.com\/avatar\/82aafea7d8127119dd649515f56e2117?s=96&d=mm&r=g","contentUrl":"https:\/\/secure.gravatar.com\/avatar\/82aafea7d8127119dd649515f56e2117?s=96&d=mm&r=g","caption":"rtnews"},"url":"https:\/\/now-news.de\/de\/author\/rnews\/"}]}},"_links":{"self":[{"href":"https:\/\/now-news.de\/de\/wp-json\/wp\/v2\/posts\/89760"}],"collection":[{"href":"https:\/\/now-news.de\/de\/wp-json\/wp\/v2\/posts"}],"about":[{"href":"https:\/\/now-news.de\/de\/wp-json\/wp\/v2\/types\/post"}],"author":[{"embeddable":true,"href":"https:\/\/now-news.de\/de\/wp-json\/wp\/v2\/users\/3"}],"replies":[{"embeddable":true,"href":"https:\/\/now-news.de\/de\/wp-json\/wp\/v2\/comments?post=89760"}],"version-history":[{"count":0,"href":"https:\/\/now-news.de\/de\/wp-json\/wp\/v2\/posts\/89760\/revisions"}],"wp:featuredmedia":[{"embeddable":true,"href":"https:\/\/now-news.de\/de\/wp-json\/wp\/v2\/media\/89761"}],"wp:attachment":[{"href":"https:\/\/now-news.de\/de\/wp-json\/wp\/v2\/media?parent=89760"}],"wp:term":[{"taxonomy":"category","embeddable":true,"href":"https:\/\/now-news.de\/de\/wp-json\/wp\/v2\/categories?post=89760"},{"taxonomy":"post_tag","embeddable":true,"href":"https:\/\/now-news.de\/de\/wp-json\/wp\/v2\/tags?post=89760"}],"curies":[{"name":"wp","href":"https:\/\/api.w.org\/{rel}","templated":true}]}}