{"id":89744,"date":"2025-08-31T17:31:57","date_gmt":"2025-08-31T15:31:57","guid":{"rendered":"https:\/\/now-news.de\/de\/deutschland\/frankreichs-palaestina-anerkennung-veraergert-israel-und-usa\/"},"modified":"2025-08-31T17:31:57","modified_gmt":"2025-08-31T15:31:57","slug":"frankreichs-palaestina-anerkennung-veraergert-israel-und-usa","status":"publish","type":"post","link":"https:\/\/now-news.de\/de\/deutschland\/frankreichs-palaestina-anerkennung-veraergert-israel-und-usa\/","title":{"rendered":"Frankreichs Pal\u00e4stina-Anerkennung ver\u00e4rgert Israel und USA"},"content":{"rendered":"<p><img decoding=\"async\" src=\"https:\/\/now-news.de\/de\/wp-content\/uploads\/sites\/3\/2025\/08\/68b43b5ab480cc23222e440e.jpg\" \/><\/p>\n<div class=\"Text-root Text-type_1 \">\n                Der US-Botschafter in Frankreich hat Macrons Schritt, Pal\u00e4stina als Staat anzuerkennen, bereits kritisiert. Netanjahu lehnt die Anerkennung eines pal\u00e4stinensischen Staates ab und weitet die Milit\u00e4roffensive in Gaza aus.\n            <\/div>\n<p><\/p>\n<div class=\"Text-root Text-type_5 ArticleView-text ViewText-root \">\n<p>Die Entscheidung des franz\u00f6sischen Pr\u00e4sidenten Emmanuel Macron, einen pal\u00e4stinensischen Staat anzuerkennen, was \u00e4hnliche Schritte anderer westlicher Nationen nach sich zog, ver\u00e4rgerte Israel und dessen Verb\u00fcndeten, die USA, da damit die Zweistaatenl\u00f6sung wieder in den Mittelpunkt der diplomatischen Bem\u00fchungen zur Beendigung des verheerenden Krieges im Gazastreifen r\u00fcckte.<\/p>\n<p>In einem Brief an den israelischen Ministerpr\u00e4sidenten Benjamin Netanjahu schrieb Macron vergangene Woche: &#8220;Unsere Entschlossenheit, dem pal\u00e4stinensischen Volk einen eigenen Staat zu erm\u00f6glichen, gr\u00fcndet sich auf unserer \u00dcberzeugung, dass dauerhafter Frieden f\u00fcr die Sicherheit des Staates Israel unerl\u00e4sslich ist.&#8221; Die diplomatischen Bem\u00fchungen Frankreichs &#8220;entspringen unserer Emp\u00f6rung \u00fcber die entsetzliche humanit\u00e4re Katastrophe in Gaza, f\u00fcr die es keine Rechtfertigung geben kann&#8221;, f\u00fcgte Macron hinzu.<\/p>\n<p>Frankreich, Gro\u00dfbritannien, Kanada, Australien und Malta haben angek\u00fcndigt, ihre Zusage w\u00e4hrend des j\u00e4hrlichen Treffens der Staats- und Regierungschefs der Welt bei der UN-Generalversammlung, die am 23. September beginnt, zu formalisieren. Einige andere L\u00e4nder, darunter Neuseeland, Finnland und Portugal, erw\u00e4gen einen \u00e4hnlichen Schritt. Netanjahu lehnt die pal\u00e4stinensische Staatlichkeit ab und plant eine Ausweitung der Milit\u00e4roffensive im Gazastreifen.<\/p>\n<p>Macrons Brief folgt auf Netanjahus Vorwurf, der franz\u00f6sische Pr\u00e4sident w\u00fcrde mit seiner Forderung nach einem pal\u00e4stinensischen Staat &#8220;das Feuer des Antisemitismus sch\u00fcren&#8221; \u2013 eine \u00c4u\u00dferung, die Macron als &#8220;abscheulich&#8221; verurteilte.<\/p>\n<p>Letzte Woche schrieb auch der US-Botschafter in Frankreich, Charles Kushner, einen Brief, in dem er behauptete, dass &#8220;Gesten zur Anerkennung eines pal\u00e4stinensischen Staates Extremisten ermutigen, Gewalt sch\u00fcren und das Leben der Juden in Frankreich gef\u00e4hrden&#8221;. Kushner wurde vom franz\u00f6sischen Au\u00dfenministerium vorgeladen. In seiner\u00a0Abwesenheit nahm Kushners Stellvertreter den Termin wahr.<\/p>\n<p>Macron und andere internationale Staatschefs haben Israel aufgefordert, seine Offensive in dem belagerten Gebiet zu beenden, wo die meisten der \u00fcber zwei Millionen Einwohner vertrieben wurden, Stadtviertel in Tr\u00fcmmern liegen und in Gaza-Stadt eine Hungersnot ausgerufen wurde.<\/p>\n<p>Der franz\u00f6sische Au\u00dfenminister Jean-No\u00ebl Barrot betonte diese Woche, dass die diplomatischen Bem\u00fchungen unter der F\u00fchrung Frankreichs und Saudi-Arabiens erstmals auch zu einer \u00e4u\u00dferst bedeutenden Verurteilung der Angriffe der Hamas auf Zivilisten durch alle 22 Mitglieder der Arabischen Liga gef\u00fchrt h\u00e4tten. W\u00e4hrend einer von Frankreich und Saudi-Arabien gemeinsam veranstalteten Konferenz im Juli bei den Vereinten Nationen einigten sich die L\u00e4nder der Arabischen Liga in ihrer New Yorker Erkl\u00e4rung darauf, dass die Hamas ihre Herrschaft im Gazastreifen beenden und ihre Waffen an die Pal\u00e4stinensische Autonomiebeh\u00f6rde \u00fcbergeben m\u00fcsse.<\/p>\n<p><strong>Mehr zum Thema<\/strong>\u00a0\u2012 <a rel=\"nofollow noopener\" target=\"_blank\" href=\"https:\/\/freedert.online\/international\/254391-macron-weist-netanjahus-brief-ueber\/\">Antwort auf Netanjahu-Brief: Macron beharrt auf Gr\u00fcndung eines Pal\u00e4stinenserstaates<\/a><\/p>\n<div class=\"EmbedBlock-root EmbedBlock-externalVideo EmbedBlock-rumble\">\n<div class=\"VkEmbed\"><iframe class=\"lazyload\" data-src=\"https:\/\/rumble.com\/embed\/v6vchp4\" frameborder=\"0\" width=\"853\" height=\"480\" allowfullscreen><\/iframe><\/div>\n<\/div>\n<\/div>\n<p><br \/>\n<br \/><a href=\"https:\/\/de.rt.com\/international\/254739-frankreichs-anerkennung-palaestinensischen-staates-sorgt\/\">Source link <\/a><\/p>\n","protected":false},"excerpt":{"rendered":"<p>Der US-Botschafter in Frankreich hat Macrons Schritt, Pal\u00e4stina als Staat anzuerkennen, bereits kritisiert. Netanjahu lehnt die Anerkennung eines pal\u00e4stinensischen Staates ab und weitet die Milit\u00e4roffensive in Gaza aus. Die Entscheidung des franz\u00f6sischen Pr\u00e4sidenten Emmanuel Macron, einen pal\u00e4stinensischen Staat anzuerkennen, was \u00e4hnliche Schritte anderer westlicher Nationen nach sich zog, ver\u00e4rgerte Israel und dessen Verb\u00fcndeten, die USA, [&hellip;]<\/p>\n","protected":false},"author":3,"featured_media":89745,"comment_status":"open","ping_status":"open","sticky":false,"template":"","format":"standard","meta":{"_yoast_indexnow_last_ping":["1756654815"],"wp_automatic_camp":["217"],"e0268078ced727ce873dcb8351eebd4d":["Frankreichs Pal\u00e4stina-Anerkennung ver\u00e4rgert Israel und USA"],"original_link":["https:\/\/de.rt.com\/international\/254739-frankreichs-anerkennung-palaestinensischen-staates-sorgt\/"],"_thumbnail_id":["89745"],"jnews_social_counter_last_update":["1777255965"],"_wptgpro_p2tg_sent2tg":["a:1:{i:23737;s:19:\"2025-08-31 17:41:21\";}"]},"categories":[19,23],"tags":[19886,432,66612,140,193,14985],"yoast_head":"<!-- This site is optimized with the Yoast SEO Premium plugin v22.7 (Yoast SEO v22.7) - https:\/\/yoast.com\/wordpress\/plugins\/seo\/ -->\n<title>Frankreichs Pal\u00e4stina-Anerkennung ver\u00e4rgert Israel und USA - just-now.NEWS Deutschland<\/title>\n<meta name=\"robots\" content=\"index, follow, max-snippet:-1, max-image-preview:large, max-video-preview:-1\" \/>\n<link rel=\"canonical\" href=\"https:\/\/now-news.de\/de\/deutschland\/frankreichs-palaestina-anerkennung-veraergert-israel-und-usa\/\" \/>\n<meta property=\"og:locale\" content=\"de_DE\" \/>\n<meta property=\"og:type\" content=\"article\" \/>\n<meta property=\"og:title\" content=\"Frankreichs Pal\u00e4stina-Anerkennung ver\u00e4rgert Israel und USA\" \/>\n<meta property=\"og:description\" content=\"Der US-Botschafter in Frankreich hat Macrons Schritt, Pal\u00e4stina als Staat anzuerkennen, bereits kritisiert. Netanjahu lehnt die Anerkennung eines pal\u00e4stinensischen Staates ab und weitet die Milit\u00e4roffensive in Gaza aus. Die Entscheidung des franz\u00f6sischen Pr\u00e4sidenten Emmanuel Macron, einen pal\u00e4stinensischen Staat anzuerkennen, was \u00e4hnliche Schritte anderer westlicher Nationen nach sich zog, ver\u00e4rgerte Israel und dessen Verb\u00fcndeten, die USA, [&hellip;]\" \/>\n<meta property=\"og:url\" content=\"https:\/\/now-news.de\/de\/deutschland\/frankreichs-palaestina-anerkennung-veraergert-israel-und-usa\/\" \/>\n<meta property=\"og:site_name\" content=\"just-now.NEWS Deutschland\" \/>\n<meta property=\"article:publisher\" content=\"https:\/\/www.facebook.com\/wirmachenauf\" \/>\n<meta property=\"article:published_time\" content=\"2025-08-31T15:31:57+00:00\" \/>\n<meta property=\"og:image\" content=\"https:\/\/now-news.de\/de\/wp-content\/uploads\/sites\/3\/2025\/08\/68b43b5ab480cc23222e440e.jpg\" \/>\n<meta name=\"author\" content=\"rtnews\" \/>\n<meta name=\"twitter:card\" content=\"summary_large_image\" \/>\n<meta name=\"twitter:creator\" content=\"@WirMachenAuf_de\" \/>\n<meta name=\"twitter:site\" content=\"@WirMachenAuf_de\" \/>\n<meta name=\"twitter:label1\" content=\"Verfasst von\" \/>\n\t<meta name=\"twitter:data1\" content=\"rtnews\" \/>\n\t<meta name=\"twitter:label2\" content=\"Gesch\u00e4tzte Lesezeit\" \/>\n\t<meta name=\"twitter:data2\" content=\"2\u00a0Minuten\" \/>\n<script type=\"application\/ld+json\" class=\"yoast-schema-graph\">{\"@context\":\"https:\/\/schema.org\",\"@graph\":[{\"@type\":\"Article\",\"@id\":\"https:\/\/now-news.de\/de\/deutschland\/frankreichs-palaestina-anerkennung-veraergert-israel-und-usa\/#article\",\"isPartOf\":{\"@id\":\"https:\/\/now-news.de\/de\/deutschland\/frankreichs-palaestina-anerkennung-veraergert-israel-und-usa\/\"},\"author\":{\"name\":\"rtnews\",\"@id\":\"https:\/\/now-news.de\/de\/#\/schema\/person\/fb534a4e865501d8b3285208df34a9b5\"},\"headline\":\"Frankreichs Pal\u00e4stina-Anerkennung ver\u00e4rgert Israel und USA\",\"datePublished\":\"2025-08-31T15:31:57+00:00\",\"dateModified\":\"2025-08-31T15:31:57+00:00\",\"mainEntityOfPage\":{\"@id\":\"https:\/\/now-news.de\/de\/deutschland\/frankreichs-palaestina-anerkennung-veraergert-israel-und-usa\/\"},\"wordCount\":473,\"commentCount\":0,\"publisher\":{\"@id\":\"https:\/\/now-news.de\/de\/#organization\"},\"image\":{\"@id\":\"https:\/\/now-news.de\/de\/deutschland\/frankreichs-palaestina-anerkennung-veraergert-israel-und-usa\/#primaryimage\"},\"thumbnailUrl\":\"https:\/\/now-news.de\/de\/wp-content\/uploads\/sites\/3\/2025\/08\/Frankreichs-Palaestina-Anerkennung-veraergert-Israel-und-USA.jpg\",\"keywords\":[\"Frankreichs\",\"Israel\",\"Pal\u00e4stinaAnerkennung\",\"und\",\"USA\",\"ver\u00e4rgert\"],\"articleSection\":[\"Deutschland\",\"Russland\"],\"inLanguage\":\"de\",\"potentialAction\":[{\"@type\":\"CommentAction\",\"name\":\"Comment\",\"target\":[\"https:\/\/now-news.de\/de\/deutschland\/frankreichs-palaestina-anerkennung-veraergert-israel-und-usa\/#respond\"]}]},{\"@type\":\"WebPage\",\"@id\":\"https:\/\/now-news.de\/de\/deutschland\/frankreichs-palaestina-anerkennung-veraergert-israel-und-usa\/\",\"url\":\"https:\/\/now-news.de\/de\/deutschland\/frankreichs-palaestina-anerkennung-veraergert-israel-und-usa\/\",\"name\":\"Frankreichs Pal\u00e4stina-Anerkennung ver\u00e4rgert Israel und USA - just-now.NEWS Deutschland\",\"isPartOf\":{\"@id\":\"https:\/\/now-news.de\/de\/#website\"},\"primaryImageOfPage\":{\"@id\":\"https:\/\/now-news.de\/de\/deutschland\/frankreichs-palaestina-anerkennung-veraergert-israel-und-usa\/#primaryimage\"},\"image\":{\"@id\":\"https:\/\/now-news.de\/de\/deutschland\/frankreichs-palaestina-anerkennung-veraergert-israel-und-usa\/#primaryimage\"},\"thumbnailUrl\":\"https:\/\/now-news.de\/de\/wp-content\/uploads\/sites\/3\/2025\/08\/Frankreichs-Palaestina-Anerkennung-veraergert-Israel-und-USA.jpg\",\"datePublished\":\"2025-08-31T15:31:57+00:00\",\"dateModified\":\"2025-08-31T15:31:57+00:00\",\"breadcrumb\":{\"@id\":\"https:\/\/now-news.de\/de\/deutschland\/frankreichs-palaestina-anerkennung-veraergert-israel-und-usa\/#breadcrumb\"},\"inLanguage\":\"de\",\"potentialAction\":[{\"@type\":\"ReadAction\",\"target\":[\"https:\/\/now-news.de\/de\/deutschland\/frankreichs-palaestina-anerkennung-veraergert-israel-und-usa\/\"]}]},{\"@type\":\"ImageObject\",\"inLanguage\":\"de\",\"@id\":\"https:\/\/now-news.de\/de\/deutschland\/frankreichs-palaestina-anerkennung-veraergert-israel-und-usa\/#primaryimage\",\"url\":\"https:\/\/now-news.de\/de\/wp-content\/uploads\/sites\/3\/2025\/08\/Frankreichs-Palaestina-Anerkennung-veraergert-Israel-und-USA.jpg\",\"contentUrl\":\"https:\/\/now-news.de\/de\/wp-content\/uploads\/sites\/3\/2025\/08\/Frankreichs-Palaestina-Anerkennung-veraergert-Israel-und-USA.jpg\",\"width\":460,\"height\":259,\"caption\":\"Frankreichs Pal\u00e4stina-Anerkennung ver\u00e4rgert Israel und USA\"},{\"@type\":\"BreadcrumbList\",\"@id\":\"https:\/\/now-news.de\/de\/deutschland\/frankreichs-palaestina-anerkennung-veraergert-israel-und-usa\/#breadcrumb\",\"itemListElement\":[{\"@type\":\"ListItem\",\"position\":1,\"name\":\"Home\",\"item\":\"https:\/\/now-news.de\/de\/\"},{\"@type\":\"ListItem\",\"position\":2,\"name\":\"Frankreichs Pal\u00e4stina-Anerkennung ver\u00e4rgert Israel und USA\"}]},{\"@type\":\"WebSite\",\"@id\":\"https:\/\/now-news.de\/de\/#website\",\"url\":\"https:\/\/now-news.de\/de\/\",\"name\":\"just-now.NEWS Deutschland\",\"description\":\"Das Portal f\u00fcr unzensierte Nachrichten aus der Welt\",\"publisher\":{\"@id\":\"https:\/\/now-news.de\/de\/#organization\"},\"potentialAction\":[{\"@type\":\"SearchAction\",\"target\":{\"@type\":\"EntryPoint\",\"urlTemplate\":\"https:\/\/now-news.de\/de\/?s={search_term_string}\"},\"query-input\":\"required name=search_term_string\"}],\"inLanguage\":\"de\"},{\"@type\":\"Organization\",\"@id\":\"https:\/\/now-news.de\/de\/#organization\",\"name\":\"Just Now News\",\"url\":\"https:\/\/now-news.de\/de\/\",\"logo\":{\"@type\":\"ImageObject\",\"inLanguage\":\"de\",\"@id\":\"https:\/\/now-news.de\/de\/#\/schema\/logo\/image\/\",\"url\":\"http:\/\/just-now.news\/de\/wp-content\/uploads\/sites\/3\/2022\/04\/logo500x500.jpg\",\"contentUrl\":\"http:\/\/just-now.news\/de\/wp-content\/uploads\/sites\/3\/2022\/04\/logo500x500.jpg\",\"width\":500,\"height\":500,\"caption\":\"Just Now News\"},\"image\":{\"@id\":\"https:\/\/now-news.de\/de\/#\/schema\/logo\/image\/\"},\"sameAs\":[\"https:\/\/www.facebook.com\/wirmachenauf\",\"https:\/\/x.com\/WirMachenAuf_de\"]},{\"@type\":\"Person\",\"@id\":\"https:\/\/now-news.de\/de\/#\/schema\/person\/fb534a4e865501d8b3285208df34a9b5\",\"name\":\"rtnews\",\"image\":{\"@type\":\"ImageObject\",\"inLanguage\":\"de\",\"@id\":\"https:\/\/now-news.de\/de\/#\/schema\/person\/image\/\",\"url\":\"https:\/\/secure.gravatar.com\/avatar\/82aafea7d8127119dd649515f56e2117?s=96&d=mm&r=g\",\"contentUrl\":\"https:\/\/secure.gravatar.com\/avatar\/82aafea7d8127119dd649515f56e2117?s=96&d=mm&r=g\",\"caption\":\"rtnews\"},\"url\":\"https:\/\/now-news.de\/de\/author\/rnews\/\"}]}<\/script>\n<!-- \/ Yoast SEO Premium plugin. -->","yoast_head_json":{"title":"Frankreichs Pal\u00e4stina-Anerkennung ver\u00e4rgert Israel und USA - just-now.NEWS Deutschland","robots":{"index":"index","follow":"follow","max-snippet":"max-snippet:-1","max-image-preview":"max-image-preview:large","max-video-preview":"max-video-preview:-1"},"canonical":"https:\/\/now-news.de\/de\/deutschland\/frankreichs-palaestina-anerkennung-veraergert-israel-und-usa\/","og_locale":"de_DE","og_type":"article","og_title":"Frankreichs Pal\u00e4stina-Anerkennung ver\u00e4rgert Israel und USA","og_description":"Der US-Botschafter in Frankreich hat Macrons Schritt, Pal\u00e4stina als Staat anzuerkennen, bereits kritisiert. Netanjahu lehnt die Anerkennung eines pal\u00e4stinensischen Staates ab und weitet die Milit\u00e4roffensive in Gaza aus. Die Entscheidung des franz\u00f6sischen Pr\u00e4sidenten Emmanuel Macron, einen pal\u00e4stinensischen Staat anzuerkennen, was \u00e4hnliche Schritte anderer westlicher Nationen nach sich zog, ver\u00e4rgerte Israel und dessen Verb\u00fcndeten, die USA, [&hellip;]","og_url":"https:\/\/now-news.de\/de\/deutschland\/frankreichs-palaestina-anerkennung-veraergert-israel-und-usa\/","og_site_name":"just-now.NEWS Deutschland","article_publisher":"https:\/\/www.facebook.com\/wirmachenauf","article_published_time":"2025-08-31T15:31:57+00:00","og_image":[{"url":"https:\/\/now-news.de\/de\/wp-content\/uploads\/sites\/3\/2025\/08\/68b43b5ab480cc23222e440e.jpg"}],"author":"rtnews","twitter_card":"summary_large_image","twitter_creator":"@WirMachenAuf_de","twitter_site":"@WirMachenAuf_de","twitter_misc":{"Verfasst von":"rtnews","Gesch\u00e4tzte Lesezeit":"2\u00a0Minuten"},"schema":{"@context":"https:\/\/schema.org","@graph":[{"@type":"Article","@id":"https:\/\/now-news.de\/de\/deutschland\/frankreichs-palaestina-anerkennung-veraergert-israel-und-usa\/#article","isPartOf":{"@id":"https:\/\/now-news.de\/de\/deutschland\/frankreichs-palaestina-anerkennung-veraergert-israel-und-usa\/"},"author":{"name":"rtnews","@id":"https:\/\/now-news.de\/de\/#\/schema\/person\/fb534a4e865501d8b3285208df34a9b5"},"headline":"Frankreichs Pal\u00e4stina-Anerkennung ver\u00e4rgert Israel und USA","datePublished":"2025-08-31T15:31:57+00:00","dateModified":"2025-08-31T15:31:57+00:00","mainEntityOfPage":{"@id":"https:\/\/now-news.de\/de\/deutschland\/frankreichs-palaestina-anerkennung-veraergert-israel-und-usa\/"},"wordCount":473,"commentCount":0,"publisher":{"@id":"https:\/\/now-news.de\/de\/#organization"},"image":{"@id":"https:\/\/now-news.de\/de\/deutschland\/frankreichs-palaestina-anerkennung-veraergert-israel-und-usa\/#primaryimage"},"thumbnailUrl":"https:\/\/now-news.de\/de\/wp-content\/uploads\/sites\/3\/2025\/08\/Frankreichs-Palaestina-Anerkennung-veraergert-Israel-und-USA.jpg","keywords":["Frankreichs","Israel","Pal\u00e4stinaAnerkennung","und","USA","ver\u00e4rgert"],"articleSection":["Deutschland","Russland"],"inLanguage":"de","potentialAction":[{"@type":"CommentAction","name":"Comment","target":["https:\/\/now-news.de\/de\/deutschland\/frankreichs-palaestina-anerkennung-veraergert-israel-und-usa\/#respond"]}]},{"@type":"WebPage","@id":"https:\/\/now-news.de\/de\/deutschland\/frankreichs-palaestina-anerkennung-veraergert-israel-und-usa\/","url":"https:\/\/now-news.de\/de\/deutschland\/frankreichs-palaestina-anerkennung-veraergert-israel-und-usa\/","name":"Frankreichs Pal\u00e4stina-Anerkennung ver\u00e4rgert Israel und USA - just-now.NEWS Deutschland","isPartOf":{"@id":"https:\/\/now-news.de\/de\/#website"},"primaryImageOfPage":{"@id":"https:\/\/now-news.de\/de\/deutschland\/frankreichs-palaestina-anerkennung-veraergert-israel-und-usa\/#primaryimage"},"image":{"@id":"https:\/\/now-news.de\/de\/deutschland\/frankreichs-palaestina-anerkennung-veraergert-israel-und-usa\/#primaryimage"},"thumbnailUrl":"https:\/\/now-news.de\/de\/wp-content\/uploads\/sites\/3\/2025\/08\/Frankreichs-Palaestina-Anerkennung-veraergert-Israel-und-USA.jpg","datePublished":"2025-08-31T15:31:57+00:00","dateModified":"2025-08-31T15:31:57+00:00","breadcrumb":{"@id":"https:\/\/now-news.de\/de\/deutschland\/frankreichs-palaestina-anerkennung-veraergert-israel-und-usa\/#breadcrumb"},"inLanguage":"de","potentialAction":[{"@type":"ReadAction","target":["https:\/\/now-news.de\/de\/deutschland\/frankreichs-palaestina-anerkennung-veraergert-israel-und-usa\/"]}]},{"@type":"ImageObject","inLanguage":"de","@id":"https:\/\/now-news.de\/de\/deutschland\/frankreichs-palaestina-anerkennung-veraergert-israel-und-usa\/#primaryimage","url":"https:\/\/now-news.de\/de\/wp-content\/uploads\/sites\/3\/2025\/08\/Frankreichs-Palaestina-Anerkennung-veraergert-Israel-und-USA.jpg","contentUrl":"https:\/\/now-news.de\/de\/wp-content\/uploads\/sites\/3\/2025\/08\/Frankreichs-Palaestina-Anerkennung-veraergert-Israel-und-USA.jpg","width":460,"height":259,"caption":"Frankreichs Pal\u00e4stina-Anerkennung ver\u00e4rgert Israel und USA"},{"@type":"BreadcrumbList","@id":"https:\/\/now-news.de\/de\/deutschland\/frankreichs-palaestina-anerkennung-veraergert-israel-und-usa\/#breadcrumb","itemListElement":[{"@type":"ListItem","position":1,"name":"Home","item":"https:\/\/now-news.de\/de\/"},{"@type":"ListItem","position":2,"name":"Frankreichs Pal\u00e4stina-Anerkennung ver\u00e4rgert Israel und USA"}]},{"@type":"WebSite","@id":"https:\/\/now-news.de\/de\/#website","url":"https:\/\/now-news.de\/de\/","name":"just-now.NEWS Deutschland","description":"Das Portal f\u00fcr unzensierte Nachrichten aus der Welt","publisher":{"@id":"https:\/\/now-news.de\/de\/#organization"},"potentialAction":[{"@type":"SearchAction","target":{"@type":"EntryPoint","urlTemplate":"https:\/\/now-news.de\/de\/?s={search_term_string}"},"query-input":"required name=search_term_string"}],"inLanguage":"de"},{"@type":"Organization","@id":"https:\/\/now-news.de\/de\/#organization","name":"Just Now News","url":"https:\/\/now-news.de\/de\/","logo":{"@type":"ImageObject","inLanguage":"de","@id":"https:\/\/now-news.de\/de\/#\/schema\/logo\/image\/","url":"http:\/\/just-now.news\/de\/wp-content\/uploads\/sites\/3\/2022\/04\/logo500x500.jpg","contentUrl":"http:\/\/just-now.news\/de\/wp-content\/uploads\/sites\/3\/2022\/04\/logo500x500.jpg","width":500,"height":500,"caption":"Just Now News"},"image":{"@id":"https:\/\/now-news.de\/de\/#\/schema\/logo\/image\/"},"sameAs":["https:\/\/www.facebook.com\/wirmachenauf","https:\/\/x.com\/WirMachenAuf_de"]},{"@type":"Person","@id":"https:\/\/now-news.de\/de\/#\/schema\/person\/fb534a4e865501d8b3285208df34a9b5","name":"rtnews","image":{"@type":"ImageObject","inLanguage":"de","@id":"https:\/\/now-news.de\/de\/#\/schema\/person\/image\/","url":"https:\/\/secure.gravatar.com\/avatar\/82aafea7d8127119dd649515f56e2117?s=96&d=mm&r=g","contentUrl":"https:\/\/secure.gravatar.com\/avatar\/82aafea7d8127119dd649515f56e2117?s=96&d=mm&r=g","caption":"rtnews"},"url":"https:\/\/now-news.de\/de\/author\/rnews\/"}]}},"_links":{"self":[{"href":"https:\/\/now-news.de\/de\/wp-json\/wp\/v2\/posts\/89744"}],"collection":[{"href":"https:\/\/now-news.de\/de\/wp-json\/wp\/v2\/posts"}],"about":[{"href":"https:\/\/now-news.de\/de\/wp-json\/wp\/v2\/types\/post"}],"author":[{"embeddable":true,"href":"https:\/\/now-news.de\/de\/wp-json\/wp\/v2\/users\/3"}],"replies":[{"embeddable":true,"href":"https:\/\/now-news.de\/de\/wp-json\/wp\/v2\/comments?post=89744"}],"version-history":[{"count":0,"href":"https:\/\/now-news.de\/de\/wp-json\/wp\/v2\/posts\/89744\/revisions"}],"wp:featuredmedia":[{"embeddable":true,"href":"https:\/\/now-news.de\/de\/wp-json\/wp\/v2\/media\/89745"}],"wp:attachment":[{"href":"https:\/\/now-news.de\/de\/wp-json\/wp\/v2\/media?parent=89744"}],"wp:term":[{"taxonomy":"category","embeddable":true,"href":"https:\/\/now-news.de\/de\/wp-json\/wp\/v2\/categories?post=89744"},{"taxonomy":"post_tag","embeddable":true,"href":"https:\/\/now-news.de\/de\/wp-json\/wp\/v2\/tags?post=89744"}],"curies":[{"name":"wp","href":"https:\/\/api.w.org\/{rel}","templated":true}]}}