{"id":89718,"date":"2025-08-31T06:15:00","date_gmt":"2025-08-31T04:15:00","guid":{"rendered":"https:\/\/now-news.de\/de\/deutschland\/der-irrtum-des-fjodor-lukjanow\/"},"modified":"2025-08-31T06:15:00","modified_gmt":"2025-08-31T04:15:00","slug":"der-irrtum-des-fjodor-lukjanow","status":"publish","type":"post","link":"https:\/\/now-news.de\/de\/deutschland\/der-irrtum-des-fjodor-lukjanow\/","title":{"rendered":"Der Irrtum des Fjodor Lukjanow"},"content":{"rendered":"<p><img decoding=\"async\" src=\"https:\/\/now-news.de\/de\/wp-content\/uploads\/sites\/3\/2025\/08\/68b2d8b5b480cc4602701b13.jpg\" \/><\/p>\n<div class=\"Text-root Text-type_1 \">\n                K\u00fcrzlich wurde die offizielle Fassung des Handelsabkommens zwischen den USA und der EU ver\u00f6ffentlicht. Auch wenn vielfach Kritik daran ge\u00e4u\u00dfert wurde, dass die Br\u00fcsseler Verhandlungsf\u00fchrer es vers\u00e4umt haben, &#8220;europ\u00e4ische Interessen&#8221; zu verteidigen, liegt das Problem eher darin, dass es keine europ\u00e4ischen Interessen gibt.\n            <\/div>\n<p><\/p>\n<div class=\"Text-root Text-type_5 ArticleView-text ViewText-root \">\n<p><em>Von Pierre L\u00e9vy<\/em><\/p>\n<p>Vor Kurzem\u00a0\u2013 am 21.\u00a0August\u00a0\u2013 wurde die schriftliche und offizielle Fassung des am 31.\u00a0Juli zwischen US-Pr\u00e4sident Donald Trump und der Pr\u00e4sidentin der Europ\u00e4ischen Kommission Ursula von der Leyen ausgehandelten umfassenden Handelsabkommens ver\u00f6ffentlicht. &#8220;Abkommen&#8221; ist hier eigentlich der falsche Begriff: Selbst die \u00fcblichen Bef\u00fcrworter der EU beklagten, dass es sich bei dem Text in Wirklichkeit um ein Diktat Washingtons handele, ohne dass die EU irgendwelche Gegenleistungen erhalte.<\/p>\n<p>Der Inhalt? Die meisten Waren, die die Mitgliedstaaten in die USA exportieren, werden mit einem Zollsatz von 15\u00a0Prozent belegt. Man erinnere sich, dass Br\u00fcssel noch zu Beginn des Sommers darauf bestanden hatte, einen niedrigen Zollsatz durchsetzen zu k\u00f6nnen, der auf jeden Fall unter den vom Vereinigten K\u00f6nigreich ausgehandelten zehn Prozent liegen sollte. Gest\u00e4rkt durch ihre &#8220;450\u00a0Millionen Verbraucher&#8221;, wiederholten die 27 Mitgliedstaaten, dass sie &#8220;gemeinsam st\u00e4rker&#8221; seien, und versprachen, zu beweisen, dass der Brexit eine schlechte Entscheidung gewesen sei und sich zum Nachteil entwickelt habe\u00a0&#8230;<\/p>\n<p>Unter den zahlreichen betroffenen Branchen berichtete die franz\u00f6sische Presse \u00fcber die Best\u00fcrzung der Wein- und Spirituosenhersteller. Diese hatten gehofft, dass die Kommission bei Uncle Sam eine milde Ausnahmeregelung erreichen w\u00fcrde; doch daraus wurde nat\u00fcrlich nichts. In Deutschland fand diese Information hingegen keine besondere Beachtung. Und das aus gutem Grund: Vor allem Bordeaux, Champagner und Cognac werden die Folgen zu sp\u00fcren bekommen.<\/p>\n<p>Dieses Beispiel ist zwar punktuell, aber keineswegs anekdotisch. Es verdeutlicht perfekt, dass innerhalb der 27 Mitgliedstaaten v\u00f6llig unterschiedliche, manchmal sogar gegens\u00e4tzliche Interessen bestehen. Dies zeigt sich auch, in gr\u00f6\u00dferem Ma\u00dfstab, bei den Meinungsverschiedenheiten \u00fcber das Freihandelsabkommen zwischen der EU und dem Mercosur (f\u00fcnf s\u00fcdamerikanische L\u00e4nder). Einige Hauptst\u00e4dte, darunter Berlin, haben sich daf\u00fcr vehement eingesetzt. Andere, wie Paris, f\u00fcrchten nun die Auswirkungen. Vereinfacht gesagt: Deutsche Autos k\u00f6nnen sich Marktanteile in Brasilien oder Argentinien sichern, im Gegenzug werden diese L\u00e4nder den franz\u00f6sischen Landwirten (Fleisch, Getreide,\u00a0&#8230;) harte Konkurrenz machen.<\/p>\n<p>Zwei Gr\u00fcnde werden angef\u00fchrt, um die Kapitulation von der Leyens und ihres Teams vor Trump zu erkl\u00e4ren. Der erste wird von der Europ\u00e4ischen Kommission selbst vertreten: Ein Abkommen mit 15\u00a0Prozent begrenze den Schaden im Vergleich zu einer Situation, in der das Wei\u00dfe Haus ohne Kompromisse einseitig Z\u00f6lle in H\u00f6he von 30\u00a0Prozent eingef\u00fchrt h\u00e4tte. Ein zweiter Grund wird unter den US-h\u00f6rigsten L\u00e4ndern hinter vorgehaltener Hand genannt: Es sei wirklich nicht der richtige Zeitpunkt gewesen, &#8220;Daddy&#8221; Trump zu ver\u00e4rgern (so der Generalsekret\u00e4r der NATO, der ehemalige niederl\u00e4ndische Ministerpr\u00e4sident Mark Rutte), w\u00e4hrend Br\u00fcssel mehr denn je bef\u00fcrchtet, dass er die Ukraine fallen lassen k\u00f6nnte.<\/p>\n<p>Das Wesentliche liegt jedoch woanders: Die Br\u00fcsseler Verhandlungsf\u00fchrer\u00a0\u2013 die Kommission hat das Monopol f\u00fcr Handelsverhandlungen, von denen die Mitgliedstaaten ausgeschlossen sind\u00a0\u2013 haben es einfach vers\u00e4umt, die &#8220;europ\u00e4ischen Interessen&#8221; zu verteidigen\u00a0&#8230; Ganz einfach, weil es keine europ\u00e4ischen Interessen gibt. Es gibt deutsche Interessen, franz\u00f6sische Interessen, italienische Interessen, polnische Interessen. Aber das Konzept der &#8220;europ\u00e4ischen Interessen&#8221; ist bedeutungslos.<\/p>\n<p>Das gilt f\u00fcr den Handel, wie bereits erw\u00e4hnt. Das gilt f\u00fcr die Wirtschaft: Was haben beispielsweise Irland, das sein Modell auf Steuergeschenken an multinationale Technologiekonzerne (Google, Amazon, Microsoft, Apple,\u00a0&#8230;) aufgebaut hat, und die Slowakei gemeinsam, die von der Zulieferindustrie f\u00fcr die Automobilindustrie lebt?<\/p>\n<p>Das gilt auch f\u00fcr die Au\u00dfenpolitik und die Verteidigung. Als einziger Mitgliedstaat mit nuklearer Abschreckung hat Frankreich zwangsl\u00e4ufig einen anderen Ansatz als seine Nachbarn. Und was haben die Entscheidungen Polens\u00a0\u2013 bestimmt von einer krankhaften Russophobie, die seine Milit\u00e4rausgaben in die H\u00f6he treibt \u2013 mit Slowenien gemeinsam, das sich nicht vor einer &#8220;bevorstehenden Aggression&#8221; f\u00fcrchtet und dessen Armee eher unbedeutend ist?<\/p>\n<p>Das Gleiche gilt f\u00fcr die Energiepolitik (der strukturelle &#8220;Energiemix&#8221; unterscheidet sich von Land zu Land erheblich) oder die Migrationspolitik (die historische Kultur und Demografie variieren stark) und viele andere Bereiche. Angesichts dieser divergierenden, ja sogar widerspr\u00fcchlichen Interessen glauben die proeurop\u00e4ischen Ideologen, ein letztes Argument ins Feld f\u00fchren zu k\u00f6nnen: Die &#8220;europ\u00e4ische Familie&#8221; sei durch ihre &#8220;Werte&#8221; vereint. Die implizite Botschaft lautet: Die anderen sind weniger zivilisiert als wir\u00a0&#8230;<\/p>\n<p>Die Unm\u00f6glichkeit, &#8220;europ\u00e4ische Interessen&#8221; zu definieren, ist ein grundlegender Punkt. Er verdient eine Debatte, wie beispielsweise eine <a rel=\"nofollow noopener\" target=\"_blank\" href=\"https:\/\/freeassange.rtde.live\/international\/253970-theater-und-neurose-usa-erniedrigen\/\">aktuelle Analyse<\/a> des renommierten russischen Geopolitologen Fjodor Lukjanow zeigt. Dieser verspottet\u00a0\u2013 zu Recht\u00a0\u2013 die F\u00e4higkeit der europ\u00e4ischen Staats- und Regierungschefs, gegen\u00fcber dem US-Pr\u00e4sidenten nachzugeben und sich zu dem\u00fctigen; er postuliert jedoch die Existenz &#8220;europ\u00e4ischer Interessen&#8221;, die, wie er anmerkt, von den betreffenden europ\u00e4ischen F\u00fchrern nur schlecht identifiziert und verteidigt w\u00fcrden.<\/p>\n<p>Dieser Ansatz beruht implizit auf einer scheinbaren &#8220;Evidenz&#8221;, die jedoch falsch ist: Die nat\u00fcrliche Entwicklung der Welt f\u00fchre zwangsl\u00e4ufig zur Bildung gro\u00dfer Bl\u00f6cke, in denen sich mittelgro\u00dfe oder kleine Staaten zusammenschlie\u00dfen, deren geografische Nachbarschaft zu Interessenkonvergenzen f\u00fchrten.<\/p>\n<p>Nichts belegt die Stichhaltigkeit einer solchen These. Im Gegenteil, die Geschichte der europ\u00e4ischen Integration hat ihre Wurzeln in Wirklichkeit ganz woanders: im Willen der westlichen F\u00fchrungskasten, die V\u00f6lker von den gro\u00dfen politischen Entscheidungen fernzuhalten. Die rechtlich-politische Maschinerie der EU wurde daher mit einem Ziel aufgebaut: dass Entscheidungen auf Ebenen getroffen werden, auf denen die Demokratie\u00a0\u2013 die ihrem Wesen nach nur national sein kann\u00a0\u2013 keinen Einfluss hat. Kurz gesagt, auf dem Raub der Volkssouver\u00e4nit\u00e4t.<\/p>\n<p>Nat\u00fcrlich und gl\u00fccklicherweise kann es \u00f6fter vorkommen, dass L\u00e4nder gemeinsame Interessen haben. Eine enge Zusammenarbeit ist dann willkommen. Aber daf\u00fcr muss man nicht gleich einen Superstaat mit den dazugeh\u00f6rigen Institutionen gr\u00fcnden. Denn diese Kooperationen m\u00fcssen variabel und flexibel sein und nicht unbedingt auf geografischer Nachbarschaft beruhen.<\/p>\n<p>Diese Ann\u00e4herungen k\u00f6nnen objektive Interessen widerspiegeln, aber auch kulturelle N\u00e4he. Frankreich hat beispielsweise weit weniger mit Estland gemeinsam, das zwar Mitglied der EU ist, f\u00fcr die meisten Franzosen aber fast so exotisch ist wie Papua-Neuguinea, als mit Algerien (das nicht zur EU geh\u00f6rt), zu dem es erhebliche menschliche, historische und sprachliche Verbindungen unterh\u00e4lt.<\/p>\n<p>Anstelle der Bildung gro\u00dfer Bl\u00f6cke, die die nationale Souver\u00e4nit\u00e4t einschr\u00e4nken oder sogar ausl\u00f6schen, liegt die Zukunft\u00a0\u2013 oder sollte sie zumindest liegen\u00a0\u2013 in der Vervielfachung flexibler und umfassender Kooperationen. Und das nicht nur im Interesse von Bordeaux, Cognac und Champagner\u00a0&#8230;<\/p>\n<p><strong>Mehr zum Thema &#8211;<\/strong>\u00a0<a rel=\"nofollow noopener\" target=\"_blank\" href=\"https:\/\/freedert.online\/international\/253970-theater-und-neurose-usa-erniedrigen\/\">Theater und Neurose: USA erniedrigen Europa vor aller Augen <\/a><\/p>\n<\/p>\n<\/div>\n<p><br \/>\n<br \/><a href=\"https:\/\/de.rt.com\/europa\/254358-der-irrtum-des-fjodor-lukjanow\/\">Source link <\/a><\/p>\n","protected":false},"excerpt":{"rendered":"<p>K\u00fcrzlich wurde die offizielle Fassung des Handelsabkommens zwischen den USA und der EU ver\u00f6ffentlicht. Auch wenn vielfach Kritik daran ge\u00e4u\u00dfert wurde, dass die Br\u00fcsseler Verhandlungsf\u00fchrer es vers\u00e4umt haben, &#8220;europ\u00e4ische Interessen&#8221; zu verteidigen, liegt das Problem eher darin, dass es keine europ\u00e4ischen Interessen gibt. Von Pierre L\u00e9vy Vor Kurzem\u00a0\u2013 am 21.\u00a0August\u00a0\u2013 wurde die schriftliche und offizielle [&hellip;]<\/p>\n","protected":false},"author":3,"featured_media":89719,"comment_status":"open","ping_status":"open","sticky":false,"template":"","format":"standard","meta":{"_yoast_indexnow_last_ping":["1756614313"],"wp_automatic_camp":["217"],"2534f6396969fa26e4a2b80ab26314eb":["Der Irrtum des Fjodor Lukjanow"],"original_link":["https:\/\/de.rt.com\/europa\/254358-der-irrtum-des-fjodor-lukjanow\/"],"_thumbnail_id":["89719"],"jnews_social_counter_last_update":["1777322304"],"_wptgpro_p2tg_sent2tg":["a:1:{i:23737;s:19:\"2025-08-31 06:26:14\";}"]},"categories":[19,23],"tags":[82,583,55450,38240,55451],"yoast_head":"<!-- This site is optimized with the Yoast SEO Premium plugin v22.7 (Yoast SEO v22.7) - https:\/\/yoast.com\/wordpress\/plugins\/seo\/ -->\n<title>Der Irrtum des Fjodor Lukjanow - just-now.NEWS Deutschland<\/title>\n<meta name=\"robots\" content=\"index, follow, max-snippet:-1, max-image-preview:large, max-video-preview:-1\" \/>\n<link rel=\"canonical\" href=\"https:\/\/now-news.de\/de\/deutschland\/der-irrtum-des-fjodor-lukjanow\/\" \/>\n<meta property=\"og:locale\" content=\"de_DE\" \/>\n<meta property=\"og:type\" content=\"article\" \/>\n<meta property=\"og:title\" content=\"Der Irrtum des Fjodor Lukjanow\" \/>\n<meta property=\"og:description\" content=\"K\u00fcrzlich wurde die offizielle Fassung des Handelsabkommens zwischen den USA und der EU ver\u00f6ffentlicht. Auch wenn vielfach Kritik daran ge\u00e4u\u00dfert wurde, dass die Br\u00fcsseler Verhandlungsf\u00fchrer es vers\u00e4umt haben, &#8220;europ\u00e4ische Interessen&#8221; zu verteidigen, liegt das Problem eher darin, dass es keine europ\u00e4ischen Interessen gibt. Von Pierre L\u00e9vy Vor Kurzem\u00a0\u2013 am 21.\u00a0August\u00a0\u2013 wurde die schriftliche und offizielle [&hellip;]\" \/>\n<meta property=\"og:url\" content=\"https:\/\/now-news.de\/de\/deutschland\/der-irrtum-des-fjodor-lukjanow\/\" \/>\n<meta property=\"og:site_name\" content=\"just-now.NEWS Deutschland\" \/>\n<meta property=\"article:publisher\" content=\"https:\/\/www.facebook.com\/wirmachenauf\" \/>\n<meta property=\"article:published_time\" content=\"2025-08-31T04:15:00+00:00\" \/>\n<meta property=\"og:image\" content=\"https:\/\/now-news.de\/de\/wp-content\/uploads\/sites\/3\/2025\/08\/68b2d8b5b480cc4602701b13.jpg\" \/>\n<meta name=\"author\" content=\"rtnews\" \/>\n<meta name=\"twitter:card\" content=\"summary_large_image\" \/>\n<meta name=\"twitter:creator\" content=\"@WirMachenAuf_de\" \/>\n<meta name=\"twitter:site\" content=\"@WirMachenAuf_de\" \/>\n<meta name=\"twitter:label1\" content=\"Verfasst von\" \/>\n\t<meta name=\"twitter:data1\" content=\"rtnews\" \/>\n\t<meta name=\"twitter:label2\" content=\"Gesch\u00e4tzte Lesezeit\" \/>\n\t<meta name=\"twitter:data2\" content=\"6\u00a0Minuten\" \/>\n<script type=\"application\/ld+json\" class=\"yoast-schema-graph\">{\"@context\":\"https:\/\/schema.org\",\"@graph\":[{\"@type\":\"Article\",\"@id\":\"https:\/\/now-news.de\/de\/deutschland\/der-irrtum-des-fjodor-lukjanow\/#article\",\"isPartOf\":{\"@id\":\"https:\/\/now-news.de\/de\/deutschland\/der-irrtum-des-fjodor-lukjanow\/\"},\"author\":{\"name\":\"rtnews\",\"@id\":\"https:\/\/now-news.de\/de\/#\/schema\/person\/fb534a4e865501d8b3285208df34a9b5\"},\"headline\":\"Der Irrtum des Fjodor Lukjanow\",\"datePublished\":\"2025-08-31T04:15:00+00:00\",\"dateModified\":\"2025-08-31T04:15:00+00:00\",\"mainEntityOfPage\":{\"@id\":\"https:\/\/now-news.de\/de\/deutschland\/der-irrtum-des-fjodor-lukjanow\/\"},\"wordCount\":1128,\"commentCount\":0,\"publisher\":{\"@id\":\"https:\/\/now-news.de\/de\/#organization\"},\"image\":{\"@id\":\"https:\/\/now-news.de\/de\/deutschland\/der-irrtum-des-fjodor-lukjanow\/#primaryimage\"},\"thumbnailUrl\":\"https:\/\/now-news.de\/de\/wp-content\/uploads\/sites\/3\/2025\/08\/Der-Irrtum-des-Fjodor-Lukjanow.jpg\",\"keywords\":[\"der\",\"des\",\"Fjodor\",\"Irrtum\",\"Lukjanow\"],\"articleSection\":[\"Deutschland\",\"Russland\"],\"inLanguage\":\"de\",\"potentialAction\":[{\"@type\":\"CommentAction\",\"name\":\"Comment\",\"target\":[\"https:\/\/now-news.de\/de\/deutschland\/der-irrtum-des-fjodor-lukjanow\/#respond\"]}]},{\"@type\":\"WebPage\",\"@id\":\"https:\/\/now-news.de\/de\/deutschland\/der-irrtum-des-fjodor-lukjanow\/\",\"url\":\"https:\/\/now-news.de\/de\/deutschland\/der-irrtum-des-fjodor-lukjanow\/\",\"name\":\"Der Irrtum des Fjodor Lukjanow - just-now.NEWS Deutschland\",\"isPartOf\":{\"@id\":\"https:\/\/now-news.de\/de\/#website\"},\"primaryImageOfPage\":{\"@id\":\"https:\/\/now-news.de\/de\/deutschland\/der-irrtum-des-fjodor-lukjanow\/#primaryimage\"},\"image\":{\"@id\":\"https:\/\/now-news.de\/de\/deutschland\/der-irrtum-des-fjodor-lukjanow\/#primaryimage\"},\"thumbnailUrl\":\"https:\/\/now-news.de\/de\/wp-content\/uploads\/sites\/3\/2025\/08\/Der-Irrtum-des-Fjodor-Lukjanow.jpg\",\"datePublished\":\"2025-08-31T04:15:00+00:00\",\"dateModified\":\"2025-08-31T04:15:00+00:00\",\"breadcrumb\":{\"@id\":\"https:\/\/now-news.de\/de\/deutschland\/der-irrtum-des-fjodor-lukjanow\/#breadcrumb\"},\"inLanguage\":\"de\",\"potentialAction\":[{\"@type\":\"ReadAction\",\"target\":[\"https:\/\/now-news.de\/de\/deutschland\/der-irrtum-des-fjodor-lukjanow\/\"]}]},{\"@type\":\"ImageObject\",\"inLanguage\":\"de\",\"@id\":\"https:\/\/now-news.de\/de\/deutschland\/der-irrtum-des-fjodor-lukjanow\/#primaryimage\",\"url\":\"https:\/\/now-news.de\/de\/wp-content\/uploads\/sites\/3\/2025\/08\/Der-Irrtum-des-Fjodor-Lukjanow.jpg\",\"contentUrl\":\"https:\/\/now-news.de\/de\/wp-content\/uploads\/sites\/3\/2025\/08\/Der-Irrtum-des-Fjodor-Lukjanow.jpg\",\"width\":460,\"height\":259,\"caption\":\"Der Irrtum des Fjodor Lukjanow\"},{\"@type\":\"BreadcrumbList\",\"@id\":\"https:\/\/now-news.de\/de\/deutschland\/der-irrtum-des-fjodor-lukjanow\/#breadcrumb\",\"itemListElement\":[{\"@type\":\"ListItem\",\"position\":1,\"name\":\"Home\",\"item\":\"https:\/\/now-news.de\/de\/\"},{\"@type\":\"ListItem\",\"position\":2,\"name\":\"Der Irrtum des Fjodor Lukjanow\"}]},{\"@type\":\"WebSite\",\"@id\":\"https:\/\/now-news.de\/de\/#website\",\"url\":\"https:\/\/now-news.de\/de\/\",\"name\":\"just-now.NEWS Deutschland\",\"description\":\"Das Portal f\u00fcr unzensierte Nachrichten aus der Welt\",\"publisher\":{\"@id\":\"https:\/\/now-news.de\/de\/#organization\"},\"potentialAction\":[{\"@type\":\"SearchAction\",\"target\":{\"@type\":\"EntryPoint\",\"urlTemplate\":\"https:\/\/now-news.de\/de\/?s={search_term_string}\"},\"query-input\":\"required name=search_term_string\"}],\"inLanguage\":\"de\"},{\"@type\":\"Organization\",\"@id\":\"https:\/\/now-news.de\/de\/#organization\",\"name\":\"Just Now News\",\"url\":\"https:\/\/now-news.de\/de\/\",\"logo\":{\"@type\":\"ImageObject\",\"inLanguage\":\"de\",\"@id\":\"https:\/\/now-news.de\/de\/#\/schema\/logo\/image\/\",\"url\":\"http:\/\/just-now.news\/de\/wp-content\/uploads\/sites\/3\/2022\/04\/logo500x500.jpg\",\"contentUrl\":\"http:\/\/just-now.news\/de\/wp-content\/uploads\/sites\/3\/2022\/04\/logo500x500.jpg\",\"width\":500,\"height\":500,\"caption\":\"Just Now News\"},\"image\":{\"@id\":\"https:\/\/now-news.de\/de\/#\/schema\/logo\/image\/\"},\"sameAs\":[\"https:\/\/www.facebook.com\/wirmachenauf\",\"https:\/\/x.com\/WirMachenAuf_de\"]},{\"@type\":\"Person\",\"@id\":\"https:\/\/now-news.de\/de\/#\/schema\/person\/fb534a4e865501d8b3285208df34a9b5\",\"name\":\"rtnews\",\"image\":{\"@type\":\"ImageObject\",\"inLanguage\":\"de\",\"@id\":\"https:\/\/now-news.de\/de\/#\/schema\/person\/image\/\",\"url\":\"https:\/\/secure.gravatar.com\/avatar\/82aafea7d8127119dd649515f56e2117?s=96&d=mm&r=g\",\"contentUrl\":\"https:\/\/secure.gravatar.com\/avatar\/82aafea7d8127119dd649515f56e2117?s=96&d=mm&r=g\",\"caption\":\"rtnews\"},\"url\":\"https:\/\/now-news.de\/de\/author\/rnews\/\"}]}<\/script>\n<!-- \/ Yoast SEO Premium plugin. -->","yoast_head_json":{"title":"Der Irrtum des Fjodor Lukjanow - just-now.NEWS Deutschland","robots":{"index":"index","follow":"follow","max-snippet":"max-snippet:-1","max-image-preview":"max-image-preview:large","max-video-preview":"max-video-preview:-1"},"canonical":"https:\/\/now-news.de\/de\/deutschland\/der-irrtum-des-fjodor-lukjanow\/","og_locale":"de_DE","og_type":"article","og_title":"Der Irrtum des Fjodor Lukjanow","og_description":"K\u00fcrzlich wurde die offizielle Fassung des Handelsabkommens zwischen den USA und der EU ver\u00f6ffentlicht. Auch wenn vielfach Kritik daran ge\u00e4u\u00dfert wurde, dass die Br\u00fcsseler Verhandlungsf\u00fchrer es vers\u00e4umt haben, &#8220;europ\u00e4ische Interessen&#8221; zu verteidigen, liegt das Problem eher darin, dass es keine europ\u00e4ischen Interessen gibt. Von Pierre L\u00e9vy Vor Kurzem\u00a0\u2013 am 21.\u00a0August\u00a0\u2013 wurde die schriftliche und offizielle [&hellip;]","og_url":"https:\/\/now-news.de\/de\/deutschland\/der-irrtum-des-fjodor-lukjanow\/","og_site_name":"just-now.NEWS Deutschland","article_publisher":"https:\/\/www.facebook.com\/wirmachenauf","article_published_time":"2025-08-31T04:15:00+00:00","og_image":[{"url":"https:\/\/now-news.de\/de\/wp-content\/uploads\/sites\/3\/2025\/08\/68b2d8b5b480cc4602701b13.jpg"}],"author":"rtnews","twitter_card":"summary_large_image","twitter_creator":"@WirMachenAuf_de","twitter_site":"@WirMachenAuf_de","twitter_misc":{"Verfasst von":"rtnews","Gesch\u00e4tzte Lesezeit":"6\u00a0Minuten"},"schema":{"@context":"https:\/\/schema.org","@graph":[{"@type":"Article","@id":"https:\/\/now-news.de\/de\/deutschland\/der-irrtum-des-fjodor-lukjanow\/#article","isPartOf":{"@id":"https:\/\/now-news.de\/de\/deutschland\/der-irrtum-des-fjodor-lukjanow\/"},"author":{"name":"rtnews","@id":"https:\/\/now-news.de\/de\/#\/schema\/person\/fb534a4e865501d8b3285208df34a9b5"},"headline":"Der Irrtum des Fjodor Lukjanow","datePublished":"2025-08-31T04:15:00+00:00","dateModified":"2025-08-31T04:15:00+00:00","mainEntityOfPage":{"@id":"https:\/\/now-news.de\/de\/deutschland\/der-irrtum-des-fjodor-lukjanow\/"},"wordCount":1128,"commentCount":0,"publisher":{"@id":"https:\/\/now-news.de\/de\/#organization"},"image":{"@id":"https:\/\/now-news.de\/de\/deutschland\/der-irrtum-des-fjodor-lukjanow\/#primaryimage"},"thumbnailUrl":"https:\/\/now-news.de\/de\/wp-content\/uploads\/sites\/3\/2025\/08\/Der-Irrtum-des-Fjodor-Lukjanow.jpg","keywords":["der","des","Fjodor","Irrtum","Lukjanow"],"articleSection":["Deutschland","Russland"],"inLanguage":"de","potentialAction":[{"@type":"CommentAction","name":"Comment","target":["https:\/\/now-news.de\/de\/deutschland\/der-irrtum-des-fjodor-lukjanow\/#respond"]}]},{"@type":"WebPage","@id":"https:\/\/now-news.de\/de\/deutschland\/der-irrtum-des-fjodor-lukjanow\/","url":"https:\/\/now-news.de\/de\/deutschland\/der-irrtum-des-fjodor-lukjanow\/","name":"Der Irrtum des Fjodor Lukjanow - just-now.NEWS Deutschland","isPartOf":{"@id":"https:\/\/now-news.de\/de\/#website"},"primaryImageOfPage":{"@id":"https:\/\/now-news.de\/de\/deutschland\/der-irrtum-des-fjodor-lukjanow\/#primaryimage"},"image":{"@id":"https:\/\/now-news.de\/de\/deutschland\/der-irrtum-des-fjodor-lukjanow\/#primaryimage"},"thumbnailUrl":"https:\/\/now-news.de\/de\/wp-content\/uploads\/sites\/3\/2025\/08\/Der-Irrtum-des-Fjodor-Lukjanow.jpg","datePublished":"2025-08-31T04:15:00+00:00","dateModified":"2025-08-31T04:15:00+00:00","breadcrumb":{"@id":"https:\/\/now-news.de\/de\/deutschland\/der-irrtum-des-fjodor-lukjanow\/#breadcrumb"},"inLanguage":"de","potentialAction":[{"@type":"ReadAction","target":["https:\/\/now-news.de\/de\/deutschland\/der-irrtum-des-fjodor-lukjanow\/"]}]},{"@type":"ImageObject","inLanguage":"de","@id":"https:\/\/now-news.de\/de\/deutschland\/der-irrtum-des-fjodor-lukjanow\/#primaryimage","url":"https:\/\/now-news.de\/de\/wp-content\/uploads\/sites\/3\/2025\/08\/Der-Irrtum-des-Fjodor-Lukjanow.jpg","contentUrl":"https:\/\/now-news.de\/de\/wp-content\/uploads\/sites\/3\/2025\/08\/Der-Irrtum-des-Fjodor-Lukjanow.jpg","width":460,"height":259,"caption":"Der Irrtum des Fjodor Lukjanow"},{"@type":"BreadcrumbList","@id":"https:\/\/now-news.de\/de\/deutschland\/der-irrtum-des-fjodor-lukjanow\/#breadcrumb","itemListElement":[{"@type":"ListItem","position":1,"name":"Home","item":"https:\/\/now-news.de\/de\/"},{"@type":"ListItem","position":2,"name":"Der Irrtum des Fjodor Lukjanow"}]},{"@type":"WebSite","@id":"https:\/\/now-news.de\/de\/#website","url":"https:\/\/now-news.de\/de\/","name":"just-now.NEWS Deutschland","description":"Das Portal f\u00fcr unzensierte Nachrichten aus der Welt","publisher":{"@id":"https:\/\/now-news.de\/de\/#organization"},"potentialAction":[{"@type":"SearchAction","target":{"@type":"EntryPoint","urlTemplate":"https:\/\/now-news.de\/de\/?s={search_term_string}"},"query-input":"required name=search_term_string"}],"inLanguage":"de"},{"@type":"Organization","@id":"https:\/\/now-news.de\/de\/#organization","name":"Just Now News","url":"https:\/\/now-news.de\/de\/","logo":{"@type":"ImageObject","inLanguage":"de","@id":"https:\/\/now-news.de\/de\/#\/schema\/logo\/image\/","url":"http:\/\/just-now.news\/de\/wp-content\/uploads\/sites\/3\/2022\/04\/logo500x500.jpg","contentUrl":"http:\/\/just-now.news\/de\/wp-content\/uploads\/sites\/3\/2022\/04\/logo500x500.jpg","width":500,"height":500,"caption":"Just Now News"},"image":{"@id":"https:\/\/now-news.de\/de\/#\/schema\/logo\/image\/"},"sameAs":["https:\/\/www.facebook.com\/wirmachenauf","https:\/\/x.com\/WirMachenAuf_de"]},{"@type":"Person","@id":"https:\/\/now-news.de\/de\/#\/schema\/person\/fb534a4e865501d8b3285208df34a9b5","name":"rtnews","image":{"@type":"ImageObject","inLanguage":"de","@id":"https:\/\/now-news.de\/de\/#\/schema\/person\/image\/","url":"https:\/\/secure.gravatar.com\/avatar\/82aafea7d8127119dd649515f56e2117?s=96&d=mm&r=g","contentUrl":"https:\/\/secure.gravatar.com\/avatar\/82aafea7d8127119dd649515f56e2117?s=96&d=mm&r=g","caption":"rtnews"},"url":"https:\/\/now-news.de\/de\/author\/rnews\/"}]}},"_links":{"self":[{"href":"https:\/\/now-news.de\/de\/wp-json\/wp\/v2\/posts\/89718"}],"collection":[{"href":"https:\/\/now-news.de\/de\/wp-json\/wp\/v2\/posts"}],"about":[{"href":"https:\/\/now-news.de\/de\/wp-json\/wp\/v2\/types\/post"}],"author":[{"embeddable":true,"href":"https:\/\/now-news.de\/de\/wp-json\/wp\/v2\/users\/3"}],"replies":[{"embeddable":true,"href":"https:\/\/now-news.de\/de\/wp-json\/wp\/v2\/comments?post=89718"}],"version-history":[{"count":0,"href":"https:\/\/now-news.de\/de\/wp-json\/wp\/v2\/posts\/89718\/revisions"}],"wp:featuredmedia":[{"embeddable":true,"href":"https:\/\/now-news.de\/de\/wp-json\/wp\/v2\/media\/89719"}],"wp:attachment":[{"href":"https:\/\/now-news.de\/de\/wp-json\/wp\/v2\/media?parent=89718"}],"wp:term":[{"taxonomy":"category","embeddable":true,"href":"https:\/\/now-news.de\/de\/wp-json\/wp\/v2\/categories?post=89718"},{"taxonomy":"post_tag","embeddable":true,"href":"https:\/\/now-news.de\/de\/wp-json\/wp\/v2\/tags?post=89718"}],"curies":[{"name":"wp","href":"https:\/\/api.w.org\/{rel}","templated":true}]}}