{"id":89712,"date":"2025-08-30T21:00:01","date_gmt":"2025-08-30T19:00:01","guid":{"rendered":"https:\/\/now-news.de\/de\/deutschland\/nochmal-zurueck-nach-chemnitz-merkels-hetzjagd-und-die-urteile-dazu\/"},"modified":"2025-08-30T21:00:01","modified_gmt":"2025-08-30T19:00:01","slug":"nochmal-zurueck-nach-chemnitz-merkels-hetzjagd-und-die-urteile-dazu","status":"publish","type":"post","link":"https:\/\/now-news.de\/de\/deutschland\/nochmal-zurueck-nach-chemnitz-merkels-hetzjagd-und-die-urteile-dazu\/","title":{"rendered":"Nochmal zur\u00fcck nach Chemnitz \u2013 Merkels &quot;Hetzjagd&quot; und die Urteile dazu"},"content":{"rendered":"<p><img decoding=\"async\" src=\"https:\/\/now-news.de\/de\/wp-content\/uploads\/sites\/3\/2025\/08\/68b1baaf48fbef05681cf2bb.jpg\" \/><\/p>\n<div class=\"Text-root Text-type_1 \">\n                Sieben Jahre ist es her, dass es angeblich &#8220;Hetzjagden auf Ausl\u00e4nder&#8221; gab, in Chemnitz. Dies behauptete damals Angela Merkel. Nun ging gerade wieder ein Prozess zu Ende, in dem sich die Anklage in Luft aufl\u00f6ste. Chemnitz bleibt eine offene Frage.\n            <\/div>\n<p><\/p>\n<div class=\"Text-root Text-type_5 ArticleView-text ViewText-root \">\n<p><em>Von Dagmar Henn<\/em><\/p>\n<p>Vor wenigen Tagen erst j\u00e4hrte sich der Chemnitzer Mord, der damals die Republik ersch\u00fctterte, zum siebten Mal. Und fast punktgenau, am 27. August, sprach das Landgericht Chemnitz ein Urteil vier M\u00e4nner betreffend, die wegen der Demonstrationen eine Woche danach angeklagt worden waren. Vier Angeklagte, eine Verfahrenseinstellung, drei Freispr\u00fcche. Symptomatisch f\u00fcr die ganze Geschichte, in der sich alles b\u00fcndelt, was in Deutschland schief gegangen ist.<\/p>\n<p>Der Vorfall \u2012 f\u00fcr all jene, die sich nicht mehr erinnern: Am Rande des Stadtfestes von Chemnitz wurde in der Nacht auf Sonntag, den 26.\u00a0August 2018, der Deutsch-Kubaner Daniel Hillig auf offener Stra\u00dfe erstochen. Tatverd\u00e4chtig: ein Syrer und ein Iraker, beide als Fl\u00fcchtlinge nach Deutschland gekommen. Ein weiterer Mann wurde durch einen Stich in den R\u00fccken schwer verletzt.<\/p>\n<p>Das h\u00e4tte zwar auf jeden Fall einen Schock in der Stadt ausgel\u00f6st, aber der w\u00e4re vermutlich mit den Trauerbekundungen nach einigen Tagen wieder abgeklungen. Ohnehin war die Geschichte schon dadurch eigentlich nicht f\u00fcr eine Konfrontation geeignet, weil beide Opfer keine &#8220;Biodeutschen&#8221; waren (das zweite Opfer war, wenn ich mich recht entsinne, Deutschrusse) und Daniel Hillig auch noch in der linken Szene <a rel=\"nofollow noopener\" target=\"_blank\" href=\"https:\/\/jugendwiderstand.blogspot.com\/2018\/08\/antifaschistischer-arbeiter-in-chemnitz.html#more\">unterwegs<\/a> war. Nur: Die offizielle Reaktion f\u00fchrte dann zu einem ganz anderen Ablauf, und die Geschichte wurde so zurechtgestutzt, dass sie zu einer Konfrontation f\u00fchren musste.<\/p>\n<p>Daran waren vor allem zwei Personen beteiligt: die damalige Chemnitzer B\u00fcrgermeisterin Barbara Ludwig (SPD) und die damalige Bundeskanzlerin Angela Merkel. Barbara Ludwig legte gewisserma\u00dfen das Gleis, das die Richtung vorgab: Sie erkl\u00e4rte am Morgen nach der Tat, ohne auch nur den Angeh\u00f6rigen des Opfers ihr Beileid bekundet zu haben, der Fall d\u00fcrfe nicht von rechts instrumentalisiert werden.<\/p>\n<p>Ein bemerkenswerter Fehlgriff f\u00fcr eine erfahrene Politikerin, selbst wenn ihre jahrelange Auseinandersetzung mit Martin Kohlmann vielleicht ihre Wahrnehmung tr\u00fcbte. Denn es war Ludwig mit ihren \u00c4u\u00dferungen, die vorab bereits alle, die nach dem Vorfall demonstrieren wollten (was eigentlich nur eine Bekundung ihrer Trauer und ihres Erschreckens gewesen w\u00e4re), zu &#8220;Rechten&#8221; erkl\u00e4rte, statt den Weg f\u00fcr eine gemeinsame Haltung der Stadtgesellschaft zu bahnen. Die Art ihrer Reaktion bestritt nicht nur die Legitimit\u00e4t der Trauerdemonstration, sondern \u00fcberging auch die Tatsache, dass hier schlie\u00dflich ein reales Verbrechen stattgefunden hatte, dessen T\u00e4ter\u00a0\u2012 das stand sehr schnell fest \u2012 beide Asylbewerber waren. Ihre Reaktion erkl\u00e4rte es von Anfang an f\u00fcr unzul\u00e4ssig, diese Tatsache zu erw\u00e4hnen.<\/p>\n<p>Dennoch, die Geschichte w\u00e4re damit noch nicht pr\u00e4gend geworden. Es gab \u00fcbrigens in derselben Nacht einen weiteren Vorfall, in Frankfurt an der Oder, bei dem eine ganze Gruppe von Syrern mit Eisenstangen bewaffnet <a rel=\"nofollow noopener\" target=\"_blank\" href=\"https:\/\/www.morgenpost.de\/berlin\/polizeibericht\/article215211971\/Gruppe-junger-Syrer-greift-mit-Messern-und-Stangen-Club-an.html\">versuchte<\/a>, sich Zugang zu einer Diskothek zu verschaffen, in der sie abgewiesen worden waren\u00a0\u2012 ein Ereignis, das etwa das gleiche Eskalationspotenzial besa\u00df. Der Frankfurter B\u00fcrgermeister reagierte aber anders: Er bekundete seine Emp\u00f6rung \u00fcber den Vorfall, sagte aber zugleich, man d\u00fcrfe jene Asylbewerber, die sich nichts h\u00e4tten zuschulden kommen lassen, nicht daf\u00fcr verantwortlich machen. In der Folge kam es zu keinen weiteren politischen Auseinandersetzungen.<\/p>\n<p>Das w\u00e4re es vermutlich auch in Chemnitz immer noch nicht, da die Demonstration am Sonntag friedlich verlief, wenn nicht \u2012 ja, wenn am Montag nicht Angela Merkel pl\u00f6tzlich von &#8220;Ausl\u00e4nderjagden in Chemnitz&#8221; geredet h\u00e4tte. &#8220;Wir haben Videoaufnahmen dar\u00fcber, dass es Hetzjagden gab, dass es Zusammenrottungen gab, dass es Hass auf der Stra\u00dfe gab, und das hat mit unserem Rechtsstaat nichts zu tun.&#8221; Auf Grundlage eines kurzen <a rel=\"nofollow noopener\" target=\"_blank\" href=\"https:\/\/www.youtube.com\/shorts\/brvFPlIerx8\">Videos<\/a>, das als &#8220;Hase, bleib hier&#8221; bekannt wurde, das aber die vermeintlichen Ereignisse gar nicht zeigte, die auch von der \u00f6rtlichen Presse und sogar vom s\u00e4chsischen Ministerpr\u00e4sidenten bestritten wurden. Dennoch, bundesweit war daraufhin die Rede von den Hetzjagden in Chemnitz, und bis heute gibt es viele, die immer noch daran glauben (wie daran, dass in der K\u00f6lner Silvesternacht rein gar nichts geschehen ist).<\/p>\n<p>Merkels Erfindung der Hetzjagden von Chemnitz war nicht nur der Ausl\u00f6ser f\u00fcr die seitdem ritualisierten Demonstrationen gegen rechts, samt Kulturklimbim, sondern au\u00dferdem der Grund f\u00fcr die Entlassung ihres Verfassungsschutzpr\u00e4sidenten, Hans-Georg Maa\u00dfen, der sich weigerte, die Erfindung zu st\u00fctzen. Das Ergebnis waren dann am Wochenende nach dem Mord die l\u00e4ngst \u00fcblichen Doppeldemonstrationen. In dem Prozess vergangene Woche ging es um einen Vorwurf des Landfriedensbruchs in besonders schwerem Fall in Tateinheit mit gef\u00e4hrlicher K\u00f6rperverletzung.<\/p>\n<p>Wie oben bereits erw\u00e4hnt, endete das Verfahren mit Freispr\u00fcchen. Selbst der Strafantrag der Staatsanwaltschaft war zuletzt auf 50 beziehungsweise 100 Stunden Arbeitsleistung nach Jugendgerichtsgesetz eingedampft. Der Vorwurf, die vier jungen M\u00e4nner h\u00e4tten &#8220;aus einer Menschenmenge heraus Gewaltt\u00e4tigkeiten gegen Menschen oder Sachen und Bedrohungen von Menschen mit einer Gewaltt\u00e4tigkeit in einer die \u00f6ffentliche Sicherheit gef\u00e4hrdenden Weise mit vereinten Kr\u00e4ften begangen&#8221;, konnte in 15 Verhandlungstagen und mit \u00fcber 40 Zeugen nicht nachgewiesen werden.<\/p>\n<p>Der <em>MDR<\/em>\u00a0<a rel=\"nofollow noopener\" target=\"_blank\" href=\"https:\/\/www.mdr.de\/nachrichten\/sachsen\/chemnitz\/prozess-freispruch-rechtsextreme-trauermarsch-hetzjagd-100.html\">meldete<\/a> nach diesem Verfahren, es habe infolge der ganzen Welle von Demonstrationen und Gegendemonstrationen in Chemnitz\u00a0insgesamt hundert Verfahren gegeben, bei denen\u00a0\u2012 eine fast perfekte Teilung\u00a0\u2012 51 &#8220;dem politisch rechten Spektrum zugeordnet werden&#8221; konnten. Von 142 Ermittlungsverfahren der Staatsanwaltschaft Chemnitz wurden 97 bis Ende 2023 eingestellt.<\/p>\n<p>Es gab \u00fcbrigens eine Nebenklage in diesem Verfahren. Die Anw\u00e4ltin, die Dresdnerin Kati Lang, <a rel=\"nofollow noopener\" target=\"_blank\" href=\"https:\/\/www.mdr.de\/nachrichten\/sachsen\/chemnitz\/landgericht-prozess-herz-statt-hetze-demo-rechts-chemnitz-100.html\">trat<\/a> bereits bei anderen Verfahren rund um die Demonstrationen eine Woche nach dem Chemnitzer Mord auf\u00a0\u2012 so in einem Prozess, der bereits im Januar 2024 mit einer Einstellung gegen eine Geldauflage endete. Lang protestierte damals ebenso der Presse gegen\u00fcber wie nun, nach dem aktuellen Urteil, und verwendete dieselbe Formulierung, das Urteil sei &#8220;ein Freifahrtschein f\u00fcr den randalierenden rechten Mob&#8221;.<\/p>\n<p>Juristisch jedenfalls finden sich zwar Auseinandersetzungen in den Tagen nach Merkels Aussagen, die nat\u00fcrlich zu einer Mobilisierung beider Seiten f\u00fchrten, bei der die Chemnitzer B\u00fcrger selbst am Ende nur noch Staffage waren. Aber es gibt keine Belege f\u00fcr Merkels damalige Erz\u00e4hlung.<\/p>\n<p>Allerdings ist damit die Chemnitzer Geschichte noch nicht zu Ende. Der Hauptt\u00e4ter, der Iraker Farhad Ahmad, wird seit damals weltweit gesucht, wurde aber noch nicht gefunden. Im Februar <a rel=\"nofollow noopener\" target=\"_blank\" href=\"https:\/\/www.bz-berlin.de\/deutschland\/3-faelle-von-asyl-versagen\">diente<\/a> er der Berliner <em>BZ<\/em> als Musterbeispiel f\u00fcr &#8220;Asyl-Versagen&#8221;. Der Mann war Anfang Januar 2016 nach Deutschland gekommen. &#8220;W\u00e4hrend seiner zweieinhalb Jahre in Deutschland&#8221;, so <a rel=\"nofollow noopener\" target=\"_blank\" href=\"https:\/\/www.focus.de\/politik\/deutschland\/blutiger-streit-vor-einem-nachtclub-prozess-um-mutmasslichen-messerstecher-von-chemnitz-jetzt-soll-er-das-opfer-sein_id_13006663.html\">schrieb<\/a> der <em>Focus<\/em> 2021, &#8220;beging der Iraker, der \u00fcber 14 Alias-Identit\u00e4ten verf\u00fcgte, etliche Straftaten: gef\u00e4hrliche K\u00f6rperverletzung, Drogenhandel, Diebstahl, Hausfriedensbruch, Sachbesch\u00e4digung, Beleidigung, Bedrohung, Widerstand gegen Vollstreckungsbeamte&#8221;. Bekannte, so das Blatt weiter, &#8220;beschreiben Farhad A. als hochaggressiv, unberechenbar, r\u00fccksichtslos, ohne Gef\u00fchle&#8221;. Man fragt sich, wie sich die Chemnitzer Erz\u00e4hlung ver\u00e4ndert h\u00e4tte, wenn\u00a0Farhad Ahmad in Deutschland vor Gericht gestanden h\u00e4tte.<\/p>\n<p>Sein Mitt\u00e4ter Alaa S. jedenfalls stand vor Gericht, wurde zu neuneinhalb Jahren Haft verurteilt und kam im Januar dieses Jahres vorzeitig frei. Weil seine Sozialprognose positiv ist, wird der Syrer auch nicht abgeschoben. Der Betroffene, so eine Sprecherin des Verwaltungsgerichts Chemnitz, unterliege einem Abschiebungsverbot nach \u00a7 60 Absatz 5 Aufenthaltsgesetz. Eine Entscheidung, die das Bundesamt f\u00fcr Migration (BAMF)\u00a0<a rel=\"nofollow noopener\" target=\"_blank\" href=\"https:\/\/www.tichyseinblick.de\/daili-es-sentials\/chemnitz-moerder-haft-abschiebung-syrer\/\">kippen<\/a> k\u00f6nnte, das aber bisher noch nicht getan hat.<\/p>\n<p>Waren die beiden auff\u00e4lligen Momente, die nicht nachvollziehbare Reaktion von Barbara Ludwig und Merkels M\u00e4rchen von der Hetzjagd, wirklich ein zuf\u00e4lliges Versagen? Es sind nicht allzu viele Momente, in denen die Art und Weise einer politischen Reaktion f\u00fcr die folgende Entwicklung entscheidend ist, aber in diesen beiden Momenten war sie das. H\u00e4tte Ludwig gewisserma\u00dfen nach Handbuch reagiert, also das angebrachte Beileid bekundet und vielleicht die B\u00fcrger aufgefordert, friedlich zu gedenken, und h\u00e4tte Merkel schlicht den Mund gehalten, w\u00e4re gar nichts weiter passiert, au\u00dfer dem Mord eben.<\/p>\n<p>Aber es war wohl auch 2018 immer noch wichtiger, das Bild der unschuldigen Migranten um jeden Preis aufrechtzuerhalten, statt einzugestehen, dass es ganz selbstverst\u00e4ndlich auch Schufte und b\u00f6sartige Subjekte darunter gibt, wie unter der deutschen Bev\u00f6lkerung auch. Vielleicht, weil die Zuwendung jener bigotten Bev\u00f6lkerungsgruppe, die man f\u00fcr die &#8220;Willkommenskultur&#8221; mobilisierte, fragil ist und es nicht wirklich \u00fcbersteht, wenn sich eine Menge gro\u00dfteils m\u00e4\u00dfig gebildeter, alleinstehender junger M\u00e4nner mit Gewalterfahrung so verh\u00e4lt, wie man es statistisch von dieser Menge erwarten d\u00fcrfte.<\/p>\n<p>Sicher, Hanlons Rasiermesser\u00a0besagt, dass man nichts b\u00f6ser Absicht zuschreiben sollte, was sich ebenso gut durch Dummheit erkl\u00e4ren l\u00e4sst. Aber zumindest bei Merkel ist die Liste der b\u00f6sartigen Handlungen so lang, dass es schwer f\u00e4llt, Dummheit anzunehmen. Sie hat nachweislich nicht nur die Grenz\u00f6ffnung zu verantworten, sondern auch, dass danach die Kluft in der Migrationsfrage immer tiefer wurde. Vielleicht k\u00f6nnen die Chemnitzer einsch\u00e4tzen, ob bei Barbara Ludwig Dummheit als Grund infrage kommt. Auch da neige ich zum Zweifel\u00a0\u2012 und sei es nur, weil die Rolle B\u00fcrgermeister eigentlich tagt\u00e4glich genau die Haltung erfordert, die sie an diesem einen Tag nicht geliefert hat, von Abschiedsfeiern bis sonstigen Zusammenk\u00fcnften, und diese Rolle in der Regel bereits als Stadtrat einge\u00fcbt wird (was ich pers\u00f6nlich best\u00e4tigen kann, auch wenn es nur wenige Anl\u00e4sse waren). Der erste Schritt\u00a0\u2012 gleich, mit wem man es zu tun hat\u00a0\u2012 ist immer, dem Gegen\u00fcber Akzeptanz zu signalisieren und dass man ihn ernst nimmt. Ein derart gravierender Versto\u00df gegen das Skript, eine offene Wendung gegen die eigenen B\u00fcrger, ist aus Versehen kaum vorstellbar.<\/p>\n<p>Immerhin: Die juristischen Nachspiele der Demonstrationen endeten glimpflich. Die politischen halten jedoch noch an\u00a0\u2012 die Entlassung von Maa\u00dfen war letztlich eine Amputation der CDU durch Merkel, die die heutige St\u00e4rke der AfD erst erm\u00f6glicht hat, und die Verweigerung (oder gezielte Sabotage) einer realistischen Debatte \u00fcber die Migration des Jahres 2015 hat insgesamt bisher an die vier Millionen Einwanderer beschert, mit denen das Land nach wie vor nicht umzugehen wei\u00df und nicht umgehen k\u00f6nnen wird, ehe der Realismus bei diesem Thema zur\u00fcckgekehrt ist. Die Ereignisse in und um Chemnitz 2018 waren ein Baustein, der zu der Mythologisierung von &#8220;Hass und Hetze&#8221; diente, die wiederum gerade in jenen, die sich f\u00fcr progressiv halten, eine Leidenschaft f\u00fcr Zensur und Repression weckte. Es wird also n\u00f6tig bleiben, irgendwann die ganze Wahrheit offenzulegen.<\/p>\n<p><strong>Mehr zum Thema<\/strong>\u00a0\u2012 <a rel=\"nofollow noopener\" target=\"_blank\" href=\"https:\/\/freedert.online\/meinung\/189538-chemnitz-und-hetzjagden-rueckblick-auf\/\">Chemnitz und die &#8220;Hetzjagden&#8221; \u2013 R\u00fcckblick auf eine konstruierte Wirklichkeit <\/a><\/p>\n<\/p>\n<\/div>\n<p><br \/>\n<br \/><a href=\"https:\/\/de.rt.com\/meinung\/254619-nochmal-zurueck-nach-chemnitz\/\">Source link <\/a><\/p>\n","protected":false},"excerpt":{"rendered":"<p>Sieben Jahre ist es her, dass es angeblich &#8220;Hetzjagden auf Ausl\u00e4nder&#8221; gab, in Chemnitz. Dies behauptete damals Angela Merkel. Nun ging gerade wieder ein Prozess zu Ende, in dem sich die Anklage in Luft aufl\u00f6ste. Chemnitz bleibt eine offene Frage. Von Dagmar Henn Vor wenigen Tagen erst j\u00e4hrte sich der Chemnitzer Mord, der damals die [&hellip;]<\/p>\n","protected":false},"author":3,"featured_media":89713,"comment_status":"open","ping_status":"open","sticky":false,"template":"","format":"standard","meta":{"_yoast_indexnow_last_ping":["1756580612"],"wp_automatic_camp":["217"],"2cb5a8111fec6899fcf19934c469329a":["Nochmal zur\u00fcck nach Chemnitz \u2013 Merkels &quot;Hetzjagd&quot; und die Urteile dazu"],"original_link":["https:\/\/de.rt.com\/meinung\/254619-nochmal-zurueck-nach-chemnitz\/"],"_thumbnail_id":["89713"],"jnews_social_counter_last_update":["1777366581"],"_wptgpro_p2tg_sent2tg":["a:1:{i:23737;s:19:\"2025-08-30 21:04:34\";}"]},"categories":[19,23],"tags":[7935,12804,45,30080,979,30391,67382,140,52245,3337],"yoast_head":"<!-- This site is optimized with the Yoast SEO Premium plugin v22.7 (Yoast SEO v22.7) - https:\/\/yoast.com\/wordpress\/plugins\/seo\/ -->\n<title>Nochmal zur\u00fcck nach Chemnitz \u2013 Merkels &quot;Hetzjagd&quot; und die Urteile dazu - just-now.NEWS Deutschland<\/title>\n<meta name=\"robots\" content=\"index, follow, max-snippet:-1, max-image-preview:large, max-video-preview:-1\" \/>\n<link rel=\"canonical\" href=\"https:\/\/now-news.de\/de\/deutschland\/nochmal-zurueck-nach-chemnitz-merkels-hetzjagd-und-die-urteile-dazu\/\" \/>\n<meta property=\"og:locale\" content=\"de_DE\" \/>\n<meta property=\"og:type\" content=\"article\" \/>\n<meta property=\"og:title\" content=\"Nochmal zur\u00fcck nach Chemnitz \u2013 Merkels &quot;Hetzjagd&quot; und die Urteile dazu\" \/>\n<meta property=\"og:description\" content=\"Sieben Jahre ist es her, dass es angeblich &#8220;Hetzjagden auf Ausl\u00e4nder&#8221; gab, in Chemnitz. Dies behauptete damals Angela Merkel. Nun ging gerade wieder ein Prozess zu Ende, in dem sich die Anklage in Luft aufl\u00f6ste. Chemnitz bleibt eine offene Frage. Von Dagmar Henn Vor wenigen Tagen erst j\u00e4hrte sich der Chemnitzer Mord, der damals die [&hellip;]\" \/>\n<meta property=\"og:url\" content=\"https:\/\/now-news.de\/de\/deutschland\/nochmal-zurueck-nach-chemnitz-merkels-hetzjagd-und-die-urteile-dazu\/\" \/>\n<meta property=\"og:site_name\" content=\"just-now.NEWS Deutschland\" \/>\n<meta property=\"article:publisher\" content=\"https:\/\/www.facebook.com\/wirmachenauf\" \/>\n<meta property=\"article:published_time\" content=\"2025-08-30T19:00:01+00:00\" \/>\n<meta property=\"og:image\" content=\"https:\/\/now-news.de\/de\/wp-content\/uploads\/sites\/3\/2025\/08\/68b1baaf48fbef05681cf2bb.jpg\" \/>\n<meta name=\"author\" content=\"rtnews\" \/>\n<meta name=\"twitter:card\" content=\"summary_large_image\" \/>\n<meta name=\"twitter:creator\" content=\"@WirMachenAuf_de\" \/>\n<meta name=\"twitter:site\" content=\"@WirMachenAuf_de\" \/>\n<meta name=\"twitter:label1\" content=\"Verfasst von\" \/>\n\t<meta name=\"twitter:data1\" content=\"rtnews\" \/>\n\t<meta name=\"twitter:label2\" content=\"Gesch\u00e4tzte Lesezeit\" \/>\n\t<meta name=\"twitter:data2\" content=\"9\u00a0Minuten\" \/>\n<script type=\"application\/ld+json\" class=\"yoast-schema-graph\">{\"@context\":\"https:\/\/schema.org\",\"@graph\":[{\"@type\":\"Article\",\"@id\":\"https:\/\/now-news.de\/de\/deutschland\/nochmal-zurueck-nach-chemnitz-merkels-hetzjagd-und-die-urteile-dazu\/#article\",\"isPartOf\":{\"@id\":\"https:\/\/now-news.de\/de\/deutschland\/nochmal-zurueck-nach-chemnitz-merkels-hetzjagd-und-die-urteile-dazu\/\"},\"author\":{\"name\":\"rtnews\",\"@id\":\"https:\/\/now-news.de\/de\/#\/schema\/person\/fb534a4e865501d8b3285208df34a9b5\"},\"headline\":\"Nochmal zur\u00fcck nach Chemnitz \u2013 Merkels &quot;Hetzjagd&quot; und die Urteile dazu\",\"datePublished\":\"2025-08-30T19:00:01+00:00\",\"dateModified\":\"2025-08-30T19:00:01+00:00\",\"mainEntityOfPage\":{\"@id\":\"https:\/\/now-news.de\/de\/deutschland\/nochmal-zurueck-nach-chemnitz-merkels-hetzjagd-und-die-urteile-dazu\/\"},\"wordCount\":1740,\"commentCount\":0,\"publisher\":{\"@id\":\"https:\/\/now-news.de\/de\/#organization\"},\"image\":{\"@id\":\"https:\/\/now-news.de\/de\/deutschland\/nochmal-zurueck-nach-chemnitz-merkels-hetzjagd-und-die-urteile-dazu\/#primaryimage\"},\"thumbnailUrl\":\"https:\/\/now-news.de\/de\/wp-content\/uploads\/sites\/3\/2025\/08\/Nochmal-zurueck-nach-Chemnitz-\u2013-Merkels-quotHetzjagdquot-und-die-Urteile.jpg\",\"keywords\":[\"Chemnitz\",\"dazu\",\"die\",\"Merkels\",\"nach\",\"nochmal\",\"quotHetzjagdquot\",\"und\",\"Urteile\",\"zur\u00fcck\"],\"articleSection\":[\"Deutschland\",\"Russland\"],\"inLanguage\":\"de\",\"potentialAction\":[{\"@type\":\"CommentAction\",\"name\":\"Comment\",\"target\":[\"https:\/\/now-news.de\/de\/deutschland\/nochmal-zurueck-nach-chemnitz-merkels-hetzjagd-und-die-urteile-dazu\/#respond\"]}]},{\"@type\":\"WebPage\",\"@id\":\"https:\/\/now-news.de\/de\/deutschland\/nochmal-zurueck-nach-chemnitz-merkels-hetzjagd-und-die-urteile-dazu\/\",\"url\":\"https:\/\/now-news.de\/de\/deutschland\/nochmal-zurueck-nach-chemnitz-merkels-hetzjagd-und-die-urteile-dazu\/\",\"name\":\"Nochmal zur\u00fcck nach Chemnitz \u2013 Merkels &quot;Hetzjagd&quot; und die Urteile dazu - just-now.NEWS Deutschland\",\"isPartOf\":{\"@id\":\"https:\/\/now-news.de\/de\/#website\"},\"primaryImageOfPage\":{\"@id\":\"https:\/\/now-news.de\/de\/deutschland\/nochmal-zurueck-nach-chemnitz-merkels-hetzjagd-und-die-urteile-dazu\/#primaryimage\"},\"image\":{\"@id\":\"https:\/\/now-news.de\/de\/deutschland\/nochmal-zurueck-nach-chemnitz-merkels-hetzjagd-und-die-urteile-dazu\/#primaryimage\"},\"thumbnailUrl\":\"https:\/\/now-news.de\/de\/wp-content\/uploads\/sites\/3\/2025\/08\/Nochmal-zurueck-nach-Chemnitz-\u2013-Merkels-quotHetzjagdquot-und-die-Urteile.jpg\",\"datePublished\":\"2025-08-30T19:00:01+00:00\",\"dateModified\":\"2025-08-30T19:00:01+00:00\",\"breadcrumb\":{\"@id\":\"https:\/\/now-news.de\/de\/deutschland\/nochmal-zurueck-nach-chemnitz-merkels-hetzjagd-und-die-urteile-dazu\/#breadcrumb\"},\"inLanguage\":\"de\",\"potentialAction\":[{\"@type\":\"ReadAction\",\"target\":[\"https:\/\/now-news.de\/de\/deutschland\/nochmal-zurueck-nach-chemnitz-merkels-hetzjagd-und-die-urteile-dazu\/\"]}]},{\"@type\":\"ImageObject\",\"inLanguage\":\"de\",\"@id\":\"https:\/\/now-news.de\/de\/deutschland\/nochmal-zurueck-nach-chemnitz-merkels-hetzjagd-und-die-urteile-dazu\/#primaryimage\",\"url\":\"https:\/\/now-news.de\/de\/wp-content\/uploads\/sites\/3\/2025\/08\/Nochmal-zurueck-nach-Chemnitz-\u2013-Merkels-quotHetzjagdquot-und-die-Urteile.jpg\",\"contentUrl\":\"https:\/\/now-news.de\/de\/wp-content\/uploads\/sites\/3\/2025\/08\/Nochmal-zurueck-nach-Chemnitz-\u2013-Merkels-quotHetzjagdquot-und-die-Urteile.jpg\",\"width\":460,\"height\":259,\"caption\":\"Nochmal zur\u00fcck nach Chemnitz \u2013 Merkels &quot;Hetzjagd&quot; und die Urteile dazu\"},{\"@type\":\"BreadcrumbList\",\"@id\":\"https:\/\/now-news.de\/de\/deutschland\/nochmal-zurueck-nach-chemnitz-merkels-hetzjagd-und-die-urteile-dazu\/#breadcrumb\",\"itemListElement\":[{\"@type\":\"ListItem\",\"position\":1,\"name\":\"Home\",\"item\":\"https:\/\/now-news.de\/de\/\"},{\"@type\":\"ListItem\",\"position\":2,\"name\":\"Nochmal zur\u00fcck nach Chemnitz \u2013 Merkels &quot;Hetzjagd&quot; und die Urteile dazu\"}]},{\"@type\":\"WebSite\",\"@id\":\"https:\/\/now-news.de\/de\/#website\",\"url\":\"https:\/\/now-news.de\/de\/\",\"name\":\"just-now.NEWS Deutschland\",\"description\":\"Das Portal f\u00fcr unzensierte Nachrichten aus der Welt\",\"publisher\":{\"@id\":\"https:\/\/now-news.de\/de\/#organization\"},\"potentialAction\":[{\"@type\":\"SearchAction\",\"target\":{\"@type\":\"EntryPoint\",\"urlTemplate\":\"https:\/\/now-news.de\/de\/?s={search_term_string}\"},\"query-input\":\"required name=search_term_string\"}],\"inLanguage\":\"de\"},{\"@type\":\"Organization\",\"@id\":\"https:\/\/now-news.de\/de\/#organization\",\"name\":\"Just Now News\",\"url\":\"https:\/\/now-news.de\/de\/\",\"logo\":{\"@type\":\"ImageObject\",\"inLanguage\":\"de\",\"@id\":\"https:\/\/now-news.de\/de\/#\/schema\/logo\/image\/\",\"url\":\"http:\/\/just-now.news\/de\/wp-content\/uploads\/sites\/3\/2022\/04\/logo500x500.jpg\",\"contentUrl\":\"http:\/\/just-now.news\/de\/wp-content\/uploads\/sites\/3\/2022\/04\/logo500x500.jpg\",\"width\":500,\"height\":500,\"caption\":\"Just Now News\"},\"image\":{\"@id\":\"https:\/\/now-news.de\/de\/#\/schema\/logo\/image\/\"},\"sameAs\":[\"https:\/\/www.facebook.com\/wirmachenauf\",\"https:\/\/x.com\/WirMachenAuf_de\"]},{\"@type\":\"Person\",\"@id\":\"https:\/\/now-news.de\/de\/#\/schema\/person\/fb534a4e865501d8b3285208df34a9b5\",\"name\":\"rtnews\",\"image\":{\"@type\":\"ImageObject\",\"inLanguage\":\"de\",\"@id\":\"https:\/\/now-news.de\/de\/#\/schema\/person\/image\/\",\"url\":\"https:\/\/secure.gravatar.com\/avatar\/82aafea7d8127119dd649515f56e2117?s=96&d=mm&r=g\",\"contentUrl\":\"https:\/\/secure.gravatar.com\/avatar\/82aafea7d8127119dd649515f56e2117?s=96&d=mm&r=g\",\"caption\":\"rtnews\"},\"url\":\"https:\/\/now-news.de\/de\/author\/rnews\/\"}]}<\/script>\n<!-- \/ Yoast SEO Premium plugin. -->","yoast_head_json":{"title":"Nochmal zur\u00fcck nach Chemnitz \u2013 Merkels &quot;Hetzjagd&quot; und die Urteile dazu - just-now.NEWS Deutschland","robots":{"index":"index","follow":"follow","max-snippet":"max-snippet:-1","max-image-preview":"max-image-preview:large","max-video-preview":"max-video-preview:-1"},"canonical":"https:\/\/now-news.de\/de\/deutschland\/nochmal-zurueck-nach-chemnitz-merkels-hetzjagd-und-die-urteile-dazu\/","og_locale":"de_DE","og_type":"article","og_title":"Nochmal zur\u00fcck nach Chemnitz \u2013 Merkels &quot;Hetzjagd&quot; und die Urteile dazu","og_description":"Sieben Jahre ist es her, dass es angeblich &#8220;Hetzjagden auf Ausl\u00e4nder&#8221; gab, in Chemnitz. Dies behauptete damals Angela Merkel. Nun ging gerade wieder ein Prozess zu Ende, in dem sich die Anklage in Luft aufl\u00f6ste. Chemnitz bleibt eine offene Frage. Von Dagmar Henn Vor wenigen Tagen erst j\u00e4hrte sich der Chemnitzer Mord, der damals die [&hellip;]","og_url":"https:\/\/now-news.de\/de\/deutschland\/nochmal-zurueck-nach-chemnitz-merkels-hetzjagd-und-die-urteile-dazu\/","og_site_name":"just-now.NEWS Deutschland","article_publisher":"https:\/\/www.facebook.com\/wirmachenauf","article_published_time":"2025-08-30T19:00:01+00:00","og_image":[{"url":"https:\/\/now-news.de\/de\/wp-content\/uploads\/sites\/3\/2025\/08\/68b1baaf48fbef05681cf2bb.jpg"}],"author":"rtnews","twitter_card":"summary_large_image","twitter_creator":"@WirMachenAuf_de","twitter_site":"@WirMachenAuf_de","twitter_misc":{"Verfasst von":"rtnews","Gesch\u00e4tzte Lesezeit":"9\u00a0Minuten"},"schema":{"@context":"https:\/\/schema.org","@graph":[{"@type":"Article","@id":"https:\/\/now-news.de\/de\/deutschland\/nochmal-zurueck-nach-chemnitz-merkels-hetzjagd-und-die-urteile-dazu\/#article","isPartOf":{"@id":"https:\/\/now-news.de\/de\/deutschland\/nochmal-zurueck-nach-chemnitz-merkels-hetzjagd-und-die-urteile-dazu\/"},"author":{"name":"rtnews","@id":"https:\/\/now-news.de\/de\/#\/schema\/person\/fb534a4e865501d8b3285208df34a9b5"},"headline":"Nochmal zur\u00fcck nach Chemnitz \u2013 Merkels &quot;Hetzjagd&quot; und die Urteile dazu","datePublished":"2025-08-30T19:00:01+00:00","dateModified":"2025-08-30T19:00:01+00:00","mainEntityOfPage":{"@id":"https:\/\/now-news.de\/de\/deutschland\/nochmal-zurueck-nach-chemnitz-merkels-hetzjagd-und-die-urteile-dazu\/"},"wordCount":1740,"commentCount":0,"publisher":{"@id":"https:\/\/now-news.de\/de\/#organization"},"image":{"@id":"https:\/\/now-news.de\/de\/deutschland\/nochmal-zurueck-nach-chemnitz-merkels-hetzjagd-und-die-urteile-dazu\/#primaryimage"},"thumbnailUrl":"https:\/\/now-news.de\/de\/wp-content\/uploads\/sites\/3\/2025\/08\/Nochmal-zurueck-nach-Chemnitz-\u2013-Merkels-quotHetzjagdquot-und-die-Urteile.jpg","keywords":["Chemnitz","dazu","die","Merkels","nach","nochmal","quotHetzjagdquot","und","Urteile","zur\u00fcck"],"articleSection":["Deutschland","Russland"],"inLanguage":"de","potentialAction":[{"@type":"CommentAction","name":"Comment","target":["https:\/\/now-news.de\/de\/deutschland\/nochmal-zurueck-nach-chemnitz-merkels-hetzjagd-und-die-urteile-dazu\/#respond"]}]},{"@type":"WebPage","@id":"https:\/\/now-news.de\/de\/deutschland\/nochmal-zurueck-nach-chemnitz-merkels-hetzjagd-und-die-urteile-dazu\/","url":"https:\/\/now-news.de\/de\/deutschland\/nochmal-zurueck-nach-chemnitz-merkels-hetzjagd-und-die-urteile-dazu\/","name":"Nochmal zur\u00fcck nach Chemnitz \u2013 Merkels &quot;Hetzjagd&quot; und die Urteile dazu - just-now.NEWS Deutschland","isPartOf":{"@id":"https:\/\/now-news.de\/de\/#website"},"primaryImageOfPage":{"@id":"https:\/\/now-news.de\/de\/deutschland\/nochmal-zurueck-nach-chemnitz-merkels-hetzjagd-und-die-urteile-dazu\/#primaryimage"},"image":{"@id":"https:\/\/now-news.de\/de\/deutschland\/nochmal-zurueck-nach-chemnitz-merkels-hetzjagd-und-die-urteile-dazu\/#primaryimage"},"thumbnailUrl":"https:\/\/now-news.de\/de\/wp-content\/uploads\/sites\/3\/2025\/08\/Nochmal-zurueck-nach-Chemnitz-\u2013-Merkels-quotHetzjagdquot-und-die-Urteile.jpg","datePublished":"2025-08-30T19:00:01+00:00","dateModified":"2025-08-30T19:00:01+00:00","breadcrumb":{"@id":"https:\/\/now-news.de\/de\/deutschland\/nochmal-zurueck-nach-chemnitz-merkels-hetzjagd-und-die-urteile-dazu\/#breadcrumb"},"inLanguage":"de","potentialAction":[{"@type":"ReadAction","target":["https:\/\/now-news.de\/de\/deutschland\/nochmal-zurueck-nach-chemnitz-merkels-hetzjagd-und-die-urteile-dazu\/"]}]},{"@type":"ImageObject","inLanguage":"de","@id":"https:\/\/now-news.de\/de\/deutschland\/nochmal-zurueck-nach-chemnitz-merkels-hetzjagd-und-die-urteile-dazu\/#primaryimage","url":"https:\/\/now-news.de\/de\/wp-content\/uploads\/sites\/3\/2025\/08\/Nochmal-zurueck-nach-Chemnitz-\u2013-Merkels-quotHetzjagdquot-und-die-Urteile.jpg","contentUrl":"https:\/\/now-news.de\/de\/wp-content\/uploads\/sites\/3\/2025\/08\/Nochmal-zurueck-nach-Chemnitz-\u2013-Merkels-quotHetzjagdquot-und-die-Urteile.jpg","width":460,"height":259,"caption":"Nochmal zur\u00fcck nach Chemnitz \u2013 Merkels &quot;Hetzjagd&quot; und die Urteile dazu"},{"@type":"BreadcrumbList","@id":"https:\/\/now-news.de\/de\/deutschland\/nochmal-zurueck-nach-chemnitz-merkels-hetzjagd-und-die-urteile-dazu\/#breadcrumb","itemListElement":[{"@type":"ListItem","position":1,"name":"Home","item":"https:\/\/now-news.de\/de\/"},{"@type":"ListItem","position":2,"name":"Nochmal zur\u00fcck nach Chemnitz \u2013 Merkels &quot;Hetzjagd&quot; und die Urteile dazu"}]},{"@type":"WebSite","@id":"https:\/\/now-news.de\/de\/#website","url":"https:\/\/now-news.de\/de\/","name":"just-now.NEWS Deutschland","description":"Das Portal f\u00fcr unzensierte Nachrichten aus der Welt","publisher":{"@id":"https:\/\/now-news.de\/de\/#organization"},"potentialAction":[{"@type":"SearchAction","target":{"@type":"EntryPoint","urlTemplate":"https:\/\/now-news.de\/de\/?s={search_term_string}"},"query-input":"required name=search_term_string"}],"inLanguage":"de"},{"@type":"Organization","@id":"https:\/\/now-news.de\/de\/#organization","name":"Just Now News","url":"https:\/\/now-news.de\/de\/","logo":{"@type":"ImageObject","inLanguage":"de","@id":"https:\/\/now-news.de\/de\/#\/schema\/logo\/image\/","url":"http:\/\/just-now.news\/de\/wp-content\/uploads\/sites\/3\/2022\/04\/logo500x500.jpg","contentUrl":"http:\/\/just-now.news\/de\/wp-content\/uploads\/sites\/3\/2022\/04\/logo500x500.jpg","width":500,"height":500,"caption":"Just Now News"},"image":{"@id":"https:\/\/now-news.de\/de\/#\/schema\/logo\/image\/"},"sameAs":["https:\/\/www.facebook.com\/wirmachenauf","https:\/\/x.com\/WirMachenAuf_de"]},{"@type":"Person","@id":"https:\/\/now-news.de\/de\/#\/schema\/person\/fb534a4e865501d8b3285208df34a9b5","name":"rtnews","image":{"@type":"ImageObject","inLanguage":"de","@id":"https:\/\/now-news.de\/de\/#\/schema\/person\/image\/","url":"https:\/\/secure.gravatar.com\/avatar\/82aafea7d8127119dd649515f56e2117?s=96&d=mm&r=g","contentUrl":"https:\/\/secure.gravatar.com\/avatar\/82aafea7d8127119dd649515f56e2117?s=96&d=mm&r=g","caption":"rtnews"},"url":"https:\/\/now-news.de\/de\/author\/rnews\/"}]}},"_links":{"self":[{"href":"https:\/\/now-news.de\/de\/wp-json\/wp\/v2\/posts\/89712"}],"collection":[{"href":"https:\/\/now-news.de\/de\/wp-json\/wp\/v2\/posts"}],"about":[{"href":"https:\/\/now-news.de\/de\/wp-json\/wp\/v2\/types\/post"}],"author":[{"embeddable":true,"href":"https:\/\/now-news.de\/de\/wp-json\/wp\/v2\/users\/3"}],"replies":[{"embeddable":true,"href":"https:\/\/now-news.de\/de\/wp-json\/wp\/v2\/comments?post=89712"}],"version-history":[{"count":0,"href":"https:\/\/now-news.de\/de\/wp-json\/wp\/v2\/posts\/89712\/revisions"}],"wp:featuredmedia":[{"embeddable":true,"href":"https:\/\/now-news.de\/de\/wp-json\/wp\/v2\/media\/89713"}],"wp:attachment":[{"href":"https:\/\/now-news.de\/de\/wp-json\/wp\/v2\/media?parent=89712"}],"wp:term":[{"taxonomy":"category","embeddable":true,"href":"https:\/\/now-news.de\/de\/wp-json\/wp\/v2\/categories?post=89712"},{"taxonomy":"post_tag","embeddable":true,"href":"https:\/\/now-news.de\/de\/wp-json\/wp\/v2\/tags?post=89712"}],"curies":[{"name":"wp","href":"https:\/\/api.w.org\/{rel}","templated":true}]}}