{"id":89679,"date":"2025-08-30T11:10:33","date_gmt":"2025-08-30T09:10:33","guid":{"rendered":"https:\/\/now-news.de\/de\/deutschland\/ungarn-keine-verurteilung-des-russischen-angriffs-auf-kiew\/"},"modified":"2025-08-30T11:10:33","modified_gmt":"2025-08-30T09:10:33","slug":"ungarn-keine-verurteilung-des-russischen-angriffs-auf-kiew","status":"publish","type":"post","link":"https:\/\/now-news.de\/de\/deutschland\/ungarn-keine-verurteilung-des-russischen-angriffs-auf-kiew\/","title":{"rendered":"Ungarn: Keine Verurteilung des russischen Angriffs auf Kiew"},"content":{"rendered":"<p><img decoding=\"async\" src=\"https:\/\/now-news.de\/de\/wp-content\/uploads\/sites\/3\/2025\/08\/68b2bc5f48fbef44ce75288b.jpg\" \/><\/p>\n<div class=\"Text-root Text-type_1 \">\n                In einer gemeinsamen Erkl\u00e4rung verurteilen 26 EU-L\u00e4nder den Angriff Russlands auf Kiew, bei dem die Vertretung der EU besch\u00e4digt wurde. Ungarn verweigerte die Unterschrift. Das Land wendet sich zudem gegen den Beitritt der Ukraine zur EU.\n            <\/div>\n<p><\/p>\n<div class=\"Text-root Text-type_5 ArticleView-text ViewText-root \">\n<p>Eine von der EU-Au\u00dfenbeauftragten Kaja Kallas ausgearbeitete Erkl\u00e4rung zum Angriff Russlands auf milit\u00e4rische Infrastruktur in Kiew wirft Russland &#8220;Kriegsverbrechen&#8221; vor. Ungarn hat sich als einziger Mitgliedsstaat der EU geweigert, die Erkl\u00e4rung zu unterzeichnen. Die anderen 26 EU-L\u00e4nder trugen den Wortlaut der Erkl\u00e4rung mit.\u00a0<\/p>\n<p>In der Erkl\u00e4rung wird behauptet, die Angriffe Russlands h\u00e4tten der zivilen Infrastruktur gegolten und w\u00fcrden sich direkt gegen Zivilisten richten. Russland hat wiederholt darauf hingewiesen, dass es keine zivilen Ziele angreift. Sch\u00e4den an zivilen Einrichtungen gehen in der Regel auf herabfallende Teile von Drohnen und Raketen zur\u00fcck, die von der ukrainischen Luftabwehr abgeschossen wurden.<\/p>\n<p>Bei dem Angriff auf Kiew in der Nacht von Donnerstag auf Freitag wurde unter anderem die Vertretung der EU in Kiew besch\u00e4digt. In der Folge haben die EU und einige EU-L\u00e4nder die diplomatischen Vertreter Russlands einbestellt.\u00a0<\/p>\n<p>Das Verh\u00e4ltnis zwischen Ungarn und der Ukraine ist angespannt. Die Ukraine hat die Pipeline Druschba auf russischem Gebiet angegriffen, die Ungarn und die Slowakei mit russischem \u00d6l versorgt. Durch den Angriff kam es zu Unterbrechungen in der Versorgung. Ungarn hat daraufhin Sanktionen gegen den Chef der ukrainischen Drohneneinheit verh\u00e4ngt. Die Slowakei und Ungarn forderten von der EU-Kommission eine Reaktion. Diese erkl\u00e4rte, sie sehe durch die Angriffe der Ukraine auf die Energieinfrastruktur keine Gefahr f\u00fcr die Versorgungssicherheit in der EU.\u00a0<\/p>\n<p>Ungarn stellt sich zudem gegen einen Beitritt der Ukraine zur EU. 95 Prozent aller abgegebenen Stimmen lehnten in einem Referendum den Beitritt der Ukraine zur EU ab.\u00a0<\/p>\n<p>In der Erkl\u00e4rung sagen die 26 EU-Staaten sowie die EU-Kommission der Ukraine weitere Unterst\u00fctzung zu.<\/p>\n<p><strong>Mehr zum Thema<\/strong>\u00a0\u2013 <a rel=\"nofollow noopener\" target=\"_blank\" href=\"https:\/\/freedert.online\/international\/254445-ukrainischer-terrorismus-schreckt-europa-auf\/\">Ukrainischer Terrorismus schreckt Europa auf<\/a><\/p>\n<div class=\"EmbedBlock-root EmbedBlock-externalVideo EmbedBlock-rumble\">\n<div class=\"VkEmbed\"><iframe class=\"lazyload\" data-src=\"https:\/\/rumble.com\/embed\/v6w1ka4\" frameborder=\"0\" width=\"853\" height=\"480\" allowfullscreen><\/iframe><\/div>\n<\/div>\n<\/div>\n<p><br \/>\n<br \/><a href=\"https:\/\/de.rt.com\/europa\/254670-ungarn-keine-verurteilung-russischen-angriffs\/\">Source link <\/a><\/p>\n","protected":false},"excerpt":{"rendered":"<p>In einer gemeinsamen Erkl\u00e4rung verurteilen 26 EU-L\u00e4nder den Angriff Russlands auf Kiew, bei dem die Vertretung der EU besch\u00e4digt wurde. Ungarn verweigerte die Unterschrift. Das Land wendet sich zudem gegen den Beitritt der Ukraine zur EU. Eine von der EU-Au\u00dfenbeauftragten Kaja Kallas ausgearbeitete Erkl\u00e4rung zum Angriff Russlands auf milit\u00e4rische Infrastruktur in Kiew wirft Russland &#8220;Kriegsverbrechen&#8221; [&hellip;]<\/p>\n","protected":false},"author":3,"featured_media":89680,"comment_status":"open","ping_status":"open","sticky":false,"template":"","format":"standard","meta":{"_yoast_indexnow_last_ping":["1756545920"],"wp_automatic_camp":["217"],"5bcb95141f5e7b70413af0ea799a6922":["Ungarn: Keine Verurteilung des russischen Angriffs auf Kiew"],"original_link":["https:\/\/de.rt.com\/europa\/254670-ungarn-keine-verurteilung-russischen-angriffs\/"],"_thumbnail_id":["89680"],"jnews_social_counter_last_update":["1777329092"],"_wptgpro_p2tg_sent2tg":["a:1:{i:23737;s:19:\"2025-08-30 11:26:29\";}"]},"categories":[19,23],"tags":[21409,133,583,375,1025,973,11664,13970],"yoast_head":"<!-- This site is optimized with the Yoast SEO Premium plugin v22.7 (Yoast SEO v22.7) - https:\/\/yoast.com\/wordpress\/plugins\/seo\/ -->\n<title>Ungarn: Keine Verurteilung des russischen Angriffs auf Kiew - just-now.NEWS Deutschland<\/title>\n<meta name=\"robots\" content=\"index, follow, max-snippet:-1, max-image-preview:large, max-video-preview:-1\" \/>\n<link rel=\"canonical\" href=\"https:\/\/now-news.de\/de\/deutschland\/ungarn-keine-verurteilung-des-russischen-angriffs-auf-kiew\/\" \/>\n<meta property=\"og:locale\" content=\"de_DE\" \/>\n<meta property=\"og:type\" content=\"article\" \/>\n<meta property=\"og:title\" content=\"Ungarn: Keine Verurteilung des russischen Angriffs auf Kiew\" \/>\n<meta property=\"og:description\" content=\"In einer gemeinsamen Erkl\u00e4rung verurteilen 26 EU-L\u00e4nder den Angriff Russlands auf Kiew, bei dem die Vertretung der EU besch\u00e4digt wurde. Ungarn verweigerte die Unterschrift. Das Land wendet sich zudem gegen den Beitritt der Ukraine zur EU. Eine von der EU-Au\u00dfenbeauftragten Kaja Kallas ausgearbeitete Erkl\u00e4rung zum Angriff Russlands auf milit\u00e4rische Infrastruktur in Kiew wirft Russland &#8220;Kriegsverbrechen&#8221; [&hellip;]\" \/>\n<meta property=\"og:url\" content=\"https:\/\/now-news.de\/de\/deutschland\/ungarn-keine-verurteilung-des-russischen-angriffs-auf-kiew\/\" \/>\n<meta property=\"og:site_name\" content=\"just-now.NEWS Deutschland\" \/>\n<meta property=\"article:publisher\" content=\"https:\/\/www.facebook.com\/wirmachenauf\" \/>\n<meta property=\"article:published_time\" content=\"2025-08-30T09:10:33+00:00\" \/>\n<meta property=\"og:image\" content=\"https:\/\/now-news.de\/de\/wp-content\/uploads\/sites\/3\/2025\/08\/68b2bc5f48fbef44ce75288b.jpg\" \/>\n<meta name=\"author\" content=\"rtnews\" \/>\n<meta name=\"twitter:card\" content=\"summary_large_image\" \/>\n<meta name=\"twitter:creator\" content=\"@WirMachenAuf_de\" \/>\n<meta name=\"twitter:site\" content=\"@WirMachenAuf_de\" \/>\n<meta name=\"twitter:label1\" content=\"Verfasst von\" \/>\n\t<meta name=\"twitter:data1\" content=\"rtnews\" \/>\n\t<meta name=\"twitter:label2\" content=\"Gesch\u00e4tzte Lesezeit\" \/>\n\t<meta name=\"twitter:data2\" content=\"2\u00a0Minuten\" \/>\n<script type=\"application\/ld+json\" class=\"yoast-schema-graph\">{\"@context\":\"https:\/\/schema.org\",\"@graph\":[{\"@type\":\"Article\",\"@id\":\"https:\/\/now-news.de\/de\/deutschland\/ungarn-keine-verurteilung-des-russischen-angriffs-auf-kiew\/#article\",\"isPartOf\":{\"@id\":\"https:\/\/now-news.de\/de\/deutschland\/ungarn-keine-verurteilung-des-russischen-angriffs-auf-kiew\/\"},\"author\":{\"name\":\"rtnews\",\"@id\":\"https:\/\/now-news.de\/de\/#\/schema\/person\/fb534a4e865501d8b3285208df34a9b5\"},\"headline\":\"Ungarn: Keine Verurteilung des russischen Angriffs auf Kiew\",\"datePublished\":\"2025-08-30T09:10:33+00:00\",\"dateModified\":\"2025-08-30T09:10:33+00:00\",\"mainEntityOfPage\":{\"@id\":\"https:\/\/now-news.de\/de\/deutschland\/ungarn-keine-verurteilung-des-russischen-angriffs-auf-kiew\/\"},\"wordCount\":327,\"commentCount\":0,\"publisher\":{\"@id\":\"https:\/\/now-news.de\/de\/#organization\"},\"image\":{\"@id\":\"https:\/\/now-news.de\/de\/deutschland\/ungarn-keine-verurteilung-des-russischen-angriffs-auf-kiew\/#primaryimage\"},\"thumbnailUrl\":\"https:\/\/now-news.de\/de\/wp-content\/uploads\/sites\/3\/2025\/08\/Ungarn-Keine-Verurteilung-des-russischen-Angriffs-auf-Kiew.jpg\",\"keywords\":[\"Angriffs\",\"AUF\",\"des\",\"keine\",\"Kiew\",\"russischen\",\"Ungarn\",\"Verurteilung\"],\"articleSection\":[\"Deutschland\",\"Russland\"],\"inLanguage\":\"de\",\"potentialAction\":[{\"@type\":\"CommentAction\",\"name\":\"Comment\",\"target\":[\"https:\/\/now-news.de\/de\/deutschland\/ungarn-keine-verurteilung-des-russischen-angriffs-auf-kiew\/#respond\"]}]},{\"@type\":\"WebPage\",\"@id\":\"https:\/\/now-news.de\/de\/deutschland\/ungarn-keine-verurteilung-des-russischen-angriffs-auf-kiew\/\",\"url\":\"https:\/\/now-news.de\/de\/deutschland\/ungarn-keine-verurteilung-des-russischen-angriffs-auf-kiew\/\",\"name\":\"Ungarn: Keine Verurteilung des russischen Angriffs auf Kiew - just-now.NEWS Deutschland\",\"isPartOf\":{\"@id\":\"https:\/\/now-news.de\/de\/#website\"},\"primaryImageOfPage\":{\"@id\":\"https:\/\/now-news.de\/de\/deutschland\/ungarn-keine-verurteilung-des-russischen-angriffs-auf-kiew\/#primaryimage\"},\"image\":{\"@id\":\"https:\/\/now-news.de\/de\/deutschland\/ungarn-keine-verurteilung-des-russischen-angriffs-auf-kiew\/#primaryimage\"},\"thumbnailUrl\":\"https:\/\/now-news.de\/de\/wp-content\/uploads\/sites\/3\/2025\/08\/Ungarn-Keine-Verurteilung-des-russischen-Angriffs-auf-Kiew.jpg\",\"datePublished\":\"2025-08-30T09:10:33+00:00\",\"dateModified\":\"2025-08-30T09:10:33+00:00\",\"breadcrumb\":{\"@id\":\"https:\/\/now-news.de\/de\/deutschland\/ungarn-keine-verurteilung-des-russischen-angriffs-auf-kiew\/#breadcrumb\"},\"inLanguage\":\"de\",\"potentialAction\":[{\"@type\":\"ReadAction\",\"target\":[\"https:\/\/now-news.de\/de\/deutschland\/ungarn-keine-verurteilung-des-russischen-angriffs-auf-kiew\/\"]}]},{\"@type\":\"ImageObject\",\"inLanguage\":\"de\",\"@id\":\"https:\/\/now-news.de\/de\/deutschland\/ungarn-keine-verurteilung-des-russischen-angriffs-auf-kiew\/#primaryimage\",\"url\":\"https:\/\/now-news.de\/de\/wp-content\/uploads\/sites\/3\/2025\/08\/Ungarn-Keine-Verurteilung-des-russischen-Angriffs-auf-Kiew.jpg\",\"contentUrl\":\"https:\/\/now-news.de\/de\/wp-content\/uploads\/sites\/3\/2025\/08\/Ungarn-Keine-Verurteilung-des-russischen-Angriffs-auf-Kiew.jpg\",\"width\":460,\"height\":259,\"caption\":\"Ungarn: Keine Verurteilung des russischen Angriffs auf Kiew\"},{\"@type\":\"BreadcrumbList\",\"@id\":\"https:\/\/now-news.de\/de\/deutschland\/ungarn-keine-verurteilung-des-russischen-angriffs-auf-kiew\/#breadcrumb\",\"itemListElement\":[{\"@type\":\"ListItem\",\"position\":1,\"name\":\"Home\",\"item\":\"https:\/\/now-news.de\/de\/\"},{\"@type\":\"ListItem\",\"position\":2,\"name\":\"Ungarn: Keine Verurteilung des russischen Angriffs auf Kiew\"}]},{\"@type\":\"WebSite\",\"@id\":\"https:\/\/now-news.de\/de\/#website\",\"url\":\"https:\/\/now-news.de\/de\/\",\"name\":\"just-now.NEWS Deutschland\",\"description\":\"Das Portal f\u00fcr unzensierte Nachrichten aus der Welt\",\"publisher\":{\"@id\":\"https:\/\/now-news.de\/de\/#organization\"},\"potentialAction\":[{\"@type\":\"SearchAction\",\"target\":{\"@type\":\"EntryPoint\",\"urlTemplate\":\"https:\/\/now-news.de\/de\/?s={search_term_string}\"},\"query-input\":\"required name=search_term_string\"}],\"inLanguage\":\"de\"},{\"@type\":\"Organization\",\"@id\":\"https:\/\/now-news.de\/de\/#organization\",\"name\":\"Just Now News\",\"url\":\"https:\/\/now-news.de\/de\/\",\"logo\":{\"@type\":\"ImageObject\",\"inLanguage\":\"de\",\"@id\":\"https:\/\/now-news.de\/de\/#\/schema\/logo\/image\/\",\"url\":\"http:\/\/just-now.news\/de\/wp-content\/uploads\/sites\/3\/2022\/04\/logo500x500.jpg\",\"contentUrl\":\"http:\/\/just-now.news\/de\/wp-content\/uploads\/sites\/3\/2022\/04\/logo500x500.jpg\",\"width\":500,\"height\":500,\"caption\":\"Just Now News\"},\"image\":{\"@id\":\"https:\/\/now-news.de\/de\/#\/schema\/logo\/image\/\"},\"sameAs\":[\"https:\/\/www.facebook.com\/wirmachenauf\",\"https:\/\/x.com\/WirMachenAuf_de\"]},{\"@type\":\"Person\",\"@id\":\"https:\/\/now-news.de\/de\/#\/schema\/person\/fb534a4e865501d8b3285208df34a9b5\",\"name\":\"rtnews\",\"image\":{\"@type\":\"ImageObject\",\"inLanguage\":\"de\",\"@id\":\"https:\/\/now-news.de\/de\/#\/schema\/person\/image\/\",\"url\":\"https:\/\/secure.gravatar.com\/avatar\/82aafea7d8127119dd649515f56e2117?s=96&d=mm&r=g\",\"contentUrl\":\"https:\/\/secure.gravatar.com\/avatar\/82aafea7d8127119dd649515f56e2117?s=96&d=mm&r=g\",\"caption\":\"rtnews\"},\"url\":\"https:\/\/now-news.de\/de\/author\/rnews\/\"}]}<\/script>\n<!-- \/ Yoast SEO Premium plugin. -->","yoast_head_json":{"title":"Ungarn: Keine Verurteilung des russischen Angriffs auf Kiew - just-now.NEWS Deutschland","robots":{"index":"index","follow":"follow","max-snippet":"max-snippet:-1","max-image-preview":"max-image-preview:large","max-video-preview":"max-video-preview:-1"},"canonical":"https:\/\/now-news.de\/de\/deutschland\/ungarn-keine-verurteilung-des-russischen-angriffs-auf-kiew\/","og_locale":"de_DE","og_type":"article","og_title":"Ungarn: Keine Verurteilung des russischen Angriffs auf Kiew","og_description":"In einer gemeinsamen Erkl\u00e4rung verurteilen 26 EU-L\u00e4nder den Angriff Russlands auf Kiew, bei dem die Vertretung der EU besch\u00e4digt wurde. Ungarn verweigerte die Unterschrift. Das Land wendet sich zudem gegen den Beitritt der Ukraine zur EU. Eine von der EU-Au\u00dfenbeauftragten Kaja Kallas ausgearbeitete Erkl\u00e4rung zum Angriff Russlands auf milit\u00e4rische Infrastruktur in Kiew wirft Russland &#8220;Kriegsverbrechen&#8221; [&hellip;]","og_url":"https:\/\/now-news.de\/de\/deutschland\/ungarn-keine-verurteilung-des-russischen-angriffs-auf-kiew\/","og_site_name":"just-now.NEWS Deutschland","article_publisher":"https:\/\/www.facebook.com\/wirmachenauf","article_published_time":"2025-08-30T09:10:33+00:00","og_image":[{"url":"https:\/\/now-news.de\/de\/wp-content\/uploads\/sites\/3\/2025\/08\/68b2bc5f48fbef44ce75288b.jpg"}],"author":"rtnews","twitter_card":"summary_large_image","twitter_creator":"@WirMachenAuf_de","twitter_site":"@WirMachenAuf_de","twitter_misc":{"Verfasst von":"rtnews","Gesch\u00e4tzte Lesezeit":"2\u00a0Minuten"},"schema":{"@context":"https:\/\/schema.org","@graph":[{"@type":"Article","@id":"https:\/\/now-news.de\/de\/deutschland\/ungarn-keine-verurteilung-des-russischen-angriffs-auf-kiew\/#article","isPartOf":{"@id":"https:\/\/now-news.de\/de\/deutschland\/ungarn-keine-verurteilung-des-russischen-angriffs-auf-kiew\/"},"author":{"name":"rtnews","@id":"https:\/\/now-news.de\/de\/#\/schema\/person\/fb534a4e865501d8b3285208df34a9b5"},"headline":"Ungarn: Keine Verurteilung des russischen Angriffs auf Kiew","datePublished":"2025-08-30T09:10:33+00:00","dateModified":"2025-08-30T09:10:33+00:00","mainEntityOfPage":{"@id":"https:\/\/now-news.de\/de\/deutschland\/ungarn-keine-verurteilung-des-russischen-angriffs-auf-kiew\/"},"wordCount":327,"commentCount":0,"publisher":{"@id":"https:\/\/now-news.de\/de\/#organization"},"image":{"@id":"https:\/\/now-news.de\/de\/deutschland\/ungarn-keine-verurteilung-des-russischen-angriffs-auf-kiew\/#primaryimage"},"thumbnailUrl":"https:\/\/now-news.de\/de\/wp-content\/uploads\/sites\/3\/2025\/08\/Ungarn-Keine-Verurteilung-des-russischen-Angriffs-auf-Kiew.jpg","keywords":["Angriffs","AUF","des","keine","Kiew","russischen","Ungarn","Verurteilung"],"articleSection":["Deutschland","Russland"],"inLanguage":"de","potentialAction":[{"@type":"CommentAction","name":"Comment","target":["https:\/\/now-news.de\/de\/deutschland\/ungarn-keine-verurteilung-des-russischen-angriffs-auf-kiew\/#respond"]}]},{"@type":"WebPage","@id":"https:\/\/now-news.de\/de\/deutschland\/ungarn-keine-verurteilung-des-russischen-angriffs-auf-kiew\/","url":"https:\/\/now-news.de\/de\/deutschland\/ungarn-keine-verurteilung-des-russischen-angriffs-auf-kiew\/","name":"Ungarn: Keine Verurteilung des russischen Angriffs auf Kiew - just-now.NEWS Deutschland","isPartOf":{"@id":"https:\/\/now-news.de\/de\/#website"},"primaryImageOfPage":{"@id":"https:\/\/now-news.de\/de\/deutschland\/ungarn-keine-verurteilung-des-russischen-angriffs-auf-kiew\/#primaryimage"},"image":{"@id":"https:\/\/now-news.de\/de\/deutschland\/ungarn-keine-verurteilung-des-russischen-angriffs-auf-kiew\/#primaryimage"},"thumbnailUrl":"https:\/\/now-news.de\/de\/wp-content\/uploads\/sites\/3\/2025\/08\/Ungarn-Keine-Verurteilung-des-russischen-Angriffs-auf-Kiew.jpg","datePublished":"2025-08-30T09:10:33+00:00","dateModified":"2025-08-30T09:10:33+00:00","breadcrumb":{"@id":"https:\/\/now-news.de\/de\/deutschland\/ungarn-keine-verurteilung-des-russischen-angriffs-auf-kiew\/#breadcrumb"},"inLanguage":"de","potentialAction":[{"@type":"ReadAction","target":["https:\/\/now-news.de\/de\/deutschland\/ungarn-keine-verurteilung-des-russischen-angriffs-auf-kiew\/"]}]},{"@type":"ImageObject","inLanguage":"de","@id":"https:\/\/now-news.de\/de\/deutschland\/ungarn-keine-verurteilung-des-russischen-angriffs-auf-kiew\/#primaryimage","url":"https:\/\/now-news.de\/de\/wp-content\/uploads\/sites\/3\/2025\/08\/Ungarn-Keine-Verurteilung-des-russischen-Angriffs-auf-Kiew.jpg","contentUrl":"https:\/\/now-news.de\/de\/wp-content\/uploads\/sites\/3\/2025\/08\/Ungarn-Keine-Verurteilung-des-russischen-Angriffs-auf-Kiew.jpg","width":460,"height":259,"caption":"Ungarn: Keine Verurteilung des russischen Angriffs auf Kiew"},{"@type":"BreadcrumbList","@id":"https:\/\/now-news.de\/de\/deutschland\/ungarn-keine-verurteilung-des-russischen-angriffs-auf-kiew\/#breadcrumb","itemListElement":[{"@type":"ListItem","position":1,"name":"Home","item":"https:\/\/now-news.de\/de\/"},{"@type":"ListItem","position":2,"name":"Ungarn: Keine Verurteilung des russischen Angriffs auf Kiew"}]},{"@type":"WebSite","@id":"https:\/\/now-news.de\/de\/#website","url":"https:\/\/now-news.de\/de\/","name":"just-now.NEWS Deutschland","description":"Das Portal f\u00fcr unzensierte Nachrichten aus der Welt","publisher":{"@id":"https:\/\/now-news.de\/de\/#organization"},"potentialAction":[{"@type":"SearchAction","target":{"@type":"EntryPoint","urlTemplate":"https:\/\/now-news.de\/de\/?s={search_term_string}"},"query-input":"required name=search_term_string"}],"inLanguage":"de"},{"@type":"Organization","@id":"https:\/\/now-news.de\/de\/#organization","name":"Just Now News","url":"https:\/\/now-news.de\/de\/","logo":{"@type":"ImageObject","inLanguage":"de","@id":"https:\/\/now-news.de\/de\/#\/schema\/logo\/image\/","url":"http:\/\/just-now.news\/de\/wp-content\/uploads\/sites\/3\/2022\/04\/logo500x500.jpg","contentUrl":"http:\/\/just-now.news\/de\/wp-content\/uploads\/sites\/3\/2022\/04\/logo500x500.jpg","width":500,"height":500,"caption":"Just Now News"},"image":{"@id":"https:\/\/now-news.de\/de\/#\/schema\/logo\/image\/"},"sameAs":["https:\/\/www.facebook.com\/wirmachenauf","https:\/\/x.com\/WirMachenAuf_de"]},{"@type":"Person","@id":"https:\/\/now-news.de\/de\/#\/schema\/person\/fb534a4e865501d8b3285208df34a9b5","name":"rtnews","image":{"@type":"ImageObject","inLanguage":"de","@id":"https:\/\/now-news.de\/de\/#\/schema\/person\/image\/","url":"https:\/\/secure.gravatar.com\/avatar\/82aafea7d8127119dd649515f56e2117?s=96&d=mm&r=g","contentUrl":"https:\/\/secure.gravatar.com\/avatar\/82aafea7d8127119dd649515f56e2117?s=96&d=mm&r=g","caption":"rtnews"},"url":"https:\/\/now-news.de\/de\/author\/rnews\/"}]}},"_links":{"self":[{"href":"https:\/\/now-news.de\/de\/wp-json\/wp\/v2\/posts\/89679"}],"collection":[{"href":"https:\/\/now-news.de\/de\/wp-json\/wp\/v2\/posts"}],"about":[{"href":"https:\/\/now-news.de\/de\/wp-json\/wp\/v2\/types\/post"}],"author":[{"embeddable":true,"href":"https:\/\/now-news.de\/de\/wp-json\/wp\/v2\/users\/3"}],"replies":[{"embeddable":true,"href":"https:\/\/now-news.de\/de\/wp-json\/wp\/v2\/comments?post=89679"}],"version-history":[{"count":0,"href":"https:\/\/now-news.de\/de\/wp-json\/wp\/v2\/posts\/89679\/revisions"}],"wp:featuredmedia":[{"embeddable":true,"href":"https:\/\/now-news.de\/de\/wp-json\/wp\/v2\/media\/89680"}],"wp:attachment":[{"href":"https:\/\/now-news.de\/de\/wp-json\/wp\/v2\/media?parent=89679"}],"wp:term":[{"taxonomy":"category","embeddable":true,"href":"https:\/\/now-news.de\/de\/wp-json\/wp\/v2\/categories?post=89679"},{"taxonomy":"post_tag","embeddable":true,"href":"https:\/\/now-news.de\/de\/wp-json\/wp\/v2\/tags?post=89679"}],"curies":[{"name":"wp","href":"https:\/\/api.w.org\/{rel}","templated":true}]}}