{"id":89643,"date":"2025-08-29T20:00:01","date_gmt":"2025-08-29T18:00:01","guid":{"rendered":"https:\/\/now-news.de\/de\/deutschland\/fast-abschaffung-der-pressefreiheit-roeper-und-lipp-klagen-gegen-eu-sanktionen\/"},"modified":"2025-08-29T20:00:01","modified_gmt":"2025-08-29T18:00:01","slug":"fast-abschaffung-der-pressefreiheit-roeper-und-lipp-klagen-gegen-eu-sanktionen","status":"publish","type":"post","link":"https:\/\/now-news.de\/de\/deutschland\/fast-abschaffung-der-pressefreiheit-roeper-und-lipp-klagen-gegen-eu-sanktionen\/","title":{"rendered":"Fast-Abschaffung der Pressefreiheit\u00a0\u2013 R\u00f6per und Lipp klagen gegen EU-Sanktionen"},"content":{"rendered":"<p><img decoding=\"async\" src=\"https:\/\/now-news.de\/de\/wp-content\/uploads\/sites\/3\/2025\/08\/68b1aebf48fbef05fb471522.png\" \/><\/p>\n<div class=\"Text-root Text-type_1 \">\n                Die Journalisten Thomas R\u00f6per und Alina Lipp klagen vor dem europ\u00e4ischen Gericht gegen die sie betreffenden EU-Sanktionen. Die Anw\u00e4lte Dr. Verena Wester und Dr. Christian Knochen erkl\u00e4ren die gesetzlichen Grundlagen der Sanktionen und wie man juristisch dagegen vorgeht.\n            <\/div>\n<p><\/p>\n<div class=\"Text-root Text-type_5 ArticleView-text ViewText-root \">\n<p><em>Von Felicitas Rabe<\/em>\u00a0<\/p>\n<p>Die Journalisten Alina Lipp und Thomas R\u00f6per wurden im Mai dieses Jahres als erste europ\u00e4ische B\u00fcrger im 17. EU-Sanktionspaket gegen die Russische F\u00f6deration namentlich in der Liste sanktionierter Personen aufgenommen. Dieser Sanktionsvorschlag der hohen Vertreterin der EU f\u00fcr Sicherheit, Kaja Kallas, wurde im Fr\u00fchjahr 2025 von allen 27 EU\u2011Mitgliedsl\u00e4ndern einstimmig beschlossen.<\/p>\n<p>Seitens der EU wird R\u00f6per und Lipp vorgeworfen, sie w\u00fcrden einen russischen Angriffskrieg unterst\u00fctzen. Als Folge der Sanktionen d\u00fcrfen die beiden in Russland lebenden Journalisten nicht mehr in EU-L\u00e4nder einreisen, ihre Verm\u00f6gen in der EU wurden eingefroren und f\u00fcr ihre journalistische Arbeit darf unter Androhung von Strafe von EU-B\u00fcrgern nicht mehr gespendet werden.\u00a0<\/p>\n<p>Dagegen klagen R\u00f6per und Lipp nun vor dem europ\u00e4ischen Gericht mittels einer sogenannten Nichtigkeitsklage. Die Rechtsanw\u00e4ltin Dr. Verena Wester vertritt die Rechte der beiden Sanktionierten mit Unterst\u00fctzung und Begleitung der Anw\u00e4lte f\u00fcr Aufkl\u00e4rung (AFA). \u00a0<\/p>\n<p>In der Sendung\u00a0<a rel=\"nofollow noopener\" target=\"_blank\" href=\"https:\/\/nuoflix.de\/tacheles-168-\">&#8220;Tacheles Spezial&#8221;<\/a>\u00a0ver\u00f6ffentlichte das TV Magazin\u00a0<em>Nuoflix<\/em>\u00a0am vergangenen Freitag ein Interview mit Dr. Verena Wester und dem Vorstandsmitglied der\u00a0<a rel=\"nofollow noopener\" target=\"_blank\" href=\"https:\/\/afaev.eu\/\">Anw\u00e4lte f\u00fcr Aufkl\u00e4rung<\/a>, Dr. Christian Knoche, \u00fcber die rechtlichen Grundlagen der Sanktionen und der Nichtigkeitsklage. Dabei fragte der Journalist und Moderator Robert Stein die Anw\u00e4ltin zun\u00e4chst, nach welchen Gesetzen der Europ\u00e4ische Rat Lipp und R\u00f6per auf die Sanktionsliste setzte.<\/p>\n<p><strong>Rechtsgrundlagen der Sanktionen gegen R\u00f6per und Lipp<\/strong><\/p>\n<p>Verena Wester zufolge, sei die EU\u00a0<a rel=\"nofollow noopener\" target=\"_blank\" href=\"https:\/\/dejure.org\/gesetze\/EUV\/29.html\">nach Artikel 29 des EU-Vertrags<\/a>\u00a0grunds\u00e4tzlich zur Verabschiedung von Sanktionspaketen berechtigt.\u00a0<a rel=\"nofollow noopener\" target=\"_blank\" href=\"https:\/\/www.gesetze-im-internet.de\/gg\/art_23.html\">In Artikel 23 GG des deutschen Grundgesetzes<\/a>\u00a0sei\u00a0 wiederum die \u00dcbertragung der Rechtsmacht an die Europ\u00e4ische Union geregelt. Demnach darf der Bund mit Zustimmung des Bundesrates Hoheitsrechte an die EU \u00fcbertragen. Deshalb laute im Fall von R\u00f6per und Lipp die juristisch zu pr\u00fcfende Frage, ob die beiden Sanktionierten tatbestandlich den Vorwurf erf\u00fcllten, einen angeblich russischen Angriffskrieg zu unterst\u00fctzen.<\/p>\n<p>Rechtsanwalt Knoche fasste die konkreten Vorw\u00fcrfe an dieser Stelle noch einmal zusammen: Der Hauptvorwurf seitens der EU gegen\u00fcber den beiden Journalisten laute demnach &#8220;die Verbreitung systematischer Fehlinformationen aus Russland.&#8221; Zus\u00e4tzlich werde Thomas R\u00f6per seine Teilnahme als Wahlbeobachter beim Referendum im Donbass im Jahr 2022 und sein Bericht \u00fcber ukrainische Kriegsverbrechen bei einem Treffen der Vereinten Nationen vorgeworfen. Der erweiterte Vorwurf gegen\u00fcber Alina Lipp beinhalte, dass sie Interviews gegen\u00fcber russischen Medien gegeben habe.<\/p>\n<p>Zum Vorwurf der Verbreitung von Fehlinformationen aus Russland \u00e4u\u00dferte sich auch der per Video zugeschaltete Journalist Thomas R\u00f6per aus Petersburg: Er habe bei besagtem UN-Treffen \u00fcber die russische Organisation &#8220;Gesellschaftliches Tribunal f\u00fcr Kriegsverbrechen&#8221; berichtet, welche ukrainische Kriegsverbrechen dokumentiere. R\u00f6per kommentierte die diesbez\u00fcglichen Vorw\u00fcrfe:\u00a0&#8220;Wenn das illegal sein soll, kann ich nur jedem raten: Geht nicht mehr zur UNO, das ist gef\u00e4hrlich.&#8221;<\/p>\n<p><strong>Rechtliche Bewertung der Vorw\u00fcrfe<\/strong><\/p>\n<p>Ob die beiden Journalisten denn tats\u00e4chlich gegen Recht versto\u00dfen h\u00e4tten, wollte Moderator Stein dann wissen. R\u00f6per und Lipp h\u00e4tten keinerlei Straftaten im Sinne der Vorw\u00fcrfe begangen, erkl\u00e4rte der AfA-Anwalt Knoche. Dazu f\u00fchrte er aus:\u00a0&#8220;Sie haben als freie Journalisten aus Russland und aus der Ukraine berichtet. Damit nehmen sie ihre gesetzlich verankerte Pressefreiheit wahr. Und die Wahrnehmung der Pressefreiheit kann kein Sanktionskriterium sein. Wir sind der Auffassung, dass hier ein eklatanter Versto\u00df gegen die Meinungs- und Pressefreiheit vorliegt.&#8221;<\/p>\n<p>Steins wollte wissen, wie es sein k\u00f6nne, dass ein Exekutivorgan wie der Europ\u00e4ische Rat, solche Repressionen gegen EU-B\u00fcrger erlassen k\u00f6nne, ohne gerichtliche Anh\u00f6rung. Man m\u00fcsse sich das vorstellen, wie einen von deutschen Exekutivorganen angeordneten F\u00fchrerscheinentzug, so Wester. Auch dagegen k\u00f6nne man erst nach dem Beschluss Rechtsmittel einlegen.<\/p>\n<p><strong>Deutsche und europ\u00e4ische Gesetzesgrundlagen f\u00fcr die Klage gegen die Sanktionen<\/strong><\/p>\n<p>Anschlie\u00dfend stellte die Juristin die rechtlichen Grundlagen f\u00fcr die Nichtigkeitsklage dar.\u00a0<a rel=\"nofollow noopener\" target=\"_blank\" href=\"https:\/\/www.gesetze-im-internet.de\/gg\/art_5.html\">Artikel 5 des Grundgesetzes<\/a>\u00a0und die darin geregelte Meinungs- und Pressefreiheit seien ein konstituierendes Element f\u00fcr eine demokratisch freiheitliche Grundordnung. Gem\u00e4\u00df diesem Grundrecht bes\u00e4\u00dfen alle B\u00fcrger das Recht auf freie Meinungs\u00e4u\u00dferung, unabh\u00e4ngig davon, ob es einem europ\u00e4ischen Staat oder der EU insgesamt gefalle. In Artikel 5, Absatz 1 steht:<\/p>\n<p><em>&#8220;(1) Jeder hat das Recht, seine Meinung in Wort, Schrift und Bild frei zu \u00e4u\u00dfern und zu verbreiten und sich aus allgemein zug\u00e4nglichen Quellen ungehindert zu unterrichten. Die Pressefreiheit und die Freiheit der Berichterstattung durch Rundfunk und Film werden gew\u00e4hrleistet. Eine Zensur findet nicht statt.&#8221;<\/em><\/p>\n<p>Im Rahmen der EU sei die Pressefreiheit auch durch\u00a0<a rel=\"nofollow noopener\" target=\"_blank\" href=\"https:\/\/dejure.org\/gesetze\/GRCh\/11.html\">Artikel 11 der Charta der Grundrechte der Europ\u00e4ischen Union<\/a>\u00a0gesch\u00fctzt. In Artikel 11 &#8220;Freiheit der Meinungs\u00e4u\u00dferung und Informationsfreiheit&#8221; hei\u00dft es dazu:<\/p>\n<p><em>(1) Jede Person hat das Recht auf freie Meinungs\u00e4u\u00dferung. Dieses Recht schlie\u00dft die Meinungsfreiheit und die Freiheit ein, Informationen und Ideen ohne beh\u00f6rdliche Eingriffe und ohne R\u00fccksicht auf Staatsgrenzen zu empfangen und weiterzugeben.<br \/>(2) Die Freiheit der Medien und ihre Pluralit\u00e4t werden geachtet.<\/em><\/p>\n<p>Und schlie\u00dflich regele auch <a rel=\"nofollow noopener\" target=\"_blank\" href=\"https:\/\/presserecht.de\/index.php?id=703&amp;option=com_content&amp;task=view\">Artikel 10 der Europ\u00e4ischen Menschenrechtskonvention<\/a> (EMRK) das Recht auf freie Meinungs\u00e4u\u00dferung ohne R\u00fccksicht auf Landesgrenzen. Im Absatz 1, erster Satz des Artikel 10 hei\u00dft es:<\/p>\n<p>&#8220;<em>1. Jedermann hat Anspruch auf freie Meinungs\u00e4u\u00dferung. Dieses Recht schlie\u00dft die Freiheit der Meinung und die Freiheit zum Empfang und zur Mitteilung von Nachrichten oder Ideen ohne Eingriffe \u00f6ffentlicher Beh\u00f6rden und ohne R\u00fccksicht auf Landesgrenzen ein.&#8221;<\/em><\/p>\n<p>Ausdr\u00fccklich w\u00fcrden auch kritische Berichte unter die Meinungs- und Pressefreiheit fallen.\u00a0Rechtsanwalt Knoche erg\u00e4nzte: &#8220;Es darf nicht sein, dass Journalisten nur im Sinne des jeweiligen Narrativs eines Landes oder der EU-Doktrin berichten d\u00fcrften.&#8221;<\/p>\n<p>Die Anw\u00e4lte f\u00fcr Aufkl\u00e4rung w\u00fcrden diese F\u00e4lle begleiten, weil sie einen massiven Eingriff in die Pressefreiheit bedeuteten, so massiv, dass es schon fast einer Aufhebung der Pressefreiheit gleichk\u00e4me. Im Jahr 2020 habe sich der AfA-Anwaltsverband gegr\u00fcndet, insbesondere um \u00fcber das staatliche Unrecht \u00fcberwiegend rechtswidriger Coronama\u00dfnahmen aufzukl\u00e4ren und zu berichten \u2013 in Zeiten, in denen die Mainstream-Medien die Berichterstattung dazu nahezu unterlie\u00dfen.<\/p>\n<p><strong>Mehr zum Thema<\/strong> &#8211;\u00a0<a rel=\"nofollow noopener\" target=\"_blank\" href=\"https:\/\/dert.online\/meinung\/245572-neue-sanktionen-eu-schafft-novum\/\">Neue Sanktionen: EU schafft Novum, um Kritiker und freie Presse auszuschalten <\/a><\/p>\n<div class=\"EmbedBlock-root EmbedBlock-externalVideo EmbedBlock-rumble\">\n<div class=\"VkEmbed\"><iframe class=\"lazyload\" data-src=\"https:\/\/rumble.com\/embed\/v6rh37p\" frameborder=\"0\" width=\"853\" height=\"480\" allowfullscreen><\/iframe><\/div>\n<\/div>\n<\/div>\n<p><br \/>\n<br \/><a href=\"https:\/\/de.rt.com\/europa\/254607-wie-abschaffung-pressefreiheit-roeper-und\/\">Source link <\/a><\/p>\n","protected":false},"excerpt":{"rendered":"<p>Die Journalisten Thomas R\u00f6per und Alina Lipp klagen vor dem europ\u00e4ischen Gericht gegen die sie betreffenden EU-Sanktionen. Die Anw\u00e4lte Dr. Verena Wester und Dr. Christian Knochen erkl\u00e4ren die gesetzlichen Grundlagen der Sanktionen und wie man juristisch dagegen vorgeht. Von Felicitas Rabe\u00a0 Die Journalisten Alina Lipp und Thomas R\u00f6per wurden im Mai dieses Jahres als erste [&hellip;]<\/p>\n","protected":false},"author":3,"featured_media":89644,"comment_status":"open","ping_status":"open","sticky":false,"template":"","format":"standard","meta":{"_yoast_indexnow_last_ping":["1756490977"],"wp_automatic_camp":["217"],"1db458a64ab9b3013c7fecffa6edb3b7":["Fast-Abschaffung der Pressefreiheit\u00a0\u2013 R\u00f6per und Lipp klagen gegen EU-Sanktionen"],"original_link":["https:\/\/de.rt.com\/europa\/254607-wie-abschaffung-pressefreiheit-roeper-und\/"],"_thumbnail_id":["89644"],"jnews_social_counter_last_update":["1777296518"],"_wptgpro_p2tg_sent2tg":["a:1:{i:23737;s:19:\"2025-08-29 20:10:58\";}"]},"categories":[19,23],"tags":[82,22596,67356,278,22673,24670,8904,1172,140],"yoast_head":"<!-- This site is optimized with the Yoast SEO Premium plugin v22.7 (Yoast SEO v22.7) - https:\/\/yoast.com\/wordpress\/plugins\/seo\/ -->\n<title>Fast-Abschaffung der Pressefreiheit\u00a0\u2013 R\u00f6per und Lipp klagen gegen EU-Sanktionen - just-now.NEWS Deutschland<\/title>\n<meta name=\"robots\" content=\"index, follow, max-snippet:-1, max-image-preview:large, max-video-preview:-1\" \/>\n<link rel=\"canonical\" href=\"https:\/\/now-news.de\/de\/deutschland\/fast-abschaffung-der-pressefreiheit-roeper-und-lipp-klagen-gegen-eu-sanktionen\/\" \/>\n<meta property=\"og:locale\" content=\"de_DE\" \/>\n<meta property=\"og:type\" content=\"article\" \/>\n<meta property=\"og:title\" content=\"Fast-Abschaffung der Pressefreiheit\u00a0\u2013 R\u00f6per und Lipp klagen gegen EU-Sanktionen\" \/>\n<meta property=\"og:description\" content=\"Die Journalisten Thomas R\u00f6per und Alina Lipp klagen vor dem europ\u00e4ischen Gericht gegen die sie betreffenden EU-Sanktionen. Die Anw\u00e4lte Dr. Verena Wester und Dr. Christian Knochen erkl\u00e4ren die gesetzlichen Grundlagen der Sanktionen und wie man juristisch dagegen vorgeht. Von Felicitas Rabe\u00a0 Die Journalisten Alina Lipp und Thomas R\u00f6per wurden im Mai dieses Jahres als erste [&hellip;]\" \/>\n<meta property=\"og:url\" content=\"https:\/\/now-news.de\/de\/deutschland\/fast-abschaffung-der-pressefreiheit-roeper-und-lipp-klagen-gegen-eu-sanktionen\/\" \/>\n<meta property=\"og:site_name\" content=\"just-now.NEWS Deutschland\" \/>\n<meta property=\"article:publisher\" content=\"https:\/\/www.facebook.com\/wirmachenauf\" \/>\n<meta property=\"article:published_time\" content=\"2025-08-29T18:00:01+00:00\" \/>\n<meta property=\"og:image\" content=\"https:\/\/now-news.de\/de\/wp-content\/uploads\/sites\/3\/2025\/08\/68b1aebf48fbef05fb471522.png\" \/>\n<meta name=\"author\" content=\"rtnews\" \/>\n<meta name=\"twitter:card\" content=\"summary_large_image\" \/>\n<meta name=\"twitter:creator\" content=\"@WirMachenAuf_de\" \/>\n<meta name=\"twitter:site\" content=\"@WirMachenAuf_de\" \/>\n<meta name=\"twitter:label1\" content=\"Verfasst von\" \/>\n\t<meta name=\"twitter:data1\" content=\"rtnews\" \/>\n\t<meta name=\"twitter:label2\" content=\"Gesch\u00e4tzte Lesezeit\" \/>\n\t<meta name=\"twitter:data2\" content=\"5\u00a0Minuten\" \/>\n<script type=\"application\/ld+json\" class=\"yoast-schema-graph\">{\"@context\":\"https:\/\/schema.org\",\"@graph\":[{\"@type\":\"Article\",\"@id\":\"https:\/\/now-news.de\/de\/deutschland\/fast-abschaffung-der-pressefreiheit-roeper-und-lipp-klagen-gegen-eu-sanktionen\/#article\",\"isPartOf\":{\"@id\":\"https:\/\/now-news.de\/de\/deutschland\/fast-abschaffung-der-pressefreiheit-roeper-und-lipp-klagen-gegen-eu-sanktionen\/\"},\"author\":{\"name\":\"rtnews\",\"@id\":\"https:\/\/now-news.de\/de\/#\/schema\/person\/fb534a4e865501d8b3285208df34a9b5\"},\"headline\":\"Fast-Abschaffung der Pressefreiheit\u00a0\u2013 R\u00f6per und Lipp klagen gegen EU-Sanktionen\",\"datePublished\":\"2025-08-29T18:00:01+00:00\",\"dateModified\":\"2025-08-29T18:00:01+00:00\",\"mainEntityOfPage\":{\"@id\":\"https:\/\/now-news.de\/de\/deutschland\/fast-abschaffung-der-pressefreiheit-roeper-und-lipp-klagen-gegen-eu-sanktionen\/\"},\"wordCount\":1062,\"commentCount\":0,\"publisher\":{\"@id\":\"https:\/\/now-news.de\/de\/#organization\"},\"image\":{\"@id\":\"https:\/\/now-news.de\/de\/deutschland\/fast-abschaffung-der-pressefreiheit-roeper-und-lipp-klagen-gegen-eu-sanktionen\/#primaryimage\"},\"thumbnailUrl\":\"https:\/\/now-news.de\/de\/wp-content\/uploads\/sites\/3\/2025\/08\/Fast-Abschaffung-der-Pressefreiheit-\u2013-Roeper-und-Lipp-klagen-gegen-EU-Sanktionen.png\",\"keywords\":[\"der\",\"EUSanktionen\",\"FastAbschaffung\",\"gegen\",\"klagen\",\"Lipp\",\"pressefreiheit\",\"R\u00f6per\",\"und\"],\"articleSection\":[\"Deutschland\",\"Russland\"],\"inLanguage\":\"de\",\"potentialAction\":[{\"@type\":\"CommentAction\",\"name\":\"Comment\",\"target\":[\"https:\/\/now-news.de\/de\/deutschland\/fast-abschaffung-der-pressefreiheit-roeper-und-lipp-klagen-gegen-eu-sanktionen\/#respond\"]}]},{\"@type\":\"WebPage\",\"@id\":\"https:\/\/now-news.de\/de\/deutschland\/fast-abschaffung-der-pressefreiheit-roeper-und-lipp-klagen-gegen-eu-sanktionen\/\",\"url\":\"https:\/\/now-news.de\/de\/deutschland\/fast-abschaffung-der-pressefreiheit-roeper-und-lipp-klagen-gegen-eu-sanktionen\/\",\"name\":\"Fast-Abschaffung der Pressefreiheit\u00a0\u2013 R\u00f6per und Lipp klagen gegen EU-Sanktionen - just-now.NEWS Deutschland\",\"isPartOf\":{\"@id\":\"https:\/\/now-news.de\/de\/#website\"},\"primaryImageOfPage\":{\"@id\":\"https:\/\/now-news.de\/de\/deutschland\/fast-abschaffung-der-pressefreiheit-roeper-und-lipp-klagen-gegen-eu-sanktionen\/#primaryimage\"},\"image\":{\"@id\":\"https:\/\/now-news.de\/de\/deutschland\/fast-abschaffung-der-pressefreiheit-roeper-und-lipp-klagen-gegen-eu-sanktionen\/#primaryimage\"},\"thumbnailUrl\":\"https:\/\/now-news.de\/de\/wp-content\/uploads\/sites\/3\/2025\/08\/Fast-Abschaffung-der-Pressefreiheit-\u2013-Roeper-und-Lipp-klagen-gegen-EU-Sanktionen.png\",\"datePublished\":\"2025-08-29T18:00:01+00:00\",\"dateModified\":\"2025-08-29T18:00:01+00:00\",\"breadcrumb\":{\"@id\":\"https:\/\/now-news.de\/de\/deutschland\/fast-abschaffung-der-pressefreiheit-roeper-und-lipp-klagen-gegen-eu-sanktionen\/#breadcrumb\"},\"inLanguage\":\"de\",\"potentialAction\":[{\"@type\":\"ReadAction\",\"target\":[\"https:\/\/now-news.de\/de\/deutschland\/fast-abschaffung-der-pressefreiheit-roeper-und-lipp-klagen-gegen-eu-sanktionen\/\"]}]},{\"@type\":\"ImageObject\",\"inLanguage\":\"de\",\"@id\":\"https:\/\/now-news.de\/de\/deutschland\/fast-abschaffung-der-pressefreiheit-roeper-und-lipp-klagen-gegen-eu-sanktionen\/#primaryimage\",\"url\":\"https:\/\/now-news.de\/de\/wp-content\/uploads\/sites\/3\/2025\/08\/Fast-Abschaffung-der-Pressefreiheit-\u2013-Roeper-und-Lipp-klagen-gegen-EU-Sanktionen.png\",\"contentUrl\":\"https:\/\/now-news.de\/de\/wp-content\/uploads\/sites\/3\/2025\/08\/Fast-Abschaffung-der-Pressefreiheit-\u2013-Roeper-und-Lipp-klagen-gegen-EU-Sanktionen.png\",\"width\":460,\"height\":259,\"caption\":\"Fast-Abschaffung der Pressefreiheit\u00a0\u2013 R\u00f6per und Lipp klagen gegen EU-Sanktionen\"},{\"@type\":\"BreadcrumbList\",\"@id\":\"https:\/\/now-news.de\/de\/deutschland\/fast-abschaffung-der-pressefreiheit-roeper-und-lipp-klagen-gegen-eu-sanktionen\/#breadcrumb\",\"itemListElement\":[{\"@type\":\"ListItem\",\"position\":1,\"name\":\"Home\",\"item\":\"https:\/\/now-news.de\/de\/\"},{\"@type\":\"ListItem\",\"position\":2,\"name\":\"Fast-Abschaffung der Pressefreiheit\u00a0\u2013 R\u00f6per und Lipp klagen gegen EU-Sanktionen\"}]},{\"@type\":\"WebSite\",\"@id\":\"https:\/\/now-news.de\/de\/#website\",\"url\":\"https:\/\/now-news.de\/de\/\",\"name\":\"just-now.NEWS Deutschland\",\"description\":\"Das Portal f\u00fcr unzensierte Nachrichten aus der Welt\",\"publisher\":{\"@id\":\"https:\/\/now-news.de\/de\/#organization\"},\"potentialAction\":[{\"@type\":\"SearchAction\",\"target\":{\"@type\":\"EntryPoint\",\"urlTemplate\":\"https:\/\/now-news.de\/de\/?s={search_term_string}\"},\"query-input\":\"required name=search_term_string\"}],\"inLanguage\":\"de\"},{\"@type\":\"Organization\",\"@id\":\"https:\/\/now-news.de\/de\/#organization\",\"name\":\"Just Now News\",\"url\":\"https:\/\/now-news.de\/de\/\",\"logo\":{\"@type\":\"ImageObject\",\"inLanguage\":\"de\",\"@id\":\"https:\/\/now-news.de\/de\/#\/schema\/logo\/image\/\",\"url\":\"http:\/\/just-now.news\/de\/wp-content\/uploads\/sites\/3\/2022\/04\/logo500x500.jpg\",\"contentUrl\":\"http:\/\/just-now.news\/de\/wp-content\/uploads\/sites\/3\/2022\/04\/logo500x500.jpg\",\"width\":500,\"height\":500,\"caption\":\"Just Now News\"},\"image\":{\"@id\":\"https:\/\/now-news.de\/de\/#\/schema\/logo\/image\/\"},\"sameAs\":[\"https:\/\/www.facebook.com\/wirmachenauf\",\"https:\/\/x.com\/WirMachenAuf_de\"]},{\"@type\":\"Person\",\"@id\":\"https:\/\/now-news.de\/de\/#\/schema\/person\/fb534a4e865501d8b3285208df34a9b5\",\"name\":\"rtnews\",\"image\":{\"@type\":\"ImageObject\",\"inLanguage\":\"de\",\"@id\":\"https:\/\/now-news.de\/de\/#\/schema\/person\/image\/\",\"url\":\"https:\/\/secure.gravatar.com\/avatar\/82aafea7d8127119dd649515f56e2117?s=96&d=mm&r=g\",\"contentUrl\":\"https:\/\/secure.gravatar.com\/avatar\/82aafea7d8127119dd649515f56e2117?s=96&d=mm&r=g\",\"caption\":\"rtnews\"},\"url\":\"https:\/\/now-news.de\/de\/author\/rnews\/\"}]}<\/script>\n<!-- \/ Yoast SEO Premium plugin. -->","yoast_head_json":{"title":"Fast-Abschaffung der Pressefreiheit\u00a0\u2013 R\u00f6per und Lipp klagen gegen EU-Sanktionen - just-now.NEWS Deutschland","robots":{"index":"index","follow":"follow","max-snippet":"max-snippet:-1","max-image-preview":"max-image-preview:large","max-video-preview":"max-video-preview:-1"},"canonical":"https:\/\/now-news.de\/de\/deutschland\/fast-abschaffung-der-pressefreiheit-roeper-und-lipp-klagen-gegen-eu-sanktionen\/","og_locale":"de_DE","og_type":"article","og_title":"Fast-Abschaffung der Pressefreiheit\u00a0\u2013 R\u00f6per und Lipp klagen gegen EU-Sanktionen","og_description":"Die Journalisten Thomas R\u00f6per und Alina Lipp klagen vor dem europ\u00e4ischen Gericht gegen die sie betreffenden EU-Sanktionen. Die Anw\u00e4lte Dr. Verena Wester und Dr. Christian Knochen erkl\u00e4ren die gesetzlichen Grundlagen der Sanktionen und wie man juristisch dagegen vorgeht. Von Felicitas Rabe\u00a0 Die Journalisten Alina Lipp und Thomas R\u00f6per wurden im Mai dieses Jahres als erste [&hellip;]","og_url":"https:\/\/now-news.de\/de\/deutschland\/fast-abschaffung-der-pressefreiheit-roeper-und-lipp-klagen-gegen-eu-sanktionen\/","og_site_name":"just-now.NEWS Deutschland","article_publisher":"https:\/\/www.facebook.com\/wirmachenauf","article_published_time":"2025-08-29T18:00:01+00:00","og_image":[{"url":"https:\/\/now-news.de\/de\/wp-content\/uploads\/sites\/3\/2025\/08\/68b1aebf48fbef05fb471522.png"}],"author":"rtnews","twitter_card":"summary_large_image","twitter_creator":"@WirMachenAuf_de","twitter_site":"@WirMachenAuf_de","twitter_misc":{"Verfasst von":"rtnews","Gesch\u00e4tzte Lesezeit":"5\u00a0Minuten"},"schema":{"@context":"https:\/\/schema.org","@graph":[{"@type":"Article","@id":"https:\/\/now-news.de\/de\/deutschland\/fast-abschaffung-der-pressefreiheit-roeper-und-lipp-klagen-gegen-eu-sanktionen\/#article","isPartOf":{"@id":"https:\/\/now-news.de\/de\/deutschland\/fast-abschaffung-der-pressefreiheit-roeper-und-lipp-klagen-gegen-eu-sanktionen\/"},"author":{"name":"rtnews","@id":"https:\/\/now-news.de\/de\/#\/schema\/person\/fb534a4e865501d8b3285208df34a9b5"},"headline":"Fast-Abschaffung der Pressefreiheit\u00a0\u2013 R\u00f6per und Lipp klagen gegen EU-Sanktionen","datePublished":"2025-08-29T18:00:01+00:00","dateModified":"2025-08-29T18:00:01+00:00","mainEntityOfPage":{"@id":"https:\/\/now-news.de\/de\/deutschland\/fast-abschaffung-der-pressefreiheit-roeper-und-lipp-klagen-gegen-eu-sanktionen\/"},"wordCount":1062,"commentCount":0,"publisher":{"@id":"https:\/\/now-news.de\/de\/#organization"},"image":{"@id":"https:\/\/now-news.de\/de\/deutschland\/fast-abschaffung-der-pressefreiheit-roeper-und-lipp-klagen-gegen-eu-sanktionen\/#primaryimage"},"thumbnailUrl":"https:\/\/now-news.de\/de\/wp-content\/uploads\/sites\/3\/2025\/08\/Fast-Abschaffung-der-Pressefreiheit-\u2013-Roeper-und-Lipp-klagen-gegen-EU-Sanktionen.png","keywords":["der","EUSanktionen","FastAbschaffung","gegen","klagen","Lipp","pressefreiheit","R\u00f6per","und"],"articleSection":["Deutschland","Russland"],"inLanguage":"de","potentialAction":[{"@type":"CommentAction","name":"Comment","target":["https:\/\/now-news.de\/de\/deutschland\/fast-abschaffung-der-pressefreiheit-roeper-und-lipp-klagen-gegen-eu-sanktionen\/#respond"]}]},{"@type":"WebPage","@id":"https:\/\/now-news.de\/de\/deutschland\/fast-abschaffung-der-pressefreiheit-roeper-und-lipp-klagen-gegen-eu-sanktionen\/","url":"https:\/\/now-news.de\/de\/deutschland\/fast-abschaffung-der-pressefreiheit-roeper-und-lipp-klagen-gegen-eu-sanktionen\/","name":"Fast-Abschaffung der Pressefreiheit\u00a0\u2013 R\u00f6per und Lipp klagen gegen EU-Sanktionen - just-now.NEWS Deutschland","isPartOf":{"@id":"https:\/\/now-news.de\/de\/#website"},"primaryImageOfPage":{"@id":"https:\/\/now-news.de\/de\/deutschland\/fast-abschaffung-der-pressefreiheit-roeper-und-lipp-klagen-gegen-eu-sanktionen\/#primaryimage"},"image":{"@id":"https:\/\/now-news.de\/de\/deutschland\/fast-abschaffung-der-pressefreiheit-roeper-und-lipp-klagen-gegen-eu-sanktionen\/#primaryimage"},"thumbnailUrl":"https:\/\/now-news.de\/de\/wp-content\/uploads\/sites\/3\/2025\/08\/Fast-Abschaffung-der-Pressefreiheit-\u2013-Roeper-und-Lipp-klagen-gegen-EU-Sanktionen.png","datePublished":"2025-08-29T18:00:01+00:00","dateModified":"2025-08-29T18:00:01+00:00","breadcrumb":{"@id":"https:\/\/now-news.de\/de\/deutschland\/fast-abschaffung-der-pressefreiheit-roeper-und-lipp-klagen-gegen-eu-sanktionen\/#breadcrumb"},"inLanguage":"de","potentialAction":[{"@type":"ReadAction","target":["https:\/\/now-news.de\/de\/deutschland\/fast-abschaffung-der-pressefreiheit-roeper-und-lipp-klagen-gegen-eu-sanktionen\/"]}]},{"@type":"ImageObject","inLanguage":"de","@id":"https:\/\/now-news.de\/de\/deutschland\/fast-abschaffung-der-pressefreiheit-roeper-und-lipp-klagen-gegen-eu-sanktionen\/#primaryimage","url":"https:\/\/now-news.de\/de\/wp-content\/uploads\/sites\/3\/2025\/08\/Fast-Abschaffung-der-Pressefreiheit-\u2013-Roeper-und-Lipp-klagen-gegen-EU-Sanktionen.png","contentUrl":"https:\/\/now-news.de\/de\/wp-content\/uploads\/sites\/3\/2025\/08\/Fast-Abschaffung-der-Pressefreiheit-\u2013-Roeper-und-Lipp-klagen-gegen-EU-Sanktionen.png","width":460,"height":259,"caption":"Fast-Abschaffung der Pressefreiheit\u00a0\u2013 R\u00f6per und Lipp klagen gegen EU-Sanktionen"},{"@type":"BreadcrumbList","@id":"https:\/\/now-news.de\/de\/deutschland\/fast-abschaffung-der-pressefreiheit-roeper-und-lipp-klagen-gegen-eu-sanktionen\/#breadcrumb","itemListElement":[{"@type":"ListItem","position":1,"name":"Home","item":"https:\/\/now-news.de\/de\/"},{"@type":"ListItem","position":2,"name":"Fast-Abschaffung der Pressefreiheit\u00a0\u2013 R\u00f6per und Lipp klagen gegen EU-Sanktionen"}]},{"@type":"WebSite","@id":"https:\/\/now-news.de\/de\/#website","url":"https:\/\/now-news.de\/de\/","name":"just-now.NEWS Deutschland","description":"Das Portal f\u00fcr unzensierte Nachrichten aus der Welt","publisher":{"@id":"https:\/\/now-news.de\/de\/#organization"},"potentialAction":[{"@type":"SearchAction","target":{"@type":"EntryPoint","urlTemplate":"https:\/\/now-news.de\/de\/?s={search_term_string}"},"query-input":"required name=search_term_string"}],"inLanguage":"de"},{"@type":"Organization","@id":"https:\/\/now-news.de\/de\/#organization","name":"Just Now News","url":"https:\/\/now-news.de\/de\/","logo":{"@type":"ImageObject","inLanguage":"de","@id":"https:\/\/now-news.de\/de\/#\/schema\/logo\/image\/","url":"http:\/\/just-now.news\/de\/wp-content\/uploads\/sites\/3\/2022\/04\/logo500x500.jpg","contentUrl":"http:\/\/just-now.news\/de\/wp-content\/uploads\/sites\/3\/2022\/04\/logo500x500.jpg","width":500,"height":500,"caption":"Just Now News"},"image":{"@id":"https:\/\/now-news.de\/de\/#\/schema\/logo\/image\/"},"sameAs":["https:\/\/www.facebook.com\/wirmachenauf","https:\/\/x.com\/WirMachenAuf_de"]},{"@type":"Person","@id":"https:\/\/now-news.de\/de\/#\/schema\/person\/fb534a4e865501d8b3285208df34a9b5","name":"rtnews","image":{"@type":"ImageObject","inLanguage":"de","@id":"https:\/\/now-news.de\/de\/#\/schema\/person\/image\/","url":"https:\/\/secure.gravatar.com\/avatar\/82aafea7d8127119dd649515f56e2117?s=96&d=mm&r=g","contentUrl":"https:\/\/secure.gravatar.com\/avatar\/82aafea7d8127119dd649515f56e2117?s=96&d=mm&r=g","caption":"rtnews"},"url":"https:\/\/now-news.de\/de\/author\/rnews\/"}]}},"_links":{"self":[{"href":"https:\/\/now-news.de\/de\/wp-json\/wp\/v2\/posts\/89643"}],"collection":[{"href":"https:\/\/now-news.de\/de\/wp-json\/wp\/v2\/posts"}],"about":[{"href":"https:\/\/now-news.de\/de\/wp-json\/wp\/v2\/types\/post"}],"author":[{"embeddable":true,"href":"https:\/\/now-news.de\/de\/wp-json\/wp\/v2\/users\/3"}],"replies":[{"embeddable":true,"href":"https:\/\/now-news.de\/de\/wp-json\/wp\/v2\/comments?post=89643"}],"version-history":[{"count":0,"href":"https:\/\/now-news.de\/de\/wp-json\/wp\/v2\/posts\/89643\/revisions"}],"wp:featuredmedia":[{"embeddable":true,"href":"https:\/\/now-news.de\/de\/wp-json\/wp\/v2\/media\/89644"}],"wp:attachment":[{"href":"https:\/\/now-news.de\/de\/wp-json\/wp\/v2\/media?parent=89643"}],"wp:term":[{"taxonomy":"category","embeddable":true,"href":"https:\/\/now-news.de\/de\/wp-json\/wp\/v2\/categories?post=89643"},{"taxonomy":"post_tag","embeddable":true,"href":"https:\/\/now-news.de\/de\/wp-json\/wp\/v2\/tags?post=89643"}],"curies":[{"name":"wp","href":"https:\/\/api.w.org\/{rel}","templated":true}]}}