{"id":89621,"date":"2025-08-29T14:19:28","date_gmt":"2025-08-29T12:19:28","guid":{"rendered":"https:\/\/now-news.de\/de\/deutschland\/deutsche-kernbranche-maschinenbau-jeder-fuenfte-arbeitsplatz-bedroht\/"},"modified":"2025-08-29T14:19:28","modified_gmt":"2025-08-29T12:19:28","slug":"deutsche-kernbranche-maschinenbau-jeder-fuenfte-arbeitsplatz-bedroht","status":"publish","type":"post","link":"https:\/\/now-news.de\/de\/deutschland\/deutsche-kernbranche-maschinenbau-jeder-fuenfte-arbeitsplatz-bedroht\/","title":{"rendered":"Deutsche Kernbranche Maschinenbau: Jeder f\u00fcnfte Arbeitsplatz bedroht"},"content":{"rendered":"<p><img decoding=\"async\" src=\"https:\/\/now-news.de\/de\/wp-content\/uploads\/sites\/3\/2025\/08\/68b18cebb480cc6cc21e9a84.jpg\" \/><\/p>\n<div class=\"Text-root Text-type_1 \">\n                Aufgrund der geopolitischen Rahmenbedingungen und der Unt\u00e4tigkeit der Politik verd\u00fcstern sich die Aussichten f\u00fcr die deutsche Industrie. Allein im Maschinenbau sind 200.000 Arbeitspl\u00e4tze gef\u00e4hrdet. Optimismus verbreiten nur staatliche Beh\u00f6rden &#8211; ohne triftigen Grund.\n            <\/div>\n<p><\/p>\n<div class=\"Text-root Text-type_5 ArticleView-text ViewText-root \">\n<p>Die Arbeitsagentur meldete am Freitag den Anstieg der Arbeitslosenzahl auf \u00fcber drei Millionen und damit auf den h\u00f6chsten Stand seit Februar\u00a02015. Gleichzeitig beschwichtigt die Beh\u00f6rde: Damit sei der H\u00f6chststand erreicht. Die von der ehemaligen Arbeitsministerin Andrea Nahles (SPD) gef\u00fchrte\u00a0Bundesagentur f\u00fcr Arbeit mit Sitz in N\u00fcrnberg\u00a0erwartet r\u00fcckl\u00e4ufige Arbeitslosenzahlen.<\/p>\n<p>Diese Erwartung ist vermutlich eher politisch motiviert. Als Beh\u00f6rde ist die Arbeitsagentur nicht unabh\u00e4ngig. Eine aktuelle Studie der Unternehmensberatung Horvath, \u00fcber die der Blog <em>Makroskop<\/em>\u00a0<a rel=\"nofollow noopener\" target=\"_blank\" href=\"https:\/\/makroskop.eu\/29-2025\/jeder-funfte-arbeitsplatz-im-deutschen-maschinenbau-konnte-verschwinden\/\">berichtet<\/a>, deutet auf eine Entwicklung in eine ganz andere Richtung. Laut der Studie k\u00f6nnte jeder f\u00fcnfte Arbeitsplatz im Maschinenbau wegfallen. Insgesamt handelt es sich dabei um 200.000 Stellen.<\/p>\n<p>Die Gr\u00fcnde daf\u00fcr sind schnell aufgez\u00e4hlt und unterscheiden sich nicht grunds\u00e4tzlich von den Ursachen f\u00fcr die d\u00fcsteren Aussichten in anderen Branchen: Dem auf Export orientierten Maschinenbau werden die geopolitischen Rahmenbedingungen zum Verh\u00e4ngnis. Die von US-Pr\u00e4sident Donald Trump verh\u00e4ngten Z\u00f6lle in H\u00f6he von 15\u00a0Prozent belasten den Export in Richtung von Deutschlands wichtigstem Handelspartner, in die USA.<\/p>\n<p>Gleichzeitig macht Deutschlands zweitwichtigster Handelspartner den deutschen Maschinenbauern immer st\u00e4rker Konkurrenz. Aufgrund des rasanten technologischen Fortschritts in China verzichtet die Volksrepublik nicht nur auf Importe aus Deutschland, sondern wird zu einem starken Konkurrenten auf dem Weltmarkt f\u00fcr deutsche Unternehmen.<\/p>\n<p>Was im Beitrag auf <em>Makroskop<\/em> nicht erw\u00e4hnt wird, ist, dass aufgrund der Sanktionen der russische Markt de facto weggebrochen ist. Zwar waren die Exporte nach Russland anteilig am Gesamtvolumen relativ gering, k\u00f6nnten jetzt aber zu einer gewissen Stabilisierung beitragen.<\/p>\n<p>Hinzu kommen sich verschlechternde Standortbedingungen. Aufgrund der durch das Sanktionsregime verursachten hohen Energiepreise schwindet die Wettbewerbsf\u00e4higkeit der deutschen Unternehmen. Da eine R\u00fcckkehr zum Bezug g\u00fcnstiger russischer Energie nicht zu erwarten ist, bleiben die Kosten f\u00fcr Energie absehbar hoch. Daran kann auch eine Subventionierung dauerhaft nichts \u00e4ndern. Hinzu kommt, dass Waren aus der EU sich durch die Dollarabwertung zus\u00e4tzlich zu den verh\u00e4ngten Einheitsz\u00f6llen in den USA relativ verteuert haben.<\/p>\n<p>Der Maschinenbau gilt neben dem Automobilbau als eine der Kernbranchen der deutschen Wirtschaft. Dort ist rund eine Million Arbeitnehmer besch\u00e4ftigt.<\/p>\n<p>Neben den \u00e4u\u00dferen Faktoren ist f\u00fcr den Industriestandort fatal, dass die deutsche Politik nicht \u00fcber wirtschaftspolitische Korrekturen nachdenkt. Die EU hofft auf Nachverhandlungen mit den USA, Bundeskanzler Friedrich Merz sieht keine Notwendigkeit, am Konzept der Exportorientierung der deutschen Wirtschaft etwas zu \u00e4ndern und die Inlandsnachfrage zu st\u00e4rken.<\/p>\n<p>Nahezu alle bisher angek\u00fcndigten Ma\u00dfnahmen der neuen Bundesregierung wirken im Gegenteil d\u00e4mpfend auf die Inlandsnachfrage, die daher schwach bleibt. Die Binnennachfrage kann den Wegfall der Nachfrage aus dem Ausland nicht ausgleichen. Als einzig m\u00f6gliche Reaktion der Unternehmen bleibt daher die Reduzierung\u00a0der Produktionskapazit\u00e4ten und damit verbunden Entlassungen.<\/p>\n<p>Dass sich die Erwartungen der Bundesagentur f\u00fcr Arbeit erf\u00fcllen und k\u00fcnftig mit einem R\u00fcckgang der Arbeitslosenzahlen zu rechnen ist, ist in diesem Umfeld unwahrscheinlich. Wahrscheinlicher ist dagegen, dass die Zahlen deutlich ansteigen werden.<\/p>\n<p><strong>Mehr zum Thema<\/strong>\u00a0\u2013 <a rel=\"nofollow noopener\" target=\"_blank\" href=\"https:\/\/freedert.online\/inland\/254578-arbeitslosenzahl-steigt-auf-ueber-drei\/\">Erstmals seit 2015: Arbeitslosenzahl steigt auf \u00fcber drei Millionen<\/a><\/p>\n<div class=\"EmbedBlock-root EmbedBlock-externalVideo EmbedBlock-rumble\">\n<div class=\"VkEmbed\"><iframe class=\"lazyload\" data-src=\"https:\/\/rumble.com\/embed\/v6vy792\" frameborder=\"0\" width=\"853\" height=\"480\" allowfullscreen><\/iframe><\/div>\n<\/div>\n<\/div>\n<p><br \/>\n<br \/><a href=\"https:\/\/de.rt.com\/inland\/254596-deutsche-kernbranche-maschinenbau-jeder-fuenfte-arbeitsplatz-bedroht\/\">Source link <\/a><\/p>\n","protected":false},"excerpt":{"rendered":"<p>Aufgrund der geopolitischen Rahmenbedingungen und der Unt\u00e4tigkeit der Politik verd\u00fcstern sich die Aussichten f\u00fcr die deutsche Industrie. Allein im Maschinenbau sind 200.000 Arbeitspl\u00e4tze gef\u00e4hrdet. Optimismus verbreiten nur staatliche Beh\u00f6rden &#8211; ohne triftigen Grund. Die Arbeitsagentur meldete am Freitag den Anstieg der Arbeitslosenzahl auf \u00fcber drei Millionen und damit auf den h\u00f6chsten Stand seit Februar\u00a02015. Gleichzeitig [&hellip;]<\/p>\n","protected":false},"author":3,"featured_media":89622,"comment_status":"open","ping_status":"open","sticky":false,"template":"","format":"standard","meta":{"_yoast_indexnow_last_ping":["1756470614"],"wp_automatic_camp":["217"],"a95ea867b3ba8c121d652d1704efff2e":["Deutsche Kernbranche Maschinenbau: Jeder f\u00fcnfte Arbeitsplatz bedroht"],"original_link":["https:\/\/de.rt.com\/inland\/254596-deutsche-kernbranche-maschinenbau-jeder-fuenfte-arbeitsplatz-bedroht\/"],"_thumbnail_id":["89622"],"jnews_social_counter_last_update":["1777006890"],"_wptgpro_p2tg_sent2tg":["a:1:{i:23737;s:19:\"2025-08-29 14:31:17\";}"]},"categories":[19,23],"tags":[7653,2683,2374,39703,12049,58240,46333],"yoast_head":"<!-- This site is optimized with the Yoast SEO Premium plugin v22.7 (Yoast SEO v22.7) - https:\/\/yoast.com\/wordpress\/plugins\/seo\/ -->\n<title>Deutsche Kernbranche Maschinenbau: Jeder f\u00fcnfte Arbeitsplatz bedroht - just-now.NEWS Deutschland<\/title>\n<meta name=\"robots\" content=\"index, follow, max-snippet:-1, max-image-preview:large, max-video-preview:-1\" \/>\n<link rel=\"canonical\" href=\"https:\/\/now-news.de\/de\/deutschland\/deutsche-kernbranche-maschinenbau-jeder-fuenfte-arbeitsplatz-bedroht\/\" \/>\n<meta property=\"og:locale\" content=\"de_DE\" \/>\n<meta property=\"og:type\" content=\"article\" \/>\n<meta property=\"og:title\" content=\"Deutsche Kernbranche Maschinenbau: Jeder f\u00fcnfte Arbeitsplatz bedroht\" \/>\n<meta property=\"og:description\" content=\"Aufgrund der geopolitischen Rahmenbedingungen und der Unt\u00e4tigkeit der Politik verd\u00fcstern sich die Aussichten f\u00fcr die deutsche Industrie. Allein im Maschinenbau sind 200.000 Arbeitspl\u00e4tze gef\u00e4hrdet. Optimismus verbreiten nur staatliche Beh\u00f6rden &#8211; ohne triftigen Grund. Die Arbeitsagentur meldete am Freitag den Anstieg der Arbeitslosenzahl auf \u00fcber drei Millionen und damit auf den h\u00f6chsten Stand seit Februar\u00a02015. Gleichzeitig [&hellip;]\" \/>\n<meta property=\"og:url\" content=\"https:\/\/now-news.de\/de\/deutschland\/deutsche-kernbranche-maschinenbau-jeder-fuenfte-arbeitsplatz-bedroht\/\" \/>\n<meta property=\"og:site_name\" content=\"just-now.NEWS Deutschland\" \/>\n<meta property=\"article:publisher\" content=\"https:\/\/www.facebook.com\/wirmachenauf\" \/>\n<meta property=\"article:published_time\" content=\"2025-08-29T12:19:28+00:00\" \/>\n<meta property=\"og:image\" content=\"https:\/\/now-news.de\/de\/wp-content\/uploads\/sites\/3\/2025\/08\/68b18cebb480cc6cc21e9a84.jpg\" \/>\n<meta name=\"author\" content=\"rtnews\" \/>\n<meta name=\"twitter:card\" content=\"summary_large_image\" \/>\n<meta name=\"twitter:creator\" content=\"@WirMachenAuf_de\" \/>\n<meta name=\"twitter:site\" content=\"@WirMachenAuf_de\" \/>\n<meta name=\"twitter:label1\" content=\"Verfasst von\" \/>\n\t<meta name=\"twitter:data1\" content=\"rtnews\" \/>\n\t<meta name=\"twitter:label2\" content=\"Gesch\u00e4tzte Lesezeit\" \/>\n\t<meta name=\"twitter:data2\" content=\"3\u00a0Minuten\" \/>\n<script type=\"application\/ld+json\" class=\"yoast-schema-graph\">{\"@context\":\"https:\/\/schema.org\",\"@graph\":[{\"@type\":\"Article\",\"@id\":\"https:\/\/now-news.de\/de\/deutschland\/deutsche-kernbranche-maschinenbau-jeder-fuenfte-arbeitsplatz-bedroht\/#article\",\"isPartOf\":{\"@id\":\"https:\/\/now-news.de\/de\/deutschland\/deutsche-kernbranche-maschinenbau-jeder-fuenfte-arbeitsplatz-bedroht\/\"},\"author\":{\"name\":\"rtnews\",\"@id\":\"https:\/\/now-news.de\/de\/#\/schema\/person\/fb534a4e865501d8b3285208df34a9b5\"},\"headline\":\"Deutsche Kernbranche Maschinenbau: Jeder f\u00fcnfte Arbeitsplatz bedroht\",\"datePublished\":\"2025-08-29T12:19:28+00:00\",\"dateModified\":\"2025-08-29T12:19:28+00:00\",\"mainEntityOfPage\":{\"@id\":\"https:\/\/now-news.de\/de\/deutschland\/deutsche-kernbranche-maschinenbau-jeder-fuenfte-arbeitsplatz-bedroht\/\"},\"wordCount\":556,\"commentCount\":0,\"publisher\":{\"@id\":\"https:\/\/now-news.de\/de\/#organization\"},\"image\":{\"@id\":\"https:\/\/now-news.de\/de\/deutschland\/deutsche-kernbranche-maschinenbau-jeder-fuenfte-arbeitsplatz-bedroht\/#primaryimage\"},\"thumbnailUrl\":\"https:\/\/now-news.de\/de\/wp-content\/uploads\/sites\/3\/2025\/08\/Deutsche-Kernbranche-Maschinenbau-Jeder-fuenfte-Arbeitsplatz-bedroht.jpg\",\"keywords\":[\"Arbeitsplatz\",\"bedroht\",\"Deutsche\",\"F\u00fcnfte\",\"jeder\",\"Kernbranche\",\"Maschinenbau\"],\"articleSection\":[\"Deutschland\",\"Russland\"],\"inLanguage\":\"de\",\"potentialAction\":[{\"@type\":\"CommentAction\",\"name\":\"Comment\",\"target\":[\"https:\/\/now-news.de\/de\/deutschland\/deutsche-kernbranche-maschinenbau-jeder-fuenfte-arbeitsplatz-bedroht\/#respond\"]}]},{\"@type\":\"WebPage\",\"@id\":\"https:\/\/now-news.de\/de\/deutschland\/deutsche-kernbranche-maschinenbau-jeder-fuenfte-arbeitsplatz-bedroht\/\",\"url\":\"https:\/\/now-news.de\/de\/deutschland\/deutsche-kernbranche-maschinenbau-jeder-fuenfte-arbeitsplatz-bedroht\/\",\"name\":\"Deutsche Kernbranche Maschinenbau: Jeder f\u00fcnfte Arbeitsplatz bedroht - just-now.NEWS Deutschland\",\"isPartOf\":{\"@id\":\"https:\/\/now-news.de\/de\/#website\"},\"primaryImageOfPage\":{\"@id\":\"https:\/\/now-news.de\/de\/deutschland\/deutsche-kernbranche-maschinenbau-jeder-fuenfte-arbeitsplatz-bedroht\/#primaryimage\"},\"image\":{\"@id\":\"https:\/\/now-news.de\/de\/deutschland\/deutsche-kernbranche-maschinenbau-jeder-fuenfte-arbeitsplatz-bedroht\/#primaryimage\"},\"thumbnailUrl\":\"https:\/\/now-news.de\/de\/wp-content\/uploads\/sites\/3\/2025\/08\/Deutsche-Kernbranche-Maschinenbau-Jeder-fuenfte-Arbeitsplatz-bedroht.jpg\",\"datePublished\":\"2025-08-29T12:19:28+00:00\",\"dateModified\":\"2025-08-29T12:19:28+00:00\",\"breadcrumb\":{\"@id\":\"https:\/\/now-news.de\/de\/deutschland\/deutsche-kernbranche-maschinenbau-jeder-fuenfte-arbeitsplatz-bedroht\/#breadcrumb\"},\"inLanguage\":\"de\",\"potentialAction\":[{\"@type\":\"ReadAction\",\"target\":[\"https:\/\/now-news.de\/de\/deutschland\/deutsche-kernbranche-maschinenbau-jeder-fuenfte-arbeitsplatz-bedroht\/\"]}]},{\"@type\":\"ImageObject\",\"inLanguage\":\"de\",\"@id\":\"https:\/\/now-news.de\/de\/deutschland\/deutsche-kernbranche-maschinenbau-jeder-fuenfte-arbeitsplatz-bedroht\/#primaryimage\",\"url\":\"https:\/\/now-news.de\/de\/wp-content\/uploads\/sites\/3\/2025\/08\/Deutsche-Kernbranche-Maschinenbau-Jeder-fuenfte-Arbeitsplatz-bedroht.jpg\",\"contentUrl\":\"https:\/\/now-news.de\/de\/wp-content\/uploads\/sites\/3\/2025\/08\/Deutsche-Kernbranche-Maschinenbau-Jeder-fuenfte-Arbeitsplatz-bedroht.jpg\",\"width\":460,\"height\":259,\"caption\":\"Deutsche Kernbranche Maschinenbau: Jeder f\u00fcnfte Arbeitsplatz bedroht\"},{\"@type\":\"BreadcrumbList\",\"@id\":\"https:\/\/now-news.de\/de\/deutschland\/deutsche-kernbranche-maschinenbau-jeder-fuenfte-arbeitsplatz-bedroht\/#breadcrumb\",\"itemListElement\":[{\"@type\":\"ListItem\",\"position\":1,\"name\":\"Home\",\"item\":\"https:\/\/now-news.de\/de\/\"},{\"@type\":\"ListItem\",\"position\":2,\"name\":\"Deutsche Kernbranche Maschinenbau: Jeder f\u00fcnfte Arbeitsplatz bedroht\"}]},{\"@type\":\"WebSite\",\"@id\":\"https:\/\/now-news.de\/de\/#website\",\"url\":\"https:\/\/now-news.de\/de\/\",\"name\":\"just-now.NEWS Deutschland\",\"description\":\"Das Portal f\u00fcr unzensierte Nachrichten aus der Welt\",\"publisher\":{\"@id\":\"https:\/\/now-news.de\/de\/#organization\"},\"potentialAction\":[{\"@type\":\"SearchAction\",\"target\":{\"@type\":\"EntryPoint\",\"urlTemplate\":\"https:\/\/now-news.de\/de\/?s={search_term_string}\"},\"query-input\":\"required name=search_term_string\"}],\"inLanguage\":\"de\"},{\"@type\":\"Organization\",\"@id\":\"https:\/\/now-news.de\/de\/#organization\",\"name\":\"Just Now News\",\"url\":\"https:\/\/now-news.de\/de\/\",\"logo\":{\"@type\":\"ImageObject\",\"inLanguage\":\"de\",\"@id\":\"https:\/\/now-news.de\/de\/#\/schema\/logo\/image\/\",\"url\":\"http:\/\/just-now.news\/de\/wp-content\/uploads\/sites\/3\/2022\/04\/logo500x500.jpg\",\"contentUrl\":\"http:\/\/just-now.news\/de\/wp-content\/uploads\/sites\/3\/2022\/04\/logo500x500.jpg\",\"width\":500,\"height\":500,\"caption\":\"Just Now News\"},\"image\":{\"@id\":\"https:\/\/now-news.de\/de\/#\/schema\/logo\/image\/\"},\"sameAs\":[\"https:\/\/www.facebook.com\/wirmachenauf\",\"https:\/\/x.com\/WirMachenAuf_de\"]},{\"@type\":\"Person\",\"@id\":\"https:\/\/now-news.de\/de\/#\/schema\/person\/fb534a4e865501d8b3285208df34a9b5\",\"name\":\"rtnews\",\"image\":{\"@type\":\"ImageObject\",\"inLanguage\":\"de\",\"@id\":\"https:\/\/now-news.de\/de\/#\/schema\/person\/image\/\",\"url\":\"https:\/\/secure.gravatar.com\/avatar\/82aafea7d8127119dd649515f56e2117?s=96&d=mm&r=g\",\"contentUrl\":\"https:\/\/secure.gravatar.com\/avatar\/82aafea7d8127119dd649515f56e2117?s=96&d=mm&r=g\",\"caption\":\"rtnews\"},\"url\":\"https:\/\/now-news.de\/de\/author\/rnews\/\"}]}<\/script>\n<!-- \/ Yoast SEO Premium plugin. -->","yoast_head_json":{"title":"Deutsche Kernbranche Maschinenbau: Jeder f\u00fcnfte Arbeitsplatz bedroht - just-now.NEWS Deutschland","robots":{"index":"index","follow":"follow","max-snippet":"max-snippet:-1","max-image-preview":"max-image-preview:large","max-video-preview":"max-video-preview:-1"},"canonical":"https:\/\/now-news.de\/de\/deutschland\/deutsche-kernbranche-maschinenbau-jeder-fuenfte-arbeitsplatz-bedroht\/","og_locale":"de_DE","og_type":"article","og_title":"Deutsche Kernbranche Maschinenbau: Jeder f\u00fcnfte Arbeitsplatz bedroht","og_description":"Aufgrund der geopolitischen Rahmenbedingungen und der Unt\u00e4tigkeit der Politik verd\u00fcstern sich die Aussichten f\u00fcr die deutsche Industrie. Allein im Maschinenbau sind 200.000 Arbeitspl\u00e4tze gef\u00e4hrdet. Optimismus verbreiten nur staatliche Beh\u00f6rden &#8211; ohne triftigen Grund. Die Arbeitsagentur meldete am Freitag den Anstieg der Arbeitslosenzahl auf \u00fcber drei Millionen und damit auf den h\u00f6chsten Stand seit Februar\u00a02015. Gleichzeitig [&hellip;]","og_url":"https:\/\/now-news.de\/de\/deutschland\/deutsche-kernbranche-maschinenbau-jeder-fuenfte-arbeitsplatz-bedroht\/","og_site_name":"just-now.NEWS Deutschland","article_publisher":"https:\/\/www.facebook.com\/wirmachenauf","article_published_time":"2025-08-29T12:19:28+00:00","og_image":[{"url":"https:\/\/now-news.de\/de\/wp-content\/uploads\/sites\/3\/2025\/08\/68b18cebb480cc6cc21e9a84.jpg"}],"author":"rtnews","twitter_card":"summary_large_image","twitter_creator":"@WirMachenAuf_de","twitter_site":"@WirMachenAuf_de","twitter_misc":{"Verfasst von":"rtnews","Gesch\u00e4tzte Lesezeit":"3\u00a0Minuten"},"schema":{"@context":"https:\/\/schema.org","@graph":[{"@type":"Article","@id":"https:\/\/now-news.de\/de\/deutschland\/deutsche-kernbranche-maschinenbau-jeder-fuenfte-arbeitsplatz-bedroht\/#article","isPartOf":{"@id":"https:\/\/now-news.de\/de\/deutschland\/deutsche-kernbranche-maschinenbau-jeder-fuenfte-arbeitsplatz-bedroht\/"},"author":{"name":"rtnews","@id":"https:\/\/now-news.de\/de\/#\/schema\/person\/fb534a4e865501d8b3285208df34a9b5"},"headline":"Deutsche Kernbranche Maschinenbau: Jeder f\u00fcnfte Arbeitsplatz bedroht","datePublished":"2025-08-29T12:19:28+00:00","dateModified":"2025-08-29T12:19:28+00:00","mainEntityOfPage":{"@id":"https:\/\/now-news.de\/de\/deutschland\/deutsche-kernbranche-maschinenbau-jeder-fuenfte-arbeitsplatz-bedroht\/"},"wordCount":556,"commentCount":0,"publisher":{"@id":"https:\/\/now-news.de\/de\/#organization"},"image":{"@id":"https:\/\/now-news.de\/de\/deutschland\/deutsche-kernbranche-maschinenbau-jeder-fuenfte-arbeitsplatz-bedroht\/#primaryimage"},"thumbnailUrl":"https:\/\/now-news.de\/de\/wp-content\/uploads\/sites\/3\/2025\/08\/Deutsche-Kernbranche-Maschinenbau-Jeder-fuenfte-Arbeitsplatz-bedroht.jpg","keywords":["Arbeitsplatz","bedroht","Deutsche","F\u00fcnfte","jeder","Kernbranche","Maschinenbau"],"articleSection":["Deutschland","Russland"],"inLanguage":"de","potentialAction":[{"@type":"CommentAction","name":"Comment","target":["https:\/\/now-news.de\/de\/deutschland\/deutsche-kernbranche-maschinenbau-jeder-fuenfte-arbeitsplatz-bedroht\/#respond"]}]},{"@type":"WebPage","@id":"https:\/\/now-news.de\/de\/deutschland\/deutsche-kernbranche-maschinenbau-jeder-fuenfte-arbeitsplatz-bedroht\/","url":"https:\/\/now-news.de\/de\/deutschland\/deutsche-kernbranche-maschinenbau-jeder-fuenfte-arbeitsplatz-bedroht\/","name":"Deutsche Kernbranche Maschinenbau: Jeder f\u00fcnfte Arbeitsplatz bedroht - just-now.NEWS Deutschland","isPartOf":{"@id":"https:\/\/now-news.de\/de\/#website"},"primaryImageOfPage":{"@id":"https:\/\/now-news.de\/de\/deutschland\/deutsche-kernbranche-maschinenbau-jeder-fuenfte-arbeitsplatz-bedroht\/#primaryimage"},"image":{"@id":"https:\/\/now-news.de\/de\/deutschland\/deutsche-kernbranche-maschinenbau-jeder-fuenfte-arbeitsplatz-bedroht\/#primaryimage"},"thumbnailUrl":"https:\/\/now-news.de\/de\/wp-content\/uploads\/sites\/3\/2025\/08\/Deutsche-Kernbranche-Maschinenbau-Jeder-fuenfte-Arbeitsplatz-bedroht.jpg","datePublished":"2025-08-29T12:19:28+00:00","dateModified":"2025-08-29T12:19:28+00:00","breadcrumb":{"@id":"https:\/\/now-news.de\/de\/deutschland\/deutsche-kernbranche-maschinenbau-jeder-fuenfte-arbeitsplatz-bedroht\/#breadcrumb"},"inLanguage":"de","potentialAction":[{"@type":"ReadAction","target":["https:\/\/now-news.de\/de\/deutschland\/deutsche-kernbranche-maschinenbau-jeder-fuenfte-arbeitsplatz-bedroht\/"]}]},{"@type":"ImageObject","inLanguage":"de","@id":"https:\/\/now-news.de\/de\/deutschland\/deutsche-kernbranche-maschinenbau-jeder-fuenfte-arbeitsplatz-bedroht\/#primaryimage","url":"https:\/\/now-news.de\/de\/wp-content\/uploads\/sites\/3\/2025\/08\/Deutsche-Kernbranche-Maschinenbau-Jeder-fuenfte-Arbeitsplatz-bedroht.jpg","contentUrl":"https:\/\/now-news.de\/de\/wp-content\/uploads\/sites\/3\/2025\/08\/Deutsche-Kernbranche-Maschinenbau-Jeder-fuenfte-Arbeitsplatz-bedroht.jpg","width":460,"height":259,"caption":"Deutsche Kernbranche Maschinenbau: Jeder f\u00fcnfte Arbeitsplatz bedroht"},{"@type":"BreadcrumbList","@id":"https:\/\/now-news.de\/de\/deutschland\/deutsche-kernbranche-maschinenbau-jeder-fuenfte-arbeitsplatz-bedroht\/#breadcrumb","itemListElement":[{"@type":"ListItem","position":1,"name":"Home","item":"https:\/\/now-news.de\/de\/"},{"@type":"ListItem","position":2,"name":"Deutsche Kernbranche Maschinenbau: Jeder f\u00fcnfte Arbeitsplatz bedroht"}]},{"@type":"WebSite","@id":"https:\/\/now-news.de\/de\/#website","url":"https:\/\/now-news.de\/de\/","name":"just-now.NEWS Deutschland","description":"Das Portal f\u00fcr unzensierte Nachrichten aus der Welt","publisher":{"@id":"https:\/\/now-news.de\/de\/#organization"},"potentialAction":[{"@type":"SearchAction","target":{"@type":"EntryPoint","urlTemplate":"https:\/\/now-news.de\/de\/?s={search_term_string}"},"query-input":"required name=search_term_string"}],"inLanguage":"de"},{"@type":"Organization","@id":"https:\/\/now-news.de\/de\/#organization","name":"Just Now News","url":"https:\/\/now-news.de\/de\/","logo":{"@type":"ImageObject","inLanguage":"de","@id":"https:\/\/now-news.de\/de\/#\/schema\/logo\/image\/","url":"http:\/\/just-now.news\/de\/wp-content\/uploads\/sites\/3\/2022\/04\/logo500x500.jpg","contentUrl":"http:\/\/just-now.news\/de\/wp-content\/uploads\/sites\/3\/2022\/04\/logo500x500.jpg","width":500,"height":500,"caption":"Just Now News"},"image":{"@id":"https:\/\/now-news.de\/de\/#\/schema\/logo\/image\/"},"sameAs":["https:\/\/www.facebook.com\/wirmachenauf","https:\/\/x.com\/WirMachenAuf_de"]},{"@type":"Person","@id":"https:\/\/now-news.de\/de\/#\/schema\/person\/fb534a4e865501d8b3285208df34a9b5","name":"rtnews","image":{"@type":"ImageObject","inLanguage":"de","@id":"https:\/\/now-news.de\/de\/#\/schema\/person\/image\/","url":"https:\/\/secure.gravatar.com\/avatar\/82aafea7d8127119dd649515f56e2117?s=96&d=mm&r=g","contentUrl":"https:\/\/secure.gravatar.com\/avatar\/82aafea7d8127119dd649515f56e2117?s=96&d=mm&r=g","caption":"rtnews"},"url":"https:\/\/now-news.de\/de\/author\/rnews\/"}]}},"_links":{"self":[{"href":"https:\/\/now-news.de\/de\/wp-json\/wp\/v2\/posts\/89621"}],"collection":[{"href":"https:\/\/now-news.de\/de\/wp-json\/wp\/v2\/posts"}],"about":[{"href":"https:\/\/now-news.de\/de\/wp-json\/wp\/v2\/types\/post"}],"author":[{"embeddable":true,"href":"https:\/\/now-news.de\/de\/wp-json\/wp\/v2\/users\/3"}],"replies":[{"embeddable":true,"href":"https:\/\/now-news.de\/de\/wp-json\/wp\/v2\/comments?post=89621"}],"version-history":[{"count":0,"href":"https:\/\/now-news.de\/de\/wp-json\/wp\/v2\/posts\/89621\/revisions"}],"wp:featuredmedia":[{"embeddable":true,"href":"https:\/\/now-news.de\/de\/wp-json\/wp\/v2\/media\/89622"}],"wp:attachment":[{"href":"https:\/\/now-news.de\/de\/wp-json\/wp\/v2\/media?parent=89621"}],"wp:term":[{"taxonomy":"category","embeddable":true,"href":"https:\/\/now-news.de\/de\/wp-json\/wp\/v2\/categories?post=89621"},{"taxonomy":"post_tag","embeddable":true,"href":"https:\/\/now-news.de\/de\/wp-json\/wp\/v2\/tags?post=89621"}],"curies":[{"name":"wp","href":"https:\/\/api.w.org\/{rel}","templated":true}]}}