{"id":8958,"date":"2022-05-27T06:45:42","date_gmt":"2022-05-27T04:45:42","guid":{"rendered":"http:\/\/just-now.news\/de\/deutschland\/us-militaerstuetzpunkt-ramstein-bibliothek-laedt-kinder-zu-drag-queen-story-time-ein\/"},"modified":"2022-05-27T06:45:42","modified_gmt":"2022-05-27T04:45:42","slug":"us-militaerstuetzpunkt-ramstein-bibliothek-laedt-kinder-zu-drag-queen-story-time-ein","status":"publish","type":"post","link":"https:\/\/now-news.de\/de\/deutschland\/us-militaerstuetzpunkt-ramstein-bibliothek-laedt-kinder-zu-drag-queen-story-time-ein\/","title":{"rendered":"US-Milit\u00e4rst\u00fctzpunkt Ramstein: Bibliothek l\u00e4dt Kinder zu &quot;Drag Queen Story Time&quot; ein"},"content":{"rendered":"<div class=\"Text-root Text-type_5 ArticleView-text ViewText-root \">\n<p>Familien von US-Soldaten, die auf dem Luftwaffenst\u00fctzpunkt Ramstein in Deutschland stationiert sind, k\u00f6nnen ihre Kinder in der kommenden Woche zu einer sogenannten &#8220;Drag Queen Story Time&#8221; mitnehmen. Die Veranstaltung sei Teil der Feierlichkeiten zum &#8220;Pride Month&#8221;, erkl\u00e4rte die Luftwaffenbibilothek Ramstein und Vogelweh am Dienstag auf ihrer Facebook-Seite. <br \/>&#8220;Wir feiern den Monat des Stolzes in der Bibliothek Ramstein mit einer Drag Queen Story Time&#8221;, hie\u00df es in der Ank\u00fcndigung. &#8220;Begleiten Sie uns mit der besonderen Gastleserin Stacey Teed! Ziehen Sie Ihre hellsten und buntesten Outfits an!&#8221;\u00a0<\/p>\n<div class=\"EmbedBlock-root EmbedBlock-twitter\">\n<div class=\"TwitterEmbed\">\n<blockquote class=\"twitter-tweet lazyload\" data-twitter=\"twitter-tweet\">\n<p lang=\"en\" dir=\"ltr\">Word is that Ramstein librarians are SUPER EXCITED about this.US Air Force Base holds Drag Queen Story Hour for kids<a rel=\"nofollow noopener\" target=\"_blank\" href=\"https:\/\/t.co\/1EZO9qQzor\">https:\/\/t.co\/1EZO9qQzor<\/a><\/p>\n<p>\u2014 libby emmons (@libbyemmons) <a rel=\"nofollow noopener\" target=\"_blank\" href=\"https:\/\/twitter.com\/libbyemmons\/status\/1529148857489281024?ref_src=twsrc%5Etfw\">May 24, 2022<\/a><\/p><\/blockquote>\n<\/div>\n<\/div>\n<p>Die Veranstaltung, die f\u00fcr den 2. Juni geplant ist und von der Vogelweh-Bibilothek auf der zu Ramstein geh\u00f6renden &#8220;Kapaun Air Station&#8221; veranstaltet wird, unterscheidet sich allerdings stark von den dort sonst stattfindenden Vorlese-Stunden f\u00fcr die Kinder der auf dem St\u00fctzpunkt stationierten Soldaten. Bei den Eltern st\u00f6\u00dft die Veranstaltung indes auf Unverst\u00e4ndnis. &#8220;Ich finde es v\u00f6llig unangemessen, dass ausgerechnet das Milit\u00e4r \u00f6ffentliche Gelder f\u00fcr die Sexualisierung von Kindern verwendet&#8221;, sagte eine Frau, deren Mann in Ramstein stationiert ist, am Dienstag der US-Zeitung &#8220;<a rel=\"nofollow noopener\" target=\"_blank\" href=\"https:\/\/thepostmillennial.com\/us-air-force-base-holds-drag-queen-story-hour-for-kids\"><em>Post Millennial<\/em><\/a>&#8220;. Sie sei &#8220;schockiert, dass die Bibliothek der US-Luftwaffenbasis Ramstein plant, eine offizielle Drag-Queen-Geschichtenstunde f\u00fcr Kinder abzuhalten&#8221;.\u00a0<\/p>\n<p><a rel=\"nofollow noopener\" target=\"_blank\" href=\"https:\/\/test.rtde.tech\/inland\/138425-us-luftwaffenstutzpunkt-ramstein-und-volkerrechtsbruche\/\">Ramstein<\/a>, als gr\u00f6\u00dfter US-Milit\u00e4rst\u00fctzpunkt in Deutschland, ist den Menschen normalerweise eher als Dreh- und Angelkreuz der US-Armee f\u00fcr ihre Missionen in Europa, dem Nahen Osten und Afrika, statt als &#8220;bunter&#8221; St\u00fctzpunkt bekannt. Daneben dient er als Hauptquartier des NATO Allied Air Command (AIRCOM), die NATO-Kommandobeh\u00f6rde zur F\u00fchrung der NATO-Luftstreitkr\u00e4fte. Auf eine Anfrage, in der die <em>Post Millennial<\/em> die Verantwortlichen um eine Stellungnahme bat, erhielt die US-Zeitung bisher allerdings noch keine Antwort.<\/p>\n<div class=\"ReadMore-root Section-root Section-is1to3-xs_is1to1\" data-widgets=\"ReadMore\" data-has-alias>\n<div class=\"Section-container Section-isRow-isTop-isWrap\">\n<article class=\"Card-root Card-is1to1 \">\n<div class=\"Card-imageWrap\">\n<div class=\"Card-picture\">\n<picture class=\"Picture-root Picture-default\"><!--[if IE 9]><video style=\"display: none;\"><![endif]--><source media=\"(-webkit-min-device-pixel-ratio: 2) and (min-resolution: 120dpi)\" data-srcset=\" \nhttp:\/\/just-now.news\/de\/wp-content\/uploads\/sites\/3\/2022\/05\/620e25b348fbef76fb4dfd09.jpg 850w,\n                http:\/\/just-now.news\/de\/wp-content\/uploads\/sites\/3\/2022\/05\/1653627477_683_620e25b348fbef76fb4dfd09.jpg 1960w,\n            \" ><source data-srcset=\" \nhttp:\/\/just-now.news\/de\/wp-content\/uploads\/sites\/3\/2022\/05\/620e25b348fbef76fb4dfd09.jpg 460w,\n              http:\/\/just-now.news\/de\/wp-content\/uploads\/sites\/3\/2022\/05\/1653627477_683_620e25b348fbef76fb4dfd09.jpg 980w,\n            \" ><!--[if IE 9]><\/video><![endif]--><img decoding=\"async\" data- src=\"data:image\/png;base64,iVBORw0KGgoAAAANSUhEUgAAABAAAAAJCAQAAACRI2S5AAAAEElEQVR42mNkIAAYRxWAAQAG9gAKqv6+AwAAAABJRU5ErkJggg==\" class=\"Picture-root Picture-default lazyload\" data-src=\"http:\/\/just-now.news\/de\/wp-content\/uploads\/sites\/3\/2022\/05\/620e25b348fbef76fb4dfd09.jpg\" alt=\"US-Politik: Biden beauftragt nicht-bin\u00e4re Drag-Queen mit Betreuung von Atomm\u00fcll\"><\/source><\/source><\/picture><!-- noscript pattern --><noscript><img decoding=\"async\" src=\"http:\/\/just-now.news\/de\/wp-content\/uploads\/sites\/3\/2022\/05\/1653627477_683_620e25b348fbef76fb4dfd09.jpg\" alt=\"US-Politik: Biden beauftragt nicht-bin\u00e4re Drag-Queen mit Betreuung von Atomm\u00fcll\"><\/noscript>    <\/div><\/div>\n<div class=\"Card-contentWrap\">\n<div class=\"Card-content\">\n<div class=\"Card-title\">\n<div class=\"HeaderNews-root HeaderNews-type_6 \">\n<p>            <a rel=\"nofollow noopener\" target=\"_blank\" href=\"https:\/\/de.rt.com\/nordamerika\/131760-us-politik-biden-ernennt-nicht\/\" class=\"Link-root Link-isFullCard \"><br \/>\n                US-Politik: Biden beauftragt nicht-bin\u00e4re Drag-Queen mit Betreuung von Atomm\u00fcll<br \/>\n            <\/a><\/p><\/div><\/div><\/div><\/div>\n<\/article>\n<\/div><\/div>\n<p>Letztes Jahr veranstaltete der Luftwaffenst\u00fctzpunkt Nellis in Nevada eine Drag-Performance, die der St\u00fctzpunkt auf Anfrage der konservativen US-Zeitung <em>Breitbart News<\/em> damit begr\u00fcndete, dass die Veranstaltung f\u00fcr die Teilnehmer &#8220;eine Gelegenheit&#8221; sei, &#8220;mehr \u00fcber die Geschichte und die Bedeutung der Drag-Performance-Kunst innerhalb der LGBT+-Gemeinschaft zu erfahren&#8221;. <br \/>&#8220;Es ist f\u00fcr die Moral, den Zusammenhalt und die Einsatzbereitschaft des Milit\u00e4rs von entscheidender Bedeutung, dass unsere Reihen das amerikanische Volk widerspiegeln und es einbeziehen&#8221;, erkl\u00e4rte ein Sprecher von Nellis damals gegen\u00fcber <em>Breitbart<\/em>. Allerdings richtete sich die Show in Nellis an Erwachsene &#8211; und nicht an Kinder.<\/p>\n<p>Bei der am 2. Juni in Kaiserslautern stattfindenden Veranstaltung, handelt es sich allerdings nicht um die erste ihrer Art. Denn wie die <em>Post Millennial<\/em> berichtet, f\u00fchrte die Bibliothek in Ramstein im letzten Jahr eine \u00e4hnliche Veranstaltung durch, bei der eine Frau auftrat, die als Mann verkleidet war. Die derzeitige US-Regierung hat seit letztem Jahr Pride-Feiern von Diplomaten und dem Milit\u00e4r gef\u00f6rdert.<\/p>\n<p>Die &#8220;Drag Queen Story Hour&#8221; wurde 2015 von LGBT-Aktivisten in San Francisco und Kanada ins Leben gerufen, um die Lesungen in den Bibliotheken &#8220;inklusiver und positiver&#8221; zu gestalten. Die Praxis wurde von Sozialkonservativen indes mehrfach als unangemessene Sexualisierung von Kindern kritisiert.<\/p>\n<p><strong>Mehr zum Thema &#8211;<\/strong>\u00a0<a rel=\"nofollow noopener\" target=\"_blank\" href=\"https:\/\/test.rtde.tech\/meinung\/132034-berufung-dragqueen-ins-energieministerium-ist\/\">Die Berufung einer Dragqueen ins Energieministerium ist ein weiterer Akt im Niedergang der USA<\/a><\/p>\n<\/div>\n<p><script async src=\"https:\/\/platform.twitter.com\/widgets.js\" charset=\"utf-8\"><\/script><br \/>\n<br \/><br \/>\n<br \/><a href=\"https:\/\/de.rt.com\/gesellschaft\/139461-us-militarstutzpunkt-ramstein-bibliothek-ladt\/\">Source link <\/a><\/p>\n","protected":false},"excerpt":{"rendered":"<p>Familien von US-Soldaten, die auf dem Luftwaffenst\u00fctzpunkt Ramstein in Deutschland stationiert sind, k\u00f6nnen ihre Kinder in der kommenden Woche zu einer sogenannten &#8220;Drag Queen Story Time&#8221; mitnehmen. Die Veranstaltung sei Teil der Feierlichkeiten zum &#8220;Pride Month&#8221;, erkl\u00e4rte die Luftwaffenbibilothek Ramstein und Vogelweh am Dienstag auf ihrer Facebook-Seite. &#8220;Wir feiern den Monat des Stolzes in der [&hellip;]<\/p>\n","protected":false},"author":3,"featured_media":8959,"comment_status":"open","ping_status":"open","sticky":false,"template":"","format":"standard","meta":{"wp_automatic_camp":["217"],"87310006754c30acd67aced13495b2bd":["US-Milit\u00e4rst\u00fctzpunkt Ramstein: Bibliothek l\u00e4dt Kinder zu &quot;Drag Queen Story Time&quot; ein"],"original_link":["https:\/\/de.rt.com\/gesellschaft\/139461-us-militarstutzpunkt-ramstein-bibliothek-ladt\/"],"_thumbnail_id":["8959"],"_wptg_p2tg_sent2tg":["2022-05-27 06:59:03"],"jnews_social_counter_last_update":["1777170769"]},"categories":[19,23],"tags":[21988,357,3567,19885,12510,21989,10012,2998,21990,21987],"yoast_head":"<!-- This site is optimized with the Yoast SEO Premium plugin v22.7 (Yoast SEO v22.7) - https:\/\/yoast.com\/wordpress\/plugins\/seo\/ -->\n<title>US-Milit\u00e4rst\u00fctzpunkt Ramstein: Bibliothek l\u00e4dt Kinder zu &quot;Drag Queen Story Time&quot; ein - just-now.NEWS Deutschland<\/title>\n<meta name=\"robots\" content=\"index, follow, max-snippet:-1, max-image-preview:large, max-video-preview:-1\" \/>\n<link rel=\"canonical\" href=\"https:\/\/now-news.de\/de\/deutschland\/us-militaerstuetzpunkt-ramstein-bibliothek-laedt-kinder-zu-drag-queen-story-time-ein\/\" \/>\n<meta property=\"og:locale\" content=\"de_DE\" \/>\n<meta property=\"og:type\" content=\"article\" \/>\n<meta property=\"og:title\" content=\"US-Milit\u00e4rst\u00fctzpunkt Ramstein: Bibliothek l\u00e4dt Kinder zu &quot;Drag Queen Story Time&quot; ein\" \/>\n<meta property=\"og:description\" content=\"Familien von US-Soldaten, die auf dem Luftwaffenst\u00fctzpunkt Ramstein in Deutschland stationiert sind, k\u00f6nnen ihre Kinder in der kommenden Woche zu einer sogenannten &#8220;Drag Queen Story Time&#8221; mitnehmen. Die Veranstaltung sei Teil der Feierlichkeiten zum &#8220;Pride Month&#8221;, erkl\u00e4rte die Luftwaffenbibilothek Ramstein und Vogelweh am Dienstag auf ihrer Facebook-Seite. &#8220;Wir feiern den Monat des Stolzes in der [&hellip;]\" \/>\n<meta property=\"og:url\" content=\"https:\/\/now-news.de\/de\/deutschland\/us-militaerstuetzpunkt-ramstein-bibliothek-laedt-kinder-zu-drag-queen-story-time-ein\/\" \/>\n<meta property=\"og:site_name\" content=\"just-now.NEWS Deutschland\" \/>\n<meta property=\"article:publisher\" content=\"https:\/\/www.facebook.com\/wirmachenauf\" \/>\n<meta property=\"article:published_time\" content=\"2022-05-27T04:45:42+00:00\" \/>\n<meta property=\"og:image\" content=\"https:\/\/now-news.de\/de\/wp-content\/uploads\/sites\/3\/2022\/05\/US-Militaerstuetzpunkt-Ramstein-Bibliothek-laedt-Kinder-zu-quotDrag-Queen-Story-Timequot.jpg\" \/>\n\t<meta property=\"og:image:width\" content=\"460\" \/>\n\t<meta property=\"og:image:height\" content=\"259\" \/>\n\t<meta property=\"og:image:type\" content=\"image\/jpeg\" \/>\n<meta name=\"author\" content=\"rtnews\" \/>\n<meta name=\"twitter:card\" content=\"summary_large_image\" \/>\n<meta name=\"twitter:creator\" content=\"@WirMachenAuf_de\" \/>\n<meta name=\"twitter:site\" content=\"@WirMachenAuf_de\" \/>\n<meta name=\"twitter:label1\" content=\"Verfasst von\" \/>\n\t<meta name=\"twitter:data1\" content=\"rtnews\" \/>\n\t<meta name=\"twitter:label2\" content=\"Gesch\u00e4tzte Lesezeit\" \/>\n\t<meta name=\"twitter:data2\" content=\"3\u00a0Minuten\" \/>\n<script type=\"application\/ld+json\" class=\"yoast-schema-graph\">{\"@context\":\"https:\/\/schema.org\",\"@graph\":[{\"@type\":\"Article\",\"@id\":\"https:\/\/now-news.de\/de\/deutschland\/us-militaerstuetzpunkt-ramstein-bibliothek-laedt-kinder-zu-drag-queen-story-time-ein\/#article\",\"isPartOf\":{\"@id\":\"https:\/\/now-news.de\/de\/deutschland\/us-militaerstuetzpunkt-ramstein-bibliothek-laedt-kinder-zu-drag-queen-story-time-ein\/\"},\"author\":{\"name\":\"rtnews\",\"@id\":\"https:\/\/now-news.de\/de\/#\/schema\/person\/fb534a4e865501d8b3285208df34a9b5\"},\"headline\":\"US-Milit\u00e4rst\u00fctzpunkt Ramstein: Bibliothek l\u00e4dt Kinder zu &quot;Drag Queen Story Time&quot; ein\",\"datePublished\":\"2022-05-27T04:45:42+00:00\",\"dateModified\":\"2022-05-27T04:45:42+00:00\",\"mainEntityOfPage\":{\"@id\":\"https:\/\/now-news.de\/de\/deutschland\/us-militaerstuetzpunkt-ramstein-bibliothek-laedt-kinder-zu-drag-queen-story-time-ein\/\"},\"wordCount\":557,\"commentCount\":0,\"publisher\":{\"@id\":\"https:\/\/now-news.de\/de\/#organization\"},\"image\":{\"@id\":\"https:\/\/now-news.de\/de\/deutschland\/us-militaerstuetzpunkt-ramstein-bibliothek-laedt-kinder-zu-drag-queen-story-time-ein\/#primaryimage\"},\"thumbnailUrl\":\"https:\/\/now-news.de\/de\/wp-content\/uploads\/sites\/3\/2022\/05\/US-Militaerstuetzpunkt-Ramstein-Bibliothek-laedt-Kinder-zu-quotDrag-Queen-Story-Timequot.jpg\",\"keywords\":[\"Bibliothek\",\"ein\",\"Kinder\",\"l\u00e4dt\",\"QUEEN\",\"quotDrag\",\"Ramstein\",\"Story\",\"Timequot\",\"USMilit\u00e4rst\u00fctzpunkt\"],\"articleSection\":[\"Deutschland\",\"Russland\"],\"inLanguage\":\"de\",\"potentialAction\":[{\"@type\":\"CommentAction\",\"name\":\"Comment\",\"target\":[\"https:\/\/now-news.de\/de\/deutschland\/us-militaerstuetzpunkt-ramstein-bibliothek-laedt-kinder-zu-drag-queen-story-time-ein\/#respond\"]}]},{\"@type\":\"WebPage\",\"@id\":\"https:\/\/now-news.de\/de\/deutschland\/us-militaerstuetzpunkt-ramstein-bibliothek-laedt-kinder-zu-drag-queen-story-time-ein\/\",\"url\":\"https:\/\/now-news.de\/de\/deutschland\/us-militaerstuetzpunkt-ramstein-bibliothek-laedt-kinder-zu-drag-queen-story-time-ein\/\",\"name\":\"US-Milit\u00e4rst\u00fctzpunkt Ramstein: Bibliothek l\u00e4dt Kinder zu &quot;Drag Queen Story Time&quot; ein - just-now.NEWS Deutschland\",\"isPartOf\":{\"@id\":\"https:\/\/now-news.de\/de\/#website\"},\"primaryImageOfPage\":{\"@id\":\"https:\/\/now-news.de\/de\/deutschland\/us-militaerstuetzpunkt-ramstein-bibliothek-laedt-kinder-zu-drag-queen-story-time-ein\/#primaryimage\"},\"image\":{\"@id\":\"https:\/\/now-news.de\/de\/deutschland\/us-militaerstuetzpunkt-ramstein-bibliothek-laedt-kinder-zu-drag-queen-story-time-ein\/#primaryimage\"},\"thumbnailUrl\":\"https:\/\/now-news.de\/de\/wp-content\/uploads\/sites\/3\/2022\/05\/US-Militaerstuetzpunkt-Ramstein-Bibliothek-laedt-Kinder-zu-quotDrag-Queen-Story-Timequot.jpg\",\"datePublished\":\"2022-05-27T04:45:42+00:00\",\"dateModified\":\"2022-05-27T04:45:42+00:00\",\"breadcrumb\":{\"@id\":\"https:\/\/now-news.de\/de\/deutschland\/us-militaerstuetzpunkt-ramstein-bibliothek-laedt-kinder-zu-drag-queen-story-time-ein\/#breadcrumb\"},\"inLanguage\":\"de\",\"potentialAction\":[{\"@type\":\"ReadAction\",\"target\":[\"https:\/\/now-news.de\/de\/deutschland\/us-militaerstuetzpunkt-ramstein-bibliothek-laedt-kinder-zu-drag-queen-story-time-ein\/\"]}]},{\"@type\":\"ImageObject\",\"inLanguage\":\"de\",\"@id\":\"https:\/\/now-news.de\/de\/deutschland\/us-militaerstuetzpunkt-ramstein-bibliothek-laedt-kinder-zu-drag-queen-story-time-ein\/#primaryimage\",\"url\":\"https:\/\/now-news.de\/de\/wp-content\/uploads\/sites\/3\/2022\/05\/US-Militaerstuetzpunkt-Ramstein-Bibliothek-laedt-Kinder-zu-quotDrag-Queen-Story-Timequot.jpg\",\"contentUrl\":\"https:\/\/now-news.de\/de\/wp-content\/uploads\/sites\/3\/2022\/05\/US-Militaerstuetzpunkt-Ramstein-Bibliothek-laedt-Kinder-zu-quotDrag-Queen-Story-Timequot.jpg\",\"width\":460,\"height\":259,\"caption\":\"US-Politik: Biden beauftragt nicht-bin\u00e4re Drag-Queen mit Betreuung von Atomm\u00fcll\"},{\"@type\":\"BreadcrumbList\",\"@id\":\"https:\/\/now-news.de\/de\/deutschland\/us-militaerstuetzpunkt-ramstein-bibliothek-laedt-kinder-zu-drag-queen-story-time-ein\/#breadcrumb\",\"itemListElement\":[{\"@type\":\"ListItem\",\"position\":1,\"name\":\"Home\",\"item\":\"https:\/\/now-news.de\/de\/\"},{\"@type\":\"ListItem\",\"position\":2,\"name\":\"US-Milit\u00e4rst\u00fctzpunkt Ramstein: Bibliothek l\u00e4dt Kinder zu &quot;Drag Queen Story Time&quot; ein\"}]},{\"@type\":\"WebSite\",\"@id\":\"https:\/\/now-news.de\/de\/#website\",\"url\":\"https:\/\/now-news.de\/de\/\",\"name\":\"just-now.NEWS Deutschland\",\"description\":\"Das Portal f\u00fcr unzensierte Nachrichten aus der Welt\",\"publisher\":{\"@id\":\"https:\/\/now-news.de\/de\/#organization\"},\"potentialAction\":[{\"@type\":\"SearchAction\",\"target\":{\"@type\":\"EntryPoint\",\"urlTemplate\":\"https:\/\/now-news.de\/de\/?s={search_term_string}\"},\"query-input\":\"required name=search_term_string\"}],\"inLanguage\":\"de\"},{\"@type\":\"Organization\",\"@id\":\"https:\/\/now-news.de\/de\/#organization\",\"name\":\"Just Now News\",\"url\":\"https:\/\/now-news.de\/de\/\",\"logo\":{\"@type\":\"ImageObject\",\"inLanguage\":\"de\",\"@id\":\"https:\/\/now-news.de\/de\/#\/schema\/logo\/image\/\",\"url\":\"http:\/\/just-now.news\/de\/wp-content\/uploads\/sites\/3\/2022\/04\/logo500x500.jpg\",\"contentUrl\":\"http:\/\/just-now.news\/de\/wp-content\/uploads\/sites\/3\/2022\/04\/logo500x500.jpg\",\"width\":500,\"height\":500,\"caption\":\"Just Now News\"},\"image\":{\"@id\":\"https:\/\/now-news.de\/de\/#\/schema\/logo\/image\/\"},\"sameAs\":[\"https:\/\/www.facebook.com\/wirmachenauf\",\"https:\/\/x.com\/WirMachenAuf_de\"]},{\"@type\":\"Person\",\"@id\":\"https:\/\/now-news.de\/de\/#\/schema\/person\/fb534a4e865501d8b3285208df34a9b5\",\"name\":\"rtnews\",\"image\":{\"@type\":\"ImageObject\",\"inLanguage\":\"de\",\"@id\":\"https:\/\/now-news.de\/de\/#\/schema\/person\/image\/\",\"url\":\"https:\/\/secure.gravatar.com\/avatar\/82aafea7d8127119dd649515f56e2117?s=96&d=mm&r=g\",\"contentUrl\":\"https:\/\/secure.gravatar.com\/avatar\/82aafea7d8127119dd649515f56e2117?s=96&d=mm&r=g\",\"caption\":\"rtnews\"},\"url\":\"https:\/\/now-news.de\/de\/author\/rnews\/\"}]}<\/script>\n<!-- \/ Yoast SEO Premium plugin. -->","yoast_head_json":{"title":"US-Milit\u00e4rst\u00fctzpunkt Ramstein: Bibliothek l\u00e4dt Kinder zu &quot;Drag Queen Story Time&quot; ein - just-now.NEWS Deutschland","robots":{"index":"index","follow":"follow","max-snippet":"max-snippet:-1","max-image-preview":"max-image-preview:large","max-video-preview":"max-video-preview:-1"},"canonical":"https:\/\/now-news.de\/de\/deutschland\/us-militaerstuetzpunkt-ramstein-bibliothek-laedt-kinder-zu-drag-queen-story-time-ein\/","og_locale":"de_DE","og_type":"article","og_title":"US-Milit\u00e4rst\u00fctzpunkt Ramstein: Bibliothek l\u00e4dt Kinder zu &quot;Drag Queen Story Time&quot; ein","og_description":"Familien von US-Soldaten, die auf dem Luftwaffenst\u00fctzpunkt Ramstein in Deutschland stationiert sind, k\u00f6nnen ihre Kinder in der kommenden Woche zu einer sogenannten &#8220;Drag Queen Story Time&#8221; mitnehmen. Die Veranstaltung sei Teil der Feierlichkeiten zum &#8220;Pride Month&#8221;, erkl\u00e4rte die Luftwaffenbibilothek Ramstein und Vogelweh am Dienstag auf ihrer Facebook-Seite. &#8220;Wir feiern den Monat des Stolzes in der [&hellip;]","og_url":"https:\/\/now-news.de\/de\/deutschland\/us-militaerstuetzpunkt-ramstein-bibliothek-laedt-kinder-zu-drag-queen-story-time-ein\/","og_site_name":"just-now.NEWS Deutschland","article_publisher":"https:\/\/www.facebook.com\/wirmachenauf","article_published_time":"2022-05-27T04:45:42+00:00","og_image":[{"width":460,"height":259,"url":"https:\/\/now-news.de\/de\/wp-content\/uploads\/sites\/3\/2022\/05\/US-Militaerstuetzpunkt-Ramstein-Bibliothek-laedt-Kinder-zu-quotDrag-Queen-Story-Timequot.jpg","type":"image\/jpeg"}],"author":"rtnews","twitter_card":"summary_large_image","twitter_creator":"@WirMachenAuf_de","twitter_site":"@WirMachenAuf_de","twitter_misc":{"Verfasst von":"rtnews","Gesch\u00e4tzte Lesezeit":"3\u00a0Minuten"},"schema":{"@context":"https:\/\/schema.org","@graph":[{"@type":"Article","@id":"https:\/\/now-news.de\/de\/deutschland\/us-militaerstuetzpunkt-ramstein-bibliothek-laedt-kinder-zu-drag-queen-story-time-ein\/#article","isPartOf":{"@id":"https:\/\/now-news.de\/de\/deutschland\/us-militaerstuetzpunkt-ramstein-bibliothek-laedt-kinder-zu-drag-queen-story-time-ein\/"},"author":{"name":"rtnews","@id":"https:\/\/now-news.de\/de\/#\/schema\/person\/fb534a4e865501d8b3285208df34a9b5"},"headline":"US-Milit\u00e4rst\u00fctzpunkt Ramstein: Bibliothek l\u00e4dt Kinder zu &quot;Drag Queen Story Time&quot; ein","datePublished":"2022-05-27T04:45:42+00:00","dateModified":"2022-05-27T04:45:42+00:00","mainEntityOfPage":{"@id":"https:\/\/now-news.de\/de\/deutschland\/us-militaerstuetzpunkt-ramstein-bibliothek-laedt-kinder-zu-drag-queen-story-time-ein\/"},"wordCount":557,"commentCount":0,"publisher":{"@id":"https:\/\/now-news.de\/de\/#organization"},"image":{"@id":"https:\/\/now-news.de\/de\/deutschland\/us-militaerstuetzpunkt-ramstein-bibliothek-laedt-kinder-zu-drag-queen-story-time-ein\/#primaryimage"},"thumbnailUrl":"https:\/\/now-news.de\/de\/wp-content\/uploads\/sites\/3\/2022\/05\/US-Militaerstuetzpunkt-Ramstein-Bibliothek-laedt-Kinder-zu-quotDrag-Queen-Story-Timequot.jpg","keywords":["Bibliothek","ein","Kinder","l\u00e4dt","QUEEN","quotDrag","Ramstein","Story","Timequot","USMilit\u00e4rst\u00fctzpunkt"],"articleSection":["Deutschland","Russland"],"inLanguage":"de","potentialAction":[{"@type":"CommentAction","name":"Comment","target":["https:\/\/now-news.de\/de\/deutschland\/us-militaerstuetzpunkt-ramstein-bibliothek-laedt-kinder-zu-drag-queen-story-time-ein\/#respond"]}]},{"@type":"WebPage","@id":"https:\/\/now-news.de\/de\/deutschland\/us-militaerstuetzpunkt-ramstein-bibliothek-laedt-kinder-zu-drag-queen-story-time-ein\/","url":"https:\/\/now-news.de\/de\/deutschland\/us-militaerstuetzpunkt-ramstein-bibliothek-laedt-kinder-zu-drag-queen-story-time-ein\/","name":"US-Milit\u00e4rst\u00fctzpunkt Ramstein: Bibliothek l\u00e4dt Kinder zu &quot;Drag Queen Story Time&quot; ein - just-now.NEWS Deutschland","isPartOf":{"@id":"https:\/\/now-news.de\/de\/#website"},"primaryImageOfPage":{"@id":"https:\/\/now-news.de\/de\/deutschland\/us-militaerstuetzpunkt-ramstein-bibliothek-laedt-kinder-zu-drag-queen-story-time-ein\/#primaryimage"},"image":{"@id":"https:\/\/now-news.de\/de\/deutschland\/us-militaerstuetzpunkt-ramstein-bibliothek-laedt-kinder-zu-drag-queen-story-time-ein\/#primaryimage"},"thumbnailUrl":"https:\/\/now-news.de\/de\/wp-content\/uploads\/sites\/3\/2022\/05\/US-Militaerstuetzpunkt-Ramstein-Bibliothek-laedt-Kinder-zu-quotDrag-Queen-Story-Timequot.jpg","datePublished":"2022-05-27T04:45:42+00:00","dateModified":"2022-05-27T04:45:42+00:00","breadcrumb":{"@id":"https:\/\/now-news.de\/de\/deutschland\/us-militaerstuetzpunkt-ramstein-bibliothek-laedt-kinder-zu-drag-queen-story-time-ein\/#breadcrumb"},"inLanguage":"de","potentialAction":[{"@type":"ReadAction","target":["https:\/\/now-news.de\/de\/deutschland\/us-militaerstuetzpunkt-ramstein-bibliothek-laedt-kinder-zu-drag-queen-story-time-ein\/"]}]},{"@type":"ImageObject","inLanguage":"de","@id":"https:\/\/now-news.de\/de\/deutschland\/us-militaerstuetzpunkt-ramstein-bibliothek-laedt-kinder-zu-drag-queen-story-time-ein\/#primaryimage","url":"https:\/\/now-news.de\/de\/wp-content\/uploads\/sites\/3\/2022\/05\/US-Militaerstuetzpunkt-Ramstein-Bibliothek-laedt-Kinder-zu-quotDrag-Queen-Story-Timequot.jpg","contentUrl":"https:\/\/now-news.de\/de\/wp-content\/uploads\/sites\/3\/2022\/05\/US-Militaerstuetzpunkt-Ramstein-Bibliothek-laedt-Kinder-zu-quotDrag-Queen-Story-Timequot.jpg","width":460,"height":259,"caption":"US-Politik: Biden beauftragt nicht-bin\u00e4re Drag-Queen mit Betreuung von Atomm\u00fcll"},{"@type":"BreadcrumbList","@id":"https:\/\/now-news.de\/de\/deutschland\/us-militaerstuetzpunkt-ramstein-bibliothek-laedt-kinder-zu-drag-queen-story-time-ein\/#breadcrumb","itemListElement":[{"@type":"ListItem","position":1,"name":"Home","item":"https:\/\/now-news.de\/de\/"},{"@type":"ListItem","position":2,"name":"US-Milit\u00e4rst\u00fctzpunkt Ramstein: Bibliothek l\u00e4dt Kinder zu &quot;Drag Queen Story Time&quot; ein"}]},{"@type":"WebSite","@id":"https:\/\/now-news.de\/de\/#website","url":"https:\/\/now-news.de\/de\/","name":"just-now.NEWS Deutschland","description":"Das Portal f\u00fcr unzensierte Nachrichten aus der Welt","publisher":{"@id":"https:\/\/now-news.de\/de\/#organization"},"potentialAction":[{"@type":"SearchAction","target":{"@type":"EntryPoint","urlTemplate":"https:\/\/now-news.de\/de\/?s={search_term_string}"},"query-input":"required name=search_term_string"}],"inLanguage":"de"},{"@type":"Organization","@id":"https:\/\/now-news.de\/de\/#organization","name":"Just Now News","url":"https:\/\/now-news.de\/de\/","logo":{"@type":"ImageObject","inLanguage":"de","@id":"https:\/\/now-news.de\/de\/#\/schema\/logo\/image\/","url":"http:\/\/just-now.news\/de\/wp-content\/uploads\/sites\/3\/2022\/04\/logo500x500.jpg","contentUrl":"http:\/\/just-now.news\/de\/wp-content\/uploads\/sites\/3\/2022\/04\/logo500x500.jpg","width":500,"height":500,"caption":"Just Now News"},"image":{"@id":"https:\/\/now-news.de\/de\/#\/schema\/logo\/image\/"},"sameAs":["https:\/\/www.facebook.com\/wirmachenauf","https:\/\/x.com\/WirMachenAuf_de"]},{"@type":"Person","@id":"https:\/\/now-news.de\/de\/#\/schema\/person\/fb534a4e865501d8b3285208df34a9b5","name":"rtnews","image":{"@type":"ImageObject","inLanguage":"de","@id":"https:\/\/now-news.de\/de\/#\/schema\/person\/image\/","url":"https:\/\/secure.gravatar.com\/avatar\/82aafea7d8127119dd649515f56e2117?s=96&d=mm&r=g","contentUrl":"https:\/\/secure.gravatar.com\/avatar\/82aafea7d8127119dd649515f56e2117?s=96&d=mm&r=g","caption":"rtnews"},"url":"https:\/\/now-news.de\/de\/author\/rnews\/"}]}},"_links":{"self":[{"href":"https:\/\/now-news.de\/de\/wp-json\/wp\/v2\/posts\/8958"}],"collection":[{"href":"https:\/\/now-news.de\/de\/wp-json\/wp\/v2\/posts"}],"about":[{"href":"https:\/\/now-news.de\/de\/wp-json\/wp\/v2\/types\/post"}],"author":[{"embeddable":true,"href":"https:\/\/now-news.de\/de\/wp-json\/wp\/v2\/users\/3"}],"replies":[{"embeddable":true,"href":"https:\/\/now-news.de\/de\/wp-json\/wp\/v2\/comments?post=8958"}],"version-history":[{"count":0,"href":"https:\/\/now-news.de\/de\/wp-json\/wp\/v2\/posts\/8958\/revisions"}],"wp:featuredmedia":[{"embeddable":true,"href":"https:\/\/now-news.de\/de\/wp-json\/wp\/v2\/media\/8959"}],"wp:attachment":[{"href":"https:\/\/now-news.de\/de\/wp-json\/wp\/v2\/media?parent=8958"}],"wp:term":[{"taxonomy":"category","embeddable":true,"href":"https:\/\/now-news.de\/de\/wp-json\/wp\/v2\/categories?post=8958"},{"taxonomy":"post_tag","embeddable":true,"href":"https:\/\/now-news.de\/de\/wp-json\/wp\/v2\/tags?post=8958"}],"curies":[{"name":"wp","href":"https:\/\/api.w.org\/{rel}","templated":true}]}}