{"id":89562,"date":"2025-08-28T15:56:21","date_gmt":"2025-08-28T13:56:21","guid":{"rendered":"https:\/\/now-news.de\/de\/deutschland\/protestdemo-in-koeln-wehrpflicht-nicht-mit-uns-schafft-komitees\/"},"modified":"2025-08-28T15:56:21","modified_gmt":"2025-08-28T13:56:21","slug":"protestdemo-in-koeln-wehrpflicht-nicht-mit-uns-schafft-komitees","status":"publish","type":"post","link":"https:\/\/now-news.de\/de\/deutschland\/protestdemo-in-koeln-wehrpflicht-nicht-mit-uns-schafft-komitees\/","title":{"rendered":"Protestdemo in K\u00f6ln: &quot;Wehrpflicht? Nicht mit uns!&quot; \u2013 &quot;Schafft Komitees!&quot;"},"content":{"rendered":"<div class=\"Text-root Text-type_1 \">\n                Unter dem Motto &#8220;Wehrpflicht? Nicht mit uns!&#8221; veranstalteten mehrere Hundert Teilnehmer des &#8220;Rheinmetall-Entwaffen&#8221;-Camps am Mittwochabend in K\u00f6ln eine spontane Protestdemonstration. Dabei forderten sie die Jugend auf: &#8220;Schafft Komitees gegen die Wehrpflicht!&#8221;\n            <\/div>\n<p><\/p>\n<div class=\"Text-root Text-type_5 ArticleView-text ViewText-root \">\n<p><em>Von Felicitas Rabe<\/em><\/p>\n<p>Am Mittwoch entschieden sich die deutschen Abgeordneten mehrheitlich f\u00fcr die Wiedereinf\u00fchrung der\u00a0Wehrpflicht. Damit folgten die Abgeordneten der <a rel=\"nofollow noopener\" target=\"_blank\" href=\"https:\/\/www.youtube.com\/watch?v=RPgasw5RTiA\">Argumentation des Bundesverteidigungsministers Boris Pistorius<\/a>, wonach man den verpflichtenden Wehrdienst insbesondere aufgrund russischer Aggressivit\u00e4t wieder einf\u00fchren m\u00fcsse. Wortw\u00f6rtlich erkl\u00e4rte Pistorius: &#8220;Vor allem das aggressive Auftreten Russlands erfordert dies.&#8221;\u00a0<\/p>\n<p>Wir br\u00e4uchten eine personell stark aufgestellte Truppe, denn &#8220;erst dann ist die Abschreckung als Ganzes auch wirklich glaubhaft gegen\u00fcber Russland&#8221;. Au\u00dferdem wolle man mit einer starken und vergr\u00f6\u00dferten Armee Kriege verhindern. Pistorius zufolge, sei eine starke Armee das &#8220;effektivste Mittel, um Kriege zu verhindern&#8221;.<\/p>\n<p>Hie\u00df es also zuletzt seitens der Politik, Deutschland m\u00fcsse &#8220;kriegst\u00fcchtig&#8221; werden, begr\u00fcndet man ausgerechnet die Wiedereinf\u00fchrung der Wehrpflicht ganz anders. Pistorius argumentierte n\u00e4mlich nicht mehr, dass Deutschland f\u00fcr eine angeblich notwendige &#8220;Kriegst\u00fcchtigkeit&#8221; mehr Soldaten br\u00e4uchte. Stattdessen \u00fcberzeugte er die Parlamentarier offenbar damit, dass Deutschland mehr Soldaten br\u00e4uchte, erstens wegen eines aggressiven Russlands und zweitens, um so quasi friedensf\u00e4higer zu werden.<\/p>\n<figure class=\"RTImage-root\">\n<div class=\"RTImage-image RTImage-original\"><picture class=\"Picture-root Picture-original\"><!--[if IE 9]><video style=\"display: none;\"><![endif]--><source media=\"(-webkit-min-device-pixel-ratio: 2) and (min-resolution: 120dpi)\" data-srcset=\" \nhttps:\/\/now-news.de\/de\/wp-content\/uploads\/sites\/3\/2025\/08\/68b029e448fbef6eca2b902f.png 850w,\n                https:\/\/now-news.de\/de\/wp-content\/uploads\/sites\/3\/2025\/08\/68b029e448fbef6eca2b902f.png 1960w,            \" ><source data-srcset=\" \nhttps:\/\/now-news.de\/de\/wp-content\/uploads\/sites\/3\/2025\/08\/68b029e448fbef6eca2b902f.png 460w,\n              https:\/\/now-news.de\/de\/wp-content\/uploads\/sites\/3\/2025\/08\/68b029e448fbef6eca2b902f.png 980w,\n            \" ><!--[if IE 9]><\/video><![endif]--><img decoding=\"async\" data- src=\"data:image\/png;base64,iVBORw0KGgoAAAANSUhEUgAAABAAAAAJCAQAAACRI2S5AAAAEElEQVR42mNkIAAYRxWAAQAG9gAKqv6+AwAAAABJRU5ErkJggg==\" class=\"Picture-root Picture-original lazyload\" data-src=\"https:\/\/now-news.de\/de\/wp-content\/uploads\/sites\/3\/2025\/08\/68b029e448fbef6eca2b902f.png\" alt=\"\"><\/source><\/source><\/picture><!-- noscript pattern --><noscript><img decoding=\"async\" src=\"https:\/\/now-news.de\/de\/wp-content\/uploads\/sites\/3\/2025\/08\/68b029e448fbef6eca2b902f.png\" alt=\"\"><\/noscript><\/div><figcaption class=\"RTImage-footer\"><span class=\"RTImage-caption\"><span class=\"RTImage-captionItem\">Demonstration &#8220;Wehrpflicht? Nicht mit uns!&#8221;, K\u00f6ln, 27. August 2025<\/span><\/span><span class=\"RTImage-source\"><span class=\"RTImage-captionItem\">Felicitas Rabe<\/span><\/span><\/figcaption><\/figure>\n<p>Die Teilnehmer des antimilitaristischen\u00a0&#8220;<a rel=\"nofollow noopener\" target=\"_blank\" href=\"https:\/\/rheinmetallentwaffnen.noblogs.org\/post\/2025\/06\/26\/aufruf-mach-was-wirklich-zaehlt-im-august-nach-koeln\/\">Rheinmetall-Entwaffnen&#8221;<\/a>-Camps teilen die Auffassung der Abgeordneten nicht, wonach eine schrittweise Wiedereinf\u00fchrung der Wehrpflicht angeblich dem Frieden dienen soll. Wenige Stunden nach dem Kabinettsbeschluss veranstalteten sie am Mittwochabend in K\u00f6ln eine spontane Protestdemonstration. Unter dem Motto &#8220;Wehrpflicht? Nicht mit uns&#8221; beteiligten sich mehrere Hundert Teilnehmer des B\u00fcndnisses &#8220;Rheinmetall-Entwaffnen&#8221; am Protest gegen den Beschluss.<\/p>\n<figure class=\"RTImage-root\">\n<div class=\"RTImage-image RTImage-original\"><picture class=\"Picture-root Picture-original\"><!--[if IE 9]><video style=\"display: none;\"><![endif]--><source media=\"(-webkit-min-device-pixel-ratio: 2) and (min-resolution: 120dpi)\" data-srcset=\" \nhttps:\/\/now-news.de\/de\/wp-content\/uploads\/sites\/3\/2025\/08\/68b0222848fbef0f7e089310.jpg 850w,\n                https:\/\/now-news.de\/de\/wp-content\/uploads\/sites\/3\/2025\/08\/68b0222848fbef0f7e089310.jpg 1960w,            \" ><source data-srcset=\" \nhttps:\/\/now-news.de\/de\/wp-content\/uploads\/sites\/3\/2025\/08\/68b0222848fbef0f7e089310.jpg 460w,\n              https:\/\/now-news.de\/de\/wp-content\/uploads\/sites\/3\/2025\/08\/68b0222848fbef0f7e089310.jpg 980w,\n            \" ><!--[if IE 9]><\/video><![endif]--><img decoding=\"async\" data- src=\"data:image\/png;base64,iVBORw0KGgoAAAANSUhEUgAAABAAAAAJCAQAAACRI2S5AAAAEElEQVR42mNkIAAYRxWAAQAG9gAKqv6+AwAAAABJRU5ErkJggg==\" class=\"Picture-root Picture-original lazyload\" data-src=\"https:\/\/now-news.de\/de\/wp-content\/uploads\/sites\/3\/2025\/08\/68b0222848fbef0f7e089310.jpg\" alt=\"\"><\/source><\/source><\/picture><!-- noscript pattern --><noscript><img decoding=\"async\" src=\"https:\/\/now-news.de\/de\/wp-content\/uploads\/sites\/3\/2025\/08\/68b0222848fbef0f7e089310.jpg\" alt=\"\"><\/noscript><\/div><figcaption class=\"RTImage-footer\"><span class=\"RTImage-caption\"><span class=\"RTImage-captionItem\">Demonstration &#8220;Wehrpflicht? Nicht mit uns!&#8221;, K\u00f6ln, 27. August 2025<\/span><\/span><span class=\"RTImage-source\"><span class=\"RTImage-captionItem\">Felicitas Rabe<\/span><\/span><\/figcaption><\/figure>\n<\/p>\n<figure class=\"RTImage-root\">\n<div class=\"RTImage-image RTImage-original\"><picture class=\"Picture-root Picture-original\"><!--[if IE 9]><video style=\"display: none;\"><![endif]--><source media=\"(-webkit-min-device-pixel-ratio: 2) and (min-resolution: 120dpi)\" data-srcset=\" \nhttps:\/\/now-news.de\/de\/wp-content\/uploads\/sites\/3\/2025\/08\/68b02a3448fbef02ce79b1d8.jpg 850w,\n                https:\/\/now-news.de\/de\/wp-content\/uploads\/sites\/3\/2025\/08\/68b02a3448fbef02ce79b1d8.jpg 1960w,            \" ><source data-srcset=\" \nhttps:\/\/now-news.de\/de\/wp-content\/uploads\/sites\/3\/2025\/08\/68b02a3448fbef02ce79b1d8.jpg 460w,\n              https:\/\/now-news.de\/de\/wp-content\/uploads\/sites\/3\/2025\/08\/68b02a3448fbef02ce79b1d8.jpg 980w,\n            \" ><!--[if IE 9]><\/video><![endif]--><img decoding=\"async\" data- src=\"data:image\/png;base64,iVBORw0KGgoAAAANSUhEUgAAABAAAAAJCAQAAACRI2S5AAAAEElEQVR42mNkIAAYRxWAAQAG9gAKqv6+AwAAAABJRU5ErkJggg==\" class=\"Picture-root Picture-original lazyload\" data-src=\"https:\/\/now-news.de\/de\/wp-content\/uploads\/sites\/3\/2025\/08\/68b02a3448fbef02ce79b1d8.jpg\" alt=\"\"><\/source><\/source><\/picture><!-- noscript pattern --><noscript><img decoding=\"async\" src=\"https:\/\/now-news.de\/de\/wp-content\/uploads\/sites\/3\/2025\/08\/68b02a3448fbef02ce79b1d8.jpg\" alt=\"\"><\/noscript><\/div><figcaption class=\"RTImage-footer\"><span class=\"RTImage-caption\"><span class=\"RTImage-captionItem\">Demonstration &#8220;Wehrpflicht? Nicht mit uns!&#8221;, K\u00f6ln, 27. August 2025<\/span><\/span><span class=\"RTImage-source\"><span class=\"RTImage-captionItem\">Felicitas Rabe<\/span><\/span><\/figcaption><\/figure>\n<p>Lautstark brachten die gr\u00f6\u00dftenteils jungen Leute ihren Widerstand gegen die Wehrpflicht in den K\u00f6lner Stra\u00dfen zum Ausdruck. In einem auf der Demonstration verteilten Flyer begr\u00fcnden sie, warum sie gegen zunehmende Militarisierung und die neu eingef\u00fchrte Wehrpflicht protestieren. Darin hei\u00dft es:<\/p>\n<p><em>&#8220;Die Kriegsvorbereitungen sind in vollem Gange. Der Staat will uns auf Kriegskurs einschw\u00f6ren. Ob mit Werbung an den Schulen, auf den Stra\u00dfen oder in Kultureinrichtungen. \u00dcberall soll uns hier klargemacht werden, dass Deutschlands &#8216;Kriegst\u00fcchtigkeit&#8217; unumg\u00e4nglich w\u00e4re.&#8221;<\/em><\/p>\n<p>Die neue, vermeintlich freiwillige Form der Wehrpflicht bedeute f\u00fcr alle, die heute 15 Jahre und j\u00fcnger sind, dass sie ab 2028 verpflichtend zur Musterung bei der Bundeswehr m\u00fcssten. Das hie\u00dfe konkret: Wenn es hart auf hart k\u00e4me, sollten junge Menschen f\u00fcr den deutschen Staat an die Front. Sie sollten Menschen wie Dich und mich umbringen oder selbst im Sch\u00fctzengraben sterben.<\/p>\n<figure class=\"RTImage-root\">\n<div class=\"RTImage-image RTImage-original\"><picture class=\"Picture-root Picture-original\"><!--[if IE 9]><video style=\"display: none;\"><![endif]--><source media=\"(-webkit-min-device-pixel-ratio: 2) and (min-resolution: 120dpi)\" data-srcset=\" \nhttps:\/\/now-news.de\/de\/wp-content\/uploads\/sites\/3\/2025\/08\/68b022cd48fbef02ce79b1cb.jpg 850w,\n                https:\/\/now-news.de\/de\/wp-content\/uploads\/sites\/3\/2025\/08\/68b022cd48fbef02ce79b1cb.jpg 1960w,            \" ><source data-srcset=\" \nhttps:\/\/now-news.de\/de\/wp-content\/uploads\/sites\/3\/2025\/08\/68b022cd48fbef02ce79b1cb.jpg 460w,\n              https:\/\/now-news.de\/de\/wp-content\/uploads\/sites\/3\/2025\/08\/68b022cd48fbef02ce79b1cb.jpg 980w,\n            \" ><!--[if IE 9]><\/video><![endif]--><img decoding=\"async\" data- src=\"data:image\/png;base64,iVBORw0KGgoAAAANSUhEUgAAABAAAAAJCAQAAACRI2S5AAAAEElEQVR42mNkIAAYRxWAAQAG9gAKqv6+AwAAAABJRU5ErkJggg==\" class=\"Picture-root Picture-original lazyload\" data-src=\"https:\/\/now-news.de\/de\/wp-content\/uploads\/sites\/3\/2025\/08\/68b022cd48fbef02ce79b1cb.jpg\" alt=\"\"><\/source><\/source><\/picture><!-- noscript pattern --><noscript><img decoding=\"async\" src=\"https:\/\/now-news.de\/de\/wp-content\/uploads\/sites\/3\/2025\/08\/68b022cd48fbef02ce79b1cb.jpg\" alt=\"\"><\/noscript><\/div><figcaption class=\"RTImage-footer\"><span class=\"RTImage-caption\"><span class=\"RTImage-captionItem\">Demonstration &#8220;Wehrpflicht? Nicht mit uns!&#8221;, K\u00f6ln, 27. August 2025<\/span><\/span><span class=\"RTImage-source\"><span class=\"RTImage-captionItem\">Felicitas Rabe<\/span><\/span><\/figcaption><\/figure>\n<\/p>\n<figure class=\"RTImage-root\">\n<div class=\"RTImage-image RTImage-original\"><picture class=\"Picture-root Picture-original\"><!--[if IE 9]><video style=\"display: none;\"><![endif]--><source media=\"(-webkit-min-device-pixel-ratio: 2) and (min-resolution: 120dpi)\" data-srcset=\" \nhttps:\/\/now-news.de\/de\/wp-content\/uploads\/sites\/3\/2025\/08\/68b0233048fbef02175d5c0c.jpg 850w,\n                https:\/\/now-news.de\/de\/wp-content\/uploads\/sites\/3\/2025\/08\/68b0233048fbef02175d5c0c.jpg 1960w,            \" ><source data-srcset=\" \nhttps:\/\/now-news.de\/de\/wp-content\/uploads\/sites\/3\/2025\/08\/68b0233048fbef02175d5c0c.jpg 460w,\n              https:\/\/now-news.de\/de\/wp-content\/uploads\/sites\/3\/2025\/08\/68b0233048fbef02175d5c0c.jpg 980w,\n            \" ><!--[if IE 9]><\/video><![endif]--><img decoding=\"async\" data- src=\"data:image\/png;base64,iVBORw0KGgoAAAANSUhEUgAAABAAAAAJCAQAAACRI2S5AAAAEElEQVR42mNkIAAYRxWAAQAG9gAKqv6+AwAAAABJRU5ErkJggg==\" class=\"Picture-root Picture-original lazyload\" data-src=\"https:\/\/now-news.de\/de\/wp-content\/uploads\/sites\/3\/2025\/08\/68b0233048fbef02175d5c0c.jpg\" alt=\"\"><\/source><\/source><\/picture><!-- noscript pattern --><noscript><img decoding=\"async\" src=\"https:\/\/now-news.de\/de\/wp-content\/uploads\/sites\/3\/2025\/08\/68b0233048fbef02175d5c0c.jpg\" alt=\"\"><\/noscript><\/div><figcaption class=\"RTImage-footer\"><span class=\"RTImage-caption\"><span class=\"RTImage-captionItem\">Demonstration &#8220;Wehrpflicht? Nicht mit uns!&#8221;, K\u00f6ln, 27. August 2025<\/span><\/span><span class=\"RTImage-source\"><span class=\"RTImage-captionItem\">Felicitas Rabe<\/span><\/span><\/figcaption><\/figure>\n<p>Gleichzeitig gebe es immer weniger Geld f\u00fcr die soziale Daseinsf\u00fcrsorge. F\u00fcr Schulen, Schwimmb\u00e4der, Wohnen, Rente und vieles mehr sei kein Geld mehr da, w\u00e4hrend Milliarden in Bundeswehr und Aufr\u00fcstung gesteckt w\u00fcrden. Diese K\u00fcrzungen im Sozialen seien kein Zufall, denn Aufr\u00fcstung und Sozialabbau w\u00fcrden eng miteinander zusammenh\u00e4ngen. Die neuen Kriegsvorbereitungen und die Wehrpflicht werde man nicht hinnehmen:<\/p>\n<p><em>&#8220;Aber nicht mit uns! Wehrt Euch mit uns gemeinsam gegen diesen Kriegskurs! Es gibt eine Alternative, wir m\u00fcssen uns nicht verheizen und verarschen lassen. Nicht f\u00fcr ihren Krieg.&#8221;<\/em><\/p>\n<figure class=\"RTImage-root\">\n<div class=\"RTImage-image RTImage-original\"><picture class=\"Picture-root Picture-original\"><!--[if IE 9]><video style=\"display: none;\"><![endif]--><source media=\"(-webkit-min-device-pixel-ratio: 2) and (min-resolution: 120dpi)\" data-srcset=\" \nhttps:\/\/now-news.de\/de\/wp-content\/uploads\/sites\/3\/2025\/08\/68b0241448fbef6ebf652976.jpg 850w,\n                https:\/\/now-news.de\/de\/wp-content\/uploads\/sites\/3\/2025\/08\/68b0241448fbef6ebf652976.jpg 1960w,            \" ><source data-srcset=\" \nhttps:\/\/now-news.de\/de\/wp-content\/uploads\/sites\/3\/2025\/08\/68b0241448fbef6ebf652976.jpg 460w,\n              https:\/\/now-news.de\/de\/wp-content\/uploads\/sites\/3\/2025\/08\/68b0241448fbef6ebf652976.jpg 980w,\n            \" ><!--[if IE 9]><\/video><![endif]--><img decoding=\"async\" data- src=\"data:image\/png;base64,iVBORw0KGgoAAAANSUhEUgAAABAAAAAJCAQAAACRI2S5AAAAEElEQVR42mNkIAAYRxWAAQAG9gAKqv6+AwAAAABJRU5ErkJggg==\" class=\"Picture-root Picture-original lazyload\" data-src=\"https:\/\/now-news.de\/de\/wp-content\/uploads\/sites\/3\/2025\/08\/68b0241448fbef6ebf652976.jpg\" alt=\"\"><\/source><\/source><\/picture><!-- noscript pattern --><noscript><img decoding=\"async\" src=\"https:\/\/now-news.de\/de\/wp-content\/uploads\/sites\/3\/2025\/08\/68b0241448fbef6ebf652976.jpg\" alt=\"\"><\/noscript><\/div><figcaption class=\"RTImage-footer\"><span class=\"RTImage-caption\"><span class=\"RTImage-captionItem\">Demonstration &#8220;Wehrpflicht? Nicht mit uns!&#8221;, K\u00f6ln, 27. August 2025<\/span><\/span><span class=\"RTImage-source\"><span class=\"RTImage-captionItem\">Felicitas Rabe<\/span><\/span><\/figcaption><\/figure>\n<\/p>\n<figure class=\"RTImage-root\">\n<div class=\"RTImage-image RTImage-original\"><picture class=\"Picture-root Picture-original\"><!--[if IE 9]><video style=\"display: none;\"><![endif]--><source media=\"(-webkit-min-device-pixel-ratio: 2) and (min-resolution: 120dpi)\" data-srcset=\" \nhttps:\/\/now-news.de\/de\/wp-content\/uploads\/sites\/3\/2025\/08\/68b0247448fbef6ebf652979.jpg 850w,\n                https:\/\/now-news.de\/de\/wp-content\/uploads\/sites\/3\/2025\/08\/68b0247448fbef6ebf652979.jpg 1960w,            \" ><source data-srcset=\" \nhttps:\/\/now-news.de\/de\/wp-content\/uploads\/sites\/3\/2025\/08\/68b0247448fbef6ebf652979.jpg 460w,\n              https:\/\/now-news.de\/de\/wp-content\/uploads\/sites\/3\/2025\/08\/68b0247448fbef6ebf652979.jpg 980w,\n            \" ><!--[if IE 9]><\/video><![endif]--><img decoding=\"async\" data- src=\"data:image\/png;base64,iVBORw0KGgoAAAANSUhEUgAAABAAAAAJCAQAAACRI2S5AAAAEElEQVR42mNkIAAYRxWAAQAG9gAKqv6+AwAAAABJRU5ErkJggg==\" class=\"Picture-root Picture-original lazyload\" data-src=\"https:\/\/now-news.de\/de\/wp-content\/uploads\/sites\/3\/2025\/08\/68b0247448fbef6ebf652979.jpg\" alt=\"\"><\/source><\/source><\/picture><!-- noscript pattern --><noscript><img decoding=\"async\" src=\"https:\/\/now-news.de\/de\/wp-content\/uploads\/sites\/3\/2025\/08\/68b0247448fbef6ebf652979.jpg\" alt=\"\"><\/noscript><\/div><figcaption class=\"RTImage-footer\"><span class=\"RTImage-caption\"><span class=\"RTImage-captionItem\">Demonstration &#8220;Wehrpflicht? Nicht mit uns!&#8221;, K\u00f6ln, 27. August 2025<\/span><\/span><span class=\"RTImage-source\"><span class=\"RTImage-captionItem\">Felicitas Rabe<\/span><\/span><\/figcaption><\/figure>\n<p>Das antimilitaristische Camp findet vom 26. bis 31. August im K\u00f6lner Gr\u00fcng\u00fcrtel statt. Am zweiten Tag hatten sich bereits rund 900 Teilnehmer zumeist linker Jugendorganisationen im Camp eingefunden. Mit Protestaktionen in und um K\u00f6ln, einschlie\u00dflich einer Demonstration vor dem Haus des Rheinmetall-Chefs Armin Papperger, wollen sie der fortschreitenden Kriegstreiberei etwas entgegensetzen. Daneben\u00a0wollen sich die Teilnehmer mittels Vortr\u00e4gen und in Diskussionen \u00fcber Strategien der Militarisierung und Widerstandsmethoden fortbilden.<\/p>\n<p><strong>Mehr zum Thema<\/strong>\u00a0\u2013 <a rel=\"nofollow noopener\" target=\"_blank\" href=\"https:\/\/dert.online\/meinung\/254448-wiedereinfuehrung-wehrpflicht\/\">Deutschland muss sich gegen D\u00e4nemark verteidigen: Warum die Wehrpflicht wiedereingef\u00fchrt wird<\/a><\/p>\n<div class=\"EmbedBlock-root EmbedBlock-externalVideo EmbedBlock-rumble\">\n<div class=\"VkEmbed\"><iframe class=\"lazyload\" data-src=\"https:\/\/rumble.com\/embed\/v6vyuwa\" frameborder=\"0\" width=\"853\" height=\"480\" allowfullscreen><\/iframe><\/div>\n<\/div>\n<\/div>\n<p><br \/>\n<br \/><a href=\"https:\/\/de.rt.com\/inland\/254489-spontane-protestdemo-in-koeln-wehrpflicht\/\">Source link <\/a><\/p>\n","protected":false},"excerpt":{"rendered":"<p>Unter dem Motto &#8220;Wehrpflicht? Nicht mit uns!&#8221; veranstalteten mehrere Hundert Teilnehmer des &#8220;Rheinmetall-Entwaffen&#8221;-Camps am Mittwochabend in K\u00f6ln eine spontane Protestdemonstration. Dabei forderten sie die Jugend auf: &#8220;Schafft Komitees gegen die Wehrpflicht!&#8221; Von Felicitas Rabe Am Mittwoch entschieden sich die deutschen Abgeordneten mehrheitlich f\u00fcr die Wiedereinf\u00fchrung der\u00a0Wehrpflicht. Damit folgten die Abgeordneten der Argumentation des Bundesverteidigungsministers Boris [&hellip;]<\/p>\n","protected":false},"author":3,"featured_media":89563,"comment_status":"open","ping_status":"open","sticky":false,"template":"","format":"standard","meta":{"_yoast_indexnow_last_ping":["1756389440"],"wp_automatic_camp":["217"],"eb8a856c04636d1bcc71914aa5c734c0":["Protestdemo in K\u00f6ln: &quot;Wehrpflicht? Nicht mit uns!&quot; \u2013 &quot;Schafft Komitees!&quot;"],"original_link":["https:\/\/de.rt.com\/inland\/254489-spontane-protestdemo-in-koeln-wehrpflicht\/"],"jnews_social_counter_last_update":["1777349675"],"_thumbnail_id":["89563"],"_wptgpro_p2tg_sent2tg":["a:1:{i:23737;s:19:\"2025-08-28 15:58:24\";}"]},"categories":[19,23],"tags":[32283,67334,419,800,67331,67333,67332,32318],"yoast_head":"<!-- This site is optimized with the Yoast SEO Premium plugin v22.7 (Yoast SEO v22.7) - https:\/\/yoast.com\/wordpress\/plugins\/seo\/ -->\n<title>Protestdemo in K\u00f6ln: &quot;Wehrpflicht? Nicht mit uns!&quot; \u2013 &quot;Schafft Komitees!&quot; - just-now.NEWS Deutschland<\/title>\n<meta name=\"robots\" content=\"index, follow, max-snippet:-1, max-image-preview:large, max-video-preview:-1\" \/>\n<link rel=\"canonical\" href=\"https:\/\/now-news.de\/de\/deutschland\/protestdemo-in-koeln-wehrpflicht-nicht-mit-uns-schafft-komitees\/\" \/>\n<meta property=\"og:locale\" content=\"de_DE\" \/>\n<meta property=\"og:type\" content=\"article\" \/>\n<meta property=\"og:title\" content=\"Protestdemo in K\u00f6ln: &quot;Wehrpflicht? Nicht mit uns!&quot; \u2013 &quot;Schafft Komitees!&quot;\" \/>\n<meta property=\"og:description\" content=\"Unter dem Motto &#8220;Wehrpflicht? Nicht mit uns!&#8221; veranstalteten mehrere Hundert Teilnehmer des &#8220;Rheinmetall-Entwaffen&#8221;-Camps am Mittwochabend in K\u00f6ln eine spontane Protestdemonstration. Dabei forderten sie die Jugend auf: &#8220;Schafft Komitees gegen die Wehrpflicht!&#8221; Von Felicitas Rabe Am Mittwoch entschieden sich die deutschen Abgeordneten mehrheitlich f\u00fcr die Wiedereinf\u00fchrung der\u00a0Wehrpflicht. Damit folgten die Abgeordneten der Argumentation des Bundesverteidigungsministers Boris [&hellip;]\" \/>\n<meta property=\"og:url\" content=\"https:\/\/now-news.de\/de\/deutschland\/protestdemo-in-koeln-wehrpflicht-nicht-mit-uns-schafft-komitees\/\" \/>\n<meta property=\"og:site_name\" content=\"just-now.NEWS Deutschland\" \/>\n<meta property=\"article:publisher\" content=\"https:\/\/www.facebook.com\/wirmachenauf\" \/>\n<meta property=\"article:published_time\" content=\"2025-08-28T13:56:21+00:00\" \/>\n<meta property=\"og:image\" content=\"https:\/\/now-news.de\/de\/wp-content\/uploads\/sites\/3\/2025\/08\/68b029e448fbef6eca2b902f.png\" \/>\n<meta name=\"author\" content=\"rtnews\" \/>\n<meta name=\"twitter:card\" content=\"summary_large_image\" \/>\n<meta name=\"twitter:creator\" content=\"@WirMachenAuf_de\" \/>\n<meta name=\"twitter:site\" content=\"@WirMachenAuf_de\" \/>\n<meta name=\"twitter:label1\" content=\"Verfasst von\" \/>\n\t<meta name=\"twitter:data1\" content=\"rtnews\" \/>\n\t<meta name=\"twitter:label2\" content=\"Gesch\u00e4tzte Lesezeit\" \/>\n\t<meta name=\"twitter:data2\" content=\"3\u00a0Minuten\" \/>\n<script type=\"application\/ld+json\" class=\"yoast-schema-graph\">{\"@context\":\"https:\/\/schema.org\",\"@graph\":[{\"@type\":\"Article\",\"@id\":\"https:\/\/now-news.de\/de\/deutschland\/protestdemo-in-koeln-wehrpflicht-nicht-mit-uns-schafft-komitees\/#article\",\"isPartOf\":{\"@id\":\"https:\/\/now-news.de\/de\/deutschland\/protestdemo-in-koeln-wehrpflicht-nicht-mit-uns-schafft-komitees\/\"},\"author\":{\"name\":\"rtnews\",\"@id\":\"https:\/\/now-news.de\/de\/#\/schema\/person\/fb534a4e865501d8b3285208df34a9b5\"},\"headline\":\"Protestdemo in K\u00f6ln: &quot;Wehrpflicht? Nicht mit uns!&quot; \u2013 &quot;Schafft Komitees!&quot;\",\"datePublished\":\"2025-08-28T13:56:21+00:00\",\"dateModified\":\"2025-08-28T13:56:21+00:00\",\"mainEntityOfPage\":{\"@id\":\"https:\/\/now-news.de\/de\/deutschland\/protestdemo-in-koeln-wehrpflicht-nicht-mit-uns-schafft-komitees\/\"},\"wordCount\":690,\"commentCount\":0,\"publisher\":{\"@id\":\"https:\/\/now-news.de\/de\/#organization\"},\"image\":{\"@id\":\"https:\/\/now-news.de\/de\/deutschland\/protestdemo-in-koeln-wehrpflicht-nicht-mit-uns-schafft-komitees\/#primaryimage\"},\"thumbnailUrl\":\"https:\/\/now-news.de\/de\/wp-content\/uploads\/sites\/3\/2025\/08\/Protestdemo-in-Koeln-quotWehrpflicht-Nicht-mit-unsquot-\u2013-quotSchafft-Komiteesquot.png\",\"keywords\":[\"K\u00f6ln\",\"Komiteesquot\",\"mit\",\"nicht\",\"Protestdemo\",\"quotSchafft\",\"quotWehrpflicht\",\"unsquot\"],\"articleSection\":[\"Deutschland\",\"Russland\"],\"inLanguage\":\"de\",\"potentialAction\":[{\"@type\":\"CommentAction\",\"name\":\"Comment\",\"target\":[\"https:\/\/now-news.de\/de\/deutschland\/protestdemo-in-koeln-wehrpflicht-nicht-mit-uns-schafft-komitees\/#respond\"]}]},{\"@type\":\"WebPage\",\"@id\":\"https:\/\/now-news.de\/de\/deutschland\/protestdemo-in-koeln-wehrpflicht-nicht-mit-uns-schafft-komitees\/\",\"url\":\"https:\/\/now-news.de\/de\/deutschland\/protestdemo-in-koeln-wehrpflicht-nicht-mit-uns-schafft-komitees\/\",\"name\":\"Protestdemo in K\u00f6ln: &quot;Wehrpflicht? Nicht mit uns!&quot; \u2013 &quot;Schafft Komitees!&quot; - just-now.NEWS Deutschland\",\"isPartOf\":{\"@id\":\"https:\/\/now-news.de\/de\/#website\"},\"primaryImageOfPage\":{\"@id\":\"https:\/\/now-news.de\/de\/deutschland\/protestdemo-in-koeln-wehrpflicht-nicht-mit-uns-schafft-komitees\/#primaryimage\"},\"image\":{\"@id\":\"https:\/\/now-news.de\/de\/deutschland\/protestdemo-in-koeln-wehrpflicht-nicht-mit-uns-schafft-komitees\/#primaryimage\"},\"thumbnailUrl\":\"https:\/\/now-news.de\/de\/wp-content\/uploads\/sites\/3\/2025\/08\/Protestdemo-in-Koeln-quotWehrpflicht-Nicht-mit-unsquot-\u2013-quotSchafft-Komiteesquot.png\",\"datePublished\":\"2025-08-28T13:56:21+00:00\",\"dateModified\":\"2025-08-28T13:56:21+00:00\",\"breadcrumb\":{\"@id\":\"https:\/\/now-news.de\/de\/deutschland\/protestdemo-in-koeln-wehrpflicht-nicht-mit-uns-schafft-komitees\/#breadcrumb\"},\"inLanguage\":\"de\",\"potentialAction\":[{\"@type\":\"ReadAction\",\"target\":[\"https:\/\/now-news.de\/de\/deutschland\/protestdemo-in-koeln-wehrpflicht-nicht-mit-uns-schafft-komitees\/\"]}]},{\"@type\":\"ImageObject\",\"inLanguage\":\"de\",\"@id\":\"https:\/\/now-news.de\/de\/deutschland\/protestdemo-in-koeln-wehrpflicht-nicht-mit-uns-schafft-komitees\/#primaryimage\",\"url\":\"https:\/\/now-news.de\/de\/wp-content\/uploads\/sites\/3\/2025\/08\/Protestdemo-in-Koeln-quotWehrpflicht-Nicht-mit-unsquot-\u2013-quotSchafft-Komiteesquot.png\",\"contentUrl\":\"https:\/\/now-news.de\/de\/wp-content\/uploads\/sites\/3\/2025\/08\/Protestdemo-in-Koeln-quotWehrpflicht-Nicht-mit-unsquot-\u2013-quotSchafft-Komiteesquot.png\",\"width\":997,\"height\":598,\"caption\":\"Protestdemo in K\u00f6ln: &quot;Wehrpflicht? Nicht mit uns!&quot; \u2013 &quot;Schafft Komitees!&quot;\"},{\"@type\":\"BreadcrumbList\",\"@id\":\"https:\/\/now-news.de\/de\/deutschland\/protestdemo-in-koeln-wehrpflicht-nicht-mit-uns-schafft-komitees\/#breadcrumb\",\"itemListElement\":[{\"@type\":\"ListItem\",\"position\":1,\"name\":\"Home\",\"item\":\"https:\/\/now-news.de\/de\/\"},{\"@type\":\"ListItem\",\"position\":2,\"name\":\"Protestdemo in K\u00f6ln: &quot;Wehrpflicht? Nicht mit uns!&quot; \u2013 &quot;Schafft Komitees!&quot;\"}]},{\"@type\":\"WebSite\",\"@id\":\"https:\/\/now-news.de\/de\/#website\",\"url\":\"https:\/\/now-news.de\/de\/\",\"name\":\"just-now.NEWS Deutschland\",\"description\":\"Das Portal f\u00fcr unzensierte Nachrichten aus der Welt\",\"publisher\":{\"@id\":\"https:\/\/now-news.de\/de\/#organization\"},\"potentialAction\":[{\"@type\":\"SearchAction\",\"target\":{\"@type\":\"EntryPoint\",\"urlTemplate\":\"https:\/\/now-news.de\/de\/?s={search_term_string}\"},\"query-input\":\"required name=search_term_string\"}],\"inLanguage\":\"de\"},{\"@type\":\"Organization\",\"@id\":\"https:\/\/now-news.de\/de\/#organization\",\"name\":\"Just Now News\",\"url\":\"https:\/\/now-news.de\/de\/\",\"logo\":{\"@type\":\"ImageObject\",\"inLanguage\":\"de\",\"@id\":\"https:\/\/now-news.de\/de\/#\/schema\/logo\/image\/\",\"url\":\"http:\/\/just-now.news\/de\/wp-content\/uploads\/sites\/3\/2022\/04\/logo500x500.jpg\",\"contentUrl\":\"http:\/\/just-now.news\/de\/wp-content\/uploads\/sites\/3\/2022\/04\/logo500x500.jpg\",\"width\":500,\"height\":500,\"caption\":\"Just Now News\"},\"image\":{\"@id\":\"https:\/\/now-news.de\/de\/#\/schema\/logo\/image\/\"},\"sameAs\":[\"https:\/\/www.facebook.com\/wirmachenauf\",\"https:\/\/x.com\/WirMachenAuf_de\"]},{\"@type\":\"Person\",\"@id\":\"https:\/\/now-news.de\/de\/#\/schema\/person\/fb534a4e865501d8b3285208df34a9b5\",\"name\":\"rtnews\",\"image\":{\"@type\":\"ImageObject\",\"inLanguage\":\"de\",\"@id\":\"https:\/\/now-news.de\/de\/#\/schema\/person\/image\/\",\"url\":\"https:\/\/secure.gravatar.com\/avatar\/82aafea7d8127119dd649515f56e2117?s=96&d=mm&r=g\",\"contentUrl\":\"https:\/\/secure.gravatar.com\/avatar\/82aafea7d8127119dd649515f56e2117?s=96&d=mm&r=g\",\"caption\":\"rtnews\"},\"url\":\"https:\/\/now-news.de\/de\/author\/rnews\/\"}]}<\/script>\n<!-- \/ Yoast SEO Premium plugin. -->","yoast_head_json":{"title":"Protestdemo in K\u00f6ln: &quot;Wehrpflicht? Nicht mit uns!&quot; \u2013 &quot;Schafft Komitees!&quot; - just-now.NEWS Deutschland","robots":{"index":"index","follow":"follow","max-snippet":"max-snippet:-1","max-image-preview":"max-image-preview:large","max-video-preview":"max-video-preview:-1"},"canonical":"https:\/\/now-news.de\/de\/deutschland\/protestdemo-in-koeln-wehrpflicht-nicht-mit-uns-schafft-komitees\/","og_locale":"de_DE","og_type":"article","og_title":"Protestdemo in K\u00f6ln: &quot;Wehrpflicht? Nicht mit uns!&quot; \u2013 &quot;Schafft Komitees!&quot;","og_description":"Unter dem Motto &#8220;Wehrpflicht? Nicht mit uns!&#8221; veranstalteten mehrere Hundert Teilnehmer des &#8220;Rheinmetall-Entwaffen&#8221;-Camps am Mittwochabend in K\u00f6ln eine spontane Protestdemonstration. Dabei forderten sie die Jugend auf: &#8220;Schafft Komitees gegen die Wehrpflicht!&#8221; Von Felicitas Rabe Am Mittwoch entschieden sich die deutschen Abgeordneten mehrheitlich f\u00fcr die Wiedereinf\u00fchrung der\u00a0Wehrpflicht. Damit folgten die Abgeordneten der Argumentation des Bundesverteidigungsministers Boris [&hellip;]","og_url":"https:\/\/now-news.de\/de\/deutschland\/protestdemo-in-koeln-wehrpflicht-nicht-mit-uns-schafft-komitees\/","og_site_name":"just-now.NEWS Deutschland","article_publisher":"https:\/\/www.facebook.com\/wirmachenauf","article_published_time":"2025-08-28T13:56:21+00:00","og_image":[{"url":"https:\/\/now-news.de\/de\/wp-content\/uploads\/sites\/3\/2025\/08\/68b029e448fbef6eca2b902f.png"}],"author":"rtnews","twitter_card":"summary_large_image","twitter_creator":"@WirMachenAuf_de","twitter_site":"@WirMachenAuf_de","twitter_misc":{"Verfasst von":"rtnews","Gesch\u00e4tzte Lesezeit":"3\u00a0Minuten"},"schema":{"@context":"https:\/\/schema.org","@graph":[{"@type":"Article","@id":"https:\/\/now-news.de\/de\/deutschland\/protestdemo-in-koeln-wehrpflicht-nicht-mit-uns-schafft-komitees\/#article","isPartOf":{"@id":"https:\/\/now-news.de\/de\/deutschland\/protestdemo-in-koeln-wehrpflicht-nicht-mit-uns-schafft-komitees\/"},"author":{"name":"rtnews","@id":"https:\/\/now-news.de\/de\/#\/schema\/person\/fb534a4e865501d8b3285208df34a9b5"},"headline":"Protestdemo in K\u00f6ln: &quot;Wehrpflicht? Nicht mit uns!&quot; \u2013 &quot;Schafft Komitees!&quot;","datePublished":"2025-08-28T13:56:21+00:00","dateModified":"2025-08-28T13:56:21+00:00","mainEntityOfPage":{"@id":"https:\/\/now-news.de\/de\/deutschland\/protestdemo-in-koeln-wehrpflicht-nicht-mit-uns-schafft-komitees\/"},"wordCount":690,"commentCount":0,"publisher":{"@id":"https:\/\/now-news.de\/de\/#organization"},"image":{"@id":"https:\/\/now-news.de\/de\/deutschland\/protestdemo-in-koeln-wehrpflicht-nicht-mit-uns-schafft-komitees\/#primaryimage"},"thumbnailUrl":"https:\/\/now-news.de\/de\/wp-content\/uploads\/sites\/3\/2025\/08\/Protestdemo-in-Koeln-quotWehrpflicht-Nicht-mit-unsquot-\u2013-quotSchafft-Komiteesquot.png","keywords":["K\u00f6ln","Komiteesquot","mit","nicht","Protestdemo","quotSchafft","quotWehrpflicht","unsquot"],"articleSection":["Deutschland","Russland"],"inLanguage":"de","potentialAction":[{"@type":"CommentAction","name":"Comment","target":["https:\/\/now-news.de\/de\/deutschland\/protestdemo-in-koeln-wehrpflicht-nicht-mit-uns-schafft-komitees\/#respond"]}]},{"@type":"WebPage","@id":"https:\/\/now-news.de\/de\/deutschland\/protestdemo-in-koeln-wehrpflicht-nicht-mit-uns-schafft-komitees\/","url":"https:\/\/now-news.de\/de\/deutschland\/protestdemo-in-koeln-wehrpflicht-nicht-mit-uns-schafft-komitees\/","name":"Protestdemo in K\u00f6ln: &quot;Wehrpflicht? Nicht mit uns!&quot; \u2013 &quot;Schafft Komitees!&quot; - just-now.NEWS Deutschland","isPartOf":{"@id":"https:\/\/now-news.de\/de\/#website"},"primaryImageOfPage":{"@id":"https:\/\/now-news.de\/de\/deutschland\/protestdemo-in-koeln-wehrpflicht-nicht-mit-uns-schafft-komitees\/#primaryimage"},"image":{"@id":"https:\/\/now-news.de\/de\/deutschland\/protestdemo-in-koeln-wehrpflicht-nicht-mit-uns-schafft-komitees\/#primaryimage"},"thumbnailUrl":"https:\/\/now-news.de\/de\/wp-content\/uploads\/sites\/3\/2025\/08\/Protestdemo-in-Koeln-quotWehrpflicht-Nicht-mit-unsquot-\u2013-quotSchafft-Komiteesquot.png","datePublished":"2025-08-28T13:56:21+00:00","dateModified":"2025-08-28T13:56:21+00:00","breadcrumb":{"@id":"https:\/\/now-news.de\/de\/deutschland\/protestdemo-in-koeln-wehrpflicht-nicht-mit-uns-schafft-komitees\/#breadcrumb"},"inLanguage":"de","potentialAction":[{"@type":"ReadAction","target":["https:\/\/now-news.de\/de\/deutschland\/protestdemo-in-koeln-wehrpflicht-nicht-mit-uns-schafft-komitees\/"]}]},{"@type":"ImageObject","inLanguage":"de","@id":"https:\/\/now-news.de\/de\/deutschland\/protestdemo-in-koeln-wehrpflicht-nicht-mit-uns-schafft-komitees\/#primaryimage","url":"https:\/\/now-news.de\/de\/wp-content\/uploads\/sites\/3\/2025\/08\/Protestdemo-in-Koeln-quotWehrpflicht-Nicht-mit-unsquot-\u2013-quotSchafft-Komiteesquot.png","contentUrl":"https:\/\/now-news.de\/de\/wp-content\/uploads\/sites\/3\/2025\/08\/Protestdemo-in-Koeln-quotWehrpflicht-Nicht-mit-unsquot-\u2013-quotSchafft-Komiteesquot.png","width":997,"height":598,"caption":"Protestdemo in K\u00f6ln: &quot;Wehrpflicht? Nicht mit uns!&quot; \u2013 &quot;Schafft Komitees!&quot;"},{"@type":"BreadcrumbList","@id":"https:\/\/now-news.de\/de\/deutschland\/protestdemo-in-koeln-wehrpflicht-nicht-mit-uns-schafft-komitees\/#breadcrumb","itemListElement":[{"@type":"ListItem","position":1,"name":"Home","item":"https:\/\/now-news.de\/de\/"},{"@type":"ListItem","position":2,"name":"Protestdemo in K\u00f6ln: &quot;Wehrpflicht? Nicht mit uns!&quot; \u2013 &quot;Schafft Komitees!&quot;"}]},{"@type":"WebSite","@id":"https:\/\/now-news.de\/de\/#website","url":"https:\/\/now-news.de\/de\/","name":"just-now.NEWS Deutschland","description":"Das Portal f\u00fcr unzensierte Nachrichten aus der Welt","publisher":{"@id":"https:\/\/now-news.de\/de\/#organization"},"potentialAction":[{"@type":"SearchAction","target":{"@type":"EntryPoint","urlTemplate":"https:\/\/now-news.de\/de\/?s={search_term_string}"},"query-input":"required name=search_term_string"}],"inLanguage":"de"},{"@type":"Organization","@id":"https:\/\/now-news.de\/de\/#organization","name":"Just Now News","url":"https:\/\/now-news.de\/de\/","logo":{"@type":"ImageObject","inLanguage":"de","@id":"https:\/\/now-news.de\/de\/#\/schema\/logo\/image\/","url":"http:\/\/just-now.news\/de\/wp-content\/uploads\/sites\/3\/2022\/04\/logo500x500.jpg","contentUrl":"http:\/\/just-now.news\/de\/wp-content\/uploads\/sites\/3\/2022\/04\/logo500x500.jpg","width":500,"height":500,"caption":"Just Now News"},"image":{"@id":"https:\/\/now-news.de\/de\/#\/schema\/logo\/image\/"},"sameAs":["https:\/\/www.facebook.com\/wirmachenauf","https:\/\/x.com\/WirMachenAuf_de"]},{"@type":"Person","@id":"https:\/\/now-news.de\/de\/#\/schema\/person\/fb534a4e865501d8b3285208df34a9b5","name":"rtnews","image":{"@type":"ImageObject","inLanguage":"de","@id":"https:\/\/now-news.de\/de\/#\/schema\/person\/image\/","url":"https:\/\/secure.gravatar.com\/avatar\/82aafea7d8127119dd649515f56e2117?s=96&d=mm&r=g","contentUrl":"https:\/\/secure.gravatar.com\/avatar\/82aafea7d8127119dd649515f56e2117?s=96&d=mm&r=g","caption":"rtnews"},"url":"https:\/\/now-news.de\/de\/author\/rnews\/"}]}},"_links":{"self":[{"href":"https:\/\/now-news.de\/de\/wp-json\/wp\/v2\/posts\/89562"}],"collection":[{"href":"https:\/\/now-news.de\/de\/wp-json\/wp\/v2\/posts"}],"about":[{"href":"https:\/\/now-news.de\/de\/wp-json\/wp\/v2\/types\/post"}],"author":[{"embeddable":true,"href":"https:\/\/now-news.de\/de\/wp-json\/wp\/v2\/users\/3"}],"replies":[{"embeddable":true,"href":"https:\/\/now-news.de\/de\/wp-json\/wp\/v2\/comments?post=89562"}],"version-history":[{"count":0,"href":"https:\/\/now-news.de\/de\/wp-json\/wp\/v2\/posts\/89562\/revisions"}],"wp:featuredmedia":[{"embeddable":true,"href":"https:\/\/now-news.de\/de\/wp-json\/wp\/v2\/media\/89563"}],"wp:attachment":[{"href":"https:\/\/now-news.de\/de\/wp-json\/wp\/v2\/media?parent=89562"}],"wp:term":[{"taxonomy":"category","embeddable":true,"href":"https:\/\/now-news.de\/de\/wp-json\/wp\/v2\/categories?post=89562"},{"taxonomy":"post_tag","embeddable":true,"href":"https:\/\/now-news.de\/de\/wp-json\/wp\/v2\/tags?post=89562"}],"curies":[{"name":"wp","href":"https:\/\/api.w.org\/{rel}","templated":true}]}}