{"id":89530,"date":"2025-08-27T20:40:02","date_gmt":"2025-08-27T18:40:02","guid":{"rendered":"https:\/\/now-news.de\/de\/deutschland\/deutschland-muss-sich-gegen-daenemark-verteidigen-warum-die-wehrpflicht-wiedereingefuehrt-wird\/"},"modified":"2025-08-27T20:40:02","modified_gmt":"2025-08-27T18:40:02","slug":"deutschland-muss-sich-gegen-daenemark-verteidigen-warum-die-wehrpflicht-wiedereingefuehrt-wird","status":"publish","type":"post","link":"https:\/\/now-news.de\/de\/deutschland\/deutschland-muss-sich-gegen-daenemark-verteidigen-warum-die-wehrpflicht-wiedereingefuehrt-wird\/","title":{"rendered":"Deutschland muss sich gegen D\u00e4nemark verteidigen: Warum die Wehrpflicht wiedereingef\u00fchrt wird"},"content":{"rendered":"<p><img decoding=\"async\" src=\"https:\/\/now-news.de\/de\/wp-content\/uploads\/sites\/3\/2025\/08\/68af4ff948fbef38a3029fdd.jpg\" \/><\/p>\n<div class=\"Text-root Text-type_1 \">\n                Die Bundesregierung macht mit der Wiedereinf\u00fchrung der 2011 ausgesetzten Wehrpflicht also Ernst \u2013 das Gesetz wird kommen. Aber warum das alles?\n            <\/div>\n<p><\/p>\n<div class=\"Text-root Text-type_5 ArticleView-text ViewText-root \">\n<p><em>Von Alexej Danckwardt<\/em><\/p>\n<p>Da haben wir den Salat &#8230; Die Bundesregierung schreitet mit ihrem nie verheimlichten Plan voran, die 2011 ausgesetzte Wehrpflicht wieder einzuf\u00fchren, und hat am Mittwoch ein entsprechendes Gesetzesvorhaben auf den Weg gebracht. Die Zustimmung im Bundestag ist mit Wissensstand von heute nur eine Formsache, die Bef\u00fcrworter d\u00fcrften angesichts der antirussischen Kriegshysterie in fast allen Fraktionen \u00fcber eine ausreichende Mehrheit verf\u00fcgen.<\/p>\n<p>Man kann unterschiedlicher Meinung sein, ob die Wehrpflicht eine gute Idee oder Teufelszeug ist. F\u00fcr die Betroffenen, junge M\u00e4nner und irgendwann wohl auch Frauen, ist sie zweifellos eine Einschr\u00e4nkung ihrer pers\u00f6nlichen Freiheit. Ein Gang zum Bundesverfassungsgericht wird schon deshalb nichts bringen, weil sie von Anfang an im Grundgesetz verankert ist.\u00a0<\/p>\n<p>Vom Eingriff in die individuelle Lebensgestaltung \u2013 einem potenziell t\u00f6dlichen Eingriff \u2013 losgel\u00f6st, gibt es Argumente sowohl f\u00fcr die Wehrpflicht als auch gegen sie. Eine Berufsarmee hat den Geruch des S\u00f6ldnertums. S\u00f6ldnern unterstellt man, jederzeit zu jeder Missetat im Inneren und noch leichter gegen andere L\u00e4nder und V\u00f6lker bereit zu sein. Wahr ist aber auch, dass die Mehrheit der Kriege auch aufseiten des Aggressors mit &#8220;B\u00fcrgerarmeen&#8221;, Armeen rekrutiert aus Wehrpflichtigen, gef\u00fchrt wurden. Das gilt f\u00fcr den Ersten und den Zweiten Weltkrieg und auch f\u00fcr die Mehrheit der bisherigen Auslandseins\u00e4tze der Bundeswehr. Um ein Beispiel f\u00fcr einen rein mit S\u00f6ldnerarmeen gef\u00fchrten Krieg zu finden, muss man schon ins Mittelalter blicken, in die fr\u00fche Neuzeit oder auf die zahlreichen Interventionskriege der USA.\u00a0<\/p>\n<p>Was die Wiedereinf\u00fchrung der Wehrpflicht gerade jetzt aber zweifellos ist: Sie ist ein weiteres Signal der Kriegstreiber, ein weiterer Schritt auf den mit deutscher Beteiligung gef\u00fchrten Dritten Weltkrieg zu.<\/p>\n<p>Deutschland ist keiner realen Gefahr von au\u00dfen ausgesetzt. Am ehesten k\u00f6nnte noch den Eidgenossen der Kragen ob der Hochn\u00e4sigkeit des Nachbarn platzen, aber das zeigt schon, wie unrealistisch jedes Kriegsszenario, in dem Deutschland Opfer eines \u00dcberfalls wird, ist. Wer sonst? Liechtenstein? Luxemburg? Die Niederlande? D\u00e4nemark hat historisch betrachtet eine Rechnung offen, aber ein Revanchekrieg f\u00fcr 1864 ist und bleibt Phantasterei, Stoff f\u00fcr unwissenschaftliche Bellestristik.\u00a0<\/p>\n<p>Mit Sicherheit plant auch Russland keinen \u00dcberfall auf Deutschland. Mal abgesehen davon, dass es dazu gar kein Motiv hat (Was soll es hier wollen? Was hat Deutschland, das Russland unbedingt haben wollte? <a rel=\"nofollow noopener\" target=\"_blank\" href=\"https:\/\/freedert.online\/inland\/236576-bild-wittert-russische-baerlauch-mafia\">S\u00e4chsischen B\u00e4rlauch<\/a>?), ist es dazu auch gar nicht in der Lage. Als die Rote Armee 1945 auf Berlin vorr\u00fcckte, belief sich ihr Gesamtpersonalstand auf 11,3 Millionen M\u00e4nner und Frauen. Vier Millionen Soldaten und Offiziere waren unmittelbar an dem letzten Schlag gegen Hitlerdeutschland beteiligt. Der aktuelle Personalbestand der russischen Armee, r\u00fcckw\u00e4rtige Dienste mitgez\u00e4hlt, hat M\u00fche, auf 1,5 Millionen zu kommen. Und Polen ist heute kein Verb\u00fcndeter Moskaus &#8230;<\/p>\n<p>Ein Land mit 145 Millionen Einwohnern kann unter den modernen Bedingungen keine Armee aufstellen, die Mitteleuropa \u00fcberfallen und einnehmen k\u00f6nnte, das ist ein Ding der Unm\u00f6glichkeit. In etwa so phantastisch, wie eine d\u00e4nische Revanche.<\/p>\n<p>Intellektuell unredlich ist es, aus dem Ukraine-Krieg auf aggressive Absichten Russlands zu schlie\u00dfen: Die milit\u00e4rische Sonderoperation ist eine Reaktion auf eine Ereigniskette, die Russland existenziell gef\u00e4hrdet. Die Expansion der EU und der NATO in den weichen Unterbauch des Landes, die sich nicht anders als die Vorbereitung eines Angriffs- und Vernichtungskriegs des Westens gegen Russland deuten l\u00e4sst. Die Errichtung eines russophoben Regimes in Kiew mit ideologischen Anleihen im extremen Nationalismus. Der von diesem seit 2014 betriebene Krieg gegen die russischsprachige Bev\u00f6lkerung des Donbass. H\u00e4tte es das nicht gegeben, g\u00e4be es auch kein milit\u00e4risches Eingreifen Moskaus im Nachbarland. Es ist ganz einfach: Man mache die Sachen nicht, die nicht gemacht werden d\u00fcrfen, und alles wird gut. Keine Aktion \u2013 keine Reaktion.\u00a0<\/p>\n<p>Hat Sie, werter Leser, etwas am Status quo im Jahr 2003, im Jahr 2007, im Jahr 2012 gest\u00f6rt? Die Ukraine war da ein friedlicher, neutraler Staat, der wirtschaftlich nach Westen wie nach Osten offen war und davon profitierte. Was hat wem daran nicht gepasst, und warum? Ich kann nat\u00fcrlich nur f\u00fcr mich sprechen: Ich war mit meinem Leben zufrieden und ich brauchte die Ukraine nicht in der EU, noch weniger in der NATO.\u00a0<\/p>\n<p>Wir sind \u00fcbrigens auch nicht verpflichtet, jedem seine W\u00fcnsche zu erf\u00fcllen. Zumal die Ukrainer die W\u00fcnsche, um die es hier geht, nicht einmal hatten: Nie war in Meinungsumfragen bis einschlie\u00dflich 2013 eine Mehrheit der Ukrainer f\u00fcr einen Beitritt zur EU. Eine erdr\u00fcckende Mehrheit von je nach Umfrage 60, 70, 80 Prozent wies auch nur den Gedanken an einen NATO-Beitritt weit von sich. Ein Referendum \u00fcber die au\u00dfenpolitische Ausrichtung forderte nur die Kommunistische Partei der Ukraine, ja jene &#8220;prorussische&#8221;, inzwischen verbotene KPU. Die &#8220;Proeurop\u00e4er&#8221; lehnten es ab und verhinderten das Referendum letztlich. Warum wohl?<\/p>\n<p>Aber selbst wenn &#8220;die Ukrainer&#8221; W\u00fcnsche haben: Ja, und? Ich w\u00e4re auch gern Prinz von Wales. Deshalb ist K\u00f6nig Karl III. noch lange nicht verpflichtet, mich zu adoptieren. Und dass die EU jeden aufnimmt, der m\u00f6chte, ist auch nur ein M\u00e4rchen f\u00fcr Dumme \u2013 man frage die T\u00fcrkei, ob ihre Jahrzehnte w\u00e4hrenden Bewerbungsprozesse gefruchtet haben.\u00a0<\/p>\n<p>Mit der Frage, wem was am Status quo nicht gepasst hat, sind wir dennoch auf der richtigen Spur: Den deutschen, europ\u00e4ischen und transatlantischen &#8220;Eliten&#8221; hat der Frieden in der Ukraine nicht gepasst, den Superreichen und ihren politischen und medialen Bediensteten. Die Superreichen m\u00f6chten reich bleiben und noch reicher werden, und die einzige M\u00f6glichkeit, die ihnen daf\u00fcr noch bleibt, ist es, sich die Reicht\u00fcmer Russlands anzueignen. Man muss es so klar sehen und auch nicht komplizierter erkl\u00e4ren, als es ist \u2013 dann passen alle Puzzlest\u00fccke, dann wird einem alles verst\u00e4ndlich, was geschieht.\u00a0<\/p>\n<p>Und so ist auch die Wiedereinf\u00fchrung der Wehrpflicht nicht die Vorbereitung auf eine Landesverteidigung, an der es nie Bedarf geben wird. Sie ist wie das gesamte Gebrabbel von &#8220;Kriegst\u00fcchtigkeit&#8221; Vorbereitung auf einen imperialistischen Angriffs-, Vernichtungs- und Eroberungskrieg des Westens gegen Russland. Wieder einmal sollen die Deutschen ihre S\u00f6hne (k\u00fcnftig auch T\u00f6chter) f\u00fcr die Renditen der Konzerne hergeben. Verkauft wird es ihnen als &#8220;Unsere Freiheit wird am <s>Hindukusch<\/s> Dnjepr verteidigt&#8221; oder \u2013 wenn ein Politiker mal wie Wahrheit ausplappert \u2013 &#8220;<a rel=\"nofollow noopener\" target=\"_blank\" href=\"https:\/\/www.spiegel.de\/politik\/deutschland\/umstrittene-bundeswehr-aeusserungen-koehler-geht-in-deckung-a-697144.html\">Wir m\u00fcssen unseren Au\u00dfenhandel sch\u00fctzen<\/a>&#8220;, &#8220;<a rel=\"nofollow noopener\" target=\"_blank\" href=\"https:\/\/freedert.online\/inland\/190445-kiesewetter-redselig-europa-muss-lithium-erobern\">Wir brauchen das Lithium, das in Donezk lagert<\/a>&#8221; &#8230;\u00a0<\/p>\n<p>Die einzig offene Frage ist, ob die einfachen Deutschen etwas aus ihrer Geschichte gelernt haben. Wenn ja, dann w\u00e4re eine Armee Wehrpflichtiger sogar <a rel=\"nofollow noopener\" target=\"_blank\" href=\"https:\/\/www.deutschelyrik.de\/fantasie-von-uebermorgen-1165.html\">die L\u00f6sung<\/a>.\u00a0<\/p>\n<p><strong>Mehr zum Thema<\/strong> \u2013 <a rel=\"nofollow noopener\" target=\"_blank\" href=\"https:\/\/freedert.online\/inland\/254408-bundesregierung-beschliesst-gesetz-fuer-neuen\">Bundesregierung beschlie\u00dft Gesetz f\u00fcr neuen Wehrdienst<\/a><\/p>\n<div class=\"EmbedBlock-root EmbedBlock-externalVideo EmbedBlock-rumble\">\n<div class=\"VkEmbed\"><iframe class=\"lazyload\" data-src=\"https:\/\/rumble.com\/embed\/v6vy8p2\" frameborder=\"0\" width=\"853\" height=\"480\" allowfullscreen><\/iframe><\/div>\n<\/div>\n<\/div>\n<p><br \/>\n<br \/><a href=\"https:\/\/de.rt.com\/meinung\/254448-wiedereinfuehrung-wehrpflicht\/\">Source link <\/a><\/p>\n","protected":false},"excerpt":{"rendered":"<p>Die Bundesregierung macht mit der Wiedereinf\u00fchrung der 2011 ausgesetzten Wehrpflicht also Ernst \u2013 das Gesetz wird kommen. Aber warum das alles? Von Alexej Danckwardt Da haben wir den Salat &#8230; Die Bundesregierung schreitet mit ihrem nie verheimlichten Plan voran, die 2011 ausgesetzte Wehrpflicht wieder einzuf\u00fchren, und hat am Mittwoch ein entsprechendes Gesetzesvorhaben auf den Weg [&hellip;]<\/p>\n","protected":false},"author":3,"featured_media":89531,"comment_status":"open","ping_status":"open","sticky":false,"template":"","format":"standard","meta":{"_yoast_indexnow_last_ping":["1756320795"],"wp_automatic_camp":["217"],"ab5ce4d2c2c90eec6415831eda315bd7":["Deutschland muss sich gegen D\u00e4nemark verteidigen: Warum die Wehrpflicht wiedereingef\u00fchrt wird"],"original_link":["https:\/\/de.rt.com\/meinung\/254448-wiedereinfuehrung-wehrpflicht\/"],"_thumbnail_id":["89531"],"jnews_social_counter_last_update":["1777285553"],"_wptgpro_p2tg_sent2tg":["a:1:{i:23737;s:19:\"2025-08-27 20:54:21\";}"]},"categories":[19,23],"tags":[13801,179,45,278,534,434,4479,1289,31451,67314,374],"yoast_head":"<!-- This site is optimized with the Yoast SEO Premium plugin v22.7 (Yoast SEO v22.7) - https:\/\/yoast.com\/wordpress\/plugins\/seo\/ -->\n<title>Deutschland muss sich gegen D\u00e4nemark verteidigen: Warum die Wehrpflicht wiedereingef\u00fchrt wird - just-now.NEWS Deutschland<\/title>\n<meta name=\"robots\" content=\"index, follow, max-snippet:-1, max-image-preview:large, max-video-preview:-1\" \/>\n<link rel=\"canonical\" href=\"https:\/\/now-news.de\/de\/deutschland\/deutschland-muss-sich-gegen-daenemark-verteidigen-warum-die-wehrpflicht-wiedereingefuehrt-wird\/\" \/>\n<meta property=\"og:locale\" content=\"de_DE\" \/>\n<meta property=\"og:type\" content=\"article\" \/>\n<meta property=\"og:title\" content=\"Deutschland muss sich gegen D\u00e4nemark verteidigen: Warum die Wehrpflicht wiedereingef\u00fchrt wird\" \/>\n<meta property=\"og:description\" content=\"Die Bundesregierung macht mit der Wiedereinf\u00fchrung der 2011 ausgesetzten Wehrpflicht also Ernst \u2013 das Gesetz wird kommen. Aber warum das alles? Von Alexej Danckwardt Da haben wir den Salat &#8230; Die Bundesregierung schreitet mit ihrem nie verheimlichten Plan voran, die 2011 ausgesetzte Wehrpflicht wieder einzuf\u00fchren, und hat am Mittwoch ein entsprechendes Gesetzesvorhaben auf den Weg [&hellip;]\" \/>\n<meta property=\"og:url\" content=\"https:\/\/now-news.de\/de\/deutschland\/deutschland-muss-sich-gegen-daenemark-verteidigen-warum-die-wehrpflicht-wiedereingefuehrt-wird\/\" \/>\n<meta property=\"og:site_name\" content=\"just-now.NEWS Deutschland\" \/>\n<meta property=\"article:publisher\" content=\"https:\/\/www.facebook.com\/wirmachenauf\" \/>\n<meta property=\"article:published_time\" content=\"2025-08-27T18:40:02+00:00\" \/>\n<meta property=\"og:image\" content=\"https:\/\/now-news.de\/de\/wp-content\/uploads\/sites\/3\/2025\/08\/68af4ff948fbef38a3029fdd.jpg\" \/>\n<meta name=\"author\" content=\"rtnews\" \/>\n<meta name=\"twitter:card\" content=\"summary_large_image\" \/>\n<meta name=\"twitter:creator\" content=\"@WirMachenAuf_de\" \/>\n<meta name=\"twitter:site\" content=\"@WirMachenAuf_de\" \/>\n<meta name=\"twitter:label1\" content=\"Verfasst von\" \/>\n\t<meta name=\"twitter:data1\" content=\"rtnews\" \/>\n\t<meta name=\"twitter:label2\" content=\"Gesch\u00e4tzte Lesezeit\" \/>\n\t<meta name=\"twitter:data2\" content=\"6\u00a0Minuten\" \/>\n<script type=\"application\/ld+json\" class=\"yoast-schema-graph\">{\"@context\":\"https:\/\/schema.org\",\"@graph\":[{\"@type\":\"Article\",\"@id\":\"https:\/\/now-news.de\/de\/deutschland\/deutschland-muss-sich-gegen-daenemark-verteidigen-warum-die-wehrpflicht-wiedereingefuehrt-wird\/#article\",\"isPartOf\":{\"@id\":\"https:\/\/now-news.de\/de\/deutschland\/deutschland-muss-sich-gegen-daenemark-verteidigen-warum-die-wehrpflicht-wiedereingefuehrt-wird\/\"},\"author\":{\"name\":\"rtnews\",\"@id\":\"https:\/\/now-news.de\/de\/#\/schema\/person\/fb534a4e865501d8b3285208df34a9b5\"},\"headline\":\"Deutschland muss sich gegen D\u00e4nemark verteidigen: Warum die Wehrpflicht wiedereingef\u00fchrt wird\",\"datePublished\":\"2025-08-27T18:40:02+00:00\",\"dateModified\":\"2025-08-27T18:40:02+00:00\",\"mainEntityOfPage\":{\"@id\":\"https:\/\/now-news.de\/de\/deutschland\/deutschland-muss-sich-gegen-daenemark-verteidigen-warum-die-wehrpflicht-wiedereingefuehrt-wird\/\"},\"wordCount\":1122,\"commentCount\":0,\"publisher\":{\"@id\":\"https:\/\/now-news.de\/de\/#organization\"},\"image\":{\"@id\":\"https:\/\/now-news.de\/de\/deutschland\/deutschland-muss-sich-gegen-daenemark-verteidigen-warum-die-wehrpflicht-wiedereingefuehrt-wird\/#primaryimage\"},\"thumbnailUrl\":\"https:\/\/now-news.de\/de\/wp-content\/uploads\/sites\/3\/2025\/08\/Deutschland-muss-sich-gegen-Daenemark-verteidigen-Warum-die-Wehrpflicht-wiedereingefuehrt.jpg\",\"keywords\":[\"D\u00e4nemark\",\"Deutschland\",\"die\",\"gegen\",\"muss\",\"sich\",\"verteidigen\",\"Warum\",\"Wehrpflicht\",\"wiedereingef\u00fchrt\",\"wird\"],\"articleSection\":[\"Deutschland\",\"Russland\"],\"inLanguage\":\"de\",\"potentialAction\":[{\"@type\":\"CommentAction\",\"name\":\"Comment\",\"target\":[\"https:\/\/now-news.de\/de\/deutschland\/deutschland-muss-sich-gegen-daenemark-verteidigen-warum-die-wehrpflicht-wiedereingefuehrt-wird\/#respond\"]}]},{\"@type\":\"WebPage\",\"@id\":\"https:\/\/now-news.de\/de\/deutschland\/deutschland-muss-sich-gegen-daenemark-verteidigen-warum-die-wehrpflicht-wiedereingefuehrt-wird\/\",\"url\":\"https:\/\/now-news.de\/de\/deutschland\/deutschland-muss-sich-gegen-daenemark-verteidigen-warum-die-wehrpflicht-wiedereingefuehrt-wird\/\",\"name\":\"Deutschland muss sich gegen D\u00e4nemark verteidigen: Warum die Wehrpflicht wiedereingef\u00fchrt wird - just-now.NEWS Deutschland\",\"isPartOf\":{\"@id\":\"https:\/\/now-news.de\/de\/#website\"},\"primaryImageOfPage\":{\"@id\":\"https:\/\/now-news.de\/de\/deutschland\/deutschland-muss-sich-gegen-daenemark-verteidigen-warum-die-wehrpflicht-wiedereingefuehrt-wird\/#primaryimage\"},\"image\":{\"@id\":\"https:\/\/now-news.de\/de\/deutschland\/deutschland-muss-sich-gegen-daenemark-verteidigen-warum-die-wehrpflicht-wiedereingefuehrt-wird\/#primaryimage\"},\"thumbnailUrl\":\"https:\/\/now-news.de\/de\/wp-content\/uploads\/sites\/3\/2025\/08\/Deutschland-muss-sich-gegen-Daenemark-verteidigen-Warum-die-Wehrpflicht-wiedereingefuehrt.jpg\",\"datePublished\":\"2025-08-27T18:40:02+00:00\",\"dateModified\":\"2025-08-27T18:40:02+00:00\",\"breadcrumb\":{\"@id\":\"https:\/\/now-news.de\/de\/deutschland\/deutschland-muss-sich-gegen-daenemark-verteidigen-warum-die-wehrpflicht-wiedereingefuehrt-wird\/#breadcrumb\"},\"inLanguage\":\"de\",\"potentialAction\":[{\"@type\":\"ReadAction\",\"target\":[\"https:\/\/now-news.de\/de\/deutschland\/deutschland-muss-sich-gegen-daenemark-verteidigen-warum-die-wehrpflicht-wiedereingefuehrt-wird\/\"]}]},{\"@type\":\"ImageObject\",\"inLanguage\":\"de\",\"@id\":\"https:\/\/now-news.de\/de\/deutschland\/deutschland-muss-sich-gegen-daenemark-verteidigen-warum-die-wehrpflicht-wiedereingefuehrt-wird\/#primaryimage\",\"url\":\"https:\/\/now-news.de\/de\/wp-content\/uploads\/sites\/3\/2025\/08\/Deutschland-muss-sich-gegen-Daenemark-verteidigen-Warum-die-Wehrpflicht-wiedereingefuehrt.jpg\",\"contentUrl\":\"https:\/\/now-news.de\/de\/wp-content\/uploads\/sites\/3\/2025\/08\/Deutschland-muss-sich-gegen-Daenemark-verteidigen-Warum-die-Wehrpflicht-wiedereingefuehrt.jpg\",\"width\":460,\"height\":259,\"caption\":\"Deutschland muss sich gegen D\u00e4nemark verteidigen: Warum die Wehrpflicht wiedereingef\u00fchrt wird\"},{\"@type\":\"BreadcrumbList\",\"@id\":\"https:\/\/now-news.de\/de\/deutschland\/deutschland-muss-sich-gegen-daenemark-verteidigen-warum-die-wehrpflicht-wiedereingefuehrt-wird\/#breadcrumb\",\"itemListElement\":[{\"@type\":\"ListItem\",\"position\":1,\"name\":\"Home\",\"item\":\"https:\/\/now-news.de\/de\/\"},{\"@type\":\"ListItem\",\"position\":2,\"name\":\"Deutschland muss sich gegen D\u00e4nemark verteidigen: Warum die Wehrpflicht wiedereingef\u00fchrt wird\"}]},{\"@type\":\"WebSite\",\"@id\":\"https:\/\/now-news.de\/de\/#website\",\"url\":\"https:\/\/now-news.de\/de\/\",\"name\":\"just-now.NEWS Deutschland\",\"description\":\"Das Portal f\u00fcr unzensierte Nachrichten aus der Welt\",\"publisher\":{\"@id\":\"https:\/\/now-news.de\/de\/#organization\"},\"potentialAction\":[{\"@type\":\"SearchAction\",\"target\":{\"@type\":\"EntryPoint\",\"urlTemplate\":\"https:\/\/now-news.de\/de\/?s={search_term_string}\"},\"query-input\":\"required name=search_term_string\"}],\"inLanguage\":\"de\"},{\"@type\":\"Organization\",\"@id\":\"https:\/\/now-news.de\/de\/#organization\",\"name\":\"Just Now News\",\"url\":\"https:\/\/now-news.de\/de\/\",\"logo\":{\"@type\":\"ImageObject\",\"inLanguage\":\"de\",\"@id\":\"https:\/\/now-news.de\/de\/#\/schema\/logo\/image\/\",\"url\":\"http:\/\/just-now.news\/de\/wp-content\/uploads\/sites\/3\/2022\/04\/logo500x500.jpg\",\"contentUrl\":\"http:\/\/just-now.news\/de\/wp-content\/uploads\/sites\/3\/2022\/04\/logo500x500.jpg\",\"width\":500,\"height\":500,\"caption\":\"Just Now News\"},\"image\":{\"@id\":\"https:\/\/now-news.de\/de\/#\/schema\/logo\/image\/\"},\"sameAs\":[\"https:\/\/www.facebook.com\/wirmachenauf\",\"https:\/\/x.com\/WirMachenAuf_de\"]},{\"@type\":\"Person\",\"@id\":\"https:\/\/now-news.de\/de\/#\/schema\/person\/fb534a4e865501d8b3285208df34a9b5\",\"name\":\"rtnews\",\"image\":{\"@type\":\"ImageObject\",\"inLanguage\":\"de\",\"@id\":\"https:\/\/now-news.de\/de\/#\/schema\/person\/image\/\",\"url\":\"https:\/\/secure.gravatar.com\/avatar\/82aafea7d8127119dd649515f56e2117?s=96&d=mm&r=g\",\"contentUrl\":\"https:\/\/secure.gravatar.com\/avatar\/82aafea7d8127119dd649515f56e2117?s=96&d=mm&r=g\",\"caption\":\"rtnews\"},\"url\":\"https:\/\/now-news.de\/de\/author\/rnews\/\"}]}<\/script>\n<!-- \/ Yoast SEO Premium plugin. -->","yoast_head_json":{"title":"Deutschland muss sich gegen D\u00e4nemark verteidigen: Warum die Wehrpflicht wiedereingef\u00fchrt wird - just-now.NEWS Deutschland","robots":{"index":"index","follow":"follow","max-snippet":"max-snippet:-1","max-image-preview":"max-image-preview:large","max-video-preview":"max-video-preview:-1"},"canonical":"https:\/\/now-news.de\/de\/deutschland\/deutschland-muss-sich-gegen-daenemark-verteidigen-warum-die-wehrpflicht-wiedereingefuehrt-wird\/","og_locale":"de_DE","og_type":"article","og_title":"Deutschland muss sich gegen D\u00e4nemark verteidigen: Warum die Wehrpflicht wiedereingef\u00fchrt wird","og_description":"Die Bundesregierung macht mit der Wiedereinf\u00fchrung der 2011 ausgesetzten Wehrpflicht also Ernst \u2013 das Gesetz wird kommen. Aber warum das alles? Von Alexej Danckwardt Da haben wir den Salat &#8230; Die Bundesregierung schreitet mit ihrem nie verheimlichten Plan voran, die 2011 ausgesetzte Wehrpflicht wieder einzuf\u00fchren, und hat am Mittwoch ein entsprechendes Gesetzesvorhaben auf den Weg [&hellip;]","og_url":"https:\/\/now-news.de\/de\/deutschland\/deutschland-muss-sich-gegen-daenemark-verteidigen-warum-die-wehrpflicht-wiedereingefuehrt-wird\/","og_site_name":"just-now.NEWS Deutschland","article_publisher":"https:\/\/www.facebook.com\/wirmachenauf","article_published_time":"2025-08-27T18:40:02+00:00","og_image":[{"url":"https:\/\/now-news.de\/de\/wp-content\/uploads\/sites\/3\/2025\/08\/68af4ff948fbef38a3029fdd.jpg"}],"author":"rtnews","twitter_card":"summary_large_image","twitter_creator":"@WirMachenAuf_de","twitter_site":"@WirMachenAuf_de","twitter_misc":{"Verfasst von":"rtnews","Gesch\u00e4tzte Lesezeit":"6\u00a0Minuten"},"schema":{"@context":"https:\/\/schema.org","@graph":[{"@type":"Article","@id":"https:\/\/now-news.de\/de\/deutschland\/deutschland-muss-sich-gegen-daenemark-verteidigen-warum-die-wehrpflicht-wiedereingefuehrt-wird\/#article","isPartOf":{"@id":"https:\/\/now-news.de\/de\/deutschland\/deutschland-muss-sich-gegen-daenemark-verteidigen-warum-die-wehrpflicht-wiedereingefuehrt-wird\/"},"author":{"name":"rtnews","@id":"https:\/\/now-news.de\/de\/#\/schema\/person\/fb534a4e865501d8b3285208df34a9b5"},"headline":"Deutschland muss sich gegen D\u00e4nemark verteidigen: Warum die Wehrpflicht wiedereingef\u00fchrt wird","datePublished":"2025-08-27T18:40:02+00:00","dateModified":"2025-08-27T18:40:02+00:00","mainEntityOfPage":{"@id":"https:\/\/now-news.de\/de\/deutschland\/deutschland-muss-sich-gegen-daenemark-verteidigen-warum-die-wehrpflicht-wiedereingefuehrt-wird\/"},"wordCount":1122,"commentCount":0,"publisher":{"@id":"https:\/\/now-news.de\/de\/#organization"},"image":{"@id":"https:\/\/now-news.de\/de\/deutschland\/deutschland-muss-sich-gegen-daenemark-verteidigen-warum-die-wehrpflicht-wiedereingefuehrt-wird\/#primaryimage"},"thumbnailUrl":"https:\/\/now-news.de\/de\/wp-content\/uploads\/sites\/3\/2025\/08\/Deutschland-muss-sich-gegen-Daenemark-verteidigen-Warum-die-Wehrpflicht-wiedereingefuehrt.jpg","keywords":["D\u00e4nemark","Deutschland","die","gegen","muss","sich","verteidigen","Warum","Wehrpflicht","wiedereingef\u00fchrt","wird"],"articleSection":["Deutschland","Russland"],"inLanguage":"de","potentialAction":[{"@type":"CommentAction","name":"Comment","target":["https:\/\/now-news.de\/de\/deutschland\/deutschland-muss-sich-gegen-daenemark-verteidigen-warum-die-wehrpflicht-wiedereingefuehrt-wird\/#respond"]}]},{"@type":"WebPage","@id":"https:\/\/now-news.de\/de\/deutschland\/deutschland-muss-sich-gegen-daenemark-verteidigen-warum-die-wehrpflicht-wiedereingefuehrt-wird\/","url":"https:\/\/now-news.de\/de\/deutschland\/deutschland-muss-sich-gegen-daenemark-verteidigen-warum-die-wehrpflicht-wiedereingefuehrt-wird\/","name":"Deutschland muss sich gegen D\u00e4nemark verteidigen: Warum die Wehrpflicht wiedereingef\u00fchrt wird - just-now.NEWS Deutschland","isPartOf":{"@id":"https:\/\/now-news.de\/de\/#website"},"primaryImageOfPage":{"@id":"https:\/\/now-news.de\/de\/deutschland\/deutschland-muss-sich-gegen-daenemark-verteidigen-warum-die-wehrpflicht-wiedereingefuehrt-wird\/#primaryimage"},"image":{"@id":"https:\/\/now-news.de\/de\/deutschland\/deutschland-muss-sich-gegen-daenemark-verteidigen-warum-die-wehrpflicht-wiedereingefuehrt-wird\/#primaryimage"},"thumbnailUrl":"https:\/\/now-news.de\/de\/wp-content\/uploads\/sites\/3\/2025\/08\/Deutschland-muss-sich-gegen-Daenemark-verteidigen-Warum-die-Wehrpflicht-wiedereingefuehrt.jpg","datePublished":"2025-08-27T18:40:02+00:00","dateModified":"2025-08-27T18:40:02+00:00","breadcrumb":{"@id":"https:\/\/now-news.de\/de\/deutschland\/deutschland-muss-sich-gegen-daenemark-verteidigen-warum-die-wehrpflicht-wiedereingefuehrt-wird\/#breadcrumb"},"inLanguage":"de","potentialAction":[{"@type":"ReadAction","target":["https:\/\/now-news.de\/de\/deutschland\/deutschland-muss-sich-gegen-daenemark-verteidigen-warum-die-wehrpflicht-wiedereingefuehrt-wird\/"]}]},{"@type":"ImageObject","inLanguage":"de","@id":"https:\/\/now-news.de\/de\/deutschland\/deutschland-muss-sich-gegen-daenemark-verteidigen-warum-die-wehrpflicht-wiedereingefuehrt-wird\/#primaryimage","url":"https:\/\/now-news.de\/de\/wp-content\/uploads\/sites\/3\/2025\/08\/Deutschland-muss-sich-gegen-Daenemark-verteidigen-Warum-die-Wehrpflicht-wiedereingefuehrt.jpg","contentUrl":"https:\/\/now-news.de\/de\/wp-content\/uploads\/sites\/3\/2025\/08\/Deutschland-muss-sich-gegen-Daenemark-verteidigen-Warum-die-Wehrpflicht-wiedereingefuehrt.jpg","width":460,"height":259,"caption":"Deutschland muss sich gegen D\u00e4nemark verteidigen: Warum die Wehrpflicht wiedereingef\u00fchrt wird"},{"@type":"BreadcrumbList","@id":"https:\/\/now-news.de\/de\/deutschland\/deutschland-muss-sich-gegen-daenemark-verteidigen-warum-die-wehrpflicht-wiedereingefuehrt-wird\/#breadcrumb","itemListElement":[{"@type":"ListItem","position":1,"name":"Home","item":"https:\/\/now-news.de\/de\/"},{"@type":"ListItem","position":2,"name":"Deutschland muss sich gegen D\u00e4nemark verteidigen: Warum die Wehrpflicht wiedereingef\u00fchrt wird"}]},{"@type":"WebSite","@id":"https:\/\/now-news.de\/de\/#website","url":"https:\/\/now-news.de\/de\/","name":"just-now.NEWS Deutschland","description":"Das Portal f\u00fcr unzensierte Nachrichten aus der Welt","publisher":{"@id":"https:\/\/now-news.de\/de\/#organization"},"potentialAction":[{"@type":"SearchAction","target":{"@type":"EntryPoint","urlTemplate":"https:\/\/now-news.de\/de\/?s={search_term_string}"},"query-input":"required name=search_term_string"}],"inLanguage":"de"},{"@type":"Organization","@id":"https:\/\/now-news.de\/de\/#organization","name":"Just Now News","url":"https:\/\/now-news.de\/de\/","logo":{"@type":"ImageObject","inLanguage":"de","@id":"https:\/\/now-news.de\/de\/#\/schema\/logo\/image\/","url":"http:\/\/just-now.news\/de\/wp-content\/uploads\/sites\/3\/2022\/04\/logo500x500.jpg","contentUrl":"http:\/\/just-now.news\/de\/wp-content\/uploads\/sites\/3\/2022\/04\/logo500x500.jpg","width":500,"height":500,"caption":"Just Now News"},"image":{"@id":"https:\/\/now-news.de\/de\/#\/schema\/logo\/image\/"},"sameAs":["https:\/\/www.facebook.com\/wirmachenauf","https:\/\/x.com\/WirMachenAuf_de"]},{"@type":"Person","@id":"https:\/\/now-news.de\/de\/#\/schema\/person\/fb534a4e865501d8b3285208df34a9b5","name":"rtnews","image":{"@type":"ImageObject","inLanguage":"de","@id":"https:\/\/now-news.de\/de\/#\/schema\/person\/image\/","url":"https:\/\/secure.gravatar.com\/avatar\/82aafea7d8127119dd649515f56e2117?s=96&d=mm&r=g","contentUrl":"https:\/\/secure.gravatar.com\/avatar\/82aafea7d8127119dd649515f56e2117?s=96&d=mm&r=g","caption":"rtnews"},"url":"https:\/\/now-news.de\/de\/author\/rnews\/"}]}},"_links":{"self":[{"href":"https:\/\/now-news.de\/de\/wp-json\/wp\/v2\/posts\/89530"}],"collection":[{"href":"https:\/\/now-news.de\/de\/wp-json\/wp\/v2\/posts"}],"about":[{"href":"https:\/\/now-news.de\/de\/wp-json\/wp\/v2\/types\/post"}],"author":[{"embeddable":true,"href":"https:\/\/now-news.de\/de\/wp-json\/wp\/v2\/users\/3"}],"replies":[{"embeddable":true,"href":"https:\/\/now-news.de\/de\/wp-json\/wp\/v2\/comments?post=89530"}],"version-history":[{"count":0,"href":"https:\/\/now-news.de\/de\/wp-json\/wp\/v2\/posts\/89530\/revisions"}],"wp:featuredmedia":[{"embeddable":true,"href":"https:\/\/now-news.de\/de\/wp-json\/wp\/v2\/media\/89531"}],"wp:attachment":[{"href":"https:\/\/now-news.de\/de\/wp-json\/wp\/v2\/media?parent=89530"}],"wp:term":[{"taxonomy":"category","embeddable":true,"href":"https:\/\/now-news.de\/de\/wp-json\/wp\/v2\/categories?post=89530"},{"taxonomy":"post_tag","embeddable":true,"href":"https:\/\/now-news.de\/de\/wp-json\/wp\/v2\/tags?post=89530"}],"curies":[{"name":"wp","href":"https:\/\/api.w.org\/{rel}","templated":true}]}}