{"id":89518,"date":"2025-08-27T18:20:51","date_gmt":"2025-08-27T16:20:51","guid":{"rendered":"https:\/\/now-news.de\/de\/deutschland\/karriereleiter-hochgefallen-aelterer-habeck-brief-an-ex-bild-chef-sorgt-fuer-diskussionsstoff\/"},"modified":"2025-08-27T18:20:51","modified_gmt":"2025-08-27T16:20:51","slug":"karriereleiter-hochgefallen-aelterer-habeck-brief-an-ex-bild-chef-sorgt-fuer-diskussionsstoff","status":"publish","type":"post","link":"https:\/\/now-news.de\/de\/deutschland\/karriereleiter-hochgefallen-aelterer-habeck-brief-an-ex-bild-chef-sorgt-fuer-diskussionsstoff\/","title":{"rendered":"&quot;Karriereleiter hochgefallen&quot; \u2013 \u00c4lterer Habeck-Brief an Ex-Bild-Chef sorgt f\u00fcr Diskussionsstoff"},"content":{"rendered":"<p><img decoding=\"async\" src=\"https:\/\/now-news.de\/de\/wp-content\/uploads\/sites\/3\/2025\/08\/68aed349b480cc2bcd7d8d5d.JPG\" \/><\/p>\n<div class=\"Text-root Text-type_1 \">\n                Ein &#8220;taz&#8221;-Interview des scheidenden Bundestagsabgeordneten und Ex-Vizekanzlers Robert Habeck besch\u00e4ftigt die Medien hinsichtlich Stil und scharf formulierter Kritik an Unionspolitikern. Ex-&#8220;Bild&#8221;-Chefredakteur Kai Diekmann pr\u00e4sentiert dazu auf X einen alten Brief, den er von Habeck im Jahr 2010 erhielt.\n            <\/div>\n<p><\/p>\n<div class=\"Text-root Text-type_5 ArticleView-text ViewText-root \">\n<p>Der vorerst politische R\u00fcckzug von Robert Habeck besch\u00e4ftigt die Gesellschaft. Ein <em>taz<\/em>&#8211;<a rel=\"nofollow noopener\" target=\"_blank\" href=\"https:\/\/taz.de\/Robert-Habeck-tritt-zurueck\/!6106347\/\">Interview<\/a> samt get\u00e4tigter Aussagen zu vermeintlichen Gr\u00fcnden und Zukunftspl\u00e4nen des gescheiterten gr\u00fcnen Ministers wird seitens der Politik und Medien kontrovers wahrgenommen und diskutiert. In den sozialen Medien wird\u00a0von &#8220;schlechtem Stil&#8221;,\u00a0unangebrachten Wertungen\u00a0sowie fraglicher Wortwahl und Eigenwahrnehmung gesprochen.\u00a0Kai Diekmann,\u00a0von Januar 2001 bis Dezember 2015 Chefredakteur der <em>Bild<\/em>-Zeitung,<em>\u00a0<\/em>heizt nun mit einer Abbildung eines Habeck-Briefes aus dem Jahr 2010 die Bewertungen zum politischen Dasein des selbst ernannten &#8220;B\u00fcndniskanzlers&#8221; weiter an.<\/p>\n<p>&#8220;Robert Habeck tritt ab&#8221;, so die Information am 25. August aus der Hauptstadt, ausgehend von einem Artikel und Interview des gescheiterten Gr\u00fcnen-Politikers mit der Berliner\u00a0<em>taz<\/em>. Die \u00dcberschrift lautet: &#8220;Ich will nicht wie ein Gespenst \u00fcber die Flure laufen&#8221;. Das Interview sorgte umgehend f\u00fcr Diskussionen in den sozialen Medien. Die <em>taz<\/em>\u00a0<a rel=\"nofollow noopener\" target=\"_blank\" href=\"https:\/\/taz.de\/Habeck-Rueckzug\/!6106453\/\">titelt<\/a> am Tag nach dem Abschiedscoup f\u00fcr die Redaktion:<\/p>\n<p><em>&#8220;Habeck-R\u00fcckzug: Gemischte Reaktionen \u2013 S\u00f6der und Poschardt treten beleidigt nach, Kl\u00f6ckner gibt sich zugekn\u00f6pft.&#8221;<\/em><\/p>\n<p>Explizit Habecks harsche \u00c4u\u00dferungen zu Unionspolitikern sorgten f\u00fcr Irritationen im Regierungsviertel. So erkl\u00e4rte er zum CSU-Chef S\u00f6der:<\/p>\n<p><em>&#8220;Aber nun k\u00f6nnen Politiker sich ereifern, Zeitungen k\u00f6nnen vollgeschrieben werden, man kann Talkshows damit bestreiten, alle k\u00f6nnen etwas sagen, aber die eigentlich realen Probleme bleiben unbearbeitet, die zentralen Herausforderungen, die ein Land zu l\u00f6sen hat, werden nicht diskutiert. Dieses fetischhafte Wurstgefresse von Markus S\u00f6der ist ja keine Politik. Und es erf\u00fcllt dennoch einen Zweck. Es lenkt ab von den Gr\u00fcnden, die Menschen haben k\u00f6nnen, sich nicht gesehen und nicht mitgenommen zu f\u00fchlen.&#8221;<\/em><\/p>\n<p>Die aktuell speziell bei den Gr\u00fcnen scharf kritisierte amtierende Bundestagspr\u00e4sidentin Julia Kl\u00f6ckner wurde gleich mehrfach attackiert. So lauten Zitate aus dem Interview:<\/p>\n<ul>\n<li>&#8220;Politisch gewollte demokratische Alternativen sind nicht im Angebot. Schwarz-Gr\u00fcn ist von der Union \u2013 Merz, S\u00f6der, Spahn, Kl\u00f6ckner \u2013 ver\u00e4chtlich gemacht und zerst\u00f6rt worden<\/li>\n<li>Und auf der anderen Seite ist der Christopher Street Day sicher keine megapolitische Demonstration gewesen, die die Gesellschaft auseinanderrei\u00dfen will.\u00a0Es gab also faktisch kein Problem. Dann hat Julia Kl\u00f6ckner diese Debatte vom Zaun gebrochen \u2026&#8221;<\/li>\n<\/ul>\n<p>Die provokanteste Formulierung seitens Habeck lautet dann im Gesamtpaket der subjektiven Wahrnehmung:<\/p>\n<p><em>&#8220;Julia Kl\u00f6ckner hat die Gesellschaft gespalten. Ob mutwillig oder aus D\u00e4mlichkeit, wei\u00df ich nicht. Sie war noch nie in der Lage, Dinge zusammenzuf\u00fchren. Sie hat immer nur polarisiert, polemisiert und gespalten. Insofern war von Anfang an klar, dass sie eine Fehlbesetzung ist.&#8221;<\/em><\/p>\n<div class=\"EmbedBlock-root EmbedBlock-twitter\">\n<div class=\"TwitterEmbed\">\n<blockquote class=\"twitter-tweet lazyload\" data-twitter=\"twitter-tweet\">\n<p lang=\"de\" dir=\"ltr\">Wenn Habeck alle durchbeleidigt, dann ist es Haltung und Klarheit. Bei anderen ist es Hass und Hetze. Ich w\u00fcnsche euch gute Besserung<\/p>\n<p>\u2014 Mario Lochner (@mario_lochner) <a rel=\"nofollow noopener\" target=\"_blank\" href=\"https:\/\/twitter.com\/mario_lochner\/status\/1960038125348008223?ref_src=twsrc%5Etfw\">August 25, 2025<\/a><\/p><\/blockquote>\n<\/div>\n<\/div>\n<p>Der Journalist Kai Diekmann, im Jahr 2017\u00a0Mitgr\u00fcnder der Public-Relations-Agentur &#8220;Storymachine&#8221;,\u00a0pr\u00e4sentierte dann am Dienstag den Habeck-Brief aus dem Jahr 2010. Der X-Beitrag lautet dazu:<\/p>\n<p><em>&#8220;&#8216;Um das sein zu k\u00f6nnen, was sie von mir erwarten, muss ich einen anderen Weg gehen als den erwarteten.&#8217; Zitiert der Spiegel\u00a0aus dem Abschieds-Interview von Robert Habeck und meint: &#8216;Das h\u00e4tte Jesus auch nicht sch\u00f6ner sagen k\u00f6nnen.&#8217; Der Robert Habeck, den ich vor Urzeiten kennengelernt habe, klang noch anders: &#8216;Seitdem bin ich die Karriereleiter (wenn es denn Karriere ist &#8230;) bei den Gr\u00fcnen hochgefallen, werde f\u00fcr alles m\u00f6gliche gehandelt \u2026'&#8221;<\/em><\/p>\n<div class=\"EmbedBlock-root EmbedBlock-twitter\">\n<div class=\"TwitterEmbed\">\n<blockquote class=\"twitter-tweet lazyload\" data-twitter=\"twitter-tweet\">\n<p lang=\"de\" dir=\"ltr\">\u201eUm das sein zu k\u00f6nnen, was sie von mir erwarten, muss ich einen anderen Weg gehen als den erwarteten.\u201c Zitiert <a rel=\"nofollow noopener\" target=\"_blank\" href=\"https:\/\/twitter.com\/derspiegel?ref_src=twsrc%5Etfw\">@derspiegel<\/a> aus dem Abschieds-Interview von Robert Habeck und meint: \u201e Das h\u00e4tte Jesus auch nicht sch\u00f6ner sagen k\u00f6nnen.\u201c Der Robert Habeck, den ich vor Urzeiten\u2026 <a rel=\"nofollow noopener\" target=\"_blank\" href=\"https:\/\/t.co\/9230Jwkl8f\">pic.twitter.com\/9230Jwkl8f<\/a><\/p>\n<p>\u2014 Kai Diekmann (@KaiDiekmann) <a rel=\"nofollow noopener\" target=\"_blank\" href=\"https:\/\/twitter.com\/KaiDiekmann\/status\/1960364905644675408?ref_src=twsrc%5Etfw\">August 26, 2025<\/a><\/p><\/blockquote>\n<\/div>\n<\/div>\n<p>Diekmann erkl\u00e4rt nach X-Kritiken hinsichtlich der Briefver\u00f6ffentlichung zu seiner Motivation:<\/p>\n<p><em>&#8220;Weil es zeigt, was Macht mit Menschen macht. Wer austeilt, wie Robert Habeck das in seinem Abschieds-Interview tut, der muss auch einstecken k\u00f6nnen. #D\u00e4mlichkeit #Wurstgefresse&#8221;<\/em><\/p>\n<p>Der Brief vermittelt die Gedankenwelt\u00a0von Robert Habeck im Jahr 2010. So hei\u00dft es w\u00f6rtlich in dem Schreiben aus dem April 2010, versendet mit dem Briefkopf der Partei als\u00a0Fraktion des Landtags in Schleswig-Holstein:<\/p>\n<p><em>&#8220;Lieber Kai Diekmann,\u00a0vor drei, vier Jahren waren wir einmal Tischnachbarn bei Alexandra von Rehlingen [Anm. der Redaktion: eine deutsche PR-Managerin], als sie f\u00fcr <a rel=\"nofollow noopener\" target=\"_blank\" href=\"https:\/\/www.deutschlandfunk.de\/jakob-johann-baron-von-uexkuell-wegbereiter-der-oekologie-100.html\">Jakob von Uexk\u00fcll<\/a> ein Spendenessen veranstaltete. Seitdem bin ich die Karriereleiter (wenn es denn Karriere ist \u2026) bei den Gr\u00fcnen hochgefallen, werde f\u00fcr alles m\u00f6gliche gehandelt, bin Fraktionsvorsitzender in Schleswig-Holstein und habe gerade f\u00fcr meine Partei bei einer Sonntagsfrage 20 Prozent im ehemaligen Bauern- und Bundeswehrland eingefahren. Au\u00dferdem ist gerade ein schwerer Regelversto\u00df in Buchform von mir erschienen. Ein Gr\u00fcner fordert Patriotismus\u00a0(&#8230;)&#8221;<\/em><\/p>\n<p>Habeck erkl\u00e4rt abschlie\u00dfend dem damaligen <em>Bild<\/em>-Chef, er kontaktiere ihn, um w\u00f6rtlich &#8220;mich interessant zu machen und zu fragen, ob Sie Interesse haben, das Rehlingen-Gespr\u00e4ch einmal wieder aufzunehmen&#8221;. Eine handschriftliche, nicht vollst\u00e4ndig lesbare Randnotiz auf dem Brief lautet:<\/p>\n<p><em>&#8220;[Der?] soll sich [melden?], wenn er mal in Berlin ist&#8221;.<\/em><\/p>\n<p>Der <em>ta<\/em>z-Artikel berichtet zu der Reaktion des <em>Welt<\/em>-Chefs, ebenfalls im Springer-Verlag angesiedelt, auf das Interview, um zu orakeln:<\/p>\n<p><em>&#8220;Den\u00a0Welt-Chef Ulf Poschardt hatte \u00adHabeck zu seinem Abschied \u00adignoriert. Diese Missachtung wurmt den Springer-Mann offenbar so, dass er sich in eine regelrechte Wut-Tirade verstieg: Habeck sei &#8216;eine politische Null&#8217;, sch\u00e4umte er in Welt TV, und &#8216;nicht gemacht f\u00fcr harte Zeiten&#8217;.&#8221;<\/em><\/p>\n<p>Der SPD-Politiker Karl Lauterbach schrieb\u00a0\u2013 rein mutma\u00dflich\u00a0\u2013 leicht angeschickert auf X:<\/p>\n<p><em>&#8220;Ich w\u00fcnsche Dir auf dem neuen Weg Zauber und Gl\u00fcck . Du wirst fehlen. Ich h\u00e4tte mir gew\u00fcnscht, Dein pragmatischer Idealismus w\u00e4re belohnt und nicht immer weiter sabotiert worden. Alles Gute!&#8221;<\/em><\/p>\n<div class=\"EmbedBlock-root EmbedBlock-twitter\">\n<div class=\"TwitterEmbed\">\n<blockquote class=\"twitter-tweet lazyload\" data-twitter=\"twitter-tweet\">\n<p lang=\"de\" dir=\"ltr\">Ich w\u00fcnsche Dir auf dem neuen Weg Zauber und Gl\u00fcck \ud83c\udf40. Du wirst fehlen. Ich h\u00e4tte mir gew\u00fcnscht, Dein pragmatischer Idealismus w\u00e4re belohnt und nicht immer weiter sabotiert worden. Alles Gute! <a rel=\"nofollow noopener\" target=\"_blank\" href=\"https:\/\/t.co\/Veh2UgW63l\">https:\/\/t.co\/Veh2UgW63l<\/a><\/p>\n<p>\u2014 Prof. Karl Lauterbach (@Karl_Lauterbach) <a rel=\"nofollow noopener\" target=\"_blank\" href=\"https:\/\/twitter.com\/Karl_Lauterbach\/status\/1959961603111014808?ref_src=twsrc%5Etfw\">August 25, 2025<\/a><\/p><\/blockquote>\n<\/div>\n<\/div>\n<p>Hinsichtlich des politischen Endes des \u00fcberforderten und erfolglosen &#8220;B\u00fcndniskanzlers&#8221;\u00a0erfuhr Habeck solidarische R\u00fcckenst\u00e4rkung durch den ukrainischen Ex-Botschafter. Andrei Melnyk erkl\u00e4rte auf X:<\/p>\n<p><em>&#8220;Dass Robert Habeck den Hut werfen musste, ist kein gutes Zeugnis f\u00fcr die deutsche Politik. Seine Verbitterung kann ich nur allzu gut nachempfinden. Ohne Habeck h\u00e4tte es keine Zeitenwende gegeben! Traurig, dass gerade solche ehrlichen Menschen so stark angefeindet werden. Danke.&#8221;<\/em><\/p>\n<div class=\"EmbedBlock-root EmbedBlock-twitter\">\n<div class=\"TwitterEmbed\">\n<blockquote class=\"twitter-tweet lazyload\" data-twitter=\"twitter-tweet\">\n<p lang=\"de\" dir=\"ltr\">Dass <a rel=\"nofollow noopener\" target=\"_blank\" href=\"https:\/\/twitter.com\/roberthabeck?ref_src=twsrc%5Etfw\">@roberthabeck<\/a> den Hut werfen musste, ist kein gutes Zeugnis f\u00fcr die deutsche Politik. Seine Verbitterung kann ich nur allzu gut nachempfinden. Ohne Habeck h\u00e4tte es keine Zeitenwende gegeben! Traurig, dass gerade solche ehrlichen Menschen so stark angefeindet werden. Danke\ud83e\udd1d <a rel=\"nofollow noopener\" target=\"_blank\" href=\"https:\/\/t.co\/FcQdcuuVDC\">pic.twitter.com\/FcQdcuuVDC<\/a><\/p>\n<p>\u2014 Andrii Melnyk (@MelnykAndrij) <a rel=\"nofollow noopener\" target=\"_blank\" href=\"https:\/\/twitter.com\/MelnykAndrij\/status\/1960315862713336168?ref_src=twsrc%5Etfw\">August 26, 2025<\/a><\/p><\/blockquote>\n<\/div>\n<\/div>\n<p>Der attackierte CSU-Chef S\u00f6der reagierte wiederum via <em>Bild<\/em>-Zeitung, um zu Protokoll zu geben: &#8220;Geh mit Gott \u2013 <a rel=\"nofollow noopener\" target=\"_blank\" href=\"https:\/\/www.bild.de\/politik\/inland\/soeder-reagiert-auf-habeck-poebelei-geh-mit-gott-hauptsache-weit-weg-68ad6a4b5d3e123a945ab4a1\">Hauptsache, weit weg<\/a>&#8220;.<\/p>\n<p><strong>Mehr zum Thema \u2013<\/strong>\u00a0<a rel=\"nofollow noopener\" target=\"_blank\" href=\"https:\/\/freedert.online\/inland\/251614-sachsen-anhalt-habecks-intel-chip-leuchtturmprojekt-fuer-magdeburg-endgueltig-geschichte\/\">Milliardengrab: Habecks Intel-Chip-Leuchtturmprojekt f\u00fcr Magdeburg endg\u00fcltig Geschichte<\/a><\/p>\n<div class=\"EmbedBlock-root EmbedBlock-externalVideo EmbedBlock-rumble\">\n<div class=\"VkEmbed\"><iframe class=\"lazyload\" data-src=\"https:\/\/rumble.com\/embed\/v5pck3k\" frameborder=\"0\" width=\"853\" height=\"480\" allowfullscreen><\/iframe><\/div>\n<\/div>\n<\/div>\n<p><script async src=\"https:\/\/platform.twitter.com\/widgets.js\" charset=\"utf-8\"><\/script><br \/>\n<br \/><br \/>\n<br \/><a href=\"https:\/\/de.rt.com\/inland\/254402-karriereleiter-hochgefallen-aelterer-habeck-brief\/\">Source link <\/a><\/p>\n","protected":false},"excerpt":{"rendered":"<p>Ein &#8220;taz&#8221;-Interview des scheidenden Bundestagsabgeordneten und Ex-Vizekanzlers Robert Habeck besch\u00e4ftigt die Medien hinsichtlich Stil und scharf formulierter Kritik an Unionspolitikern. Ex-&#8220;Bild&#8221;-Chefredakteur Kai Diekmann pr\u00e4sentiert dazu auf X einen alten Brief, den er von Habeck im Jahr 2010 erhielt. Der vorerst politische R\u00fcckzug von Robert Habeck besch\u00e4ftigt die Gesellschaft. Ein taz&#8211;Interview samt get\u00e4tigter Aussagen zu vermeintlichen [&hellip;]<\/p>\n","protected":false},"author":3,"featured_media":89519,"comment_status":"open","ping_status":"open","sticky":false,"template":"","format":"standard","meta":{"_yoast_indexnow_last_ping":["1756313114"],"wp_automatic_camp":["217"],"35b9d25e090b87c720d1b6101e17a64d":["&quot;Karriereleiter hochgefallen&quot; \u2013 \u00c4lterer Habeck-Brief an Ex-Bild-Chef sorgt f\u00fcr Diskussionsstoff"],"original_link":["https:\/\/de.rt.com\/inland\/254402-karriereleiter-hochgefallen-aelterer-habeck-brief\/"],"_thumbnail_id":["89519"],"jnews_social_counter_last_update":["1777119122"],"_wptgpro_p2tg_sent2tg":["a:1:{i:23737;s:19:\"2025-08-27 18:46:28\";}"]},"categories":[19,23],"tags":[21827,67305,67304,221,67303,67302,67301,23727],"yoast_head":"<!-- This site is optimized with the Yoast SEO Premium plugin v22.7 (Yoast SEO v22.7) - https:\/\/yoast.com\/wordpress\/plugins\/seo\/ -->\n<title>&quot;Karriereleiter hochgefallen&quot; \u2013 \u00c4lterer Habeck-Brief an Ex-Bild-Chef sorgt f\u00fcr Diskussionsstoff - just-now.NEWS Deutschland<\/title>\n<meta name=\"robots\" content=\"index, follow, max-snippet:-1, max-image-preview:large, max-video-preview:-1\" \/>\n<link rel=\"canonical\" href=\"https:\/\/now-news.de\/de\/deutschland\/karriereleiter-hochgefallen-aelterer-habeck-brief-an-ex-bild-chef-sorgt-fuer-diskussionsstoff\/\" \/>\n<meta property=\"og:locale\" content=\"de_DE\" \/>\n<meta property=\"og:type\" content=\"article\" \/>\n<meta property=\"og:title\" content=\"&quot;Karriereleiter hochgefallen&quot; \u2013 \u00c4lterer Habeck-Brief an Ex-Bild-Chef sorgt f\u00fcr Diskussionsstoff\" \/>\n<meta property=\"og:description\" content=\"Ein &#8220;taz&#8221;-Interview des scheidenden Bundestagsabgeordneten und Ex-Vizekanzlers Robert Habeck besch\u00e4ftigt die Medien hinsichtlich Stil und scharf formulierter Kritik an Unionspolitikern. Ex-&#8220;Bild&#8221;-Chefredakteur Kai Diekmann pr\u00e4sentiert dazu auf X einen alten Brief, den er von Habeck im Jahr 2010 erhielt. Der vorerst politische R\u00fcckzug von Robert Habeck besch\u00e4ftigt die Gesellschaft. Ein taz&#8211;Interview samt get\u00e4tigter Aussagen zu vermeintlichen [&hellip;]\" \/>\n<meta property=\"og:url\" content=\"https:\/\/now-news.de\/de\/deutschland\/karriereleiter-hochgefallen-aelterer-habeck-brief-an-ex-bild-chef-sorgt-fuer-diskussionsstoff\/\" \/>\n<meta property=\"og:site_name\" content=\"just-now.NEWS Deutschland\" \/>\n<meta property=\"article:publisher\" content=\"https:\/\/www.facebook.com\/wirmachenauf\" \/>\n<meta property=\"article:published_time\" content=\"2025-08-27T16:20:51+00:00\" \/>\n<meta property=\"og:image\" content=\"https:\/\/now-news.de\/de\/wp-content\/uploads\/sites\/3\/2025\/08\/68aed349b480cc2bcd7d8d5d.JPG\" \/>\n<meta name=\"author\" content=\"rtnews\" \/>\n<meta name=\"twitter:card\" content=\"summary_large_image\" \/>\n<meta name=\"twitter:creator\" content=\"@WirMachenAuf_de\" \/>\n<meta name=\"twitter:site\" content=\"@WirMachenAuf_de\" \/>\n<meta name=\"twitter:label1\" content=\"Verfasst von\" \/>\n\t<meta name=\"twitter:data1\" content=\"rtnews\" \/>\n\t<meta name=\"twitter:label2\" content=\"Gesch\u00e4tzte Lesezeit\" \/>\n\t<meta name=\"twitter:data2\" content=\"6\u00a0Minuten\" \/>\n<script type=\"application\/ld+json\" class=\"yoast-schema-graph\">{\"@context\":\"https:\/\/schema.org\",\"@graph\":[{\"@type\":\"Article\",\"@id\":\"https:\/\/now-news.de\/de\/deutschland\/karriereleiter-hochgefallen-aelterer-habeck-brief-an-ex-bild-chef-sorgt-fuer-diskussionsstoff\/#article\",\"isPartOf\":{\"@id\":\"https:\/\/now-news.de\/de\/deutschland\/karriereleiter-hochgefallen-aelterer-habeck-brief-an-ex-bild-chef-sorgt-fuer-diskussionsstoff\/\"},\"author\":{\"name\":\"rtnews\",\"@id\":\"https:\/\/now-news.de\/de\/#\/schema\/person\/fb534a4e865501d8b3285208df34a9b5\"},\"headline\":\"&quot;Karriereleiter hochgefallen&quot; \u2013 \u00c4lterer Habeck-Brief an Ex-Bild-Chef sorgt f\u00fcr Diskussionsstoff\",\"datePublished\":\"2025-08-27T16:20:51+00:00\",\"dateModified\":\"2025-08-27T16:20:51+00:00\",\"mainEntityOfPage\":{\"@id\":\"https:\/\/now-news.de\/de\/deutschland\/karriereleiter-hochgefallen-aelterer-habeck-brief-an-ex-bild-chef-sorgt-fuer-diskussionsstoff\/\"},\"wordCount\":1180,\"commentCount\":0,\"publisher\":{\"@id\":\"https:\/\/now-news.de\/de\/#organization\"},\"image\":{\"@id\":\"https:\/\/now-news.de\/de\/deutschland\/karriereleiter-hochgefallen-aelterer-habeck-brief-an-ex-bild-chef-sorgt-fuer-diskussionsstoff\/#primaryimage\"},\"thumbnailUrl\":\"https:\/\/now-news.de\/de\/wp-content\/uploads\/sites\/3\/2025\/08\/quotKarriereleiter-hochgefallenquot-\u2013-Aelterer-Habeck-Brief-an-Ex-Bild-Chef-sorgt-fuer-Diskussionsstoff.JPG\",\"keywords\":[\"\u00c4lterer\",\"Diskussionsstoff\",\"ExBildChef\",\"f\u00fcr\",\"HabeckBrief\",\"hochgefallenquot\",\"quotKarriereleiter\",\"sorgt\"],\"articleSection\":[\"Deutschland\",\"Russland\"],\"inLanguage\":\"de\",\"potentialAction\":[{\"@type\":\"CommentAction\",\"name\":\"Comment\",\"target\":[\"https:\/\/now-news.de\/de\/deutschland\/karriereleiter-hochgefallen-aelterer-habeck-brief-an-ex-bild-chef-sorgt-fuer-diskussionsstoff\/#respond\"]}]},{\"@type\":\"WebPage\",\"@id\":\"https:\/\/now-news.de\/de\/deutschland\/karriereleiter-hochgefallen-aelterer-habeck-brief-an-ex-bild-chef-sorgt-fuer-diskussionsstoff\/\",\"url\":\"https:\/\/now-news.de\/de\/deutschland\/karriereleiter-hochgefallen-aelterer-habeck-brief-an-ex-bild-chef-sorgt-fuer-diskussionsstoff\/\",\"name\":\"&quot;Karriereleiter hochgefallen&quot; \u2013 \u00c4lterer Habeck-Brief an Ex-Bild-Chef sorgt f\u00fcr Diskussionsstoff - just-now.NEWS Deutschland\",\"isPartOf\":{\"@id\":\"https:\/\/now-news.de\/de\/#website\"},\"primaryImageOfPage\":{\"@id\":\"https:\/\/now-news.de\/de\/deutschland\/karriereleiter-hochgefallen-aelterer-habeck-brief-an-ex-bild-chef-sorgt-fuer-diskussionsstoff\/#primaryimage\"},\"image\":{\"@id\":\"https:\/\/now-news.de\/de\/deutschland\/karriereleiter-hochgefallen-aelterer-habeck-brief-an-ex-bild-chef-sorgt-fuer-diskussionsstoff\/#primaryimage\"},\"thumbnailUrl\":\"https:\/\/now-news.de\/de\/wp-content\/uploads\/sites\/3\/2025\/08\/quotKarriereleiter-hochgefallenquot-\u2013-Aelterer-Habeck-Brief-an-Ex-Bild-Chef-sorgt-fuer-Diskussionsstoff.JPG\",\"datePublished\":\"2025-08-27T16:20:51+00:00\",\"dateModified\":\"2025-08-27T16:20:51+00:00\",\"breadcrumb\":{\"@id\":\"https:\/\/now-news.de\/de\/deutschland\/karriereleiter-hochgefallen-aelterer-habeck-brief-an-ex-bild-chef-sorgt-fuer-diskussionsstoff\/#breadcrumb\"},\"inLanguage\":\"de\",\"potentialAction\":[{\"@type\":\"ReadAction\",\"target\":[\"https:\/\/now-news.de\/de\/deutschland\/karriereleiter-hochgefallen-aelterer-habeck-brief-an-ex-bild-chef-sorgt-fuer-diskussionsstoff\/\"]}]},{\"@type\":\"ImageObject\",\"inLanguage\":\"de\",\"@id\":\"https:\/\/now-news.de\/de\/deutschland\/karriereleiter-hochgefallen-aelterer-habeck-brief-an-ex-bild-chef-sorgt-fuer-diskussionsstoff\/#primaryimage\",\"url\":\"https:\/\/now-news.de\/de\/wp-content\/uploads\/sites\/3\/2025\/08\/quotKarriereleiter-hochgefallenquot-\u2013-Aelterer-Habeck-Brief-an-Ex-Bild-Chef-sorgt-fuer-Diskussionsstoff.JPG\",\"contentUrl\":\"https:\/\/now-news.de\/de\/wp-content\/uploads\/sites\/3\/2025\/08\/quotKarriereleiter-hochgefallenquot-\u2013-Aelterer-Habeck-Brief-an-Ex-Bild-Chef-sorgt-fuer-Diskussionsstoff.JPG\",\"width\":460,\"height\":259,\"caption\":\"&quot;Karriereleiter hochgefallen&quot; \u2013 \u00c4lterer Habeck-Brief an Ex-Bild-Chef sorgt f\u00fcr Diskussionsstoff\"},{\"@type\":\"BreadcrumbList\",\"@id\":\"https:\/\/now-news.de\/de\/deutschland\/karriereleiter-hochgefallen-aelterer-habeck-brief-an-ex-bild-chef-sorgt-fuer-diskussionsstoff\/#breadcrumb\",\"itemListElement\":[{\"@type\":\"ListItem\",\"position\":1,\"name\":\"Home\",\"item\":\"https:\/\/now-news.de\/de\/\"},{\"@type\":\"ListItem\",\"position\":2,\"name\":\"&quot;Karriereleiter hochgefallen&quot; \u2013 \u00c4lterer Habeck-Brief an Ex-Bild-Chef sorgt f\u00fcr Diskussionsstoff\"}]},{\"@type\":\"WebSite\",\"@id\":\"https:\/\/now-news.de\/de\/#website\",\"url\":\"https:\/\/now-news.de\/de\/\",\"name\":\"just-now.NEWS Deutschland\",\"description\":\"Das Portal f\u00fcr unzensierte Nachrichten aus der Welt\",\"publisher\":{\"@id\":\"https:\/\/now-news.de\/de\/#organization\"},\"potentialAction\":[{\"@type\":\"SearchAction\",\"target\":{\"@type\":\"EntryPoint\",\"urlTemplate\":\"https:\/\/now-news.de\/de\/?s={search_term_string}\"},\"query-input\":\"required name=search_term_string\"}],\"inLanguage\":\"de\"},{\"@type\":\"Organization\",\"@id\":\"https:\/\/now-news.de\/de\/#organization\",\"name\":\"Just Now News\",\"url\":\"https:\/\/now-news.de\/de\/\",\"logo\":{\"@type\":\"ImageObject\",\"inLanguage\":\"de\",\"@id\":\"https:\/\/now-news.de\/de\/#\/schema\/logo\/image\/\",\"url\":\"http:\/\/just-now.news\/de\/wp-content\/uploads\/sites\/3\/2022\/04\/logo500x500.jpg\",\"contentUrl\":\"http:\/\/just-now.news\/de\/wp-content\/uploads\/sites\/3\/2022\/04\/logo500x500.jpg\",\"width\":500,\"height\":500,\"caption\":\"Just Now News\"},\"image\":{\"@id\":\"https:\/\/now-news.de\/de\/#\/schema\/logo\/image\/\"},\"sameAs\":[\"https:\/\/www.facebook.com\/wirmachenauf\",\"https:\/\/x.com\/WirMachenAuf_de\"]},{\"@type\":\"Person\",\"@id\":\"https:\/\/now-news.de\/de\/#\/schema\/person\/fb534a4e865501d8b3285208df34a9b5\",\"name\":\"rtnews\",\"image\":{\"@type\":\"ImageObject\",\"inLanguage\":\"de\",\"@id\":\"https:\/\/now-news.de\/de\/#\/schema\/person\/image\/\",\"url\":\"https:\/\/secure.gravatar.com\/avatar\/82aafea7d8127119dd649515f56e2117?s=96&d=mm&r=g\",\"contentUrl\":\"https:\/\/secure.gravatar.com\/avatar\/82aafea7d8127119dd649515f56e2117?s=96&d=mm&r=g\",\"caption\":\"rtnews\"},\"url\":\"https:\/\/now-news.de\/de\/author\/rnews\/\"}]}<\/script>\n<!-- \/ Yoast SEO Premium plugin. -->","yoast_head_json":{"title":"&quot;Karriereleiter hochgefallen&quot; \u2013 \u00c4lterer Habeck-Brief an Ex-Bild-Chef sorgt f\u00fcr Diskussionsstoff - just-now.NEWS Deutschland","robots":{"index":"index","follow":"follow","max-snippet":"max-snippet:-1","max-image-preview":"max-image-preview:large","max-video-preview":"max-video-preview:-1"},"canonical":"https:\/\/now-news.de\/de\/deutschland\/karriereleiter-hochgefallen-aelterer-habeck-brief-an-ex-bild-chef-sorgt-fuer-diskussionsstoff\/","og_locale":"de_DE","og_type":"article","og_title":"&quot;Karriereleiter hochgefallen&quot; \u2013 \u00c4lterer Habeck-Brief an Ex-Bild-Chef sorgt f\u00fcr Diskussionsstoff","og_description":"Ein &#8220;taz&#8221;-Interview des scheidenden Bundestagsabgeordneten und Ex-Vizekanzlers Robert Habeck besch\u00e4ftigt die Medien hinsichtlich Stil und scharf formulierter Kritik an Unionspolitikern. Ex-&#8220;Bild&#8221;-Chefredakteur Kai Diekmann pr\u00e4sentiert dazu auf X einen alten Brief, den er von Habeck im Jahr 2010 erhielt. Der vorerst politische R\u00fcckzug von Robert Habeck besch\u00e4ftigt die Gesellschaft. Ein taz&#8211;Interview samt get\u00e4tigter Aussagen zu vermeintlichen [&hellip;]","og_url":"https:\/\/now-news.de\/de\/deutschland\/karriereleiter-hochgefallen-aelterer-habeck-brief-an-ex-bild-chef-sorgt-fuer-diskussionsstoff\/","og_site_name":"just-now.NEWS Deutschland","article_publisher":"https:\/\/www.facebook.com\/wirmachenauf","article_published_time":"2025-08-27T16:20:51+00:00","og_image":[{"url":"https:\/\/now-news.de\/de\/wp-content\/uploads\/sites\/3\/2025\/08\/68aed349b480cc2bcd7d8d5d.JPG"}],"author":"rtnews","twitter_card":"summary_large_image","twitter_creator":"@WirMachenAuf_de","twitter_site":"@WirMachenAuf_de","twitter_misc":{"Verfasst von":"rtnews","Gesch\u00e4tzte Lesezeit":"6\u00a0Minuten"},"schema":{"@context":"https:\/\/schema.org","@graph":[{"@type":"Article","@id":"https:\/\/now-news.de\/de\/deutschland\/karriereleiter-hochgefallen-aelterer-habeck-brief-an-ex-bild-chef-sorgt-fuer-diskussionsstoff\/#article","isPartOf":{"@id":"https:\/\/now-news.de\/de\/deutschland\/karriereleiter-hochgefallen-aelterer-habeck-brief-an-ex-bild-chef-sorgt-fuer-diskussionsstoff\/"},"author":{"name":"rtnews","@id":"https:\/\/now-news.de\/de\/#\/schema\/person\/fb534a4e865501d8b3285208df34a9b5"},"headline":"&quot;Karriereleiter hochgefallen&quot; \u2013 \u00c4lterer Habeck-Brief an Ex-Bild-Chef sorgt f\u00fcr Diskussionsstoff","datePublished":"2025-08-27T16:20:51+00:00","dateModified":"2025-08-27T16:20:51+00:00","mainEntityOfPage":{"@id":"https:\/\/now-news.de\/de\/deutschland\/karriereleiter-hochgefallen-aelterer-habeck-brief-an-ex-bild-chef-sorgt-fuer-diskussionsstoff\/"},"wordCount":1180,"commentCount":0,"publisher":{"@id":"https:\/\/now-news.de\/de\/#organization"},"image":{"@id":"https:\/\/now-news.de\/de\/deutschland\/karriereleiter-hochgefallen-aelterer-habeck-brief-an-ex-bild-chef-sorgt-fuer-diskussionsstoff\/#primaryimage"},"thumbnailUrl":"https:\/\/now-news.de\/de\/wp-content\/uploads\/sites\/3\/2025\/08\/quotKarriereleiter-hochgefallenquot-\u2013-Aelterer-Habeck-Brief-an-Ex-Bild-Chef-sorgt-fuer-Diskussionsstoff.JPG","keywords":["\u00c4lterer","Diskussionsstoff","ExBildChef","f\u00fcr","HabeckBrief","hochgefallenquot","quotKarriereleiter","sorgt"],"articleSection":["Deutschland","Russland"],"inLanguage":"de","potentialAction":[{"@type":"CommentAction","name":"Comment","target":["https:\/\/now-news.de\/de\/deutschland\/karriereleiter-hochgefallen-aelterer-habeck-brief-an-ex-bild-chef-sorgt-fuer-diskussionsstoff\/#respond"]}]},{"@type":"WebPage","@id":"https:\/\/now-news.de\/de\/deutschland\/karriereleiter-hochgefallen-aelterer-habeck-brief-an-ex-bild-chef-sorgt-fuer-diskussionsstoff\/","url":"https:\/\/now-news.de\/de\/deutschland\/karriereleiter-hochgefallen-aelterer-habeck-brief-an-ex-bild-chef-sorgt-fuer-diskussionsstoff\/","name":"&quot;Karriereleiter hochgefallen&quot; \u2013 \u00c4lterer Habeck-Brief an Ex-Bild-Chef sorgt f\u00fcr Diskussionsstoff - just-now.NEWS Deutschland","isPartOf":{"@id":"https:\/\/now-news.de\/de\/#website"},"primaryImageOfPage":{"@id":"https:\/\/now-news.de\/de\/deutschland\/karriereleiter-hochgefallen-aelterer-habeck-brief-an-ex-bild-chef-sorgt-fuer-diskussionsstoff\/#primaryimage"},"image":{"@id":"https:\/\/now-news.de\/de\/deutschland\/karriereleiter-hochgefallen-aelterer-habeck-brief-an-ex-bild-chef-sorgt-fuer-diskussionsstoff\/#primaryimage"},"thumbnailUrl":"https:\/\/now-news.de\/de\/wp-content\/uploads\/sites\/3\/2025\/08\/quotKarriereleiter-hochgefallenquot-\u2013-Aelterer-Habeck-Brief-an-Ex-Bild-Chef-sorgt-fuer-Diskussionsstoff.JPG","datePublished":"2025-08-27T16:20:51+00:00","dateModified":"2025-08-27T16:20:51+00:00","breadcrumb":{"@id":"https:\/\/now-news.de\/de\/deutschland\/karriereleiter-hochgefallen-aelterer-habeck-brief-an-ex-bild-chef-sorgt-fuer-diskussionsstoff\/#breadcrumb"},"inLanguage":"de","potentialAction":[{"@type":"ReadAction","target":["https:\/\/now-news.de\/de\/deutschland\/karriereleiter-hochgefallen-aelterer-habeck-brief-an-ex-bild-chef-sorgt-fuer-diskussionsstoff\/"]}]},{"@type":"ImageObject","inLanguage":"de","@id":"https:\/\/now-news.de\/de\/deutschland\/karriereleiter-hochgefallen-aelterer-habeck-brief-an-ex-bild-chef-sorgt-fuer-diskussionsstoff\/#primaryimage","url":"https:\/\/now-news.de\/de\/wp-content\/uploads\/sites\/3\/2025\/08\/quotKarriereleiter-hochgefallenquot-\u2013-Aelterer-Habeck-Brief-an-Ex-Bild-Chef-sorgt-fuer-Diskussionsstoff.JPG","contentUrl":"https:\/\/now-news.de\/de\/wp-content\/uploads\/sites\/3\/2025\/08\/quotKarriereleiter-hochgefallenquot-\u2013-Aelterer-Habeck-Brief-an-Ex-Bild-Chef-sorgt-fuer-Diskussionsstoff.JPG","width":460,"height":259,"caption":"&quot;Karriereleiter hochgefallen&quot; \u2013 \u00c4lterer Habeck-Brief an Ex-Bild-Chef sorgt f\u00fcr Diskussionsstoff"},{"@type":"BreadcrumbList","@id":"https:\/\/now-news.de\/de\/deutschland\/karriereleiter-hochgefallen-aelterer-habeck-brief-an-ex-bild-chef-sorgt-fuer-diskussionsstoff\/#breadcrumb","itemListElement":[{"@type":"ListItem","position":1,"name":"Home","item":"https:\/\/now-news.de\/de\/"},{"@type":"ListItem","position":2,"name":"&quot;Karriereleiter hochgefallen&quot; \u2013 \u00c4lterer Habeck-Brief an Ex-Bild-Chef sorgt f\u00fcr Diskussionsstoff"}]},{"@type":"WebSite","@id":"https:\/\/now-news.de\/de\/#website","url":"https:\/\/now-news.de\/de\/","name":"just-now.NEWS Deutschland","description":"Das Portal f\u00fcr unzensierte Nachrichten aus der Welt","publisher":{"@id":"https:\/\/now-news.de\/de\/#organization"},"potentialAction":[{"@type":"SearchAction","target":{"@type":"EntryPoint","urlTemplate":"https:\/\/now-news.de\/de\/?s={search_term_string}"},"query-input":"required name=search_term_string"}],"inLanguage":"de"},{"@type":"Organization","@id":"https:\/\/now-news.de\/de\/#organization","name":"Just Now News","url":"https:\/\/now-news.de\/de\/","logo":{"@type":"ImageObject","inLanguage":"de","@id":"https:\/\/now-news.de\/de\/#\/schema\/logo\/image\/","url":"http:\/\/just-now.news\/de\/wp-content\/uploads\/sites\/3\/2022\/04\/logo500x500.jpg","contentUrl":"http:\/\/just-now.news\/de\/wp-content\/uploads\/sites\/3\/2022\/04\/logo500x500.jpg","width":500,"height":500,"caption":"Just Now News"},"image":{"@id":"https:\/\/now-news.de\/de\/#\/schema\/logo\/image\/"},"sameAs":["https:\/\/www.facebook.com\/wirmachenauf","https:\/\/x.com\/WirMachenAuf_de"]},{"@type":"Person","@id":"https:\/\/now-news.de\/de\/#\/schema\/person\/fb534a4e865501d8b3285208df34a9b5","name":"rtnews","image":{"@type":"ImageObject","inLanguage":"de","@id":"https:\/\/now-news.de\/de\/#\/schema\/person\/image\/","url":"https:\/\/secure.gravatar.com\/avatar\/82aafea7d8127119dd649515f56e2117?s=96&d=mm&r=g","contentUrl":"https:\/\/secure.gravatar.com\/avatar\/82aafea7d8127119dd649515f56e2117?s=96&d=mm&r=g","caption":"rtnews"},"url":"https:\/\/now-news.de\/de\/author\/rnews\/"}]}},"_links":{"self":[{"href":"https:\/\/now-news.de\/de\/wp-json\/wp\/v2\/posts\/89518"}],"collection":[{"href":"https:\/\/now-news.de\/de\/wp-json\/wp\/v2\/posts"}],"about":[{"href":"https:\/\/now-news.de\/de\/wp-json\/wp\/v2\/types\/post"}],"author":[{"embeddable":true,"href":"https:\/\/now-news.de\/de\/wp-json\/wp\/v2\/users\/3"}],"replies":[{"embeddable":true,"href":"https:\/\/now-news.de\/de\/wp-json\/wp\/v2\/comments?post=89518"}],"version-history":[{"count":0,"href":"https:\/\/now-news.de\/de\/wp-json\/wp\/v2\/posts\/89518\/revisions"}],"wp:featuredmedia":[{"embeddable":true,"href":"https:\/\/now-news.de\/de\/wp-json\/wp\/v2\/media\/89519"}],"wp:attachment":[{"href":"https:\/\/now-news.de\/de\/wp-json\/wp\/v2\/media?parent=89518"}],"wp:term":[{"taxonomy":"category","embeddable":true,"href":"https:\/\/now-news.de\/de\/wp-json\/wp\/v2\/categories?post=89518"},{"taxonomy":"post_tag","embeddable":true,"href":"https:\/\/now-news.de\/de\/wp-json\/wp\/v2\/tags?post=89518"}],"curies":[{"name":"wp","href":"https:\/\/api.w.org\/{rel}","templated":true}]}}