{"id":89503,"date":"2025-08-27T11:31:18","date_gmt":"2025-08-27T09:31:18","guid":{"rendered":"https:\/\/now-news.de\/de\/deutschland\/zollstreit-modi-lenkt-nicht-ein-us-strafzoelle-gegen-indien-treten-in-kraft\/"},"modified":"2025-08-27T11:31:18","modified_gmt":"2025-08-27T09:31:18","slug":"zollstreit-modi-lenkt-nicht-ein-us-strafzoelle-gegen-indien-treten-in-kraft","status":"publish","type":"post","link":"https:\/\/now-news.de\/de\/deutschland\/zollstreit-modi-lenkt-nicht-ein-us-strafzoelle-gegen-indien-treten-in-kraft\/","title":{"rendered":"Zollstreit: Modi lenkt nicht ein, US-Strafz\u00f6lle gegen Indien treten in Kraft"},"content":{"rendered":"<p><img decoding=\"async\" src=\"https:\/\/now-news.de\/de\/wp-content\/uploads\/sites\/3\/2025\/08\/68aeb42448fbef6c121f5249.jpg\" \/><\/p>\n<div class=\"Text-root Text-type_1 \">\n                Bisher hat der US-Pr\u00e4sident im Zollstreit alle Gegner kleingekriegt. Indien hingegen trotzt den USA nicht nur bei Zollgespr\u00e4chen, sondern wendet sich auch den US-Rivalen China und Russland zu.\n            <\/div>\n<p><\/p>\n<div class=\"Text-root Text-type_5 ArticleView-text ViewText-root \">\n<p>Die neuen US-Strafz\u00f6lle gegen Indien treten ab heute in Kraft.\u00a0US-Pr\u00e4sident Donald Trump hatte zuvor die Strafz\u00f6lle gegen Indien verdoppelt.\u00a0Einfuhrz\u00f6lle von 50 Prozent\u00a0sind einer der h\u00f6chsten der von Trump verh\u00e4ngten Z\u00f6lle gegen US-Handelspartner. Er will Indien damit nach eigenen Angaben f\u00fcr seine anhaltenden \u00d6limporte aus Russland bestrafen.<\/p>\n<p>Die US-Strategie einer indopazifischen Ausrichtung, in der Indien eine zentrale Rolle bei der Eind\u00e4mmung Chinas durch die USA spielen w\u00fcrde, ist nun gef\u00e4hrdet. Tats\u00e4chlich hat Indien den Ukraine-Krieg\u00a0nie verurteilt. In den entsprechenden UN-Resolutionen hat sich Neu-Delhi auch enthalten.<\/p>\n<p>Der Zollstreit hat die US-Waffenverk\u00e4ufe an Indien bereits zum Erliegen gebracht. Neu-Delhi hat zudem die Reise von Verteidigungsminister Rajnath Singh nach Washington abgesagt. Indien ist bereits Mitglied der von Trump als &#8220;antiamerikanisch&#8221; bezeichneten BRICS-Staaten. Zu diesen z\u00e4hlen neben China und Russland auch Brasilien, S\u00fcdafrika und Iran.<\/p>\n<p>Nach China ist Indien der zweitgr\u00f6\u00dfte \u00d6lkunde Russlands. Seit Beginn des Ukraine-Kriegs im Jahr 2022 ist der Anteil russischen \u00d6ls an den indischen Importen von zwei auf fast 36 Prozent im vergangenen Jahr gestiegen. F\u00fcr Neu-Delhi ist dies weniger eine politische als eine pragmatische Entscheidung. Denn die Golfstaaten produzieren in erster Linie f\u00fcr Europa, das wiederum kaum noch aus Russland\u00a0erwirbt \u2013 somit bleibt Moskau als Lieferant f\u00fcr Indien.<\/p>\n<p>Indien wollte nach Trumps Druck nicht einlenken.\u00a0US-Pr\u00e4sident Trump versuchte in den vergangenen Tagen vier Mal, Indiens Premier Narendra Modi telefonisch zu erreichen \u2013 ohne Erfolg. Modi lehnte die Gespr\u00e4che ab, offenbar ver\u00e4rgert \u00fcber Trumps Strafz\u00f6lle, Kritik an der &#8220;toten Wirtschaft&#8221; und Aussagen zu Pakistan.<\/p>\n<p>Indien sucht nun stattdessen die N\u00e4he Chinas und Russlands.\u00a0Ende August wird der indische Premierminister Modi erstmals seit der Eskalation des indisch-chinesischen Grenzkonflikts im Jahr 2020 China besuchen. Im Rahmen des Gipfels der Schanghaier Organisation f\u00fcr Zusammenarbeit (SOZ) wird er voraussichtlich auch den chinesischen Staatschef treffen. Zuletzt hatten Modi und Xi Jinping im vergangenen Jahr am Rande des BRICS-Gipfels in Kasan miteinander gesprochen. Im Anschluss an das Treffen einigten sich die L\u00e4nder auf ein Abkommen zur Verringerung der Truppen an der umstrittenen Grenze im Himalaja.<\/p>\n<p>Bei einem Treffen in Moskau in der vergangenen Woche vereinbarten der russische Au\u00dfenminister Sergei Lawrow und sein indischer Kollege Subrahmanyam Jaishankar einen Ausbau des bilateralen Handels. In einer gemeinsamen Pressekonferenz mit Lawrow bezeichnete Jaishankar das Verh\u00e4ltnis zu Russland als &#8220;eine der best\u00e4ndigsten gr\u00f6\u00dferen Beziehungen&#8221; seit dem Zweiten Weltkrieg.<\/p>\n<p><strong>Mehr zum Thema<\/strong>\u00a0\u2013<a rel=\"nofollow noopener\" target=\"_blank\" href=\"https:\/\/freedert.online\/international\/254324-faz-modi-blockt-trump-vier-telefonversuche-scheitern\/\">\u00a0FAZ: Indiens Premier Modi blockt Trump \u2013 Vier Telefonversuche scheitern<\/a><\/p>\n<div class=\"EmbedBlock-root EmbedBlock-externalVideo EmbedBlock-rumble\">\n<div class=\"VkEmbed\"><iframe class=\"lazyload\" data-src=\"https:\/\/rumble.com\/embed\/v6vpfdo\" frameborder=\"0\" width=\"853\" height=\"480\" allowfullscreen><\/iframe><\/div>\n<\/div>\n<\/div>\n<p><br \/>\n<br \/><a href=\"https:\/\/de.rt.com\/international\/254390-modi-lenkt-bei-zollstreit-nicht\/\">Source link <\/a><\/p>\n","protected":false},"excerpt":{"rendered":"<p>Bisher hat der US-Pr\u00e4sident im Zollstreit alle Gegner kleingekriegt. Indien hingegen trotzt den USA nicht nur bei Zollgespr\u00e4chen, sondern wendet sich auch den US-Rivalen China und Russland zu. Die neuen US-Strafz\u00f6lle gegen Indien treten ab heute in Kraft.\u00a0US-Pr\u00e4sident Donald Trump hatte zuvor die Strafz\u00f6lle gegen Indien verdoppelt.\u00a0Einfuhrz\u00f6lle von 50 Prozent\u00a0sind einer der h\u00f6chsten der von [&hellip;]<\/p>\n","protected":false},"author":3,"featured_media":89504,"comment_status":"open","ping_status":"open","sticky":false,"template":"","format":"standard","meta":{"_yoast_indexnow_last_ping":["1756287136"],"wp_automatic_camp":["217"],"7c334144fad1fd3023a29a02746b137b":["Zollstreit: Modi lenkt nicht ein, US-Strafz\u00f6lle gegen Indien treten in Kraft"],"original_link":["https:\/\/de.rt.com\/international\/254390-modi-lenkt-bei-zollstreit-nicht\/"],"_thumbnail_id":["89504"],"jnews_social_counter_last_update":["1777601065"],"_wptgpro_p2tg_sent2tg":["a:1:{i:23737;s:19:\"2025-08-27 11:33:15\";}"]},"categories":[19,23],"tags":[357,278,356,13722,944,14673,800,19677,64107,64011],"yoast_head":"<!-- This site is optimized with the Yoast SEO Premium plugin v22.7 (Yoast SEO v22.7) - https:\/\/yoast.com\/wordpress\/plugins\/seo\/ -->\n<title>Zollstreit: Modi lenkt nicht ein, US-Strafz\u00f6lle gegen Indien treten in Kraft - just-now.NEWS Deutschland<\/title>\n<meta name=\"robots\" content=\"index, follow, max-snippet:-1, max-image-preview:large, max-video-preview:-1\" \/>\n<link rel=\"canonical\" href=\"https:\/\/now-news.de\/de\/deutschland\/zollstreit-modi-lenkt-nicht-ein-us-strafzoelle-gegen-indien-treten-in-kraft\/\" \/>\n<meta property=\"og:locale\" content=\"de_DE\" \/>\n<meta property=\"og:type\" content=\"article\" \/>\n<meta property=\"og:title\" content=\"Zollstreit: Modi lenkt nicht ein, US-Strafz\u00f6lle gegen Indien treten in Kraft\" \/>\n<meta property=\"og:description\" content=\"Bisher hat der US-Pr\u00e4sident im Zollstreit alle Gegner kleingekriegt. Indien hingegen trotzt den USA nicht nur bei Zollgespr\u00e4chen, sondern wendet sich auch den US-Rivalen China und Russland zu. Die neuen US-Strafz\u00f6lle gegen Indien treten ab heute in Kraft.\u00a0US-Pr\u00e4sident Donald Trump hatte zuvor die Strafz\u00f6lle gegen Indien verdoppelt.\u00a0Einfuhrz\u00f6lle von 50 Prozent\u00a0sind einer der h\u00f6chsten der von [&hellip;]\" \/>\n<meta property=\"og:url\" content=\"https:\/\/now-news.de\/de\/deutschland\/zollstreit-modi-lenkt-nicht-ein-us-strafzoelle-gegen-indien-treten-in-kraft\/\" \/>\n<meta property=\"og:site_name\" content=\"just-now.NEWS Deutschland\" \/>\n<meta property=\"article:publisher\" content=\"https:\/\/www.facebook.com\/wirmachenauf\" \/>\n<meta property=\"article:published_time\" content=\"2025-08-27T09:31:18+00:00\" \/>\n<meta property=\"og:image\" content=\"https:\/\/now-news.de\/de\/wp-content\/uploads\/sites\/3\/2025\/08\/68aeb42448fbef6c121f5249.jpg\" \/>\n<meta name=\"author\" content=\"rtnews\" \/>\n<meta name=\"twitter:card\" content=\"summary_large_image\" \/>\n<meta name=\"twitter:creator\" content=\"@WirMachenAuf_de\" \/>\n<meta name=\"twitter:site\" content=\"@WirMachenAuf_de\" \/>\n<meta name=\"twitter:label1\" content=\"Verfasst von\" \/>\n\t<meta name=\"twitter:data1\" content=\"rtnews\" \/>\n\t<meta name=\"twitter:label2\" content=\"Gesch\u00e4tzte Lesezeit\" \/>\n\t<meta name=\"twitter:data2\" content=\"2\u00a0Minuten\" \/>\n<script type=\"application\/ld+json\" class=\"yoast-schema-graph\">{\"@context\":\"https:\/\/schema.org\",\"@graph\":[{\"@type\":\"Article\",\"@id\":\"https:\/\/now-news.de\/de\/deutschland\/zollstreit-modi-lenkt-nicht-ein-us-strafzoelle-gegen-indien-treten-in-kraft\/#article\",\"isPartOf\":{\"@id\":\"https:\/\/now-news.de\/de\/deutschland\/zollstreit-modi-lenkt-nicht-ein-us-strafzoelle-gegen-indien-treten-in-kraft\/\"},\"author\":{\"name\":\"rtnews\",\"@id\":\"https:\/\/now-news.de\/de\/#\/schema\/person\/fb534a4e865501d8b3285208df34a9b5\"},\"headline\":\"Zollstreit: Modi lenkt nicht ein, US-Strafz\u00f6lle gegen Indien treten in Kraft\",\"datePublished\":\"2025-08-27T09:31:18+00:00\",\"dateModified\":\"2025-08-27T09:31:18+00:00\",\"mainEntityOfPage\":{\"@id\":\"https:\/\/now-news.de\/de\/deutschland\/zollstreit-modi-lenkt-nicht-ein-us-strafzoelle-gegen-indien-treten-in-kraft\/\"},\"wordCount\":462,\"commentCount\":0,\"publisher\":{\"@id\":\"https:\/\/now-news.de\/de\/#organization\"},\"image\":{\"@id\":\"https:\/\/now-news.de\/de\/deutschland\/zollstreit-modi-lenkt-nicht-ein-us-strafzoelle-gegen-indien-treten-in-kraft\/#primaryimage\"},\"thumbnailUrl\":\"https:\/\/now-news.de\/de\/wp-content\/uploads\/sites\/3\/2025\/08\/Zollstreit-Modi-lenkt-nicht-ein-US-Strafzoelle-gegen-Indien-treten-in.jpg\",\"keywords\":[\"ein\",\"gegen\",\"Indien\",\"Kraft\",\"lenkt\",\"Modi\",\"nicht\",\"treten\",\"USStrafz\u00f6lle\",\"Zollstreit\"],\"articleSection\":[\"Deutschland\",\"Russland\"],\"inLanguage\":\"de\",\"potentialAction\":[{\"@type\":\"CommentAction\",\"name\":\"Comment\",\"target\":[\"https:\/\/now-news.de\/de\/deutschland\/zollstreit-modi-lenkt-nicht-ein-us-strafzoelle-gegen-indien-treten-in-kraft\/#respond\"]}]},{\"@type\":\"WebPage\",\"@id\":\"https:\/\/now-news.de\/de\/deutschland\/zollstreit-modi-lenkt-nicht-ein-us-strafzoelle-gegen-indien-treten-in-kraft\/\",\"url\":\"https:\/\/now-news.de\/de\/deutschland\/zollstreit-modi-lenkt-nicht-ein-us-strafzoelle-gegen-indien-treten-in-kraft\/\",\"name\":\"Zollstreit: Modi lenkt nicht ein, US-Strafz\u00f6lle gegen Indien treten in Kraft - just-now.NEWS Deutschland\",\"isPartOf\":{\"@id\":\"https:\/\/now-news.de\/de\/#website\"},\"primaryImageOfPage\":{\"@id\":\"https:\/\/now-news.de\/de\/deutschland\/zollstreit-modi-lenkt-nicht-ein-us-strafzoelle-gegen-indien-treten-in-kraft\/#primaryimage\"},\"image\":{\"@id\":\"https:\/\/now-news.de\/de\/deutschland\/zollstreit-modi-lenkt-nicht-ein-us-strafzoelle-gegen-indien-treten-in-kraft\/#primaryimage\"},\"thumbnailUrl\":\"https:\/\/now-news.de\/de\/wp-content\/uploads\/sites\/3\/2025\/08\/Zollstreit-Modi-lenkt-nicht-ein-US-Strafzoelle-gegen-Indien-treten-in.jpg\",\"datePublished\":\"2025-08-27T09:31:18+00:00\",\"dateModified\":\"2025-08-27T09:31:18+00:00\",\"breadcrumb\":{\"@id\":\"https:\/\/now-news.de\/de\/deutschland\/zollstreit-modi-lenkt-nicht-ein-us-strafzoelle-gegen-indien-treten-in-kraft\/#breadcrumb\"},\"inLanguage\":\"de\",\"potentialAction\":[{\"@type\":\"ReadAction\",\"target\":[\"https:\/\/now-news.de\/de\/deutschland\/zollstreit-modi-lenkt-nicht-ein-us-strafzoelle-gegen-indien-treten-in-kraft\/\"]}]},{\"@type\":\"ImageObject\",\"inLanguage\":\"de\",\"@id\":\"https:\/\/now-news.de\/de\/deutschland\/zollstreit-modi-lenkt-nicht-ein-us-strafzoelle-gegen-indien-treten-in-kraft\/#primaryimage\",\"url\":\"https:\/\/now-news.de\/de\/wp-content\/uploads\/sites\/3\/2025\/08\/Zollstreit-Modi-lenkt-nicht-ein-US-Strafzoelle-gegen-Indien-treten-in.jpg\",\"contentUrl\":\"https:\/\/now-news.de\/de\/wp-content\/uploads\/sites\/3\/2025\/08\/Zollstreit-Modi-lenkt-nicht-ein-US-Strafzoelle-gegen-Indien-treten-in.jpg\",\"width\":460,\"height\":259,\"caption\":\"Zollstreit: Modi lenkt nicht ein, US-Strafz\u00f6lle gegen Indien treten in Kraft\"},{\"@type\":\"BreadcrumbList\",\"@id\":\"https:\/\/now-news.de\/de\/deutschland\/zollstreit-modi-lenkt-nicht-ein-us-strafzoelle-gegen-indien-treten-in-kraft\/#breadcrumb\",\"itemListElement\":[{\"@type\":\"ListItem\",\"position\":1,\"name\":\"Home\",\"item\":\"https:\/\/now-news.de\/de\/\"},{\"@type\":\"ListItem\",\"position\":2,\"name\":\"Zollstreit: Modi lenkt nicht ein, US-Strafz\u00f6lle gegen Indien treten in Kraft\"}]},{\"@type\":\"WebSite\",\"@id\":\"https:\/\/now-news.de\/de\/#website\",\"url\":\"https:\/\/now-news.de\/de\/\",\"name\":\"just-now.NEWS Deutschland\",\"description\":\"Das Portal f\u00fcr unzensierte Nachrichten aus der Welt\",\"publisher\":{\"@id\":\"https:\/\/now-news.de\/de\/#organization\"},\"potentialAction\":[{\"@type\":\"SearchAction\",\"target\":{\"@type\":\"EntryPoint\",\"urlTemplate\":\"https:\/\/now-news.de\/de\/?s={search_term_string}\"},\"query-input\":\"required name=search_term_string\"}],\"inLanguage\":\"de\"},{\"@type\":\"Organization\",\"@id\":\"https:\/\/now-news.de\/de\/#organization\",\"name\":\"Just Now News\",\"url\":\"https:\/\/now-news.de\/de\/\",\"logo\":{\"@type\":\"ImageObject\",\"inLanguage\":\"de\",\"@id\":\"https:\/\/now-news.de\/de\/#\/schema\/logo\/image\/\",\"url\":\"http:\/\/just-now.news\/de\/wp-content\/uploads\/sites\/3\/2022\/04\/logo500x500.jpg\",\"contentUrl\":\"http:\/\/just-now.news\/de\/wp-content\/uploads\/sites\/3\/2022\/04\/logo500x500.jpg\",\"width\":500,\"height\":500,\"caption\":\"Just Now News\"},\"image\":{\"@id\":\"https:\/\/now-news.de\/de\/#\/schema\/logo\/image\/\"},\"sameAs\":[\"https:\/\/www.facebook.com\/wirmachenauf\",\"https:\/\/x.com\/WirMachenAuf_de\"]},{\"@type\":\"Person\",\"@id\":\"https:\/\/now-news.de\/de\/#\/schema\/person\/fb534a4e865501d8b3285208df34a9b5\",\"name\":\"rtnews\",\"image\":{\"@type\":\"ImageObject\",\"inLanguage\":\"de\",\"@id\":\"https:\/\/now-news.de\/de\/#\/schema\/person\/image\/\",\"url\":\"https:\/\/secure.gravatar.com\/avatar\/82aafea7d8127119dd649515f56e2117?s=96&d=mm&r=g\",\"contentUrl\":\"https:\/\/secure.gravatar.com\/avatar\/82aafea7d8127119dd649515f56e2117?s=96&d=mm&r=g\",\"caption\":\"rtnews\"},\"url\":\"https:\/\/now-news.de\/de\/author\/rnews\/\"}]}<\/script>\n<!-- \/ Yoast SEO Premium plugin. -->","yoast_head_json":{"title":"Zollstreit: Modi lenkt nicht ein, US-Strafz\u00f6lle gegen Indien treten in Kraft - just-now.NEWS Deutschland","robots":{"index":"index","follow":"follow","max-snippet":"max-snippet:-1","max-image-preview":"max-image-preview:large","max-video-preview":"max-video-preview:-1"},"canonical":"https:\/\/now-news.de\/de\/deutschland\/zollstreit-modi-lenkt-nicht-ein-us-strafzoelle-gegen-indien-treten-in-kraft\/","og_locale":"de_DE","og_type":"article","og_title":"Zollstreit: Modi lenkt nicht ein, US-Strafz\u00f6lle gegen Indien treten in Kraft","og_description":"Bisher hat der US-Pr\u00e4sident im Zollstreit alle Gegner kleingekriegt. Indien hingegen trotzt den USA nicht nur bei Zollgespr\u00e4chen, sondern wendet sich auch den US-Rivalen China und Russland zu. Die neuen US-Strafz\u00f6lle gegen Indien treten ab heute in Kraft.\u00a0US-Pr\u00e4sident Donald Trump hatte zuvor die Strafz\u00f6lle gegen Indien verdoppelt.\u00a0Einfuhrz\u00f6lle von 50 Prozent\u00a0sind einer der h\u00f6chsten der von [&hellip;]","og_url":"https:\/\/now-news.de\/de\/deutschland\/zollstreit-modi-lenkt-nicht-ein-us-strafzoelle-gegen-indien-treten-in-kraft\/","og_site_name":"just-now.NEWS Deutschland","article_publisher":"https:\/\/www.facebook.com\/wirmachenauf","article_published_time":"2025-08-27T09:31:18+00:00","og_image":[{"url":"https:\/\/now-news.de\/de\/wp-content\/uploads\/sites\/3\/2025\/08\/68aeb42448fbef6c121f5249.jpg"}],"author":"rtnews","twitter_card":"summary_large_image","twitter_creator":"@WirMachenAuf_de","twitter_site":"@WirMachenAuf_de","twitter_misc":{"Verfasst von":"rtnews","Gesch\u00e4tzte Lesezeit":"2\u00a0Minuten"},"schema":{"@context":"https:\/\/schema.org","@graph":[{"@type":"Article","@id":"https:\/\/now-news.de\/de\/deutschland\/zollstreit-modi-lenkt-nicht-ein-us-strafzoelle-gegen-indien-treten-in-kraft\/#article","isPartOf":{"@id":"https:\/\/now-news.de\/de\/deutschland\/zollstreit-modi-lenkt-nicht-ein-us-strafzoelle-gegen-indien-treten-in-kraft\/"},"author":{"name":"rtnews","@id":"https:\/\/now-news.de\/de\/#\/schema\/person\/fb534a4e865501d8b3285208df34a9b5"},"headline":"Zollstreit: Modi lenkt nicht ein, US-Strafz\u00f6lle gegen Indien treten in Kraft","datePublished":"2025-08-27T09:31:18+00:00","dateModified":"2025-08-27T09:31:18+00:00","mainEntityOfPage":{"@id":"https:\/\/now-news.de\/de\/deutschland\/zollstreit-modi-lenkt-nicht-ein-us-strafzoelle-gegen-indien-treten-in-kraft\/"},"wordCount":462,"commentCount":0,"publisher":{"@id":"https:\/\/now-news.de\/de\/#organization"},"image":{"@id":"https:\/\/now-news.de\/de\/deutschland\/zollstreit-modi-lenkt-nicht-ein-us-strafzoelle-gegen-indien-treten-in-kraft\/#primaryimage"},"thumbnailUrl":"https:\/\/now-news.de\/de\/wp-content\/uploads\/sites\/3\/2025\/08\/Zollstreit-Modi-lenkt-nicht-ein-US-Strafzoelle-gegen-Indien-treten-in.jpg","keywords":["ein","gegen","Indien","Kraft","lenkt","Modi","nicht","treten","USStrafz\u00f6lle","Zollstreit"],"articleSection":["Deutschland","Russland"],"inLanguage":"de","potentialAction":[{"@type":"CommentAction","name":"Comment","target":["https:\/\/now-news.de\/de\/deutschland\/zollstreit-modi-lenkt-nicht-ein-us-strafzoelle-gegen-indien-treten-in-kraft\/#respond"]}]},{"@type":"WebPage","@id":"https:\/\/now-news.de\/de\/deutschland\/zollstreit-modi-lenkt-nicht-ein-us-strafzoelle-gegen-indien-treten-in-kraft\/","url":"https:\/\/now-news.de\/de\/deutschland\/zollstreit-modi-lenkt-nicht-ein-us-strafzoelle-gegen-indien-treten-in-kraft\/","name":"Zollstreit: Modi lenkt nicht ein, US-Strafz\u00f6lle gegen Indien treten in Kraft - just-now.NEWS Deutschland","isPartOf":{"@id":"https:\/\/now-news.de\/de\/#website"},"primaryImageOfPage":{"@id":"https:\/\/now-news.de\/de\/deutschland\/zollstreit-modi-lenkt-nicht-ein-us-strafzoelle-gegen-indien-treten-in-kraft\/#primaryimage"},"image":{"@id":"https:\/\/now-news.de\/de\/deutschland\/zollstreit-modi-lenkt-nicht-ein-us-strafzoelle-gegen-indien-treten-in-kraft\/#primaryimage"},"thumbnailUrl":"https:\/\/now-news.de\/de\/wp-content\/uploads\/sites\/3\/2025\/08\/Zollstreit-Modi-lenkt-nicht-ein-US-Strafzoelle-gegen-Indien-treten-in.jpg","datePublished":"2025-08-27T09:31:18+00:00","dateModified":"2025-08-27T09:31:18+00:00","breadcrumb":{"@id":"https:\/\/now-news.de\/de\/deutschland\/zollstreit-modi-lenkt-nicht-ein-us-strafzoelle-gegen-indien-treten-in-kraft\/#breadcrumb"},"inLanguage":"de","potentialAction":[{"@type":"ReadAction","target":["https:\/\/now-news.de\/de\/deutschland\/zollstreit-modi-lenkt-nicht-ein-us-strafzoelle-gegen-indien-treten-in-kraft\/"]}]},{"@type":"ImageObject","inLanguage":"de","@id":"https:\/\/now-news.de\/de\/deutschland\/zollstreit-modi-lenkt-nicht-ein-us-strafzoelle-gegen-indien-treten-in-kraft\/#primaryimage","url":"https:\/\/now-news.de\/de\/wp-content\/uploads\/sites\/3\/2025\/08\/Zollstreit-Modi-lenkt-nicht-ein-US-Strafzoelle-gegen-Indien-treten-in.jpg","contentUrl":"https:\/\/now-news.de\/de\/wp-content\/uploads\/sites\/3\/2025\/08\/Zollstreit-Modi-lenkt-nicht-ein-US-Strafzoelle-gegen-Indien-treten-in.jpg","width":460,"height":259,"caption":"Zollstreit: Modi lenkt nicht ein, US-Strafz\u00f6lle gegen Indien treten in Kraft"},{"@type":"BreadcrumbList","@id":"https:\/\/now-news.de\/de\/deutschland\/zollstreit-modi-lenkt-nicht-ein-us-strafzoelle-gegen-indien-treten-in-kraft\/#breadcrumb","itemListElement":[{"@type":"ListItem","position":1,"name":"Home","item":"https:\/\/now-news.de\/de\/"},{"@type":"ListItem","position":2,"name":"Zollstreit: Modi lenkt nicht ein, US-Strafz\u00f6lle gegen Indien treten in Kraft"}]},{"@type":"WebSite","@id":"https:\/\/now-news.de\/de\/#website","url":"https:\/\/now-news.de\/de\/","name":"just-now.NEWS Deutschland","description":"Das Portal f\u00fcr unzensierte Nachrichten aus der Welt","publisher":{"@id":"https:\/\/now-news.de\/de\/#organization"},"potentialAction":[{"@type":"SearchAction","target":{"@type":"EntryPoint","urlTemplate":"https:\/\/now-news.de\/de\/?s={search_term_string}"},"query-input":"required name=search_term_string"}],"inLanguage":"de"},{"@type":"Organization","@id":"https:\/\/now-news.de\/de\/#organization","name":"Just Now News","url":"https:\/\/now-news.de\/de\/","logo":{"@type":"ImageObject","inLanguage":"de","@id":"https:\/\/now-news.de\/de\/#\/schema\/logo\/image\/","url":"http:\/\/just-now.news\/de\/wp-content\/uploads\/sites\/3\/2022\/04\/logo500x500.jpg","contentUrl":"http:\/\/just-now.news\/de\/wp-content\/uploads\/sites\/3\/2022\/04\/logo500x500.jpg","width":500,"height":500,"caption":"Just Now News"},"image":{"@id":"https:\/\/now-news.de\/de\/#\/schema\/logo\/image\/"},"sameAs":["https:\/\/www.facebook.com\/wirmachenauf","https:\/\/x.com\/WirMachenAuf_de"]},{"@type":"Person","@id":"https:\/\/now-news.de\/de\/#\/schema\/person\/fb534a4e865501d8b3285208df34a9b5","name":"rtnews","image":{"@type":"ImageObject","inLanguage":"de","@id":"https:\/\/now-news.de\/de\/#\/schema\/person\/image\/","url":"https:\/\/secure.gravatar.com\/avatar\/82aafea7d8127119dd649515f56e2117?s=96&d=mm&r=g","contentUrl":"https:\/\/secure.gravatar.com\/avatar\/82aafea7d8127119dd649515f56e2117?s=96&d=mm&r=g","caption":"rtnews"},"url":"https:\/\/now-news.de\/de\/author\/rnews\/"}]}},"_links":{"self":[{"href":"https:\/\/now-news.de\/de\/wp-json\/wp\/v2\/posts\/89503"}],"collection":[{"href":"https:\/\/now-news.de\/de\/wp-json\/wp\/v2\/posts"}],"about":[{"href":"https:\/\/now-news.de\/de\/wp-json\/wp\/v2\/types\/post"}],"author":[{"embeddable":true,"href":"https:\/\/now-news.de\/de\/wp-json\/wp\/v2\/users\/3"}],"replies":[{"embeddable":true,"href":"https:\/\/now-news.de\/de\/wp-json\/wp\/v2\/comments?post=89503"}],"version-history":[{"count":0,"href":"https:\/\/now-news.de\/de\/wp-json\/wp\/v2\/posts\/89503\/revisions"}],"wp:featuredmedia":[{"embeddable":true,"href":"https:\/\/now-news.de\/de\/wp-json\/wp\/v2\/media\/89504"}],"wp:attachment":[{"href":"https:\/\/now-news.de\/de\/wp-json\/wp\/v2\/media?parent=89503"}],"wp:term":[{"taxonomy":"category","embeddable":true,"href":"https:\/\/now-news.de\/de\/wp-json\/wp\/v2\/categories?post=89503"},{"taxonomy":"post_tag","embeddable":true,"href":"https:\/\/now-news.de\/de\/wp-json\/wp\/v2\/tags?post=89503"}],"curies":[{"name":"wp","href":"https:\/\/api.w.org\/{rel}","templated":true}]}}