{"id":89461,"date":"2025-08-26T18:01:54","date_gmt":"2025-08-26T16:01:54","guid":{"rendered":"https:\/\/now-news.de\/de\/deutschland\/australien-weist-erstmals-seit-zweitem-weltkrieg-botschafter-aus-irans-vertretung-muss-schliessen\/"},"modified":"2025-08-26T18:01:54","modified_gmt":"2025-08-26T16:01:54","slug":"australien-weist-erstmals-seit-zweitem-weltkrieg-botschafter-aus-irans-vertretung-muss-schliessen","status":"publish","type":"post","link":"https:\/\/now-news.de\/de\/deutschland\/australien-weist-erstmals-seit-zweitem-weltkrieg-botschafter-aus-irans-vertretung-muss-schliessen\/","title":{"rendered":"Australien weist erstmals seit Zweitem Weltkrieg Botschafter aus: Irans Vertretung muss schlie\u00dfen"},"content":{"rendered":"<p><img decoding=\"async\" src=\"https:\/\/now-news.de\/de\/wp-content\/uploads\/sites\/3\/2025\/08\/68ad82ec48fbef270d7d13a5.jpg\" \/><\/p>\n<div class=\"Text-root Text-type_1 \">\n                Australien sieht den Iran als Drahtzieher zweier antisemitischer Terrorattacken im Land. Premierminister Anthony Albanese ruft deswegen die australischen Diplomaten aus Teheran zur\u00fcck und l\u00e4sst die iranische Botschaft in Canberra bis auf Weiteres schlie\u00dfen.\n            <\/div>\n<p><\/p>\n<div class=\"Text-root Text-type_5 ArticleView-text ViewText-root \">\n<p>Es klingt nach einem regelrechten Abbruch der diplomatischen Beziehungen: Australien verweist den iranischen Botschafter und drei weitere Diplomaten des Landes und macht gleichzeitig seine eigene Vertretung in dem Nahost-Staat dicht.<\/p>\n<p>Am Dienstag hat Premierminister Anthony Albanese diesen radikalen Schritt damit erkl\u00e4rt, dass die iranische Regierung hinter zwei antisemitischen Anschl\u00e4gen auf dem f\u00fcnften Kontinent stehe. Dies habe der australische Inlandsgeheimdienst ASIO best\u00e4tigt.<\/p>\n<p>In einer auf der Plattform X ver\u00f6ffentlichten Videoansprache <a rel=\"nofollow noopener\" target=\"_blank\" href=\"https:\/\/twitter.com\/AlboMP\/status\/1960191402748633458\">sagt<\/a> der Politiker, es habe sich um &#8220;au\u00dfergew\u00f6hnliche und gef\u00e4hrliche Akte der Aggression&#8221; gehandelt:<\/p>\n<blockquote>\n<p><em>&#8220;Das waren Versuche, unser gesellschaftliches Miteinander zu untergraben und Zwietracht in unserer Gemeinschaft zu s\u00e4en.&#8221;<\/em><\/p>\n<\/blockquote>\n<p>Ahmad Sadeghi, der Botschafter der Islamischen Republik, sowie drei weitere Mitarbeiter h\u00e4tten nun sieben Tage Zeit, um Australien zu verlassen, so Albanese.<\/p>\n<div class=\"EmbedBlock-root EmbedBlock-twitter\">\n<div class=\"TwitterEmbed\">\n<blockquote class=\"twitter-tweet lazyload\" data-twitter=\"twitter-tweet\" data-media-max-width=\"560\">\n<p lang=\"zxx\" dir=\"ltr\"><a rel=\"nofollow noopener\" target=\"_blank\" href=\"https:\/\/t.co\/h0FC93LJQZ\">pic.twitter.com\/h0FC93LJQZ<\/a><\/p>\n<p>\u2014 Anthony Albanese (@AlboMP) <a rel=\"nofollow noopener\" target=\"_blank\" href=\"https:\/\/twitter.com\/AlboMP\/status\/1960191402748633458?ref_src=twsrc%5Etfw\">August 26, 2025<\/a><\/p><\/blockquote>\n<\/div>\n<\/div>\n<p>Australiens Au\u00dfenministerin Penny Wong ist der\u00a0<a rel=\"nofollow noopener\" target=\"_blank\" href=\"https:\/\/twitter.com\/SenatorWong\/status\/1960217877694312796\">Ansicht<\/a>, dass der Iran mit seinen Versuchen, die Australier einzusch\u00fcchtern, zu gef\u00e4hrden und zu spalten, eine rote Linie \u00fcberschritten habe. Die Politikerin ruft ihre Landsleute dazu auf, den Iran unverz\u00fcglich zu verlassen und Reisen in den Nahost-Staat zu vermeiden. Die\u00a0australischen\u00a0Diplomaten bef\u00e4nden sich bereits in einem sicheren Drittland.<\/p>\n<div class=\"EmbedBlock-root EmbedBlock-twitter\">\n<div class=\"TwitterEmbed\">\n<blockquote class=\"twitter-tweet lazyload\" data-twitter=\"twitter-tweet\" data-media-max-width=\"560\">\n<p lang=\"en\" dir=\"ltr\">My statement in response to the Iranian attacks on Australians. <a rel=\"nofollow noopener\" target=\"_blank\" href=\"https:\/\/t.co\/ebfE40D6oG\">pic.twitter.com\/ebfE40D6oG<\/a><\/p>\n<p>\u2014 Senator Penny Wong (@SenatorWong) <a rel=\"nofollow noopener\" target=\"_blank\" href=\"https:\/\/twitter.com\/SenatorWong\/status\/1960217877694312796?ref_src=twsrc%5Etfw\">August 26, 2025<\/a><\/p><\/blockquote>\n<\/div>\n<\/div>\n<p>Laut Medienberichten <a rel=\"nofollow noopener\" target=\"_blank\" href=\"https:\/\/www.smh.com.au\/politics\/federal\/iran-suspected-of-involvement-in-synagogue-arson-attack-20250826-p5mpx8.html\">ist<\/a> dies das erste Mal seit dem Zweiten Weltkrieg, dass Australien einen Botschafter des Landes verweist.<\/p>\n<p>Im vergangenen Oktober war in Sydney das j\u00fcdische Restaurant Lewis&#8217; Continental Kitchen durch einen Brandanschlag schwer besch\u00e4digt worden. Die Beh\u00f6rden meldeten keine Verletzten. Im Dezember desselben Jahres legten Unbekannte Feuer in der Adass-Israel-Synagoge in Melbourne. Dabei wurde das Geb\u00e4ude zwar erheblich besch\u00e4digt, aber es gab auch dort keine Opfer. Beide Taten versetzten die j\u00fcdische Gemeinschaft in Australien in Angst.<\/p>\n<p>Die Ermittlungen f\u00fchrten nach ASIO-Angaben zu dem Ergebnis, dass der Iran f\u00fcr die Attacken verantwortlich sei. Die iranische Botschaft in Teheran und die dortigen Diplomaten seien aber nicht in die antisemitischen Attacken involviert gewesen. Der Geheimdienstchef Mike Burgess legte allerdings keine Beweise vor. Der Exekutivrat der Australischen Juden (ECAJ) <a rel=\"nofollow noopener\" target=\"_blank\" href=\"https:\/\/www.ecaj.org.au\/ecaj-statement-on-the-involvement-of-iranian-regime-in-antisemitic-firebombing-incidents\/\">begr\u00fc\u00dfte<\/a> die gegen den Iran gerichteten Ma\u00dfnahmen und dankte dem Geheimdienst f\u00fcr die Ermittlungen.<\/p>\n<p><strong>Mehr zum Thema<\/strong> &#8211; <a rel=\"nofollow noopener\" target=\"_blank\" href=\"https:\/\/freedert.online\/international\/253871-weissrussland-und-iran-sehen-in-kooperation-gegenmittel-gegen-wirtschaftsterrorismus\/\">Wei\u00dfrussland und Iran sehen in Zusammenarbeit Gegenmittel gegen &#8220;Wirtschaftsterrorismus&#8221;<\/a><\/p>\n<\/div>\n<p><script async src=\"https:\/\/platform.twitter.com\/widgets.js\" charset=\"utf-8\"><\/script><br \/>\n<br \/><br \/>\n<br \/><a href=\"https:\/\/de.rt.com\/international\/254312-australien-weist-iranische-diplomaten-aus\/\">Source link <\/a><\/p>\n","protected":false},"excerpt":{"rendered":"<p>Australien sieht den Iran als Drahtzieher zweier antisemitischer Terrorattacken im Land. Premierminister Anthony Albanese ruft deswegen die australischen Diplomaten aus Teheran zur\u00fcck und l\u00e4sst die iranische Botschaft in Canberra bis auf Weiteres schlie\u00dfen. Es klingt nach einem regelrechten Abbruch der diplomatischen Beziehungen: Australien verweist den iranischen Botschafter und drei weitere Diplomaten des Landes und macht [&hellip;]<\/p>\n","protected":false},"author":3,"featured_media":89462,"comment_status":"open","ping_status":"open","sticky":false,"template":"","format":"standard","meta":{"_yoast_indexnow_last_ping":["1756224559"],"wp_automatic_camp":["217"],"0bebe4a4b107ba2bb2aa7ea4d7985859":["Australien weist erstmals seit Zweitem Weltkrieg Botschafter aus: Irans Vertretung muss schlie\u00dfen"],"original_link":["https:\/\/de.rt.com\/international\/254312-australien-weist-iranische-diplomaten-aus\/"],"_thumbnail_id":["89462"],"jnews_social_counter_last_update":["1776962065"],"_wptgpro_p2tg_sent2tg":["a:1:{i:23737;s:19:\"2025-08-26 18:10:27\";}"]},"categories":[19,23],"tags":[679,3310,4992,7182,12414,534,18100,1829,38070,3334,3226,32538],"yoast_head":"<!-- This site is optimized with the Yoast SEO Premium plugin v22.7 (Yoast SEO v22.7) - https:\/\/yoast.com\/wordpress\/plugins\/seo\/ -->\n<title>Australien weist erstmals seit Zweitem Weltkrieg Botschafter aus: Irans Vertretung muss schlie\u00dfen - just-now.NEWS Deutschland<\/title>\n<meta name=\"robots\" content=\"index, follow, max-snippet:-1, max-image-preview:large, max-video-preview:-1\" \/>\n<link rel=\"canonical\" href=\"https:\/\/now-news.de\/de\/deutschland\/australien-weist-erstmals-seit-zweitem-weltkrieg-botschafter-aus-irans-vertretung-muss-schliessen\/\" \/>\n<meta property=\"og:locale\" content=\"de_DE\" \/>\n<meta property=\"og:type\" content=\"article\" \/>\n<meta property=\"og:title\" content=\"Australien weist erstmals seit Zweitem Weltkrieg Botschafter aus: Irans Vertretung muss schlie\u00dfen\" \/>\n<meta property=\"og:description\" content=\"Australien sieht den Iran als Drahtzieher zweier antisemitischer Terrorattacken im Land. Premierminister Anthony Albanese ruft deswegen die australischen Diplomaten aus Teheran zur\u00fcck und l\u00e4sst die iranische Botschaft in Canberra bis auf Weiteres schlie\u00dfen. Es klingt nach einem regelrechten Abbruch der diplomatischen Beziehungen: Australien verweist den iranischen Botschafter und drei weitere Diplomaten des Landes und macht [&hellip;]\" \/>\n<meta property=\"og:url\" content=\"https:\/\/now-news.de\/de\/deutschland\/australien-weist-erstmals-seit-zweitem-weltkrieg-botschafter-aus-irans-vertretung-muss-schliessen\/\" \/>\n<meta property=\"og:site_name\" content=\"just-now.NEWS Deutschland\" \/>\n<meta property=\"article:publisher\" content=\"https:\/\/www.facebook.com\/wirmachenauf\" \/>\n<meta property=\"article:published_time\" content=\"2025-08-26T16:01:54+00:00\" \/>\n<meta property=\"og:image\" content=\"https:\/\/now-news.de\/de\/wp-content\/uploads\/sites\/3\/2025\/08\/68ad82ec48fbef270d7d13a5.jpg\" \/>\n<meta name=\"author\" content=\"rtnews\" \/>\n<meta name=\"twitter:card\" content=\"summary_large_image\" \/>\n<meta name=\"twitter:creator\" content=\"@WirMachenAuf_de\" \/>\n<meta name=\"twitter:site\" content=\"@WirMachenAuf_de\" \/>\n<meta name=\"twitter:label1\" content=\"Verfasst von\" \/>\n\t<meta name=\"twitter:data1\" content=\"rtnews\" \/>\n\t<meta name=\"twitter:label2\" content=\"Gesch\u00e4tzte Lesezeit\" \/>\n\t<meta name=\"twitter:data2\" content=\"2\u00a0Minuten\" \/>\n<script type=\"application\/ld+json\" class=\"yoast-schema-graph\">{\"@context\":\"https:\/\/schema.org\",\"@graph\":[{\"@type\":\"Article\",\"@id\":\"https:\/\/now-news.de\/de\/deutschland\/australien-weist-erstmals-seit-zweitem-weltkrieg-botschafter-aus-irans-vertretung-muss-schliessen\/#article\",\"isPartOf\":{\"@id\":\"https:\/\/now-news.de\/de\/deutschland\/australien-weist-erstmals-seit-zweitem-weltkrieg-botschafter-aus-irans-vertretung-muss-schliessen\/\"},\"author\":{\"name\":\"rtnews\",\"@id\":\"https:\/\/now-news.de\/de\/#\/schema\/person\/fb534a4e865501d8b3285208df34a9b5\"},\"headline\":\"Australien weist erstmals seit Zweitem Weltkrieg Botschafter aus: Irans Vertretung muss schlie\u00dfen\",\"datePublished\":\"2025-08-26T16:01:54+00:00\",\"dateModified\":\"2025-08-26T16:01:54+00:00\",\"mainEntityOfPage\":{\"@id\":\"https:\/\/now-news.de\/de\/deutschland\/australien-weist-erstmals-seit-zweitem-weltkrieg-botschafter-aus-irans-vertretung-muss-schliessen\/\"},\"wordCount\":438,\"commentCount\":0,\"publisher\":{\"@id\":\"https:\/\/now-news.de\/de\/#organization\"},\"image\":{\"@id\":\"https:\/\/now-news.de\/de\/deutschland\/australien-weist-erstmals-seit-zweitem-weltkrieg-botschafter-aus-irans-vertretung-muss-schliessen\/#primaryimage\"},\"thumbnailUrl\":\"https:\/\/now-news.de\/de\/wp-content\/uploads\/sites\/3\/2025\/08\/Australien-weist-erstmals-seit-Zweitem-Weltkrieg-Botschafter-aus-Irans-Vertretung.jpg\",\"keywords\":[\"aus\",\"Australien\",\"Botschafter\",\"Erstmals\",\"Irans\",\"muss\",\"schlie\u00dfen\",\"seit\",\"Vertretung\",\"weist\",\"Weltkrieg\",\"zweitem\"],\"articleSection\":[\"Deutschland\",\"Russland\"],\"inLanguage\":\"de\",\"potentialAction\":[{\"@type\":\"CommentAction\",\"name\":\"Comment\",\"target\":[\"https:\/\/now-news.de\/de\/deutschland\/australien-weist-erstmals-seit-zweitem-weltkrieg-botschafter-aus-irans-vertretung-muss-schliessen\/#respond\"]}]},{\"@type\":\"WebPage\",\"@id\":\"https:\/\/now-news.de\/de\/deutschland\/australien-weist-erstmals-seit-zweitem-weltkrieg-botschafter-aus-irans-vertretung-muss-schliessen\/\",\"url\":\"https:\/\/now-news.de\/de\/deutschland\/australien-weist-erstmals-seit-zweitem-weltkrieg-botschafter-aus-irans-vertretung-muss-schliessen\/\",\"name\":\"Australien weist erstmals seit Zweitem Weltkrieg Botschafter aus: Irans Vertretung muss schlie\u00dfen - just-now.NEWS Deutschland\",\"isPartOf\":{\"@id\":\"https:\/\/now-news.de\/de\/#website\"},\"primaryImageOfPage\":{\"@id\":\"https:\/\/now-news.de\/de\/deutschland\/australien-weist-erstmals-seit-zweitem-weltkrieg-botschafter-aus-irans-vertretung-muss-schliessen\/#primaryimage\"},\"image\":{\"@id\":\"https:\/\/now-news.de\/de\/deutschland\/australien-weist-erstmals-seit-zweitem-weltkrieg-botschafter-aus-irans-vertretung-muss-schliessen\/#primaryimage\"},\"thumbnailUrl\":\"https:\/\/now-news.de\/de\/wp-content\/uploads\/sites\/3\/2025\/08\/Australien-weist-erstmals-seit-Zweitem-Weltkrieg-Botschafter-aus-Irans-Vertretung.jpg\",\"datePublished\":\"2025-08-26T16:01:54+00:00\",\"dateModified\":\"2025-08-26T16:01:54+00:00\",\"breadcrumb\":{\"@id\":\"https:\/\/now-news.de\/de\/deutschland\/australien-weist-erstmals-seit-zweitem-weltkrieg-botschafter-aus-irans-vertretung-muss-schliessen\/#breadcrumb\"},\"inLanguage\":\"de\",\"potentialAction\":[{\"@type\":\"ReadAction\",\"target\":[\"https:\/\/now-news.de\/de\/deutschland\/australien-weist-erstmals-seit-zweitem-weltkrieg-botschafter-aus-irans-vertretung-muss-schliessen\/\"]}]},{\"@type\":\"ImageObject\",\"inLanguage\":\"de\",\"@id\":\"https:\/\/now-news.de\/de\/deutschland\/australien-weist-erstmals-seit-zweitem-weltkrieg-botschafter-aus-irans-vertretung-muss-schliessen\/#primaryimage\",\"url\":\"https:\/\/now-news.de\/de\/wp-content\/uploads\/sites\/3\/2025\/08\/Australien-weist-erstmals-seit-Zweitem-Weltkrieg-Botschafter-aus-Irans-Vertretung.jpg\",\"contentUrl\":\"https:\/\/now-news.de\/de\/wp-content\/uploads\/sites\/3\/2025\/08\/Australien-weist-erstmals-seit-Zweitem-Weltkrieg-Botschafter-aus-Irans-Vertretung.jpg\",\"width\":460,\"height\":259,\"caption\":\"Australien weist erstmals seit Zweitem Weltkrieg Botschafter aus: Irans Vertretung muss schlie\u00dfen\"},{\"@type\":\"BreadcrumbList\",\"@id\":\"https:\/\/now-news.de\/de\/deutschland\/australien-weist-erstmals-seit-zweitem-weltkrieg-botschafter-aus-irans-vertretung-muss-schliessen\/#breadcrumb\",\"itemListElement\":[{\"@type\":\"ListItem\",\"position\":1,\"name\":\"Home\",\"item\":\"https:\/\/now-news.de\/de\/\"},{\"@type\":\"ListItem\",\"position\":2,\"name\":\"Australien weist erstmals seit Zweitem Weltkrieg Botschafter aus: Irans Vertretung muss schlie\u00dfen\"}]},{\"@type\":\"WebSite\",\"@id\":\"https:\/\/now-news.de\/de\/#website\",\"url\":\"https:\/\/now-news.de\/de\/\",\"name\":\"just-now.NEWS Deutschland\",\"description\":\"Das Portal f\u00fcr unzensierte Nachrichten aus der Welt\",\"publisher\":{\"@id\":\"https:\/\/now-news.de\/de\/#organization\"},\"potentialAction\":[{\"@type\":\"SearchAction\",\"target\":{\"@type\":\"EntryPoint\",\"urlTemplate\":\"https:\/\/now-news.de\/de\/?s={search_term_string}\"},\"query-input\":\"required name=search_term_string\"}],\"inLanguage\":\"de\"},{\"@type\":\"Organization\",\"@id\":\"https:\/\/now-news.de\/de\/#organization\",\"name\":\"Just Now News\",\"url\":\"https:\/\/now-news.de\/de\/\",\"logo\":{\"@type\":\"ImageObject\",\"inLanguage\":\"de\",\"@id\":\"https:\/\/now-news.de\/de\/#\/schema\/logo\/image\/\",\"url\":\"http:\/\/just-now.news\/de\/wp-content\/uploads\/sites\/3\/2022\/04\/logo500x500.jpg\",\"contentUrl\":\"http:\/\/just-now.news\/de\/wp-content\/uploads\/sites\/3\/2022\/04\/logo500x500.jpg\",\"width\":500,\"height\":500,\"caption\":\"Just Now News\"},\"image\":{\"@id\":\"https:\/\/now-news.de\/de\/#\/schema\/logo\/image\/\"},\"sameAs\":[\"https:\/\/www.facebook.com\/wirmachenauf\",\"https:\/\/x.com\/WirMachenAuf_de\"]},{\"@type\":\"Person\",\"@id\":\"https:\/\/now-news.de\/de\/#\/schema\/person\/fb534a4e865501d8b3285208df34a9b5\",\"name\":\"rtnews\",\"image\":{\"@type\":\"ImageObject\",\"inLanguage\":\"de\",\"@id\":\"https:\/\/now-news.de\/de\/#\/schema\/person\/image\/\",\"url\":\"https:\/\/secure.gravatar.com\/avatar\/82aafea7d8127119dd649515f56e2117?s=96&d=mm&r=g\",\"contentUrl\":\"https:\/\/secure.gravatar.com\/avatar\/82aafea7d8127119dd649515f56e2117?s=96&d=mm&r=g\",\"caption\":\"rtnews\"},\"url\":\"https:\/\/now-news.de\/de\/author\/rnews\/\"}]}<\/script>\n<!-- \/ Yoast SEO Premium plugin. -->","yoast_head_json":{"title":"Australien weist erstmals seit Zweitem Weltkrieg Botschafter aus: Irans Vertretung muss schlie\u00dfen - just-now.NEWS Deutschland","robots":{"index":"index","follow":"follow","max-snippet":"max-snippet:-1","max-image-preview":"max-image-preview:large","max-video-preview":"max-video-preview:-1"},"canonical":"https:\/\/now-news.de\/de\/deutschland\/australien-weist-erstmals-seit-zweitem-weltkrieg-botschafter-aus-irans-vertretung-muss-schliessen\/","og_locale":"de_DE","og_type":"article","og_title":"Australien weist erstmals seit Zweitem Weltkrieg Botschafter aus: Irans Vertretung muss schlie\u00dfen","og_description":"Australien sieht den Iran als Drahtzieher zweier antisemitischer Terrorattacken im Land. Premierminister Anthony Albanese ruft deswegen die australischen Diplomaten aus Teheran zur\u00fcck und l\u00e4sst die iranische Botschaft in Canberra bis auf Weiteres schlie\u00dfen. Es klingt nach einem regelrechten Abbruch der diplomatischen Beziehungen: Australien verweist den iranischen Botschafter und drei weitere Diplomaten des Landes und macht [&hellip;]","og_url":"https:\/\/now-news.de\/de\/deutschland\/australien-weist-erstmals-seit-zweitem-weltkrieg-botschafter-aus-irans-vertretung-muss-schliessen\/","og_site_name":"just-now.NEWS Deutschland","article_publisher":"https:\/\/www.facebook.com\/wirmachenauf","article_published_time":"2025-08-26T16:01:54+00:00","og_image":[{"url":"https:\/\/now-news.de\/de\/wp-content\/uploads\/sites\/3\/2025\/08\/68ad82ec48fbef270d7d13a5.jpg"}],"author":"rtnews","twitter_card":"summary_large_image","twitter_creator":"@WirMachenAuf_de","twitter_site":"@WirMachenAuf_de","twitter_misc":{"Verfasst von":"rtnews","Gesch\u00e4tzte Lesezeit":"2\u00a0Minuten"},"schema":{"@context":"https:\/\/schema.org","@graph":[{"@type":"Article","@id":"https:\/\/now-news.de\/de\/deutschland\/australien-weist-erstmals-seit-zweitem-weltkrieg-botschafter-aus-irans-vertretung-muss-schliessen\/#article","isPartOf":{"@id":"https:\/\/now-news.de\/de\/deutschland\/australien-weist-erstmals-seit-zweitem-weltkrieg-botschafter-aus-irans-vertretung-muss-schliessen\/"},"author":{"name":"rtnews","@id":"https:\/\/now-news.de\/de\/#\/schema\/person\/fb534a4e865501d8b3285208df34a9b5"},"headline":"Australien weist erstmals seit Zweitem Weltkrieg Botschafter aus: Irans Vertretung muss schlie\u00dfen","datePublished":"2025-08-26T16:01:54+00:00","dateModified":"2025-08-26T16:01:54+00:00","mainEntityOfPage":{"@id":"https:\/\/now-news.de\/de\/deutschland\/australien-weist-erstmals-seit-zweitem-weltkrieg-botschafter-aus-irans-vertretung-muss-schliessen\/"},"wordCount":438,"commentCount":0,"publisher":{"@id":"https:\/\/now-news.de\/de\/#organization"},"image":{"@id":"https:\/\/now-news.de\/de\/deutschland\/australien-weist-erstmals-seit-zweitem-weltkrieg-botschafter-aus-irans-vertretung-muss-schliessen\/#primaryimage"},"thumbnailUrl":"https:\/\/now-news.de\/de\/wp-content\/uploads\/sites\/3\/2025\/08\/Australien-weist-erstmals-seit-Zweitem-Weltkrieg-Botschafter-aus-Irans-Vertretung.jpg","keywords":["aus","Australien","Botschafter","Erstmals","Irans","muss","schlie\u00dfen","seit","Vertretung","weist","Weltkrieg","zweitem"],"articleSection":["Deutschland","Russland"],"inLanguage":"de","potentialAction":[{"@type":"CommentAction","name":"Comment","target":["https:\/\/now-news.de\/de\/deutschland\/australien-weist-erstmals-seit-zweitem-weltkrieg-botschafter-aus-irans-vertretung-muss-schliessen\/#respond"]}]},{"@type":"WebPage","@id":"https:\/\/now-news.de\/de\/deutschland\/australien-weist-erstmals-seit-zweitem-weltkrieg-botschafter-aus-irans-vertretung-muss-schliessen\/","url":"https:\/\/now-news.de\/de\/deutschland\/australien-weist-erstmals-seit-zweitem-weltkrieg-botschafter-aus-irans-vertretung-muss-schliessen\/","name":"Australien weist erstmals seit Zweitem Weltkrieg Botschafter aus: Irans Vertretung muss schlie\u00dfen - just-now.NEWS Deutschland","isPartOf":{"@id":"https:\/\/now-news.de\/de\/#website"},"primaryImageOfPage":{"@id":"https:\/\/now-news.de\/de\/deutschland\/australien-weist-erstmals-seit-zweitem-weltkrieg-botschafter-aus-irans-vertretung-muss-schliessen\/#primaryimage"},"image":{"@id":"https:\/\/now-news.de\/de\/deutschland\/australien-weist-erstmals-seit-zweitem-weltkrieg-botschafter-aus-irans-vertretung-muss-schliessen\/#primaryimage"},"thumbnailUrl":"https:\/\/now-news.de\/de\/wp-content\/uploads\/sites\/3\/2025\/08\/Australien-weist-erstmals-seit-Zweitem-Weltkrieg-Botschafter-aus-Irans-Vertretung.jpg","datePublished":"2025-08-26T16:01:54+00:00","dateModified":"2025-08-26T16:01:54+00:00","breadcrumb":{"@id":"https:\/\/now-news.de\/de\/deutschland\/australien-weist-erstmals-seit-zweitem-weltkrieg-botschafter-aus-irans-vertretung-muss-schliessen\/#breadcrumb"},"inLanguage":"de","potentialAction":[{"@type":"ReadAction","target":["https:\/\/now-news.de\/de\/deutschland\/australien-weist-erstmals-seit-zweitem-weltkrieg-botschafter-aus-irans-vertretung-muss-schliessen\/"]}]},{"@type":"ImageObject","inLanguage":"de","@id":"https:\/\/now-news.de\/de\/deutschland\/australien-weist-erstmals-seit-zweitem-weltkrieg-botschafter-aus-irans-vertretung-muss-schliessen\/#primaryimage","url":"https:\/\/now-news.de\/de\/wp-content\/uploads\/sites\/3\/2025\/08\/Australien-weist-erstmals-seit-Zweitem-Weltkrieg-Botschafter-aus-Irans-Vertretung.jpg","contentUrl":"https:\/\/now-news.de\/de\/wp-content\/uploads\/sites\/3\/2025\/08\/Australien-weist-erstmals-seit-Zweitem-Weltkrieg-Botschafter-aus-Irans-Vertretung.jpg","width":460,"height":259,"caption":"Australien weist erstmals seit Zweitem Weltkrieg Botschafter aus: Irans Vertretung muss schlie\u00dfen"},{"@type":"BreadcrumbList","@id":"https:\/\/now-news.de\/de\/deutschland\/australien-weist-erstmals-seit-zweitem-weltkrieg-botschafter-aus-irans-vertretung-muss-schliessen\/#breadcrumb","itemListElement":[{"@type":"ListItem","position":1,"name":"Home","item":"https:\/\/now-news.de\/de\/"},{"@type":"ListItem","position":2,"name":"Australien weist erstmals seit Zweitem Weltkrieg Botschafter aus: Irans Vertretung muss schlie\u00dfen"}]},{"@type":"WebSite","@id":"https:\/\/now-news.de\/de\/#website","url":"https:\/\/now-news.de\/de\/","name":"just-now.NEWS Deutschland","description":"Das Portal f\u00fcr unzensierte Nachrichten aus der Welt","publisher":{"@id":"https:\/\/now-news.de\/de\/#organization"},"potentialAction":[{"@type":"SearchAction","target":{"@type":"EntryPoint","urlTemplate":"https:\/\/now-news.de\/de\/?s={search_term_string}"},"query-input":"required name=search_term_string"}],"inLanguage":"de"},{"@type":"Organization","@id":"https:\/\/now-news.de\/de\/#organization","name":"Just Now News","url":"https:\/\/now-news.de\/de\/","logo":{"@type":"ImageObject","inLanguage":"de","@id":"https:\/\/now-news.de\/de\/#\/schema\/logo\/image\/","url":"http:\/\/just-now.news\/de\/wp-content\/uploads\/sites\/3\/2022\/04\/logo500x500.jpg","contentUrl":"http:\/\/just-now.news\/de\/wp-content\/uploads\/sites\/3\/2022\/04\/logo500x500.jpg","width":500,"height":500,"caption":"Just Now News"},"image":{"@id":"https:\/\/now-news.de\/de\/#\/schema\/logo\/image\/"},"sameAs":["https:\/\/www.facebook.com\/wirmachenauf","https:\/\/x.com\/WirMachenAuf_de"]},{"@type":"Person","@id":"https:\/\/now-news.de\/de\/#\/schema\/person\/fb534a4e865501d8b3285208df34a9b5","name":"rtnews","image":{"@type":"ImageObject","inLanguage":"de","@id":"https:\/\/now-news.de\/de\/#\/schema\/person\/image\/","url":"https:\/\/secure.gravatar.com\/avatar\/82aafea7d8127119dd649515f56e2117?s=96&d=mm&r=g","contentUrl":"https:\/\/secure.gravatar.com\/avatar\/82aafea7d8127119dd649515f56e2117?s=96&d=mm&r=g","caption":"rtnews"},"url":"https:\/\/now-news.de\/de\/author\/rnews\/"}]}},"_links":{"self":[{"href":"https:\/\/now-news.de\/de\/wp-json\/wp\/v2\/posts\/89461"}],"collection":[{"href":"https:\/\/now-news.de\/de\/wp-json\/wp\/v2\/posts"}],"about":[{"href":"https:\/\/now-news.de\/de\/wp-json\/wp\/v2\/types\/post"}],"author":[{"embeddable":true,"href":"https:\/\/now-news.de\/de\/wp-json\/wp\/v2\/users\/3"}],"replies":[{"embeddable":true,"href":"https:\/\/now-news.de\/de\/wp-json\/wp\/v2\/comments?post=89461"}],"version-history":[{"count":0,"href":"https:\/\/now-news.de\/de\/wp-json\/wp\/v2\/posts\/89461\/revisions"}],"wp:featuredmedia":[{"embeddable":true,"href":"https:\/\/now-news.de\/de\/wp-json\/wp\/v2\/media\/89462"}],"wp:attachment":[{"href":"https:\/\/now-news.de\/de\/wp-json\/wp\/v2\/media?parent=89461"}],"wp:term":[{"taxonomy":"category","embeddable":true,"href":"https:\/\/now-news.de\/de\/wp-json\/wp\/v2\/categories?post=89461"},{"taxonomy":"post_tag","embeddable":true,"href":"https:\/\/now-news.de\/de\/wp-json\/wp\/v2\/tags?post=89461"}],"curies":[{"name":"wp","href":"https:\/\/api.w.org\/{rel}","templated":true}]}}