{"id":89335,"date":"2025-08-24T06:30:00","date_gmt":"2025-08-24T04:30:00","guid":{"rendered":"https:\/\/now-news.de\/de\/deutschland\/wachsende-defizite-bei-sprachkompetenz-und-unterrichtsqualitaet-an-deutschen-schulen\/"},"modified":"2025-08-24T06:30:00","modified_gmt":"2025-08-24T04:30:00","slug":"wachsende-defizite-bei-sprachkompetenz-und-unterrichtsqualitaet-an-deutschen-schulen","status":"publish","type":"post","link":"https:\/\/now-news.de\/de\/deutschland\/wachsende-defizite-bei-sprachkompetenz-und-unterrichtsqualitaet-an-deutschen-schulen\/","title":{"rendered":"Wachsende Defizite bei Sprachkompetenz und Unterrichtsqualit\u00e4t an deutschen Schulen"},"content":{"rendered":"<p><img decoding=\"async\" src=\"https:\/\/now-news.de\/de\/wp-content\/uploads\/sites\/3\/2025\/08\/68a98219b480cc3bed35e4dc.jpg\" \/><\/p>\n<div class=\"Text-root Text-type_1 \">\n                Nach Einsch\u00e4tzung des Instituts der deutschen Wirtschaft (IW) belegen die j\u00fcngsten Daten im &#8220;Bildungsmonitor 2025&#8221; eine abermalige Verschlechterung des deutschen Schulniveaus im Vergleich zum Vorjahr. Dies lasse sich auch an den gestiegenen Sch\u00fclerzahlen in den letzten etwa zehn Jahren festmachen.\n            <\/div>\n<p><\/p>\n<div class=\"Text-root Text-type_5 ArticleView-text ViewText-root \">\n<p>&#8220;Die Lage an Deutschlands Schulen bleibt schlecht&#8221;, so die ern\u00fcchternde Zusammenfassung seitens\u00a0des Instituts der deutschen Wirtschaft (IW), bezogen auf Vergleichsauswertungen zum Vorjahr. Die neuen Daten des sogenannten &#8220;Bildungsmonitors f\u00fcr 2025&#8221; belegen eine weitere Verschlechterung in den Bereichen\u00a0Sprachkompetenz und Unterrichtsqualit\u00e4t. Die nachweisliche, andauernde Tendenz im deutschen Bildungssystem entwickelte sich demnach ab dem Jahr 2015.<\/p>\n<p>Die dem Springer-Verlag zugeh\u00f6rige <em>Welt<\/em>-Zeitung <a rel=\"nofollow noopener\" target=\"_blank\" href=\"https:\/\/www.welt.de\/politik\/deutschland\/article68a85fd7b9644528ccf3de60\/bildungsmisere-lage-an-den-deutschen-schulen-verschlechtert-sich-dramatisch.html?wtrid=socialmedia.socialflow....socialflow_twitter\">berichtet<\/a> vorab aus dem diesj\u00e4hrigen &#8220;Bildungsmonitor&#8221;, so habe sich die Gesamtsituation laut\u00a0Axel Pl\u00fcnnecke, Leiter des &#8220;Cluster Bildung, Innovation, Migration&#8221;,\u00a0gegen\u00fcber 2024 &#8220;weiter leicht verschlechtert&#8221;. Zu den aufgelisteten Fakten hei\u00dft es im Artikel:<\/p>\n<p><em>&#8220;Drei zentrale Indizes belegten dies: Bei Integration und Bildungschancen liegt der Wert f\u00fcr 2025 um 43,7 Punkte unter dem Vergleichsjahr 2013. Bei der Schulqualit\u00e4t sind es minus 28,2 Punkte, bei der von den Kindern mitgebrachten Bildungsarmut minus 26 Punkte.&#8221;<\/em><\/p>\n<p>Pl\u00fcnnecke erkenne demnach den Zeitpunkt f\u00fcr eine messbare Verlagerung zum Negativen\u00a0um das Jahr 2015. Davor &#8220;seien die Schulen besser geworden, danach schlechter&#8221;. Zu der These hei\u00dft es weiter:<\/p>\n<p><em>&#8220;In den vergangenen zehn Jahren seien viel mehr Kinder in die Schulen gekommen, als die Kultusminister 2010 dachten. Mehr Kinder seien an sich ein Gewinn f\u00fcr das Land, &#8216;aber 2015 hat das Schulsystem \u00fcberfordert, man fand keine schnellen Antworten auf die Herausforderungen der gestiegenen Fluchtmigration&#8217;, so Pl\u00fcnnecke.&#8221;<\/em><\/p>\n<p>Eine zu erwartende\u00a0gezielte F\u00f6rderung &#8220;kommt bis heute zu sp\u00e4t&#8221;. Zu viele\u00a0erreichten weiterhin etwa beim Lesen nicht die Mindeststandards. Die Daten belegen:<\/p>\n<p><em>&#8220;Heute haben die Kinder in 30 bis 40 Prozent unserer Schulen gro\u00dfe Defizite.&#8221;<\/em><\/p>\n<p>Die amtierende Bundesbildungsministerin Karin Prien (CDU) erkl\u00e4rte nach <em>Welt<\/em>-Anfrage, dass die Gro\u00dfe Koalition im Koalitionsvertrag &#8220;angesichts der schlechter werdenden Deutschkenntnisse eine fl\u00e4chendeckende, verpflichtende Sprach- und Entwicklungsdiagnostik f\u00fcr vierj\u00e4hrige Kinder vereinbart&#8221; habe.<\/p>\n<p>Prien erkl\u00e4rte demnach zu den bekannten Wurzeln der Problematik:<\/p>\n<p><em>&#8220;Nur wer F\u00f6rderbedarf fr\u00fch erkennt, kann Kinder gezielt unterst\u00fctzen. Eltern spielen dabei eine Schl\u00fcsselrolle. Ziel ist es, Chancen zu er\u00f6ffnen, nicht zu sanktionieren. Aber wenn Kinder Hilfe brauchen und Unterst\u00fctzung dauerhaft ausbleibt, m\u00fcssen wir gemeinsam L\u00f6sungen finden.&#8221;<\/em><\/p>\n<p>Ein <em>Zeit<\/em>&#8211;<a rel=\"nofollow noopener\" target=\"_blank\" href=\"https:\/\/www.zeit.de\/gesellschaft\/2024-09\/migrationshintergrund-deutschland-schule-lehrer\">Artikel<\/a> informierte im Vorjahr dar\u00fcber, dass fast jeder dritte Sch\u00fcler in Deutschland &#8220;eine Einwanderungsgeschichte besitzt&#8221;. Im Jahr 2023 &#8220;traf dies auf 29 Prozent der Kinder und Jugendlichen an allgemeinbildenden Schulen zu&#8221;, wie das Statistische Bundesamt ermittelte. Unter den Lehrkr\u00e4ften lag der Anteil vor zwei Jahren &#8220;mit elf Prozent deutlich niedriger&#8221;.<\/p>\n<p>Bildungsforscher und Verb\u00e4nde fordern laut <em>Welt<\/em>-Artikel &#8220;ein entschlossenes Handeln&#8221;. Havva Engin von der P\u00e4dagogischen Hochschule Heidelberg erkl\u00e4rte zu andauernden Fehlern in der Behebung der Probleme:<\/p>\n<p><em>&#8220;Entscheidend f\u00fcr Bildungserfolg ist nicht erst die Schule, sondern die Zeit davor. Die Bildungskarriere eines Kindes wird im Kindergarten gemacht. Vers\u00e4umte F\u00f6rderung verursacht enorme Folgekosten. Pr\u00e4vention ist g\u00fcnstiger als lebenslange Reparatur.&#8221;<\/em><\/p>\n<p>Der Vorsitzende des Verbands Bildung und Erziehung, Gerhard Brand, zeichnet ein d\u00fcsteres Bild der Gegenwart:<\/p>\n<p><em>&#8220;Wir k\u00f6nnen die aktuellen Sch\u00fclerzahlen mit origin\u00e4r ausgebildeten Lehrkr\u00e4ften schon gar nicht mehr abdecken. Heute tragen Kinder oft die elterlichen Probleme in die Schule. Und die Lehrkraft soll\u2019s richten.&#8221;<\/em><\/p>\n<p>Die nachdr\u00fcckliche Forderung von Verb\u00e4nden laute daher, &#8220;kleinere Klassen, bessere Ausbildung von Quereinsteigern und mehr gesellschaftliche Unterst\u00fctzung&#8221;. Die\u00a0Schulen k\u00f6nnten dabei aber nicht alles richten. So m\u00fcssten Eltern, Kommunen und Vereine &#8220;ihren Beitrag leisten&#8221;.<\/p>\n<p><strong>Mehr zum Thema <\/strong>\u2013 <a rel=\"nofollow noopener\" target=\"_blank\" href=\"https:\/\/freedert.online\/schweiz\/253652-sprachkrise-an-schweizer-schulen-deutschkenntnisse\/\">Sprachkrise an Schweizer Schulen: Deutschkenntnisse brechen ein <\/a><\/p>\n<div class=\"EmbedBlock-root EmbedBlock-externalVideo EmbedBlock-rumble\">\n<div class=\"VkEmbed\"><iframe class=\"lazyload\" data-src=\"https:\/\/rumble.com\/embed\/v6t7h0d\" frameborder=\"0\" width=\"853\" height=\"480\" allowfullscreen><\/iframe><\/div>\n<\/div>\n<\/div>\n<p><br \/>\n<br \/><a href=\"https:\/\/de.rt.com\/inland\/254095-neue-studie-bestaetigt-wachsende-defizite\/\">Source link <\/a><\/p>\n","protected":false},"excerpt":{"rendered":"<p>Nach Einsch\u00e4tzung des Instituts der deutschen Wirtschaft (IW) belegen die j\u00fcngsten Daten im &#8220;Bildungsmonitor 2025&#8221; eine abermalige Verschlechterung des deutschen Schulniveaus im Vergleich zum Vorjahr. Dies lasse sich auch an den gestiegenen Sch\u00fclerzahlen in den letzten etwa zehn Jahren festmachen. &#8220;Die Lage an Deutschlands Schulen bleibt schlecht&#8221;, so die ern\u00fcchternde Zusammenfassung seitens\u00a0des Instituts der deutschen [&hellip;]<\/p>\n","protected":false},"author":3,"featured_media":89336,"comment_status":"open","ping_status":"open","sticky":false,"template":"","format":"standard","meta":{"_yoast_indexnow_last_ping":["1756010654"],"wp_automatic_camp":["217"],"f3aac50c117083dc40c4d241c52e4736":["Wachsende Defizite bei Sprachkompetenz und Unterrichtsqualit\u00e4t an deutschen Schulen"],"original_link":["https:\/\/de.rt.com\/inland\/254095-neue-studie-bestaetigt-wachsende-defizite\/"],"_thumbnail_id":["89336"],"jnews_social_counter_last_update":["1777299759"],"_wptgpro_p2tg_sent2tg":["a:1:{i:23737;s:19:\"2025-08-24 06:45:15\";}"]},"categories":[19,23],"tags":[363,60908,577,7652,67226,140,67227,33235],"yoast_head":"<!-- This site is optimized with the Yoast SEO Premium plugin v22.7 (Yoast SEO v22.7) - https:\/\/yoast.com\/wordpress\/plugins\/seo\/ -->\n<title>Wachsende Defizite bei Sprachkompetenz und Unterrichtsqualit\u00e4t an deutschen Schulen - just-now.NEWS Deutschland<\/title>\n<meta name=\"robots\" content=\"index, follow, max-snippet:-1, max-image-preview:large, max-video-preview:-1\" \/>\n<link rel=\"canonical\" href=\"https:\/\/now-news.de\/de\/deutschland\/wachsende-defizite-bei-sprachkompetenz-und-unterrichtsqualitaet-an-deutschen-schulen\/\" \/>\n<meta property=\"og:locale\" content=\"de_DE\" \/>\n<meta property=\"og:type\" content=\"article\" \/>\n<meta property=\"og:title\" content=\"Wachsende Defizite bei Sprachkompetenz und Unterrichtsqualit\u00e4t an deutschen Schulen\" \/>\n<meta property=\"og:description\" content=\"Nach Einsch\u00e4tzung des Instituts der deutschen Wirtschaft (IW) belegen die j\u00fcngsten Daten im &#8220;Bildungsmonitor 2025&#8221; eine abermalige Verschlechterung des deutschen Schulniveaus im Vergleich zum Vorjahr. Dies lasse sich auch an den gestiegenen Sch\u00fclerzahlen in den letzten etwa zehn Jahren festmachen. &#8220;Die Lage an Deutschlands Schulen bleibt schlecht&#8221;, so die ern\u00fcchternde Zusammenfassung seitens\u00a0des Instituts der deutschen [&hellip;]\" \/>\n<meta property=\"og:url\" content=\"https:\/\/now-news.de\/de\/deutschland\/wachsende-defizite-bei-sprachkompetenz-und-unterrichtsqualitaet-an-deutschen-schulen\/\" \/>\n<meta property=\"og:site_name\" content=\"just-now.NEWS Deutschland\" \/>\n<meta property=\"article:publisher\" content=\"https:\/\/www.facebook.com\/wirmachenauf\" \/>\n<meta property=\"article:published_time\" content=\"2025-08-24T04:30:00+00:00\" \/>\n<meta property=\"og:image\" content=\"https:\/\/now-news.de\/de\/wp-content\/uploads\/sites\/3\/2025\/08\/68a98219b480cc3bed35e4dc.jpg\" \/>\n<meta name=\"author\" content=\"rtnews\" \/>\n<meta name=\"twitter:card\" content=\"summary_large_image\" \/>\n<meta name=\"twitter:creator\" content=\"@WirMachenAuf_de\" \/>\n<meta name=\"twitter:site\" content=\"@WirMachenAuf_de\" \/>\n<meta name=\"twitter:label1\" content=\"Verfasst von\" \/>\n\t<meta name=\"twitter:data1\" content=\"rtnews\" \/>\n\t<meta name=\"twitter:label2\" content=\"Gesch\u00e4tzte Lesezeit\" \/>\n\t<meta name=\"twitter:data2\" content=\"3\u00a0Minuten\" \/>\n<script type=\"application\/ld+json\" class=\"yoast-schema-graph\">{\"@context\":\"https:\/\/schema.org\",\"@graph\":[{\"@type\":\"Article\",\"@id\":\"https:\/\/now-news.de\/de\/deutschland\/wachsende-defizite-bei-sprachkompetenz-und-unterrichtsqualitaet-an-deutschen-schulen\/#article\",\"isPartOf\":{\"@id\":\"https:\/\/now-news.de\/de\/deutschland\/wachsende-defizite-bei-sprachkompetenz-und-unterrichtsqualitaet-an-deutschen-schulen\/\"},\"author\":{\"name\":\"rtnews\",\"@id\":\"https:\/\/now-news.de\/de\/#\/schema\/person\/fb534a4e865501d8b3285208df34a9b5\"},\"headline\":\"Wachsende Defizite bei Sprachkompetenz und Unterrichtsqualit\u00e4t an deutschen Schulen\",\"datePublished\":\"2025-08-24T04:30:00+00:00\",\"dateModified\":\"2025-08-24T04:30:00+00:00\",\"mainEntityOfPage\":{\"@id\":\"https:\/\/now-news.de\/de\/deutschland\/wachsende-defizite-bei-sprachkompetenz-und-unterrichtsqualitaet-an-deutschen-schulen\/\"},\"wordCount\":610,\"commentCount\":0,\"publisher\":{\"@id\":\"https:\/\/now-news.de\/de\/#organization\"},\"image\":{\"@id\":\"https:\/\/now-news.de\/de\/deutschland\/wachsende-defizite-bei-sprachkompetenz-und-unterrichtsqualitaet-an-deutschen-schulen\/#primaryimage\"},\"thumbnailUrl\":\"https:\/\/now-news.de\/de\/wp-content\/uploads\/sites\/3\/2025\/08\/Wachsende-Defizite-bei-Sprachkompetenz-und-Unterrichtsqualitaet-an-deutschen-Schulen.jpg\",\"keywords\":[\"bei\",\"Defizite\",\"Deutschen\",\"Schulen\",\"Sprachkompetenz\",\"und\",\"Unterrichtsqualit\u00e4t\",\"Wachsende\"],\"articleSection\":[\"Deutschland\",\"Russland\"],\"inLanguage\":\"de\",\"potentialAction\":[{\"@type\":\"CommentAction\",\"name\":\"Comment\",\"target\":[\"https:\/\/now-news.de\/de\/deutschland\/wachsende-defizite-bei-sprachkompetenz-und-unterrichtsqualitaet-an-deutschen-schulen\/#respond\"]}]},{\"@type\":\"WebPage\",\"@id\":\"https:\/\/now-news.de\/de\/deutschland\/wachsende-defizite-bei-sprachkompetenz-und-unterrichtsqualitaet-an-deutschen-schulen\/\",\"url\":\"https:\/\/now-news.de\/de\/deutschland\/wachsende-defizite-bei-sprachkompetenz-und-unterrichtsqualitaet-an-deutschen-schulen\/\",\"name\":\"Wachsende Defizite bei Sprachkompetenz und Unterrichtsqualit\u00e4t an deutschen Schulen - just-now.NEWS Deutschland\",\"isPartOf\":{\"@id\":\"https:\/\/now-news.de\/de\/#website\"},\"primaryImageOfPage\":{\"@id\":\"https:\/\/now-news.de\/de\/deutschland\/wachsende-defizite-bei-sprachkompetenz-und-unterrichtsqualitaet-an-deutschen-schulen\/#primaryimage\"},\"image\":{\"@id\":\"https:\/\/now-news.de\/de\/deutschland\/wachsende-defizite-bei-sprachkompetenz-und-unterrichtsqualitaet-an-deutschen-schulen\/#primaryimage\"},\"thumbnailUrl\":\"https:\/\/now-news.de\/de\/wp-content\/uploads\/sites\/3\/2025\/08\/Wachsende-Defizite-bei-Sprachkompetenz-und-Unterrichtsqualitaet-an-deutschen-Schulen.jpg\",\"datePublished\":\"2025-08-24T04:30:00+00:00\",\"dateModified\":\"2025-08-24T04:30:00+00:00\",\"breadcrumb\":{\"@id\":\"https:\/\/now-news.de\/de\/deutschland\/wachsende-defizite-bei-sprachkompetenz-und-unterrichtsqualitaet-an-deutschen-schulen\/#breadcrumb\"},\"inLanguage\":\"de\",\"potentialAction\":[{\"@type\":\"ReadAction\",\"target\":[\"https:\/\/now-news.de\/de\/deutschland\/wachsende-defizite-bei-sprachkompetenz-und-unterrichtsqualitaet-an-deutschen-schulen\/\"]}]},{\"@type\":\"ImageObject\",\"inLanguage\":\"de\",\"@id\":\"https:\/\/now-news.de\/de\/deutschland\/wachsende-defizite-bei-sprachkompetenz-und-unterrichtsqualitaet-an-deutschen-schulen\/#primaryimage\",\"url\":\"https:\/\/now-news.de\/de\/wp-content\/uploads\/sites\/3\/2025\/08\/Wachsende-Defizite-bei-Sprachkompetenz-und-Unterrichtsqualitaet-an-deutschen-Schulen.jpg\",\"contentUrl\":\"https:\/\/now-news.de\/de\/wp-content\/uploads\/sites\/3\/2025\/08\/Wachsende-Defizite-bei-Sprachkompetenz-und-Unterrichtsqualitaet-an-deutschen-Schulen.jpg\",\"width\":460,\"height\":259,\"caption\":\"Wachsende Defizite bei Sprachkompetenz und Unterrichtsqualit\u00e4t an deutschen Schulen\"},{\"@type\":\"BreadcrumbList\",\"@id\":\"https:\/\/now-news.de\/de\/deutschland\/wachsende-defizite-bei-sprachkompetenz-und-unterrichtsqualitaet-an-deutschen-schulen\/#breadcrumb\",\"itemListElement\":[{\"@type\":\"ListItem\",\"position\":1,\"name\":\"Home\",\"item\":\"https:\/\/now-news.de\/de\/\"},{\"@type\":\"ListItem\",\"position\":2,\"name\":\"Wachsende Defizite bei Sprachkompetenz und Unterrichtsqualit\u00e4t an deutschen Schulen\"}]},{\"@type\":\"WebSite\",\"@id\":\"https:\/\/now-news.de\/de\/#website\",\"url\":\"https:\/\/now-news.de\/de\/\",\"name\":\"just-now.NEWS Deutschland\",\"description\":\"Das Portal f\u00fcr unzensierte Nachrichten aus der Welt\",\"publisher\":{\"@id\":\"https:\/\/now-news.de\/de\/#organization\"},\"potentialAction\":[{\"@type\":\"SearchAction\",\"target\":{\"@type\":\"EntryPoint\",\"urlTemplate\":\"https:\/\/now-news.de\/de\/?s={search_term_string}\"},\"query-input\":\"required name=search_term_string\"}],\"inLanguage\":\"de\"},{\"@type\":\"Organization\",\"@id\":\"https:\/\/now-news.de\/de\/#organization\",\"name\":\"Just Now News\",\"url\":\"https:\/\/now-news.de\/de\/\",\"logo\":{\"@type\":\"ImageObject\",\"inLanguage\":\"de\",\"@id\":\"https:\/\/now-news.de\/de\/#\/schema\/logo\/image\/\",\"url\":\"http:\/\/just-now.news\/de\/wp-content\/uploads\/sites\/3\/2022\/04\/logo500x500.jpg\",\"contentUrl\":\"http:\/\/just-now.news\/de\/wp-content\/uploads\/sites\/3\/2022\/04\/logo500x500.jpg\",\"width\":500,\"height\":500,\"caption\":\"Just Now News\"},\"image\":{\"@id\":\"https:\/\/now-news.de\/de\/#\/schema\/logo\/image\/\"},\"sameAs\":[\"https:\/\/www.facebook.com\/wirmachenauf\",\"https:\/\/x.com\/WirMachenAuf_de\"]},{\"@type\":\"Person\",\"@id\":\"https:\/\/now-news.de\/de\/#\/schema\/person\/fb534a4e865501d8b3285208df34a9b5\",\"name\":\"rtnews\",\"image\":{\"@type\":\"ImageObject\",\"inLanguage\":\"de\",\"@id\":\"https:\/\/now-news.de\/de\/#\/schema\/person\/image\/\",\"url\":\"https:\/\/secure.gravatar.com\/avatar\/82aafea7d8127119dd649515f56e2117?s=96&d=mm&r=g\",\"contentUrl\":\"https:\/\/secure.gravatar.com\/avatar\/82aafea7d8127119dd649515f56e2117?s=96&d=mm&r=g\",\"caption\":\"rtnews\"},\"url\":\"https:\/\/now-news.de\/de\/author\/rnews\/\"}]}<\/script>\n<!-- \/ Yoast SEO Premium plugin. -->","yoast_head_json":{"title":"Wachsende Defizite bei Sprachkompetenz und Unterrichtsqualit\u00e4t an deutschen Schulen - just-now.NEWS Deutschland","robots":{"index":"index","follow":"follow","max-snippet":"max-snippet:-1","max-image-preview":"max-image-preview:large","max-video-preview":"max-video-preview:-1"},"canonical":"https:\/\/now-news.de\/de\/deutschland\/wachsende-defizite-bei-sprachkompetenz-und-unterrichtsqualitaet-an-deutschen-schulen\/","og_locale":"de_DE","og_type":"article","og_title":"Wachsende Defizite bei Sprachkompetenz und Unterrichtsqualit\u00e4t an deutschen Schulen","og_description":"Nach Einsch\u00e4tzung des Instituts der deutschen Wirtschaft (IW) belegen die j\u00fcngsten Daten im &#8220;Bildungsmonitor 2025&#8221; eine abermalige Verschlechterung des deutschen Schulniveaus im Vergleich zum Vorjahr. Dies lasse sich auch an den gestiegenen Sch\u00fclerzahlen in den letzten etwa zehn Jahren festmachen. &#8220;Die Lage an Deutschlands Schulen bleibt schlecht&#8221;, so die ern\u00fcchternde Zusammenfassung seitens\u00a0des Instituts der deutschen [&hellip;]","og_url":"https:\/\/now-news.de\/de\/deutschland\/wachsende-defizite-bei-sprachkompetenz-und-unterrichtsqualitaet-an-deutschen-schulen\/","og_site_name":"just-now.NEWS Deutschland","article_publisher":"https:\/\/www.facebook.com\/wirmachenauf","article_published_time":"2025-08-24T04:30:00+00:00","og_image":[{"url":"https:\/\/now-news.de\/de\/wp-content\/uploads\/sites\/3\/2025\/08\/68a98219b480cc3bed35e4dc.jpg"}],"author":"rtnews","twitter_card":"summary_large_image","twitter_creator":"@WirMachenAuf_de","twitter_site":"@WirMachenAuf_de","twitter_misc":{"Verfasst von":"rtnews","Gesch\u00e4tzte Lesezeit":"3\u00a0Minuten"},"schema":{"@context":"https:\/\/schema.org","@graph":[{"@type":"Article","@id":"https:\/\/now-news.de\/de\/deutschland\/wachsende-defizite-bei-sprachkompetenz-und-unterrichtsqualitaet-an-deutschen-schulen\/#article","isPartOf":{"@id":"https:\/\/now-news.de\/de\/deutschland\/wachsende-defizite-bei-sprachkompetenz-und-unterrichtsqualitaet-an-deutschen-schulen\/"},"author":{"name":"rtnews","@id":"https:\/\/now-news.de\/de\/#\/schema\/person\/fb534a4e865501d8b3285208df34a9b5"},"headline":"Wachsende Defizite bei Sprachkompetenz und Unterrichtsqualit\u00e4t an deutschen Schulen","datePublished":"2025-08-24T04:30:00+00:00","dateModified":"2025-08-24T04:30:00+00:00","mainEntityOfPage":{"@id":"https:\/\/now-news.de\/de\/deutschland\/wachsende-defizite-bei-sprachkompetenz-und-unterrichtsqualitaet-an-deutschen-schulen\/"},"wordCount":610,"commentCount":0,"publisher":{"@id":"https:\/\/now-news.de\/de\/#organization"},"image":{"@id":"https:\/\/now-news.de\/de\/deutschland\/wachsende-defizite-bei-sprachkompetenz-und-unterrichtsqualitaet-an-deutschen-schulen\/#primaryimage"},"thumbnailUrl":"https:\/\/now-news.de\/de\/wp-content\/uploads\/sites\/3\/2025\/08\/Wachsende-Defizite-bei-Sprachkompetenz-und-Unterrichtsqualitaet-an-deutschen-Schulen.jpg","keywords":["bei","Defizite","Deutschen","Schulen","Sprachkompetenz","und","Unterrichtsqualit\u00e4t","Wachsende"],"articleSection":["Deutschland","Russland"],"inLanguage":"de","potentialAction":[{"@type":"CommentAction","name":"Comment","target":["https:\/\/now-news.de\/de\/deutschland\/wachsende-defizite-bei-sprachkompetenz-und-unterrichtsqualitaet-an-deutschen-schulen\/#respond"]}]},{"@type":"WebPage","@id":"https:\/\/now-news.de\/de\/deutschland\/wachsende-defizite-bei-sprachkompetenz-und-unterrichtsqualitaet-an-deutschen-schulen\/","url":"https:\/\/now-news.de\/de\/deutschland\/wachsende-defizite-bei-sprachkompetenz-und-unterrichtsqualitaet-an-deutschen-schulen\/","name":"Wachsende Defizite bei Sprachkompetenz und Unterrichtsqualit\u00e4t an deutschen Schulen - just-now.NEWS Deutschland","isPartOf":{"@id":"https:\/\/now-news.de\/de\/#website"},"primaryImageOfPage":{"@id":"https:\/\/now-news.de\/de\/deutschland\/wachsende-defizite-bei-sprachkompetenz-und-unterrichtsqualitaet-an-deutschen-schulen\/#primaryimage"},"image":{"@id":"https:\/\/now-news.de\/de\/deutschland\/wachsende-defizite-bei-sprachkompetenz-und-unterrichtsqualitaet-an-deutschen-schulen\/#primaryimage"},"thumbnailUrl":"https:\/\/now-news.de\/de\/wp-content\/uploads\/sites\/3\/2025\/08\/Wachsende-Defizite-bei-Sprachkompetenz-und-Unterrichtsqualitaet-an-deutschen-Schulen.jpg","datePublished":"2025-08-24T04:30:00+00:00","dateModified":"2025-08-24T04:30:00+00:00","breadcrumb":{"@id":"https:\/\/now-news.de\/de\/deutschland\/wachsende-defizite-bei-sprachkompetenz-und-unterrichtsqualitaet-an-deutschen-schulen\/#breadcrumb"},"inLanguage":"de","potentialAction":[{"@type":"ReadAction","target":["https:\/\/now-news.de\/de\/deutschland\/wachsende-defizite-bei-sprachkompetenz-und-unterrichtsqualitaet-an-deutschen-schulen\/"]}]},{"@type":"ImageObject","inLanguage":"de","@id":"https:\/\/now-news.de\/de\/deutschland\/wachsende-defizite-bei-sprachkompetenz-und-unterrichtsqualitaet-an-deutschen-schulen\/#primaryimage","url":"https:\/\/now-news.de\/de\/wp-content\/uploads\/sites\/3\/2025\/08\/Wachsende-Defizite-bei-Sprachkompetenz-und-Unterrichtsqualitaet-an-deutschen-Schulen.jpg","contentUrl":"https:\/\/now-news.de\/de\/wp-content\/uploads\/sites\/3\/2025\/08\/Wachsende-Defizite-bei-Sprachkompetenz-und-Unterrichtsqualitaet-an-deutschen-Schulen.jpg","width":460,"height":259,"caption":"Wachsende Defizite bei Sprachkompetenz und Unterrichtsqualit\u00e4t an deutschen Schulen"},{"@type":"BreadcrumbList","@id":"https:\/\/now-news.de\/de\/deutschland\/wachsende-defizite-bei-sprachkompetenz-und-unterrichtsqualitaet-an-deutschen-schulen\/#breadcrumb","itemListElement":[{"@type":"ListItem","position":1,"name":"Home","item":"https:\/\/now-news.de\/de\/"},{"@type":"ListItem","position":2,"name":"Wachsende Defizite bei Sprachkompetenz und Unterrichtsqualit\u00e4t an deutschen Schulen"}]},{"@type":"WebSite","@id":"https:\/\/now-news.de\/de\/#website","url":"https:\/\/now-news.de\/de\/","name":"just-now.NEWS Deutschland","description":"Das Portal f\u00fcr unzensierte Nachrichten aus der Welt","publisher":{"@id":"https:\/\/now-news.de\/de\/#organization"},"potentialAction":[{"@type":"SearchAction","target":{"@type":"EntryPoint","urlTemplate":"https:\/\/now-news.de\/de\/?s={search_term_string}"},"query-input":"required name=search_term_string"}],"inLanguage":"de"},{"@type":"Organization","@id":"https:\/\/now-news.de\/de\/#organization","name":"Just Now News","url":"https:\/\/now-news.de\/de\/","logo":{"@type":"ImageObject","inLanguage":"de","@id":"https:\/\/now-news.de\/de\/#\/schema\/logo\/image\/","url":"http:\/\/just-now.news\/de\/wp-content\/uploads\/sites\/3\/2022\/04\/logo500x500.jpg","contentUrl":"http:\/\/just-now.news\/de\/wp-content\/uploads\/sites\/3\/2022\/04\/logo500x500.jpg","width":500,"height":500,"caption":"Just Now News"},"image":{"@id":"https:\/\/now-news.de\/de\/#\/schema\/logo\/image\/"},"sameAs":["https:\/\/www.facebook.com\/wirmachenauf","https:\/\/x.com\/WirMachenAuf_de"]},{"@type":"Person","@id":"https:\/\/now-news.de\/de\/#\/schema\/person\/fb534a4e865501d8b3285208df34a9b5","name":"rtnews","image":{"@type":"ImageObject","inLanguage":"de","@id":"https:\/\/now-news.de\/de\/#\/schema\/person\/image\/","url":"https:\/\/secure.gravatar.com\/avatar\/82aafea7d8127119dd649515f56e2117?s=96&d=mm&r=g","contentUrl":"https:\/\/secure.gravatar.com\/avatar\/82aafea7d8127119dd649515f56e2117?s=96&d=mm&r=g","caption":"rtnews"},"url":"https:\/\/now-news.de\/de\/author\/rnews\/"}]}},"_links":{"self":[{"href":"https:\/\/now-news.de\/de\/wp-json\/wp\/v2\/posts\/89335"}],"collection":[{"href":"https:\/\/now-news.de\/de\/wp-json\/wp\/v2\/posts"}],"about":[{"href":"https:\/\/now-news.de\/de\/wp-json\/wp\/v2\/types\/post"}],"author":[{"embeddable":true,"href":"https:\/\/now-news.de\/de\/wp-json\/wp\/v2\/users\/3"}],"replies":[{"embeddable":true,"href":"https:\/\/now-news.de\/de\/wp-json\/wp\/v2\/comments?post=89335"}],"version-history":[{"count":0,"href":"https:\/\/now-news.de\/de\/wp-json\/wp\/v2\/posts\/89335\/revisions"}],"wp:featuredmedia":[{"embeddable":true,"href":"https:\/\/now-news.de\/de\/wp-json\/wp\/v2\/media\/89336"}],"wp:attachment":[{"href":"https:\/\/now-news.de\/de\/wp-json\/wp\/v2\/media?parent=89335"}],"wp:term":[{"taxonomy":"category","embeddable":true,"href":"https:\/\/now-news.de\/de\/wp-json\/wp\/v2\/categories?post=89335"},{"taxonomy":"post_tag","embeddable":true,"href":"https:\/\/now-news.de\/de\/wp-json\/wp\/v2\/tags?post=89335"}],"curies":[{"name":"wp","href":"https:\/\/api.w.org\/{rel}","templated":true}]}}