{"id":89317,"date":"2025-08-23T19:00:15","date_gmt":"2025-08-23T17:00:15","guid":{"rendered":"https:\/\/now-news.de\/de\/deutschland\/verteidigungsminister-nasirsadeh-im-krieg-gegen-israel-setzte-iran-nicht-all-sein-arsenal-ein\/"},"modified":"2025-08-23T19:00:15","modified_gmt":"2025-08-23T17:00:15","slug":"verteidigungsminister-nasirsadeh-im-krieg-gegen-israel-setzte-iran-nicht-all-sein-arsenal-ein","status":"publish","type":"post","link":"https:\/\/now-news.de\/de\/deutschland\/verteidigungsminister-nasirsadeh-im-krieg-gegen-israel-setzte-iran-nicht-all-sein-arsenal-ein\/","title":{"rendered":"Verteidigungsminister Nasirsadeh: Im Krieg gegen Israel setzte Iran nicht all sein Arsenal ein"},"content":{"rendered":"<p><img decoding=\"async\" src=\"https:\/\/now-news.de\/de\/wp-content\/uploads\/sites\/3\/2025\/08\/68a98bdc48fbef4f9a7f6af8.jpg\" \/><\/p>\n<div class=\"Text-root Text-type_1 \">\n                Iran hat nach eigenen Angaben moderne Waffen, die noch nie zum Einsatz gekommen sind. Das Milit\u00e4r habe im Zw\u00f6lf-Tage-Krieg gegen Israel nicht all sein Arsenal verwendet, behauptet Verteidigungsminister Asis Nasirsadeh. Das Land besitze noch viel st\u00e4rkere und pr\u00e4zisere Waffen.\n            <\/div>\n<p><\/p>\n<div class=\"Text-root Text-type_5 ArticleView-text ViewText-root \">\n<p>Im Gespr\u00e4ch mit der iranischen Nachrichtenagentur <em>SNN<\/em> hat Verteidigungsminister Asis Nasirsadeh die Kampff\u00e4higkeit seines Landes als hoch bewertet. Ihm zufolge verf\u00fcge die Islamische Republik \u00fcber viel st\u00e4rkere Waffen als die, die w\u00e4hrend des Zw\u00f6lf-Tage-Krieges gegen Israel zum Einsatz gekommen seien. Nasirsadeh <a rel=\"nofollow noopener\" target=\"_blank\" href=\"https:\/\/snn.ir\/fa\/news\/1297452\/%D9%88%D8%B2%DB%8C%D8%B1-%D8%AF%D9%81%D8%A7%D8%B9-%D8%AF%D8%B1-%D8%AC%D9%86%DA%AF-%DB%B1%DB%B2-%D8%B1%D9%88%D8%B2%D9%87-%D9%85%D8%A7-%D9%81%D9%82%D8%B7-%D8%A8%D8%A7-%D8%B1%DA%98%DB%8C%D9%85-%D8%B5%D9%87%DB%8C%D9%88%D9%86%DB%8C%D8%B3%D8%AA%DB%8C-%D9%85%D9%88%D8%A7%D8%AC%D9%87-%D9%86%D8%A8%D9%88%D8%AF%DB%8C%D9%85-%D8%A7%D8%A8%D8%B9%D8%A7%D8%AF-%D8%AF%DB%8C%DA%AF%D8%B1-%D9%82%D8%AF%D8%B1%D8%AA-%D9%85%D8%A7-%D8%AF%D8%B1-%D8%AC%D9%86%DA%AF-%D8%B2%D9%85%DB%8C%D9%86%DB%8C-%D9%88-%D8%AF%D8%B1%DB%8C%D8%A7%DB%8C%DB%8C-%D9%86%D9%85%D8%A7%DB%8C%D8%A7%D9%86-%D9%85%DB%8C%E2%80%8C%D8%B4%D8%AF-%D9%81%DB%8C%D9%84%D9%85\">betonte<\/a>: \u00a0\u00a0\u00a0<\/p>\n<blockquote>\n<p><em>&#8220;Wir haben Instrumente, die wir noch nicht im Kampf verwendet haben. Wir werden damit den Gegner definitiv \u00fcberraschen.&#8221;<\/em><\/p>\n<\/blockquote>\n<p>Wenn der am 13. Juni von Israel gestartete Angriff gegen Iran ein gr\u00f6\u00dferes Ausma\u00df angenommen h\u00e4tte, h\u00e4tte die Reaktion der iranischen Streitkr\u00e4fte ebenfalls eine andere Dimension erreicht, erkl\u00e4rte der Verteidigungsminister. Als Beispiel f\u00fchrte er an:<\/p>\n<blockquote>\n<p><em>&#8220;Auch bei Raketen haben wir nicht von all unserer St\u00e4rke Gebrauch gemacht.&#8221;<\/em><\/p>\n<\/blockquote>\n<p>Nasirsadeh erw\u00e4hnte dabei die Rakete vom Typ Qassem Basir. Dieses Projektil war erst im Mai dem breiten Publikum pr\u00e4sentiert worden. Der Brigadegeneral sagte im Interview, dass diese Rakete noch niemals im Kampf verwendet worden sei, obwohl sie &#8220;einmalige&#8221; Eigenschaften besitze. Es handele sich um die pr\u00e4ziseste Waffe des Landes.<\/p>\n<blockquote>\n<p><em>&#8220;Wenn der Zw\u00f6lf-Tage-Krieg l\u00e4nger gedauert h\u00e4tte, h\u00e4tte der Gegner wom\u00f6glich seine Verteidigungsf\u00e4higkeit verloren und w\u00e4re gezwungen gewesen, um einen Waffenstillstand zu bitten.&#8221;<\/em><\/p>\n<\/blockquote>\n<p>Neben der Rakete vom Typ Qassem Basir z\u00e4hle das Land auf andere moderne Waffen, erkl\u00e4rte der Verteidigungsminister. Das iranische Milit\u00e4r habe sie schon im vergangenen Jahr getestet. Vielleicht habe der Gegner sogar davon mitbekommen. Diese Waffen verf\u00fcgten \u00fcber einen &#8220;sehr fortgeschrittenen mobilen&#8221; Sprengkopf, k\u00f6nnten man\u00f6vrieren und gegnerische Verteidigungssysteme umgehen.<\/p>\n<p><strong>Mehr zum Thema<\/strong>\u00a0\u2013 <a rel=\"nofollow noopener\" target=\"_blank\" href=\"https:\/\/freedert.online\/der-nahe-osten\/254017-nach-krieg-mit-israel-iran\/\">Nach Krieg mit Israel: Iran h\u00e4lt erste Milit\u00e4r\u00fcbungen ab<\/a><\/p>\n<\/p>\n<\/div>\n<p><br \/>\n<br \/><a href=\"https:\/\/de.rt.com\/der-nahe-osten\/254099-im-krieg-gegen-israel-setzte-iran-nicht-all-sein-arsenal-ein\/\">Source link <\/a><\/p>\n","protected":false},"excerpt":{"rendered":"<p>Iran hat nach eigenen Angaben moderne Waffen, die noch nie zum Einsatz gekommen sind. Das Milit\u00e4r habe im Zw\u00f6lf-Tage-Krieg gegen Israel nicht all sein Arsenal verwendet, behauptet Verteidigungsminister Asis Nasirsadeh. Das Land besitze noch viel st\u00e4rkere und pr\u00e4zisere Waffen. Im Gespr\u00e4ch mit der iranischen Nachrichtenagentur SNN hat Verteidigungsminister Asis Nasirsadeh die Kampff\u00e4higkeit seines Landes als [&hellip;]<\/p>\n","protected":false},"author":3,"featured_media":89318,"comment_status":"open","ping_status":"open","sticky":false,"template":"","format":"standard","meta":{"_yoast_indexnow_last_ping":["1755969255"],"wp_automatic_camp":["217"],"d4c308186b47717364106b25cef0dd5b":["Verteidigungsminister Nasirsadeh: Im Krieg gegen Israel setzte Iran nicht all sein Arsenal ein"],"original_link":["https:\/\/de.rt.com\/der-nahe-osten\/254099-im-krieg-gegen-israel-setzte-iran-nicht-all-sein-arsenal-ein\/"],"_thumbnail_id":["89318"],"jnews_social_counter_last_update":["1777617505"],"_wptgpro_p2tg_sent2tg":["a:1:{i:23737;s:19:\"2025-08-23 19:15:17\";}"]},"categories":[19,23],"tags":[4044,357,278,1786,432,130,67220,800,3950,20459,5456],"yoast_head":"<!-- This site is optimized with the Yoast SEO Premium plugin v22.7 (Yoast SEO v22.7) - https:\/\/yoast.com\/wordpress\/plugins\/seo\/ -->\n<title>Verteidigungsminister Nasirsadeh: Im Krieg gegen Israel setzte Iran nicht all sein Arsenal ein - just-now.NEWS Deutschland<\/title>\n<meta name=\"robots\" content=\"index, follow, max-snippet:-1, max-image-preview:large, max-video-preview:-1\" \/>\n<link rel=\"canonical\" href=\"https:\/\/now-news.de\/de\/deutschland\/verteidigungsminister-nasirsadeh-im-krieg-gegen-israel-setzte-iran-nicht-all-sein-arsenal-ein\/\" \/>\n<meta property=\"og:locale\" content=\"de_DE\" \/>\n<meta property=\"og:type\" content=\"article\" \/>\n<meta property=\"og:title\" content=\"Verteidigungsminister Nasirsadeh: Im Krieg gegen Israel setzte Iran nicht all sein Arsenal ein\" \/>\n<meta property=\"og:description\" content=\"Iran hat nach eigenen Angaben moderne Waffen, die noch nie zum Einsatz gekommen sind. Das Milit\u00e4r habe im Zw\u00f6lf-Tage-Krieg gegen Israel nicht all sein Arsenal verwendet, behauptet Verteidigungsminister Asis Nasirsadeh. Das Land besitze noch viel st\u00e4rkere und pr\u00e4zisere Waffen. Im Gespr\u00e4ch mit der iranischen Nachrichtenagentur SNN hat Verteidigungsminister Asis Nasirsadeh die Kampff\u00e4higkeit seines Landes als [&hellip;]\" \/>\n<meta property=\"og:url\" content=\"https:\/\/now-news.de\/de\/deutschland\/verteidigungsminister-nasirsadeh-im-krieg-gegen-israel-setzte-iran-nicht-all-sein-arsenal-ein\/\" \/>\n<meta property=\"og:site_name\" content=\"just-now.NEWS Deutschland\" \/>\n<meta property=\"article:publisher\" content=\"https:\/\/www.facebook.com\/wirmachenauf\" \/>\n<meta property=\"article:published_time\" content=\"2025-08-23T17:00:15+00:00\" \/>\n<meta property=\"og:image\" content=\"https:\/\/now-news.de\/de\/wp-content\/uploads\/sites\/3\/2025\/08\/68a98bdc48fbef4f9a7f6af8.jpg\" \/>\n<meta name=\"author\" content=\"rtnews\" \/>\n<meta name=\"twitter:card\" content=\"summary_large_image\" \/>\n<meta name=\"twitter:creator\" content=\"@WirMachenAuf_de\" \/>\n<meta name=\"twitter:site\" content=\"@WirMachenAuf_de\" \/>\n<meta name=\"twitter:label1\" content=\"Verfasst von\" \/>\n\t<meta name=\"twitter:data1\" content=\"rtnews\" \/>\n\t<meta name=\"twitter:label2\" content=\"Gesch\u00e4tzte Lesezeit\" \/>\n\t<meta name=\"twitter:data2\" content=\"2\u00a0Minuten\" \/>\n<script type=\"application\/ld+json\" class=\"yoast-schema-graph\">{\"@context\":\"https:\/\/schema.org\",\"@graph\":[{\"@type\":\"Article\",\"@id\":\"https:\/\/now-news.de\/de\/deutschland\/verteidigungsminister-nasirsadeh-im-krieg-gegen-israel-setzte-iran-nicht-all-sein-arsenal-ein\/#article\",\"isPartOf\":{\"@id\":\"https:\/\/now-news.de\/de\/deutschland\/verteidigungsminister-nasirsadeh-im-krieg-gegen-israel-setzte-iran-nicht-all-sein-arsenal-ein\/\"},\"author\":{\"name\":\"rtnews\",\"@id\":\"https:\/\/now-news.de\/de\/#\/schema\/person\/fb534a4e865501d8b3285208df34a9b5\"},\"headline\":\"Verteidigungsminister Nasirsadeh: Im Krieg gegen Israel setzte Iran nicht all sein Arsenal ein\",\"datePublished\":\"2025-08-23T17:00:15+00:00\",\"dateModified\":\"2025-08-23T17:00:15+00:00\",\"mainEntityOfPage\":{\"@id\":\"https:\/\/now-news.de\/de\/deutschland\/verteidigungsminister-nasirsadeh-im-krieg-gegen-israel-setzte-iran-nicht-all-sein-arsenal-ein\/\"},\"wordCount\":329,\"commentCount\":0,\"publisher\":{\"@id\":\"https:\/\/now-news.de\/de\/#organization\"},\"image\":{\"@id\":\"https:\/\/now-news.de\/de\/deutschland\/verteidigungsminister-nasirsadeh-im-krieg-gegen-israel-setzte-iran-nicht-all-sein-arsenal-ein\/#primaryimage\"},\"thumbnailUrl\":\"https:\/\/now-news.de\/de\/wp-content\/uploads\/sites\/3\/2025\/08\/Verteidigungsminister-Nasirsadeh-Im-Krieg-gegen-Israel-setzte-Iran-nicht-all.jpg\",\"keywords\":[\"Arsenal\",\"ein\",\"gegen\",\"Iran\",\"Israel\",\"krieg\",\"Nasirsadeh\",\"nicht\",\"sein\",\"setzte\",\"Verteidigungsminister\"],\"articleSection\":[\"Deutschland\",\"Russland\"],\"inLanguage\":\"de\",\"potentialAction\":[{\"@type\":\"CommentAction\",\"name\":\"Comment\",\"target\":[\"https:\/\/now-news.de\/de\/deutschland\/verteidigungsminister-nasirsadeh-im-krieg-gegen-israel-setzte-iran-nicht-all-sein-arsenal-ein\/#respond\"]}]},{\"@type\":\"WebPage\",\"@id\":\"https:\/\/now-news.de\/de\/deutschland\/verteidigungsminister-nasirsadeh-im-krieg-gegen-israel-setzte-iran-nicht-all-sein-arsenal-ein\/\",\"url\":\"https:\/\/now-news.de\/de\/deutschland\/verteidigungsminister-nasirsadeh-im-krieg-gegen-israel-setzte-iran-nicht-all-sein-arsenal-ein\/\",\"name\":\"Verteidigungsminister Nasirsadeh: Im Krieg gegen Israel setzte Iran nicht all sein Arsenal ein - just-now.NEWS Deutschland\",\"isPartOf\":{\"@id\":\"https:\/\/now-news.de\/de\/#website\"},\"primaryImageOfPage\":{\"@id\":\"https:\/\/now-news.de\/de\/deutschland\/verteidigungsminister-nasirsadeh-im-krieg-gegen-israel-setzte-iran-nicht-all-sein-arsenal-ein\/#primaryimage\"},\"image\":{\"@id\":\"https:\/\/now-news.de\/de\/deutschland\/verteidigungsminister-nasirsadeh-im-krieg-gegen-israel-setzte-iran-nicht-all-sein-arsenal-ein\/#primaryimage\"},\"thumbnailUrl\":\"https:\/\/now-news.de\/de\/wp-content\/uploads\/sites\/3\/2025\/08\/Verteidigungsminister-Nasirsadeh-Im-Krieg-gegen-Israel-setzte-Iran-nicht-all.jpg\",\"datePublished\":\"2025-08-23T17:00:15+00:00\",\"dateModified\":\"2025-08-23T17:00:15+00:00\",\"breadcrumb\":{\"@id\":\"https:\/\/now-news.de\/de\/deutschland\/verteidigungsminister-nasirsadeh-im-krieg-gegen-israel-setzte-iran-nicht-all-sein-arsenal-ein\/#breadcrumb\"},\"inLanguage\":\"de\",\"potentialAction\":[{\"@type\":\"ReadAction\",\"target\":[\"https:\/\/now-news.de\/de\/deutschland\/verteidigungsminister-nasirsadeh-im-krieg-gegen-israel-setzte-iran-nicht-all-sein-arsenal-ein\/\"]}]},{\"@type\":\"ImageObject\",\"inLanguage\":\"de\",\"@id\":\"https:\/\/now-news.de\/de\/deutschland\/verteidigungsminister-nasirsadeh-im-krieg-gegen-israel-setzte-iran-nicht-all-sein-arsenal-ein\/#primaryimage\",\"url\":\"https:\/\/now-news.de\/de\/wp-content\/uploads\/sites\/3\/2025\/08\/Verteidigungsminister-Nasirsadeh-Im-Krieg-gegen-Israel-setzte-Iran-nicht-all.jpg\",\"contentUrl\":\"https:\/\/now-news.de\/de\/wp-content\/uploads\/sites\/3\/2025\/08\/Verteidigungsminister-Nasirsadeh-Im-Krieg-gegen-Israel-setzte-Iran-nicht-all.jpg\",\"width\":460,\"height\":259,\"caption\":\"Verteidigungsminister Nasirsadeh: Im Krieg gegen Israel setzte Iran nicht all sein Arsenal ein\"},{\"@type\":\"BreadcrumbList\",\"@id\":\"https:\/\/now-news.de\/de\/deutschland\/verteidigungsminister-nasirsadeh-im-krieg-gegen-israel-setzte-iran-nicht-all-sein-arsenal-ein\/#breadcrumb\",\"itemListElement\":[{\"@type\":\"ListItem\",\"position\":1,\"name\":\"Home\",\"item\":\"https:\/\/now-news.de\/de\/\"},{\"@type\":\"ListItem\",\"position\":2,\"name\":\"Verteidigungsminister Nasirsadeh: Im Krieg gegen Israel setzte Iran nicht all sein Arsenal ein\"}]},{\"@type\":\"WebSite\",\"@id\":\"https:\/\/now-news.de\/de\/#website\",\"url\":\"https:\/\/now-news.de\/de\/\",\"name\":\"just-now.NEWS Deutschland\",\"description\":\"Das Portal f\u00fcr unzensierte Nachrichten aus der Welt\",\"publisher\":{\"@id\":\"https:\/\/now-news.de\/de\/#organization\"},\"potentialAction\":[{\"@type\":\"SearchAction\",\"target\":{\"@type\":\"EntryPoint\",\"urlTemplate\":\"https:\/\/now-news.de\/de\/?s={search_term_string}\"},\"query-input\":\"required name=search_term_string\"}],\"inLanguage\":\"de\"},{\"@type\":\"Organization\",\"@id\":\"https:\/\/now-news.de\/de\/#organization\",\"name\":\"Just Now News\",\"url\":\"https:\/\/now-news.de\/de\/\",\"logo\":{\"@type\":\"ImageObject\",\"inLanguage\":\"de\",\"@id\":\"https:\/\/now-news.de\/de\/#\/schema\/logo\/image\/\",\"url\":\"http:\/\/just-now.news\/de\/wp-content\/uploads\/sites\/3\/2022\/04\/logo500x500.jpg\",\"contentUrl\":\"http:\/\/just-now.news\/de\/wp-content\/uploads\/sites\/3\/2022\/04\/logo500x500.jpg\",\"width\":500,\"height\":500,\"caption\":\"Just Now News\"},\"image\":{\"@id\":\"https:\/\/now-news.de\/de\/#\/schema\/logo\/image\/\"},\"sameAs\":[\"https:\/\/www.facebook.com\/wirmachenauf\",\"https:\/\/x.com\/WirMachenAuf_de\"]},{\"@type\":\"Person\",\"@id\":\"https:\/\/now-news.de\/de\/#\/schema\/person\/fb534a4e865501d8b3285208df34a9b5\",\"name\":\"rtnews\",\"image\":{\"@type\":\"ImageObject\",\"inLanguage\":\"de\",\"@id\":\"https:\/\/now-news.de\/de\/#\/schema\/person\/image\/\",\"url\":\"https:\/\/secure.gravatar.com\/avatar\/82aafea7d8127119dd649515f56e2117?s=96&d=mm&r=g\",\"contentUrl\":\"https:\/\/secure.gravatar.com\/avatar\/82aafea7d8127119dd649515f56e2117?s=96&d=mm&r=g\",\"caption\":\"rtnews\"},\"url\":\"https:\/\/now-news.de\/de\/author\/rnews\/\"}]}<\/script>\n<!-- \/ Yoast SEO Premium plugin. -->","yoast_head_json":{"title":"Verteidigungsminister Nasirsadeh: Im Krieg gegen Israel setzte Iran nicht all sein Arsenal ein - just-now.NEWS Deutschland","robots":{"index":"index","follow":"follow","max-snippet":"max-snippet:-1","max-image-preview":"max-image-preview:large","max-video-preview":"max-video-preview:-1"},"canonical":"https:\/\/now-news.de\/de\/deutschland\/verteidigungsminister-nasirsadeh-im-krieg-gegen-israel-setzte-iran-nicht-all-sein-arsenal-ein\/","og_locale":"de_DE","og_type":"article","og_title":"Verteidigungsminister Nasirsadeh: Im Krieg gegen Israel setzte Iran nicht all sein Arsenal ein","og_description":"Iran hat nach eigenen Angaben moderne Waffen, die noch nie zum Einsatz gekommen sind. Das Milit\u00e4r habe im Zw\u00f6lf-Tage-Krieg gegen Israel nicht all sein Arsenal verwendet, behauptet Verteidigungsminister Asis Nasirsadeh. Das Land besitze noch viel st\u00e4rkere und pr\u00e4zisere Waffen. Im Gespr\u00e4ch mit der iranischen Nachrichtenagentur SNN hat Verteidigungsminister Asis Nasirsadeh die Kampff\u00e4higkeit seines Landes als [&hellip;]","og_url":"https:\/\/now-news.de\/de\/deutschland\/verteidigungsminister-nasirsadeh-im-krieg-gegen-israel-setzte-iran-nicht-all-sein-arsenal-ein\/","og_site_name":"just-now.NEWS Deutschland","article_publisher":"https:\/\/www.facebook.com\/wirmachenauf","article_published_time":"2025-08-23T17:00:15+00:00","og_image":[{"url":"https:\/\/now-news.de\/de\/wp-content\/uploads\/sites\/3\/2025\/08\/68a98bdc48fbef4f9a7f6af8.jpg"}],"author":"rtnews","twitter_card":"summary_large_image","twitter_creator":"@WirMachenAuf_de","twitter_site":"@WirMachenAuf_de","twitter_misc":{"Verfasst von":"rtnews","Gesch\u00e4tzte Lesezeit":"2\u00a0Minuten"},"schema":{"@context":"https:\/\/schema.org","@graph":[{"@type":"Article","@id":"https:\/\/now-news.de\/de\/deutschland\/verteidigungsminister-nasirsadeh-im-krieg-gegen-israel-setzte-iran-nicht-all-sein-arsenal-ein\/#article","isPartOf":{"@id":"https:\/\/now-news.de\/de\/deutschland\/verteidigungsminister-nasirsadeh-im-krieg-gegen-israel-setzte-iran-nicht-all-sein-arsenal-ein\/"},"author":{"name":"rtnews","@id":"https:\/\/now-news.de\/de\/#\/schema\/person\/fb534a4e865501d8b3285208df34a9b5"},"headline":"Verteidigungsminister Nasirsadeh: Im Krieg gegen Israel setzte Iran nicht all sein Arsenal ein","datePublished":"2025-08-23T17:00:15+00:00","dateModified":"2025-08-23T17:00:15+00:00","mainEntityOfPage":{"@id":"https:\/\/now-news.de\/de\/deutschland\/verteidigungsminister-nasirsadeh-im-krieg-gegen-israel-setzte-iran-nicht-all-sein-arsenal-ein\/"},"wordCount":329,"commentCount":0,"publisher":{"@id":"https:\/\/now-news.de\/de\/#organization"},"image":{"@id":"https:\/\/now-news.de\/de\/deutschland\/verteidigungsminister-nasirsadeh-im-krieg-gegen-israel-setzte-iran-nicht-all-sein-arsenal-ein\/#primaryimage"},"thumbnailUrl":"https:\/\/now-news.de\/de\/wp-content\/uploads\/sites\/3\/2025\/08\/Verteidigungsminister-Nasirsadeh-Im-Krieg-gegen-Israel-setzte-Iran-nicht-all.jpg","keywords":["Arsenal","ein","gegen","Iran","Israel","krieg","Nasirsadeh","nicht","sein","setzte","Verteidigungsminister"],"articleSection":["Deutschland","Russland"],"inLanguage":"de","potentialAction":[{"@type":"CommentAction","name":"Comment","target":["https:\/\/now-news.de\/de\/deutschland\/verteidigungsminister-nasirsadeh-im-krieg-gegen-israel-setzte-iran-nicht-all-sein-arsenal-ein\/#respond"]}]},{"@type":"WebPage","@id":"https:\/\/now-news.de\/de\/deutschland\/verteidigungsminister-nasirsadeh-im-krieg-gegen-israel-setzte-iran-nicht-all-sein-arsenal-ein\/","url":"https:\/\/now-news.de\/de\/deutschland\/verteidigungsminister-nasirsadeh-im-krieg-gegen-israel-setzte-iran-nicht-all-sein-arsenal-ein\/","name":"Verteidigungsminister Nasirsadeh: Im Krieg gegen Israel setzte Iran nicht all sein Arsenal ein - just-now.NEWS Deutschland","isPartOf":{"@id":"https:\/\/now-news.de\/de\/#website"},"primaryImageOfPage":{"@id":"https:\/\/now-news.de\/de\/deutschland\/verteidigungsminister-nasirsadeh-im-krieg-gegen-israel-setzte-iran-nicht-all-sein-arsenal-ein\/#primaryimage"},"image":{"@id":"https:\/\/now-news.de\/de\/deutschland\/verteidigungsminister-nasirsadeh-im-krieg-gegen-israel-setzte-iran-nicht-all-sein-arsenal-ein\/#primaryimage"},"thumbnailUrl":"https:\/\/now-news.de\/de\/wp-content\/uploads\/sites\/3\/2025\/08\/Verteidigungsminister-Nasirsadeh-Im-Krieg-gegen-Israel-setzte-Iran-nicht-all.jpg","datePublished":"2025-08-23T17:00:15+00:00","dateModified":"2025-08-23T17:00:15+00:00","breadcrumb":{"@id":"https:\/\/now-news.de\/de\/deutschland\/verteidigungsminister-nasirsadeh-im-krieg-gegen-israel-setzte-iran-nicht-all-sein-arsenal-ein\/#breadcrumb"},"inLanguage":"de","potentialAction":[{"@type":"ReadAction","target":["https:\/\/now-news.de\/de\/deutschland\/verteidigungsminister-nasirsadeh-im-krieg-gegen-israel-setzte-iran-nicht-all-sein-arsenal-ein\/"]}]},{"@type":"ImageObject","inLanguage":"de","@id":"https:\/\/now-news.de\/de\/deutschland\/verteidigungsminister-nasirsadeh-im-krieg-gegen-israel-setzte-iran-nicht-all-sein-arsenal-ein\/#primaryimage","url":"https:\/\/now-news.de\/de\/wp-content\/uploads\/sites\/3\/2025\/08\/Verteidigungsminister-Nasirsadeh-Im-Krieg-gegen-Israel-setzte-Iran-nicht-all.jpg","contentUrl":"https:\/\/now-news.de\/de\/wp-content\/uploads\/sites\/3\/2025\/08\/Verteidigungsminister-Nasirsadeh-Im-Krieg-gegen-Israel-setzte-Iran-nicht-all.jpg","width":460,"height":259,"caption":"Verteidigungsminister Nasirsadeh: Im Krieg gegen Israel setzte Iran nicht all sein Arsenal ein"},{"@type":"BreadcrumbList","@id":"https:\/\/now-news.de\/de\/deutschland\/verteidigungsminister-nasirsadeh-im-krieg-gegen-israel-setzte-iran-nicht-all-sein-arsenal-ein\/#breadcrumb","itemListElement":[{"@type":"ListItem","position":1,"name":"Home","item":"https:\/\/now-news.de\/de\/"},{"@type":"ListItem","position":2,"name":"Verteidigungsminister Nasirsadeh: Im Krieg gegen Israel setzte Iran nicht all sein Arsenal ein"}]},{"@type":"WebSite","@id":"https:\/\/now-news.de\/de\/#website","url":"https:\/\/now-news.de\/de\/","name":"just-now.NEWS Deutschland","description":"Das Portal f\u00fcr unzensierte Nachrichten aus der Welt","publisher":{"@id":"https:\/\/now-news.de\/de\/#organization"},"potentialAction":[{"@type":"SearchAction","target":{"@type":"EntryPoint","urlTemplate":"https:\/\/now-news.de\/de\/?s={search_term_string}"},"query-input":"required name=search_term_string"}],"inLanguage":"de"},{"@type":"Organization","@id":"https:\/\/now-news.de\/de\/#organization","name":"Just Now News","url":"https:\/\/now-news.de\/de\/","logo":{"@type":"ImageObject","inLanguage":"de","@id":"https:\/\/now-news.de\/de\/#\/schema\/logo\/image\/","url":"http:\/\/just-now.news\/de\/wp-content\/uploads\/sites\/3\/2022\/04\/logo500x500.jpg","contentUrl":"http:\/\/just-now.news\/de\/wp-content\/uploads\/sites\/3\/2022\/04\/logo500x500.jpg","width":500,"height":500,"caption":"Just Now News"},"image":{"@id":"https:\/\/now-news.de\/de\/#\/schema\/logo\/image\/"},"sameAs":["https:\/\/www.facebook.com\/wirmachenauf","https:\/\/x.com\/WirMachenAuf_de"]},{"@type":"Person","@id":"https:\/\/now-news.de\/de\/#\/schema\/person\/fb534a4e865501d8b3285208df34a9b5","name":"rtnews","image":{"@type":"ImageObject","inLanguage":"de","@id":"https:\/\/now-news.de\/de\/#\/schema\/person\/image\/","url":"https:\/\/secure.gravatar.com\/avatar\/82aafea7d8127119dd649515f56e2117?s=96&d=mm&r=g","contentUrl":"https:\/\/secure.gravatar.com\/avatar\/82aafea7d8127119dd649515f56e2117?s=96&d=mm&r=g","caption":"rtnews"},"url":"https:\/\/now-news.de\/de\/author\/rnews\/"}]}},"_links":{"self":[{"href":"https:\/\/now-news.de\/de\/wp-json\/wp\/v2\/posts\/89317"}],"collection":[{"href":"https:\/\/now-news.de\/de\/wp-json\/wp\/v2\/posts"}],"about":[{"href":"https:\/\/now-news.de\/de\/wp-json\/wp\/v2\/types\/post"}],"author":[{"embeddable":true,"href":"https:\/\/now-news.de\/de\/wp-json\/wp\/v2\/users\/3"}],"replies":[{"embeddable":true,"href":"https:\/\/now-news.de\/de\/wp-json\/wp\/v2\/comments?post=89317"}],"version-history":[{"count":0,"href":"https:\/\/now-news.de\/de\/wp-json\/wp\/v2\/posts\/89317\/revisions"}],"wp:featuredmedia":[{"embeddable":true,"href":"https:\/\/now-news.de\/de\/wp-json\/wp\/v2\/media\/89318"}],"wp:attachment":[{"href":"https:\/\/now-news.de\/de\/wp-json\/wp\/v2\/media?parent=89317"}],"wp:term":[{"taxonomy":"category","embeddable":true,"href":"https:\/\/now-news.de\/de\/wp-json\/wp\/v2\/categories?post=89317"},{"taxonomy":"post_tag","embeddable":true,"href":"https:\/\/now-news.de\/de\/wp-json\/wp\/v2\/tags?post=89317"}],"curies":[{"name":"wp","href":"https:\/\/api.w.org\/{rel}","templated":true}]}}