{"id":89301,"date":"2025-08-23T13:51:30","date_gmt":"2025-08-23T11:51:30","guid":{"rendered":"https:\/\/now-news.de\/de\/deutschland\/wird-putin-zur-wm-2026-in-die-usa-eingeladen-trump-wirbt-mit-alaska-foto-dafuer\/"},"modified":"2025-08-23T13:51:30","modified_gmt":"2025-08-23T11:51:30","slug":"wird-putin-zur-wm-2026-in-die-usa-eingeladen-trump-wirbt-mit-alaska-foto-dafuer","status":"publish","type":"post","link":"https:\/\/now-news.de\/de\/deutschland\/wird-putin-zur-wm-2026-in-die-usa-eingeladen-trump-wirbt-mit-alaska-foto-dafuer\/","title":{"rendered":"Wird Putin zur WM 2026 in die USA eingeladen? Trump wirbt mit Alaska-Foto daf\u00fcr"},"content":{"rendered":"<p><img decoding=\"async\" src=\"https:\/\/now-news.de\/de\/wp-content\/uploads\/sites\/3\/2025\/08\/68a98bf1b480cc3aa41e9d91.jpg\" \/><\/p>\n<div class=\"Text-root Text-type_1 \">\n                Bei einem Presse-Termin mit FIFA-Chef Gianni Infantino sorgte US-Pr\u00e4sident Donald Trump f\u00fcr Aufsehen: Er holte das gemeinsame Foto mit Wladimir Putin hervor und deutete an, dass er ihn im kommenden Sommer zur WM in die USA gerne einladen w\u00fcrde.\n            <\/div>\n<p><\/p>\n<div class=\"Text-root Text-type_5 ArticleView-text ViewText-root \">\n<p>US-Pr\u00e4sident Donald Trump hat angedeutet, den russischen Pr\u00e4sidenten Wladimir Putin zur Fu\u00dfball-Weltmeisterschaft im n\u00e4chsten Jahr in die USA einzuladen. Seine Erkl\u00e4rung wurde live aus dem Wei\u00dfen Haus \u00fcbertragen, als Zeit und Ort der WM-Auslosung bekanntgegeben wurden.<\/p>\n<p>Im Laufe der Veranstaltung im Oval Office sorgte Donald Trump f\u00fcr eine <a rel=\"nofollow noopener\" target=\"_blank\" href=\"https:\/\/youtu.be\/aPDBYWh8_pk?t=1534\">besondere Szene<\/a>. Pausen zwischen den Statements nutzend, suchte er in den Schubladen seines Schreibtisches nach etwas und holte ein Bild in einem gr\u00f6\u00dferen Format hervor. Dann zeigte er es und sagte:<\/p>\n<blockquote>\n<p><em>&#8220;Ich habe gerade ein Foto von jemandem erhalten, der unbedingt dabei sein m\u00f6chte. Er hat mir und unserem Land gegen\u00fcber gro\u00dfen Respekt gezeigt, anderen gegen\u00fcber jedoch weniger, aber ich werde das f\u00fcr ihn signieren. Ich habe das Foto bekommen und dachte, Sie w\u00fcrden es gerne sehen.&#8221;<\/em><\/p>\n<\/blockquote>\n<p>Weiter f\u00fchrte Trump aus:\u00a0<\/p>\n<blockquote>\n<p><em>&#8220;Das ist der Mann namens Wladimir Putin, der meiner Meinung nach [zur Fu\u00dfball-WM] kommen wird, je nachdem, was passiert. Er kommt vielleicht, vielleicht auch nicht. Das h\u00e4ngt davon ab, was passiert. In den n\u00e4chsten Wochen stehen viele Dinge an. Aber ich finde, es ist ein sch\u00f6nes Bild von ihm. In Ordnung von mir \u2013 aber nett von ihm. Es war sehr nett, dass er es mir geschickt hat.&#8221;<\/em><\/p>\n<\/blockquote>\n<p>Die Foto-Szene war offensichtlich vorher geplant. Sie sollte aus der Sicht des US-Pr\u00e4sidenten zum Schwerpunkt der politischen Veranstaltung werden. Reaktionen in der Presse best\u00e4tigen dies.<\/p>\n<p>Anschlie\u00dfend\u00a0beantwortete Trump die Fragen der Journalisten. Er teilte mit, in den n\u00e4chsten Wochen w\u00fcrde er sehen, wie die Haltung Russlands und der Ukraine zur Beilegung des Konflikts zu verstehen sei. Daraufhin versprach er, eine &#8220;sehr wichtige Entscheidung&#8221; zu treffen. Je nach Entwicklung der Ereignisse werde er entweder Sanktionen verh\u00e4ngen oder nicht: &#8220;Ich werde sagen: Das ist euer Krieg.&#8221; Auch schloss der US-Pr\u00e4sident die Option nicht aus, \u00fcberhaupt nichts zu unternehmen und die Ukraine mit Russland &#8220;allein&#8221; zu lassen. Diese \u00c4u\u00dferung k\u00f6nnte wohl die wichtigste politische Botschaft dieses Pressetermins sein.\u00a0<\/p>\n<p>Die deutschen Medien merkten an, dass FIFA-Chef Giovanni Infantino w\u00e4hrend der Szene mit Putins Bild irritiert wirkte. Zuvor hatte Trump von ihm ein \u00fcbergro\u00dfes Ticket f\u00fcr das Finale geschenkt bekommen. Auch brachte er den WM-Pokal f\u00fcr die \u00dcbergabe an die Gastgeber mit. M\u00f6glicherweise dachte er dabei, wie politisch aufgeladen die Weltmeisterschaft 2026 mit Putins Einladung sein k\u00f6nnte.\u00a0<\/p>\n<p>Dass Putin tats\u00e4chlich auf den Trib\u00fcnen in den USA zu einem der Spiele erscheinen wird, ist allerdings \u00e4u\u00dferst unwahrscheinlich. Das liegt unter anderem daran, dass die russische Nationalmannschaft wegen antirussischer Hetze bis auf weiteres von allen FIFA-Turnieren ausgeschlossen wird.<\/p>\n<p>Es ist nicht das erste Mal, dass Trump eine zweiw\u00f6chige Frist f\u00fcr eine Entscheidung \u00fcber die Einigung im Ukraine-Konflikt gesetzt hat. Nach seinem Treffen mit Putin in Alaska, dem ukrainischen De-Facto-Pr\u00e4sidenten\u00a0Wladimir Selenskij und europ\u00e4ischen Kollegen sollten seiner Meinung nach die Verhandlungen zwischen dem russischen und dem ukrainischen Pr\u00e4sidenten die n\u00e4chste Phase sein.<\/p>\n<p>Weder Datum noch Ort des Treffens stehen bislang fest. Dass dieses \u00fcberhaupt bald stattfinden k\u00f6nnte, ist unwahrscheinlich.\u00a0Au\u00dfenminister Sergej Lawrow erkl\u00e4rte, solche Kontakte seien nicht geplant, und deutete zudem an, dass das Treffen eine &#8220;Pr\u00e4sidentenagenda&#8221; erfordere, die es aber nicht gebe.<\/p>\n<p>Auch Trump zeigt sich skeptisch. &#8220;Viele Leute glauben, dass aus diesem Treffen nichts werden wird&#8221;, sagte er. Zuvor hatte er angedeutet, dass Einzelgespr\u00e4che zwischen Putin und Selenskij besser seien als trilaterale.<\/p>\n<p><strong>Mehr zum Thema<\/strong>\u00a0\u2013 <a rel=\"nofollow noopener\" target=\"_blank\" href=\"https:\/\/freedert.online\/international\/253978-wir-werden-selenskij-bald-vermissen\/\">Wir werden Selenskij bald vermissen: Schlechte Nachrichten k\u00fcndigen sich an<\/a><\/p>\n<div class=\"EmbedBlock-root EmbedBlock-externalVideo EmbedBlock-vk\">\n<div class=\"VkEmbed\"><iframe class=\"lazyload\" data-src=\"https:\/\/vk.com\/video_ext.php?oid=-134310637&amp;id=456286725\" frameborder=\"0\" width=\"853\" height=\"480\" allowfullscreen><\/iframe><\/div>\n<\/div>\n<\/div>\n<p><br \/>\n<br \/><a href=\"https:\/\/de.rt.com\/international\/254098-wird-putin-zur-wm-2026-die-usa-eingeladen-trump-wirbt-mit-einem-alaska-foto-dafuer\/\">Source link <\/a><\/p>\n","protected":false},"excerpt":{"rendered":"<p>Bei einem Presse-Termin mit FIFA-Chef Gianni Infantino sorgte US-Pr\u00e4sident Donald Trump f\u00fcr Aufsehen: Er holte das gemeinsame Foto mit Wladimir Putin hervor und deutete an, dass er ihn im kommenden Sommer zur WM in die USA gerne einladen w\u00fcrde. US-Pr\u00e4sident Donald Trump hat angedeutet, den russischen Pr\u00e4sidenten Wladimir Putin zur Fu\u00dfball-Weltmeisterschaft im n\u00e4chsten Jahr in [&hellip;]<\/p>\n","protected":false},"author":3,"featured_media":89302,"comment_status":"open","ping_status":"open","sticky":false,"template":"","format":"standard","meta":{"_yoast_indexnow_last_ping":["1755950053"],"wp_automatic_camp":["217"],"4f48bcdc202d14c3e6c64a867d55b618":["Wird Putin zur WM 2026 in die USA eingeladen? Trump wirbt mit Alaska-Foto daf\u00fcr"],"original_link":["https:\/\/de.rt.com\/international\/254098-wird-putin-zur-wm-2026-die-usa-eingeladen-trump-wirbt-mit-einem-alaska-foto-dafuer\/"],"_thumbnail_id":["89302"],"jnews_social_counter_last_update":["1777193771"],"_wptgpro_p2tg_sent2tg":["a:1:{i:23737;s:19:\"2025-08-23 13:55:16\";}"]},"categories":[19,23],"tags":[67212,18043,45,23156,419,125,1639,193,19126,374,581],"yoast_head":"<!-- This site is optimized with the Yoast SEO Premium plugin v22.7 (Yoast SEO v22.7) - https:\/\/yoast.com\/wordpress\/plugins\/seo\/ -->\n<title>Wird Putin zur WM 2026 in die USA eingeladen? Trump wirbt mit Alaska-Foto daf\u00fcr - just-now.NEWS Deutschland<\/title>\n<meta name=\"robots\" content=\"index, follow, max-snippet:-1, max-image-preview:large, max-video-preview:-1\" \/>\n<link rel=\"canonical\" href=\"https:\/\/now-news.de\/de\/deutschland\/wird-putin-zur-wm-2026-in-die-usa-eingeladen-trump-wirbt-mit-alaska-foto-dafuer\/\" \/>\n<meta property=\"og:locale\" content=\"de_DE\" \/>\n<meta property=\"og:type\" content=\"article\" \/>\n<meta property=\"og:title\" content=\"Wird Putin zur WM 2026 in die USA eingeladen? Trump wirbt mit Alaska-Foto daf\u00fcr\" \/>\n<meta property=\"og:description\" content=\"Bei einem Presse-Termin mit FIFA-Chef Gianni Infantino sorgte US-Pr\u00e4sident Donald Trump f\u00fcr Aufsehen: Er holte das gemeinsame Foto mit Wladimir Putin hervor und deutete an, dass er ihn im kommenden Sommer zur WM in die USA gerne einladen w\u00fcrde. US-Pr\u00e4sident Donald Trump hat angedeutet, den russischen Pr\u00e4sidenten Wladimir Putin zur Fu\u00dfball-Weltmeisterschaft im n\u00e4chsten Jahr in [&hellip;]\" \/>\n<meta property=\"og:url\" content=\"https:\/\/now-news.de\/de\/deutschland\/wird-putin-zur-wm-2026-in-die-usa-eingeladen-trump-wirbt-mit-alaska-foto-dafuer\/\" \/>\n<meta property=\"og:site_name\" content=\"just-now.NEWS Deutschland\" \/>\n<meta property=\"article:publisher\" content=\"https:\/\/www.facebook.com\/wirmachenauf\" \/>\n<meta property=\"article:published_time\" content=\"2025-08-23T11:51:30+00:00\" \/>\n<meta property=\"og:image\" content=\"https:\/\/now-news.de\/de\/wp-content\/uploads\/sites\/3\/2025\/08\/68a98bf1b480cc3aa41e9d91.jpg\" \/>\n<meta name=\"author\" content=\"rtnews\" \/>\n<meta name=\"twitter:card\" content=\"summary_large_image\" \/>\n<meta name=\"twitter:creator\" content=\"@WirMachenAuf_de\" \/>\n<meta name=\"twitter:site\" content=\"@WirMachenAuf_de\" \/>\n<meta name=\"twitter:label1\" content=\"Verfasst von\" \/>\n\t<meta name=\"twitter:data1\" content=\"rtnews\" \/>\n\t<meta name=\"twitter:label2\" content=\"Gesch\u00e4tzte Lesezeit\" \/>\n\t<meta name=\"twitter:data2\" content=\"3\u00a0Minuten\" \/>\n<script type=\"application\/ld+json\" class=\"yoast-schema-graph\">{\"@context\":\"https:\/\/schema.org\",\"@graph\":[{\"@type\":\"Article\",\"@id\":\"https:\/\/now-news.de\/de\/deutschland\/wird-putin-zur-wm-2026-in-die-usa-eingeladen-trump-wirbt-mit-alaska-foto-dafuer\/#article\",\"isPartOf\":{\"@id\":\"https:\/\/now-news.de\/de\/deutschland\/wird-putin-zur-wm-2026-in-die-usa-eingeladen-trump-wirbt-mit-alaska-foto-dafuer\/\"},\"author\":{\"name\":\"rtnews\",\"@id\":\"https:\/\/now-news.de\/de\/#\/schema\/person\/fb534a4e865501d8b3285208df34a9b5\"},\"headline\":\"Wird Putin zur WM 2026 in die USA eingeladen? Trump wirbt mit Alaska-Foto daf\u00fcr\",\"datePublished\":\"2025-08-23T11:51:30+00:00\",\"dateModified\":\"2025-08-23T11:51:30+00:00\",\"mainEntityOfPage\":{\"@id\":\"https:\/\/now-news.de\/de\/deutschland\/wird-putin-zur-wm-2026-in-die-usa-eingeladen-trump-wirbt-mit-alaska-foto-dafuer\/\"},\"wordCount\":652,\"commentCount\":0,\"publisher\":{\"@id\":\"https:\/\/now-news.de\/de\/#organization\"},\"image\":{\"@id\":\"https:\/\/now-news.de\/de\/deutschland\/wird-putin-zur-wm-2026-in-die-usa-eingeladen-trump-wirbt-mit-alaska-foto-dafuer\/#primaryimage\"},\"thumbnailUrl\":\"https:\/\/now-news.de\/de\/wp-content\/uploads\/sites\/3\/2025\/08\/Wird-Putin-zur-WM-2026-in-die-USA-eingeladen-Trump.jpg\",\"keywords\":[\"AlaskaFoto\",\"daf\u00fcr\",\"die\",\"eingeladen\",\"mit\",\"putin\",\"trump\",\"USA\",\"wirbt\",\"wird\",\"zur\"],\"articleSection\":[\"Deutschland\",\"Russland\"],\"inLanguage\":\"de\",\"potentialAction\":[{\"@type\":\"CommentAction\",\"name\":\"Comment\",\"target\":[\"https:\/\/now-news.de\/de\/deutschland\/wird-putin-zur-wm-2026-in-die-usa-eingeladen-trump-wirbt-mit-alaska-foto-dafuer\/#respond\"]}]},{\"@type\":\"WebPage\",\"@id\":\"https:\/\/now-news.de\/de\/deutschland\/wird-putin-zur-wm-2026-in-die-usa-eingeladen-trump-wirbt-mit-alaska-foto-dafuer\/\",\"url\":\"https:\/\/now-news.de\/de\/deutschland\/wird-putin-zur-wm-2026-in-die-usa-eingeladen-trump-wirbt-mit-alaska-foto-dafuer\/\",\"name\":\"Wird Putin zur WM 2026 in die USA eingeladen? Trump wirbt mit Alaska-Foto daf\u00fcr - just-now.NEWS Deutschland\",\"isPartOf\":{\"@id\":\"https:\/\/now-news.de\/de\/#website\"},\"primaryImageOfPage\":{\"@id\":\"https:\/\/now-news.de\/de\/deutschland\/wird-putin-zur-wm-2026-in-die-usa-eingeladen-trump-wirbt-mit-alaska-foto-dafuer\/#primaryimage\"},\"image\":{\"@id\":\"https:\/\/now-news.de\/de\/deutschland\/wird-putin-zur-wm-2026-in-die-usa-eingeladen-trump-wirbt-mit-alaska-foto-dafuer\/#primaryimage\"},\"thumbnailUrl\":\"https:\/\/now-news.de\/de\/wp-content\/uploads\/sites\/3\/2025\/08\/Wird-Putin-zur-WM-2026-in-die-USA-eingeladen-Trump.jpg\",\"datePublished\":\"2025-08-23T11:51:30+00:00\",\"dateModified\":\"2025-08-23T11:51:30+00:00\",\"breadcrumb\":{\"@id\":\"https:\/\/now-news.de\/de\/deutschland\/wird-putin-zur-wm-2026-in-die-usa-eingeladen-trump-wirbt-mit-alaska-foto-dafuer\/#breadcrumb\"},\"inLanguage\":\"de\",\"potentialAction\":[{\"@type\":\"ReadAction\",\"target\":[\"https:\/\/now-news.de\/de\/deutschland\/wird-putin-zur-wm-2026-in-die-usa-eingeladen-trump-wirbt-mit-alaska-foto-dafuer\/\"]}]},{\"@type\":\"ImageObject\",\"inLanguage\":\"de\",\"@id\":\"https:\/\/now-news.de\/de\/deutschland\/wird-putin-zur-wm-2026-in-die-usa-eingeladen-trump-wirbt-mit-alaska-foto-dafuer\/#primaryimage\",\"url\":\"https:\/\/now-news.de\/de\/wp-content\/uploads\/sites\/3\/2025\/08\/Wird-Putin-zur-WM-2026-in-die-USA-eingeladen-Trump.jpg\",\"contentUrl\":\"https:\/\/now-news.de\/de\/wp-content\/uploads\/sites\/3\/2025\/08\/Wird-Putin-zur-WM-2026-in-die-USA-eingeladen-Trump.jpg\",\"width\":460,\"height\":259,\"caption\":\"Wird Putin zur WM 2026 in die USA eingeladen? Trump wirbt mit Alaska-Foto daf\u00fcr\"},{\"@type\":\"BreadcrumbList\",\"@id\":\"https:\/\/now-news.de\/de\/deutschland\/wird-putin-zur-wm-2026-in-die-usa-eingeladen-trump-wirbt-mit-alaska-foto-dafuer\/#breadcrumb\",\"itemListElement\":[{\"@type\":\"ListItem\",\"position\":1,\"name\":\"Home\",\"item\":\"https:\/\/now-news.de\/de\/\"},{\"@type\":\"ListItem\",\"position\":2,\"name\":\"Wird Putin zur WM 2026 in die USA eingeladen? Trump wirbt mit Alaska-Foto daf\u00fcr\"}]},{\"@type\":\"WebSite\",\"@id\":\"https:\/\/now-news.de\/de\/#website\",\"url\":\"https:\/\/now-news.de\/de\/\",\"name\":\"just-now.NEWS Deutschland\",\"description\":\"Das Portal f\u00fcr unzensierte Nachrichten aus der Welt\",\"publisher\":{\"@id\":\"https:\/\/now-news.de\/de\/#organization\"},\"potentialAction\":[{\"@type\":\"SearchAction\",\"target\":{\"@type\":\"EntryPoint\",\"urlTemplate\":\"https:\/\/now-news.de\/de\/?s={search_term_string}\"},\"query-input\":\"required name=search_term_string\"}],\"inLanguage\":\"de\"},{\"@type\":\"Organization\",\"@id\":\"https:\/\/now-news.de\/de\/#organization\",\"name\":\"Just Now News\",\"url\":\"https:\/\/now-news.de\/de\/\",\"logo\":{\"@type\":\"ImageObject\",\"inLanguage\":\"de\",\"@id\":\"https:\/\/now-news.de\/de\/#\/schema\/logo\/image\/\",\"url\":\"http:\/\/just-now.news\/de\/wp-content\/uploads\/sites\/3\/2022\/04\/logo500x500.jpg\",\"contentUrl\":\"http:\/\/just-now.news\/de\/wp-content\/uploads\/sites\/3\/2022\/04\/logo500x500.jpg\",\"width\":500,\"height\":500,\"caption\":\"Just Now News\"},\"image\":{\"@id\":\"https:\/\/now-news.de\/de\/#\/schema\/logo\/image\/\"},\"sameAs\":[\"https:\/\/www.facebook.com\/wirmachenauf\",\"https:\/\/x.com\/WirMachenAuf_de\"]},{\"@type\":\"Person\",\"@id\":\"https:\/\/now-news.de\/de\/#\/schema\/person\/fb534a4e865501d8b3285208df34a9b5\",\"name\":\"rtnews\",\"image\":{\"@type\":\"ImageObject\",\"inLanguage\":\"de\",\"@id\":\"https:\/\/now-news.de\/de\/#\/schema\/person\/image\/\",\"url\":\"https:\/\/secure.gravatar.com\/avatar\/82aafea7d8127119dd649515f56e2117?s=96&d=mm&r=g\",\"contentUrl\":\"https:\/\/secure.gravatar.com\/avatar\/82aafea7d8127119dd649515f56e2117?s=96&d=mm&r=g\",\"caption\":\"rtnews\"},\"url\":\"https:\/\/now-news.de\/de\/author\/rnews\/\"}]}<\/script>\n<!-- \/ Yoast SEO Premium plugin. -->","yoast_head_json":{"title":"Wird Putin zur WM 2026 in die USA eingeladen? Trump wirbt mit Alaska-Foto daf\u00fcr - just-now.NEWS Deutschland","robots":{"index":"index","follow":"follow","max-snippet":"max-snippet:-1","max-image-preview":"max-image-preview:large","max-video-preview":"max-video-preview:-1"},"canonical":"https:\/\/now-news.de\/de\/deutschland\/wird-putin-zur-wm-2026-in-die-usa-eingeladen-trump-wirbt-mit-alaska-foto-dafuer\/","og_locale":"de_DE","og_type":"article","og_title":"Wird Putin zur WM 2026 in die USA eingeladen? Trump wirbt mit Alaska-Foto daf\u00fcr","og_description":"Bei einem Presse-Termin mit FIFA-Chef Gianni Infantino sorgte US-Pr\u00e4sident Donald Trump f\u00fcr Aufsehen: Er holte das gemeinsame Foto mit Wladimir Putin hervor und deutete an, dass er ihn im kommenden Sommer zur WM in die USA gerne einladen w\u00fcrde. US-Pr\u00e4sident Donald Trump hat angedeutet, den russischen Pr\u00e4sidenten Wladimir Putin zur Fu\u00dfball-Weltmeisterschaft im n\u00e4chsten Jahr in [&hellip;]","og_url":"https:\/\/now-news.de\/de\/deutschland\/wird-putin-zur-wm-2026-in-die-usa-eingeladen-trump-wirbt-mit-alaska-foto-dafuer\/","og_site_name":"just-now.NEWS Deutschland","article_publisher":"https:\/\/www.facebook.com\/wirmachenauf","article_published_time":"2025-08-23T11:51:30+00:00","og_image":[{"url":"https:\/\/now-news.de\/de\/wp-content\/uploads\/sites\/3\/2025\/08\/68a98bf1b480cc3aa41e9d91.jpg"}],"author":"rtnews","twitter_card":"summary_large_image","twitter_creator":"@WirMachenAuf_de","twitter_site":"@WirMachenAuf_de","twitter_misc":{"Verfasst von":"rtnews","Gesch\u00e4tzte Lesezeit":"3\u00a0Minuten"},"schema":{"@context":"https:\/\/schema.org","@graph":[{"@type":"Article","@id":"https:\/\/now-news.de\/de\/deutschland\/wird-putin-zur-wm-2026-in-die-usa-eingeladen-trump-wirbt-mit-alaska-foto-dafuer\/#article","isPartOf":{"@id":"https:\/\/now-news.de\/de\/deutschland\/wird-putin-zur-wm-2026-in-die-usa-eingeladen-trump-wirbt-mit-alaska-foto-dafuer\/"},"author":{"name":"rtnews","@id":"https:\/\/now-news.de\/de\/#\/schema\/person\/fb534a4e865501d8b3285208df34a9b5"},"headline":"Wird Putin zur WM 2026 in die USA eingeladen? Trump wirbt mit Alaska-Foto daf\u00fcr","datePublished":"2025-08-23T11:51:30+00:00","dateModified":"2025-08-23T11:51:30+00:00","mainEntityOfPage":{"@id":"https:\/\/now-news.de\/de\/deutschland\/wird-putin-zur-wm-2026-in-die-usa-eingeladen-trump-wirbt-mit-alaska-foto-dafuer\/"},"wordCount":652,"commentCount":0,"publisher":{"@id":"https:\/\/now-news.de\/de\/#organization"},"image":{"@id":"https:\/\/now-news.de\/de\/deutschland\/wird-putin-zur-wm-2026-in-die-usa-eingeladen-trump-wirbt-mit-alaska-foto-dafuer\/#primaryimage"},"thumbnailUrl":"https:\/\/now-news.de\/de\/wp-content\/uploads\/sites\/3\/2025\/08\/Wird-Putin-zur-WM-2026-in-die-USA-eingeladen-Trump.jpg","keywords":["AlaskaFoto","daf\u00fcr","die","eingeladen","mit","putin","trump","USA","wirbt","wird","zur"],"articleSection":["Deutschland","Russland"],"inLanguage":"de","potentialAction":[{"@type":"CommentAction","name":"Comment","target":["https:\/\/now-news.de\/de\/deutschland\/wird-putin-zur-wm-2026-in-die-usa-eingeladen-trump-wirbt-mit-alaska-foto-dafuer\/#respond"]}]},{"@type":"WebPage","@id":"https:\/\/now-news.de\/de\/deutschland\/wird-putin-zur-wm-2026-in-die-usa-eingeladen-trump-wirbt-mit-alaska-foto-dafuer\/","url":"https:\/\/now-news.de\/de\/deutschland\/wird-putin-zur-wm-2026-in-die-usa-eingeladen-trump-wirbt-mit-alaska-foto-dafuer\/","name":"Wird Putin zur WM 2026 in die USA eingeladen? Trump wirbt mit Alaska-Foto daf\u00fcr - just-now.NEWS Deutschland","isPartOf":{"@id":"https:\/\/now-news.de\/de\/#website"},"primaryImageOfPage":{"@id":"https:\/\/now-news.de\/de\/deutschland\/wird-putin-zur-wm-2026-in-die-usa-eingeladen-trump-wirbt-mit-alaska-foto-dafuer\/#primaryimage"},"image":{"@id":"https:\/\/now-news.de\/de\/deutschland\/wird-putin-zur-wm-2026-in-die-usa-eingeladen-trump-wirbt-mit-alaska-foto-dafuer\/#primaryimage"},"thumbnailUrl":"https:\/\/now-news.de\/de\/wp-content\/uploads\/sites\/3\/2025\/08\/Wird-Putin-zur-WM-2026-in-die-USA-eingeladen-Trump.jpg","datePublished":"2025-08-23T11:51:30+00:00","dateModified":"2025-08-23T11:51:30+00:00","breadcrumb":{"@id":"https:\/\/now-news.de\/de\/deutschland\/wird-putin-zur-wm-2026-in-die-usa-eingeladen-trump-wirbt-mit-alaska-foto-dafuer\/#breadcrumb"},"inLanguage":"de","potentialAction":[{"@type":"ReadAction","target":["https:\/\/now-news.de\/de\/deutschland\/wird-putin-zur-wm-2026-in-die-usa-eingeladen-trump-wirbt-mit-alaska-foto-dafuer\/"]}]},{"@type":"ImageObject","inLanguage":"de","@id":"https:\/\/now-news.de\/de\/deutschland\/wird-putin-zur-wm-2026-in-die-usa-eingeladen-trump-wirbt-mit-alaska-foto-dafuer\/#primaryimage","url":"https:\/\/now-news.de\/de\/wp-content\/uploads\/sites\/3\/2025\/08\/Wird-Putin-zur-WM-2026-in-die-USA-eingeladen-Trump.jpg","contentUrl":"https:\/\/now-news.de\/de\/wp-content\/uploads\/sites\/3\/2025\/08\/Wird-Putin-zur-WM-2026-in-die-USA-eingeladen-Trump.jpg","width":460,"height":259,"caption":"Wird Putin zur WM 2026 in die USA eingeladen? Trump wirbt mit Alaska-Foto daf\u00fcr"},{"@type":"BreadcrumbList","@id":"https:\/\/now-news.de\/de\/deutschland\/wird-putin-zur-wm-2026-in-die-usa-eingeladen-trump-wirbt-mit-alaska-foto-dafuer\/#breadcrumb","itemListElement":[{"@type":"ListItem","position":1,"name":"Home","item":"https:\/\/now-news.de\/de\/"},{"@type":"ListItem","position":2,"name":"Wird Putin zur WM 2026 in die USA eingeladen? Trump wirbt mit Alaska-Foto daf\u00fcr"}]},{"@type":"WebSite","@id":"https:\/\/now-news.de\/de\/#website","url":"https:\/\/now-news.de\/de\/","name":"just-now.NEWS Deutschland","description":"Das Portal f\u00fcr unzensierte Nachrichten aus der Welt","publisher":{"@id":"https:\/\/now-news.de\/de\/#organization"},"potentialAction":[{"@type":"SearchAction","target":{"@type":"EntryPoint","urlTemplate":"https:\/\/now-news.de\/de\/?s={search_term_string}"},"query-input":"required name=search_term_string"}],"inLanguage":"de"},{"@type":"Organization","@id":"https:\/\/now-news.de\/de\/#organization","name":"Just Now News","url":"https:\/\/now-news.de\/de\/","logo":{"@type":"ImageObject","inLanguage":"de","@id":"https:\/\/now-news.de\/de\/#\/schema\/logo\/image\/","url":"http:\/\/just-now.news\/de\/wp-content\/uploads\/sites\/3\/2022\/04\/logo500x500.jpg","contentUrl":"http:\/\/just-now.news\/de\/wp-content\/uploads\/sites\/3\/2022\/04\/logo500x500.jpg","width":500,"height":500,"caption":"Just Now News"},"image":{"@id":"https:\/\/now-news.de\/de\/#\/schema\/logo\/image\/"},"sameAs":["https:\/\/www.facebook.com\/wirmachenauf","https:\/\/x.com\/WirMachenAuf_de"]},{"@type":"Person","@id":"https:\/\/now-news.de\/de\/#\/schema\/person\/fb534a4e865501d8b3285208df34a9b5","name":"rtnews","image":{"@type":"ImageObject","inLanguage":"de","@id":"https:\/\/now-news.de\/de\/#\/schema\/person\/image\/","url":"https:\/\/secure.gravatar.com\/avatar\/82aafea7d8127119dd649515f56e2117?s=96&d=mm&r=g","contentUrl":"https:\/\/secure.gravatar.com\/avatar\/82aafea7d8127119dd649515f56e2117?s=96&d=mm&r=g","caption":"rtnews"},"url":"https:\/\/now-news.de\/de\/author\/rnews\/"}]}},"_links":{"self":[{"href":"https:\/\/now-news.de\/de\/wp-json\/wp\/v2\/posts\/89301"}],"collection":[{"href":"https:\/\/now-news.de\/de\/wp-json\/wp\/v2\/posts"}],"about":[{"href":"https:\/\/now-news.de\/de\/wp-json\/wp\/v2\/types\/post"}],"author":[{"embeddable":true,"href":"https:\/\/now-news.de\/de\/wp-json\/wp\/v2\/users\/3"}],"replies":[{"embeddable":true,"href":"https:\/\/now-news.de\/de\/wp-json\/wp\/v2\/comments?post=89301"}],"version-history":[{"count":0,"href":"https:\/\/now-news.de\/de\/wp-json\/wp\/v2\/posts\/89301\/revisions"}],"wp:featuredmedia":[{"embeddable":true,"href":"https:\/\/now-news.de\/de\/wp-json\/wp\/v2\/media\/89302"}],"wp:attachment":[{"href":"https:\/\/now-news.de\/de\/wp-json\/wp\/v2\/media?parent=89301"}],"wp:term":[{"taxonomy":"category","embeddable":true,"href":"https:\/\/now-news.de\/de\/wp-json\/wp\/v2\/categories?post=89301"},{"taxonomy":"post_tag","embeddable":true,"href":"https:\/\/now-news.de\/de\/wp-json\/wp\/v2\/tags?post=89301"}],"curies":[{"name":"wp","href":"https:\/\/api.w.org\/{rel}","templated":true}]}}