{"id":89217,"date":"2025-08-22T06:00:00","date_gmt":"2025-08-22T04:00:00","guid":{"rendered":"https:\/\/now-news.de\/de\/deutschland\/deutsche-medien-feiern-rueckgang-der-asylantraege-alltag-spricht-andere-sprache\/"},"modified":"2025-08-22T06:00:00","modified_gmt":"2025-08-22T04:00:00","slug":"deutsche-medien-feiern-rueckgang-der-asylantraege-alltag-spricht-andere-sprache","status":"publish","type":"post","link":"https:\/\/now-news.de\/de\/deutschland\/deutsche-medien-feiern-rueckgang-der-asylantraege-alltag-spricht-andere-sprache\/","title":{"rendered":"Deutsche Medien feiern R\u00fcckgang der Asylantr\u00e4ge \u2013 Alltag spricht andere Sprache"},"content":{"rendered":"<p><img decoding=\"async\" src=\"https:\/\/now-news.de\/de\/wp-content\/uploads\/sites\/3\/2025\/08\/68a6ed1748fbef687a0d6ce8.png\" \/><\/p>\n<div class=\"Text-root Text-type_1 \">\n                Die Meldung \u00fcber sinkende Asylzahlen wird von staatlich dominierten Medien als Erfolg verkauft und mit dem Begriff &#8220;Entspannung&#8221; versehen. Tats\u00e4chlich bedeutet der R\u00fcckgang der Antr\u00e4ge lediglich eine Halbierung, w\u00e4hrend weiterhin rund 120.000 Menschen pro Jahr nach Deutschland kommen. Kommunen klagen \u00fcber \u00fcberlastete Arztpraxen, fehlende Kita-Pl\u00e4tze, \u00fcberf\u00fcllte Schulen und einen angespannten Wohnungsmarkt.\n            <\/div>\n<p><\/p>\n<div class=\"Text-root Text-type_5 ArticleView-text ViewText-root \">\n<p><em>Von Hans-Ueli L\u00e4ppli<\/em><\/p>\n<p>Die\u00a0<a rel=\"nofollow noopener\" target=\"_blank\" href=\"https:\/\/www.tagesschau.de\/inland\/innenpolitik\/asylzahlen-kommunen-100.html\"><em>Schlagzeile<\/em><\/a>\u00a0klingt nach &#8220;Aufatmen&#8221;:<\/p>\n<p>Weniger Asylantr\u00e4ge, weniger Druck auf St\u00e4dte und Kommunen. Doch hinter der vermeintlichen &#8220;Entspannung&#8221; verbirgt sich eine politische Sch\u00f6nf\u00e4rberei.<\/p>\n<p>Denn was als Entlastung verkauft wird, bedeutet in der Realit\u00e4t lediglich, dass statt 120.000 Menschen pro Jahr nur noch 60.000 dazukommen \u2013 zus\u00e4tzlich zu den Hunderttausenden, die l\u00e4ngst hier sind.<\/p>\n<p>Staatsnahe Medien bem\u00fchen sich, diese Entwicklung als Erfolg strengerer Migrationspolitik\u00a0<a rel=\"nofollow noopener\" target=\"_blank\" href=\"https:\/\/www.tagesschau.de\/inland\/innenpolitik\/asylzahlen-kommunen-100.html\">darzustellen<\/a>.<\/p>\n<p>Bundesinnenminister Alexander Dobrindt sonnt sich im R\u00fcckgang der Asylzahlen um knapp 50 Prozent.<\/p>\n<p>Doch wer die Situation in Schulen, Arztpraxen oder auf dem Wohnungsmarkt kennt, wei\u00df: Entspannung sieht anders aus.<\/p>\n<h3>Versorgungsl\u00fccken bleiben \u2013 Haus\u00e4rzte, Schulen, Kitas<\/h3>\n<p>Kommunalpolitiker sprechen von einer &#8220;Atempause&#8221;. Doch eine kurze Pause \u00e4ndert nichts daran, dass der Tank l\u00e4ngst leer ist.<\/p>\n<p>Haus- und Fach\u00e4rzte nehmen vielerorts keine neuen Patienten mehr auf, Wartezeiten von mehreren Monaten sind Normalit\u00e4t. Lehrer warnen vor Klassen, in denen Kinder ohne ausreichende Deutschkenntnisse unterrichtet werden, was das gesamte Lernumfeld belastet.<\/p>\n<p>Kita-Pl\u00e4tze sind weiterhin rar, selbst f\u00fcr Einheimische. Die Unterbringung mag kurzfristig weniger Notl\u00f6sungen in Zelten erfordern, aber das strukturelle Problem bleibt:<\/p>\n<blockquote>\n<p>Integration funktioniert nicht, wenn das Fundament br\u00f6ckelt.<\/p>\n<\/blockquote>\n<p>Rund 120.000 neue &#8220;<a rel=\"nofollow noopener\" target=\"_blank\" href=\"https:\/\/www.tagesschau.de\/inland\/innenpolitik\/asylzahlen-kommunen-100.html\"><em>Schutzsuchende<\/em><\/a>&#8221; sollen nach Sch\u00e4tzungen allein in diesem Jahr noch hinzukommen. Das ist die Realit\u00e4t hinter der angeblichen &#8220;Entspannung&#8221;.<\/p>\n<p>Wer hier von sinkenden Zahlen spricht, betreibt Augenwischerei. Denn w\u00e4hrend Medien und Politiker Statistiken feiern, k\u00e4mpfen St\u00e4dte mit \u00fcberlasteten Ausl\u00e4nderbeh\u00f6rden, explodierenden Kosten und wachsendem Unmut in der Bev\u00f6lkerung.<\/p>\n<p>Die Forderung nach mehr Geld ist zum Ritual geworden. Ob St\u00e4dtetag oder Gemeindebund \u2013 alle betonen, dass ohne zus\u00e4tzliche Mittel die Aufgaben nicht zu bew\u00e4ltigen sind.<\/p>\n<p>Mit jedem neuen Jahr w\u00e4chst der Integrationsapparat, doch die Grundfragen bleiben ungel\u00f6st: Wie viele Menschen kann das Land tats\u00e4chlich versorgen, ohne das Gesundheitssystem, die Schulen und den Wohnungsmarkt dauerhaft zu \u00fcberfordern?<\/p>\n<p>Die aktuellen Zahlen sind ein statistisches Zwischenspiel, kein Durchbruch. Statt von &#8220;Atempause&#8221; zu sprechen, w\u00e4re Ehrlichkeit angebracht: Die Herausforderungen sind weder kleiner geworden noch gel\u00f6st. Sie werden nur mit wohlklingenden Schlagzeilen \u00fcbert\u00fcncht.<\/p>\n<p>Ein treffender Kommentar bringt die Lage auf den Punkt:<\/p>\n<blockquote>\n<p><em>&#8220;Wenn das Becken \u00fcberl\u00e4uft und der Wasserhahn nur noch mit halber Kraft weiterl\u00e4uft, h\u00f6rt das Becken nicht auf, \u00fcberzulaufen. Das lernt man bereits im Kindergarten.&#8221;<\/em><\/p>\n<\/blockquote>\n<p>Der Vergleich zeigt, wie absurd die offizielle Erz\u00e4hlung einer angeblichen &#8220;Entspannung&#8221; ist.<\/p>\n<p>Ein anderer Leser formuliert es noch deutlicher:<\/p>\n<blockquote>\n<p><em>&#8220;Erb\u00e4rmliche Nebelkerze des Staatsfunks. Wenn dir das Wasser bis zum Hals steht, dann steht es dir weiterhin bis zum Hals, selbst wenn das Wasser nicht mehr so rasant steigt. Und die geben sich so scheinheilig emp\u00f6rt, dass sie Staatsfunk genannt werden\u2026&#8221;<\/em><\/p>\n<\/blockquote>\n<p>Beide Stimmen spiegeln eine wachsende Skepsis gegen\u00fcber dem verharmlosenden Narrativ wider, das mit sinkenden Zahlen den Eindruck von Kontrolle vermitteln soll, w\u00e4hrend die strukturellen Probleme unver\u00e4ndert bestehen bleiben.<\/p>\n<p data-start=\"1309\" data-end=\"1541\"><strong>Mehr zum Thema<\/strong>\u00a0\u2013\u00a0<a rel=\"nofollow noopener\" target=\"_blank\" href=\"https:\/\/freedert.online\/oesterreich\/228878-syrische-demonstration-in-wien-geraet\/\">Syrische Demonstration in Wien ger\u00e4t au\u00dfer Kontrolle<\/a><\/p>\n<div class=\"EmbedBlock-root EmbedBlock-externalVideo EmbedBlock-rumble\">\n<div class=\"VkEmbed\"><iframe class=\"lazyload\" data-src=\"https:\/\/rumble.com\/embed\/v6vn76c\" frameborder=\"0\" width=\"853\" height=\"480\" allowfullscreen><\/iframe><\/div>\n<\/div>\n<\/div>\n<p><br \/>\n<br \/><a href=\"https:\/\/de.rt.com\/meinung\/253939-staatsmedien-feiern-rueckgang-asylantraege-alltag\/\">Source link <\/a><\/p>\n","protected":false},"excerpt":{"rendered":"<p>Die Meldung \u00fcber sinkende Asylzahlen wird von staatlich dominierten Medien als Erfolg verkauft und mit dem Begriff &#8220;Entspannung&#8221; versehen. Tats\u00e4chlich bedeutet der R\u00fcckgang der Antr\u00e4ge lediglich eine Halbierung, w\u00e4hrend weiterhin rund 120.000 Menschen pro Jahr nach Deutschland kommen. Kommunen klagen \u00fcber \u00fcberlastete Arztpraxen, fehlende Kita-Pl\u00e4tze, \u00fcberf\u00fcllte Schulen und einen angespannten Wohnungsmarkt. Von Hans-Ueli L\u00e4ppli Die\u00a0Schlagzeile\u00a0klingt [&hellip;]<\/p>\n","protected":false},"author":3,"featured_media":89218,"comment_status":"open","ping_status":"open","sticky":false,"template":"","format":"standard","meta":{"_yoast_indexnow_last_ping":["1755835512"],"wp_automatic_camp":["217"],"492f7f31ab48c4c519d91ebeb01f658c":["Deutsche Medien feiern R\u00fcckgang der Asylantr\u00e4ge \u2013 Alltag spricht andere Sprache"],"original_link":["https:\/\/de.rt.com\/meinung\/253939-staatsmedien-feiern-rueckgang-asylantraege-alltag\/"],"_thumbnail_id":["89218"],"jnews_social_counter_last_update":["1777197922"],"_wptgpro_p2tg_sent2tg":["a:1:{i:23737;s:19:\"2025-08-22 06:06:13\";}"]},"categories":[19,23],"tags":[25710,7121,760,82,2374,6363,580,29110,23357,4067],"yoast_head":"<!-- This site is optimized with the Yoast SEO Premium plugin v22.7 (Yoast SEO v22.7) - https:\/\/yoast.com\/wordpress\/plugins\/seo\/ -->\n<title>Deutsche Medien feiern R\u00fcckgang der Asylantr\u00e4ge \u2013 Alltag spricht andere Sprache - just-now.NEWS Deutschland<\/title>\n<meta name=\"robots\" content=\"index, follow, max-snippet:-1, max-image-preview:large, max-video-preview:-1\" \/>\n<link rel=\"canonical\" href=\"https:\/\/now-news.de\/de\/deutschland\/deutsche-medien-feiern-rueckgang-der-asylantraege-alltag-spricht-andere-sprache\/\" \/>\n<meta property=\"og:locale\" content=\"de_DE\" \/>\n<meta property=\"og:type\" content=\"article\" \/>\n<meta property=\"og:title\" content=\"Deutsche Medien feiern R\u00fcckgang der Asylantr\u00e4ge \u2013 Alltag spricht andere Sprache\" \/>\n<meta property=\"og:description\" content=\"Die Meldung \u00fcber sinkende Asylzahlen wird von staatlich dominierten Medien als Erfolg verkauft und mit dem Begriff &#8220;Entspannung&#8221; versehen. Tats\u00e4chlich bedeutet der R\u00fcckgang der Antr\u00e4ge lediglich eine Halbierung, w\u00e4hrend weiterhin rund 120.000 Menschen pro Jahr nach Deutschland kommen. Kommunen klagen \u00fcber \u00fcberlastete Arztpraxen, fehlende Kita-Pl\u00e4tze, \u00fcberf\u00fcllte Schulen und einen angespannten Wohnungsmarkt. Von Hans-Ueli L\u00e4ppli Die\u00a0Schlagzeile\u00a0klingt [&hellip;]\" \/>\n<meta property=\"og:url\" content=\"https:\/\/now-news.de\/de\/deutschland\/deutsche-medien-feiern-rueckgang-der-asylantraege-alltag-spricht-andere-sprache\/\" \/>\n<meta property=\"og:site_name\" content=\"just-now.NEWS Deutschland\" \/>\n<meta property=\"article:publisher\" content=\"https:\/\/www.facebook.com\/wirmachenauf\" \/>\n<meta property=\"article:published_time\" content=\"2025-08-22T04:00:00+00:00\" \/>\n<meta property=\"og:image\" content=\"https:\/\/now-news.de\/de\/wp-content\/uploads\/sites\/3\/2025\/08\/68a6ed1748fbef687a0d6ce8.png\" \/>\n<meta name=\"author\" content=\"rtnews\" \/>\n<meta name=\"twitter:card\" content=\"summary_large_image\" \/>\n<meta name=\"twitter:creator\" content=\"@WirMachenAuf_de\" \/>\n<meta name=\"twitter:site\" content=\"@WirMachenAuf_de\" \/>\n<meta name=\"twitter:label1\" content=\"Verfasst von\" \/>\n\t<meta name=\"twitter:data1\" content=\"rtnews\" \/>\n\t<meta name=\"twitter:label2\" content=\"Gesch\u00e4tzte Lesezeit\" \/>\n\t<meta name=\"twitter:data2\" content=\"3\u00a0Minuten\" \/>\n<script type=\"application\/ld+json\" class=\"yoast-schema-graph\">{\"@context\":\"https:\/\/schema.org\",\"@graph\":[{\"@type\":\"Article\",\"@id\":\"https:\/\/now-news.de\/de\/deutschland\/deutsche-medien-feiern-rueckgang-der-asylantraege-alltag-spricht-andere-sprache\/#article\",\"isPartOf\":{\"@id\":\"https:\/\/now-news.de\/de\/deutschland\/deutsche-medien-feiern-rueckgang-der-asylantraege-alltag-spricht-andere-sprache\/\"},\"author\":{\"name\":\"rtnews\",\"@id\":\"https:\/\/now-news.de\/de\/#\/schema\/person\/fb534a4e865501d8b3285208df34a9b5\"},\"headline\":\"Deutsche Medien feiern R\u00fcckgang der Asylantr\u00e4ge \u2013 Alltag spricht andere Sprache\",\"datePublished\":\"2025-08-22T04:00:00+00:00\",\"dateModified\":\"2025-08-22T04:00:00+00:00\",\"mainEntityOfPage\":{\"@id\":\"https:\/\/now-news.de\/de\/deutschland\/deutsche-medien-feiern-rueckgang-der-asylantraege-alltag-spricht-andere-sprache\/\"},\"wordCount\":563,\"commentCount\":0,\"publisher\":{\"@id\":\"https:\/\/now-news.de\/de\/#organization\"},\"image\":{\"@id\":\"https:\/\/now-news.de\/de\/deutschland\/deutsche-medien-feiern-rueckgang-der-asylantraege-alltag-spricht-andere-sprache\/#primaryimage\"},\"thumbnailUrl\":\"https:\/\/now-news.de\/de\/wp-content\/uploads\/sites\/3\/2025\/08\/Deutsche-Medien-feiern-Rueckgang-der-Asylantraege-\u2013-Alltag-spricht-andere.png\",\"keywords\":[\"Alltag\",\"andere\",\"Asylantr\u00e4ge\",\"der\",\"Deutsche\",\"Feiern\",\"Medien\",\"R\u00fcckgang\",\"Sprache\",\"spricht\"],\"articleSection\":[\"Deutschland\",\"Russland\"],\"inLanguage\":\"de\",\"potentialAction\":[{\"@type\":\"CommentAction\",\"name\":\"Comment\",\"target\":[\"https:\/\/now-news.de\/de\/deutschland\/deutsche-medien-feiern-rueckgang-der-asylantraege-alltag-spricht-andere-sprache\/#respond\"]}]},{\"@type\":\"WebPage\",\"@id\":\"https:\/\/now-news.de\/de\/deutschland\/deutsche-medien-feiern-rueckgang-der-asylantraege-alltag-spricht-andere-sprache\/\",\"url\":\"https:\/\/now-news.de\/de\/deutschland\/deutsche-medien-feiern-rueckgang-der-asylantraege-alltag-spricht-andere-sprache\/\",\"name\":\"Deutsche Medien feiern R\u00fcckgang der Asylantr\u00e4ge \u2013 Alltag spricht andere Sprache - just-now.NEWS Deutschland\",\"isPartOf\":{\"@id\":\"https:\/\/now-news.de\/de\/#website\"},\"primaryImageOfPage\":{\"@id\":\"https:\/\/now-news.de\/de\/deutschland\/deutsche-medien-feiern-rueckgang-der-asylantraege-alltag-spricht-andere-sprache\/#primaryimage\"},\"image\":{\"@id\":\"https:\/\/now-news.de\/de\/deutschland\/deutsche-medien-feiern-rueckgang-der-asylantraege-alltag-spricht-andere-sprache\/#primaryimage\"},\"thumbnailUrl\":\"https:\/\/now-news.de\/de\/wp-content\/uploads\/sites\/3\/2025\/08\/Deutsche-Medien-feiern-Rueckgang-der-Asylantraege-\u2013-Alltag-spricht-andere.png\",\"datePublished\":\"2025-08-22T04:00:00+00:00\",\"dateModified\":\"2025-08-22T04:00:00+00:00\",\"breadcrumb\":{\"@id\":\"https:\/\/now-news.de\/de\/deutschland\/deutsche-medien-feiern-rueckgang-der-asylantraege-alltag-spricht-andere-sprache\/#breadcrumb\"},\"inLanguage\":\"de\",\"potentialAction\":[{\"@type\":\"ReadAction\",\"target\":[\"https:\/\/now-news.de\/de\/deutschland\/deutsche-medien-feiern-rueckgang-der-asylantraege-alltag-spricht-andere-sprache\/\"]}]},{\"@type\":\"ImageObject\",\"inLanguage\":\"de\",\"@id\":\"https:\/\/now-news.de\/de\/deutschland\/deutsche-medien-feiern-rueckgang-der-asylantraege-alltag-spricht-andere-sprache\/#primaryimage\",\"url\":\"https:\/\/now-news.de\/de\/wp-content\/uploads\/sites\/3\/2025\/08\/Deutsche-Medien-feiern-Rueckgang-der-Asylantraege-\u2013-Alltag-spricht-andere.png\",\"contentUrl\":\"https:\/\/now-news.de\/de\/wp-content\/uploads\/sites\/3\/2025\/08\/Deutsche-Medien-feiern-Rueckgang-der-Asylantraege-\u2013-Alltag-spricht-andere.png\",\"width\":460,\"height\":259,\"caption\":\"Deutsche Medien feiern R\u00fcckgang der Asylantr\u00e4ge \u2013 Alltag spricht andere Sprache\"},{\"@type\":\"BreadcrumbList\",\"@id\":\"https:\/\/now-news.de\/de\/deutschland\/deutsche-medien-feiern-rueckgang-der-asylantraege-alltag-spricht-andere-sprache\/#breadcrumb\",\"itemListElement\":[{\"@type\":\"ListItem\",\"position\":1,\"name\":\"Home\",\"item\":\"https:\/\/now-news.de\/de\/\"},{\"@type\":\"ListItem\",\"position\":2,\"name\":\"Deutsche Medien feiern R\u00fcckgang der Asylantr\u00e4ge \u2013 Alltag spricht andere Sprache\"}]},{\"@type\":\"WebSite\",\"@id\":\"https:\/\/now-news.de\/de\/#website\",\"url\":\"https:\/\/now-news.de\/de\/\",\"name\":\"just-now.NEWS Deutschland\",\"description\":\"Das Portal f\u00fcr unzensierte Nachrichten aus der Welt\",\"publisher\":{\"@id\":\"https:\/\/now-news.de\/de\/#organization\"},\"potentialAction\":[{\"@type\":\"SearchAction\",\"target\":{\"@type\":\"EntryPoint\",\"urlTemplate\":\"https:\/\/now-news.de\/de\/?s={search_term_string}\"},\"query-input\":\"required name=search_term_string\"}],\"inLanguage\":\"de\"},{\"@type\":\"Organization\",\"@id\":\"https:\/\/now-news.de\/de\/#organization\",\"name\":\"Just Now News\",\"url\":\"https:\/\/now-news.de\/de\/\",\"logo\":{\"@type\":\"ImageObject\",\"inLanguage\":\"de\",\"@id\":\"https:\/\/now-news.de\/de\/#\/schema\/logo\/image\/\",\"url\":\"http:\/\/just-now.news\/de\/wp-content\/uploads\/sites\/3\/2022\/04\/logo500x500.jpg\",\"contentUrl\":\"http:\/\/just-now.news\/de\/wp-content\/uploads\/sites\/3\/2022\/04\/logo500x500.jpg\",\"width\":500,\"height\":500,\"caption\":\"Just Now News\"},\"image\":{\"@id\":\"https:\/\/now-news.de\/de\/#\/schema\/logo\/image\/\"},\"sameAs\":[\"https:\/\/www.facebook.com\/wirmachenauf\",\"https:\/\/x.com\/WirMachenAuf_de\"]},{\"@type\":\"Person\",\"@id\":\"https:\/\/now-news.de\/de\/#\/schema\/person\/fb534a4e865501d8b3285208df34a9b5\",\"name\":\"rtnews\",\"image\":{\"@type\":\"ImageObject\",\"inLanguage\":\"de\",\"@id\":\"https:\/\/now-news.de\/de\/#\/schema\/person\/image\/\",\"url\":\"https:\/\/secure.gravatar.com\/avatar\/82aafea7d8127119dd649515f56e2117?s=96&d=mm&r=g\",\"contentUrl\":\"https:\/\/secure.gravatar.com\/avatar\/82aafea7d8127119dd649515f56e2117?s=96&d=mm&r=g\",\"caption\":\"rtnews\"},\"url\":\"https:\/\/now-news.de\/de\/author\/rnews\/\"}]}<\/script>\n<!-- \/ Yoast SEO Premium plugin. -->","yoast_head_json":{"title":"Deutsche Medien feiern R\u00fcckgang der Asylantr\u00e4ge \u2013 Alltag spricht andere Sprache - just-now.NEWS Deutschland","robots":{"index":"index","follow":"follow","max-snippet":"max-snippet:-1","max-image-preview":"max-image-preview:large","max-video-preview":"max-video-preview:-1"},"canonical":"https:\/\/now-news.de\/de\/deutschland\/deutsche-medien-feiern-rueckgang-der-asylantraege-alltag-spricht-andere-sprache\/","og_locale":"de_DE","og_type":"article","og_title":"Deutsche Medien feiern R\u00fcckgang der Asylantr\u00e4ge \u2013 Alltag spricht andere Sprache","og_description":"Die Meldung \u00fcber sinkende Asylzahlen wird von staatlich dominierten Medien als Erfolg verkauft und mit dem Begriff &#8220;Entspannung&#8221; versehen. Tats\u00e4chlich bedeutet der R\u00fcckgang der Antr\u00e4ge lediglich eine Halbierung, w\u00e4hrend weiterhin rund 120.000 Menschen pro Jahr nach Deutschland kommen. Kommunen klagen \u00fcber \u00fcberlastete Arztpraxen, fehlende Kita-Pl\u00e4tze, \u00fcberf\u00fcllte Schulen und einen angespannten Wohnungsmarkt. Von Hans-Ueli L\u00e4ppli Die\u00a0Schlagzeile\u00a0klingt [&hellip;]","og_url":"https:\/\/now-news.de\/de\/deutschland\/deutsche-medien-feiern-rueckgang-der-asylantraege-alltag-spricht-andere-sprache\/","og_site_name":"just-now.NEWS Deutschland","article_publisher":"https:\/\/www.facebook.com\/wirmachenauf","article_published_time":"2025-08-22T04:00:00+00:00","og_image":[{"url":"https:\/\/now-news.de\/de\/wp-content\/uploads\/sites\/3\/2025\/08\/68a6ed1748fbef687a0d6ce8.png"}],"author":"rtnews","twitter_card":"summary_large_image","twitter_creator":"@WirMachenAuf_de","twitter_site":"@WirMachenAuf_de","twitter_misc":{"Verfasst von":"rtnews","Gesch\u00e4tzte Lesezeit":"3\u00a0Minuten"},"schema":{"@context":"https:\/\/schema.org","@graph":[{"@type":"Article","@id":"https:\/\/now-news.de\/de\/deutschland\/deutsche-medien-feiern-rueckgang-der-asylantraege-alltag-spricht-andere-sprache\/#article","isPartOf":{"@id":"https:\/\/now-news.de\/de\/deutschland\/deutsche-medien-feiern-rueckgang-der-asylantraege-alltag-spricht-andere-sprache\/"},"author":{"name":"rtnews","@id":"https:\/\/now-news.de\/de\/#\/schema\/person\/fb534a4e865501d8b3285208df34a9b5"},"headline":"Deutsche Medien feiern R\u00fcckgang der Asylantr\u00e4ge \u2013 Alltag spricht andere Sprache","datePublished":"2025-08-22T04:00:00+00:00","dateModified":"2025-08-22T04:00:00+00:00","mainEntityOfPage":{"@id":"https:\/\/now-news.de\/de\/deutschland\/deutsche-medien-feiern-rueckgang-der-asylantraege-alltag-spricht-andere-sprache\/"},"wordCount":563,"commentCount":0,"publisher":{"@id":"https:\/\/now-news.de\/de\/#organization"},"image":{"@id":"https:\/\/now-news.de\/de\/deutschland\/deutsche-medien-feiern-rueckgang-der-asylantraege-alltag-spricht-andere-sprache\/#primaryimage"},"thumbnailUrl":"https:\/\/now-news.de\/de\/wp-content\/uploads\/sites\/3\/2025\/08\/Deutsche-Medien-feiern-Rueckgang-der-Asylantraege-\u2013-Alltag-spricht-andere.png","keywords":["Alltag","andere","Asylantr\u00e4ge","der","Deutsche","Feiern","Medien","R\u00fcckgang","Sprache","spricht"],"articleSection":["Deutschland","Russland"],"inLanguage":"de","potentialAction":[{"@type":"CommentAction","name":"Comment","target":["https:\/\/now-news.de\/de\/deutschland\/deutsche-medien-feiern-rueckgang-der-asylantraege-alltag-spricht-andere-sprache\/#respond"]}]},{"@type":"WebPage","@id":"https:\/\/now-news.de\/de\/deutschland\/deutsche-medien-feiern-rueckgang-der-asylantraege-alltag-spricht-andere-sprache\/","url":"https:\/\/now-news.de\/de\/deutschland\/deutsche-medien-feiern-rueckgang-der-asylantraege-alltag-spricht-andere-sprache\/","name":"Deutsche Medien feiern R\u00fcckgang der Asylantr\u00e4ge \u2013 Alltag spricht andere Sprache - just-now.NEWS Deutschland","isPartOf":{"@id":"https:\/\/now-news.de\/de\/#website"},"primaryImageOfPage":{"@id":"https:\/\/now-news.de\/de\/deutschland\/deutsche-medien-feiern-rueckgang-der-asylantraege-alltag-spricht-andere-sprache\/#primaryimage"},"image":{"@id":"https:\/\/now-news.de\/de\/deutschland\/deutsche-medien-feiern-rueckgang-der-asylantraege-alltag-spricht-andere-sprache\/#primaryimage"},"thumbnailUrl":"https:\/\/now-news.de\/de\/wp-content\/uploads\/sites\/3\/2025\/08\/Deutsche-Medien-feiern-Rueckgang-der-Asylantraege-\u2013-Alltag-spricht-andere.png","datePublished":"2025-08-22T04:00:00+00:00","dateModified":"2025-08-22T04:00:00+00:00","breadcrumb":{"@id":"https:\/\/now-news.de\/de\/deutschland\/deutsche-medien-feiern-rueckgang-der-asylantraege-alltag-spricht-andere-sprache\/#breadcrumb"},"inLanguage":"de","potentialAction":[{"@type":"ReadAction","target":["https:\/\/now-news.de\/de\/deutschland\/deutsche-medien-feiern-rueckgang-der-asylantraege-alltag-spricht-andere-sprache\/"]}]},{"@type":"ImageObject","inLanguage":"de","@id":"https:\/\/now-news.de\/de\/deutschland\/deutsche-medien-feiern-rueckgang-der-asylantraege-alltag-spricht-andere-sprache\/#primaryimage","url":"https:\/\/now-news.de\/de\/wp-content\/uploads\/sites\/3\/2025\/08\/Deutsche-Medien-feiern-Rueckgang-der-Asylantraege-\u2013-Alltag-spricht-andere.png","contentUrl":"https:\/\/now-news.de\/de\/wp-content\/uploads\/sites\/3\/2025\/08\/Deutsche-Medien-feiern-Rueckgang-der-Asylantraege-\u2013-Alltag-spricht-andere.png","width":460,"height":259,"caption":"Deutsche Medien feiern R\u00fcckgang der Asylantr\u00e4ge \u2013 Alltag spricht andere Sprache"},{"@type":"BreadcrumbList","@id":"https:\/\/now-news.de\/de\/deutschland\/deutsche-medien-feiern-rueckgang-der-asylantraege-alltag-spricht-andere-sprache\/#breadcrumb","itemListElement":[{"@type":"ListItem","position":1,"name":"Home","item":"https:\/\/now-news.de\/de\/"},{"@type":"ListItem","position":2,"name":"Deutsche Medien feiern R\u00fcckgang der Asylantr\u00e4ge \u2013 Alltag spricht andere Sprache"}]},{"@type":"WebSite","@id":"https:\/\/now-news.de\/de\/#website","url":"https:\/\/now-news.de\/de\/","name":"just-now.NEWS Deutschland","description":"Das Portal f\u00fcr unzensierte Nachrichten aus der Welt","publisher":{"@id":"https:\/\/now-news.de\/de\/#organization"},"potentialAction":[{"@type":"SearchAction","target":{"@type":"EntryPoint","urlTemplate":"https:\/\/now-news.de\/de\/?s={search_term_string}"},"query-input":"required name=search_term_string"}],"inLanguage":"de"},{"@type":"Organization","@id":"https:\/\/now-news.de\/de\/#organization","name":"Just Now News","url":"https:\/\/now-news.de\/de\/","logo":{"@type":"ImageObject","inLanguage":"de","@id":"https:\/\/now-news.de\/de\/#\/schema\/logo\/image\/","url":"http:\/\/just-now.news\/de\/wp-content\/uploads\/sites\/3\/2022\/04\/logo500x500.jpg","contentUrl":"http:\/\/just-now.news\/de\/wp-content\/uploads\/sites\/3\/2022\/04\/logo500x500.jpg","width":500,"height":500,"caption":"Just Now News"},"image":{"@id":"https:\/\/now-news.de\/de\/#\/schema\/logo\/image\/"},"sameAs":["https:\/\/www.facebook.com\/wirmachenauf","https:\/\/x.com\/WirMachenAuf_de"]},{"@type":"Person","@id":"https:\/\/now-news.de\/de\/#\/schema\/person\/fb534a4e865501d8b3285208df34a9b5","name":"rtnews","image":{"@type":"ImageObject","inLanguage":"de","@id":"https:\/\/now-news.de\/de\/#\/schema\/person\/image\/","url":"https:\/\/secure.gravatar.com\/avatar\/82aafea7d8127119dd649515f56e2117?s=96&d=mm&r=g","contentUrl":"https:\/\/secure.gravatar.com\/avatar\/82aafea7d8127119dd649515f56e2117?s=96&d=mm&r=g","caption":"rtnews"},"url":"https:\/\/now-news.de\/de\/author\/rnews\/"}]}},"_links":{"self":[{"href":"https:\/\/now-news.de\/de\/wp-json\/wp\/v2\/posts\/89217"}],"collection":[{"href":"https:\/\/now-news.de\/de\/wp-json\/wp\/v2\/posts"}],"about":[{"href":"https:\/\/now-news.de\/de\/wp-json\/wp\/v2\/types\/post"}],"author":[{"embeddable":true,"href":"https:\/\/now-news.de\/de\/wp-json\/wp\/v2\/users\/3"}],"replies":[{"embeddable":true,"href":"https:\/\/now-news.de\/de\/wp-json\/wp\/v2\/comments?post=89217"}],"version-history":[{"count":0,"href":"https:\/\/now-news.de\/de\/wp-json\/wp\/v2\/posts\/89217\/revisions"}],"wp:featuredmedia":[{"embeddable":true,"href":"https:\/\/now-news.de\/de\/wp-json\/wp\/v2\/media\/89218"}],"wp:attachment":[{"href":"https:\/\/now-news.de\/de\/wp-json\/wp\/v2\/media?parent=89217"}],"wp:term":[{"taxonomy":"category","embeddable":true,"href":"https:\/\/now-news.de\/de\/wp-json\/wp\/v2\/categories?post=89217"},{"taxonomy":"post_tag","embeddable":true,"href":"https:\/\/now-news.de\/de\/wp-json\/wp\/v2\/tags?post=89217"}],"curies":[{"name":"wp","href":"https:\/\/api.w.org\/{rel}","templated":true}]}}