{"id":89143,"date":"2025-08-20T20:46:46","date_gmt":"2025-08-20T18:46:46","guid":{"rendered":"https:\/\/now-news.de\/de\/deutschland\/eu-parlamentarier-haftbefehl-des-istgh-gegen-putin-kontraproduktiv\/"},"modified":"2025-08-20T20:46:46","modified_gmt":"2025-08-20T18:46:46","slug":"eu-parlamentarier-haftbefehl-des-istgh-gegen-putin-kontraproduktiv","status":"publish","type":"post","link":"https:\/\/now-news.de\/de\/deutschland\/eu-parlamentarier-haftbefehl-des-istgh-gegen-putin-kontraproduktiv\/","title":{"rendered":"EU-Parlamentarier: Haftbefehl des IStGH gegen Putin &quot;kontraproduktiv&quot;"},"content":{"rendered":"<p><img decoding=\"async\" src=\"https:\/\/now-news.de\/de\/wp-content\/uploads\/sites\/3\/2025\/08\/68a5e1a448fbef34050bdf56.jpg\" \/><\/p>\n<div class=\"Text-root Text-type_1 \">\n                Die internationale Gerichtsbarkeit wird zu politischen Zwecken instrumentalisiert, sagt der EU-Abgeordnete Fernand Kartheiser dem Sender RT. Er erkennt im Haftbefehl gegen Putin eine klare politische Absicht. Es fehle an Gr\u00fcnden \u2012 der Haftbefehl sei daher kontraproduktiv f\u00fcr die Diplomatie.\n            <\/div>\n<p><\/p>\n<div class=\"Text-root Text-type_5 ArticleView-text ViewText-root \">\n<p>Das Ansehen der internationalen Gerichtsbarkeit wird von den Versuchen des Westens besch\u00e4digt, sie zu politischen Zwecken zu instrumentalisieren, sagte der Luxemburger EU-Abgeordnete Fernand Kartheiser dem Sender <em>RT<\/em>.\u00a0<\/p>\n<p>Hintergrund seiner Aussage ist eine Diskussion \u00fcber das Angebot der Schweiz, als Austragungsort f\u00fcr m\u00f6gliche direkte Gespr\u00e4che zwischen Russlands Pr\u00e4sident Putin und Wladimir Selenskij zu fungieren. Die Schweiz hat Putin f\u00fcr diesen\u00a0Fall Immunit\u00e4t zugesichert. Der Internationale Strafgerichtshof (IStGH) hat im M\u00e4rz 2023 einen Haftbefehl gegen Putin wegen angeblicher massenhafter Verbringung von Kindern aus der Ukraine nach Russland ausgestellt. Russland wies die Anschuldigungen als haltlos zur\u00fcck.\u00a0<\/p>\n<p>Kartheiser stellt den Haftbefehl infrage und zweifelt die Glaubw\u00fcrdigkeit des Internationalen Strafgerichtshofs an.\u00a0Der Luxemburger\u00a0Politiker glaubt, der Haftbefehl gegen Putin sei Teil einer breit angelegten Strategie zur Schw\u00e4chung Russlands.\u00a0<\/p>\n<p><em>&#8220;Wir hatten diplomatische Isolation, wir hatten Sanktionen, wir hatten die milit\u00e4rische Unterst\u00fctzung der Ukraine. Wir haben auf vielen Wegen versucht, Russland zu schw\u00e4chen, und einer dieser Wege war die Instrumentalisierung des Internationalen Strafgerichtshofs&#8221;<\/em>, f\u00fchrte Kartheiser aus.<em>\u00a0<\/em><\/p>\n<p>Allerdings sei diese Strategie der Instrumentalisierung des Rechts &#8220;kontraproduktiv f\u00fcr alle diplomatischen Bem\u00fchungen, den Konflikt zu l\u00f6sen&#8221;. Der Haftbefehl sei nicht umsetzbar.\u00a0<\/p>\n<p><em>&#8220;Wir haben ein gro\u00dfes Problem mit der Glaubw\u00fcrdigkeit der internationalen Gerichtsbarkeit&#8221;<\/em>, sagte der EU-Parlamentarier.<em> &#8220;Wir sollten uns besinnen und aufh\u00f6ren, das internationale Recht und die Institutionen des internationalen Rechts in diesem Konflikt zu missbrauchen.&#8221;<\/em><\/p>\n<p>Kartheiser verwies zudem auf die fragw\u00fcrdige Beweislage, auf deren Grundlage der Haftbefehl gegen Putin ausgestellt wurde. Es spreche nichts f\u00fcr die Behauptung, Russland habe Tausende von Kindern entf\u00fchrt. Die Ukraine hat Russland\u00a0bei den Verhandlungen in Istanbul eine Liste mit den Namen von 339 Familien \u00fcbergeben, die ihre Kinder vermissen.\u00a0<\/p>\n<p><em>&#8220;Ich denke, man kann die Argumentation, es handele sich um systematische Entf\u00fchrung von Kindern nach Russland, nicht aufrechterhalten. Was den Haftbefehl angeht, gibt es daher ein Glaubw\u00fcrdigkeitsproblem&#8221;<\/em>, sagte der Abgeordnete.<\/p>\n<p>Er sieht in dem Vorschlag der Schweiz, Gastgeber des Gipfeltreffens sein zu wollen, den Versuch, zum\u00a0Prinzip der Neutralit\u00e4t des Landes zur\u00fcckkehren zu wollen.<\/p>\n<p><strong>Mehr zum Thema<\/strong>\u00a0\u2013 <a rel=\"nofollow noopener\" target=\"_blank\" href=\"https:\/\/freedert.online\/meinung\/246764-zwecklose-verhandlungen-russland-widerlegte-in-istanbul-vorwuerfe-kindesentfuehrung\/\">Zwecklose Verhandlungen? Russland widerlegte in Istanbul Vorw\u00fcrfe der Kindesentf\u00fchrung<\/a><\/p>\n<div class=\"EmbedBlock-root EmbedBlock-externalVideo EmbedBlock-rumble\">\n<div class=\"VkEmbed\"><iframe class=\"lazyload\" data-src=\"https:\/\/rumble.com\/embed\/v6s24p3\" frameborder=\"0\" width=\"853\" height=\"480\" allowfullscreen><\/iframe><\/div>\n<\/div>\n<\/div>\n<p><br \/>\n<br \/><a href=\"https:\/\/de.rt.com\/europa\/253879-eu-parlamentarier-haftbefehl-istgh-gegen\/\">Source link <\/a><\/p>\n","protected":false},"excerpt":{"rendered":"<p>Die internationale Gerichtsbarkeit wird zu politischen Zwecken instrumentalisiert, sagt der EU-Abgeordnete Fernand Kartheiser dem Sender RT. Er erkennt im Haftbefehl gegen Putin eine klare politische Absicht. Es fehle an Gr\u00fcnden \u2012 der Haftbefehl sei daher kontraproduktiv f\u00fcr die Diplomatie. Das Ansehen der internationalen Gerichtsbarkeit wird von den Versuchen des Westens besch\u00e4digt, sie zu politischen Zwecken [&hellip;]<\/p>\n","protected":false},"author":3,"featured_media":89144,"comment_status":"open","ping_status":"open","sticky":false,"template":"","format":"standard","meta":{"_yoast_indexnow_last_ping":["1755715752"],"wp_automatic_camp":["217"],"a7b2074bd55a2f55f1680eba57d9f3a5":["EU-Parlamentarier: Haftbefehl des IStGH gegen Putin &quot;kontraproduktiv&quot;"],"original_link":["https:\/\/de.rt.com\/europa\/253879-eu-parlamentarier-haftbefehl-istgh-gegen\/"],"_thumbnail_id":["89144"],"jnews_social_counter_last_update":["1777636014"],"_wptgpro_p2tg_sent2tg":["a:1:{i:23737;s:19:\"2025-08-20 20:50:13\";}"]},"categories":[19,23],"tags":[583,63467,278,26011,57291,125,67164],"yoast_head":"<!-- This site is optimized with the Yoast SEO Premium plugin v22.7 (Yoast SEO v22.7) - https:\/\/yoast.com\/wordpress\/plugins\/seo\/ -->\n<title>EU-Parlamentarier: Haftbefehl des IStGH gegen Putin &quot;kontraproduktiv&quot; - just-now.NEWS Deutschland<\/title>\n<meta name=\"robots\" content=\"index, follow, max-snippet:-1, max-image-preview:large, max-video-preview:-1\" \/>\n<link rel=\"canonical\" href=\"https:\/\/now-news.de\/de\/deutschland\/eu-parlamentarier-haftbefehl-des-istgh-gegen-putin-kontraproduktiv\/\" \/>\n<meta property=\"og:locale\" content=\"de_DE\" \/>\n<meta property=\"og:type\" content=\"article\" \/>\n<meta property=\"og:title\" content=\"EU-Parlamentarier: Haftbefehl des IStGH gegen Putin &quot;kontraproduktiv&quot;\" \/>\n<meta property=\"og:description\" content=\"Die internationale Gerichtsbarkeit wird zu politischen Zwecken instrumentalisiert, sagt der EU-Abgeordnete Fernand Kartheiser dem Sender RT. Er erkennt im Haftbefehl gegen Putin eine klare politische Absicht. Es fehle an Gr\u00fcnden \u2012 der Haftbefehl sei daher kontraproduktiv f\u00fcr die Diplomatie. Das Ansehen der internationalen Gerichtsbarkeit wird von den Versuchen des Westens besch\u00e4digt, sie zu politischen Zwecken [&hellip;]\" \/>\n<meta property=\"og:url\" content=\"https:\/\/now-news.de\/de\/deutschland\/eu-parlamentarier-haftbefehl-des-istgh-gegen-putin-kontraproduktiv\/\" \/>\n<meta property=\"og:site_name\" content=\"just-now.NEWS Deutschland\" \/>\n<meta property=\"article:publisher\" content=\"https:\/\/www.facebook.com\/wirmachenauf\" \/>\n<meta property=\"article:published_time\" content=\"2025-08-20T18:46:46+00:00\" \/>\n<meta property=\"og:image\" content=\"https:\/\/now-news.de\/de\/wp-content\/uploads\/sites\/3\/2025\/08\/68a5e1a448fbef34050bdf56.jpg\" \/>\n<meta name=\"author\" content=\"rtnews\" \/>\n<meta name=\"twitter:card\" content=\"summary_large_image\" \/>\n<meta name=\"twitter:creator\" content=\"@WirMachenAuf_de\" \/>\n<meta name=\"twitter:site\" content=\"@WirMachenAuf_de\" \/>\n<meta name=\"twitter:label1\" content=\"Verfasst von\" \/>\n\t<meta name=\"twitter:data1\" content=\"rtnews\" \/>\n\t<meta name=\"twitter:label2\" content=\"Gesch\u00e4tzte Lesezeit\" \/>\n\t<meta name=\"twitter:data2\" content=\"2\u00a0Minuten\" \/>\n<script type=\"application\/ld+json\" class=\"yoast-schema-graph\">{\"@context\":\"https:\/\/schema.org\",\"@graph\":[{\"@type\":\"Article\",\"@id\":\"https:\/\/now-news.de\/de\/deutschland\/eu-parlamentarier-haftbefehl-des-istgh-gegen-putin-kontraproduktiv\/#article\",\"isPartOf\":{\"@id\":\"https:\/\/now-news.de\/de\/deutschland\/eu-parlamentarier-haftbefehl-des-istgh-gegen-putin-kontraproduktiv\/\"},\"author\":{\"name\":\"rtnews\",\"@id\":\"https:\/\/now-news.de\/de\/#\/schema\/person\/fb534a4e865501d8b3285208df34a9b5\"},\"headline\":\"EU-Parlamentarier: Haftbefehl des IStGH gegen Putin &quot;kontraproduktiv&quot;\",\"datePublished\":\"2025-08-20T18:46:46+00:00\",\"dateModified\":\"2025-08-20T18:46:46+00:00\",\"mainEntityOfPage\":{\"@id\":\"https:\/\/now-news.de\/de\/deutschland\/eu-parlamentarier-haftbefehl-des-istgh-gegen-putin-kontraproduktiv\/\"},\"wordCount\":411,\"commentCount\":0,\"publisher\":{\"@id\":\"https:\/\/now-news.de\/de\/#organization\"},\"image\":{\"@id\":\"https:\/\/now-news.de\/de\/deutschland\/eu-parlamentarier-haftbefehl-des-istgh-gegen-putin-kontraproduktiv\/#primaryimage\"},\"thumbnailUrl\":\"https:\/\/now-news.de\/de\/wp-content\/uploads\/sites\/3\/2025\/08\/EU-Parlamentarier-Haftbefehl-des-IStGH-gegen-Putin-quotkontraproduktivquot.jpg\",\"keywords\":[\"des\",\"EUParlamentarier\",\"gegen\",\"Haftbefehl\",\"IStGH\",\"putin\",\"quotkontraproduktivquot\"],\"articleSection\":[\"Deutschland\",\"Russland\"],\"inLanguage\":\"de\",\"potentialAction\":[{\"@type\":\"CommentAction\",\"name\":\"Comment\",\"target\":[\"https:\/\/now-news.de\/de\/deutschland\/eu-parlamentarier-haftbefehl-des-istgh-gegen-putin-kontraproduktiv\/#respond\"]}]},{\"@type\":\"WebPage\",\"@id\":\"https:\/\/now-news.de\/de\/deutschland\/eu-parlamentarier-haftbefehl-des-istgh-gegen-putin-kontraproduktiv\/\",\"url\":\"https:\/\/now-news.de\/de\/deutschland\/eu-parlamentarier-haftbefehl-des-istgh-gegen-putin-kontraproduktiv\/\",\"name\":\"EU-Parlamentarier: Haftbefehl des IStGH gegen Putin &quot;kontraproduktiv&quot; - just-now.NEWS Deutschland\",\"isPartOf\":{\"@id\":\"https:\/\/now-news.de\/de\/#website\"},\"primaryImageOfPage\":{\"@id\":\"https:\/\/now-news.de\/de\/deutschland\/eu-parlamentarier-haftbefehl-des-istgh-gegen-putin-kontraproduktiv\/#primaryimage\"},\"image\":{\"@id\":\"https:\/\/now-news.de\/de\/deutschland\/eu-parlamentarier-haftbefehl-des-istgh-gegen-putin-kontraproduktiv\/#primaryimage\"},\"thumbnailUrl\":\"https:\/\/now-news.de\/de\/wp-content\/uploads\/sites\/3\/2025\/08\/EU-Parlamentarier-Haftbefehl-des-IStGH-gegen-Putin-quotkontraproduktivquot.jpg\",\"datePublished\":\"2025-08-20T18:46:46+00:00\",\"dateModified\":\"2025-08-20T18:46:46+00:00\",\"breadcrumb\":{\"@id\":\"https:\/\/now-news.de\/de\/deutschland\/eu-parlamentarier-haftbefehl-des-istgh-gegen-putin-kontraproduktiv\/#breadcrumb\"},\"inLanguage\":\"de\",\"potentialAction\":[{\"@type\":\"ReadAction\",\"target\":[\"https:\/\/now-news.de\/de\/deutschland\/eu-parlamentarier-haftbefehl-des-istgh-gegen-putin-kontraproduktiv\/\"]}]},{\"@type\":\"ImageObject\",\"inLanguage\":\"de\",\"@id\":\"https:\/\/now-news.de\/de\/deutschland\/eu-parlamentarier-haftbefehl-des-istgh-gegen-putin-kontraproduktiv\/#primaryimage\",\"url\":\"https:\/\/now-news.de\/de\/wp-content\/uploads\/sites\/3\/2025\/08\/EU-Parlamentarier-Haftbefehl-des-IStGH-gegen-Putin-quotkontraproduktivquot.jpg\",\"contentUrl\":\"https:\/\/now-news.de\/de\/wp-content\/uploads\/sites\/3\/2025\/08\/EU-Parlamentarier-Haftbefehl-des-IStGH-gegen-Putin-quotkontraproduktivquot.jpg\",\"width\":460,\"height\":259,\"caption\":\"EU-Parlamentarier: Haftbefehl des IStGH gegen Putin &quot;kontraproduktiv&quot;\"},{\"@type\":\"BreadcrumbList\",\"@id\":\"https:\/\/now-news.de\/de\/deutschland\/eu-parlamentarier-haftbefehl-des-istgh-gegen-putin-kontraproduktiv\/#breadcrumb\",\"itemListElement\":[{\"@type\":\"ListItem\",\"position\":1,\"name\":\"Home\",\"item\":\"https:\/\/now-news.de\/de\/\"},{\"@type\":\"ListItem\",\"position\":2,\"name\":\"EU-Parlamentarier: Haftbefehl des IStGH gegen Putin &quot;kontraproduktiv&quot;\"}]},{\"@type\":\"WebSite\",\"@id\":\"https:\/\/now-news.de\/de\/#website\",\"url\":\"https:\/\/now-news.de\/de\/\",\"name\":\"just-now.NEWS Deutschland\",\"description\":\"Das Portal f\u00fcr unzensierte Nachrichten aus der Welt\",\"publisher\":{\"@id\":\"https:\/\/now-news.de\/de\/#organization\"},\"potentialAction\":[{\"@type\":\"SearchAction\",\"target\":{\"@type\":\"EntryPoint\",\"urlTemplate\":\"https:\/\/now-news.de\/de\/?s={search_term_string}\"},\"query-input\":\"required name=search_term_string\"}],\"inLanguage\":\"de\"},{\"@type\":\"Organization\",\"@id\":\"https:\/\/now-news.de\/de\/#organization\",\"name\":\"Just Now News\",\"url\":\"https:\/\/now-news.de\/de\/\",\"logo\":{\"@type\":\"ImageObject\",\"inLanguage\":\"de\",\"@id\":\"https:\/\/now-news.de\/de\/#\/schema\/logo\/image\/\",\"url\":\"http:\/\/just-now.news\/de\/wp-content\/uploads\/sites\/3\/2022\/04\/logo500x500.jpg\",\"contentUrl\":\"http:\/\/just-now.news\/de\/wp-content\/uploads\/sites\/3\/2022\/04\/logo500x500.jpg\",\"width\":500,\"height\":500,\"caption\":\"Just Now News\"},\"image\":{\"@id\":\"https:\/\/now-news.de\/de\/#\/schema\/logo\/image\/\"},\"sameAs\":[\"https:\/\/www.facebook.com\/wirmachenauf\",\"https:\/\/x.com\/WirMachenAuf_de\"]},{\"@type\":\"Person\",\"@id\":\"https:\/\/now-news.de\/de\/#\/schema\/person\/fb534a4e865501d8b3285208df34a9b5\",\"name\":\"rtnews\",\"image\":{\"@type\":\"ImageObject\",\"inLanguage\":\"de\",\"@id\":\"https:\/\/now-news.de\/de\/#\/schema\/person\/image\/\",\"url\":\"https:\/\/secure.gravatar.com\/avatar\/82aafea7d8127119dd649515f56e2117?s=96&d=mm&r=g\",\"contentUrl\":\"https:\/\/secure.gravatar.com\/avatar\/82aafea7d8127119dd649515f56e2117?s=96&d=mm&r=g\",\"caption\":\"rtnews\"},\"url\":\"https:\/\/now-news.de\/de\/author\/rnews\/\"}]}<\/script>\n<!-- \/ Yoast SEO Premium plugin. -->","yoast_head_json":{"title":"EU-Parlamentarier: Haftbefehl des IStGH gegen Putin &quot;kontraproduktiv&quot; - just-now.NEWS Deutschland","robots":{"index":"index","follow":"follow","max-snippet":"max-snippet:-1","max-image-preview":"max-image-preview:large","max-video-preview":"max-video-preview:-1"},"canonical":"https:\/\/now-news.de\/de\/deutschland\/eu-parlamentarier-haftbefehl-des-istgh-gegen-putin-kontraproduktiv\/","og_locale":"de_DE","og_type":"article","og_title":"EU-Parlamentarier: Haftbefehl des IStGH gegen Putin &quot;kontraproduktiv&quot;","og_description":"Die internationale Gerichtsbarkeit wird zu politischen Zwecken instrumentalisiert, sagt der EU-Abgeordnete Fernand Kartheiser dem Sender RT. Er erkennt im Haftbefehl gegen Putin eine klare politische Absicht. Es fehle an Gr\u00fcnden \u2012 der Haftbefehl sei daher kontraproduktiv f\u00fcr die Diplomatie. Das Ansehen der internationalen Gerichtsbarkeit wird von den Versuchen des Westens besch\u00e4digt, sie zu politischen Zwecken [&hellip;]","og_url":"https:\/\/now-news.de\/de\/deutschland\/eu-parlamentarier-haftbefehl-des-istgh-gegen-putin-kontraproduktiv\/","og_site_name":"just-now.NEWS Deutschland","article_publisher":"https:\/\/www.facebook.com\/wirmachenauf","article_published_time":"2025-08-20T18:46:46+00:00","og_image":[{"url":"https:\/\/now-news.de\/de\/wp-content\/uploads\/sites\/3\/2025\/08\/68a5e1a448fbef34050bdf56.jpg"}],"author":"rtnews","twitter_card":"summary_large_image","twitter_creator":"@WirMachenAuf_de","twitter_site":"@WirMachenAuf_de","twitter_misc":{"Verfasst von":"rtnews","Gesch\u00e4tzte Lesezeit":"2\u00a0Minuten"},"schema":{"@context":"https:\/\/schema.org","@graph":[{"@type":"Article","@id":"https:\/\/now-news.de\/de\/deutschland\/eu-parlamentarier-haftbefehl-des-istgh-gegen-putin-kontraproduktiv\/#article","isPartOf":{"@id":"https:\/\/now-news.de\/de\/deutschland\/eu-parlamentarier-haftbefehl-des-istgh-gegen-putin-kontraproduktiv\/"},"author":{"name":"rtnews","@id":"https:\/\/now-news.de\/de\/#\/schema\/person\/fb534a4e865501d8b3285208df34a9b5"},"headline":"EU-Parlamentarier: Haftbefehl des IStGH gegen Putin &quot;kontraproduktiv&quot;","datePublished":"2025-08-20T18:46:46+00:00","dateModified":"2025-08-20T18:46:46+00:00","mainEntityOfPage":{"@id":"https:\/\/now-news.de\/de\/deutschland\/eu-parlamentarier-haftbefehl-des-istgh-gegen-putin-kontraproduktiv\/"},"wordCount":411,"commentCount":0,"publisher":{"@id":"https:\/\/now-news.de\/de\/#organization"},"image":{"@id":"https:\/\/now-news.de\/de\/deutschland\/eu-parlamentarier-haftbefehl-des-istgh-gegen-putin-kontraproduktiv\/#primaryimage"},"thumbnailUrl":"https:\/\/now-news.de\/de\/wp-content\/uploads\/sites\/3\/2025\/08\/EU-Parlamentarier-Haftbefehl-des-IStGH-gegen-Putin-quotkontraproduktivquot.jpg","keywords":["des","EUParlamentarier","gegen","Haftbefehl","IStGH","putin","quotkontraproduktivquot"],"articleSection":["Deutschland","Russland"],"inLanguage":"de","potentialAction":[{"@type":"CommentAction","name":"Comment","target":["https:\/\/now-news.de\/de\/deutschland\/eu-parlamentarier-haftbefehl-des-istgh-gegen-putin-kontraproduktiv\/#respond"]}]},{"@type":"WebPage","@id":"https:\/\/now-news.de\/de\/deutschland\/eu-parlamentarier-haftbefehl-des-istgh-gegen-putin-kontraproduktiv\/","url":"https:\/\/now-news.de\/de\/deutschland\/eu-parlamentarier-haftbefehl-des-istgh-gegen-putin-kontraproduktiv\/","name":"EU-Parlamentarier: Haftbefehl des IStGH gegen Putin &quot;kontraproduktiv&quot; - just-now.NEWS Deutschland","isPartOf":{"@id":"https:\/\/now-news.de\/de\/#website"},"primaryImageOfPage":{"@id":"https:\/\/now-news.de\/de\/deutschland\/eu-parlamentarier-haftbefehl-des-istgh-gegen-putin-kontraproduktiv\/#primaryimage"},"image":{"@id":"https:\/\/now-news.de\/de\/deutschland\/eu-parlamentarier-haftbefehl-des-istgh-gegen-putin-kontraproduktiv\/#primaryimage"},"thumbnailUrl":"https:\/\/now-news.de\/de\/wp-content\/uploads\/sites\/3\/2025\/08\/EU-Parlamentarier-Haftbefehl-des-IStGH-gegen-Putin-quotkontraproduktivquot.jpg","datePublished":"2025-08-20T18:46:46+00:00","dateModified":"2025-08-20T18:46:46+00:00","breadcrumb":{"@id":"https:\/\/now-news.de\/de\/deutschland\/eu-parlamentarier-haftbefehl-des-istgh-gegen-putin-kontraproduktiv\/#breadcrumb"},"inLanguage":"de","potentialAction":[{"@type":"ReadAction","target":["https:\/\/now-news.de\/de\/deutschland\/eu-parlamentarier-haftbefehl-des-istgh-gegen-putin-kontraproduktiv\/"]}]},{"@type":"ImageObject","inLanguage":"de","@id":"https:\/\/now-news.de\/de\/deutschland\/eu-parlamentarier-haftbefehl-des-istgh-gegen-putin-kontraproduktiv\/#primaryimage","url":"https:\/\/now-news.de\/de\/wp-content\/uploads\/sites\/3\/2025\/08\/EU-Parlamentarier-Haftbefehl-des-IStGH-gegen-Putin-quotkontraproduktivquot.jpg","contentUrl":"https:\/\/now-news.de\/de\/wp-content\/uploads\/sites\/3\/2025\/08\/EU-Parlamentarier-Haftbefehl-des-IStGH-gegen-Putin-quotkontraproduktivquot.jpg","width":460,"height":259,"caption":"EU-Parlamentarier: Haftbefehl des IStGH gegen Putin &quot;kontraproduktiv&quot;"},{"@type":"BreadcrumbList","@id":"https:\/\/now-news.de\/de\/deutschland\/eu-parlamentarier-haftbefehl-des-istgh-gegen-putin-kontraproduktiv\/#breadcrumb","itemListElement":[{"@type":"ListItem","position":1,"name":"Home","item":"https:\/\/now-news.de\/de\/"},{"@type":"ListItem","position":2,"name":"EU-Parlamentarier: Haftbefehl des IStGH gegen Putin &quot;kontraproduktiv&quot;"}]},{"@type":"WebSite","@id":"https:\/\/now-news.de\/de\/#website","url":"https:\/\/now-news.de\/de\/","name":"just-now.NEWS Deutschland","description":"Das Portal f\u00fcr unzensierte Nachrichten aus der Welt","publisher":{"@id":"https:\/\/now-news.de\/de\/#organization"},"potentialAction":[{"@type":"SearchAction","target":{"@type":"EntryPoint","urlTemplate":"https:\/\/now-news.de\/de\/?s={search_term_string}"},"query-input":"required name=search_term_string"}],"inLanguage":"de"},{"@type":"Organization","@id":"https:\/\/now-news.de\/de\/#organization","name":"Just Now News","url":"https:\/\/now-news.de\/de\/","logo":{"@type":"ImageObject","inLanguage":"de","@id":"https:\/\/now-news.de\/de\/#\/schema\/logo\/image\/","url":"http:\/\/just-now.news\/de\/wp-content\/uploads\/sites\/3\/2022\/04\/logo500x500.jpg","contentUrl":"http:\/\/just-now.news\/de\/wp-content\/uploads\/sites\/3\/2022\/04\/logo500x500.jpg","width":500,"height":500,"caption":"Just Now News"},"image":{"@id":"https:\/\/now-news.de\/de\/#\/schema\/logo\/image\/"},"sameAs":["https:\/\/www.facebook.com\/wirmachenauf","https:\/\/x.com\/WirMachenAuf_de"]},{"@type":"Person","@id":"https:\/\/now-news.de\/de\/#\/schema\/person\/fb534a4e865501d8b3285208df34a9b5","name":"rtnews","image":{"@type":"ImageObject","inLanguage":"de","@id":"https:\/\/now-news.de\/de\/#\/schema\/person\/image\/","url":"https:\/\/secure.gravatar.com\/avatar\/82aafea7d8127119dd649515f56e2117?s=96&d=mm&r=g","contentUrl":"https:\/\/secure.gravatar.com\/avatar\/82aafea7d8127119dd649515f56e2117?s=96&d=mm&r=g","caption":"rtnews"},"url":"https:\/\/now-news.de\/de\/author\/rnews\/"}]}},"_links":{"self":[{"href":"https:\/\/now-news.de\/de\/wp-json\/wp\/v2\/posts\/89143"}],"collection":[{"href":"https:\/\/now-news.de\/de\/wp-json\/wp\/v2\/posts"}],"about":[{"href":"https:\/\/now-news.de\/de\/wp-json\/wp\/v2\/types\/post"}],"author":[{"embeddable":true,"href":"https:\/\/now-news.de\/de\/wp-json\/wp\/v2\/users\/3"}],"replies":[{"embeddable":true,"href":"https:\/\/now-news.de\/de\/wp-json\/wp\/v2\/comments?post=89143"}],"version-history":[{"count":0,"href":"https:\/\/now-news.de\/de\/wp-json\/wp\/v2\/posts\/89143\/revisions"}],"wp:featuredmedia":[{"embeddable":true,"href":"https:\/\/now-news.de\/de\/wp-json\/wp\/v2\/media\/89144"}],"wp:attachment":[{"href":"https:\/\/now-news.de\/de\/wp-json\/wp\/v2\/media?parent=89143"}],"wp:term":[{"taxonomy":"category","embeddable":true,"href":"https:\/\/now-news.de\/de\/wp-json\/wp\/v2\/categories?post=89143"},{"taxonomy":"post_tag","embeddable":true,"href":"https:\/\/now-news.de\/de\/wp-json\/wp\/v2\/tags?post=89143"}],"curies":[{"name":"wp","href":"https:\/\/api.w.org\/{rel}","templated":true}]}}