{"id":89141,"date":"2025-08-20T20:21:11","date_gmt":"2025-08-20T18:21:11","guid":{"rendered":"https:\/\/now-news.de\/de\/deutschland\/idf-weitere-60-000-reservisten-fuer-einnahme-von-gaza-stadt-mobilisiert\/"},"modified":"2025-08-20T20:21:11","modified_gmt":"2025-08-20T18:21:11","slug":"idf-weitere-60-000-reservisten-fuer-einnahme-von-gaza-stadt-mobilisiert","status":"publish","type":"post","link":"https:\/\/now-news.de\/de\/deutschland\/idf-weitere-60-000-reservisten-fuer-einnahme-von-gaza-stadt-mobilisiert\/","title":{"rendered":"IDF: Weitere 60.000 Reservisten f\u00fcr Einnahme von Gaza-Stadt mobilisiert"},"content":{"rendered":"<p><img decoding=\"async\" src=\"https:\/\/now-news.de\/de\/wp-content\/uploads\/sites\/3\/2025\/08\/68a580a248fbef295c65c6e5.jpg\" \/><\/p>\n<div class=\"Text-root Text-type_1 \">\n                Die israelische Armee kann nach Absegnung durch den israelischen Verteidigungsminister mit weiteren 60.000 Reservisten die Pl\u00e4ne zur vollst\u00e4ndigen Besetzung von Gaza-Stadt forciert einleiten.\n            <\/div>\n<p><\/p>\n<div class=\"Text-root Text-type_5 ArticleView-text ViewText-root \">\n<p>Auf Anfrage der Nachrichtenagentur <em>AFP<\/em> best\u00e4tigte ein Sprecher des Verteidigungsministeriums die Berichte israelischer Medien, laut denen die israelische Armee (IDF) die Einberufung von weiteren 60.000 Reservisten eingeleitet hat. Diese w\u00fcrden eingesetzt, um\u00a0den Plan des Milit\u00e4rs zur kompletten Eroberung von Gaza-Stadt umzusetzen. Zuvor erfolgte die Genehmigung seitens des\u00a0israelischen Verteidigungsministers Israel Katz.<\/p>\n<p>Die <em>Times of Israel (ToI)<\/em>\u00a0<a rel=\"nofollow noopener\" target=\"_blank\" href=\"https:\/\/www.timesofisrael.com\/60k-reservists-set-to-receive-call-up-orders-in-coming-days-ahead-of-gaza-city-takeover\/\">berichtet<\/a> zu den eingeleiteten Ma\u00dfnahmen und Details der Pl\u00e4ne seitens der Netanjahu-Administration:<\/p>\n<p><em>&#8220;Die Einberufungen erfolgten nicht sofort, sondern sollten in mehreren Wellen stattfinden. Die Mehrheit \u2013 etwa 40.000 bis 50.000 Personen \u2013 sollte am 2. September zum Dienst antreten. Eine weitere Welle sollte im November\/Dezember stattfinden, eine dritte Welle im Februar\/M\u00e4rz 2026, teilte die IDF mit.&#8221;<\/em><\/p>\n<p>Die genannte Zahl der einberufenen Reservisten kommt damit zu den Zehntausenden Reservisten hinzu, die derzeit bereits an der Seite der IDF-Soldaten im Einsatz sind.<\/p>\n<p>Laut israelischen Medien legte dazu am Dienstagabend der Stabschef der israelischen Streitkr\u00e4fte, Verteidigungsminister Katz, einen detaillierten Einsatzplan vor, der die Mobilisierung zu den\u00a0zus\u00e4tzlich bereits einberufenen 20.000 Reservisten vorsieht.<\/p>\n<p>Ausgehend der angeordneten Verl\u00e4ngerung der Dienstzeit f\u00fcr Reservisten &#8220;um 30 bis 40 Tage&#8221;, so der <em>ToI<\/em>-Artikel,\u00a0w\u00fcrde sich die Gesamtzahl &#8220;zu einem bestimmten Zeitpunkt w\u00e4hrend der Offensive auf etwa 130.000 belaufen&#8221;.<\/p>\n<p>In einer Erkl\u00e4rung des B\u00fcros von Premierminister Benjamin Netanjahu nach dem Beschluss des Sicherheitskabinetts hie\u00df es Anfang August, dass die IDF neben der\u00a0Entmilitarisierung des Gazastreifens vordergr\u00fcndig auch final\u00a0Gaza-Stadt einnehmen soll.<\/p>\n<p>Israels Milit\u00e4r kontrolliert derzeit rund 75 Prozent der Fl\u00e4che des Gazastreifens. Gaza-Stadt geh\u00f6rt zu jenen Teilen des K\u00fcstengebiets, die noch nicht unter vollst\u00e4ndiger israelischer Kontrolle sind. Die ersten Mobilisierungsbefehle werden demnach laut Medienberichten voraussichtlich ab Mittwoch erteilt. &#8220;Das Ziel ist es, die Streitkr\u00e4fte auf koordinierte Weise zu integrieren, um eine langfristige operative Stabilit\u00e4t zu gew\u00e4hrleisten&#8221;, erkl\u00e4rte eine milit\u00e4rische Quelle.<\/p>\n<p>Laut <em>Al-Jazeera<\/em>-Meldung sind bei den r\u00fccksichtslosen andauernden Angriffen der IDF seit Oktober 2023 &#8220;mindestens 18.885 Kinder&#8221; unter den mittlerweile &#8220;mehr als 62.000&#8221; Pal\u00e4stinensern, die seit Beginn des inhumanen Vorgehens durch israelische Angriffe get\u00f6tet wurden, wie das Medienb\u00fcro der Regierung in Gaza mitteilte.<\/p>\n<p><strong>Mehr zum Thema \u2013<\/strong>\u00a0<a rel=\"nofollow noopener\" target=\"_blank\" href=\"https:\/\/freedert.online\/international\/253530-europa-kann-sich-nachsicht-gegenueber-israel-nicht-laenger-leisten\/\">Europa kann sich Nachsicht gegen\u00fcber Israel nicht l\u00e4nger leisten <\/a><\/p>\n<div class=\"EmbedBlock-root EmbedBlock-externalVideo EmbedBlock-rumble\">\n<div class=\"VkEmbed\"><iframe class=\"lazyload\" data-src=\"https:\/\/rumble.com\/embed\/v6vmycg\" frameborder=\"0\" width=\"853\" height=\"480\" allowfullscreen><\/iframe><\/div>\n<\/div>\n<\/div>\n<p><br \/>\n<br \/><a href=\"https:\/\/de.rt.com\/der-nahe-osten\/253839-idf-60000-reservisten-beim-einsatz\/\">Source link <\/a><\/p>\n","protected":false},"excerpt":{"rendered":"<p>Die israelische Armee kann nach Absegnung durch den israelischen Verteidigungsminister mit weiteren 60.000 Reservisten die Pl\u00e4ne zur vollst\u00e4ndigen Besetzung von Gaza-Stadt forciert einleiten. Auf Anfrage der Nachrichtenagentur AFP best\u00e4tigte ein Sprecher des Verteidigungsministeriums die Berichte israelischer Medien, laut denen die israelische Armee (IDF) die Einberufung von weiteren 60.000 Reservisten eingeleitet hat. Diese w\u00fcrden eingesetzt, um\u00a0den [&hellip;]<\/p>\n","protected":false},"author":3,"featured_media":89142,"comment_status":"open","ping_status":"open","sticky":false,"template":"","format":"standard","meta":{"_yoast_indexnow_last_ping":["1755714792"],"wp_automatic_camp":["217"],"e1e2ff6d2cbb857f25a06c2050264074":["IDF: Weitere 60.000 Reservisten f\u00fcr Einnahme von Gaza-Stadt mobilisiert"],"original_link":["https:\/\/de.rt.com\/der-nahe-osten\/253839-idf-60000-reservisten-beim-einsatz\/"],"_thumbnail_id":["89142"],"jnews_social_counter_last_update":["1777253629"],"_wptgpro_p2tg_sent2tg":["a:1:{i:23737;s:19:\"2025-08-20 20:34:14\";}"]},"categories":[19,23],"tags":[18464,221,51062,50182,26659,33540,50,823],"yoast_head":"<!-- This site is optimized with the Yoast SEO Premium plugin v22.7 (Yoast SEO v22.7) - https:\/\/yoast.com\/wordpress\/plugins\/seo\/ -->\n<title>IDF: Weitere 60.000 Reservisten f\u00fcr Einnahme von Gaza-Stadt mobilisiert - just-now.NEWS Deutschland<\/title>\n<meta name=\"robots\" content=\"index, follow, max-snippet:-1, max-image-preview:large, max-video-preview:-1\" \/>\n<link rel=\"canonical\" href=\"https:\/\/now-news.de\/de\/deutschland\/idf-weitere-60-000-reservisten-fuer-einnahme-von-gaza-stadt-mobilisiert\/\" \/>\n<meta property=\"og:locale\" content=\"de_DE\" \/>\n<meta property=\"og:type\" content=\"article\" \/>\n<meta property=\"og:title\" content=\"IDF: Weitere 60.000 Reservisten f\u00fcr Einnahme von Gaza-Stadt mobilisiert\" \/>\n<meta property=\"og:description\" content=\"Die israelische Armee kann nach Absegnung durch den israelischen Verteidigungsminister mit weiteren 60.000 Reservisten die Pl\u00e4ne zur vollst\u00e4ndigen Besetzung von Gaza-Stadt forciert einleiten. Auf Anfrage der Nachrichtenagentur AFP best\u00e4tigte ein Sprecher des Verteidigungsministeriums die Berichte israelischer Medien, laut denen die israelische Armee (IDF) die Einberufung von weiteren 60.000 Reservisten eingeleitet hat. Diese w\u00fcrden eingesetzt, um\u00a0den [&hellip;]\" \/>\n<meta property=\"og:url\" content=\"https:\/\/now-news.de\/de\/deutschland\/idf-weitere-60-000-reservisten-fuer-einnahme-von-gaza-stadt-mobilisiert\/\" \/>\n<meta property=\"og:site_name\" content=\"just-now.NEWS Deutschland\" \/>\n<meta property=\"article:publisher\" content=\"https:\/\/www.facebook.com\/wirmachenauf\" \/>\n<meta property=\"article:published_time\" content=\"2025-08-20T18:21:11+00:00\" \/>\n<meta property=\"og:image\" content=\"https:\/\/now-news.de\/de\/wp-content\/uploads\/sites\/3\/2025\/08\/68a580a248fbef295c65c6e5.jpg\" \/>\n<meta name=\"author\" content=\"rtnews\" \/>\n<meta name=\"twitter:card\" content=\"summary_large_image\" \/>\n<meta name=\"twitter:creator\" content=\"@WirMachenAuf_de\" \/>\n<meta name=\"twitter:site\" content=\"@WirMachenAuf_de\" \/>\n<meta name=\"twitter:label1\" content=\"Verfasst von\" \/>\n\t<meta name=\"twitter:data1\" content=\"rtnews\" \/>\n\t<meta name=\"twitter:label2\" content=\"Gesch\u00e4tzte Lesezeit\" \/>\n\t<meta name=\"twitter:data2\" content=\"2\u00a0Minuten\" \/>\n<script type=\"application\/ld+json\" class=\"yoast-schema-graph\">{\"@context\":\"https:\/\/schema.org\",\"@graph\":[{\"@type\":\"Article\",\"@id\":\"https:\/\/now-news.de\/de\/deutschland\/idf-weitere-60-000-reservisten-fuer-einnahme-von-gaza-stadt-mobilisiert\/#article\",\"isPartOf\":{\"@id\":\"https:\/\/now-news.de\/de\/deutschland\/idf-weitere-60-000-reservisten-fuer-einnahme-von-gaza-stadt-mobilisiert\/\"},\"author\":{\"name\":\"rtnews\",\"@id\":\"https:\/\/now-news.de\/de\/#\/schema\/person\/fb534a4e865501d8b3285208df34a9b5\"},\"headline\":\"IDF: Weitere 60.000 Reservisten f\u00fcr Einnahme von Gaza-Stadt mobilisiert\",\"datePublished\":\"2025-08-20T18:21:11+00:00\",\"dateModified\":\"2025-08-20T18:21:11+00:00\",\"mainEntityOfPage\":{\"@id\":\"https:\/\/now-news.de\/de\/deutschland\/idf-weitere-60-000-reservisten-fuer-einnahme-von-gaza-stadt-mobilisiert\/\"},\"wordCount\":396,\"commentCount\":0,\"publisher\":{\"@id\":\"https:\/\/now-news.de\/de\/#organization\"},\"image\":{\"@id\":\"https:\/\/now-news.de\/de\/deutschland\/idf-weitere-60-000-reservisten-fuer-einnahme-von-gaza-stadt-mobilisiert\/#primaryimage\"},\"thumbnailUrl\":\"https:\/\/now-news.de\/de\/wp-content\/uploads\/sites\/3\/2025\/08\/IDF-Weitere-60000-Reservisten-fuer-Einnahme-von-Gaza-Stadt-mobilisiert.jpg\",\"keywords\":[\"Einnahme\",\"f\u00fcr\",\"GazaStadt\",\"IDF\",\"mobilisiert\",\"Reservisten\",\"von\",\"weitere\"],\"articleSection\":[\"Deutschland\",\"Russland\"],\"inLanguage\":\"de\",\"potentialAction\":[{\"@type\":\"CommentAction\",\"name\":\"Comment\",\"target\":[\"https:\/\/now-news.de\/de\/deutschland\/idf-weitere-60-000-reservisten-fuer-einnahme-von-gaza-stadt-mobilisiert\/#respond\"]}]},{\"@type\":\"WebPage\",\"@id\":\"https:\/\/now-news.de\/de\/deutschland\/idf-weitere-60-000-reservisten-fuer-einnahme-von-gaza-stadt-mobilisiert\/\",\"url\":\"https:\/\/now-news.de\/de\/deutschland\/idf-weitere-60-000-reservisten-fuer-einnahme-von-gaza-stadt-mobilisiert\/\",\"name\":\"IDF: Weitere 60.000 Reservisten f\u00fcr Einnahme von Gaza-Stadt mobilisiert - just-now.NEWS Deutschland\",\"isPartOf\":{\"@id\":\"https:\/\/now-news.de\/de\/#website\"},\"primaryImageOfPage\":{\"@id\":\"https:\/\/now-news.de\/de\/deutschland\/idf-weitere-60-000-reservisten-fuer-einnahme-von-gaza-stadt-mobilisiert\/#primaryimage\"},\"image\":{\"@id\":\"https:\/\/now-news.de\/de\/deutschland\/idf-weitere-60-000-reservisten-fuer-einnahme-von-gaza-stadt-mobilisiert\/#primaryimage\"},\"thumbnailUrl\":\"https:\/\/now-news.de\/de\/wp-content\/uploads\/sites\/3\/2025\/08\/IDF-Weitere-60000-Reservisten-fuer-Einnahme-von-Gaza-Stadt-mobilisiert.jpg\",\"datePublished\":\"2025-08-20T18:21:11+00:00\",\"dateModified\":\"2025-08-20T18:21:11+00:00\",\"breadcrumb\":{\"@id\":\"https:\/\/now-news.de\/de\/deutschland\/idf-weitere-60-000-reservisten-fuer-einnahme-von-gaza-stadt-mobilisiert\/#breadcrumb\"},\"inLanguage\":\"de\",\"potentialAction\":[{\"@type\":\"ReadAction\",\"target\":[\"https:\/\/now-news.de\/de\/deutschland\/idf-weitere-60-000-reservisten-fuer-einnahme-von-gaza-stadt-mobilisiert\/\"]}]},{\"@type\":\"ImageObject\",\"inLanguage\":\"de\",\"@id\":\"https:\/\/now-news.de\/de\/deutschland\/idf-weitere-60-000-reservisten-fuer-einnahme-von-gaza-stadt-mobilisiert\/#primaryimage\",\"url\":\"https:\/\/now-news.de\/de\/wp-content\/uploads\/sites\/3\/2025\/08\/IDF-Weitere-60000-Reservisten-fuer-Einnahme-von-Gaza-Stadt-mobilisiert.jpg\",\"contentUrl\":\"https:\/\/now-news.de\/de\/wp-content\/uploads\/sites\/3\/2025\/08\/IDF-Weitere-60000-Reservisten-fuer-Einnahme-von-Gaza-Stadt-mobilisiert.jpg\",\"width\":460,\"height\":259,\"caption\":\"IDF: Weitere 60.000 Reservisten f\u00fcr Einnahme von Gaza-Stadt mobilisiert\"},{\"@type\":\"BreadcrumbList\",\"@id\":\"https:\/\/now-news.de\/de\/deutschland\/idf-weitere-60-000-reservisten-fuer-einnahme-von-gaza-stadt-mobilisiert\/#breadcrumb\",\"itemListElement\":[{\"@type\":\"ListItem\",\"position\":1,\"name\":\"Home\",\"item\":\"https:\/\/now-news.de\/de\/\"},{\"@type\":\"ListItem\",\"position\":2,\"name\":\"IDF: Weitere 60.000 Reservisten f\u00fcr Einnahme von Gaza-Stadt mobilisiert\"}]},{\"@type\":\"WebSite\",\"@id\":\"https:\/\/now-news.de\/de\/#website\",\"url\":\"https:\/\/now-news.de\/de\/\",\"name\":\"just-now.NEWS Deutschland\",\"description\":\"Das Portal f\u00fcr unzensierte Nachrichten aus der Welt\",\"publisher\":{\"@id\":\"https:\/\/now-news.de\/de\/#organization\"},\"potentialAction\":[{\"@type\":\"SearchAction\",\"target\":{\"@type\":\"EntryPoint\",\"urlTemplate\":\"https:\/\/now-news.de\/de\/?s={search_term_string}\"},\"query-input\":\"required name=search_term_string\"}],\"inLanguage\":\"de\"},{\"@type\":\"Organization\",\"@id\":\"https:\/\/now-news.de\/de\/#organization\",\"name\":\"Just Now News\",\"url\":\"https:\/\/now-news.de\/de\/\",\"logo\":{\"@type\":\"ImageObject\",\"inLanguage\":\"de\",\"@id\":\"https:\/\/now-news.de\/de\/#\/schema\/logo\/image\/\",\"url\":\"http:\/\/just-now.news\/de\/wp-content\/uploads\/sites\/3\/2022\/04\/logo500x500.jpg\",\"contentUrl\":\"http:\/\/just-now.news\/de\/wp-content\/uploads\/sites\/3\/2022\/04\/logo500x500.jpg\",\"width\":500,\"height\":500,\"caption\":\"Just Now News\"},\"image\":{\"@id\":\"https:\/\/now-news.de\/de\/#\/schema\/logo\/image\/\"},\"sameAs\":[\"https:\/\/www.facebook.com\/wirmachenauf\",\"https:\/\/x.com\/WirMachenAuf_de\"]},{\"@type\":\"Person\",\"@id\":\"https:\/\/now-news.de\/de\/#\/schema\/person\/fb534a4e865501d8b3285208df34a9b5\",\"name\":\"rtnews\",\"image\":{\"@type\":\"ImageObject\",\"inLanguage\":\"de\",\"@id\":\"https:\/\/now-news.de\/de\/#\/schema\/person\/image\/\",\"url\":\"https:\/\/secure.gravatar.com\/avatar\/82aafea7d8127119dd649515f56e2117?s=96&d=mm&r=g\",\"contentUrl\":\"https:\/\/secure.gravatar.com\/avatar\/82aafea7d8127119dd649515f56e2117?s=96&d=mm&r=g\",\"caption\":\"rtnews\"},\"url\":\"https:\/\/now-news.de\/de\/author\/rnews\/\"}]}<\/script>\n<!-- \/ Yoast SEO Premium plugin. -->","yoast_head_json":{"title":"IDF: Weitere 60.000 Reservisten f\u00fcr Einnahme von Gaza-Stadt mobilisiert - just-now.NEWS Deutschland","robots":{"index":"index","follow":"follow","max-snippet":"max-snippet:-1","max-image-preview":"max-image-preview:large","max-video-preview":"max-video-preview:-1"},"canonical":"https:\/\/now-news.de\/de\/deutschland\/idf-weitere-60-000-reservisten-fuer-einnahme-von-gaza-stadt-mobilisiert\/","og_locale":"de_DE","og_type":"article","og_title":"IDF: Weitere 60.000 Reservisten f\u00fcr Einnahme von Gaza-Stadt mobilisiert","og_description":"Die israelische Armee kann nach Absegnung durch den israelischen Verteidigungsminister mit weiteren 60.000 Reservisten die Pl\u00e4ne zur vollst\u00e4ndigen Besetzung von Gaza-Stadt forciert einleiten. Auf Anfrage der Nachrichtenagentur AFP best\u00e4tigte ein Sprecher des Verteidigungsministeriums die Berichte israelischer Medien, laut denen die israelische Armee (IDF) die Einberufung von weiteren 60.000 Reservisten eingeleitet hat. Diese w\u00fcrden eingesetzt, um\u00a0den [&hellip;]","og_url":"https:\/\/now-news.de\/de\/deutschland\/idf-weitere-60-000-reservisten-fuer-einnahme-von-gaza-stadt-mobilisiert\/","og_site_name":"just-now.NEWS Deutschland","article_publisher":"https:\/\/www.facebook.com\/wirmachenauf","article_published_time":"2025-08-20T18:21:11+00:00","og_image":[{"url":"https:\/\/now-news.de\/de\/wp-content\/uploads\/sites\/3\/2025\/08\/68a580a248fbef295c65c6e5.jpg"}],"author":"rtnews","twitter_card":"summary_large_image","twitter_creator":"@WirMachenAuf_de","twitter_site":"@WirMachenAuf_de","twitter_misc":{"Verfasst von":"rtnews","Gesch\u00e4tzte Lesezeit":"2\u00a0Minuten"},"schema":{"@context":"https:\/\/schema.org","@graph":[{"@type":"Article","@id":"https:\/\/now-news.de\/de\/deutschland\/idf-weitere-60-000-reservisten-fuer-einnahme-von-gaza-stadt-mobilisiert\/#article","isPartOf":{"@id":"https:\/\/now-news.de\/de\/deutschland\/idf-weitere-60-000-reservisten-fuer-einnahme-von-gaza-stadt-mobilisiert\/"},"author":{"name":"rtnews","@id":"https:\/\/now-news.de\/de\/#\/schema\/person\/fb534a4e865501d8b3285208df34a9b5"},"headline":"IDF: Weitere 60.000 Reservisten f\u00fcr Einnahme von Gaza-Stadt mobilisiert","datePublished":"2025-08-20T18:21:11+00:00","dateModified":"2025-08-20T18:21:11+00:00","mainEntityOfPage":{"@id":"https:\/\/now-news.de\/de\/deutschland\/idf-weitere-60-000-reservisten-fuer-einnahme-von-gaza-stadt-mobilisiert\/"},"wordCount":396,"commentCount":0,"publisher":{"@id":"https:\/\/now-news.de\/de\/#organization"},"image":{"@id":"https:\/\/now-news.de\/de\/deutschland\/idf-weitere-60-000-reservisten-fuer-einnahme-von-gaza-stadt-mobilisiert\/#primaryimage"},"thumbnailUrl":"https:\/\/now-news.de\/de\/wp-content\/uploads\/sites\/3\/2025\/08\/IDF-Weitere-60000-Reservisten-fuer-Einnahme-von-Gaza-Stadt-mobilisiert.jpg","keywords":["Einnahme","f\u00fcr","GazaStadt","IDF","mobilisiert","Reservisten","von","weitere"],"articleSection":["Deutschland","Russland"],"inLanguage":"de","potentialAction":[{"@type":"CommentAction","name":"Comment","target":["https:\/\/now-news.de\/de\/deutschland\/idf-weitere-60-000-reservisten-fuer-einnahme-von-gaza-stadt-mobilisiert\/#respond"]}]},{"@type":"WebPage","@id":"https:\/\/now-news.de\/de\/deutschland\/idf-weitere-60-000-reservisten-fuer-einnahme-von-gaza-stadt-mobilisiert\/","url":"https:\/\/now-news.de\/de\/deutschland\/idf-weitere-60-000-reservisten-fuer-einnahme-von-gaza-stadt-mobilisiert\/","name":"IDF: Weitere 60.000 Reservisten f\u00fcr Einnahme von Gaza-Stadt mobilisiert - just-now.NEWS Deutschland","isPartOf":{"@id":"https:\/\/now-news.de\/de\/#website"},"primaryImageOfPage":{"@id":"https:\/\/now-news.de\/de\/deutschland\/idf-weitere-60-000-reservisten-fuer-einnahme-von-gaza-stadt-mobilisiert\/#primaryimage"},"image":{"@id":"https:\/\/now-news.de\/de\/deutschland\/idf-weitere-60-000-reservisten-fuer-einnahme-von-gaza-stadt-mobilisiert\/#primaryimage"},"thumbnailUrl":"https:\/\/now-news.de\/de\/wp-content\/uploads\/sites\/3\/2025\/08\/IDF-Weitere-60000-Reservisten-fuer-Einnahme-von-Gaza-Stadt-mobilisiert.jpg","datePublished":"2025-08-20T18:21:11+00:00","dateModified":"2025-08-20T18:21:11+00:00","breadcrumb":{"@id":"https:\/\/now-news.de\/de\/deutschland\/idf-weitere-60-000-reservisten-fuer-einnahme-von-gaza-stadt-mobilisiert\/#breadcrumb"},"inLanguage":"de","potentialAction":[{"@type":"ReadAction","target":["https:\/\/now-news.de\/de\/deutschland\/idf-weitere-60-000-reservisten-fuer-einnahme-von-gaza-stadt-mobilisiert\/"]}]},{"@type":"ImageObject","inLanguage":"de","@id":"https:\/\/now-news.de\/de\/deutschland\/idf-weitere-60-000-reservisten-fuer-einnahme-von-gaza-stadt-mobilisiert\/#primaryimage","url":"https:\/\/now-news.de\/de\/wp-content\/uploads\/sites\/3\/2025\/08\/IDF-Weitere-60000-Reservisten-fuer-Einnahme-von-Gaza-Stadt-mobilisiert.jpg","contentUrl":"https:\/\/now-news.de\/de\/wp-content\/uploads\/sites\/3\/2025\/08\/IDF-Weitere-60000-Reservisten-fuer-Einnahme-von-Gaza-Stadt-mobilisiert.jpg","width":460,"height":259,"caption":"IDF: Weitere 60.000 Reservisten f\u00fcr Einnahme von Gaza-Stadt mobilisiert"},{"@type":"BreadcrumbList","@id":"https:\/\/now-news.de\/de\/deutschland\/idf-weitere-60-000-reservisten-fuer-einnahme-von-gaza-stadt-mobilisiert\/#breadcrumb","itemListElement":[{"@type":"ListItem","position":1,"name":"Home","item":"https:\/\/now-news.de\/de\/"},{"@type":"ListItem","position":2,"name":"IDF: Weitere 60.000 Reservisten f\u00fcr Einnahme von Gaza-Stadt mobilisiert"}]},{"@type":"WebSite","@id":"https:\/\/now-news.de\/de\/#website","url":"https:\/\/now-news.de\/de\/","name":"just-now.NEWS Deutschland","description":"Das Portal f\u00fcr unzensierte Nachrichten aus der Welt","publisher":{"@id":"https:\/\/now-news.de\/de\/#organization"},"potentialAction":[{"@type":"SearchAction","target":{"@type":"EntryPoint","urlTemplate":"https:\/\/now-news.de\/de\/?s={search_term_string}"},"query-input":"required name=search_term_string"}],"inLanguage":"de"},{"@type":"Organization","@id":"https:\/\/now-news.de\/de\/#organization","name":"Just Now News","url":"https:\/\/now-news.de\/de\/","logo":{"@type":"ImageObject","inLanguage":"de","@id":"https:\/\/now-news.de\/de\/#\/schema\/logo\/image\/","url":"http:\/\/just-now.news\/de\/wp-content\/uploads\/sites\/3\/2022\/04\/logo500x500.jpg","contentUrl":"http:\/\/just-now.news\/de\/wp-content\/uploads\/sites\/3\/2022\/04\/logo500x500.jpg","width":500,"height":500,"caption":"Just Now News"},"image":{"@id":"https:\/\/now-news.de\/de\/#\/schema\/logo\/image\/"},"sameAs":["https:\/\/www.facebook.com\/wirmachenauf","https:\/\/x.com\/WirMachenAuf_de"]},{"@type":"Person","@id":"https:\/\/now-news.de\/de\/#\/schema\/person\/fb534a4e865501d8b3285208df34a9b5","name":"rtnews","image":{"@type":"ImageObject","inLanguage":"de","@id":"https:\/\/now-news.de\/de\/#\/schema\/person\/image\/","url":"https:\/\/secure.gravatar.com\/avatar\/82aafea7d8127119dd649515f56e2117?s=96&d=mm&r=g","contentUrl":"https:\/\/secure.gravatar.com\/avatar\/82aafea7d8127119dd649515f56e2117?s=96&d=mm&r=g","caption":"rtnews"},"url":"https:\/\/now-news.de\/de\/author\/rnews\/"}]}},"_links":{"self":[{"href":"https:\/\/now-news.de\/de\/wp-json\/wp\/v2\/posts\/89141"}],"collection":[{"href":"https:\/\/now-news.de\/de\/wp-json\/wp\/v2\/posts"}],"about":[{"href":"https:\/\/now-news.de\/de\/wp-json\/wp\/v2\/types\/post"}],"author":[{"embeddable":true,"href":"https:\/\/now-news.de\/de\/wp-json\/wp\/v2\/users\/3"}],"replies":[{"embeddable":true,"href":"https:\/\/now-news.de\/de\/wp-json\/wp\/v2\/comments?post=89141"}],"version-history":[{"count":0,"href":"https:\/\/now-news.de\/de\/wp-json\/wp\/v2\/posts\/89141\/revisions"}],"wp:featuredmedia":[{"embeddable":true,"href":"https:\/\/now-news.de\/de\/wp-json\/wp\/v2\/media\/89142"}],"wp:attachment":[{"href":"https:\/\/now-news.de\/de\/wp-json\/wp\/v2\/media?parent=89141"}],"wp:term":[{"taxonomy":"category","embeddable":true,"href":"https:\/\/now-news.de\/de\/wp-json\/wp\/v2\/categories?post=89141"},{"taxonomy":"post_tag","embeddable":true,"href":"https:\/\/now-news.de\/de\/wp-json\/wp\/v2\/tags?post=89141"}],"curies":[{"name":"wp","href":"https:\/\/api.w.org\/{rel}","templated":true}]}}