{"id":89124,"date":"2025-08-20T16:12:47","date_gmt":"2025-08-20T14:12:47","guid":{"rendered":"https:\/\/now-news.de\/de\/deutschland\/norwegen-sohn-von-mette-marit-wegen-vergewaltigung-und-missbrauchs-angeklagt\/"},"modified":"2025-08-20T16:12:47","modified_gmt":"2025-08-20T14:12:47","slug":"norwegen-sohn-von-mette-marit-wegen-vergewaltigung-und-missbrauchs-angeklagt","status":"publish","type":"post","link":"https:\/\/now-news.de\/de\/deutschland\/norwegen-sohn-von-mette-marit-wegen-vergewaltigung-und-missbrauchs-angeklagt\/","title":{"rendered":"Norwegen: Sohn von Mette-Marit wegen Vergewaltigung und Missbrauchs angeklagt"},"content":{"rendered":"<p><img decoding=\"async\" src=\"https:\/\/now-news.de\/de\/wp-content\/uploads\/sites\/3\/2025\/08\/68a593d548fbef2d4229db52.jpg\" \/><\/p>\n<div class=\"Text-root Text-type_1 \">\n                Marius Borg H\u00f8iby, \u00e4ltester Sohn der Kronprinzessin Mette-Marit, steht wegen mehrfacher Vergewaltigung, sexuellem Missbrauch und weiterer Straftaten vor Gericht. Er bestreitet die Vorw\u00fcrfe. Der Prozess soll Anfang n\u00e4chsten Jahres beginnen.\n            <\/div>\n<p><\/p>\n<div class=\"Text-root Text-type_5 ArticleView-text ViewText-root \">\n<p data-start=\"482\" data-end=\"776\">Marius Borg H\u00f8iby, 28, ist wegen mehrfacher Vergewaltigung und sexuellen Missbrauchs angeklagt. Die Anklage umfasst insgesamt 32 Straftaten, darunter Missbrauch in engen Beziehungen, Todesdrohungen und Verkehrsverst\u00f6\u00dfe. Bei einer Verurteilung drohen ihm bis zu zehn Jahre Haft.<\/p>\n<p data-start=\"778\" data-end=\"1124\">Die Ermittlungen begannen im August 2024 nach H\u00f8ibys Festnahme nach einer Auseinandersetzung mit einer Ex-Freundin in Oslo. Die Polizei \u00fcberpr\u00fcfte Tausende von Mediendateien und Nachrichten und befragte mehrere Zeugen.<\/p>\n<p data-start=\"778\" data-end=\"1124\">Bei einer Durchsuchung stellten die Beh\u00f6rden explizite Videos und Bilder mehrerer Frauen sicher, die zu den Anklagen f\u00fchrten.<\/p>\n<p data-start=\"1126\" data-end=\"1436\">H\u00f8iby gab nach seiner ersten Festnahme an, zum Zeitpunkt des Vorfalls betrunken und unter Drogeneinfluss gewesen zu sein, und begann eine Therapie zur Suchtbehandlung. Im September wurde er erneut wegen Versto\u00dfes gegen eine einstweilige Verf\u00fcgung festgenommen, im November wegen Verdachts auf Vergewaltigung.<\/p>\n<p data-start=\"1438\" data-end=\"1726\">H\u00f8iby ist 2001 im Alter von vier Jahren durch die Heirat seiner Mutter in die k\u00f6nigliche Familie gekommen. Er hat keinen k\u00f6niglichen Titel und keine offiziellen Pflichten. Er wuchs zusammen mit den Kindern des Kronprinzenpaares, Prinzessin Ingrid Alexandra und Prinz Sverre Magnus, auf.<\/p>\n<p data-start=\"1728\" data-end=\"1969\">Das norwegische K\u00f6nigshaus \u00fcberl\u00e4sst die Entscheidung \u00fcber den Fall den Gerichten. Kronprinz Haakon bezeichnet die Situation als schwierig, betont die Fortf\u00fchrung der k\u00f6niglichen Pflichten und nennt die Lage f\u00fcr alle Beteiligten belastend.<\/p>\n<p data-start=\"73\" data-end=\"402\">Trotz der Anklage, die Gerechtigkeit verspricht, bleibt der Fall f\u00fcr alle Beteiligten eine enorme Belastung. Marius Borg H\u00f8iby pl\u00e4diert in den meisten Verfahren auf unschuldig. Im Verlauf der Ermittlungen weitete die Polizei die Anschuldigungen gegen Mette-Marits Sohn zunehmend aus. Er wurde mehrfach festgenommen und verh\u00f6rt.<\/p>\n<p data-start=\"404\" data-end=\"822\">Marius Borg H\u00f8iby geh\u00f6rt zwar zur K\u00f6nigsfamilie, tr\u00e4gt jedoch keinen Prinzentitel und ist kein offizielles Mitglied des norwegischen K\u00f6nigshauses. Dennoch stehen die royalen Schlagzeilen in Norwegen seit etwa einem Jahr immer wieder im Zusammenhang mit ihm.<\/p>\n<p data-start=\"1728\" data-end=\"1969\"><strong>Mehr zum Thema<\/strong>\u00a0\u2013\u00a0<a rel=\"nofollow noopener\" target=\"_blank\" href=\"https:\/\/freedert.online\/international\/159149-britischer-general-zu-taliban-aussage-von-prinz-harry-naiv-und-dumm\/\">Prinz Harry prahlt in Memoiren mit T\u00f6tung von Taliban-K\u00e4mpfern \u2013 Britischer General: &#8220;Naiv und dumm&#8221;<\/a><\/p>\n<div class=\"EmbedBlock-root EmbedBlock-externalVideo EmbedBlock-rumble\">\n<div class=\"VkEmbed\"><iframe class=\"lazyload\" data-src=\"https:\/\/rumble.com\/embed\/v4a903l\" frameborder=\"0\" width=\"853\" height=\"480\" allowfullscreen><\/iframe><\/div>\n<\/div>\n<\/div>\n<p><br \/>\n<br \/><a href=\"https:\/\/de.rt.com\/europa\/253849-sohn-norwegischen-kronprinzessin-wegen-vergewaltigung\/\">Source link <\/a><\/p>\n","protected":false},"excerpt":{"rendered":"<p>Marius Borg H\u00f8iby, \u00e4ltester Sohn der Kronprinzessin Mette-Marit, steht wegen mehrfacher Vergewaltigung, sexuellem Missbrauch und weiterer Straftaten vor Gericht. Er bestreitet die Vorw\u00fcrfe. Der Prozess soll Anfang n\u00e4chsten Jahres beginnen. Marius Borg H\u00f8iby, 28, ist wegen mehrfacher Vergewaltigung und sexuellen Missbrauchs angeklagt. Die Anklage umfasst insgesamt 32 Straftaten, darunter Missbrauch in engen Beziehungen, Todesdrohungen und [&hellip;]<\/p>\n","protected":false},"author":3,"featured_media":89125,"comment_status":"open","ping_status":"open","sticky":false,"template":"","format":"standard","meta":{"_yoast_indexnow_last_ping":["1755701350"],"wp_automatic_camp":["217"],"7c91892b7ef6cca196504e3e13b8bc09":["Norwegen: Sohn von Mette-Marit wegen Vergewaltigung und Missbrauchs angeklagt"],"original_link":["https:\/\/de.rt.com\/europa\/253849-sohn-norwegischen-kronprinzessin-wegen-vergewaltigung\/"],"_thumbnail_id":["89125"],"jnews_social_counter_last_update":["1777696772"],"_wptgpro_p2tg_sent2tg":["a:1:{i:23737;s:19:\"2025-08-20 16:50:12\";}"]},"categories":[19,23],"tags":[8172,67157,13331,21465,19545,140,20075,50,145],"yoast_head":"<!-- This site is optimized with the Yoast SEO Premium plugin v22.7 (Yoast SEO v22.7) - https:\/\/yoast.com\/wordpress\/plugins\/seo\/ -->\n<title>Norwegen: Sohn von Mette-Marit wegen Vergewaltigung und Missbrauchs angeklagt - just-now.NEWS Deutschland<\/title>\n<meta name=\"robots\" content=\"index, follow, max-snippet:-1, max-image-preview:large, max-video-preview:-1\" \/>\n<link rel=\"canonical\" href=\"https:\/\/now-news.de\/de\/deutschland\/norwegen-sohn-von-mette-marit-wegen-vergewaltigung-und-missbrauchs-angeklagt\/\" \/>\n<meta property=\"og:locale\" content=\"de_DE\" \/>\n<meta property=\"og:type\" content=\"article\" \/>\n<meta property=\"og:title\" content=\"Norwegen: Sohn von Mette-Marit wegen Vergewaltigung und Missbrauchs angeklagt\" \/>\n<meta property=\"og:description\" content=\"Marius Borg H\u00f8iby, \u00e4ltester Sohn der Kronprinzessin Mette-Marit, steht wegen mehrfacher Vergewaltigung, sexuellem Missbrauch und weiterer Straftaten vor Gericht. Er bestreitet die Vorw\u00fcrfe. Der Prozess soll Anfang n\u00e4chsten Jahres beginnen. Marius Borg H\u00f8iby, 28, ist wegen mehrfacher Vergewaltigung und sexuellen Missbrauchs angeklagt. Die Anklage umfasst insgesamt 32 Straftaten, darunter Missbrauch in engen Beziehungen, Todesdrohungen und [&hellip;]\" \/>\n<meta property=\"og:url\" content=\"https:\/\/now-news.de\/de\/deutschland\/norwegen-sohn-von-mette-marit-wegen-vergewaltigung-und-missbrauchs-angeklagt\/\" \/>\n<meta property=\"og:site_name\" content=\"just-now.NEWS Deutschland\" \/>\n<meta property=\"article:publisher\" content=\"https:\/\/www.facebook.com\/wirmachenauf\" \/>\n<meta property=\"article:published_time\" content=\"2025-08-20T14:12:47+00:00\" \/>\n<meta property=\"og:image\" content=\"https:\/\/now-news.de\/de\/wp-content\/uploads\/sites\/3\/2025\/08\/68a593d548fbef2d4229db52.jpg\" \/>\n<meta name=\"author\" content=\"rtnews\" \/>\n<meta name=\"twitter:card\" content=\"summary_large_image\" \/>\n<meta name=\"twitter:creator\" content=\"@WirMachenAuf_de\" \/>\n<meta name=\"twitter:site\" content=\"@WirMachenAuf_de\" \/>\n<meta name=\"twitter:label1\" content=\"Verfasst von\" \/>\n\t<meta name=\"twitter:data1\" content=\"rtnews\" \/>\n\t<meta name=\"twitter:label2\" content=\"Gesch\u00e4tzte Lesezeit\" \/>\n\t<meta name=\"twitter:data2\" content=\"2\u00a0Minuten\" \/>\n<script type=\"application\/ld+json\" class=\"yoast-schema-graph\">{\"@context\":\"https:\/\/schema.org\",\"@graph\":[{\"@type\":\"Article\",\"@id\":\"https:\/\/now-news.de\/de\/deutschland\/norwegen-sohn-von-mette-marit-wegen-vergewaltigung-und-missbrauchs-angeklagt\/#article\",\"isPartOf\":{\"@id\":\"https:\/\/now-news.de\/de\/deutschland\/norwegen-sohn-von-mette-marit-wegen-vergewaltigung-und-missbrauchs-angeklagt\/\"},\"author\":{\"name\":\"rtnews\",\"@id\":\"https:\/\/now-news.de\/de\/#\/schema\/person\/fb534a4e865501d8b3285208df34a9b5\"},\"headline\":\"Norwegen: Sohn von Mette-Marit wegen Vergewaltigung und Missbrauchs angeklagt\",\"datePublished\":\"2025-08-20T14:12:47+00:00\",\"dateModified\":\"2025-08-20T14:12:47+00:00\",\"mainEntityOfPage\":{\"@id\":\"https:\/\/now-news.de\/de\/deutschland\/norwegen-sohn-von-mette-marit-wegen-vergewaltigung-und-missbrauchs-angeklagt\/\"},\"wordCount\":367,\"commentCount\":0,\"publisher\":{\"@id\":\"https:\/\/now-news.de\/de\/#organization\"},\"image\":{\"@id\":\"https:\/\/now-news.de\/de\/deutschland\/norwegen-sohn-von-mette-marit-wegen-vergewaltigung-und-missbrauchs-angeklagt\/#primaryimage\"},\"thumbnailUrl\":\"https:\/\/now-news.de\/de\/wp-content\/uploads\/sites\/3\/2025\/08\/Norwegen-Sohn-von-Mette-Marit-wegen-Vergewaltigung-und-Missbrauchs-angeklagt.jpg\",\"keywords\":[\"angeklagt\",\"MetteMarit\",\"Missbrauchs\",\"Norwegen\",\"Sohn\",\"und\",\"Vergewaltigung\",\"von\",\"wegen\"],\"articleSection\":[\"Deutschland\",\"Russland\"],\"inLanguage\":\"de\",\"potentialAction\":[{\"@type\":\"CommentAction\",\"name\":\"Comment\",\"target\":[\"https:\/\/now-news.de\/de\/deutschland\/norwegen-sohn-von-mette-marit-wegen-vergewaltigung-und-missbrauchs-angeklagt\/#respond\"]}]},{\"@type\":\"WebPage\",\"@id\":\"https:\/\/now-news.de\/de\/deutschland\/norwegen-sohn-von-mette-marit-wegen-vergewaltigung-und-missbrauchs-angeklagt\/\",\"url\":\"https:\/\/now-news.de\/de\/deutschland\/norwegen-sohn-von-mette-marit-wegen-vergewaltigung-und-missbrauchs-angeklagt\/\",\"name\":\"Norwegen: Sohn von Mette-Marit wegen Vergewaltigung und Missbrauchs angeklagt - just-now.NEWS Deutschland\",\"isPartOf\":{\"@id\":\"https:\/\/now-news.de\/de\/#website\"},\"primaryImageOfPage\":{\"@id\":\"https:\/\/now-news.de\/de\/deutschland\/norwegen-sohn-von-mette-marit-wegen-vergewaltigung-und-missbrauchs-angeklagt\/#primaryimage\"},\"image\":{\"@id\":\"https:\/\/now-news.de\/de\/deutschland\/norwegen-sohn-von-mette-marit-wegen-vergewaltigung-und-missbrauchs-angeklagt\/#primaryimage\"},\"thumbnailUrl\":\"https:\/\/now-news.de\/de\/wp-content\/uploads\/sites\/3\/2025\/08\/Norwegen-Sohn-von-Mette-Marit-wegen-Vergewaltigung-und-Missbrauchs-angeklagt.jpg\",\"datePublished\":\"2025-08-20T14:12:47+00:00\",\"dateModified\":\"2025-08-20T14:12:47+00:00\",\"breadcrumb\":{\"@id\":\"https:\/\/now-news.de\/de\/deutschland\/norwegen-sohn-von-mette-marit-wegen-vergewaltigung-und-missbrauchs-angeklagt\/#breadcrumb\"},\"inLanguage\":\"de\",\"potentialAction\":[{\"@type\":\"ReadAction\",\"target\":[\"https:\/\/now-news.de\/de\/deutschland\/norwegen-sohn-von-mette-marit-wegen-vergewaltigung-und-missbrauchs-angeklagt\/\"]}]},{\"@type\":\"ImageObject\",\"inLanguage\":\"de\",\"@id\":\"https:\/\/now-news.de\/de\/deutschland\/norwegen-sohn-von-mette-marit-wegen-vergewaltigung-und-missbrauchs-angeklagt\/#primaryimage\",\"url\":\"https:\/\/now-news.de\/de\/wp-content\/uploads\/sites\/3\/2025\/08\/Norwegen-Sohn-von-Mette-Marit-wegen-Vergewaltigung-und-Missbrauchs-angeklagt.jpg\",\"contentUrl\":\"https:\/\/now-news.de\/de\/wp-content\/uploads\/sites\/3\/2025\/08\/Norwegen-Sohn-von-Mette-Marit-wegen-Vergewaltigung-und-Missbrauchs-angeklagt.jpg\",\"width\":460,\"height\":259,\"caption\":\"Norwegen: Sohn von Mette-Marit wegen Vergewaltigung und Missbrauchs angeklagt\"},{\"@type\":\"BreadcrumbList\",\"@id\":\"https:\/\/now-news.de\/de\/deutschland\/norwegen-sohn-von-mette-marit-wegen-vergewaltigung-und-missbrauchs-angeklagt\/#breadcrumb\",\"itemListElement\":[{\"@type\":\"ListItem\",\"position\":1,\"name\":\"Home\",\"item\":\"https:\/\/now-news.de\/de\/\"},{\"@type\":\"ListItem\",\"position\":2,\"name\":\"Norwegen: Sohn von Mette-Marit wegen Vergewaltigung und Missbrauchs angeklagt\"}]},{\"@type\":\"WebSite\",\"@id\":\"https:\/\/now-news.de\/de\/#website\",\"url\":\"https:\/\/now-news.de\/de\/\",\"name\":\"just-now.NEWS Deutschland\",\"description\":\"Das Portal f\u00fcr unzensierte Nachrichten aus der Welt\",\"publisher\":{\"@id\":\"https:\/\/now-news.de\/de\/#organization\"},\"potentialAction\":[{\"@type\":\"SearchAction\",\"target\":{\"@type\":\"EntryPoint\",\"urlTemplate\":\"https:\/\/now-news.de\/de\/?s={search_term_string}\"},\"query-input\":\"required name=search_term_string\"}],\"inLanguage\":\"de\"},{\"@type\":\"Organization\",\"@id\":\"https:\/\/now-news.de\/de\/#organization\",\"name\":\"Just Now News\",\"url\":\"https:\/\/now-news.de\/de\/\",\"logo\":{\"@type\":\"ImageObject\",\"inLanguage\":\"de\",\"@id\":\"https:\/\/now-news.de\/de\/#\/schema\/logo\/image\/\",\"url\":\"http:\/\/just-now.news\/de\/wp-content\/uploads\/sites\/3\/2022\/04\/logo500x500.jpg\",\"contentUrl\":\"http:\/\/just-now.news\/de\/wp-content\/uploads\/sites\/3\/2022\/04\/logo500x500.jpg\",\"width\":500,\"height\":500,\"caption\":\"Just Now News\"},\"image\":{\"@id\":\"https:\/\/now-news.de\/de\/#\/schema\/logo\/image\/\"},\"sameAs\":[\"https:\/\/www.facebook.com\/wirmachenauf\",\"https:\/\/x.com\/WirMachenAuf_de\"]},{\"@type\":\"Person\",\"@id\":\"https:\/\/now-news.de\/de\/#\/schema\/person\/fb534a4e865501d8b3285208df34a9b5\",\"name\":\"rtnews\",\"image\":{\"@type\":\"ImageObject\",\"inLanguage\":\"de\",\"@id\":\"https:\/\/now-news.de\/de\/#\/schema\/person\/image\/\",\"url\":\"https:\/\/secure.gravatar.com\/avatar\/82aafea7d8127119dd649515f56e2117?s=96&d=mm&r=g\",\"contentUrl\":\"https:\/\/secure.gravatar.com\/avatar\/82aafea7d8127119dd649515f56e2117?s=96&d=mm&r=g\",\"caption\":\"rtnews\"},\"url\":\"https:\/\/now-news.de\/de\/author\/rnews\/\"}]}<\/script>\n<!-- \/ Yoast SEO Premium plugin. -->","yoast_head_json":{"title":"Norwegen: Sohn von Mette-Marit wegen Vergewaltigung und Missbrauchs angeklagt - just-now.NEWS Deutschland","robots":{"index":"index","follow":"follow","max-snippet":"max-snippet:-1","max-image-preview":"max-image-preview:large","max-video-preview":"max-video-preview:-1"},"canonical":"https:\/\/now-news.de\/de\/deutschland\/norwegen-sohn-von-mette-marit-wegen-vergewaltigung-und-missbrauchs-angeklagt\/","og_locale":"de_DE","og_type":"article","og_title":"Norwegen: Sohn von Mette-Marit wegen Vergewaltigung und Missbrauchs angeklagt","og_description":"Marius Borg H\u00f8iby, \u00e4ltester Sohn der Kronprinzessin Mette-Marit, steht wegen mehrfacher Vergewaltigung, sexuellem Missbrauch und weiterer Straftaten vor Gericht. Er bestreitet die Vorw\u00fcrfe. Der Prozess soll Anfang n\u00e4chsten Jahres beginnen. Marius Borg H\u00f8iby, 28, ist wegen mehrfacher Vergewaltigung und sexuellen Missbrauchs angeklagt. Die Anklage umfasst insgesamt 32 Straftaten, darunter Missbrauch in engen Beziehungen, Todesdrohungen und [&hellip;]","og_url":"https:\/\/now-news.de\/de\/deutschland\/norwegen-sohn-von-mette-marit-wegen-vergewaltigung-und-missbrauchs-angeklagt\/","og_site_name":"just-now.NEWS Deutschland","article_publisher":"https:\/\/www.facebook.com\/wirmachenauf","article_published_time":"2025-08-20T14:12:47+00:00","og_image":[{"url":"https:\/\/now-news.de\/de\/wp-content\/uploads\/sites\/3\/2025\/08\/68a593d548fbef2d4229db52.jpg"}],"author":"rtnews","twitter_card":"summary_large_image","twitter_creator":"@WirMachenAuf_de","twitter_site":"@WirMachenAuf_de","twitter_misc":{"Verfasst von":"rtnews","Gesch\u00e4tzte Lesezeit":"2\u00a0Minuten"},"schema":{"@context":"https:\/\/schema.org","@graph":[{"@type":"Article","@id":"https:\/\/now-news.de\/de\/deutschland\/norwegen-sohn-von-mette-marit-wegen-vergewaltigung-und-missbrauchs-angeklagt\/#article","isPartOf":{"@id":"https:\/\/now-news.de\/de\/deutschland\/norwegen-sohn-von-mette-marit-wegen-vergewaltigung-und-missbrauchs-angeklagt\/"},"author":{"name":"rtnews","@id":"https:\/\/now-news.de\/de\/#\/schema\/person\/fb534a4e865501d8b3285208df34a9b5"},"headline":"Norwegen: Sohn von Mette-Marit wegen Vergewaltigung und Missbrauchs angeklagt","datePublished":"2025-08-20T14:12:47+00:00","dateModified":"2025-08-20T14:12:47+00:00","mainEntityOfPage":{"@id":"https:\/\/now-news.de\/de\/deutschland\/norwegen-sohn-von-mette-marit-wegen-vergewaltigung-und-missbrauchs-angeklagt\/"},"wordCount":367,"commentCount":0,"publisher":{"@id":"https:\/\/now-news.de\/de\/#organization"},"image":{"@id":"https:\/\/now-news.de\/de\/deutschland\/norwegen-sohn-von-mette-marit-wegen-vergewaltigung-und-missbrauchs-angeklagt\/#primaryimage"},"thumbnailUrl":"https:\/\/now-news.de\/de\/wp-content\/uploads\/sites\/3\/2025\/08\/Norwegen-Sohn-von-Mette-Marit-wegen-Vergewaltigung-und-Missbrauchs-angeklagt.jpg","keywords":["angeklagt","MetteMarit","Missbrauchs","Norwegen","Sohn","und","Vergewaltigung","von","wegen"],"articleSection":["Deutschland","Russland"],"inLanguage":"de","potentialAction":[{"@type":"CommentAction","name":"Comment","target":["https:\/\/now-news.de\/de\/deutschland\/norwegen-sohn-von-mette-marit-wegen-vergewaltigung-und-missbrauchs-angeklagt\/#respond"]}]},{"@type":"WebPage","@id":"https:\/\/now-news.de\/de\/deutschland\/norwegen-sohn-von-mette-marit-wegen-vergewaltigung-und-missbrauchs-angeklagt\/","url":"https:\/\/now-news.de\/de\/deutschland\/norwegen-sohn-von-mette-marit-wegen-vergewaltigung-und-missbrauchs-angeklagt\/","name":"Norwegen: Sohn von Mette-Marit wegen Vergewaltigung und Missbrauchs angeklagt - just-now.NEWS Deutschland","isPartOf":{"@id":"https:\/\/now-news.de\/de\/#website"},"primaryImageOfPage":{"@id":"https:\/\/now-news.de\/de\/deutschland\/norwegen-sohn-von-mette-marit-wegen-vergewaltigung-und-missbrauchs-angeklagt\/#primaryimage"},"image":{"@id":"https:\/\/now-news.de\/de\/deutschland\/norwegen-sohn-von-mette-marit-wegen-vergewaltigung-und-missbrauchs-angeklagt\/#primaryimage"},"thumbnailUrl":"https:\/\/now-news.de\/de\/wp-content\/uploads\/sites\/3\/2025\/08\/Norwegen-Sohn-von-Mette-Marit-wegen-Vergewaltigung-und-Missbrauchs-angeklagt.jpg","datePublished":"2025-08-20T14:12:47+00:00","dateModified":"2025-08-20T14:12:47+00:00","breadcrumb":{"@id":"https:\/\/now-news.de\/de\/deutschland\/norwegen-sohn-von-mette-marit-wegen-vergewaltigung-und-missbrauchs-angeklagt\/#breadcrumb"},"inLanguage":"de","potentialAction":[{"@type":"ReadAction","target":["https:\/\/now-news.de\/de\/deutschland\/norwegen-sohn-von-mette-marit-wegen-vergewaltigung-und-missbrauchs-angeklagt\/"]}]},{"@type":"ImageObject","inLanguage":"de","@id":"https:\/\/now-news.de\/de\/deutschland\/norwegen-sohn-von-mette-marit-wegen-vergewaltigung-und-missbrauchs-angeklagt\/#primaryimage","url":"https:\/\/now-news.de\/de\/wp-content\/uploads\/sites\/3\/2025\/08\/Norwegen-Sohn-von-Mette-Marit-wegen-Vergewaltigung-und-Missbrauchs-angeklagt.jpg","contentUrl":"https:\/\/now-news.de\/de\/wp-content\/uploads\/sites\/3\/2025\/08\/Norwegen-Sohn-von-Mette-Marit-wegen-Vergewaltigung-und-Missbrauchs-angeklagt.jpg","width":460,"height":259,"caption":"Norwegen: Sohn von Mette-Marit wegen Vergewaltigung und Missbrauchs angeklagt"},{"@type":"BreadcrumbList","@id":"https:\/\/now-news.de\/de\/deutschland\/norwegen-sohn-von-mette-marit-wegen-vergewaltigung-und-missbrauchs-angeklagt\/#breadcrumb","itemListElement":[{"@type":"ListItem","position":1,"name":"Home","item":"https:\/\/now-news.de\/de\/"},{"@type":"ListItem","position":2,"name":"Norwegen: Sohn von Mette-Marit wegen Vergewaltigung und Missbrauchs angeklagt"}]},{"@type":"WebSite","@id":"https:\/\/now-news.de\/de\/#website","url":"https:\/\/now-news.de\/de\/","name":"just-now.NEWS Deutschland","description":"Das Portal f\u00fcr unzensierte Nachrichten aus der Welt","publisher":{"@id":"https:\/\/now-news.de\/de\/#organization"},"potentialAction":[{"@type":"SearchAction","target":{"@type":"EntryPoint","urlTemplate":"https:\/\/now-news.de\/de\/?s={search_term_string}"},"query-input":"required name=search_term_string"}],"inLanguage":"de"},{"@type":"Organization","@id":"https:\/\/now-news.de\/de\/#organization","name":"Just Now News","url":"https:\/\/now-news.de\/de\/","logo":{"@type":"ImageObject","inLanguage":"de","@id":"https:\/\/now-news.de\/de\/#\/schema\/logo\/image\/","url":"http:\/\/just-now.news\/de\/wp-content\/uploads\/sites\/3\/2022\/04\/logo500x500.jpg","contentUrl":"http:\/\/just-now.news\/de\/wp-content\/uploads\/sites\/3\/2022\/04\/logo500x500.jpg","width":500,"height":500,"caption":"Just Now News"},"image":{"@id":"https:\/\/now-news.de\/de\/#\/schema\/logo\/image\/"},"sameAs":["https:\/\/www.facebook.com\/wirmachenauf","https:\/\/x.com\/WirMachenAuf_de"]},{"@type":"Person","@id":"https:\/\/now-news.de\/de\/#\/schema\/person\/fb534a4e865501d8b3285208df34a9b5","name":"rtnews","image":{"@type":"ImageObject","inLanguage":"de","@id":"https:\/\/now-news.de\/de\/#\/schema\/person\/image\/","url":"https:\/\/secure.gravatar.com\/avatar\/82aafea7d8127119dd649515f56e2117?s=96&d=mm&r=g","contentUrl":"https:\/\/secure.gravatar.com\/avatar\/82aafea7d8127119dd649515f56e2117?s=96&d=mm&r=g","caption":"rtnews"},"url":"https:\/\/now-news.de\/de\/author\/rnews\/"}]}},"_links":{"self":[{"href":"https:\/\/now-news.de\/de\/wp-json\/wp\/v2\/posts\/89124"}],"collection":[{"href":"https:\/\/now-news.de\/de\/wp-json\/wp\/v2\/posts"}],"about":[{"href":"https:\/\/now-news.de\/de\/wp-json\/wp\/v2\/types\/post"}],"author":[{"embeddable":true,"href":"https:\/\/now-news.de\/de\/wp-json\/wp\/v2\/users\/3"}],"replies":[{"embeddable":true,"href":"https:\/\/now-news.de\/de\/wp-json\/wp\/v2\/comments?post=89124"}],"version-history":[{"count":0,"href":"https:\/\/now-news.de\/de\/wp-json\/wp\/v2\/posts\/89124\/revisions"}],"wp:featuredmedia":[{"embeddable":true,"href":"https:\/\/now-news.de\/de\/wp-json\/wp\/v2\/media\/89125"}],"wp:attachment":[{"href":"https:\/\/now-news.de\/de\/wp-json\/wp\/v2\/media?parent=89124"}],"wp:term":[{"taxonomy":"category","embeddable":true,"href":"https:\/\/now-news.de\/de\/wp-json\/wp\/v2\/categories?post=89124"},{"taxonomy":"post_tag","embeddable":true,"href":"https:\/\/now-news.de\/de\/wp-json\/wp\/v2\/tags?post=89124"}],"curies":[{"name":"wp","href":"https:\/\/api.w.org\/{rel}","templated":true}]}}