{"id":89079,"date":"2025-08-19T18:53:40","date_gmt":"2025-08-19T16:53:40","guid":{"rendered":"https:\/\/now-news.de\/de\/deutschland\/medien-trump-und-selenskij-wuerden-putin-lieber-in-rom-treffen\/"},"modified":"2025-08-19T18:53:40","modified_gmt":"2025-08-19T16:53:40","slug":"medien-trump-und-selenskij-wuerden-putin-lieber-in-rom-treffen","status":"publish","type":"post","link":"https:\/\/now-news.de\/de\/deutschland\/medien-trump-und-selenskij-wuerden-putin-lieber-in-rom-treffen\/","title":{"rendered":"Medien: Trump und Selenskij w\u00fcrden Putin lieber in Rom treffen"},"content":{"rendered":"<p><img decoding=\"async\" src=\"https:\/\/now-news.de\/de\/wp-content\/uploads\/sites\/3\/2025\/08\/68a4983148fbef4ef379aef9.jpg\" \/><\/p>\n<div class=\"Text-root Text-type_1 \">\n                Der Sender &#8220;Sky News&#8221; berichtet, dass Trump und Selenskij es vorziehen w\u00fcrden, Putin in Rom zu treffen. Ein weiterer Ort f\u00fcr das Treffen, Genf, wurde von Macron vorgeschlagen. Laut &#8220;Reuters&#8221; wird auch die M\u00f6glichkeit in Betracht gezogen, die Verhandlungen in Ungarn zu organisieren.\n            <\/div>\n<p><\/p>\n<div class=\"Text-root Text-type_5 ArticleView-text ViewText-root \">\n<p>F\u00fcr die Pr\u00e4sidenten der USA und der Ukraine, Donald Trump und Wladimir Selenskij, ist Rom der bevorzugte Ort f\u00fcr ein Treffen mit dem russischen Pr\u00e4sidenten Wladimir Putin, wie diplomatische Quellen der <em>Sky News<\/em> in der Europ\u00e4ischen Union mitteilten. Nach Angaben eines Gespr\u00e4chspartners des Fernsehsenders werden noch andere Orte f\u00fcr die Verhandlungen in Betracht gezogen.<em><\/em><\/p>\n<p>Der franz\u00f6sische Pr\u00e4sident Emmanuel Macron erkl\u00e4rte \u00f6ffentlich, dass das Treffen in einem &#8220;neutralen Land&#8221; stattfinden k\u00f6nnte, also &#8220;m\u00f6glicherweise in der Schweiz\u00a0\u2026 oder einem anderen Land&#8221;. Der franz\u00f6sische Pr\u00e4sident sagte:<\/p>\n<blockquote>\n<p><em>&#8220;Ich bin f\u00fcr Genf.&#8221;<\/em><\/p>\n<\/blockquote>\n<p>Eine weitere m\u00f6gliche Option f\u00fcr das Treffen sei Ungarn, schrieb <em>Reuters<\/em>.<\/p>\n<p>Die Schweiz werde Putin &#8220;Immunit\u00e4t&#8221; gew\u00e4hren, wenn er &#8220;zur Friedenskonferenz kommt&#8221;, behauptete Au\u00dfenminister Ignazio Cassis. Im Jahr 2024 habe die Regierung Regeln f\u00fcr die Gew\u00e4hrung von Immunit\u00e4t f\u00fcr Personen festgelegt, gegen die ein internationaler Haftbefehl vorliegt, f\u00fcgte er hinzu.<\/p>\n<p>Die Schweiz geh\u00f6rt zu den 125 Staaten, die die Zust\u00e4ndigkeit des Internationalen Strafgerichtshofs (IStGH) anerkennen, der im Jahr 2023 einen Haftbefehl gegen Putin erlassen hat. Moskau erkennt die Entscheidungen des IStGH nicht an.<\/p>\n<p>Trump hatte zuvor in seinem sozialen Netzwerk Truth Social mitgeteilt, dass er nach Abschluss der Treffen mit Selenskij und den europ\u00e4ischen Staats- und Regierungschefs den russischen Pr\u00e4sidenten angerufen und mit den Vorbereitungen f\u00fcr ein Treffen zwischen Putin und Selenskij begonnen habe. Der Ort des Treffens werde sp\u00e4ter festgelegt, so der amerikanische Pr\u00e4sident. Das Onlineportal\u00a0<em>Axios<\/em>\u00a0publizierte, dass Trump ein dreiseitiges Gipfeltreffen f\u00fcr diesen Freitag, den 22. August, organisieren wolle. Der deutsche Bundeskanzler Friedrich Merz schloss nicht aus, dass das Treffen der drei Staatschefs in den n\u00e4chsten zwei Wochen stattfinden k\u00f6nnte.<\/p>\n<p>Putin hatte zuvor erkl\u00e4rt, dass er unter &#8220;bestimmten Bedingungen&#8221; nichts gegen ein Treffen mit Selenskij einzuwenden habe, aber &#8220;bis zur Schaffung solcher Bedingungen ist es noch ein langer Weg&#8221;. Die Frage eines Dreiertreffens zwischen Putin, Trump und Selenskij auf dem Gipfel in Alaska sei nicht zur Sprache gekommen, hie\u00df es aus dem Kreml.<\/p>\n<p><strong>Mehr zum Thema<\/strong>\u00a0\u2013\u00a0<a rel=\"nofollow noopener\" target=\"_blank\" href=\"https:\/\/freedert.online\/europa\/253757-macron-russland-will-keinen-frieden-sondern-maximum-der-ukraine\/\">Macron legt nach: Russland will keinen Frieden, sondern Maximum der Ukraine<\/a><\/p>\n<\/div>\n<p><br \/>\n<br \/><a href=\"https:\/\/de.rt.com\/international\/253798-medien-trump-und-selenskij-wuerden\/\">Source link <\/a><\/p>\n","protected":false},"excerpt":{"rendered":"<p>Der Sender &#8220;Sky News&#8221; berichtet, dass Trump und Selenskij es vorziehen w\u00fcrden, Putin in Rom zu treffen. Ein weiterer Ort f\u00fcr das Treffen, Genf, wurde von Macron vorgeschlagen. Laut &#8220;Reuters&#8221; wird auch die M\u00f6glichkeit in Betracht gezogen, die Verhandlungen in Ungarn zu organisieren. F\u00fcr die Pr\u00e4sidenten der USA und der Ukraine, Donald Trump und Wladimir [&hellip;]<\/p>\n","protected":false},"author":3,"featured_media":89080,"comment_status":"open","ping_status":"open","sticky":false,"template":"","format":"standard","meta":{"_yoast_indexnow_last_ping":["1755623289"],"wp_automatic_camp":["217"],"65ae67a81b4cf9724d832f00f4ca25f6":["Medien: Trump und Selenskij w\u00fcrden Putin lieber in Rom treffen"],"original_link":["https:\/\/de.rt.com\/international\/253798-medien-trump-und-selenskij-wuerden\/"],"_thumbnail_id":["89080"],"jnews_social_counter_last_update":["1777181793"],"_wptgpro_p2tg_sent2tg":["a:1:{i:23737;s:19:\"2025-08-19 19:09:09\";}"]},"categories":[19,23],"tags":[4208,580,125,41085,6158,354,1639,140,3268],"yoast_head":"<!-- This site is optimized with the Yoast SEO Premium plugin v22.7 (Yoast SEO v22.7) - https:\/\/yoast.com\/wordpress\/plugins\/seo\/ -->\n<title>Medien: Trump und Selenskij w\u00fcrden Putin lieber in Rom treffen - just-now.NEWS Deutschland<\/title>\n<meta name=\"robots\" content=\"index, follow, max-snippet:-1, max-image-preview:large, max-video-preview:-1\" \/>\n<link rel=\"canonical\" href=\"https:\/\/now-news.de\/de\/deutschland\/medien-trump-und-selenskij-wuerden-putin-lieber-in-rom-treffen\/\" \/>\n<meta property=\"og:locale\" content=\"de_DE\" \/>\n<meta property=\"og:type\" content=\"article\" \/>\n<meta property=\"og:title\" content=\"Medien: Trump und Selenskij w\u00fcrden Putin lieber in Rom treffen\" \/>\n<meta property=\"og:description\" content=\"Der Sender &#8220;Sky News&#8221; berichtet, dass Trump und Selenskij es vorziehen w\u00fcrden, Putin in Rom zu treffen. Ein weiterer Ort f\u00fcr das Treffen, Genf, wurde von Macron vorgeschlagen. Laut &#8220;Reuters&#8221; wird auch die M\u00f6glichkeit in Betracht gezogen, die Verhandlungen in Ungarn zu organisieren. F\u00fcr die Pr\u00e4sidenten der USA und der Ukraine, Donald Trump und Wladimir [&hellip;]\" \/>\n<meta property=\"og:url\" content=\"https:\/\/now-news.de\/de\/deutschland\/medien-trump-und-selenskij-wuerden-putin-lieber-in-rom-treffen\/\" \/>\n<meta property=\"og:site_name\" content=\"just-now.NEWS Deutschland\" \/>\n<meta property=\"article:publisher\" content=\"https:\/\/www.facebook.com\/wirmachenauf\" \/>\n<meta property=\"article:published_time\" content=\"2025-08-19T16:53:40+00:00\" \/>\n<meta property=\"og:image\" content=\"https:\/\/now-news.de\/de\/wp-content\/uploads\/sites\/3\/2025\/08\/68a4983148fbef4ef379aef9.jpg\" \/>\n<meta name=\"author\" content=\"rtnews\" \/>\n<meta name=\"twitter:card\" content=\"summary_large_image\" \/>\n<meta name=\"twitter:creator\" content=\"@WirMachenAuf_de\" \/>\n<meta name=\"twitter:site\" content=\"@WirMachenAuf_de\" \/>\n<meta name=\"twitter:label1\" content=\"Verfasst von\" \/>\n\t<meta name=\"twitter:data1\" content=\"rtnews\" \/>\n\t<meta name=\"twitter:label2\" content=\"Gesch\u00e4tzte Lesezeit\" \/>\n\t<meta name=\"twitter:data2\" content=\"2\u00a0Minuten\" \/>\n<script type=\"application\/ld+json\" class=\"yoast-schema-graph\">{\"@context\":\"https:\/\/schema.org\",\"@graph\":[{\"@type\":\"Article\",\"@id\":\"https:\/\/now-news.de\/de\/deutschland\/medien-trump-und-selenskij-wuerden-putin-lieber-in-rom-treffen\/#article\",\"isPartOf\":{\"@id\":\"https:\/\/now-news.de\/de\/deutschland\/medien-trump-und-selenskij-wuerden-putin-lieber-in-rom-treffen\/\"},\"author\":{\"name\":\"rtnews\",\"@id\":\"https:\/\/now-news.de\/de\/#\/schema\/person\/fb534a4e865501d8b3285208df34a9b5\"},\"headline\":\"Medien: Trump und Selenskij w\u00fcrden Putin lieber in Rom treffen\",\"datePublished\":\"2025-08-19T16:53:40+00:00\",\"dateModified\":\"2025-08-19T16:53:40+00:00\",\"mainEntityOfPage\":{\"@id\":\"https:\/\/now-news.de\/de\/deutschland\/medien-trump-und-selenskij-wuerden-putin-lieber-in-rom-treffen\/\"},\"wordCount\":419,\"commentCount\":0,\"publisher\":{\"@id\":\"https:\/\/now-news.de\/de\/#organization\"},\"image\":{\"@id\":\"https:\/\/now-news.de\/de\/deutschland\/medien-trump-und-selenskij-wuerden-putin-lieber-in-rom-treffen\/#primaryimage\"},\"thumbnailUrl\":\"https:\/\/now-news.de\/de\/wp-content\/uploads\/sites\/3\/2025\/08\/Medien-Trump-und-Selenskij-wuerden-Putin-lieber-in-Rom-treffen.jpg\",\"keywords\":[\"lieber\",\"Medien\",\"putin\",\"Rom\",\"Selenskij\",\"Treffen\",\"trump\",\"und\",\"wurden\"],\"articleSection\":[\"Deutschland\",\"Russland\"],\"inLanguage\":\"de\",\"potentialAction\":[{\"@type\":\"CommentAction\",\"name\":\"Comment\",\"target\":[\"https:\/\/now-news.de\/de\/deutschland\/medien-trump-und-selenskij-wuerden-putin-lieber-in-rom-treffen\/#respond\"]}]},{\"@type\":\"WebPage\",\"@id\":\"https:\/\/now-news.de\/de\/deutschland\/medien-trump-und-selenskij-wuerden-putin-lieber-in-rom-treffen\/\",\"url\":\"https:\/\/now-news.de\/de\/deutschland\/medien-trump-und-selenskij-wuerden-putin-lieber-in-rom-treffen\/\",\"name\":\"Medien: Trump und Selenskij w\u00fcrden Putin lieber in Rom treffen - just-now.NEWS Deutschland\",\"isPartOf\":{\"@id\":\"https:\/\/now-news.de\/de\/#website\"},\"primaryImageOfPage\":{\"@id\":\"https:\/\/now-news.de\/de\/deutschland\/medien-trump-und-selenskij-wuerden-putin-lieber-in-rom-treffen\/#primaryimage\"},\"image\":{\"@id\":\"https:\/\/now-news.de\/de\/deutschland\/medien-trump-und-selenskij-wuerden-putin-lieber-in-rom-treffen\/#primaryimage\"},\"thumbnailUrl\":\"https:\/\/now-news.de\/de\/wp-content\/uploads\/sites\/3\/2025\/08\/Medien-Trump-und-Selenskij-wuerden-Putin-lieber-in-Rom-treffen.jpg\",\"datePublished\":\"2025-08-19T16:53:40+00:00\",\"dateModified\":\"2025-08-19T16:53:40+00:00\",\"breadcrumb\":{\"@id\":\"https:\/\/now-news.de\/de\/deutschland\/medien-trump-und-selenskij-wuerden-putin-lieber-in-rom-treffen\/#breadcrumb\"},\"inLanguage\":\"de\",\"potentialAction\":[{\"@type\":\"ReadAction\",\"target\":[\"https:\/\/now-news.de\/de\/deutschland\/medien-trump-und-selenskij-wuerden-putin-lieber-in-rom-treffen\/\"]}]},{\"@type\":\"ImageObject\",\"inLanguage\":\"de\",\"@id\":\"https:\/\/now-news.de\/de\/deutschland\/medien-trump-und-selenskij-wuerden-putin-lieber-in-rom-treffen\/#primaryimage\",\"url\":\"https:\/\/now-news.de\/de\/wp-content\/uploads\/sites\/3\/2025\/08\/Medien-Trump-und-Selenskij-wuerden-Putin-lieber-in-Rom-treffen.jpg\",\"contentUrl\":\"https:\/\/now-news.de\/de\/wp-content\/uploads\/sites\/3\/2025\/08\/Medien-Trump-und-Selenskij-wuerden-Putin-lieber-in-Rom-treffen.jpg\",\"width\":460,\"height\":259,\"caption\":\"Medien: Trump und Selenskij w\u00fcrden Putin lieber in Rom treffen\"},{\"@type\":\"BreadcrumbList\",\"@id\":\"https:\/\/now-news.de\/de\/deutschland\/medien-trump-und-selenskij-wuerden-putin-lieber-in-rom-treffen\/#breadcrumb\",\"itemListElement\":[{\"@type\":\"ListItem\",\"position\":1,\"name\":\"Home\",\"item\":\"https:\/\/now-news.de\/de\/\"},{\"@type\":\"ListItem\",\"position\":2,\"name\":\"Medien: Trump und Selenskij w\u00fcrden Putin lieber in Rom treffen\"}]},{\"@type\":\"WebSite\",\"@id\":\"https:\/\/now-news.de\/de\/#website\",\"url\":\"https:\/\/now-news.de\/de\/\",\"name\":\"just-now.NEWS Deutschland\",\"description\":\"Das Portal f\u00fcr unzensierte Nachrichten aus der Welt\",\"publisher\":{\"@id\":\"https:\/\/now-news.de\/de\/#organization\"},\"potentialAction\":[{\"@type\":\"SearchAction\",\"target\":{\"@type\":\"EntryPoint\",\"urlTemplate\":\"https:\/\/now-news.de\/de\/?s={search_term_string}\"},\"query-input\":\"required name=search_term_string\"}],\"inLanguage\":\"de\"},{\"@type\":\"Organization\",\"@id\":\"https:\/\/now-news.de\/de\/#organization\",\"name\":\"Just Now News\",\"url\":\"https:\/\/now-news.de\/de\/\",\"logo\":{\"@type\":\"ImageObject\",\"inLanguage\":\"de\",\"@id\":\"https:\/\/now-news.de\/de\/#\/schema\/logo\/image\/\",\"url\":\"http:\/\/just-now.news\/de\/wp-content\/uploads\/sites\/3\/2022\/04\/logo500x500.jpg\",\"contentUrl\":\"http:\/\/just-now.news\/de\/wp-content\/uploads\/sites\/3\/2022\/04\/logo500x500.jpg\",\"width\":500,\"height\":500,\"caption\":\"Just Now News\"},\"image\":{\"@id\":\"https:\/\/now-news.de\/de\/#\/schema\/logo\/image\/\"},\"sameAs\":[\"https:\/\/www.facebook.com\/wirmachenauf\",\"https:\/\/x.com\/WirMachenAuf_de\"]},{\"@type\":\"Person\",\"@id\":\"https:\/\/now-news.de\/de\/#\/schema\/person\/fb534a4e865501d8b3285208df34a9b5\",\"name\":\"rtnews\",\"image\":{\"@type\":\"ImageObject\",\"inLanguage\":\"de\",\"@id\":\"https:\/\/now-news.de\/de\/#\/schema\/person\/image\/\",\"url\":\"https:\/\/secure.gravatar.com\/avatar\/82aafea7d8127119dd649515f56e2117?s=96&d=mm&r=g\",\"contentUrl\":\"https:\/\/secure.gravatar.com\/avatar\/82aafea7d8127119dd649515f56e2117?s=96&d=mm&r=g\",\"caption\":\"rtnews\"},\"url\":\"https:\/\/now-news.de\/de\/author\/rnews\/\"}]}<\/script>\n<!-- \/ Yoast SEO Premium plugin. -->","yoast_head_json":{"title":"Medien: Trump und Selenskij w\u00fcrden Putin lieber in Rom treffen - just-now.NEWS Deutschland","robots":{"index":"index","follow":"follow","max-snippet":"max-snippet:-1","max-image-preview":"max-image-preview:large","max-video-preview":"max-video-preview:-1"},"canonical":"https:\/\/now-news.de\/de\/deutschland\/medien-trump-und-selenskij-wuerden-putin-lieber-in-rom-treffen\/","og_locale":"de_DE","og_type":"article","og_title":"Medien: Trump und Selenskij w\u00fcrden Putin lieber in Rom treffen","og_description":"Der Sender &#8220;Sky News&#8221; berichtet, dass Trump und Selenskij es vorziehen w\u00fcrden, Putin in Rom zu treffen. Ein weiterer Ort f\u00fcr das Treffen, Genf, wurde von Macron vorgeschlagen. Laut &#8220;Reuters&#8221; wird auch die M\u00f6glichkeit in Betracht gezogen, die Verhandlungen in Ungarn zu organisieren. F\u00fcr die Pr\u00e4sidenten der USA und der Ukraine, Donald Trump und Wladimir [&hellip;]","og_url":"https:\/\/now-news.de\/de\/deutschland\/medien-trump-und-selenskij-wuerden-putin-lieber-in-rom-treffen\/","og_site_name":"just-now.NEWS Deutschland","article_publisher":"https:\/\/www.facebook.com\/wirmachenauf","article_published_time":"2025-08-19T16:53:40+00:00","og_image":[{"url":"https:\/\/now-news.de\/de\/wp-content\/uploads\/sites\/3\/2025\/08\/68a4983148fbef4ef379aef9.jpg"}],"author":"rtnews","twitter_card":"summary_large_image","twitter_creator":"@WirMachenAuf_de","twitter_site":"@WirMachenAuf_de","twitter_misc":{"Verfasst von":"rtnews","Gesch\u00e4tzte Lesezeit":"2\u00a0Minuten"},"schema":{"@context":"https:\/\/schema.org","@graph":[{"@type":"Article","@id":"https:\/\/now-news.de\/de\/deutschland\/medien-trump-und-selenskij-wuerden-putin-lieber-in-rom-treffen\/#article","isPartOf":{"@id":"https:\/\/now-news.de\/de\/deutschland\/medien-trump-und-selenskij-wuerden-putin-lieber-in-rom-treffen\/"},"author":{"name":"rtnews","@id":"https:\/\/now-news.de\/de\/#\/schema\/person\/fb534a4e865501d8b3285208df34a9b5"},"headline":"Medien: Trump und Selenskij w\u00fcrden Putin lieber in Rom treffen","datePublished":"2025-08-19T16:53:40+00:00","dateModified":"2025-08-19T16:53:40+00:00","mainEntityOfPage":{"@id":"https:\/\/now-news.de\/de\/deutschland\/medien-trump-und-selenskij-wuerden-putin-lieber-in-rom-treffen\/"},"wordCount":419,"commentCount":0,"publisher":{"@id":"https:\/\/now-news.de\/de\/#organization"},"image":{"@id":"https:\/\/now-news.de\/de\/deutschland\/medien-trump-und-selenskij-wuerden-putin-lieber-in-rom-treffen\/#primaryimage"},"thumbnailUrl":"https:\/\/now-news.de\/de\/wp-content\/uploads\/sites\/3\/2025\/08\/Medien-Trump-und-Selenskij-wuerden-Putin-lieber-in-Rom-treffen.jpg","keywords":["lieber","Medien","putin","Rom","Selenskij","Treffen","trump","und","wurden"],"articleSection":["Deutschland","Russland"],"inLanguage":"de","potentialAction":[{"@type":"CommentAction","name":"Comment","target":["https:\/\/now-news.de\/de\/deutschland\/medien-trump-und-selenskij-wuerden-putin-lieber-in-rom-treffen\/#respond"]}]},{"@type":"WebPage","@id":"https:\/\/now-news.de\/de\/deutschland\/medien-trump-und-selenskij-wuerden-putin-lieber-in-rom-treffen\/","url":"https:\/\/now-news.de\/de\/deutschland\/medien-trump-und-selenskij-wuerden-putin-lieber-in-rom-treffen\/","name":"Medien: Trump und Selenskij w\u00fcrden Putin lieber in Rom treffen - just-now.NEWS Deutschland","isPartOf":{"@id":"https:\/\/now-news.de\/de\/#website"},"primaryImageOfPage":{"@id":"https:\/\/now-news.de\/de\/deutschland\/medien-trump-und-selenskij-wuerden-putin-lieber-in-rom-treffen\/#primaryimage"},"image":{"@id":"https:\/\/now-news.de\/de\/deutschland\/medien-trump-und-selenskij-wuerden-putin-lieber-in-rom-treffen\/#primaryimage"},"thumbnailUrl":"https:\/\/now-news.de\/de\/wp-content\/uploads\/sites\/3\/2025\/08\/Medien-Trump-und-Selenskij-wuerden-Putin-lieber-in-Rom-treffen.jpg","datePublished":"2025-08-19T16:53:40+00:00","dateModified":"2025-08-19T16:53:40+00:00","breadcrumb":{"@id":"https:\/\/now-news.de\/de\/deutschland\/medien-trump-und-selenskij-wuerden-putin-lieber-in-rom-treffen\/#breadcrumb"},"inLanguage":"de","potentialAction":[{"@type":"ReadAction","target":["https:\/\/now-news.de\/de\/deutschland\/medien-trump-und-selenskij-wuerden-putin-lieber-in-rom-treffen\/"]}]},{"@type":"ImageObject","inLanguage":"de","@id":"https:\/\/now-news.de\/de\/deutschland\/medien-trump-und-selenskij-wuerden-putin-lieber-in-rom-treffen\/#primaryimage","url":"https:\/\/now-news.de\/de\/wp-content\/uploads\/sites\/3\/2025\/08\/Medien-Trump-und-Selenskij-wuerden-Putin-lieber-in-Rom-treffen.jpg","contentUrl":"https:\/\/now-news.de\/de\/wp-content\/uploads\/sites\/3\/2025\/08\/Medien-Trump-und-Selenskij-wuerden-Putin-lieber-in-Rom-treffen.jpg","width":460,"height":259,"caption":"Medien: Trump und Selenskij w\u00fcrden Putin lieber in Rom treffen"},{"@type":"BreadcrumbList","@id":"https:\/\/now-news.de\/de\/deutschland\/medien-trump-und-selenskij-wuerden-putin-lieber-in-rom-treffen\/#breadcrumb","itemListElement":[{"@type":"ListItem","position":1,"name":"Home","item":"https:\/\/now-news.de\/de\/"},{"@type":"ListItem","position":2,"name":"Medien: Trump und Selenskij w\u00fcrden Putin lieber in Rom treffen"}]},{"@type":"WebSite","@id":"https:\/\/now-news.de\/de\/#website","url":"https:\/\/now-news.de\/de\/","name":"just-now.NEWS Deutschland","description":"Das Portal f\u00fcr unzensierte Nachrichten aus der Welt","publisher":{"@id":"https:\/\/now-news.de\/de\/#organization"},"potentialAction":[{"@type":"SearchAction","target":{"@type":"EntryPoint","urlTemplate":"https:\/\/now-news.de\/de\/?s={search_term_string}"},"query-input":"required name=search_term_string"}],"inLanguage":"de"},{"@type":"Organization","@id":"https:\/\/now-news.de\/de\/#organization","name":"Just Now News","url":"https:\/\/now-news.de\/de\/","logo":{"@type":"ImageObject","inLanguage":"de","@id":"https:\/\/now-news.de\/de\/#\/schema\/logo\/image\/","url":"http:\/\/just-now.news\/de\/wp-content\/uploads\/sites\/3\/2022\/04\/logo500x500.jpg","contentUrl":"http:\/\/just-now.news\/de\/wp-content\/uploads\/sites\/3\/2022\/04\/logo500x500.jpg","width":500,"height":500,"caption":"Just Now News"},"image":{"@id":"https:\/\/now-news.de\/de\/#\/schema\/logo\/image\/"},"sameAs":["https:\/\/www.facebook.com\/wirmachenauf","https:\/\/x.com\/WirMachenAuf_de"]},{"@type":"Person","@id":"https:\/\/now-news.de\/de\/#\/schema\/person\/fb534a4e865501d8b3285208df34a9b5","name":"rtnews","image":{"@type":"ImageObject","inLanguage":"de","@id":"https:\/\/now-news.de\/de\/#\/schema\/person\/image\/","url":"https:\/\/secure.gravatar.com\/avatar\/82aafea7d8127119dd649515f56e2117?s=96&d=mm&r=g","contentUrl":"https:\/\/secure.gravatar.com\/avatar\/82aafea7d8127119dd649515f56e2117?s=96&d=mm&r=g","caption":"rtnews"},"url":"https:\/\/now-news.de\/de\/author\/rnews\/"}]}},"_links":{"self":[{"href":"https:\/\/now-news.de\/de\/wp-json\/wp\/v2\/posts\/89079"}],"collection":[{"href":"https:\/\/now-news.de\/de\/wp-json\/wp\/v2\/posts"}],"about":[{"href":"https:\/\/now-news.de\/de\/wp-json\/wp\/v2\/types\/post"}],"author":[{"embeddable":true,"href":"https:\/\/now-news.de\/de\/wp-json\/wp\/v2\/users\/3"}],"replies":[{"embeddable":true,"href":"https:\/\/now-news.de\/de\/wp-json\/wp\/v2\/comments?post=89079"}],"version-history":[{"count":0,"href":"https:\/\/now-news.de\/de\/wp-json\/wp\/v2\/posts\/89079\/revisions"}],"wp:featuredmedia":[{"embeddable":true,"href":"https:\/\/now-news.de\/de\/wp-json\/wp\/v2\/media\/89080"}],"wp:attachment":[{"href":"https:\/\/now-news.de\/de\/wp-json\/wp\/v2\/media?parent=89079"}],"wp:term":[{"taxonomy":"category","embeddable":true,"href":"https:\/\/now-news.de\/de\/wp-json\/wp\/v2\/categories?post=89079"},{"taxonomy":"post_tag","embeddable":true,"href":"https:\/\/now-news.de\/de\/wp-json\/wp\/v2\/tags?post=89079"}],"curies":[{"name":"wp","href":"https:\/\/api.w.org\/{rel}","templated":true}]}}