{"id":89059,"date":"2025-08-19T14:02:40","date_gmt":"2025-08-19T12:02:40","guid":{"rendered":"https:\/\/now-news.de\/de\/deutschland\/hoellische-aussage-sacharowa-wirft-stubb-geschichtsklitterung-vor\/"},"modified":"2025-08-19T14:02:40","modified_gmt":"2025-08-19T12:02:40","slug":"hoellische-aussage-sacharowa-wirft-stubb-geschichtsklitterung-vor","status":"publish","type":"post","link":"https:\/\/now-news.de\/de\/deutschland\/hoellische-aussage-sacharowa-wirft-stubb-geschichtsklitterung-vor\/","title":{"rendered":"&quot;H\u00f6llische Aussage&quot;: Sacharowa wirft Stubb Geschichtsklitterung vor"},"content":{"rendered":"<p><img decoding=\"async\" src=\"https:\/\/now-news.de\/de\/wp-content\/uploads\/sites\/3\/2025\/08\/68a44331b480cc36494cd009.jpg\" \/><\/p>\n<div class=\"Text-root Text-type_1 \">\n                Finnlands Pr\u00e4sident Stubb zieht einen Vergleich zwischen 1944 und der heutigen Situation. Moskau sieht darin eine Verharmlosung historischer Verbrechen. Au\u00dfenamtssprecherin Sacharowa erinnert an Finnlands Allianz mit Hitler. Stubb sei geschichtsvergessen.\n            <\/div>\n<p><\/p>\n<div class=\"Text-root Text-type_5 ArticleView-text ViewText-root \">\n<p data-start=\"163\" data-end=\"499\">Maria Sacharowa, die Sprecherin des russischen Au\u00dfenministeriums, kritisiert die j\u00fcngsten \u00c4u\u00dferungen des finnischen Pr\u00e4sidenten Alexander Stubb scharf. Am 18. August hatte Stubb bei einem Treffen von US-Pr\u00e4sident Donald Trump mit europ\u00e4ischen Staatschefs und dem ukrainischen Pr\u00e4sidenten Wladimir Selenskij im Wei\u00dfen Haus erkl\u00e4rt:<\/p>\n<p data-start=\"501\" data-end=\"732\"><em>&#8220;Finnland hat eine lange Grenze zu Russland und seine eigene Erfahrung im Umgang mit diesem Land w\u00e4hrend des Zweiten Weltkriegs. Wir fanden 1944 eine L\u00f6sung und ich bin sicher, dass wir 2025 ebenfalls eine L\u00f6sung finden k\u00f6nnen.&#8221;<\/em><\/p>\n<p data-start=\"501\" data-end=\"732\">Daraufhin <a rel=\"nofollow noopener\" target=\"_blank\" href=\"https:\/\/t.me\/MariaVladimirovnaZakharova\/11173\">erkl\u00e4rte<\/a> Sacharowa auf Telegram:<\/p>\n<p data-start=\"501\" data-end=\"732\"><em><\/em><\/p>\n<p data-start=\"501\" data-end=\"732\"><em>&#8220;Die gro\u00dfe Frage ist, ob Stubb \u00fcberhaupt verstanden hat, wie h\u00f6llisch seine Aussage ist?&#8221;<\/em><\/p>\n<p data-start=\"501\" data-end=\"732\">Die Diplomatin erinnerte daran, dass Finnland im Zweiten Weltkrieg nicht nur gegen die Sowjetunion gek\u00e4mpft, sondern sich auch an die Seite des nationalsozialistischen Deutschlands gestellt hatte. Helsinki trug Verantwortung f\u00fcr Kriegsverbrechen \u2013 etwa durch Unterst\u00fctzung der Leningrader Blockade und die Errichtung von Konzentrationslagern auf besetztem sowjetischem Territorium.<\/p>\n<p data-start=\"501\" data-end=\"732\">Besonders hob Sacharowa Finnlands Rolle w\u00e4hrend der Leningrader Blockade hervor. Der finnische Pr\u00e4sident Risto Ryti schrieb damals an den deutschen Gesandten:<\/p>\n<blockquote>\n<p data-start=\"501\" data-end=\"732\"><em> &#8220;Leningrad muss als Gro\u00dfstadt liquidiert werden.&#8221;<\/em><\/p>\n<\/blockquote>\n<p data-start=\"501\" data-end=\"732\">Mindestens 1,09 Millionen Menschen starben durch Hunger, K\u00e4lte und Bombardierung in der eingeschlossenen Stadt. Einige Sch\u00e4tzungen gehen von bis zu 1,5 Millionen Menschen aus. Historiker vermuten, dass die tats\u00e4chliche Opferzahl noch h\u00f6her liegt.<\/p>\n<p data-start=\"1720\" data-end=\"1966\">Im Jahr 2022 erkannte das Stadtgericht Sankt Petersburg die Handlungen der deutschen Besatzungstruppen und ihrer Helfer, darunter auch finnische Einheiten, offiziell als &#8220;Kriegsverbrechen, Verbrechen gegen die Menschlichkeit und V\u00f6lkermord&#8221; an.<\/p>\n<p data-start=\"1720\" data-end=\"1966\">Au\u00dferdem erinnerte Sacharowa daran, dass finnische Truppen w\u00e4hrend der Okkupation im sowjetischen Karelien mehr als 14 Lager f\u00fcr Zivilisten errichtet hatten. Rund 50.000 Menschen durchliefen das Lager \u2013 ein Drittel starb an Hunger, K\u00e4lte oder unmenschlichen Bedingungen. Auch in Finnland selbst h\u00e4tten Juden w\u00e4hrend der Allianz mit Hitlerdeutschland schwere Repressionen erfahren. Sie seien diskriminiert, in ihren Rechten beschnitten und teils an die Gestapo ausgeliefert worden. Die Sprecherin stellte klar:<\/p>\n<p data-start=\"1720\" data-end=\"1966\"><em>&#8220;Die &#8216;Erfahrung im Umgang&#8217;, von der Stubb spricht, war in Wahrheit die Unterst\u00fctzung des Dritten Reiches und die Beteiligung an Verbrechen gegen die Zivilbev\u00f6lkerung.&#8221;<\/em><\/p>\n<p data-start=\"2662\" data-end=\"2959\">Gleichzeitig r\u00e4umte sie ein, dass Finnland 1944 tats\u00e4chlich einen politischen Kurswechsel vollzogen hatte. Helsinki unterzeichnete den Moskauer Waffenstillstand \u2013 allerdings nur unter dem Druck der Roten Armee, die im siegreichen Vormarsch die Wehrmacht und ihre Verb\u00fcndeten an allen Fronten zur\u00fcckdr\u00e4ngte. Sacharowa erkl\u00e4rte weiter:<\/p>\n<p data-start=\"3657\" data-end=\"3981\"><em>&#8220;Helsinki sagte sich von Adolf Hitler und den Nazis los und trat in den Krieg auf Seiten der UdSSR ein. Es begann der Lapplandkrieg. Finnlands fr\u00fchere Verb\u00fcndete richteten ihre Waffen gegen die Nazis. Historiker sind sich sicher: Finnland hatte keine Wahl. Die siegreiche Rote Armee begann, das Reich und seine Verb\u00fcndeten hinwegzufegen. Die listigen Finnen beschlossen, mit der UdSSR einen Separatfrieden zu schlie\u00dfen, um nicht als besiegter Staat aus dem Krieg hervorzugehen.&#8221;<\/em><\/p>\n<p data-start=\"3657\" data-end=\"3981\">Sacharowa erkl\u00e4rte weiter, dass Stubb, wenn er beschlossen habe, wie 1944 zu handeln, sich gegen seine j\u00fcngsten Nazi-Verb\u00fcndeten stellen und das Kiewer Regime bek\u00e4mpfen m\u00fcsse.<\/p>\n<p data-start=\"3657\" data-end=\"3981\">Am Tag nach seiner Rede versuchte Stubb, seine Worte zu relativieren. Er betonte, sein Vergleich mit 1944 habe keine territorialen Zugest\u00e4ndnisse der Ukraine impliziert. &#8220;In jenem Jahr bewahrte Finnland seine Unabh\u00e4ngigkeit, verlor jedoch einen Teil seiner Souver\u00e4nit\u00e4t und seiner Territorien&#8221;, so der finnische Pr\u00e4sident.<\/p>\n<p><strong>Mehr zum Thema <\/strong>\u2013 <a rel=\"nofollow noopener\" target=\"_blank\" href=\"https:\/\/freedert.online\/europa\/253056-finnland-zahlt-hohen-preis-fuer\/\">Finnland zahlt einen hohen Preis f\u00fcr seinen Bruch mit Russland<\/a><\/p>\n<div class=\"EmbedBlock-root EmbedBlock-externalVideo EmbedBlock-rumble\">\n<div class=\"VkEmbed\"><iframe class=\"lazyload\" data-src=\"https:\/\/rumble.com\/embed\/v6vle6s\" frameborder=\"0\" width=\"853\" height=\"480\" allowfullscreen><\/iframe><\/div>\n<\/div>\n<\/div>\n<p><br \/>\n<br \/><a href=\"https:\/\/de.rt.com\/europa\/253750-hoellische-aussage-sacharowa-kritisiert-stubb\/\">Source link <\/a><\/p>\n","protected":false},"excerpt":{"rendered":"<p>Finnlands Pr\u00e4sident Stubb zieht einen Vergleich zwischen 1944 und der heutigen Situation. Moskau sieht darin eine Verharmlosung historischer Verbrechen. Au\u00dfenamtssprecherin Sacharowa erinnert an Finnlands Allianz mit Hitler. Stubb sei geschichtsvergessen. Maria Sacharowa, die Sprecherin des russischen Au\u00dfenministeriums, kritisiert die j\u00fcngsten \u00c4u\u00dferungen des finnischen Pr\u00e4sidenten Alexander Stubb scharf. Am 18. August hatte Stubb bei einem Treffen [&hellip;]<\/p>\n","protected":false},"author":3,"featured_media":89060,"comment_status":"open","ping_status":"open","sticky":false,"template":"","format":"standard","meta":{"_yoast_indexnow_last_ping":["1755605049"],"wp_automatic_camp":["217"],"f861cdc3b2e09eccb3ae237631cfdbf1":["&quot;H\u00f6llische Aussage&quot;: Sacharowa wirft Stubb Geschichtsklitterung vor"],"original_link":["https:\/\/de.rt.com\/europa\/253750-hoellische-aussage-sacharowa-kritisiert-stubb\/"],"_thumbnail_id":["89060"],"jnews_social_counter_last_update":["1777355944"],"_wptgpro_p2tg_sent2tg":["a:1:{i:23737;s:19:\"2025-08-19 14:05:10\";}"]},"categories":[19,23],"tags":[20103,62315,67139,942,53438,320,7129],"yoast_head":"<!-- This site is optimized with the Yoast SEO Premium plugin v22.7 (Yoast SEO v22.7) - https:\/\/yoast.com\/wordpress\/plugins\/seo\/ -->\n<title>&quot;H\u00f6llische Aussage&quot;: Sacharowa wirft Stubb Geschichtsklitterung vor - just-now.NEWS Deutschland<\/title>\n<meta name=\"robots\" content=\"index, follow, max-snippet:-1, max-image-preview:large, max-video-preview:-1\" \/>\n<link rel=\"canonical\" href=\"https:\/\/now-news.de\/de\/deutschland\/hoellische-aussage-sacharowa-wirft-stubb-geschichtsklitterung-vor\/\" \/>\n<meta property=\"og:locale\" content=\"de_DE\" \/>\n<meta property=\"og:type\" content=\"article\" \/>\n<meta property=\"og:title\" content=\"&quot;H\u00f6llische Aussage&quot;: Sacharowa wirft Stubb Geschichtsklitterung vor\" \/>\n<meta property=\"og:description\" content=\"Finnlands Pr\u00e4sident Stubb zieht einen Vergleich zwischen 1944 und der heutigen Situation. Moskau sieht darin eine Verharmlosung historischer Verbrechen. Au\u00dfenamtssprecherin Sacharowa erinnert an Finnlands Allianz mit Hitler. Stubb sei geschichtsvergessen. Maria Sacharowa, die Sprecherin des russischen Au\u00dfenministeriums, kritisiert die j\u00fcngsten \u00c4u\u00dferungen des finnischen Pr\u00e4sidenten Alexander Stubb scharf. Am 18. August hatte Stubb bei einem Treffen [&hellip;]\" \/>\n<meta property=\"og:url\" content=\"https:\/\/now-news.de\/de\/deutschland\/hoellische-aussage-sacharowa-wirft-stubb-geschichtsklitterung-vor\/\" \/>\n<meta property=\"og:site_name\" content=\"just-now.NEWS Deutschland\" \/>\n<meta property=\"article:publisher\" content=\"https:\/\/www.facebook.com\/wirmachenauf\" \/>\n<meta property=\"article:published_time\" content=\"2025-08-19T12:02:40+00:00\" \/>\n<meta property=\"og:image\" content=\"https:\/\/now-news.de\/de\/wp-content\/uploads\/sites\/3\/2025\/08\/68a44331b480cc36494cd009.jpg\" \/>\n<meta name=\"author\" content=\"rtnews\" \/>\n<meta name=\"twitter:card\" content=\"summary_large_image\" \/>\n<meta name=\"twitter:creator\" content=\"@WirMachenAuf_de\" \/>\n<meta name=\"twitter:site\" content=\"@WirMachenAuf_de\" \/>\n<meta name=\"twitter:label1\" content=\"Verfasst von\" \/>\n\t<meta name=\"twitter:data1\" content=\"rtnews\" \/>\n\t<meta name=\"twitter:label2\" content=\"Gesch\u00e4tzte Lesezeit\" \/>\n\t<meta name=\"twitter:data2\" content=\"3\u00a0Minuten\" \/>\n<script type=\"application\/ld+json\" class=\"yoast-schema-graph\">{\"@context\":\"https:\/\/schema.org\",\"@graph\":[{\"@type\":\"Article\",\"@id\":\"https:\/\/now-news.de\/de\/deutschland\/hoellische-aussage-sacharowa-wirft-stubb-geschichtsklitterung-vor\/#article\",\"isPartOf\":{\"@id\":\"https:\/\/now-news.de\/de\/deutschland\/hoellische-aussage-sacharowa-wirft-stubb-geschichtsklitterung-vor\/\"},\"author\":{\"name\":\"rtnews\",\"@id\":\"https:\/\/now-news.de\/de\/#\/schema\/person\/fb534a4e865501d8b3285208df34a9b5\"},\"headline\":\"&quot;H\u00f6llische Aussage&quot;: Sacharowa wirft Stubb Geschichtsklitterung vor\",\"datePublished\":\"2025-08-19T12:02:40+00:00\",\"dateModified\":\"2025-08-19T12:02:40+00:00\",\"mainEntityOfPage\":{\"@id\":\"https:\/\/now-news.de\/de\/deutschland\/hoellische-aussage-sacharowa-wirft-stubb-geschichtsklitterung-vor\/\"},\"wordCount\":611,\"commentCount\":0,\"publisher\":{\"@id\":\"https:\/\/now-news.de\/de\/#organization\"},\"image\":{\"@id\":\"https:\/\/now-news.de\/de\/deutschland\/hoellische-aussage-sacharowa-wirft-stubb-geschichtsklitterung-vor\/#primaryimage\"},\"thumbnailUrl\":\"https:\/\/now-news.de\/de\/wp-content\/uploads\/sites\/3\/2025\/08\/quotHoellische-Aussagequot-Sacharowa-wirft-Stubb-Geschichtsklitterung-vor.jpg\",\"keywords\":[\"Aussagequot\",\"Geschichtsklitterung\",\"quotH\u00f6llische\",\"Sacharowa\",\"Stubb\",\"vor\",\"wirft\"],\"articleSection\":[\"Deutschland\",\"Russland\"],\"inLanguage\":\"de\",\"potentialAction\":[{\"@type\":\"CommentAction\",\"name\":\"Comment\",\"target\":[\"https:\/\/now-news.de\/de\/deutschland\/hoellische-aussage-sacharowa-wirft-stubb-geschichtsklitterung-vor\/#respond\"]}]},{\"@type\":\"WebPage\",\"@id\":\"https:\/\/now-news.de\/de\/deutschland\/hoellische-aussage-sacharowa-wirft-stubb-geschichtsklitterung-vor\/\",\"url\":\"https:\/\/now-news.de\/de\/deutschland\/hoellische-aussage-sacharowa-wirft-stubb-geschichtsklitterung-vor\/\",\"name\":\"&quot;H\u00f6llische Aussage&quot;: Sacharowa wirft Stubb Geschichtsklitterung vor - just-now.NEWS Deutschland\",\"isPartOf\":{\"@id\":\"https:\/\/now-news.de\/de\/#website\"},\"primaryImageOfPage\":{\"@id\":\"https:\/\/now-news.de\/de\/deutschland\/hoellische-aussage-sacharowa-wirft-stubb-geschichtsklitterung-vor\/#primaryimage\"},\"image\":{\"@id\":\"https:\/\/now-news.de\/de\/deutschland\/hoellische-aussage-sacharowa-wirft-stubb-geschichtsklitterung-vor\/#primaryimage\"},\"thumbnailUrl\":\"https:\/\/now-news.de\/de\/wp-content\/uploads\/sites\/3\/2025\/08\/quotHoellische-Aussagequot-Sacharowa-wirft-Stubb-Geschichtsklitterung-vor.jpg\",\"datePublished\":\"2025-08-19T12:02:40+00:00\",\"dateModified\":\"2025-08-19T12:02:40+00:00\",\"breadcrumb\":{\"@id\":\"https:\/\/now-news.de\/de\/deutschland\/hoellische-aussage-sacharowa-wirft-stubb-geschichtsklitterung-vor\/#breadcrumb\"},\"inLanguage\":\"de\",\"potentialAction\":[{\"@type\":\"ReadAction\",\"target\":[\"https:\/\/now-news.de\/de\/deutschland\/hoellische-aussage-sacharowa-wirft-stubb-geschichtsklitterung-vor\/\"]}]},{\"@type\":\"ImageObject\",\"inLanguage\":\"de\",\"@id\":\"https:\/\/now-news.de\/de\/deutschland\/hoellische-aussage-sacharowa-wirft-stubb-geschichtsklitterung-vor\/#primaryimage\",\"url\":\"https:\/\/now-news.de\/de\/wp-content\/uploads\/sites\/3\/2025\/08\/quotHoellische-Aussagequot-Sacharowa-wirft-Stubb-Geschichtsklitterung-vor.jpg\",\"contentUrl\":\"https:\/\/now-news.de\/de\/wp-content\/uploads\/sites\/3\/2025\/08\/quotHoellische-Aussagequot-Sacharowa-wirft-Stubb-Geschichtsklitterung-vor.jpg\",\"width\":460,\"height\":259,\"caption\":\"&quot;H\u00f6llische Aussage&quot;: Sacharowa wirft Stubb Geschichtsklitterung vor\"},{\"@type\":\"BreadcrumbList\",\"@id\":\"https:\/\/now-news.de\/de\/deutschland\/hoellische-aussage-sacharowa-wirft-stubb-geschichtsklitterung-vor\/#breadcrumb\",\"itemListElement\":[{\"@type\":\"ListItem\",\"position\":1,\"name\":\"Home\",\"item\":\"https:\/\/now-news.de\/de\/\"},{\"@type\":\"ListItem\",\"position\":2,\"name\":\"&quot;H\u00f6llische Aussage&quot;: Sacharowa wirft Stubb Geschichtsklitterung vor\"}]},{\"@type\":\"WebSite\",\"@id\":\"https:\/\/now-news.de\/de\/#website\",\"url\":\"https:\/\/now-news.de\/de\/\",\"name\":\"just-now.NEWS Deutschland\",\"description\":\"Das Portal f\u00fcr unzensierte Nachrichten aus der Welt\",\"publisher\":{\"@id\":\"https:\/\/now-news.de\/de\/#organization\"},\"potentialAction\":[{\"@type\":\"SearchAction\",\"target\":{\"@type\":\"EntryPoint\",\"urlTemplate\":\"https:\/\/now-news.de\/de\/?s={search_term_string}\"},\"query-input\":\"required name=search_term_string\"}],\"inLanguage\":\"de\"},{\"@type\":\"Organization\",\"@id\":\"https:\/\/now-news.de\/de\/#organization\",\"name\":\"Just Now News\",\"url\":\"https:\/\/now-news.de\/de\/\",\"logo\":{\"@type\":\"ImageObject\",\"inLanguage\":\"de\",\"@id\":\"https:\/\/now-news.de\/de\/#\/schema\/logo\/image\/\",\"url\":\"http:\/\/just-now.news\/de\/wp-content\/uploads\/sites\/3\/2022\/04\/logo500x500.jpg\",\"contentUrl\":\"http:\/\/just-now.news\/de\/wp-content\/uploads\/sites\/3\/2022\/04\/logo500x500.jpg\",\"width\":500,\"height\":500,\"caption\":\"Just Now News\"},\"image\":{\"@id\":\"https:\/\/now-news.de\/de\/#\/schema\/logo\/image\/\"},\"sameAs\":[\"https:\/\/www.facebook.com\/wirmachenauf\",\"https:\/\/x.com\/WirMachenAuf_de\"]},{\"@type\":\"Person\",\"@id\":\"https:\/\/now-news.de\/de\/#\/schema\/person\/fb534a4e865501d8b3285208df34a9b5\",\"name\":\"rtnews\",\"image\":{\"@type\":\"ImageObject\",\"inLanguage\":\"de\",\"@id\":\"https:\/\/now-news.de\/de\/#\/schema\/person\/image\/\",\"url\":\"https:\/\/secure.gravatar.com\/avatar\/82aafea7d8127119dd649515f56e2117?s=96&d=mm&r=g\",\"contentUrl\":\"https:\/\/secure.gravatar.com\/avatar\/82aafea7d8127119dd649515f56e2117?s=96&d=mm&r=g\",\"caption\":\"rtnews\"},\"url\":\"https:\/\/now-news.de\/de\/author\/rnews\/\"}]}<\/script>\n<!-- \/ Yoast SEO Premium plugin. -->","yoast_head_json":{"title":"&quot;H\u00f6llische Aussage&quot;: Sacharowa wirft Stubb Geschichtsklitterung vor - just-now.NEWS Deutschland","robots":{"index":"index","follow":"follow","max-snippet":"max-snippet:-1","max-image-preview":"max-image-preview:large","max-video-preview":"max-video-preview:-1"},"canonical":"https:\/\/now-news.de\/de\/deutschland\/hoellische-aussage-sacharowa-wirft-stubb-geschichtsklitterung-vor\/","og_locale":"de_DE","og_type":"article","og_title":"&quot;H\u00f6llische Aussage&quot;: Sacharowa wirft Stubb Geschichtsklitterung vor","og_description":"Finnlands Pr\u00e4sident Stubb zieht einen Vergleich zwischen 1944 und der heutigen Situation. Moskau sieht darin eine Verharmlosung historischer Verbrechen. Au\u00dfenamtssprecherin Sacharowa erinnert an Finnlands Allianz mit Hitler. Stubb sei geschichtsvergessen. Maria Sacharowa, die Sprecherin des russischen Au\u00dfenministeriums, kritisiert die j\u00fcngsten \u00c4u\u00dferungen des finnischen Pr\u00e4sidenten Alexander Stubb scharf. Am 18. August hatte Stubb bei einem Treffen [&hellip;]","og_url":"https:\/\/now-news.de\/de\/deutschland\/hoellische-aussage-sacharowa-wirft-stubb-geschichtsklitterung-vor\/","og_site_name":"just-now.NEWS Deutschland","article_publisher":"https:\/\/www.facebook.com\/wirmachenauf","article_published_time":"2025-08-19T12:02:40+00:00","og_image":[{"url":"https:\/\/now-news.de\/de\/wp-content\/uploads\/sites\/3\/2025\/08\/68a44331b480cc36494cd009.jpg"}],"author":"rtnews","twitter_card":"summary_large_image","twitter_creator":"@WirMachenAuf_de","twitter_site":"@WirMachenAuf_de","twitter_misc":{"Verfasst von":"rtnews","Gesch\u00e4tzte Lesezeit":"3\u00a0Minuten"},"schema":{"@context":"https:\/\/schema.org","@graph":[{"@type":"Article","@id":"https:\/\/now-news.de\/de\/deutschland\/hoellische-aussage-sacharowa-wirft-stubb-geschichtsklitterung-vor\/#article","isPartOf":{"@id":"https:\/\/now-news.de\/de\/deutschland\/hoellische-aussage-sacharowa-wirft-stubb-geschichtsklitterung-vor\/"},"author":{"name":"rtnews","@id":"https:\/\/now-news.de\/de\/#\/schema\/person\/fb534a4e865501d8b3285208df34a9b5"},"headline":"&quot;H\u00f6llische Aussage&quot;: Sacharowa wirft Stubb Geschichtsklitterung vor","datePublished":"2025-08-19T12:02:40+00:00","dateModified":"2025-08-19T12:02:40+00:00","mainEntityOfPage":{"@id":"https:\/\/now-news.de\/de\/deutschland\/hoellische-aussage-sacharowa-wirft-stubb-geschichtsklitterung-vor\/"},"wordCount":611,"commentCount":0,"publisher":{"@id":"https:\/\/now-news.de\/de\/#organization"},"image":{"@id":"https:\/\/now-news.de\/de\/deutschland\/hoellische-aussage-sacharowa-wirft-stubb-geschichtsklitterung-vor\/#primaryimage"},"thumbnailUrl":"https:\/\/now-news.de\/de\/wp-content\/uploads\/sites\/3\/2025\/08\/quotHoellische-Aussagequot-Sacharowa-wirft-Stubb-Geschichtsklitterung-vor.jpg","keywords":["Aussagequot","Geschichtsklitterung","quotH\u00f6llische","Sacharowa","Stubb","vor","wirft"],"articleSection":["Deutschland","Russland"],"inLanguage":"de","potentialAction":[{"@type":"CommentAction","name":"Comment","target":["https:\/\/now-news.de\/de\/deutschland\/hoellische-aussage-sacharowa-wirft-stubb-geschichtsklitterung-vor\/#respond"]}]},{"@type":"WebPage","@id":"https:\/\/now-news.de\/de\/deutschland\/hoellische-aussage-sacharowa-wirft-stubb-geschichtsklitterung-vor\/","url":"https:\/\/now-news.de\/de\/deutschland\/hoellische-aussage-sacharowa-wirft-stubb-geschichtsklitterung-vor\/","name":"&quot;H\u00f6llische Aussage&quot;: Sacharowa wirft Stubb Geschichtsklitterung vor - just-now.NEWS Deutschland","isPartOf":{"@id":"https:\/\/now-news.de\/de\/#website"},"primaryImageOfPage":{"@id":"https:\/\/now-news.de\/de\/deutschland\/hoellische-aussage-sacharowa-wirft-stubb-geschichtsklitterung-vor\/#primaryimage"},"image":{"@id":"https:\/\/now-news.de\/de\/deutschland\/hoellische-aussage-sacharowa-wirft-stubb-geschichtsklitterung-vor\/#primaryimage"},"thumbnailUrl":"https:\/\/now-news.de\/de\/wp-content\/uploads\/sites\/3\/2025\/08\/quotHoellische-Aussagequot-Sacharowa-wirft-Stubb-Geschichtsklitterung-vor.jpg","datePublished":"2025-08-19T12:02:40+00:00","dateModified":"2025-08-19T12:02:40+00:00","breadcrumb":{"@id":"https:\/\/now-news.de\/de\/deutschland\/hoellische-aussage-sacharowa-wirft-stubb-geschichtsklitterung-vor\/#breadcrumb"},"inLanguage":"de","potentialAction":[{"@type":"ReadAction","target":["https:\/\/now-news.de\/de\/deutschland\/hoellische-aussage-sacharowa-wirft-stubb-geschichtsklitterung-vor\/"]}]},{"@type":"ImageObject","inLanguage":"de","@id":"https:\/\/now-news.de\/de\/deutschland\/hoellische-aussage-sacharowa-wirft-stubb-geschichtsklitterung-vor\/#primaryimage","url":"https:\/\/now-news.de\/de\/wp-content\/uploads\/sites\/3\/2025\/08\/quotHoellische-Aussagequot-Sacharowa-wirft-Stubb-Geschichtsklitterung-vor.jpg","contentUrl":"https:\/\/now-news.de\/de\/wp-content\/uploads\/sites\/3\/2025\/08\/quotHoellische-Aussagequot-Sacharowa-wirft-Stubb-Geschichtsklitterung-vor.jpg","width":460,"height":259,"caption":"&quot;H\u00f6llische Aussage&quot;: Sacharowa wirft Stubb Geschichtsklitterung vor"},{"@type":"BreadcrumbList","@id":"https:\/\/now-news.de\/de\/deutschland\/hoellische-aussage-sacharowa-wirft-stubb-geschichtsklitterung-vor\/#breadcrumb","itemListElement":[{"@type":"ListItem","position":1,"name":"Home","item":"https:\/\/now-news.de\/de\/"},{"@type":"ListItem","position":2,"name":"&quot;H\u00f6llische Aussage&quot;: Sacharowa wirft Stubb Geschichtsklitterung vor"}]},{"@type":"WebSite","@id":"https:\/\/now-news.de\/de\/#website","url":"https:\/\/now-news.de\/de\/","name":"just-now.NEWS Deutschland","description":"Das Portal f\u00fcr unzensierte Nachrichten aus der Welt","publisher":{"@id":"https:\/\/now-news.de\/de\/#organization"},"potentialAction":[{"@type":"SearchAction","target":{"@type":"EntryPoint","urlTemplate":"https:\/\/now-news.de\/de\/?s={search_term_string}"},"query-input":"required name=search_term_string"}],"inLanguage":"de"},{"@type":"Organization","@id":"https:\/\/now-news.de\/de\/#organization","name":"Just Now News","url":"https:\/\/now-news.de\/de\/","logo":{"@type":"ImageObject","inLanguage":"de","@id":"https:\/\/now-news.de\/de\/#\/schema\/logo\/image\/","url":"http:\/\/just-now.news\/de\/wp-content\/uploads\/sites\/3\/2022\/04\/logo500x500.jpg","contentUrl":"http:\/\/just-now.news\/de\/wp-content\/uploads\/sites\/3\/2022\/04\/logo500x500.jpg","width":500,"height":500,"caption":"Just Now News"},"image":{"@id":"https:\/\/now-news.de\/de\/#\/schema\/logo\/image\/"},"sameAs":["https:\/\/www.facebook.com\/wirmachenauf","https:\/\/x.com\/WirMachenAuf_de"]},{"@type":"Person","@id":"https:\/\/now-news.de\/de\/#\/schema\/person\/fb534a4e865501d8b3285208df34a9b5","name":"rtnews","image":{"@type":"ImageObject","inLanguage":"de","@id":"https:\/\/now-news.de\/de\/#\/schema\/person\/image\/","url":"https:\/\/secure.gravatar.com\/avatar\/82aafea7d8127119dd649515f56e2117?s=96&d=mm&r=g","contentUrl":"https:\/\/secure.gravatar.com\/avatar\/82aafea7d8127119dd649515f56e2117?s=96&d=mm&r=g","caption":"rtnews"},"url":"https:\/\/now-news.de\/de\/author\/rnews\/"}]}},"_links":{"self":[{"href":"https:\/\/now-news.de\/de\/wp-json\/wp\/v2\/posts\/89059"}],"collection":[{"href":"https:\/\/now-news.de\/de\/wp-json\/wp\/v2\/posts"}],"about":[{"href":"https:\/\/now-news.de\/de\/wp-json\/wp\/v2\/types\/post"}],"author":[{"embeddable":true,"href":"https:\/\/now-news.de\/de\/wp-json\/wp\/v2\/users\/3"}],"replies":[{"embeddable":true,"href":"https:\/\/now-news.de\/de\/wp-json\/wp\/v2\/comments?post=89059"}],"version-history":[{"count":0,"href":"https:\/\/now-news.de\/de\/wp-json\/wp\/v2\/posts\/89059\/revisions"}],"wp:featuredmedia":[{"embeddable":true,"href":"https:\/\/now-news.de\/de\/wp-json\/wp\/v2\/media\/89060"}],"wp:attachment":[{"href":"https:\/\/now-news.de\/de\/wp-json\/wp\/v2\/media?parent=89059"}],"wp:term":[{"taxonomy":"category","embeddable":true,"href":"https:\/\/now-news.de\/de\/wp-json\/wp\/v2\/categories?post=89059"},{"taxonomy":"post_tag","embeddable":true,"href":"https:\/\/now-news.de\/de\/wp-json\/wp\/v2\/tags?post=89059"}],"curies":[{"name":"wp","href":"https:\/\/api.w.org\/{rel}","templated":true}]}}