{"id":89055,"date":"2025-08-19T12:56:02","date_gmt":"2025-08-19T10:56:02","guid":{"rendered":"https:\/\/now-news.de\/de\/deutschland\/gespraeche-zwischen-putin-und-selenskij-koennten-in-ungarn-stattfinden\/"},"modified":"2025-08-19T12:56:02","modified_gmt":"2025-08-19T10:56:02","slug":"gespraeche-zwischen-putin-und-selenskij-koennten-in-ungarn-stattfinden","status":"publish","type":"post","link":"https:\/\/now-news.de\/de\/deutschland\/gespraeche-zwischen-putin-und-selenskij-koennten-in-ungarn-stattfinden\/","title":{"rendered":"Gespr\u00e4che zwischen Putin und Selenskij k\u00f6nnten in Ungarn stattfinden"},"content":{"rendered":"<p><img decoding=\"async\" src=\"https:\/\/now-news.de\/de\/wp-content\/uploads\/sites\/3\/2025\/08\/68a4460748fbef4e8e20a4ba.jpg\" \/><\/p>\n<div class=\"Text-root Text-type_1 \">\n                Washington will bis Ende August ein Treffen zwischen den Pr\u00e4sidenten Russlands und der Ukraine organisieren, das in Ungarn stattfinden k\u00f6nnte, berichtet Reuters. Trump hat den Beginn der Vorbereitungen angek\u00fcndigt, der Kreml hat dies jedoch nicht best\u00e4tigt.\n            <\/div>\n<p><\/p>\n<div class=\"Text-root Text-type_5 ArticleView-text ViewText-root \">\n<p>Ein Treffen zwischen den Pr\u00e4sidenten Russlands und der Ukraine, Wladimir Putin und Wladimir Selenskij, k\u00f6nnte in Ungarn stattfinden, <a rel=\"nofollow noopener\" target=\"_blank\" href=\"https:\/\/www.reuters.com\/business\/aerospace-defense\/us-would-help-assure-ukraines-security-peace-deal-trump-tells-zelenskiy-2025-08-19\/\">berichtet<\/a>\u00a0<em>Reuters<\/em> unter Berufung auf einen hochrangigen Mitarbeiter des Wei\u00dfen Hauses.<em><\/em><\/p>\n<p>US-Pr\u00e4sident Donald Trump hatte am Vortag den Beginn der Vorbereitungen f\u00fcr ein solches Treffen angek\u00fcndigt. Am 18. August empfing er Selenskij und europ\u00e4ische Staats- und Regierungschefs im Wei\u00dfen Haus und f\u00fchrte ein Telefongespr\u00e4ch mit Putin.<\/p>\n<p>Im Kreml wurden nach dem Telefonat keine Angaben zu einem m\u00f6glichen Treffen zwischen Putin und Selenskij gemacht. Allerdings teilte man mit, dass die Pr\u00e4sidenten Russlands und der USA direkte Verhandlungen zwischen den Delegationen aus Moskau und Kiew unterst\u00fctzten und die M\u00f6glichkeit, eine Zusammenkunft auf Pr\u00e4sidentenebene zu veranstalten, in Betracht gezogen h\u00e4tten.<\/p>\n<p>Anfang August hatte Putin mitgeteilt, dass er sich unter &#8220;bestimmten Bedingungen&#8221; mit Selenskij treffen werde, bis dahin sei es aber noch ein langer Weg.<\/p>\n<p>Bundeskanzler Friedrich Merz, der am 18. August an den Verhandlungen im Wei\u00dfen Haus teilgenommen hat, r\u00e4umte ein, dass ein Treffen zwischen Russland und der Ukraine auf F\u00fchrungsebene in zwei Wochen stattfinden k\u00f6nnte. Wie der Journalist Barak Ravid von <em>Axios<\/em> berichtet, rechnet Washington damit, dass die Zusammenkunft bis Ende August stattfinden wird.<\/p>\n<p>Nach dem bilateralen Treffen seien auch trilaterale Verhandlungen unter Trumps Beteiligung m\u00f6glich, r\u00e4umte der US-Pr\u00e4sident ein. Die europ\u00e4ischen Staats- und Regierungschefs haben mehrere Vorschl\u00e4ge bez\u00fcglich des Veranstaltungsorts gemacht: Rom, Genf, Budapest, Helsinki. Auch der Nahe Osten wurde diskutiert.<\/p>\n<p><strong>Mehr zum Thema<\/strong> &#8211; <a rel=\"nofollow noopener\" target=\"_blank\" href=\"https:\/\/freedert.online\/meinung\/253723-warten-im-weissen-haus\/\">Warten im Wei\u00dfen Haus<\/a><\/p>\n<\/div>\n<p><br \/>\n<br \/><a href=\"https:\/\/de.rt.com\/international\/253755-gespraeche-zwischen-putin-und-selenskij\/\">Source link <\/a><\/p>\n","protected":false},"excerpt":{"rendered":"<p>Washington will bis Ende August ein Treffen zwischen den Pr\u00e4sidenten Russlands und der Ukraine organisieren, das in Ungarn stattfinden k\u00f6nnte, berichtet Reuters. Trump hat den Beginn der Vorbereitungen angek\u00fcndigt, der Kreml hat dies jedoch nicht best\u00e4tigt. Ein Treffen zwischen den Pr\u00e4sidenten Russlands und der Ukraine, Wladimir Putin und Wladimir Selenskij, k\u00f6nnte in Ungarn stattfinden, berichtet\u00a0Reuters [&hellip;]<\/p>\n","protected":false},"author":3,"featured_media":89056,"comment_status":"open","ping_status":"open","sticky":false,"template":"","format":"standard","meta":{"_yoast_indexnow_last_ping":["1755601091"],"wp_automatic_camp":["217"],"87b69d004ed1bc98f869d4dd6519cc73":["Gespr\u00e4che zwischen Putin und Selenskij k\u00f6nnten in Ungarn stattfinden"],"original_link":["https:\/\/de.rt.com\/international\/253755-gespraeche-zwischen-putin-und-selenskij\/"],"_thumbnail_id":["89056"],"jnews_social_counter_last_update":["1777570565"],"_wptgpro_p2tg_sent2tg":["a:1:{i:23737;s:19:\"2025-08-19 12:59:11\";}"]},"categories":[19,23],"tags":[11231,4667,125,6158,18774,140,11664,436],"yoast_head":"<!-- This site is optimized with the Yoast SEO Premium plugin v22.7 (Yoast SEO v22.7) - https:\/\/yoast.com\/wordpress\/plugins\/seo\/ -->\n<title>Gespr\u00e4che zwischen Putin und Selenskij k\u00f6nnten in Ungarn stattfinden - just-now.NEWS Deutschland<\/title>\n<meta name=\"robots\" content=\"index, follow, max-snippet:-1, max-image-preview:large, max-video-preview:-1\" \/>\n<link rel=\"canonical\" href=\"https:\/\/now-news.de\/de\/deutschland\/gespraeche-zwischen-putin-und-selenskij-koennten-in-ungarn-stattfinden\/\" \/>\n<meta property=\"og:locale\" content=\"de_DE\" \/>\n<meta property=\"og:type\" content=\"article\" \/>\n<meta property=\"og:title\" content=\"Gespr\u00e4che zwischen Putin und Selenskij k\u00f6nnten in Ungarn stattfinden\" \/>\n<meta property=\"og:description\" content=\"Washington will bis Ende August ein Treffen zwischen den Pr\u00e4sidenten Russlands und der Ukraine organisieren, das in Ungarn stattfinden k\u00f6nnte, berichtet Reuters. Trump hat den Beginn der Vorbereitungen angek\u00fcndigt, der Kreml hat dies jedoch nicht best\u00e4tigt. Ein Treffen zwischen den Pr\u00e4sidenten Russlands und der Ukraine, Wladimir Putin und Wladimir Selenskij, k\u00f6nnte in Ungarn stattfinden, berichtet\u00a0Reuters [&hellip;]\" \/>\n<meta property=\"og:url\" content=\"https:\/\/now-news.de\/de\/deutschland\/gespraeche-zwischen-putin-und-selenskij-koennten-in-ungarn-stattfinden\/\" \/>\n<meta property=\"og:site_name\" content=\"just-now.NEWS Deutschland\" \/>\n<meta property=\"article:publisher\" content=\"https:\/\/www.facebook.com\/wirmachenauf\" \/>\n<meta property=\"article:published_time\" content=\"2025-08-19T10:56:02+00:00\" \/>\n<meta property=\"og:image\" content=\"https:\/\/now-news.de\/de\/wp-content\/uploads\/sites\/3\/2025\/08\/68a4460748fbef4e8e20a4ba.jpg\" \/>\n<meta name=\"author\" content=\"rtnews\" \/>\n<meta name=\"twitter:card\" content=\"summary_large_image\" \/>\n<meta name=\"twitter:creator\" content=\"@WirMachenAuf_de\" \/>\n<meta name=\"twitter:site\" content=\"@WirMachenAuf_de\" \/>\n<meta name=\"twitter:label1\" content=\"Verfasst von\" \/>\n\t<meta name=\"twitter:data1\" content=\"rtnews\" \/>\n\t<meta name=\"twitter:label2\" content=\"Gesch\u00e4tzte Lesezeit\" \/>\n\t<meta name=\"twitter:data2\" content=\"2\u00a0Minuten\" \/>\n<script type=\"application\/ld+json\" class=\"yoast-schema-graph\">{\"@context\":\"https:\/\/schema.org\",\"@graph\":[{\"@type\":\"Article\",\"@id\":\"https:\/\/now-news.de\/de\/deutschland\/gespraeche-zwischen-putin-und-selenskij-koennten-in-ungarn-stattfinden\/#article\",\"isPartOf\":{\"@id\":\"https:\/\/now-news.de\/de\/deutschland\/gespraeche-zwischen-putin-und-selenskij-koennten-in-ungarn-stattfinden\/\"},\"author\":{\"name\":\"rtnews\",\"@id\":\"https:\/\/now-news.de\/de\/#\/schema\/person\/fb534a4e865501d8b3285208df34a9b5\"},\"headline\":\"Gespr\u00e4che zwischen Putin und Selenskij k\u00f6nnten in Ungarn stattfinden\",\"datePublished\":\"2025-08-19T10:56:02+00:00\",\"dateModified\":\"2025-08-19T10:56:02+00:00\",\"mainEntityOfPage\":{\"@id\":\"https:\/\/now-news.de\/de\/deutschland\/gespraeche-zwischen-putin-und-selenskij-koennten-in-ungarn-stattfinden\/\"},\"wordCount\":315,\"commentCount\":0,\"publisher\":{\"@id\":\"https:\/\/now-news.de\/de\/#organization\"},\"image\":{\"@id\":\"https:\/\/now-news.de\/de\/deutschland\/gespraeche-zwischen-putin-und-selenskij-koennten-in-ungarn-stattfinden\/#primaryimage\"},\"thumbnailUrl\":\"https:\/\/now-news.de\/de\/wp-content\/uploads\/sites\/3\/2025\/08\/Gespraeche-zwischen-Putin-und-Selenskij-koennten-in-Ungarn-stattfinden.jpg\",\"keywords\":[\"Gespr\u00e4che\",\"k\u00f6nnten\",\"putin\",\"Selenskij\",\"stattfinden\",\"und\",\"Ungarn\",\"zwischen\"],\"articleSection\":[\"Deutschland\",\"Russland\"],\"inLanguage\":\"de\",\"potentialAction\":[{\"@type\":\"CommentAction\",\"name\":\"Comment\",\"target\":[\"https:\/\/now-news.de\/de\/deutschland\/gespraeche-zwischen-putin-und-selenskij-koennten-in-ungarn-stattfinden\/#respond\"]}]},{\"@type\":\"WebPage\",\"@id\":\"https:\/\/now-news.de\/de\/deutschland\/gespraeche-zwischen-putin-und-selenskij-koennten-in-ungarn-stattfinden\/\",\"url\":\"https:\/\/now-news.de\/de\/deutschland\/gespraeche-zwischen-putin-und-selenskij-koennten-in-ungarn-stattfinden\/\",\"name\":\"Gespr\u00e4che zwischen Putin und Selenskij k\u00f6nnten in Ungarn stattfinden - just-now.NEWS Deutschland\",\"isPartOf\":{\"@id\":\"https:\/\/now-news.de\/de\/#website\"},\"primaryImageOfPage\":{\"@id\":\"https:\/\/now-news.de\/de\/deutschland\/gespraeche-zwischen-putin-und-selenskij-koennten-in-ungarn-stattfinden\/#primaryimage\"},\"image\":{\"@id\":\"https:\/\/now-news.de\/de\/deutschland\/gespraeche-zwischen-putin-und-selenskij-koennten-in-ungarn-stattfinden\/#primaryimage\"},\"thumbnailUrl\":\"https:\/\/now-news.de\/de\/wp-content\/uploads\/sites\/3\/2025\/08\/Gespraeche-zwischen-Putin-und-Selenskij-koennten-in-Ungarn-stattfinden.jpg\",\"datePublished\":\"2025-08-19T10:56:02+00:00\",\"dateModified\":\"2025-08-19T10:56:02+00:00\",\"breadcrumb\":{\"@id\":\"https:\/\/now-news.de\/de\/deutschland\/gespraeche-zwischen-putin-und-selenskij-koennten-in-ungarn-stattfinden\/#breadcrumb\"},\"inLanguage\":\"de\",\"potentialAction\":[{\"@type\":\"ReadAction\",\"target\":[\"https:\/\/now-news.de\/de\/deutschland\/gespraeche-zwischen-putin-und-selenskij-koennten-in-ungarn-stattfinden\/\"]}]},{\"@type\":\"ImageObject\",\"inLanguage\":\"de\",\"@id\":\"https:\/\/now-news.de\/de\/deutschland\/gespraeche-zwischen-putin-und-selenskij-koennten-in-ungarn-stattfinden\/#primaryimage\",\"url\":\"https:\/\/now-news.de\/de\/wp-content\/uploads\/sites\/3\/2025\/08\/Gespraeche-zwischen-Putin-und-Selenskij-koennten-in-Ungarn-stattfinden.jpg\",\"contentUrl\":\"https:\/\/now-news.de\/de\/wp-content\/uploads\/sites\/3\/2025\/08\/Gespraeche-zwischen-Putin-und-Selenskij-koennten-in-Ungarn-stattfinden.jpg\",\"width\":460,\"height\":259,\"caption\":\"Gespr\u00e4che zwischen Putin und Selenskij k\u00f6nnten in Ungarn stattfinden\"},{\"@type\":\"BreadcrumbList\",\"@id\":\"https:\/\/now-news.de\/de\/deutschland\/gespraeche-zwischen-putin-und-selenskij-koennten-in-ungarn-stattfinden\/#breadcrumb\",\"itemListElement\":[{\"@type\":\"ListItem\",\"position\":1,\"name\":\"Home\",\"item\":\"https:\/\/now-news.de\/de\/\"},{\"@type\":\"ListItem\",\"position\":2,\"name\":\"Gespr\u00e4che zwischen Putin und Selenskij k\u00f6nnten in Ungarn stattfinden\"}]},{\"@type\":\"WebSite\",\"@id\":\"https:\/\/now-news.de\/de\/#website\",\"url\":\"https:\/\/now-news.de\/de\/\",\"name\":\"just-now.NEWS Deutschland\",\"description\":\"Das Portal f\u00fcr unzensierte Nachrichten aus der Welt\",\"publisher\":{\"@id\":\"https:\/\/now-news.de\/de\/#organization\"},\"potentialAction\":[{\"@type\":\"SearchAction\",\"target\":{\"@type\":\"EntryPoint\",\"urlTemplate\":\"https:\/\/now-news.de\/de\/?s={search_term_string}\"},\"query-input\":\"required name=search_term_string\"}],\"inLanguage\":\"de\"},{\"@type\":\"Organization\",\"@id\":\"https:\/\/now-news.de\/de\/#organization\",\"name\":\"Just Now News\",\"url\":\"https:\/\/now-news.de\/de\/\",\"logo\":{\"@type\":\"ImageObject\",\"inLanguage\":\"de\",\"@id\":\"https:\/\/now-news.de\/de\/#\/schema\/logo\/image\/\",\"url\":\"http:\/\/just-now.news\/de\/wp-content\/uploads\/sites\/3\/2022\/04\/logo500x500.jpg\",\"contentUrl\":\"http:\/\/just-now.news\/de\/wp-content\/uploads\/sites\/3\/2022\/04\/logo500x500.jpg\",\"width\":500,\"height\":500,\"caption\":\"Just Now News\"},\"image\":{\"@id\":\"https:\/\/now-news.de\/de\/#\/schema\/logo\/image\/\"},\"sameAs\":[\"https:\/\/www.facebook.com\/wirmachenauf\",\"https:\/\/x.com\/WirMachenAuf_de\"]},{\"@type\":\"Person\",\"@id\":\"https:\/\/now-news.de\/de\/#\/schema\/person\/fb534a4e865501d8b3285208df34a9b5\",\"name\":\"rtnews\",\"image\":{\"@type\":\"ImageObject\",\"inLanguage\":\"de\",\"@id\":\"https:\/\/now-news.de\/de\/#\/schema\/person\/image\/\",\"url\":\"https:\/\/secure.gravatar.com\/avatar\/82aafea7d8127119dd649515f56e2117?s=96&d=mm&r=g\",\"contentUrl\":\"https:\/\/secure.gravatar.com\/avatar\/82aafea7d8127119dd649515f56e2117?s=96&d=mm&r=g\",\"caption\":\"rtnews\"},\"url\":\"https:\/\/now-news.de\/de\/author\/rnews\/\"}]}<\/script>\n<!-- \/ Yoast SEO Premium plugin. -->","yoast_head_json":{"title":"Gespr\u00e4che zwischen Putin und Selenskij k\u00f6nnten in Ungarn stattfinden - just-now.NEWS Deutschland","robots":{"index":"index","follow":"follow","max-snippet":"max-snippet:-1","max-image-preview":"max-image-preview:large","max-video-preview":"max-video-preview:-1"},"canonical":"https:\/\/now-news.de\/de\/deutschland\/gespraeche-zwischen-putin-und-selenskij-koennten-in-ungarn-stattfinden\/","og_locale":"de_DE","og_type":"article","og_title":"Gespr\u00e4che zwischen Putin und Selenskij k\u00f6nnten in Ungarn stattfinden","og_description":"Washington will bis Ende August ein Treffen zwischen den Pr\u00e4sidenten Russlands und der Ukraine organisieren, das in Ungarn stattfinden k\u00f6nnte, berichtet Reuters. Trump hat den Beginn der Vorbereitungen angek\u00fcndigt, der Kreml hat dies jedoch nicht best\u00e4tigt. Ein Treffen zwischen den Pr\u00e4sidenten Russlands und der Ukraine, Wladimir Putin und Wladimir Selenskij, k\u00f6nnte in Ungarn stattfinden, berichtet\u00a0Reuters [&hellip;]","og_url":"https:\/\/now-news.de\/de\/deutschland\/gespraeche-zwischen-putin-und-selenskij-koennten-in-ungarn-stattfinden\/","og_site_name":"just-now.NEWS Deutschland","article_publisher":"https:\/\/www.facebook.com\/wirmachenauf","article_published_time":"2025-08-19T10:56:02+00:00","og_image":[{"url":"https:\/\/now-news.de\/de\/wp-content\/uploads\/sites\/3\/2025\/08\/68a4460748fbef4e8e20a4ba.jpg"}],"author":"rtnews","twitter_card":"summary_large_image","twitter_creator":"@WirMachenAuf_de","twitter_site":"@WirMachenAuf_de","twitter_misc":{"Verfasst von":"rtnews","Gesch\u00e4tzte Lesezeit":"2\u00a0Minuten"},"schema":{"@context":"https:\/\/schema.org","@graph":[{"@type":"Article","@id":"https:\/\/now-news.de\/de\/deutschland\/gespraeche-zwischen-putin-und-selenskij-koennten-in-ungarn-stattfinden\/#article","isPartOf":{"@id":"https:\/\/now-news.de\/de\/deutschland\/gespraeche-zwischen-putin-und-selenskij-koennten-in-ungarn-stattfinden\/"},"author":{"name":"rtnews","@id":"https:\/\/now-news.de\/de\/#\/schema\/person\/fb534a4e865501d8b3285208df34a9b5"},"headline":"Gespr\u00e4che zwischen Putin und Selenskij k\u00f6nnten in Ungarn stattfinden","datePublished":"2025-08-19T10:56:02+00:00","dateModified":"2025-08-19T10:56:02+00:00","mainEntityOfPage":{"@id":"https:\/\/now-news.de\/de\/deutschland\/gespraeche-zwischen-putin-und-selenskij-koennten-in-ungarn-stattfinden\/"},"wordCount":315,"commentCount":0,"publisher":{"@id":"https:\/\/now-news.de\/de\/#organization"},"image":{"@id":"https:\/\/now-news.de\/de\/deutschland\/gespraeche-zwischen-putin-und-selenskij-koennten-in-ungarn-stattfinden\/#primaryimage"},"thumbnailUrl":"https:\/\/now-news.de\/de\/wp-content\/uploads\/sites\/3\/2025\/08\/Gespraeche-zwischen-Putin-und-Selenskij-koennten-in-Ungarn-stattfinden.jpg","keywords":["Gespr\u00e4che","k\u00f6nnten","putin","Selenskij","stattfinden","und","Ungarn","zwischen"],"articleSection":["Deutschland","Russland"],"inLanguage":"de","potentialAction":[{"@type":"CommentAction","name":"Comment","target":["https:\/\/now-news.de\/de\/deutschland\/gespraeche-zwischen-putin-und-selenskij-koennten-in-ungarn-stattfinden\/#respond"]}]},{"@type":"WebPage","@id":"https:\/\/now-news.de\/de\/deutschland\/gespraeche-zwischen-putin-und-selenskij-koennten-in-ungarn-stattfinden\/","url":"https:\/\/now-news.de\/de\/deutschland\/gespraeche-zwischen-putin-und-selenskij-koennten-in-ungarn-stattfinden\/","name":"Gespr\u00e4che zwischen Putin und Selenskij k\u00f6nnten in Ungarn stattfinden - just-now.NEWS Deutschland","isPartOf":{"@id":"https:\/\/now-news.de\/de\/#website"},"primaryImageOfPage":{"@id":"https:\/\/now-news.de\/de\/deutschland\/gespraeche-zwischen-putin-und-selenskij-koennten-in-ungarn-stattfinden\/#primaryimage"},"image":{"@id":"https:\/\/now-news.de\/de\/deutschland\/gespraeche-zwischen-putin-und-selenskij-koennten-in-ungarn-stattfinden\/#primaryimage"},"thumbnailUrl":"https:\/\/now-news.de\/de\/wp-content\/uploads\/sites\/3\/2025\/08\/Gespraeche-zwischen-Putin-und-Selenskij-koennten-in-Ungarn-stattfinden.jpg","datePublished":"2025-08-19T10:56:02+00:00","dateModified":"2025-08-19T10:56:02+00:00","breadcrumb":{"@id":"https:\/\/now-news.de\/de\/deutschland\/gespraeche-zwischen-putin-und-selenskij-koennten-in-ungarn-stattfinden\/#breadcrumb"},"inLanguage":"de","potentialAction":[{"@type":"ReadAction","target":["https:\/\/now-news.de\/de\/deutschland\/gespraeche-zwischen-putin-und-selenskij-koennten-in-ungarn-stattfinden\/"]}]},{"@type":"ImageObject","inLanguage":"de","@id":"https:\/\/now-news.de\/de\/deutschland\/gespraeche-zwischen-putin-und-selenskij-koennten-in-ungarn-stattfinden\/#primaryimage","url":"https:\/\/now-news.de\/de\/wp-content\/uploads\/sites\/3\/2025\/08\/Gespraeche-zwischen-Putin-und-Selenskij-koennten-in-Ungarn-stattfinden.jpg","contentUrl":"https:\/\/now-news.de\/de\/wp-content\/uploads\/sites\/3\/2025\/08\/Gespraeche-zwischen-Putin-und-Selenskij-koennten-in-Ungarn-stattfinden.jpg","width":460,"height":259,"caption":"Gespr\u00e4che zwischen Putin und Selenskij k\u00f6nnten in Ungarn stattfinden"},{"@type":"BreadcrumbList","@id":"https:\/\/now-news.de\/de\/deutschland\/gespraeche-zwischen-putin-und-selenskij-koennten-in-ungarn-stattfinden\/#breadcrumb","itemListElement":[{"@type":"ListItem","position":1,"name":"Home","item":"https:\/\/now-news.de\/de\/"},{"@type":"ListItem","position":2,"name":"Gespr\u00e4che zwischen Putin und Selenskij k\u00f6nnten in Ungarn stattfinden"}]},{"@type":"WebSite","@id":"https:\/\/now-news.de\/de\/#website","url":"https:\/\/now-news.de\/de\/","name":"just-now.NEWS Deutschland","description":"Das Portal f\u00fcr unzensierte Nachrichten aus der Welt","publisher":{"@id":"https:\/\/now-news.de\/de\/#organization"},"potentialAction":[{"@type":"SearchAction","target":{"@type":"EntryPoint","urlTemplate":"https:\/\/now-news.de\/de\/?s={search_term_string}"},"query-input":"required name=search_term_string"}],"inLanguage":"de"},{"@type":"Organization","@id":"https:\/\/now-news.de\/de\/#organization","name":"Just Now News","url":"https:\/\/now-news.de\/de\/","logo":{"@type":"ImageObject","inLanguage":"de","@id":"https:\/\/now-news.de\/de\/#\/schema\/logo\/image\/","url":"http:\/\/just-now.news\/de\/wp-content\/uploads\/sites\/3\/2022\/04\/logo500x500.jpg","contentUrl":"http:\/\/just-now.news\/de\/wp-content\/uploads\/sites\/3\/2022\/04\/logo500x500.jpg","width":500,"height":500,"caption":"Just Now News"},"image":{"@id":"https:\/\/now-news.de\/de\/#\/schema\/logo\/image\/"},"sameAs":["https:\/\/www.facebook.com\/wirmachenauf","https:\/\/x.com\/WirMachenAuf_de"]},{"@type":"Person","@id":"https:\/\/now-news.de\/de\/#\/schema\/person\/fb534a4e865501d8b3285208df34a9b5","name":"rtnews","image":{"@type":"ImageObject","inLanguage":"de","@id":"https:\/\/now-news.de\/de\/#\/schema\/person\/image\/","url":"https:\/\/secure.gravatar.com\/avatar\/82aafea7d8127119dd649515f56e2117?s=96&d=mm&r=g","contentUrl":"https:\/\/secure.gravatar.com\/avatar\/82aafea7d8127119dd649515f56e2117?s=96&d=mm&r=g","caption":"rtnews"},"url":"https:\/\/now-news.de\/de\/author\/rnews\/"}]}},"_links":{"self":[{"href":"https:\/\/now-news.de\/de\/wp-json\/wp\/v2\/posts\/89055"}],"collection":[{"href":"https:\/\/now-news.de\/de\/wp-json\/wp\/v2\/posts"}],"about":[{"href":"https:\/\/now-news.de\/de\/wp-json\/wp\/v2\/types\/post"}],"author":[{"embeddable":true,"href":"https:\/\/now-news.de\/de\/wp-json\/wp\/v2\/users\/3"}],"replies":[{"embeddable":true,"href":"https:\/\/now-news.de\/de\/wp-json\/wp\/v2\/comments?post=89055"}],"version-history":[{"count":0,"href":"https:\/\/now-news.de\/de\/wp-json\/wp\/v2\/posts\/89055\/revisions"}],"wp:featuredmedia":[{"embeddable":true,"href":"https:\/\/now-news.de\/de\/wp-json\/wp\/v2\/media\/89056"}],"wp:attachment":[{"href":"https:\/\/now-news.de\/de\/wp-json\/wp\/v2\/media?parent=89055"}],"wp:term":[{"taxonomy":"category","embeddable":true,"href":"https:\/\/now-news.de\/de\/wp-json\/wp\/v2\/categories?post=89055"},{"taxonomy":"post_tag","embeddable":true,"href":"https:\/\/now-news.de\/de\/wp-json\/wp\/v2\/tags?post=89055"}],"curies":[{"name":"wp","href":"https:\/\/api.w.org\/{rel}","templated":true}]}}