{"id":89033,"date":"2025-08-18T22:16:54","date_gmt":"2025-08-18T20:16:54","guid":{"rendered":"https:\/\/now-news.de\/de\/deutschland\/nach-treffen-mit-selenskij-und-europaeischen-staatschefs-trump-ruft-putin-an\/"},"modified":"2025-08-18T22:16:54","modified_gmt":"2025-08-18T20:16:54","slug":"nach-treffen-mit-selenskij-und-europaeischen-staatschefs-trump-ruft-putin-an","status":"publish","type":"post","link":"https:\/\/now-news.de\/de\/deutschland\/nach-treffen-mit-selenskij-und-europaeischen-staatschefs-trump-ruft-putin-an\/","title":{"rendered":"Nach Treffen mit Selenskij und europ\u00e4ischen Staatschefs: Trump ruft Putin an"},"content":{"rendered":"<p><img decoding=\"async\" src=\"https:\/\/now-news.de\/de\/wp-content\/uploads\/sites\/3\/2025\/08\/68a3911a48fbef0b583bc762.jpg\" \/><\/p>\n<div class=\"Text-root Text-type_1 \">\n                Donald Trump will Wladimir Putin unmittelbar nach seinen Gespr\u00e4chen mit Selenskij und den europ\u00e4ischen Staats- und Regierungschefs anrufen. Dies \u00e4u\u00dferte der US-Pr\u00e4sident bei dem Treffen mit dem ukrainischen Pr\u00e4sidenten Wladimir Selenskij im Wei\u00dfen Haus.\n            <\/div>\n<p><\/p>\n<div class=\"Text-root Text-type_5 ArticleView-text ViewText-root \">\n<p>US-Pr\u00e4sident Donald Trump hat angek\u00fcndigt, dass sein russischer Amtskollege Wladimir Putin einen Anruf von ihm erwartet. Dies teilte der Republikaner bei dem Treffen mit dem ukrainischen Pr\u00e4sidenten Wladimir Selenskij mit:<\/p>\n<blockquote>\n<p><em>&#8220;Wir haben gerade dar\u00fcber gesprochen \u2013 ich habe gerade dem Pr\u00e4sidenten davon erz\u00e4hlt \u2013, ich habe gerade indirekt mit Pr\u00e4sident Putin gesprochen, und wir werden unmittelbar nach den heutigen Treffen ein Telefongespr\u00e4ch f\u00fchren.&#8221;<\/em><\/p>\n<\/blockquote>\n<p>Trump pr\u00e4zisierte allerdings nicht, wie der &#8220;indirekte&#8221; Dialog mit Putin organisiert wurde. Der US-Staatschef betonte, dass ein Dreiertreffen unter Beteiligung von Russland, der Ukraine und den USA stattfinden k\u00f6nnte \u2013 &#8220;vielleicht aber auch nicht&#8221;. Er fuhr fort:<\/p>\n<blockquote>\n<p><em>&#8220;Wenn wir kein Treffen haben, wird die Konfrontation weitergehen. Und wenn wir es tun, haben wir eine gute Chance, vielleicht ein Ende zu setzen, aber er wartet auf meinen Anruf, wenn wir dieses Treffen beendet haben.&#8221;<\/em><\/p>\n<\/blockquote>\n<p>Selenskij und Trump f\u00fchren Verhandlungen im Wei\u00dfen Haus. Zuvor hatte der US-Pr\u00e4sident erkl\u00e4rt, Selenskij k\u00f6nne den Konflikt mit Russland &#8220;fast sofort&#8221; beenden, wenn er die Krim als russisch anerkennt und auf einen NATO-Beitritt verzichtet.<\/p>\n<p>Nach Washington reisten auch die Pr\u00e4sidentin der Europ\u00e4ischen Kommission Ursula von der Leyen und der Generalsekret\u00e4r der NATO Mark Rutte, der britische Premierminister Keir Starmer, der franz\u00f6sische Pr\u00e4sident Emmanuel Macron, der deutsche Bundeskanzler Friedrich Merz, die italienische Ministerpr\u00e4sidentin Giorgia Meloni und der finnische Pr\u00e4sident Alexander Stubb.<\/p>\n<p>Zuletzt hatten Putin und Trump am 15. August in Alaska pers\u00f6nlich miteinander gesprochen. Sie er\u00f6rterten dort M\u00f6glichkeiten zur Beilegung des russisch-ukrainischen Konflikts.<\/p>\n<p>Nach den Verhandlungen in Alaska telefonierte der russische Pr\u00e4sident mit mehreren Staatschefs: den Pr\u00e4sidenten Brasiliens, Kirgisistans, Wei\u00dfrusslands, Usbekistans, S\u00fcdafrikas, Tadschikistans und Kasachstans.<\/p>\n<p><strong>Mehr zum Thema<\/strong> \u2013 <a rel=\"nofollow noopener\" target=\"_blank\" href=\"https:\/\/freedert.online\/international\/253655-umrisse-von-putins-angebot-zur\/\">Putins Verhandlungsmasse zur Beendigung des Krieges in der Ukraine<\/a><\/p>\n<div class=\"EmbedBlock-root EmbedBlock-externalVideo EmbedBlock-rumble\">\n<div class=\"VkEmbed\"><iframe class=\"lazyload\" data-src=\"https:\/\/rumble.com\/embed\/v6vk6zs\" frameborder=\"0\" width=\"853\" height=\"480\" allowfullscreen><\/iframe><\/div>\n<\/div>\n<\/div>\n<p><br \/>\n<br \/><a href=\"https:\/\/de.rt.com\/international\/253725-nach-treffen-mit-selenskij-und\/\">Source link <\/a><\/p>\n","protected":false},"excerpt":{"rendered":"<p>Donald Trump will Wladimir Putin unmittelbar nach seinen Gespr\u00e4chen mit Selenskij und den europ\u00e4ischen Staats- und Regierungschefs anrufen. Dies \u00e4u\u00dferte der US-Pr\u00e4sident bei dem Treffen mit dem ukrainischen Pr\u00e4sidenten Wladimir Selenskij im Wei\u00dfen Haus. US-Pr\u00e4sident Donald Trump hat angek\u00fcndigt, dass sein russischer Amtskollege Wladimir Putin einen Anruf von ihm erwartet. Dies teilte der Republikaner bei [&hellip;]<\/p>\n","protected":false},"author":3,"featured_media":89034,"comment_status":"open","ping_status":"open","sticky":false,"template":"","format":"standard","meta":{"_yoast_indexnow_last_ping":["1755550092"],"wp_automatic_camp":["217"],"35429a5d006adc0aa76e7e229f0f9b61":["Nach Treffen mit Selenskij und europ\u00e4ischen Staatschefs: Trump ruft Putin an"],"original_link":["https:\/\/de.rt.com\/international\/253725-nach-treffen-mit-selenskij-und\/"],"_thumbnail_id":["89034"],"jnews_social_counter_last_update":["1777181031","1777181031"],"_wptgpro_p2tg_sent2tg":["a:1:{i:23737;s:19:\"2025-08-18 22:49:15\";}"]},"categories":[19,23],"tags":[20513,419,979,125,6183,6158,34724,354,1639,140],"yoast_head":"<!-- This site is optimized with the Yoast SEO Premium plugin v22.7 (Yoast SEO v22.7) - https:\/\/yoast.com\/wordpress\/plugins\/seo\/ -->\n<title>Nach Treffen mit Selenskij und europ\u00e4ischen Staatschefs: Trump ruft Putin an - just-now.NEWS Deutschland<\/title>\n<meta name=\"robots\" content=\"index, follow, max-snippet:-1, max-image-preview:large, max-video-preview:-1\" \/>\n<link rel=\"canonical\" href=\"https:\/\/now-news.de\/de\/deutschland\/nach-treffen-mit-selenskij-und-europaeischen-staatschefs-trump-ruft-putin-an\/\" \/>\n<meta property=\"og:locale\" content=\"de_DE\" \/>\n<meta property=\"og:type\" content=\"article\" \/>\n<meta property=\"og:title\" content=\"Nach Treffen mit Selenskij und europ\u00e4ischen Staatschefs: Trump ruft Putin an\" \/>\n<meta property=\"og:description\" content=\"Donald Trump will Wladimir Putin unmittelbar nach seinen Gespr\u00e4chen mit Selenskij und den europ\u00e4ischen Staats- und Regierungschefs anrufen. Dies \u00e4u\u00dferte der US-Pr\u00e4sident bei dem Treffen mit dem ukrainischen Pr\u00e4sidenten Wladimir Selenskij im Wei\u00dfen Haus. US-Pr\u00e4sident Donald Trump hat angek\u00fcndigt, dass sein russischer Amtskollege Wladimir Putin einen Anruf von ihm erwartet. Dies teilte der Republikaner bei [&hellip;]\" \/>\n<meta property=\"og:url\" content=\"https:\/\/now-news.de\/de\/deutschland\/nach-treffen-mit-selenskij-und-europaeischen-staatschefs-trump-ruft-putin-an\/\" \/>\n<meta property=\"og:site_name\" content=\"just-now.NEWS Deutschland\" \/>\n<meta property=\"article:publisher\" content=\"https:\/\/www.facebook.com\/wirmachenauf\" \/>\n<meta property=\"article:published_time\" content=\"2025-08-18T20:16:54+00:00\" \/>\n<meta property=\"og:image\" content=\"https:\/\/now-news.de\/de\/wp-content\/uploads\/sites\/3\/2025\/08\/68a3911a48fbef0b583bc762.jpg\" \/>\n<meta name=\"author\" content=\"rtnews\" \/>\n<meta name=\"twitter:card\" content=\"summary_large_image\" \/>\n<meta name=\"twitter:creator\" content=\"@WirMachenAuf_de\" \/>\n<meta name=\"twitter:site\" content=\"@WirMachenAuf_de\" \/>\n<meta name=\"twitter:label1\" content=\"Verfasst von\" \/>\n\t<meta name=\"twitter:data1\" content=\"rtnews\" \/>\n\t<meta name=\"twitter:label2\" content=\"Gesch\u00e4tzte Lesezeit\" \/>\n\t<meta name=\"twitter:data2\" content=\"2\u00a0Minuten\" \/>\n<script type=\"application\/ld+json\" class=\"yoast-schema-graph\">{\"@context\":\"https:\/\/schema.org\",\"@graph\":[{\"@type\":\"Article\",\"@id\":\"https:\/\/now-news.de\/de\/deutschland\/nach-treffen-mit-selenskij-und-europaeischen-staatschefs-trump-ruft-putin-an\/#article\",\"isPartOf\":{\"@id\":\"https:\/\/now-news.de\/de\/deutschland\/nach-treffen-mit-selenskij-und-europaeischen-staatschefs-trump-ruft-putin-an\/\"},\"author\":{\"name\":\"rtnews\",\"@id\":\"https:\/\/now-news.de\/de\/#\/schema\/person\/fb534a4e865501d8b3285208df34a9b5\"},\"headline\":\"Nach Treffen mit Selenskij und europ\u00e4ischen Staatschefs: Trump ruft Putin an\",\"datePublished\":\"2025-08-18T20:16:54+00:00\",\"dateModified\":\"2025-08-18T20:16:54+00:00\",\"mainEntityOfPage\":{\"@id\":\"https:\/\/now-news.de\/de\/deutschland\/nach-treffen-mit-selenskij-und-europaeischen-staatschefs-trump-ruft-putin-an\/\"},\"wordCount\":353,\"commentCount\":0,\"publisher\":{\"@id\":\"https:\/\/now-news.de\/de\/#organization\"},\"image\":{\"@id\":\"https:\/\/now-news.de\/de\/deutschland\/nach-treffen-mit-selenskij-und-europaeischen-staatschefs-trump-ruft-putin-an\/#primaryimage\"},\"thumbnailUrl\":\"https:\/\/now-news.de\/de\/wp-content\/uploads\/sites\/3\/2025\/08\/Nach-Treffen-mit-Selenskij-und-europaeischen-Staatschefs-Trump-ruft-Putin.jpg\",\"keywords\":[\"Europ\u00e4ischen\",\"mit\",\"nach\",\"putin\",\"ruft\",\"Selenskij\",\"Staatschefs\",\"Treffen\",\"trump\",\"und\"],\"articleSection\":[\"Deutschland\",\"Russland\"],\"inLanguage\":\"de\",\"potentialAction\":[{\"@type\":\"CommentAction\",\"name\":\"Comment\",\"target\":[\"https:\/\/now-news.de\/de\/deutschland\/nach-treffen-mit-selenskij-und-europaeischen-staatschefs-trump-ruft-putin-an\/#respond\"]}]},{\"@type\":\"WebPage\",\"@id\":\"https:\/\/now-news.de\/de\/deutschland\/nach-treffen-mit-selenskij-und-europaeischen-staatschefs-trump-ruft-putin-an\/\",\"url\":\"https:\/\/now-news.de\/de\/deutschland\/nach-treffen-mit-selenskij-und-europaeischen-staatschefs-trump-ruft-putin-an\/\",\"name\":\"Nach Treffen mit Selenskij und europ\u00e4ischen Staatschefs: Trump ruft Putin an - just-now.NEWS Deutschland\",\"isPartOf\":{\"@id\":\"https:\/\/now-news.de\/de\/#website\"},\"primaryImageOfPage\":{\"@id\":\"https:\/\/now-news.de\/de\/deutschland\/nach-treffen-mit-selenskij-und-europaeischen-staatschefs-trump-ruft-putin-an\/#primaryimage\"},\"image\":{\"@id\":\"https:\/\/now-news.de\/de\/deutschland\/nach-treffen-mit-selenskij-und-europaeischen-staatschefs-trump-ruft-putin-an\/#primaryimage\"},\"thumbnailUrl\":\"https:\/\/now-news.de\/de\/wp-content\/uploads\/sites\/3\/2025\/08\/Nach-Treffen-mit-Selenskij-und-europaeischen-Staatschefs-Trump-ruft-Putin.jpg\",\"datePublished\":\"2025-08-18T20:16:54+00:00\",\"dateModified\":\"2025-08-18T20:16:54+00:00\",\"breadcrumb\":{\"@id\":\"https:\/\/now-news.de\/de\/deutschland\/nach-treffen-mit-selenskij-und-europaeischen-staatschefs-trump-ruft-putin-an\/#breadcrumb\"},\"inLanguage\":\"de\",\"potentialAction\":[{\"@type\":\"ReadAction\",\"target\":[\"https:\/\/now-news.de\/de\/deutschland\/nach-treffen-mit-selenskij-und-europaeischen-staatschefs-trump-ruft-putin-an\/\"]}]},{\"@type\":\"ImageObject\",\"inLanguage\":\"de\",\"@id\":\"https:\/\/now-news.de\/de\/deutschland\/nach-treffen-mit-selenskij-und-europaeischen-staatschefs-trump-ruft-putin-an\/#primaryimage\",\"url\":\"https:\/\/now-news.de\/de\/wp-content\/uploads\/sites\/3\/2025\/08\/Nach-Treffen-mit-Selenskij-und-europaeischen-Staatschefs-Trump-ruft-Putin.jpg\",\"contentUrl\":\"https:\/\/now-news.de\/de\/wp-content\/uploads\/sites\/3\/2025\/08\/Nach-Treffen-mit-Selenskij-und-europaeischen-Staatschefs-Trump-ruft-Putin.jpg\",\"width\":460,\"height\":259,\"caption\":\"Nach Treffen mit Selenskij und europ\u00e4ischen Staatschefs: Trump ruft Putin an\"},{\"@type\":\"BreadcrumbList\",\"@id\":\"https:\/\/now-news.de\/de\/deutschland\/nach-treffen-mit-selenskij-und-europaeischen-staatschefs-trump-ruft-putin-an\/#breadcrumb\",\"itemListElement\":[{\"@type\":\"ListItem\",\"position\":1,\"name\":\"Home\",\"item\":\"https:\/\/now-news.de\/de\/\"},{\"@type\":\"ListItem\",\"position\":2,\"name\":\"Nach Treffen mit Selenskij und europ\u00e4ischen Staatschefs: Trump ruft Putin an\"}]},{\"@type\":\"WebSite\",\"@id\":\"https:\/\/now-news.de\/de\/#website\",\"url\":\"https:\/\/now-news.de\/de\/\",\"name\":\"just-now.NEWS Deutschland\",\"description\":\"Das Portal f\u00fcr unzensierte Nachrichten aus der Welt\",\"publisher\":{\"@id\":\"https:\/\/now-news.de\/de\/#organization\"},\"potentialAction\":[{\"@type\":\"SearchAction\",\"target\":{\"@type\":\"EntryPoint\",\"urlTemplate\":\"https:\/\/now-news.de\/de\/?s={search_term_string}\"},\"query-input\":\"required name=search_term_string\"}],\"inLanguage\":\"de\"},{\"@type\":\"Organization\",\"@id\":\"https:\/\/now-news.de\/de\/#organization\",\"name\":\"Just Now News\",\"url\":\"https:\/\/now-news.de\/de\/\",\"logo\":{\"@type\":\"ImageObject\",\"inLanguage\":\"de\",\"@id\":\"https:\/\/now-news.de\/de\/#\/schema\/logo\/image\/\",\"url\":\"http:\/\/just-now.news\/de\/wp-content\/uploads\/sites\/3\/2022\/04\/logo500x500.jpg\",\"contentUrl\":\"http:\/\/just-now.news\/de\/wp-content\/uploads\/sites\/3\/2022\/04\/logo500x500.jpg\",\"width\":500,\"height\":500,\"caption\":\"Just Now News\"},\"image\":{\"@id\":\"https:\/\/now-news.de\/de\/#\/schema\/logo\/image\/\"},\"sameAs\":[\"https:\/\/www.facebook.com\/wirmachenauf\",\"https:\/\/x.com\/WirMachenAuf_de\"]},{\"@type\":\"Person\",\"@id\":\"https:\/\/now-news.de\/de\/#\/schema\/person\/fb534a4e865501d8b3285208df34a9b5\",\"name\":\"rtnews\",\"image\":{\"@type\":\"ImageObject\",\"inLanguage\":\"de\",\"@id\":\"https:\/\/now-news.de\/de\/#\/schema\/person\/image\/\",\"url\":\"https:\/\/secure.gravatar.com\/avatar\/82aafea7d8127119dd649515f56e2117?s=96&d=mm&r=g\",\"contentUrl\":\"https:\/\/secure.gravatar.com\/avatar\/82aafea7d8127119dd649515f56e2117?s=96&d=mm&r=g\",\"caption\":\"rtnews\"},\"url\":\"https:\/\/now-news.de\/de\/author\/rnews\/\"}]}<\/script>\n<!-- \/ Yoast SEO Premium plugin. -->","yoast_head_json":{"title":"Nach Treffen mit Selenskij und europ\u00e4ischen Staatschefs: Trump ruft Putin an - just-now.NEWS Deutschland","robots":{"index":"index","follow":"follow","max-snippet":"max-snippet:-1","max-image-preview":"max-image-preview:large","max-video-preview":"max-video-preview:-1"},"canonical":"https:\/\/now-news.de\/de\/deutschland\/nach-treffen-mit-selenskij-und-europaeischen-staatschefs-trump-ruft-putin-an\/","og_locale":"de_DE","og_type":"article","og_title":"Nach Treffen mit Selenskij und europ\u00e4ischen Staatschefs: Trump ruft Putin an","og_description":"Donald Trump will Wladimir Putin unmittelbar nach seinen Gespr\u00e4chen mit Selenskij und den europ\u00e4ischen Staats- und Regierungschefs anrufen. Dies \u00e4u\u00dferte der US-Pr\u00e4sident bei dem Treffen mit dem ukrainischen Pr\u00e4sidenten Wladimir Selenskij im Wei\u00dfen Haus. US-Pr\u00e4sident Donald Trump hat angek\u00fcndigt, dass sein russischer Amtskollege Wladimir Putin einen Anruf von ihm erwartet. Dies teilte der Republikaner bei [&hellip;]","og_url":"https:\/\/now-news.de\/de\/deutschland\/nach-treffen-mit-selenskij-und-europaeischen-staatschefs-trump-ruft-putin-an\/","og_site_name":"just-now.NEWS Deutschland","article_publisher":"https:\/\/www.facebook.com\/wirmachenauf","article_published_time":"2025-08-18T20:16:54+00:00","og_image":[{"url":"https:\/\/now-news.de\/de\/wp-content\/uploads\/sites\/3\/2025\/08\/68a3911a48fbef0b583bc762.jpg"}],"author":"rtnews","twitter_card":"summary_large_image","twitter_creator":"@WirMachenAuf_de","twitter_site":"@WirMachenAuf_de","twitter_misc":{"Verfasst von":"rtnews","Gesch\u00e4tzte Lesezeit":"2\u00a0Minuten"},"schema":{"@context":"https:\/\/schema.org","@graph":[{"@type":"Article","@id":"https:\/\/now-news.de\/de\/deutschland\/nach-treffen-mit-selenskij-und-europaeischen-staatschefs-trump-ruft-putin-an\/#article","isPartOf":{"@id":"https:\/\/now-news.de\/de\/deutschland\/nach-treffen-mit-selenskij-und-europaeischen-staatschefs-trump-ruft-putin-an\/"},"author":{"name":"rtnews","@id":"https:\/\/now-news.de\/de\/#\/schema\/person\/fb534a4e865501d8b3285208df34a9b5"},"headline":"Nach Treffen mit Selenskij und europ\u00e4ischen Staatschefs: Trump ruft Putin an","datePublished":"2025-08-18T20:16:54+00:00","dateModified":"2025-08-18T20:16:54+00:00","mainEntityOfPage":{"@id":"https:\/\/now-news.de\/de\/deutschland\/nach-treffen-mit-selenskij-und-europaeischen-staatschefs-trump-ruft-putin-an\/"},"wordCount":353,"commentCount":0,"publisher":{"@id":"https:\/\/now-news.de\/de\/#organization"},"image":{"@id":"https:\/\/now-news.de\/de\/deutschland\/nach-treffen-mit-selenskij-und-europaeischen-staatschefs-trump-ruft-putin-an\/#primaryimage"},"thumbnailUrl":"https:\/\/now-news.de\/de\/wp-content\/uploads\/sites\/3\/2025\/08\/Nach-Treffen-mit-Selenskij-und-europaeischen-Staatschefs-Trump-ruft-Putin.jpg","keywords":["Europ\u00e4ischen","mit","nach","putin","ruft","Selenskij","Staatschefs","Treffen","trump","und"],"articleSection":["Deutschland","Russland"],"inLanguage":"de","potentialAction":[{"@type":"CommentAction","name":"Comment","target":["https:\/\/now-news.de\/de\/deutschland\/nach-treffen-mit-selenskij-und-europaeischen-staatschefs-trump-ruft-putin-an\/#respond"]}]},{"@type":"WebPage","@id":"https:\/\/now-news.de\/de\/deutschland\/nach-treffen-mit-selenskij-und-europaeischen-staatschefs-trump-ruft-putin-an\/","url":"https:\/\/now-news.de\/de\/deutschland\/nach-treffen-mit-selenskij-und-europaeischen-staatschefs-trump-ruft-putin-an\/","name":"Nach Treffen mit Selenskij und europ\u00e4ischen Staatschefs: Trump ruft Putin an - just-now.NEWS Deutschland","isPartOf":{"@id":"https:\/\/now-news.de\/de\/#website"},"primaryImageOfPage":{"@id":"https:\/\/now-news.de\/de\/deutschland\/nach-treffen-mit-selenskij-und-europaeischen-staatschefs-trump-ruft-putin-an\/#primaryimage"},"image":{"@id":"https:\/\/now-news.de\/de\/deutschland\/nach-treffen-mit-selenskij-und-europaeischen-staatschefs-trump-ruft-putin-an\/#primaryimage"},"thumbnailUrl":"https:\/\/now-news.de\/de\/wp-content\/uploads\/sites\/3\/2025\/08\/Nach-Treffen-mit-Selenskij-und-europaeischen-Staatschefs-Trump-ruft-Putin.jpg","datePublished":"2025-08-18T20:16:54+00:00","dateModified":"2025-08-18T20:16:54+00:00","breadcrumb":{"@id":"https:\/\/now-news.de\/de\/deutschland\/nach-treffen-mit-selenskij-und-europaeischen-staatschefs-trump-ruft-putin-an\/#breadcrumb"},"inLanguage":"de","potentialAction":[{"@type":"ReadAction","target":["https:\/\/now-news.de\/de\/deutschland\/nach-treffen-mit-selenskij-und-europaeischen-staatschefs-trump-ruft-putin-an\/"]}]},{"@type":"ImageObject","inLanguage":"de","@id":"https:\/\/now-news.de\/de\/deutschland\/nach-treffen-mit-selenskij-und-europaeischen-staatschefs-trump-ruft-putin-an\/#primaryimage","url":"https:\/\/now-news.de\/de\/wp-content\/uploads\/sites\/3\/2025\/08\/Nach-Treffen-mit-Selenskij-und-europaeischen-Staatschefs-Trump-ruft-Putin.jpg","contentUrl":"https:\/\/now-news.de\/de\/wp-content\/uploads\/sites\/3\/2025\/08\/Nach-Treffen-mit-Selenskij-und-europaeischen-Staatschefs-Trump-ruft-Putin.jpg","width":460,"height":259,"caption":"Nach Treffen mit Selenskij und europ\u00e4ischen Staatschefs: Trump ruft Putin an"},{"@type":"BreadcrumbList","@id":"https:\/\/now-news.de\/de\/deutschland\/nach-treffen-mit-selenskij-und-europaeischen-staatschefs-trump-ruft-putin-an\/#breadcrumb","itemListElement":[{"@type":"ListItem","position":1,"name":"Home","item":"https:\/\/now-news.de\/de\/"},{"@type":"ListItem","position":2,"name":"Nach Treffen mit Selenskij und europ\u00e4ischen Staatschefs: Trump ruft Putin an"}]},{"@type":"WebSite","@id":"https:\/\/now-news.de\/de\/#website","url":"https:\/\/now-news.de\/de\/","name":"just-now.NEWS Deutschland","description":"Das Portal f\u00fcr unzensierte Nachrichten aus der Welt","publisher":{"@id":"https:\/\/now-news.de\/de\/#organization"},"potentialAction":[{"@type":"SearchAction","target":{"@type":"EntryPoint","urlTemplate":"https:\/\/now-news.de\/de\/?s={search_term_string}"},"query-input":"required name=search_term_string"}],"inLanguage":"de"},{"@type":"Organization","@id":"https:\/\/now-news.de\/de\/#organization","name":"Just Now News","url":"https:\/\/now-news.de\/de\/","logo":{"@type":"ImageObject","inLanguage":"de","@id":"https:\/\/now-news.de\/de\/#\/schema\/logo\/image\/","url":"http:\/\/just-now.news\/de\/wp-content\/uploads\/sites\/3\/2022\/04\/logo500x500.jpg","contentUrl":"http:\/\/just-now.news\/de\/wp-content\/uploads\/sites\/3\/2022\/04\/logo500x500.jpg","width":500,"height":500,"caption":"Just Now News"},"image":{"@id":"https:\/\/now-news.de\/de\/#\/schema\/logo\/image\/"},"sameAs":["https:\/\/www.facebook.com\/wirmachenauf","https:\/\/x.com\/WirMachenAuf_de"]},{"@type":"Person","@id":"https:\/\/now-news.de\/de\/#\/schema\/person\/fb534a4e865501d8b3285208df34a9b5","name":"rtnews","image":{"@type":"ImageObject","inLanguage":"de","@id":"https:\/\/now-news.de\/de\/#\/schema\/person\/image\/","url":"https:\/\/secure.gravatar.com\/avatar\/82aafea7d8127119dd649515f56e2117?s=96&d=mm&r=g","contentUrl":"https:\/\/secure.gravatar.com\/avatar\/82aafea7d8127119dd649515f56e2117?s=96&d=mm&r=g","caption":"rtnews"},"url":"https:\/\/now-news.de\/de\/author\/rnews\/"}]}},"_links":{"self":[{"href":"https:\/\/now-news.de\/de\/wp-json\/wp\/v2\/posts\/89033"}],"collection":[{"href":"https:\/\/now-news.de\/de\/wp-json\/wp\/v2\/posts"}],"about":[{"href":"https:\/\/now-news.de\/de\/wp-json\/wp\/v2\/types\/post"}],"author":[{"embeddable":true,"href":"https:\/\/now-news.de\/de\/wp-json\/wp\/v2\/users\/3"}],"replies":[{"embeddable":true,"href":"https:\/\/now-news.de\/de\/wp-json\/wp\/v2\/comments?post=89033"}],"version-history":[{"count":0,"href":"https:\/\/now-news.de\/de\/wp-json\/wp\/v2\/posts\/89033\/revisions"}],"wp:featuredmedia":[{"embeddable":true,"href":"https:\/\/now-news.de\/de\/wp-json\/wp\/v2\/media\/89034"}],"wp:attachment":[{"href":"https:\/\/now-news.de\/de\/wp-json\/wp\/v2\/media?parent=89033"}],"wp:term":[{"taxonomy":"category","embeddable":true,"href":"https:\/\/now-news.de\/de\/wp-json\/wp\/v2\/categories?post=89033"},{"taxonomy":"post_tag","embeddable":true,"href":"https:\/\/now-news.de\/de\/wp-json\/wp\/v2\/tags?post=89033"}],"curies":[{"name":"wp","href":"https:\/\/api.w.org\/{rel}","templated":true}]}}