{"id":89031,"date":"2025-08-18T22:28:56","date_gmt":"2025-08-18T20:28:56","guid":{"rendered":"https:\/\/now-news.de\/de\/deutschland\/wahlpruefungsbeschwerde-werteunion-klagt-gegen-thueringer-landtagswahl-2024\/"},"modified":"2025-08-18T22:28:56","modified_gmt":"2025-08-18T20:28:56","slug":"wahlpruefungsbeschwerde-werteunion-klagt-gegen-thueringer-landtagswahl-2024","status":"publish","type":"post","link":"https:\/\/now-news.de\/de\/deutschland\/wahlpruefungsbeschwerde-werteunion-klagt-gegen-thueringer-landtagswahl-2024\/","title":{"rendered":"Wahlpr\u00fcfungsbeschwerde: WerteUnion klagt gegen Th\u00fcringer Landtagswahl 2024"},"content":{"rendered":"<p><img decoding=\"async\" src=\"https:\/\/now-news.de\/de\/wp-content\/uploads\/sites\/3\/2025\/08\/68a32a2848fbef4c6e09bbae.jpg\" \/><\/p>\n<div class=\"Text-root Text-type_1 \">\n                Nach Auffassung der WerteUnion wurde bei der Th\u00fcringer Landtagswahl 2024 das staatliche Neutralit\u00e4tsgebot verletzt. Dieser Wahlfehler k\u00f6nnte die Sitzverteilung beeinflusst haben. Die Partei reicht beim Verfassungsgericht eine Wahlpr\u00fcfungsbeschwerde ein.\n            <\/div>\n<p><\/p>\n<div class=\"Text-root Text-type_5 ArticleView-text ViewText-root \">\n<p><em>Von Felicitas Rabe<\/em><\/p>\n<p>Am Montagmorgen reichte der Landeskandidat der WerteUnion Th\u00fcringen, Alf Schmidt, beim Th\u00fcringer Verfassungsgerichtshof eine <a rel=\"nofollow noopener\" target=\"_blank\" href=\"https:\/\/werteunion-thueringen.de\/werteunion-zieht-mit-wahlpruefungsbeschwerde-vor-den-verfassungsgerichtshof\/\">Wahlpr\u00fcfungsbeschwerde<\/a> gegen die Landtagswahl im Jahr 2024 ein.\u00a0Seinem Antrag schlossen sich rund 100 Wahlberechtigte an, die ebenfalls eine gerichtliche Pr\u00fcfung der Th\u00fcringer Wahl fordern.\u00a0<\/p>\n<p>Wie der Landesverband der WerteUnion Th\u00fcringen in einer <a rel=\"nofollow noopener\" target=\"_blank\" href=\"https:\/\/werteunion-thueringen.de\/werteunion-zieht-mit-wahlpruefungsbeschwerde-vor-den-verfassungsgerichtshof\/\">Pressemitteilung<\/a> bereits am vergangenen Mittwoch mitteilte, r\u00fcgt die Klage eine unzul\u00e4ssige amtliche Einwirkung auf den Th\u00fcringer Landtagswahlkampf. Mehrere Th\u00fcringer Landr\u00e4te und Oberb\u00fcrgermeister h\u00e4tten entgegen dem Neutralit\u00e4tsgebot als Amtstr\u00e4ger in unzul\u00e4ssiger Weise auf den Wahlkampf eingewirkt, so der Vorwurf.<\/p>\n<p>Die Th\u00fcringer WerteUnion beauftragte den Rechtsanwalt und Verfassungsrechtler Ralf Ludwig mit ihrer juristischen Vertretung. In einem Telefonat mit der Autorin fasste Rechtsanwalt Ludwig den Fall am Montagnachmittag f\u00fcr <em>RT DE<\/em> zusammen. In einer koordinierten Stellungnahme h\u00e4tten die Landr\u00e4te und Oberb\u00fcrgermeister sinngem\u00e4\u00df verbreitet: &#8220;Wenn ihr AfD oder BSW w\u00e4hlt, dann gehen hier bei uns in den Kommunen die Lichter aus.&#8221; Ludwig erkl\u00e4rte auch die Brisanz dieser Amtstr\u00e4gerhandlungen in einem Wahlkampf:<\/p>\n<blockquote>\n<p><em>&#8220;Das hat es in der Geschichte der Bundesrepublik vor einer Wahl noch nie zuvor gegeben, dass so viele Amtstr\u00e4ger in ihrer Funktion in einer konzertierten Aktion demokratiefeindlich gehandelt haben.&#8221;<\/em><\/p>\n<\/blockquote>\n<p>In der Presseerkl\u00e4rung der Th\u00fcringer WerteUnion hie\u00df es diesbez\u00fcglich, die Amtstr\u00e4ger h\u00e4tten in\u00a0einer koordinierten Stellungnahme vom 22. August 2024 und mittels einer Wiederverwertung dieser Stellungnahme in einer CDU-Werbebeilage vom 31. August 2024 ihre Neutralit\u00e4tspflicht verletzt.\u00a0In der Begr\u00fcndung hie\u00df es:\u00a0\u00a0<\/p>\n<p>&#8220;Wie vom Th\u00fcringer Landtag bereits best\u00e4tigt, verletzte dieses Vorgehen das Neutralit\u00e4tsgebot staatlicher Stellen, die Chancengleichheit der Parteien und damit Grunds\u00e4tze der freien und gleichen Wahl. Aus demokratischer Sicht ist der Vorgang besonders schwerwiegend, weil der Staat damit nicht Schiedsrichter, sondern faktisch Akteur im Wettbewerb wurde.&#8221;\u00a0Der Landesvorsitzende der WerteUnion Th\u00fcringen, Hans Pistner, teilte dazu mit: &#8220;Das Vertrauen in die Unabh\u00e4ngigkeit des Wahlprozesses wird so nachhaltig besch\u00e4digt.&#8221;<\/p>\n<p>Schlie\u00dflich k\u00f6nne nach der sogenannten M\u00f6glichkeitstheorie nicht ausgeschlossen werden, dass dieser Wahlfehler die Sitzverteilung beeinflusst habe. Die vorliegenden Zahlen w\u00fcrden sogar daf\u00fcr sprechen. In der Schlussphase des Wahlkampfes habe es schlie\u00dflich nachweisbare Stimmenverschiebungen gegeben.\u00a0Ein Transfer von ungef\u00e4hr 16.000 Stimmen von der FDP zur CDU sei dokumentiert. Dazu habe die FDP am Ende weitere Stimmen an AfD (circa 8.000) und BSW (etwa 6.000) verloren. Nachweisbar seien die Freien Demokraten innerhalb von zehn Tagen von stabilen Umfragewerten um die\u00a03 Prozent auf am Ende 1,1 Prozent zur\u00fcckgefallen. \u00a0<\/p>\n<p>Diese Gr\u00f6\u00dfenordnungen der Stimmverschiebungen l\u00e4gen &#8220;im Bereich der amtlich modellierten Umspringpunkte&#8221;. Und zwar insofern, als das BSW bereits durch rund 4.651 zus\u00e4tzliche Stimmen einen weiteren Sitz im Th\u00fcringer Landtag bekommen h\u00e4tte. Der AfD h\u00e4tte mit rund 11.738 bis 15.528 zus\u00e4tzlichen Stimmen ein weiterer Sitz zugestanden. Bei den Erststimmenentscheidungen h\u00e4tten teilweise sogar weniger als 500 Stimmen \u00fcber ein Direktmandat entschieden.\u00a0<\/p>\n<p>Ein durch amtliche Kommunikation ausgel\u00f6ster Agenda- und Autorit\u00e4tseffekt sowie die parteiliche Verwertung der Stellungnahme seitens der Amtstr\u00e4ger seien angesichts dieser Zahlen real geeignet gewesen, Mandate zu verschieben oder zu sichern. Mit anderen Worten: Das Verhalten der B\u00fcrgermeister und der Landr\u00e4te k\u00f6nnte f\u00fcr die Sitzverteilung entscheidend sein.\u00a0Die Wahlpr\u00fcfungsbeschwerde begr\u00fcnde sich somit wie folgt:<\/p>\n<ul>\n<li>Es habe eine klare Verletzung des staatlichen Neutralit\u00e4tsgebots in der hei\u00dfen Wahlkampfphase gegeben.\n<\/li>\n<li>Es liege eine demokratietheoretisch problematische Vermischung von Amt und Partei vor, die die freie Willensbildung der B\u00fcrger beeintr\u00e4chtigt.\u00a0\u00a0<\/li>\n<\/ul>\n<ul>\n<li>Dokumentierte W\u00e4hlerwechsel in der Endphase des Wahlkampfs belegten M\u00f6glichkeiten f\u00fcr entgangene Landtagssitze.<\/li>\n<\/ul>\n<p>Die Rechtsg\u00fcter &#8220;Schutz der Wahlrechtsgleichheit&#8221; und &#8220;Chancengleichheit&#8221; k\u00f6nnten im Falle der Th\u00fcringer Landtagswahl im Jahr 2024 verletzt worden sein. Der Verfassungsgerichtshof werde daher um Feststellung des Wahlfehlers und um die erforderlichen Konsequenzen ersucht.<\/p>\n<p><strong>Mehr zum Thema<\/strong>\u00a0\u2013\u00a0<a rel=\"nofollow noopener\" target=\"_blank\" href=\"https:\/\/dert.online\/bundestagswahl_2025\/238227-einzelfehler-oder-systematischer-wahlbetrug-offenbar\/\">Einzelfehler oder systematischer Wahlbetrug? \u2013 Offenbar massenhaft Unstimmigkeiten bei Stimmenzahlen <\/a><\/p>\n<\/p>\n<p>\u00a0<\/p>\n<\/div>\n<p><br \/>\n<br \/><a href=\"https:\/\/de.rt.com\/inland\/253687-wahlpruefungsbeschwerde-werteunion-klagt-gegen-thueringer\/\">Source link <\/a><\/p>\n","protected":false},"excerpt":{"rendered":"<p>Nach Auffassung der WerteUnion wurde bei der Th\u00fcringer Landtagswahl 2024 das staatliche Neutralit\u00e4tsgebot verletzt. Dieser Wahlfehler k\u00f6nnte die Sitzverteilung beeinflusst haben. Die Partei reicht beim Verfassungsgericht eine Wahlpr\u00fcfungsbeschwerde ein. Von Felicitas Rabe Am Montagmorgen reichte der Landeskandidat der WerteUnion Th\u00fcringen, Alf Schmidt, beim Th\u00fcringer Verfassungsgerichtshof eine Wahlpr\u00fcfungsbeschwerde gegen die Landtagswahl im Jahr 2024 ein.\u00a0Seinem Antrag [&hellip;]<\/p>\n","protected":false},"author":3,"featured_media":89032,"comment_status":"open","ping_status":"open","sticky":false,"template":"","format":"standard","meta":{"_yoast_indexnow_last_ping":["1755549135"],"wp_automatic_camp":["217"],"52330ff4c32c66e333816929bba27fcd":["Wahlpr\u00fcfungsbeschwerde: WerteUnion klagt gegen Th\u00fcringer Landtagswahl 2024"],"original_link":["https:\/\/de.rt.com\/inland\/253687-wahlpruefungsbeschwerde-werteunion-klagt-gegen-thueringer\/"],"_thumbnail_id":["89032"],"jnews_social_counter_last_update":["1777554272"],"_wptgpro_p2tg_sent2tg":["a:1:{i:23737;s:19:\"2025-08-18 22:33:21\";}"]},"categories":[19,23],"tags":[278,19654,19169,33298,38749,9680],"yoast_head":"<!-- This site is optimized with the Yoast SEO Premium plugin v22.7 (Yoast SEO v22.7) - https:\/\/yoast.com\/wordpress\/plugins\/seo\/ -->\n<title>Wahlpr\u00fcfungsbeschwerde: WerteUnion klagt gegen Th\u00fcringer Landtagswahl 2024 - just-now.NEWS Deutschland<\/title>\n<meta name=\"robots\" content=\"index, follow, max-snippet:-1, max-image-preview:large, max-video-preview:-1\" \/>\n<link rel=\"canonical\" href=\"https:\/\/now-news.de\/de\/deutschland\/wahlpruefungsbeschwerde-werteunion-klagt-gegen-thueringer-landtagswahl-2024\/\" \/>\n<meta property=\"og:locale\" content=\"de_DE\" \/>\n<meta property=\"og:type\" content=\"article\" \/>\n<meta property=\"og:title\" content=\"Wahlpr\u00fcfungsbeschwerde: WerteUnion klagt gegen Th\u00fcringer Landtagswahl 2024\" \/>\n<meta property=\"og:description\" content=\"Nach Auffassung der WerteUnion wurde bei der Th\u00fcringer Landtagswahl 2024 das staatliche Neutralit\u00e4tsgebot verletzt. Dieser Wahlfehler k\u00f6nnte die Sitzverteilung beeinflusst haben. Die Partei reicht beim Verfassungsgericht eine Wahlpr\u00fcfungsbeschwerde ein. Von Felicitas Rabe Am Montagmorgen reichte der Landeskandidat der WerteUnion Th\u00fcringen, Alf Schmidt, beim Th\u00fcringer Verfassungsgerichtshof eine Wahlpr\u00fcfungsbeschwerde gegen die Landtagswahl im Jahr 2024 ein.\u00a0Seinem Antrag [&hellip;]\" \/>\n<meta property=\"og:url\" content=\"https:\/\/now-news.de\/de\/deutschland\/wahlpruefungsbeschwerde-werteunion-klagt-gegen-thueringer-landtagswahl-2024\/\" \/>\n<meta property=\"og:site_name\" content=\"just-now.NEWS Deutschland\" \/>\n<meta property=\"article:publisher\" content=\"https:\/\/www.facebook.com\/wirmachenauf\" \/>\n<meta property=\"article:published_time\" content=\"2025-08-18T20:28:56+00:00\" \/>\n<meta property=\"og:image\" content=\"https:\/\/now-news.de\/de\/wp-content\/uploads\/sites\/3\/2025\/08\/68a32a2848fbef4c6e09bbae.jpg\" \/>\n<meta name=\"author\" content=\"rtnews\" \/>\n<meta name=\"twitter:card\" content=\"summary_large_image\" \/>\n<meta name=\"twitter:creator\" content=\"@WirMachenAuf_de\" \/>\n<meta name=\"twitter:site\" content=\"@WirMachenAuf_de\" \/>\n<meta name=\"twitter:label1\" content=\"Verfasst von\" \/>\n\t<meta name=\"twitter:data1\" content=\"rtnews\" \/>\n\t<meta name=\"twitter:label2\" content=\"Gesch\u00e4tzte Lesezeit\" \/>\n\t<meta name=\"twitter:data2\" content=\"3\u00a0Minuten\" \/>\n<script type=\"application\/ld+json\" class=\"yoast-schema-graph\">{\"@context\":\"https:\/\/schema.org\",\"@graph\":[{\"@type\":\"Article\",\"@id\":\"https:\/\/now-news.de\/de\/deutschland\/wahlpruefungsbeschwerde-werteunion-klagt-gegen-thueringer-landtagswahl-2024\/#article\",\"isPartOf\":{\"@id\":\"https:\/\/now-news.de\/de\/deutschland\/wahlpruefungsbeschwerde-werteunion-klagt-gegen-thueringer-landtagswahl-2024\/\"},\"author\":{\"name\":\"rtnews\",\"@id\":\"https:\/\/now-news.de\/de\/#\/schema\/person\/fb534a4e865501d8b3285208df34a9b5\"},\"headline\":\"Wahlpr\u00fcfungsbeschwerde: WerteUnion klagt gegen Th\u00fcringer Landtagswahl 2024\",\"datePublished\":\"2025-08-18T20:28:56+00:00\",\"dateModified\":\"2025-08-18T20:28:56+00:00\",\"mainEntityOfPage\":{\"@id\":\"https:\/\/now-news.de\/de\/deutschland\/wahlpruefungsbeschwerde-werteunion-klagt-gegen-thueringer-landtagswahl-2024\/\"},\"wordCount\":680,\"commentCount\":0,\"publisher\":{\"@id\":\"https:\/\/now-news.de\/de\/#organization\"},\"image\":{\"@id\":\"https:\/\/now-news.de\/de\/deutschland\/wahlpruefungsbeschwerde-werteunion-klagt-gegen-thueringer-landtagswahl-2024\/#primaryimage\"},\"thumbnailUrl\":\"https:\/\/now-news.de\/de\/wp-content\/uploads\/sites\/3\/2025\/08\/Wahlpruefungsbeschwerde-WerteUnion-klagt-gegen-Thueringer-Landtagswahl-2024.jpg\",\"keywords\":[\"gegen\",\"klagt\",\"Landtagswahl\",\"Th\u00fcringer\",\"Wahlpr\u00fcfungsbeschwerde\",\"werteunion\"],\"articleSection\":[\"Deutschland\",\"Russland\"],\"inLanguage\":\"de\",\"potentialAction\":[{\"@type\":\"CommentAction\",\"name\":\"Comment\",\"target\":[\"https:\/\/now-news.de\/de\/deutschland\/wahlpruefungsbeschwerde-werteunion-klagt-gegen-thueringer-landtagswahl-2024\/#respond\"]}]},{\"@type\":\"WebPage\",\"@id\":\"https:\/\/now-news.de\/de\/deutschland\/wahlpruefungsbeschwerde-werteunion-klagt-gegen-thueringer-landtagswahl-2024\/\",\"url\":\"https:\/\/now-news.de\/de\/deutschland\/wahlpruefungsbeschwerde-werteunion-klagt-gegen-thueringer-landtagswahl-2024\/\",\"name\":\"Wahlpr\u00fcfungsbeschwerde: WerteUnion klagt gegen Th\u00fcringer Landtagswahl 2024 - just-now.NEWS Deutschland\",\"isPartOf\":{\"@id\":\"https:\/\/now-news.de\/de\/#website\"},\"primaryImageOfPage\":{\"@id\":\"https:\/\/now-news.de\/de\/deutschland\/wahlpruefungsbeschwerde-werteunion-klagt-gegen-thueringer-landtagswahl-2024\/#primaryimage\"},\"image\":{\"@id\":\"https:\/\/now-news.de\/de\/deutschland\/wahlpruefungsbeschwerde-werteunion-klagt-gegen-thueringer-landtagswahl-2024\/#primaryimage\"},\"thumbnailUrl\":\"https:\/\/now-news.de\/de\/wp-content\/uploads\/sites\/3\/2025\/08\/Wahlpruefungsbeschwerde-WerteUnion-klagt-gegen-Thueringer-Landtagswahl-2024.jpg\",\"datePublished\":\"2025-08-18T20:28:56+00:00\",\"dateModified\":\"2025-08-18T20:28:56+00:00\",\"breadcrumb\":{\"@id\":\"https:\/\/now-news.de\/de\/deutschland\/wahlpruefungsbeschwerde-werteunion-klagt-gegen-thueringer-landtagswahl-2024\/#breadcrumb\"},\"inLanguage\":\"de\",\"potentialAction\":[{\"@type\":\"ReadAction\",\"target\":[\"https:\/\/now-news.de\/de\/deutschland\/wahlpruefungsbeschwerde-werteunion-klagt-gegen-thueringer-landtagswahl-2024\/\"]}]},{\"@type\":\"ImageObject\",\"inLanguage\":\"de\",\"@id\":\"https:\/\/now-news.de\/de\/deutschland\/wahlpruefungsbeschwerde-werteunion-klagt-gegen-thueringer-landtagswahl-2024\/#primaryimage\",\"url\":\"https:\/\/now-news.de\/de\/wp-content\/uploads\/sites\/3\/2025\/08\/Wahlpruefungsbeschwerde-WerteUnion-klagt-gegen-Thueringer-Landtagswahl-2024.jpg\",\"contentUrl\":\"https:\/\/now-news.de\/de\/wp-content\/uploads\/sites\/3\/2025\/08\/Wahlpruefungsbeschwerde-WerteUnion-klagt-gegen-Thueringer-Landtagswahl-2024.jpg\",\"width\":460,\"height\":259,\"caption\":\"Wahlpr\u00fcfungsbeschwerde: WerteUnion klagt gegen Th\u00fcringer Landtagswahl 2024\"},{\"@type\":\"BreadcrumbList\",\"@id\":\"https:\/\/now-news.de\/de\/deutschland\/wahlpruefungsbeschwerde-werteunion-klagt-gegen-thueringer-landtagswahl-2024\/#breadcrumb\",\"itemListElement\":[{\"@type\":\"ListItem\",\"position\":1,\"name\":\"Home\",\"item\":\"https:\/\/now-news.de\/de\/\"},{\"@type\":\"ListItem\",\"position\":2,\"name\":\"Wahlpr\u00fcfungsbeschwerde: WerteUnion klagt gegen Th\u00fcringer Landtagswahl 2024\"}]},{\"@type\":\"WebSite\",\"@id\":\"https:\/\/now-news.de\/de\/#website\",\"url\":\"https:\/\/now-news.de\/de\/\",\"name\":\"just-now.NEWS Deutschland\",\"description\":\"Das Portal f\u00fcr unzensierte Nachrichten aus der Welt\",\"publisher\":{\"@id\":\"https:\/\/now-news.de\/de\/#organization\"},\"potentialAction\":[{\"@type\":\"SearchAction\",\"target\":{\"@type\":\"EntryPoint\",\"urlTemplate\":\"https:\/\/now-news.de\/de\/?s={search_term_string}\"},\"query-input\":\"required name=search_term_string\"}],\"inLanguage\":\"de\"},{\"@type\":\"Organization\",\"@id\":\"https:\/\/now-news.de\/de\/#organization\",\"name\":\"Just Now News\",\"url\":\"https:\/\/now-news.de\/de\/\",\"logo\":{\"@type\":\"ImageObject\",\"inLanguage\":\"de\",\"@id\":\"https:\/\/now-news.de\/de\/#\/schema\/logo\/image\/\",\"url\":\"http:\/\/just-now.news\/de\/wp-content\/uploads\/sites\/3\/2022\/04\/logo500x500.jpg\",\"contentUrl\":\"http:\/\/just-now.news\/de\/wp-content\/uploads\/sites\/3\/2022\/04\/logo500x500.jpg\",\"width\":500,\"height\":500,\"caption\":\"Just Now News\"},\"image\":{\"@id\":\"https:\/\/now-news.de\/de\/#\/schema\/logo\/image\/\"},\"sameAs\":[\"https:\/\/www.facebook.com\/wirmachenauf\",\"https:\/\/x.com\/WirMachenAuf_de\"]},{\"@type\":\"Person\",\"@id\":\"https:\/\/now-news.de\/de\/#\/schema\/person\/fb534a4e865501d8b3285208df34a9b5\",\"name\":\"rtnews\",\"image\":{\"@type\":\"ImageObject\",\"inLanguage\":\"de\",\"@id\":\"https:\/\/now-news.de\/de\/#\/schema\/person\/image\/\",\"url\":\"https:\/\/secure.gravatar.com\/avatar\/82aafea7d8127119dd649515f56e2117?s=96&d=mm&r=g\",\"contentUrl\":\"https:\/\/secure.gravatar.com\/avatar\/82aafea7d8127119dd649515f56e2117?s=96&d=mm&r=g\",\"caption\":\"rtnews\"},\"url\":\"https:\/\/now-news.de\/de\/author\/rnews\/\"}]}<\/script>\n<!-- \/ Yoast SEO Premium plugin. -->","yoast_head_json":{"title":"Wahlpr\u00fcfungsbeschwerde: WerteUnion klagt gegen Th\u00fcringer Landtagswahl 2024 - just-now.NEWS Deutschland","robots":{"index":"index","follow":"follow","max-snippet":"max-snippet:-1","max-image-preview":"max-image-preview:large","max-video-preview":"max-video-preview:-1"},"canonical":"https:\/\/now-news.de\/de\/deutschland\/wahlpruefungsbeschwerde-werteunion-klagt-gegen-thueringer-landtagswahl-2024\/","og_locale":"de_DE","og_type":"article","og_title":"Wahlpr\u00fcfungsbeschwerde: WerteUnion klagt gegen Th\u00fcringer Landtagswahl 2024","og_description":"Nach Auffassung der WerteUnion wurde bei der Th\u00fcringer Landtagswahl 2024 das staatliche Neutralit\u00e4tsgebot verletzt. Dieser Wahlfehler k\u00f6nnte die Sitzverteilung beeinflusst haben. Die Partei reicht beim Verfassungsgericht eine Wahlpr\u00fcfungsbeschwerde ein. Von Felicitas Rabe Am Montagmorgen reichte der Landeskandidat der WerteUnion Th\u00fcringen, Alf Schmidt, beim Th\u00fcringer Verfassungsgerichtshof eine Wahlpr\u00fcfungsbeschwerde gegen die Landtagswahl im Jahr 2024 ein.\u00a0Seinem Antrag [&hellip;]","og_url":"https:\/\/now-news.de\/de\/deutschland\/wahlpruefungsbeschwerde-werteunion-klagt-gegen-thueringer-landtagswahl-2024\/","og_site_name":"just-now.NEWS Deutschland","article_publisher":"https:\/\/www.facebook.com\/wirmachenauf","article_published_time":"2025-08-18T20:28:56+00:00","og_image":[{"url":"https:\/\/now-news.de\/de\/wp-content\/uploads\/sites\/3\/2025\/08\/68a32a2848fbef4c6e09bbae.jpg"}],"author":"rtnews","twitter_card":"summary_large_image","twitter_creator":"@WirMachenAuf_de","twitter_site":"@WirMachenAuf_de","twitter_misc":{"Verfasst von":"rtnews","Gesch\u00e4tzte Lesezeit":"3\u00a0Minuten"},"schema":{"@context":"https:\/\/schema.org","@graph":[{"@type":"Article","@id":"https:\/\/now-news.de\/de\/deutschland\/wahlpruefungsbeschwerde-werteunion-klagt-gegen-thueringer-landtagswahl-2024\/#article","isPartOf":{"@id":"https:\/\/now-news.de\/de\/deutschland\/wahlpruefungsbeschwerde-werteunion-klagt-gegen-thueringer-landtagswahl-2024\/"},"author":{"name":"rtnews","@id":"https:\/\/now-news.de\/de\/#\/schema\/person\/fb534a4e865501d8b3285208df34a9b5"},"headline":"Wahlpr\u00fcfungsbeschwerde: WerteUnion klagt gegen Th\u00fcringer Landtagswahl 2024","datePublished":"2025-08-18T20:28:56+00:00","dateModified":"2025-08-18T20:28:56+00:00","mainEntityOfPage":{"@id":"https:\/\/now-news.de\/de\/deutschland\/wahlpruefungsbeschwerde-werteunion-klagt-gegen-thueringer-landtagswahl-2024\/"},"wordCount":680,"commentCount":0,"publisher":{"@id":"https:\/\/now-news.de\/de\/#organization"},"image":{"@id":"https:\/\/now-news.de\/de\/deutschland\/wahlpruefungsbeschwerde-werteunion-klagt-gegen-thueringer-landtagswahl-2024\/#primaryimage"},"thumbnailUrl":"https:\/\/now-news.de\/de\/wp-content\/uploads\/sites\/3\/2025\/08\/Wahlpruefungsbeschwerde-WerteUnion-klagt-gegen-Thueringer-Landtagswahl-2024.jpg","keywords":["gegen","klagt","Landtagswahl","Th\u00fcringer","Wahlpr\u00fcfungsbeschwerde","werteunion"],"articleSection":["Deutschland","Russland"],"inLanguage":"de","potentialAction":[{"@type":"CommentAction","name":"Comment","target":["https:\/\/now-news.de\/de\/deutschland\/wahlpruefungsbeschwerde-werteunion-klagt-gegen-thueringer-landtagswahl-2024\/#respond"]}]},{"@type":"WebPage","@id":"https:\/\/now-news.de\/de\/deutschland\/wahlpruefungsbeschwerde-werteunion-klagt-gegen-thueringer-landtagswahl-2024\/","url":"https:\/\/now-news.de\/de\/deutschland\/wahlpruefungsbeschwerde-werteunion-klagt-gegen-thueringer-landtagswahl-2024\/","name":"Wahlpr\u00fcfungsbeschwerde: WerteUnion klagt gegen Th\u00fcringer Landtagswahl 2024 - just-now.NEWS Deutschland","isPartOf":{"@id":"https:\/\/now-news.de\/de\/#website"},"primaryImageOfPage":{"@id":"https:\/\/now-news.de\/de\/deutschland\/wahlpruefungsbeschwerde-werteunion-klagt-gegen-thueringer-landtagswahl-2024\/#primaryimage"},"image":{"@id":"https:\/\/now-news.de\/de\/deutschland\/wahlpruefungsbeschwerde-werteunion-klagt-gegen-thueringer-landtagswahl-2024\/#primaryimage"},"thumbnailUrl":"https:\/\/now-news.de\/de\/wp-content\/uploads\/sites\/3\/2025\/08\/Wahlpruefungsbeschwerde-WerteUnion-klagt-gegen-Thueringer-Landtagswahl-2024.jpg","datePublished":"2025-08-18T20:28:56+00:00","dateModified":"2025-08-18T20:28:56+00:00","breadcrumb":{"@id":"https:\/\/now-news.de\/de\/deutschland\/wahlpruefungsbeschwerde-werteunion-klagt-gegen-thueringer-landtagswahl-2024\/#breadcrumb"},"inLanguage":"de","potentialAction":[{"@type":"ReadAction","target":["https:\/\/now-news.de\/de\/deutschland\/wahlpruefungsbeschwerde-werteunion-klagt-gegen-thueringer-landtagswahl-2024\/"]}]},{"@type":"ImageObject","inLanguage":"de","@id":"https:\/\/now-news.de\/de\/deutschland\/wahlpruefungsbeschwerde-werteunion-klagt-gegen-thueringer-landtagswahl-2024\/#primaryimage","url":"https:\/\/now-news.de\/de\/wp-content\/uploads\/sites\/3\/2025\/08\/Wahlpruefungsbeschwerde-WerteUnion-klagt-gegen-Thueringer-Landtagswahl-2024.jpg","contentUrl":"https:\/\/now-news.de\/de\/wp-content\/uploads\/sites\/3\/2025\/08\/Wahlpruefungsbeschwerde-WerteUnion-klagt-gegen-Thueringer-Landtagswahl-2024.jpg","width":460,"height":259,"caption":"Wahlpr\u00fcfungsbeschwerde: WerteUnion klagt gegen Th\u00fcringer Landtagswahl 2024"},{"@type":"BreadcrumbList","@id":"https:\/\/now-news.de\/de\/deutschland\/wahlpruefungsbeschwerde-werteunion-klagt-gegen-thueringer-landtagswahl-2024\/#breadcrumb","itemListElement":[{"@type":"ListItem","position":1,"name":"Home","item":"https:\/\/now-news.de\/de\/"},{"@type":"ListItem","position":2,"name":"Wahlpr\u00fcfungsbeschwerde: WerteUnion klagt gegen Th\u00fcringer Landtagswahl 2024"}]},{"@type":"WebSite","@id":"https:\/\/now-news.de\/de\/#website","url":"https:\/\/now-news.de\/de\/","name":"just-now.NEWS Deutschland","description":"Das Portal f\u00fcr unzensierte Nachrichten aus der Welt","publisher":{"@id":"https:\/\/now-news.de\/de\/#organization"},"potentialAction":[{"@type":"SearchAction","target":{"@type":"EntryPoint","urlTemplate":"https:\/\/now-news.de\/de\/?s={search_term_string}"},"query-input":"required name=search_term_string"}],"inLanguage":"de"},{"@type":"Organization","@id":"https:\/\/now-news.de\/de\/#organization","name":"Just Now News","url":"https:\/\/now-news.de\/de\/","logo":{"@type":"ImageObject","inLanguage":"de","@id":"https:\/\/now-news.de\/de\/#\/schema\/logo\/image\/","url":"http:\/\/just-now.news\/de\/wp-content\/uploads\/sites\/3\/2022\/04\/logo500x500.jpg","contentUrl":"http:\/\/just-now.news\/de\/wp-content\/uploads\/sites\/3\/2022\/04\/logo500x500.jpg","width":500,"height":500,"caption":"Just Now News"},"image":{"@id":"https:\/\/now-news.de\/de\/#\/schema\/logo\/image\/"},"sameAs":["https:\/\/www.facebook.com\/wirmachenauf","https:\/\/x.com\/WirMachenAuf_de"]},{"@type":"Person","@id":"https:\/\/now-news.de\/de\/#\/schema\/person\/fb534a4e865501d8b3285208df34a9b5","name":"rtnews","image":{"@type":"ImageObject","inLanguage":"de","@id":"https:\/\/now-news.de\/de\/#\/schema\/person\/image\/","url":"https:\/\/secure.gravatar.com\/avatar\/82aafea7d8127119dd649515f56e2117?s=96&d=mm&r=g","contentUrl":"https:\/\/secure.gravatar.com\/avatar\/82aafea7d8127119dd649515f56e2117?s=96&d=mm&r=g","caption":"rtnews"},"url":"https:\/\/now-news.de\/de\/author\/rnews\/"}]}},"_links":{"self":[{"href":"https:\/\/now-news.de\/de\/wp-json\/wp\/v2\/posts\/89031"}],"collection":[{"href":"https:\/\/now-news.de\/de\/wp-json\/wp\/v2\/posts"}],"about":[{"href":"https:\/\/now-news.de\/de\/wp-json\/wp\/v2\/types\/post"}],"author":[{"embeddable":true,"href":"https:\/\/now-news.de\/de\/wp-json\/wp\/v2\/users\/3"}],"replies":[{"embeddable":true,"href":"https:\/\/now-news.de\/de\/wp-json\/wp\/v2\/comments?post=89031"}],"version-history":[{"count":0,"href":"https:\/\/now-news.de\/de\/wp-json\/wp\/v2\/posts\/89031\/revisions"}],"wp:featuredmedia":[{"embeddable":true,"href":"https:\/\/now-news.de\/de\/wp-json\/wp\/v2\/media\/89032"}],"wp:attachment":[{"href":"https:\/\/now-news.de\/de\/wp-json\/wp\/v2\/media?parent=89031"}],"wp:term":[{"taxonomy":"category","embeddable":true,"href":"https:\/\/now-news.de\/de\/wp-json\/wp\/v2\/categories?post=89031"},{"taxonomy":"post_tag","embeddable":true,"href":"https:\/\/now-news.de\/de\/wp-json\/wp\/v2\/tags?post=89031"}],"curies":[{"name":"wp","href":"https:\/\/api.w.org\/{rel}","templated":true}]}}