{"id":89021,"date":"2025-08-18T21:02:57","date_gmt":"2025-08-18T19:02:57","guid":{"rendered":"https:\/\/now-news.de\/de\/deutschland\/warschau-europa-kann-trumps-position-in-ukraine-frage-nicht-beeinflussen\/"},"modified":"2025-08-18T21:02:57","modified_gmt":"2025-08-18T19:02:57","slug":"warschau-europa-kann-trumps-position-in-ukraine-frage-nicht-beeinflussen","status":"publish","type":"post","link":"https:\/\/now-news.de\/de\/deutschland\/warschau-europa-kann-trumps-position-in-ukraine-frage-nicht-beeinflussen\/","title":{"rendered":"Warschau: Europa kann Trumps Position in Ukraine-Frage nicht beeinflussen"},"content":{"rendered":"<p><img decoding=\"async\" src=\"https:\/\/now-news.de\/de\/wp-content\/uploads\/sites\/3\/2025\/08\/68a3284448fbef03572d4039.jpg\" \/><\/p>\n<div class=\"Text-root Text-type_1 \">\n                Heute wird US-Pr\u00e4sident Trump europ\u00e4ische Spitzenpolitiker im Wei\u00dfen Haus empfangen, um die Ergebnisse seines Treffens mit dem russischen Staatschef Putin zu besprechen. Polen wurde nicht nach Washington eingeladen. Nun erkl\u00e4rt Warschau, dass Europa keine M\u00f6glichkeit habe, Trump zu beeinflussen.\n            <\/div>\n<p><\/p>\n<div class=\"Text-root Text-type_5 ArticleView-text ViewText-root \">\n<p>Die Staats- und Regierungschefs einiger europ\u00e4ischer L\u00e4nder, die Wladimir Selenskij zu einem Treffen mit US-Pr\u00e4sident Donald Trump in Washington begleiten, seien nicht in der Lage, die Position des US-Staatschefs in Bezug auf die Beilegung des Ukraine-Konflikts in irgendeiner Weise zu beeinflussen. Dies\u00a0<a rel=\"nofollow noopener\" target=\"_blank\" href=\"https:\/\/www.polsatnews.pl\/wiadomosc\/2025-08-18\/polska-bez-zaproszenia-do-waszyngtonu-bartoszewski-tlumaczy-brak-polskiej-delegacji-w-usa\/\">erkl\u00e4rte<\/a>\u00a0Polens stellvertretender Au\u00dfenminister W\u0142adys\u0142aw Teofil Bartoszewski am Montag in einem Interview mit dem polnischen Fernsehsender\u00a0<em>Polsat<\/em>. &#8220;De facto werden die Entscheidungen in einem kleinen amerikanischen Kreis getroffen. Die Vertreter Europas nehmen nicht an den Verhandlungen teil. Sie werden nur begrenzten Einfluss auf die Realit\u00e4t haben. Dort werden die Entscheidungen von einer einzigen Person getroffen&#8221;, sagte er.\u00a0<\/p>\n<p>Die Abwesenheit polnischer Vertreter auf der G\u00e4steliste des Wei\u00dfen Hauses am 18. August begr\u00fcndete der Diplomat damit, dass Warschau keine sehr bedeutende Position auf der internationalen B\u00fchne habe. &#8220;Das ist kein Problem. Polen ist ein mittelgro\u00dfes Land. Es hat nicht denselben internationalen Einfluss wie Deutschland oder Gro\u00dfbritannien&#8221;, so Bartoszewski.<\/p>\n<p>Dar\u00fcber hinaus wies er darauf hin, dass es \u00fcblich sei, dass US-Pr\u00e4sidenten mit Pr\u00e4sidenten und nicht mit Premierministern sprechen. Ausnahmen sind &#8220;die gr\u00f6\u00dften Staaten&#8221; wie Deutschland, Gro\u00dfbritannien, Italien, Israel oder Indien.\u00a0&#8220;Minister Sikorski hat gestern in einem Gespr\u00e4ch w\u00e4hrend einer Videokonferenz mit europ\u00e4ischen Gesandten unseren Standpunkt dargelegt, und sie werden dar\u00fcber sprechen&#8221;, betonte Bartoszewski.<\/p>\n<p>Die Videokonferenz fand unter dem Vorsitz der Pr\u00e4sidentin der Europ\u00e4ischen Kommission Ursula von der Leyen statt, an der die Staats- und Regierungschefs der europ\u00e4ischen L\u00e4nder \u2013 Premierminister und Pr\u00e4sidenten \u2013 teilnahmen. Thema der Diskussion werden die n\u00e4chsten Schritte der Friedensverhandlungen zum Krieg in der Ukraine sein. Polen wurde durch den Au\u00dfenminister Rados\u0142aw Sikorski vertreten. Ihm zufolge sollte man bei der L\u00f6sung des Konflikts in der Ukraine den Druck auf Moskau aus\u00fcben und nicht auf Kiew.<\/p>\n<p>Nach einem Treffen mit dem russischen Pr\u00e4sidenten Wladimir Putin in Alaska am 15. August telefonierte Trump zuerst mit Selenskij und dann mit den Staats- und Regierungschefs Gro\u00dfbritanniens, Deutschlands, Italiens, Polens, Finnlands und Frankreichs, dem NATO-Generalsekret\u00e4r und der Chefin der EU-Kommission. Selenskij erkl\u00e4rte sp\u00e4ter, er werde am 18. August in Washington mit Trump &#8220;Einzelheiten zur Beendigung des Konflikts&#8221; er\u00f6rtern. Neben ihm reisen auch der franz\u00f6sische Pr\u00e4sident Emmanuel Macron, der britische Premierminister Keir Starmer, der deutsche Bundeskanzler Friedrich Merz und die italienische Ministerpr\u00e4sidentin Giorgia Meloni zu dem Treffen mit dem US-Pr\u00e4sidenten. Auch die Chefin der Europ\u00e4ischen Kommission, Ursula von der Leyen, hat ihre Teilnahme an dem Treffen angek\u00fcndigt.<\/p>\n<p><strong>Mehr zum Thema \u2013\u00a0<\/strong><a rel=\"nofollow noopener\" target=\"_blank\" href=\"https:\/\/freedert.online\/nordamerika\/253641-trump-selenskij-koennte-konflikt-sofort\/\">Trump: Selenskij k\u00f6nnte den Konflikt &#8220;sofort&#8221; beenden<\/a><\/p>\n<div class=\"EmbedBlock-root EmbedBlock-externalVideo EmbedBlock-rumble\">\n<div class=\"VkEmbed\"><iframe class=\"lazyload\" data-src=\"https:\/\/rumble.com\/embed\/v6vifke\" frameborder=\"0\" width=\"853\" height=\"480\" allowfullscreen><\/iframe><\/div>\n<\/div>\n<\/div>\n<p><br \/>\n<br \/><a href=\"https:\/\/de.rt.com\/europa\/253694-warschau-europa-kann-trumps-position\/\">Source link <\/a><\/p>\n","protected":false},"excerpt":{"rendered":"<p>Heute wird US-Pr\u00e4sident Trump europ\u00e4ische Spitzenpolitiker im Wei\u00dfen Haus empfangen, um die Ergebnisse seines Treffens mit dem russischen Staatschef Putin zu besprechen. Polen wurde nicht nach Washington eingeladen. Nun erkl\u00e4rt Warschau, dass Europa keine M\u00f6glichkeit habe, Trump zu beeinflussen. Die Staats- und Regierungschefs einiger europ\u00e4ischer L\u00e4nder, die Wladimir Selenskij zu einem Treffen mit US-Pr\u00e4sident Donald [&hellip;]<\/p>\n","protected":false},"author":3,"featured_media":89022,"comment_status":"open","ping_status":"open","sticky":false,"template":"","format":"standard","meta":{"_yoast_indexnow_last_ping":["1755544271"],"wp_automatic_camp":["217"],"c34347a2ee75c7bca1b4623fabae668e":["Warschau: Europa kann Trumps Position in Ukraine-Frage nicht beeinflussen"],"original_link":["https:\/\/de.rt.com\/europa\/253694-warschau-europa-kann-trumps-position\/"],"_thumbnail_id":["89022"],"jnews_social_counter_last_update":["1777222187"],"_wptgpro_p2tg_sent2tg":["a:1:{i:23737;s:19:\"2025-08-18 21:12:22\";}"]},"categories":[19,23],"tags":[19425,1370,838,800,4007,317,29219,1366],"yoast_head":"<!-- This site is optimized with the Yoast SEO Premium plugin v22.7 (Yoast SEO v22.7) - https:\/\/yoast.com\/wordpress\/plugins\/seo\/ -->\n<title>Warschau: Europa kann Trumps Position in Ukraine-Frage nicht beeinflussen - just-now.NEWS Deutschland<\/title>\n<meta name=\"robots\" content=\"index, follow, max-snippet:-1, max-image-preview:large, max-video-preview:-1\" \/>\n<link rel=\"canonical\" href=\"https:\/\/now-news.de\/de\/deutschland\/warschau-europa-kann-trumps-position-in-ukraine-frage-nicht-beeinflussen\/\" \/>\n<meta property=\"og:locale\" content=\"de_DE\" \/>\n<meta property=\"og:type\" content=\"article\" \/>\n<meta property=\"og:title\" content=\"Warschau: Europa kann Trumps Position in Ukraine-Frage nicht beeinflussen\" \/>\n<meta property=\"og:description\" content=\"Heute wird US-Pr\u00e4sident Trump europ\u00e4ische Spitzenpolitiker im Wei\u00dfen Haus empfangen, um die Ergebnisse seines Treffens mit dem russischen Staatschef Putin zu besprechen. Polen wurde nicht nach Washington eingeladen. Nun erkl\u00e4rt Warschau, dass Europa keine M\u00f6glichkeit habe, Trump zu beeinflussen. Die Staats- und Regierungschefs einiger europ\u00e4ischer L\u00e4nder, die Wladimir Selenskij zu einem Treffen mit US-Pr\u00e4sident Donald [&hellip;]\" \/>\n<meta property=\"og:url\" content=\"https:\/\/now-news.de\/de\/deutschland\/warschau-europa-kann-trumps-position-in-ukraine-frage-nicht-beeinflussen\/\" \/>\n<meta property=\"og:site_name\" content=\"just-now.NEWS Deutschland\" \/>\n<meta property=\"article:publisher\" content=\"https:\/\/www.facebook.com\/wirmachenauf\" \/>\n<meta property=\"article:published_time\" content=\"2025-08-18T19:02:57+00:00\" \/>\n<meta property=\"og:image\" content=\"https:\/\/now-news.de\/de\/wp-content\/uploads\/sites\/3\/2025\/08\/68a3284448fbef03572d4039.jpg\" \/>\n<meta name=\"author\" content=\"rtnews\" \/>\n<meta name=\"twitter:card\" content=\"summary_large_image\" \/>\n<meta name=\"twitter:creator\" content=\"@WirMachenAuf_de\" \/>\n<meta name=\"twitter:site\" content=\"@WirMachenAuf_de\" \/>\n<meta name=\"twitter:label1\" content=\"Verfasst von\" \/>\n\t<meta name=\"twitter:data1\" content=\"rtnews\" \/>\n\t<meta name=\"twitter:label2\" content=\"Gesch\u00e4tzte Lesezeit\" \/>\n\t<meta name=\"twitter:data2\" content=\"2\u00a0Minuten\" \/>\n<script type=\"application\/ld+json\" class=\"yoast-schema-graph\">{\"@context\":\"https:\/\/schema.org\",\"@graph\":[{\"@type\":\"Article\",\"@id\":\"https:\/\/now-news.de\/de\/deutschland\/warschau-europa-kann-trumps-position-in-ukraine-frage-nicht-beeinflussen\/#article\",\"isPartOf\":{\"@id\":\"https:\/\/now-news.de\/de\/deutschland\/warschau-europa-kann-trumps-position-in-ukraine-frage-nicht-beeinflussen\/\"},\"author\":{\"name\":\"rtnews\",\"@id\":\"https:\/\/now-news.de\/de\/#\/schema\/person\/fb534a4e865501d8b3285208df34a9b5\"},\"headline\":\"Warschau: Europa kann Trumps Position in Ukraine-Frage nicht beeinflussen\",\"datePublished\":\"2025-08-18T19:02:57+00:00\",\"dateModified\":\"2025-08-18T19:02:57+00:00\",\"mainEntityOfPage\":{\"@id\":\"https:\/\/now-news.de\/de\/deutschland\/warschau-europa-kann-trumps-position-in-ukraine-frage-nicht-beeinflussen\/\"},\"wordCount\":490,\"commentCount\":0,\"publisher\":{\"@id\":\"https:\/\/now-news.de\/de\/#organization\"},\"image\":{\"@id\":\"https:\/\/now-news.de\/de\/deutschland\/warschau-europa-kann-trumps-position-in-ukraine-frage-nicht-beeinflussen\/#primaryimage\"},\"thumbnailUrl\":\"https:\/\/now-news.de\/de\/wp-content\/uploads\/sites\/3\/2025\/08\/Warschau-Europa-kann-Trumps-Position-in-Ukraine-Frage-nicht-beeinflussen.jpg\",\"keywords\":[\"beeinflussen\",\"Europa\",\"kann\",\"nicht\",\"Position\",\"Trumps\",\"UkraineFrage\",\"Warschau\"],\"articleSection\":[\"Deutschland\",\"Russland\"],\"inLanguage\":\"de\",\"potentialAction\":[{\"@type\":\"CommentAction\",\"name\":\"Comment\",\"target\":[\"https:\/\/now-news.de\/de\/deutschland\/warschau-europa-kann-trumps-position-in-ukraine-frage-nicht-beeinflussen\/#respond\"]}]},{\"@type\":\"WebPage\",\"@id\":\"https:\/\/now-news.de\/de\/deutschland\/warschau-europa-kann-trumps-position-in-ukraine-frage-nicht-beeinflussen\/\",\"url\":\"https:\/\/now-news.de\/de\/deutschland\/warschau-europa-kann-trumps-position-in-ukraine-frage-nicht-beeinflussen\/\",\"name\":\"Warschau: Europa kann Trumps Position in Ukraine-Frage nicht beeinflussen - just-now.NEWS Deutschland\",\"isPartOf\":{\"@id\":\"https:\/\/now-news.de\/de\/#website\"},\"primaryImageOfPage\":{\"@id\":\"https:\/\/now-news.de\/de\/deutschland\/warschau-europa-kann-trumps-position-in-ukraine-frage-nicht-beeinflussen\/#primaryimage\"},\"image\":{\"@id\":\"https:\/\/now-news.de\/de\/deutschland\/warschau-europa-kann-trumps-position-in-ukraine-frage-nicht-beeinflussen\/#primaryimage\"},\"thumbnailUrl\":\"https:\/\/now-news.de\/de\/wp-content\/uploads\/sites\/3\/2025\/08\/Warschau-Europa-kann-Trumps-Position-in-Ukraine-Frage-nicht-beeinflussen.jpg\",\"datePublished\":\"2025-08-18T19:02:57+00:00\",\"dateModified\":\"2025-08-18T19:02:57+00:00\",\"breadcrumb\":{\"@id\":\"https:\/\/now-news.de\/de\/deutschland\/warschau-europa-kann-trumps-position-in-ukraine-frage-nicht-beeinflussen\/#breadcrumb\"},\"inLanguage\":\"de\",\"potentialAction\":[{\"@type\":\"ReadAction\",\"target\":[\"https:\/\/now-news.de\/de\/deutschland\/warschau-europa-kann-trumps-position-in-ukraine-frage-nicht-beeinflussen\/\"]}]},{\"@type\":\"ImageObject\",\"inLanguage\":\"de\",\"@id\":\"https:\/\/now-news.de\/de\/deutschland\/warschau-europa-kann-trumps-position-in-ukraine-frage-nicht-beeinflussen\/#primaryimage\",\"url\":\"https:\/\/now-news.de\/de\/wp-content\/uploads\/sites\/3\/2025\/08\/Warschau-Europa-kann-Trumps-Position-in-Ukraine-Frage-nicht-beeinflussen.jpg\",\"contentUrl\":\"https:\/\/now-news.de\/de\/wp-content\/uploads\/sites\/3\/2025\/08\/Warschau-Europa-kann-Trumps-Position-in-Ukraine-Frage-nicht-beeinflussen.jpg\",\"width\":460,\"height\":259,\"caption\":\"Warschau: Europa kann Trumps Position in Ukraine-Frage nicht beeinflussen\"},{\"@type\":\"BreadcrumbList\",\"@id\":\"https:\/\/now-news.de\/de\/deutschland\/warschau-europa-kann-trumps-position-in-ukraine-frage-nicht-beeinflussen\/#breadcrumb\",\"itemListElement\":[{\"@type\":\"ListItem\",\"position\":1,\"name\":\"Home\",\"item\":\"https:\/\/now-news.de\/de\/\"},{\"@type\":\"ListItem\",\"position\":2,\"name\":\"Warschau: Europa kann Trumps Position in Ukraine-Frage nicht beeinflussen\"}]},{\"@type\":\"WebSite\",\"@id\":\"https:\/\/now-news.de\/de\/#website\",\"url\":\"https:\/\/now-news.de\/de\/\",\"name\":\"just-now.NEWS Deutschland\",\"description\":\"Das Portal f\u00fcr unzensierte Nachrichten aus der Welt\",\"publisher\":{\"@id\":\"https:\/\/now-news.de\/de\/#organization\"},\"potentialAction\":[{\"@type\":\"SearchAction\",\"target\":{\"@type\":\"EntryPoint\",\"urlTemplate\":\"https:\/\/now-news.de\/de\/?s={search_term_string}\"},\"query-input\":\"required name=search_term_string\"}],\"inLanguage\":\"de\"},{\"@type\":\"Organization\",\"@id\":\"https:\/\/now-news.de\/de\/#organization\",\"name\":\"Just Now News\",\"url\":\"https:\/\/now-news.de\/de\/\",\"logo\":{\"@type\":\"ImageObject\",\"inLanguage\":\"de\",\"@id\":\"https:\/\/now-news.de\/de\/#\/schema\/logo\/image\/\",\"url\":\"http:\/\/just-now.news\/de\/wp-content\/uploads\/sites\/3\/2022\/04\/logo500x500.jpg\",\"contentUrl\":\"http:\/\/just-now.news\/de\/wp-content\/uploads\/sites\/3\/2022\/04\/logo500x500.jpg\",\"width\":500,\"height\":500,\"caption\":\"Just Now News\"},\"image\":{\"@id\":\"https:\/\/now-news.de\/de\/#\/schema\/logo\/image\/\"},\"sameAs\":[\"https:\/\/www.facebook.com\/wirmachenauf\",\"https:\/\/x.com\/WirMachenAuf_de\"]},{\"@type\":\"Person\",\"@id\":\"https:\/\/now-news.de\/de\/#\/schema\/person\/fb534a4e865501d8b3285208df34a9b5\",\"name\":\"rtnews\",\"image\":{\"@type\":\"ImageObject\",\"inLanguage\":\"de\",\"@id\":\"https:\/\/now-news.de\/de\/#\/schema\/person\/image\/\",\"url\":\"https:\/\/secure.gravatar.com\/avatar\/82aafea7d8127119dd649515f56e2117?s=96&d=mm&r=g\",\"contentUrl\":\"https:\/\/secure.gravatar.com\/avatar\/82aafea7d8127119dd649515f56e2117?s=96&d=mm&r=g\",\"caption\":\"rtnews\"},\"url\":\"https:\/\/now-news.de\/de\/author\/rnews\/\"}]}<\/script>\n<!-- \/ Yoast SEO Premium plugin. -->","yoast_head_json":{"title":"Warschau: Europa kann Trumps Position in Ukraine-Frage nicht beeinflussen - just-now.NEWS Deutschland","robots":{"index":"index","follow":"follow","max-snippet":"max-snippet:-1","max-image-preview":"max-image-preview:large","max-video-preview":"max-video-preview:-1"},"canonical":"https:\/\/now-news.de\/de\/deutschland\/warschau-europa-kann-trumps-position-in-ukraine-frage-nicht-beeinflussen\/","og_locale":"de_DE","og_type":"article","og_title":"Warschau: Europa kann Trumps Position in Ukraine-Frage nicht beeinflussen","og_description":"Heute wird US-Pr\u00e4sident Trump europ\u00e4ische Spitzenpolitiker im Wei\u00dfen Haus empfangen, um die Ergebnisse seines Treffens mit dem russischen Staatschef Putin zu besprechen. Polen wurde nicht nach Washington eingeladen. Nun erkl\u00e4rt Warschau, dass Europa keine M\u00f6glichkeit habe, Trump zu beeinflussen. Die Staats- und Regierungschefs einiger europ\u00e4ischer L\u00e4nder, die Wladimir Selenskij zu einem Treffen mit US-Pr\u00e4sident Donald [&hellip;]","og_url":"https:\/\/now-news.de\/de\/deutschland\/warschau-europa-kann-trumps-position-in-ukraine-frage-nicht-beeinflussen\/","og_site_name":"just-now.NEWS Deutschland","article_publisher":"https:\/\/www.facebook.com\/wirmachenauf","article_published_time":"2025-08-18T19:02:57+00:00","og_image":[{"url":"https:\/\/now-news.de\/de\/wp-content\/uploads\/sites\/3\/2025\/08\/68a3284448fbef03572d4039.jpg"}],"author":"rtnews","twitter_card":"summary_large_image","twitter_creator":"@WirMachenAuf_de","twitter_site":"@WirMachenAuf_de","twitter_misc":{"Verfasst von":"rtnews","Gesch\u00e4tzte Lesezeit":"2\u00a0Minuten"},"schema":{"@context":"https:\/\/schema.org","@graph":[{"@type":"Article","@id":"https:\/\/now-news.de\/de\/deutschland\/warschau-europa-kann-trumps-position-in-ukraine-frage-nicht-beeinflussen\/#article","isPartOf":{"@id":"https:\/\/now-news.de\/de\/deutschland\/warschau-europa-kann-trumps-position-in-ukraine-frage-nicht-beeinflussen\/"},"author":{"name":"rtnews","@id":"https:\/\/now-news.de\/de\/#\/schema\/person\/fb534a4e865501d8b3285208df34a9b5"},"headline":"Warschau: Europa kann Trumps Position in Ukraine-Frage nicht beeinflussen","datePublished":"2025-08-18T19:02:57+00:00","dateModified":"2025-08-18T19:02:57+00:00","mainEntityOfPage":{"@id":"https:\/\/now-news.de\/de\/deutschland\/warschau-europa-kann-trumps-position-in-ukraine-frage-nicht-beeinflussen\/"},"wordCount":490,"commentCount":0,"publisher":{"@id":"https:\/\/now-news.de\/de\/#organization"},"image":{"@id":"https:\/\/now-news.de\/de\/deutschland\/warschau-europa-kann-trumps-position-in-ukraine-frage-nicht-beeinflussen\/#primaryimage"},"thumbnailUrl":"https:\/\/now-news.de\/de\/wp-content\/uploads\/sites\/3\/2025\/08\/Warschau-Europa-kann-Trumps-Position-in-Ukraine-Frage-nicht-beeinflussen.jpg","keywords":["beeinflussen","Europa","kann","nicht","Position","Trumps","UkraineFrage","Warschau"],"articleSection":["Deutschland","Russland"],"inLanguage":"de","potentialAction":[{"@type":"CommentAction","name":"Comment","target":["https:\/\/now-news.de\/de\/deutschland\/warschau-europa-kann-trumps-position-in-ukraine-frage-nicht-beeinflussen\/#respond"]}]},{"@type":"WebPage","@id":"https:\/\/now-news.de\/de\/deutschland\/warschau-europa-kann-trumps-position-in-ukraine-frage-nicht-beeinflussen\/","url":"https:\/\/now-news.de\/de\/deutschland\/warschau-europa-kann-trumps-position-in-ukraine-frage-nicht-beeinflussen\/","name":"Warschau: Europa kann Trumps Position in Ukraine-Frage nicht beeinflussen - just-now.NEWS Deutschland","isPartOf":{"@id":"https:\/\/now-news.de\/de\/#website"},"primaryImageOfPage":{"@id":"https:\/\/now-news.de\/de\/deutschland\/warschau-europa-kann-trumps-position-in-ukraine-frage-nicht-beeinflussen\/#primaryimage"},"image":{"@id":"https:\/\/now-news.de\/de\/deutschland\/warschau-europa-kann-trumps-position-in-ukraine-frage-nicht-beeinflussen\/#primaryimage"},"thumbnailUrl":"https:\/\/now-news.de\/de\/wp-content\/uploads\/sites\/3\/2025\/08\/Warschau-Europa-kann-Trumps-Position-in-Ukraine-Frage-nicht-beeinflussen.jpg","datePublished":"2025-08-18T19:02:57+00:00","dateModified":"2025-08-18T19:02:57+00:00","breadcrumb":{"@id":"https:\/\/now-news.de\/de\/deutschland\/warschau-europa-kann-trumps-position-in-ukraine-frage-nicht-beeinflussen\/#breadcrumb"},"inLanguage":"de","potentialAction":[{"@type":"ReadAction","target":["https:\/\/now-news.de\/de\/deutschland\/warschau-europa-kann-trumps-position-in-ukraine-frage-nicht-beeinflussen\/"]}]},{"@type":"ImageObject","inLanguage":"de","@id":"https:\/\/now-news.de\/de\/deutschland\/warschau-europa-kann-trumps-position-in-ukraine-frage-nicht-beeinflussen\/#primaryimage","url":"https:\/\/now-news.de\/de\/wp-content\/uploads\/sites\/3\/2025\/08\/Warschau-Europa-kann-Trumps-Position-in-Ukraine-Frage-nicht-beeinflussen.jpg","contentUrl":"https:\/\/now-news.de\/de\/wp-content\/uploads\/sites\/3\/2025\/08\/Warschau-Europa-kann-Trumps-Position-in-Ukraine-Frage-nicht-beeinflussen.jpg","width":460,"height":259,"caption":"Warschau: Europa kann Trumps Position in Ukraine-Frage nicht beeinflussen"},{"@type":"BreadcrumbList","@id":"https:\/\/now-news.de\/de\/deutschland\/warschau-europa-kann-trumps-position-in-ukraine-frage-nicht-beeinflussen\/#breadcrumb","itemListElement":[{"@type":"ListItem","position":1,"name":"Home","item":"https:\/\/now-news.de\/de\/"},{"@type":"ListItem","position":2,"name":"Warschau: Europa kann Trumps Position in Ukraine-Frage nicht beeinflussen"}]},{"@type":"WebSite","@id":"https:\/\/now-news.de\/de\/#website","url":"https:\/\/now-news.de\/de\/","name":"just-now.NEWS Deutschland","description":"Das Portal f\u00fcr unzensierte Nachrichten aus der Welt","publisher":{"@id":"https:\/\/now-news.de\/de\/#organization"},"potentialAction":[{"@type":"SearchAction","target":{"@type":"EntryPoint","urlTemplate":"https:\/\/now-news.de\/de\/?s={search_term_string}"},"query-input":"required name=search_term_string"}],"inLanguage":"de"},{"@type":"Organization","@id":"https:\/\/now-news.de\/de\/#organization","name":"Just Now News","url":"https:\/\/now-news.de\/de\/","logo":{"@type":"ImageObject","inLanguage":"de","@id":"https:\/\/now-news.de\/de\/#\/schema\/logo\/image\/","url":"http:\/\/just-now.news\/de\/wp-content\/uploads\/sites\/3\/2022\/04\/logo500x500.jpg","contentUrl":"http:\/\/just-now.news\/de\/wp-content\/uploads\/sites\/3\/2022\/04\/logo500x500.jpg","width":500,"height":500,"caption":"Just Now News"},"image":{"@id":"https:\/\/now-news.de\/de\/#\/schema\/logo\/image\/"},"sameAs":["https:\/\/www.facebook.com\/wirmachenauf","https:\/\/x.com\/WirMachenAuf_de"]},{"@type":"Person","@id":"https:\/\/now-news.de\/de\/#\/schema\/person\/fb534a4e865501d8b3285208df34a9b5","name":"rtnews","image":{"@type":"ImageObject","inLanguage":"de","@id":"https:\/\/now-news.de\/de\/#\/schema\/person\/image\/","url":"https:\/\/secure.gravatar.com\/avatar\/82aafea7d8127119dd649515f56e2117?s=96&d=mm&r=g","contentUrl":"https:\/\/secure.gravatar.com\/avatar\/82aafea7d8127119dd649515f56e2117?s=96&d=mm&r=g","caption":"rtnews"},"url":"https:\/\/now-news.de\/de\/author\/rnews\/"}]}},"_links":{"self":[{"href":"https:\/\/now-news.de\/de\/wp-json\/wp\/v2\/posts\/89021"}],"collection":[{"href":"https:\/\/now-news.de\/de\/wp-json\/wp\/v2\/posts"}],"about":[{"href":"https:\/\/now-news.de\/de\/wp-json\/wp\/v2\/types\/post"}],"author":[{"embeddable":true,"href":"https:\/\/now-news.de\/de\/wp-json\/wp\/v2\/users\/3"}],"replies":[{"embeddable":true,"href":"https:\/\/now-news.de\/de\/wp-json\/wp\/v2\/comments?post=89021"}],"version-history":[{"count":0,"href":"https:\/\/now-news.de\/de\/wp-json\/wp\/v2\/posts\/89021\/revisions"}],"wp:featuredmedia":[{"embeddable":true,"href":"https:\/\/now-news.de\/de\/wp-json\/wp\/v2\/media\/89022"}],"wp:attachment":[{"href":"https:\/\/now-news.de\/de\/wp-json\/wp\/v2\/media?parent=89021"}],"wp:term":[{"taxonomy":"category","embeddable":true,"href":"https:\/\/now-news.de\/de\/wp-json\/wp\/v2\/categories?post=89021"},{"taxonomy":"post_tag","embeddable":true,"href":"https:\/\/now-news.de\/de\/wp-json\/wp\/v2\/tags?post=89021"}],"curies":[{"name":"wp","href":"https:\/\/api.w.org\/{rel}","templated":true}]}}