{"id":89007,"date":"2025-08-18T18:18:30","date_gmt":"2025-08-18T16:18:30","guid":{"rendered":"https:\/\/now-news.de\/de\/deutschland\/live-trump-empfaengt-selenskij-und-europaeische-verbuendete-im-weissen-haus\/"},"modified":"2025-08-18T18:18:30","modified_gmt":"2025-08-18T16:18:30","slug":"live-trump-empfaengt-selenskij-und-europaeische-verbuendete-im-weissen-haus","status":"publish","type":"post","link":"https:\/\/now-news.de\/de\/deutschland\/live-trump-empfaengt-selenskij-und-europaeische-verbuendete-im-weissen-haus\/","title":{"rendered":"LIVE: Trump empf\u00e4ngt Selenskij und europ\u00e4ische Verb\u00fcndete im Wei\u00dfen Haus"},"content":{"rendered":"<p><img decoding=\"async\" alt=\"Preview\" align=\"left\" style=\"margin-right: 10px\" src=\"https:\/\/now-news.de\/de\/wp-content\/uploads\/sites\/3\/2025\/08\/68a3524a48fbef036b1990cd.jpg\"><br \/>\n<br \/><br \/>\n<br \/><a href=\"https:\/\/de.rt.com\/live\/253709-live-trump-empfaengt-selenskij-und\/\">Source link <\/a><\/p>\n","protected":false},"excerpt":{"rendered":"<p>Source link<\/p>\n","protected":false},"author":3,"featured_media":89008,"comment_status":"open","ping_status":"open","sticky":false,"template":"","format":"standard","meta":{"_yoast_indexnow_last_ping":["1755534562"],"wp_automatic_camp":["217"],"9d83226afc6372a94fa67489f8c986e0":["LIVE: Trump empf\u00e4ngt Selenskij und europ\u00e4ische Verb\u00fcndete im Wei\u00dfen Haus"],"original_link":["https:\/\/de.rt.com\/live\/253709-live-trump-empfaengt-selenskij-und\/"],"_thumbnail_id":["89008"],"jnews_social_counter_last_update":["1777256410"],"_wptgpro_p2tg_sent2tg":["a:1:{i:23737;s:19:\"2025-08-18 18:30:22\";}"]},"categories":[19,23],"tags":[10363,21307,3356,172,6158,1639,140,20545,3306],"yoast_head":"<!-- This site is optimized with the Yoast SEO Premium plugin v22.7 (Yoast SEO v22.7) - https:\/\/yoast.com\/wordpress\/plugins\/seo\/ -->\n<title>LIVE: Trump empf\u00e4ngt Selenskij und europ\u00e4ische Verb\u00fcndete im Wei\u00dfen Haus - just-now.NEWS Deutschland<\/title>\n<meta name=\"robots\" content=\"index, follow, max-snippet:-1, max-image-preview:large, max-video-preview:-1\" \/>\n<link rel=\"canonical\" href=\"https:\/\/now-news.de\/de\/deutschland\/live-trump-empfaengt-selenskij-und-europaeische-verbuendete-im-weissen-haus\/\" \/>\n<meta property=\"og:locale\" content=\"de_DE\" \/>\n<meta property=\"og:type\" content=\"article\" \/>\n<meta property=\"og:title\" content=\"LIVE: Trump empf\u00e4ngt Selenskij und europ\u00e4ische Verb\u00fcndete im Wei\u00dfen Haus\" \/>\n<meta property=\"og:description\" content=\"Source link\" \/>\n<meta property=\"og:url\" content=\"https:\/\/now-news.de\/de\/deutschland\/live-trump-empfaengt-selenskij-und-europaeische-verbuendete-im-weissen-haus\/\" \/>\n<meta property=\"og:site_name\" content=\"just-now.NEWS Deutschland\" \/>\n<meta property=\"article:publisher\" content=\"https:\/\/www.facebook.com\/wirmachenauf\" \/>\n<meta property=\"article:published_time\" content=\"2025-08-18T16:18:30+00:00\" \/>\n<meta property=\"og:image\" content=\"https:\/\/now-news.de\/de\/wp-content\/uploads\/sites\/3\/2025\/08\/68a3524a48fbef036b1990cd.jpg\" \/>\n<meta name=\"author\" content=\"rtnews\" \/>\n<meta name=\"twitter:card\" content=\"summary_large_image\" \/>\n<meta name=\"twitter:creator\" content=\"@WirMachenAuf_de\" \/>\n<meta name=\"twitter:site\" content=\"@WirMachenAuf_de\" \/>\n<meta name=\"twitter:label1\" content=\"Verfasst von\" \/>\n\t<meta name=\"twitter:data1\" content=\"rtnews\" \/>\n<script type=\"application\/ld+json\" class=\"yoast-schema-graph\">{\"@context\":\"https:\/\/schema.org\",\"@graph\":[{\"@type\":\"Article\",\"@id\":\"https:\/\/now-news.de\/de\/deutschland\/live-trump-empfaengt-selenskij-und-europaeische-verbuendete-im-weissen-haus\/#article\",\"isPartOf\":{\"@id\":\"https:\/\/now-news.de\/de\/deutschland\/live-trump-empfaengt-selenskij-und-europaeische-verbuendete-im-weissen-haus\/\"},\"author\":{\"name\":\"rtnews\",\"@id\":\"https:\/\/now-news.de\/de\/#\/schema\/person\/fb534a4e865501d8b3285208df34a9b5\"},\"headline\":\"LIVE: Trump empf\u00e4ngt Selenskij und europ\u00e4ische Verb\u00fcndete im Wei\u00dfen Haus\",\"datePublished\":\"2025-08-18T16:18:30+00:00\",\"dateModified\":\"2025-08-18T16:18:30+00:00\",\"mainEntityOfPage\":{\"@id\":\"https:\/\/now-news.de\/de\/deutschland\/live-trump-empfaengt-selenskij-und-europaeische-verbuendete-im-weissen-haus\/\"},\"wordCount\":17,\"commentCount\":0,\"publisher\":{\"@id\":\"https:\/\/now-news.de\/de\/#organization\"},\"image\":{\"@id\":\"https:\/\/now-news.de\/de\/deutschland\/live-trump-empfaengt-selenskij-und-europaeische-verbuendete-im-weissen-haus\/#primaryimage\"},\"thumbnailUrl\":\"https:\/\/now-news.de\/de\/wp-content\/uploads\/sites\/3\/2025\/08\/LIVE-Trump-empfaengt-Selenskij-und-europaeische-Verbuendete-im-Weissen-Haus.jpg\",\"keywords\":[\"empf\u00e4ngt\",\"europ\u00e4ische\",\"Haus\",\"Live\",\"Selenskij\",\"trump\",\"und\",\"Verb\u00fcndete\",\"Wei\u00dfen\"],\"articleSection\":[\"Deutschland\",\"Russland\"],\"inLanguage\":\"de\",\"potentialAction\":[{\"@type\":\"CommentAction\",\"name\":\"Comment\",\"target\":[\"https:\/\/now-news.de\/de\/deutschland\/live-trump-empfaengt-selenskij-und-europaeische-verbuendete-im-weissen-haus\/#respond\"]}]},{\"@type\":\"WebPage\",\"@id\":\"https:\/\/now-news.de\/de\/deutschland\/live-trump-empfaengt-selenskij-und-europaeische-verbuendete-im-weissen-haus\/\",\"url\":\"https:\/\/now-news.de\/de\/deutschland\/live-trump-empfaengt-selenskij-und-europaeische-verbuendete-im-weissen-haus\/\",\"name\":\"LIVE: Trump empf\u00e4ngt Selenskij und europ\u00e4ische Verb\u00fcndete im Wei\u00dfen Haus - just-now.NEWS Deutschland\",\"isPartOf\":{\"@id\":\"https:\/\/now-news.de\/de\/#website\"},\"primaryImageOfPage\":{\"@id\":\"https:\/\/now-news.de\/de\/deutschland\/live-trump-empfaengt-selenskij-und-europaeische-verbuendete-im-weissen-haus\/#primaryimage\"},\"image\":{\"@id\":\"https:\/\/now-news.de\/de\/deutschland\/live-trump-empfaengt-selenskij-und-europaeische-verbuendete-im-weissen-haus\/#primaryimage\"},\"thumbnailUrl\":\"https:\/\/now-news.de\/de\/wp-content\/uploads\/sites\/3\/2025\/08\/LIVE-Trump-empfaengt-Selenskij-und-europaeische-Verbuendete-im-Weissen-Haus.jpg\",\"datePublished\":\"2025-08-18T16:18:30+00:00\",\"dateModified\":\"2025-08-18T16:18:30+00:00\",\"breadcrumb\":{\"@id\":\"https:\/\/now-news.de\/de\/deutschland\/live-trump-empfaengt-selenskij-und-europaeische-verbuendete-im-weissen-haus\/#breadcrumb\"},\"inLanguage\":\"de\",\"potentialAction\":[{\"@type\":\"ReadAction\",\"target\":[\"https:\/\/now-news.de\/de\/deutschland\/live-trump-empfaengt-selenskij-und-europaeische-verbuendete-im-weissen-haus\/\"]}]},{\"@type\":\"ImageObject\",\"inLanguage\":\"de\",\"@id\":\"https:\/\/now-news.de\/de\/deutschland\/live-trump-empfaengt-selenskij-und-europaeische-verbuendete-im-weissen-haus\/#primaryimage\",\"url\":\"https:\/\/now-news.de\/de\/wp-content\/uploads\/sites\/3\/2025\/08\/LIVE-Trump-empfaengt-Selenskij-und-europaeische-Verbuendete-im-Weissen-Haus.jpg\",\"contentUrl\":\"https:\/\/now-news.de\/de\/wp-content\/uploads\/sites\/3\/2025\/08\/LIVE-Trump-empfaengt-Selenskij-und-europaeische-Verbuendete-im-Weissen-Haus.jpg\",\"width\":460,\"height\":259,\"caption\":\"Preview\"},{\"@type\":\"BreadcrumbList\",\"@id\":\"https:\/\/now-news.de\/de\/deutschland\/live-trump-empfaengt-selenskij-und-europaeische-verbuendete-im-weissen-haus\/#breadcrumb\",\"itemListElement\":[{\"@type\":\"ListItem\",\"position\":1,\"name\":\"Home\",\"item\":\"https:\/\/now-news.de\/de\/\"},{\"@type\":\"ListItem\",\"position\":2,\"name\":\"LIVE: Trump empf\u00e4ngt Selenskij und europ\u00e4ische Verb\u00fcndete im Wei\u00dfen Haus\"}]},{\"@type\":\"WebSite\",\"@id\":\"https:\/\/now-news.de\/de\/#website\",\"url\":\"https:\/\/now-news.de\/de\/\",\"name\":\"just-now.NEWS Deutschland\",\"description\":\"Das Portal f\u00fcr unzensierte Nachrichten aus der Welt\",\"publisher\":{\"@id\":\"https:\/\/now-news.de\/de\/#organization\"},\"potentialAction\":[{\"@type\":\"SearchAction\",\"target\":{\"@type\":\"EntryPoint\",\"urlTemplate\":\"https:\/\/now-news.de\/de\/?s={search_term_string}\"},\"query-input\":\"required name=search_term_string\"}],\"inLanguage\":\"de\"},{\"@type\":\"Organization\",\"@id\":\"https:\/\/now-news.de\/de\/#organization\",\"name\":\"Just Now News\",\"url\":\"https:\/\/now-news.de\/de\/\",\"logo\":{\"@type\":\"ImageObject\",\"inLanguage\":\"de\",\"@id\":\"https:\/\/now-news.de\/de\/#\/schema\/logo\/image\/\",\"url\":\"http:\/\/just-now.news\/de\/wp-content\/uploads\/sites\/3\/2022\/04\/logo500x500.jpg\",\"contentUrl\":\"http:\/\/just-now.news\/de\/wp-content\/uploads\/sites\/3\/2022\/04\/logo500x500.jpg\",\"width\":500,\"height\":500,\"caption\":\"Just Now News\"},\"image\":{\"@id\":\"https:\/\/now-news.de\/de\/#\/schema\/logo\/image\/\"},\"sameAs\":[\"https:\/\/www.facebook.com\/wirmachenauf\",\"https:\/\/x.com\/WirMachenAuf_de\"]},{\"@type\":\"Person\",\"@id\":\"https:\/\/now-news.de\/de\/#\/schema\/person\/fb534a4e865501d8b3285208df34a9b5\",\"name\":\"rtnews\",\"image\":{\"@type\":\"ImageObject\",\"inLanguage\":\"de\",\"@id\":\"https:\/\/now-news.de\/de\/#\/schema\/person\/image\/\",\"url\":\"https:\/\/secure.gravatar.com\/avatar\/82aafea7d8127119dd649515f56e2117?s=96&d=mm&r=g\",\"contentUrl\":\"https:\/\/secure.gravatar.com\/avatar\/82aafea7d8127119dd649515f56e2117?s=96&d=mm&r=g\",\"caption\":\"rtnews\"},\"url\":\"https:\/\/now-news.de\/de\/author\/rnews\/\"}]}<\/script>\n<!-- \/ Yoast SEO Premium plugin. -->","yoast_head_json":{"title":"LIVE: Trump empf\u00e4ngt Selenskij und europ\u00e4ische Verb\u00fcndete im Wei\u00dfen Haus - just-now.NEWS Deutschland","robots":{"index":"index","follow":"follow","max-snippet":"max-snippet:-1","max-image-preview":"max-image-preview:large","max-video-preview":"max-video-preview:-1"},"canonical":"https:\/\/now-news.de\/de\/deutschland\/live-trump-empfaengt-selenskij-und-europaeische-verbuendete-im-weissen-haus\/","og_locale":"de_DE","og_type":"article","og_title":"LIVE: Trump empf\u00e4ngt Selenskij und europ\u00e4ische Verb\u00fcndete im Wei\u00dfen Haus","og_description":"Source link","og_url":"https:\/\/now-news.de\/de\/deutschland\/live-trump-empfaengt-selenskij-und-europaeische-verbuendete-im-weissen-haus\/","og_site_name":"just-now.NEWS Deutschland","article_publisher":"https:\/\/www.facebook.com\/wirmachenauf","article_published_time":"2025-08-18T16:18:30+00:00","og_image":[{"url":"https:\/\/now-news.de\/de\/wp-content\/uploads\/sites\/3\/2025\/08\/68a3524a48fbef036b1990cd.jpg"}],"author":"rtnews","twitter_card":"summary_large_image","twitter_creator":"@WirMachenAuf_de","twitter_site":"@WirMachenAuf_de","twitter_misc":{"Verfasst von":"rtnews"},"schema":{"@context":"https:\/\/schema.org","@graph":[{"@type":"Article","@id":"https:\/\/now-news.de\/de\/deutschland\/live-trump-empfaengt-selenskij-und-europaeische-verbuendete-im-weissen-haus\/#article","isPartOf":{"@id":"https:\/\/now-news.de\/de\/deutschland\/live-trump-empfaengt-selenskij-und-europaeische-verbuendete-im-weissen-haus\/"},"author":{"name":"rtnews","@id":"https:\/\/now-news.de\/de\/#\/schema\/person\/fb534a4e865501d8b3285208df34a9b5"},"headline":"LIVE: Trump empf\u00e4ngt Selenskij und europ\u00e4ische Verb\u00fcndete im Wei\u00dfen Haus","datePublished":"2025-08-18T16:18:30+00:00","dateModified":"2025-08-18T16:18:30+00:00","mainEntityOfPage":{"@id":"https:\/\/now-news.de\/de\/deutschland\/live-trump-empfaengt-selenskij-und-europaeische-verbuendete-im-weissen-haus\/"},"wordCount":17,"commentCount":0,"publisher":{"@id":"https:\/\/now-news.de\/de\/#organization"},"image":{"@id":"https:\/\/now-news.de\/de\/deutschland\/live-trump-empfaengt-selenskij-und-europaeische-verbuendete-im-weissen-haus\/#primaryimage"},"thumbnailUrl":"https:\/\/now-news.de\/de\/wp-content\/uploads\/sites\/3\/2025\/08\/LIVE-Trump-empfaengt-Selenskij-und-europaeische-Verbuendete-im-Weissen-Haus.jpg","keywords":["empf\u00e4ngt","europ\u00e4ische","Haus","Live","Selenskij","trump","und","Verb\u00fcndete","Wei\u00dfen"],"articleSection":["Deutschland","Russland"],"inLanguage":"de","potentialAction":[{"@type":"CommentAction","name":"Comment","target":["https:\/\/now-news.de\/de\/deutschland\/live-trump-empfaengt-selenskij-und-europaeische-verbuendete-im-weissen-haus\/#respond"]}]},{"@type":"WebPage","@id":"https:\/\/now-news.de\/de\/deutschland\/live-trump-empfaengt-selenskij-und-europaeische-verbuendete-im-weissen-haus\/","url":"https:\/\/now-news.de\/de\/deutschland\/live-trump-empfaengt-selenskij-und-europaeische-verbuendete-im-weissen-haus\/","name":"LIVE: Trump empf\u00e4ngt Selenskij und europ\u00e4ische Verb\u00fcndete im Wei\u00dfen Haus - just-now.NEWS Deutschland","isPartOf":{"@id":"https:\/\/now-news.de\/de\/#website"},"primaryImageOfPage":{"@id":"https:\/\/now-news.de\/de\/deutschland\/live-trump-empfaengt-selenskij-und-europaeische-verbuendete-im-weissen-haus\/#primaryimage"},"image":{"@id":"https:\/\/now-news.de\/de\/deutschland\/live-trump-empfaengt-selenskij-und-europaeische-verbuendete-im-weissen-haus\/#primaryimage"},"thumbnailUrl":"https:\/\/now-news.de\/de\/wp-content\/uploads\/sites\/3\/2025\/08\/LIVE-Trump-empfaengt-Selenskij-und-europaeische-Verbuendete-im-Weissen-Haus.jpg","datePublished":"2025-08-18T16:18:30+00:00","dateModified":"2025-08-18T16:18:30+00:00","breadcrumb":{"@id":"https:\/\/now-news.de\/de\/deutschland\/live-trump-empfaengt-selenskij-und-europaeische-verbuendete-im-weissen-haus\/#breadcrumb"},"inLanguage":"de","potentialAction":[{"@type":"ReadAction","target":["https:\/\/now-news.de\/de\/deutschland\/live-trump-empfaengt-selenskij-und-europaeische-verbuendete-im-weissen-haus\/"]}]},{"@type":"ImageObject","inLanguage":"de","@id":"https:\/\/now-news.de\/de\/deutschland\/live-trump-empfaengt-selenskij-und-europaeische-verbuendete-im-weissen-haus\/#primaryimage","url":"https:\/\/now-news.de\/de\/wp-content\/uploads\/sites\/3\/2025\/08\/LIVE-Trump-empfaengt-Selenskij-und-europaeische-Verbuendete-im-Weissen-Haus.jpg","contentUrl":"https:\/\/now-news.de\/de\/wp-content\/uploads\/sites\/3\/2025\/08\/LIVE-Trump-empfaengt-Selenskij-und-europaeische-Verbuendete-im-Weissen-Haus.jpg","width":460,"height":259,"caption":"Preview"},{"@type":"BreadcrumbList","@id":"https:\/\/now-news.de\/de\/deutschland\/live-trump-empfaengt-selenskij-und-europaeische-verbuendete-im-weissen-haus\/#breadcrumb","itemListElement":[{"@type":"ListItem","position":1,"name":"Home","item":"https:\/\/now-news.de\/de\/"},{"@type":"ListItem","position":2,"name":"LIVE: Trump empf\u00e4ngt Selenskij und europ\u00e4ische Verb\u00fcndete im Wei\u00dfen Haus"}]},{"@type":"WebSite","@id":"https:\/\/now-news.de\/de\/#website","url":"https:\/\/now-news.de\/de\/","name":"just-now.NEWS Deutschland","description":"Das Portal f\u00fcr unzensierte Nachrichten aus der Welt","publisher":{"@id":"https:\/\/now-news.de\/de\/#organization"},"potentialAction":[{"@type":"SearchAction","target":{"@type":"EntryPoint","urlTemplate":"https:\/\/now-news.de\/de\/?s={search_term_string}"},"query-input":"required name=search_term_string"}],"inLanguage":"de"},{"@type":"Organization","@id":"https:\/\/now-news.de\/de\/#organization","name":"Just Now News","url":"https:\/\/now-news.de\/de\/","logo":{"@type":"ImageObject","inLanguage":"de","@id":"https:\/\/now-news.de\/de\/#\/schema\/logo\/image\/","url":"http:\/\/just-now.news\/de\/wp-content\/uploads\/sites\/3\/2022\/04\/logo500x500.jpg","contentUrl":"http:\/\/just-now.news\/de\/wp-content\/uploads\/sites\/3\/2022\/04\/logo500x500.jpg","width":500,"height":500,"caption":"Just Now News"},"image":{"@id":"https:\/\/now-news.de\/de\/#\/schema\/logo\/image\/"},"sameAs":["https:\/\/www.facebook.com\/wirmachenauf","https:\/\/x.com\/WirMachenAuf_de"]},{"@type":"Person","@id":"https:\/\/now-news.de\/de\/#\/schema\/person\/fb534a4e865501d8b3285208df34a9b5","name":"rtnews","image":{"@type":"ImageObject","inLanguage":"de","@id":"https:\/\/now-news.de\/de\/#\/schema\/person\/image\/","url":"https:\/\/secure.gravatar.com\/avatar\/82aafea7d8127119dd649515f56e2117?s=96&d=mm&r=g","contentUrl":"https:\/\/secure.gravatar.com\/avatar\/82aafea7d8127119dd649515f56e2117?s=96&d=mm&r=g","caption":"rtnews"},"url":"https:\/\/now-news.de\/de\/author\/rnews\/"}]}},"_links":{"self":[{"href":"https:\/\/now-news.de\/de\/wp-json\/wp\/v2\/posts\/89007"}],"collection":[{"href":"https:\/\/now-news.de\/de\/wp-json\/wp\/v2\/posts"}],"about":[{"href":"https:\/\/now-news.de\/de\/wp-json\/wp\/v2\/types\/post"}],"author":[{"embeddable":true,"href":"https:\/\/now-news.de\/de\/wp-json\/wp\/v2\/users\/3"}],"replies":[{"embeddable":true,"href":"https:\/\/now-news.de\/de\/wp-json\/wp\/v2\/comments?post=89007"}],"version-history":[{"count":0,"href":"https:\/\/now-news.de\/de\/wp-json\/wp\/v2\/posts\/89007\/revisions"}],"wp:featuredmedia":[{"embeddable":true,"href":"https:\/\/now-news.de\/de\/wp-json\/wp\/v2\/media\/89008"}],"wp:attachment":[{"href":"https:\/\/now-news.de\/de\/wp-json\/wp\/v2\/media?parent=89007"}],"wp:term":[{"taxonomy":"category","embeddable":true,"href":"https:\/\/now-news.de\/de\/wp-json\/wp\/v2\/categories?post=89007"},{"taxonomy":"post_tag","embeddable":true,"href":"https:\/\/now-news.de\/de\/wp-json\/wp\/v2\/tags?post=89007"}],"curies":[{"name":"wp","href":"https:\/\/api.w.org\/{rel}","templated":true}]}}