{"id":88995,"date":"2025-08-18T16:03:25","date_gmt":"2025-08-18T14:03:25","guid":{"rendered":"https:\/\/now-news.de\/de\/deutschland\/praesidentschaftswahlen-in-bolivien-waehler-bevorzugen-rechtskonservative-kandidaten\/"},"modified":"2025-08-18T16:03:25","modified_gmt":"2025-08-18T14:03:25","slug":"praesidentschaftswahlen-in-bolivien-waehler-bevorzugen-rechtskonservative-kandidaten","status":"publish","type":"post","link":"https:\/\/now-news.de\/de\/deutschland\/praesidentschaftswahlen-in-bolivien-waehler-bevorzugen-rechtskonservative-kandidaten\/","title":{"rendered":"Pr\u00e4sidentschaftswahlen in Bolivien: W\u00e4hler bevorzugen rechtskonservative Kandidaten"},"content":{"rendered":"<p><img decoding=\"async\" src=\"https:\/\/now-news.de\/de\/wp-content\/uploads\/sites\/3\/2025\/08\/68a30d3448fbef3ecf29a2e4.jpg\" \/><\/p>\n<div class=\"Text-root Text-type_1 \">\n                Zum ersten Mal in der Geschichte Boliviens wird ein Pr\u00e4sident in einer Stichwahl gew\u00e4hlt. Das Pr\u00e4sidentenrennen f\u00fchrt der konservative Senator Rodrigo Paz, der Sohn des Ex-Pr\u00e4sidenten Jaime Paz Zamora. Die linksgerichtete MAS-Bewegung des Ex-Pr\u00e4sidenten Evo Morales erlitt eine schwere Niederlage.\n            <\/div>\n<p><\/p>\n<div class=\"Text-root Text-type_5 ArticleView-text ViewText-root \">\n<p>Bei den am gestrigen Sonntag im s\u00fcdamerikanischen Bolivien stattfindenden Pr\u00e4sidentschaftswahlen musste die linksgerichtete MAS-Partei (Movimiento al Socialismo, zu Deutsch: Bewegung hin zum Sozialismus) des amtierenden Pr\u00e4sidenten Luis Arce eine deutliche Schlappe hinnehmen. Sein Amtsvorg\u00e4nger, der auch international bekannte Evo Morales, war aufgrund eines Gerichtsentscheids von der Wahl ausgeschlossen worden. Der MAS-Kandidat Eduardo del Castillo landete mit 3,2 Prozent der W\u00e4hlerstimmen weit abgeschlagen auf den hinteren R\u00e4ngen.<\/p>\n<p>Evo Morales&#8217; MAS ging aus der Gewerkschaftsbewegung der Coca-Bauern hervor und gilt als prorussisch und prochinesisch. Nach ihrer Konsolidierung als Partei in den vergangenen Jahrzehnten kam es jedoch vermehrt zu Vorw\u00fcrfen bez\u00fcglich Korruption und Machtmissbrauch. Dazu kommt, dass die Wahlen in die Zeit einer schweren Wirtschaftskrise Boliviens fallen, mit einer Inflationsrate von nahezu 25 Prozent in dem s\u00fcdamerikanischen Land.\u00a0<\/p>\n<p>Punkten konnten hingegen den Hochrechnungen zufolge die Kandidaten der rechtskonservativen Parteien. Allerdings konnte keiner der rechten Kandidaten die f\u00fcr das Pr\u00e4sidentenamt erforderliche Mehrheit erzielen, sodass eine Stichwahl zwischen den Amtsbewerbern Quiroga und Paz n\u00f6tig wird. Rodrigo Paz, ein Senator von der christdemokratischen Partei, erhielt 31 Prozent der Stimmen, Ex-Pr\u00e4sident Jorge &#8220;Tuto&#8221; Qurioga von der Freien Allianz 27 Prozent. Entgegen den Meinungsumfragen schaffte es der Unternehmer und Rechtsau\u00dfen-Politiker Samuel Doria Medina (in den Umfragen lange Zeit der Favorit) mit 19 Prozent nicht in die Stichwahl, die im Oktober stattfindet.\u00a0<\/p>\n<p>Gleichzeitig zu den Pr\u00e4sidentschaftswahlen fanden in Bolivien die Wahlen zum Senat und zum Abgeordnetenhaus statt. K\u00fcnftig wird die MAS keinen Sitz im Senat haben, in der Abgeordnetenkammer nur noch einen. Medien sprechen von einer historischen Niederlage der Linken. Zum Vergleich: Bei den Wahlen\u00a0im Jahr 2020 konnte die linksgerichtete MAS noch 75 Sitze im bolivianischen Parlament auf sich vereinen. Auch in den beiden Parlamentskammern sind also die rechten beziehungsweise konservativen Parteien die gro\u00dfen Sieger.<\/p>\n<p>Der Senator Rodrigo Paz, der das Wahlrennen f\u00fchrt, ist der Sohn des ehemaligen Pr\u00e4sidenten Jaime Paz Zamora (1989 bis 1993).\u00a0Der Mitte-Rechts-Politiker wurde im Jahr 1967 in Spanien geboren und verbrachte seine Jugend aufgrund der wiederholten Milit\u00e4rputsche in Bolivien mit seiner Familie im Exil.\u00a0Laut Experten sei sein Erfolg ein Zeichen daf\u00fcr, dass die W\u00e4hler politischer Polarisierung im Land \u00fcberdr\u00fcssig sind. F\u00fcr Paz stimmten \u00fcberwiegend st\u00e4dtische Einwohner. Auch eine Kampagne in sozialen Netzwerken trug zu seiner Popularit\u00e4t bei.\u00a0Paz sprach sich im Wahlkampf f\u00fcr eine Austerit\u00e4tspolitik und geringere Staatsausgaben aus. Au\u00dferdem sei sein Wahlerfolg mit seinem popul\u00e4ren Vizepr\u00e4sidentschaftskandidaten zu\u00a0erkl\u00e4ren. Edman Lara ist ein Polizeikommandant, der im Westen des Landes sehr beliebt ist.\u00a0<\/p>\n<p>\u00dcberschattet waren die Wahlen von mehreren Zwischenf\u00e4llen. Der gravierendste fand in der Provinz Carrasco statt, wo die Detonation eines Sprengsatzes im Wahllokal des linken Kandidaten Andr\u00f3nico Rodr\u00edguez gemeldet wurde. Rodr\u00edguez gilt unter Morales-Anh\u00e4ngern als Verr\u00e4ter. Bolivien geht nicht nur wirtschaftlich, sondern auch politisch gesehen turbulenten Zeiten entgegen.\u00a0Bemerkenswert ist auch die mit fast 20\u00a0Prozent hohe Anzahl an W\u00e4hlern, die ung\u00fcltig w\u00e4hlten. Ex-Pr\u00e4sident Evo Morales und seine Anh\u00e4nger hatten aus Protest dazu aufgerufen. Das Verfassungsgericht hatte untersagt, dass Morales nach drei Pr\u00e4sidentschaften noch einmal kandidieren darf.\u00a0<\/p>\n<p>Morales, Boliviens erster Pr\u00e4sident indigener Abstammung, ein Sozialist und entschiedener Kritiker des US-amerikanischen &#8220;Imperialismus&#8221;, wurde erstmals im Jahr 2006 zum Pr\u00e4sidenten gew\u00e4hlt. W\u00e4hrend der Unruhen, die durch den Vorwurf angeblicher Wahlf\u00e4lschung zugunsten seiner MAS-Partei ausgel\u00f6st worden waren, musste er im Jahr 2019 zur\u00fccktreten und das Land verlassen. Morales behauptete, sein Sturz sei ein von Washington aus inszenierter Staatsstreich gewesen.\u00a0Im Juni 2024 kam es zum <a rel=\"nofollow noopener\" target=\"_blank\" href=\"https:\/\/freedert.online\/amerika\/210479-putschversuch-in-bolivien-nach-wenigen\/\">Putschversuch <\/a>gegen Pr\u00e4sident Luis Arce, der als Morales-Vertrauter gilt.\u00a0Gegen Morales war es im November 2019 zu einem Putsch gekommen, infolgedessen\u00a0er f\u00fcr ein Jahr ins Exil gehen musste.\u00a0<\/p>\n<p><strong>Mehr zum Thema<\/strong>\u00a0\u2013\u00a0<a rel=\"nofollow noopener\" target=\"_blank\" href=\"https:\/\/freedert.online\/amerika\/210479-putschversuch-in-bolivien-nach-wenigen\/\">Putschversuch in Bolivien nach wenigen Stunden gescheitert \u2013 verantwortliche Milit\u00e4rs festgenommen<\/a><\/p>\n<\/p>\n<div class=\"EmbedBlock-root EmbedBlock-externalVideo EmbedBlock-rumble\">\n<div class=\"VkEmbed\"><iframe class=\"lazyload\" data-src=\"https:\/\/rumble.com\/embed\/v6tplig\" frameborder=\"0\" width=\"853\" height=\"480\" allowfullscreen><\/iframe><\/div>\n<\/div>\n<\/div>\n<p><br \/>\n<br \/><a href=\"https:\/\/de.rt.com\/amerika\/253672-praesidentschaftswahlen-in-bolivien-waehler-bevorzugen-rechtskonservative-kandidaten\/\">Source link <\/a><\/p>\n","protected":false},"excerpt":{"rendered":"<p>Zum ersten Mal in der Geschichte Boliviens wird ein Pr\u00e4sident in einer Stichwahl gew\u00e4hlt. Das Pr\u00e4sidentenrennen f\u00fchrt der konservative Senator Rodrigo Paz, der Sohn des Ex-Pr\u00e4sidenten Jaime Paz Zamora. Die linksgerichtete MAS-Bewegung des Ex-Pr\u00e4sidenten Evo Morales erlitt eine schwere Niederlage. Bei den am gestrigen Sonntag im s\u00fcdamerikanischen Bolivien stattfindenden Pr\u00e4sidentschaftswahlen musste die linksgerichtete MAS-Partei (Movimiento [&hellip;]<\/p>\n","protected":false},"author":3,"featured_media":88996,"comment_status":"open","ping_status":"open","sticky":false,"template":"","format":"standard","meta":{"_yoast_indexnow_last_ping":["1755525915"],"wp_automatic_camp":["217"],"5ba499bde7ed1bd2b035830bf86dc478":["Pr\u00e4sidentschaftswahlen in Bolivien: W\u00e4hler bevorzugen rechtskonservative Kandidaten"],"original_link":["https:\/\/de.rt.com\/amerika\/253672-praesidentschaftswahlen-in-bolivien-waehler-bevorzugen-rechtskonservative-kandidaten\/"],"_thumbnail_id":["88996"],"jnews_social_counter_last_update":["1776887085"],"_wptgpro_p2tg_sent2tg":["a:1:{i:23737;s:19:\"2025-08-18 16:06:20\";}"]},"categories":[19,23],"tags":[28058,31967,12260,27236,65408,13169],"yoast_head":"<!-- This site is optimized with the Yoast SEO Premium plugin v22.7 (Yoast SEO v22.7) - https:\/\/yoast.com\/wordpress\/plugins\/seo\/ -->\n<title>Pr\u00e4sidentschaftswahlen in Bolivien: W\u00e4hler bevorzugen rechtskonservative Kandidaten - just-now.NEWS Deutschland<\/title>\n<meta name=\"robots\" content=\"index, follow, max-snippet:-1, max-image-preview:large, max-video-preview:-1\" \/>\n<link rel=\"canonical\" href=\"https:\/\/now-news.de\/de\/deutschland\/praesidentschaftswahlen-in-bolivien-waehler-bevorzugen-rechtskonservative-kandidaten\/\" \/>\n<meta property=\"og:locale\" content=\"de_DE\" \/>\n<meta property=\"og:type\" content=\"article\" \/>\n<meta property=\"og:title\" content=\"Pr\u00e4sidentschaftswahlen in Bolivien: W\u00e4hler bevorzugen rechtskonservative Kandidaten\" \/>\n<meta property=\"og:description\" content=\"Zum ersten Mal in der Geschichte Boliviens wird ein Pr\u00e4sident in einer Stichwahl gew\u00e4hlt. Das Pr\u00e4sidentenrennen f\u00fchrt der konservative Senator Rodrigo Paz, der Sohn des Ex-Pr\u00e4sidenten Jaime Paz Zamora. Die linksgerichtete MAS-Bewegung des Ex-Pr\u00e4sidenten Evo Morales erlitt eine schwere Niederlage. Bei den am gestrigen Sonntag im s\u00fcdamerikanischen Bolivien stattfindenden Pr\u00e4sidentschaftswahlen musste die linksgerichtete MAS-Partei (Movimiento [&hellip;]\" \/>\n<meta property=\"og:url\" content=\"https:\/\/now-news.de\/de\/deutschland\/praesidentschaftswahlen-in-bolivien-waehler-bevorzugen-rechtskonservative-kandidaten\/\" \/>\n<meta property=\"og:site_name\" content=\"just-now.NEWS Deutschland\" \/>\n<meta property=\"article:publisher\" content=\"https:\/\/www.facebook.com\/wirmachenauf\" \/>\n<meta property=\"article:published_time\" content=\"2025-08-18T14:03:25+00:00\" \/>\n<meta property=\"og:image\" content=\"https:\/\/now-news.de\/de\/wp-content\/uploads\/sites\/3\/2025\/08\/68a30d3448fbef3ecf29a2e4.jpg\" \/>\n<meta name=\"author\" content=\"rtnews\" \/>\n<meta name=\"twitter:card\" content=\"summary_large_image\" \/>\n<meta name=\"twitter:creator\" content=\"@WirMachenAuf_de\" \/>\n<meta name=\"twitter:site\" content=\"@WirMachenAuf_de\" \/>\n<meta name=\"twitter:label1\" content=\"Verfasst von\" \/>\n\t<meta name=\"twitter:data1\" content=\"rtnews\" \/>\n\t<meta name=\"twitter:label2\" content=\"Gesch\u00e4tzte Lesezeit\" \/>\n\t<meta name=\"twitter:data2\" content=\"3\u00a0Minuten\" \/>\n<script type=\"application\/ld+json\" class=\"yoast-schema-graph\">{\"@context\":\"https:\/\/schema.org\",\"@graph\":[{\"@type\":\"Article\",\"@id\":\"https:\/\/now-news.de\/de\/deutschland\/praesidentschaftswahlen-in-bolivien-waehler-bevorzugen-rechtskonservative-kandidaten\/#article\",\"isPartOf\":{\"@id\":\"https:\/\/now-news.de\/de\/deutschland\/praesidentschaftswahlen-in-bolivien-waehler-bevorzugen-rechtskonservative-kandidaten\/\"},\"author\":{\"name\":\"rtnews\",\"@id\":\"https:\/\/now-news.de\/de\/#\/schema\/person\/fb534a4e865501d8b3285208df34a9b5\"},\"headline\":\"Pr\u00e4sidentschaftswahlen in Bolivien: W\u00e4hler bevorzugen rechtskonservative Kandidaten\",\"datePublished\":\"2025-08-18T14:03:25+00:00\",\"dateModified\":\"2025-08-18T14:03:25+00:00\",\"mainEntityOfPage\":{\"@id\":\"https:\/\/now-news.de\/de\/deutschland\/praesidentschaftswahlen-in-bolivien-waehler-bevorzugen-rechtskonservative-kandidaten\/\"},\"wordCount\":690,\"commentCount\":0,\"publisher\":{\"@id\":\"https:\/\/now-news.de\/de\/#organization\"},\"image\":{\"@id\":\"https:\/\/now-news.de\/de\/deutschland\/praesidentschaftswahlen-in-bolivien-waehler-bevorzugen-rechtskonservative-kandidaten\/#primaryimage\"},\"thumbnailUrl\":\"https:\/\/now-news.de\/de\/wp-content\/uploads\/sites\/3\/2025\/08\/Praesidentschaftswahlen-in-Bolivien-Waehler-bevorzugen-rechtskonservative-Kandidaten.jpg\",\"keywords\":[\"bevorzugen\",\"Bolivien\",\"Kandidaten\",\"Pr\u00e4sidentschaftswahlen\",\"rechtskonservative\",\"W\u00e4hler\"],\"articleSection\":[\"Deutschland\",\"Russland\"],\"inLanguage\":\"de\",\"potentialAction\":[{\"@type\":\"CommentAction\",\"name\":\"Comment\",\"target\":[\"https:\/\/now-news.de\/de\/deutschland\/praesidentschaftswahlen-in-bolivien-waehler-bevorzugen-rechtskonservative-kandidaten\/#respond\"]}]},{\"@type\":\"WebPage\",\"@id\":\"https:\/\/now-news.de\/de\/deutschland\/praesidentschaftswahlen-in-bolivien-waehler-bevorzugen-rechtskonservative-kandidaten\/\",\"url\":\"https:\/\/now-news.de\/de\/deutschland\/praesidentschaftswahlen-in-bolivien-waehler-bevorzugen-rechtskonservative-kandidaten\/\",\"name\":\"Pr\u00e4sidentschaftswahlen in Bolivien: W\u00e4hler bevorzugen rechtskonservative Kandidaten - just-now.NEWS Deutschland\",\"isPartOf\":{\"@id\":\"https:\/\/now-news.de\/de\/#website\"},\"primaryImageOfPage\":{\"@id\":\"https:\/\/now-news.de\/de\/deutschland\/praesidentschaftswahlen-in-bolivien-waehler-bevorzugen-rechtskonservative-kandidaten\/#primaryimage\"},\"image\":{\"@id\":\"https:\/\/now-news.de\/de\/deutschland\/praesidentschaftswahlen-in-bolivien-waehler-bevorzugen-rechtskonservative-kandidaten\/#primaryimage\"},\"thumbnailUrl\":\"https:\/\/now-news.de\/de\/wp-content\/uploads\/sites\/3\/2025\/08\/Praesidentschaftswahlen-in-Bolivien-Waehler-bevorzugen-rechtskonservative-Kandidaten.jpg\",\"datePublished\":\"2025-08-18T14:03:25+00:00\",\"dateModified\":\"2025-08-18T14:03:25+00:00\",\"breadcrumb\":{\"@id\":\"https:\/\/now-news.de\/de\/deutschland\/praesidentschaftswahlen-in-bolivien-waehler-bevorzugen-rechtskonservative-kandidaten\/#breadcrumb\"},\"inLanguage\":\"de\",\"potentialAction\":[{\"@type\":\"ReadAction\",\"target\":[\"https:\/\/now-news.de\/de\/deutschland\/praesidentschaftswahlen-in-bolivien-waehler-bevorzugen-rechtskonservative-kandidaten\/\"]}]},{\"@type\":\"ImageObject\",\"inLanguage\":\"de\",\"@id\":\"https:\/\/now-news.de\/de\/deutschland\/praesidentschaftswahlen-in-bolivien-waehler-bevorzugen-rechtskonservative-kandidaten\/#primaryimage\",\"url\":\"https:\/\/now-news.de\/de\/wp-content\/uploads\/sites\/3\/2025\/08\/Praesidentschaftswahlen-in-Bolivien-Waehler-bevorzugen-rechtskonservative-Kandidaten.jpg\",\"contentUrl\":\"https:\/\/now-news.de\/de\/wp-content\/uploads\/sites\/3\/2025\/08\/Praesidentschaftswahlen-in-Bolivien-Waehler-bevorzugen-rechtskonservative-Kandidaten.jpg\",\"width\":460,\"height\":259,\"caption\":\"Pr\u00e4sidentschaftswahlen in Bolivien: W\u00e4hler bevorzugen rechtskonservative Kandidaten\"},{\"@type\":\"BreadcrumbList\",\"@id\":\"https:\/\/now-news.de\/de\/deutschland\/praesidentschaftswahlen-in-bolivien-waehler-bevorzugen-rechtskonservative-kandidaten\/#breadcrumb\",\"itemListElement\":[{\"@type\":\"ListItem\",\"position\":1,\"name\":\"Home\",\"item\":\"https:\/\/now-news.de\/de\/\"},{\"@type\":\"ListItem\",\"position\":2,\"name\":\"Pr\u00e4sidentschaftswahlen in Bolivien: W\u00e4hler bevorzugen rechtskonservative Kandidaten\"}]},{\"@type\":\"WebSite\",\"@id\":\"https:\/\/now-news.de\/de\/#website\",\"url\":\"https:\/\/now-news.de\/de\/\",\"name\":\"just-now.NEWS Deutschland\",\"description\":\"Das Portal f\u00fcr unzensierte Nachrichten aus der Welt\",\"publisher\":{\"@id\":\"https:\/\/now-news.de\/de\/#organization\"},\"potentialAction\":[{\"@type\":\"SearchAction\",\"target\":{\"@type\":\"EntryPoint\",\"urlTemplate\":\"https:\/\/now-news.de\/de\/?s={search_term_string}\"},\"query-input\":\"required name=search_term_string\"}],\"inLanguage\":\"de\"},{\"@type\":\"Organization\",\"@id\":\"https:\/\/now-news.de\/de\/#organization\",\"name\":\"Just Now News\",\"url\":\"https:\/\/now-news.de\/de\/\",\"logo\":{\"@type\":\"ImageObject\",\"inLanguage\":\"de\",\"@id\":\"https:\/\/now-news.de\/de\/#\/schema\/logo\/image\/\",\"url\":\"http:\/\/just-now.news\/de\/wp-content\/uploads\/sites\/3\/2022\/04\/logo500x500.jpg\",\"contentUrl\":\"http:\/\/just-now.news\/de\/wp-content\/uploads\/sites\/3\/2022\/04\/logo500x500.jpg\",\"width\":500,\"height\":500,\"caption\":\"Just Now News\"},\"image\":{\"@id\":\"https:\/\/now-news.de\/de\/#\/schema\/logo\/image\/\"},\"sameAs\":[\"https:\/\/www.facebook.com\/wirmachenauf\",\"https:\/\/x.com\/WirMachenAuf_de\"]},{\"@type\":\"Person\",\"@id\":\"https:\/\/now-news.de\/de\/#\/schema\/person\/fb534a4e865501d8b3285208df34a9b5\",\"name\":\"rtnews\",\"image\":{\"@type\":\"ImageObject\",\"inLanguage\":\"de\",\"@id\":\"https:\/\/now-news.de\/de\/#\/schema\/person\/image\/\",\"url\":\"https:\/\/secure.gravatar.com\/avatar\/82aafea7d8127119dd649515f56e2117?s=96&d=mm&r=g\",\"contentUrl\":\"https:\/\/secure.gravatar.com\/avatar\/82aafea7d8127119dd649515f56e2117?s=96&d=mm&r=g\",\"caption\":\"rtnews\"},\"url\":\"https:\/\/now-news.de\/de\/author\/rnews\/\"}]}<\/script>\n<!-- \/ Yoast SEO Premium plugin. -->","yoast_head_json":{"title":"Pr\u00e4sidentschaftswahlen in Bolivien: W\u00e4hler bevorzugen rechtskonservative Kandidaten - just-now.NEWS Deutschland","robots":{"index":"index","follow":"follow","max-snippet":"max-snippet:-1","max-image-preview":"max-image-preview:large","max-video-preview":"max-video-preview:-1"},"canonical":"https:\/\/now-news.de\/de\/deutschland\/praesidentschaftswahlen-in-bolivien-waehler-bevorzugen-rechtskonservative-kandidaten\/","og_locale":"de_DE","og_type":"article","og_title":"Pr\u00e4sidentschaftswahlen in Bolivien: W\u00e4hler bevorzugen rechtskonservative Kandidaten","og_description":"Zum ersten Mal in der Geschichte Boliviens wird ein Pr\u00e4sident in einer Stichwahl gew\u00e4hlt. Das Pr\u00e4sidentenrennen f\u00fchrt der konservative Senator Rodrigo Paz, der Sohn des Ex-Pr\u00e4sidenten Jaime Paz Zamora. Die linksgerichtete MAS-Bewegung des Ex-Pr\u00e4sidenten Evo Morales erlitt eine schwere Niederlage. Bei den am gestrigen Sonntag im s\u00fcdamerikanischen Bolivien stattfindenden Pr\u00e4sidentschaftswahlen musste die linksgerichtete MAS-Partei (Movimiento [&hellip;]","og_url":"https:\/\/now-news.de\/de\/deutschland\/praesidentschaftswahlen-in-bolivien-waehler-bevorzugen-rechtskonservative-kandidaten\/","og_site_name":"just-now.NEWS Deutschland","article_publisher":"https:\/\/www.facebook.com\/wirmachenauf","article_published_time":"2025-08-18T14:03:25+00:00","og_image":[{"url":"https:\/\/now-news.de\/de\/wp-content\/uploads\/sites\/3\/2025\/08\/68a30d3448fbef3ecf29a2e4.jpg"}],"author":"rtnews","twitter_card":"summary_large_image","twitter_creator":"@WirMachenAuf_de","twitter_site":"@WirMachenAuf_de","twitter_misc":{"Verfasst von":"rtnews","Gesch\u00e4tzte Lesezeit":"3\u00a0Minuten"},"schema":{"@context":"https:\/\/schema.org","@graph":[{"@type":"Article","@id":"https:\/\/now-news.de\/de\/deutschland\/praesidentschaftswahlen-in-bolivien-waehler-bevorzugen-rechtskonservative-kandidaten\/#article","isPartOf":{"@id":"https:\/\/now-news.de\/de\/deutschland\/praesidentschaftswahlen-in-bolivien-waehler-bevorzugen-rechtskonservative-kandidaten\/"},"author":{"name":"rtnews","@id":"https:\/\/now-news.de\/de\/#\/schema\/person\/fb534a4e865501d8b3285208df34a9b5"},"headline":"Pr\u00e4sidentschaftswahlen in Bolivien: W\u00e4hler bevorzugen rechtskonservative Kandidaten","datePublished":"2025-08-18T14:03:25+00:00","dateModified":"2025-08-18T14:03:25+00:00","mainEntityOfPage":{"@id":"https:\/\/now-news.de\/de\/deutschland\/praesidentschaftswahlen-in-bolivien-waehler-bevorzugen-rechtskonservative-kandidaten\/"},"wordCount":690,"commentCount":0,"publisher":{"@id":"https:\/\/now-news.de\/de\/#organization"},"image":{"@id":"https:\/\/now-news.de\/de\/deutschland\/praesidentschaftswahlen-in-bolivien-waehler-bevorzugen-rechtskonservative-kandidaten\/#primaryimage"},"thumbnailUrl":"https:\/\/now-news.de\/de\/wp-content\/uploads\/sites\/3\/2025\/08\/Praesidentschaftswahlen-in-Bolivien-Waehler-bevorzugen-rechtskonservative-Kandidaten.jpg","keywords":["bevorzugen","Bolivien","Kandidaten","Pr\u00e4sidentschaftswahlen","rechtskonservative","W\u00e4hler"],"articleSection":["Deutschland","Russland"],"inLanguage":"de","potentialAction":[{"@type":"CommentAction","name":"Comment","target":["https:\/\/now-news.de\/de\/deutschland\/praesidentschaftswahlen-in-bolivien-waehler-bevorzugen-rechtskonservative-kandidaten\/#respond"]}]},{"@type":"WebPage","@id":"https:\/\/now-news.de\/de\/deutschland\/praesidentschaftswahlen-in-bolivien-waehler-bevorzugen-rechtskonservative-kandidaten\/","url":"https:\/\/now-news.de\/de\/deutschland\/praesidentschaftswahlen-in-bolivien-waehler-bevorzugen-rechtskonservative-kandidaten\/","name":"Pr\u00e4sidentschaftswahlen in Bolivien: W\u00e4hler bevorzugen rechtskonservative Kandidaten - just-now.NEWS Deutschland","isPartOf":{"@id":"https:\/\/now-news.de\/de\/#website"},"primaryImageOfPage":{"@id":"https:\/\/now-news.de\/de\/deutschland\/praesidentschaftswahlen-in-bolivien-waehler-bevorzugen-rechtskonservative-kandidaten\/#primaryimage"},"image":{"@id":"https:\/\/now-news.de\/de\/deutschland\/praesidentschaftswahlen-in-bolivien-waehler-bevorzugen-rechtskonservative-kandidaten\/#primaryimage"},"thumbnailUrl":"https:\/\/now-news.de\/de\/wp-content\/uploads\/sites\/3\/2025\/08\/Praesidentschaftswahlen-in-Bolivien-Waehler-bevorzugen-rechtskonservative-Kandidaten.jpg","datePublished":"2025-08-18T14:03:25+00:00","dateModified":"2025-08-18T14:03:25+00:00","breadcrumb":{"@id":"https:\/\/now-news.de\/de\/deutschland\/praesidentschaftswahlen-in-bolivien-waehler-bevorzugen-rechtskonservative-kandidaten\/#breadcrumb"},"inLanguage":"de","potentialAction":[{"@type":"ReadAction","target":["https:\/\/now-news.de\/de\/deutschland\/praesidentschaftswahlen-in-bolivien-waehler-bevorzugen-rechtskonservative-kandidaten\/"]}]},{"@type":"ImageObject","inLanguage":"de","@id":"https:\/\/now-news.de\/de\/deutschland\/praesidentschaftswahlen-in-bolivien-waehler-bevorzugen-rechtskonservative-kandidaten\/#primaryimage","url":"https:\/\/now-news.de\/de\/wp-content\/uploads\/sites\/3\/2025\/08\/Praesidentschaftswahlen-in-Bolivien-Waehler-bevorzugen-rechtskonservative-Kandidaten.jpg","contentUrl":"https:\/\/now-news.de\/de\/wp-content\/uploads\/sites\/3\/2025\/08\/Praesidentschaftswahlen-in-Bolivien-Waehler-bevorzugen-rechtskonservative-Kandidaten.jpg","width":460,"height":259,"caption":"Pr\u00e4sidentschaftswahlen in Bolivien: W\u00e4hler bevorzugen rechtskonservative Kandidaten"},{"@type":"BreadcrumbList","@id":"https:\/\/now-news.de\/de\/deutschland\/praesidentschaftswahlen-in-bolivien-waehler-bevorzugen-rechtskonservative-kandidaten\/#breadcrumb","itemListElement":[{"@type":"ListItem","position":1,"name":"Home","item":"https:\/\/now-news.de\/de\/"},{"@type":"ListItem","position":2,"name":"Pr\u00e4sidentschaftswahlen in Bolivien: W\u00e4hler bevorzugen rechtskonservative Kandidaten"}]},{"@type":"WebSite","@id":"https:\/\/now-news.de\/de\/#website","url":"https:\/\/now-news.de\/de\/","name":"just-now.NEWS Deutschland","description":"Das Portal f\u00fcr unzensierte Nachrichten aus der Welt","publisher":{"@id":"https:\/\/now-news.de\/de\/#organization"},"potentialAction":[{"@type":"SearchAction","target":{"@type":"EntryPoint","urlTemplate":"https:\/\/now-news.de\/de\/?s={search_term_string}"},"query-input":"required name=search_term_string"}],"inLanguage":"de"},{"@type":"Organization","@id":"https:\/\/now-news.de\/de\/#organization","name":"Just Now News","url":"https:\/\/now-news.de\/de\/","logo":{"@type":"ImageObject","inLanguage":"de","@id":"https:\/\/now-news.de\/de\/#\/schema\/logo\/image\/","url":"http:\/\/just-now.news\/de\/wp-content\/uploads\/sites\/3\/2022\/04\/logo500x500.jpg","contentUrl":"http:\/\/just-now.news\/de\/wp-content\/uploads\/sites\/3\/2022\/04\/logo500x500.jpg","width":500,"height":500,"caption":"Just Now News"},"image":{"@id":"https:\/\/now-news.de\/de\/#\/schema\/logo\/image\/"},"sameAs":["https:\/\/www.facebook.com\/wirmachenauf","https:\/\/x.com\/WirMachenAuf_de"]},{"@type":"Person","@id":"https:\/\/now-news.de\/de\/#\/schema\/person\/fb534a4e865501d8b3285208df34a9b5","name":"rtnews","image":{"@type":"ImageObject","inLanguage":"de","@id":"https:\/\/now-news.de\/de\/#\/schema\/person\/image\/","url":"https:\/\/secure.gravatar.com\/avatar\/82aafea7d8127119dd649515f56e2117?s=96&d=mm&r=g","contentUrl":"https:\/\/secure.gravatar.com\/avatar\/82aafea7d8127119dd649515f56e2117?s=96&d=mm&r=g","caption":"rtnews"},"url":"https:\/\/now-news.de\/de\/author\/rnews\/"}]}},"_links":{"self":[{"href":"https:\/\/now-news.de\/de\/wp-json\/wp\/v2\/posts\/88995"}],"collection":[{"href":"https:\/\/now-news.de\/de\/wp-json\/wp\/v2\/posts"}],"about":[{"href":"https:\/\/now-news.de\/de\/wp-json\/wp\/v2\/types\/post"}],"author":[{"embeddable":true,"href":"https:\/\/now-news.de\/de\/wp-json\/wp\/v2\/users\/3"}],"replies":[{"embeddable":true,"href":"https:\/\/now-news.de\/de\/wp-json\/wp\/v2\/comments?post=88995"}],"version-history":[{"count":0,"href":"https:\/\/now-news.de\/de\/wp-json\/wp\/v2\/posts\/88995\/revisions"}],"wp:featuredmedia":[{"embeddable":true,"href":"https:\/\/now-news.de\/de\/wp-json\/wp\/v2\/media\/88996"}],"wp:attachment":[{"href":"https:\/\/now-news.de\/de\/wp-json\/wp\/v2\/media?parent=88995"}],"wp:term":[{"taxonomy":"category","embeddable":true,"href":"https:\/\/now-news.de\/de\/wp-json\/wp\/v2\/categories?post=88995"},{"taxonomy":"post_tag","embeddable":true,"href":"https:\/\/now-news.de\/de\/wp-json\/wp\/v2\/tags?post=88995"}],"curies":[{"name":"wp","href":"https:\/\/api.w.org\/{rel}","templated":true}]}}