{"id":88967,"date":"2025-08-17T17:45:06","date_gmt":"2025-08-17T15:45:06","guid":{"rendered":"https:\/\/now-news.de\/de\/deutschland\/protestcamp-des-buendnisses-rheinmetall-entwaffnen-wird-gerichtlich-verboten\/"},"modified":"2025-08-17T17:45:06","modified_gmt":"2025-08-17T15:45:06","slug":"protestcamp-des-buendnisses-rheinmetall-entwaffnen-wird-gerichtlich-verboten","status":"publish","type":"post","link":"https:\/\/now-news.de\/de\/deutschland\/protestcamp-des-buendnisses-rheinmetall-entwaffnen-wird-gerichtlich-verboten\/","title":{"rendered":"Protestcamp des B\u00fcndnisses &quot;Rheinmetall Entwaffnen&quot; wird gerichtlich verboten"},"content":{"rendered":"<p><img decoding=\"async\" src=\"https:\/\/now-news.de\/de\/wp-content\/uploads\/sites\/3\/2025\/08\/68a1f1d548fbef32ef5e2380.png\" \/><\/p>\n<div class=\"Text-root Text-type_1 \">\n                Das Verwaltungsgericht K\u00f6ln hat das polizeiliche Verbot gegen das Protestcamp &#8220;Rheinmetall Entwaffnen&#8221; best\u00e4tigt. Das B\u00fcndnis will sich juristisch zur Wehr setzen. Es d\u00fcrfe weder ein Verbot der Versammlungsfreiheit noch der Meinungsfreiheit geben.\n            <\/div>\n<p><\/p>\n<div class=\"Text-root Text-type_5 ArticleView-text ViewText-root \">\n<p><em>Von Felicitas Rabe<\/em><\/p>\n<p>Dieses Jahr wurde das Protestcamp &#8220;Rheinmetall Entwaffnen&#8221; vom 26. bis zum 31. August in K\u00f6ln angemeldet. Wie die Aktivisten der gleichnamigen Initiative in der vergangenen Woche auf ihrer Webseite <a rel=\"nofollow noopener\" target=\"_blank\" href=\"https:\/\/rheinmetallentwaffnen.noblogs.org\/\">mitteilten<\/a>, wurde das mehrt\u00e4gige Camp im K\u00f6lner Gr\u00fcng\u00fcrtel von der K\u00f6lner Polizei verboten. Die Verbotsverf\u00fcgung sei mit absurdesten Konstruktionen und Anschuldigungen begr\u00fcndet worden, berichtete das bundesweit bekannte B\u00fcndnis, das in den vergangenen Jahren bereits Camps in Kassel und Kiel organisiert hatte.<\/p>\n<p>Wie &#8220;Rheinmetall Entwaffnen&#8221; erkl\u00e4rte, attestierte die K\u00f6lner Polizei den Campteilnehmern &#8220;Unfriedlichkeit&#8221; und &#8220;Gewaltbereitschaft&#8221;. Zudem sehe die Polizeibeh\u00f6rde die im Aufruf genutzte Parole &#8220;Krieg dem Krieg&#8221; als Ank\u00fcndigung, der von der Regierung forcierten Aufr\u00fcstung mit &#8220;kriegerischen Mitteln&#8221; begegnen zu wollen. Stattdessen werde diese Formulierung schon seit \u00fcber hundert Jahren von der antimilitaristischen Bewegung genutzt, erkl\u00e4rten die Aktivisten. Sie sei im Ersten Weltkrieg entstanden und durch Kurt Tucholskys gleichnamiges Gedicht popul\u00e4r geworden. Das B\u00fcndnis klagt gegen das Camp-Verbot.<\/p>\n<p>Am vergangenen Freitag best\u00e4tigte das Verwaltungsgericht K\u00f6ln das Verbot des Protestcamps. Wie die <em>K\u00f6lner Rundschau<\/em> am Freitag <a rel=\"nofollow noopener\" target=\"_blank\" href=\"https:\/\/www.rundschau-online.de\/koeln\/rheinmetall-entwaffnen-protest-camp-im-koelner-gruenguertel-bleibt-verboten-1086595\">berichtete<\/a>, gef\u00e4hrde die Durchf\u00fchrung des Protestcamps mit erwartungsgem\u00e4\u00df mehreren Hundert Teilnehmern nach Ansicht der Polizei die \u00f6ffentliche Sicherheit. Dieser Auffassung sei das Verwaltungsgericht gefolgt. Angeblich sei es bei den fr\u00fcheren Camps zu rechtswidrigen Aktionen gekommen. Daher bestehe die Gefahr, dass derartige Aktionen auch in K\u00f6ln stattfinden k\u00f6nnten. Die <em>Rundschau<\/em> zitierte dazu aus dem K\u00f6lner Gerichtsbeschluss:<\/p>\n<p data-v-586984a4=\"\"><em>&#8220;Zum anderen haben die Veranstalter durch die Gestaltung ihrer Aufrufe f\u00fcr das diesj\u00e4hrige Camp deutlich gemacht, dass sie derartige &#8216;Aktionen&#8217; auch in K\u00f6ln und Umgebung zumindest billigen.&#8221;<\/em><\/p>\n<p>So seien auf der Rheinmetall-Entwaffnen-Webseite &#8220;Videos von fr\u00fcheren Blockade-Aktionen eingestellt, bei denen sie angeblich die Produktion von Unternehmen lahmgelegt haben&#8221;, wie aus der Urteilsbegr\u00fcndung hervorgeht. In Kassel h\u00e4tten sich Polizeibeamte und Campteilnehmer angeblich gegenseitig mit Baustellengegenst\u00e4nden, Pfefferspray und Schlagst\u00f6cken bek\u00e4mpft, erkl\u00e4rte eine Sprecherin der dortigen Polizei.<\/p>\n<p>Einem K\u00f6lner Gerichtssprecher zufolge sei damit &#8220;das Verbot des Camps gerechtfertigt, auch wenn es jegliche legitime Meinungsbildung und -kundgebung vollst\u00e4ndig verhindere&#8221;. Nach dem Gerichtsurteil erwartete der Autor des <em>Rundschau<\/em>-Berichts, &#8220;dass die Veranstalter vor das Oberverwaltungsgericht in M\u00fcnster ziehen werden und dort Protest einlegen werden&#8221;.<\/p>\n<p><strong>Geplante Demonstration vor Villa des Rheinmetall Chefs Armin Papperger<\/strong><\/p>\n<p>Der <em>WDR<\/em>\u00a0<a rel=\"nofollow noopener\" target=\"_blank\" href=\"https:\/\/www1.wdr.de\/nachrichten\/landespolitik\/demo-vor-privathaus-rheinmetallchef-geplant-100.html\">vermeldete<\/a> diesbez\u00fcglich am Freitag, dass das linke B\u00fcndnis &#8220;Rheinmetall entwaffnen&#8221; im Rahmen des diesj\u00e4hrigen Camps auch eine Demonstration vor dem Wohnhaus des Chefs von Rheinmetall in D\u00fcsseldorf geplant habe. Dazu ermittle derzeit der Staatsschutz.<\/p>\n<p>Die Gegner des D\u00fcsseldorfer R\u00fcstungsunternehmens Rheinmetall werfen dem Konzern vor, &#8220;Gesch\u00e4fte mit dem Krieg zu machen&#8221;. Der Aktienkurs von Rheinmetall habe sich &#8220;seit Beginn des russischen Angriffskriegs&#8221; verzehnfacht, so der <em>WDR<\/em>. Gegen\u00fcber dem Sender\u00a0habe ein Mitglied der Gruppe Rheinmetall am Freitag im Interview erkl\u00e4rt, dass 80 Teilnehmer f\u00fcr die Demo vor dem Haus von Firmenchef Armin Papperger angemeldet worden seien.<\/p>\n<p><strong>Russischer Anschlagsplan auf Rheinmetall-Chefmanager?<\/strong><\/p>\n<p>Der 62-j\u00e4hrige Papperger geh\u00f6re zu den gef\u00e4hrdetsten Managern in Deutschland. Er und seine Villa st\u00fcnden unter st\u00e4ndigem Polizeischutz. Der\u00a0<em>WDR<\/em>\u00a0erinnerte angesichts des Verbots des &#8220;Rheinmetall Entwaffnen&#8221;-Camps an einen angeblichen russischen Anschlagsplan auf den Rheinmetall-Chef: &#8220;Russland soll einen Anschlag auf ihn geplant haben&#8221;, der von den amerikanischen und deutschen Geheimdiensten verhindert worden sein soll. Die <em>Tagesschau<\/em> hatte am 12. Juli 2024 \u00fcber den Verdacht eines russischen Anschlagsplans auf den Rheinmetall-Chef wie folgt <a rel=\"nofollow noopener\" target=\"_blank\" href=\"https:\/\/www.tagesschau.de\/inland\/rheinmetall-anschlagsplan-papperger-100.html\">berichtet<\/a>:<\/p>\n<p><em>&#8220;Die <a rel=\"nofollow noopener\" target=\"_blank\" href=\"https:\/\/www.tagesschau.de\/ausland\/europa\/cnn-bericht-moeglicher-anschlagsplan-rheinmetall-100.html\">Meldung des US-Senders CNN<\/a> am Donnerstagabend klang besorgniserregend: Sollte es tats\u00e4chlich einen Anschlagsplan gegen Rheinmetall-Chef Armin Papperger gegeben haben, w\u00e4re das eine dramatische Eskalation der Aktivit\u00e4ten russischer Geheimdienste gegen Deutschland. Fest steht, dass der urspr\u00fcngliche Hinweis von US-Geheimdiensten kam \u2026 Gleichzeitig wurde die Bedrohung so ernst genommen, dass Rheinmetall informiert und der Personenschutz f\u00fcr Papperger deutlich verst\u00e4rkt wurde.&#8221;\u00a0<\/em><\/p>\n<p>Im Interview mit dem <em>WDR<\/em> erkl\u00e4rten die Aktivisten am Freitag, dass man Demonstrationen vor dem Privathaus des Managers f\u00fcr legitim halte. Der Staatsrechtler Markus Thiel widersprach dieser Haltung im\u00a0<em>WDR<\/em>: &#8220;Die Privatsph\u00e4re darf nicht eingeschr\u00e4nkt werden. Au\u00dferdem darf es zu keinen Bedrohungen und Einsch\u00fcchterungen kommen.&#8221;<\/p>\n<p><strong>B\u00fcndnis will Camp juristisch durchsetzen \u2013 Pr\u00e4zedenzfall gegen die Versammlungsfreiheit verhindern<\/strong><\/p>\n<p>&#8220;Rheinmetall Entwaffnen&#8221; will sich gegen den richterlichen Beschluss wehren. Das B\u00fcndnis sieht in dem Verbot einen gef\u00e4hrlichen Pr\u00e4zedenzfall f\u00fcr andere politische Versammlungen und einen Angriff auf die Meinungsfreiheit. In der <a rel=\"nofollow noopener\" target=\"_blank\" href=\"https:\/\/rheinmetallentwaffnen.noblogs.org\/presse\/pressemitteilungen-2025\/\">Presseerkl\u00e4rung<\/a> schreibt die Initiative:<\/p>\n<p><em>&#8220;Wir, das B\u00fcndnis &#8216;Rheinmetall Entwaffnen&#8217;, sind fest entschlossen, das Camp juristisch durchzusetzen und den Angriff auf die antimilitaristische Bewegung, die dieser Verbotsversuch darstellt, angemessen zu politisieren. Neben unserer politischen Arbeit im Campzeitraum wollen wir daher m\u00f6glichst viel \u00f6ffentliche Debatte und Aufmerksamkeit auf den Verbotsversuch und unseren Kampf dagegen schaffen, um den Druck auf die Beh\u00f6rden zu erh\u00f6hen und dem Angriff auf die Versammlungsfreiheit, der einen gef\u00e4hrlichen Pr\u00e4zedenzfall f\u00fcr andere politische Camps und Versammlungen schaffen w\u00fcrde, die angemessene \u00d6ffentlichkeit zu bieten.<\/em><\/p>\n<p><em>Daher rufen wir Kulturschaffende, \u00f6ffentliche Institutionen, politische Organisationen, Personen des \u00f6ffentlichen Lebens und alle weiteren interessierten Gruppen und Einzelpersonen auf, sich unserem Protest gegen das Verbot \u00f6ffentlich anzuschlie\u00dfen. Wir haben eine <a rel=\"nofollow noopener\" target=\"_blank\" href=\"https:\/\/www.change.org\/p\/f%C3%BCr-demokratie-und-versammlungsfreiheit-in-k%C3%B6ln-gegen-das-verbot-des-rme-camps?recruiter=1381106625&amp;recruited_by_id=3a566940-7761-11f0-b51c-bfab1269443c&amp;utm_source=share_petition&amp;utm_campaign=petition_dashboard&amp;utm_medium=copylink\">Petition<\/a> gegen das Campverbot gestartet, deren weite Verbreitung uns sehr helfen w\u00fcrde und au\u00dferdem eine Crowdfunding-Kampagne zur Finanzierung von Camp und Gerichtskosten eingerichtet, um deren Verbreitung wir ebenfalls bitten.&#8221;<\/em><\/p>\n<p><strong>Mehr zum Thema<\/strong> &#8211;\u00a0<a rel=\"nofollow noopener\" target=\"_blank\" href=\"https:\/\/dert.online\/inland\/249282-von-ddr-bis-heute-ueber\/\">Von der DDR bis heute \u2013 \u00fcber die Pflege Jahrzehnte w\u00e4hrender deutsch-russischer Freundschaften<\/a><\/p>\n<div class=\"EmbedBlock-root EmbedBlock-externalVideo EmbedBlock-rumble\">\n<div class=\"VkEmbed\"><iframe class=\"lazyload\" data-src=\"https:\/\/rumble.com\/embed\/v6vifke\" frameborder=\"0\" width=\"853\" height=\"480\" allowfullscreen><\/iframe><\/div>\n<\/div>\n<\/div>\n<p><br \/>\n<br \/><a href=\"https:\/\/de.rt.com\/inland\/253606-protestcamp-buendnisses-rheinmetall-entwaffnen-wird\/\">Source link <\/a><\/p>\n","protected":false},"excerpt":{"rendered":"<p>Das Verwaltungsgericht K\u00f6ln hat das polizeiliche Verbot gegen das Protestcamp &#8220;Rheinmetall Entwaffnen&#8221; best\u00e4tigt. Das B\u00fcndnis will sich juristisch zur Wehr setzen. Es d\u00fcrfe weder ein Verbot der Versammlungsfreiheit noch der Meinungsfreiheit geben. Von Felicitas Rabe Dieses Jahr wurde das Protestcamp &#8220;Rheinmetall Entwaffnen&#8221; vom 26. bis zum 31. August in K\u00f6ln angemeldet. Wie die Aktivisten der [&hellip;]<\/p>\n","protected":false},"author":3,"featured_media":88968,"comment_status":"open","ping_status":"open","sticky":false,"template":"","format":"standard","meta":{"_yoast_indexnow_last_ping":["1755445986"],"wp_automatic_camp":["217"],"5e425fe0a17cdad25730e200c3b51e1b":["Protestcamp des B\u00fcndnisses &quot;Rheinmetall Entwaffnen&quot; wird gerichtlich verboten"],"original_link":["https:\/\/de.rt.com\/inland\/253606-protestcamp-buendnisses-rheinmetall-entwaffnen-wird\/"],"_thumbnail_id":["88968"],"jnews_social_counter_last_update":["1777251823"],"_wptgpro_p2tg_sent2tg":["a:1:{i:23737;s:19:\"2025-08-17 17:54:08\";}"]},"categories":[19,23],"tags":[62679,583,58214,52304,28883,58213,27756,374],"yoast_head":"<!-- This site is optimized with the Yoast SEO Premium plugin v22.7 (Yoast SEO v22.7) - https:\/\/yoast.com\/wordpress\/plugins\/seo\/ -->\n<title>Protestcamp des B\u00fcndnisses &quot;Rheinmetall Entwaffnen&quot; wird gerichtlich verboten - just-now.NEWS Deutschland<\/title>\n<meta name=\"robots\" content=\"index, follow, max-snippet:-1, max-image-preview:large, max-video-preview:-1\" \/>\n<link rel=\"canonical\" href=\"https:\/\/now-news.de\/de\/deutschland\/protestcamp-des-buendnisses-rheinmetall-entwaffnen-wird-gerichtlich-verboten\/\" \/>\n<meta property=\"og:locale\" content=\"de_DE\" \/>\n<meta property=\"og:type\" content=\"article\" \/>\n<meta property=\"og:title\" content=\"Protestcamp des B\u00fcndnisses &quot;Rheinmetall Entwaffnen&quot; wird gerichtlich verboten\" \/>\n<meta property=\"og:description\" content=\"Das Verwaltungsgericht K\u00f6ln hat das polizeiliche Verbot gegen das Protestcamp &#8220;Rheinmetall Entwaffnen&#8221; best\u00e4tigt. Das B\u00fcndnis will sich juristisch zur Wehr setzen. Es d\u00fcrfe weder ein Verbot der Versammlungsfreiheit noch der Meinungsfreiheit geben. Von Felicitas Rabe Dieses Jahr wurde das Protestcamp &#8220;Rheinmetall Entwaffnen&#8221; vom 26. bis zum 31. August in K\u00f6ln angemeldet. Wie die Aktivisten der [&hellip;]\" \/>\n<meta property=\"og:url\" content=\"https:\/\/now-news.de\/de\/deutschland\/protestcamp-des-buendnisses-rheinmetall-entwaffnen-wird-gerichtlich-verboten\/\" \/>\n<meta property=\"og:site_name\" content=\"just-now.NEWS Deutschland\" \/>\n<meta property=\"article:publisher\" content=\"https:\/\/www.facebook.com\/wirmachenauf\" \/>\n<meta property=\"article:published_time\" content=\"2025-08-17T15:45:06+00:00\" \/>\n<meta property=\"og:image\" content=\"https:\/\/now-news.de\/de\/wp-content\/uploads\/sites\/3\/2025\/08\/68a1f1d548fbef32ef5e2380.png\" \/>\n<meta name=\"author\" content=\"rtnews\" \/>\n<meta name=\"twitter:card\" content=\"summary_large_image\" \/>\n<meta name=\"twitter:creator\" content=\"@WirMachenAuf_de\" \/>\n<meta name=\"twitter:site\" content=\"@WirMachenAuf_de\" \/>\n<meta name=\"twitter:label1\" content=\"Verfasst von\" \/>\n\t<meta name=\"twitter:data1\" content=\"rtnews\" \/>\n\t<meta name=\"twitter:label2\" content=\"Gesch\u00e4tzte Lesezeit\" \/>\n\t<meta name=\"twitter:data2\" content=\"5\u00a0Minuten\" \/>\n<script type=\"application\/ld+json\" class=\"yoast-schema-graph\">{\"@context\":\"https:\/\/schema.org\",\"@graph\":[{\"@type\":\"Article\",\"@id\":\"https:\/\/now-news.de\/de\/deutschland\/protestcamp-des-buendnisses-rheinmetall-entwaffnen-wird-gerichtlich-verboten\/#article\",\"isPartOf\":{\"@id\":\"https:\/\/now-news.de\/de\/deutschland\/protestcamp-des-buendnisses-rheinmetall-entwaffnen-wird-gerichtlich-verboten\/\"},\"author\":{\"name\":\"rtnews\",\"@id\":\"https:\/\/now-news.de\/de\/#\/schema\/person\/fb534a4e865501d8b3285208df34a9b5\"},\"headline\":\"Protestcamp des B\u00fcndnisses &quot;Rheinmetall Entwaffnen&quot; wird gerichtlich verboten\",\"datePublished\":\"2025-08-17T15:45:06+00:00\",\"dateModified\":\"2025-08-17T15:45:06+00:00\",\"mainEntityOfPage\":{\"@id\":\"https:\/\/now-news.de\/de\/deutschland\/protestcamp-des-buendnisses-rheinmetall-entwaffnen-wird-gerichtlich-verboten\/\"},\"wordCount\":955,\"commentCount\":0,\"publisher\":{\"@id\":\"https:\/\/now-news.de\/de\/#organization\"},\"image\":{\"@id\":\"https:\/\/now-news.de\/de\/deutschland\/protestcamp-des-buendnisses-rheinmetall-entwaffnen-wird-gerichtlich-verboten\/#primaryimage\"},\"thumbnailUrl\":\"https:\/\/now-news.de\/de\/wp-content\/uploads\/sites\/3\/2025\/08\/Protestcamp-des-Buendnisses-quotRheinmetall-Entwaffnenquot-wird-gerichtlich-verboten.png\",\"keywords\":[\"B\u00fcndnisses\",\"des\",\"entwaffnenquot\",\"gerichtlich\",\"Protestcamp\",\"quotRheinmetall\",\"verboten\",\"wird\"],\"articleSection\":[\"Deutschland\",\"Russland\"],\"inLanguage\":\"de\",\"potentialAction\":[{\"@type\":\"CommentAction\",\"name\":\"Comment\",\"target\":[\"https:\/\/now-news.de\/de\/deutschland\/protestcamp-des-buendnisses-rheinmetall-entwaffnen-wird-gerichtlich-verboten\/#respond\"]}]},{\"@type\":\"WebPage\",\"@id\":\"https:\/\/now-news.de\/de\/deutschland\/protestcamp-des-buendnisses-rheinmetall-entwaffnen-wird-gerichtlich-verboten\/\",\"url\":\"https:\/\/now-news.de\/de\/deutschland\/protestcamp-des-buendnisses-rheinmetall-entwaffnen-wird-gerichtlich-verboten\/\",\"name\":\"Protestcamp des B\u00fcndnisses &quot;Rheinmetall Entwaffnen&quot; wird gerichtlich verboten - just-now.NEWS Deutschland\",\"isPartOf\":{\"@id\":\"https:\/\/now-news.de\/de\/#website\"},\"primaryImageOfPage\":{\"@id\":\"https:\/\/now-news.de\/de\/deutschland\/protestcamp-des-buendnisses-rheinmetall-entwaffnen-wird-gerichtlich-verboten\/#primaryimage\"},\"image\":{\"@id\":\"https:\/\/now-news.de\/de\/deutschland\/protestcamp-des-buendnisses-rheinmetall-entwaffnen-wird-gerichtlich-verboten\/#primaryimage\"},\"thumbnailUrl\":\"https:\/\/now-news.de\/de\/wp-content\/uploads\/sites\/3\/2025\/08\/Protestcamp-des-Buendnisses-quotRheinmetall-Entwaffnenquot-wird-gerichtlich-verboten.png\",\"datePublished\":\"2025-08-17T15:45:06+00:00\",\"dateModified\":\"2025-08-17T15:45:06+00:00\",\"breadcrumb\":{\"@id\":\"https:\/\/now-news.de\/de\/deutschland\/protestcamp-des-buendnisses-rheinmetall-entwaffnen-wird-gerichtlich-verboten\/#breadcrumb\"},\"inLanguage\":\"de\",\"potentialAction\":[{\"@type\":\"ReadAction\",\"target\":[\"https:\/\/now-news.de\/de\/deutschland\/protestcamp-des-buendnisses-rheinmetall-entwaffnen-wird-gerichtlich-verboten\/\"]}]},{\"@type\":\"ImageObject\",\"inLanguage\":\"de\",\"@id\":\"https:\/\/now-news.de\/de\/deutschland\/protestcamp-des-buendnisses-rheinmetall-entwaffnen-wird-gerichtlich-verboten\/#primaryimage\",\"url\":\"https:\/\/now-news.de\/de\/wp-content\/uploads\/sites\/3\/2025\/08\/Protestcamp-des-Buendnisses-quotRheinmetall-Entwaffnenquot-wird-gerichtlich-verboten.png\",\"contentUrl\":\"https:\/\/now-news.de\/de\/wp-content\/uploads\/sites\/3\/2025\/08\/Protestcamp-des-Buendnisses-quotRheinmetall-Entwaffnenquot-wird-gerichtlich-verboten.png\",\"width\":460,\"height\":259,\"caption\":\"Protestcamp des B\u00fcndnisses &quot;Rheinmetall Entwaffnen&quot; wird gerichtlich verboten\"},{\"@type\":\"BreadcrumbList\",\"@id\":\"https:\/\/now-news.de\/de\/deutschland\/protestcamp-des-buendnisses-rheinmetall-entwaffnen-wird-gerichtlich-verboten\/#breadcrumb\",\"itemListElement\":[{\"@type\":\"ListItem\",\"position\":1,\"name\":\"Home\",\"item\":\"https:\/\/now-news.de\/de\/\"},{\"@type\":\"ListItem\",\"position\":2,\"name\":\"Protestcamp des B\u00fcndnisses &quot;Rheinmetall Entwaffnen&quot; wird gerichtlich verboten\"}]},{\"@type\":\"WebSite\",\"@id\":\"https:\/\/now-news.de\/de\/#website\",\"url\":\"https:\/\/now-news.de\/de\/\",\"name\":\"just-now.NEWS Deutschland\",\"description\":\"Das Portal f\u00fcr unzensierte Nachrichten aus der Welt\",\"publisher\":{\"@id\":\"https:\/\/now-news.de\/de\/#organization\"},\"potentialAction\":[{\"@type\":\"SearchAction\",\"target\":{\"@type\":\"EntryPoint\",\"urlTemplate\":\"https:\/\/now-news.de\/de\/?s={search_term_string}\"},\"query-input\":\"required name=search_term_string\"}],\"inLanguage\":\"de\"},{\"@type\":\"Organization\",\"@id\":\"https:\/\/now-news.de\/de\/#organization\",\"name\":\"Just Now News\",\"url\":\"https:\/\/now-news.de\/de\/\",\"logo\":{\"@type\":\"ImageObject\",\"inLanguage\":\"de\",\"@id\":\"https:\/\/now-news.de\/de\/#\/schema\/logo\/image\/\",\"url\":\"http:\/\/just-now.news\/de\/wp-content\/uploads\/sites\/3\/2022\/04\/logo500x500.jpg\",\"contentUrl\":\"http:\/\/just-now.news\/de\/wp-content\/uploads\/sites\/3\/2022\/04\/logo500x500.jpg\",\"width\":500,\"height\":500,\"caption\":\"Just Now News\"},\"image\":{\"@id\":\"https:\/\/now-news.de\/de\/#\/schema\/logo\/image\/\"},\"sameAs\":[\"https:\/\/www.facebook.com\/wirmachenauf\",\"https:\/\/x.com\/WirMachenAuf_de\"]},{\"@type\":\"Person\",\"@id\":\"https:\/\/now-news.de\/de\/#\/schema\/person\/fb534a4e865501d8b3285208df34a9b5\",\"name\":\"rtnews\",\"image\":{\"@type\":\"ImageObject\",\"inLanguage\":\"de\",\"@id\":\"https:\/\/now-news.de\/de\/#\/schema\/person\/image\/\",\"url\":\"https:\/\/secure.gravatar.com\/avatar\/82aafea7d8127119dd649515f56e2117?s=96&d=mm&r=g\",\"contentUrl\":\"https:\/\/secure.gravatar.com\/avatar\/82aafea7d8127119dd649515f56e2117?s=96&d=mm&r=g\",\"caption\":\"rtnews\"},\"url\":\"https:\/\/now-news.de\/de\/author\/rnews\/\"}]}<\/script>\n<!-- \/ Yoast SEO Premium plugin. -->","yoast_head_json":{"title":"Protestcamp des B\u00fcndnisses &quot;Rheinmetall Entwaffnen&quot; wird gerichtlich verboten - just-now.NEWS Deutschland","robots":{"index":"index","follow":"follow","max-snippet":"max-snippet:-1","max-image-preview":"max-image-preview:large","max-video-preview":"max-video-preview:-1"},"canonical":"https:\/\/now-news.de\/de\/deutschland\/protestcamp-des-buendnisses-rheinmetall-entwaffnen-wird-gerichtlich-verboten\/","og_locale":"de_DE","og_type":"article","og_title":"Protestcamp des B\u00fcndnisses &quot;Rheinmetall Entwaffnen&quot; wird gerichtlich verboten","og_description":"Das Verwaltungsgericht K\u00f6ln hat das polizeiliche Verbot gegen das Protestcamp &#8220;Rheinmetall Entwaffnen&#8221; best\u00e4tigt. Das B\u00fcndnis will sich juristisch zur Wehr setzen. Es d\u00fcrfe weder ein Verbot der Versammlungsfreiheit noch der Meinungsfreiheit geben. Von Felicitas Rabe Dieses Jahr wurde das Protestcamp &#8220;Rheinmetall Entwaffnen&#8221; vom 26. bis zum 31. August in K\u00f6ln angemeldet. Wie die Aktivisten der [&hellip;]","og_url":"https:\/\/now-news.de\/de\/deutschland\/protestcamp-des-buendnisses-rheinmetall-entwaffnen-wird-gerichtlich-verboten\/","og_site_name":"just-now.NEWS Deutschland","article_publisher":"https:\/\/www.facebook.com\/wirmachenauf","article_published_time":"2025-08-17T15:45:06+00:00","og_image":[{"url":"https:\/\/now-news.de\/de\/wp-content\/uploads\/sites\/3\/2025\/08\/68a1f1d548fbef32ef5e2380.png"}],"author":"rtnews","twitter_card":"summary_large_image","twitter_creator":"@WirMachenAuf_de","twitter_site":"@WirMachenAuf_de","twitter_misc":{"Verfasst von":"rtnews","Gesch\u00e4tzte Lesezeit":"5\u00a0Minuten"},"schema":{"@context":"https:\/\/schema.org","@graph":[{"@type":"Article","@id":"https:\/\/now-news.de\/de\/deutschland\/protestcamp-des-buendnisses-rheinmetall-entwaffnen-wird-gerichtlich-verboten\/#article","isPartOf":{"@id":"https:\/\/now-news.de\/de\/deutschland\/protestcamp-des-buendnisses-rheinmetall-entwaffnen-wird-gerichtlich-verboten\/"},"author":{"name":"rtnews","@id":"https:\/\/now-news.de\/de\/#\/schema\/person\/fb534a4e865501d8b3285208df34a9b5"},"headline":"Protestcamp des B\u00fcndnisses &quot;Rheinmetall Entwaffnen&quot; wird gerichtlich verboten","datePublished":"2025-08-17T15:45:06+00:00","dateModified":"2025-08-17T15:45:06+00:00","mainEntityOfPage":{"@id":"https:\/\/now-news.de\/de\/deutschland\/protestcamp-des-buendnisses-rheinmetall-entwaffnen-wird-gerichtlich-verboten\/"},"wordCount":955,"commentCount":0,"publisher":{"@id":"https:\/\/now-news.de\/de\/#organization"},"image":{"@id":"https:\/\/now-news.de\/de\/deutschland\/protestcamp-des-buendnisses-rheinmetall-entwaffnen-wird-gerichtlich-verboten\/#primaryimage"},"thumbnailUrl":"https:\/\/now-news.de\/de\/wp-content\/uploads\/sites\/3\/2025\/08\/Protestcamp-des-Buendnisses-quotRheinmetall-Entwaffnenquot-wird-gerichtlich-verboten.png","keywords":["B\u00fcndnisses","des","entwaffnenquot","gerichtlich","Protestcamp","quotRheinmetall","verboten","wird"],"articleSection":["Deutschland","Russland"],"inLanguage":"de","potentialAction":[{"@type":"CommentAction","name":"Comment","target":["https:\/\/now-news.de\/de\/deutschland\/protestcamp-des-buendnisses-rheinmetall-entwaffnen-wird-gerichtlich-verboten\/#respond"]}]},{"@type":"WebPage","@id":"https:\/\/now-news.de\/de\/deutschland\/protestcamp-des-buendnisses-rheinmetall-entwaffnen-wird-gerichtlich-verboten\/","url":"https:\/\/now-news.de\/de\/deutschland\/protestcamp-des-buendnisses-rheinmetall-entwaffnen-wird-gerichtlich-verboten\/","name":"Protestcamp des B\u00fcndnisses &quot;Rheinmetall Entwaffnen&quot; wird gerichtlich verboten - just-now.NEWS Deutschland","isPartOf":{"@id":"https:\/\/now-news.de\/de\/#website"},"primaryImageOfPage":{"@id":"https:\/\/now-news.de\/de\/deutschland\/protestcamp-des-buendnisses-rheinmetall-entwaffnen-wird-gerichtlich-verboten\/#primaryimage"},"image":{"@id":"https:\/\/now-news.de\/de\/deutschland\/protestcamp-des-buendnisses-rheinmetall-entwaffnen-wird-gerichtlich-verboten\/#primaryimage"},"thumbnailUrl":"https:\/\/now-news.de\/de\/wp-content\/uploads\/sites\/3\/2025\/08\/Protestcamp-des-Buendnisses-quotRheinmetall-Entwaffnenquot-wird-gerichtlich-verboten.png","datePublished":"2025-08-17T15:45:06+00:00","dateModified":"2025-08-17T15:45:06+00:00","breadcrumb":{"@id":"https:\/\/now-news.de\/de\/deutschland\/protestcamp-des-buendnisses-rheinmetall-entwaffnen-wird-gerichtlich-verboten\/#breadcrumb"},"inLanguage":"de","potentialAction":[{"@type":"ReadAction","target":["https:\/\/now-news.de\/de\/deutschland\/protestcamp-des-buendnisses-rheinmetall-entwaffnen-wird-gerichtlich-verboten\/"]}]},{"@type":"ImageObject","inLanguage":"de","@id":"https:\/\/now-news.de\/de\/deutschland\/protestcamp-des-buendnisses-rheinmetall-entwaffnen-wird-gerichtlich-verboten\/#primaryimage","url":"https:\/\/now-news.de\/de\/wp-content\/uploads\/sites\/3\/2025\/08\/Protestcamp-des-Buendnisses-quotRheinmetall-Entwaffnenquot-wird-gerichtlich-verboten.png","contentUrl":"https:\/\/now-news.de\/de\/wp-content\/uploads\/sites\/3\/2025\/08\/Protestcamp-des-Buendnisses-quotRheinmetall-Entwaffnenquot-wird-gerichtlich-verboten.png","width":460,"height":259,"caption":"Protestcamp des B\u00fcndnisses &quot;Rheinmetall Entwaffnen&quot; wird gerichtlich verboten"},{"@type":"BreadcrumbList","@id":"https:\/\/now-news.de\/de\/deutschland\/protestcamp-des-buendnisses-rheinmetall-entwaffnen-wird-gerichtlich-verboten\/#breadcrumb","itemListElement":[{"@type":"ListItem","position":1,"name":"Home","item":"https:\/\/now-news.de\/de\/"},{"@type":"ListItem","position":2,"name":"Protestcamp des B\u00fcndnisses &quot;Rheinmetall Entwaffnen&quot; wird gerichtlich verboten"}]},{"@type":"WebSite","@id":"https:\/\/now-news.de\/de\/#website","url":"https:\/\/now-news.de\/de\/","name":"just-now.NEWS Deutschland","description":"Das Portal f\u00fcr unzensierte Nachrichten aus der Welt","publisher":{"@id":"https:\/\/now-news.de\/de\/#organization"},"potentialAction":[{"@type":"SearchAction","target":{"@type":"EntryPoint","urlTemplate":"https:\/\/now-news.de\/de\/?s={search_term_string}"},"query-input":"required name=search_term_string"}],"inLanguage":"de"},{"@type":"Organization","@id":"https:\/\/now-news.de\/de\/#organization","name":"Just Now News","url":"https:\/\/now-news.de\/de\/","logo":{"@type":"ImageObject","inLanguage":"de","@id":"https:\/\/now-news.de\/de\/#\/schema\/logo\/image\/","url":"http:\/\/just-now.news\/de\/wp-content\/uploads\/sites\/3\/2022\/04\/logo500x500.jpg","contentUrl":"http:\/\/just-now.news\/de\/wp-content\/uploads\/sites\/3\/2022\/04\/logo500x500.jpg","width":500,"height":500,"caption":"Just Now News"},"image":{"@id":"https:\/\/now-news.de\/de\/#\/schema\/logo\/image\/"},"sameAs":["https:\/\/www.facebook.com\/wirmachenauf","https:\/\/x.com\/WirMachenAuf_de"]},{"@type":"Person","@id":"https:\/\/now-news.de\/de\/#\/schema\/person\/fb534a4e865501d8b3285208df34a9b5","name":"rtnews","image":{"@type":"ImageObject","inLanguage":"de","@id":"https:\/\/now-news.de\/de\/#\/schema\/person\/image\/","url":"https:\/\/secure.gravatar.com\/avatar\/82aafea7d8127119dd649515f56e2117?s=96&d=mm&r=g","contentUrl":"https:\/\/secure.gravatar.com\/avatar\/82aafea7d8127119dd649515f56e2117?s=96&d=mm&r=g","caption":"rtnews"},"url":"https:\/\/now-news.de\/de\/author\/rnews\/"}]}},"_links":{"self":[{"href":"https:\/\/now-news.de\/de\/wp-json\/wp\/v2\/posts\/88967"}],"collection":[{"href":"https:\/\/now-news.de\/de\/wp-json\/wp\/v2\/posts"}],"about":[{"href":"https:\/\/now-news.de\/de\/wp-json\/wp\/v2\/types\/post"}],"author":[{"embeddable":true,"href":"https:\/\/now-news.de\/de\/wp-json\/wp\/v2\/users\/3"}],"replies":[{"embeddable":true,"href":"https:\/\/now-news.de\/de\/wp-json\/wp\/v2\/comments?post=88967"}],"version-history":[{"count":0,"href":"https:\/\/now-news.de\/de\/wp-json\/wp\/v2\/posts\/88967\/revisions"}],"wp:featuredmedia":[{"embeddable":true,"href":"https:\/\/now-news.de\/de\/wp-json\/wp\/v2\/media\/88968"}],"wp:attachment":[{"href":"https:\/\/now-news.de\/de\/wp-json\/wp\/v2\/media?parent=88967"}],"wp:term":[{"taxonomy":"category","embeddable":true,"href":"https:\/\/now-news.de\/de\/wp-json\/wp\/v2\/categories?post=88967"},{"taxonomy":"post_tag","embeddable":true,"href":"https:\/\/now-news.de\/de\/wp-json\/wp\/v2\/tags?post=88967"}],"curies":[{"name":"wp","href":"https:\/\/api.w.org\/{rel}","templated":true}]}}