{"id":88929,"date":"2025-08-16T16:49:26","date_gmt":"2025-08-16T14:49:26","guid":{"rendered":"https:\/\/now-news.de\/de\/deutschland\/ich-denke-putin-will-den-krieg-beenden-trump-im-interview\/"},"modified":"2025-08-16T16:49:26","modified_gmt":"2025-08-16T14:49:26","slug":"ich-denke-putin-will-den-krieg-beenden-trump-im-interview","status":"publish","type":"post","link":"https:\/\/now-news.de\/de\/deutschland\/ich-denke-putin-will-den-krieg-beenden-trump-im-interview\/","title":{"rendered":"&quot;Ich denke, Putin will den Krieg beenden&quot;\u00a0\u2013 Trump im Interview"},"content":{"rendered":"<p><img decoding=\"async\" src=\"https:\/\/now-news.de\/de\/wp-content\/uploads\/sites\/3\/2025\/08\/68a0853e48fbef3b017f367e.jpg\" \/><\/p>\n<div class=\"Text-root Text-type_1 \">\n                Unmittelbar im Anschluss an das Gespr\u00e4ch mit Putin hat Trump Fox News ein Interview gegeben. Er ist \u00fcberzeugt, Putin will Frieden, und will dem russischen Pr\u00e4sidenten eine T\u00fcr zum Frieden \u00f6ffnen. Zudem strebt er eine Kooperation mit Russland an \u2013 auch aus wirtschaftlichen Interessen.\n            <\/div>\n<p><\/p>\n<div class=\"Text-root Text-type_5 ArticleView-text ViewText-root \">\n<p>Unmittelbar nach dem Treffen mit Wladimir Putin hat Donald Trump dem <em>Fox News<\/em>-Moderator Sean Hannity ein <a rel=\"nofollow noopener\" target=\"_blank\" href=\"https:\/\/www.foxnews.com\/video\/6376972615112\">Interview<\/a> gegeben. Das Interview ist insofern bemerkenswert, als es Trumps aufrichtiges Bem\u00fchen um Frieden glaubhaft vermittelt.\u00a0<\/p>\n<p>Trump bedauert, dass es zwischen den USA und Russland in den letzten Jahren keine Kooperation gegeben hat. Daf\u00fcr verantwortlich macht er die &#8220;Russia-russia-russia-hawks&#8221;. Gemeint sind damit vermutlich \u00fcberwiegend Mitglieder der demokratischen Partei, die sich antirussischer und rassistischer Klischees bedienen. Allerdings gibt es auch in den Reihen der Republikaner Vertreter, bei denen abwertende Mythen \u00fcber Russland und Russen verbreitet sind.<\/p>\n<div class=\"EmbedBlock-root EmbedBlock-externalVideo EmbedBlock-rumble\">\n<div class=\"VkEmbed\"><iframe class=\"lazyload\" data-src=\"https:\/\/rumble.com\/embed\/v6vgtu4\" frameborder=\"0\" width=\"853\" height=\"480\" allowfullscreen><\/iframe><\/div>\n<\/div>\n<p>Trump erw\u00e4hnt in diesem Zusammenhang die Wahl von 2020. Sowohl Trump als auch Putin gehen davon aus, dass es damals zu einem Wahlbetrug im gro\u00dfen Stil gekommen ist. Putin macht daf\u00fcr den Umstand verantwortlich, dass es in den USA die M\u00f6glichkeit der Briefwahl gibt\u00a0\u2013 wie in Deutschland auch. Putin hat in der gemeinsamen Pressekonferenz zudem Trumps Aussagen best\u00e4tigt, dass es zum Ukraine-Krieg sicher nicht gekommen w\u00e4re, wenn Trump damals ins Wei\u00dfe Haus eingezogen w\u00e4re.<\/p>\n<p>Trump schw\u00e4rmte von Russland als einem gro\u00dfartigen Land, macht aber deutlich, dass seine Interessen vor allem wirtschaftlicher Natur sind. Besonders den Reichtum des Landes an Bodensch\u00e4tzen hob er hervor. Im Laufe des Interviews wird deutlich, warum: Trump will die Energieproduktion der USA massiv ausbauen.<\/p>\n<p>Nach dem gemeinsamen Gespr\u00e4ch mit Putin zeigte sich Trump davon \u00fcberzeugt, dass Putin Frieden will. Es gebe zwar noch keinen Deal, aber gro\u00dfe Fortschritte. &#8220;Ich denke, er will es beenden&#8221;, sagte Trump. Auf die Frage, was einen Abschluss der Verhandlungen noch verhindere, antwortet er nicht. Allerdings unterstrich er, die Ukraine m\u00fcsse mit ins Boot geholt werden. Er erf\u00fcllt damit eine Forderung der Westeurop\u00e4er, die im Vorfeld des Gipfels betont haben, es d\u00fcrfe keine Entscheidung \u00fcber die Ukraine hinweg gef\u00e4llt werden. &#8220;Pr\u00e4sident Selenskij muss zustimmen&#8221;, stellte Trump klar.\u00a0<\/p>\n<p>Trump betonte zudem die Bedeutung der pers\u00f6nlichen Begegnung mit Putin. Der Gipfel sei schon deshalb wichtig gewesen, weil die Unmittelbarkeit des direkten Gespr\u00e4chs nicht durch ein Telefonat oder eine Videokonferenz ersetzt werden k\u00f6nnte.<\/p>\n<p><em>&#8220;Wir waren fast drei Stunden zusammen. Es war sehr intensiv und wir stimmen in vielen Punkten \u00fcberein. Es gibt nur noch ein oder zwei Dinge, die allerdings von gro\u00dfer Bedeutung sind, bei denen sich aber eine Verst\u00e4ndigung erreichen l\u00e4sst. Jetzt liegt es vor allem an Pr\u00e4sident Selenskij. Er muss zu einem Abschluss kommen. Auch die europ\u00e4ischen Nationen m\u00fcssen ein bisschen beteiligt werden.&#8221;<\/em><\/p>\n<p>Insgesamt bewertet Trump die Voraussetzungen daf\u00fcr, dass der Krieg beendet werden kann, als gut.\u00a0<\/p>\n<p>Die Frage nach seiner Einsch\u00e4tzung der Qualit\u00e4t des Gespr\u00e4chs auf einer Skala von 1 bis 10 antwortete Trump, &#8220;das Treffen war eine 10 in dem Sinne, dass wir uns gut verstanden haben. Es ist gut, wenn sich Weltm\u00e4chte verstehen, vor allem wenn es sich um Atomm\u00e4chte handelt.&#8221; Trump deutete mit seinem Statement an, dass mit dem Gipfel das Risiko, dass sich der Ukraine-Konflikt zu einem Atomkrieg ausweiten k\u00f6nnte, gesunken ist.<\/p>\n<p>Bemerkenswert ist Trumps Antwort auf Hannitys Frage, was Putin letztlich an den Verhandlungstisch gezwungen habe. Trump hatte im Vorfeld mit Sekund\u00e4rsanktionen gegen L\u00e4nder gedroht, die weiterhin mit Russland Gesch\u00e4fte machen. Dem US-Pr\u00e4sidenten zufolge habe Putin nichts gezwungen. Putin habe aber erkannt, dass es mit Trump diesen Krieg nicht geben w\u00fcrde. Von weiteren Sanktionen will Trump vorl\u00e4ufig absehen. Er vertraut auf seine F\u00e4higkeit, Kriege zu beenden und die Konfliktparteien an den Verhandlungstisch zu bringen.<\/p>\n<p>Interessant sind Trumps Pl\u00e4ne im Bereich der Energie- und Stromerzeugung. Trump glaubt, aufgrund der rasanten Entwicklung im Bereich der k\u00fcnstlichen Intelligenz w\u00fcrde sich wegen der erforderlichen Rechenleistung der Energiebedarf der USA verdoppeln. Dieser Bedarf m\u00fcsse gedeckt werden, um wettbewerbsf\u00e4hig zu bleiben. Dieses Thema wurde in Deutschland und der EU bisher noch nicht einmal auf die Agenda gesetzt.<\/p>\n<p><strong>Mehr zum Thema<\/strong>\u00a0\u2013 <a rel=\"nofollow noopener\" target=\"_blank\" href=\"https:\/\/freedert.online\/inland\/253505-gipfeltreffen-in-alaska-die-deutsche-presse-senkt-den-daumen\/\">Gipfeltreffen in Alaska: Die deutsche Presse senkt den Daumen<\/a><\/p>\n<div class=\"EmbedBlock-root EmbedBlock-externalVideo EmbedBlock-rumble\">\n<div class=\"VkEmbed\"><iframe class=\"lazyload\" data-src=\"https:\/\/rumble.com\/embed\/v6vg7oq\" frameborder=\"0\" width=\"853\" height=\"480\" allowfullscreen><\/iframe><\/div>\n<\/div>\n<\/div>\n<p><br \/>\n<br \/><a href=\"https:\/\/de.rt.com\/nordamerika\/253525-ich-denke-putin-will-krieg\/\">Source link <\/a><\/p>\n","protected":false},"excerpt":{"rendered":"<p>Unmittelbar im Anschluss an das Gespr\u00e4ch mit Putin hat Trump Fox News ein Interview gegeben. Er ist \u00fcberzeugt, Putin will Frieden, und will dem russischen Pr\u00e4sidenten eine T\u00fcr zum Frieden \u00f6ffnen. Zudem strebt er eine Kooperation mit Russland an \u2013 auch aus wirtschaftlichen Interessen. Unmittelbar nach dem Treffen mit Wladimir Putin hat Donald Trump dem [&hellip;]<\/p>\n","protected":false},"author":3,"featured_media":88930,"comment_status":"open","ping_status":"open","sticky":false,"template":"","format":"standard","meta":{"_yoast_indexnow_last_ping":["1755357414"],"wp_automatic_camp":["217"],"bbe67ae8d7e7dafe8aa33bff0bd3b3ca":["&quot;Ich denke, Putin will den Krieg beenden&quot;\u00a0\u2013 Trump im Interview"],"original_link":["https:\/\/de.rt.com\/nordamerika\/253525-ich-denke-putin-will-krieg\/"],"_thumbnail_id":["88930"],"jnews_social_counter_last_update":["1777437075"],"_wptgpro_p2tg_sent2tg":["a:1:{i:23737;s:19:\"2025-08-16 17:18:02\";}"]},"categories":[19,23],"tags":[37501,48,12047,122,130,125,7155,1639],"yoast_head":"<!-- This site is optimized with the Yoast SEO Premium plugin v22.7 (Yoast SEO v22.7) - https:\/\/yoast.com\/wordpress\/plugins\/seo\/ -->\n<title>&quot;Ich denke, Putin will den Krieg beenden&quot;\u00a0\u2013 Trump im Interview - just-now.NEWS Deutschland<\/title>\n<meta name=\"robots\" content=\"index, follow, max-snippet:-1, max-image-preview:large, max-video-preview:-1\" \/>\n<link rel=\"canonical\" href=\"https:\/\/now-news.de\/de\/deutschland\/ich-denke-putin-will-den-krieg-beenden-trump-im-interview\/\" \/>\n<meta property=\"og:locale\" content=\"de_DE\" \/>\n<meta property=\"og:type\" content=\"article\" \/>\n<meta property=\"og:title\" content=\"&quot;Ich denke, Putin will den Krieg beenden&quot;\u00a0\u2013 Trump im Interview\" \/>\n<meta property=\"og:description\" content=\"Unmittelbar im Anschluss an das Gespr\u00e4ch mit Putin hat Trump Fox News ein Interview gegeben. Er ist \u00fcberzeugt, Putin will Frieden, und will dem russischen Pr\u00e4sidenten eine T\u00fcr zum Frieden \u00f6ffnen. Zudem strebt er eine Kooperation mit Russland an \u2013 auch aus wirtschaftlichen Interessen. Unmittelbar nach dem Treffen mit Wladimir Putin hat Donald Trump dem [&hellip;]\" \/>\n<meta property=\"og:url\" content=\"https:\/\/now-news.de\/de\/deutschland\/ich-denke-putin-will-den-krieg-beenden-trump-im-interview\/\" \/>\n<meta property=\"og:site_name\" content=\"just-now.NEWS Deutschland\" \/>\n<meta property=\"article:publisher\" content=\"https:\/\/www.facebook.com\/wirmachenauf\" \/>\n<meta property=\"article:published_time\" content=\"2025-08-16T14:49:26+00:00\" \/>\n<meta property=\"og:image\" content=\"https:\/\/now-news.de\/de\/wp-content\/uploads\/sites\/3\/2025\/08\/68a0853e48fbef3b017f367e.jpg\" \/>\n<meta name=\"author\" content=\"rtnews\" \/>\n<meta name=\"twitter:card\" content=\"summary_large_image\" \/>\n<meta name=\"twitter:creator\" content=\"@WirMachenAuf_de\" \/>\n<meta name=\"twitter:site\" content=\"@WirMachenAuf_de\" \/>\n<meta name=\"twitter:label1\" content=\"Verfasst von\" \/>\n\t<meta name=\"twitter:data1\" content=\"rtnews\" \/>\n\t<meta name=\"twitter:label2\" content=\"Gesch\u00e4tzte Lesezeit\" \/>\n\t<meta name=\"twitter:data2\" content=\"4\u00a0Minuten\" \/>\n<script type=\"application\/ld+json\" class=\"yoast-schema-graph\">{\"@context\":\"https:\/\/schema.org\",\"@graph\":[{\"@type\":\"Article\",\"@id\":\"https:\/\/now-news.de\/de\/deutschland\/ich-denke-putin-will-den-krieg-beenden-trump-im-interview\/#article\",\"isPartOf\":{\"@id\":\"https:\/\/now-news.de\/de\/deutschland\/ich-denke-putin-will-den-krieg-beenden-trump-im-interview\/\"},\"author\":{\"name\":\"rtnews\",\"@id\":\"https:\/\/now-news.de\/de\/#\/schema\/person\/fb534a4e865501d8b3285208df34a9b5\"},\"headline\":\"&quot;Ich denke, Putin will den Krieg beenden&quot;\u00a0\u2013 Trump im Interview\",\"datePublished\":\"2025-08-16T14:49:26+00:00\",\"dateModified\":\"2025-08-16T14:49:26+00:00\",\"mainEntityOfPage\":{\"@id\":\"https:\/\/now-news.de\/de\/deutschland\/ich-denke-putin-will-den-krieg-beenden-trump-im-interview\/\"},\"wordCount\":723,\"commentCount\":0,\"publisher\":{\"@id\":\"https:\/\/now-news.de\/de\/#organization\"},\"image\":{\"@id\":\"https:\/\/now-news.de\/de\/deutschland\/ich-denke-putin-will-den-krieg-beenden-trump-im-interview\/#primaryimage\"},\"thumbnailUrl\":\"https:\/\/now-news.de\/de\/wp-content\/uploads\/sites\/3\/2025\/08\/quotIch-denke-Putin-will-den-Krieg-beendenquot-\u2013-Trump-im-Interview.jpg\",\"keywords\":[\"beendenquot\",\"den\",\"denke\",\"interview\",\"krieg\",\"putin\",\"quotIch\",\"trump\"],\"articleSection\":[\"Deutschland\",\"Russland\"],\"inLanguage\":\"de\",\"potentialAction\":[{\"@type\":\"CommentAction\",\"name\":\"Comment\",\"target\":[\"https:\/\/now-news.de\/de\/deutschland\/ich-denke-putin-will-den-krieg-beenden-trump-im-interview\/#respond\"]}]},{\"@type\":\"WebPage\",\"@id\":\"https:\/\/now-news.de\/de\/deutschland\/ich-denke-putin-will-den-krieg-beenden-trump-im-interview\/\",\"url\":\"https:\/\/now-news.de\/de\/deutschland\/ich-denke-putin-will-den-krieg-beenden-trump-im-interview\/\",\"name\":\"&quot;Ich denke, Putin will den Krieg beenden&quot;\u00a0\u2013 Trump im Interview - just-now.NEWS Deutschland\",\"isPartOf\":{\"@id\":\"https:\/\/now-news.de\/de\/#website\"},\"primaryImageOfPage\":{\"@id\":\"https:\/\/now-news.de\/de\/deutschland\/ich-denke-putin-will-den-krieg-beenden-trump-im-interview\/#primaryimage\"},\"image\":{\"@id\":\"https:\/\/now-news.de\/de\/deutschland\/ich-denke-putin-will-den-krieg-beenden-trump-im-interview\/#primaryimage\"},\"thumbnailUrl\":\"https:\/\/now-news.de\/de\/wp-content\/uploads\/sites\/3\/2025\/08\/quotIch-denke-Putin-will-den-Krieg-beendenquot-\u2013-Trump-im-Interview.jpg\",\"datePublished\":\"2025-08-16T14:49:26+00:00\",\"dateModified\":\"2025-08-16T14:49:26+00:00\",\"breadcrumb\":{\"@id\":\"https:\/\/now-news.de\/de\/deutschland\/ich-denke-putin-will-den-krieg-beenden-trump-im-interview\/#breadcrumb\"},\"inLanguage\":\"de\",\"potentialAction\":[{\"@type\":\"ReadAction\",\"target\":[\"https:\/\/now-news.de\/de\/deutschland\/ich-denke-putin-will-den-krieg-beenden-trump-im-interview\/\"]}]},{\"@type\":\"ImageObject\",\"inLanguage\":\"de\",\"@id\":\"https:\/\/now-news.de\/de\/deutschland\/ich-denke-putin-will-den-krieg-beenden-trump-im-interview\/#primaryimage\",\"url\":\"https:\/\/now-news.de\/de\/wp-content\/uploads\/sites\/3\/2025\/08\/quotIch-denke-Putin-will-den-Krieg-beendenquot-\u2013-Trump-im-Interview.jpg\",\"contentUrl\":\"https:\/\/now-news.de\/de\/wp-content\/uploads\/sites\/3\/2025\/08\/quotIch-denke-Putin-will-den-Krieg-beendenquot-\u2013-Trump-im-Interview.jpg\",\"width\":460,\"height\":259,\"caption\":\"&quot;Ich denke, Putin will den Krieg beenden&quot;\u00a0\u2013 Trump im Interview\"},{\"@type\":\"BreadcrumbList\",\"@id\":\"https:\/\/now-news.de\/de\/deutschland\/ich-denke-putin-will-den-krieg-beenden-trump-im-interview\/#breadcrumb\",\"itemListElement\":[{\"@type\":\"ListItem\",\"position\":1,\"name\":\"Home\",\"item\":\"https:\/\/now-news.de\/de\/\"},{\"@type\":\"ListItem\",\"position\":2,\"name\":\"&quot;Ich denke, Putin will den Krieg beenden&quot;\u00a0\u2013 Trump im Interview\"}]},{\"@type\":\"WebSite\",\"@id\":\"https:\/\/now-news.de\/de\/#website\",\"url\":\"https:\/\/now-news.de\/de\/\",\"name\":\"just-now.NEWS Deutschland\",\"description\":\"Das Portal f\u00fcr unzensierte Nachrichten aus der Welt\",\"publisher\":{\"@id\":\"https:\/\/now-news.de\/de\/#organization\"},\"potentialAction\":[{\"@type\":\"SearchAction\",\"target\":{\"@type\":\"EntryPoint\",\"urlTemplate\":\"https:\/\/now-news.de\/de\/?s={search_term_string}\"},\"query-input\":\"required name=search_term_string\"}],\"inLanguage\":\"de\"},{\"@type\":\"Organization\",\"@id\":\"https:\/\/now-news.de\/de\/#organization\",\"name\":\"Just Now News\",\"url\":\"https:\/\/now-news.de\/de\/\",\"logo\":{\"@type\":\"ImageObject\",\"inLanguage\":\"de\",\"@id\":\"https:\/\/now-news.de\/de\/#\/schema\/logo\/image\/\",\"url\":\"http:\/\/just-now.news\/de\/wp-content\/uploads\/sites\/3\/2022\/04\/logo500x500.jpg\",\"contentUrl\":\"http:\/\/just-now.news\/de\/wp-content\/uploads\/sites\/3\/2022\/04\/logo500x500.jpg\",\"width\":500,\"height\":500,\"caption\":\"Just Now News\"},\"image\":{\"@id\":\"https:\/\/now-news.de\/de\/#\/schema\/logo\/image\/\"},\"sameAs\":[\"https:\/\/www.facebook.com\/wirmachenauf\",\"https:\/\/x.com\/WirMachenAuf_de\"]},{\"@type\":\"Person\",\"@id\":\"https:\/\/now-news.de\/de\/#\/schema\/person\/fb534a4e865501d8b3285208df34a9b5\",\"name\":\"rtnews\",\"image\":{\"@type\":\"ImageObject\",\"inLanguage\":\"de\",\"@id\":\"https:\/\/now-news.de\/de\/#\/schema\/person\/image\/\",\"url\":\"https:\/\/secure.gravatar.com\/avatar\/82aafea7d8127119dd649515f56e2117?s=96&d=mm&r=g\",\"contentUrl\":\"https:\/\/secure.gravatar.com\/avatar\/82aafea7d8127119dd649515f56e2117?s=96&d=mm&r=g\",\"caption\":\"rtnews\"},\"url\":\"https:\/\/now-news.de\/de\/author\/rnews\/\"}]}<\/script>\n<!-- \/ Yoast SEO Premium plugin. -->","yoast_head_json":{"title":"&quot;Ich denke, Putin will den Krieg beenden&quot;\u00a0\u2013 Trump im Interview - just-now.NEWS Deutschland","robots":{"index":"index","follow":"follow","max-snippet":"max-snippet:-1","max-image-preview":"max-image-preview:large","max-video-preview":"max-video-preview:-1"},"canonical":"https:\/\/now-news.de\/de\/deutschland\/ich-denke-putin-will-den-krieg-beenden-trump-im-interview\/","og_locale":"de_DE","og_type":"article","og_title":"&quot;Ich denke, Putin will den Krieg beenden&quot;\u00a0\u2013 Trump im Interview","og_description":"Unmittelbar im Anschluss an das Gespr\u00e4ch mit Putin hat Trump Fox News ein Interview gegeben. Er ist \u00fcberzeugt, Putin will Frieden, und will dem russischen Pr\u00e4sidenten eine T\u00fcr zum Frieden \u00f6ffnen. Zudem strebt er eine Kooperation mit Russland an \u2013 auch aus wirtschaftlichen Interessen. Unmittelbar nach dem Treffen mit Wladimir Putin hat Donald Trump dem [&hellip;]","og_url":"https:\/\/now-news.de\/de\/deutschland\/ich-denke-putin-will-den-krieg-beenden-trump-im-interview\/","og_site_name":"just-now.NEWS Deutschland","article_publisher":"https:\/\/www.facebook.com\/wirmachenauf","article_published_time":"2025-08-16T14:49:26+00:00","og_image":[{"url":"https:\/\/now-news.de\/de\/wp-content\/uploads\/sites\/3\/2025\/08\/68a0853e48fbef3b017f367e.jpg"}],"author":"rtnews","twitter_card":"summary_large_image","twitter_creator":"@WirMachenAuf_de","twitter_site":"@WirMachenAuf_de","twitter_misc":{"Verfasst von":"rtnews","Gesch\u00e4tzte Lesezeit":"4\u00a0Minuten"},"schema":{"@context":"https:\/\/schema.org","@graph":[{"@type":"Article","@id":"https:\/\/now-news.de\/de\/deutschland\/ich-denke-putin-will-den-krieg-beenden-trump-im-interview\/#article","isPartOf":{"@id":"https:\/\/now-news.de\/de\/deutschland\/ich-denke-putin-will-den-krieg-beenden-trump-im-interview\/"},"author":{"name":"rtnews","@id":"https:\/\/now-news.de\/de\/#\/schema\/person\/fb534a4e865501d8b3285208df34a9b5"},"headline":"&quot;Ich denke, Putin will den Krieg beenden&quot;\u00a0\u2013 Trump im Interview","datePublished":"2025-08-16T14:49:26+00:00","dateModified":"2025-08-16T14:49:26+00:00","mainEntityOfPage":{"@id":"https:\/\/now-news.de\/de\/deutschland\/ich-denke-putin-will-den-krieg-beenden-trump-im-interview\/"},"wordCount":723,"commentCount":0,"publisher":{"@id":"https:\/\/now-news.de\/de\/#organization"},"image":{"@id":"https:\/\/now-news.de\/de\/deutschland\/ich-denke-putin-will-den-krieg-beenden-trump-im-interview\/#primaryimage"},"thumbnailUrl":"https:\/\/now-news.de\/de\/wp-content\/uploads\/sites\/3\/2025\/08\/quotIch-denke-Putin-will-den-Krieg-beendenquot-\u2013-Trump-im-Interview.jpg","keywords":["beendenquot","den","denke","interview","krieg","putin","quotIch","trump"],"articleSection":["Deutschland","Russland"],"inLanguage":"de","potentialAction":[{"@type":"CommentAction","name":"Comment","target":["https:\/\/now-news.de\/de\/deutschland\/ich-denke-putin-will-den-krieg-beenden-trump-im-interview\/#respond"]}]},{"@type":"WebPage","@id":"https:\/\/now-news.de\/de\/deutschland\/ich-denke-putin-will-den-krieg-beenden-trump-im-interview\/","url":"https:\/\/now-news.de\/de\/deutschland\/ich-denke-putin-will-den-krieg-beenden-trump-im-interview\/","name":"&quot;Ich denke, Putin will den Krieg beenden&quot;\u00a0\u2013 Trump im Interview - just-now.NEWS Deutschland","isPartOf":{"@id":"https:\/\/now-news.de\/de\/#website"},"primaryImageOfPage":{"@id":"https:\/\/now-news.de\/de\/deutschland\/ich-denke-putin-will-den-krieg-beenden-trump-im-interview\/#primaryimage"},"image":{"@id":"https:\/\/now-news.de\/de\/deutschland\/ich-denke-putin-will-den-krieg-beenden-trump-im-interview\/#primaryimage"},"thumbnailUrl":"https:\/\/now-news.de\/de\/wp-content\/uploads\/sites\/3\/2025\/08\/quotIch-denke-Putin-will-den-Krieg-beendenquot-\u2013-Trump-im-Interview.jpg","datePublished":"2025-08-16T14:49:26+00:00","dateModified":"2025-08-16T14:49:26+00:00","breadcrumb":{"@id":"https:\/\/now-news.de\/de\/deutschland\/ich-denke-putin-will-den-krieg-beenden-trump-im-interview\/#breadcrumb"},"inLanguage":"de","potentialAction":[{"@type":"ReadAction","target":["https:\/\/now-news.de\/de\/deutschland\/ich-denke-putin-will-den-krieg-beenden-trump-im-interview\/"]}]},{"@type":"ImageObject","inLanguage":"de","@id":"https:\/\/now-news.de\/de\/deutschland\/ich-denke-putin-will-den-krieg-beenden-trump-im-interview\/#primaryimage","url":"https:\/\/now-news.de\/de\/wp-content\/uploads\/sites\/3\/2025\/08\/quotIch-denke-Putin-will-den-Krieg-beendenquot-\u2013-Trump-im-Interview.jpg","contentUrl":"https:\/\/now-news.de\/de\/wp-content\/uploads\/sites\/3\/2025\/08\/quotIch-denke-Putin-will-den-Krieg-beendenquot-\u2013-Trump-im-Interview.jpg","width":460,"height":259,"caption":"&quot;Ich denke, Putin will den Krieg beenden&quot;\u00a0\u2013 Trump im Interview"},{"@type":"BreadcrumbList","@id":"https:\/\/now-news.de\/de\/deutschland\/ich-denke-putin-will-den-krieg-beenden-trump-im-interview\/#breadcrumb","itemListElement":[{"@type":"ListItem","position":1,"name":"Home","item":"https:\/\/now-news.de\/de\/"},{"@type":"ListItem","position":2,"name":"&quot;Ich denke, Putin will den Krieg beenden&quot;\u00a0\u2013 Trump im Interview"}]},{"@type":"WebSite","@id":"https:\/\/now-news.de\/de\/#website","url":"https:\/\/now-news.de\/de\/","name":"just-now.NEWS Deutschland","description":"Das Portal f\u00fcr unzensierte Nachrichten aus der Welt","publisher":{"@id":"https:\/\/now-news.de\/de\/#organization"},"potentialAction":[{"@type":"SearchAction","target":{"@type":"EntryPoint","urlTemplate":"https:\/\/now-news.de\/de\/?s={search_term_string}"},"query-input":"required name=search_term_string"}],"inLanguage":"de"},{"@type":"Organization","@id":"https:\/\/now-news.de\/de\/#organization","name":"Just Now News","url":"https:\/\/now-news.de\/de\/","logo":{"@type":"ImageObject","inLanguage":"de","@id":"https:\/\/now-news.de\/de\/#\/schema\/logo\/image\/","url":"http:\/\/just-now.news\/de\/wp-content\/uploads\/sites\/3\/2022\/04\/logo500x500.jpg","contentUrl":"http:\/\/just-now.news\/de\/wp-content\/uploads\/sites\/3\/2022\/04\/logo500x500.jpg","width":500,"height":500,"caption":"Just Now News"},"image":{"@id":"https:\/\/now-news.de\/de\/#\/schema\/logo\/image\/"},"sameAs":["https:\/\/www.facebook.com\/wirmachenauf","https:\/\/x.com\/WirMachenAuf_de"]},{"@type":"Person","@id":"https:\/\/now-news.de\/de\/#\/schema\/person\/fb534a4e865501d8b3285208df34a9b5","name":"rtnews","image":{"@type":"ImageObject","inLanguage":"de","@id":"https:\/\/now-news.de\/de\/#\/schema\/person\/image\/","url":"https:\/\/secure.gravatar.com\/avatar\/82aafea7d8127119dd649515f56e2117?s=96&d=mm&r=g","contentUrl":"https:\/\/secure.gravatar.com\/avatar\/82aafea7d8127119dd649515f56e2117?s=96&d=mm&r=g","caption":"rtnews"},"url":"https:\/\/now-news.de\/de\/author\/rnews\/"}]}},"_links":{"self":[{"href":"https:\/\/now-news.de\/de\/wp-json\/wp\/v2\/posts\/88929"}],"collection":[{"href":"https:\/\/now-news.de\/de\/wp-json\/wp\/v2\/posts"}],"about":[{"href":"https:\/\/now-news.de\/de\/wp-json\/wp\/v2\/types\/post"}],"author":[{"embeddable":true,"href":"https:\/\/now-news.de\/de\/wp-json\/wp\/v2\/users\/3"}],"replies":[{"embeddable":true,"href":"https:\/\/now-news.de\/de\/wp-json\/wp\/v2\/comments?post=88929"}],"version-history":[{"count":0,"href":"https:\/\/now-news.de\/de\/wp-json\/wp\/v2\/posts\/88929\/revisions"}],"wp:featuredmedia":[{"embeddable":true,"href":"https:\/\/now-news.de\/de\/wp-json\/wp\/v2\/media\/88930"}],"wp:attachment":[{"href":"https:\/\/now-news.de\/de\/wp-json\/wp\/v2\/media?parent=88929"}],"wp:term":[{"taxonomy":"category","embeddable":true,"href":"https:\/\/now-news.de\/de\/wp-json\/wp\/v2\/categories?post=88929"},{"taxonomy":"post_tag","embeddable":true,"href":"https:\/\/now-news.de\/de\/wp-json\/wp\/v2\/tags?post=88929"}],"curies":[{"name":"wp","href":"https:\/\/api.w.org\/{rel}","templated":true}]}}