{"id":88921,"date":"2025-08-16T14:47:23","date_gmt":"2025-08-16T12:47:23","guid":{"rendered":"https:\/\/now-news.de\/de\/deutschland\/gipfeltreffen-in-alaska-die-deutsche-presse-senkt-den-daumen\/"},"modified":"2025-08-16T14:47:23","modified_gmt":"2025-08-16T12:47:23","slug":"gipfeltreffen-in-alaska-die-deutsche-presse-senkt-den-daumen","status":"publish","type":"post","link":"https:\/\/now-news.de\/de\/deutschland\/gipfeltreffen-in-alaska-die-deutsche-presse-senkt-den-daumen\/","title":{"rendered":"Gipfeltreffen in Alaska: Die deutsche Presse senkt den Daumen"},"content":{"rendered":"<p><img decoding=\"async\" src=\"https:\/\/now-news.de\/de\/wp-content\/uploads\/sites\/3\/2025\/08\/68a05b0448fbef319f3ebeca.jpg\" \/><\/p>\n<div class=\"Text-root Text-type_1 \">\n                Die gro\u00dfen deutschen Medien bewerten das Treffen zwischen Donald Trump und Wladimir Putin negativ. Trump habe sich \u00fcber den Tisch ziehen lassen, Putin sei der Sieger. Dabei will Trump die Ukraine mit ins Boot holen. Die Erf\u00fcllung der Forderung, die noch vorgestern gestellt wurde, ist heute Anlass f\u00fcr Kritik.\n            <\/div>\n<p><\/p>\n<div class=\"Text-root Text-type_5 ArticleView-text ViewText-root \">\n<p>W\u00e4hrend die Reaktionen in der russischen Presse auf das Treffen von US-Pr\u00e4sident Donald Trump und Russlands Pr\u00e4sident Wladimir Putin \u00fcberwiegend positiv ausfallen, sind die R\u00fcckmeldungen in den deutschen Medien spiegelbildlich negativ.<\/p>\n<p>Ausschlaggebend hierf\u00fcr ist, dass es nicht zur Vereinbarung eines Waffenstillstands kam. Trump selbst hat im Vorfeld immer wieder davon gesprochen, sein Ziel sei, eine Waffenruhe zu erreichen. Der deutsche Mainstream zeigt sich nicht nur entt\u00e4uscht, sondern spricht davon, Putin habe Trump \u00fcber den Tisch gezogen.<\/p>\n<p><em>&#8220;Weder von einer Waffenruhe noch von einem Folgetreffen sprach Trump aber nach Ende des Treffens am Freitagnachmittag Ortszeit&#8221;, <a rel=\"nofollow noopener\" target=\"_blank\" href=\"https:\/\/www.welt.de\/politik\/ausland\/article689fcc64b7e38d4fabb24bcd\/gipfel-in-alaska-es-sind-nur-ein-paar-punkte-offen-darunter-ein-besonders-grosser.html\">moniert<\/a> das Springerblatt Welt. &#8220;Der Gipfel von Alaska brachte keine Antworten, aber viele Fragen. Wenn Trump und Putin tats\u00e4chlich &#8216;viele Punkte&#8217; l\u00f6sen konnten, warum pr\u00e4sentierten sie nichts Konkretes?&#8221; gibt sich das Blatt misstrauisc<\/em>h.<\/p>\n<p>Nun, ein Teil der Antwort ergibt sich aus einer anderen Forderung Westeuropas: Die Ukraine muss beteiligt werden. Trump sieht den Ball nach dem Treffen im Feld der Ukraine liegen. Doch dass Trump sich die Forderung der Westeurop\u00e4er zu eigen macht und keine Entscheidung \u00fcber den Kopf der Ukraine hinwegf\u00e4llt, ist der deutschen Presse paradoxerweise nicht Anlass zu Lob, sondern zu Kritik.<\/p>\n<p>Auch hinsichtlich des Gipfels in den USA ist die deutsche Berichterstattung erstaunlich einf\u00f6rmig und wirkt koordiniert. So <a rel=\"nofollow noopener\" target=\"_blank\" href=\"https:\/\/www.zeit.de\/politik\/ausland\/2025-08\/donald-trump-wladimir-putin-gipfel-alaska-gipfel-ukraine\">glaubt<\/a> die <em>Zeit<\/em>, Ziel aller Bem\u00fchungen Trumps sei er selbst. Trump wolle den Friedensnobelpreis. Nur darum gehe es ihm.<\/p>\n<p><em>&#8220;Trump will diesen Krieg beenden, egal wie. Seine Motive dahinter sind kein Geheimnis. Er selbst spricht immer wieder davon, dass er den Friedensnobelpreis verdiene. Um dieses Ziel zu erreichen, sucht Trump derzeit \u00fcberall auf der Welt nach Konflikten, bei denen er die streitenden Parteien an einem Tisch versammeln kann.&#8221;<\/em><\/p>\n<p>Auch die <em>Tagesschau<\/em>\u00a0<a rel=\"nofollow noopener\" target=\"_blank\" href=\"https:\/\/www.tagesschau.de\/ausland\/alaska-putin-trump-100.html\">argumentiert<\/a> mit Trumps angeblichem Wunsch, den Friedensnobelpreis zu erhalten. &#8220;F\u00fcr den Friedensnobelpreis, von dem Trump angeblich tr\u00e4umt, wird ihn am Tag nach dem Gipfel wohl niemand vorschlagen wollen.&#8221;<\/p>\n<p>Beide Publikationen tun das mit der Absicht, Trump zu diskreditieren. Trump ist selbsts\u00fcchtig, agiert wie ein Kind und zielt nur auf den Effekt, ist das Narrativ, in das deutsche Medien\u00a0ihn seit Jahren pressen.<\/p>\n<p>Einig sind sich <em>Welt, Zeit, Tagesschau<\/em> mit der <em>S\u00fcddeutschen Zeitung<\/em> darin, dass Putin als Gewinner aus dem Treffen hervorgegangen ist\u00a0\u2013 in einem negativen Sinne, versteht sich. Trump hat mit der Einladung Putins in die USA die Isolation Russlands durchbrochen. Man redet miteinander. Unerh\u00f6rt, meint die <em>Zeit<\/em>:<\/p>\n<p><em>&#8220;Ohnehin bahnte sich in den Augen vieler Unerh\u00f6rtes an: Ein vom Internationalen Strafgerichtshof per Haftbefehl gesuchter mutma\u00dflicher Kriegsverbrecher wird vom m\u00e4chtigsten Mann der Welt mit allen Ehren empfangen. Ohne, dass er daf\u00fcr in Vorleistung gehen musste. Dreieinhalb Jahre, nachdem er einen blutigen Angriffskrieg in seinem Nachbarland Ukraine begonnen hat und von der westlichen Pro-Ukraine-Allianz von internationalen B\u00fchnen ausgeschlossen worden war.&#8221;<\/em><\/p>\n<p>Diese Isolation war zwar auch bisher nur eine M\u00e4r. Allerdings gelang es dem deutschen Mainstream, die Tatsache, dass Russland in weit gr\u00f6\u00dferem Umfang geopolitisch gestaltet als die EU, sich die Staatschefs daher im Kreml die Klinke in die Hand geben und Putin regelm\u00e4\u00dfig auf internationalen Gipfeltreffen zu Gast ist, neben denen EU wie ein politischer Zwerg wirkt, gut vor den deutschen Medienkonsumenten zu verbergen. Es waren kaum westliche Vertreter unter den Gespr\u00e4chspartnern des Kreml, \u00fcber den Rest wurde faktisch nicht berichtet, und wenn doch, dann despektierlich. Seit gestern muss auch den Konsumenten des Mainstreams klar sein, dass es Westeuropa ist, das im Abseits steht. Die <em>S\u00fcddeutsche Zeitung<\/em> versucht, diese Tatsache dadurch zu \u00fcberdecken, indem sie Putin und Trump diskreditiert.<\/p>\n<p><em>&#8220;Die beiden M\u00e4nner, auf deren Treffen in Anchorage die Welt geschaut hat und auf das sie sich jetzt einen Reim zu machen versucht, sind Meister der L\u00fcge. Jeder auf seine Weise. Putin l\u00fcgt f\u00fcr gew\u00f6hnlich leise und langatmig, Trump laut und kurzweilig.&#8221;<\/em><\/p>\n<p>Der Ma\u00dfstab der deutschen Kommentatoren bleibt der Waffenstillstand. Dabei war schon im Vorfeld klar, dass es einen Waffenstillstand, ein Minsk\u00a0III, nicht geben wird. Die durchweg negativen Erfahrungen Russlands mit den Westeurop\u00e4ern lassen eine Wiederholung dieses Fehlers einfach nicht zu. Zudem hat die sogenannte Koalition der Willigen bestehend aus Frankreich, Gro\u00dfbritannien und Deutschland deutlich gemacht, dass sie einen Waffenstillstand dazu nutzen werden, &#8220;Friedenstruppen&#8221; in der Ukraine zu stationieren. Das k\u00e4me einer Stationierung von NATO-Truppen gleich. Russland kann daher einem Waffenstillstand nicht zustimmen.<\/p>\n<p>Dass Trump das Treffen dennoch positiv bewertet, liegt daran, dass Putin ihm klargemacht haben wird, dass es um nichts weniger als die Schaffung einer neuen Sicherheitsarchitektur f\u00fcr Europa geht. Putin will dauerhaften Frieden, die EU will ihn nicht.<\/p>\n<p>Bei der <em>Welt<\/em> liest sich das Bem\u00fchen Putins um eine stabile Sicherheitsordnung durchweg negativ.<\/p>\n<p><em>&#8220;Bei seinem Presse-Statement hatte Putin zun\u00e4chst in ausschweifenden Worten die historische Verbundenheit zwischen Russen und Amerikanern beschworen, um dann unger\u00fchrt seine Maximalforderung zu wiederholen. Mit der Ukraine sei kein Frieden m\u00f6glich, wenn die \u2018tieferliegenden Ursachen\u2019 des Ukraine-Krieges nicht beseitigt w\u00fcrden. Aus Moskaus Sicht hei\u00dft das, dass die Ukraine nicht der Nato beitreten darf, sich gr\u00f6\u00dftenteils entmilitarisiert und die vier Oblasten abtritt. Allesamt f\u00fcr Kiew niemals akzeptable Forderungen. Trump lie\u00df das kommentarlos stehen.&#8221;<\/em><\/p>\n<p>Ja, f\u00fcr einen dauerhaften Frieden m\u00fcssen die Ursachen des Konflikts beseitigt werden. Das ist keine Maximalforderung, sondern zwingend logisch. Dieser Logik widersetzt man sich in Westeuropa weiterhin. Der deutsche Mainstream kl\u00e4rt \u00fcber den Zusammenhang nicht auf, was er auch heute wieder deutlich macht, sondern bleibt seinen Narrativen treu: Es braucht einen Sieg \u00fcber Russland, vorher kann es keinen Frieden geben.<\/p>\n<p><strong>Mehr zum Thema<\/strong>\u00a0\u2013 <a rel=\"nofollow noopener\" target=\"_blank\" href=\"https:\/\/freedert.online\/international\/253196-warum-hat-sich-putin-auf\/\">Warum hat sich Putin auf den Gipfel mit Trump eingelassen?<\/a><\/p>\n<div class=\"EmbedBlock-root EmbedBlock-externalVideo EmbedBlock-rumble\">\n<div class=\"VkEmbed\"><iframe class=\"lazyload\" data-src=\"https:\/\/rumble.com\/embed\/v6vg9n6\" frameborder=\"0\" width=\"853\" height=\"480\" allowfullscreen><\/iframe><\/div>\n<\/div>\n<\/div>\n<p><br \/>\n<br \/><a href=\"https:\/\/de.rt.com\/inland\/253505-gipfeltreffen-in-alaska-die-deutsche-presse-senkt-den-daumen\/\">Source link <\/a><\/p>\n","protected":false},"excerpt":{"rendered":"<p>Die gro\u00dfen deutschen Medien bewerten das Treffen zwischen Donald Trump und Wladimir Putin negativ. Trump habe sich \u00fcber den Tisch ziehen lassen, Putin sei der Sieger. Dabei will Trump die Ukraine mit ins Boot holen. Die Erf\u00fcllung der Forderung, die noch vorgestern gestellt wurde, ist heute Anlass f\u00fcr Kritik. W\u00e4hrend die Reaktionen in der russischen [&hellip;]<\/p>\n","protected":false},"author":3,"featured_media":88922,"comment_status":"open","ping_status":"open","sticky":false,"template":"","format":"standard","meta":{"_yoast_indexnow_last_ping":["1755348720"],"wp_automatic_camp":["217"],"e642e4b6a5fc52479b11845815dda131":["Gipfeltreffen in Alaska: Die deutsche Presse senkt den Daumen"],"original_link":["https:\/\/de.rt.com\/inland\/253505-gipfeltreffen-in-alaska-die-deutsche-presse-senkt-den-daumen\/"],"_thumbnail_id":["88922"],"jnews_social_counter_last_update":["1777589080"],"_wptgpro_p2tg_sent2tg":["a:1:{i:23737;s:19:\"2025-08-16 14:53:02\";}"]},"categories":[19,23],"tags":[18457,44195,48,2374,45,32863,3359,12210],"yoast_head":"<!-- This site is optimized with the Yoast SEO Premium plugin v22.7 (Yoast SEO v22.7) - https:\/\/yoast.com\/wordpress\/plugins\/seo\/ -->\n<title>Gipfeltreffen in Alaska: Die deutsche Presse senkt den Daumen - just-now.NEWS Deutschland<\/title>\n<meta name=\"robots\" content=\"index, follow, max-snippet:-1, max-image-preview:large, max-video-preview:-1\" \/>\n<link rel=\"canonical\" href=\"https:\/\/now-news.de\/de\/deutschland\/gipfeltreffen-in-alaska-die-deutsche-presse-senkt-den-daumen\/\" \/>\n<meta property=\"og:locale\" content=\"de_DE\" \/>\n<meta property=\"og:type\" content=\"article\" \/>\n<meta property=\"og:title\" content=\"Gipfeltreffen in Alaska: Die deutsche Presse senkt den Daumen\" \/>\n<meta property=\"og:description\" content=\"Die gro\u00dfen deutschen Medien bewerten das Treffen zwischen Donald Trump und Wladimir Putin negativ. Trump habe sich \u00fcber den Tisch ziehen lassen, Putin sei der Sieger. Dabei will Trump die Ukraine mit ins Boot holen. Die Erf\u00fcllung der Forderung, die noch vorgestern gestellt wurde, ist heute Anlass f\u00fcr Kritik. W\u00e4hrend die Reaktionen in der russischen [&hellip;]\" \/>\n<meta property=\"og:url\" content=\"https:\/\/now-news.de\/de\/deutschland\/gipfeltreffen-in-alaska-die-deutsche-presse-senkt-den-daumen\/\" \/>\n<meta property=\"og:site_name\" content=\"just-now.NEWS Deutschland\" \/>\n<meta property=\"article:publisher\" content=\"https:\/\/www.facebook.com\/wirmachenauf\" \/>\n<meta property=\"article:published_time\" content=\"2025-08-16T12:47:23+00:00\" \/>\n<meta property=\"og:image\" content=\"https:\/\/now-news.de\/de\/wp-content\/uploads\/sites\/3\/2025\/08\/68a05b0448fbef319f3ebeca.jpg\" \/>\n<meta name=\"author\" content=\"rtnews\" \/>\n<meta name=\"twitter:card\" content=\"summary_large_image\" \/>\n<meta name=\"twitter:creator\" content=\"@WirMachenAuf_de\" \/>\n<meta name=\"twitter:site\" content=\"@WirMachenAuf_de\" \/>\n<meta name=\"twitter:label1\" content=\"Verfasst von\" \/>\n\t<meta name=\"twitter:data1\" content=\"rtnews\" \/>\n\t<meta name=\"twitter:label2\" content=\"Gesch\u00e4tzte Lesezeit\" \/>\n\t<meta name=\"twitter:data2\" content=\"5\u00a0Minuten\" \/>\n<script type=\"application\/ld+json\" class=\"yoast-schema-graph\">{\"@context\":\"https:\/\/schema.org\",\"@graph\":[{\"@type\":\"Article\",\"@id\":\"https:\/\/now-news.de\/de\/deutschland\/gipfeltreffen-in-alaska-die-deutsche-presse-senkt-den-daumen\/#article\",\"isPartOf\":{\"@id\":\"https:\/\/now-news.de\/de\/deutschland\/gipfeltreffen-in-alaska-die-deutsche-presse-senkt-den-daumen\/\"},\"author\":{\"name\":\"rtnews\",\"@id\":\"https:\/\/now-news.de\/de\/#\/schema\/person\/fb534a4e865501d8b3285208df34a9b5\"},\"headline\":\"Gipfeltreffen in Alaska: Die deutsche Presse senkt den Daumen\",\"datePublished\":\"2025-08-16T12:47:23+00:00\",\"dateModified\":\"2025-08-16T12:47:23+00:00\",\"mainEntityOfPage\":{\"@id\":\"https:\/\/now-news.de\/de\/deutschland\/gipfeltreffen-in-alaska-die-deutsche-presse-senkt-den-daumen\/\"},\"wordCount\":997,\"commentCount\":0,\"publisher\":{\"@id\":\"https:\/\/now-news.de\/de\/#organization\"},\"image\":{\"@id\":\"https:\/\/now-news.de\/de\/deutschland\/gipfeltreffen-in-alaska-die-deutsche-presse-senkt-den-daumen\/#primaryimage\"},\"thumbnailUrl\":\"https:\/\/now-news.de\/de\/wp-content\/uploads\/sites\/3\/2025\/08\/Gipfeltreffen-in-Alaska-Die-deutsche-Presse-senkt-den-Daumen.jpg\",\"keywords\":[\"Alaska\",\"Daumen\",\"den\",\"Deutsche\",\"die\",\"Gipfeltreffen\",\"Presse\",\"senkt\"],\"articleSection\":[\"Deutschland\",\"Russland\"],\"inLanguage\":\"de\",\"potentialAction\":[{\"@type\":\"CommentAction\",\"name\":\"Comment\",\"target\":[\"https:\/\/now-news.de\/de\/deutschland\/gipfeltreffen-in-alaska-die-deutsche-presse-senkt-den-daumen\/#respond\"]}]},{\"@type\":\"WebPage\",\"@id\":\"https:\/\/now-news.de\/de\/deutschland\/gipfeltreffen-in-alaska-die-deutsche-presse-senkt-den-daumen\/\",\"url\":\"https:\/\/now-news.de\/de\/deutschland\/gipfeltreffen-in-alaska-die-deutsche-presse-senkt-den-daumen\/\",\"name\":\"Gipfeltreffen in Alaska: Die deutsche Presse senkt den Daumen - just-now.NEWS Deutschland\",\"isPartOf\":{\"@id\":\"https:\/\/now-news.de\/de\/#website\"},\"primaryImageOfPage\":{\"@id\":\"https:\/\/now-news.de\/de\/deutschland\/gipfeltreffen-in-alaska-die-deutsche-presse-senkt-den-daumen\/#primaryimage\"},\"image\":{\"@id\":\"https:\/\/now-news.de\/de\/deutschland\/gipfeltreffen-in-alaska-die-deutsche-presse-senkt-den-daumen\/#primaryimage\"},\"thumbnailUrl\":\"https:\/\/now-news.de\/de\/wp-content\/uploads\/sites\/3\/2025\/08\/Gipfeltreffen-in-Alaska-Die-deutsche-Presse-senkt-den-Daumen.jpg\",\"datePublished\":\"2025-08-16T12:47:23+00:00\",\"dateModified\":\"2025-08-16T12:47:23+00:00\",\"breadcrumb\":{\"@id\":\"https:\/\/now-news.de\/de\/deutschland\/gipfeltreffen-in-alaska-die-deutsche-presse-senkt-den-daumen\/#breadcrumb\"},\"inLanguage\":\"de\",\"potentialAction\":[{\"@type\":\"ReadAction\",\"target\":[\"https:\/\/now-news.de\/de\/deutschland\/gipfeltreffen-in-alaska-die-deutsche-presse-senkt-den-daumen\/\"]}]},{\"@type\":\"ImageObject\",\"inLanguage\":\"de\",\"@id\":\"https:\/\/now-news.de\/de\/deutschland\/gipfeltreffen-in-alaska-die-deutsche-presse-senkt-den-daumen\/#primaryimage\",\"url\":\"https:\/\/now-news.de\/de\/wp-content\/uploads\/sites\/3\/2025\/08\/Gipfeltreffen-in-Alaska-Die-deutsche-Presse-senkt-den-Daumen.jpg\",\"contentUrl\":\"https:\/\/now-news.de\/de\/wp-content\/uploads\/sites\/3\/2025\/08\/Gipfeltreffen-in-Alaska-Die-deutsche-Presse-senkt-den-Daumen.jpg\",\"width\":460,\"height\":259,\"caption\":\"Gipfeltreffen in Alaska: Die deutsche Presse senkt den Daumen\"},{\"@type\":\"BreadcrumbList\",\"@id\":\"https:\/\/now-news.de\/de\/deutschland\/gipfeltreffen-in-alaska-die-deutsche-presse-senkt-den-daumen\/#breadcrumb\",\"itemListElement\":[{\"@type\":\"ListItem\",\"position\":1,\"name\":\"Home\",\"item\":\"https:\/\/now-news.de\/de\/\"},{\"@type\":\"ListItem\",\"position\":2,\"name\":\"Gipfeltreffen in Alaska: Die deutsche Presse senkt den Daumen\"}]},{\"@type\":\"WebSite\",\"@id\":\"https:\/\/now-news.de\/de\/#website\",\"url\":\"https:\/\/now-news.de\/de\/\",\"name\":\"just-now.NEWS Deutschland\",\"description\":\"Das Portal f\u00fcr unzensierte Nachrichten aus der Welt\",\"publisher\":{\"@id\":\"https:\/\/now-news.de\/de\/#organization\"},\"potentialAction\":[{\"@type\":\"SearchAction\",\"target\":{\"@type\":\"EntryPoint\",\"urlTemplate\":\"https:\/\/now-news.de\/de\/?s={search_term_string}\"},\"query-input\":\"required name=search_term_string\"}],\"inLanguage\":\"de\"},{\"@type\":\"Organization\",\"@id\":\"https:\/\/now-news.de\/de\/#organization\",\"name\":\"Just Now News\",\"url\":\"https:\/\/now-news.de\/de\/\",\"logo\":{\"@type\":\"ImageObject\",\"inLanguage\":\"de\",\"@id\":\"https:\/\/now-news.de\/de\/#\/schema\/logo\/image\/\",\"url\":\"http:\/\/just-now.news\/de\/wp-content\/uploads\/sites\/3\/2022\/04\/logo500x500.jpg\",\"contentUrl\":\"http:\/\/just-now.news\/de\/wp-content\/uploads\/sites\/3\/2022\/04\/logo500x500.jpg\",\"width\":500,\"height\":500,\"caption\":\"Just Now News\"},\"image\":{\"@id\":\"https:\/\/now-news.de\/de\/#\/schema\/logo\/image\/\"},\"sameAs\":[\"https:\/\/www.facebook.com\/wirmachenauf\",\"https:\/\/x.com\/WirMachenAuf_de\"]},{\"@type\":\"Person\",\"@id\":\"https:\/\/now-news.de\/de\/#\/schema\/person\/fb534a4e865501d8b3285208df34a9b5\",\"name\":\"rtnews\",\"image\":{\"@type\":\"ImageObject\",\"inLanguage\":\"de\",\"@id\":\"https:\/\/now-news.de\/de\/#\/schema\/person\/image\/\",\"url\":\"https:\/\/secure.gravatar.com\/avatar\/82aafea7d8127119dd649515f56e2117?s=96&d=mm&r=g\",\"contentUrl\":\"https:\/\/secure.gravatar.com\/avatar\/82aafea7d8127119dd649515f56e2117?s=96&d=mm&r=g\",\"caption\":\"rtnews\"},\"url\":\"https:\/\/now-news.de\/de\/author\/rnews\/\"}]}<\/script>\n<!-- \/ Yoast SEO Premium plugin. -->","yoast_head_json":{"title":"Gipfeltreffen in Alaska: Die deutsche Presse senkt den Daumen - just-now.NEWS Deutschland","robots":{"index":"index","follow":"follow","max-snippet":"max-snippet:-1","max-image-preview":"max-image-preview:large","max-video-preview":"max-video-preview:-1"},"canonical":"https:\/\/now-news.de\/de\/deutschland\/gipfeltreffen-in-alaska-die-deutsche-presse-senkt-den-daumen\/","og_locale":"de_DE","og_type":"article","og_title":"Gipfeltreffen in Alaska: Die deutsche Presse senkt den Daumen","og_description":"Die gro\u00dfen deutschen Medien bewerten das Treffen zwischen Donald Trump und Wladimir Putin negativ. Trump habe sich \u00fcber den Tisch ziehen lassen, Putin sei der Sieger. Dabei will Trump die Ukraine mit ins Boot holen. Die Erf\u00fcllung der Forderung, die noch vorgestern gestellt wurde, ist heute Anlass f\u00fcr Kritik. W\u00e4hrend die Reaktionen in der russischen [&hellip;]","og_url":"https:\/\/now-news.de\/de\/deutschland\/gipfeltreffen-in-alaska-die-deutsche-presse-senkt-den-daumen\/","og_site_name":"just-now.NEWS Deutschland","article_publisher":"https:\/\/www.facebook.com\/wirmachenauf","article_published_time":"2025-08-16T12:47:23+00:00","og_image":[{"url":"https:\/\/now-news.de\/de\/wp-content\/uploads\/sites\/3\/2025\/08\/68a05b0448fbef319f3ebeca.jpg"}],"author":"rtnews","twitter_card":"summary_large_image","twitter_creator":"@WirMachenAuf_de","twitter_site":"@WirMachenAuf_de","twitter_misc":{"Verfasst von":"rtnews","Gesch\u00e4tzte Lesezeit":"5\u00a0Minuten"},"schema":{"@context":"https:\/\/schema.org","@graph":[{"@type":"Article","@id":"https:\/\/now-news.de\/de\/deutschland\/gipfeltreffen-in-alaska-die-deutsche-presse-senkt-den-daumen\/#article","isPartOf":{"@id":"https:\/\/now-news.de\/de\/deutschland\/gipfeltreffen-in-alaska-die-deutsche-presse-senkt-den-daumen\/"},"author":{"name":"rtnews","@id":"https:\/\/now-news.de\/de\/#\/schema\/person\/fb534a4e865501d8b3285208df34a9b5"},"headline":"Gipfeltreffen in Alaska: Die deutsche Presse senkt den Daumen","datePublished":"2025-08-16T12:47:23+00:00","dateModified":"2025-08-16T12:47:23+00:00","mainEntityOfPage":{"@id":"https:\/\/now-news.de\/de\/deutschland\/gipfeltreffen-in-alaska-die-deutsche-presse-senkt-den-daumen\/"},"wordCount":997,"commentCount":0,"publisher":{"@id":"https:\/\/now-news.de\/de\/#organization"},"image":{"@id":"https:\/\/now-news.de\/de\/deutschland\/gipfeltreffen-in-alaska-die-deutsche-presse-senkt-den-daumen\/#primaryimage"},"thumbnailUrl":"https:\/\/now-news.de\/de\/wp-content\/uploads\/sites\/3\/2025\/08\/Gipfeltreffen-in-Alaska-Die-deutsche-Presse-senkt-den-Daumen.jpg","keywords":["Alaska","Daumen","den","Deutsche","die","Gipfeltreffen","Presse","senkt"],"articleSection":["Deutschland","Russland"],"inLanguage":"de","potentialAction":[{"@type":"CommentAction","name":"Comment","target":["https:\/\/now-news.de\/de\/deutschland\/gipfeltreffen-in-alaska-die-deutsche-presse-senkt-den-daumen\/#respond"]}]},{"@type":"WebPage","@id":"https:\/\/now-news.de\/de\/deutschland\/gipfeltreffen-in-alaska-die-deutsche-presse-senkt-den-daumen\/","url":"https:\/\/now-news.de\/de\/deutschland\/gipfeltreffen-in-alaska-die-deutsche-presse-senkt-den-daumen\/","name":"Gipfeltreffen in Alaska: Die deutsche Presse senkt den Daumen - just-now.NEWS Deutschland","isPartOf":{"@id":"https:\/\/now-news.de\/de\/#website"},"primaryImageOfPage":{"@id":"https:\/\/now-news.de\/de\/deutschland\/gipfeltreffen-in-alaska-die-deutsche-presse-senkt-den-daumen\/#primaryimage"},"image":{"@id":"https:\/\/now-news.de\/de\/deutschland\/gipfeltreffen-in-alaska-die-deutsche-presse-senkt-den-daumen\/#primaryimage"},"thumbnailUrl":"https:\/\/now-news.de\/de\/wp-content\/uploads\/sites\/3\/2025\/08\/Gipfeltreffen-in-Alaska-Die-deutsche-Presse-senkt-den-Daumen.jpg","datePublished":"2025-08-16T12:47:23+00:00","dateModified":"2025-08-16T12:47:23+00:00","breadcrumb":{"@id":"https:\/\/now-news.de\/de\/deutschland\/gipfeltreffen-in-alaska-die-deutsche-presse-senkt-den-daumen\/#breadcrumb"},"inLanguage":"de","potentialAction":[{"@type":"ReadAction","target":["https:\/\/now-news.de\/de\/deutschland\/gipfeltreffen-in-alaska-die-deutsche-presse-senkt-den-daumen\/"]}]},{"@type":"ImageObject","inLanguage":"de","@id":"https:\/\/now-news.de\/de\/deutschland\/gipfeltreffen-in-alaska-die-deutsche-presse-senkt-den-daumen\/#primaryimage","url":"https:\/\/now-news.de\/de\/wp-content\/uploads\/sites\/3\/2025\/08\/Gipfeltreffen-in-Alaska-Die-deutsche-Presse-senkt-den-Daumen.jpg","contentUrl":"https:\/\/now-news.de\/de\/wp-content\/uploads\/sites\/3\/2025\/08\/Gipfeltreffen-in-Alaska-Die-deutsche-Presse-senkt-den-Daumen.jpg","width":460,"height":259,"caption":"Gipfeltreffen in Alaska: Die deutsche Presse senkt den Daumen"},{"@type":"BreadcrumbList","@id":"https:\/\/now-news.de\/de\/deutschland\/gipfeltreffen-in-alaska-die-deutsche-presse-senkt-den-daumen\/#breadcrumb","itemListElement":[{"@type":"ListItem","position":1,"name":"Home","item":"https:\/\/now-news.de\/de\/"},{"@type":"ListItem","position":2,"name":"Gipfeltreffen in Alaska: Die deutsche Presse senkt den Daumen"}]},{"@type":"WebSite","@id":"https:\/\/now-news.de\/de\/#website","url":"https:\/\/now-news.de\/de\/","name":"just-now.NEWS Deutschland","description":"Das Portal f\u00fcr unzensierte Nachrichten aus der Welt","publisher":{"@id":"https:\/\/now-news.de\/de\/#organization"},"potentialAction":[{"@type":"SearchAction","target":{"@type":"EntryPoint","urlTemplate":"https:\/\/now-news.de\/de\/?s={search_term_string}"},"query-input":"required name=search_term_string"}],"inLanguage":"de"},{"@type":"Organization","@id":"https:\/\/now-news.de\/de\/#organization","name":"Just Now News","url":"https:\/\/now-news.de\/de\/","logo":{"@type":"ImageObject","inLanguage":"de","@id":"https:\/\/now-news.de\/de\/#\/schema\/logo\/image\/","url":"http:\/\/just-now.news\/de\/wp-content\/uploads\/sites\/3\/2022\/04\/logo500x500.jpg","contentUrl":"http:\/\/just-now.news\/de\/wp-content\/uploads\/sites\/3\/2022\/04\/logo500x500.jpg","width":500,"height":500,"caption":"Just Now News"},"image":{"@id":"https:\/\/now-news.de\/de\/#\/schema\/logo\/image\/"},"sameAs":["https:\/\/www.facebook.com\/wirmachenauf","https:\/\/x.com\/WirMachenAuf_de"]},{"@type":"Person","@id":"https:\/\/now-news.de\/de\/#\/schema\/person\/fb534a4e865501d8b3285208df34a9b5","name":"rtnews","image":{"@type":"ImageObject","inLanguage":"de","@id":"https:\/\/now-news.de\/de\/#\/schema\/person\/image\/","url":"https:\/\/secure.gravatar.com\/avatar\/82aafea7d8127119dd649515f56e2117?s=96&d=mm&r=g","contentUrl":"https:\/\/secure.gravatar.com\/avatar\/82aafea7d8127119dd649515f56e2117?s=96&d=mm&r=g","caption":"rtnews"},"url":"https:\/\/now-news.de\/de\/author\/rnews\/"}]}},"_links":{"self":[{"href":"https:\/\/now-news.de\/de\/wp-json\/wp\/v2\/posts\/88921"}],"collection":[{"href":"https:\/\/now-news.de\/de\/wp-json\/wp\/v2\/posts"}],"about":[{"href":"https:\/\/now-news.de\/de\/wp-json\/wp\/v2\/types\/post"}],"author":[{"embeddable":true,"href":"https:\/\/now-news.de\/de\/wp-json\/wp\/v2\/users\/3"}],"replies":[{"embeddable":true,"href":"https:\/\/now-news.de\/de\/wp-json\/wp\/v2\/comments?post=88921"}],"version-history":[{"count":0,"href":"https:\/\/now-news.de\/de\/wp-json\/wp\/v2\/posts\/88921\/revisions"}],"wp:featuredmedia":[{"embeddable":true,"href":"https:\/\/now-news.de\/de\/wp-json\/wp\/v2\/media\/88922"}],"wp:attachment":[{"href":"https:\/\/now-news.de\/de\/wp-json\/wp\/v2\/media?parent=88921"}],"wp:term":[{"taxonomy":"category","embeddable":true,"href":"https:\/\/now-news.de\/de\/wp-json\/wp\/v2\/categories?post=88921"},{"taxonomy":"post_tag","embeddable":true,"href":"https:\/\/now-news.de\/de\/wp-json\/wp\/v2\/tags?post=88921"}],"curies":[{"name":"wp","href":"https:\/\/api.w.org\/{rel}","templated":true}]}}