{"id":88917,"date":"2025-08-16T14:05:11","date_gmt":"2025-08-16T12:05:11","guid":{"rendered":"https:\/\/now-news.de\/de\/deutschland\/medien-vs-realitaet-roger-koeppel-sieht-alaska-gipfel-als-vollen-erfolg-alice-weidel-stimmt-ihm-zu\/"},"modified":"2025-08-16T14:05:11","modified_gmt":"2025-08-16T12:05:11","slug":"medien-vs-realitaet-roger-koeppel-sieht-alaska-gipfel-als-vollen-erfolg-alice-weidel-stimmt-ihm-zu","status":"publish","type":"post","link":"https:\/\/now-news.de\/de\/deutschland\/medien-vs-realitaet-roger-koeppel-sieht-alaska-gipfel-als-vollen-erfolg-alice-weidel-stimmt-ihm-zu\/","title":{"rendered":"Medien vs. Realit\u00e4t: Roger K\u00f6ppel sieht Alaska-Gipfel als vollen Erfolg \u2013 Alice Weidel stimmt ihm zu"},"content":{"rendered":"<p><img decoding=\"async\" src=\"https:\/\/now-news.de\/de\/wp-content\/uploads\/sites\/3\/2025\/08\/68a0676648fbef31631dcbcc.png\" \/><\/p>\n<div class=\"Text-root Text-type_1 \">\n                Roger K\u00f6ppel, Chefredakteur der Weltwoche, bewertet das Gipfeltreffen zwischen Donald Trump und Wladimir Putin in Anchorage \u00e4u\u00dferst positiv. Er bezeichnete das Treffen als &#8220;Gamechanger&#8221; und &#8220;Tauwetter&#8221; in den US-russischen Beziehungen.\n            <\/div>\n<p><\/p>\n<div class=\"Text-root Text-type_5 ArticleView-text ViewText-root \">\n<p data-start=\"236\" data-end=\"582\">Auf einem Luftwaffenst\u00fctzpunkt in Anchorage, Alaska, hat US-Pr\u00e4sident Donald Trump am 16. August 2025 ein Gipfeltreffen mit dem russischen Pr\u00e4sidenten Wladimir Putin abgehalten. Umgeben von B-2-Bombern, F-35- und F-22-Kampfjets, f\u00fchrten die beiden Staatschefs ein dreist\u00fcndiges Gespr\u00e4ch, das in einer abschlie\u00dfenden Pressekonferenz m\u00fcndete.<\/p>\n<p data-start=\"584\" data-end=\"956\">W\u00e4hrend internationale Medien das Treffen \u00fcberwiegend skeptisch bewerten, sieht Roger K\u00f6ppel, der Chefredakteur der Schweizer <em data-start=\"706\" data-end=\"717\">Weltwoche<\/em>, darin einen entscheidenden Fortschritt.<\/p>\n<p data-start=\"584\" data-end=\"956\">Er bezeichnete die Begegnung als &#8220;Tauwetter&#8221; in den Beziehungen zwischen den USA und Russland \u2013 eine atmosph\u00e4rische Wende, die langfristig auch zur Beilegung des Ukraine-Konflikts beitragen k\u00f6nne.<\/p>\n<div class=\"EmbedBlock-root EmbedBlock-youtube\">\n<div class=\"YouTubeEmbed\">\n<div class=\"jeg_video_container jeg_video_content\"><iframe loading=\"lazy\" title=\"Entspannung in Alaska: Friedensmacher Trump und Putin, Gipfel-Triumph f\u00fcr die Welt\" width=\"500\" height=\"281\" src=\"https:\/\/www.youtube.com\/embed\/Gco9NKyHKnA?feature=oembed\" frameborder=\"0\" allow=\"accelerometer; autoplay; clipboard-write; encrypted-media; gyroscope; picture-in-picture; web-share\" referrerpolicy=\"strict-origin-when-cross-origin\" allowfullscreen><\/iframe><\/div>\n<\/div>\n<\/div>\n<p data-start=\"958\" data-end=\"1534\">Die Gespr\u00e4che fanden in einer Atmosph\u00e4re des gegenseitigen Respekts statt. Putin verwies in seiner Rede auf historische Verbindungen zwischen beiden L\u00e4ndern, insbesondere die Zusammenarbeit im Zweiten Weltkrieg, als \u00fcber Alaska milit\u00e4rische Lieferungen nach Russland gelangten.<\/p>\n<p data-start=\"958\" data-end=\"1534\">Bei der Zeremonie legte er einen Kranz nieder und erinnerte an russische Spuren in Alaska, darunter orthodoxe Kirchen und Ortsnamen. Bemerkenswert war Putins Aussage, dass es unter einem US-Pr\u00e4sidenten Trump\u00a0im Jahr 2022\u00a0nicht\u00a0zum\u00a0Ukraine-Krieg gekommen w\u00e4re \u2013 eine Best\u00e4tigung von Trumps Kritik an seinem Vorg\u00e4nger Joe Biden.<\/p>\n<p data-start=\"1536\" data-end=\"2115\">Trump bezeichnete Putin als &#8220;hochintelligenten Politiker&#8221; und hob die vergangenen guten Beziehungen hervor, die durch die &#8220;Russia-Hoax&#8221;-Aff\u00e4re belastet worden seien. Er r\u00e4umte ein, dass das Treffen keine unmittelbaren politischen Durchbr\u00fcche gebracht habe, betonte jedoch die positive Atmosph\u00e4re und die Bereitschaft zum Dialog. Trump sieht sich als Vermittler und forderte Wladimir Selenskij auf, einen Kompromiss mit Russland anzustreben. Ein Folgetreffen in Moskau wurde angesprochen, wobei Trump die Idee als interessant, aber heikel bezeichnete.<\/p>\n<p data-start=\"2117\" data-end=\"2680\">K\u00f6ppel kontrastiert diese Einsch\u00e4tzung mit der Haltung westlicher Medien. In Kiew, Br\u00fcssel, Washington und London wird Trump vorgeworfen, Putin den roten Teppich ausgerollt zu haben, ohne konkrete Ergebnisse zu erzielen. F\u00fcr K\u00f6ppel liegt der Wert des Treffens jedoch auf der zwischenmenschlichen Ebene: Als gr\u00f6\u00dfte Atomm\u00e4chte m\u00fcssten die USA und Russland harmonieren, um globale Krisen zu verhindern. Die westliche D\u00e4monisierung Putins blockiere die Diplomatie und verl\u00e4ngere den Krieg \u2013 eine &#8220;Permafrost-Stimmung&#8221;, die pragmatische L\u00f6sungen erschwere.<\/p>\n<p data-start=\"2117\" data-end=\"2680\">Alice Weidel, Fraktionsvorsitzende der AfD im Bundestag, unterst\u00fctzte K\u00f6ppels Einsch\u00e4tzung zu dem Gipfel auf der Social-Media-Plattform X.<\/p>\n<div class=\"EmbedBlock-root EmbedBlock-twitter\">\n<div class=\"TwitterEmbed\">\n<blockquote class=\"twitter-tweet lazyload\" data-twitter=\"twitter-tweet\">\n<p lang=\"de\" dir=\"ltr\">Sehr gute Analyse des Alaska-Gipfels von Roger K\u00f6ppel. Sucht man in den deutschen Medien vergeblich. <a rel=\"nofollow noopener\" target=\"_blank\" href=\"https:\/\/t.co\/ht2nXMIqPN\">https:\/\/t.co\/ht2nXMIqPN<\/a><\/p>\n<p>\u2014 Alice Weidel (@Alice_Weidel) <a rel=\"nofollow noopener\" target=\"_blank\" href=\"https:\/\/twitter.com\/Alice_Weidel\/status\/1956658738607034561?ref_src=twsrc%5Etfw\">August 16, 2025<\/a><\/p><\/blockquote>\n<\/div>\n<\/div>\n<p data-start=\"2682\" data-end=\"3011\">Aus schweizerischer Perspektive pl\u00e4dierte K\u00f6ppel f\u00fcr eine R\u00fcckkehr zur bewaffneten Neutralit\u00e4t. Die Schweiz sei nicht direkt involviert, k\u00f6nne jedoch von dieser Art pragmatischer Diplomatie lernen. Die EU hingegen verfolge, so K\u00f6ppel, einen moralisch getriebenen Ansatz, der eigene Interessen hintanstelle und Konflikte verl\u00e4ngere.<\/p>\n<p data-start=\"3013\" data-end=\"3426\">Der Gipfel in Alaska k\u00f6nnte den Auftakt zu einer Phase vorsichtiger Entspannung markieren. K\u00f6ppel sieht darin die Chance, die internationalen Beziehungen zu &#8220;enteisen&#8221; und langfristig den Weg zu einem stabileren Friedenssystem zu ebnen.<\/p>\n<p data-start=\"3013\" data-end=\"3426\"><strong>Mehr zum Thema<\/strong>\u00a0&#8211;\u00a0<a rel=\"nofollow noopener\" target=\"_blank\" href=\"https:\/\/freedert.online\/international\/131481-liveticker-ukraine-krieg\/\">Liveticker Ukraine-Krieg<\/a><\/p>\n<div class=\"EmbedBlock-root EmbedBlock-externalVideo EmbedBlock-rumble\">\n<div class=\"VkEmbed\"><iframe class=\"lazyload\" data-src=\"https:\/\/rumble.com\/embed\/v6vg9n6\" frameborder=\"0\" width=\"853\" height=\"480\" allowfullscreen><\/iframe><\/div>\n<\/div>\n<\/div>\n<p><script async src=\"https:\/\/platform.twitter.com\/widgets.js\" charset=\"utf-8\"><\/script><br \/>\n<br \/><br \/>\n<br \/><a href=\"https:\/\/de.rt.com\/schweiz\/253511-medien-vs-realitaet-roger-koeppel\/\">Source link <\/a><\/p>\n","protected":false},"excerpt":{"rendered":"<p>Roger K\u00f6ppel, Chefredakteur der Weltwoche, bewertet das Gipfeltreffen zwischen Donald Trump und Wladimir Putin in Anchorage \u00e4u\u00dferst positiv. Er bezeichnete das Treffen als &#8220;Gamechanger&#8221; und &#8220;Tauwetter&#8221; in den US-russischen Beziehungen. Auf einem Luftwaffenst\u00fctzpunkt in Anchorage, Alaska, hat US-Pr\u00e4sident Donald Trump am 16. August 2025 ein Gipfeltreffen mit dem russischen Pr\u00e4sidenten Wladimir Putin abgehalten. Umgeben von [&hellip;]<\/p>\n","protected":false},"author":3,"featured_media":88918,"comment_status":"open","ping_status":"open","sticky":false,"template":"","format":"standard","meta":{"_yoast_indexnow_last_ping":["1755346796"],"_oembed_2a1a6f12acc6777e75205677847ed117":["<iframe title=\"Entspannung in Alaska: Friedensmacher Trump und Putin, Gipfel-Triumph f\u00fcr die Welt\" width=\"500\" height=\"281\" src=\"https:\/\/www.youtube.com\/embed\/Gco9NKyHKnA?feature=oembed\" frameborder=\"0\" allow=\"accelerometer; autoplay; clipboard-write; encrypted-media; gyroscope; picture-in-picture; web-share\" referrerpolicy=\"strict-origin-when-cross-origin\" allowfullscreen><\/iframe>"],"_oembed_time_2a1a6f12acc6777e75205677847ed117":["1755346798"],"wp_automatic_camp":["217"],"efdbc1806931e77fb6fd02a781a5e4f2":["Medien vs. Realit\u00e4t: Roger K\u00f6ppel sieht Alaska-Gipfel als vollen Erfolg \u2013 Alice Weidel stimmt ihm zu"],"original_link":["https:\/\/de.rt.com\/schweiz\/253511-medien-vs-realitaet-roger-koeppel\/"],"_thumbnail_id":["88918"],"jnews_social_counter_last_update":["1777568717"],"_wptgpro_p2tg_sent2tg":["a:1:{i:23737;s:19:\"2025-08-16 14:21:04\";}"]},"categories":[19,23],"tags":[67014,1307,273,591,9966,42616,580,8910,22769,6809,12453,7637,20441],"yoast_head":"<!-- This site is optimized with the Yoast SEO Premium plugin v22.7 (Yoast SEO v22.7) - https:\/\/yoast.com\/wordpress\/plugins\/seo\/ -->\n<title>Medien vs. Realit\u00e4t: Roger K\u00f6ppel sieht Alaska-Gipfel als vollen Erfolg \u2013 Alice Weidel stimmt ihm zu - just-now.NEWS Deutschland<\/title>\n<meta name=\"robots\" content=\"index, follow, max-snippet:-1, max-image-preview:large, max-video-preview:-1\" \/>\n<link rel=\"canonical\" href=\"https:\/\/now-news.de\/de\/deutschland\/medien-vs-realitaet-roger-koeppel-sieht-alaska-gipfel-als-vollen-erfolg-alice-weidel-stimmt-ihm-zu\/\" \/>\n<meta property=\"og:locale\" content=\"de_DE\" \/>\n<meta property=\"og:type\" content=\"article\" \/>\n<meta property=\"og:title\" content=\"Medien vs. Realit\u00e4t: Roger K\u00f6ppel sieht Alaska-Gipfel als vollen Erfolg \u2013 Alice Weidel stimmt ihm zu\" \/>\n<meta property=\"og:description\" content=\"Roger K\u00f6ppel, Chefredakteur der Weltwoche, bewertet das Gipfeltreffen zwischen Donald Trump und Wladimir Putin in Anchorage \u00e4u\u00dferst positiv. Er bezeichnete das Treffen als &#8220;Gamechanger&#8221; und &#8220;Tauwetter&#8221; in den US-russischen Beziehungen. Auf einem Luftwaffenst\u00fctzpunkt in Anchorage, Alaska, hat US-Pr\u00e4sident Donald Trump am 16. August 2025 ein Gipfeltreffen mit dem russischen Pr\u00e4sidenten Wladimir Putin abgehalten. Umgeben von [&hellip;]\" \/>\n<meta property=\"og:url\" content=\"https:\/\/now-news.de\/de\/deutschland\/medien-vs-realitaet-roger-koeppel-sieht-alaska-gipfel-als-vollen-erfolg-alice-weidel-stimmt-ihm-zu\/\" \/>\n<meta property=\"og:site_name\" content=\"just-now.NEWS Deutschland\" \/>\n<meta property=\"article:publisher\" content=\"https:\/\/www.facebook.com\/wirmachenauf\" \/>\n<meta property=\"article:published_time\" content=\"2025-08-16T12:05:11+00:00\" \/>\n<meta property=\"og:image\" content=\"https:\/\/now-news.de\/de\/wp-content\/uploads\/sites\/3\/2025\/08\/68a0676648fbef31631dcbcc.png\" \/>\n<meta name=\"author\" content=\"rtnews\" \/>\n<meta name=\"twitter:card\" content=\"summary_large_image\" \/>\n<meta name=\"twitter:creator\" content=\"@WirMachenAuf_de\" \/>\n<meta name=\"twitter:site\" content=\"@WirMachenAuf_de\" \/>\n<meta name=\"twitter:label1\" content=\"Verfasst von\" \/>\n\t<meta name=\"twitter:data1\" content=\"rtnews\" \/>\n\t<meta name=\"twitter:label2\" content=\"Gesch\u00e4tzte Lesezeit\" \/>\n\t<meta name=\"twitter:data2\" content=\"3\u00a0Minuten\" \/>\n<script type=\"application\/ld+json\" class=\"yoast-schema-graph\">{\"@context\":\"https:\/\/schema.org\",\"@graph\":[{\"@type\":\"Article\",\"@id\":\"https:\/\/now-news.de\/de\/deutschland\/medien-vs-realitaet-roger-koeppel-sieht-alaska-gipfel-als-vollen-erfolg-alice-weidel-stimmt-ihm-zu\/#article\",\"isPartOf\":{\"@id\":\"https:\/\/now-news.de\/de\/deutschland\/medien-vs-realitaet-roger-koeppel-sieht-alaska-gipfel-als-vollen-erfolg-alice-weidel-stimmt-ihm-zu\/\"},\"author\":{\"name\":\"rtnews\",\"@id\":\"https:\/\/now-news.de\/de\/#\/schema\/person\/fb534a4e865501d8b3285208df34a9b5\"},\"headline\":\"Medien vs. Realit\u00e4t: Roger K\u00f6ppel sieht Alaska-Gipfel als vollen Erfolg \u2013 Alice Weidel stimmt ihm zu\",\"datePublished\":\"2025-08-16T12:05:11+00:00\",\"dateModified\":\"2025-08-16T12:05:11+00:00\",\"mainEntityOfPage\":{\"@id\":\"https:\/\/now-news.de\/de\/deutschland\/medien-vs-realitaet-roger-koeppel-sieht-alaska-gipfel-als-vollen-erfolg-alice-weidel-stimmt-ihm-zu\/\"},\"wordCount\":551,\"commentCount\":0,\"publisher\":{\"@id\":\"https:\/\/now-news.de\/de\/#organization\"},\"image\":{\"@id\":\"https:\/\/now-news.de\/de\/deutschland\/medien-vs-realitaet-roger-koeppel-sieht-alaska-gipfel-als-vollen-erfolg-alice-weidel-stimmt-ihm-zu\/#primaryimage\"},\"thumbnailUrl\":\"https:\/\/now-news.de\/de\/wp-content\/uploads\/sites\/3\/2025\/08\/Medien-vs-Realitaet-Roger-Koeppel-sieht-Alaska-Gipfel-als-vollen-Erfolg.png\",\"keywords\":[\"AlaskaGipfel\",\"Alice\",\"als\",\"Erfolg\",\"ihm\",\"K\u00f6ppel\",\"Medien\",\"Realit\u00e4t\",\"ROGER\",\"sieht\",\"stimmt\",\"vollen\",\"Weidel\"],\"articleSection\":[\"Deutschland\",\"Russland\"],\"inLanguage\":\"de\",\"potentialAction\":[{\"@type\":\"CommentAction\",\"name\":\"Comment\",\"target\":[\"https:\/\/now-news.de\/de\/deutschland\/medien-vs-realitaet-roger-koeppel-sieht-alaska-gipfel-als-vollen-erfolg-alice-weidel-stimmt-ihm-zu\/#respond\"]}]},{\"@type\":\"WebPage\",\"@id\":\"https:\/\/now-news.de\/de\/deutschland\/medien-vs-realitaet-roger-koeppel-sieht-alaska-gipfel-als-vollen-erfolg-alice-weidel-stimmt-ihm-zu\/\",\"url\":\"https:\/\/now-news.de\/de\/deutschland\/medien-vs-realitaet-roger-koeppel-sieht-alaska-gipfel-als-vollen-erfolg-alice-weidel-stimmt-ihm-zu\/\",\"name\":\"Medien vs. Realit\u00e4t: Roger K\u00f6ppel sieht Alaska-Gipfel als vollen Erfolg \u2013 Alice Weidel stimmt ihm zu - just-now.NEWS Deutschland\",\"isPartOf\":{\"@id\":\"https:\/\/now-news.de\/de\/#website\"},\"primaryImageOfPage\":{\"@id\":\"https:\/\/now-news.de\/de\/deutschland\/medien-vs-realitaet-roger-koeppel-sieht-alaska-gipfel-als-vollen-erfolg-alice-weidel-stimmt-ihm-zu\/#primaryimage\"},\"image\":{\"@id\":\"https:\/\/now-news.de\/de\/deutschland\/medien-vs-realitaet-roger-koeppel-sieht-alaska-gipfel-als-vollen-erfolg-alice-weidel-stimmt-ihm-zu\/#primaryimage\"},\"thumbnailUrl\":\"https:\/\/now-news.de\/de\/wp-content\/uploads\/sites\/3\/2025\/08\/Medien-vs-Realitaet-Roger-Koeppel-sieht-Alaska-Gipfel-als-vollen-Erfolg.png\",\"datePublished\":\"2025-08-16T12:05:11+00:00\",\"dateModified\":\"2025-08-16T12:05:11+00:00\",\"breadcrumb\":{\"@id\":\"https:\/\/now-news.de\/de\/deutschland\/medien-vs-realitaet-roger-koeppel-sieht-alaska-gipfel-als-vollen-erfolg-alice-weidel-stimmt-ihm-zu\/#breadcrumb\"},\"inLanguage\":\"de\",\"potentialAction\":[{\"@type\":\"ReadAction\",\"target\":[\"https:\/\/now-news.de\/de\/deutschland\/medien-vs-realitaet-roger-koeppel-sieht-alaska-gipfel-als-vollen-erfolg-alice-weidel-stimmt-ihm-zu\/\"]}]},{\"@type\":\"ImageObject\",\"inLanguage\":\"de\",\"@id\":\"https:\/\/now-news.de\/de\/deutschland\/medien-vs-realitaet-roger-koeppel-sieht-alaska-gipfel-als-vollen-erfolg-alice-weidel-stimmt-ihm-zu\/#primaryimage\",\"url\":\"https:\/\/now-news.de\/de\/wp-content\/uploads\/sites\/3\/2025\/08\/Medien-vs-Realitaet-Roger-Koeppel-sieht-Alaska-Gipfel-als-vollen-Erfolg.png\",\"contentUrl\":\"https:\/\/now-news.de\/de\/wp-content\/uploads\/sites\/3\/2025\/08\/Medien-vs-Realitaet-Roger-Koeppel-sieht-Alaska-Gipfel-als-vollen-Erfolg.png\",\"width\":460,\"height\":259,\"caption\":\"Medien vs. Realit\u00e4t: Roger K\u00f6ppel sieht Alaska-Gipfel als vollen Erfolg \u2013 Alice Weidel stimmt ihm zu\"},{\"@type\":\"BreadcrumbList\",\"@id\":\"https:\/\/now-news.de\/de\/deutschland\/medien-vs-realitaet-roger-koeppel-sieht-alaska-gipfel-als-vollen-erfolg-alice-weidel-stimmt-ihm-zu\/#breadcrumb\",\"itemListElement\":[{\"@type\":\"ListItem\",\"position\":1,\"name\":\"Home\",\"item\":\"https:\/\/now-news.de\/de\/\"},{\"@type\":\"ListItem\",\"position\":2,\"name\":\"Medien vs. Realit\u00e4t: Roger K\u00f6ppel sieht Alaska-Gipfel als vollen Erfolg \u2013 Alice Weidel stimmt ihm zu\"}]},{\"@type\":\"WebSite\",\"@id\":\"https:\/\/now-news.de\/de\/#website\",\"url\":\"https:\/\/now-news.de\/de\/\",\"name\":\"just-now.NEWS Deutschland\",\"description\":\"Das Portal f\u00fcr unzensierte Nachrichten aus der Welt\",\"publisher\":{\"@id\":\"https:\/\/now-news.de\/de\/#organization\"},\"potentialAction\":[{\"@type\":\"SearchAction\",\"target\":{\"@type\":\"EntryPoint\",\"urlTemplate\":\"https:\/\/now-news.de\/de\/?s={search_term_string}\"},\"query-input\":\"required name=search_term_string\"}],\"inLanguage\":\"de\"},{\"@type\":\"Organization\",\"@id\":\"https:\/\/now-news.de\/de\/#organization\",\"name\":\"Just Now News\",\"url\":\"https:\/\/now-news.de\/de\/\",\"logo\":{\"@type\":\"ImageObject\",\"inLanguage\":\"de\",\"@id\":\"https:\/\/now-news.de\/de\/#\/schema\/logo\/image\/\",\"url\":\"http:\/\/just-now.news\/de\/wp-content\/uploads\/sites\/3\/2022\/04\/logo500x500.jpg\",\"contentUrl\":\"http:\/\/just-now.news\/de\/wp-content\/uploads\/sites\/3\/2022\/04\/logo500x500.jpg\",\"width\":500,\"height\":500,\"caption\":\"Just Now News\"},\"image\":{\"@id\":\"https:\/\/now-news.de\/de\/#\/schema\/logo\/image\/\"},\"sameAs\":[\"https:\/\/www.facebook.com\/wirmachenauf\",\"https:\/\/x.com\/WirMachenAuf_de\"]},{\"@type\":\"Person\",\"@id\":\"https:\/\/now-news.de\/de\/#\/schema\/person\/fb534a4e865501d8b3285208df34a9b5\",\"name\":\"rtnews\",\"image\":{\"@type\":\"ImageObject\",\"inLanguage\":\"de\",\"@id\":\"https:\/\/now-news.de\/de\/#\/schema\/person\/image\/\",\"url\":\"https:\/\/secure.gravatar.com\/avatar\/82aafea7d8127119dd649515f56e2117?s=96&d=mm&r=g\",\"contentUrl\":\"https:\/\/secure.gravatar.com\/avatar\/82aafea7d8127119dd649515f56e2117?s=96&d=mm&r=g\",\"caption\":\"rtnews\"},\"url\":\"https:\/\/now-news.de\/de\/author\/rnews\/\"}]}<\/script>\n<!-- \/ Yoast SEO Premium plugin. -->","yoast_head_json":{"title":"Medien vs. Realit\u00e4t: Roger K\u00f6ppel sieht Alaska-Gipfel als vollen Erfolg \u2013 Alice Weidel stimmt ihm zu - just-now.NEWS Deutschland","robots":{"index":"index","follow":"follow","max-snippet":"max-snippet:-1","max-image-preview":"max-image-preview:large","max-video-preview":"max-video-preview:-1"},"canonical":"https:\/\/now-news.de\/de\/deutschland\/medien-vs-realitaet-roger-koeppel-sieht-alaska-gipfel-als-vollen-erfolg-alice-weidel-stimmt-ihm-zu\/","og_locale":"de_DE","og_type":"article","og_title":"Medien vs. Realit\u00e4t: Roger K\u00f6ppel sieht Alaska-Gipfel als vollen Erfolg \u2013 Alice Weidel stimmt ihm zu","og_description":"Roger K\u00f6ppel, Chefredakteur der Weltwoche, bewertet das Gipfeltreffen zwischen Donald Trump und Wladimir Putin in Anchorage \u00e4u\u00dferst positiv. Er bezeichnete das Treffen als &#8220;Gamechanger&#8221; und &#8220;Tauwetter&#8221; in den US-russischen Beziehungen. Auf einem Luftwaffenst\u00fctzpunkt in Anchorage, Alaska, hat US-Pr\u00e4sident Donald Trump am 16. August 2025 ein Gipfeltreffen mit dem russischen Pr\u00e4sidenten Wladimir Putin abgehalten. Umgeben von [&hellip;]","og_url":"https:\/\/now-news.de\/de\/deutschland\/medien-vs-realitaet-roger-koeppel-sieht-alaska-gipfel-als-vollen-erfolg-alice-weidel-stimmt-ihm-zu\/","og_site_name":"just-now.NEWS Deutschland","article_publisher":"https:\/\/www.facebook.com\/wirmachenauf","article_published_time":"2025-08-16T12:05:11+00:00","og_image":[{"url":"https:\/\/now-news.de\/de\/wp-content\/uploads\/sites\/3\/2025\/08\/68a0676648fbef31631dcbcc.png"}],"author":"rtnews","twitter_card":"summary_large_image","twitter_creator":"@WirMachenAuf_de","twitter_site":"@WirMachenAuf_de","twitter_misc":{"Verfasst von":"rtnews","Gesch\u00e4tzte Lesezeit":"3\u00a0Minuten"},"schema":{"@context":"https:\/\/schema.org","@graph":[{"@type":"Article","@id":"https:\/\/now-news.de\/de\/deutschland\/medien-vs-realitaet-roger-koeppel-sieht-alaska-gipfel-als-vollen-erfolg-alice-weidel-stimmt-ihm-zu\/#article","isPartOf":{"@id":"https:\/\/now-news.de\/de\/deutschland\/medien-vs-realitaet-roger-koeppel-sieht-alaska-gipfel-als-vollen-erfolg-alice-weidel-stimmt-ihm-zu\/"},"author":{"name":"rtnews","@id":"https:\/\/now-news.de\/de\/#\/schema\/person\/fb534a4e865501d8b3285208df34a9b5"},"headline":"Medien vs. Realit\u00e4t: Roger K\u00f6ppel sieht Alaska-Gipfel als vollen Erfolg \u2013 Alice Weidel stimmt ihm zu","datePublished":"2025-08-16T12:05:11+00:00","dateModified":"2025-08-16T12:05:11+00:00","mainEntityOfPage":{"@id":"https:\/\/now-news.de\/de\/deutschland\/medien-vs-realitaet-roger-koeppel-sieht-alaska-gipfel-als-vollen-erfolg-alice-weidel-stimmt-ihm-zu\/"},"wordCount":551,"commentCount":0,"publisher":{"@id":"https:\/\/now-news.de\/de\/#organization"},"image":{"@id":"https:\/\/now-news.de\/de\/deutschland\/medien-vs-realitaet-roger-koeppel-sieht-alaska-gipfel-als-vollen-erfolg-alice-weidel-stimmt-ihm-zu\/#primaryimage"},"thumbnailUrl":"https:\/\/now-news.de\/de\/wp-content\/uploads\/sites\/3\/2025\/08\/Medien-vs-Realitaet-Roger-Koeppel-sieht-Alaska-Gipfel-als-vollen-Erfolg.png","keywords":["AlaskaGipfel","Alice","als","Erfolg","ihm","K\u00f6ppel","Medien","Realit\u00e4t","ROGER","sieht","stimmt","vollen","Weidel"],"articleSection":["Deutschland","Russland"],"inLanguage":"de","potentialAction":[{"@type":"CommentAction","name":"Comment","target":["https:\/\/now-news.de\/de\/deutschland\/medien-vs-realitaet-roger-koeppel-sieht-alaska-gipfel-als-vollen-erfolg-alice-weidel-stimmt-ihm-zu\/#respond"]}]},{"@type":"WebPage","@id":"https:\/\/now-news.de\/de\/deutschland\/medien-vs-realitaet-roger-koeppel-sieht-alaska-gipfel-als-vollen-erfolg-alice-weidel-stimmt-ihm-zu\/","url":"https:\/\/now-news.de\/de\/deutschland\/medien-vs-realitaet-roger-koeppel-sieht-alaska-gipfel-als-vollen-erfolg-alice-weidel-stimmt-ihm-zu\/","name":"Medien vs. Realit\u00e4t: Roger K\u00f6ppel sieht Alaska-Gipfel als vollen Erfolg \u2013 Alice Weidel stimmt ihm zu - just-now.NEWS Deutschland","isPartOf":{"@id":"https:\/\/now-news.de\/de\/#website"},"primaryImageOfPage":{"@id":"https:\/\/now-news.de\/de\/deutschland\/medien-vs-realitaet-roger-koeppel-sieht-alaska-gipfel-als-vollen-erfolg-alice-weidel-stimmt-ihm-zu\/#primaryimage"},"image":{"@id":"https:\/\/now-news.de\/de\/deutschland\/medien-vs-realitaet-roger-koeppel-sieht-alaska-gipfel-als-vollen-erfolg-alice-weidel-stimmt-ihm-zu\/#primaryimage"},"thumbnailUrl":"https:\/\/now-news.de\/de\/wp-content\/uploads\/sites\/3\/2025\/08\/Medien-vs-Realitaet-Roger-Koeppel-sieht-Alaska-Gipfel-als-vollen-Erfolg.png","datePublished":"2025-08-16T12:05:11+00:00","dateModified":"2025-08-16T12:05:11+00:00","breadcrumb":{"@id":"https:\/\/now-news.de\/de\/deutschland\/medien-vs-realitaet-roger-koeppel-sieht-alaska-gipfel-als-vollen-erfolg-alice-weidel-stimmt-ihm-zu\/#breadcrumb"},"inLanguage":"de","potentialAction":[{"@type":"ReadAction","target":["https:\/\/now-news.de\/de\/deutschland\/medien-vs-realitaet-roger-koeppel-sieht-alaska-gipfel-als-vollen-erfolg-alice-weidel-stimmt-ihm-zu\/"]}]},{"@type":"ImageObject","inLanguage":"de","@id":"https:\/\/now-news.de\/de\/deutschland\/medien-vs-realitaet-roger-koeppel-sieht-alaska-gipfel-als-vollen-erfolg-alice-weidel-stimmt-ihm-zu\/#primaryimage","url":"https:\/\/now-news.de\/de\/wp-content\/uploads\/sites\/3\/2025\/08\/Medien-vs-Realitaet-Roger-Koeppel-sieht-Alaska-Gipfel-als-vollen-Erfolg.png","contentUrl":"https:\/\/now-news.de\/de\/wp-content\/uploads\/sites\/3\/2025\/08\/Medien-vs-Realitaet-Roger-Koeppel-sieht-Alaska-Gipfel-als-vollen-Erfolg.png","width":460,"height":259,"caption":"Medien vs. Realit\u00e4t: Roger K\u00f6ppel sieht Alaska-Gipfel als vollen Erfolg \u2013 Alice Weidel stimmt ihm zu"},{"@type":"BreadcrumbList","@id":"https:\/\/now-news.de\/de\/deutschland\/medien-vs-realitaet-roger-koeppel-sieht-alaska-gipfel-als-vollen-erfolg-alice-weidel-stimmt-ihm-zu\/#breadcrumb","itemListElement":[{"@type":"ListItem","position":1,"name":"Home","item":"https:\/\/now-news.de\/de\/"},{"@type":"ListItem","position":2,"name":"Medien vs. Realit\u00e4t: Roger K\u00f6ppel sieht Alaska-Gipfel als vollen Erfolg \u2013 Alice Weidel stimmt ihm zu"}]},{"@type":"WebSite","@id":"https:\/\/now-news.de\/de\/#website","url":"https:\/\/now-news.de\/de\/","name":"just-now.NEWS Deutschland","description":"Das Portal f\u00fcr unzensierte Nachrichten aus der Welt","publisher":{"@id":"https:\/\/now-news.de\/de\/#organization"},"potentialAction":[{"@type":"SearchAction","target":{"@type":"EntryPoint","urlTemplate":"https:\/\/now-news.de\/de\/?s={search_term_string}"},"query-input":"required name=search_term_string"}],"inLanguage":"de"},{"@type":"Organization","@id":"https:\/\/now-news.de\/de\/#organization","name":"Just Now News","url":"https:\/\/now-news.de\/de\/","logo":{"@type":"ImageObject","inLanguage":"de","@id":"https:\/\/now-news.de\/de\/#\/schema\/logo\/image\/","url":"http:\/\/just-now.news\/de\/wp-content\/uploads\/sites\/3\/2022\/04\/logo500x500.jpg","contentUrl":"http:\/\/just-now.news\/de\/wp-content\/uploads\/sites\/3\/2022\/04\/logo500x500.jpg","width":500,"height":500,"caption":"Just Now News"},"image":{"@id":"https:\/\/now-news.de\/de\/#\/schema\/logo\/image\/"},"sameAs":["https:\/\/www.facebook.com\/wirmachenauf","https:\/\/x.com\/WirMachenAuf_de"]},{"@type":"Person","@id":"https:\/\/now-news.de\/de\/#\/schema\/person\/fb534a4e865501d8b3285208df34a9b5","name":"rtnews","image":{"@type":"ImageObject","inLanguage":"de","@id":"https:\/\/now-news.de\/de\/#\/schema\/person\/image\/","url":"https:\/\/secure.gravatar.com\/avatar\/82aafea7d8127119dd649515f56e2117?s=96&d=mm&r=g","contentUrl":"https:\/\/secure.gravatar.com\/avatar\/82aafea7d8127119dd649515f56e2117?s=96&d=mm&r=g","caption":"rtnews"},"url":"https:\/\/now-news.de\/de\/author\/rnews\/"}]}},"_links":{"self":[{"href":"https:\/\/now-news.de\/de\/wp-json\/wp\/v2\/posts\/88917"}],"collection":[{"href":"https:\/\/now-news.de\/de\/wp-json\/wp\/v2\/posts"}],"about":[{"href":"https:\/\/now-news.de\/de\/wp-json\/wp\/v2\/types\/post"}],"author":[{"embeddable":true,"href":"https:\/\/now-news.de\/de\/wp-json\/wp\/v2\/users\/3"}],"replies":[{"embeddable":true,"href":"https:\/\/now-news.de\/de\/wp-json\/wp\/v2\/comments?post=88917"}],"version-history":[{"count":0,"href":"https:\/\/now-news.de\/de\/wp-json\/wp\/v2\/posts\/88917\/revisions"}],"wp:featuredmedia":[{"embeddable":true,"href":"https:\/\/now-news.de\/de\/wp-json\/wp\/v2\/media\/88918"}],"wp:attachment":[{"href":"https:\/\/now-news.de\/de\/wp-json\/wp\/v2\/media?parent=88917"}],"wp:term":[{"taxonomy":"category","embeddable":true,"href":"https:\/\/now-news.de\/de\/wp-json\/wp\/v2\/categories?post=88917"},{"taxonomy":"post_tag","embeddable":true,"href":"https:\/\/now-news.de\/de\/wp-json\/wp\/v2\/tags?post=88917"}],"curies":[{"name":"wp","href":"https:\/\/api.w.org\/{rel}","templated":true}]}}