{"id":88777,"date":"2025-08-13T19:36:16","date_gmt":"2025-08-13T17:36:16","guid":{"rendered":"https:\/\/now-news.de\/de\/deutschland\/russlands-auslandsgeheimdienst-eu-kommission-zielt-auf-machtwechsel-in-ungarn-ab\/"},"modified":"2025-08-13T19:36:16","modified_gmt":"2025-08-13T17:36:16","slug":"russlands-auslandsgeheimdienst-eu-kommission-zielt-auf-machtwechsel-in-ungarn-ab","status":"publish","type":"post","link":"https:\/\/now-news.de\/de\/deutschland\/russlands-auslandsgeheimdienst-eu-kommission-zielt-auf-machtwechsel-in-ungarn-ab\/","title":{"rendered":"Russlands Auslandsgeheimdienst: EU-Kommission zielt auf Machtwechsel in Ungarn ab"},"content":{"rendered":"<p><img decoding=\"async\" src=\"https:\/\/now-news.de\/de\/wp-content\/uploads\/sites\/3\/2025\/08\/689c9505b480cc26c277b8f6.jpg\" \/><\/p>\n<div class=\"Text-root Text-type_1 \">\n                Die Europ\u00e4ische Kommission erw\u00e4gt aufgrund der Unzufriedenheit mit der eigenst\u00e4ndigen Politik Budapests einen Wechsel der ungarischen F\u00fchrung. Dies teilte der Auslandsgeheimdienst der Russischen F\u00f6deration mit.\n            <\/div>\n<p><\/p>\n<div class=\"Text-root Text-type_5 ArticleView-text ViewText-root \">\n<p>Die EU-Kommission betrachte die derzeitige politische F\u00fchrung Ungarns als Hindernis f\u00fcr ein &#8220;einheitliches Europa&#8221; und ziehe Szenarien f\u00fcr einen Machtwechsel in der Republik in Betracht. Dies <a rel=\"nofollow noopener\" target=\"_blank\" href=\"http:\/\/svr.gov.ru\/smi\/2025\/08\/evrokomissiya-natselena-na-smenu-vlasti-v-vengrii.htm\">teilte<\/a> der russische Auslandsgeheimdienst (SWR) am Mittwoch mit.<\/p>\n<p>In der offiziellen Erkl\u00e4rung des Geheimdienstes hei\u00dft es, dass auch die Ukraine sich an dieser Kampagne beteilige. Das Ziel sei es, die Lage in Ungarn mithilfe der ukrainischen\u00a0Geheimdienste und der ukrainischen Diaspora zu destabilisieren. &#8220;Kiew, das \u00fcber die Blockade seines EU-Beitritts durch Budapest &#8216;beleidigt&#8217; ist, hat sich auf Anweisung Br\u00fcssels aktiv an der Kampagne zum &#8216;Sturz&#8217; der ungarischen Regierung beteiligt.&#8221; Dabei \u00fcbernehme das Regime von Wladimir Selenskij &#8220;die schmutzigste Arbeit&#8221;.<\/p>\n<p>&#8220;Nach Angaben des Geheimdienstes pr\u00fcft die Pr\u00e4sidentin der Europ\u00e4ischen Kommission, Ursula von der Leyen, ernsthaft Szenarien f\u00fcr einen &#8216;Wechsel des Regime in Budapest&#8217;. Als Hauptkandidat f\u00fcr das Amt des Regierungschefs sieht sie den den globalistischen Eliten gegen\u00fcber loyalen Vorsitzenden der Oppositionspartei &#8220;Respekt und Freiheit&#8221;, Peter Magyar. Der Plan besteht darin, ihn bei den Parlamentswahlen im Fr\u00fchjahr 2026, &#8216;vielleicht sogar fr\u00fcher&#8217;, an die Macht zu bringen&#8221;, hei\u00dft es weiter.<\/p>\n<p>Wie der Dienst mitteilte, seien &#8220;deutsche Parteifonds, norwegische Nichtregierungsorganisationen f\u00fcr Menschenrechte sowie die Europ\u00e4ische Volkspartei&#8221; bereit, Mittel zur Finanzierung dieses Plans bereitzustellen.<\/p>\n<p>Br\u00fcssel habe &#8220;die Geduld verloren&#8221;, als die ungarischen Beh\u00f6rden entschieden haben, den Siebenjahreshaushalt der EU zu blockieren. Nach Ansicht Budapests w\u00fcrde\u00a0der neue Haushalt zur Militarisierung Europas beitragen und es auf eine Konfrontation mit Moskau vorbereiten.<\/p>\n<p>Die Regierung von Viktor Orb\u00e1n wurde wiederholt von anderen EU-L\u00e4ndern wegen Ungarns Haltung zum milit\u00e4rischen Konflikt zwischen Russland und der Ukraine kritisiert: Budapest lehnt eine Fortsetzung der Milit\u00e4rhilfe f\u00fcr Kiew ab und hat wiederholt damit gedroht, entsprechende Initiativen zu blockieren.\u00a0<\/p>\n<p><strong>Mehr zum Thema <\/strong>\u2013<strong><\/strong><a rel=\"nofollow noopener\" target=\"_blank\" href=\"https:\/\/freedert.online\/europa\/253156-orban-erklaert-russland-zum-sieger\/\">Orb\u00e1n erkl\u00e4rt Russland zum Sieger im Ukraine-Krieg<\/a><\/p>\n<div class=\"EmbedBlock-root EmbedBlock-externalVideo EmbedBlock-rumble\">\n<div class=\"VkEmbed\"><iframe class=\"lazyload\" data-src=\"https:\/\/rumble.com\/embed\/v6v4hi4\" frameborder=\"0\" width=\"853\" height=\"480\" allowfullscreen><\/iframe><\/div>\n<\/div>\n<\/div>\n<p><br \/>\n<br \/><a href=\"https:\/\/de.rt.com\/europa\/253173-russlands-auslandsgeheimdienst-eu-kommission-zielt\/\">Source link <\/a><\/p>\n","protected":false},"excerpt":{"rendered":"<p>Die Europ\u00e4ische Kommission erw\u00e4gt aufgrund der Unzufriedenheit mit der eigenst\u00e4ndigen Politik Budapests einen Wechsel der ungarischen F\u00fchrung. Dies teilte der Auslandsgeheimdienst der Russischen F\u00f6deration mit. Die EU-Kommission betrachte die derzeitige politische F\u00fchrung Ungarns als Hindernis f\u00fcr ein &#8220;einheitliches Europa&#8221; und ziehe Szenarien f\u00fcr einen Machtwechsel in der Republik in Betracht. Dies teilte der russische Auslandsgeheimdienst [&hellip;]<\/p>\n","protected":false},"author":3,"featured_media":88778,"comment_status":"open","ping_status":"open","sticky":false,"template":"","format":"standard","meta":{"_yoast_indexnow_last_ping":["1755107524"],"wp_automatic_camp":["217"],"ee19873a2963fa30c2e7b57f3c0c99ce":["Russlands Auslandsgeheimdienst: EU-Kommission zielt auf Machtwechsel in Ungarn ab"],"original_link":["https:\/\/de.rt.com\/europa\/253173-russlands-auslandsgeheimdienst-eu-kommission-zielt\/"],"jnews_social_counter_last_update":["1777183476"],"_thumbnail_id":["88778"],"_wptgpro_p2tg_sent2tg":["a:1:{i:23737;s:19:\"2025-08-13 19:53:05\";}"]},"categories":[19,23],"tags":[133,12726,1500,33518,142,11664,26136],"yoast_head":"<!-- This site is optimized with the Yoast SEO Premium plugin v22.7 (Yoast SEO v22.7) - https:\/\/yoast.com\/wordpress\/plugins\/seo\/ -->\n<title>Russlands Auslandsgeheimdienst: EU-Kommission zielt auf Machtwechsel in Ungarn ab - just-now.NEWS Deutschland<\/title>\n<meta name=\"robots\" content=\"index, follow, max-snippet:-1, max-image-preview:large, max-video-preview:-1\" \/>\n<link rel=\"canonical\" href=\"https:\/\/now-news.de\/de\/deutschland\/russlands-auslandsgeheimdienst-eu-kommission-zielt-auf-machtwechsel-in-ungarn-ab\/\" \/>\n<meta property=\"og:locale\" content=\"de_DE\" \/>\n<meta property=\"og:type\" content=\"article\" \/>\n<meta property=\"og:title\" content=\"Russlands Auslandsgeheimdienst: EU-Kommission zielt auf Machtwechsel in Ungarn ab\" \/>\n<meta property=\"og:description\" content=\"Die Europ\u00e4ische Kommission erw\u00e4gt aufgrund der Unzufriedenheit mit der eigenst\u00e4ndigen Politik Budapests einen Wechsel der ungarischen F\u00fchrung. Dies teilte der Auslandsgeheimdienst der Russischen F\u00f6deration mit. Die EU-Kommission betrachte die derzeitige politische F\u00fchrung Ungarns als Hindernis f\u00fcr ein &#8220;einheitliches Europa&#8221; und ziehe Szenarien f\u00fcr einen Machtwechsel in der Republik in Betracht. Dies teilte der russische Auslandsgeheimdienst [&hellip;]\" \/>\n<meta property=\"og:url\" content=\"https:\/\/now-news.de\/de\/deutschland\/russlands-auslandsgeheimdienst-eu-kommission-zielt-auf-machtwechsel-in-ungarn-ab\/\" \/>\n<meta property=\"og:site_name\" content=\"just-now.NEWS Deutschland\" \/>\n<meta property=\"article:publisher\" content=\"https:\/\/www.facebook.com\/wirmachenauf\" \/>\n<meta property=\"article:published_time\" content=\"2025-08-13T17:36:16+00:00\" \/>\n<meta property=\"og:image\" content=\"https:\/\/now-news.de\/de\/wp-content\/uploads\/sites\/3\/2025\/08\/689c9505b480cc26c277b8f6.jpg\" \/>\n<meta name=\"author\" content=\"rtnews\" \/>\n<meta name=\"twitter:card\" content=\"summary_large_image\" \/>\n<meta name=\"twitter:creator\" content=\"@WirMachenAuf_de\" \/>\n<meta name=\"twitter:site\" content=\"@WirMachenAuf_de\" \/>\n<meta name=\"twitter:label1\" content=\"Verfasst von\" \/>\n\t<meta name=\"twitter:data1\" content=\"rtnews\" \/>\n\t<meta name=\"twitter:label2\" content=\"Gesch\u00e4tzte Lesezeit\" \/>\n\t<meta name=\"twitter:data2\" content=\"2\u00a0Minuten\" \/>\n<script type=\"application\/ld+json\" class=\"yoast-schema-graph\">{\"@context\":\"https:\/\/schema.org\",\"@graph\":[{\"@type\":\"Article\",\"@id\":\"https:\/\/now-news.de\/de\/deutschland\/russlands-auslandsgeheimdienst-eu-kommission-zielt-auf-machtwechsel-in-ungarn-ab\/#article\",\"isPartOf\":{\"@id\":\"https:\/\/now-news.de\/de\/deutschland\/russlands-auslandsgeheimdienst-eu-kommission-zielt-auf-machtwechsel-in-ungarn-ab\/\"},\"author\":{\"name\":\"rtnews\",\"@id\":\"https:\/\/now-news.de\/de\/#\/schema\/person\/fb534a4e865501d8b3285208df34a9b5\"},\"headline\":\"Russlands Auslandsgeheimdienst: EU-Kommission zielt auf Machtwechsel in Ungarn ab\",\"datePublished\":\"2025-08-13T17:36:16+00:00\",\"dateModified\":\"2025-08-13T17:36:16+00:00\",\"mainEntityOfPage\":{\"@id\":\"https:\/\/now-news.de\/de\/deutschland\/russlands-auslandsgeheimdienst-eu-kommission-zielt-auf-machtwechsel-in-ungarn-ab\/\"},\"wordCount\":349,\"commentCount\":0,\"publisher\":{\"@id\":\"https:\/\/now-news.de\/de\/#organization\"},\"image\":{\"@id\":\"https:\/\/now-news.de\/de\/deutschland\/russlands-auslandsgeheimdienst-eu-kommission-zielt-auf-machtwechsel-in-ungarn-ab\/#primaryimage\"},\"thumbnailUrl\":\"https:\/\/now-news.de\/de\/wp-content\/uploads\/sites\/3\/2025\/08\/Russlands-Auslandsgeheimdienst-EU-Kommission-zielt-auf-Machtwechsel-in-Ungarn-ab.jpg\",\"keywords\":[\"AUF\",\"Auslandsgeheimdienst\",\"EUKommission\",\"Machtwechsel\",\"Russlands\",\"Ungarn\",\"zielt\"],\"articleSection\":[\"Deutschland\",\"Russland\"],\"inLanguage\":\"de\",\"potentialAction\":[{\"@type\":\"CommentAction\",\"name\":\"Comment\",\"target\":[\"https:\/\/now-news.de\/de\/deutschland\/russlands-auslandsgeheimdienst-eu-kommission-zielt-auf-machtwechsel-in-ungarn-ab\/#respond\"]}]},{\"@type\":\"WebPage\",\"@id\":\"https:\/\/now-news.de\/de\/deutschland\/russlands-auslandsgeheimdienst-eu-kommission-zielt-auf-machtwechsel-in-ungarn-ab\/\",\"url\":\"https:\/\/now-news.de\/de\/deutschland\/russlands-auslandsgeheimdienst-eu-kommission-zielt-auf-machtwechsel-in-ungarn-ab\/\",\"name\":\"Russlands Auslandsgeheimdienst: EU-Kommission zielt auf Machtwechsel in Ungarn ab - just-now.NEWS Deutschland\",\"isPartOf\":{\"@id\":\"https:\/\/now-news.de\/de\/#website\"},\"primaryImageOfPage\":{\"@id\":\"https:\/\/now-news.de\/de\/deutschland\/russlands-auslandsgeheimdienst-eu-kommission-zielt-auf-machtwechsel-in-ungarn-ab\/#primaryimage\"},\"image\":{\"@id\":\"https:\/\/now-news.de\/de\/deutschland\/russlands-auslandsgeheimdienst-eu-kommission-zielt-auf-machtwechsel-in-ungarn-ab\/#primaryimage\"},\"thumbnailUrl\":\"https:\/\/now-news.de\/de\/wp-content\/uploads\/sites\/3\/2025\/08\/Russlands-Auslandsgeheimdienst-EU-Kommission-zielt-auf-Machtwechsel-in-Ungarn-ab.jpg\",\"datePublished\":\"2025-08-13T17:36:16+00:00\",\"dateModified\":\"2025-08-13T17:36:16+00:00\",\"breadcrumb\":{\"@id\":\"https:\/\/now-news.de\/de\/deutschland\/russlands-auslandsgeheimdienst-eu-kommission-zielt-auf-machtwechsel-in-ungarn-ab\/#breadcrumb\"},\"inLanguage\":\"de\",\"potentialAction\":[{\"@type\":\"ReadAction\",\"target\":[\"https:\/\/now-news.de\/de\/deutschland\/russlands-auslandsgeheimdienst-eu-kommission-zielt-auf-machtwechsel-in-ungarn-ab\/\"]}]},{\"@type\":\"ImageObject\",\"inLanguage\":\"de\",\"@id\":\"https:\/\/now-news.de\/de\/deutschland\/russlands-auslandsgeheimdienst-eu-kommission-zielt-auf-machtwechsel-in-ungarn-ab\/#primaryimage\",\"url\":\"https:\/\/now-news.de\/de\/wp-content\/uploads\/sites\/3\/2025\/08\/Russlands-Auslandsgeheimdienst-EU-Kommission-zielt-auf-Machtwechsel-in-Ungarn-ab.jpg\",\"contentUrl\":\"https:\/\/now-news.de\/de\/wp-content\/uploads\/sites\/3\/2025\/08\/Russlands-Auslandsgeheimdienst-EU-Kommission-zielt-auf-Machtwechsel-in-Ungarn-ab.jpg\",\"width\":460,\"height\":259,\"caption\":\"Russlands Auslandsgeheimdienst: EU-Kommission zielt auf Machtwechsel in Ungarn ab\"},{\"@type\":\"BreadcrumbList\",\"@id\":\"https:\/\/now-news.de\/de\/deutschland\/russlands-auslandsgeheimdienst-eu-kommission-zielt-auf-machtwechsel-in-ungarn-ab\/#breadcrumb\",\"itemListElement\":[{\"@type\":\"ListItem\",\"position\":1,\"name\":\"Home\",\"item\":\"https:\/\/now-news.de\/de\/\"},{\"@type\":\"ListItem\",\"position\":2,\"name\":\"Russlands Auslandsgeheimdienst: EU-Kommission zielt auf Machtwechsel in Ungarn ab\"}]},{\"@type\":\"WebSite\",\"@id\":\"https:\/\/now-news.de\/de\/#website\",\"url\":\"https:\/\/now-news.de\/de\/\",\"name\":\"just-now.NEWS Deutschland\",\"description\":\"Das Portal f\u00fcr unzensierte Nachrichten aus der Welt\",\"publisher\":{\"@id\":\"https:\/\/now-news.de\/de\/#organization\"},\"potentialAction\":[{\"@type\":\"SearchAction\",\"target\":{\"@type\":\"EntryPoint\",\"urlTemplate\":\"https:\/\/now-news.de\/de\/?s={search_term_string}\"},\"query-input\":\"required name=search_term_string\"}],\"inLanguage\":\"de\"},{\"@type\":\"Organization\",\"@id\":\"https:\/\/now-news.de\/de\/#organization\",\"name\":\"Just Now News\",\"url\":\"https:\/\/now-news.de\/de\/\",\"logo\":{\"@type\":\"ImageObject\",\"inLanguage\":\"de\",\"@id\":\"https:\/\/now-news.de\/de\/#\/schema\/logo\/image\/\",\"url\":\"http:\/\/just-now.news\/de\/wp-content\/uploads\/sites\/3\/2022\/04\/logo500x500.jpg\",\"contentUrl\":\"http:\/\/just-now.news\/de\/wp-content\/uploads\/sites\/3\/2022\/04\/logo500x500.jpg\",\"width\":500,\"height\":500,\"caption\":\"Just Now News\"},\"image\":{\"@id\":\"https:\/\/now-news.de\/de\/#\/schema\/logo\/image\/\"},\"sameAs\":[\"https:\/\/www.facebook.com\/wirmachenauf\",\"https:\/\/x.com\/WirMachenAuf_de\"]},{\"@type\":\"Person\",\"@id\":\"https:\/\/now-news.de\/de\/#\/schema\/person\/fb534a4e865501d8b3285208df34a9b5\",\"name\":\"rtnews\",\"image\":{\"@type\":\"ImageObject\",\"inLanguage\":\"de\",\"@id\":\"https:\/\/now-news.de\/de\/#\/schema\/person\/image\/\",\"url\":\"https:\/\/secure.gravatar.com\/avatar\/82aafea7d8127119dd649515f56e2117?s=96&d=mm&r=g\",\"contentUrl\":\"https:\/\/secure.gravatar.com\/avatar\/82aafea7d8127119dd649515f56e2117?s=96&d=mm&r=g\",\"caption\":\"rtnews\"},\"url\":\"https:\/\/now-news.de\/de\/author\/rnews\/\"}]}<\/script>\n<!-- \/ Yoast SEO Premium plugin. -->","yoast_head_json":{"title":"Russlands Auslandsgeheimdienst: EU-Kommission zielt auf Machtwechsel in Ungarn ab - just-now.NEWS Deutschland","robots":{"index":"index","follow":"follow","max-snippet":"max-snippet:-1","max-image-preview":"max-image-preview:large","max-video-preview":"max-video-preview:-1"},"canonical":"https:\/\/now-news.de\/de\/deutschland\/russlands-auslandsgeheimdienst-eu-kommission-zielt-auf-machtwechsel-in-ungarn-ab\/","og_locale":"de_DE","og_type":"article","og_title":"Russlands Auslandsgeheimdienst: EU-Kommission zielt auf Machtwechsel in Ungarn ab","og_description":"Die Europ\u00e4ische Kommission erw\u00e4gt aufgrund der Unzufriedenheit mit der eigenst\u00e4ndigen Politik Budapests einen Wechsel der ungarischen F\u00fchrung. Dies teilte der Auslandsgeheimdienst der Russischen F\u00f6deration mit. Die EU-Kommission betrachte die derzeitige politische F\u00fchrung Ungarns als Hindernis f\u00fcr ein &#8220;einheitliches Europa&#8221; und ziehe Szenarien f\u00fcr einen Machtwechsel in der Republik in Betracht. Dies teilte der russische Auslandsgeheimdienst [&hellip;]","og_url":"https:\/\/now-news.de\/de\/deutschland\/russlands-auslandsgeheimdienst-eu-kommission-zielt-auf-machtwechsel-in-ungarn-ab\/","og_site_name":"just-now.NEWS Deutschland","article_publisher":"https:\/\/www.facebook.com\/wirmachenauf","article_published_time":"2025-08-13T17:36:16+00:00","og_image":[{"url":"https:\/\/now-news.de\/de\/wp-content\/uploads\/sites\/3\/2025\/08\/689c9505b480cc26c277b8f6.jpg"}],"author":"rtnews","twitter_card":"summary_large_image","twitter_creator":"@WirMachenAuf_de","twitter_site":"@WirMachenAuf_de","twitter_misc":{"Verfasst von":"rtnews","Gesch\u00e4tzte Lesezeit":"2\u00a0Minuten"},"schema":{"@context":"https:\/\/schema.org","@graph":[{"@type":"Article","@id":"https:\/\/now-news.de\/de\/deutschland\/russlands-auslandsgeheimdienst-eu-kommission-zielt-auf-machtwechsel-in-ungarn-ab\/#article","isPartOf":{"@id":"https:\/\/now-news.de\/de\/deutschland\/russlands-auslandsgeheimdienst-eu-kommission-zielt-auf-machtwechsel-in-ungarn-ab\/"},"author":{"name":"rtnews","@id":"https:\/\/now-news.de\/de\/#\/schema\/person\/fb534a4e865501d8b3285208df34a9b5"},"headline":"Russlands Auslandsgeheimdienst: EU-Kommission zielt auf Machtwechsel in Ungarn ab","datePublished":"2025-08-13T17:36:16+00:00","dateModified":"2025-08-13T17:36:16+00:00","mainEntityOfPage":{"@id":"https:\/\/now-news.de\/de\/deutschland\/russlands-auslandsgeheimdienst-eu-kommission-zielt-auf-machtwechsel-in-ungarn-ab\/"},"wordCount":349,"commentCount":0,"publisher":{"@id":"https:\/\/now-news.de\/de\/#organization"},"image":{"@id":"https:\/\/now-news.de\/de\/deutschland\/russlands-auslandsgeheimdienst-eu-kommission-zielt-auf-machtwechsel-in-ungarn-ab\/#primaryimage"},"thumbnailUrl":"https:\/\/now-news.de\/de\/wp-content\/uploads\/sites\/3\/2025\/08\/Russlands-Auslandsgeheimdienst-EU-Kommission-zielt-auf-Machtwechsel-in-Ungarn-ab.jpg","keywords":["AUF","Auslandsgeheimdienst","EUKommission","Machtwechsel","Russlands","Ungarn","zielt"],"articleSection":["Deutschland","Russland"],"inLanguage":"de","potentialAction":[{"@type":"CommentAction","name":"Comment","target":["https:\/\/now-news.de\/de\/deutschland\/russlands-auslandsgeheimdienst-eu-kommission-zielt-auf-machtwechsel-in-ungarn-ab\/#respond"]}]},{"@type":"WebPage","@id":"https:\/\/now-news.de\/de\/deutschland\/russlands-auslandsgeheimdienst-eu-kommission-zielt-auf-machtwechsel-in-ungarn-ab\/","url":"https:\/\/now-news.de\/de\/deutschland\/russlands-auslandsgeheimdienst-eu-kommission-zielt-auf-machtwechsel-in-ungarn-ab\/","name":"Russlands Auslandsgeheimdienst: EU-Kommission zielt auf Machtwechsel in Ungarn ab - just-now.NEWS Deutschland","isPartOf":{"@id":"https:\/\/now-news.de\/de\/#website"},"primaryImageOfPage":{"@id":"https:\/\/now-news.de\/de\/deutschland\/russlands-auslandsgeheimdienst-eu-kommission-zielt-auf-machtwechsel-in-ungarn-ab\/#primaryimage"},"image":{"@id":"https:\/\/now-news.de\/de\/deutschland\/russlands-auslandsgeheimdienst-eu-kommission-zielt-auf-machtwechsel-in-ungarn-ab\/#primaryimage"},"thumbnailUrl":"https:\/\/now-news.de\/de\/wp-content\/uploads\/sites\/3\/2025\/08\/Russlands-Auslandsgeheimdienst-EU-Kommission-zielt-auf-Machtwechsel-in-Ungarn-ab.jpg","datePublished":"2025-08-13T17:36:16+00:00","dateModified":"2025-08-13T17:36:16+00:00","breadcrumb":{"@id":"https:\/\/now-news.de\/de\/deutschland\/russlands-auslandsgeheimdienst-eu-kommission-zielt-auf-machtwechsel-in-ungarn-ab\/#breadcrumb"},"inLanguage":"de","potentialAction":[{"@type":"ReadAction","target":["https:\/\/now-news.de\/de\/deutschland\/russlands-auslandsgeheimdienst-eu-kommission-zielt-auf-machtwechsel-in-ungarn-ab\/"]}]},{"@type":"ImageObject","inLanguage":"de","@id":"https:\/\/now-news.de\/de\/deutschland\/russlands-auslandsgeheimdienst-eu-kommission-zielt-auf-machtwechsel-in-ungarn-ab\/#primaryimage","url":"https:\/\/now-news.de\/de\/wp-content\/uploads\/sites\/3\/2025\/08\/Russlands-Auslandsgeheimdienst-EU-Kommission-zielt-auf-Machtwechsel-in-Ungarn-ab.jpg","contentUrl":"https:\/\/now-news.de\/de\/wp-content\/uploads\/sites\/3\/2025\/08\/Russlands-Auslandsgeheimdienst-EU-Kommission-zielt-auf-Machtwechsel-in-Ungarn-ab.jpg","width":460,"height":259,"caption":"Russlands Auslandsgeheimdienst: EU-Kommission zielt auf Machtwechsel in Ungarn ab"},{"@type":"BreadcrumbList","@id":"https:\/\/now-news.de\/de\/deutschland\/russlands-auslandsgeheimdienst-eu-kommission-zielt-auf-machtwechsel-in-ungarn-ab\/#breadcrumb","itemListElement":[{"@type":"ListItem","position":1,"name":"Home","item":"https:\/\/now-news.de\/de\/"},{"@type":"ListItem","position":2,"name":"Russlands Auslandsgeheimdienst: EU-Kommission zielt auf Machtwechsel in Ungarn ab"}]},{"@type":"WebSite","@id":"https:\/\/now-news.de\/de\/#website","url":"https:\/\/now-news.de\/de\/","name":"just-now.NEWS Deutschland","description":"Das Portal f\u00fcr unzensierte Nachrichten aus der Welt","publisher":{"@id":"https:\/\/now-news.de\/de\/#organization"},"potentialAction":[{"@type":"SearchAction","target":{"@type":"EntryPoint","urlTemplate":"https:\/\/now-news.de\/de\/?s={search_term_string}"},"query-input":"required name=search_term_string"}],"inLanguage":"de"},{"@type":"Organization","@id":"https:\/\/now-news.de\/de\/#organization","name":"Just Now News","url":"https:\/\/now-news.de\/de\/","logo":{"@type":"ImageObject","inLanguage":"de","@id":"https:\/\/now-news.de\/de\/#\/schema\/logo\/image\/","url":"http:\/\/just-now.news\/de\/wp-content\/uploads\/sites\/3\/2022\/04\/logo500x500.jpg","contentUrl":"http:\/\/just-now.news\/de\/wp-content\/uploads\/sites\/3\/2022\/04\/logo500x500.jpg","width":500,"height":500,"caption":"Just Now News"},"image":{"@id":"https:\/\/now-news.de\/de\/#\/schema\/logo\/image\/"},"sameAs":["https:\/\/www.facebook.com\/wirmachenauf","https:\/\/x.com\/WirMachenAuf_de"]},{"@type":"Person","@id":"https:\/\/now-news.de\/de\/#\/schema\/person\/fb534a4e865501d8b3285208df34a9b5","name":"rtnews","image":{"@type":"ImageObject","inLanguage":"de","@id":"https:\/\/now-news.de\/de\/#\/schema\/person\/image\/","url":"https:\/\/secure.gravatar.com\/avatar\/82aafea7d8127119dd649515f56e2117?s=96&d=mm&r=g","contentUrl":"https:\/\/secure.gravatar.com\/avatar\/82aafea7d8127119dd649515f56e2117?s=96&d=mm&r=g","caption":"rtnews"},"url":"https:\/\/now-news.de\/de\/author\/rnews\/"}]}},"_links":{"self":[{"href":"https:\/\/now-news.de\/de\/wp-json\/wp\/v2\/posts\/88777"}],"collection":[{"href":"https:\/\/now-news.de\/de\/wp-json\/wp\/v2\/posts"}],"about":[{"href":"https:\/\/now-news.de\/de\/wp-json\/wp\/v2\/types\/post"}],"author":[{"embeddable":true,"href":"https:\/\/now-news.de\/de\/wp-json\/wp\/v2\/users\/3"}],"replies":[{"embeddable":true,"href":"https:\/\/now-news.de\/de\/wp-json\/wp\/v2\/comments?post=88777"}],"version-history":[{"count":0,"href":"https:\/\/now-news.de\/de\/wp-json\/wp\/v2\/posts\/88777\/revisions"}],"wp:featuredmedia":[{"embeddable":true,"href":"https:\/\/now-news.de\/de\/wp-json\/wp\/v2\/media\/88778"}],"wp:attachment":[{"href":"https:\/\/now-news.de\/de\/wp-json\/wp\/v2\/media?parent=88777"}],"wp:term":[{"taxonomy":"category","embeddable":true,"href":"https:\/\/now-news.de\/de\/wp-json\/wp\/v2\/categories?post=88777"},{"taxonomy":"post_tag","embeddable":true,"href":"https:\/\/now-news.de\/de\/wp-json\/wp\/v2\/tags?post=88777"}],"curies":[{"name":"wp","href":"https:\/\/api.w.org\/{rel}","templated":true}]}}