{"id":88718,"date":"2025-08-12T17:51:49","date_gmt":"2025-08-12T15:51:49","guid":{"rendered":"https:\/\/now-news.de\/de\/deutschland\/kanadischer-premier-mark-carney-und-wladimir-selenskij-geben-erklaerung-vor-trump-putin-gipfel-ab\/"},"modified":"2025-08-12T17:51:49","modified_gmt":"2025-08-12T15:51:49","slug":"kanadischer-premier-mark-carney-und-wladimir-selenskij-geben-erklaerung-vor-trump-putin-gipfel-ab","status":"publish","type":"post","link":"https:\/\/now-news.de\/de\/deutschland\/kanadischer-premier-mark-carney-und-wladimir-selenskij-geben-erklaerung-vor-trump-putin-gipfel-ab\/","title":{"rendered":"Kanadischer Premier Mark Carney und Wladimir Selenskij geben Erkl\u00e4rung vor Trump-Putin-Gipfel ab"},"content":{"rendered":"<p><img decoding=\"async\" src=\"https:\/\/now-news.de\/de\/wp-content\/uploads\/sites\/3\/2025\/08\/689b232b48fbef02aa29643a.jpg\" \/><\/p>\n<div class=\"Text-root Text-type_1 \">\n                Nach ihrem Gespr\u00e4ch erkl\u00e4rten der kanadische Premier Carney und Selenskij ihre Einigkeit. Die Ukraine m\u00fcsse selbst \u00fcber ihre Zukunft entscheiden. Bis die Ukraine an Verhandlungen teilnehme, m\u00fcssten &#8220;die Sanktionen gegen Russland in Kraft bleiben und st\u00e4ndig verst\u00e4rkt werden.&#8221;\n            <\/div>\n<p><\/p>\n<div class=\"Text-root Text-type_5 ArticleView-text ViewText-root \">\n<p>Am Montag erkl\u00e4rten der kanadische Premierminister Mark Carney und der ukrainische Pr\u00e4sident Wladimir\u00a0Selenskij, dass die Ukraine an allen Gespr\u00e4chen \u00fcber ein m\u00f6gliches Ende des Krieges in dem Land beteiligt sein m\u00fcsse. Wie das kanadische Nachrichtenportal <em>CBS News Canada<\/em> am Montag <a rel=\"nofollow noopener\" target=\"_blank\" href=\"https:\/\/www.cbc.ca\/news\/politics\/carney-zelenskyy-talk-before-trump-meets-putin-1.7606064\">berichtete<\/a>, kamen Selenskij und Carney in einem Telefonat \u00fcberein, dass man es den Ukrainern \u00fcberlassen m\u00fcsse, \u00fcber ihre Zukunft zu entscheiden.\u00a0<\/p>\n<p>Die beiden Politiker h\u00e4tten im Vorfeld des Treffens zwischen US-Pr\u00e4sident Donald Trump und dem russischen Pr\u00e4sidenten Wladimir Putin in Alaska Trumps F\u00fchrungsst\u00e4rke bei seinem Einsatz f\u00fcr einen dauerhaften Frieden in der Ukraine gew\u00fcrdigt. Selenskij habe in dem Gespr\u00e4ch angezweifelt, dass Putin die Invasion in der Ukraine beenden wolle.<\/p>\n<p>F\u00fcr ihn sei es offensichtlich, dass &#8220;die Russen einfach Zeit kaufen wollen&#8221; \u2013 deshalb m\u00fcssten die Sanktionen gegen Russland verst\u00e4rkt werden. Bis die Ukraine an den Verhandlungstisch eingeladen werde und bis sein Land Sicherheitsgarantien erhalte, m\u00fcssten &#8220;die Sanktionen gegen Russland in Kraft bleiben und st\u00e4ndig verst\u00e4rkt werden,&#8221; so Selenskij.<\/p>\n<p>Im Anschluss an das Gespr\u00e4ch gab das B\u00fcro des kanadischen Ministerpr\u00e4sidenten eine Erkl\u00e4rung heraus. Darin hie\u00df es:<\/p>\n<p>&#8220;Die beiden Anf\u00fchrer unterstrichen, dass Entscheidungen \u00fcber die Zukunft der Ukraine von den Ukrainern getroffen werden m\u00fcssen, internationale Grenzen k\u00f6nnen nicht mit Gewalt ge\u00e4ndert werden.&#8221; Selenskij und Carney erkl\u00e4rten zudem, dass die Verb\u00fcndeten der Ukraine weiterhin Druck auf Russland aus\u00fcben m\u00fcssten, um\u00a0die russische Aggression zu beenden. Jegliches Friedensabkommen m\u00fcsse eine &#8220;robuste und glaubw\u00fcrdige&#8221; Sicherheitsgarantie enthalten.<\/p>\n<p>Seine <a rel=\"nofollow noopener\" target=\"_blank\" href=\"https:\/\/x.com\/MarkJCarney\/status\/1954986858720399789\">anschlie\u00dfende Mitteilung<\/a> auf X beendete Mark Carney mit den Worten:<\/p>\n<p><em>&#8220;W\u00e4hrend die Verhandlungen auf die Sicherung eines gerechten und dauerhaften Friedens hinarbeiten, bleibt Kanadas Unterst\u00fctzung f\u00fcr die Ukraine unumst\u00f6\u00dflich.&#8221;<\/em><\/p>\n<div class=\"EmbedBlock-root EmbedBlock-twitter\">\n<div class=\"TwitterEmbed\">\n<blockquote class=\"twitter-tweet lazyload\" data-twitter=\"twitter-tweet\">\n<p lang=\"en\" dir=\"ltr\">I spoke with President <a rel=\"nofollow noopener\" target=\"_blank\" href=\"https:\/\/twitter.com\/ZelenskyyUa?ref_src=twsrc%5Etfw\">@ZelenskyyUa<\/a> today. We agreed that decisions on the future of Ukraine must be made by Ukrainians, that international borders cannot be changed by force, and that diplomatic engagement must be reinforced by continued pressure on Russia to end its aggression.\u2026<\/p>\n<p>\u2014 Mark Carney (@MarkJCarney) <a rel=\"nofollow noopener\" target=\"_blank\" href=\"https:\/\/twitter.com\/MarkJCarney\/status\/1954986858720399789?ref_src=twsrc%5Etfw\">August 11, 2025<\/a><\/p><\/blockquote>\n<\/div>\n<\/div>\n<p>Selenskij <a rel=\"nofollow noopener\" target=\"_blank\" href=\"https:\/\/x.com\/ZelenskyyUa\/status\/1954935468451103045\">postete<\/a> nach dem Gespr\u00e4ch mit Carney:\u00a0<\/p>\n<p><em>&#8220;Ich bin dankbar f\u00fcr Kanadas Unterst\u00fctzung f\u00fcr die Ukraine und unser Volk. (&#8230;) Wir waren uns einig, dass keine Entscheidungen \u00fcber die Zukunft der Ukraine und die Sicherheit unseres Volkes ohne die Beteiligung der Ukraine getroffen werden k\u00f6nnen.<\/em><\/p>\n<p><em>Wir haben auch weitere Kontakte mit unseren Partnern vereinbart. Vielen Dank, Mark, und danke, Kanada, f\u00fcr Ihre Unterst\u00fctzung und Bereitschaft, gemeinsam f\u00fcr einen dauerhaften Frieden zu arbeiten.&#8221;<\/em><\/p>\n<div class=\"EmbedBlock-root EmbedBlock-twitter\">\n<div class=\"TwitterEmbed\">\n<blockquote class=\"twitter-tweet lazyload\" data-twitter=\"twitter-tweet\">\n<p lang=\"en\" dir=\"ltr\">I spoke with Canada\u2019s Prime Minister, <a rel=\"nofollow noopener\" target=\"_blank\" href=\"https:\/\/twitter.com\/MarkJCarney?ref_src=twsrc%5Etfw\">@MarkJCarney<\/a>. I am grateful for Canada\u2019s support for Ukraine and our people.I informed about all the details of diplomatic work and constant communication with partners. We are coordinating joint decisions and preparing our next aligned\u2026 <a rel=\"nofollow noopener\" target=\"_blank\" href=\"https:\/\/t.co\/5ShuExautM\">pic.twitter.com\/5ShuExautM<\/a><\/p>\n<p>\u2014 Volodymyr Zelenskyy \/ \u0412\u043e\u043b\u043e\u0434\u0438\u043c\u0438\u0440 \u0417\u0435\u043b\u0435\u043d\u0441\u044c\u043a\u0438\u0439 (@ZelenskyyUa) <a rel=\"nofollow noopener\" target=\"_blank\" href=\"https:\/\/twitter.com\/ZelenskyyUa\/status\/1954935468451103045?ref_src=twsrc%5Etfw\">August 11, 2025<\/a><\/p><\/blockquote>\n<\/div>\n<\/div>\n<p><strong>Mehr zum Thema<\/strong> &#8211;\u00a0<a rel=\"nofollow noopener\" target=\"_blank\" href=\"https:\/\/dert.online\/international\/252952-europa-versucht-sich-in-dialog-zwischen-russland-usa-einzumischen\/\">Europa versucht, sich in den Dialog zwischen Russland und den USA einzumischen<\/a><\/p>\n<div class=\"EmbedBlock-root EmbedBlock-externalVideo EmbedBlock-rumble\">\n<div class=\"VkEmbed\"><iframe class=\"lazyload\" data-src=\"https:\/\/rumble.com\/embed\/v6v5tfk\" frameborder=\"0\" width=\"853\" height=\"480\" allowfullscreen><\/iframe><\/div>\n<\/div>\n<\/div>\n<p><script async src=\"https:\/\/platform.twitter.com\/widgets.js\" charset=\"utf-8\"><\/script><br \/>\n<br \/><br \/>\n<br \/><a href=\"https:\/\/de.rt.com\/international\/253055-kanadische-premier-mark-carney-und\/\">Source link <\/a><\/p>\n","protected":false},"excerpt":{"rendered":"<p>Nach ihrem Gespr\u00e4ch erkl\u00e4rten der kanadische Premier Carney und Selenskij ihre Einigkeit. Die Ukraine m\u00fcsse selbst \u00fcber ihre Zukunft entscheiden. Bis die Ukraine an Verhandlungen teilnehme, m\u00fcssten &#8220;die Sanktionen gegen Russland in Kraft bleiben und st\u00e4ndig verst\u00e4rkt werden.&#8221; Am Montag erkl\u00e4rten der kanadische Premierminister Mark Carney und der ukrainische Pr\u00e4sident Wladimir\u00a0Selenskij, dass die Ukraine an [&hellip;]<\/p>\n","protected":false},"author":3,"featured_media":88719,"comment_status":"open","ping_status":"open","sticky":false,"template":"","format":"standard","meta":{"_yoast_indexnow_last_ping":["1755013978"],"wp_automatic_camp":["217"],"1afb055d669b73b1a7c12bff13be07e5":["Kanadischer Premier Mark Carney und Wladimir Selenskij geben Erkl\u00e4rung vor Trump-Putin-Gipfel ab"],"original_link":["https:\/\/de.rt.com\/international\/253055-kanadische-premier-mark-carney-und\/"],"_thumbnail_id":["88719"],"jnews_social_counter_last_update":["1777621000"],"_wptgpro_p2tg_sent2tg":["a:1:{i:23737;s:19:\"2025-08-12 17:54:11\";}"]},"categories":[19,23],"tags":[63326,14140,789,60630,573,9770,6158,62414,140,320,6987],"yoast_head":"<!-- This site is optimized with the Yoast SEO Premium plugin v22.7 (Yoast SEO v22.7) - https:\/\/yoast.com\/wordpress\/plugins\/seo\/ -->\n<title>Kanadischer Premier Mark Carney und Wladimir Selenskij geben Erkl\u00e4rung vor Trump-Putin-Gipfel ab - just-now.NEWS Deutschland<\/title>\n<meta name=\"robots\" content=\"index, follow, max-snippet:-1, max-image-preview:large, max-video-preview:-1\" \/>\n<link rel=\"canonical\" href=\"https:\/\/now-news.de\/de\/deutschland\/kanadischer-premier-mark-carney-und-wladimir-selenskij-geben-erklaerung-vor-trump-putin-gipfel-ab\/\" \/>\n<meta property=\"og:locale\" content=\"de_DE\" \/>\n<meta property=\"og:type\" content=\"article\" \/>\n<meta property=\"og:title\" content=\"Kanadischer Premier Mark Carney und Wladimir Selenskij geben Erkl\u00e4rung vor Trump-Putin-Gipfel ab\" \/>\n<meta property=\"og:description\" content=\"Nach ihrem Gespr\u00e4ch erkl\u00e4rten der kanadische Premier Carney und Selenskij ihre Einigkeit. Die Ukraine m\u00fcsse selbst \u00fcber ihre Zukunft entscheiden. Bis die Ukraine an Verhandlungen teilnehme, m\u00fcssten &#8220;die Sanktionen gegen Russland in Kraft bleiben und st\u00e4ndig verst\u00e4rkt werden.&#8221; Am Montag erkl\u00e4rten der kanadische Premierminister Mark Carney und der ukrainische Pr\u00e4sident Wladimir\u00a0Selenskij, dass die Ukraine an [&hellip;]\" \/>\n<meta property=\"og:url\" content=\"https:\/\/now-news.de\/de\/deutschland\/kanadischer-premier-mark-carney-und-wladimir-selenskij-geben-erklaerung-vor-trump-putin-gipfel-ab\/\" \/>\n<meta property=\"og:site_name\" content=\"just-now.NEWS Deutschland\" \/>\n<meta property=\"article:publisher\" content=\"https:\/\/www.facebook.com\/wirmachenauf\" \/>\n<meta property=\"article:published_time\" content=\"2025-08-12T15:51:49+00:00\" \/>\n<meta property=\"og:image\" content=\"https:\/\/now-news.de\/de\/wp-content\/uploads\/sites\/3\/2025\/08\/689b232b48fbef02aa29643a.jpg\" \/>\n<meta name=\"author\" content=\"rtnews\" \/>\n<meta name=\"twitter:card\" content=\"summary_large_image\" \/>\n<meta name=\"twitter:creator\" content=\"@WirMachenAuf_de\" \/>\n<meta name=\"twitter:site\" content=\"@WirMachenAuf_de\" \/>\n<meta name=\"twitter:label1\" content=\"Verfasst von\" \/>\n\t<meta name=\"twitter:data1\" content=\"rtnews\" \/>\n\t<meta name=\"twitter:label2\" content=\"Gesch\u00e4tzte Lesezeit\" \/>\n\t<meta name=\"twitter:data2\" content=\"3\u00a0Minuten\" \/>\n<script type=\"application\/ld+json\" class=\"yoast-schema-graph\">{\"@context\":\"https:\/\/schema.org\",\"@graph\":[{\"@type\":\"Article\",\"@id\":\"https:\/\/now-news.de\/de\/deutschland\/kanadischer-premier-mark-carney-und-wladimir-selenskij-geben-erklaerung-vor-trump-putin-gipfel-ab\/#article\",\"isPartOf\":{\"@id\":\"https:\/\/now-news.de\/de\/deutschland\/kanadischer-premier-mark-carney-und-wladimir-selenskij-geben-erklaerung-vor-trump-putin-gipfel-ab\/\"},\"author\":{\"name\":\"rtnews\",\"@id\":\"https:\/\/now-news.de\/de\/#\/schema\/person\/fb534a4e865501d8b3285208df34a9b5\"},\"headline\":\"Kanadischer Premier Mark Carney und Wladimir Selenskij geben Erkl\u00e4rung vor Trump-Putin-Gipfel ab\",\"datePublished\":\"2025-08-12T15:51:49+00:00\",\"dateModified\":\"2025-08-12T15:51:49+00:00\",\"mainEntityOfPage\":{\"@id\":\"https:\/\/now-news.de\/de\/deutschland\/kanadischer-premier-mark-carney-und-wladimir-selenskij-geben-erklaerung-vor-trump-putin-gipfel-ab\/\"},\"wordCount\":557,\"commentCount\":0,\"publisher\":{\"@id\":\"https:\/\/now-news.de\/de\/#organization\"},\"image\":{\"@id\":\"https:\/\/now-news.de\/de\/deutschland\/kanadischer-premier-mark-carney-und-wladimir-selenskij-geben-erklaerung-vor-trump-putin-gipfel-ab\/#primaryimage\"},\"thumbnailUrl\":\"https:\/\/now-news.de\/de\/wp-content\/uploads\/sites\/3\/2025\/08\/Kanadischer-Premier-Mark-Carney-und-Wladimir-Selenskij-geben-Erklaerung-vor.jpg\",\"keywords\":[\"Carney\",\"Erkl\u00e4rung\",\"geben\",\"Kanadischer\",\"Mark\",\"Premier\",\"Selenskij\",\"TrumpPutinGipfel\",\"und\",\"vor\",\"Wladimir\"],\"articleSection\":[\"Deutschland\",\"Russland\"],\"inLanguage\":\"de\",\"potentialAction\":[{\"@type\":\"CommentAction\",\"name\":\"Comment\",\"target\":[\"https:\/\/now-news.de\/de\/deutschland\/kanadischer-premier-mark-carney-und-wladimir-selenskij-geben-erklaerung-vor-trump-putin-gipfel-ab\/#respond\"]}]},{\"@type\":\"WebPage\",\"@id\":\"https:\/\/now-news.de\/de\/deutschland\/kanadischer-premier-mark-carney-und-wladimir-selenskij-geben-erklaerung-vor-trump-putin-gipfel-ab\/\",\"url\":\"https:\/\/now-news.de\/de\/deutschland\/kanadischer-premier-mark-carney-und-wladimir-selenskij-geben-erklaerung-vor-trump-putin-gipfel-ab\/\",\"name\":\"Kanadischer Premier Mark Carney und Wladimir Selenskij geben Erkl\u00e4rung vor Trump-Putin-Gipfel ab - just-now.NEWS Deutschland\",\"isPartOf\":{\"@id\":\"https:\/\/now-news.de\/de\/#website\"},\"primaryImageOfPage\":{\"@id\":\"https:\/\/now-news.de\/de\/deutschland\/kanadischer-premier-mark-carney-und-wladimir-selenskij-geben-erklaerung-vor-trump-putin-gipfel-ab\/#primaryimage\"},\"image\":{\"@id\":\"https:\/\/now-news.de\/de\/deutschland\/kanadischer-premier-mark-carney-und-wladimir-selenskij-geben-erklaerung-vor-trump-putin-gipfel-ab\/#primaryimage\"},\"thumbnailUrl\":\"https:\/\/now-news.de\/de\/wp-content\/uploads\/sites\/3\/2025\/08\/Kanadischer-Premier-Mark-Carney-und-Wladimir-Selenskij-geben-Erklaerung-vor.jpg\",\"datePublished\":\"2025-08-12T15:51:49+00:00\",\"dateModified\":\"2025-08-12T15:51:49+00:00\",\"breadcrumb\":{\"@id\":\"https:\/\/now-news.de\/de\/deutschland\/kanadischer-premier-mark-carney-und-wladimir-selenskij-geben-erklaerung-vor-trump-putin-gipfel-ab\/#breadcrumb\"},\"inLanguage\":\"de\",\"potentialAction\":[{\"@type\":\"ReadAction\",\"target\":[\"https:\/\/now-news.de\/de\/deutschland\/kanadischer-premier-mark-carney-und-wladimir-selenskij-geben-erklaerung-vor-trump-putin-gipfel-ab\/\"]}]},{\"@type\":\"ImageObject\",\"inLanguage\":\"de\",\"@id\":\"https:\/\/now-news.de\/de\/deutschland\/kanadischer-premier-mark-carney-und-wladimir-selenskij-geben-erklaerung-vor-trump-putin-gipfel-ab\/#primaryimage\",\"url\":\"https:\/\/now-news.de\/de\/wp-content\/uploads\/sites\/3\/2025\/08\/Kanadischer-Premier-Mark-Carney-und-Wladimir-Selenskij-geben-Erklaerung-vor.jpg\",\"contentUrl\":\"https:\/\/now-news.de\/de\/wp-content\/uploads\/sites\/3\/2025\/08\/Kanadischer-Premier-Mark-Carney-und-Wladimir-Selenskij-geben-Erklaerung-vor.jpg\",\"width\":460,\"height\":259,\"caption\":\"Kanadischer Premier Mark Carney und Wladimir Selenskij geben Erkl\u00e4rung vor Trump-Putin-Gipfel ab\"},{\"@type\":\"BreadcrumbList\",\"@id\":\"https:\/\/now-news.de\/de\/deutschland\/kanadischer-premier-mark-carney-und-wladimir-selenskij-geben-erklaerung-vor-trump-putin-gipfel-ab\/#breadcrumb\",\"itemListElement\":[{\"@type\":\"ListItem\",\"position\":1,\"name\":\"Home\",\"item\":\"https:\/\/now-news.de\/de\/\"},{\"@type\":\"ListItem\",\"position\":2,\"name\":\"Kanadischer Premier Mark Carney und Wladimir Selenskij geben Erkl\u00e4rung vor Trump-Putin-Gipfel ab\"}]},{\"@type\":\"WebSite\",\"@id\":\"https:\/\/now-news.de\/de\/#website\",\"url\":\"https:\/\/now-news.de\/de\/\",\"name\":\"just-now.NEWS Deutschland\",\"description\":\"Das Portal f\u00fcr unzensierte Nachrichten aus der Welt\",\"publisher\":{\"@id\":\"https:\/\/now-news.de\/de\/#organization\"},\"potentialAction\":[{\"@type\":\"SearchAction\",\"target\":{\"@type\":\"EntryPoint\",\"urlTemplate\":\"https:\/\/now-news.de\/de\/?s={search_term_string}\"},\"query-input\":\"required name=search_term_string\"}],\"inLanguage\":\"de\"},{\"@type\":\"Organization\",\"@id\":\"https:\/\/now-news.de\/de\/#organization\",\"name\":\"Just Now News\",\"url\":\"https:\/\/now-news.de\/de\/\",\"logo\":{\"@type\":\"ImageObject\",\"inLanguage\":\"de\",\"@id\":\"https:\/\/now-news.de\/de\/#\/schema\/logo\/image\/\",\"url\":\"http:\/\/just-now.news\/de\/wp-content\/uploads\/sites\/3\/2022\/04\/logo500x500.jpg\",\"contentUrl\":\"http:\/\/just-now.news\/de\/wp-content\/uploads\/sites\/3\/2022\/04\/logo500x500.jpg\",\"width\":500,\"height\":500,\"caption\":\"Just Now News\"},\"image\":{\"@id\":\"https:\/\/now-news.de\/de\/#\/schema\/logo\/image\/\"},\"sameAs\":[\"https:\/\/www.facebook.com\/wirmachenauf\",\"https:\/\/x.com\/WirMachenAuf_de\"]},{\"@type\":\"Person\",\"@id\":\"https:\/\/now-news.de\/de\/#\/schema\/person\/fb534a4e865501d8b3285208df34a9b5\",\"name\":\"rtnews\",\"image\":{\"@type\":\"ImageObject\",\"inLanguage\":\"de\",\"@id\":\"https:\/\/now-news.de\/de\/#\/schema\/person\/image\/\",\"url\":\"https:\/\/secure.gravatar.com\/avatar\/82aafea7d8127119dd649515f56e2117?s=96&d=mm&r=g\",\"contentUrl\":\"https:\/\/secure.gravatar.com\/avatar\/82aafea7d8127119dd649515f56e2117?s=96&d=mm&r=g\",\"caption\":\"rtnews\"},\"url\":\"https:\/\/now-news.de\/de\/author\/rnews\/\"}]}<\/script>\n<!-- \/ Yoast SEO Premium plugin. -->","yoast_head_json":{"title":"Kanadischer Premier Mark Carney und Wladimir Selenskij geben Erkl\u00e4rung vor Trump-Putin-Gipfel ab - just-now.NEWS Deutschland","robots":{"index":"index","follow":"follow","max-snippet":"max-snippet:-1","max-image-preview":"max-image-preview:large","max-video-preview":"max-video-preview:-1"},"canonical":"https:\/\/now-news.de\/de\/deutschland\/kanadischer-premier-mark-carney-und-wladimir-selenskij-geben-erklaerung-vor-trump-putin-gipfel-ab\/","og_locale":"de_DE","og_type":"article","og_title":"Kanadischer Premier Mark Carney und Wladimir Selenskij geben Erkl\u00e4rung vor Trump-Putin-Gipfel ab","og_description":"Nach ihrem Gespr\u00e4ch erkl\u00e4rten der kanadische Premier Carney und Selenskij ihre Einigkeit. Die Ukraine m\u00fcsse selbst \u00fcber ihre Zukunft entscheiden. Bis die Ukraine an Verhandlungen teilnehme, m\u00fcssten &#8220;die Sanktionen gegen Russland in Kraft bleiben und st\u00e4ndig verst\u00e4rkt werden.&#8221; Am Montag erkl\u00e4rten der kanadische Premierminister Mark Carney und der ukrainische Pr\u00e4sident Wladimir\u00a0Selenskij, dass die Ukraine an [&hellip;]","og_url":"https:\/\/now-news.de\/de\/deutschland\/kanadischer-premier-mark-carney-und-wladimir-selenskij-geben-erklaerung-vor-trump-putin-gipfel-ab\/","og_site_name":"just-now.NEWS Deutschland","article_publisher":"https:\/\/www.facebook.com\/wirmachenauf","article_published_time":"2025-08-12T15:51:49+00:00","og_image":[{"url":"https:\/\/now-news.de\/de\/wp-content\/uploads\/sites\/3\/2025\/08\/689b232b48fbef02aa29643a.jpg"}],"author":"rtnews","twitter_card":"summary_large_image","twitter_creator":"@WirMachenAuf_de","twitter_site":"@WirMachenAuf_de","twitter_misc":{"Verfasst von":"rtnews","Gesch\u00e4tzte Lesezeit":"3\u00a0Minuten"},"schema":{"@context":"https:\/\/schema.org","@graph":[{"@type":"Article","@id":"https:\/\/now-news.de\/de\/deutschland\/kanadischer-premier-mark-carney-und-wladimir-selenskij-geben-erklaerung-vor-trump-putin-gipfel-ab\/#article","isPartOf":{"@id":"https:\/\/now-news.de\/de\/deutschland\/kanadischer-premier-mark-carney-und-wladimir-selenskij-geben-erklaerung-vor-trump-putin-gipfel-ab\/"},"author":{"name":"rtnews","@id":"https:\/\/now-news.de\/de\/#\/schema\/person\/fb534a4e865501d8b3285208df34a9b5"},"headline":"Kanadischer Premier Mark Carney und Wladimir Selenskij geben Erkl\u00e4rung vor Trump-Putin-Gipfel ab","datePublished":"2025-08-12T15:51:49+00:00","dateModified":"2025-08-12T15:51:49+00:00","mainEntityOfPage":{"@id":"https:\/\/now-news.de\/de\/deutschland\/kanadischer-premier-mark-carney-und-wladimir-selenskij-geben-erklaerung-vor-trump-putin-gipfel-ab\/"},"wordCount":557,"commentCount":0,"publisher":{"@id":"https:\/\/now-news.de\/de\/#organization"},"image":{"@id":"https:\/\/now-news.de\/de\/deutschland\/kanadischer-premier-mark-carney-und-wladimir-selenskij-geben-erklaerung-vor-trump-putin-gipfel-ab\/#primaryimage"},"thumbnailUrl":"https:\/\/now-news.de\/de\/wp-content\/uploads\/sites\/3\/2025\/08\/Kanadischer-Premier-Mark-Carney-und-Wladimir-Selenskij-geben-Erklaerung-vor.jpg","keywords":["Carney","Erkl\u00e4rung","geben","Kanadischer","Mark","Premier","Selenskij","TrumpPutinGipfel","und","vor","Wladimir"],"articleSection":["Deutschland","Russland"],"inLanguage":"de","potentialAction":[{"@type":"CommentAction","name":"Comment","target":["https:\/\/now-news.de\/de\/deutschland\/kanadischer-premier-mark-carney-und-wladimir-selenskij-geben-erklaerung-vor-trump-putin-gipfel-ab\/#respond"]}]},{"@type":"WebPage","@id":"https:\/\/now-news.de\/de\/deutschland\/kanadischer-premier-mark-carney-und-wladimir-selenskij-geben-erklaerung-vor-trump-putin-gipfel-ab\/","url":"https:\/\/now-news.de\/de\/deutschland\/kanadischer-premier-mark-carney-und-wladimir-selenskij-geben-erklaerung-vor-trump-putin-gipfel-ab\/","name":"Kanadischer Premier Mark Carney und Wladimir Selenskij geben Erkl\u00e4rung vor Trump-Putin-Gipfel ab - just-now.NEWS Deutschland","isPartOf":{"@id":"https:\/\/now-news.de\/de\/#website"},"primaryImageOfPage":{"@id":"https:\/\/now-news.de\/de\/deutschland\/kanadischer-premier-mark-carney-und-wladimir-selenskij-geben-erklaerung-vor-trump-putin-gipfel-ab\/#primaryimage"},"image":{"@id":"https:\/\/now-news.de\/de\/deutschland\/kanadischer-premier-mark-carney-und-wladimir-selenskij-geben-erklaerung-vor-trump-putin-gipfel-ab\/#primaryimage"},"thumbnailUrl":"https:\/\/now-news.de\/de\/wp-content\/uploads\/sites\/3\/2025\/08\/Kanadischer-Premier-Mark-Carney-und-Wladimir-Selenskij-geben-Erklaerung-vor.jpg","datePublished":"2025-08-12T15:51:49+00:00","dateModified":"2025-08-12T15:51:49+00:00","breadcrumb":{"@id":"https:\/\/now-news.de\/de\/deutschland\/kanadischer-premier-mark-carney-und-wladimir-selenskij-geben-erklaerung-vor-trump-putin-gipfel-ab\/#breadcrumb"},"inLanguage":"de","potentialAction":[{"@type":"ReadAction","target":["https:\/\/now-news.de\/de\/deutschland\/kanadischer-premier-mark-carney-und-wladimir-selenskij-geben-erklaerung-vor-trump-putin-gipfel-ab\/"]}]},{"@type":"ImageObject","inLanguage":"de","@id":"https:\/\/now-news.de\/de\/deutschland\/kanadischer-premier-mark-carney-und-wladimir-selenskij-geben-erklaerung-vor-trump-putin-gipfel-ab\/#primaryimage","url":"https:\/\/now-news.de\/de\/wp-content\/uploads\/sites\/3\/2025\/08\/Kanadischer-Premier-Mark-Carney-und-Wladimir-Selenskij-geben-Erklaerung-vor.jpg","contentUrl":"https:\/\/now-news.de\/de\/wp-content\/uploads\/sites\/3\/2025\/08\/Kanadischer-Premier-Mark-Carney-und-Wladimir-Selenskij-geben-Erklaerung-vor.jpg","width":460,"height":259,"caption":"Kanadischer Premier Mark Carney und Wladimir Selenskij geben Erkl\u00e4rung vor Trump-Putin-Gipfel ab"},{"@type":"BreadcrumbList","@id":"https:\/\/now-news.de\/de\/deutschland\/kanadischer-premier-mark-carney-und-wladimir-selenskij-geben-erklaerung-vor-trump-putin-gipfel-ab\/#breadcrumb","itemListElement":[{"@type":"ListItem","position":1,"name":"Home","item":"https:\/\/now-news.de\/de\/"},{"@type":"ListItem","position":2,"name":"Kanadischer Premier Mark Carney und Wladimir Selenskij geben Erkl\u00e4rung vor Trump-Putin-Gipfel ab"}]},{"@type":"WebSite","@id":"https:\/\/now-news.de\/de\/#website","url":"https:\/\/now-news.de\/de\/","name":"just-now.NEWS Deutschland","description":"Das Portal f\u00fcr unzensierte Nachrichten aus der Welt","publisher":{"@id":"https:\/\/now-news.de\/de\/#organization"},"potentialAction":[{"@type":"SearchAction","target":{"@type":"EntryPoint","urlTemplate":"https:\/\/now-news.de\/de\/?s={search_term_string}"},"query-input":"required name=search_term_string"}],"inLanguage":"de"},{"@type":"Organization","@id":"https:\/\/now-news.de\/de\/#organization","name":"Just Now News","url":"https:\/\/now-news.de\/de\/","logo":{"@type":"ImageObject","inLanguage":"de","@id":"https:\/\/now-news.de\/de\/#\/schema\/logo\/image\/","url":"http:\/\/just-now.news\/de\/wp-content\/uploads\/sites\/3\/2022\/04\/logo500x500.jpg","contentUrl":"http:\/\/just-now.news\/de\/wp-content\/uploads\/sites\/3\/2022\/04\/logo500x500.jpg","width":500,"height":500,"caption":"Just Now News"},"image":{"@id":"https:\/\/now-news.de\/de\/#\/schema\/logo\/image\/"},"sameAs":["https:\/\/www.facebook.com\/wirmachenauf","https:\/\/x.com\/WirMachenAuf_de"]},{"@type":"Person","@id":"https:\/\/now-news.de\/de\/#\/schema\/person\/fb534a4e865501d8b3285208df34a9b5","name":"rtnews","image":{"@type":"ImageObject","inLanguage":"de","@id":"https:\/\/now-news.de\/de\/#\/schema\/person\/image\/","url":"https:\/\/secure.gravatar.com\/avatar\/82aafea7d8127119dd649515f56e2117?s=96&d=mm&r=g","contentUrl":"https:\/\/secure.gravatar.com\/avatar\/82aafea7d8127119dd649515f56e2117?s=96&d=mm&r=g","caption":"rtnews"},"url":"https:\/\/now-news.de\/de\/author\/rnews\/"}]}},"_links":{"self":[{"href":"https:\/\/now-news.de\/de\/wp-json\/wp\/v2\/posts\/88718"}],"collection":[{"href":"https:\/\/now-news.de\/de\/wp-json\/wp\/v2\/posts"}],"about":[{"href":"https:\/\/now-news.de\/de\/wp-json\/wp\/v2\/types\/post"}],"author":[{"embeddable":true,"href":"https:\/\/now-news.de\/de\/wp-json\/wp\/v2\/users\/3"}],"replies":[{"embeddable":true,"href":"https:\/\/now-news.de\/de\/wp-json\/wp\/v2\/comments?post=88718"}],"version-history":[{"count":0,"href":"https:\/\/now-news.de\/de\/wp-json\/wp\/v2\/posts\/88718\/revisions"}],"wp:featuredmedia":[{"embeddable":true,"href":"https:\/\/now-news.de\/de\/wp-json\/wp\/v2\/media\/88719"}],"wp:attachment":[{"href":"https:\/\/now-news.de\/de\/wp-json\/wp\/v2\/media?parent=88718"}],"wp:term":[{"taxonomy":"category","embeddable":true,"href":"https:\/\/now-news.de\/de\/wp-json\/wp\/v2\/categories?post=88718"},{"taxonomy":"post_tag","embeddable":true,"href":"https:\/\/now-news.de\/de\/wp-json\/wp\/v2\/tags?post=88718"}],"curies":[{"name":"wp","href":"https:\/\/api.w.org\/{rel}","templated":true}]}}