{"id":88701,"date":"2025-08-12T09:26:36","date_gmt":"2025-08-12T07:26:36","guid":{"rendered":"https:\/\/now-news.de\/de\/deutschland\/gesichert-extremistisch-das-gutachten-der-afd-brandenburg-wurde-vorab-veroeffentlicht\/"},"modified":"2025-08-12T09:26:36","modified_gmt":"2025-08-12T07:26:36","slug":"gesichert-extremistisch-das-gutachten-der-afd-brandenburg-wurde-vorab-veroeffentlicht","status":"publish","type":"post","link":"https:\/\/now-news.de\/de\/deutschland\/gesichert-extremistisch-das-gutachten-der-afd-brandenburg-wurde-vorab-veroeffentlicht\/","title":{"rendered":"&quot;Gesichert extremistisch&quot; \u2013 Das Gutachten der AfD-Brandenburg wurde vorab ver\u00f6ffentlicht"},"content":{"rendered":"<p><img decoding=\"async\" src=\"https:\/\/now-news.de\/de\/wp-content\/uploads\/sites\/3\/2025\/08\/689ada7ab480cc5e02479053.JPG\" \/><\/p>\n<div class=\"Text-root Text-type_1 \">\n                Das Online-Portal &#8220;Nius&#8221; hat die Inhalte des Gutachtens \u00fcber die brandenburgische AfD vorver\u00f6ffentlicht und kam damit dem Innenminister und dem Verfassungsschutz zuvor. Erneut wird argumentativ eine gr\u00f6\u00dfere Zitatsammlung pr\u00e4sentiert. Der Einstufungsvermerk zur AfD soll demnach offiziell am Donnerstag &#8220;gesichert extremistisch&#8221; lauten.\n            <\/div>\n<p><\/p>\n<div class=\"Text-root Text-type_5 ArticleView-text ViewText-root \">\n<p>Der\u00a0Brandenburger Verfassungsschutz hatte die AfD zuvor bereits im\u00a0Mai als &#8220;gesichert extremistisch&#8221; eingestuft,\u00a0eine Hochstufung von der Beobachtung als sogenannter &#8220;Verdachtsfall&#8221;. Die Partei legte Beschwerde ein und klagte im Rahmen eines Eilantrags auf Einsicht. Am Donnerstag dieser Woche sollten Inhalte und Details seitens Innenministers\u00a0Ren\u00e9 Wilke\u00a0(parteilos) und Verfassungsschutz-Chef Wilfried Peters in Potsdam erfolgen. Am gestrigen Montag ver\u00f6ffentlichte das Online-Portal <em>Nius<\/em> nun bereits &#8220;das Papier, das die Grundlage f\u00fcr die Einstufung der Partei als &#8216;gesichert rechtsextremistisch&#8217; liefert.&#8221;<\/p>\n<p>Ende Juli hatte\u00a0die Brandenburger AfD &#8220;ihren gerichtlichen Eilantrag gegen die Einstufung des Verfassungsschutzes als &#8216;gesichert rechtsextremistisch&#8217; zur\u00fcckgezogen&#8221;, so der <em>Nius<\/em>-Artikel einleitend, ausgehend von einer sogenannten Stillhalteerkl\u00e4rung seitens des Innenministeriums. Die <em>Nius<\/em>-Redaktion erkl\u00e4rt alleinig zur Vorver\u00f6ffentlichung, dass <a rel=\"nofollow noopener\" target=\"_blank\" href=\"https:\/\/api.nius.de\/api\/assets\/office-hr\/f88e7e7d-7162-4f20-8445-fbd61fea2901\/gutachten-afd.pdf?version=0\">das Gutachten<\/a> &#8220;exklusiv&#8221; vorliege.\u00a0Eine Sprecherin der AfD teilte am Montag gegen\u00fcber Medien mit, der Landesverband habe &#8220;aus der Presse&#8221; von der Ver\u00f6ffentlichung erfahren.<\/p>\n<p>Die ver\u00f6ffentlichten Unterlagen pr\u00e4sentieren ein\u00a0142-seitiges Gutachten mit rund 622 Vermerken, die\u00a0angeblich\u00a0eindeutig belegen w\u00fcrden, dass &#8220;keine Zweifel mehr bestehen, dass eine Hochstufung vom Verdachtsfall zur gesichert extremistischen Bestrebung erfolgen muss.&#8221; Das Innenministerium best\u00e4tigte auf Medienanfragen &#8220;weder die Echtheit des Dokuments, noch dementierte es diese.&#8221; Die Beh\u00f6rde pr\u00fcfe derzeit, &#8220;ob die ver\u00f6ffentlichte Fassung identisch mit dem Vermerk sei&#8221;, so eine Sprecherin <a rel=\"nofollow noopener\" target=\"_blank\" href=\"https:\/\/www.maz-online.de\/brandenburg\/gutachten-zur-rechtsextremen-afd-brandenburg-das-sind-die-belege-des-verfassungsschutzes-4E6BA23FWZCDXKMYV2XT4Z2RHE.html\">gegen\u00fcber<\/a> der <em>M\u00e4rkischen Allgemeinen Zeitung (MAZ)<\/em>.\u00a0Das Innenministerium in Potsdam wollte sich dazu auf <em>RBB<\/em>-Anfrage\u00a0<a rel=\"nofollow noopener\" target=\"_blank\" href=\"https:\/\/www.rbb24.de\/politik\/beitrag\/2025\/08\/brandenburg-afd-verfassungsschutz-einstufung-rechtsextrem-vermerk.html\">nicht \u00e4u\u00dfern<\/a> &#8220;und verwies auf eine geplante Pressekonferenz mit dem Verfassungsschutz zu dem Thema am Donnerstag.&#8221;<\/p>\n<p>Der Brandenburger Verfassungsschutz pr\u00e4sentiert \u00e4hnlich dem Faeser-Papier aus dem Mai dieses Jahres mehrheitlich Zitate &#8220;meist f\u00fchrender [Brandenburger] AfD-Politiker&#8221;, die argumentativ der Grundlage der geplanten Einstufung dienten. In der <em>MAZ<\/em>-Zusammenfassung hei\u00dft es dazu:<\/p>\n<p><em>&#8220;Die \u00c4u\u00dferungen\u00a0zielen laut Verfassungsschutz auf die Ver\u00e4chtlichmachung politischer Gegner, des Staates und seiner Institutionen ab \u2013 in einem Ma\u00df, das weit \u00fcber eine polemische Auseinandersetzung um Politikinhalte hinausgeht. Das politische System der Bundesrepublik solle besch\u00e4digt werden, hei\u00dft es. Die Partei attackiere das parlamentarische System und treibe die Polarisierung der politischen Kultur mit militanter, konfrontativer und gewaltverherrlichender Sprache voran.&#8221;<\/em>\u00a0<\/p>\n<p>Das Gutachten ordnet diverse \u00c4u\u00dferungen &#8220;als Verst\u00f6\u00dfe gegen die grundgesetzlich gesch\u00fctzte Menschenw\u00fcrde&#8221; ein, dies demnach belegt \u00fcber seitenlange Zitate von AfD-Mitgliedern in den sozialen Medien oder auf Veranstaltungen. Gesammelte Beispiele lauten im Gutachten:<\/p>\n<ul data-testid=\"list\">\n<li>Der Parteivorsitzende Ren\u00e9 Springer sagte im Landtagswahlkampf 2024: &#8220;Wenn wir das nicht stoppen, dann werden die Kopft\u00fccher des Islam das Leichentuch Europas werden.&#8221;<\/li>\n<li>Der Landtagsabgeordnete Jean-Pascal Hohm richtete sich im Wahlkampf an Jugendliche: &#8220;Betreibt Kampfsport, bildet Gemeinschaft und werdet wehrhaft. Gerade in einer Situation, in der man unser Land, unsere St\u00e4dte mit Millionen Kulturfremden flutet, die sich hier wie Eroberer verhalten, m\u00fcssen wir uns verteidigen k\u00f6nnen.&#8221;<\/li>\n<li>Der Bundestagsabgeordnete Steffen Kotr\u00e9 postete im Januar 2025 ein Video, in dem er behauptete, dass sich &#8220;Menschen aus kulturfremden R\u00e4umen hier nicht benehmen k\u00f6nnen.&#8221; Bund und Land h\u00e4tten \u00fcber Jahre hinweg &#8220;immer wieder das Fremde, das fremde Element im Land hofiert, Ausl\u00e4nder, Migranten\u00a0\u2026&#8221;<\/li>\n<li>Im Zusammenhang mit den Morden von Aschaffenburg sagte Kotr\u00e9: &#8220;Einwanderung ist immer auch Messereinwanderung.&#8221;<\/li>\n<\/ul>\n<p>Der Berliner <em>Tagesspiegel (TS)<\/em>\u00a0<a rel=\"nofollow noopener\" target=\"_blank\" href=\"https:\/\/www.tagesspiegel.de\/potsdam\/brandenburg\/afd-hochstufung-in-brandenburg-gutachten-des-verfassungsschutzes-vorab-veroffentlicht-14161331.html\">erkl\u00e4rt<\/a> seinen Lesern:<\/p>\n<p><em>&#8220;Es \u00fcberrascht nicht, dass das 142 Seiten umfassende Gutachten, in dem die Hochstufung der Brandenburger AfD zur gesichert rechtsextremen Bestrebung begr\u00fcndet wird, vorab von einem Portal verbreitet wird, das unter AfD-Anh\u00e4ngern beliebt ist.&#8221;<\/em><\/p>\n<p>Die AfD-Landtagsfraktion sprach\u00a0laut <em>TS<\/em>-Artikel in ihrem am Montag kurz nach der <em>Nius<\/em>-Ver\u00f6ffentlichung &#8220;verschickten w\u00f6chentlichen Newsletter von einer &#8216;Posse, die derzeit im Innenministerium veranstaltet&#8217; werde.&#8221; Der <em>Nius<\/em>-Artikel erkl\u00e4rt zu der Argumentationslinie der Beh\u00f6rde:<\/p>\n<p><em>&#8220;\u00c4hnlich wie beim Gutachten des Bundesverfassungsschutzes geht es auch in Brandenburg meist um die Deutungshoheit von Begriffen. Pers\u00f6nliche Auslegungen von Seiten der Geheimdienstler spielen eine gro\u00dfe Rolle. Die AfD nutze Begriffe wie &#8216;kulturfremd&#8217; und &#8216;integrationsunwillig&#8217;, was der Verfassungsschutz wie folgt interpretiert: &#8216;Migranten und Asylbewerber vor allem aus islamischen Herkunftsl\u00e4ndern bzw. Kulturr\u00e4umen sind demzufolge in \u00fcberwiegender Mehrzahl zur Integration entweder unf\u00e4hig oder nicht willens.'&#8221;<\/em><\/p>\n<p>Ein anderes Beispiel f\u00fcr eine Verfassungsschutzinterpretation, die als finales Argument eingesetzt wird, lautet auff\u00e4llig widerspr\u00fcchlich:<\/p>\n<p><em>&#8220;Mit konfrontativen Begriffen wie &#8216;Altparteien&#8217;, &#8216;System&#8217; oder &#8216;Parteienkartell&#8217; \u2013 die nicht per se verfassungsschutzrelevant sind und f\u00fcr sich genommen keine Anhaltspunkte f\u00fcr eine gegen die freiheitliche demokratische Grundordnung gerichtete Bestrebung darstellen \u2013 unterstrich die AfD in den vergangenen Jahren ihre fundamentalkritische Haltung gegen\u00fcber dem politischen System&#8217;.&#8221;\u00a0<\/em><\/p>\n<p>Wenig \u00fcberraschend lauten weitere Vorw\u00fcrfe an die AfD-Mitglieder gerichtet, die Nutzung von &#8220;Verschw\u00f6rungsmythen&#8221;\u00a0sowie\u00a0 &#8220;antisemitischen&#8221; oder &#8220;f\u00fcr das rechtsextremistische Milieu einschl\u00e4gige Erz\u00e4hlungen&#8221;. Zudem lautet ein w\u00f6rtlicher Vorwurf an die Partei:<\/p>\n<p><em>&#8220;Eine hinreichend gewichtige Distanzierung von bzw. Abgrenzung zu rechtsextremistischen Akteuren wie dem \u201aCOMPACT Magazin\u2018 oder dem 2024 restrukturierten Institut f\u00fcr Staatspolitik ist zu keinem Zeitpunkt erfolgt.&#8221;<\/em><\/p>\n<p>Die AfD erkl\u00e4rte nach der <em>Nius<\/em>-Ver\u00f6ffentlichung gegen\u00fcber der Nachrichtenagentur <em>dpa:<\/em><\/p>\n<p><em>&#8220;Derzeit pr\u00fcfen wir, ob die ver\u00f6ffentlichte Fassung mit der Version \u00fcbereinstimmt, die uns im Rahmen unserer Klage gegen das Innenministerium von der Gegenseite \u00fcbermittelt wurde.&#8221; <\/em><\/p>\n<p>Zudem wurde angek\u00fcndigt, dass &#8220;auch die AfD am Donnerstag Stellung nehmen wird.&#8221;<\/p>\n<p><strong>Mehr zum Thema &#8211;<\/strong>\u00a0<a rel=\"nofollow noopener\" target=\"_blank\" href=\"https:\/\/freedert.online\/inland\/252760-polizist-und-afd-bundestagsmitglied-wegen-aufruf-zu-corona-spaziergang-entlassen\/\">&#8220;Aufruf zum Corona-Spaziergang&#8221;: Polizist und AfD-Mitglied aus Beamtendienst entlassen<\/a><\/p>\n<div class=\"EmbedBlock-root EmbedBlock-externalVideo EmbedBlock-rumble\">\n<div class=\"VkEmbed\"><iframe class=\"lazyload\" data-src=\"https:\/\/rumble.com\/embed\/v6v8sno\" frameborder=\"0\" width=\"853\" height=\"480\" allowfullscreen><\/iframe><\/div>\n<\/div>\n<\/div>\n<p><br \/>\n<br \/><a href=\"https:\/\/de.rt.com\/inland\/253028-gesichert-extremistisch-gutachten-afd-brandenburg\/\">Source link <\/a><\/p>\n","protected":false},"excerpt":{"rendered":"<p>Das Online-Portal &#8220;Nius&#8221; hat die Inhalte des Gutachtens \u00fcber die brandenburgische AfD vorver\u00f6ffentlicht und kam damit dem Innenminister und dem Verfassungsschutz zuvor. Erneut wird argumentativ eine gr\u00f6\u00dfere Zitatsammlung pr\u00e4sentiert. Der Einstufungsvermerk zur AfD soll demnach offiziell am Donnerstag &#8220;gesichert extremistisch&#8221; lauten. Der\u00a0Brandenburger Verfassungsschutz hatte die AfD zuvor bereits im\u00a0Mai als &#8220;gesichert extremistisch&#8221; eingestuft,\u00a0eine Hochstufung von [&hellip;]<\/p>\n","protected":false},"author":3,"featured_media":88702,"comment_status":"open","ping_status":"open","sticky":false,"template":"","format":"standard","meta":{"_yoast_indexnow_last_ping":["1754985003"],"wp_automatic_camp":["217"],"96476f2898bcbc6e47f1571ba0cf452c":["&quot;Gesichert extremistisch&quot; \u2013 Das Gutachten der AfD-Brandenburg wurde vorab ver\u00f6ffentlicht"],"original_link":["https:\/\/de.rt.com\/inland\/253028-gesichert-extremistisch-gutachten-afd-brandenburg\/"],"_thumbnail_id":["88702"],"jnews_social_counter_last_update":["1777457021"],"_wptgpro_p2tg_sent2tg":["a:1:{i:23737;s:19:\"2025-08-12 09:51:15\";}"]},"categories":[19,23],"tags":[67018,427,82,67017,17276,43517,2329,45309,528],"yoast_head":"<!-- This site is optimized with the Yoast SEO Premium plugin v22.7 (Yoast SEO v22.7) - https:\/\/yoast.com\/wordpress\/plugins\/seo\/ -->\n<title>&quot;Gesichert extremistisch&quot; \u2013 Das Gutachten der AfD-Brandenburg wurde vorab ver\u00f6ffentlicht - just-now.NEWS Deutschland<\/title>\n<meta name=\"robots\" content=\"index, follow, max-snippet:-1, max-image-preview:large, max-video-preview:-1\" \/>\n<link rel=\"canonical\" href=\"https:\/\/now-news.de\/de\/deutschland\/gesichert-extremistisch-das-gutachten-der-afd-brandenburg-wurde-vorab-veroeffentlicht\/\" \/>\n<meta property=\"og:locale\" content=\"de_DE\" \/>\n<meta property=\"og:type\" content=\"article\" \/>\n<meta property=\"og:title\" content=\"&quot;Gesichert extremistisch&quot; \u2013 Das Gutachten der AfD-Brandenburg wurde vorab ver\u00f6ffentlicht\" \/>\n<meta property=\"og:description\" content=\"Das Online-Portal &#8220;Nius&#8221; hat die Inhalte des Gutachtens \u00fcber die brandenburgische AfD vorver\u00f6ffentlicht und kam damit dem Innenminister und dem Verfassungsschutz zuvor. Erneut wird argumentativ eine gr\u00f6\u00dfere Zitatsammlung pr\u00e4sentiert. Der Einstufungsvermerk zur AfD soll demnach offiziell am Donnerstag &#8220;gesichert extremistisch&#8221; lauten. Der\u00a0Brandenburger Verfassungsschutz hatte die AfD zuvor bereits im\u00a0Mai als &#8220;gesichert extremistisch&#8221; eingestuft,\u00a0eine Hochstufung von [&hellip;]\" \/>\n<meta property=\"og:url\" content=\"https:\/\/now-news.de\/de\/deutschland\/gesichert-extremistisch-das-gutachten-der-afd-brandenburg-wurde-vorab-veroeffentlicht\/\" \/>\n<meta property=\"og:site_name\" content=\"just-now.NEWS Deutschland\" \/>\n<meta property=\"article:publisher\" content=\"https:\/\/www.facebook.com\/wirmachenauf\" \/>\n<meta property=\"article:published_time\" content=\"2025-08-12T07:26:36+00:00\" \/>\n<meta property=\"og:image\" content=\"https:\/\/now-news.de\/de\/wp-content\/uploads\/sites\/3\/2025\/08\/689ada7ab480cc5e02479053.JPG\" \/>\n<meta name=\"author\" content=\"rtnews\" \/>\n<meta name=\"twitter:card\" content=\"summary_large_image\" \/>\n<meta name=\"twitter:creator\" content=\"@WirMachenAuf_de\" \/>\n<meta name=\"twitter:site\" content=\"@WirMachenAuf_de\" \/>\n<meta name=\"twitter:label1\" content=\"Verfasst von\" \/>\n\t<meta name=\"twitter:data1\" content=\"rtnews\" \/>\n\t<meta name=\"twitter:label2\" content=\"Gesch\u00e4tzte Lesezeit\" \/>\n\t<meta name=\"twitter:data2\" content=\"5\u00a0Minuten\" \/>\n<script type=\"application\/ld+json\" class=\"yoast-schema-graph\">{\"@context\":\"https:\/\/schema.org\",\"@graph\":[{\"@type\":\"Article\",\"@id\":\"https:\/\/now-news.de\/de\/deutschland\/gesichert-extremistisch-das-gutachten-der-afd-brandenburg-wurde-vorab-veroeffentlicht\/#article\",\"isPartOf\":{\"@id\":\"https:\/\/now-news.de\/de\/deutschland\/gesichert-extremistisch-das-gutachten-der-afd-brandenburg-wurde-vorab-veroeffentlicht\/\"},\"author\":{\"name\":\"rtnews\",\"@id\":\"https:\/\/now-news.de\/de\/#\/schema\/person\/fb534a4e865501d8b3285208df34a9b5\"},\"headline\":\"&quot;Gesichert extremistisch&quot; \u2013 Das Gutachten der AfD-Brandenburg wurde vorab ver\u00f6ffentlicht\",\"datePublished\":\"2025-08-12T07:26:36+00:00\",\"dateModified\":\"2025-08-12T07:26:36+00:00\",\"mainEntityOfPage\":{\"@id\":\"https:\/\/now-news.de\/de\/deutschland\/gesichert-extremistisch-das-gutachten-der-afd-brandenburg-wurde-vorab-veroeffentlicht\/\"},\"wordCount\":911,\"commentCount\":0,\"publisher\":{\"@id\":\"https:\/\/now-news.de\/de\/#organization\"},\"image\":{\"@id\":\"https:\/\/now-news.de\/de\/deutschland\/gesichert-extremistisch-das-gutachten-der-afd-brandenburg-wurde-vorab-veroeffentlicht\/#primaryimage\"},\"thumbnailUrl\":\"https:\/\/now-news.de\/de\/wp-content\/uploads\/sites\/3\/2025\/08\/quotGesichert-extremistischquot-\u2013-Das-Gutachten-der-AfD-Brandenburg-wurde-vorab-veroeffentlicht.JPG\",\"keywords\":[\"AfDBrandenburg\",\"das\",\"der\",\"extremistischquot\",\"GUTACHTEN\",\"quotGesichert\",\"ver\u00f6ffentlicht\",\"vorab\",\"wurde\"],\"articleSection\":[\"Deutschland\",\"Russland\"],\"inLanguage\":\"de\",\"potentialAction\":[{\"@type\":\"CommentAction\",\"name\":\"Comment\",\"target\":[\"https:\/\/now-news.de\/de\/deutschland\/gesichert-extremistisch-das-gutachten-der-afd-brandenburg-wurde-vorab-veroeffentlicht\/#respond\"]}]},{\"@type\":\"WebPage\",\"@id\":\"https:\/\/now-news.de\/de\/deutschland\/gesichert-extremistisch-das-gutachten-der-afd-brandenburg-wurde-vorab-veroeffentlicht\/\",\"url\":\"https:\/\/now-news.de\/de\/deutschland\/gesichert-extremistisch-das-gutachten-der-afd-brandenburg-wurde-vorab-veroeffentlicht\/\",\"name\":\"&quot;Gesichert extremistisch&quot; \u2013 Das Gutachten der AfD-Brandenburg wurde vorab ver\u00f6ffentlicht - just-now.NEWS Deutschland\",\"isPartOf\":{\"@id\":\"https:\/\/now-news.de\/de\/#website\"},\"primaryImageOfPage\":{\"@id\":\"https:\/\/now-news.de\/de\/deutschland\/gesichert-extremistisch-das-gutachten-der-afd-brandenburg-wurde-vorab-veroeffentlicht\/#primaryimage\"},\"image\":{\"@id\":\"https:\/\/now-news.de\/de\/deutschland\/gesichert-extremistisch-das-gutachten-der-afd-brandenburg-wurde-vorab-veroeffentlicht\/#primaryimage\"},\"thumbnailUrl\":\"https:\/\/now-news.de\/de\/wp-content\/uploads\/sites\/3\/2025\/08\/quotGesichert-extremistischquot-\u2013-Das-Gutachten-der-AfD-Brandenburg-wurde-vorab-veroeffentlicht.JPG\",\"datePublished\":\"2025-08-12T07:26:36+00:00\",\"dateModified\":\"2025-08-12T07:26:36+00:00\",\"breadcrumb\":{\"@id\":\"https:\/\/now-news.de\/de\/deutschland\/gesichert-extremistisch-das-gutachten-der-afd-brandenburg-wurde-vorab-veroeffentlicht\/#breadcrumb\"},\"inLanguage\":\"de\",\"potentialAction\":[{\"@type\":\"ReadAction\",\"target\":[\"https:\/\/now-news.de\/de\/deutschland\/gesichert-extremistisch-das-gutachten-der-afd-brandenburg-wurde-vorab-veroeffentlicht\/\"]}]},{\"@type\":\"ImageObject\",\"inLanguage\":\"de\",\"@id\":\"https:\/\/now-news.de\/de\/deutschland\/gesichert-extremistisch-das-gutachten-der-afd-brandenburg-wurde-vorab-veroeffentlicht\/#primaryimage\",\"url\":\"https:\/\/now-news.de\/de\/wp-content\/uploads\/sites\/3\/2025\/08\/quotGesichert-extremistischquot-\u2013-Das-Gutachten-der-AfD-Brandenburg-wurde-vorab-veroeffentlicht.JPG\",\"contentUrl\":\"https:\/\/now-news.de\/de\/wp-content\/uploads\/sites\/3\/2025\/08\/quotGesichert-extremistischquot-\u2013-Das-Gutachten-der-AfD-Brandenburg-wurde-vorab-veroeffentlicht.JPG\",\"width\":460,\"height\":259,\"caption\":\"&quot;Gesichert extremistisch&quot; \u2013 Das Gutachten der AfD-Brandenburg wurde vorab ver\u00f6ffentlicht\"},{\"@type\":\"BreadcrumbList\",\"@id\":\"https:\/\/now-news.de\/de\/deutschland\/gesichert-extremistisch-das-gutachten-der-afd-brandenburg-wurde-vorab-veroeffentlicht\/#breadcrumb\",\"itemListElement\":[{\"@type\":\"ListItem\",\"position\":1,\"name\":\"Home\",\"item\":\"https:\/\/now-news.de\/de\/\"},{\"@type\":\"ListItem\",\"position\":2,\"name\":\"&quot;Gesichert extremistisch&quot; \u2013 Das Gutachten der AfD-Brandenburg wurde vorab ver\u00f6ffentlicht\"}]},{\"@type\":\"WebSite\",\"@id\":\"https:\/\/now-news.de\/de\/#website\",\"url\":\"https:\/\/now-news.de\/de\/\",\"name\":\"just-now.NEWS Deutschland\",\"description\":\"Das Portal f\u00fcr unzensierte Nachrichten aus der Welt\",\"publisher\":{\"@id\":\"https:\/\/now-news.de\/de\/#organization\"},\"potentialAction\":[{\"@type\":\"SearchAction\",\"target\":{\"@type\":\"EntryPoint\",\"urlTemplate\":\"https:\/\/now-news.de\/de\/?s={search_term_string}\"},\"query-input\":\"required name=search_term_string\"}],\"inLanguage\":\"de\"},{\"@type\":\"Organization\",\"@id\":\"https:\/\/now-news.de\/de\/#organization\",\"name\":\"Just Now News\",\"url\":\"https:\/\/now-news.de\/de\/\",\"logo\":{\"@type\":\"ImageObject\",\"inLanguage\":\"de\",\"@id\":\"https:\/\/now-news.de\/de\/#\/schema\/logo\/image\/\",\"url\":\"http:\/\/just-now.news\/de\/wp-content\/uploads\/sites\/3\/2022\/04\/logo500x500.jpg\",\"contentUrl\":\"http:\/\/just-now.news\/de\/wp-content\/uploads\/sites\/3\/2022\/04\/logo500x500.jpg\",\"width\":500,\"height\":500,\"caption\":\"Just Now News\"},\"image\":{\"@id\":\"https:\/\/now-news.de\/de\/#\/schema\/logo\/image\/\"},\"sameAs\":[\"https:\/\/www.facebook.com\/wirmachenauf\",\"https:\/\/x.com\/WirMachenAuf_de\"]},{\"@type\":\"Person\",\"@id\":\"https:\/\/now-news.de\/de\/#\/schema\/person\/fb534a4e865501d8b3285208df34a9b5\",\"name\":\"rtnews\",\"image\":{\"@type\":\"ImageObject\",\"inLanguage\":\"de\",\"@id\":\"https:\/\/now-news.de\/de\/#\/schema\/person\/image\/\",\"url\":\"https:\/\/secure.gravatar.com\/avatar\/82aafea7d8127119dd649515f56e2117?s=96&d=mm&r=g\",\"contentUrl\":\"https:\/\/secure.gravatar.com\/avatar\/82aafea7d8127119dd649515f56e2117?s=96&d=mm&r=g\",\"caption\":\"rtnews\"},\"url\":\"https:\/\/now-news.de\/de\/author\/rnews\/\"}]}<\/script>\n<!-- \/ Yoast SEO Premium plugin. -->","yoast_head_json":{"title":"&quot;Gesichert extremistisch&quot; \u2013 Das Gutachten der AfD-Brandenburg wurde vorab ver\u00f6ffentlicht - just-now.NEWS Deutschland","robots":{"index":"index","follow":"follow","max-snippet":"max-snippet:-1","max-image-preview":"max-image-preview:large","max-video-preview":"max-video-preview:-1"},"canonical":"https:\/\/now-news.de\/de\/deutschland\/gesichert-extremistisch-das-gutachten-der-afd-brandenburg-wurde-vorab-veroeffentlicht\/","og_locale":"de_DE","og_type":"article","og_title":"&quot;Gesichert extremistisch&quot; \u2013 Das Gutachten der AfD-Brandenburg wurde vorab ver\u00f6ffentlicht","og_description":"Das Online-Portal &#8220;Nius&#8221; hat die Inhalte des Gutachtens \u00fcber die brandenburgische AfD vorver\u00f6ffentlicht und kam damit dem Innenminister und dem Verfassungsschutz zuvor. Erneut wird argumentativ eine gr\u00f6\u00dfere Zitatsammlung pr\u00e4sentiert. Der Einstufungsvermerk zur AfD soll demnach offiziell am Donnerstag &#8220;gesichert extremistisch&#8221; lauten. Der\u00a0Brandenburger Verfassungsschutz hatte die AfD zuvor bereits im\u00a0Mai als &#8220;gesichert extremistisch&#8221; eingestuft,\u00a0eine Hochstufung von [&hellip;]","og_url":"https:\/\/now-news.de\/de\/deutschland\/gesichert-extremistisch-das-gutachten-der-afd-brandenburg-wurde-vorab-veroeffentlicht\/","og_site_name":"just-now.NEWS Deutschland","article_publisher":"https:\/\/www.facebook.com\/wirmachenauf","article_published_time":"2025-08-12T07:26:36+00:00","og_image":[{"url":"https:\/\/now-news.de\/de\/wp-content\/uploads\/sites\/3\/2025\/08\/689ada7ab480cc5e02479053.JPG"}],"author":"rtnews","twitter_card":"summary_large_image","twitter_creator":"@WirMachenAuf_de","twitter_site":"@WirMachenAuf_de","twitter_misc":{"Verfasst von":"rtnews","Gesch\u00e4tzte Lesezeit":"5\u00a0Minuten"},"schema":{"@context":"https:\/\/schema.org","@graph":[{"@type":"Article","@id":"https:\/\/now-news.de\/de\/deutschland\/gesichert-extremistisch-das-gutachten-der-afd-brandenburg-wurde-vorab-veroeffentlicht\/#article","isPartOf":{"@id":"https:\/\/now-news.de\/de\/deutschland\/gesichert-extremistisch-das-gutachten-der-afd-brandenburg-wurde-vorab-veroeffentlicht\/"},"author":{"name":"rtnews","@id":"https:\/\/now-news.de\/de\/#\/schema\/person\/fb534a4e865501d8b3285208df34a9b5"},"headline":"&quot;Gesichert extremistisch&quot; \u2013 Das Gutachten der AfD-Brandenburg wurde vorab ver\u00f6ffentlicht","datePublished":"2025-08-12T07:26:36+00:00","dateModified":"2025-08-12T07:26:36+00:00","mainEntityOfPage":{"@id":"https:\/\/now-news.de\/de\/deutschland\/gesichert-extremistisch-das-gutachten-der-afd-brandenburg-wurde-vorab-veroeffentlicht\/"},"wordCount":911,"commentCount":0,"publisher":{"@id":"https:\/\/now-news.de\/de\/#organization"},"image":{"@id":"https:\/\/now-news.de\/de\/deutschland\/gesichert-extremistisch-das-gutachten-der-afd-brandenburg-wurde-vorab-veroeffentlicht\/#primaryimage"},"thumbnailUrl":"https:\/\/now-news.de\/de\/wp-content\/uploads\/sites\/3\/2025\/08\/quotGesichert-extremistischquot-\u2013-Das-Gutachten-der-AfD-Brandenburg-wurde-vorab-veroeffentlicht.JPG","keywords":["AfDBrandenburg","das","der","extremistischquot","GUTACHTEN","quotGesichert","ver\u00f6ffentlicht","vorab","wurde"],"articleSection":["Deutschland","Russland"],"inLanguage":"de","potentialAction":[{"@type":"CommentAction","name":"Comment","target":["https:\/\/now-news.de\/de\/deutschland\/gesichert-extremistisch-das-gutachten-der-afd-brandenburg-wurde-vorab-veroeffentlicht\/#respond"]}]},{"@type":"WebPage","@id":"https:\/\/now-news.de\/de\/deutschland\/gesichert-extremistisch-das-gutachten-der-afd-brandenburg-wurde-vorab-veroeffentlicht\/","url":"https:\/\/now-news.de\/de\/deutschland\/gesichert-extremistisch-das-gutachten-der-afd-brandenburg-wurde-vorab-veroeffentlicht\/","name":"&quot;Gesichert extremistisch&quot; \u2013 Das Gutachten der AfD-Brandenburg wurde vorab ver\u00f6ffentlicht - just-now.NEWS Deutschland","isPartOf":{"@id":"https:\/\/now-news.de\/de\/#website"},"primaryImageOfPage":{"@id":"https:\/\/now-news.de\/de\/deutschland\/gesichert-extremistisch-das-gutachten-der-afd-brandenburg-wurde-vorab-veroeffentlicht\/#primaryimage"},"image":{"@id":"https:\/\/now-news.de\/de\/deutschland\/gesichert-extremistisch-das-gutachten-der-afd-brandenburg-wurde-vorab-veroeffentlicht\/#primaryimage"},"thumbnailUrl":"https:\/\/now-news.de\/de\/wp-content\/uploads\/sites\/3\/2025\/08\/quotGesichert-extremistischquot-\u2013-Das-Gutachten-der-AfD-Brandenburg-wurde-vorab-veroeffentlicht.JPG","datePublished":"2025-08-12T07:26:36+00:00","dateModified":"2025-08-12T07:26:36+00:00","breadcrumb":{"@id":"https:\/\/now-news.de\/de\/deutschland\/gesichert-extremistisch-das-gutachten-der-afd-brandenburg-wurde-vorab-veroeffentlicht\/#breadcrumb"},"inLanguage":"de","potentialAction":[{"@type":"ReadAction","target":["https:\/\/now-news.de\/de\/deutschland\/gesichert-extremistisch-das-gutachten-der-afd-brandenburg-wurde-vorab-veroeffentlicht\/"]}]},{"@type":"ImageObject","inLanguage":"de","@id":"https:\/\/now-news.de\/de\/deutschland\/gesichert-extremistisch-das-gutachten-der-afd-brandenburg-wurde-vorab-veroeffentlicht\/#primaryimage","url":"https:\/\/now-news.de\/de\/wp-content\/uploads\/sites\/3\/2025\/08\/quotGesichert-extremistischquot-\u2013-Das-Gutachten-der-AfD-Brandenburg-wurde-vorab-veroeffentlicht.JPG","contentUrl":"https:\/\/now-news.de\/de\/wp-content\/uploads\/sites\/3\/2025\/08\/quotGesichert-extremistischquot-\u2013-Das-Gutachten-der-AfD-Brandenburg-wurde-vorab-veroeffentlicht.JPG","width":460,"height":259,"caption":"&quot;Gesichert extremistisch&quot; \u2013 Das Gutachten der AfD-Brandenburg wurde vorab ver\u00f6ffentlicht"},{"@type":"BreadcrumbList","@id":"https:\/\/now-news.de\/de\/deutschland\/gesichert-extremistisch-das-gutachten-der-afd-brandenburg-wurde-vorab-veroeffentlicht\/#breadcrumb","itemListElement":[{"@type":"ListItem","position":1,"name":"Home","item":"https:\/\/now-news.de\/de\/"},{"@type":"ListItem","position":2,"name":"&quot;Gesichert extremistisch&quot; \u2013 Das Gutachten der AfD-Brandenburg wurde vorab ver\u00f6ffentlicht"}]},{"@type":"WebSite","@id":"https:\/\/now-news.de\/de\/#website","url":"https:\/\/now-news.de\/de\/","name":"just-now.NEWS Deutschland","description":"Das Portal f\u00fcr unzensierte Nachrichten aus der Welt","publisher":{"@id":"https:\/\/now-news.de\/de\/#organization"},"potentialAction":[{"@type":"SearchAction","target":{"@type":"EntryPoint","urlTemplate":"https:\/\/now-news.de\/de\/?s={search_term_string}"},"query-input":"required name=search_term_string"}],"inLanguage":"de"},{"@type":"Organization","@id":"https:\/\/now-news.de\/de\/#organization","name":"Just Now News","url":"https:\/\/now-news.de\/de\/","logo":{"@type":"ImageObject","inLanguage":"de","@id":"https:\/\/now-news.de\/de\/#\/schema\/logo\/image\/","url":"http:\/\/just-now.news\/de\/wp-content\/uploads\/sites\/3\/2022\/04\/logo500x500.jpg","contentUrl":"http:\/\/just-now.news\/de\/wp-content\/uploads\/sites\/3\/2022\/04\/logo500x500.jpg","width":500,"height":500,"caption":"Just Now News"},"image":{"@id":"https:\/\/now-news.de\/de\/#\/schema\/logo\/image\/"},"sameAs":["https:\/\/www.facebook.com\/wirmachenauf","https:\/\/x.com\/WirMachenAuf_de"]},{"@type":"Person","@id":"https:\/\/now-news.de\/de\/#\/schema\/person\/fb534a4e865501d8b3285208df34a9b5","name":"rtnews","image":{"@type":"ImageObject","inLanguage":"de","@id":"https:\/\/now-news.de\/de\/#\/schema\/person\/image\/","url":"https:\/\/secure.gravatar.com\/avatar\/82aafea7d8127119dd649515f56e2117?s=96&d=mm&r=g","contentUrl":"https:\/\/secure.gravatar.com\/avatar\/82aafea7d8127119dd649515f56e2117?s=96&d=mm&r=g","caption":"rtnews"},"url":"https:\/\/now-news.de\/de\/author\/rnews\/"}]}},"_links":{"self":[{"href":"https:\/\/now-news.de\/de\/wp-json\/wp\/v2\/posts\/88701"}],"collection":[{"href":"https:\/\/now-news.de\/de\/wp-json\/wp\/v2\/posts"}],"about":[{"href":"https:\/\/now-news.de\/de\/wp-json\/wp\/v2\/types\/post"}],"author":[{"embeddable":true,"href":"https:\/\/now-news.de\/de\/wp-json\/wp\/v2\/users\/3"}],"replies":[{"embeddable":true,"href":"https:\/\/now-news.de\/de\/wp-json\/wp\/v2\/comments?post=88701"}],"version-history":[{"count":0,"href":"https:\/\/now-news.de\/de\/wp-json\/wp\/v2\/posts\/88701\/revisions"}],"wp:featuredmedia":[{"embeddable":true,"href":"https:\/\/now-news.de\/de\/wp-json\/wp\/v2\/media\/88702"}],"wp:attachment":[{"href":"https:\/\/now-news.de\/de\/wp-json\/wp\/v2\/media?parent=88701"}],"wp:term":[{"taxonomy":"category","embeddable":true,"href":"https:\/\/now-news.de\/de\/wp-json\/wp\/v2\/categories?post=88701"},{"taxonomy":"post_tag","embeddable":true,"href":"https:\/\/now-news.de\/de\/wp-json\/wp\/v2\/tags?post=88701"}],"curies":[{"name":"wp","href":"https:\/\/api.w.org\/{rel}","templated":true}]}}