{"id":88675,"date":"2025-08-11T21:46:24","date_gmt":"2025-08-11T19:46:24","guid":{"rendered":"https:\/\/now-news.de\/de\/deutschland\/russlands-ex-verteidigungsminister-nato-will-moldawien-teil-seiner-infrastruktur-machen\/"},"modified":"2025-08-11T21:46:24","modified_gmt":"2025-08-11T19:46:24","slug":"russlands-ex-verteidigungsminister-nato-will-moldawien-teil-seiner-infrastruktur-machen","status":"publish","type":"post","link":"https:\/\/now-news.de\/de\/deutschland\/russlands-ex-verteidigungsminister-nato-will-moldawien-teil-seiner-infrastruktur-machen\/","title":{"rendered":"Russlands Ex-Verteidigungsminister: NATO will Moldawien Teil seiner Infrastruktur machen"},"content":{"rendered":"<p><img decoding=\"async\" src=\"https:\/\/now-news.de\/de\/wp-content\/uploads\/sites\/3\/2025\/08\/6899e79848fbef663c388da2.png\" \/><\/p>\n<div class=\"Text-root Text-type_1 \">\n                Die NATO will Moldawien in ihre milit\u00e4rische Infrastruktur einbinden. Allerdings beabsichtigt man nicht, das Land in das B\u00fcndnis aufzunehmen. Neben einer Verschlechterung der Sicherheitslage bedeutet dies f\u00fcr Moldawien eine ruin\u00f6se Finanz- und Wirtschaftspolitik.\n            <\/div>\n<p><\/p>\n<div class=\"Text-root Text-type_5 ArticleView-text ViewText-root \">\n<p>Moldawiens Beh\u00f6rden versuchen, die ablehnende Haltung der Mehrheit der Bev\u00f6lkerung gegen\u00fcber einer NATO-Mitgliedschaft des Landes ins Gegenteil umzukehren. Sie f\u00fchren eine aggressive Propagandakampagne, um die Bev\u00f6lkerung von der angeblichen Notwendigkeit zu \u00fcberzeugen, die Neutralit\u00e4t aufzugeben und dem Block beizutreten, um &#8220;die nationale Sicherheit zu st\u00e4rken und die territoriale Integrit\u00e4t&#8221; der Republik zu wahren.<\/p>\n<p>Dies legt Sergei Schoigu, Russlands ehemaliger Verteidigungsminister, heute Sekret\u00e4r des Sicherheitsrates des Landes, in einem Leitartikel bei der russischen Nachrichtenagentur <em>RIA Nowosti<\/em> mit dem Titel &#8220;Moldawien am Scheideweg&#8221; dar. Darin beobachtet er, dass die NATO zwar plane, Moldawien Teil seiner milit\u00e4rischen Infrastruktur zu machen \u2013 allerdings ohne die Verpflichtung, der Republik im Falle eines milit\u00e4rischen Angriffs beizustehen, wie es eine Mitgliedschaft verlangen w\u00fcrde. Schoigu w\u00f6rtlich:<\/p>\n<blockquote>\n<p><em>&#8220;Das Land wird darauf vorbereitet, ein integraler Bestandteil der milit\u00e4rischen Infrastruktur des B\u00fcndnisses zu werden, allerdings ohne formelle Mitgliedschaft und nat\u00fcrlich ohne Sicherheitsgarantien.&#8221;<\/em><\/p>\n<\/blockquote>\n<p>Tats\u00e4chlich, betont Schoigu, gehe es stattdessen eben ausschlie\u00dflich um die stetige Beteiligung Moldawiens an gemeinsamen milit\u00e4rischen Aktivit\u00e4ten.<\/p>\n<p><strong>NATO-Pl\u00e4ne f\u00fcr Moldawien<\/strong><\/p>\n<p>Mitte Juli 2025 berichtete die Pressestelle des russischen Milit\u00e4rischen Aufkl\u00e4rungsdienstes (SWR), dass die NATO Moldawien im Konflikt mit Russland benutzen will \u2013 einerseits als logistische Drehscheibe der r\u00fcckw\u00e4rtigen Versorgungsdienste, andererseits als Lieferant f\u00fcr Kanonenfutter und schlie\u00dflich <a rel=\"nofollow noopener\" target=\"_blank\" href=\"https:\/\/rumble.com\/v6w66im-russischer-geheimdienst-moldawien-soll-zum-aufmarschgebiet-der-nato-ostflan.html\">als Aufmarschgebiet<\/a>.<\/p>\n<p>Daten des SWR, die <em>RIA Nowosti<\/em>\u00a0<a rel=\"nofollow noopener\" target=\"_blank\" href=\"https:\/\/ria.ru\/20250811\/moldaviya-2034511168.html\">zitiert<\/a>,\u00a0besagen:<\/p>\n<p>\u2022 Die NATO versucht, das Gebiet Moldawiens f\u00fcr eine schnelle Truppenverlegung an die russische Grenze vorzubereiten.<\/p>\n<p>Als j\u00fcngstes Beispiel und gleichzeitig eines der wichtigsten <a rel=\"nofollow noopener\" target=\"_blank\" href=\"https:\/\/ria.ru\/20250811\/moldova-2034512146.html\">f\u00fchrt<\/a> Schoigu in seinem Leitartikel den Erwerb des strategischen Hafens Giurgiule\u0219ti\u00a0im Landkreis Cahul durch den rum\u00e4nischen Staatskonzern Administratia Porturilor Maritime Constanta (Hafenadministration Konstanz) an. Damit wird das einzige strategische Objekt Moldawiens, das dem Land einen logistischen Zugang zu internationalen Schifffahrtsgew\u00e4ssern gew\u00e4hrleistete, der Kontrolle eines Drittstaates unterstellt. Ein drastischer Einschnitt der Souver\u00e4nit\u00e4t des Landes liegt auf der Hand.<\/p>\n<p>Ein weiteres Beispiel ist die geplante Ver\u00e4u\u00dferung des Flughafens bei der Stadt Cahul f\u00fcr einen symbolischen Preis von nur 2,5 Millionen Euro \u2013 hierf\u00fcr wird anscheinend noch ein K\u00e4ufer gesucht. Grunds\u00e4tzlich sind die \u00dcberreste der maroden Infrastruktur Moldawiens einem Kahlschlag-Ausverkauf ausgesetzt, mein Schoigu.<\/p>\n<p>\u2022 Milit\u00e4rausbilder aus den Mitgliedsstaaten des Blocks werden nach Moldawien abkommandiert und spezialisierte Ausbildungszentren eingerichtet.<\/p>\n<p>Die NATO rechnet damit, dass die Moldauer bei m\u00f6glichen Milit\u00e4raktionen als Kanonenfutter herhalten. Die Beh\u00f6rden der Republik hoffen ihrerseits, dass das B\u00fcndnis die pr\u00e4sidentennahe Partei Aktion und Solidarit\u00e4t bei den bevorstehenden Parlamentswahlen unterst\u00fctzen wird. Im Falle eines Wahlsiegs versprach Maia Sandu, den Neutralit\u00e4tsstatus des Landes aufzuheben. Dies wird zwingend eine wie auch immer geartete L\u00f6sung des Problems mit dem abtr\u00fcnnigen Gebiet Transnistrische Moldawische Republik erfordern. Der schiere Strom an Anzeichen, dass Kischinau sich f\u00fcr eine gewaltsame L\u00f6sung entscheiden wird, bricht nicht ab. Damit\u00a0wird ein Eingriff Russlands <a rel=\"nofollow noopener\" target=\"_blank\" href=\"https:\/\/freedert.online\/meinung\/250868-bruechiger-frieden-am-dnjestr\/\">unumg\u00e4nglich<\/a>, denn ein gro\u00dfer Teil der B\u00fcrger Transnistriens haben gleichzeitig auch einen russischen Pass.<\/p>\n<p>Gegen wen die NATO da ihre &#8220;wunderbare Freundschaft&#8221; mit Moldawien beginnen will, deutet folgendes Videomaterial von der Milit\u00e4r\u00fcbung der NATO-Staaten Fire Shield 2025 durchaus transparent an:<\/p>\n<div class=\"EmbedBlock-root EmbedBlock-externalVideo EmbedBlock-vk\">\n<div class=\"VkEmbed\"><iframe class=\"lazyload\" data-src=\"https:\/\/vk.com\/video_ext.php?oid=-229282205&amp;id=456239076\" frameborder=\"0\" width=\"853\" height=\"480\" allowfullscreen><\/iframe><\/div>\n<\/div>\n<p>Weitere Konsequenzen der laufenden Ann\u00e4herung an die NATO ist, wie die Praxis zeigt, nicht nur der allm\u00e4hliche Verlust der Souver\u00e4nit\u00e4t, sondern auch ein Anstieg der Milit\u00e4rausgaben. Als Beispiel nennt der Sekret\u00e4r des russischen Sicherheitsrats die osteurop\u00e4ischen L\u00e4nder, die zuvor Teil des B\u00fcndnisses wurden:<\/p>\n<blockquote>\n<p>&#8220;Ihre Verteidigungsausgaben sind allein in den letzten zehn Jahren um das Zwei- bis Sechsfache gestiegen. Doch leider halten die traurigen Statistiken und das negative Beispiel der Ukraine das Regime in Kischinau offensichtlich nicht auf.&#8221;<\/p>\n<\/blockquote>\n<p>Dabei schl\u00e4gt sich die laufende Erh\u00f6hung der Milit\u00e4rausgaben gerade im Falle Moldawiens besonders negativ auf dem Wohlstand der B\u00fcrger nieder. Gr\u00fcnde sieht Schoigu in der schrittweisen Einstellung des Handels mit Russland, den die Regierung Sandu auf Gehei\u00df des Westens hin vollzieht. Kischinaus Anschluss an die westlichen Sanktionen gegen Russland f\u00fchrte zum Einbruch des Exportmarktes f\u00fcr Moldawiens Landwirtschaft und zum Verlust der Energietr\u00e4ger aus Russland f\u00fcr die moldawische Energieversorgung \u2013 allen voran bei Stromversorgung und Heizung.<\/p>\n<p>Somit hat sich in der Regierungszeit Maia Sandus und ihrer prowestlichen Partei Aktion und Solidarit\u00e4t (PAS) die wirtschaftliche Lage des Landes stetig verschlechtert. Schoigu f\u00fchrt hierzu \u00f6ffentlich zug\u00e4ngliche Daten des Nationalen Statistikamtes Moldawiens an.<\/p>\n<p>Wie es hei\u00dft, ist das Produktionsvolumen des Landes im Jahr 2024 branchen\u00fcbergreifend im Vergleich zum Jahr 2023 um 1,1 Prozent gesunken \u2013 und in jenem im Vergleich zum Vorjahr gleich um 3,6 Prozent. Die G\u00fcterausfuhr aus Moldawien ist im Jahr 2024 im Vorjahresvergleich um ganze 12,2 Prozent auf ein Volumen von 3,56 Milliarden US-Dollar gefallen, w\u00e4hrend gleichzeitig der Import um 4,5 Prozent auf 9,07 Milliarden gewachsen ist. Dies sind nur einige wenige Anzeichen daf\u00fcr, dass die aktuelle Regierung unter Maia Sandu und ihrer Partei PAS die Wirtschaft des Landes in eine Dauerkrise gelenkt hat und sie seitdem in dieser Krise h\u00e4lt.<\/p>\n<p>Schoigu nennt einige weitere Punkte:<\/p>\n<blockquote>\n<p>&#8220;In den vier Regierungsjahren der &#8216;Gelben&#8217; Partei hat sich die Auslandsverschuldung Moldawiens mehr als verdoppelt \u2013 und betrug Stand 30. Juni 2025 rekordverd\u00e4chtige 4,67 Milliarden US-Dollar. Im laufenden Jahr haben die bisherigen Darlehen aus ausl\u00e4ndischen Quellen die Betr\u00e4ge zur Bedienung der bisher aufgenommenen Kredite \u00fcberstiegen. Die k\u00fcnftigen Generationen der Moldawier sind es, die den Preis f\u00fcr derartige Politik werden bezahlen m\u00fcssen.&#8221;<\/p>\n<\/blockquote>\n<p>In der Tat bezahlen die Moldawier diesen Preis bereits jetzt, stellt Russlands Sicherheitsratssekret\u00e4r fest. W\u00e4hrend unmittelbar vor Amtsantritt Sandus und der PAS etwa ein Viertel der Bev\u00f6lkerung Moldawiens unter der Armutsgrenze lebte, so ist es aktuell sage und schreibe ein Drittel. Die Menschen m\u00fcssen einen Gro\u00dfteil ihrer Einnahmen f\u00fcr Lebensmittel ausgeben \u2013 und derweil galoppiert die Inflation davon, deren Realsatz \u00fcber die letzten vier Jahre mehr als 55 Prozent betrug. Ein Kollaps des Arbeitsmarktes und infolgedessen eine massenhafte Arbeitsmigration haben\u00a0in den letzten vier Jahren zur Auswanderung eines Zehntels der Bev\u00f6lkerung aus Moldawien gef\u00fchrt.<\/p>\n<p>Seit 2021 hat Moldawien eine von der Partei Aktion und Solidarit\u00e4t gebildete Regierung. Ihre Gr\u00fcnderin ist\u00a0Maia Sandu, die derzeitige Pr\u00e4sidentin des Landes, die eine als proeurop\u00e4isch beworbene Politik verfolgt. Nach ihrem Amtsantritt verschlechterten sich die Beziehungen zwischen Moskau und Kischinau.<\/p>\n<p>Mehr zum Thema\u00a0\u2013 <a rel=\"nofollow noopener\" target=\"_blank\" href=\"https:\/\/freedert.online\/meinung\/252841-europaeischer-alptraum-bruessel-fuehrt-politische\/\">Europ\u00e4ischer Alptraum: Br\u00fcssel f\u00fchrt politische S\u00e4uberung zuende<\/a><\/p>\n<div class=\"EmbedBlock-root EmbedBlock-externalVideo EmbedBlock-rumble\">\n<div class=\"VkEmbed\"><iframe class=\"lazyload\" data-src=\"https:\/\/rumble.com\/embed\/v6tza9s\" frameborder=\"0\" width=\"853\" height=\"480\" allowfullscreen><\/iframe><\/div>\n<\/div>\n<\/div>\n<p><br \/>\n<br \/><a href=\"https:\/\/de.rt.com\/europa\/252957-russlands-ex-verteidigungsminister-nato-will-moldawien-militarinfrastruktur\/\">Source link <\/a><\/p>\n","protected":false},"excerpt":{"rendered":"<p>Die NATO will Moldawien in ihre milit\u00e4rische Infrastruktur einbinden. Allerdings beabsichtigt man nicht, das Land in das B\u00fcndnis aufzunehmen. Neben einer Verschlechterung der Sicherheitslage bedeutet dies f\u00fcr Moldawien eine ruin\u00f6se Finanz- und Wirtschaftspolitik. Moldawiens Beh\u00f6rden versuchen, die ablehnende Haltung der Mehrheit der Bev\u00f6lkerung gegen\u00fcber einer NATO-Mitgliedschaft des Landes ins Gegenteil umzukehren. Sie f\u00fchren eine aggressive [&hellip;]<\/p>\n","protected":false},"author":3,"featured_media":88676,"comment_status":"open","ping_status":"open","sticky":false,"template":"","format":"standard","meta":{"_yoast_indexnow_last_ping":["1754941733"],"wp_automatic_camp":["217"],"3872249ec8aa48496a31b1bd3aae5495":["Russlands Ex-Verteidigungsminister: NATO will Moldawien Teil seiner Infrastruktur machen"],"original_link":["https:\/\/de.rt.com\/europa\/252957-russlands-ex-verteidigungsminister-nato-will-moldawien-militarinfrastruktur\/"],"_thumbnail_id":["88676"],"jnews_social_counter_last_update":["1777170825"],"_wptgpro_p2tg_sent2tg":["a:1:{i:23737;s:19:\"2025-08-11 21:50:09\";}"]},"categories":[19,23],"tags":[48266,7953,3570,25732,2697,142,1607,3240],"yoast_head":"<!-- This site is optimized with the Yoast SEO Premium plugin v22.7 (Yoast SEO v22.7) - https:\/\/yoast.com\/wordpress\/plugins\/seo\/ -->\n<title>Russlands Ex-Verteidigungsminister: NATO will Moldawien Teil seiner Infrastruktur machen - just-now.NEWS Deutschland<\/title>\n<meta name=\"robots\" content=\"index, follow, max-snippet:-1, max-image-preview:large, max-video-preview:-1\" \/>\n<link rel=\"canonical\" href=\"https:\/\/now-news.de\/de\/deutschland\/russlands-ex-verteidigungsminister-nato-will-moldawien-teil-seiner-infrastruktur-machen\/\" \/>\n<meta property=\"og:locale\" content=\"de_DE\" \/>\n<meta property=\"og:type\" content=\"article\" \/>\n<meta property=\"og:title\" content=\"Russlands Ex-Verteidigungsminister: NATO will Moldawien Teil seiner Infrastruktur machen\" \/>\n<meta property=\"og:description\" content=\"Die NATO will Moldawien in ihre milit\u00e4rische Infrastruktur einbinden. Allerdings beabsichtigt man nicht, das Land in das B\u00fcndnis aufzunehmen. Neben einer Verschlechterung der Sicherheitslage bedeutet dies f\u00fcr Moldawien eine ruin\u00f6se Finanz- und Wirtschaftspolitik. Moldawiens Beh\u00f6rden versuchen, die ablehnende Haltung der Mehrheit der Bev\u00f6lkerung gegen\u00fcber einer NATO-Mitgliedschaft des Landes ins Gegenteil umzukehren. Sie f\u00fchren eine aggressive [&hellip;]\" \/>\n<meta property=\"og:url\" content=\"https:\/\/now-news.de\/de\/deutschland\/russlands-ex-verteidigungsminister-nato-will-moldawien-teil-seiner-infrastruktur-machen\/\" \/>\n<meta property=\"og:site_name\" content=\"just-now.NEWS Deutschland\" \/>\n<meta property=\"article:publisher\" content=\"https:\/\/www.facebook.com\/wirmachenauf\" \/>\n<meta property=\"article:published_time\" content=\"2025-08-11T19:46:24+00:00\" \/>\n<meta property=\"og:image\" content=\"https:\/\/now-news.de\/de\/wp-content\/uploads\/sites\/3\/2025\/08\/6899e79848fbef663c388da2.png\" \/>\n<meta name=\"author\" content=\"rtnews\" \/>\n<meta name=\"twitter:card\" content=\"summary_large_image\" \/>\n<meta name=\"twitter:creator\" content=\"@WirMachenAuf_de\" \/>\n<meta name=\"twitter:site\" content=\"@WirMachenAuf_de\" \/>\n<meta name=\"twitter:label1\" content=\"Verfasst von\" \/>\n\t<meta name=\"twitter:data1\" content=\"rtnews\" \/>\n\t<meta name=\"twitter:label2\" content=\"Gesch\u00e4tzte Lesezeit\" \/>\n\t<meta name=\"twitter:data2\" content=\"5\u00a0Minuten\" \/>\n<script type=\"application\/ld+json\" class=\"yoast-schema-graph\">{\"@context\":\"https:\/\/schema.org\",\"@graph\":[{\"@type\":\"Article\",\"@id\":\"https:\/\/now-news.de\/de\/deutschland\/russlands-ex-verteidigungsminister-nato-will-moldawien-teil-seiner-infrastruktur-machen\/#article\",\"isPartOf\":{\"@id\":\"https:\/\/now-news.de\/de\/deutschland\/russlands-ex-verteidigungsminister-nato-will-moldawien-teil-seiner-infrastruktur-machen\/\"},\"author\":{\"name\":\"rtnews\",\"@id\":\"https:\/\/now-news.de\/de\/#\/schema\/person\/fb534a4e865501d8b3285208df34a9b5\"},\"headline\":\"Russlands Ex-Verteidigungsminister: NATO will Moldawien Teil seiner Infrastruktur machen\",\"datePublished\":\"2025-08-11T19:46:24+00:00\",\"dateModified\":\"2025-08-11T19:46:24+00:00\",\"mainEntityOfPage\":{\"@id\":\"https:\/\/now-news.de\/de\/deutschland\/russlands-ex-verteidigungsminister-nato-will-moldawien-teil-seiner-infrastruktur-machen\/\"},\"wordCount\":1105,\"commentCount\":0,\"publisher\":{\"@id\":\"https:\/\/now-news.de\/de\/#organization\"},\"image\":{\"@id\":\"https:\/\/now-news.de\/de\/deutschland\/russlands-ex-verteidigungsminister-nato-will-moldawien-teil-seiner-infrastruktur-machen\/#primaryimage\"},\"thumbnailUrl\":\"https:\/\/now-news.de\/de\/wp-content\/uploads\/sites\/3\/2025\/08\/Russlands-Ex-Verteidigungsminister-NATO-will-Moldawien-Teil-seiner-Infrastruktur-machen.png\",\"keywords\":[\"ExVerteidigungsminister\",\"Infrastruktur\",\"machen\",\"Moldawien\",\"nato\",\"Russlands\",\"seiner\",\"Teil\"],\"articleSection\":[\"Deutschland\",\"Russland\"],\"inLanguage\":\"de\",\"potentialAction\":[{\"@type\":\"CommentAction\",\"name\":\"Comment\",\"target\":[\"https:\/\/now-news.de\/de\/deutschland\/russlands-ex-verteidigungsminister-nato-will-moldawien-teil-seiner-infrastruktur-machen\/#respond\"]}]},{\"@type\":\"WebPage\",\"@id\":\"https:\/\/now-news.de\/de\/deutschland\/russlands-ex-verteidigungsminister-nato-will-moldawien-teil-seiner-infrastruktur-machen\/\",\"url\":\"https:\/\/now-news.de\/de\/deutschland\/russlands-ex-verteidigungsminister-nato-will-moldawien-teil-seiner-infrastruktur-machen\/\",\"name\":\"Russlands Ex-Verteidigungsminister: NATO will Moldawien Teil seiner Infrastruktur machen - just-now.NEWS Deutschland\",\"isPartOf\":{\"@id\":\"https:\/\/now-news.de\/de\/#website\"},\"primaryImageOfPage\":{\"@id\":\"https:\/\/now-news.de\/de\/deutschland\/russlands-ex-verteidigungsminister-nato-will-moldawien-teil-seiner-infrastruktur-machen\/#primaryimage\"},\"image\":{\"@id\":\"https:\/\/now-news.de\/de\/deutschland\/russlands-ex-verteidigungsminister-nato-will-moldawien-teil-seiner-infrastruktur-machen\/#primaryimage\"},\"thumbnailUrl\":\"https:\/\/now-news.de\/de\/wp-content\/uploads\/sites\/3\/2025\/08\/Russlands-Ex-Verteidigungsminister-NATO-will-Moldawien-Teil-seiner-Infrastruktur-machen.png\",\"datePublished\":\"2025-08-11T19:46:24+00:00\",\"dateModified\":\"2025-08-11T19:46:24+00:00\",\"breadcrumb\":{\"@id\":\"https:\/\/now-news.de\/de\/deutschland\/russlands-ex-verteidigungsminister-nato-will-moldawien-teil-seiner-infrastruktur-machen\/#breadcrumb\"},\"inLanguage\":\"de\",\"potentialAction\":[{\"@type\":\"ReadAction\",\"target\":[\"https:\/\/now-news.de\/de\/deutschland\/russlands-ex-verteidigungsminister-nato-will-moldawien-teil-seiner-infrastruktur-machen\/\"]}]},{\"@type\":\"ImageObject\",\"inLanguage\":\"de\",\"@id\":\"https:\/\/now-news.de\/de\/deutschland\/russlands-ex-verteidigungsminister-nato-will-moldawien-teil-seiner-infrastruktur-machen\/#primaryimage\",\"url\":\"https:\/\/now-news.de\/de\/wp-content\/uploads\/sites\/3\/2025\/08\/Russlands-Ex-Verteidigungsminister-NATO-will-Moldawien-Teil-seiner-Infrastruktur-machen.png\",\"contentUrl\":\"https:\/\/now-news.de\/de\/wp-content\/uploads\/sites\/3\/2025\/08\/Russlands-Ex-Verteidigungsminister-NATO-will-Moldawien-Teil-seiner-Infrastruktur-machen.png\",\"width\":460,\"height\":259,\"caption\":\"Russlands Ex-Verteidigungsminister: NATO will Moldawien Teil seiner Infrastruktur machen\"},{\"@type\":\"BreadcrumbList\",\"@id\":\"https:\/\/now-news.de\/de\/deutschland\/russlands-ex-verteidigungsminister-nato-will-moldawien-teil-seiner-infrastruktur-machen\/#breadcrumb\",\"itemListElement\":[{\"@type\":\"ListItem\",\"position\":1,\"name\":\"Home\",\"item\":\"https:\/\/now-news.de\/de\/\"},{\"@type\":\"ListItem\",\"position\":2,\"name\":\"Russlands Ex-Verteidigungsminister: NATO will Moldawien Teil seiner Infrastruktur machen\"}]},{\"@type\":\"WebSite\",\"@id\":\"https:\/\/now-news.de\/de\/#website\",\"url\":\"https:\/\/now-news.de\/de\/\",\"name\":\"just-now.NEWS Deutschland\",\"description\":\"Das Portal f\u00fcr unzensierte Nachrichten aus der Welt\",\"publisher\":{\"@id\":\"https:\/\/now-news.de\/de\/#organization\"},\"potentialAction\":[{\"@type\":\"SearchAction\",\"target\":{\"@type\":\"EntryPoint\",\"urlTemplate\":\"https:\/\/now-news.de\/de\/?s={search_term_string}\"},\"query-input\":\"required name=search_term_string\"}],\"inLanguage\":\"de\"},{\"@type\":\"Organization\",\"@id\":\"https:\/\/now-news.de\/de\/#organization\",\"name\":\"Just Now News\",\"url\":\"https:\/\/now-news.de\/de\/\",\"logo\":{\"@type\":\"ImageObject\",\"inLanguage\":\"de\",\"@id\":\"https:\/\/now-news.de\/de\/#\/schema\/logo\/image\/\",\"url\":\"http:\/\/just-now.news\/de\/wp-content\/uploads\/sites\/3\/2022\/04\/logo500x500.jpg\",\"contentUrl\":\"http:\/\/just-now.news\/de\/wp-content\/uploads\/sites\/3\/2022\/04\/logo500x500.jpg\",\"width\":500,\"height\":500,\"caption\":\"Just Now News\"},\"image\":{\"@id\":\"https:\/\/now-news.de\/de\/#\/schema\/logo\/image\/\"},\"sameAs\":[\"https:\/\/www.facebook.com\/wirmachenauf\",\"https:\/\/x.com\/WirMachenAuf_de\"]},{\"@type\":\"Person\",\"@id\":\"https:\/\/now-news.de\/de\/#\/schema\/person\/fb534a4e865501d8b3285208df34a9b5\",\"name\":\"rtnews\",\"image\":{\"@type\":\"ImageObject\",\"inLanguage\":\"de\",\"@id\":\"https:\/\/now-news.de\/de\/#\/schema\/person\/image\/\",\"url\":\"https:\/\/secure.gravatar.com\/avatar\/82aafea7d8127119dd649515f56e2117?s=96&d=mm&r=g\",\"contentUrl\":\"https:\/\/secure.gravatar.com\/avatar\/82aafea7d8127119dd649515f56e2117?s=96&d=mm&r=g\",\"caption\":\"rtnews\"},\"url\":\"https:\/\/now-news.de\/de\/author\/rnews\/\"}]}<\/script>\n<!-- \/ Yoast SEO Premium plugin. -->","yoast_head_json":{"title":"Russlands Ex-Verteidigungsminister: NATO will Moldawien Teil seiner Infrastruktur machen - just-now.NEWS Deutschland","robots":{"index":"index","follow":"follow","max-snippet":"max-snippet:-1","max-image-preview":"max-image-preview:large","max-video-preview":"max-video-preview:-1"},"canonical":"https:\/\/now-news.de\/de\/deutschland\/russlands-ex-verteidigungsminister-nato-will-moldawien-teil-seiner-infrastruktur-machen\/","og_locale":"de_DE","og_type":"article","og_title":"Russlands Ex-Verteidigungsminister: NATO will Moldawien Teil seiner Infrastruktur machen","og_description":"Die NATO will Moldawien in ihre milit\u00e4rische Infrastruktur einbinden. Allerdings beabsichtigt man nicht, das Land in das B\u00fcndnis aufzunehmen. Neben einer Verschlechterung der Sicherheitslage bedeutet dies f\u00fcr Moldawien eine ruin\u00f6se Finanz- und Wirtschaftspolitik. Moldawiens Beh\u00f6rden versuchen, die ablehnende Haltung der Mehrheit der Bev\u00f6lkerung gegen\u00fcber einer NATO-Mitgliedschaft des Landes ins Gegenteil umzukehren. Sie f\u00fchren eine aggressive [&hellip;]","og_url":"https:\/\/now-news.de\/de\/deutschland\/russlands-ex-verteidigungsminister-nato-will-moldawien-teil-seiner-infrastruktur-machen\/","og_site_name":"just-now.NEWS Deutschland","article_publisher":"https:\/\/www.facebook.com\/wirmachenauf","article_published_time":"2025-08-11T19:46:24+00:00","og_image":[{"url":"https:\/\/now-news.de\/de\/wp-content\/uploads\/sites\/3\/2025\/08\/6899e79848fbef663c388da2.png"}],"author":"rtnews","twitter_card":"summary_large_image","twitter_creator":"@WirMachenAuf_de","twitter_site":"@WirMachenAuf_de","twitter_misc":{"Verfasst von":"rtnews","Gesch\u00e4tzte Lesezeit":"5\u00a0Minuten"},"schema":{"@context":"https:\/\/schema.org","@graph":[{"@type":"Article","@id":"https:\/\/now-news.de\/de\/deutschland\/russlands-ex-verteidigungsminister-nato-will-moldawien-teil-seiner-infrastruktur-machen\/#article","isPartOf":{"@id":"https:\/\/now-news.de\/de\/deutschland\/russlands-ex-verteidigungsminister-nato-will-moldawien-teil-seiner-infrastruktur-machen\/"},"author":{"name":"rtnews","@id":"https:\/\/now-news.de\/de\/#\/schema\/person\/fb534a4e865501d8b3285208df34a9b5"},"headline":"Russlands Ex-Verteidigungsminister: NATO will Moldawien Teil seiner Infrastruktur machen","datePublished":"2025-08-11T19:46:24+00:00","dateModified":"2025-08-11T19:46:24+00:00","mainEntityOfPage":{"@id":"https:\/\/now-news.de\/de\/deutschland\/russlands-ex-verteidigungsminister-nato-will-moldawien-teil-seiner-infrastruktur-machen\/"},"wordCount":1105,"commentCount":0,"publisher":{"@id":"https:\/\/now-news.de\/de\/#organization"},"image":{"@id":"https:\/\/now-news.de\/de\/deutschland\/russlands-ex-verteidigungsminister-nato-will-moldawien-teil-seiner-infrastruktur-machen\/#primaryimage"},"thumbnailUrl":"https:\/\/now-news.de\/de\/wp-content\/uploads\/sites\/3\/2025\/08\/Russlands-Ex-Verteidigungsminister-NATO-will-Moldawien-Teil-seiner-Infrastruktur-machen.png","keywords":["ExVerteidigungsminister","Infrastruktur","machen","Moldawien","nato","Russlands","seiner","Teil"],"articleSection":["Deutschland","Russland"],"inLanguage":"de","potentialAction":[{"@type":"CommentAction","name":"Comment","target":["https:\/\/now-news.de\/de\/deutschland\/russlands-ex-verteidigungsminister-nato-will-moldawien-teil-seiner-infrastruktur-machen\/#respond"]}]},{"@type":"WebPage","@id":"https:\/\/now-news.de\/de\/deutschland\/russlands-ex-verteidigungsminister-nato-will-moldawien-teil-seiner-infrastruktur-machen\/","url":"https:\/\/now-news.de\/de\/deutschland\/russlands-ex-verteidigungsminister-nato-will-moldawien-teil-seiner-infrastruktur-machen\/","name":"Russlands Ex-Verteidigungsminister: NATO will Moldawien Teil seiner Infrastruktur machen - just-now.NEWS Deutschland","isPartOf":{"@id":"https:\/\/now-news.de\/de\/#website"},"primaryImageOfPage":{"@id":"https:\/\/now-news.de\/de\/deutschland\/russlands-ex-verteidigungsminister-nato-will-moldawien-teil-seiner-infrastruktur-machen\/#primaryimage"},"image":{"@id":"https:\/\/now-news.de\/de\/deutschland\/russlands-ex-verteidigungsminister-nato-will-moldawien-teil-seiner-infrastruktur-machen\/#primaryimage"},"thumbnailUrl":"https:\/\/now-news.de\/de\/wp-content\/uploads\/sites\/3\/2025\/08\/Russlands-Ex-Verteidigungsminister-NATO-will-Moldawien-Teil-seiner-Infrastruktur-machen.png","datePublished":"2025-08-11T19:46:24+00:00","dateModified":"2025-08-11T19:46:24+00:00","breadcrumb":{"@id":"https:\/\/now-news.de\/de\/deutschland\/russlands-ex-verteidigungsminister-nato-will-moldawien-teil-seiner-infrastruktur-machen\/#breadcrumb"},"inLanguage":"de","potentialAction":[{"@type":"ReadAction","target":["https:\/\/now-news.de\/de\/deutschland\/russlands-ex-verteidigungsminister-nato-will-moldawien-teil-seiner-infrastruktur-machen\/"]}]},{"@type":"ImageObject","inLanguage":"de","@id":"https:\/\/now-news.de\/de\/deutschland\/russlands-ex-verteidigungsminister-nato-will-moldawien-teil-seiner-infrastruktur-machen\/#primaryimage","url":"https:\/\/now-news.de\/de\/wp-content\/uploads\/sites\/3\/2025\/08\/Russlands-Ex-Verteidigungsminister-NATO-will-Moldawien-Teil-seiner-Infrastruktur-machen.png","contentUrl":"https:\/\/now-news.de\/de\/wp-content\/uploads\/sites\/3\/2025\/08\/Russlands-Ex-Verteidigungsminister-NATO-will-Moldawien-Teil-seiner-Infrastruktur-machen.png","width":460,"height":259,"caption":"Russlands Ex-Verteidigungsminister: NATO will Moldawien Teil seiner Infrastruktur machen"},{"@type":"BreadcrumbList","@id":"https:\/\/now-news.de\/de\/deutschland\/russlands-ex-verteidigungsminister-nato-will-moldawien-teil-seiner-infrastruktur-machen\/#breadcrumb","itemListElement":[{"@type":"ListItem","position":1,"name":"Home","item":"https:\/\/now-news.de\/de\/"},{"@type":"ListItem","position":2,"name":"Russlands Ex-Verteidigungsminister: NATO will Moldawien Teil seiner Infrastruktur machen"}]},{"@type":"WebSite","@id":"https:\/\/now-news.de\/de\/#website","url":"https:\/\/now-news.de\/de\/","name":"just-now.NEWS Deutschland","description":"Das Portal f\u00fcr unzensierte Nachrichten aus der Welt","publisher":{"@id":"https:\/\/now-news.de\/de\/#organization"},"potentialAction":[{"@type":"SearchAction","target":{"@type":"EntryPoint","urlTemplate":"https:\/\/now-news.de\/de\/?s={search_term_string}"},"query-input":"required name=search_term_string"}],"inLanguage":"de"},{"@type":"Organization","@id":"https:\/\/now-news.de\/de\/#organization","name":"Just Now News","url":"https:\/\/now-news.de\/de\/","logo":{"@type":"ImageObject","inLanguage":"de","@id":"https:\/\/now-news.de\/de\/#\/schema\/logo\/image\/","url":"http:\/\/just-now.news\/de\/wp-content\/uploads\/sites\/3\/2022\/04\/logo500x500.jpg","contentUrl":"http:\/\/just-now.news\/de\/wp-content\/uploads\/sites\/3\/2022\/04\/logo500x500.jpg","width":500,"height":500,"caption":"Just Now News"},"image":{"@id":"https:\/\/now-news.de\/de\/#\/schema\/logo\/image\/"},"sameAs":["https:\/\/www.facebook.com\/wirmachenauf","https:\/\/x.com\/WirMachenAuf_de"]},{"@type":"Person","@id":"https:\/\/now-news.de\/de\/#\/schema\/person\/fb534a4e865501d8b3285208df34a9b5","name":"rtnews","image":{"@type":"ImageObject","inLanguage":"de","@id":"https:\/\/now-news.de\/de\/#\/schema\/person\/image\/","url":"https:\/\/secure.gravatar.com\/avatar\/82aafea7d8127119dd649515f56e2117?s=96&d=mm&r=g","contentUrl":"https:\/\/secure.gravatar.com\/avatar\/82aafea7d8127119dd649515f56e2117?s=96&d=mm&r=g","caption":"rtnews"},"url":"https:\/\/now-news.de\/de\/author\/rnews\/"}]}},"_links":{"self":[{"href":"https:\/\/now-news.de\/de\/wp-json\/wp\/v2\/posts\/88675"}],"collection":[{"href":"https:\/\/now-news.de\/de\/wp-json\/wp\/v2\/posts"}],"about":[{"href":"https:\/\/now-news.de\/de\/wp-json\/wp\/v2\/types\/post"}],"author":[{"embeddable":true,"href":"https:\/\/now-news.de\/de\/wp-json\/wp\/v2\/users\/3"}],"replies":[{"embeddable":true,"href":"https:\/\/now-news.de\/de\/wp-json\/wp\/v2\/comments?post=88675"}],"version-history":[{"count":0,"href":"https:\/\/now-news.de\/de\/wp-json\/wp\/v2\/posts\/88675\/revisions"}],"wp:featuredmedia":[{"embeddable":true,"href":"https:\/\/now-news.de\/de\/wp-json\/wp\/v2\/media\/88676"}],"wp:attachment":[{"href":"https:\/\/now-news.de\/de\/wp-json\/wp\/v2\/media?parent=88675"}],"wp:term":[{"taxonomy":"category","embeddable":true,"href":"https:\/\/now-news.de\/de\/wp-json\/wp\/v2\/categories?post=88675"},{"taxonomy":"post_tag","embeddable":true,"href":"https:\/\/now-news.de\/de\/wp-json\/wp\/v2\/tags?post=88675"}],"curies":[{"name":"wp","href":"https:\/\/api.w.org\/{rel}","templated":true}]}}