{"id":88651,"date":"2025-08-11T17:59:10","date_gmt":"2025-08-11T15:59:10","guid":{"rendered":"https:\/\/now-news.de\/de\/deutschland\/kolumbiens-praesidentschaftskandidat-verstirbt-nach-attentat\/"},"modified":"2025-08-11T17:59:10","modified_gmt":"2025-08-11T15:59:10","slug":"kolumbiens-praesidentschaftskandidat-verstirbt-nach-attentat","status":"publish","type":"post","link":"https:\/\/now-news.de\/de\/deutschland\/kolumbiens-praesidentschaftskandidat-verstirbt-nach-attentat\/","title":{"rendered":"Kolumbiens Pr\u00e4sidentschaftskandidat verstirbt nach Attentat"},"content":{"rendered":"<p><img decoding=\"async\" src=\"https:\/\/now-news.de\/de\/wp-content\/uploads\/sites\/3\/2025\/08\/689a013bb480cc60e150eb45.jpg\" \/><\/p>\n<div class=\"Text-root Text-type_1 \">\n                Der kolumbianische Pr\u00e4sidentschaftskandidat Uribe Turbay ist an den Verletzungen gestorben, die ihm vor mehr als zwei Monaten bei einem Attentat zugef\u00fcgt wurden. Senator Uribe Turbay wurde Anfang Juni angegriffen. Ihm wurde w\u00e4hrend einer Wahlkampfveranstaltung in den Kopf geschossen.\n            <\/div>\n<p><\/p>\n<div class=\"Text-root Text-type_5 ArticleView-text ViewText-root \">\n<p>Der kolumbianische Pr\u00e4sidentschaftskandidat Miguel Uribe Turbay, der bei einer Wahlkampfveranstaltung eine Schussverletzung am Kopf erlitten hatte, erlag nun im Alter von nur 39 Jahren seine Verletzungen. Dies teilte seine Frau Maria Claudia Tarazona auf Instagram mit:<\/p>\n<blockquote>\n<p><em>\u201eRuhe in Frieden, Liebe meines Lebens. Ich werde mich um unsere Kinder k\u00fcmmern.\u201c<\/em><\/p>\n<\/blockquote>\n<p>Wie die <em>\u00a0New York Times<\/em> ( <em>NYT)<\/em> berichtete, habe der Politiker neun Wochen im Krankenhaus verbracht und sei mehrfach operiert worden. Am Wochenende habe sich sein Zustand verschlechtert: Es ist zu einer Hirnblutung gekommen.<\/p>\n<p>Die Beh\u00f6rden nahmen vier Personen wegen des Verdachts des Angriffs fest, darunter einen Minderj\u00e4hrigen, der als Sch\u00fctze identifiziert wurde. Die Motive f\u00fcr die Tat wurden von der Polizei nicht genannt. Die Staatsanwaltschaft erhob gegen alle vier Anklagen wegen versuchten Mordes und illegalen Besitzes von Schusswaffen. Nach Angaben der <em>NYT<\/em> werden drei Vollj\u00e4hrige beschuldigt, einen Minderj\u00e4hrigen f\u00fcr die Begehung der Straftat ausgenutzt zu haben.<\/p>\n<p>Der Angriff auf Uribe Turbay ereignete sich Anfang Juni w\u00e4hrend einer Wahlkampfveranstaltung: Der Senator galt als einer der Kandidaten f\u00fcr die Wahlen im Jahr 2026. Der Politiker wurde dreimal angeschossen, eine der Kugeln traf ihn am Kopf. Er wurde im kritischen Zustand ins Krankenhaus gebracht.<\/p>\n<p>Miguel Uribe Turbay war Kandidat der oppositionellen konservativen Partei \u201eDemokratisches Zentrum\u201c f\u00fcr die Pr\u00e4sidentschaftswahlen in neuen Kolumbien. Er war der Enkel des ehemaligen kolumbianischen Pr\u00e4sidenten Julio C\u00e9sar Turbay. Die Mutter des Senators, die Journalistin Diana Turbay Quintero, wurde im Jahr 1991 von Mitgliedern des Medell\u00edn-Kartells ermordet.<\/p>\n<p><strong>Mehr zum Thema<\/strong> \u2013 <a rel=\"nofollow noopener\" target=\"_blank\" href=\"https:\/\/freedert.online\/amerika\/250231-verdacht-auf-finanzierung-von-guerillas\/\">Verdacht auf Finanzierung von Guerillas: B\u00fcros einer franz\u00f6sischen Firma in Kolumbien beschlagnahmt<\/a><strong><\/strong><\/p>\n<div class=\"EmbedBlock-root EmbedBlock-externalVideo EmbedBlock-rumble\">\n<div class=\"VkEmbed\"><iframe class=\"lazyload\" data-src=\"https:\/\/rumble.com\/embed\/v6v445o\" frameborder=\"0\" width=\"853\" height=\"480\" allowfullscreen><\/iframe><\/div>\n<\/div>\n<\/div>\n<p><br \/>\n<br \/><a href=\"https:\/\/de.rt.com\/amerika\/252996-kolumbiens-praesidentschaftskandidat-verstirbt-nach-attentat\/\">Source link <\/a><\/p>\n","protected":false},"excerpt":{"rendered":"<p>Der kolumbianische Pr\u00e4sidentschaftskandidat Uribe Turbay ist an den Verletzungen gestorben, die ihm vor mehr als zwei Monaten bei einem Attentat zugef\u00fcgt wurden. Senator Uribe Turbay wurde Anfang Juni angegriffen. Ihm wurde w\u00e4hrend einer Wahlkampfveranstaltung in den Kopf geschossen. Der kolumbianische Pr\u00e4sidentschaftskandidat Miguel Uribe Turbay, der bei einer Wahlkampfveranstaltung eine Schussverletzung am Kopf erlitten hatte, erlag [&hellip;]<\/p>\n","protected":false},"author":3,"featured_media":88652,"comment_status":"open","ping_status":"open","sticky":false,"template":"","format":"standard","meta":{"_yoast_indexnow_last_ping":["1754930045"],"wp_automatic_camp":["217"],"760ca55881a2d1a82e89ec414b31681d":["Kolumbiens Pr\u00e4sidentschaftskandidat verstirbt nach Attentat"],"original_link":["https:\/\/de.rt.com\/amerika\/252996-kolumbiens-praesidentschaftskandidat-verstirbt-nach-attentat\/"],"_thumbnail_id":["88652"],"jnews_social_counter_last_update":["1777589142"],"_wptgpro_p2tg_sent2tg":["a:1:{i:23737;s:19:\"2025-08-11 18:35:05\";}"]},"categories":[19,23],"tags":[10708,27109,979,35945,26372],"yoast_head":"<!-- This site is optimized with the Yoast SEO Premium plugin v22.7 (Yoast SEO v22.7) - https:\/\/yoast.com\/wordpress\/plugins\/seo\/ -->\n<title>Kolumbiens Pr\u00e4sidentschaftskandidat verstirbt nach Attentat - just-now.NEWS Deutschland<\/title>\n<meta name=\"robots\" content=\"index, follow, max-snippet:-1, max-image-preview:large, max-video-preview:-1\" \/>\n<link rel=\"canonical\" href=\"https:\/\/now-news.de\/de\/deutschland\/kolumbiens-praesidentschaftskandidat-verstirbt-nach-attentat\/\" \/>\n<meta property=\"og:locale\" content=\"de_DE\" \/>\n<meta property=\"og:type\" content=\"article\" \/>\n<meta property=\"og:title\" content=\"Kolumbiens Pr\u00e4sidentschaftskandidat verstirbt nach Attentat\" \/>\n<meta property=\"og:description\" content=\"Der kolumbianische Pr\u00e4sidentschaftskandidat Uribe Turbay ist an den Verletzungen gestorben, die ihm vor mehr als zwei Monaten bei einem Attentat zugef\u00fcgt wurden. Senator Uribe Turbay wurde Anfang Juni angegriffen. Ihm wurde w\u00e4hrend einer Wahlkampfveranstaltung in den Kopf geschossen. Der kolumbianische Pr\u00e4sidentschaftskandidat Miguel Uribe Turbay, der bei einer Wahlkampfveranstaltung eine Schussverletzung am Kopf erlitten hatte, erlag [&hellip;]\" \/>\n<meta property=\"og:url\" content=\"https:\/\/now-news.de\/de\/deutschland\/kolumbiens-praesidentschaftskandidat-verstirbt-nach-attentat\/\" \/>\n<meta property=\"og:site_name\" content=\"just-now.NEWS Deutschland\" \/>\n<meta property=\"article:publisher\" content=\"https:\/\/www.facebook.com\/wirmachenauf\" \/>\n<meta property=\"article:published_time\" content=\"2025-08-11T15:59:10+00:00\" \/>\n<meta property=\"og:image\" content=\"https:\/\/now-news.de\/de\/wp-content\/uploads\/sites\/3\/2025\/08\/689a013bb480cc60e150eb45.jpg\" \/>\n<meta name=\"author\" content=\"rtnews\" \/>\n<meta name=\"twitter:card\" content=\"summary_large_image\" \/>\n<meta name=\"twitter:creator\" content=\"@WirMachenAuf_de\" \/>\n<meta name=\"twitter:site\" content=\"@WirMachenAuf_de\" \/>\n<meta name=\"twitter:label1\" content=\"Verfasst von\" \/>\n\t<meta name=\"twitter:data1\" content=\"rtnews\" \/>\n\t<meta name=\"twitter:label2\" content=\"Gesch\u00e4tzte Lesezeit\" \/>\n\t<meta name=\"twitter:data2\" content=\"2\u00a0Minuten\" \/>\n<script type=\"application\/ld+json\" class=\"yoast-schema-graph\">{\"@context\":\"https:\/\/schema.org\",\"@graph\":[{\"@type\":\"Article\",\"@id\":\"https:\/\/now-news.de\/de\/deutschland\/kolumbiens-praesidentschaftskandidat-verstirbt-nach-attentat\/#article\",\"isPartOf\":{\"@id\":\"https:\/\/now-news.de\/de\/deutschland\/kolumbiens-praesidentschaftskandidat-verstirbt-nach-attentat\/\"},\"author\":{\"name\":\"rtnews\",\"@id\":\"https:\/\/now-news.de\/de\/#\/schema\/person\/fb534a4e865501d8b3285208df34a9b5\"},\"headline\":\"Kolumbiens Pr\u00e4sidentschaftskandidat verstirbt nach Attentat\",\"datePublished\":\"2025-08-11T15:59:10+00:00\",\"dateModified\":\"2025-08-11T15:59:10+00:00\",\"mainEntityOfPage\":{\"@id\":\"https:\/\/now-news.de\/de\/deutschland\/kolumbiens-praesidentschaftskandidat-verstirbt-nach-attentat\/\"},\"wordCount\":316,\"commentCount\":0,\"publisher\":{\"@id\":\"https:\/\/now-news.de\/de\/#organization\"},\"image\":{\"@id\":\"https:\/\/now-news.de\/de\/deutschland\/kolumbiens-praesidentschaftskandidat-verstirbt-nach-attentat\/#primaryimage\"},\"thumbnailUrl\":\"https:\/\/now-news.de\/de\/wp-content\/uploads\/sites\/3\/2025\/08\/Kolumbiens-Praesidentschaftskandidat-verstirbt-nach-Attentat.jpg\",\"keywords\":[\"Attentat\",\"Kolumbiens\",\"nach\",\"Pr\u00e4sidentschaftskandidat\",\"verstirbt\"],\"articleSection\":[\"Deutschland\",\"Russland\"],\"inLanguage\":\"de\",\"potentialAction\":[{\"@type\":\"CommentAction\",\"name\":\"Comment\",\"target\":[\"https:\/\/now-news.de\/de\/deutschland\/kolumbiens-praesidentschaftskandidat-verstirbt-nach-attentat\/#respond\"]}]},{\"@type\":\"WebPage\",\"@id\":\"https:\/\/now-news.de\/de\/deutschland\/kolumbiens-praesidentschaftskandidat-verstirbt-nach-attentat\/\",\"url\":\"https:\/\/now-news.de\/de\/deutschland\/kolumbiens-praesidentschaftskandidat-verstirbt-nach-attentat\/\",\"name\":\"Kolumbiens Pr\u00e4sidentschaftskandidat verstirbt nach Attentat - just-now.NEWS Deutschland\",\"isPartOf\":{\"@id\":\"https:\/\/now-news.de\/de\/#website\"},\"primaryImageOfPage\":{\"@id\":\"https:\/\/now-news.de\/de\/deutschland\/kolumbiens-praesidentschaftskandidat-verstirbt-nach-attentat\/#primaryimage\"},\"image\":{\"@id\":\"https:\/\/now-news.de\/de\/deutschland\/kolumbiens-praesidentschaftskandidat-verstirbt-nach-attentat\/#primaryimage\"},\"thumbnailUrl\":\"https:\/\/now-news.de\/de\/wp-content\/uploads\/sites\/3\/2025\/08\/Kolumbiens-Praesidentschaftskandidat-verstirbt-nach-Attentat.jpg\",\"datePublished\":\"2025-08-11T15:59:10+00:00\",\"dateModified\":\"2025-08-11T15:59:10+00:00\",\"breadcrumb\":{\"@id\":\"https:\/\/now-news.de\/de\/deutschland\/kolumbiens-praesidentschaftskandidat-verstirbt-nach-attentat\/#breadcrumb\"},\"inLanguage\":\"de\",\"potentialAction\":[{\"@type\":\"ReadAction\",\"target\":[\"https:\/\/now-news.de\/de\/deutschland\/kolumbiens-praesidentschaftskandidat-verstirbt-nach-attentat\/\"]}]},{\"@type\":\"ImageObject\",\"inLanguage\":\"de\",\"@id\":\"https:\/\/now-news.de\/de\/deutschland\/kolumbiens-praesidentschaftskandidat-verstirbt-nach-attentat\/#primaryimage\",\"url\":\"https:\/\/now-news.de\/de\/wp-content\/uploads\/sites\/3\/2025\/08\/Kolumbiens-Praesidentschaftskandidat-verstirbt-nach-Attentat.jpg\",\"contentUrl\":\"https:\/\/now-news.de\/de\/wp-content\/uploads\/sites\/3\/2025\/08\/Kolumbiens-Praesidentschaftskandidat-verstirbt-nach-Attentat.jpg\",\"width\":460,\"height\":259,\"caption\":\"Kolumbiens Pr\u00e4sidentschaftskandidat verstirbt nach Attentat\"},{\"@type\":\"BreadcrumbList\",\"@id\":\"https:\/\/now-news.de\/de\/deutschland\/kolumbiens-praesidentschaftskandidat-verstirbt-nach-attentat\/#breadcrumb\",\"itemListElement\":[{\"@type\":\"ListItem\",\"position\":1,\"name\":\"Home\",\"item\":\"https:\/\/now-news.de\/de\/\"},{\"@type\":\"ListItem\",\"position\":2,\"name\":\"Kolumbiens Pr\u00e4sidentschaftskandidat verstirbt nach Attentat\"}]},{\"@type\":\"WebSite\",\"@id\":\"https:\/\/now-news.de\/de\/#website\",\"url\":\"https:\/\/now-news.de\/de\/\",\"name\":\"just-now.NEWS Deutschland\",\"description\":\"Das Portal f\u00fcr unzensierte Nachrichten aus der Welt\",\"publisher\":{\"@id\":\"https:\/\/now-news.de\/de\/#organization\"},\"potentialAction\":[{\"@type\":\"SearchAction\",\"target\":{\"@type\":\"EntryPoint\",\"urlTemplate\":\"https:\/\/now-news.de\/de\/?s={search_term_string}\"},\"query-input\":\"required name=search_term_string\"}],\"inLanguage\":\"de\"},{\"@type\":\"Organization\",\"@id\":\"https:\/\/now-news.de\/de\/#organization\",\"name\":\"Just Now News\",\"url\":\"https:\/\/now-news.de\/de\/\",\"logo\":{\"@type\":\"ImageObject\",\"inLanguage\":\"de\",\"@id\":\"https:\/\/now-news.de\/de\/#\/schema\/logo\/image\/\",\"url\":\"http:\/\/just-now.news\/de\/wp-content\/uploads\/sites\/3\/2022\/04\/logo500x500.jpg\",\"contentUrl\":\"http:\/\/just-now.news\/de\/wp-content\/uploads\/sites\/3\/2022\/04\/logo500x500.jpg\",\"width\":500,\"height\":500,\"caption\":\"Just Now News\"},\"image\":{\"@id\":\"https:\/\/now-news.de\/de\/#\/schema\/logo\/image\/\"},\"sameAs\":[\"https:\/\/www.facebook.com\/wirmachenauf\",\"https:\/\/x.com\/WirMachenAuf_de\"]},{\"@type\":\"Person\",\"@id\":\"https:\/\/now-news.de\/de\/#\/schema\/person\/fb534a4e865501d8b3285208df34a9b5\",\"name\":\"rtnews\",\"image\":{\"@type\":\"ImageObject\",\"inLanguage\":\"de\",\"@id\":\"https:\/\/now-news.de\/de\/#\/schema\/person\/image\/\",\"url\":\"https:\/\/secure.gravatar.com\/avatar\/82aafea7d8127119dd649515f56e2117?s=96&d=mm&r=g\",\"contentUrl\":\"https:\/\/secure.gravatar.com\/avatar\/82aafea7d8127119dd649515f56e2117?s=96&d=mm&r=g\",\"caption\":\"rtnews\"},\"url\":\"https:\/\/now-news.de\/de\/author\/rnews\/\"}]}<\/script>\n<!-- \/ Yoast SEO Premium plugin. -->","yoast_head_json":{"title":"Kolumbiens Pr\u00e4sidentschaftskandidat verstirbt nach Attentat - just-now.NEWS Deutschland","robots":{"index":"index","follow":"follow","max-snippet":"max-snippet:-1","max-image-preview":"max-image-preview:large","max-video-preview":"max-video-preview:-1"},"canonical":"https:\/\/now-news.de\/de\/deutschland\/kolumbiens-praesidentschaftskandidat-verstirbt-nach-attentat\/","og_locale":"de_DE","og_type":"article","og_title":"Kolumbiens Pr\u00e4sidentschaftskandidat verstirbt nach Attentat","og_description":"Der kolumbianische Pr\u00e4sidentschaftskandidat Uribe Turbay ist an den Verletzungen gestorben, die ihm vor mehr als zwei Monaten bei einem Attentat zugef\u00fcgt wurden. Senator Uribe Turbay wurde Anfang Juni angegriffen. Ihm wurde w\u00e4hrend einer Wahlkampfveranstaltung in den Kopf geschossen. Der kolumbianische Pr\u00e4sidentschaftskandidat Miguel Uribe Turbay, der bei einer Wahlkampfveranstaltung eine Schussverletzung am Kopf erlitten hatte, erlag [&hellip;]","og_url":"https:\/\/now-news.de\/de\/deutschland\/kolumbiens-praesidentschaftskandidat-verstirbt-nach-attentat\/","og_site_name":"just-now.NEWS Deutschland","article_publisher":"https:\/\/www.facebook.com\/wirmachenauf","article_published_time":"2025-08-11T15:59:10+00:00","og_image":[{"url":"https:\/\/now-news.de\/de\/wp-content\/uploads\/sites\/3\/2025\/08\/689a013bb480cc60e150eb45.jpg"}],"author":"rtnews","twitter_card":"summary_large_image","twitter_creator":"@WirMachenAuf_de","twitter_site":"@WirMachenAuf_de","twitter_misc":{"Verfasst von":"rtnews","Gesch\u00e4tzte Lesezeit":"2\u00a0Minuten"},"schema":{"@context":"https:\/\/schema.org","@graph":[{"@type":"Article","@id":"https:\/\/now-news.de\/de\/deutschland\/kolumbiens-praesidentschaftskandidat-verstirbt-nach-attentat\/#article","isPartOf":{"@id":"https:\/\/now-news.de\/de\/deutschland\/kolumbiens-praesidentschaftskandidat-verstirbt-nach-attentat\/"},"author":{"name":"rtnews","@id":"https:\/\/now-news.de\/de\/#\/schema\/person\/fb534a4e865501d8b3285208df34a9b5"},"headline":"Kolumbiens Pr\u00e4sidentschaftskandidat verstirbt nach Attentat","datePublished":"2025-08-11T15:59:10+00:00","dateModified":"2025-08-11T15:59:10+00:00","mainEntityOfPage":{"@id":"https:\/\/now-news.de\/de\/deutschland\/kolumbiens-praesidentschaftskandidat-verstirbt-nach-attentat\/"},"wordCount":316,"commentCount":0,"publisher":{"@id":"https:\/\/now-news.de\/de\/#organization"},"image":{"@id":"https:\/\/now-news.de\/de\/deutschland\/kolumbiens-praesidentschaftskandidat-verstirbt-nach-attentat\/#primaryimage"},"thumbnailUrl":"https:\/\/now-news.de\/de\/wp-content\/uploads\/sites\/3\/2025\/08\/Kolumbiens-Praesidentschaftskandidat-verstirbt-nach-Attentat.jpg","keywords":["Attentat","Kolumbiens","nach","Pr\u00e4sidentschaftskandidat","verstirbt"],"articleSection":["Deutschland","Russland"],"inLanguage":"de","potentialAction":[{"@type":"CommentAction","name":"Comment","target":["https:\/\/now-news.de\/de\/deutschland\/kolumbiens-praesidentschaftskandidat-verstirbt-nach-attentat\/#respond"]}]},{"@type":"WebPage","@id":"https:\/\/now-news.de\/de\/deutschland\/kolumbiens-praesidentschaftskandidat-verstirbt-nach-attentat\/","url":"https:\/\/now-news.de\/de\/deutschland\/kolumbiens-praesidentschaftskandidat-verstirbt-nach-attentat\/","name":"Kolumbiens Pr\u00e4sidentschaftskandidat verstirbt nach Attentat - just-now.NEWS Deutschland","isPartOf":{"@id":"https:\/\/now-news.de\/de\/#website"},"primaryImageOfPage":{"@id":"https:\/\/now-news.de\/de\/deutschland\/kolumbiens-praesidentschaftskandidat-verstirbt-nach-attentat\/#primaryimage"},"image":{"@id":"https:\/\/now-news.de\/de\/deutschland\/kolumbiens-praesidentschaftskandidat-verstirbt-nach-attentat\/#primaryimage"},"thumbnailUrl":"https:\/\/now-news.de\/de\/wp-content\/uploads\/sites\/3\/2025\/08\/Kolumbiens-Praesidentschaftskandidat-verstirbt-nach-Attentat.jpg","datePublished":"2025-08-11T15:59:10+00:00","dateModified":"2025-08-11T15:59:10+00:00","breadcrumb":{"@id":"https:\/\/now-news.de\/de\/deutschland\/kolumbiens-praesidentschaftskandidat-verstirbt-nach-attentat\/#breadcrumb"},"inLanguage":"de","potentialAction":[{"@type":"ReadAction","target":["https:\/\/now-news.de\/de\/deutschland\/kolumbiens-praesidentschaftskandidat-verstirbt-nach-attentat\/"]}]},{"@type":"ImageObject","inLanguage":"de","@id":"https:\/\/now-news.de\/de\/deutschland\/kolumbiens-praesidentschaftskandidat-verstirbt-nach-attentat\/#primaryimage","url":"https:\/\/now-news.de\/de\/wp-content\/uploads\/sites\/3\/2025\/08\/Kolumbiens-Praesidentschaftskandidat-verstirbt-nach-Attentat.jpg","contentUrl":"https:\/\/now-news.de\/de\/wp-content\/uploads\/sites\/3\/2025\/08\/Kolumbiens-Praesidentschaftskandidat-verstirbt-nach-Attentat.jpg","width":460,"height":259,"caption":"Kolumbiens Pr\u00e4sidentschaftskandidat verstirbt nach Attentat"},{"@type":"BreadcrumbList","@id":"https:\/\/now-news.de\/de\/deutschland\/kolumbiens-praesidentschaftskandidat-verstirbt-nach-attentat\/#breadcrumb","itemListElement":[{"@type":"ListItem","position":1,"name":"Home","item":"https:\/\/now-news.de\/de\/"},{"@type":"ListItem","position":2,"name":"Kolumbiens Pr\u00e4sidentschaftskandidat verstirbt nach Attentat"}]},{"@type":"WebSite","@id":"https:\/\/now-news.de\/de\/#website","url":"https:\/\/now-news.de\/de\/","name":"just-now.NEWS Deutschland","description":"Das Portal f\u00fcr unzensierte Nachrichten aus der Welt","publisher":{"@id":"https:\/\/now-news.de\/de\/#organization"},"potentialAction":[{"@type":"SearchAction","target":{"@type":"EntryPoint","urlTemplate":"https:\/\/now-news.de\/de\/?s={search_term_string}"},"query-input":"required name=search_term_string"}],"inLanguage":"de"},{"@type":"Organization","@id":"https:\/\/now-news.de\/de\/#organization","name":"Just Now News","url":"https:\/\/now-news.de\/de\/","logo":{"@type":"ImageObject","inLanguage":"de","@id":"https:\/\/now-news.de\/de\/#\/schema\/logo\/image\/","url":"http:\/\/just-now.news\/de\/wp-content\/uploads\/sites\/3\/2022\/04\/logo500x500.jpg","contentUrl":"http:\/\/just-now.news\/de\/wp-content\/uploads\/sites\/3\/2022\/04\/logo500x500.jpg","width":500,"height":500,"caption":"Just Now News"},"image":{"@id":"https:\/\/now-news.de\/de\/#\/schema\/logo\/image\/"},"sameAs":["https:\/\/www.facebook.com\/wirmachenauf","https:\/\/x.com\/WirMachenAuf_de"]},{"@type":"Person","@id":"https:\/\/now-news.de\/de\/#\/schema\/person\/fb534a4e865501d8b3285208df34a9b5","name":"rtnews","image":{"@type":"ImageObject","inLanguage":"de","@id":"https:\/\/now-news.de\/de\/#\/schema\/person\/image\/","url":"https:\/\/secure.gravatar.com\/avatar\/82aafea7d8127119dd649515f56e2117?s=96&d=mm&r=g","contentUrl":"https:\/\/secure.gravatar.com\/avatar\/82aafea7d8127119dd649515f56e2117?s=96&d=mm&r=g","caption":"rtnews"},"url":"https:\/\/now-news.de\/de\/author\/rnews\/"}]}},"_links":{"self":[{"href":"https:\/\/now-news.de\/de\/wp-json\/wp\/v2\/posts\/88651"}],"collection":[{"href":"https:\/\/now-news.de\/de\/wp-json\/wp\/v2\/posts"}],"about":[{"href":"https:\/\/now-news.de\/de\/wp-json\/wp\/v2\/types\/post"}],"author":[{"embeddable":true,"href":"https:\/\/now-news.de\/de\/wp-json\/wp\/v2\/users\/3"}],"replies":[{"embeddable":true,"href":"https:\/\/now-news.de\/de\/wp-json\/wp\/v2\/comments?post=88651"}],"version-history":[{"count":0,"href":"https:\/\/now-news.de\/de\/wp-json\/wp\/v2\/posts\/88651\/revisions"}],"wp:featuredmedia":[{"embeddable":true,"href":"https:\/\/now-news.de\/de\/wp-json\/wp\/v2\/media\/88652"}],"wp:attachment":[{"href":"https:\/\/now-news.de\/de\/wp-json\/wp\/v2\/media?parent=88651"}],"wp:term":[{"taxonomy":"category","embeddable":true,"href":"https:\/\/now-news.de\/de\/wp-json\/wp\/v2\/categories?post=88651"},{"taxonomy":"post_tag","embeddable":true,"href":"https:\/\/now-news.de\/de\/wp-json\/wp\/v2\/tags?post=88651"}],"curies":[{"name":"wp","href":"https:\/\/api.w.org\/{rel}","templated":true}]}}