{"id":88642,"date":"2025-08-11T15:24:00","date_gmt":"2025-08-11T13:24:00","guid":{"rendered":"https:\/\/now-news.de\/de\/deutschland\/vom-gescheiterten-rt-verbot-zum-angriff-auf-schweizer-medien-ex-ministerin-amherds-zensurreich\/"},"modified":"2025-08-11T15:24:00","modified_gmt":"2025-08-11T13:24:00","slug":"vom-gescheiterten-rt-verbot-zum-angriff-auf-schweizer-medien-ex-ministerin-amherds-zensurreich","status":"publish","type":"post","link":"https:\/\/now-news.de\/de\/deutschland\/vom-gescheiterten-rt-verbot-zum-angriff-auf-schweizer-medien-ex-ministerin-amherds-zensurreich\/","title":{"rendered":"Vom gescheiterten RT-Verbot zum Angriff auf Schweizer Medien \u2013 Ex-Ministerin Amherds Zensurreich"},"content":{"rendered":"<p><img decoding=\"async\" src=\"https:\/\/now-news.de\/de\/wp-content\/uploads\/sites\/3\/2025\/08\/6899a972b480cc2a6c45b64a.jpg\" \/><\/p>\n<div class=\"Text-root Text-type_1 \">\n                Ex-Verteidigungsministerin Viola Amherd wollte nicht nur russische Staatssender in der Schweiz sperren lassen, sondern ging auch gegen inl\u00e4ndische Medien vor. Insgesamt 175.000 Franken zahlte ihr Departement an eine externe Kanzlei, um journalistische Anfragen nach dem \u00d6ffentlichkeitsgesetz juristisch zu bek\u00e4mpfen \u2013 obwohl das VBS \u00fcber eine eigene Rechtsabteilung verf\u00fcgt.\n            <\/div>\n<p><\/p>\n<div class=\"Text-root Text-type_5 ArticleView-text ViewText-root \">\n<p data-start=\"174\" data-end=\"584\">Die ehemalige Verteidigungsministerin Viola Amherd ist bereits in der Vergangenheit durch ihr restriktives Verst\u00e4ndnis von Medienfreiheit aufgefallen.<\/p>\n<p data-start=\"174\" data-end=\"584\">Im Jahr 2022 wollte sie den russischen\u00a0Sender <em>Russia Today<\/em> in der Schweiz sperren lassen. Der Vorstoss scheiterte \u2013 doch nun zeigt sich: Amherd ging auch gegen Schweizer Medienschaffende vor, und das mit erheblichen finanziellen Mitteln aus der Bundeskasse.<\/p>\n<p data-start=\"586\" data-end=\"978\">Recherchen der <em data-start=\"601\" data-end=\"612\">Weltwoche<\/em>\u00a0<a rel=\"nofollow noopener\" target=\"_blank\" href=\"https:\/\/weltwoche.ch\/daily\/zensur-mit-steuergeldern-ex-vbs-chefin-amherd-verwendete-175000-franken-um-medien-an-arbeit-zu-hindern\/\">belegen<\/a>, dass Amherd zwischen 2021 und Anfang 2025 insgesamt 175.000 Franken an die Z\u00fcrcher Wirtschaftskanzlei Homburger \u00fcberwies, um juristisch gegen unliebsame journalistische Anfragen vorzugehen. Dabei ging es vor allem um Begehren nach dem \u00d6ffentlichkeitsgesetz, mit denen Reporter Einblick in interne Dokumente des Verteidigungsdepartements (VBS) verlangten.<\/p>\n<p data-start=\"980\" data-end=\"1260\">Jedes Departement verf\u00fcgt \u00fcber eigene Rechtsdienste, die f\u00fcr solche Anfragen zust\u00e4ndig sind. Dennoch griff Amherd zu externen Spezialisten \u2013 ein Schritt, der nicht nur Mehrkosten verursachte, sondern auch als strategische H\u00fcrde gegen\u00fcber der vierten Gewalt gewertet werden kann.<\/p>\n<p data-start=\"1262\" data-end=\"1581\">Die Dimension des Kommunikationsapparats im VBS unter Amherd verdeutlicht das Ungleichgewicht: Ende 2023 besch\u00e4ftigte ihre Abteilung 95 Vollzeitangestellte f\u00fcr \u00d6ffentlichkeitsarbeit. Zum Vergleich: Die Bundeshausredaktion des <em data-start=\"1488\" data-end=\"1505\">Tages-Anzeigers<\/em> z\u00e4hlt sieben Journalisten, die s\u00e4mtliche Departemente kritisch begleiten.<\/p>\n<p data-start=\"1583\" data-end=\"2027\">Dass die \u00d6ffentlichkeit von den Summen erfuhr, ist ironischerweise jenen Journalisten zu verdanken, deren Arbeit Amherds Abteilung zu behindern versuchte.<\/p>\n<p data-start=\"1583\" data-end=\"2027\">\u00dcber das \u00d6ffentlichkeitsgesetz gelang es zwei Reportern des <em data-start=\"1798\" data-end=\"1815\">Tages-Anzeigers<\/em>, interne Zahlungslisten offenzulegen. Sie dokumentieren, dass die Kanzlei Homburger in Amherds Amtszeit insgesamt 2,5 Millionen Franken f\u00fcr Beratungen erhielt \u2013 vor allem im Zusammenhang mit R\u00fcstungsprojekten.<\/p>\n<p data-start=\"2029\" data-end=\"2283\">Auch im direkten Umgang mit Medien zeigte sich Amherds d\u00fcnne Haut. Gegen Ende ihrer Amtszeit sagte sie einen bereits vereinbarten Interviewtermin mit CH Media kurzfristig ab, nachdem deren Bundeshauschefin sie in einem anderen Artikel kritisiert hatte.<\/p>\n<p data-start=\"2029\" data-end=\"2283\"><strong data-start=\"1226\" data-end=\"1286\">Mehr zum Thema\u00a0<\/strong>\u2013<strong data-start=\"1226\" data-end=\"1286\"><\/strong><a rel=\"nofollow noopener\" target=\"_blank\" href=\"https:\/\/freedert.online\/meinung\/252631-credit-suisse-war-nur-anfang\/\">Credit Suisse war nur der Anfang: Jetzt kippt Trumps Zollhammer die ganze Schweiz<\/a><\/p>\n<div class=\"EmbedBlock-root EmbedBlock-externalVideo EmbedBlock-rumble\">\n<div class=\"VkEmbed\"><iframe class=\"lazyload\" data-src=\"https:\/\/rumble.com\/embed\/v5g2m2t\" frameborder=\"0\" width=\"853\" height=\"480\" allowfullscreen><\/iframe><\/div>\n<\/div>\n<\/div>\n<p><br \/>\n<br \/><a href=\"https:\/\/de.rt.com\/schweiz\/252939-vom-gescheiterten-rt-verbot-zum\/\">Source link <\/a><\/p>\n","protected":false},"excerpt":{"rendered":"<p>Ex-Verteidigungsministerin Viola Amherd wollte nicht nur russische Staatssender in der Schweiz sperren lassen, sondern ging auch gegen inl\u00e4ndische Medien vor. Insgesamt 175.000 Franken zahlte ihr Departement an eine externe Kanzlei, um journalistische Anfragen nach dem \u00d6ffentlichkeitsgesetz juristisch zu bek\u00e4mpfen \u2013 obwohl das VBS \u00fcber eine eigene Rechtsabteilung verf\u00fcgt. Die ehemalige Verteidigungsministerin Viola Amherd ist bereits [&hellip;]<\/p>\n","protected":false},"author":3,"featured_media":88643,"comment_status":"open","ping_status":"open","sticky":false,"template":"","format":"standard","meta":{"_yoast_indexnow_last_ping":["1754919274"],"wp_automatic_camp":["217"],"426fc7e50ee0d1231d8e3642c82a84b7":["Vom gescheiterten RT-Verbot zum Angriff auf Schweizer Medien \u2013 Ex-Ministerin Amherds Zensurreich"],"original_link":["https:\/\/de.rt.com\/schweiz\/252939-vom-gescheiterten-rt-verbot-zum\/"],"_thumbnail_id":["88643"],"jnews_social_counter_last_update":["1777169785"],"_wptgpro_p2tg_sent2tg":["a:1:{i:23737;s:19:\"2025-08-11 15:36:18\";}"]},"categories":[19,23],"tags":[53417,6126,133,66998,24082,580,21595,3424,1010,66999,565],"yoast_head":"<!-- This site is optimized with the Yoast SEO Premium plugin v22.7 (Yoast SEO v22.7) - https:\/\/yoast.com\/wordpress\/plugins\/seo\/ -->\n<title>Vom gescheiterten RT-Verbot zum Angriff auf Schweizer Medien \u2013 Ex-Ministerin Amherds Zensurreich - just-now.NEWS Deutschland<\/title>\n<meta name=\"robots\" content=\"index, follow, max-snippet:-1, max-image-preview:large, max-video-preview:-1\" \/>\n<link rel=\"canonical\" href=\"https:\/\/now-news.de\/de\/deutschland\/vom-gescheiterten-rt-verbot-zum-angriff-auf-schweizer-medien-ex-ministerin-amherds-zensurreich\/\" \/>\n<meta property=\"og:locale\" content=\"de_DE\" \/>\n<meta property=\"og:type\" content=\"article\" \/>\n<meta property=\"og:title\" content=\"Vom gescheiterten RT-Verbot zum Angriff auf Schweizer Medien \u2013 Ex-Ministerin Amherds Zensurreich\" \/>\n<meta property=\"og:description\" content=\"Ex-Verteidigungsministerin Viola Amherd wollte nicht nur russische Staatssender in der Schweiz sperren lassen, sondern ging auch gegen inl\u00e4ndische Medien vor. Insgesamt 175.000 Franken zahlte ihr Departement an eine externe Kanzlei, um journalistische Anfragen nach dem \u00d6ffentlichkeitsgesetz juristisch zu bek\u00e4mpfen \u2013 obwohl das VBS \u00fcber eine eigene Rechtsabteilung verf\u00fcgt. Die ehemalige Verteidigungsministerin Viola Amherd ist bereits [&hellip;]\" \/>\n<meta property=\"og:url\" content=\"https:\/\/now-news.de\/de\/deutschland\/vom-gescheiterten-rt-verbot-zum-angriff-auf-schweizer-medien-ex-ministerin-amherds-zensurreich\/\" \/>\n<meta property=\"og:site_name\" content=\"just-now.NEWS Deutschland\" \/>\n<meta property=\"article:publisher\" content=\"https:\/\/www.facebook.com\/wirmachenauf\" \/>\n<meta property=\"article:published_time\" content=\"2025-08-11T13:24:00+00:00\" \/>\n<meta property=\"og:image\" content=\"https:\/\/now-news.de\/de\/wp-content\/uploads\/sites\/3\/2025\/08\/6899a972b480cc2a6c45b64a.jpg\" \/>\n<meta name=\"author\" content=\"rtnews\" \/>\n<meta name=\"twitter:card\" content=\"summary_large_image\" \/>\n<meta name=\"twitter:creator\" content=\"@WirMachenAuf_de\" \/>\n<meta name=\"twitter:site\" content=\"@WirMachenAuf_de\" \/>\n<meta name=\"twitter:label1\" content=\"Verfasst von\" \/>\n\t<meta name=\"twitter:data1\" content=\"rtnews\" \/>\n\t<meta name=\"twitter:label2\" content=\"Gesch\u00e4tzte Lesezeit\" \/>\n\t<meta name=\"twitter:data2\" content=\"2\u00a0Minuten\" \/>\n<script type=\"application\/ld+json\" class=\"yoast-schema-graph\">{\"@context\":\"https:\/\/schema.org\",\"@graph\":[{\"@type\":\"Article\",\"@id\":\"https:\/\/now-news.de\/de\/deutschland\/vom-gescheiterten-rt-verbot-zum-angriff-auf-schweizer-medien-ex-ministerin-amherds-zensurreich\/#article\",\"isPartOf\":{\"@id\":\"https:\/\/now-news.de\/de\/deutschland\/vom-gescheiterten-rt-verbot-zum-angriff-auf-schweizer-medien-ex-ministerin-amherds-zensurreich\/\"},\"author\":{\"name\":\"rtnews\",\"@id\":\"https:\/\/now-news.de\/de\/#\/schema\/person\/fb534a4e865501d8b3285208df34a9b5\"},\"headline\":\"Vom gescheiterten RT-Verbot zum Angriff auf Schweizer Medien \u2013 Ex-Ministerin Amherds Zensurreich\",\"datePublished\":\"2025-08-11T13:24:00+00:00\",\"dateModified\":\"2025-08-11T13:24:00+00:00\",\"mainEntityOfPage\":{\"@id\":\"https:\/\/now-news.de\/de\/deutschland\/vom-gescheiterten-rt-verbot-zum-angriff-auf-schweizer-medien-ex-ministerin-amherds-zensurreich\/\"},\"wordCount\":350,\"commentCount\":0,\"publisher\":{\"@id\":\"https:\/\/now-news.de\/de\/#organization\"},\"image\":{\"@id\":\"https:\/\/now-news.de\/de\/deutschland\/vom-gescheiterten-rt-verbot-zum-angriff-auf-schweizer-medien-ex-ministerin-amherds-zensurreich\/#primaryimage\"},\"thumbnailUrl\":\"https:\/\/now-news.de\/de\/wp-content\/uploads\/sites\/3\/2025\/08\/Vom-gescheiterten-RT-Verbot-zum-Angriff-auf-Schweizer-Medien-\u2013-Ex-Ministerin.jpg\",\"keywords\":[\"Amherds\",\"Angriff\",\"AUF\",\"ExMinisterin\",\"gescheiterten\",\"Medien\",\"RTVerbot\",\"Schweizer\",\"vom\",\"Zensurreich\",\"zum\"],\"articleSection\":[\"Deutschland\",\"Russland\"],\"inLanguage\":\"de\",\"potentialAction\":[{\"@type\":\"CommentAction\",\"name\":\"Comment\",\"target\":[\"https:\/\/now-news.de\/de\/deutschland\/vom-gescheiterten-rt-verbot-zum-angriff-auf-schweizer-medien-ex-ministerin-amherds-zensurreich\/#respond\"]}]},{\"@type\":\"WebPage\",\"@id\":\"https:\/\/now-news.de\/de\/deutschland\/vom-gescheiterten-rt-verbot-zum-angriff-auf-schweizer-medien-ex-ministerin-amherds-zensurreich\/\",\"url\":\"https:\/\/now-news.de\/de\/deutschland\/vom-gescheiterten-rt-verbot-zum-angriff-auf-schweizer-medien-ex-ministerin-amherds-zensurreich\/\",\"name\":\"Vom gescheiterten RT-Verbot zum Angriff auf Schweizer Medien \u2013 Ex-Ministerin Amherds Zensurreich - just-now.NEWS Deutschland\",\"isPartOf\":{\"@id\":\"https:\/\/now-news.de\/de\/#website\"},\"primaryImageOfPage\":{\"@id\":\"https:\/\/now-news.de\/de\/deutschland\/vom-gescheiterten-rt-verbot-zum-angriff-auf-schweizer-medien-ex-ministerin-amherds-zensurreich\/#primaryimage\"},\"image\":{\"@id\":\"https:\/\/now-news.de\/de\/deutschland\/vom-gescheiterten-rt-verbot-zum-angriff-auf-schweizer-medien-ex-ministerin-amherds-zensurreich\/#primaryimage\"},\"thumbnailUrl\":\"https:\/\/now-news.de\/de\/wp-content\/uploads\/sites\/3\/2025\/08\/Vom-gescheiterten-RT-Verbot-zum-Angriff-auf-Schweizer-Medien-\u2013-Ex-Ministerin.jpg\",\"datePublished\":\"2025-08-11T13:24:00+00:00\",\"dateModified\":\"2025-08-11T13:24:00+00:00\",\"breadcrumb\":{\"@id\":\"https:\/\/now-news.de\/de\/deutschland\/vom-gescheiterten-rt-verbot-zum-angriff-auf-schweizer-medien-ex-ministerin-amherds-zensurreich\/#breadcrumb\"},\"inLanguage\":\"de\",\"potentialAction\":[{\"@type\":\"ReadAction\",\"target\":[\"https:\/\/now-news.de\/de\/deutschland\/vom-gescheiterten-rt-verbot-zum-angriff-auf-schweizer-medien-ex-ministerin-amherds-zensurreich\/\"]}]},{\"@type\":\"ImageObject\",\"inLanguage\":\"de\",\"@id\":\"https:\/\/now-news.de\/de\/deutschland\/vom-gescheiterten-rt-verbot-zum-angriff-auf-schweizer-medien-ex-ministerin-amherds-zensurreich\/#primaryimage\",\"url\":\"https:\/\/now-news.de\/de\/wp-content\/uploads\/sites\/3\/2025\/08\/Vom-gescheiterten-RT-Verbot-zum-Angriff-auf-Schweizer-Medien-\u2013-Ex-Ministerin.jpg\",\"contentUrl\":\"https:\/\/now-news.de\/de\/wp-content\/uploads\/sites\/3\/2025\/08\/Vom-gescheiterten-RT-Verbot-zum-Angriff-auf-Schweizer-Medien-\u2013-Ex-Ministerin.jpg\",\"width\":460,\"height\":259,\"caption\":\"Vom gescheiterten RT-Verbot zum Angriff auf Schweizer Medien \u2013 Ex-Ministerin Amherds Zensurreich\"},{\"@type\":\"BreadcrumbList\",\"@id\":\"https:\/\/now-news.de\/de\/deutschland\/vom-gescheiterten-rt-verbot-zum-angriff-auf-schweizer-medien-ex-ministerin-amherds-zensurreich\/#breadcrumb\",\"itemListElement\":[{\"@type\":\"ListItem\",\"position\":1,\"name\":\"Home\",\"item\":\"https:\/\/now-news.de\/de\/\"},{\"@type\":\"ListItem\",\"position\":2,\"name\":\"Vom gescheiterten RT-Verbot zum Angriff auf Schweizer Medien \u2013 Ex-Ministerin Amherds Zensurreich\"}]},{\"@type\":\"WebSite\",\"@id\":\"https:\/\/now-news.de\/de\/#website\",\"url\":\"https:\/\/now-news.de\/de\/\",\"name\":\"just-now.NEWS Deutschland\",\"description\":\"Das Portal f\u00fcr unzensierte Nachrichten aus der Welt\",\"publisher\":{\"@id\":\"https:\/\/now-news.de\/de\/#organization\"},\"potentialAction\":[{\"@type\":\"SearchAction\",\"target\":{\"@type\":\"EntryPoint\",\"urlTemplate\":\"https:\/\/now-news.de\/de\/?s={search_term_string}\"},\"query-input\":\"required name=search_term_string\"}],\"inLanguage\":\"de\"},{\"@type\":\"Organization\",\"@id\":\"https:\/\/now-news.de\/de\/#organization\",\"name\":\"Just Now News\",\"url\":\"https:\/\/now-news.de\/de\/\",\"logo\":{\"@type\":\"ImageObject\",\"inLanguage\":\"de\",\"@id\":\"https:\/\/now-news.de\/de\/#\/schema\/logo\/image\/\",\"url\":\"http:\/\/just-now.news\/de\/wp-content\/uploads\/sites\/3\/2022\/04\/logo500x500.jpg\",\"contentUrl\":\"http:\/\/just-now.news\/de\/wp-content\/uploads\/sites\/3\/2022\/04\/logo500x500.jpg\",\"width\":500,\"height\":500,\"caption\":\"Just Now News\"},\"image\":{\"@id\":\"https:\/\/now-news.de\/de\/#\/schema\/logo\/image\/\"},\"sameAs\":[\"https:\/\/www.facebook.com\/wirmachenauf\",\"https:\/\/x.com\/WirMachenAuf_de\"]},{\"@type\":\"Person\",\"@id\":\"https:\/\/now-news.de\/de\/#\/schema\/person\/fb534a4e865501d8b3285208df34a9b5\",\"name\":\"rtnews\",\"image\":{\"@type\":\"ImageObject\",\"inLanguage\":\"de\",\"@id\":\"https:\/\/now-news.de\/de\/#\/schema\/person\/image\/\",\"url\":\"https:\/\/secure.gravatar.com\/avatar\/82aafea7d8127119dd649515f56e2117?s=96&d=mm&r=g\",\"contentUrl\":\"https:\/\/secure.gravatar.com\/avatar\/82aafea7d8127119dd649515f56e2117?s=96&d=mm&r=g\",\"caption\":\"rtnews\"},\"url\":\"https:\/\/now-news.de\/de\/author\/rnews\/\"}]}<\/script>\n<!-- \/ Yoast SEO Premium plugin. -->","yoast_head_json":{"title":"Vom gescheiterten RT-Verbot zum Angriff auf Schweizer Medien \u2013 Ex-Ministerin Amherds Zensurreich - just-now.NEWS Deutschland","robots":{"index":"index","follow":"follow","max-snippet":"max-snippet:-1","max-image-preview":"max-image-preview:large","max-video-preview":"max-video-preview:-1"},"canonical":"https:\/\/now-news.de\/de\/deutschland\/vom-gescheiterten-rt-verbot-zum-angriff-auf-schweizer-medien-ex-ministerin-amherds-zensurreich\/","og_locale":"de_DE","og_type":"article","og_title":"Vom gescheiterten RT-Verbot zum Angriff auf Schweizer Medien \u2013 Ex-Ministerin Amherds Zensurreich","og_description":"Ex-Verteidigungsministerin Viola Amherd wollte nicht nur russische Staatssender in der Schweiz sperren lassen, sondern ging auch gegen inl\u00e4ndische Medien vor. Insgesamt 175.000 Franken zahlte ihr Departement an eine externe Kanzlei, um journalistische Anfragen nach dem \u00d6ffentlichkeitsgesetz juristisch zu bek\u00e4mpfen \u2013 obwohl das VBS \u00fcber eine eigene Rechtsabteilung verf\u00fcgt. Die ehemalige Verteidigungsministerin Viola Amherd ist bereits [&hellip;]","og_url":"https:\/\/now-news.de\/de\/deutschland\/vom-gescheiterten-rt-verbot-zum-angriff-auf-schweizer-medien-ex-ministerin-amherds-zensurreich\/","og_site_name":"just-now.NEWS Deutschland","article_publisher":"https:\/\/www.facebook.com\/wirmachenauf","article_published_time":"2025-08-11T13:24:00+00:00","og_image":[{"url":"https:\/\/now-news.de\/de\/wp-content\/uploads\/sites\/3\/2025\/08\/6899a972b480cc2a6c45b64a.jpg"}],"author":"rtnews","twitter_card":"summary_large_image","twitter_creator":"@WirMachenAuf_de","twitter_site":"@WirMachenAuf_de","twitter_misc":{"Verfasst von":"rtnews","Gesch\u00e4tzte Lesezeit":"2\u00a0Minuten"},"schema":{"@context":"https:\/\/schema.org","@graph":[{"@type":"Article","@id":"https:\/\/now-news.de\/de\/deutschland\/vom-gescheiterten-rt-verbot-zum-angriff-auf-schweizer-medien-ex-ministerin-amherds-zensurreich\/#article","isPartOf":{"@id":"https:\/\/now-news.de\/de\/deutschland\/vom-gescheiterten-rt-verbot-zum-angriff-auf-schweizer-medien-ex-ministerin-amherds-zensurreich\/"},"author":{"name":"rtnews","@id":"https:\/\/now-news.de\/de\/#\/schema\/person\/fb534a4e865501d8b3285208df34a9b5"},"headline":"Vom gescheiterten RT-Verbot zum Angriff auf Schweizer Medien \u2013 Ex-Ministerin Amherds Zensurreich","datePublished":"2025-08-11T13:24:00+00:00","dateModified":"2025-08-11T13:24:00+00:00","mainEntityOfPage":{"@id":"https:\/\/now-news.de\/de\/deutschland\/vom-gescheiterten-rt-verbot-zum-angriff-auf-schweizer-medien-ex-ministerin-amherds-zensurreich\/"},"wordCount":350,"commentCount":0,"publisher":{"@id":"https:\/\/now-news.de\/de\/#organization"},"image":{"@id":"https:\/\/now-news.de\/de\/deutschland\/vom-gescheiterten-rt-verbot-zum-angriff-auf-schweizer-medien-ex-ministerin-amherds-zensurreich\/#primaryimage"},"thumbnailUrl":"https:\/\/now-news.de\/de\/wp-content\/uploads\/sites\/3\/2025\/08\/Vom-gescheiterten-RT-Verbot-zum-Angriff-auf-Schweizer-Medien-\u2013-Ex-Ministerin.jpg","keywords":["Amherds","Angriff","AUF","ExMinisterin","gescheiterten","Medien","RTVerbot","Schweizer","vom","Zensurreich","zum"],"articleSection":["Deutschland","Russland"],"inLanguage":"de","potentialAction":[{"@type":"CommentAction","name":"Comment","target":["https:\/\/now-news.de\/de\/deutschland\/vom-gescheiterten-rt-verbot-zum-angriff-auf-schweizer-medien-ex-ministerin-amherds-zensurreich\/#respond"]}]},{"@type":"WebPage","@id":"https:\/\/now-news.de\/de\/deutschland\/vom-gescheiterten-rt-verbot-zum-angriff-auf-schweizer-medien-ex-ministerin-amherds-zensurreich\/","url":"https:\/\/now-news.de\/de\/deutschland\/vom-gescheiterten-rt-verbot-zum-angriff-auf-schweizer-medien-ex-ministerin-amherds-zensurreich\/","name":"Vom gescheiterten RT-Verbot zum Angriff auf Schweizer Medien \u2013 Ex-Ministerin Amherds Zensurreich - just-now.NEWS Deutschland","isPartOf":{"@id":"https:\/\/now-news.de\/de\/#website"},"primaryImageOfPage":{"@id":"https:\/\/now-news.de\/de\/deutschland\/vom-gescheiterten-rt-verbot-zum-angriff-auf-schweizer-medien-ex-ministerin-amherds-zensurreich\/#primaryimage"},"image":{"@id":"https:\/\/now-news.de\/de\/deutschland\/vom-gescheiterten-rt-verbot-zum-angriff-auf-schweizer-medien-ex-ministerin-amherds-zensurreich\/#primaryimage"},"thumbnailUrl":"https:\/\/now-news.de\/de\/wp-content\/uploads\/sites\/3\/2025\/08\/Vom-gescheiterten-RT-Verbot-zum-Angriff-auf-Schweizer-Medien-\u2013-Ex-Ministerin.jpg","datePublished":"2025-08-11T13:24:00+00:00","dateModified":"2025-08-11T13:24:00+00:00","breadcrumb":{"@id":"https:\/\/now-news.de\/de\/deutschland\/vom-gescheiterten-rt-verbot-zum-angriff-auf-schweizer-medien-ex-ministerin-amherds-zensurreich\/#breadcrumb"},"inLanguage":"de","potentialAction":[{"@type":"ReadAction","target":["https:\/\/now-news.de\/de\/deutschland\/vom-gescheiterten-rt-verbot-zum-angriff-auf-schweizer-medien-ex-ministerin-amherds-zensurreich\/"]}]},{"@type":"ImageObject","inLanguage":"de","@id":"https:\/\/now-news.de\/de\/deutschland\/vom-gescheiterten-rt-verbot-zum-angriff-auf-schweizer-medien-ex-ministerin-amherds-zensurreich\/#primaryimage","url":"https:\/\/now-news.de\/de\/wp-content\/uploads\/sites\/3\/2025\/08\/Vom-gescheiterten-RT-Verbot-zum-Angriff-auf-Schweizer-Medien-\u2013-Ex-Ministerin.jpg","contentUrl":"https:\/\/now-news.de\/de\/wp-content\/uploads\/sites\/3\/2025\/08\/Vom-gescheiterten-RT-Verbot-zum-Angriff-auf-Schweizer-Medien-\u2013-Ex-Ministerin.jpg","width":460,"height":259,"caption":"Vom gescheiterten RT-Verbot zum Angriff auf Schweizer Medien \u2013 Ex-Ministerin Amherds Zensurreich"},{"@type":"BreadcrumbList","@id":"https:\/\/now-news.de\/de\/deutschland\/vom-gescheiterten-rt-verbot-zum-angriff-auf-schweizer-medien-ex-ministerin-amherds-zensurreich\/#breadcrumb","itemListElement":[{"@type":"ListItem","position":1,"name":"Home","item":"https:\/\/now-news.de\/de\/"},{"@type":"ListItem","position":2,"name":"Vom gescheiterten RT-Verbot zum Angriff auf Schweizer Medien \u2013 Ex-Ministerin Amherds Zensurreich"}]},{"@type":"WebSite","@id":"https:\/\/now-news.de\/de\/#website","url":"https:\/\/now-news.de\/de\/","name":"just-now.NEWS Deutschland","description":"Das Portal f\u00fcr unzensierte Nachrichten aus der Welt","publisher":{"@id":"https:\/\/now-news.de\/de\/#organization"},"potentialAction":[{"@type":"SearchAction","target":{"@type":"EntryPoint","urlTemplate":"https:\/\/now-news.de\/de\/?s={search_term_string}"},"query-input":"required name=search_term_string"}],"inLanguage":"de"},{"@type":"Organization","@id":"https:\/\/now-news.de\/de\/#organization","name":"Just Now News","url":"https:\/\/now-news.de\/de\/","logo":{"@type":"ImageObject","inLanguage":"de","@id":"https:\/\/now-news.de\/de\/#\/schema\/logo\/image\/","url":"http:\/\/just-now.news\/de\/wp-content\/uploads\/sites\/3\/2022\/04\/logo500x500.jpg","contentUrl":"http:\/\/just-now.news\/de\/wp-content\/uploads\/sites\/3\/2022\/04\/logo500x500.jpg","width":500,"height":500,"caption":"Just Now News"},"image":{"@id":"https:\/\/now-news.de\/de\/#\/schema\/logo\/image\/"},"sameAs":["https:\/\/www.facebook.com\/wirmachenauf","https:\/\/x.com\/WirMachenAuf_de"]},{"@type":"Person","@id":"https:\/\/now-news.de\/de\/#\/schema\/person\/fb534a4e865501d8b3285208df34a9b5","name":"rtnews","image":{"@type":"ImageObject","inLanguage":"de","@id":"https:\/\/now-news.de\/de\/#\/schema\/person\/image\/","url":"https:\/\/secure.gravatar.com\/avatar\/82aafea7d8127119dd649515f56e2117?s=96&d=mm&r=g","contentUrl":"https:\/\/secure.gravatar.com\/avatar\/82aafea7d8127119dd649515f56e2117?s=96&d=mm&r=g","caption":"rtnews"},"url":"https:\/\/now-news.de\/de\/author\/rnews\/"}]}},"_links":{"self":[{"href":"https:\/\/now-news.de\/de\/wp-json\/wp\/v2\/posts\/88642"}],"collection":[{"href":"https:\/\/now-news.de\/de\/wp-json\/wp\/v2\/posts"}],"about":[{"href":"https:\/\/now-news.de\/de\/wp-json\/wp\/v2\/types\/post"}],"author":[{"embeddable":true,"href":"https:\/\/now-news.de\/de\/wp-json\/wp\/v2\/users\/3"}],"replies":[{"embeddable":true,"href":"https:\/\/now-news.de\/de\/wp-json\/wp\/v2\/comments?post=88642"}],"version-history":[{"count":0,"href":"https:\/\/now-news.de\/de\/wp-json\/wp\/v2\/posts\/88642\/revisions"}],"wp:featuredmedia":[{"embeddable":true,"href":"https:\/\/now-news.de\/de\/wp-json\/wp\/v2\/media\/88643"}],"wp:attachment":[{"href":"https:\/\/now-news.de\/de\/wp-json\/wp\/v2\/media?parent=88642"}],"wp:term":[{"taxonomy":"category","embeddable":true,"href":"https:\/\/now-news.de\/de\/wp-json\/wp\/v2\/categories?post=88642"},{"taxonomy":"post_tag","embeddable":true,"href":"https:\/\/now-news.de\/de\/wp-json\/wp\/v2\/tags?post=88642"}],"curies":[{"name":"wp","href":"https:\/\/api.w.org\/{rel}","templated":true}]}}