{"id":88610,"date":"2025-08-10T20:02:33","date_gmt":"2025-08-10T18:02:33","guid":{"rendered":"https:\/\/now-news.de\/de\/deutschland\/schwedens-premierminister-wird-des-kindesmissbrauchs-und-der-dokumentenfaelschung-verdaechtigt\/"},"modified":"2025-08-10T20:02:33","modified_gmt":"2025-08-10T18:02:33","slug":"schwedens-premierminister-wird-des-kindesmissbrauchs-und-der-dokumentenfaelschung-verdaechtigt","status":"publish","type":"post","link":"https:\/\/now-news.de\/de\/deutschland\/schwedens-premierminister-wird-des-kindesmissbrauchs-und-der-dokumentenfaelschung-verdaechtigt\/","title":{"rendered":"Schwedens Premierminister wird des Kindesmissbrauchs und der Dokumentenf\u00e4lschung verd\u00e4chtigt"},"content":{"rendered":"<p><img decoding=\"async\" src=\"https:\/\/now-news.de\/de\/wp-content\/uploads\/sites\/3\/2025\/08\/6894bb8d48fbef0f006747de.jpg\" \/><\/p>\n<div class=\"Text-root Text-type_1 \">\n                Die Vorw\u00fcrfe gegen Kristersson sind Teil eines riesigen Adoptionsskandals, der aktuell Schweden ersch\u00fcttert. Ein im Juni vorgelegter Bericht deckte horrende Details \u00fcber jahrzehntelange, systemische Missst\u00e4nde im schwedischen &#8220;Adoptionscentrum&#8221; auf, das einige Jahre von Kristersson geleitet wurde.\n            <\/div>\n<p><\/p>\n<div class=\"Text-root Text-type_5 ArticleView-text ViewText-root \">\n<p><em>Von Rainer Rupp<\/em><\/p>\n<p>Der schwedische Premierminister Ulf Kristersson sieht sich schweren Vorw\u00fcrfen ausgesetzt: Er soll in seiner Zeit als Vorsitzender der Adoptionsagentur f\u00fcr Kinder &#8220;Adoptionscentrum&#8221; in Menschenhandel verwickelt gewesen sein. Die Anschuldigungen wurden am 1. August 2025 von der Kriminologin und ehemaligen Kriminalkommissarin Jenny Rogneby bei der Polizei eingereicht.<\/p>\n<p>Die Vorw\u00fcrfe beziehen sich auf Kristerssons Amtszeit beim &#8220;Adoptionscentrum&#8221; zwischen 2003 und 2005. W\u00e4hrend dieser Zeit verdoppelte sich laut einem Bericht der <em>Nordic Times<\/em> die Zahl der Adoptionen aus China \u2013 was laut <em><a rel=\"nofollow noopener\" target=\"_blank\" href=\"http:\/\/arkiv.internationalen.se\/2021\/03\/stulna-barn-adopterades-till-sverige\">The Nordic Times<\/a><\/em>\u00a0unter anderem als Hinweis auf systematische Unregelm\u00e4\u00dfigkeiten gewertet wird.<\/p>\n<p><strong>Schwedens Adoptionsskandal<\/strong><strong><\/strong><\/p>\n<p>Die Vorw\u00fcrfe gegen Kristersson sind Teil eines viel gr\u00f6\u00dferen Adoptionsskandals, der Schweden ersch\u00fcttert. Eine staatliche Kommission legte im Juni 2025 ihren Abschlussbericht vor. \u00dcber 800 Seiten dokumentieren jahrzehntelange systematische Missst\u00e4nde im internationalen Adoptionswesen der schwedischen Agentur, darunter gef\u00e4lschte Dokumente, Adoptionen ohne Zustimmung der Eltern und sogar Kinder, die f\u00e4lschlicherweise absichtlich f\u00fcr tot erkl\u00e4rt wurden.<\/p>\n<p>Mehr als 60.000 Adoptionen seit den 1950er Jahren k\u00f6nnten laut dem Bericht betroffen sein, so die Tageszeitung <em><a rel=\"nofollow noopener\" target=\"_blank\" href=\"https:\/\/www.dn.se\/insandare\/vi-ar-stulna-barn-vi-tystnar-inte-forran-rattvisa-skipats\">Dagens Nyheter<\/a><\/em>. Besonders kritisch wird das Vorgehen gegen\u00fcber armen Familien in L\u00e4ndern wie China, Chile oder \u00c4thiopien gesehen. In vielen F\u00e4llen\u00a0seien die Kinder regelrecht aus ihren Herkunftsfamilien herausgerissen, bzw. entf\u00fchrt und zur Adoption freigegeben worden.<\/p>\n<p><strong>Die Rolle Kristerssons<\/strong><strong><\/strong><\/p>\n<p>Ulf Kristersson war zwischen 2003 und 2005 Vorsitzender des\u00a0Adoptionscentrum, der gr\u00f6\u00dften privaten Adoptionsagentur Schwedens. Auch in dieser Zeit sollen Adoptionen nach fragw\u00fcrdigen Methoden abgelaufen sein. Laut der Ex-Kriminalkommissarin Rogneby wurden Kinder &#8220;f\u00fcr tot erkl\u00e4rt, obwohl sie lebten, entf\u00fchrt, als ausgesetzt registriert und verkauft \u2013 und anschlie\u00dfend unter falschen Angaben nach Schweden adoptiert&#8221;,\u00a0berichtete j\u00fcngst <em><a rel=\"nofollow noopener\" target=\"_blank\" href=\"https:\/\/www.dn.se\/insandare\/vi-ar-stulna-barn-vi-tystnar-inte-forran-rattvisa-skipats\">Dagens ETC<\/a><\/em>.<\/p>\n<p>Ein Bericht des <em><a rel=\"nofollow noopener\" target=\"_blank\" href=\"https:\/\/www.svt.se\/nyheter\/granskning\/ug\/ug-referens-de-stulna-barnen\">Teller Reports<\/a><\/em>\u00a0aus dem Jahr 2022 legt nahe, dass Kristersson bereits damals auf m\u00f6gliche schwere Menschenrechtsverletzungen aufmerksam gemacht wurde, jedoch ohne Erfolg, denn die illegalen Adoptionen, die juristisch einen schweren Kindesmissbrauch darstellen, gingen weiter. Zudem wird gegen Kristersson wegen schwerer Urkundenf\u00e4lschung ermittelt, da Adoptionsdokumente gef\u00e4lscht worden sein sollen, um Kinder als elternlos oder als legal adoptierbar anzubieten.<\/p>\n<p><strong>Kein direkter Vorwurf sexuellen Missbrauchs gegen Kristersson<\/strong><\/p>\n<p>Wichtig ist: Trotz der Schwere der Vorw\u00fcrfe geht es bei der Strafanzeige gegen ihn nicht um physischen oder sexuellen Missbrauch von Kindern im klassischen Sinne, sondern um Handel mit Kindern. Diese die kommerzielle und rechtswidrige Vermittlung von Kindern wird juristisch als Form von Kindesmissbrauch gewertet. Es handelt sich dabei um eine gravierende Form der Ausbeutung, auch wenn keine expliziten Hinweise auf k\u00f6rperliche Gewalt oder sexuellen Missbrauch gegen Kristersson vorliegen.<\/p>\n<p>Auch in Deutschland wird nach \u00a7 236 StGB- Kinderhandel als eine Form von<strong><\/strong>Kindesmissbrauch und als schwere Straftat gewertet. Hier der Text von \u00a7 236 StGB:<\/p>\n<blockquote>\n<p><em>&#8220;Wer ein Kind unter achtzehn Jahren zum Zweck der Adoption \u00fcbernimmt, abgibt oder vermittelt und dabei gegen gesetzliche Vorschriften verst\u00f6\u00dft oder sich einen Verm\u00f6gensvorteil verspricht, wird mit Freiheitsstrafe bis zu f\u00fcnf Jahren oder mit Geldstrafe bestraft.&#8221;<\/em><\/p>\n<\/blockquote>\n<p>Die schwedische Version dieses Paragrafen spielt im Fall Kristersson eine Rolle. Zwar geht es nicht um Missbrauch im engeren Sinn, wie sexueller oder gewaltt\u00e4tiger Missbrauch, aber um die Ausbeutung von Kindern, die ihren Familien entrissen wurden, f\u00fcr kommerzielle Zwecke , was juristisch ebenfalls als Form der Kindeswohl-Gef\u00e4hrdung eingestuft wird.<\/p>\n<p>Dar\u00fcber hinaus finden sich in den sozialen Medien vereinzelte Hinweise auf &#8220;systematischen Missbrauch und sexuelle Ausbeutung&#8221; im Kontext des Adoptionsskandals, doch diese Beschuldigungen fanden keinen Eingang in den offiziellen Untersuchungsbericht und gelten daher als nicht verifiziert.<\/p>\n<p><strong>Die politische Reaktion<\/strong><strong><\/strong><\/p>\n<p>Kristersson selbst hat sich zu den neuen, schwereren Vorw\u00fcrfen bislang nicht \u00f6ffentlich ge\u00e4u\u00dfert. Zwar zeigte er sich im Juni 2025 f\u00fcr eine offizielle Entschuldigung des schwedischen Staates gegen\u00fcber betroffenen Adoptivkindern bereit, jedoch ohne pers\u00f6nliche Verantwortung zu \u00fcbernehmen.<\/p>\n<p>Ein Interview mit dem Premierminister zu dem Thema habe er laut <em>Ground News<\/em>\u00a0verweigert. Dies deutet auf eine gewisse Sensibilit\u00e4t \u2013 oder politische Kalkulation \u2013 im Umgang mit der Thematik hin.<\/p>\n<p><strong>Auswirkungen und Ausblick<\/strong><strong><\/strong><\/p>\n<p>Die Untersuchungen stehen noch am Anfang. Die Frage, ob und wie tief Ulf Kristersson pers\u00f6nlich in die fragw\u00fcrdigen Praktiken verwickelt war, wird nun Gegenstand intensiver Ermittlungen sein. Sollte sich der Verdacht best\u00e4tigen, drohen dem Regierungschef nicht nur juristische Konsequenzen, sondern auch eine ernsthafte politische Krise. Die Komplexit\u00e4t des Falls, gepaart mit der moralischen Tragweite, verlangt eine differenzierte Betrachtung \u2013 nicht zuletzt im Interesse der betroffenen Familien und Kinder.<\/p>\n<p><strong>Eine politische Spekulation<\/strong><strong><\/strong><\/p>\n<p>Wenn sich herausstellt, dass Kristersson w\u00e4hrend seiner Amtszeit als Chef des &#8220;Adoptionscentrum&#8221; von 2003 bis 2005 pers\u00f6nlich in den Kindesmissbrauch verwickelt war und davon finanziell profitiert hat, was nach Lage der Dinge plausibel w\u00e4re, dann w\u00e4re er sowohl als sp\u00e4terer F\u00fchrer der &#8220;Moderaten Partei&#8221; Schwedens, an deren Spitze er seit 2017 steht, und sp\u00e4ter auch als Premierminister ganz sicher erpressbar gewesen.<\/p>\n<p>Seit dem &#8220;Echelon Skandal&#8221;, der in den Jahren 2000\u20132001 seinen H\u00f6hepunkt erreicht hatte und von einem speziell daf\u00fcr gegr\u00fcndeten Ausschuss des Europ\u00e4ische Parlament untersucht wurde, ist auch bei den gutgl\u00e4ubigsten Transatlantikern unbestritten, dass die US-Nachrichtendienste systematisch europ\u00e4ische Politiker, Wirtschaftsbosse, Parteien, und Jung-Politiker mit Zukunftspotenzial, etc. systematisch abh\u00f6ren und auch deren private Kommunikationen \u2013 per E-Mail, Mobiltelefon, etc. \u2013 sammeln, zur m\u00f6glichen sp\u00e4teren Verwendung als Erpressungsmaterial.<\/p>\n<p>Wenn wir diesen Hintergrund auf Schweden \u00fcbertragen, k\u00f6nnte uns das eine Antwort auf die Frage geben, warum Schweden nach \u00fcber 200 Jahren einer Politik der milit\u00e4rischen Blockfreiheit \u00fcberraschend im Jahr 2022 der NATO beigetreten ist, und zwar unter Ministerpr\u00e4sident Kristerssons F\u00fchrung der &#8220;Moderaten Partei&#8221;. Die hatte Kristerssons 2017 als Parteichef \u00fcbernommen und in den Folgejahren konnte er die Parteilinie \u2013 wahrscheinlich mit diskreter Unterst\u00fctzung aus Washington \u2013 in Richtung NATO-Mitgliedschaft umpolen. Seine &#8220;Moderate Partei&#8221; wurde w\u00e4hrend des Wahlkampfs 2022 Teil eines rechten Blocks, der ebenfalls Schwedens NATO-Beitritt unterst\u00fctzte, insbesondere nachdem der russische Einmarsch in die Ukraine im Februar 2022 die \u00f6ffentliche Meinung erheblich ver\u00e4ndert hatte.<\/p>\n<p>Der NATO-Beitritt Schwedens wurde ohne die in Schweden \u00fcbliche Volksbefragung zur Konsensfindung mit einfacher Mehrheit im Parlament durchgesetzt.<\/p>\n<p><strong>Mehr zum Thema<\/strong> \u2013 <a rel=\"nofollow noopener\" target=\"_blank\" href=\"https:\/\/freedert.online\/inland\/103717-berlin-und-kentler-experiment-in\/\">Berlin und das &#8220;Kentler-Experiment&#8221;: &#8220;In der Kinder- und Jugendhilfe hat sich vieles ge\u00e4ndert&#8221;<\/a><\/p>\n<\/div>\n<p><br \/>\n<br \/><a href=\"https:\/\/de.rt.com\/europa\/252660-schwedens-premierminister-wird-kindesmissbrauchs-verdaechtigt\/\">Source link <\/a><\/p>\n","protected":false},"excerpt":{"rendered":"<p>Die Vorw\u00fcrfe gegen Kristersson sind Teil eines riesigen Adoptionsskandals, der aktuell Schweden ersch\u00fcttert. Ein im Juni vorgelegter Bericht deckte horrende Details \u00fcber jahrzehntelange, systemische Missst\u00e4nde im schwedischen &#8220;Adoptionscentrum&#8221; auf, das einige Jahre von Kristersson geleitet wurde. Von Rainer Rupp Der schwedische Premierminister Ulf Kristersson sieht sich schweren Vorw\u00fcrfen ausgesetzt: Er soll in seiner Zeit als [&hellip;]<\/p>\n","protected":false},"author":3,"featured_media":88611,"comment_status":"open","ping_status":"open","sticky":false,"template":"","format":"standard","meta":{"_yoast_indexnow_last_ping":["1754849276"],"wp_automatic_camp":["217"],"c44e12cac923faaf8a926fbe989e5801":["Schwedens Premierminister wird des Kindesmissbrauchs und der Dokumentenf\u00e4lschung verd\u00e4chtigt"],"original_link":["https:\/\/de.rt.com\/europa\/252660-schwedens-premierminister-wird-kindesmissbrauchs-verdaechtigt\/"],"_thumbnail_id":["88611"],"jnews_social_counter_last_update":["1777279834"],"_wptgpro_p2tg_sent2tg":["a:1:{i:23737;s:19:\"2025-08-10 20:10:18\";}"]},"categories":[19,23],"tags":[82,583,66984,58011,416,11593,140,21420,374],"yoast_head":"<!-- This site is optimized with the Yoast SEO Premium plugin v22.7 (Yoast SEO v22.7) - https:\/\/yoast.com\/wordpress\/plugins\/seo\/ -->\n<title>Schwedens Premierminister wird des Kindesmissbrauchs und der Dokumentenf\u00e4lschung verd\u00e4chtigt - just-now.NEWS Deutschland<\/title>\n<meta name=\"robots\" content=\"index, follow, max-snippet:-1, max-image-preview:large, max-video-preview:-1\" \/>\n<link rel=\"canonical\" href=\"https:\/\/now-news.de\/de\/deutschland\/schwedens-premierminister-wird-des-kindesmissbrauchs-und-der-dokumentenfaelschung-verdaechtigt\/\" \/>\n<meta property=\"og:locale\" content=\"de_DE\" \/>\n<meta property=\"og:type\" content=\"article\" \/>\n<meta property=\"og:title\" content=\"Schwedens Premierminister wird des Kindesmissbrauchs und der Dokumentenf\u00e4lschung verd\u00e4chtigt\" \/>\n<meta property=\"og:description\" content=\"Die Vorw\u00fcrfe gegen Kristersson sind Teil eines riesigen Adoptionsskandals, der aktuell Schweden ersch\u00fcttert. Ein im Juni vorgelegter Bericht deckte horrende Details \u00fcber jahrzehntelange, systemische Missst\u00e4nde im schwedischen &#8220;Adoptionscentrum&#8221; auf, das einige Jahre von Kristersson geleitet wurde. Von Rainer Rupp Der schwedische Premierminister Ulf Kristersson sieht sich schweren Vorw\u00fcrfen ausgesetzt: Er soll in seiner Zeit als [&hellip;]\" \/>\n<meta property=\"og:url\" content=\"https:\/\/now-news.de\/de\/deutschland\/schwedens-premierminister-wird-des-kindesmissbrauchs-und-der-dokumentenfaelschung-verdaechtigt\/\" \/>\n<meta property=\"og:site_name\" content=\"just-now.NEWS Deutschland\" \/>\n<meta property=\"article:publisher\" content=\"https:\/\/www.facebook.com\/wirmachenauf\" \/>\n<meta property=\"article:published_time\" content=\"2025-08-10T18:02:33+00:00\" \/>\n<meta property=\"og:image\" content=\"https:\/\/now-news.de\/de\/wp-content\/uploads\/sites\/3\/2025\/08\/6894bb8d48fbef0f006747de.jpg\" \/>\n<meta name=\"author\" content=\"rtnews\" \/>\n<meta name=\"twitter:card\" content=\"summary_large_image\" \/>\n<meta name=\"twitter:creator\" content=\"@WirMachenAuf_de\" \/>\n<meta name=\"twitter:site\" content=\"@WirMachenAuf_de\" \/>\n<meta name=\"twitter:label1\" content=\"Verfasst von\" \/>\n\t<meta name=\"twitter:data1\" content=\"rtnews\" \/>\n\t<meta name=\"twitter:label2\" content=\"Gesch\u00e4tzte Lesezeit\" \/>\n\t<meta name=\"twitter:data2\" content=\"5\u00a0Minuten\" \/>\n<script type=\"application\/ld+json\" class=\"yoast-schema-graph\">{\"@context\":\"https:\/\/schema.org\",\"@graph\":[{\"@type\":\"Article\",\"@id\":\"https:\/\/now-news.de\/de\/deutschland\/schwedens-premierminister-wird-des-kindesmissbrauchs-und-der-dokumentenfaelschung-verdaechtigt\/#article\",\"isPartOf\":{\"@id\":\"https:\/\/now-news.de\/de\/deutschland\/schwedens-premierminister-wird-des-kindesmissbrauchs-und-der-dokumentenfaelschung-verdaechtigt\/\"},\"author\":{\"name\":\"rtnews\",\"@id\":\"https:\/\/now-news.de\/de\/#\/schema\/person\/fb534a4e865501d8b3285208df34a9b5\"},\"headline\":\"Schwedens Premierminister wird des Kindesmissbrauchs und der Dokumentenf\u00e4lschung verd\u00e4chtigt\",\"datePublished\":\"2025-08-10T18:02:33+00:00\",\"dateModified\":\"2025-08-10T18:02:33+00:00\",\"mainEntityOfPage\":{\"@id\":\"https:\/\/now-news.de\/de\/deutschland\/schwedens-premierminister-wird-des-kindesmissbrauchs-und-der-dokumentenfaelschung-verdaechtigt\/\"},\"wordCount\":1048,\"commentCount\":0,\"publisher\":{\"@id\":\"https:\/\/now-news.de\/de\/#organization\"},\"image\":{\"@id\":\"https:\/\/now-news.de\/de\/deutschland\/schwedens-premierminister-wird-des-kindesmissbrauchs-und-der-dokumentenfaelschung-verdaechtigt\/#primaryimage\"},\"thumbnailUrl\":\"https:\/\/now-news.de\/de\/wp-content\/uploads\/sites\/3\/2025\/08\/Schwedens-Premierminister-wird-des-Kindesmissbrauchs-und-der-Dokumentenfaelschung-verdaechtigt.jpg\",\"keywords\":[\"der\",\"des\",\"Dokumentenf\u00e4lschung\",\"Kindesmissbrauchs\",\"Premierminister\",\"Schwedens\",\"und\",\"verd\u00e4chtigt\",\"wird\"],\"articleSection\":[\"Deutschland\",\"Russland\"],\"inLanguage\":\"de\",\"potentialAction\":[{\"@type\":\"CommentAction\",\"name\":\"Comment\",\"target\":[\"https:\/\/now-news.de\/de\/deutschland\/schwedens-premierminister-wird-des-kindesmissbrauchs-und-der-dokumentenfaelschung-verdaechtigt\/#respond\"]}]},{\"@type\":\"WebPage\",\"@id\":\"https:\/\/now-news.de\/de\/deutschland\/schwedens-premierminister-wird-des-kindesmissbrauchs-und-der-dokumentenfaelschung-verdaechtigt\/\",\"url\":\"https:\/\/now-news.de\/de\/deutschland\/schwedens-premierminister-wird-des-kindesmissbrauchs-und-der-dokumentenfaelschung-verdaechtigt\/\",\"name\":\"Schwedens Premierminister wird des Kindesmissbrauchs und der Dokumentenf\u00e4lschung verd\u00e4chtigt - just-now.NEWS Deutschland\",\"isPartOf\":{\"@id\":\"https:\/\/now-news.de\/de\/#website\"},\"primaryImageOfPage\":{\"@id\":\"https:\/\/now-news.de\/de\/deutschland\/schwedens-premierminister-wird-des-kindesmissbrauchs-und-der-dokumentenfaelschung-verdaechtigt\/#primaryimage\"},\"image\":{\"@id\":\"https:\/\/now-news.de\/de\/deutschland\/schwedens-premierminister-wird-des-kindesmissbrauchs-und-der-dokumentenfaelschung-verdaechtigt\/#primaryimage\"},\"thumbnailUrl\":\"https:\/\/now-news.de\/de\/wp-content\/uploads\/sites\/3\/2025\/08\/Schwedens-Premierminister-wird-des-Kindesmissbrauchs-und-der-Dokumentenfaelschung-verdaechtigt.jpg\",\"datePublished\":\"2025-08-10T18:02:33+00:00\",\"dateModified\":\"2025-08-10T18:02:33+00:00\",\"breadcrumb\":{\"@id\":\"https:\/\/now-news.de\/de\/deutschland\/schwedens-premierminister-wird-des-kindesmissbrauchs-und-der-dokumentenfaelschung-verdaechtigt\/#breadcrumb\"},\"inLanguage\":\"de\",\"potentialAction\":[{\"@type\":\"ReadAction\",\"target\":[\"https:\/\/now-news.de\/de\/deutschland\/schwedens-premierminister-wird-des-kindesmissbrauchs-und-der-dokumentenfaelschung-verdaechtigt\/\"]}]},{\"@type\":\"ImageObject\",\"inLanguage\":\"de\",\"@id\":\"https:\/\/now-news.de\/de\/deutschland\/schwedens-premierminister-wird-des-kindesmissbrauchs-und-der-dokumentenfaelschung-verdaechtigt\/#primaryimage\",\"url\":\"https:\/\/now-news.de\/de\/wp-content\/uploads\/sites\/3\/2025\/08\/Schwedens-Premierminister-wird-des-Kindesmissbrauchs-und-der-Dokumentenfaelschung-verdaechtigt.jpg\",\"contentUrl\":\"https:\/\/now-news.de\/de\/wp-content\/uploads\/sites\/3\/2025\/08\/Schwedens-Premierminister-wird-des-Kindesmissbrauchs-und-der-Dokumentenfaelschung-verdaechtigt.jpg\",\"width\":460,\"height\":259,\"caption\":\"Schwedens Premierminister wird des Kindesmissbrauchs und der Dokumentenf\u00e4lschung verd\u00e4chtigt\"},{\"@type\":\"BreadcrumbList\",\"@id\":\"https:\/\/now-news.de\/de\/deutschland\/schwedens-premierminister-wird-des-kindesmissbrauchs-und-der-dokumentenfaelschung-verdaechtigt\/#breadcrumb\",\"itemListElement\":[{\"@type\":\"ListItem\",\"position\":1,\"name\":\"Home\",\"item\":\"https:\/\/now-news.de\/de\/\"},{\"@type\":\"ListItem\",\"position\":2,\"name\":\"Schwedens Premierminister wird des Kindesmissbrauchs und der Dokumentenf\u00e4lschung verd\u00e4chtigt\"}]},{\"@type\":\"WebSite\",\"@id\":\"https:\/\/now-news.de\/de\/#website\",\"url\":\"https:\/\/now-news.de\/de\/\",\"name\":\"just-now.NEWS Deutschland\",\"description\":\"Das Portal f\u00fcr unzensierte Nachrichten aus der Welt\",\"publisher\":{\"@id\":\"https:\/\/now-news.de\/de\/#organization\"},\"potentialAction\":[{\"@type\":\"SearchAction\",\"target\":{\"@type\":\"EntryPoint\",\"urlTemplate\":\"https:\/\/now-news.de\/de\/?s={search_term_string}\"},\"query-input\":\"required name=search_term_string\"}],\"inLanguage\":\"de\"},{\"@type\":\"Organization\",\"@id\":\"https:\/\/now-news.de\/de\/#organization\",\"name\":\"Just Now News\",\"url\":\"https:\/\/now-news.de\/de\/\",\"logo\":{\"@type\":\"ImageObject\",\"inLanguage\":\"de\",\"@id\":\"https:\/\/now-news.de\/de\/#\/schema\/logo\/image\/\",\"url\":\"http:\/\/just-now.news\/de\/wp-content\/uploads\/sites\/3\/2022\/04\/logo500x500.jpg\",\"contentUrl\":\"http:\/\/just-now.news\/de\/wp-content\/uploads\/sites\/3\/2022\/04\/logo500x500.jpg\",\"width\":500,\"height\":500,\"caption\":\"Just Now News\"},\"image\":{\"@id\":\"https:\/\/now-news.de\/de\/#\/schema\/logo\/image\/\"},\"sameAs\":[\"https:\/\/www.facebook.com\/wirmachenauf\",\"https:\/\/x.com\/WirMachenAuf_de\"]},{\"@type\":\"Person\",\"@id\":\"https:\/\/now-news.de\/de\/#\/schema\/person\/fb534a4e865501d8b3285208df34a9b5\",\"name\":\"rtnews\",\"image\":{\"@type\":\"ImageObject\",\"inLanguage\":\"de\",\"@id\":\"https:\/\/now-news.de\/de\/#\/schema\/person\/image\/\",\"url\":\"https:\/\/secure.gravatar.com\/avatar\/82aafea7d8127119dd649515f56e2117?s=96&d=mm&r=g\",\"contentUrl\":\"https:\/\/secure.gravatar.com\/avatar\/82aafea7d8127119dd649515f56e2117?s=96&d=mm&r=g\",\"caption\":\"rtnews\"},\"url\":\"https:\/\/now-news.de\/de\/author\/rnews\/\"}]}<\/script>\n<!-- \/ Yoast SEO Premium plugin. -->","yoast_head_json":{"title":"Schwedens Premierminister wird des Kindesmissbrauchs und der Dokumentenf\u00e4lschung verd\u00e4chtigt - just-now.NEWS Deutschland","robots":{"index":"index","follow":"follow","max-snippet":"max-snippet:-1","max-image-preview":"max-image-preview:large","max-video-preview":"max-video-preview:-1"},"canonical":"https:\/\/now-news.de\/de\/deutschland\/schwedens-premierminister-wird-des-kindesmissbrauchs-und-der-dokumentenfaelschung-verdaechtigt\/","og_locale":"de_DE","og_type":"article","og_title":"Schwedens Premierminister wird des Kindesmissbrauchs und der Dokumentenf\u00e4lschung verd\u00e4chtigt","og_description":"Die Vorw\u00fcrfe gegen Kristersson sind Teil eines riesigen Adoptionsskandals, der aktuell Schweden ersch\u00fcttert. Ein im Juni vorgelegter Bericht deckte horrende Details \u00fcber jahrzehntelange, systemische Missst\u00e4nde im schwedischen &#8220;Adoptionscentrum&#8221; auf, das einige Jahre von Kristersson geleitet wurde. Von Rainer Rupp Der schwedische Premierminister Ulf Kristersson sieht sich schweren Vorw\u00fcrfen ausgesetzt: Er soll in seiner Zeit als [&hellip;]","og_url":"https:\/\/now-news.de\/de\/deutschland\/schwedens-premierminister-wird-des-kindesmissbrauchs-und-der-dokumentenfaelschung-verdaechtigt\/","og_site_name":"just-now.NEWS Deutschland","article_publisher":"https:\/\/www.facebook.com\/wirmachenauf","article_published_time":"2025-08-10T18:02:33+00:00","og_image":[{"url":"https:\/\/now-news.de\/de\/wp-content\/uploads\/sites\/3\/2025\/08\/6894bb8d48fbef0f006747de.jpg"}],"author":"rtnews","twitter_card":"summary_large_image","twitter_creator":"@WirMachenAuf_de","twitter_site":"@WirMachenAuf_de","twitter_misc":{"Verfasst von":"rtnews","Gesch\u00e4tzte Lesezeit":"5\u00a0Minuten"},"schema":{"@context":"https:\/\/schema.org","@graph":[{"@type":"Article","@id":"https:\/\/now-news.de\/de\/deutschland\/schwedens-premierminister-wird-des-kindesmissbrauchs-und-der-dokumentenfaelschung-verdaechtigt\/#article","isPartOf":{"@id":"https:\/\/now-news.de\/de\/deutschland\/schwedens-premierminister-wird-des-kindesmissbrauchs-und-der-dokumentenfaelschung-verdaechtigt\/"},"author":{"name":"rtnews","@id":"https:\/\/now-news.de\/de\/#\/schema\/person\/fb534a4e865501d8b3285208df34a9b5"},"headline":"Schwedens Premierminister wird des Kindesmissbrauchs und der Dokumentenf\u00e4lschung verd\u00e4chtigt","datePublished":"2025-08-10T18:02:33+00:00","dateModified":"2025-08-10T18:02:33+00:00","mainEntityOfPage":{"@id":"https:\/\/now-news.de\/de\/deutschland\/schwedens-premierminister-wird-des-kindesmissbrauchs-und-der-dokumentenfaelschung-verdaechtigt\/"},"wordCount":1048,"commentCount":0,"publisher":{"@id":"https:\/\/now-news.de\/de\/#organization"},"image":{"@id":"https:\/\/now-news.de\/de\/deutschland\/schwedens-premierminister-wird-des-kindesmissbrauchs-und-der-dokumentenfaelschung-verdaechtigt\/#primaryimage"},"thumbnailUrl":"https:\/\/now-news.de\/de\/wp-content\/uploads\/sites\/3\/2025\/08\/Schwedens-Premierminister-wird-des-Kindesmissbrauchs-und-der-Dokumentenfaelschung-verdaechtigt.jpg","keywords":["der","des","Dokumentenf\u00e4lschung","Kindesmissbrauchs","Premierminister","Schwedens","und","verd\u00e4chtigt","wird"],"articleSection":["Deutschland","Russland"],"inLanguage":"de","potentialAction":[{"@type":"CommentAction","name":"Comment","target":["https:\/\/now-news.de\/de\/deutschland\/schwedens-premierminister-wird-des-kindesmissbrauchs-und-der-dokumentenfaelschung-verdaechtigt\/#respond"]}]},{"@type":"WebPage","@id":"https:\/\/now-news.de\/de\/deutschland\/schwedens-premierminister-wird-des-kindesmissbrauchs-und-der-dokumentenfaelschung-verdaechtigt\/","url":"https:\/\/now-news.de\/de\/deutschland\/schwedens-premierminister-wird-des-kindesmissbrauchs-und-der-dokumentenfaelschung-verdaechtigt\/","name":"Schwedens Premierminister wird des Kindesmissbrauchs und der Dokumentenf\u00e4lschung verd\u00e4chtigt - just-now.NEWS Deutschland","isPartOf":{"@id":"https:\/\/now-news.de\/de\/#website"},"primaryImageOfPage":{"@id":"https:\/\/now-news.de\/de\/deutschland\/schwedens-premierminister-wird-des-kindesmissbrauchs-und-der-dokumentenfaelschung-verdaechtigt\/#primaryimage"},"image":{"@id":"https:\/\/now-news.de\/de\/deutschland\/schwedens-premierminister-wird-des-kindesmissbrauchs-und-der-dokumentenfaelschung-verdaechtigt\/#primaryimage"},"thumbnailUrl":"https:\/\/now-news.de\/de\/wp-content\/uploads\/sites\/3\/2025\/08\/Schwedens-Premierminister-wird-des-Kindesmissbrauchs-und-der-Dokumentenfaelschung-verdaechtigt.jpg","datePublished":"2025-08-10T18:02:33+00:00","dateModified":"2025-08-10T18:02:33+00:00","breadcrumb":{"@id":"https:\/\/now-news.de\/de\/deutschland\/schwedens-premierminister-wird-des-kindesmissbrauchs-und-der-dokumentenfaelschung-verdaechtigt\/#breadcrumb"},"inLanguage":"de","potentialAction":[{"@type":"ReadAction","target":["https:\/\/now-news.de\/de\/deutschland\/schwedens-premierminister-wird-des-kindesmissbrauchs-und-der-dokumentenfaelschung-verdaechtigt\/"]}]},{"@type":"ImageObject","inLanguage":"de","@id":"https:\/\/now-news.de\/de\/deutschland\/schwedens-premierminister-wird-des-kindesmissbrauchs-und-der-dokumentenfaelschung-verdaechtigt\/#primaryimage","url":"https:\/\/now-news.de\/de\/wp-content\/uploads\/sites\/3\/2025\/08\/Schwedens-Premierminister-wird-des-Kindesmissbrauchs-und-der-Dokumentenfaelschung-verdaechtigt.jpg","contentUrl":"https:\/\/now-news.de\/de\/wp-content\/uploads\/sites\/3\/2025\/08\/Schwedens-Premierminister-wird-des-Kindesmissbrauchs-und-der-Dokumentenfaelschung-verdaechtigt.jpg","width":460,"height":259,"caption":"Schwedens Premierminister wird des Kindesmissbrauchs und der Dokumentenf\u00e4lschung verd\u00e4chtigt"},{"@type":"BreadcrumbList","@id":"https:\/\/now-news.de\/de\/deutschland\/schwedens-premierminister-wird-des-kindesmissbrauchs-und-der-dokumentenfaelschung-verdaechtigt\/#breadcrumb","itemListElement":[{"@type":"ListItem","position":1,"name":"Home","item":"https:\/\/now-news.de\/de\/"},{"@type":"ListItem","position":2,"name":"Schwedens Premierminister wird des Kindesmissbrauchs und der Dokumentenf\u00e4lschung verd\u00e4chtigt"}]},{"@type":"WebSite","@id":"https:\/\/now-news.de\/de\/#website","url":"https:\/\/now-news.de\/de\/","name":"just-now.NEWS Deutschland","description":"Das Portal f\u00fcr unzensierte Nachrichten aus der Welt","publisher":{"@id":"https:\/\/now-news.de\/de\/#organization"},"potentialAction":[{"@type":"SearchAction","target":{"@type":"EntryPoint","urlTemplate":"https:\/\/now-news.de\/de\/?s={search_term_string}"},"query-input":"required name=search_term_string"}],"inLanguage":"de"},{"@type":"Organization","@id":"https:\/\/now-news.de\/de\/#organization","name":"Just Now News","url":"https:\/\/now-news.de\/de\/","logo":{"@type":"ImageObject","inLanguage":"de","@id":"https:\/\/now-news.de\/de\/#\/schema\/logo\/image\/","url":"http:\/\/just-now.news\/de\/wp-content\/uploads\/sites\/3\/2022\/04\/logo500x500.jpg","contentUrl":"http:\/\/just-now.news\/de\/wp-content\/uploads\/sites\/3\/2022\/04\/logo500x500.jpg","width":500,"height":500,"caption":"Just Now News"},"image":{"@id":"https:\/\/now-news.de\/de\/#\/schema\/logo\/image\/"},"sameAs":["https:\/\/www.facebook.com\/wirmachenauf","https:\/\/x.com\/WirMachenAuf_de"]},{"@type":"Person","@id":"https:\/\/now-news.de\/de\/#\/schema\/person\/fb534a4e865501d8b3285208df34a9b5","name":"rtnews","image":{"@type":"ImageObject","inLanguage":"de","@id":"https:\/\/now-news.de\/de\/#\/schema\/person\/image\/","url":"https:\/\/secure.gravatar.com\/avatar\/82aafea7d8127119dd649515f56e2117?s=96&d=mm&r=g","contentUrl":"https:\/\/secure.gravatar.com\/avatar\/82aafea7d8127119dd649515f56e2117?s=96&d=mm&r=g","caption":"rtnews"},"url":"https:\/\/now-news.de\/de\/author\/rnews\/"}]}},"_links":{"self":[{"href":"https:\/\/now-news.de\/de\/wp-json\/wp\/v2\/posts\/88610"}],"collection":[{"href":"https:\/\/now-news.de\/de\/wp-json\/wp\/v2\/posts"}],"about":[{"href":"https:\/\/now-news.de\/de\/wp-json\/wp\/v2\/types\/post"}],"author":[{"embeddable":true,"href":"https:\/\/now-news.de\/de\/wp-json\/wp\/v2\/users\/3"}],"replies":[{"embeddable":true,"href":"https:\/\/now-news.de\/de\/wp-json\/wp\/v2\/comments?post=88610"}],"version-history":[{"count":0,"href":"https:\/\/now-news.de\/de\/wp-json\/wp\/v2\/posts\/88610\/revisions"}],"wp:featuredmedia":[{"embeddable":true,"href":"https:\/\/now-news.de\/de\/wp-json\/wp\/v2\/media\/88611"}],"wp:attachment":[{"href":"https:\/\/now-news.de\/de\/wp-json\/wp\/v2\/media?parent=88610"}],"wp:term":[{"taxonomy":"category","embeddable":true,"href":"https:\/\/now-news.de\/de\/wp-json\/wp\/v2\/categories?post=88610"},{"taxonomy":"post_tag","embeddable":true,"href":"https:\/\/now-news.de\/de\/wp-json\/wp\/v2\/tags?post=88610"}],"curies":[{"name":"wp","href":"https:\/\/api.w.org\/{rel}","templated":true}]}}