{"id":88562,"date":"2025-08-09T21:15:01","date_gmt":"2025-08-09T19:15:01","guid":{"rendered":"https:\/\/now-news.de\/de\/deutschland\/digitaler-neokolonialismus-der-politische-hintergrund-der-kuenstlichen-intelligenz-teil-i\/"},"modified":"2025-08-09T21:15:01","modified_gmt":"2025-08-09T19:15:01","slug":"digitaler-neokolonialismus-der-politische-hintergrund-der-kuenstlichen-intelligenz-teil-i","status":"publish","type":"post","link":"https:\/\/now-news.de\/de\/deutschland\/digitaler-neokolonialismus-der-politische-hintergrund-der-kuenstlichen-intelligenz-teil-i\/","title":{"rendered":"Digitaler Neokolonialismus: Der politische Hintergrund der k\u00fcnstlichen Intelligenz, Teil I"},"content":{"rendered":"<p><img decoding=\"async\" src=\"https:\/\/now-news.de\/de\/wp-content\/uploads\/sites\/3\/2025\/08\/6894f75448fbef7cbf39ba4b.jpg\" \/><\/p>\n<div class=\"Text-root Text-type_1 \">\n                Das Internet vermittelt die Illusion digitaler Gleichheit, doch seine technischen Strukturen produzieren neue Ungleichheiten \u2013 durch Macht \u00fcber Hardware ebenso wie \u00fcber Daten.\n            <\/div>\n<p><\/p>\n<div class=\"Text-root Text-type_5 ArticleView-text ViewText-root \">\n<p><em>Von Maria Sacharowa<\/em><\/p>\n<p>Anfang Juni veranstaltete das russische Au\u00dfenministerium eine hochrangige Sitzung zum Thema Informations- und Kommunikationstechnologien mit besonderem Fokus auf k\u00fcnstliche Intelligenz (KI). Obwohl das offizielle Kommuniqu\u00e9 die Ergebnisse des Treffens zusammenfasste, war es tats\u00e4chlich der Ausgangspunkt f\u00fcr eine weiterreichende strategische Arbeit. Das Treffen regte innerhalb des Ministeriums zu einer tiefgreifenden Reflexion \u00fcber die Notwendigkeit an, die eigene Struktur und Funktionsweise\u00a0an die\u00a0Herausforderungen der KI\u00a0im internationalen Kontext anzupassen.<\/p>\n<p>Einer der wichtigsten Aspekte der Debatte, der auch der \u00d6ffentlichkeit zug\u00e4nglich ist, ist die Analyse des politischen Hintergrunds der digitalen Transformation und der Rolle, die Technologien auf Basis neuronaler Netze dabei spielen sollen. Es besteht kein Zweifel, dass die KI \u2013 Hauptmotor der sogenannten Vierten Industriellen Revolution \u2013 eine neue wirtschaftliche, soziale und kulturelle Ordnung formt. Die Industrie, die Finanzwelt und die Staatsf\u00fchrung zeigen diese Ver\u00e4nderungen bereits deutlich.<\/p>\n<p>Aber der rasante Fortschritt des maschinellen Lernens offenbart auch eine zunehmend ausgepr\u00e4gte politische Dimension. Um die tieferen Auswirkungen der Digitalisierung zu verstehen, ist es unerl\u00e4sslich, das ideologische Wertesystem zu untersuchen, das die globalen Akteure leitet, die die Entwicklung der KI anf\u00fchren.<\/p>\n<p>Dieses System folgt einer neokolonialen Denkweise.<\/p>\n<p>In Kombination mit der k\u00fcnstlichen Intelligenz erh\u00e4lt der Neokolonialismus eine wirklich globale praktische Dimension und eine bisher beispiellose technologische Raffinesse. Was fr\u00fcher Verh\u00e4ltnisse der Unterordnung zwischen Kolonien und Metropolen waren, verwandelt sich heute in subtilere, aber ebenso m\u00e4chtige Formen der Abh\u00e4ngigkeit, die sich bis in alle Ecken der Welt au\u00dferhalb der sogenannten Goldenen Milliarde ausbreiten.<\/p>\n<p>Die Entwicklungsl\u00e4nder sind jetzt nicht mehr nur von der Hard- oder Software aus dem Globalen Norden abh\u00e4ngig. Ihre Verwundbarkeit liegt jetzt in den Algorithmen: in den versteckten Parametern, die bestimmen, wie die Daten verarbeitet und wie die G\u00fcter verteilt werden, wie die Bildung organisiert wird, wie Krankheiten diagnostiziert werden oder wie die \u00f6ffentliche Meinung gelenkt wird.<\/p>\n<p>Die Abh\u00e4ngigkeit ist von einer anderen Art: Was exportiert wird, ist nicht mehr nur Technologie, sondern es sind auch Informationen, Daten und Verarbeitungskapazit\u00e4t.<\/p>\n<p>Diese Kontrolle konzentriert sich auf eine Elite von Staaten und Konzernen, die mit ihrer beinahe Alleinherrschaft \u00fcber die digitale Infrastruktur und KI Bedingungen auferlegen, kulturelle Modelle verbreiten, Mentalit\u00e4ten formen und Entscheidungen von Regierungen und Einzelpersonen direkt beeinflussen. All dies erfolgt in Echtzeit innerhalb eines Systems, in dem die Fernsteuerung der Realit\u00e4t zunehmend unsichtbar und allgegenw\u00e4rtig wird.<\/p>\n<p>Die Technologien der k\u00fcnstlichen Intelligenz haben bereits ein Niveau erreicht, das es erm\u00f6glicht, die Realit\u00e4t nicht nur zu verwalten, sondern in einem bisher nie dagewesenen Ausma\u00df zu verdr\u00e4ngen. Der Einfluss wird sowohl \u00fcber traditionelle Informationskan\u00e4le als auch \u00fcber digitale Plattformen ausge\u00fcbt, die sich still und leise in den Alltag integrieren.<\/p>\n<p>Die neuronalen Netzwerke mit ihrer F\u00e4higkeit zur Manipulation \u00fcberschreiten die Grenzen der Logik und der auf Fakten basierenden Debatte. Sie wirken auf Reflexe, Emotionen, ethische Grunds\u00e4tze und sogar auf das menschliche Unbewusste ein und formen automatische Reaktionen, ohne dass bewusste \u00dcberlegungen zum Tragen kommen.<\/p>\n<p>Wir erleben derzeit die Entstehung einer neuen Struktur der Kontrolle, die sich tief im individuellen Verhalten festsetzt und den Willen, das Bewusstsein und sogar den Widerstand umgeht.<\/p>\n<p>So wird die KI weniger als Instrument des Fortschritts denn als Druckmittel, strategische Waffe im globalen Wettbewerb und Instrument der Machtumverteilung konfiguriert. Der Kampf geht l\u00e4ngst nicht mehr nur um Ressourcen oder M\u00e4rkte, er geht auch um das menschliche Bewusstsein selbst, um die Lebensweise, um die Autonomie des Denkens.<\/p>\n<p>Der Wettlauf um die technologische Vorherrschaft \u2013 um die &#8220;Herrschaft \u00fcber das Schicksal der Menschheit&#8221; \u2013 droht uns in eine v\u00f6llig andere Zukunft zu f\u00fchren als die, die uns die Bef\u00fcrworter des digitalen Wandels versprechen. Angesichts dieser Realit\u00e4t ist ein kritischer und ausgewogener Ansatz erforderlich, der sowohl die technischen Fortschritte als auch ihre \u00f6konomischen, gesellschaftlichen und \u00f6kologischen Auswirkungen in Betracht zieht.<\/p>\n<p>Die k\u00fcnstliche Intelligenz hat indes nicht nur Auswirkungen auf die technologische oder gesellschaftliche Ebene. Sie erzeugt auch einen nie dagewesenen Druck auf die globalen Energieinfrastrukturen. Laut einer Erkl\u00e4rung, die im Juli von PJM Interconnection \u2013 dem gr\u00f6\u00dften Betreiber des US-amerikanischen Energiesystems \u2013 ver\u00f6ffentlicht wurde, f\u00fchrt die Zunahme von Rechenzentren und KI-basierten Chatbots zu einem &#8220;Reset&#8221; im Energiebereich: Der Stromverbrauch nimmt viel schneller zu als der Bau neuer Kraftwerke.<\/p>\n<p>Die Prognose ist klar: Der Strompreis k\u00f6nnte in diesem Sommer in 13 US-Bundesstaaten von Illinois bis New Jersey um mehr als 20 Prozent steigen. In diesen Regionen konzentriert sich die weltweit gr\u00f6\u00dfte Anzahl von Rechenzentren, und mehr als 67 Millionen Nutzer sind von diesem Netz abh\u00e4ngig.<\/p>\n<p>In diesem Zusammenhang setzt die neokoloniale Logik wieder ein.<\/p>\n<p>Wie in vergangenen Jahrhunderten werden die tats\u00e4chlichen Kosten f\u00fcr die Versorgung dieser digitalen Revolution \u2013 Energie, Metalle, Wasser und Arbeit \u2013 absehbar auf die Entwicklungsl\u00e4nder zur\u00fcckfallen. Versprechen wie &#8220;die digitale Kluft zu verringern&#8221; oder &#8220;die technologische Inklusion zu f\u00f6rdern&#8221; verschleiern in vielen F\u00e4llen neue Formen der Ausbeutung von Ressourcen und wirtschaftlicher Unterordnung.<\/p>\n<p>Historische Analogien helfen, um die aktuellen Dynamiken zu verstehen. Das Britische Empire rechtfertigte seine globale Expansion mit der Vorstellung einer Zivilisation, &#8220;in der die Sonne nie untergeht&#8221;\u00a0\u2012\u00a0ein Narrativ, das dank des unbegrenzten Zugangs zu den Ressourcen seiner riesigen Kolonien aufrechterhalten wurde. Frankreich wiederum forcierte die Frankophonie als Instrument kultureller und geopolitischer Einflussnahme, die sich weitgehend auf ehemals unterworfene Gebiete und V\u00f6lker st\u00fctzte, deren Lebensbedingungen oftmals mit Sklaverei vergleichbar waren. Deutschland tr\u00e4umte in seiner dunkelsten Phase von einem tausendj\u00e4hrigen Reich.<\/p>\n<p>Heute zeichnet sich die k\u00fcnstliche Intelligenz als neues gro\u00dfes Projekt der globalen Vorherrschaft ab: ein techno-politisches Instrument, das von dem angetrieben wird, was viele Analysten bereits als &#8220;weltumspannenden tiefen Staat&#8221; bezeichnen.<\/p>\n<p>Mit den Daten in der Hand ist es an der Zeit, das neue Epizentrum der globalen Kontrolle genauer zu analysieren.<\/p>\n<p>Die durch die k\u00fcnstliche Intelligenz vorangetriebene globale Kontrolle basiert in erster Linie auf der digitalen Transformation der Weltwirtschaft. Die Digitalisierung schreitet still, aber unaufhaltsam in allen Bereichen voran: von der Produktion bis zur Logistik, vom Unternehmensmanagement bis zum Vertrieb. In diesem Prozess haben die L\u00e4nder der Organisation f\u00fcr wirtschaftliche Zusammenarbeit und Entwicklung (OECD) \u2013 das hei\u00dft, der industrialisierte Kern der Welt \u2013 in den letzten sechs bis sieben Jahren das Wachstum des digitalen Sektors angef\u00fchrt.<\/p>\n<p>Derzeit macht die digitale Wirtschaft bereits 3 Prozent des weltweiten BIP aus. Das ist ein auf den ersten Blick bescheidener Prozentsatz, der aber in seiner Wachstumsgeschwindigkeit beispiellos ist. Keine andere wirtschaftliche Aktivit\u00e4t hat in der j\u00fcngeren Geschichte ein so schnelles und weitreichendes Wachstum verzeichnet.<\/p>\n<p>Die Digitalisierung beeinflusst dar\u00fcber hinaus Entscheidungen \u00fcber internationale Investitionen: Digitale Standards sind zu einer Grundvoraussetzung f\u00fcr die Gewinnung von Kapital geworden und es wird gesch\u00e4tzt, dass bereits bis zu 13 Prozent der Auslandsinvestitionen in diesen Sektor flie\u00dfen, Tendenz steigend.<\/p>\n<p>Dieses Ph\u00e4nomen hat eine nicht zu leugnende materielle Grundlage: die exponentielle Menge an Daten, die die Menschheit generiert. Jede Woche werden mehr Informationen produziert als im gesamten ersten Jahrtausend unserer Zeitrechnung. Die Verarbeitung und Analyse dieser Daten \u2013 auch als Big Data bezeichnet \u2013 ist zum eigentlichen Kern des wirtschaftlichen Wertes geworden. Die Unternehmen wissen das: Die Einf\u00fchrung digitaler Technologien kann eine Produktivit\u00e4tssteigerung von mindestens 5 bis 6 Prozent bedeuten.<\/p>\n<p><em>Ende des ersten Teils.<\/em><\/p>\n<p><em><strong>Maria Sacharowa<\/strong> ist die offizielle Sprecherin des russischen Au\u00dfenministeriums.<\/em><\/p>\n<p><em>Redaktionelle Anmerkung: Dieser Artikel wurde urspr\u00fcnglich am 17. Juli 2025 in der Rossijskaja Gaseta\u00a0<a rel=\"nofollow noopener\" target=\"_blank\" href=\"https:\/\/www.rg.ru\/2025\/07\/17\/neokoloniializm.html\">ver\u00f6ffentlicht<\/a>, jedoch auch im &#8220;Globalen S\u00fcden&#8221; beachtet, so beispielsweise in Venezuela. Die vorstehende \u00dcbersetzung aus dem <a rel=\"nofollow noopener\" target=\"_blank\" href=\"https:\/\/misionverdad.com\/opinion\/neocolonialismo-digital-el-trasfondo-politico-de-la-inteligencia-artificial\">Spanischen<\/a> besorgte Olga Esp\u00edn.<\/em><\/p>\n<p><strong>Mehr zum Thema<\/strong>\u00a0\u2012 <a rel=\"nofollow noopener\" target=\"_blank\" href=\"https:\/\/freedert.online\/international\/246743-kuenstliche-intelligenz-nein-700-lebende\/\">K\u00fcnstliche Intelligenz? Nein, 700 lebende Inder!<\/a><\/p>\n<p>\u00a0<\/p>\n<div class=\"EmbedBlock-root EmbedBlock-externalVideo EmbedBlock-rumble\">\n<div class=\"VkEmbed\"><iframe class=\"lazyload\" data-src=\"https:\/\/rumble.com\/embed\/v6uu8qy\" frameborder=\"0\" width=\"853\" height=\"480\" allowfullscreen><\/iframe><\/div>\n<\/div>\n<\/div>\n<p><br \/>\n<br \/><a href=\"https:\/\/de.rt.com\/meinung\/252698-digitaler-neokolonialismus-politische-hintergrund-kuenstlichen\/\">Source link <\/a><\/p>\n","protected":false},"excerpt":{"rendered":"<p>Das Internet vermittelt die Illusion digitaler Gleichheit, doch seine technischen Strukturen produzieren neue Ungleichheiten \u2013 durch Macht \u00fcber Hardware ebenso wie \u00fcber Daten. Von Maria Sacharowa Anfang Juni veranstaltete das russische Au\u00dfenministerium eine hochrangige Sitzung zum Thema Informations- und Kommunikationstechnologien mit besonderem Fokus auf k\u00fcnstliche Intelligenz (KI). Obwohl das offizielle Kommuniqu\u00e9 die Ergebnisse des Treffens [&hellip;]<\/p>\n","protected":false},"author":3,"featured_media":88563,"comment_status":"open","ping_status":"open","sticky":false,"template":"","format":"standard","meta":{"_yoast_indexnow_last_ping":["1754768125"],"wp_automatic_camp":["217"],"ce2905f71833c8f7a192dd67c17fe32a":["Digitaler Neokolonialismus: Der politische Hintergrund der k\u00fcnstlichen Intelligenz, Teil I"],"original_link":["https:\/\/de.rt.com\/meinung\/252698-digitaler-neokolonialismus-politische-hintergrund-kuenstlichen\/"],"_thumbnail_id":["88563"],"jnews_social_counter_last_update":["1777102313"],"_wptgpro_p2tg_sent2tg":["a:1:{i:23737;s:19:\"2025-08-09 21:37:18\";}"]},"categories":[19,23],"tags":[82,3497,27125,775,43774,46567,4434,3240],"yoast_head":"<!-- This site is optimized with the Yoast SEO Premium plugin v22.7 (Yoast SEO v22.7) - https:\/\/yoast.com\/wordpress\/plugins\/seo\/ -->\n<title>Digitaler Neokolonialismus: Der politische Hintergrund der k\u00fcnstlichen Intelligenz, Teil I - just-now.NEWS Deutschland<\/title>\n<meta name=\"robots\" content=\"index, follow, max-snippet:-1, max-image-preview:large, max-video-preview:-1\" \/>\n<link rel=\"canonical\" href=\"https:\/\/now-news.de\/de\/deutschland\/digitaler-neokolonialismus-der-politische-hintergrund-der-kuenstlichen-intelligenz-teil-i\/\" \/>\n<meta property=\"og:locale\" content=\"de_DE\" \/>\n<meta property=\"og:type\" content=\"article\" \/>\n<meta property=\"og:title\" content=\"Digitaler Neokolonialismus: Der politische Hintergrund der k\u00fcnstlichen Intelligenz, Teil I\" \/>\n<meta property=\"og:description\" content=\"Das Internet vermittelt die Illusion digitaler Gleichheit, doch seine technischen Strukturen produzieren neue Ungleichheiten \u2013 durch Macht \u00fcber Hardware ebenso wie \u00fcber Daten. Von Maria Sacharowa Anfang Juni veranstaltete das russische Au\u00dfenministerium eine hochrangige Sitzung zum Thema Informations- und Kommunikationstechnologien mit besonderem Fokus auf k\u00fcnstliche Intelligenz (KI). Obwohl das offizielle Kommuniqu\u00e9 die Ergebnisse des Treffens [&hellip;]\" \/>\n<meta property=\"og:url\" content=\"https:\/\/now-news.de\/de\/deutschland\/digitaler-neokolonialismus-der-politische-hintergrund-der-kuenstlichen-intelligenz-teil-i\/\" \/>\n<meta property=\"og:site_name\" content=\"just-now.NEWS Deutschland\" \/>\n<meta property=\"article:publisher\" content=\"https:\/\/www.facebook.com\/wirmachenauf\" \/>\n<meta property=\"article:published_time\" content=\"2025-08-09T19:15:01+00:00\" \/>\n<meta property=\"og:image\" content=\"https:\/\/now-news.de\/de\/wp-content\/uploads\/sites\/3\/2025\/08\/6894f75448fbef7cbf39ba4b.jpg\" \/>\n<meta name=\"author\" content=\"rtnews\" \/>\n<meta name=\"twitter:card\" content=\"summary_large_image\" \/>\n<meta name=\"twitter:creator\" content=\"@WirMachenAuf_de\" \/>\n<meta name=\"twitter:site\" content=\"@WirMachenAuf_de\" \/>\n<meta name=\"twitter:label1\" content=\"Verfasst von\" \/>\n\t<meta name=\"twitter:data1\" content=\"rtnews\" \/>\n\t<meta name=\"twitter:label2\" content=\"Gesch\u00e4tzte Lesezeit\" \/>\n\t<meta name=\"twitter:data2\" content=\"6\u00a0Minuten\" \/>\n<script type=\"application\/ld+json\" class=\"yoast-schema-graph\">{\"@context\":\"https:\/\/schema.org\",\"@graph\":[{\"@type\":\"Article\",\"@id\":\"https:\/\/now-news.de\/de\/deutschland\/digitaler-neokolonialismus-der-politische-hintergrund-der-kuenstlichen-intelligenz-teil-i\/#article\",\"isPartOf\":{\"@id\":\"https:\/\/now-news.de\/de\/deutschland\/digitaler-neokolonialismus-der-politische-hintergrund-der-kuenstlichen-intelligenz-teil-i\/\"},\"author\":{\"name\":\"rtnews\",\"@id\":\"https:\/\/now-news.de\/de\/#\/schema\/person\/fb534a4e865501d8b3285208df34a9b5\"},\"headline\":\"Digitaler Neokolonialismus: Der politische Hintergrund der k\u00fcnstlichen Intelligenz, Teil I\",\"datePublished\":\"2025-08-09T19:15:01+00:00\",\"dateModified\":\"2025-08-09T19:15:01+00:00\",\"mainEntityOfPage\":{\"@id\":\"https:\/\/now-news.de\/de\/deutschland\/digitaler-neokolonialismus-der-politische-hintergrund-der-kuenstlichen-intelligenz-teil-i\/\"},\"wordCount\":1290,\"commentCount\":0,\"publisher\":{\"@id\":\"https:\/\/now-news.de\/de\/#organization\"},\"image\":{\"@id\":\"https:\/\/now-news.de\/de\/deutschland\/digitaler-neokolonialismus-der-politische-hintergrund-der-kuenstlichen-intelligenz-teil-i\/#primaryimage\"},\"thumbnailUrl\":\"https:\/\/now-news.de\/de\/wp-content\/uploads\/sites\/3\/2025\/08\/Digitaler-Neokolonialismus-Der-politische-Hintergrund-der-kuenstlichen-Intelligenz-Teil-I.jpg\",\"keywords\":[\"der\",\"digitaler\",\"Hintergrund\",\"Intelligenz\",\"K\u00fcnstlichen\",\"Neokolonialismus\",\"politische\",\"Teil\"],\"articleSection\":[\"Deutschland\",\"Russland\"],\"inLanguage\":\"de\",\"potentialAction\":[{\"@type\":\"CommentAction\",\"name\":\"Comment\",\"target\":[\"https:\/\/now-news.de\/de\/deutschland\/digitaler-neokolonialismus-der-politische-hintergrund-der-kuenstlichen-intelligenz-teil-i\/#respond\"]}]},{\"@type\":\"WebPage\",\"@id\":\"https:\/\/now-news.de\/de\/deutschland\/digitaler-neokolonialismus-der-politische-hintergrund-der-kuenstlichen-intelligenz-teil-i\/\",\"url\":\"https:\/\/now-news.de\/de\/deutschland\/digitaler-neokolonialismus-der-politische-hintergrund-der-kuenstlichen-intelligenz-teil-i\/\",\"name\":\"Digitaler Neokolonialismus: Der politische Hintergrund der k\u00fcnstlichen Intelligenz, Teil I - just-now.NEWS Deutschland\",\"isPartOf\":{\"@id\":\"https:\/\/now-news.de\/de\/#website\"},\"primaryImageOfPage\":{\"@id\":\"https:\/\/now-news.de\/de\/deutschland\/digitaler-neokolonialismus-der-politische-hintergrund-der-kuenstlichen-intelligenz-teil-i\/#primaryimage\"},\"image\":{\"@id\":\"https:\/\/now-news.de\/de\/deutschland\/digitaler-neokolonialismus-der-politische-hintergrund-der-kuenstlichen-intelligenz-teil-i\/#primaryimage\"},\"thumbnailUrl\":\"https:\/\/now-news.de\/de\/wp-content\/uploads\/sites\/3\/2025\/08\/Digitaler-Neokolonialismus-Der-politische-Hintergrund-der-kuenstlichen-Intelligenz-Teil-I.jpg\",\"datePublished\":\"2025-08-09T19:15:01+00:00\",\"dateModified\":\"2025-08-09T19:15:01+00:00\",\"breadcrumb\":{\"@id\":\"https:\/\/now-news.de\/de\/deutschland\/digitaler-neokolonialismus-der-politische-hintergrund-der-kuenstlichen-intelligenz-teil-i\/#breadcrumb\"},\"inLanguage\":\"de\",\"potentialAction\":[{\"@type\":\"ReadAction\",\"target\":[\"https:\/\/now-news.de\/de\/deutschland\/digitaler-neokolonialismus-der-politische-hintergrund-der-kuenstlichen-intelligenz-teil-i\/\"]}]},{\"@type\":\"ImageObject\",\"inLanguage\":\"de\",\"@id\":\"https:\/\/now-news.de\/de\/deutschland\/digitaler-neokolonialismus-der-politische-hintergrund-der-kuenstlichen-intelligenz-teil-i\/#primaryimage\",\"url\":\"https:\/\/now-news.de\/de\/wp-content\/uploads\/sites\/3\/2025\/08\/Digitaler-Neokolonialismus-Der-politische-Hintergrund-der-kuenstlichen-Intelligenz-Teil-I.jpg\",\"contentUrl\":\"https:\/\/now-news.de\/de\/wp-content\/uploads\/sites\/3\/2025\/08\/Digitaler-Neokolonialismus-Der-politische-Hintergrund-der-kuenstlichen-Intelligenz-Teil-I.jpg\",\"width\":460,\"height\":259,\"caption\":\"Digitaler Neokolonialismus: Der politische Hintergrund der k\u00fcnstlichen Intelligenz, Teil I\"},{\"@type\":\"BreadcrumbList\",\"@id\":\"https:\/\/now-news.de\/de\/deutschland\/digitaler-neokolonialismus-der-politische-hintergrund-der-kuenstlichen-intelligenz-teil-i\/#breadcrumb\",\"itemListElement\":[{\"@type\":\"ListItem\",\"position\":1,\"name\":\"Home\",\"item\":\"https:\/\/now-news.de\/de\/\"},{\"@type\":\"ListItem\",\"position\":2,\"name\":\"Digitaler Neokolonialismus: Der politische Hintergrund der k\u00fcnstlichen Intelligenz, Teil I\"}]},{\"@type\":\"WebSite\",\"@id\":\"https:\/\/now-news.de\/de\/#website\",\"url\":\"https:\/\/now-news.de\/de\/\",\"name\":\"just-now.NEWS Deutschland\",\"description\":\"Das Portal f\u00fcr unzensierte Nachrichten aus der Welt\",\"publisher\":{\"@id\":\"https:\/\/now-news.de\/de\/#organization\"},\"potentialAction\":[{\"@type\":\"SearchAction\",\"target\":{\"@type\":\"EntryPoint\",\"urlTemplate\":\"https:\/\/now-news.de\/de\/?s={search_term_string}\"},\"query-input\":\"required name=search_term_string\"}],\"inLanguage\":\"de\"},{\"@type\":\"Organization\",\"@id\":\"https:\/\/now-news.de\/de\/#organization\",\"name\":\"Just Now News\",\"url\":\"https:\/\/now-news.de\/de\/\",\"logo\":{\"@type\":\"ImageObject\",\"inLanguage\":\"de\",\"@id\":\"https:\/\/now-news.de\/de\/#\/schema\/logo\/image\/\",\"url\":\"http:\/\/just-now.news\/de\/wp-content\/uploads\/sites\/3\/2022\/04\/logo500x500.jpg\",\"contentUrl\":\"http:\/\/just-now.news\/de\/wp-content\/uploads\/sites\/3\/2022\/04\/logo500x500.jpg\",\"width\":500,\"height\":500,\"caption\":\"Just Now News\"},\"image\":{\"@id\":\"https:\/\/now-news.de\/de\/#\/schema\/logo\/image\/\"},\"sameAs\":[\"https:\/\/www.facebook.com\/wirmachenauf\",\"https:\/\/x.com\/WirMachenAuf_de\"]},{\"@type\":\"Person\",\"@id\":\"https:\/\/now-news.de\/de\/#\/schema\/person\/fb534a4e865501d8b3285208df34a9b5\",\"name\":\"rtnews\",\"image\":{\"@type\":\"ImageObject\",\"inLanguage\":\"de\",\"@id\":\"https:\/\/now-news.de\/de\/#\/schema\/person\/image\/\",\"url\":\"https:\/\/secure.gravatar.com\/avatar\/82aafea7d8127119dd649515f56e2117?s=96&d=mm&r=g\",\"contentUrl\":\"https:\/\/secure.gravatar.com\/avatar\/82aafea7d8127119dd649515f56e2117?s=96&d=mm&r=g\",\"caption\":\"rtnews\"},\"url\":\"https:\/\/now-news.de\/de\/author\/rnews\/\"}]}<\/script>\n<!-- \/ Yoast SEO Premium plugin. -->","yoast_head_json":{"title":"Digitaler Neokolonialismus: Der politische Hintergrund der k\u00fcnstlichen Intelligenz, Teil I - just-now.NEWS Deutschland","robots":{"index":"index","follow":"follow","max-snippet":"max-snippet:-1","max-image-preview":"max-image-preview:large","max-video-preview":"max-video-preview:-1"},"canonical":"https:\/\/now-news.de\/de\/deutschland\/digitaler-neokolonialismus-der-politische-hintergrund-der-kuenstlichen-intelligenz-teil-i\/","og_locale":"de_DE","og_type":"article","og_title":"Digitaler Neokolonialismus: Der politische Hintergrund der k\u00fcnstlichen Intelligenz, Teil I","og_description":"Das Internet vermittelt die Illusion digitaler Gleichheit, doch seine technischen Strukturen produzieren neue Ungleichheiten \u2013 durch Macht \u00fcber Hardware ebenso wie \u00fcber Daten. Von Maria Sacharowa Anfang Juni veranstaltete das russische Au\u00dfenministerium eine hochrangige Sitzung zum Thema Informations- und Kommunikationstechnologien mit besonderem Fokus auf k\u00fcnstliche Intelligenz (KI). Obwohl das offizielle Kommuniqu\u00e9 die Ergebnisse des Treffens [&hellip;]","og_url":"https:\/\/now-news.de\/de\/deutschland\/digitaler-neokolonialismus-der-politische-hintergrund-der-kuenstlichen-intelligenz-teil-i\/","og_site_name":"just-now.NEWS Deutschland","article_publisher":"https:\/\/www.facebook.com\/wirmachenauf","article_published_time":"2025-08-09T19:15:01+00:00","og_image":[{"url":"https:\/\/now-news.de\/de\/wp-content\/uploads\/sites\/3\/2025\/08\/6894f75448fbef7cbf39ba4b.jpg"}],"author":"rtnews","twitter_card":"summary_large_image","twitter_creator":"@WirMachenAuf_de","twitter_site":"@WirMachenAuf_de","twitter_misc":{"Verfasst von":"rtnews","Gesch\u00e4tzte Lesezeit":"6\u00a0Minuten"},"schema":{"@context":"https:\/\/schema.org","@graph":[{"@type":"Article","@id":"https:\/\/now-news.de\/de\/deutschland\/digitaler-neokolonialismus-der-politische-hintergrund-der-kuenstlichen-intelligenz-teil-i\/#article","isPartOf":{"@id":"https:\/\/now-news.de\/de\/deutschland\/digitaler-neokolonialismus-der-politische-hintergrund-der-kuenstlichen-intelligenz-teil-i\/"},"author":{"name":"rtnews","@id":"https:\/\/now-news.de\/de\/#\/schema\/person\/fb534a4e865501d8b3285208df34a9b5"},"headline":"Digitaler Neokolonialismus: Der politische Hintergrund der k\u00fcnstlichen Intelligenz, Teil I","datePublished":"2025-08-09T19:15:01+00:00","dateModified":"2025-08-09T19:15:01+00:00","mainEntityOfPage":{"@id":"https:\/\/now-news.de\/de\/deutschland\/digitaler-neokolonialismus-der-politische-hintergrund-der-kuenstlichen-intelligenz-teil-i\/"},"wordCount":1290,"commentCount":0,"publisher":{"@id":"https:\/\/now-news.de\/de\/#organization"},"image":{"@id":"https:\/\/now-news.de\/de\/deutschland\/digitaler-neokolonialismus-der-politische-hintergrund-der-kuenstlichen-intelligenz-teil-i\/#primaryimage"},"thumbnailUrl":"https:\/\/now-news.de\/de\/wp-content\/uploads\/sites\/3\/2025\/08\/Digitaler-Neokolonialismus-Der-politische-Hintergrund-der-kuenstlichen-Intelligenz-Teil-I.jpg","keywords":["der","digitaler","Hintergrund","Intelligenz","K\u00fcnstlichen","Neokolonialismus","politische","Teil"],"articleSection":["Deutschland","Russland"],"inLanguage":"de","potentialAction":[{"@type":"CommentAction","name":"Comment","target":["https:\/\/now-news.de\/de\/deutschland\/digitaler-neokolonialismus-der-politische-hintergrund-der-kuenstlichen-intelligenz-teil-i\/#respond"]}]},{"@type":"WebPage","@id":"https:\/\/now-news.de\/de\/deutschland\/digitaler-neokolonialismus-der-politische-hintergrund-der-kuenstlichen-intelligenz-teil-i\/","url":"https:\/\/now-news.de\/de\/deutschland\/digitaler-neokolonialismus-der-politische-hintergrund-der-kuenstlichen-intelligenz-teil-i\/","name":"Digitaler Neokolonialismus: Der politische Hintergrund der k\u00fcnstlichen Intelligenz, Teil I - just-now.NEWS Deutschland","isPartOf":{"@id":"https:\/\/now-news.de\/de\/#website"},"primaryImageOfPage":{"@id":"https:\/\/now-news.de\/de\/deutschland\/digitaler-neokolonialismus-der-politische-hintergrund-der-kuenstlichen-intelligenz-teil-i\/#primaryimage"},"image":{"@id":"https:\/\/now-news.de\/de\/deutschland\/digitaler-neokolonialismus-der-politische-hintergrund-der-kuenstlichen-intelligenz-teil-i\/#primaryimage"},"thumbnailUrl":"https:\/\/now-news.de\/de\/wp-content\/uploads\/sites\/3\/2025\/08\/Digitaler-Neokolonialismus-Der-politische-Hintergrund-der-kuenstlichen-Intelligenz-Teil-I.jpg","datePublished":"2025-08-09T19:15:01+00:00","dateModified":"2025-08-09T19:15:01+00:00","breadcrumb":{"@id":"https:\/\/now-news.de\/de\/deutschland\/digitaler-neokolonialismus-der-politische-hintergrund-der-kuenstlichen-intelligenz-teil-i\/#breadcrumb"},"inLanguage":"de","potentialAction":[{"@type":"ReadAction","target":["https:\/\/now-news.de\/de\/deutschland\/digitaler-neokolonialismus-der-politische-hintergrund-der-kuenstlichen-intelligenz-teil-i\/"]}]},{"@type":"ImageObject","inLanguage":"de","@id":"https:\/\/now-news.de\/de\/deutschland\/digitaler-neokolonialismus-der-politische-hintergrund-der-kuenstlichen-intelligenz-teil-i\/#primaryimage","url":"https:\/\/now-news.de\/de\/wp-content\/uploads\/sites\/3\/2025\/08\/Digitaler-Neokolonialismus-Der-politische-Hintergrund-der-kuenstlichen-Intelligenz-Teil-I.jpg","contentUrl":"https:\/\/now-news.de\/de\/wp-content\/uploads\/sites\/3\/2025\/08\/Digitaler-Neokolonialismus-Der-politische-Hintergrund-der-kuenstlichen-Intelligenz-Teil-I.jpg","width":460,"height":259,"caption":"Digitaler Neokolonialismus: Der politische Hintergrund der k\u00fcnstlichen Intelligenz, Teil I"},{"@type":"BreadcrumbList","@id":"https:\/\/now-news.de\/de\/deutschland\/digitaler-neokolonialismus-der-politische-hintergrund-der-kuenstlichen-intelligenz-teil-i\/#breadcrumb","itemListElement":[{"@type":"ListItem","position":1,"name":"Home","item":"https:\/\/now-news.de\/de\/"},{"@type":"ListItem","position":2,"name":"Digitaler Neokolonialismus: Der politische Hintergrund der k\u00fcnstlichen Intelligenz, Teil I"}]},{"@type":"WebSite","@id":"https:\/\/now-news.de\/de\/#website","url":"https:\/\/now-news.de\/de\/","name":"just-now.NEWS Deutschland","description":"Das Portal f\u00fcr unzensierte Nachrichten aus der Welt","publisher":{"@id":"https:\/\/now-news.de\/de\/#organization"},"potentialAction":[{"@type":"SearchAction","target":{"@type":"EntryPoint","urlTemplate":"https:\/\/now-news.de\/de\/?s={search_term_string}"},"query-input":"required name=search_term_string"}],"inLanguage":"de"},{"@type":"Organization","@id":"https:\/\/now-news.de\/de\/#organization","name":"Just Now News","url":"https:\/\/now-news.de\/de\/","logo":{"@type":"ImageObject","inLanguage":"de","@id":"https:\/\/now-news.de\/de\/#\/schema\/logo\/image\/","url":"http:\/\/just-now.news\/de\/wp-content\/uploads\/sites\/3\/2022\/04\/logo500x500.jpg","contentUrl":"http:\/\/just-now.news\/de\/wp-content\/uploads\/sites\/3\/2022\/04\/logo500x500.jpg","width":500,"height":500,"caption":"Just Now News"},"image":{"@id":"https:\/\/now-news.de\/de\/#\/schema\/logo\/image\/"},"sameAs":["https:\/\/www.facebook.com\/wirmachenauf","https:\/\/x.com\/WirMachenAuf_de"]},{"@type":"Person","@id":"https:\/\/now-news.de\/de\/#\/schema\/person\/fb534a4e865501d8b3285208df34a9b5","name":"rtnews","image":{"@type":"ImageObject","inLanguage":"de","@id":"https:\/\/now-news.de\/de\/#\/schema\/person\/image\/","url":"https:\/\/secure.gravatar.com\/avatar\/82aafea7d8127119dd649515f56e2117?s=96&d=mm&r=g","contentUrl":"https:\/\/secure.gravatar.com\/avatar\/82aafea7d8127119dd649515f56e2117?s=96&d=mm&r=g","caption":"rtnews"},"url":"https:\/\/now-news.de\/de\/author\/rnews\/"}]}},"_links":{"self":[{"href":"https:\/\/now-news.de\/de\/wp-json\/wp\/v2\/posts\/88562"}],"collection":[{"href":"https:\/\/now-news.de\/de\/wp-json\/wp\/v2\/posts"}],"about":[{"href":"https:\/\/now-news.de\/de\/wp-json\/wp\/v2\/types\/post"}],"author":[{"embeddable":true,"href":"https:\/\/now-news.de\/de\/wp-json\/wp\/v2\/users\/3"}],"replies":[{"embeddable":true,"href":"https:\/\/now-news.de\/de\/wp-json\/wp\/v2\/comments?post=88562"}],"version-history":[{"count":0,"href":"https:\/\/now-news.de\/de\/wp-json\/wp\/v2\/posts\/88562\/revisions"}],"wp:featuredmedia":[{"embeddable":true,"href":"https:\/\/now-news.de\/de\/wp-json\/wp\/v2\/media\/88563"}],"wp:attachment":[{"href":"https:\/\/now-news.de\/de\/wp-json\/wp\/v2\/media?parent=88562"}],"wp:term":[{"taxonomy":"category","embeddable":true,"href":"https:\/\/now-news.de\/de\/wp-json\/wp\/v2\/categories?post=88562"},{"taxonomy":"post_tag","embeddable":true,"href":"https:\/\/now-news.de\/de\/wp-json\/wp\/v2\/tags?post=88562"}],"curies":[{"name":"wp","href":"https:\/\/api.w.org\/{rel}","templated":true}]}}