{"id":88540,"date":"2025-08-09T16:03:07","date_gmt":"2025-08-09T14:03:07","guid":{"rendered":"https:\/\/now-news.de\/de\/deutschland\/eu-medienfreiheitsgesetz-erklaert-kritischen-journalismus-zum-willkuerlichen-feind\/"},"modified":"2025-08-09T16:03:07","modified_gmt":"2025-08-09T14:03:07","slug":"eu-medienfreiheitsgesetz-erklaert-kritischen-journalismus-zum-willkuerlichen-feind","status":"publish","type":"post","link":"https:\/\/now-news.de\/de\/deutschland\/eu-medienfreiheitsgesetz-erklaert-kritischen-journalismus-zum-willkuerlichen-feind\/","title":{"rendered":"EU-Medienfreiheitsgesetz erkl\u00e4rt kritischen Journalismus zum willk\u00fcrlichen Feind"},"content":{"rendered":"<p><img decoding=\"async\" src=\"https:\/\/now-news.de\/de\/wp-content\/uploads\/sites\/3\/2025\/08\/6897163b48fbef3914743c13.jpg\" \/><\/p>\n<div class=\"Text-root Text-type_1 \">\n                Das EU-Mediengesetz soll in der Theorie Journalisten vermeintlichen Schutz bieten, versteckt im Kleingedruckten jedoch klar definierte Einschr\u00e4nkungen, Verbote und disziplinarische Ma\u00dfnahmen gegen unliebsame Berichterstattung.\n            <\/div>\n<p><\/p>\n<div class=\"Text-root Text-type_5 ArticleView-text ViewText-root \">\n<p><em>Von Bernhard Loyen<\/em><\/p>\n<p>Der &#8220;European Media Freedom Act (EMFA)&#8221; ist ein in Br\u00fcssel ausgekl\u00fcgeltes EU-Gesetz, das am Freitag nach dreij\u00e4hriger Beratungszeit in Kraft trat. Sinn und Zweck sind klar definierte Vorgaben, die Medienlandschaft in der Europ\u00e4ischen Union (EU) &#8220;zu regulieren&#8221;. Die Gesetzgebung soll demnach &#8220;dem Schutz von Medienfreiheit und Pluralismus dienen&#8221;.\u00a0Kritiker <a rel=\"nofollow noopener\" target=\"_blank\" href=\"https:\/\/www.telepolis.de\/features\/EU-und-Medien-Von-der-Leyens-Vision-eine-Bedrohung-fuer-die-Meinungsfreiheit-9696702.html\">erkannten<\/a> schon im Vorjahr in den Pl\u00e4nen die Gefahr einer neuen Aufsichtsbeh\u00f6rde, der nun durch das geltende Gesetz T\u00fcr und Tor ge\u00f6ffnet wurden, &#8220;dass sich die EU damit neue zentrale Kontrollm\u00f6glichkeiten gibt, die mit der Meinungsfreiheit kollidieren&#8221;.<\/p>\n<p>Das wegweisende 37-seitige <a rel=\"nofollow noopener\" target=\"_blank\" href=\"https:\/\/eur-lex.europa.eu\/legal-content\/DE\/TXT\/PDF\/?uri=OJ:L_202401083\">EU-Medienfreiheitsgesetz<\/a> (EMFA) ist am Freitag in Kraft getreten, wurde zuvor \u00fcber entsprechende Gremien\u00a0der Europ\u00e4ischen Kommission ausgearbeitet und im Vorjahr vom Europ\u00e4ischen Parlament in einer Plenarabstimmung mit eindeutiger Mehrheit verabschiedet. Es ist damit f\u00fcr alle 27 Mitgliedsstaaten verbindlich g\u00fcltig. Der EU-Kommissar f\u00fcr Demokratie, Justiz und Rechtsstaatlichkeit, Michael McGrath, erkl\u00e4rte zum EMFA-Start im Br\u00fcsseler Grundton der Deutungshoheit:<\/p>\n<p><em>&#8220;Mit dem Inkrafttreten des Europ\u00e4ischen Medienfreiheitsgesetzes erhalten Medien und Journalisten in der gesamten EU beispiellose Schutzma\u00dfnahmen, und die B\u00fcrger k\u00f6nnen darauf vertrauen, dass die Nachrichten, die sie erhalten, auf Fakten beruhen und nicht von wirtschaftlichen oder politischen Interessen beeinflusst sind.&#8221;\u00a0<\/em><\/p>\n<p>Das Social-Media-Team der EU behauptete dazu auf X:<\/p>\n<p><em>&#8220;Unabh\u00e4ngige, freie Medien sind das Herzst\u00fcck der Demokratie.&#8221;<\/em><\/p>\n<div class=\"EmbedBlock-root EmbedBlock-twitter\">\n<div class=\"TwitterEmbed\">\n<blockquote class=\"twitter-tweet lazyload\" data-twitter=\"twitter-tweet\">\n<p lang=\"en\" dir=\"ltr\">Independent, free media stands at the core of democracy.Today, the European Media Freedom Act starts applying, designed to strengthen media freedom, independence, and pluralism within the EU \u2b07\ufe0f <a rel=\"nofollow noopener\" target=\"_blank\" href=\"https:\/\/t.co\/SXxuS7Sgj6\">pic.twitter.com\/SXxuS7Sgj6<\/a><\/p>\n<p>\u2014 European Commission (@EU_Commission) <a rel=\"nofollow noopener\" target=\"_blank\" href=\"https:\/\/twitter.com\/EU_Commission\/status\/1953768187058692557?ref_src=twsrc%5Etfw\">August 8, 2025<\/a><\/p><\/blockquote>\n<\/div>\n<\/div>\n<p>EU-Kommissionspr\u00e4sidentin Ursula von der Leyen erkl\u00e4rte\u00a0dazu\u00a0auf X\u00a0<a rel=\"nofollow noopener\" target=\"_blank\" href=\"https:\/\/x.com\/vonderleyen\/status\/1953801436547952690\">erg\u00e4nzend<\/a>\u00a0ihre Wahrnehmung:<\/p>\n<p><em>&#8220;Damit Journalisten ihre wichtige Arbeit in Sicherheit, ohne Einmischung oder Einsch\u00fcchterung fortsetzen k\u00f6nnen.&#8221;<\/em><\/p>\n<p>Zum Thema des vermeintlichen Schutzes vor &#8220;Einmischung oder Einsch\u00fcchterung&#8221; finden sich jedoch in den Tiefen des Gesetzestextes verr\u00e4terische Zwischenzeilen\u00a0\u2012 so auf Seite 23, Artikel 4: &#8220;Rechte der Mediendiensteanbieter&#8221;. So hei\u00dft es zum einen, dass die Mitgliedsstaaten &#8220;sicherstellen, dass journalistische Quellen und vertrauliche Kommunikation wirksam gesch\u00fctzt\u00a0werden&#8221;. Dazu weiter:<\/p>\n<p><em>&#8220;Die Mitgliedstaaten ergreifen keine der folgenden Ma\u00dfnahmen [&#8230;] Inhaftierung, Sanktionierung, Abfangen oder Untersuchung von Mediendiensteanbietern oder deren redaktionellen\u00a0<\/em><em>Personals oder \u00dcberwachung, Durchsuchung oder Beschlagnahme von diesen oder von deren Gesch\u00e4fts- oder\u00a0<\/em><em>Privatr\u00e4umen, um Informationen zu erhalten, die mit journalistischen Quellen oder vertraulicher Kommunikation im\u00a0<\/em><em>Zusammenhang stehen oder diese identifizieren k\u00f6nnen, oder Inhaftierung, Sanktionierung, Abh\u00f6ren oder\u00a0<\/em><em>Untersuchung von jeglichen Personen, die aufgrund ihrer regelm\u00e4\u00dfigen oder beruflichen Beziehung zu einem\u00a0<\/em><em>Mediendiensteanbieter oder dessen redaktionellem Personal \u00fcber solche Informationen verf\u00fcgen k\u00f6nnten [&#8230;]&#8221;<\/em><\/p>\n<p>Die so weit bekannten Realit\u00e4ten in Deutschland seit 2020 bis in die Gegenwart sprechen f\u00fcr sich. Demgegen\u00fcber lautet die nun erweiterte Gefahr f\u00fcr kritische Journalisten \u00fcber die eingebaute EU-Hintert\u00fcr im Gesetz, dass &#8220;Regierungen in Ausnahmef\u00e4llen \u2012 nun offiziell \u2012 eingreifen d\u00fcrfen&#8221;. Die bewusste R\u00fccksicherung m\u00f6glicher Eingriffe in die Arbeit missliebiger Unternehmen und Journalisten lautet: &#8220;Es ist im Einzelfall durch einen \u00fcberwiegenden Grund des Allgemeininteresses gerechtfertigt und ist verh\u00e4ltnism\u00e4\u00dfig&#8221;, dass &#8220;zum Zweck von Ermittlungen&#8221; unter anderem &#8220;die Mitgliedstaaten intrusive \u00dcberwachungssoftware einsetzen k\u00f6nnen&#8221;.\u00a0<\/p>\n<p>Voraussetzung sei, dass es sich um eine Straftat handelt, wegen der ermittelt wird und die in einem Mitgliedsstaat &#8220;mit einem H\u00f6chstma\u00df von mindestens drei Jahren geahndet&#8221; wird. Hierzu <a rel=\"nofollow noopener\" target=\"_blank\" href=\"https:\/\/www.berliner-zeitung.de\/news\/eu-medienfreiheitsgesetz-in-kraft-li.2347814\">kommentiert<\/a> die <em>Berliner Zeitung<\/em>:<\/p>\n<p><em>&#8220;62 Medien- und Nichtregierungsorganisationen hatten bereits 2023 in einem offenen Brief an den EU-Rat vor dieser Formulierung gewarnt [&#8230;] Die Sorge: In Staaten, die bereits mit politischer Einflussnahme auf Medien auffallen, k\u00f6nnte der Schutz durch den EMFA faktisch ausgeh\u00f6hlt werden.&#8221;<\/em><\/p>\n<p>Ein <em>FAZ<\/em>-Artikel schrieb dazu im Juni 2023 (Bezahlschranke):<\/p>\n<p><em>&#8220;Mehr als 400 Verlage, Zeitungen, Zeitschriften und Verb\u00e4nde aus der EU, darunter der Bundesverband Digitalpublisher und Zeitungsverleger (BDZV) und der Medienverband der freien Presse (MVFP) \u00e4u\u00dfern in einem offenen Brief an die EU-Gesetzgeber ihre Bedenken gegen\u00fcber dem Europ\u00e4ischen Medienfreiheitsgesetz (EMFA).&#8221;<\/em><\/p>\n<p>Die Kritik lautete dabei bereits vor zwei Jahren:<\/p>\n<p><em>&#8220;Medienfreiheit und Pluralismus werden nicht dadurch erreicht, dass die Medienregulierung europaweit harmonisiert und in funktionierende und seit langem etablierte rechtliche Rahmenbedingungen in den Mitgliedstaaten eingegriffen wird.&#8221;<\/em><\/p>\n<p>Demgegen\u00fcber hei\u00dft es im EMFA-Text gleich einleitend auf Seite 2:<\/p>\n<p><em>&#8220;Der Binnenmarkt f\u00fcr Mediendienste ist jedoch nicht ausreichend integriert, und er ist von einem gewissen Ausma\u00df an Marktversagen gepr\u00e4gt, das durch die Digitalisierung noch gesteigert wird. Es fungieren globale Online-Plattformen als Zugangstor zu Medieninhalten mit Gesch\u00e4ftsmodellen, die dazu neigen [&#8230;] polarisierende Inhalte und Desinformation zu verst\u00e4rken.&#8221;<\/em><\/p>\n<p>Eine weitere willk\u00fcrlich deklarierte Gefahr lautet:<\/p>\n<p><em>&#8220;Das gute Funktionieren des Binnenmarkts wird f\u00fcr Mediendienste durch Anbieter herausgefordert, die systematisch Desinformation, oder Informationsmanipulation und Einmischung im Informationsraum, betreiben und die Freiheiten des Binnenmarkts f\u00fcr<br \/>missbr\u00e4uchliche Zwecke nutzen.&#8221;<\/em><\/p>\n<p>Vollkommen ironiefrei findet sich auf Seite 8 die EU-Wahrnehmung:<\/p>\n<p><em>&#8220;Wenn \u00f6ffentlich-rechtliche Mediendiensteanbieter, die\u00a0<\/em><em>gew\u00f6hnlich als vertrauensw\u00fcrdige Informationsquellen erachtet werden, voreingenommene Berichterstattung \u00fcber die politische oder wirtschaftliche Lage oder in Bezug auf bestimmte Wirtschaftsakteure liefern, weil sie vereinnahmt worden sind, k\u00f6nnte das auch die F\u00e4higkeit von Unternehmen beeintr\u00e4chtigen [&#8230;]&#8221;<\/em><\/p>\n<p>Auf Seite 25 lautet die abgesegnete EU-Forderung:<\/p>\n<p><em>&#8220;Die Mitgliedstaaten beauftragen nationale Regulierungsbeh\u00f6rden oder -stellen oder andere zust\u00e4ndige Beh\u00f6rden oder Stellen mit der Entwicklung von nationalen Datenbanken zum Medieneigentum, in denen die Informationen nach Absatz 1 [Art. 6 Absatz 1, a): ihre(n) eingetragenen Namen und ihre Kontaktdaten] enthalten sind.&#8221;<\/em><\/p>\n<p>Das nun geltende Gesetz kann damit die bereits zuvor eingerichtete &#8220;Europ\u00e4ische Beobachtungsstelle f\u00fcr digitale Medien (EDMO)&#8221; explizit argumentativ erg\u00e4nzen. Zu dieser Institution <a rel=\"nofollow noopener\" target=\"_blank\" href=\"https:\/\/commission.europa.eu\/topics\/countering-information-manipulation\/cooperating-fact-checkers-civil-society-media-and-academia_de\">hei\u00dft es<\/a> auf der Webseite der EU-Kommission unter dem Titel &#8220;Zusammenarbeit mit Faktenchecker*innen, Zivilgesellschaft, Medien und Wissenschaft&#8221;:<\/p>\n<p><em>&#8220;Die\u00a0<a rel=\"nofollow noopener\" target=\"_blank\" href=\"https:\/\/digital-strategy.ec.europa.eu\/de\/policies\/european-digital-media-observatory\">EDMO<\/a>\u00a0ist ein Projekt zur Unterst\u00fctzung einer unabh\u00e4ngigen, multidisziplin\u00e4ren Gemeinschaft aus Faktenchecker*innen, Akademiker*innen, Fachleuten f\u00fcr Medienkompetenz und anderen relevanten Akteuren, die gemeinsam gegen Informationsmanipulation und Einflussnahme aus dem Ausland vorgehen. Das Netzwerk deckt die gesamte EU ab.&#8221;\u00a0<\/em><\/p>\n<p>F\u00fcr Deutschland dabei gef\u00f6rderte Institutionen\u00a0sind die <em>Deutsche Presse-Agentur (dpa)<\/em>, die <em>ARD<\/em>-Faktenfinder, der <em>BR24<\/em>-Faktenfuchs, die <em>Deutsche Welle<\/em>, das Medienportal <em>Correctiv<\/em> oder der private Blog <em>Volksverpetzer<\/em>.<\/p>\n<p><a rel=\"nofollow noopener\" target=\"_blank\" href=\"https:\/\/www.liberties.eu\/de\/stories\/europaeisches-medienfreiheitsgesetz-was-ist-das\/44458\">Unterst\u00fctzer<\/a> des weitreichenden Gesetzes sehen die Gefahr, dass\u00a0ein Erfolg davon abh\u00e4ngen wird, &#8220;ob und wie gut die neuen Regeln auch durchgesetzt werden&#8221;. Bezogen auf die Realit\u00e4t und Erfahrungswerte mit &#8220;deutschsprachigen Faktencheckern&#8221; ist zuk\u00fcnftig zumindest auf regierungszuarbeitender Ebene mit voller (Aus-)Nutzung aller Paragraphen des\u00a0EU-Medienfreiheitsgesetzes zu rechnen.<\/p>\n<p>In Deutschland k\u00f6nnen sich zudem ab sofort die 14 existierenden Landesmedienanstalten willk\u00fcrlich regulierend (<em>RT DE<\/em>\u00a0berichtete <a rel=\"nofollow noopener\" target=\"_blank\" href=\"https:\/\/freedert.online\/inland\/217413-zensurdebatte-wollen-wir-dass-behoerde\/\">hier<\/a> und <a rel=\"nofollow noopener\" target=\"_blank\" href=\"https:\/\/freedert.online\/inland\/218766-multipolar-setzt-sich-gegen-zensurversuche-der-landesmedienanstalt-nrw-zur-wehr\/\">hier<\/a>) auf das geltende EU-Gesetz berufen.<\/p>\n<p>Eine neue EU-Einrichtung namens &#8220;Europ\u00e4ischer Ausschuss f\u00fcr Mediendienste&#8221; wird die Umsetzung der Gesetze genau \u00fcberwachen.<\/p>\n<p><strong>Mehr zum Thema \u2012<\/strong>\u00a0<a rel=\"nofollow noopener\" target=\"_blank\" href=\"https:\/\/freedert.online\/inland\/236238-staatsfinanzierte-zensur-landesmedienanstalt-niedersachsen-droht\/\">&#8220;Staatsfinanzierte Zensur&#8221;: Landesmedienanstalt Niedersachsen droht Alexander Wallasch mit Sperrung <\/a><\/p>\n<div class=\"EmbedBlock-root EmbedBlock-externalVideo EmbedBlock-rumble\">\n<div class=\"VkEmbed\"><iframe class=\"lazyload\" data-src=\"https:\/\/rumble.com\/embed\/v6tixjj\" frameborder=\"0\" width=\"853\" height=\"480\" allowfullscreen><\/iframe><\/div>\n<\/div>\n<\/div>\n<p><script async src=\"https:\/\/platform.twitter.com\/widgets.js\" charset=\"utf-8\"><\/script><br \/>\n<br \/><br \/>\n<br \/><a href=\"https:\/\/de.rt.com\/europa\/252823-eu-medienfreiheitsgesetz-erklaerte-kritische-journalisten\/\">Source link <\/a><\/p>\n","protected":false},"excerpt":{"rendered":"<p>Das EU-Mediengesetz soll in der Theorie Journalisten vermeintlichen Schutz bieten, versteckt im Kleingedruckten jedoch klar definierte Einschr\u00e4nkungen, Verbote und disziplinarische Ma\u00dfnahmen gegen unliebsame Berichterstattung. Von Bernhard Loyen Der &#8220;European Media Freedom Act (EMFA)&#8221; ist ein in Br\u00fcssel ausgekl\u00fcgeltes EU-Gesetz, das am Freitag nach dreij\u00e4hriger Beratungszeit in Kraft trat. Sinn und Zweck sind klar definierte Vorgaben, [&hellip;]<\/p>\n","protected":false},"author":3,"featured_media":88541,"comment_status":"open","ping_status":"open","sticky":false,"template":"","format":"standard","meta":{"_yoast_indexnow_last_ping":["1754748896"],"wp_automatic_camp":["217"],"207e35efeab2d06efd6aefc483140411":["EU-Medienfreiheitsgesetz erkl\u00e4rt kritischen Journalismus zum willk\u00fcrlichen Feind"],"original_link":["https:\/\/de.rt.com\/europa\/252823-eu-medienfreiheitsgesetz-erklaerte-kritische-journalisten\/"],"_thumbnail_id":["88541"],"jnews_social_counter_last_update":["1777397543"],"_wptgpro_p2tg_sent2tg":["a:1:{i:23737;s:19:\"2025-08-09 16:16:09\";}"]},"categories":[19,23],"tags":[1030,36677,21500,701,25184,66952,565],"yoast_head":"<!-- This site is optimized with the Yoast SEO Premium plugin v22.7 (Yoast SEO v22.7) - https:\/\/yoast.com\/wordpress\/plugins\/seo\/ -->\n<title>EU-Medienfreiheitsgesetz erkl\u00e4rt kritischen Journalismus zum willk\u00fcrlichen Feind - just-now.NEWS Deutschland<\/title>\n<meta name=\"robots\" content=\"index, follow, max-snippet:-1, max-image-preview:large, max-video-preview:-1\" \/>\n<link rel=\"canonical\" href=\"https:\/\/now-news.de\/de\/deutschland\/eu-medienfreiheitsgesetz-erklaert-kritischen-journalismus-zum-willkuerlichen-feind\/\" \/>\n<meta property=\"og:locale\" content=\"de_DE\" \/>\n<meta property=\"og:type\" content=\"article\" \/>\n<meta property=\"og:title\" content=\"EU-Medienfreiheitsgesetz erkl\u00e4rt kritischen Journalismus zum willk\u00fcrlichen Feind\" \/>\n<meta property=\"og:description\" content=\"Das EU-Mediengesetz soll in der Theorie Journalisten vermeintlichen Schutz bieten, versteckt im Kleingedruckten jedoch klar definierte Einschr\u00e4nkungen, Verbote und disziplinarische Ma\u00dfnahmen gegen unliebsame Berichterstattung. Von Bernhard Loyen Der &#8220;European Media Freedom Act (EMFA)&#8221; ist ein in Br\u00fcssel ausgekl\u00fcgeltes EU-Gesetz, das am Freitag nach dreij\u00e4hriger Beratungszeit in Kraft trat. Sinn und Zweck sind klar definierte Vorgaben, [&hellip;]\" \/>\n<meta property=\"og:url\" content=\"https:\/\/now-news.de\/de\/deutschland\/eu-medienfreiheitsgesetz-erklaert-kritischen-journalismus-zum-willkuerlichen-feind\/\" \/>\n<meta property=\"og:site_name\" content=\"just-now.NEWS Deutschland\" \/>\n<meta property=\"article:publisher\" content=\"https:\/\/www.facebook.com\/wirmachenauf\" \/>\n<meta property=\"article:published_time\" content=\"2025-08-09T14:03:07+00:00\" \/>\n<meta property=\"og:image\" content=\"https:\/\/now-news.de\/de\/wp-content\/uploads\/sites\/3\/2025\/08\/6897163b48fbef3914743c13.jpg\" \/>\n<meta name=\"author\" content=\"rtnews\" \/>\n<meta name=\"twitter:card\" content=\"summary_large_image\" \/>\n<meta name=\"twitter:creator\" content=\"@WirMachenAuf_de\" \/>\n<meta name=\"twitter:site\" content=\"@WirMachenAuf_de\" \/>\n<meta name=\"twitter:label1\" content=\"Verfasst von\" \/>\n\t<meta name=\"twitter:data1\" content=\"rtnews\" \/>\n\t<meta name=\"twitter:label2\" content=\"Gesch\u00e4tzte Lesezeit\" \/>\n\t<meta name=\"twitter:data2\" content=\"6\u00a0Minuten\" \/>\n<script type=\"application\/ld+json\" class=\"yoast-schema-graph\">{\"@context\":\"https:\/\/schema.org\",\"@graph\":[{\"@type\":\"Article\",\"@id\":\"https:\/\/now-news.de\/de\/deutschland\/eu-medienfreiheitsgesetz-erklaert-kritischen-journalismus-zum-willkuerlichen-feind\/#article\",\"isPartOf\":{\"@id\":\"https:\/\/now-news.de\/de\/deutschland\/eu-medienfreiheitsgesetz-erklaert-kritischen-journalismus-zum-willkuerlichen-feind\/\"},\"author\":{\"name\":\"rtnews\",\"@id\":\"https:\/\/now-news.de\/de\/#\/schema\/person\/fb534a4e865501d8b3285208df34a9b5\"},\"headline\":\"EU-Medienfreiheitsgesetz erkl\u00e4rt kritischen Journalismus zum willk\u00fcrlichen Feind\",\"datePublished\":\"2025-08-09T14:03:07+00:00\",\"dateModified\":\"2025-08-09T14:03:07+00:00\",\"mainEntityOfPage\":{\"@id\":\"https:\/\/now-news.de\/de\/deutschland\/eu-medienfreiheitsgesetz-erklaert-kritischen-journalismus-zum-willkuerlichen-feind\/\"},\"wordCount\":1132,\"commentCount\":0,\"publisher\":{\"@id\":\"https:\/\/now-news.de\/de\/#organization\"},\"image\":{\"@id\":\"https:\/\/now-news.de\/de\/deutschland\/eu-medienfreiheitsgesetz-erklaert-kritischen-journalismus-zum-willkuerlichen-feind\/#primaryimage\"},\"thumbnailUrl\":\"https:\/\/now-news.de\/de\/wp-content\/uploads\/sites\/3\/2025\/08\/EU-Medienfreiheitsgesetz-erklaert-kritischen-Journalismus-zum-willkuerlichen-Feind.jpg\",\"keywords\":[\"erkl\u00e4rt\",\"EUMedienfreiheitsgesetz\",\"Feind\",\"journalismus\",\"kritischen\",\"willk\u00fcrlichen\",\"zum\"],\"articleSection\":[\"Deutschland\",\"Russland\"],\"inLanguage\":\"de\",\"potentialAction\":[{\"@type\":\"CommentAction\",\"name\":\"Comment\",\"target\":[\"https:\/\/now-news.de\/de\/deutschland\/eu-medienfreiheitsgesetz-erklaert-kritischen-journalismus-zum-willkuerlichen-feind\/#respond\"]}]},{\"@type\":\"WebPage\",\"@id\":\"https:\/\/now-news.de\/de\/deutschland\/eu-medienfreiheitsgesetz-erklaert-kritischen-journalismus-zum-willkuerlichen-feind\/\",\"url\":\"https:\/\/now-news.de\/de\/deutschland\/eu-medienfreiheitsgesetz-erklaert-kritischen-journalismus-zum-willkuerlichen-feind\/\",\"name\":\"EU-Medienfreiheitsgesetz erkl\u00e4rt kritischen Journalismus zum willk\u00fcrlichen Feind - just-now.NEWS Deutschland\",\"isPartOf\":{\"@id\":\"https:\/\/now-news.de\/de\/#website\"},\"primaryImageOfPage\":{\"@id\":\"https:\/\/now-news.de\/de\/deutschland\/eu-medienfreiheitsgesetz-erklaert-kritischen-journalismus-zum-willkuerlichen-feind\/#primaryimage\"},\"image\":{\"@id\":\"https:\/\/now-news.de\/de\/deutschland\/eu-medienfreiheitsgesetz-erklaert-kritischen-journalismus-zum-willkuerlichen-feind\/#primaryimage\"},\"thumbnailUrl\":\"https:\/\/now-news.de\/de\/wp-content\/uploads\/sites\/3\/2025\/08\/EU-Medienfreiheitsgesetz-erklaert-kritischen-Journalismus-zum-willkuerlichen-Feind.jpg\",\"datePublished\":\"2025-08-09T14:03:07+00:00\",\"dateModified\":\"2025-08-09T14:03:07+00:00\",\"breadcrumb\":{\"@id\":\"https:\/\/now-news.de\/de\/deutschland\/eu-medienfreiheitsgesetz-erklaert-kritischen-journalismus-zum-willkuerlichen-feind\/#breadcrumb\"},\"inLanguage\":\"de\",\"potentialAction\":[{\"@type\":\"ReadAction\",\"target\":[\"https:\/\/now-news.de\/de\/deutschland\/eu-medienfreiheitsgesetz-erklaert-kritischen-journalismus-zum-willkuerlichen-feind\/\"]}]},{\"@type\":\"ImageObject\",\"inLanguage\":\"de\",\"@id\":\"https:\/\/now-news.de\/de\/deutschland\/eu-medienfreiheitsgesetz-erklaert-kritischen-journalismus-zum-willkuerlichen-feind\/#primaryimage\",\"url\":\"https:\/\/now-news.de\/de\/wp-content\/uploads\/sites\/3\/2025\/08\/EU-Medienfreiheitsgesetz-erklaert-kritischen-Journalismus-zum-willkuerlichen-Feind.jpg\",\"contentUrl\":\"https:\/\/now-news.de\/de\/wp-content\/uploads\/sites\/3\/2025\/08\/EU-Medienfreiheitsgesetz-erklaert-kritischen-Journalismus-zum-willkuerlichen-Feind.jpg\",\"width\":460,\"height\":259,\"caption\":\"EU-Medienfreiheitsgesetz erkl\u00e4rt kritischen Journalismus zum willk\u00fcrlichen Feind\"},{\"@type\":\"BreadcrumbList\",\"@id\":\"https:\/\/now-news.de\/de\/deutschland\/eu-medienfreiheitsgesetz-erklaert-kritischen-journalismus-zum-willkuerlichen-feind\/#breadcrumb\",\"itemListElement\":[{\"@type\":\"ListItem\",\"position\":1,\"name\":\"Home\",\"item\":\"https:\/\/now-news.de\/de\/\"},{\"@type\":\"ListItem\",\"position\":2,\"name\":\"EU-Medienfreiheitsgesetz erkl\u00e4rt kritischen Journalismus zum willk\u00fcrlichen Feind\"}]},{\"@type\":\"WebSite\",\"@id\":\"https:\/\/now-news.de\/de\/#website\",\"url\":\"https:\/\/now-news.de\/de\/\",\"name\":\"just-now.NEWS Deutschland\",\"description\":\"Das Portal f\u00fcr unzensierte Nachrichten aus der Welt\",\"publisher\":{\"@id\":\"https:\/\/now-news.de\/de\/#organization\"},\"potentialAction\":[{\"@type\":\"SearchAction\",\"target\":{\"@type\":\"EntryPoint\",\"urlTemplate\":\"https:\/\/now-news.de\/de\/?s={search_term_string}\"},\"query-input\":\"required name=search_term_string\"}],\"inLanguage\":\"de\"},{\"@type\":\"Organization\",\"@id\":\"https:\/\/now-news.de\/de\/#organization\",\"name\":\"Just Now News\",\"url\":\"https:\/\/now-news.de\/de\/\",\"logo\":{\"@type\":\"ImageObject\",\"inLanguage\":\"de\",\"@id\":\"https:\/\/now-news.de\/de\/#\/schema\/logo\/image\/\",\"url\":\"http:\/\/just-now.news\/de\/wp-content\/uploads\/sites\/3\/2022\/04\/logo500x500.jpg\",\"contentUrl\":\"http:\/\/just-now.news\/de\/wp-content\/uploads\/sites\/3\/2022\/04\/logo500x500.jpg\",\"width\":500,\"height\":500,\"caption\":\"Just Now News\"},\"image\":{\"@id\":\"https:\/\/now-news.de\/de\/#\/schema\/logo\/image\/\"},\"sameAs\":[\"https:\/\/www.facebook.com\/wirmachenauf\",\"https:\/\/x.com\/WirMachenAuf_de\"]},{\"@type\":\"Person\",\"@id\":\"https:\/\/now-news.de\/de\/#\/schema\/person\/fb534a4e865501d8b3285208df34a9b5\",\"name\":\"rtnews\",\"image\":{\"@type\":\"ImageObject\",\"inLanguage\":\"de\",\"@id\":\"https:\/\/now-news.de\/de\/#\/schema\/person\/image\/\",\"url\":\"https:\/\/secure.gravatar.com\/avatar\/82aafea7d8127119dd649515f56e2117?s=96&d=mm&r=g\",\"contentUrl\":\"https:\/\/secure.gravatar.com\/avatar\/82aafea7d8127119dd649515f56e2117?s=96&d=mm&r=g\",\"caption\":\"rtnews\"},\"url\":\"https:\/\/now-news.de\/de\/author\/rnews\/\"}]}<\/script>\n<!-- \/ Yoast SEO Premium plugin. -->","yoast_head_json":{"title":"EU-Medienfreiheitsgesetz erkl\u00e4rt kritischen Journalismus zum willk\u00fcrlichen Feind - just-now.NEWS Deutschland","robots":{"index":"index","follow":"follow","max-snippet":"max-snippet:-1","max-image-preview":"max-image-preview:large","max-video-preview":"max-video-preview:-1"},"canonical":"https:\/\/now-news.de\/de\/deutschland\/eu-medienfreiheitsgesetz-erklaert-kritischen-journalismus-zum-willkuerlichen-feind\/","og_locale":"de_DE","og_type":"article","og_title":"EU-Medienfreiheitsgesetz erkl\u00e4rt kritischen Journalismus zum willk\u00fcrlichen Feind","og_description":"Das EU-Mediengesetz soll in der Theorie Journalisten vermeintlichen Schutz bieten, versteckt im Kleingedruckten jedoch klar definierte Einschr\u00e4nkungen, Verbote und disziplinarische Ma\u00dfnahmen gegen unliebsame Berichterstattung. Von Bernhard Loyen Der &#8220;European Media Freedom Act (EMFA)&#8221; ist ein in Br\u00fcssel ausgekl\u00fcgeltes EU-Gesetz, das am Freitag nach dreij\u00e4hriger Beratungszeit in Kraft trat. Sinn und Zweck sind klar definierte Vorgaben, [&hellip;]","og_url":"https:\/\/now-news.de\/de\/deutschland\/eu-medienfreiheitsgesetz-erklaert-kritischen-journalismus-zum-willkuerlichen-feind\/","og_site_name":"just-now.NEWS Deutschland","article_publisher":"https:\/\/www.facebook.com\/wirmachenauf","article_published_time":"2025-08-09T14:03:07+00:00","og_image":[{"url":"https:\/\/now-news.de\/de\/wp-content\/uploads\/sites\/3\/2025\/08\/6897163b48fbef3914743c13.jpg"}],"author":"rtnews","twitter_card":"summary_large_image","twitter_creator":"@WirMachenAuf_de","twitter_site":"@WirMachenAuf_de","twitter_misc":{"Verfasst von":"rtnews","Gesch\u00e4tzte Lesezeit":"6\u00a0Minuten"},"schema":{"@context":"https:\/\/schema.org","@graph":[{"@type":"Article","@id":"https:\/\/now-news.de\/de\/deutschland\/eu-medienfreiheitsgesetz-erklaert-kritischen-journalismus-zum-willkuerlichen-feind\/#article","isPartOf":{"@id":"https:\/\/now-news.de\/de\/deutschland\/eu-medienfreiheitsgesetz-erklaert-kritischen-journalismus-zum-willkuerlichen-feind\/"},"author":{"name":"rtnews","@id":"https:\/\/now-news.de\/de\/#\/schema\/person\/fb534a4e865501d8b3285208df34a9b5"},"headline":"EU-Medienfreiheitsgesetz erkl\u00e4rt kritischen Journalismus zum willk\u00fcrlichen Feind","datePublished":"2025-08-09T14:03:07+00:00","dateModified":"2025-08-09T14:03:07+00:00","mainEntityOfPage":{"@id":"https:\/\/now-news.de\/de\/deutschland\/eu-medienfreiheitsgesetz-erklaert-kritischen-journalismus-zum-willkuerlichen-feind\/"},"wordCount":1132,"commentCount":0,"publisher":{"@id":"https:\/\/now-news.de\/de\/#organization"},"image":{"@id":"https:\/\/now-news.de\/de\/deutschland\/eu-medienfreiheitsgesetz-erklaert-kritischen-journalismus-zum-willkuerlichen-feind\/#primaryimage"},"thumbnailUrl":"https:\/\/now-news.de\/de\/wp-content\/uploads\/sites\/3\/2025\/08\/EU-Medienfreiheitsgesetz-erklaert-kritischen-Journalismus-zum-willkuerlichen-Feind.jpg","keywords":["erkl\u00e4rt","EUMedienfreiheitsgesetz","Feind","journalismus","kritischen","willk\u00fcrlichen","zum"],"articleSection":["Deutschland","Russland"],"inLanguage":"de","potentialAction":[{"@type":"CommentAction","name":"Comment","target":["https:\/\/now-news.de\/de\/deutschland\/eu-medienfreiheitsgesetz-erklaert-kritischen-journalismus-zum-willkuerlichen-feind\/#respond"]}]},{"@type":"WebPage","@id":"https:\/\/now-news.de\/de\/deutschland\/eu-medienfreiheitsgesetz-erklaert-kritischen-journalismus-zum-willkuerlichen-feind\/","url":"https:\/\/now-news.de\/de\/deutschland\/eu-medienfreiheitsgesetz-erklaert-kritischen-journalismus-zum-willkuerlichen-feind\/","name":"EU-Medienfreiheitsgesetz erkl\u00e4rt kritischen Journalismus zum willk\u00fcrlichen Feind - just-now.NEWS Deutschland","isPartOf":{"@id":"https:\/\/now-news.de\/de\/#website"},"primaryImageOfPage":{"@id":"https:\/\/now-news.de\/de\/deutschland\/eu-medienfreiheitsgesetz-erklaert-kritischen-journalismus-zum-willkuerlichen-feind\/#primaryimage"},"image":{"@id":"https:\/\/now-news.de\/de\/deutschland\/eu-medienfreiheitsgesetz-erklaert-kritischen-journalismus-zum-willkuerlichen-feind\/#primaryimage"},"thumbnailUrl":"https:\/\/now-news.de\/de\/wp-content\/uploads\/sites\/3\/2025\/08\/EU-Medienfreiheitsgesetz-erklaert-kritischen-Journalismus-zum-willkuerlichen-Feind.jpg","datePublished":"2025-08-09T14:03:07+00:00","dateModified":"2025-08-09T14:03:07+00:00","breadcrumb":{"@id":"https:\/\/now-news.de\/de\/deutschland\/eu-medienfreiheitsgesetz-erklaert-kritischen-journalismus-zum-willkuerlichen-feind\/#breadcrumb"},"inLanguage":"de","potentialAction":[{"@type":"ReadAction","target":["https:\/\/now-news.de\/de\/deutschland\/eu-medienfreiheitsgesetz-erklaert-kritischen-journalismus-zum-willkuerlichen-feind\/"]}]},{"@type":"ImageObject","inLanguage":"de","@id":"https:\/\/now-news.de\/de\/deutschland\/eu-medienfreiheitsgesetz-erklaert-kritischen-journalismus-zum-willkuerlichen-feind\/#primaryimage","url":"https:\/\/now-news.de\/de\/wp-content\/uploads\/sites\/3\/2025\/08\/EU-Medienfreiheitsgesetz-erklaert-kritischen-Journalismus-zum-willkuerlichen-Feind.jpg","contentUrl":"https:\/\/now-news.de\/de\/wp-content\/uploads\/sites\/3\/2025\/08\/EU-Medienfreiheitsgesetz-erklaert-kritischen-Journalismus-zum-willkuerlichen-Feind.jpg","width":460,"height":259,"caption":"EU-Medienfreiheitsgesetz erkl\u00e4rt kritischen Journalismus zum willk\u00fcrlichen Feind"},{"@type":"BreadcrumbList","@id":"https:\/\/now-news.de\/de\/deutschland\/eu-medienfreiheitsgesetz-erklaert-kritischen-journalismus-zum-willkuerlichen-feind\/#breadcrumb","itemListElement":[{"@type":"ListItem","position":1,"name":"Home","item":"https:\/\/now-news.de\/de\/"},{"@type":"ListItem","position":2,"name":"EU-Medienfreiheitsgesetz erkl\u00e4rt kritischen Journalismus zum willk\u00fcrlichen Feind"}]},{"@type":"WebSite","@id":"https:\/\/now-news.de\/de\/#website","url":"https:\/\/now-news.de\/de\/","name":"just-now.NEWS Deutschland","description":"Das Portal f\u00fcr unzensierte Nachrichten aus der Welt","publisher":{"@id":"https:\/\/now-news.de\/de\/#organization"},"potentialAction":[{"@type":"SearchAction","target":{"@type":"EntryPoint","urlTemplate":"https:\/\/now-news.de\/de\/?s={search_term_string}"},"query-input":"required name=search_term_string"}],"inLanguage":"de"},{"@type":"Organization","@id":"https:\/\/now-news.de\/de\/#organization","name":"Just Now News","url":"https:\/\/now-news.de\/de\/","logo":{"@type":"ImageObject","inLanguage":"de","@id":"https:\/\/now-news.de\/de\/#\/schema\/logo\/image\/","url":"http:\/\/just-now.news\/de\/wp-content\/uploads\/sites\/3\/2022\/04\/logo500x500.jpg","contentUrl":"http:\/\/just-now.news\/de\/wp-content\/uploads\/sites\/3\/2022\/04\/logo500x500.jpg","width":500,"height":500,"caption":"Just Now News"},"image":{"@id":"https:\/\/now-news.de\/de\/#\/schema\/logo\/image\/"},"sameAs":["https:\/\/www.facebook.com\/wirmachenauf","https:\/\/x.com\/WirMachenAuf_de"]},{"@type":"Person","@id":"https:\/\/now-news.de\/de\/#\/schema\/person\/fb534a4e865501d8b3285208df34a9b5","name":"rtnews","image":{"@type":"ImageObject","inLanguage":"de","@id":"https:\/\/now-news.de\/de\/#\/schema\/person\/image\/","url":"https:\/\/secure.gravatar.com\/avatar\/82aafea7d8127119dd649515f56e2117?s=96&d=mm&r=g","contentUrl":"https:\/\/secure.gravatar.com\/avatar\/82aafea7d8127119dd649515f56e2117?s=96&d=mm&r=g","caption":"rtnews"},"url":"https:\/\/now-news.de\/de\/author\/rnews\/"}]}},"_links":{"self":[{"href":"https:\/\/now-news.de\/de\/wp-json\/wp\/v2\/posts\/88540"}],"collection":[{"href":"https:\/\/now-news.de\/de\/wp-json\/wp\/v2\/posts"}],"about":[{"href":"https:\/\/now-news.de\/de\/wp-json\/wp\/v2\/types\/post"}],"author":[{"embeddable":true,"href":"https:\/\/now-news.de\/de\/wp-json\/wp\/v2\/users\/3"}],"replies":[{"embeddable":true,"href":"https:\/\/now-news.de\/de\/wp-json\/wp\/v2\/comments?post=88540"}],"version-history":[{"count":0,"href":"https:\/\/now-news.de\/de\/wp-json\/wp\/v2\/posts\/88540\/revisions"}],"wp:featuredmedia":[{"embeddable":true,"href":"https:\/\/now-news.de\/de\/wp-json\/wp\/v2\/media\/88541"}],"wp:attachment":[{"href":"https:\/\/now-news.de\/de\/wp-json\/wp\/v2\/media?parent=88540"}],"wp:term":[{"taxonomy":"category","embeddable":true,"href":"https:\/\/now-news.de\/de\/wp-json\/wp\/v2\/categories?post=88540"},{"taxonomy":"post_tag","embeddable":true,"href":"https:\/\/now-news.de\/de\/wp-json\/wp\/v2\/tags?post=88540"}],"curies":[{"name":"wp","href":"https:\/\/api.w.org\/{rel}","templated":true}]}}