{"id":88538,"date":"2025-08-09T14:30:29","date_gmt":"2025-08-09T12:30:29","guid":{"rendered":"https:\/\/now-news.de\/de\/deutschland\/selenskij-lehnt-trumps-friedensforderungen-ab\/"},"modified":"2025-08-09T14:30:29","modified_gmt":"2025-08-09T12:30:29","slug":"selenskij-lehnt-trumps-friedensforderungen-ab","status":"publish","type":"post","link":"https:\/\/now-news.de\/de\/deutschland\/selenskij-lehnt-trumps-friedensforderungen-ab\/","title":{"rendered":"Selenskij lehnt Trumps Friedensforderungen ab"},"content":{"rendered":"<p><img decoding=\"async\" src=\"https:\/\/now-news.de\/de\/wp-content\/uploads\/sites\/3\/2025\/08\/68972f95b480cc62e84958f8.jpg\" \/><\/p>\n<p>Wladimir Selenskij hat die Forderung von US-Pr\u00e4sident Donald Trump nach territorialen Zugest\u00e4ndnissen an Russland zur\u00fcckgewiesen. Ein solches Abkommen w\u00fcrde ihm zufolge vom ukrainischen Volk nicht akzeptiert.<\/p>\n<p>Trumps Sonderbeauftragter Steve Witkoff besuchte diese Woche Moskau. Dabei soll er erhebliche Fortschritte in Richtung eines Kompromisses zur Beendigung des Konflikts zwischen Russland und der Ukraine erzielt haben.\u00a0Gem\u00e4\u00df Trumps Aussagen sieht der Vorschlag &#8220;einen gewissen Gebietsaustausch zum Wohle beider Seiten&#8221; vor. Dementsprechend m\u00fcsse Selenskij einen Weg finden, um ein solches Abkommen nach ukrainischem Recht zu genehmigen.<\/p>\n<p>In seiner regelm\u00e4\u00dfigen Videoansprache am Samstag betonte Selenskij, dass die Grenzen der Ukraine durch ihre Verfassung festgelegt seien und &#8220;niemand Zugest\u00e4ndnisse in dieser Frage machen kann oder wird&#8221;. Er erkl\u00e4rte: &#8220;Die Ukrainer werden ihr Land nicht an die Besatzer abtreten.&#8221; Au\u00dferdem w\u00fcrden die Ukrainer nur einen &#8220;echten, lebendigen Frieden&#8221; respektieren. Selenskij warnte, dass &#8220;jede Entscheidung, die gegen uns und ohne uns, ohne die Ukraine, getroffen wird, eine Entscheidung gegen den Frieden w\u00e4re&#8221;.<\/p>\n<p>Die von Selenskij zitierte ukrainische Verfassung schreibt aber auch vor, dass ein Pr\u00e4sident bei Ablauf seiner Amtszeit die Macht entweder an einen neu gew\u00e4hlten Nachfolger oder an den Parlamentspr\u00e4sidenten \u00fcbergeben muss. Selenskij tat weder das eine noch das andere, als seine Amtszeit letztes Jahr ablief, sondern behielt unter Kriegsrecht die Macht.<\/p>\n<p>Anfang dieser Woche r\u00e4umte Selenskij ein, dass die Ukraine nicht in der Lage sei, die von Kiew beanspruchten russischen Gebiete zur\u00fcckzuerobern. Das ukrainische Milit\u00e4r ist in hohem Ma\u00dfe auf westliche Waffen, Finanzmittel und Geheimdienstinformationen angewiesen. Die Regierung setzt auf eine nachhaltige, langfristige Unterst\u00fctzung.<\/p>\n<p>Russische Regierungsvertreter haben Selenskij wiederholt vorgeworfen, die Realit\u00e4t zu leugnen und einen Konflikt zu verl\u00e4ngern, den er nicht gewinnen kann. Moskau erkl\u00e4rte, es wolle seine wichtigsten nationalen Sicherheitsziele erreichen, vorzugsweise auf diplomatischem Wege.<\/p>\n<p>Im vergangenen Monat war Selenskij mit den ausl\u00e4ndischen Geldgebern der Ukraine aneinandergeraten. Seine Regierung hatte ein Gesetz durchgesetzt, das die Unabh\u00e4ngigkeit des 2015 unter westlichem Druck gegr\u00fcndeten Nationalen Antkorruptionsb\u00fcros aufhob. Nachdem die Geldgeber jedoch mit der Aussetzung ihrer Hilfe gedroht hatten, machte er diese Ma\u00dfnahme schnell wieder r\u00fcckg\u00e4ngig.<\/p>\n<p><strong>Mehr zum Thema \u2013\u00a0<\/strong><a rel=\"nofollow noopener\" target=\"_blank\" href=\"https:\/\/dert.online\/europa\/252796-britischer-ex-minister-will-europaeische\/\">Britischer Ex-Minister will &#8220;europ\u00e4ische Macht&#8221; bei Ukraine-Gespr\u00e4chen sehen <\/a><\/p>\n<div class=\"EmbedBlock-root EmbedBlock-externalVideo EmbedBlock-rumble\">\n<div class=\"VkEmbed\"><\/div><\/div>\n<p><br \/>\n<br \/><a href=\"https:\/\/de.rt.com\/international\/252832-selenskij-lehnt-trumps-friedensforderungen-ab\/\">Source link <\/a><\/p>\n","protected":false},"excerpt":{"rendered":"<p>Wladimir Selenskij hat die Forderung von US-Pr\u00e4sident Donald Trump nach territorialen Zugest\u00e4ndnissen an Russland zur\u00fcckgewiesen. Ein solches Abkommen w\u00fcrde ihm zufolge vom ukrainischen Volk nicht akzeptiert. Trumps Sonderbeauftragter Steve Witkoff besuchte diese Woche Moskau. Dabei soll er erhebliche Fortschritte in Richtung eines Kompromisses zur Beendigung des Konflikts zwischen Russland und der Ukraine erzielt haben.\u00a0Gem\u00e4\u00df Trumps [&hellip;]<\/p>\n","protected":false},"author":3,"featured_media":88539,"comment_status":"open","ping_status":"open","sticky":false,"template":"","format":"standard","meta":{"_yoast_indexnow_last_ping":["1754747954"],"wp_automatic_camp":["217"],"6f754ec63b093d3cebbb922a8c272acc":["Selenskij lehnt Trumps Friedensforderungen ab"],"original_link":["https:\/\/de.rt.com\/international\/252832-selenskij-lehnt-trumps-friedensforderungen-ab\/"],"_thumbnail_id":["88539"],"jnews_social_counter_last_update":["1777287101"],"_wptgpro_p2tg_sent2tg":["a:1:{i:23737;s:19:\"2025-08-09 16:00:21\";}"]},"categories":[19,23],"tags":[66951,2034,6158,317],"yoast_head":"<!-- This site is optimized with the Yoast SEO Premium plugin v22.7 (Yoast SEO v22.7) - https:\/\/yoast.com\/wordpress\/plugins\/seo\/ -->\n<title>Selenskij lehnt Trumps Friedensforderungen ab - just-now.NEWS Deutschland<\/title>\n<meta name=\"robots\" content=\"index, follow, max-snippet:-1, max-image-preview:large, max-video-preview:-1\" \/>\n<link rel=\"canonical\" href=\"https:\/\/now-news.de\/de\/deutschland\/selenskij-lehnt-trumps-friedensforderungen-ab\/\" \/>\n<meta property=\"og:locale\" content=\"de_DE\" \/>\n<meta property=\"og:type\" content=\"article\" \/>\n<meta property=\"og:title\" content=\"Selenskij lehnt Trumps Friedensforderungen ab\" \/>\n<meta property=\"og:description\" content=\"Wladimir Selenskij hat die Forderung von US-Pr\u00e4sident Donald Trump nach territorialen Zugest\u00e4ndnissen an Russland zur\u00fcckgewiesen. Ein solches Abkommen w\u00fcrde ihm zufolge vom ukrainischen Volk nicht akzeptiert. Trumps Sonderbeauftragter Steve Witkoff besuchte diese Woche Moskau. Dabei soll er erhebliche Fortschritte in Richtung eines Kompromisses zur Beendigung des Konflikts zwischen Russland und der Ukraine erzielt haben.\u00a0Gem\u00e4\u00df Trumps [&hellip;]\" \/>\n<meta property=\"og:url\" content=\"https:\/\/now-news.de\/de\/deutschland\/selenskij-lehnt-trumps-friedensforderungen-ab\/\" \/>\n<meta property=\"og:site_name\" content=\"just-now.NEWS Deutschland\" \/>\n<meta property=\"article:publisher\" content=\"https:\/\/www.facebook.com\/wirmachenauf\" \/>\n<meta property=\"article:published_time\" content=\"2025-08-09T12:30:29+00:00\" \/>\n<meta property=\"og:image\" content=\"https:\/\/now-news.de\/de\/wp-content\/uploads\/sites\/3\/2025\/08\/68972f95b480cc62e84958f8.jpg\" \/>\n<meta name=\"author\" content=\"rtnews\" \/>\n<meta name=\"twitter:card\" content=\"summary_large_image\" \/>\n<meta name=\"twitter:creator\" content=\"@WirMachenAuf_de\" \/>\n<meta name=\"twitter:site\" content=\"@WirMachenAuf_de\" \/>\n<meta name=\"twitter:label1\" content=\"Verfasst von\" \/>\n\t<meta name=\"twitter:data1\" content=\"rtnews\" \/>\n\t<meta name=\"twitter:label2\" content=\"Gesch\u00e4tzte Lesezeit\" \/>\n\t<meta name=\"twitter:data2\" content=\"2\u00a0Minuten\" \/>\n<script type=\"application\/ld+json\" class=\"yoast-schema-graph\">{\"@context\":\"https:\/\/schema.org\",\"@graph\":[{\"@type\":\"Article\",\"@id\":\"https:\/\/now-news.de\/de\/deutschland\/selenskij-lehnt-trumps-friedensforderungen-ab\/#article\",\"isPartOf\":{\"@id\":\"https:\/\/now-news.de\/de\/deutschland\/selenskij-lehnt-trumps-friedensforderungen-ab\/\"},\"author\":{\"name\":\"rtnews\",\"@id\":\"https:\/\/now-news.de\/de\/#\/schema\/person\/fb534a4e865501d8b3285208df34a9b5\"},\"headline\":\"Selenskij lehnt Trumps Friedensforderungen ab\",\"datePublished\":\"2025-08-09T12:30:29+00:00\",\"dateModified\":\"2025-08-09T12:30:29+00:00\",\"mainEntityOfPage\":{\"@id\":\"https:\/\/now-news.de\/de\/deutschland\/selenskij-lehnt-trumps-friedensforderungen-ab\/\"},\"wordCount\":379,\"commentCount\":0,\"publisher\":{\"@id\":\"https:\/\/now-news.de\/de\/#organization\"},\"image\":{\"@id\":\"https:\/\/now-news.de\/de\/deutschland\/selenskij-lehnt-trumps-friedensforderungen-ab\/#primaryimage\"},\"thumbnailUrl\":\"https:\/\/now-news.de\/de\/wp-content\/uploads\/sites\/3\/2025\/08\/Selenskij-lehnt-Trumps-Friedensforderungen-ab.jpg\",\"keywords\":[\"Friedensforderungen\",\"lehnt\",\"Selenskij\",\"Trumps\"],\"articleSection\":[\"Deutschland\",\"Russland\"],\"inLanguage\":\"de\",\"potentialAction\":[{\"@type\":\"CommentAction\",\"name\":\"Comment\",\"target\":[\"https:\/\/now-news.de\/de\/deutschland\/selenskij-lehnt-trumps-friedensforderungen-ab\/#respond\"]}]},{\"@type\":\"WebPage\",\"@id\":\"https:\/\/now-news.de\/de\/deutschland\/selenskij-lehnt-trumps-friedensforderungen-ab\/\",\"url\":\"https:\/\/now-news.de\/de\/deutschland\/selenskij-lehnt-trumps-friedensforderungen-ab\/\",\"name\":\"Selenskij lehnt Trumps Friedensforderungen ab - just-now.NEWS Deutschland\",\"isPartOf\":{\"@id\":\"https:\/\/now-news.de\/de\/#website\"},\"primaryImageOfPage\":{\"@id\":\"https:\/\/now-news.de\/de\/deutschland\/selenskij-lehnt-trumps-friedensforderungen-ab\/#primaryimage\"},\"image\":{\"@id\":\"https:\/\/now-news.de\/de\/deutschland\/selenskij-lehnt-trumps-friedensforderungen-ab\/#primaryimage\"},\"thumbnailUrl\":\"https:\/\/now-news.de\/de\/wp-content\/uploads\/sites\/3\/2025\/08\/Selenskij-lehnt-Trumps-Friedensforderungen-ab.jpg\",\"datePublished\":\"2025-08-09T12:30:29+00:00\",\"dateModified\":\"2025-08-09T12:30:29+00:00\",\"breadcrumb\":{\"@id\":\"https:\/\/now-news.de\/de\/deutschland\/selenskij-lehnt-trumps-friedensforderungen-ab\/#breadcrumb\"},\"inLanguage\":\"de\",\"potentialAction\":[{\"@type\":\"ReadAction\",\"target\":[\"https:\/\/now-news.de\/de\/deutschland\/selenskij-lehnt-trumps-friedensforderungen-ab\/\"]}]},{\"@type\":\"ImageObject\",\"inLanguage\":\"de\",\"@id\":\"https:\/\/now-news.de\/de\/deutschland\/selenskij-lehnt-trumps-friedensforderungen-ab\/#primaryimage\",\"url\":\"https:\/\/now-news.de\/de\/wp-content\/uploads\/sites\/3\/2025\/08\/Selenskij-lehnt-Trumps-Friedensforderungen-ab.jpg\",\"contentUrl\":\"https:\/\/now-news.de\/de\/wp-content\/uploads\/sites\/3\/2025\/08\/Selenskij-lehnt-Trumps-Friedensforderungen-ab.jpg\",\"width\":460,\"height\":259,\"caption\":\"Selenskij lehnt Trumps Friedensforderungen ab\"},{\"@type\":\"BreadcrumbList\",\"@id\":\"https:\/\/now-news.de\/de\/deutschland\/selenskij-lehnt-trumps-friedensforderungen-ab\/#breadcrumb\",\"itemListElement\":[{\"@type\":\"ListItem\",\"position\":1,\"name\":\"Home\",\"item\":\"https:\/\/now-news.de\/de\/\"},{\"@type\":\"ListItem\",\"position\":2,\"name\":\"Selenskij lehnt Trumps Friedensforderungen ab\"}]},{\"@type\":\"WebSite\",\"@id\":\"https:\/\/now-news.de\/de\/#website\",\"url\":\"https:\/\/now-news.de\/de\/\",\"name\":\"just-now.NEWS Deutschland\",\"description\":\"Das Portal f\u00fcr unzensierte Nachrichten aus der Welt\",\"publisher\":{\"@id\":\"https:\/\/now-news.de\/de\/#organization\"},\"potentialAction\":[{\"@type\":\"SearchAction\",\"target\":{\"@type\":\"EntryPoint\",\"urlTemplate\":\"https:\/\/now-news.de\/de\/?s={search_term_string}\"},\"query-input\":\"required name=search_term_string\"}],\"inLanguage\":\"de\"},{\"@type\":\"Organization\",\"@id\":\"https:\/\/now-news.de\/de\/#organization\",\"name\":\"Just Now News\",\"url\":\"https:\/\/now-news.de\/de\/\",\"logo\":{\"@type\":\"ImageObject\",\"inLanguage\":\"de\",\"@id\":\"https:\/\/now-news.de\/de\/#\/schema\/logo\/image\/\",\"url\":\"http:\/\/just-now.news\/de\/wp-content\/uploads\/sites\/3\/2022\/04\/logo500x500.jpg\",\"contentUrl\":\"http:\/\/just-now.news\/de\/wp-content\/uploads\/sites\/3\/2022\/04\/logo500x500.jpg\",\"width\":500,\"height\":500,\"caption\":\"Just Now News\"},\"image\":{\"@id\":\"https:\/\/now-news.de\/de\/#\/schema\/logo\/image\/\"},\"sameAs\":[\"https:\/\/www.facebook.com\/wirmachenauf\",\"https:\/\/x.com\/WirMachenAuf_de\"]},{\"@type\":\"Person\",\"@id\":\"https:\/\/now-news.de\/de\/#\/schema\/person\/fb534a4e865501d8b3285208df34a9b5\",\"name\":\"rtnews\",\"image\":{\"@type\":\"ImageObject\",\"inLanguage\":\"de\",\"@id\":\"https:\/\/now-news.de\/de\/#\/schema\/person\/image\/\",\"url\":\"https:\/\/secure.gravatar.com\/avatar\/82aafea7d8127119dd649515f56e2117?s=96&d=mm&r=g\",\"contentUrl\":\"https:\/\/secure.gravatar.com\/avatar\/82aafea7d8127119dd649515f56e2117?s=96&d=mm&r=g\",\"caption\":\"rtnews\"},\"url\":\"https:\/\/now-news.de\/de\/author\/rnews\/\"}]}<\/script>\n<!-- \/ Yoast SEO Premium plugin. -->","yoast_head_json":{"title":"Selenskij lehnt Trumps Friedensforderungen ab - just-now.NEWS Deutschland","robots":{"index":"index","follow":"follow","max-snippet":"max-snippet:-1","max-image-preview":"max-image-preview:large","max-video-preview":"max-video-preview:-1"},"canonical":"https:\/\/now-news.de\/de\/deutschland\/selenskij-lehnt-trumps-friedensforderungen-ab\/","og_locale":"de_DE","og_type":"article","og_title":"Selenskij lehnt Trumps Friedensforderungen ab","og_description":"Wladimir Selenskij hat die Forderung von US-Pr\u00e4sident Donald Trump nach territorialen Zugest\u00e4ndnissen an Russland zur\u00fcckgewiesen. Ein solches Abkommen w\u00fcrde ihm zufolge vom ukrainischen Volk nicht akzeptiert. Trumps Sonderbeauftragter Steve Witkoff besuchte diese Woche Moskau. Dabei soll er erhebliche Fortschritte in Richtung eines Kompromisses zur Beendigung des Konflikts zwischen Russland und der Ukraine erzielt haben.\u00a0Gem\u00e4\u00df Trumps [&hellip;]","og_url":"https:\/\/now-news.de\/de\/deutschland\/selenskij-lehnt-trumps-friedensforderungen-ab\/","og_site_name":"just-now.NEWS Deutschland","article_publisher":"https:\/\/www.facebook.com\/wirmachenauf","article_published_time":"2025-08-09T12:30:29+00:00","og_image":[{"url":"https:\/\/now-news.de\/de\/wp-content\/uploads\/sites\/3\/2025\/08\/68972f95b480cc62e84958f8.jpg"}],"author":"rtnews","twitter_card":"summary_large_image","twitter_creator":"@WirMachenAuf_de","twitter_site":"@WirMachenAuf_de","twitter_misc":{"Verfasst von":"rtnews","Gesch\u00e4tzte Lesezeit":"2\u00a0Minuten"},"schema":{"@context":"https:\/\/schema.org","@graph":[{"@type":"Article","@id":"https:\/\/now-news.de\/de\/deutschland\/selenskij-lehnt-trumps-friedensforderungen-ab\/#article","isPartOf":{"@id":"https:\/\/now-news.de\/de\/deutschland\/selenskij-lehnt-trumps-friedensforderungen-ab\/"},"author":{"name":"rtnews","@id":"https:\/\/now-news.de\/de\/#\/schema\/person\/fb534a4e865501d8b3285208df34a9b5"},"headline":"Selenskij lehnt Trumps Friedensforderungen ab","datePublished":"2025-08-09T12:30:29+00:00","dateModified":"2025-08-09T12:30:29+00:00","mainEntityOfPage":{"@id":"https:\/\/now-news.de\/de\/deutschland\/selenskij-lehnt-trumps-friedensforderungen-ab\/"},"wordCount":379,"commentCount":0,"publisher":{"@id":"https:\/\/now-news.de\/de\/#organization"},"image":{"@id":"https:\/\/now-news.de\/de\/deutschland\/selenskij-lehnt-trumps-friedensforderungen-ab\/#primaryimage"},"thumbnailUrl":"https:\/\/now-news.de\/de\/wp-content\/uploads\/sites\/3\/2025\/08\/Selenskij-lehnt-Trumps-Friedensforderungen-ab.jpg","keywords":["Friedensforderungen","lehnt","Selenskij","Trumps"],"articleSection":["Deutschland","Russland"],"inLanguage":"de","potentialAction":[{"@type":"CommentAction","name":"Comment","target":["https:\/\/now-news.de\/de\/deutschland\/selenskij-lehnt-trumps-friedensforderungen-ab\/#respond"]}]},{"@type":"WebPage","@id":"https:\/\/now-news.de\/de\/deutschland\/selenskij-lehnt-trumps-friedensforderungen-ab\/","url":"https:\/\/now-news.de\/de\/deutschland\/selenskij-lehnt-trumps-friedensforderungen-ab\/","name":"Selenskij lehnt Trumps Friedensforderungen ab - just-now.NEWS Deutschland","isPartOf":{"@id":"https:\/\/now-news.de\/de\/#website"},"primaryImageOfPage":{"@id":"https:\/\/now-news.de\/de\/deutschland\/selenskij-lehnt-trumps-friedensforderungen-ab\/#primaryimage"},"image":{"@id":"https:\/\/now-news.de\/de\/deutschland\/selenskij-lehnt-trumps-friedensforderungen-ab\/#primaryimage"},"thumbnailUrl":"https:\/\/now-news.de\/de\/wp-content\/uploads\/sites\/3\/2025\/08\/Selenskij-lehnt-Trumps-Friedensforderungen-ab.jpg","datePublished":"2025-08-09T12:30:29+00:00","dateModified":"2025-08-09T12:30:29+00:00","breadcrumb":{"@id":"https:\/\/now-news.de\/de\/deutschland\/selenskij-lehnt-trumps-friedensforderungen-ab\/#breadcrumb"},"inLanguage":"de","potentialAction":[{"@type":"ReadAction","target":["https:\/\/now-news.de\/de\/deutschland\/selenskij-lehnt-trumps-friedensforderungen-ab\/"]}]},{"@type":"ImageObject","inLanguage":"de","@id":"https:\/\/now-news.de\/de\/deutschland\/selenskij-lehnt-trumps-friedensforderungen-ab\/#primaryimage","url":"https:\/\/now-news.de\/de\/wp-content\/uploads\/sites\/3\/2025\/08\/Selenskij-lehnt-Trumps-Friedensforderungen-ab.jpg","contentUrl":"https:\/\/now-news.de\/de\/wp-content\/uploads\/sites\/3\/2025\/08\/Selenskij-lehnt-Trumps-Friedensforderungen-ab.jpg","width":460,"height":259,"caption":"Selenskij lehnt Trumps Friedensforderungen ab"},{"@type":"BreadcrumbList","@id":"https:\/\/now-news.de\/de\/deutschland\/selenskij-lehnt-trumps-friedensforderungen-ab\/#breadcrumb","itemListElement":[{"@type":"ListItem","position":1,"name":"Home","item":"https:\/\/now-news.de\/de\/"},{"@type":"ListItem","position":2,"name":"Selenskij lehnt Trumps Friedensforderungen ab"}]},{"@type":"WebSite","@id":"https:\/\/now-news.de\/de\/#website","url":"https:\/\/now-news.de\/de\/","name":"just-now.NEWS Deutschland","description":"Das Portal f\u00fcr unzensierte Nachrichten aus der Welt","publisher":{"@id":"https:\/\/now-news.de\/de\/#organization"},"potentialAction":[{"@type":"SearchAction","target":{"@type":"EntryPoint","urlTemplate":"https:\/\/now-news.de\/de\/?s={search_term_string}"},"query-input":"required name=search_term_string"}],"inLanguage":"de"},{"@type":"Organization","@id":"https:\/\/now-news.de\/de\/#organization","name":"Just Now News","url":"https:\/\/now-news.de\/de\/","logo":{"@type":"ImageObject","inLanguage":"de","@id":"https:\/\/now-news.de\/de\/#\/schema\/logo\/image\/","url":"http:\/\/just-now.news\/de\/wp-content\/uploads\/sites\/3\/2022\/04\/logo500x500.jpg","contentUrl":"http:\/\/just-now.news\/de\/wp-content\/uploads\/sites\/3\/2022\/04\/logo500x500.jpg","width":500,"height":500,"caption":"Just Now News"},"image":{"@id":"https:\/\/now-news.de\/de\/#\/schema\/logo\/image\/"},"sameAs":["https:\/\/www.facebook.com\/wirmachenauf","https:\/\/x.com\/WirMachenAuf_de"]},{"@type":"Person","@id":"https:\/\/now-news.de\/de\/#\/schema\/person\/fb534a4e865501d8b3285208df34a9b5","name":"rtnews","image":{"@type":"ImageObject","inLanguage":"de","@id":"https:\/\/now-news.de\/de\/#\/schema\/person\/image\/","url":"https:\/\/secure.gravatar.com\/avatar\/82aafea7d8127119dd649515f56e2117?s=96&d=mm&r=g","contentUrl":"https:\/\/secure.gravatar.com\/avatar\/82aafea7d8127119dd649515f56e2117?s=96&d=mm&r=g","caption":"rtnews"},"url":"https:\/\/now-news.de\/de\/author\/rnews\/"}]}},"_links":{"self":[{"href":"https:\/\/now-news.de\/de\/wp-json\/wp\/v2\/posts\/88538"}],"collection":[{"href":"https:\/\/now-news.de\/de\/wp-json\/wp\/v2\/posts"}],"about":[{"href":"https:\/\/now-news.de\/de\/wp-json\/wp\/v2\/types\/post"}],"author":[{"embeddable":true,"href":"https:\/\/now-news.de\/de\/wp-json\/wp\/v2\/users\/3"}],"replies":[{"embeddable":true,"href":"https:\/\/now-news.de\/de\/wp-json\/wp\/v2\/comments?post=88538"}],"version-history":[{"count":0,"href":"https:\/\/now-news.de\/de\/wp-json\/wp\/v2\/posts\/88538\/revisions"}],"wp:featuredmedia":[{"embeddable":true,"href":"https:\/\/now-news.de\/de\/wp-json\/wp\/v2\/media\/88539"}],"wp:attachment":[{"href":"https:\/\/now-news.de\/de\/wp-json\/wp\/v2\/media?parent=88538"}],"wp:term":[{"taxonomy":"category","embeddable":true,"href":"https:\/\/now-news.de\/de\/wp-json\/wp\/v2\/categories?post=88538"},{"taxonomy":"post_tag","embeddable":true,"href":"https:\/\/now-news.de\/de\/wp-json\/wp\/v2\/tags?post=88538"}],"curies":[{"name":"wp","href":"https:\/\/api.w.org\/{rel}","templated":true}]}}