{"id":88423,"date":"2025-08-07T10:42:21","date_gmt":"2025-08-07T08:42:21","guid":{"rendered":"https:\/\/now-news.de\/de\/deutschland\/kreml-bestaetigt-treffen-zwischen-trump-und-putin-in-den-kommenden-tagen\/"},"modified":"2025-08-07T10:42:21","modified_gmt":"2025-08-07T08:42:21","slug":"kreml-bestaetigt-treffen-zwischen-trump-und-putin-in-den-kommenden-tagen","status":"publish","type":"post","link":"https:\/\/now-news.de\/de\/deutschland\/kreml-bestaetigt-treffen-zwischen-trump-und-putin-in-den-kommenden-tagen\/","title":{"rendered":"Kreml best\u00e4tigt Treffen zwischen Trump und Putin in &quot;den kommenden Tagen&quot;"},"content":{"rendered":"<p><img decoding=\"async\" src=\"https:\/\/now-news.de\/de\/wp-content\/uploads\/sites\/3\/2024\/05\/breaking3.jpg\" \/><\/p>\n<div class=\"Text-root Text-type_1 \">\n                Ein Treffen zwischen Donald Trump und Wladimir Putin wird in den n\u00e4chsten Tagen stattfinden. Details zu Ort und Zeit werden sp\u00e4ter bekanntgegeben. Die Initiative f\u00fcr den Gipfel kommt laut Kreml von der US-Seite.\n            <\/div>\n<p><\/p>\n<div class=\"Text-root Text-type_5 ArticleView-text ViewText-root \">\n<p>Russland und die USA haben eine Vereinbarung \u00fcber ein Treffen der Pr\u00e4sidenten beider L\u00e4nder, Wladimir Putin und Donald Trump, in den n\u00e4chsten Tagen getroffen. Das teilt russische Nachrichetnagentur <em>Tass<\/em> unter Berufung auf den Berater des Pr\u00e4sidenten Juri Uschakow mit.<\/p>\n<p>Ihm zufolge h\u00e4tten die Vorbereitungen des Gipfeltreffens bereits begonnen.\u00a0Der Ort des Treffens der beiden Staatschefs sei ebenfalls vereinbart worden und werde zu einem sp\u00e4teren Zeitpunkt bekannt gegeben. Uschakow teilte gegen\u00fcber den Journalisten mit:\u00a0<\/p>\n<p>&#8220;Auf Vorschlag der amerikanischen Seite wurde grunds\u00e4tzlich eine Vereinbarung \u00fcber die Durchf\u00fchrung eines bilateralen Treffens auf h\u00f6chster Ebene in den n\u00e4chsten Tagen getroffen, d. h. eines Treffens zwischen Pr\u00e4sident Wladimir Putin und Donald Trump&#8221;.\u00a0<\/p>\n<p>Am Vortag\u00a0hatte Trump erkl\u00e4rt, dass es gute Aussichten f\u00fcr eine Beendigung des Konflikts in der Ukraine und ein Treffen mit Putin gebe. &#8220;Wir haben noch nicht entschieden, wo [das Treffen stattfinden wird], aber wir hatten heute sehr gute Gespr\u00e4che mit Pr\u00e4sident Putin&#8221;, f\u00fcgte er hinzu und bezog sich dabei auf das Treffen zwischen dem russischen Pr\u00e4sidenten und seinem Sonderbeauftragten Stephen Witkoff am 6. August in Moskau.\u00a0<\/p>\n<p>Die Zeitung The <em>New York Times<\/em> hatte zuvor unter Berufung auf eine Quelle berichtet, dass Trump bereits n\u00e4chste Woche ein pers\u00f6nliches Treffen mit Putin und kurz darauf ein Dreiertreffen mit Wladimir Selenski plane. Laut <em>CNN<\/em> hat der US-Pr\u00e4sident sein Team bereits gebeten, mit den Vorbereitungen f\u00fcr die Treffen zu beginnen.\u00a0<\/p>\n<p>Laut Uschakow Medien hat Witkoff die Idee eines Dreiertreffens am Mittwoch zur Sprache gebracht. Moskau\u00a0lie\u00df den Vorschlag unkommentiert.\u00a0\u00a0<\/p>\n<\/p>\n<\/div>\n<p><br \/>\n<br \/><a href=\"https:\/\/de.rt.com\/international\/252638-kreml-bestaetigt-treffen-zwischen-trump-und-putin-den-kommenden-tagen\/\">Source link <\/a><\/p>\n","protected":false},"excerpt":{"rendered":"<p>Ein Treffen zwischen Donald Trump und Wladimir Putin wird in den n\u00e4chsten Tagen stattfinden. Details zu Ort und Zeit werden sp\u00e4ter bekanntgegeben. Die Initiative f\u00fcr den Gipfel kommt laut Kreml von der US-Seite. Russland und die USA haben eine Vereinbarung \u00fcber ein Treffen der Pr\u00e4sidenten beider L\u00e4nder, Wladimir Putin und Donald Trump, in den n\u00e4chsten [&hellip;]<\/p>\n","protected":false},"author":3,"featured_media":58637,"comment_status":"open","ping_status":"open","sticky":false,"template":"","format":"standard","meta":{"_yoast_indexnow_last_ping":["1754556713"],"wp_automatic_camp":["217"],"07d22bc26fa62222ed674a4a9bebab68":["Kreml best\u00e4tigt Treffen zwischen Trump und Putin in &quot;den kommenden Tagen&quot;"],"original_link":["https:\/\/de.rt.com\/international\/252638-kreml-bestaetigt-treffen-zwischen-trump-und-putin-den-kommenden-tagen\/"],"_thumbnail_id":["58637"],"jnews_social_counter_last_update":["1777269940"],"_wptgpro_p2tg_sent2tg":["a:1:{i:23737;s:19:\"2025-08-07 10:52:52\";}"]},"categories":[19,23],"tags":[1438,798,6312,125,41138,31644,354,1639,140,436],"yoast_head":"<!-- This site is optimized with the Yoast SEO Premium plugin v22.7 (Yoast SEO v22.7) - https:\/\/yoast.com\/wordpress\/plugins\/seo\/ -->\n<title>Kreml best\u00e4tigt Treffen zwischen Trump und Putin in &quot;den kommenden Tagen&quot; - just-now.NEWS Deutschland<\/title>\n<meta name=\"robots\" content=\"index, follow, max-snippet:-1, max-image-preview:large, max-video-preview:-1\" \/>\n<link rel=\"canonical\" href=\"https:\/\/now-news.de\/de\/deutschland\/kreml-bestaetigt-treffen-zwischen-trump-und-putin-in-den-kommenden-tagen\/\" \/>\n<meta property=\"og:locale\" content=\"de_DE\" \/>\n<meta property=\"og:type\" content=\"article\" \/>\n<meta property=\"og:title\" content=\"Kreml best\u00e4tigt Treffen zwischen Trump und Putin in &quot;den kommenden Tagen&quot;\" \/>\n<meta property=\"og:description\" content=\"Ein Treffen zwischen Donald Trump und Wladimir Putin wird in den n\u00e4chsten Tagen stattfinden. Details zu Ort und Zeit werden sp\u00e4ter bekanntgegeben. Die Initiative f\u00fcr den Gipfel kommt laut Kreml von der US-Seite. Russland und die USA haben eine Vereinbarung \u00fcber ein Treffen der Pr\u00e4sidenten beider L\u00e4nder, Wladimir Putin und Donald Trump, in den n\u00e4chsten [&hellip;]\" \/>\n<meta property=\"og:url\" content=\"https:\/\/now-news.de\/de\/deutschland\/kreml-bestaetigt-treffen-zwischen-trump-und-putin-in-den-kommenden-tagen\/\" \/>\n<meta property=\"og:site_name\" content=\"just-now.NEWS Deutschland\" \/>\n<meta property=\"article:publisher\" content=\"https:\/\/www.facebook.com\/wirmachenauf\" \/>\n<meta property=\"article:published_time\" content=\"2025-08-07T08:42:21+00:00\" \/>\n<meta property=\"og:image\" content=\"https:\/\/now-news.de\/de\/wp-content\/uploads\/sites\/3\/2024\/05\/breaking3.jpg\" \/>\n<meta name=\"author\" content=\"rtnews\" \/>\n<meta name=\"twitter:card\" content=\"summary_large_image\" \/>\n<meta name=\"twitter:creator\" content=\"@WirMachenAuf_de\" \/>\n<meta name=\"twitter:site\" content=\"@WirMachenAuf_de\" \/>\n<meta name=\"twitter:label1\" content=\"Verfasst von\" \/>\n\t<meta name=\"twitter:data1\" content=\"rtnews\" \/>\n\t<meta name=\"twitter:label2\" content=\"Gesch\u00e4tzte Lesezeit\" \/>\n\t<meta name=\"twitter:data2\" content=\"2\u00a0Minuten\" \/>\n<script type=\"application\/ld+json\" class=\"yoast-schema-graph\">{\"@context\":\"https:\/\/schema.org\",\"@graph\":[{\"@type\":\"Article\",\"@id\":\"https:\/\/now-news.de\/de\/deutschland\/kreml-bestaetigt-treffen-zwischen-trump-und-putin-in-den-kommenden-tagen\/#article\",\"isPartOf\":{\"@id\":\"https:\/\/now-news.de\/de\/deutschland\/kreml-bestaetigt-treffen-zwischen-trump-und-putin-in-den-kommenden-tagen\/\"},\"author\":{\"name\":\"rtnews\",\"@id\":\"https:\/\/now-news.de\/de\/#\/schema\/person\/fb534a4e865501d8b3285208df34a9b5\"},\"headline\":\"Kreml best\u00e4tigt Treffen zwischen Trump und Putin in &quot;den kommenden Tagen&quot;\",\"datePublished\":\"2025-08-07T08:42:21+00:00\",\"dateModified\":\"2025-08-07T08:42:21+00:00\",\"mainEntityOfPage\":{\"@id\":\"https:\/\/now-news.de\/de\/deutschland\/kreml-bestaetigt-treffen-zwischen-trump-und-putin-in-den-kommenden-tagen\/\"},\"wordCount\":317,\"commentCount\":0,\"publisher\":{\"@id\":\"https:\/\/now-news.de\/de\/#organization\"},\"image\":{\"@id\":\"https:\/\/now-news.de\/de\/deutschland\/kreml-bestaetigt-treffen-zwischen-trump-und-putin-in-den-kommenden-tagen\/#primaryimage\"},\"thumbnailUrl\":\"https:\/\/now-news.de\/de\/wp-content\/uploads\/sites\/3\/2024\/05\/China-beginnt-mit-Umzingelungsuebungen-rund-um-Taiwan.jpg\",\"keywords\":[\"best\u00e4tigt\",\"kommenden\",\"Kreml\",\"putin\",\"quotDen\",\"Tagenquot\",\"Treffen\",\"trump\",\"und\",\"zwischen\"],\"articleSection\":[\"Deutschland\",\"Russland\"],\"inLanguage\":\"de\",\"potentialAction\":[{\"@type\":\"CommentAction\",\"name\":\"Comment\",\"target\":[\"https:\/\/now-news.de\/de\/deutschland\/kreml-bestaetigt-treffen-zwischen-trump-und-putin-in-den-kommenden-tagen\/#respond\"]}]},{\"@type\":\"WebPage\",\"@id\":\"https:\/\/now-news.de\/de\/deutschland\/kreml-bestaetigt-treffen-zwischen-trump-und-putin-in-den-kommenden-tagen\/\",\"url\":\"https:\/\/now-news.de\/de\/deutschland\/kreml-bestaetigt-treffen-zwischen-trump-und-putin-in-den-kommenden-tagen\/\",\"name\":\"Kreml best\u00e4tigt Treffen zwischen Trump und Putin in &quot;den kommenden Tagen&quot; - just-now.NEWS Deutschland\",\"isPartOf\":{\"@id\":\"https:\/\/now-news.de\/de\/#website\"},\"primaryImageOfPage\":{\"@id\":\"https:\/\/now-news.de\/de\/deutschland\/kreml-bestaetigt-treffen-zwischen-trump-und-putin-in-den-kommenden-tagen\/#primaryimage\"},\"image\":{\"@id\":\"https:\/\/now-news.de\/de\/deutschland\/kreml-bestaetigt-treffen-zwischen-trump-und-putin-in-den-kommenden-tagen\/#primaryimage\"},\"thumbnailUrl\":\"https:\/\/now-news.de\/de\/wp-content\/uploads\/sites\/3\/2024\/05\/China-beginnt-mit-Umzingelungsuebungen-rund-um-Taiwan.jpg\",\"datePublished\":\"2025-08-07T08:42:21+00:00\",\"dateModified\":\"2025-08-07T08:42:21+00:00\",\"breadcrumb\":{\"@id\":\"https:\/\/now-news.de\/de\/deutschland\/kreml-bestaetigt-treffen-zwischen-trump-und-putin-in-den-kommenden-tagen\/#breadcrumb\"},\"inLanguage\":\"de\",\"potentialAction\":[{\"@type\":\"ReadAction\",\"target\":[\"https:\/\/now-news.de\/de\/deutschland\/kreml-bestaetigt-treffen-zwischen-trump-und-putin-in-den-kommenden-tagen\/\"]}]},{\"@type\":\"ImageObject\",\"inLanguage\":\"de\",\"@id\":\"https:\/\/now-news.de\/de\/deutschland\/kreml-bestaetigt-treffen-zwischen-trump-und-putin-in-den-kommenden-tagen\/#primaryimage\",\"url\":\"https:\/\/now-news.de\/de\/wp-content\/uploads\/sites\/3\/2024\/05\/China-beginnt-mit-Umzingelungsuebungen-rund-um-Taiwan.jpg\",\"contentUrl\":\"https:\/\/now-news.de\/de\/wp-content\/uploads\/sites\/3\/2024\/05\/China-beginnt-mit-Umzingelungsuebungen-rund-um-Taiwan.jpg\",\"width\":460,\"height\":259,\"caption\":\"China beginnt mit Umzingelungs\u00fcbungen rund um Taiwan\"},{\"@type\":\"BreadcrumbList\",\"@id\":\"https:\/\/now-news.de\/de\/deutschland\/kreml-bestaetigt-treffen-zwischen-trump-und-putin-in-den-kommenden-tagen\/#breadcrumb\",\"itemListElement\":[{\"@type\":\"ListItem\",\"position\":1,\"name\":\"Home\",\"item\":\"https:\/\/now-news.de\/de\/\"},{\"@type\":\"ListItem\",\"position\":2,\"name\":\"Kreml best\u00e4tigt Treffen zwischen Trump und Putin in &quot;den kommenden Tagen&quot;\"}]},{\"@type\":\"WebSite\",\"@id\":\"https:\/\/now-news.de\/de\/#website\",\"url\":\"https:\/\/now-news.de\/de\/\",\"name\":\"just-now.NEWS Deutschland\",\"description\":\"Das Portal f\u00fcr unzensierte Nachrichten aus der Welt\",\"publisher\":{\"@id\":\"https:\/\/now-news.de\/de\/#organization\"},\"potentialAction\":[{\"@type\":\"SearchAction\",\"target\":{\"@type\":\"EntryPoint\",\"urlTemplate\":\"https:\/\/now-news.de\/de\/?s={search_term_string}\"},\"query-input\":\"required name=search_term_string\"}],\"inLanguage\":\"de\"},{\"@type\":\"Organization\",\"@id\":\"https:\/\/now-news.de\/de\/#organization\",\"name\":\"Just Now News\",\"url\":\"https:\/\/now-news.de\/de\/\",\"logo\":{\"@type\":\"ImageObject\",\"inLanguage\":\"de\",\"@id\":\"https:\/\/now-news.de\/de\/#\/schema\/logo\/image\/\",\"url\":\"http:\/\/just-now.news\/de\/wp-content\/uploads\/sites\/3\/2022\/04\/logo500x500.jpg\",\"contentUrl\":\"http:\/\/just-now.news\/de\/wp-content\/uploads\/sites\/3\/2022\/04\/logo500x500.jpg\",\"width\":500,\"height\":500,\"caption\":\"Just Now News\"},\"image\":{\"@id\":\"https:\/\/now-news.de\/de\/#\/schema\/logo\/image\/\"},\"sameAs\":[\"https:\/\/www.facebook.com\/wirmachenauf\",\"https:\/\/x.com\/WirMachenAuf_de\"]},{\"@type\":\"Person\",\"@id\":\"https:\/\/now-news.de\/de\/#\/schema\/person\/fb534a4e865501d8b3285208df34a9b5\",\"name\":\"rtnews\",\"image\":{\"@type\":\"ImageObject\",\"inLanguage\":\"de\",\"@id\":\"https:\/\/now-news.de\/de\/#\/schema\/person\/image\/\",\"url\":\"https:\/\/secure.gravatar.com\/avatar\/82aafea7d8127119dd649515f56e2117?s=96&d=mm&r=g\",\"contentUrl\":\"https:\/\/secure.gravatar.com\/avatar\/82aafea7d8127119dd649515f56e2117?s=96&d=mm&r=g\",\"caption\":\"rtnews\"},\"url\":\"https:\/\/now-news.de\/de\/author\/rnews\/\"}]}<\/script>\n<!-- \/ Yoast SEO Premium plugin. -->","yoast_head_json":{"title":"Kreml best\u00e4tigt Treffen zwischen Trump und Putin in &quot;den kommenden Tagen&quot; - just-now.NEWS Deutschland","robots":{"index":"index","follow":"follow","max-snippet":"max-snippet:-1","max-image-preview":"max-image-preview:large","max-video-preview":"max-video-preview:-1"},"canonical":"https:\/\/now-news.de\/de\/deutschland\/kreml-bestaetigt-treffen-zwischen-trump-und-putin-in-den-kommenden-tagen\/","og_locale":"de_DE","og_type":"article","og_title":"Kreml best\u00e4tigt Treffen zwischen Trump und Putin in &quot;den kommenden Tagen&quot;","og_description":"Ein Treffen zwischen Donald Trump und Wladimir Putin wird in den n\u00e4chsten Tagen stattfinden. Details zu Ort und Zeit werden sp\u00e4ter bekanntgegeben. Die Initiative f\u00fcr den Gipfel kommt laut Kreml von der US-Seite. Russland und die USA haben eine Vereinbarung \u00fcber ein Treffen der Pr\u00e4sidenten beider L\u00e4nder, Wladimir Putin und Donald Trump, in den n\u00e4chsten [&hellip;]","og_url":"https:\/\/now-news.de\/de\/deutschland\/kreml-bestaetigt-treffen-zwischen-trump-und-putin-in-den-kommenden-tagen\/","og_site_name":"just-now.NEWS Deutschland","article_publisher":"https:\/\/www.facebook.com\/wirmachenauf","article_published_time":"2025-08-07T08:42:21+00:00","og_image":[{"url":"https:\/\/now-news.de\/de\/wp-content\/uploads\/sites\/3\/2024\/05\/breaking3.jpg"}],"author":"rtnews","twitter_card":"summary_large_image","twitter_creator":"@WirMachenAuf_de","twitter_site":"@WirMachenAuf_de","twitter_misc":{"Verfasst von":"rtnews","Gesch\u00e4tzte Lesezeit":"2\u00a0Minuten"},"schema":{"@context":"https:\/\/schema.org","@graph":[{"@type":"Article","@id":"https:\/\/now-news.de\/de\/deutschland\/kreml-bestaetigt-treffen-zwischen-trump-und-putin-in-den-kommenden-tagen\/#article","isPartOf":{"@id":"https:\/\/now-news.de\/de\/deutschland\/kreml-bestaetigt-treffen-zwischen-trump-und-putin-in-den-kommenden-tagen\/"},"author":{"name":"rtnews","@id":"https:\/\/now-news.de\/de\/#\/schema\/person\/fb534a4e865501d8b3285208df34a9b5"},"headline":"Kreml best\u00e4tigt Treffen zwischen Trump und Putin in &quot;den kommenden Tagen&quot;","datePublished":"2025-08-07T08:42:21+00:00","dateModified":"2025-08-07T08:42:21+00:00","mainEntityOfPage":{"@id":"https:\/\/now-news.de\/de\/deutschland\/kreml-bestaetigt-treffen-zwischen-trump-und-putin-in-den-kommenden-tagen\/"},"wordCount":317,"commentCount":0,"publisher":{"@id":"https:\/\/now-news.de\/de\/#organization"},"image":{"@id":"https:\/\/now-news.de\/de\/deutschland\/kreml-bestaetigt-treffen-zwischen-trump-und-putin-in-den-kommenden-tagen\/#primaryimage"},"thumbnailUrl":"https:\/\/now-news.de\/de\/wp-content\/uploads\/sites\/3\/2024\/05\/China-beginnt-mit-Umzingelungsuebungen-rund-um-Taiwan.jpg","keywords":["best\u00e4tigt","kommenden","Kreml","putin","quotDen","Tagenquot","Treffen","trump","und","zwischen"],"articleSection":["Deutschland","Russland"],"inLanguage":"de","potentialAction":[{"@type":"CommentAction","name":"Comment","target":["https:\/\/now-news.de\/de\/deutschland\/kreml-bestaetigt-treffen-zwischen-trump-und-putin-in-den-kommenden-tagen\/#respond"]}]},{"@type":"WebPage","@id":"https:\/\/now-news.de\/de\/deutschland\/kreml-bestaetigt-treffen-zwischen-trump-und-putin-in-den-kommenden-tagen\/","url":"https:\/\/now-news.de\/de\/deutschland\/kreml-bestaetigt-treffen-zwischen-trump-und-putin-in-den-kommenden-tagen\/","name":"Kreml best\u00e4tigt Treffen zwischen Trump und Putin in &quot;den kommenden Tagen&quot; - just-now.NEWS Deutschland","isPartOf":{"@id":"https:\/\/now-news.de\/de\/#website"},"primaryImageOfPage":{"@id":"https:\/\/now-news.de\/de\/deutschland\/kreml-bestaetigt-treffen-zwischen-trump-und-putin-in-den-kommenden-tagen\/#primaryimage"},"image":{"@id":"https:\/\/now-news.de\/de\/deutschland\/kreml-bestaetigt-treffen-zwischen-trump-und-putin-in-den-kommenden-tagen\/#primaryimage"},"thumbnailUrl":"https:\/\/now-news.de\/de\/wp-content\/uploads\/sites\/3\/2024\/05\/China-beginnt-mit-Umzingelungsuebungen-rund-um-Taiwan.jpg","datePublished":"2025-08-07T08:42:21+00:00","dateModified":"2025-08-07T08:42:21+00:00","breadcrumb":{"@id":"https:\/\/now-news.de\/de\/deutschland\/kreml-bestaetigt-treffen-zwischen-trump-und-putin-in-den-kommenden-tagen\/#breadcrumb"},"inLanguage":"de","potentialAction":[{"@type":"ReadAction","target":["https:\/\/now-news.de\/de\/deutschland\/kreml-bestaetigt-treffen-zwischen-trump-und-putin-in-den-kommenden-tagen\/"]}]},{"@type":"ImageObject","inLanguage":"de","@id":"https:\/\/now-news.de\/de\/deutschland\/kreml-bestaetigt-treffen-zwischen-trump-und-putin-in-den-kommenden-tagen\/#primaryimage","url":"https:\/\/now-news.de\/de\/wp-content\/uploads\/sites\/3\/2024\/05\/China-beginnt-mit-Umzingelungsuebungen-rund-um-Taiwan.jpg","contentUrl":"https:\/\/now-news.de\/de\/wp-content\/uploads\/sites\/3\/2024\/05\/China-beginnt-mit-Umzingelungsuebungen-rund-um-Taiwan.jpg","width":460,"height":259,"caption":"China beginnt mit Umzingelungs\u00fcbungen rund um Taiwan"},{"@type":"BreadcrumbList","@id":"https:\/\/now-news.de\/de\/deutschland\/kreml-bestaetigt-treffen-zwischen-trump-und-putin-in-den-kommenden-tagen\/#breadcrumb","itemListElement":[{"@type":"ListItem","position":1,"name":"Home","item":"https:\/\/now-news.de\/de\/"},{"@type":"ListItem","position":2,"name":"Kreml best\u00e4tigt Treffen zwischen Trump und Putin in &quot;den kommenden Tagen&quot;"}]},{"@type":"WebSite","@id":"https:\/\/now-news.de\/de\/#website","url":"https:\/\/now-news.de\/de\/","name":"just-now.NEWS Deutschland","description":"Das Portal f\u00fcr unzensierte Nachrichten aus der Welt","publisher":{"@id":"https:\/\/now-news.de\/de\/#organization"},"potentialAction":[{"@type":"SearchAction","target":{"@type":"EntryPoint","urlTemplate":"https:\/\/now-news.de\/de\/?s={search_term_string}"},"query-input":"required name=search_term_string"}],"inLanguage":"de"},{"@type":"Organization","@id":"https:\/\/now-news.de\/de\/#organization","name":"Just Now News","url":"https:\/\/now-news.de\/de\/","logo":{"@type":"ImageObject","inLanguage":"de","@id":"https:\/\/now-news.de\/de\/#\/schema\/logo\/image\/","url":"http:\/\/just-now.news\/de\/wp-content\/uploads\/sites\/3\/2022\/04\/logo500x500.jpg","contentUrl":"http:\/\/just-now.news\/de\/wp-content\/uploads\/sites\/3\/2022\/04\/logo500x500.jpg","width":500,"height":500,"caption":"Just Now News"},"image":{"@id":"https:\/\/now-news.de\/de\/#\/schema\/logo\/image\/"},"sameAs":["https:\/\/www.facebook.com\/wirmachenauf","https:\/\/x.com\/WirMachenAuf_de"]},{"@type":"Person","@id":"https:\/\/now-news.de\/de\/#\/schema\/person\/fb534a4e865501d8b3285208df34a9b5","name":"rtnews","image":{"@type":"ImageObject","inLanguage":"de","@id":"https:\/\/now-news.de\/de\/#\/schema\/person\/image\/","url":"https:\/\/secure.gravatar.com\/avatar\/82aafea7d8127119dd649515f56e2117?s=96&d=mm&r=g","contentUrl":"https:\/\/secure.gravatar.com\/avatar\/82aafea7d8127119dd649515f56e2117?s=96&d=mm&r=g","caption":"rtnews"},"url":"https:\/\/now-news.de\/de\/author\/rnews\/"}]}},"_links":{"self":[{"href":"https:\/\/now-news.de\/de\/wp-json\/wp\/v2\/posts\/88423"}],"collection":[{"href":"https:\/\/now-news.de\/de\/wp-json\/wp\/v2\/posts"}],"about":[{"href":"https:\/\/now-news.de\/de\/wp-json\/wp\/v2\/types\/post"}],"author":[{"embeddable":true,"href":"https:\/\/now-news.de\/de\/wp-json\/wp\/v2\/users\/3"}],"replies":[{"embeddable":true,"href":"https:\/\/now-news.de\/de\/wp-json\/wp\/v2\/comments?post=88423"}],"version-history":[{"count":0,"href":"https:\/\/now-news.de\/de\/wp-json\/wp\/v2\/posts\/88423\/revisions"}],"wp:featuredmedia":[{"embeddable":true,"href":"https:\/\/now-news.de\/de\/wp-json\/wp\/v2\/media\/58637"}],"wp:attachment":[{"href":"https:\/\/now-news.de\/de\/wp-json\/wp\/v2\/media?parent=88423"}],"wp:term":[{"taxonomy":"category","embeddable":true,"href":"https:\/\/now-news.de\/de\/wp-json\/wp\/v2\/categories?post=88423"},{"taxonomy":"post_tag","embeddable":true,"href":"https:\/\/now-news.de\/de\/wp-json\/wp\/v2\/tags?post=88423"}],"curies":[{"name":"wp","href":"https:\/\/api.w.org\/{rel}","templated":true}]}}