{"id":88404,"date":"2025-08-06T20:59:18","date_gmt":"2025-08-06T18:59:18","guid":{"rendered":"https:\/\/now-news.de\/de\/deutschland\/anklage-gegen-polizisten-keine-ermittlung-gegen-aschaffenburger-messermoerder\/"},"modified":"2025-08-06T20:59:18","modified_gmt":"2025-08-06T18:59:18","slug":"anklage-gegen-polizisten-keine-ermittlung-gegen-aschaffenburger-messermoerder","status":"publish","type":"post","link":"https:\/\/now-news.de\/de\/deutschland\/anklage-gegen-polizisten-keine-ermittlung-gegen-aschaffenburger-messermoerder\/","title":{"rendered":"Anklage gegen Polizisten: Keine Ermittlung gegen Aschaffenburger Messerm\u00f6rder"},"content":{"rendered":"<p><img decoding=\"async\" src=\"https:\/\/now-news.de\/de\/wp-content\/uploads\/sites\/3\/2025\/08\/6893805348fbef0f35326c13.jpg\" \/><\/p>\n<div class=\"Text-root Text-type_1 \">\n                Die Staatsanwaltschaft Coburg hat jetzt Anklage gegen einen Polizisten erhoben, der gegen den sp\u00e4teren Aschaffenburger Messerm\u00f6rder keine Ermittlungen eingeleitet hatte. Der Afghane war bereits vor dem Mord mit zahlreichen Straftaten davongekommen.\n            <\/div>\n<p><\/p>\n<div class=\"Text-root Text-type_5 ArticleView-text ViewText-root \">\n<p>Es ist ungew\u00f6hnlich und w\u00fcrde vermutlich nicht passieren, w\u00e4re der Messerangriff in einem Aschaffenburger Park, der einige Monate sp\u00e4ter folgte, nicht so spektakul\u00e4r gewesen: Ein Aschaffenburger Polizist wird nun wegen Strafvereitelung im Amt angeklagt.<\/p>\n<p>Monate vor dem t\u00f6dlichen Angriff am 22. Januar dieses Jahres, bei dem der afghanische Asylbewerber Enamullah O. ein zweij\u00e4hriges Kind und einen 41-j\u00e4hrigen Mann get\u00f6tet hatte, war die Polizei in die Fl\u00fcchtlingsunterkunft in Alzenau gerufen worden. Dort hatte er, nach Aussage von Mitbewohnern, eine 44-J\u00e4hrige gew\u00fcrgt und mit einem Messer angegriffen. Der Mann wurde in Gewahrsam genommen, das Opfer wurde fotografiert, aber von dem zust\u00e4ndigen Beamten wurde kein Ermittlungsverfahren eingeleitet, &#8220;obwohl er \u00fcber den Vorfall informiert war und sich ihm das Vorliegen einer nicht unerheblichen Straftat \u2013 gef\u00e4hrliche K\u00f6rperverletzung \u2013 aufgedr\u00e4ngt haben muss&#8221;, so die Staatsanwaltschaft Coburg.<\/p>\n<p>Allerdings ist vorstellbar, dass dieses Verfahren zu keiner Verurteilung f\u00fchrt. Dies war n\u00e4mlich nicht der einzige Vorfall mit Enamullah O.; im Gegenteil, die <em>S\u00fcddeutsche Zeitung<\/em> hat schon Ende Januar eine lange Liste von Vorf\u00e4llen <a rel=\"nofollow noopener\" target=\"_blank\" href=\"https:\/\/archive.ph\/DttBh\">ver\u00f6ffentlicht<\/a>, die von der Einreise des T\u00e4ters im November 2022 bis zum Messerangriff im Januar 2025 reichen. Die erste Meldung \u00fcber gewaltt\u00e4tiges Verhalten stammt dabei bereits vom Dezember 2022 aus einer anderen Asylunterkunft in Unterfranken. Sie f\u00fchrte zu strafrechtlichen Ermittlungen; das Verfahren wurde aber wegen widerspr\u00fcchlicher Aussagen eingestellt. \u00c4hnliches geschah in mindestens drei weiteren Strafverfahren wegen \u00dcbergriffen in den Unterk\u00fcnften. Ein Umstand, der wom\u00f6glich die Tatsache, dass beim letzten Vorfall nicht einmal mehr Ermittlungen aufgenommen wurden, beeinflusst hat.<\/p>\n<p>Im Mai 2024 griff er sogar in einer Polizeiinspektion Beamte an; auch hier wird ermittelt. Der Mann wurde in die Psychiatrie gebracht (nicht zum ersten Mal), aber am selben Tag wieder entlassen. Im Juni dieses Jahres wurde er das erste Mal wegen K\u00f6rperverletzung verurteilt, zu einer Geldstrafe.<\/p>\n<p>Anschlie\u00dfend kam er in der Unterkunft in Alzenau; dort soll er randaliert und anschlie\u00dfend auf der Fahrt in die Klinik nach einem Rettungssanit\u00e4ter getreten haben. Keines der Verfahren f\u00fchrte zu einer Strafe, die gravierend genug gewesen w\u00e4re, um an das Bundesamt f\u00fcr Migration und Fl\u00fcchtlinge gemeldet zu werden. Zwischendrin wird auch noch eine Dublin-Abschiebung nach Bulgarien, der Bulgarien bereits zugestimmt hatte, b\u00fcrokratisch verbockt, und auch auf die darauf folgende Ablehnung des Asylantrags geschieht nichts. Da eine Abschiebung nach Afghanistan nicht m\u00f6glich sei, nehmen ihn die bayerischen Beh\u00f6rden auch nicht in Abschiebehaft.<\/p>\n<p>Der Einzige, der nun f\u00fcr die gesamte Abfolge verantwortlich gemacht werden soll, ist der zust\u00e4ndige Polizeibeamte bei dem Einsatz in Alzenau im August 2024. Ob die Staatsanwaltschaft mit ihrer Anklage letztlich Erfolg haben wird, ist angesichts der gesamten Abfolge aber fraglich; Enamullah O. hatte schlie\u00dflich seit seiner Ankunft immer wieder f\u00fcr \u00c4rger gesorgt, aber selbst die Aufnahme von Ermittlungen gegen ihn in diesem einen Fall h\u00e4tte vermutlich am Ergebnis nichts ge\u00e4ndert. Zu viele andere Verfahren hatten schlie\u00dflich bereits mit einer Einstellung geendet, so wie mehrere Versuche einer Einweisung in die Psychiatrie immer wieder mit seiner Freilassung endeten.<\/p>\n<p><strong>Mehr zum Thema<\/strong> &#8211;\u00a0<a rel=\"nofollow noopener\" target=\"_blank\" href=\"https:\/\/freedert.online\/inland\/241752-nach-attentat-im-januar-bayern\/\">Bayern sagt Danke: Somalier soll trotz &#8220;beispielhafter Zivilcourage&#8221; bei Attentat abgeschoben werden <\/a><\/p>\n<div class=\"EmbedBlock-root EmbedBlock-externalVideo EmbedBlock-rumble\">\n<div class=\"VkEmbed\"><iframe class=\"lazyload\" data-src=\"https:\/\/rumble.com\/embed\/v6b3l41\" frameborder=\"0\" width=\"853\" height=\"480\" allowfullscreen><\/iframe><\/div>\n<\/div>\n<\/div>\n<p><br \/>\n<br \/><a href=\"https:\/\/de.rt.com\/inland\/252599-anklage-gegen-polizisten-keine-ermittlung\/\">Source link <\/a><\/p>\n","protected":false},"excerpt":{"rendered":"<p>Die Staatsanwaltschaft Coburg hat jetzt Anklage gegen einen Polizisten erhoben, der gegen den sp\u00e4teren Aschaffenburger Messerm\u00f6rder keine Ermittlungen eingeleitet hatte. Der Afghane war bereits vor dem Mord mit zahlreichen Straftaten davongekommen. Es ist ungew\u00f6hnlich und w\u00fcrde vermutlich nicht passieren, w\u00e4re der Messerangriff in einem Aschaffenburger Park, der einige Monate sp\u00e4ter folgte, nicht so spektakul\u00e4r gewesen: [&hellip;]<\/p>\n","protected":false},"author":3,"featured_media":88405,"comment_status":"open","ping_status":"open","sticky":false,"template":"","format":"standard","meta":{"_yoast_indexnow_last_ping":["1754507570"],"wp_automatic_camp":["217"],"291890b4d5e7326bf848d7d5ddfc9cb4":["Anklage gegen Polizisten: Keine Ermittlung gegen Aschaffenburger Messerm\u00f6rder"],"original_link":["https:\/\/de.rt.com\/inland\/252599-anklage-gegen-polizisten-keine-ermittlung\/"],"_thumbnail_id":["88405"],"jnews_social_counter_last_update":["1776696563"],"_wptgpro_p2tg_sent2tg":["a:1:{i:23737;s:19:\"2025-08-06 21:13:52\";}"]},"categories":[19,23],"tags":[8054,66902,34022,278,375,66903,5028],"yoast_head":"<!-- This site is optimized with the Yoast SEO Premium plugin v22.7 (Yoast SEO v22.7) - https:\/\/yoast.com\/wordpress\/plugins\/seo\/ -->\n<title>Anklage gegen Polizisten: Keine Ermittlung gegen Aschaffenburger Messerm\u00f6rder - just-now.NEWS Deutschland<\/title>\n<meta name=\"robots\" content=\"index, follow, max-snippet:-1, max-image-preview:large, max-video-preview:-1\" \/>\n<link rel=\"canonical\" href=\"https:\/\/now-news.de\/de\/deutschland\/anklage-gegen-polizisten-keine-ermittlung-gegen-aschaffenburger-messermoerder\/\" \/>\n<meta property=\"og:locale\" content=\"de_DE\" \/>\n<meta property=\"og:type\" content=\"article\" \/>\n<meta property=\"og:title\" content=\"Anklage gegen Polizisten: Keine Ermittlung gegen Aschaffenburger Messerm\u00f6rder\" \/>\n<meta property=\"og:description\" content=\"Die Staatsanwaltschaft Coburg hat jetzt Anklage gegen einen Polizisten erhoben, der gegen den sp\u00e4teren Aschaffenburger Messerm\u00f6rder keine Ermittlungen eingeleitet hatte. Der Afghane war bereits vor dem Mord mit zahlreichen Straftaten davongekommen. Es ist ungew\u00f6hnlich und w\u00fcrde vermutlich nicht passieren, w\u00e4re der Messerangriff in einem Aschaffenburger Park, der einige Monate sp\u00e4ter folgte, nicht so spektakul\u00e4r gewesen: [&hellip;]\" \/>\n<meta property=\"og:url\" content=\"https:\/\/now-news.de\/de\/deutschland\/anklage-gegen-polizisten-keine-ermittlung-gegen-aschaffenburger-messermoerder\/\" \/>\n<meta property=\"og:site_name\" content=\"just-now.NEWS Deutschland\" \/>\n<meta property=\"article:publisher\" content=\"https:\/\/www.facebook.com\/wirmachenauf\" \/>\n<meta property=\"article:published_time\" content=\"2025-08-06T18:59:18+00:00\" \/>\n<meta property=\"og:image\" content=\"https:\/\/now-news.de\/de\/wp-content\/uploads\/sites\/3\/2025\/08\/6893805348fbef0f35326c13.jpg\" \/>\n<meta name=\"author\" content=\"rtnews\" \/>\n<meta name=\"twitter:card\" content=\"summary_large_image\" \/>\n<meta name=\"twitter:creator\" content=\"@WirMachenAuf_de\" \/>\n<meta name=\"twitter:site\" content=\"@WirMachenAuf_de\" \/>\n<meta name=\"twitter:label1\" content=\"Verfasst von\" \/>\n\t<meta name=\"twitter:data1\" content=\"rtnews\" \/>\n\t<meta name=\"twitter:label2\" content=\"Gesch\u00e4tzte Lesezeit\" \/>\n\t<meta name=\"twitter:data2\" content=\"3\u00a0Minuten\" \/>\n<script type=\"application\/ld+json\" class=\"yoast-schema-graph\">{\"@context\":\"https:\/\/schema.org\",\"@graph\":[{\"@type\":\"Article\",\"@id\":\"https:\/\/now-news.de\/de\/deutschland\/anklage-gegen-polizisten-keine-ermittlung-gegen-aschaffenburger-messermoerder\/#article\",\"isPartOf\":{\"@id\":\"https:\/\/now-news.de\/de\/deutschland\/anklage-gegen-polizisten-keine-ermittlung-gegen-aschaffenburger-messermoerder\/\"},\"author\":{\"name\":\"rtnews\",\"@id\":\"https:\/\/now-news.de\/de\/#\/schema\/person\/fb534a4e865501d8b3285208df34a9b5\"},\"headline\":\"Anklage gegen Polizisten: Keine Ermittlung gegen Aschaffenburger Messerm\u00f6rder\",\"datePublished\":\"2025-08-06T18:59:18+00:00\",\"dateModified\":\"2025-08-06T18:59:18+00:00\",\"mainEntityOfPage\":{\"@id\":\"https:\/\/now-news.de\/de\/deutschland\/anklage-gegen-polizisten-keine-ermittlung-gegen-aschaffenburger-messermoerder\/\"},\"wordCount\":576,\"commentCount\":0,\"publisher\":{\"@id\":\"https:\/\/now-news.de\/de\/#organization\"},\"image\":{\"@id\":\"https:\/\/now-news.de\/de\/deutschland\/anklage-gegen-polizisten-keine-ermittlung-gegen-aschaffenburger-messermoerder\/#primaryimage\"},\"thumbnailUrl\":\"https:\/\/now-news.de\/de\/wp-content\/uploads\/sites\/3\/2025\/08\/Anklage-gegen-Polizisten-Keine-Ermittlung-gegen-Aschaffenburger-Messermoerder.jpg\",\"keywords\":[\"Anklage\",\"Aschaffenburger\",\"Ermittlung\",\"gegen\",\"keine\",\"Messerm\u00f6rder\",\"Polizisten\"],\"articleSection\":[\"Deutschland\",\"Russland\"],\"inLanguage\":\"de\",\"potentialAction\":[{\"@type\":\"CommentAction\",\"name\":\"Comment\",\"target\":[\"https:\/\/now-news.de\/de\/deutschland\/anklage-gegen-polizisten-keine-ermittlung-gegen-aschaffenburger-messermoerder\/#respond\"]}]},{\"@type\":\"WebPage\",\"@id\":\"https:\/\/now-news.de\/de\/deutschland\/anklage-gegen-polizisten-keine-ermittlung-gegen-aschaffenburger-messermoerder\/\",\"url\":\"https:\/\/now-news.de\/de\/deutschland\/anklage-gegen-polizisten-keine-ermittlung-gegen-aschaffenburger-messermoerder\/\",\"name\":\"Anklage gegen Polizisten: Keine Ermittlung gegen Aschaffenburger Messerm\u00f6rder - just-now.NEWS Deutschland\",\"isPartOf\":{\"@id\":\"https:\/\/now-news.de\/de\/#website\"},\"primaryImageOfPage\":{\"@id\":\"https:\/\/now-news.de\/de\/deutschland\/anklage-gegen-polizisten-keine-ermittlung-gegen-aschaffenburger-messermoerder\/#primaryimage\"},\"image\":{\"@id\":\"https:\/\/now-news.de\/de\/deutschland\/anklage-gegen-polizisten-keine-ermittlung-gegen-aschaffenburger-messermoerder\/#primaryimage\"},\"thumbnailUrl\":\"https:\/\/now-news.de\/de\/wp-content\/uploads\/sites\/3\/2025\/08\/Anklage-gegen-Polizisten-Keine-Ermittlung-gegen-Aschaffenburger-Messermoerder.jpg\",\"datePublished\":\"2025-08-06T18:59:18+00:00\",\"dateModified\":\"2025-08-06T18:59:18+00:00\",\"breadcrumb\":{\"@id\":\"https:\/\/now-news.de\/de\/deutschland\/anklage-gegen-polizisten-keine-ermittlung-gegen-aschaffenburger-messermoerder\/#breadcrumb\"},\"inLanguage\":\"de\",\"potentialAction\":[{\"@type\":\"ReadAction\",\"target\":[\"https:\/\/now-news.de\/de\/deutschland\/anklage-gegen-polizisten-keine-ermittlung-gegen-aschaffenburger-messermoerder\/\"]}]},{\"@type\":\"ImageObject\",\"inLanguage\":\"de\",\"@id\":\"https:\/\/now-news.de\/de\/deutschland\/anklage-gegen-polizisten-keine-ermittlung-gegen-aschaffenburger-messermoerder\/#primaryimage\",\"url\":\"https:\/\/now-news.de\/de\/wp-content\/uploads\/sites\/3\/2025\/08\/Anklage-gegen-Polizisten-Keine-Ermittlung-gegen-Aschaffenburger-Messermoerder.jpg\",\"contentUrl\":\"https:\/\/now-news.de\/de\/wp-content\/uploads\/sites\/3\/2025\/08\/Anklage-gegen-Polizisten-Keine-Ermittlung-gegen-Aschaffenburger-Messermoerder.jpg\",\"width\":460,\"height\":259,\"caption\":\"Anklage gegen Polizisten: Keine Ermittlung gegen Aschaffenburger Messerm\u00f6rder\"},{\"@type\":\"BreadcrumbList\",\"@id\":\"https:\/\/now-news.de\/de\/deutschland\/anklage-gegen-polizisten-keine-ermittlung-gegen-aschaffenburger-messermoerder\/#breadcrumb\",\"itemListElement\":[{\"@type\":\"ListItem\",\"position\":1,\"name\":\"Home\",\"item\":\"https:\/\/now-news.de\/de\/\"},{\"@type\":\"ListItem\",\"position\":2,\"name\":\"Anklage gegen Polizisten: Keine Ermittlung gegen Aschaffenburger Messerm\u00f6rder\"}]},{\"@type\":\"WebSite\",\"@id\":\"https:\/\/now-news.de\/de\/#website\",\"url\":\"https:\/\/now-news.de\/de\/\",\"name\":\"just-now.NEWS Deutschland\",\"description\":\"Das Portal f\u00fcr unzensierte Nachrichten aus der Welt\",\"publisher\":{\"@id\":\"https:\/\/now-news.de\/de\/#organization\"},\"potentialAction\":[{\"@type\":\"SearchAction\",\"target\":{\"@type\":\"EntryPoint\",\"urlTemplate\":\"https:\/\/now-news.de\/de\/?s={search_term_string}\"},\"query-input\":\"required name=search_term_string\"}],\"inLanguage\":\"de\"},{\"@type\":\"Organization\",\"@id\":\"https:\/\/now-news.de\/de\/#organization\",\"name\":\"Just Now News\",\"url\":\"https:\/\/now-news.de\/de\/\",\"logo\":{\"@type\":\"ImageObject\",\"inLanguage\":\"de\",\"@id\":\"https:\/\/now-news.de\/de\/#\/schema\/logo\/image\/\",\"url\":\"http:\/\/just-now.news\/de\/wp-content\/uploads\/sites\/3\/2022\/04\/logo500x500.jpg\",\"contentUrl\":\"http:\/\/just-now.news\/de\/wp-content\/uploads\/sites\/3\/2022\/04\/logo500x500.jpg\",\"width\":500,\"height\":500,\"caption\":\"Just Now News\"},\"image\":{\"@id\":\"https:\/\/now-news.de\/de\/#\/schema\/logo\/image\/\"},\"sameAs\":[\"https:\/\/www.facebook.com\/wirmachenauf\",\"https:\/\/x.com\/WirMachenAuf_de\"]},{\"@type\":\"Person\",\"@id\":\"https:\/\/now-news.de\/de\/#\/schema\/person\/fb534a4e865501d8b3285208df34a9b5\",\"name\":\"rtnews\",\"image\":{\"@type\":\"ImageObject\",\"inLanguage\":\"de\",\"@id\":\"https:\/\/now-news.de\/de\/#\/schema\/person\/image\/\",\"url\":\"https:\/\/secure.gravatar.com\/avatar\/82aafea7d8127119dd649515f56e2117?s=96&d=mm&r=g\",\"contentUrl\":\"https:\/\/secure.gravatar.com\/avatar\/82aafea7d8127119dd649515f56e2117?s=96&d=mm&r=g\",\"caption\":\"rtnews\"},\"url\":\"https:\/\/now-news.de\/de\/author\/rnews\/\"}]}<\/script>\n<!-- \/ Yoast SEO Premium plugin. -->","yoast_head_json":{"title":"Anklage gegen Polizisten: Keine Ermittlung gegen Aschaffenburger Messerm\u00f6rder - just-now.NEWS Deutschland","robots":{"index":"index","follow":"follow","max-snippet":"max-snippet:-1","max-image-preview":"max-image-preview:large","max-video-preview":"max-video-preview:-1"},"canonical":"https:\/\/now-news.de\/de\/deutschland\/anklage-gegen-polizisten-keine-ermittlung-gegen-aschaffenburger-messermoerder\/","og_locale":"de_DE","og_type":"article","og_title":"Anklage gegen Polizisten: Keine Ermittlung gegen Aschaffenburger Messerm\u00f6rder","og_description":"Die Staatsanwaltschaft Coburg hat jetzt Anklage gegen einen Polizisten erhoben, der gegen den sp\u00e4teren Aschaffenburger Messerm\u00f6rder keine Ermittlungen eingeleitet hatte. Der Afghane war bereits vor dem Mord mit zahlreichen Straftaten davongekommen. Es ist ungew\u00f6hnlich und w\u00fcrde vermutlich nicht passieren, w\u00e4re der Messerangriff in einem Aschaffenburger Park, der einige Monate sp\u00e4ter folgte, nicht so spektakul\u00e4r gewesen: [&hellip;]","og_url":"https:\/\/now-news.de\/de\/deutschland\/anklage-gegen-polizisten-keine-ermittlung-gegen-aschaffenburger-messermoerder\/","og_site_name":"just-now.NEWS Deutschland","article_publisher":"https:\/\/www.facebook.com\/wirmachenauf","article_published_time":"2025-08-06T18:59:18+00:00","og_image":[{"url":"https:\/\/now-news.de\/de\/wp-content\/uploads\/sites\/3\/2025\/08\/6893805348fbef0f35326c13.jpg"}],"author":"rtnews","twitter_card":"summary_large_image","twitter_creator":"@WirMachenAuf_de","twitter_site":"@WirMachenAuf_de","twitter_misc":{"Verfasst von":"rtnews","Gesch\u00e4tzte Lesezeit":"3\u00a0Minuten"},"schema":{"@context":"https:\/\/schema.org","@graph":[{"@type":"Article","@id":"https:\/\/now-news.de\/de\/deutschland\/anklage-gegen-polizisten-keine-ermittlung-gegen-aschaffenburger-messermoerder\/#article","isPartOf":{"@id":"https:\/\/now-news.de\/de\/deutschland\/anklage-gegen-polizisten-keine-ermittlung-gegen-aschaffenburger-messermoerder\/"},"author":{"name":"rtnews","@id":"https:\/\/now-news.de\/de\/#\/schema\/person\/fb534a4e865501d8b3285208df34a9b5"},"headline":"Anklage gegen Polizisten: Keine Ermittlung gegen Aschaffenburger Messerm\u00f6rder","datePublished":"2025-08-06T18:59:18+00:00","dateModified":"2025-08-06T18:59:18+00:00","mainEntityOfPage":{"@id":"https:\/\/now-news.de\/de\/deutschland\/anklage-gegen-polizisten-keine-ermittlung-gegen-aschaffenburger-messermoerder\/"},"wordCount":576,"commentCount":0,"publisher":{"@id":"https:\/\/now-news.de\/de\/#organization"},"image":{"@id":"https:\/\/now-news.de\/de\/deutschland\/anklage-gegen-polizisten-keine-ermittlung-gegen-aschaffenburger-messermoerder\/#primaryimage"},"thumbnailUrl":"https:\/\/now-news.de\/de\/wp-content\/uploads\/sites\/3\/2025\/08\/Anklage-gegen-Polizisten-Keine-Ermittlung-gegen-Aschaffenburger-Messermoerder.jpg","keywords":["Anklage","Aschaffenburger","Ermittlung","gegen","keine","Messerm\u00f6rder","Polizisten"],"articleSection":["Deutschland","Russland"],"inLanguage":"de","potentialAction":[{"@type":"CommentAction","name":"Comment","target":["https:\/\/now-news.de\/de\/deutschland\/anklage-gegen-polizisten-keine-ermittlung-gegen-aschaffenburger-messermoerder\/#respond"]}]},{"@type":"WebPage","@id":"https:\/\/now-news.de\/de\/deutschland\/anklage-gegen-polizisten-keine-ermittlung-gegen-aschaffenburger-messermoerder\/","url":"https:\/\/now-news.de\/de\/deutschland\/anklage-gegen-polizisten-keine-ermittlung-gegen-aschaffenburger-messermoerder\/","name":"Anklage gegen Polizisten: Keine Ermittlung gegen Aschaffenburger Messerm\u00f6rder - just-now.NEWS Deutschland","isPartOf":{"@id":"https:\/\/now-news.de\/de\/#website"},"primaryImageOfPage":{"@id":"https:\/\/now-news.de\/de\/deutschland\/anklage-gegen-polizisten-keine-ermittlung-gegen-aschaffenburger-messermoerder\/#primaryimage"},"image":{"@id":"https:\/\/now-news.de\/de\/deutschland\/anklage-gegen-polizisten-keine-ermittlung-gegen-aschaffenburger-messermoerder\/#primaryimage"},"thumbnailUrl":"https:\/\/now-news.de\/de\/wp-content\/uploads\/sites\/3\/2025\/08\/Anklage-gegen-Polizisten-Keine-Ermittlung-gegen-Aschaffenburger-Messermoerder.jpg","datePublished":"2025-08-06T18:59:18+00:00","dateModified":"2025-08-06T18:59:18+00:00","breadcrumb":{"@id":"https:\/\/now-news.de\/de\/deutschland\/anklage-gegen-polizisten-keine-ermittlung-gegen-aschaffenburger-messermoerder\/#breadcrumb"},"inLanguage":"de","potentialAction":[{"@type":"ReadAction","target":["https:\/\/now-news.de\/de\/deutschland\/anklage-gegen-polizisten-keine-ermittlung-gegen-aschaffenburger-messermoerder\/"]}]},{"@type":"ImageObject","inLanguage":"de","@id":"https:\/\/now-news.de\/de\/deutschland\/anklage-gegen-polizisten-keine-ermittlung-gegen-aschaffenburger-messermoerder\/#primaryimage","url":"https:\/\/now-news.de\/de\/wp-content\/uploads\/sites\/3\/2025\/08\/Anklage-gegen-Polizisten-Keine-Ermittlung-gegen-Aschaffenburger-Messermoerder.jpg","contentUrl":"https:\/\/now-news.de\/de\/wp-content\/uploads\/sites\/3\/2025\/08\/Anklage-gegen-Polizisten-Keine-Ermittlung-gegen-Aschaffenburger-Messermoerder.jpg","width":460,"height":259,"caption":"Anklage gegen Polizisten: Keine Ermittlung gegen Aschaffenburger Messerm\u00f6rder"},{"@type":"BreadcrumbList","@id":"https:\/\/now-news.de\/de\/deutschland\/anklage-gegen-polizisten-keine-ermittlung-gegen-aschaffenburger-messermoerder\/#breadcrumb","itemListElement":[{"@type":"ListItem","position":1,"name":"Home","item":"https:\/\/now-news.de\/de\/"},{"@type":"ListItem","position":2,"name":"Anklage gegen Polizisten: Keine Ermittlung gegen Aschaffenburger Messerm\u00f6rder"}]},{"@type":"WebSite","@id":"https:\/\/now-news.de\/de\/#website","url":"https:\/\/now-news.de\/de\/","name":"just-now.NEWS Deutschland","description":"Das Portal f\u00fcr unzensierte Nachrichten aus der Welt","publisher":{"@id":"https:\/\/now-news.de\/de\/#organization"},"potentialAction":[{"@type":"SearchAction","target":{"@type":"EntryPoint","urlTemplate":"https:\/\/now-news.de\/de\/?s={search_term_string}"},"query-input":"required name=search_term_string"}],"inLanguage":"de"},{"@type":"Organization","@id":"https:\/\/now-news.de\/de\/#organization","name":"Just Now News","url":"https:\/\/now-news.de\/de\/","logo":{"@type":"ImageObject","inLanguage":"de","@id":"https:\/\/now-news.de\/de\/#\/schema\/logo\/image\/","url":"http:\/\/just-now.news\/de\/wp-content\/uploads\/sites\/3\/2022\/04\/logo500x500.jpg","contentUrl":"http:\/\/just-now.news\/de\/wp-content\/uploads\/sites\/3\/2022\/04\/logo500x500.jpg","width":500,"height":500,"caption":"Just Now News"},"image":{"@id":"https:\/\/now-news.de\/de\/#\/schema\/logo\/image\/"},"sameAs":["https:\/\/www.facebook.com\/wirmachenauf","https:\/\/x.com\/WirMachenAuf_de"]},{"@type":"Person","@id":"https:\/\/now-news.de\/de\/#\/schema\/person\/fb534a4e865501d8b3285208df34a9b5","name":"rtnews","image":{"@type":"ImageObject","inLanguage":"de","@id":"https:\/\/now-news.de\/de\/#\/schema\/person\/image\/","url":"https:\/\/secure.gravatar.com\/avatar\/82aafea7d8127119dd649515f56e2117?s=96&d=mm&r=g","contentUrl":"https:\/\/secure.gravatar.com\/avatar\/82aafea7d8127119dd649515f56e2117?s=96&d=mm&r=g","caption":"rtnews"},"url":"https:\/\/now-news.de\/de\/author\/rnews\/"}]}},"_links":{"self":[{"href":"https:\/\/now-news.de\/de\/wp-json\/wp\/v2\/posts\/88404"}],"collection":[{"href":"https:\/\/now-news.de\/de\/wp-json\/wp\/v2\/posts"}],"about":[{"href":"https:\/\/now-news.de\/de\/wp-json\/wp\/v2\/types\/post"}],"author":[{"embeddable":true,"href":"https:\/\/now-news.de\/de\/wp-json\/wp\/v2\/users\/3"}],"replies":[{"embeddable":true,"href":"https:\/\/now-news.de\/de\/wp-json\/wp\/v2\/comments?post=88404"}],"version-history":[{"count":0,"href":"https:\/\/now-news.de\/de\/wp-json\/wp\/v2\/posts\/88404\/revisions"}],"wp:featuredmedia":[{"embeddable":true,"href":"https:\/\/now-news.de\/de\/wp-json\/wp\/v2\/media\/88405"}],"wp:attachment":[{"href":"https:\/\/now-news.de\/de\/wp-json\/wp\/v2\/media?parent=88404"}],"wp:term":[{"taxonomy":"category","embeddable":true,"href":"https:\/\/now-news.de\/de\/wp-json\/wp\/v2\/categories?post=88404"},{"taxonomy":"post_tag","embeddable":true,"href":"https:\/\/now-news.de\/de\/wp-json\/wp\/v2\/tags?post=88404"}],"curies":[{"name":"wp","href":"https:\/\/api.w.org\/{rel}","templated":true}]}}