{"id":88371,"date":"2025-08-06T12:57:40","date_gmt":"2025-08-06T10:57:40","guid":{"rendered":"https:\/\/now-news.de\/de\/deutschland\/enthuellungsbuch-zu-prinz-andrew-pruegelei-mit-harry-und-epstein-verbindungen\/"},"modified":"2025-08-06T12:57:40","modified_gmt":"2025-08-06T10:57:40","slug":"enthuellungsbuch-zu-prinz-andrew-pruegelei-mit-harry-und-epstein-verbindungen","status":"publish","type":"post","link":"https:\/\/now-news.de\/de\/deutschland\/enthuellungsbuch-zu-prinz-andrew-pruegelei-mit-harry-und-epstein-verbindungen\/","title":{"rendered":"Enth\u00fcllungsbuch zu Prinz Andrew: Pr\u00fcgelei mit Harry und Epstein-Verbindungen"},"content":{"rendered":"<div class=\"Text-root Text-type_1 \">\n                Die neue Biografie &#8220;Entitled&#8221; enth\u00fcllt Prinz Andrews enge Verbindungen zu Jeffrey Epstein und eine handfeste Pr\u00fcgelei mit Prinz Harry, die von Mainstream-Medien weitgehend verschwiegen wird. Das Buch zeigt, wie die britische Monarchie kritische Skandale zu vertuschen versucht, und stellt Andrews \u00f6ffentliches Image massiv infrage.\n            <\/div>\n<p><\/p>\n<div class=\"Text-root Text-type_5 ArticleView-text ViewText-root \">\n<p data-start=\"319\" data-end=\"765\">Die britische K\u00f6nigsfamilie sieht sich erneut einem \u00f6ffentlichen Skandal gegen\u00fcber, ausgel\u00f6st durch die am 14. August 2025 erschienene Biografie <em data-start=\"464\" data-end=\"514\">Entitled: The Rise and Fall of the House of York<\/em> des renommierten Royal-Biografen Andrew Lownie.<\/p>\n<p data-start=\"319\" data-end=\"765\">Das Buch bietet nicht nur Einblicke in das Leben von Prinz Andrew, Herzog von York, sondern enth\u00fcllt auch, wie Mainstream-Medien versuchen, bestimmte kontroverse Ereignisse systematisch zu verschleiern.<\/p>\n<p data-start=\"767\" data-end=\"1485\">Im Mittelpunkt der Berichterstattung steht unter anderem eine angebliche handgreifliche Auseinandersetzung zwischen Prinz Andrew und seinem Neffen Prinz Harry im Jahr 2013. Laut Lownies Recherchen soll Harry Andrew nach abf\u00e4lligen Bemerkungen \u00fcber seine Beziehung zu Meghan Markle eine blutige Nase zugef\u00fcgt haben.<\/p>\n<figure class=\"RTImage-root\">\n<div class=\"RTImage-image RTImage-original\"><picture class=\"Picture-root Picture-original\"><!--[if IE 9]><video style=\"display: none;\"><![endif]--><source media=\"(-webkit-min-device-pixel-ratio: 2) and (min-resolution: 120dpi)\" data-srcset=\" \nhttps:\/\/now-news.de\/de\/wp-content\/uploads\/sites\/3\/2025\/08\/68931d31b480cc70d453de29.jpg 850w,\n                https:\/\/now-news.de\/de\/wp-content\/uploads\/sites\/3\/2025\/08\/68931d31b480cc70d453de29.jpg 1960w,            \" ><source data-srcset=\" \nhttps:\/\/now-news.de\/de\/wp-content\/uploads\/sites\/3\/2025\/08\/68931d31b480cc70d453de29.jpg 460w,\n              https:\/\/now-news.de\/de\/wp-content\/uploads\/sites\/3\/2025\/08\/68931d31b480cc70d453de29.jpg 980w,\n            \" ><!--[if IE 9]><\/video><![endif]--><img decoding=\"async\" data- src=\"data:image\/png;base64,iVBORw0KGgoAAAANSUhEUgAAABAAAAAJCAQAAACRI2S5AAAAEElEQVR42mNkIAAYRxWAAQAG9gAKqv6+AwAAAABJRU5ErkJggg==\" class=\"Picture-root Picture-original lazyload\" data-src=\"https:\/\/now-news.de\/de\/wp-content\/uploads\/sites\/3\/2025\/08\/68931d31b480cc70d453de29.jpg\" alt=\"\"><\/source><\/source><\/picture><!-- noscript pattern --><noscript><img decoding=\"async\" src=\"https:\/\/now-news.de\/de\/wp-content\/uploads\/sites\/3\/2025\/08\/68931d31b480cc70d453de29.jpg\" alt=\"\"><\/noscript><\/div><figcaption class=\"RTImage-footer\"><span class=\"RTImage-caption\"><span class=\"RTImage-captionItem\">Prinz Harrys Sprecher hat die Behauptungen \u00fcber die angebliche k\u00f6rperliche Auseinandersetzung mit Andrew als &#8220;grobe Ungenauigkeit&#8221; bezeichnet und rechtliche Schritte gegen die Daily Mail angek\u00fcndigt. Buckingham Palace und Prinz Andrews Vertreter haben sich bislang nicht zu den Vorw\u00fcrfen ge\u00e4u\u00dfert.<\/span><\/span><span class=\"RTImage-source\"><span class=\"RTImage-captionItem\">Mark Richards &#8211; WPA Pool<\/span><\/span><\/figcaption><\/figure>\n<p>W\u00e4hrend diese Episode von unabh\u00e4ngigen Quellen mehrfach best\u00e4tigt wurde, zeigen sich gro\u00dfe Teile der etablierten Medien erstaunlich zur\u00fcckhaltend. Sprecher von Prinz Harry bezeichneten die Darstellung als &#8220;grobe Ungenauigkeit&#8221; und k\u00fcndigten rechtliche Schritte an \u2013 eine Strategie, die von Beobachtern als gezielter Versuch gewertet wird, den Vorfall aus der \u00f6ffentlichen Wahrnehmung zu verdr\u00e4ngen.<\/p>\n<p>Diese Art der medialen Zur\u00fcckhaltung passt in ein Muster, wie heikle Konflikte innerhalb der britischen K\u00f6nigsfamilie h\u00e4ufig abgemildert oder gar nicht erst thematisiert werden \u2013 zum Schutz der Institution Monarchie und zur Wahrung eines makellosen \u00f6ffentlichen Bildes.\u00a0<\/p>\n<p>Neben der Auseinandersetzung mit Prinz Harry beleuchtet Lownie auch Andrews belastende Verbindungen zu Jeffrey Epstein, die als &#8220;fr\u00fcher, l\u00e4nger und enger&#8221; beschrieben werden als bisher bekannt. Das Buch enth\u00fcllt zudem Details \u00fcber Andrews Verhalten gegen\u00fcber Personal und politischen Kontakten, darunter fragw\u00fcrdige Gespr\u00e4che mit Donald Trump.\u00a0<\/p>\n<p>Die verzweifelten Versuche, die k\u00f6rperliche Auseinandersetzung zwischen Prinz Andrew und Prinz Harry zu verharmlosen oder gar zu bestreiten, zeigen, wie stark der Schutz der Institution Monarchie oft \u00fcber der Wahrheit steht.\u00a0<\/p>\n<p><em>Entitled<\/em>\u00a0ist daher nicht nur eine Biografie, sondern auch ein Spiegelbild der medien- und gesellschaftspolitischen Herausforderungen, die mit dem Erhalt eines jahrhundertealten Systems verbunden sind.\u00a0<\/p>\n<p data-start=\"2834\" data-end=\"3189\"><strong>Mehr zum Thema<\/strong>\u00a0<strong>\u2013<\/strong>\u00a0<a rel=\"nofollow noopener\" target=\"_blank\" href=\"https:\/\/freedert.online\/international\/250930-am-rande-abgrunds-trump-und-umgang-mit-konflikten\/\">Am Rande des Abgrunds: Trumps Umgang mit Konflikten<\/a><\/p>\n<div class=\"EmbedBlock-root EmbedBlock-externalVideo EmbedBlock-rumble\">\n<div class=\"VkEmbed\"><iframe class=\"lazyload\" data-src=\"https:\/\/rumble.com\/embed\/v6tr1gc\" frameborder=\"0\" width=\"853\" height=\"480\" allowfullscreen><\/iframe><\/div>\n<\/div>\n<\/div>\n<p><br \/>\n<br \/><a href=\"https:\/\/de.rt.com\/international\/252545-enthuellungsbuch-bringt-prinz-andrew-in\/\">Source link <\/a><\/p>\n","protected":false},"excerpt":{"rendered":"<p>Die neue Biografie &#8220;Entitled&#8221; enth\u00fcllt Prinz Andrews enge Verbindungen zu Jeffrey Epstein und eine handfeste Pr\u00fcgelei mit Prinz Harry, die von Mainstream-Medien weitgehend verschwiegen wird. Das Buch zeigt, wie die britische Monarchie kritische Skandale zu vertuschen versucht, und stellt Andrews \u00f6ffentliches Image massiv infrage. Die britische K\u00f6nigsfamilie sieht sich erneut einem \u00f6ffentlichen Skandal gegen\u00fcber, ausgel\u00f6st [&hellip;]<\/p>\n","protected":false},"author":3,"featured_media":88372,"comment_status":"open","ping_status":"open","sticky":false,"template":"","format":"standard","meta":{"_yoast_indexnow_last_ping":["1754478650"],"wp_automatic_camp":["217"],"e2f271da0c97f4fa9dbe37b1be8c5918":["Enth\u00fcllungsbuch zu Prinz Andrew: Pr\u00fcgelei mit Harry und Epstein-Verbindungen"],"original_link":["https:\/\/de.rt.com\/international\/252545-enthuellungsbuch-bringt-prinz-andrew-in\/"],"_thumbnail_id":["88372"],"jnews_social_counter_last_update":["1777213563"],"_wptgpro_p2tg_sent2tg":["a:1:{i:23737;s:19:\"2025-08-06 13:11:52\";}"]},"categories":[19,23],"tags":[12179,39124,66893,2815,419,29877,66892,140],"yoast_head":"<!-- This site is optimized with the Yoast SEO Premium plugin v22.7 (Yoast SEO v22.7) - https:\/\/yoast.com\/wordpress\/plugins\/seo\/ -->\n<title>Enth\u00fcllungsbuch zu Prinz Andrew: Pr\u00fcgelei mit Harry und Epstein-Verbindungen - just-now.NEWS Deutschland<\/title>\n<meta name=\"robots\" content=\"index, follow, max-snippet:-1, max-image-preview:large, max-video-preview:-1\" \/>\n<link rel=\"canonical\" href=\"https:\/\/now-news.de\/de\/deutschland\/enthuellungsbuch-zu-prinz-andrew-pruegelei-mit-harry-und-epstein-verbindungen\/\" \/>\n<meta property=\"og:locale\" content=\"de_DE\" \/>\n<meta property=\"og:type\" content=\"article\" \/>\n<meta property=\"og:title\" content=\"Enth\u00fcllungsbuch zu Prinz Andrew: Pr\u00fcgelei mit Harry und Epstein-Verbindungen\" \/>\n<meta property=\"og:description\" content=\"Die neue Biografie &#8220;Entitled&#8221; enth\u00fcllt Prinz Andrews enge Verbindungen zu Jeffrey Epstein und eine handfeste Pr\u00fcgelei mit Prinz Harry, die von Mainstream-Medien weitgehend verschwiegen wird. Das Buch zeigt, wie die britische Monarchie kritische Skandale zu vertuschen versucht, und stellt Andrews \u00f6ffentliches Image massiv infrage. Die britische K\u00f6nigsfamilie sieht sich erneut einem \u00f6ffentlichen Skandal gegen\u00fcber, ausgel\u00f6st [&hellip;]\" \/>\n<meta property=\"og:url\" content=\"https:\/\/now-news.de\/de\/deutschland\/enthuellungsbuch-zu-prinz-andrew-pruegelei-mit-harry-und-epstein-verbindungen\/\" \/>\n<meta property=\"og:site_name\" content=\"just-now.NEWS Deutschland\" \/>\n<meta property=\"article:publisher\" content=\"https:\/\/www.facebook.com\/wirmachenauf\" \/>\n<meta property=\"article:published_time\" content=\"2025-08-06T10:57:40+00:00\" \/>\n<meta property=\"og:image\" content=\"https:\/\/now-news.de\/de\/wp-content\/uploads\/sites\/3\/2025\/08\/68931d31b480cc70d453de29.jpg\" \/>\n<meta name=\"author\" content=\"rtnews\" \/>\n<meta name=\"twitter:card\" content=\"summary_large_image\" \/>\n<meta name=\"twitter:creator\" content=\"@WirMachenAuf_de\" \/>\n<meta name=\"twitter:site\" content=\"@WirMachenAuf_de\" \/>\n<meta name=\"twitter:label1\" content=\"Verfasst von\" \/>\n\t<meta name=\"twitter:data1\" content=\"rtnews\" \/>\n\t<meta name=\"twitter:label2\" content=\"Gesch\u00e4tzte Lesezeit\" \/>\n\t<meta name=\"twitter:data2\" content=\"2\u00a0Minuten\" \/>\n<script type=\"application\/ld+json\" class=\"yoast-schema-graph\">{\"@context\":\"https:\/\/schema.org\",\"@graph\":[{\"@type\":\"Article\",\"@id\":\"https:\/\/now-news.de\/de\/deutschland\/enthuellungsbuch-zu-prinz-andrew-pruegelei-mit-harry-und-epstein-verbindungen\/#article\",\"isPartOf\":{\"@id\":\"https:\/\/now-news.de\/de\/deutschland\/enthuellungsbuch-zu-prinz-andrew-pruegelei-mit-harry-und-epstein-verbindungen\/\"},\"author\":{\"name\":\"rtnews\",\"@id\":\"https:\/\/now-news.de\/de\/#\/schema\/person\/fb534a4e865501d8b3285208df34a9b5\"},\"headline\":\"Enth\u00fcllungsbuch zu Prinz Andrew: Pr\u00fcgelei mit Harry und Epstein-Verbindungen\",\"datePublished\":\"2025-08-06T10:57:40+00:00\",\"dateModified\":\"2025-08-06T10:57:40+00:00\",\"mainEntityOfPage\":{\"@id\":\"https:\/\/now-news.de\/de\/deutschland\/enthuellungsbuch-zu-prinz-andrew-pruegelei-mit-harry-und-epstein-verbindungen\/\"},\"wordCount\":431,\"commentCount\":0,\"publisher\":{\"@id\":\"https:\/\/now-news.de\/de\/#organization\"},\"image\":{\"@id\":\"https:\/\/now-news.de\/de\/deutschland\/enthuellungsbuch-zu-prinz-andrew-pruegelei-mit-harry-und-epstein-verbindungen\/#primaryimage\"},\"thumbnailUrl\":\"https:\/\/now-news.de\/de\/wp-content\/uploads\/sites\/3\/2025\/08\/Enthuellungsbuch-zu-Prinz-Andrew-Pruegelei-mit-Harry-und-Epstein-Verbindungen.jpg\",\"keywords\":[\"Andrew\",\"Enth\u00fcllungsbuch\",\"EpsteinVerbindungen\",\"Harry\",\"mit\",\"Prinz\",\"Pr\u00fcgelei\",\"und\"],\"articleSection\":[\"Deutschland\",\"Russland\"],\"inLanguage\":\"de\",\"potentialAction\":[{\"@type\":\"CommentAction\",\"name\":\"Comment\",\"target\":[\"https:\/\/now-news.de\/de\/deutschland\/enthuellungsbuch-zu-prinz-andrew-pruegelei-mit-harry-und-epstein-verbindungen\/#respond\"]}]},{\"@type\":\"WebPage\",\"@id\":\"https:\/\/now-news.de\/de\/deutschland\/enthuellungsbuch-zu-prinz-andrew-pruegelei-mit-harry-und-epstein-verbindungen\/\",\"url\":\"https:\/\/now-news.de\/de\/deutschland\/enthuellungsbuch-zu-prinz-andrew-pruegelei-mit-harry-und-epstein-verbindungen\/\",\"name\":\"Enth\u00fcllungsbuch zu Prinz Andrew: Pr\u00fcgelei mit Harry und Epstein-Verbindungen - just-now.NEWS Deutschland\",\"isPartOf\":{\"@id\":\"https:\/\/now-news.de\/de\/#website\"},\"primaryImageOfPage\":{\"@id\":\"https:\/\/now-news.de\/de\/deutschland\/enthuellungsbuch-zu-prinz-andrew-pruegelei-mit-harry-und-epstein-verbindungen\/#primaryimage\"},\"image\":{\"@id\":\"https:\/\/now-news.de\/de\/deutschland\/enthuellungsbuch-zu-prinz-andrew-pruegelei-mit-harry-und-epstein-verbindungen\/#primaryimage\"},\"thumbnailUrl\":\"https:\/\/now-news.de\/de\/wp-content\/uploads\/sites\/3\/2025\/08\/Enthuellungsbuch-zu-Prinz-Andrew-Pruegelei-mit-Harry-und-Epstein-Verbindungen.jpg\",\"datePublished\":\"2025-08-06T10:57:40+00:00\",\"dateModified\":\"2025-08-06T10:57:40+00:00\",\"breadcrumb\":{\"@id\":\"https:\/\/now-news.de\/de\/deutschland\/enthuellungsbuch-zu-prinz-andrew-pruegelei-mit-harry-und-epstein-verbindungen\/#breadcrumb\"},\"inLanguage\":\"de\",\"potentialAction\":[{\"@type\":\"ReadAction\",\"target\":[\"https:\/\/now-news.de\/de\/deutschland\/enthuellungsbuch-zu-prinz-andrew-pruegelei-mit-harry-und-epstein-verbindungen\/\"]}]},{\"@type\":\"ImageObject\",\"inLanguage\":\"de\",\"@id\":\"https:\/\/now-news.de\/de\/deutschland\/enthuellungsbuch-zu-prinz-andrew-pruegelei-mit-harry-und-epstein-verbindungen\/#primaryimage\",\"url\":\"https:\/\/now-news.de\/de\/wp-content\/uploads\/sites\/3\/2025\/08\/Enthuellungsbuch-zu-Prinz-Andrew-Pruegelei-mit-Harry-und-Epstein-Verbindungen.jpg\",\"contentUrl\":\"https:\/\/now-news.de\/de\/wp-content\/uploads\/sites\/3\/2025\/08\/Enthuellungsbuch-zu-Prinz-Andrew-Pruegelei-mit-Harry-und-Epstein-Verbindungen.jpg\",\"width\":1444,\"height\":1080,\"caption\":\"Enth\u00fcllungsbuch zu Prinz Andrew: Pr\u00fcgelei mit Harry und Epstein-Verbindungen\"},{\"@type\":\"BreadcrumbList\",\"@id\":\"https:\/\/now-news.de\/de\/deutschland\/enthuellungsbuch-zu-prinz-andrew-pruegelei-mit-harry-und-epstein-verbindungen\/#breadcrumb\",\"itemListElement\":[{\"@type\":\"ListItem\",\"position\":1,\"name\":\"Home\",\"item\":\"https:\/\/now-news.de\/de\/\"},{\"@type\":\"ListItem\",\"position\":2,\"name\":\"Enth\u00fcllungsbuch zu Prinz Andrew: Pr\u00fcgelei mit Harry und Epstein-Verbindungen\"}]},{\"@type\":\"WebSite\",\"@id\":\"https:\/\/now-news.de\/de\/#website\",\"url\":\"https:\/\/now-news.de\/de\/\",\"name\":\"just-now.NEWS Deutschland\",\"description\":\"Das Portal f\u00fcr unzensierte Nachrichten aus der Welt\",\"publisher\":{\"@id\":\"https:\/\/now-news.de\/de\/#organization\"},\"potentialAction\":[{\"@type\":\"SearchAction\",\"target\":{\"@type\":\"EntryPoint\",\"urlTemplate\":\"https:\/\/now-news.de\/de\/?s={search_term_string}\"},\"query-input\":\"required name=search_term_string\"}],\"inLanguage\":\"de\"},{\"@type\":\"Organization\",\"@id\":\"https:\/\/now-news.de\/de\/#organization\",\"name\":\"Just Now News\",\"url\":\"https:\/\/now-news.de\/de\/\",\"logo\":{\"@type\":\"ImageObject\",\"inLanguage\":\"de\",\"@id\":\"https:\/\/now-news.de\/de\/#\/schema\/logo\/image\/\",\"url\":\"http:\/\/just-now.news\/de\/wp-content\/uploads\/sites\/3\/2022\/04\/logo500x500.jpg\",\"contentUrl\":\"http:\/\/just-now.news\/de\/wp-content\/uploads\/sites\/3\/2022\/04\/logo500x500.jpg\",\"width\":500,\"height\":500,\"caption\":\"Just Now News\"},\"image\":{\"@id\":\"https:\/\/now-news.de\/de\/#\/schema\/logo\/image\/\"},\"sameAs\":[\"https:\/\/www.facebook.com\/wirmachenauf\",\"https:\/\/x.com\/WirMachenAuf_de\"]},{\"@type\":\"Person\",\"@id\":\"https:\/\/now-news.de\/de\/#\/schema\/person\/fb534a4e865501d8b3285208df34a9b5\",\"name\":\"rtnews\",\"image\":{\"@type\":\"ImageObject\",\"inLanguage\":\"de\",\"@id\":\"https:\/\/now-news.de\/de\/#\/schema\/person\/image\/\",\"url\":\"https:\/\/secure.gravatar.com\/avatar\/82aafea7d8127119dd649515f56e2117?s=96&d=mm&r=g\",\"contentUrl\":\"https:\/\/secure.gravatar.com\/avatar\/82aafea7d8127119dd649515f56e2117?s=96&d=mm&r=g\",\"caption\":\"rtnews\"},\"url\":\"https:\/\/now-news.de\/de\/author\/rnews\/\"}]}<\/script>\n<!-- \/ Yoast SEO Premium plugin. -->","yoast_head_json":{"title":"Enth\u00fcllungsbuch zu Prinz Andrew: Pr\u00fcgelei mit Harry und Epstein-Verbindungen - just-now.NEWS Deutschland","robots":{"index":"index","follow":"follow","max-snippet":"max-snippet:-1","max-image-preview":"max-image-preview:large","max-video-preview":"max-video-preview:-1"},"canonical":"https:\/\/now-news.de\/de\/deutschland\/enthuellungsbuch-zu-prinz-andrew-pruegelei-mit-harry-und-epstein-verbindungen\/","og_locale":"de_DE","og_type":"article","og_title":"Enth\u00fcllungsbuch zu Prinz Andrew: Pr\u00fcgelei mit Harry und Epstein-Verbindungen","og_description":"Die neue Biografie &#8220;Entitled&#8221; enth\u00fcllt Prinz Andrews enge Verbindungen zu Jeffrey Epstein und eine handfeste Pr\u00fcgelei mit Prinz Harry, die von Mainstream-Medien weitgehend verschwiegen wird. Das Buch zeigt, wie die britische Monarchie kritische Skandale zu vertuschen versucht, und stellt Andrews \u00f6ffentliches Image massiv infrage. Die britische K\u00f6nigsfamilie sieht sich erneut einem \u00f6ffentlichen Skandal gegen\u00fcber, ausgel\u00f6st [&hellip;]","og_url":"https:\/\/now-news.de\/de\/deutschland\/enthuellungsbuch-zu-prinz-andrew-pruegelei-mit-harry-und-epstein-verbindungen\/","og_site_name":"just-now.NEWS Deutschland","article_publisher":"https:\/\/www.facebook.com\/wirmachenauf","article_published_time":"2025-08-06T10:57:40+00:00","og_image":[{"url":"https:\/\/now-news.de\/de\/wp-content\/uploads\/sites\/3\/2025\/08\/68931d31b480cc70d453de29.jpg"}],"author":"rtnews","twitter_card":"summary_large_image","twitter_creator":"@WirMachenAuf_de","twitter_site":"@WirMachenAuf_de","twitter_misc":{"Verfasst von":"rtnews","Gesch\u00e4tzte Lesezeit":"2\u00a0Minuten"},"schema":{"@context":"https:\/\/schema.org","@graph":[{"@type":"Article","@id":"https:\/\/now-news.de\/de\/deutschland\/enthuellungsbuch-zu-prinz-andrew-pruegelei-mit-harry-und-epstein-verbindungen\/#article","isPartOf":{"@id":"https:\/\/now-news.de\/de\/deutschland\/enthuellungsbuch-zu-prinz-andrew-pruegelei-mit-harry-und-epstein-verbindungen\/"},"author":{"name":"rtnews","@id":"https:\/\/now-news.de\/de\/#\/schema\/person\/fb534a4e865501d8b3285208df34a9b5"},"headline":"Enth\u00fcllungsbuch zu Prinz Andrew: Pr\u00fcgelei mit Harry und Epstein-Verbindungen","datePublished":"2025-08-06T10:57:40+00:00","dateModified":"2025-08-06T10:57:40+00:00","mainEntityOfPage":{"@id":"https:\/\/now-news.de\/de\/deutschland\/enthuellungsbuch-zu-prinz-andrew-pruegelei-mit-harry-und-epstein-verbindungen\/"},"wordCount":431,"commentCount":0,"publisher":{"@id":"https:\/\/now-news.de\/de\/#organization"},"image":{"@id":"https:\/\/now-news.de\/de\/deutschland\/enthuellungsbuch-zu-prinz-andrew-pruegelei-mit-harry-und-epstein-verbindungen\/#primaryimage"},"thumbnailUrl":"https:\/\/now-news.de\/de\/wp-content\/uploads\/sites\/3\/2025\/08\/Enthuellungsbuch-zu-Prinz-Andrew-Pruegelei-mit-Harry-und-Epstein-Verbindungen.jpg","keywords":["Andrew","Enth\u00fcllungsbuch","EpsteinVerbindungen","Harry","mit","Prinz","Pr\u00fcgelei","und"],"articleSection":["Deutschland","Russland"],"inLanguage":"de","potentialAction":[{"@type":"CommentAction","name":"Comment","target":["https:\/\/now-news.de\/de\/deutschland\/enthuellungsbuch-zu-prinz-andrew-pruegelei-mit-harry-und-epstein-verbindungen\/#respond"]}]},{"@type":"WebPage","@id":"https:\/\/now-news.de\/de\/deutschland\/enthuellungsbuch-zu-prinz-andrew-pruegelei-mit-harry-und-epstein-verbindungen\/","url":"https:\/\/now-news.de\/de\/deutschland\/enthuellungsbuch-zu-prinz-andrew-pruegelei-mit-harry-und-epstein-verbindungen\/","name":"Enth\u00fcllungsbuch zu Prinz Andrew: Pr\u00fcgelei mit Harry und Epstein-Verbindungen - just-now.NEWS Deutschland","isPartOf":{"@id":"https:\/\/now-news.de\/de\/#website"},"primaryImageOfPage":{"@id":"https:\/\/now-news.de\/de\/deutschland\/enthuellungsbuch-zu-prinz-andrew-pruegelei-mit-harry-und-epstein-verbindungen\/#primaryimage"},"image":{"@id":"https:\/\/now-news.de\/de\/deutschland\/enthuellungsbuch-zu-prinz-andrew-pruegelei-mit-harry-und-epstein-verbindungen\/#primaryimage"},"thumbnailUrl":"https:\/\/now-news.de\/de\/wp-content\/uploads\/sites\/3\/2025\/08\/Enthuellungsbuch-zu-Prinz-Andrew-Pruegelei-mit-Harry-und-Epstein-Verbindungen.jpg","datePublished":"2025-08-06T10:57:40+00:00","dateModified":"2025-08-06T10:57:40+00:00","breadcrumb":{"@id":"https:\/\/now-news.de\/de\/deutschland\/enthuellungsbuch-zu-prinz-andrew-pruegelei-mit-harry-und-epstein-verbindungen\/#breadcrumb"},"inLanguage":"de","potentialAction":[{"@type":"ReadAction","target":["https:\/\/now-news.de\/de\/deutschland\/enthuellungsbuch-zu-prinz-andrew-pruegelei-mit-harry-und-epstein-verbindungen\/"]}]},{"@type":"ImageObject","inLanguage":"de","@id":"https:\/\/now-news.de\/de\/deutschland\/enthuellungsbuch-zu-prinz-andrew-pruegelei-mit-harry-und-epstein-verbindungen\/#primaryimage","url":"https:\/\/now-news.de\/de\/wp-content\/uploads\/sites\/3\/2025\/08\/Enthuellungsbuch-zu-Prinz-Andrew-Pruegelei-mit-Harry-und-Epstein-Verbindungen.jpg","contentUrl":"https:\/\/now-news.de\/de\/wp-content\/uploads\/sites\/3\/2025\/08\/Enthuellungsbuch-zu-Prinz-Andrew-Pruegelei-mit-Harry-und-Epstein-Verbindungen.jpg","width":1444,"height":1080,"caption":"Enth\u00fcllungsbuch zu Prinz Andrew: Pr\u00fcgelei mit Harry und Epstein-Verbindungen"},{"@type":"BreadcrumbList","@id":"https:\/\/now-news.de\/de\/deutschland\/enthuellungsbuch-zu-prinz-andrew-pruegelei-mit-harry-und-epstein-verbindungen\/#breadcrumb","itemListElement":[{"@type":"ListItem","position":1,"name":"Home","item":"https:\/\/now-news.de\/de\/"},{"@type":"ListItem","position":2,"name":"Enth\u00fcllungsbuch zu Prinz Andrew: Pr\u00fcgelei mit Harry und Epstein-Verbindungen"}]},{"@type":"WebSite","@id":"https:\/\/now-news.de\/de\/#website","url":"https:\/\/now-news.de\/de\/","name":"just-now.NEWS Deutschland","description":"Das Portal f\u00fcr unzensierte Nachrichten aus der Welt","publisher":{"@id":"https:\/\/now-news.de\/de\/#organization"},"potentialAction":[{"@type":"SearchAction","target":{"@type":"EntryPoint","urlTemplate":"https:\/\/now-news.de\/de\/?s={search_term_string}"},"query-input":"required name=search_term_string"}],"inLanguage":"de"},{"@type":"Organization","@id":"https:\/\/now-news.de\/de\/#organization","name":"Just Now News","url":"https:\/\/now-news.de\/de\/","logo":{"@type":"ImageObject","inLanguage":"de","@id":"https:\/\/now-news.de\/de\/#\/schema\/logo\/image\/","url":"http:\/\/just-now.news\/de\/wp-content\/uploads\/sites\/3\/2022\/04\/logo500x500.jpg","contentUrl":"http:\/\/just-now.news\/de\/wp-content\/uploads\/sites\/3\/2022\/04\/logo500x500.jpg","width":500,"height":500,"caption":"Just Now News"},"image":{"@id":"https:\/\/now-news.de\/de\/#\/schema\/logo\/image\/"},"sameAs":["https:\/\/www.facebook.com\/wirmachenauf","https:\/\/x.com\/WirMachenAuf_de"]},{"@type":"Person","@id":"https:\/\/now-news.de\/de\/#\/schema\/person\/fb534a4e865501d8b3285208df34a9b5","name":"rtnews","image":{"@type":"ImageObject","inLanguage":"de","@id":"https:\/\/now-news.de\/de\/#\/schema\/person\/image\/","url":"https:\/\/secure.gravatar.com\/avatar\/82aafea7d8127119dd649515f56e2117?s=96&d=mm&r=g","contentUrl":"https:\/\/secure.gravatar.com\/avatar\/82aafea7d8127119dd649515f56e2117?s=96&d=mm&r=g","caption":"rtnews"},"url":"https:\/\/now-news.de\/de\/author\/rnews\/"}]}},"_links":{"self":[{"href":"https:\/\/now-news.de\/de\/wp-json\/wp\/v2\/posts\/88371"}],"collection":[{"href":"https:\/\/now-news.de\/de\/wp-json\/wp\/v2\/posts"}],"about":[{"href":"https:\/\/now-news.de\/de\/wp-json\/wp\/v2\/types\/post"}],"author":[{"embeddable":true,"href":"https:\/\/now-news.de\/de\/wp-json\/wp\/v2\/users\/3"}],"replies":[{"embeddable":true,"href":"https:\/\/now-news.de\/de\/wp-json\/wp\/v2\/comments?post=88371"}],"version-history":[{"count":0,"href":"https:\/\/now-news.de\/de\/wp-json\/wp\/v2\/posts\/88371\/revisions"}],"wp:featuredmedia":[{"embeddable":true,"href":"https:\/\/now-news.de\/de\/wp-json\/wp\/v2\/media\/88372"}],"wp:attachment":[{"href":"https:\/\/now-news.de\/de\/wp-json\/wp\/v2\/media?parent=88371"}],"wp:term":[{"taxonomy":"category","embeddable":true,"href":"https:\/\/now-news.de\/de\/wp-json\/wp\/v2\/categories?post=88371"},{"taxonomy":"post_tag","embeddable":true,"href":"https:\/\/now-news.de\/de\/wp-json\/wp\/v2\/tags?post=88371"}],"curies":[{"name":"wp","href":"https:\/\/api.w.org\/{rel}","templated":true}]}}