{"id":88369,"date":"2025-08-06T11:37:02","date_gmt":"2025-08-06T09:37:02","guid":{"rendered":"https:\/\/now-news.de\/de\/deutschland\/generalmajor-vartok-oesterreich-bereits-im-hybriden-krieg-taegliche-cyberangriffe-als-neue-realitaet\/"},"modified":"2025-08-06T11:37:02","modified_gmt":"2025-08-06T09:37:02","slug":"generalmajor-vartok-oesterreich-bereits-im-hybriden-krieg-taegliche-cyberangriffe-als-neue-realitaet","status":"publish","type":"post","link":"https:\/\/now-news.de\/de\/deutschland\/generalmajor-vartok-oesterreich-bereits-im-hybriden-krieg-taegliche-cyberangriffe-als-neue-realitaet\/","title":{"rendered":"Generalmajor Vartok: \u00d6sterreich bereits im hybriden Krieg \u2013 t\u00e4gliche Cyberangriffe als neue Realit\u00e4t"},"content":{"rendered":"<p><img decoding=\"async\" src=\"https:\/\/now-news.de\/de\/wp-content\/uploads\/sites\/3\/2025\/08\/689315af48fbef4f1f400f28.jpg\" \/><\/p>\n<div class=\"Text-root Text-type_1 \">\n                In einem Gespr\u00e4ch mit dem Kurier skizziert Generalmajor Ronald Vartok ein beunruhigendes Sicherheitsbild. \u00d6sterreich sei l\u00e4ngst Teil eines hybriden Kriegs, in dem Russland milit\u00e4rische, digitale und gesellschaftliche Mittel kombiniere, um die EU zu destabilisieren. Cyberattacken, gezielte Migrationsstr\u00f6me und Propagandakampagnen seien t\u00e4gliche Realit\u00e4t.\n            <\/div>\n<p><\/p>\n<div class=\"Text-root Text-type_5 ArticleView-text ViewText-root \">\n<p data-start=\"292\" data-end=\"722\">\u00d6sterreich befindet sich laut Generalmajor Ronald Vartok, Leiter der Direktion f\u00fcr Verteidigungspolitik und Internationale Beziehungen des Bundesheeres, bereits in einem hybriden Kriegszustand. In einem Interview mit dem Kurier <a rel=\"nofollow noopener\" target=\"_blank\" href=\"https:\/\/kurier.at\/politik\/inland\/milchbar-podcast-generalmajor-ronald-vartok-putin-usa-sicherheit-eu-resilienz\/403063674\">zeichnet<\/a> er ein Bild, das den typischen westlichen\u00a0Narrativen entspricht: Russland setze eine Mischung aus Cyberattacken, Desinformation und Migration als Instrumente ein, um die EU zu destabilisieren.<\/p>\n<p data-start=\"724\" data-end=\"1094\">T\u00e4glich w\u00fcrden \u00f6sterreichische Systeme Ziel digitaler Angriffe, gleichzeitig verbreiteten sich in sozialen Medien Propagandakampagnen, die die Gesellschaft spalten sollen. Auch die Migration \u00fcber Wei\u00dfrussland stellt der Milit\u00e4r als politisches Druckmittel dar. Finnland habe als Reaktion seine Grenze geschlossen \u2013 ein weiterer Beleg f\u00fcr die angebliche Bedrohung aus dem Osten.<\/p>\n<p data-start=\"1096\" data-end=\"1372\">Russland verfolge demnach zwei Hauptziele: Instabilit\u00e4t in der EU schaffen und den Zusammenhalt schw\u00e4chen. Statt auf den Austritt einzelner Staaten wie beim Brexit zu setzen, suche Moskau den Einfluss auf L\u00e4nder wie Ungarn und die Slowakei, um Entscheidungsprozesse zu l\u00e4hmen.<\/p>\n<div class=\"EmbedBlock-root EmbedBlock-twitter\">\n<div class=\"TwitterEmbed\">\n<blockquote class=\"twitter-tweet lazyload\" data-twitter=\"twitter-tweet\">\n<p lang=\"de\" dir=\"ltr\">Der oberste Risiko-Forscher des Bundesheeres erkl\u00e4rt, warum \u00d6sterreich schon jetzt in einem kriegs\u00e4hnlichen Zustand ist und welche Gefahr Smartphones f\u00fcr die mentale Gesundheit der Jugend darstellen. <a rel=\"nofollow noopener\" target=\"_blank\" href=\"https:\/\/t.co\/T4DuhrdEcI\">https:\/\/t.co\/T4DuhrdEcI<\/a><\/p>\n<p>\u2014 KURIER (@KURIERat) <a rel=\"nofollow noopener\" target=\"_blank\" href=\"https:\/\/twitter.com\/KURIERat\/status\/1952937226163163487?ref_src=twsrc%5Etfw\">August 6, 2025<\/a><\/p><\/blockquote>\n<\/div>\n<\/div>\n<p data-start=\"1374\" data-end=\"1793\">Die Gefahr eines russischen Angriffs auf das Baltikum werde als real eingesch\u00e4tzt \u2013 mit einem dramatischen Anstieg des Risikos ab 2028. Ein solcher Angriff w\u00fcrde den NATO-B\u00fcndnisfall ausl\u00f6sen,\u00a0wobei auch \u00d6sterreich seine Unterst\u00fctzung zeigen m\u00fcsste, etwa durch logistische Durchmarschrechte. Gleichzeitig drohten verst\u00e4rkte hybride Angriffe auf \u00f6sterreichischem Boden, um das Land zu minimaler Solidarit\u00e4t zu zwingen.<\/p>\n<p data-start=\"1795\" data-end=\"2049\">Hinter all dem stehe laut Vartok der Anspruch des Kremls, Russland als Weltmacht neu zu positionieren, nach dem Vorbild der Jalta-Konferenz von 1945. Ein legitimes Ziel, das in westlichen Medien jedoch oft als aggressiver Machtanspruch verunglimpft wird.<\/p>\n<p data-start=\"2051\" data-end=\"2353\">Unter Pr\u00e4sident Donald Trump folge die US-Politik einem Kurs, der Europa mehr Eigenverantwortung aufb\u00fcrde, so\u00a0der Generalmajor weiter. Die einstigen Sicherheitsgarantien w\u00fcrden angesichts vielf\u00e4ltiger globaler Herausforderungen \u2013 von Migration an der mexikanischen Grenze bis zu Konflikten mit China \u2013 zunehmend in Frage gestellt.<\/p>\n<p data-start=\"2355\" data-end=\"2583\">\u00d6sterreich arbeite an seiner Widerstandsf\u00e4higkeit, doch der Mobilmachungsrahmen von 55.000 Soldaten erscheine in Zeiten hybrider Bedrohungen zu knapp bemessen. Historisch waren im Kalten Krieg bis zu 200.000 Soldaten vorgesehen.<\/p>\n<p data-start=\"2585\" data-end=\"2860\">Besonders problematisch\u00a0ist\u00a0laut Vartok die psychische Belastbarkeit der jungen Generation. Ein l\u00e4ngerfristiger Ausfall digitaler Kommunikation w\u00fcrde viele schwer treffen. K\u00f6rperliche Defizite k\u00f6nnten durch Training ausgeglichen werden, mentale Einschr\u00e4nkungen hingegen kaum.<\/p>\n<p data-start=\"2862\" data-end=\"3141\">So stehe \u00d6sterreich mitten in einem Konflikt ohne klare Fronten, der nicht nur milit\u00e4risch, sondern vor allem digital, politisch und gesellschaftlich gef\u00fchrt wird\u00a0\u2013 eine Perspektive, die sich kaum hinterfragen l\u00e4sst, wenn man den g\u00e4ngigen westlichen Sicherheitserz\u00e4hlungen folgt.<\/p>\n<p data-start=\"2862\" data-end=\"3141\">Das Fazit bleibt kritisch: Vartok tr\u00e4umt von einer st\u00e4rkeren NATO-Pr\u00e4senz und sch\u00fcrt \u00c4ngste vor einem bedrohlichen Russland, um mehr finanzielle Mittel und Aufmerksamkeit f\u00fcr das Milit\u00e4r zu erhalten. Gleichzeitig lenkt er damit von den realen Problemen der \u00f6sterreichischen Bev\u00f6lkerung ab, die im Alltag mit wirtschaftlichen und sozialen Herausforderungen k\u00e4mpft.<\/p>\n<p data-start=\"2862\" data-end=\"3141\"><strong>Mehr zum Thema<\/strong>\u00a0&#8211;\u00a0<a rel=\"nofollow noopener\" target=\"_blank\" href=\"https:\/\/freedert.online\/oesterreich\/228878-syrische-demonstration-in-wien-geraet\/\">Syrische Demonstration in Wien ger\u00e4t au\u00dfer Kontrolle<\/a><\/p>\n<div class=\"EmbedBlock-root EmbedBlock-externalVideo EmbedBlock-rumble\">\n<div class=\"VkEmbed\"><iframe class=\"lazyload\" data-src=\"https:\/\/rumble.com\/embed\/v6uf680\" frameborder=\"0\" width=\"853\" height=\"480\" allowfullscreen><\/iframe><\/div>\n<\/div>\n<\/div>\n<p><script async src=\"https:\/\/platform.twitter.com\/widgets.js\" charset=\"utf-8\"><\/script><br \/>\n<br \/><br \/>\n<br \/><a href=\"https:\/\/de.rt.com\/oesterreich\/252541-oesterreich-bereits-im-hybriden-krieg\/\">Source link <\/a><\/p>\n","protected":false},"excerpt":{"rendered":"<p>In einem Gespr\u00e4ch mit dem Kurier skizziert Generalmajor Ronald Vartok ein beunruhigendes Sicherheitsbild. \u00d6sterreich sei l\u00e4ngst Teil eines hybriden Kriegs, in dem Russland milit\u00e4rische, digitale und gesellschaftliche Mittel kombiniere, um die EU zu destabilisieren. Cyberattacken, gezielte Migrationsstr\u00f6me und Propagandakampagnen seien t\u00e4gliche Realit\u00e4t. \u00d6sterreich befindet sich laut Generalmajor Ronald Vartok, Leiter der Direktion f\u00fcr Verteidigungspolitik und [&hellip;]<\/p>\n","protected":false},"author":3,"featured_media":88370,"comment_status":"open","ping_status":"open","sticky":false,"template":"","format":"standard","meta":{"_yoast_indexnow_last_ping":["1754474812"],"wp_automatic_camp":["217"],"bb73181ad6ec181d836e05d42a85469f":["Generalmajor Vartok: \u00d6sterreich bereits im hybriden Krieg \u2013 t\u00e4gliche Cyberangriffe als neue Realit\u00e4t"],"original_link":["https:\/\/de.rt.com\/oesterreich\/252541-oesterreich-bereits-im-hybriden-krieg\/"],"_thumbnail_id":["88370"],"jnews_social_counter_last_update":["1777580352"],"_wptgpro_p2tg_sent2tg":["a:1:{i:23737;s:19:\"2025-08-06 12:07:55\";}"]},"categories":[19,23],"tags":[273,10014,30366,57533,20142,130,1227,7290,8910,24298,66891],"yoast_head":"<!-- This site is optimized with the Yoast SEO Premium plugin v22.7 (Yoast SEO v22.7) - https:\/\/yoast.com\/wordpress\/plugins\/seo\/ -->\n<title>Generalmajor Vartok: \u00d6sterreich bereits im hybriden Krieg \u2013 t\u00e4gliche Cyberangriffe als neue Realit\u00e4t - just-now.NEWS Deutschland<\/title>\n<meta name=\"robots\" content=\"index, follow, max-snippet:-1, max-image-preview:large, max-video-preview:-1\" \/>\n<link rel=\"canonical\" href=\"https:\/\/now-news.de\/de\/deutschland\/generalmajor-vartok-oesterreich-bereits-im-hybriden-krieg-taegliche-cyberangriffe-als-neue-realitaet\/\" \/>\n<meta property=\"og:locale\" content=\"de_DE\" \/>\n<meta property=\"og:type\" content=\"article\" \/>\n<meta property=\"og:title\" content=\"Generalmajor Vartok: \u00d6sterreich bereits im hybriden Krieg \u2013 t\u00e4gliche Cyberangriffe als neue Realit\u00e4t\" \/>\n<meta property=\"og:description\" content=\"In einem Gespr\u00e4ch mit dem Kurier skizziert Generalmajor Ronald Vartok ein beunruhigendes Sicherheitsbild. \u00d6sterreich sei l\u00e4ngst Teil eines hybriden Kriegs, in dem Russland milit\u00e4rische, digitale und gesellschaftliche Mittel kombiniere, um die EU zu destabilisieren. Cyberattacken, gezielte Migrationsstr\u00f6me und Propagandakampagnen seien t\u00e4gliche Realit\u00e4t. \u00d6sterreich befindet sich laut Generalmajor Ronald Vartok, Leiter der Direktion f\u00fcr Verteidigungspolitik und [&hellip;]\" \/>\n<meta property=\"og:url\" content=\"https:\/\/now-news.de\/de\/deutschland\/generalmajor-vartok-oesterreich-bereits-im-hybriden-krieg-taegliche-cyberangriffe-als-neue-realitaet\/\" \/>\n<meta property=\"og:site_name\" content=\"just-now.NEWS Deutschland\" \/>\n<meta property=\"article:publisher\" content=\"https:\/\/www.facebook.com\/wirmachenauf\" \/>\n<meta property=\"article:published_time\" content=\"2025-08-06T09:37:02+00:00\" \/>\n<meta property=\"og:image\" content=\"https:\/\/now-news.de\/de\/wp-content\/uploads\/sites\/3\/2025\/08\/689315af48fbef4f1f400f28.jpg\" \/>\n<meta name=\"author\" content=\"rtnews\" \/>\n<meta name=\"twitter:card\" content=\"summary_large_image\" \/>\n<meta name=\"twitter:creator\" content=\"@WirMachenAuf_de\" \/>\n<meta name=\"twitter:site\" content=\"@WirMachenAuf_de\" \/>\n<meta name=\"twitter:label1\" content=\"Verfasst von\" \/>\n\t<meta name=\"twitter:data1\" content=\"rtnews\" \/>\n\t<meta name=\"twitter:label2\" content=\"Gesch\u00e4tzte Lesezeit\" \/>\n\t<meta name=\"twitter:data2\" content=\"3\u00a0Minuten\" \/>\n<script type=\"application\/ld+json\" class=\"yoast-schema-graph\">{\"@context\":\"https:\/\/schema.org\",\"@graph\":[{\"@type\":\"Article\",\"@id\":\"https:\/\/now-news.de\/de\/deutschland\/generalmajor-vartok-oesterreich-bereits-im-hybriden-krieg-taegliche-cyberangriffe-als-neue-realitaet\/#article\",\"isPartOf\":{\"@id\":\"https:\/\/now-news.de\/de\/deutschland\/generalmajor-vartok-oesterreich-bereits-im-hybriden-krieg-taegliche-cyberangriffe-als-neue-realitaet\/\"},\"author\":{\"name\":\"rtnews\",\"@id\":\"https:\/\/now-news.de\/de\/#\/schema\/person\/fb534a4e865501d8b3285208df34a9b5\"},\"headline\":\"Generalmajor Vartok: \u00d6sterreich bereits im hybriden Krieg \u2013 t\u00e4gliche Cyberangriffe als neue Realit\u00e4t\",\"datePublished\":\"2025-08-06T09:37:02+00:00\",\"dateModified\":\"2025-08-06T09:37:02+00:00\",\"mainEntityOfPage\":{\"@id\":\"https:\/\/now-news.de\/de\/deutschland\/generalmajor-vartok-oesterreich-bereits-im-hybriden-krieg-taegliche-cyberangriffe-als-neue-realitaet\/\"},\"wordCount\":573,\"commentCount\":0,\"publisher\":{\"@id\":\"https:\/\/now-news.de\/de\/#organization\"},\"image\":{\"@id\":\"https:\/\/now-news.de\/de\/deutschland\/generalmajor-vartok-oesterreich-bereits-im-hybriden-krieg-taegliche-cyberangriffe-als-neue-realitaet\/#primaryimage\"},\"thumbnailUrl\":\"https:\/\/now-news.de\/de\/wp-content\/uploads\/sites\/3\/2025\/08\/Generalmajor-Vartok-Oesterreich-bereits-im-hybriden-Krieg-\u2013-taegliche-Cyberangriffe.jpg\",\"keywords\":[\"als\",\"bereits\",\"CyberAngriffe\",\"Generalmajor\",\"hybriden\",\"krieg\",\"NEUE\",\"\u00d6sterreich\",\"Realit\u00e4t\",\"t\u00e4gliche\",\"Vartok\"],\"articleSection\":[\"Deutschland\",\"Russland\"],\"inLanguage\":\"de\",\"potentialAction\":[{\"@type\":\"CommentAction\",\"name\":\"Comment\",\"target\":[\"https:\/\/now-news.de\/de\/deutschland\/generalmajor-vartok-oesterreich-bereits-im-hybriden-krieg-taegliche-cyberangriffe-als-neue-realitaet\/#respond\"]}]},{\"@type\":\"WebPage\",\"@id\":\"https:\/\/now-news.de\/de\/deutschland\/generalmajor-vartok-oesterreich-bereits-im-hybriden-krieg-taegliche-cyberangriffe-als-neue-realitaet\/\",\"url\":\"https:\/\/now-news.de\/de\/deutschland\/generalmajor-vartok-oesterreich-bereits-im-hybriden-krieg-taegliche-cyberangriffe-als-neue-realitaet\/\",\"name\":\"Generalmajor Vartok: \u00d6sterreich bereits im hybriden Krieg \u2013 t\u00e4gliche Cyberangriffe als neue Realit\u00e4t - just-now.NEWS Deutschland\",\"isPartOf\":{\"@id\":\"https:\/\/now-news.de\/de\/#website\"},\"primaryImageOfPage\":{\"@id\":\"https:\/\/now-news.de\/de\/deutschland\/generalmajor-vartok-oesterreich-bereits-im-hybriden-krieg-taegliche-cyberangriffe-als-neue-realitaet\/#primaryimage\"},\"image\":{\"@id\":\"https:\/\/now-news.de\/de\/deutschland\/generalmajor-vartok-oesterreich-bereits-im-hybriden-krieg-taegliche-cyberangriffe-als-neue-realitaet\/#primaryimage\"},\"thumbnailUrl\":\"https:\/\/now-news.de\/de\/wp-content\/uploads\/sites\/3\/2025\/08\/Generalmajor-Vartok-Oesterreich-bereits-im-hybriden-Krieg-\u2013-taegliche-Cyberangriffe.jpg\",\"datePublished\":\"2025-08-06T09:37:02+00:00\",\"dateModified\":\"2025-08-06T09:37:02+00:00\",\"breadcrumb\":{\"@id\":\"https:\/\/now-news.de\/de\/deutschland\/generalmajor-vartok-oesterreich-bereits-im-hybriden-krieg-taegliche-cyberangriffe-als-neue-realitaet\/#breadcrumb\"},\"inLanguage\":\"de\",\"potentialAction\":[{\"@type\":\"ReadAction\",\"target\":[\"https:\/\/now-news.de\/de\/deutschland\/generalmajor-vartok-oesterreich-bereits-im-hybriden-krieg-taegliche-cyberangriffe-als-neue-realitaet\/\"]}]},{\"@type\":\"ImageObject\",\"inLanguage\":\"de\",\"@id\":\"https:\/\/now-news.de\/de\/deutschland\/generalmajor-vartok-oesterreich-bereits-im-hybriden-krieg-taegliche-cyberangriffe-als-neue-realitaet\/#primaryimage\",\"url\":\"https:\/\/now-news.de\/de\/wp-content\/uploads\/sites\/3\/2025\/08\/Generalmajor-Vartok-Oesterreich-bereits-im-hybriden-Krieg-\u2013-taegliche-Cyberangriffe.jpg\",\"contentUrl\":\"https:\/\/now-news.de\/de\/wp-content\/uploads\/sites\/3\/2025\/08\/Generalmajor-Vartok-Oesterreich-bereits-im-hybriden-Krieg-\u2013-taegliche-Cyberangriffe.jpg\",\"width\":460,\"height\":259,\"caption\":\"Generalmajor Vartok: \u00d6sterreich bereits im hybriden Krieg \u2013 t\u00e4gliche Cyberangriffe als neue Realit\u00e4t\"},{\"@type\":\"BreadcrumbList\",\"@id\":\"https:\/\/now-news.de\/de\/deutschland\/generalmajor-vartok-oesterreich-bereits-im-hybriden-krieg-taegliche-cyberangriffe-als-neue-realitaet\/#breadcrumb\",\"itemListElement\":[{\"@type\":\"ListItem\",\"position\":1,\"name\":\"Home\",\"item\":\"https:\/\/now-news.de\/de\/\"},{\"@type\":\"ListItem\",\"position\":2,\"name\":\"Generalmajor Vartok: \u00d6sterreich bereits im hybriden Krieg \u2013 t\u00e4gliche Cyberangriffe als neue Realit\u00e4t\"}]},{\"@type\":\"WebSite\",\"@id\":\"https:\/\/now-news.de\/de\/#website\",\"url\":\"https:\/\/now-news.de\/de\/\",\"name\":\"just-now.NEWS Deutschland\",\"description\":\"Das Portal f\u00fcr unzensierte Nachrichten aus der Welt\",\"publisher\":{\"@id\":\"https:\/\/now-news.de\/de\/#organization\"},\"potentialAction\":[{\"@type\":\"SearchAction\",\"target\":{\"@type\":\"EntryPoint\",\"urlTemplate\":\"https:\/\/now-news.de\/de\/?s={search_term_string}\"},\"query-input\":\"required name=search_term_string\"}],\"inLanguage\":\"de\"},{\"@type\":\"Organization\",\"@id\":\"https:\/\/now-news.de\/de\/#organization\",\"name\":\"Just Now News\",\"url\":\"https:\/\/now-news.de\/de\/\",\"logo\":{\"@type\":\"ImageObject\",\"inLanguage\":\"de\",\"@id\":\"https:\/\/now-news.de\/de\/#\/schema\/logo\/image\/\",\"url\":\"http:\/\/just-now.news\/de\/wp-content\/uploads\/sites\/3\/2022\/04\/logo500x500.jpg\",\"contentUrl\":\"http:\/\/just-now.news\/de\/wp-content\/uploads\/sites\/3\/2022\/04\/logo500x500.jpg\",\"width\":500,\"height\":500,\"caption\":\"Just Now News\"},\"image\":{\"@id\":\"https:\/\/now-news.de\/de\/#\/schema\/logo\/image\/\"},\"sameAs\":[\"https:\/\/www.facebook.com\/wirmachenauf\",\"https:\/\/x.com\/WirMachenAuf_de\"]},{\"@type\":\"Person\",\"@id\":\"https:\/\/now-news.de\/de\/#\/schema\/person\/fb534a4e865501d8b3285208df34a9b5\",\"name\":\"rtnews\",\"image\":{\"@type\":\"ImageObject\",\"inLanguage\":\"de\",\"@id\":\"https:\/\/now-news.de\/de\/#\/schema\/person\/image\/\",\"url\":\"https:\/\/secure.gravatar.com\/avatar\/82aafea7d8127119dd649515f56e2117?s=96&d=mm&r=g\",\"contentUrl\":\"https:\/\/secure.gravatar.com\/avatar\/82aafea7d8127119dd649515f56e2117?s=96&d=mm&r=g\",\"caption\":\"rtnews\"},\"url\":\"https:\/\/now-news.de\/de\/author\/rnews\/\"}]}<\/script>\n<!-- \/ Yoast SEO Premium plugin. -->","yoast_head_json":{"title":"Generalmajor Vartok: \u00d6sterreich bereits im hybriden Krieg \u2013 t\u00e4gliche Cyberangriffe als neue Realit\u00e4t - just-now.NEWS Deutschland","robots":{"index":"index","follow":"follow","max-snippet":"max-snippet:-1","max-image-preview":"max-image-preview:large","max-video-preview":"max-video-preview:-1"},"canonical":"https:\/\/now-news.de\/de\/deutschland\/generalmajor-vartok-oesterreich-bereits-im-hybriden-krieg-taegliche-cyberangriffe-als-neue-realitaet\/","og_locale":"de_DE","og_type":"article","og_title":"Generalmajor Vartok: \u00d6sterreich bereits im hybriden Krieg \u2013 t\u00e4gliche Cyberangriffe als neue Realit\u00e4t","og_description":"In einem Gespr\u00e4ch mit dem Kurier skizziert Generalmajor Ronald Vartok ein beunruhigendes Sicherheitsbild. \u00d6sterreich sei l\u00e4ngst Teil eines hybriden Kriegs, in dem Russland milit\u00e4rische, digitale und gesellschaftliche Mittel kombiniere, um die EU zu destabilisieren. Cyberattacken, gezielte Migrationsstr\u00f6me und Propagandakampagnen seien t\u00e4gliche Realit\u00e4t. \u00d6sterreich befindet sich laut Generalmajor Ronald Vartok, Leiter der Direktion f\u00fcr Verteidigungspolitik und [&hellip;]","og_url":"https:\/\/now-news.de\/de\/deutschland\/generalmajor-vartok-oesterreich-bereits-im-hybriden-krieg-taegliche-cyberangriffe-als-neue-realitaet\/","og_site_name":"just-now.NEWS Deutschland","article_publisher":"https:\/\/www.facebook.com\/wirmachenauf","article_published_time":"2025-08-06T09:37:02+00:00","og_image":[{"url":"https:\/\/now-news.de\/de\/wp-content\/uploads\/sites\/3\/2025\/08\/689315af48fbef4f1f400f28.jpg"}],"author":"rtnews","twitter_card":"summary_large_image","twitter_creator":"@WirMachenAuf_de","twitter_site":"@WirMachenAuf_de","twitter_misc":{"Verfasst von":"rtnews","Gesch\u00e4tzte Lesezeit":"3\u00a0Minuten"},"schema":{"@context":"https:\/\/schema.org","@graph":[{"@type":"Article","@id":"https:\/\/now-news.de\/de\/deutschland\/generalmajor-vartok-oesterreich-bereits-im-hybriden-krieg-taegliche-cyberangriffe-als-neue-realitaet\/#article","isPartOf":{"@id":"https:\/\/now-news.de\/de\/deutschland\/generalmajor-vartok-oesterreich-bereits-im-hybriden-krieg-taegliche-cyberangriffe-als-neue-realitaet\/"},"author":{"name":"rtnews","@id":"https:\/\/now-news.de\/de\/#\/schema\/person\/fb534a4e865501d8b3285208df34a9b5"},"headline":"Generalmajor Vartok: \u00d6sterreich bereits im hybriden Krieg \u2013 t\u00e4gliche Cyberangriffe als neue Realit\u00e4t","datePublished":"2025-08-06T09:37:02+00:00","dateModified":"2025-08-06T09:37:02+00:00","mainEntityOfPage":{"@id":"https:\/\/now-news.de\/de\/deutschland\/generalmajor-vartok-oesterreich-bereits-im-hybriden-krieg-taegliche-cyberangriffe-als-neue-realitaet\/"},"wordCount":573,"commentCount":0,"publisher":{"@id":"https:\/\/now-news.de\/de\/#organization"},"image":{"@id":"https:\/\/now-news.de\/de\/deutschland\/generalmajor-vartok-oesterreich-bereits-im-hybriden-krieg-taegliche-cyberangriffe-als-neue-realitaet\/#primaryimage"},"thumbnailUrl":"https:\/\/now-news.de\/de\/wp-content\/uploads\/sites\/3\/2025\/08\/Generalmajor-Vartok-Oesterreich-bereits-im-hybriden-Krieg-\u2013-taegliche-Cyberangriffe.jpg","keywords":["als","bereits","CyberAngriffe","Generalmajor","hybriden","krieg","NEUE","\u00d6sterreich","Realit\u00e4t","t\u00e4gliche","Vartok"],"articleSection":["Deutschland","Russland"],"inLanguage":"de","potentialAction":[{"@type":"CommentAction","name":"Comment","target":["https:\/\/now-news.de\/de\/deutschland\/generalmajor-vartok-oesterreich-bereits-im-hybriden-krieg-taegliche-cyberangriffe-als-neue-realitaet\/#respond"]}]},{"@type":"WebPage","@id":"https:\/\/now-news.de\/de\/deutschland\/generalmajor-vartok-oesterreich-bereits-im-hybriden-krieg-taegliche-cyberangriffe-als-neue-realitaet\/","url":"https:\/\/now-news.de\/de\/deutschland\/generalmajor-vartok-oesterreich-bereits-im-hybriden-krieg-taegliche-cyberangriffe-als-neue-realitaet\/","name":"Generalmajor Vartok: \u00d6sterreich bereits im hybriden Krieg \u2013 t\u00e4gliche Cyberangriffe als neue Realit\u00e4t - just-now.NEWS Deutschland","isPartOf":{"@id":"https:\/\/now-news.de\/de\/#website"},"primaryImageOfPage":{"@id":"https:\/\/now-news.de\/de\/deutschland\/generalmajor-vartok-oesterreich-bereits-im-hybriden-krieg-taegliche-cyberangriffe-als-neue-realitaet\/#primaryimage"},"image":{"@id":"https:\/\/now-news.de\/de\/deutschland\/generalmajor-vartok-oesterreich-bereits-im-hybriden-krieg-taegliche-cyberangriffe-als-neue-realitaet\/#primaryimage"},"thumbnailUrl":"https:\/\/now-news.de\/de\/wp-content\/uploads\/sites\/3\/2025\/08\/Generalmajor-Vartok-Oesterreich-bereits-im-hybriden-Krieg-\u2013-taegliche-Cyberangriffe.jpg","datePublished":"2025-08-06T09:37:02+00:00","dateModified":"2025-08-06T09:37:02+00:00","breadcrumb":{"@id":"https:\/\/now-news.de\/de\/deutschland\/generalmajor-vartok-oesterreich-bereits-im-hybriden-krieg-taegliche-cyberangriffe-als-neue-realitaet\/#breadcrumb"},"inLanguage":"de","potentialAction":[{"@type":"ReadAction","target":["https:\/\/now-news.de\/de\/deutschland\/generalmajor-vartok-oesterreich-bereits-im-hybriden-krieg-taegliche-cyberangriffe-als-neue-realitaet\/"]}]},{"@type":"ImageObject","inLanguage":"de","@id":"https:\/\/now-news.de\/de\/deutschland\/generalmajor-vartok-oesterreich-bereits-im-hybriden-krieg-taegliche-cyberangriffe-als-neue-realitaet\/#primaryimage","url":"https:\/\/now-news.de\/de\/wp-content\/uploads\/sites\/3\/2025\/08\/Generalmajor-Vartok-Oesterreich-bereits-im-hybriden-Krieg-\u2013-taegliche-Cyberangriffe.jpg","contentUrl":"https:\/\/now-news.de\/de\/wp-content\/uploads\/sites\/3\/2025\/08\/Generalmajor-Vartok-Oesterreich-bereits-im-hybriden-Krieg-\u2013-taegliche-Cyberangriffe.jpg","width":460,"height":259,"caption":"Generalmajor Vartok: \u00d6sterreich bereits im hybriden Krieg \u2013 t\u00e4gliche Cyberangriffe als neue Realit\u00e4t"},{"@type":"BreadcrumbList","@id":"https:\/\/now-news.de\/de\/deutschland\/generalmajor-vartok-oesterreich-bereits-im-hybriden-krieg-taegliche-cyberangriffe-als-neue-realitaet\/#breadcrumb","itemListElement":[{"@type":"ListItem","position":1,"name":"Home","item":"https:\/\/now-news.de\/de\/"},{"@type":"ListItem","position":2,"name":"Generalmajor Vartok: \u00d6sterreich bereits im hybriden Krieg \u2013 t\u00e4gliche Cyberangriffe als neue Realit\u00e4t"}]},{"@type":"WebSite","@id":"https:\/\/now-news.de\/de\/#website","url":"https:\/\/now-news.de\/de\/","name":"just-now.NEWS Deutschland","description":"Das Portal f\u00fcr unzensierte Nachrichten aus der Welt","publisher":{"@id":"https:\/\/now-news.de\/de\/#organization"},"potentialAction":[{"@type":"SearchAction","target":{"@type":"EntryPoint","urlTemplate":"https:\/\/now-news.de\/de\/?s={search_term_string}"},"query-input":"required name=search_term_string"}],"inLanguage":"de"},{"@type":"Organization","@id":"https:\/\/now-news.de\/de\/#organization","name":"Just Now News","url":"https:\/\/now-news.de\/de\/","logo":{"@type":"ImageObject","inLanguage":"de","@id":"https:\/\/now-news.de\/de\/#\/schema\/logo\/image\/","url":"http:\/\/just-now.news\/de\/wp-content\/uploads\/sites\/3\/2022\/04\/logo500x500.jpg","contentUrl":"http:\/\/just-now.news\/de\/wp-content\/uploads\/sites\/3\/2022\/04\/logo500x500.jpg","width":500,"height":500,"caption":"Just Now News"},"image":{"@id":"https:\/\/now-news.de\/de\/#\/schema\/logo\/image\/"},"sameAs":["https:\/\/www.facebook.com\/wirmachenauf","https:\/\/x.com\/WirMachenAuf_de"]},{"@type":"Person","@id":"https:\/\/now-news.de\/de\/#\/schema\/person\/fb534a4e865501d8b3285208df34a9b5","name":"rtnews","image":{"@type":"ImageObject","inLanguage":"de","@id":"https:\/\/now-news.de\/de\/#\/schema\/person\/image\/","url":"https:\/\/secure.gravatar.com\/avatar\/82aafea7d8127119dd649515f56e2117?s=96&d=mm&r=g","contentUrl":"https:\/\/secure.gravatar.com\/avatar\/82aafea7d8127119dd649515f56e2117?s=96&d=mm&r=g","caption":"rtnews"},"url":"https:\/\/now-news.de\/de\/author\/rnews\/"}]}},"_links":{"self":[{"href":"https:\/\/now-news.de\/de\/wp-json\/wp\/v2\/posts\/88369"}],"collection":[{"href":"https:\/\/now-news.de\/de\/wp-json\/wp\/v2\/posts"}],"about":[{"href":"https:\/\/now-news.de\/de\/wp-json\/wp\/v2\/types\/post"}],"author":[{"embeddable":true,"href":"https:\/\/now-news.de\/de\/wp-json\/wp\/v2\/users\/3"}],"replies":[{"embeddable":true,"href":"https:\/\/now-news.de\/de\/wp-json\/wp\/v2\/comments?post=88369"}],"version-history":[{"count":0,"href":"https:\/\/now-news.de\/de\/wp-json\/wp\/v2\/posts\/88369\/revisions"}],"wp:featuredmedia":[{"embeddable":true,"href":"https:\/\/now-news.de\/de\/wp-json\/wp\/v2\/media\/88370"}],"wp:attachment":[{"href":"https:\/\/now-news.de\/de\/wp-json\/wp\/v2\/media?parent=88369"}],"wp:term":[{"taxonomy":"category","embeddable":true,"href":"https:\/\/now-news.de\/de\/wp-json\/wp\/v2\/categories?post=88369"},{"taxonomy":"post_tag","embeddable":true,"href":"https:\/\/now-news.de\/de\/wp-json\/wp\/v2\/tags?post=88369"}],"curies":[{"name":"wp","href":"https:\/\/api.w.org\/{rel}","templated":true}]}}