{"id":88325,"date":"2025-08-05T17:50:47","date_gmt":"2025-08-05T15:50:47","guid":{"rendered":"https:\/\/now-news.de\/de\/deutschland\/regierungs-koalition-ueber-soeders-buergergeld-kampagne-gespalten\/"},"modified":"2025-08-05T17:50:47","modified_gmt":"2025-08-05T15:50:47","slug":"regierungs-koalition-ueber-soeders-buergergeld-kampagne-gespalten","status":"publish","type":"post","link":"https:\/\/now-news.de\/de\/deutschland\/regierungs-koalition-ueber-soeders-buergergeld-kampagne-gespalten\/","title":{"rendered":"Regierungs-Koalition \u00fcber S\u00f6ders &quot;B\u00fcrgergeld-Kampagne&quot; gespalten"},"content":{"rendered":"<p><img decoding=\"async\" src=\"https:\/\/now-news.de\/de\/wp-content\/uploads\/sites\/3\/2025\/08\/6892123248fbef0921103ac5.jpg\" \/><\/p>\n<div class=\"Text-root Text-type_1 \">\n                CSU-Chef Markus S\u00f6der hatte vorgeschlagen, B\u00fcrgergeld f\u00fcr gefl\u00fcchtete Ukrainer zu streichen. Dies sorgte allerdings f\u00fcr Brodeln in der Koalition. SPD-Politiker Bovenschulte bezeichnete die Initiative als eine &#8220;umfassende Kampagne&#8221;, die Jungsozialisten als einen populistischen Plan.\n            <\/div>\n<p><\/p>\n<div class=\"Text-root Text-type_5 ArticleView-text ViewText-root \">\n<p>Der bayerische\u00a0Ministerpr\u00e4sident und CSU-Vorsitzender Markus S\u00f6der hat sich f\u00fcr einen B\u00fcrgergeld-Stopp f\u00fcr Fl\u00fcchtlinge aus der Ukrainer ausgesprochen. Sein Vorsto\u00df sorgte\u00a0allerdings f\u00fcr heftige Diskussionen in der Koalition.<\/p>\n<p>Bremens B\u00fcrgermeister Andreas Bovenschulte (SPD) \u00e4u\u00dferte sich emp\u00f6rt \u00fcber den Vorschlag des CSU-Chefs. Laut dem SPD-Politiker fahre S\u00f6der eine Kampagne, die Teil einer &#8220;umfassenderen Kampagne gegen das B\u00fcrgergeld&#8221; sei. Die Argumentation von Bovenschulte lautet: Wenn gefl\u00fcchtete Ukrainer statt B\u00fcrgergeld Asylbewerberleistungen bez\u00f6gen, k\u00f6nnten die Jobcenter sie angeblich nicht mehr betreuen. Darunter werde ihre Integration in den Arbeitsmarkt leiden, sagte er gegen\u00fcber dem &#8220;Morgenmagazin&#8221; von <em>ARD<\/em> und <em>ZDF<\/em>.<\/p>\n<p>Auch die Vertreter der Arbeitsgemeinschaft der Jungsozialistinnen und Jungsozialisten in der SPD (kurz Jusos) kritisierten den Vorsto\u00df S\u00f6ders. Der Jusos-Chef, Philipp T\u00fcrmer,\u00a0h\u00e4lt seinen Vorschlag\u00a0f\u00fcr &#8220;gef\u00e4hrlich und populistisch&#8221; und behauptete in einem Interview mit der <em>Augsburger Allgemeinen<\/em>, dass der CSU-Chef damit &#8220;Haushaltsl\u00f6cher auf dem R\u00fccken der Schw\u00e4chsten stopfen&#8221; wolle. T\u00fcrmer hob dar\u00fcber hinaus die Wichtigkeit der Integration ukrainischer Gefl\u00fcchteter hervor.<\/p>\n<p>Indessen empfindet Kanzleramtsminister Thorsten Frei von der CDU den Vorschlag nicht als Zankapfel. Es erwachse daraus &#8220;kein Konflikt in der Koalition&#8221;, so der Politiker gegen\u00fcber den\u00a0<em>Tagesthemen<\/em>. In Bezug auf den Koalitionsvertrag d\u00fcrfe man &#8220;nat\u00fcrlich jederzeit auch dar\u00fcber hinausdenken&#8221;, so Frei. Wenn aber keine Einigung erzielt werde, &#8220;dann gelten selbstverst\u00e4ndlich die Verabredungen des Koalitionsvertrages.&#8221;<\/p>\n<p>Es gibt aber durchaus auch Bef\u00fcrworter von S\u00f6ders Initiative. Der Parlamentarische Gesch\u00e4ftsf\u00fchrer der Unionsfraktion, Steffen Bilger, merkte an,\u00a0der bayerische Ministerpr\u00e4sident\u00a0habe &#8220;einen wichtigen Punkt angesprochen, n\u00e4mlich, dass der Anteil der ukrainischen Fl\u00fcchtlinge, die bei uns in Arbeit sind, deutlich geringer ist als in vielen anderen L\u00e4ndern.&#8221; Zudem konterte Bilger die Kritik Bovenschultes, dass eine Streichung des B\u00fcrgergeldes auch die Vermittlungschancen reduzieren d\u00fcrfte. Die Union halte es grunds\u00e4tzlich nicht f\u00fcr ausreichend, wie die Vermittlung in Arbeit bis jetzt ablaufe, so Bilger.<\/p>\n<p><strong>Mehr zum Thema<\/strong>\u00a0&#8211;\u00a0<a rel=\"nofollow noopener\" target=\"_blank\" href=\"https:\/\/freedert.online\/inland\/249537-spahn-will-buergergeld-kappen-streit-im-koalitionsausschuss-vorprogrammiert\/\">Spahn will B\u00fcrgergeld kappen \u2013 Streit im Koalitionsausschuss vorprogrammiert<\/a><\/p>\n<div class=\"EmbedBlock-root EmbedBlock-externalVideo EmbedBlock-rumble\">\n<div class=\"VkEmbed\"><iframe class=\"lazyload\" data-src=\"https:\/\/rumble.com\/embed\/v6ux9pa\" frameborder=\"0\" width=\"853\" height=\"480\" allowfullscreen><\/iframe><\/div>\n<\/div>\n<p>\u00a0<\/p>\n<\/div>\n<p><br \/>\n<br \/><a href=\"https:\/\/de.rt.com\/inland\/252484-koalition-gespalten-ueber-soeders-buergergeld\/\">Source link <\/a><\/p>\n","protected":false},"excerpt":{"rendered":"<p>CSU-Chef Markus S\u00f6der hatte vorgeschlagen, B\u00fcrgergeld f\u00fcr gefl\u00fcchtete Ukrainer zu streichen. Dies sorgte allerdings f\u00fcr Brodeln in der Koalition. SPD-Politiker Bovenschulte bezeichnete die Initiative als eine &#8220;umfassende Kampagne&#8221;, die Jungsozialisten als einen populistischen Plan. Der bayerische\u00a0Ministerpr\u00e4sident und CSU-Vorsitzender Markus S\u00f6der hat sich f\u00fcr einen B\u00fcrgergeld-Stopp f\u00fcr Fl\u00fcchtlinge aus der Ukrainer ausgesprochen. Sein Vorsto\u00df sorgte\u00a0allerdings f\u00fcr [&hellip;]<\/p>\n","protected":false},"author":3,"featured_media":88326,"comment_status":"open","ping_status":"open","sticky":false,"template":"","format":"standard","meta":{"_yoast_indexnow_last_ping":["1754409350"],"wp_automatic_camp":["217"],"2437421840d76cd6f7b42ff3882246cc":["Regierungs-Koalition \u00fcber S\u00f6ders &quot;B\u00fcrgergeld-Kampagne&quot; gespalten"],"original_link":["https:\/\/de.rt.com\/inland\/252484-koalition-gespalten-ueber-soeders-buergergeld\/"],"_thumbnail_id":["88326"],"jnews_social_counter_last_update":["1777365324"],"_wptgpro_p2tg_sent2tg":["a:1:{i:23737;s:19:\"2025-08-05 17:56:56\";}"]},"categories":[19,23],"tags":[40723,66867,23472,5581,139],"yoast_head":"<!-- This site is optimized with the Yoast SEO Premium plugin v22.7 (Yoast SEO v22.7) - https:\/\/yoast.com\/wordpress\/plugins\/seo\/ -->\n<title>Regierungs-Koalition \u00fcber S\u00f6ders &quot;B\u00fcrgergeld-Kampagne&quot; gespalten - just-now.NEWS Deutschland<\/title>\n<meta name=\"robots\" content=\"index, follow, max-snippet:-1, max-image-preview:large, max-video-preview:-1\" \/>\n<link rel=\"canonical\" href=\"https:\/\/now-news.de\/de\/deutschland\/regierungs-koalition-ueber-soeders-buergergeld-kampagne-gespalten\/\" \/>\n<meta property=\"og:locale\" content=\"de_DE\" \/>\n<meta property=\"og:type\" content=\"article\" \/>\n<meta property=\"og:title\" content=\"Regierungs-Koalition \u00fcber S\u00f6ders &quot;B\u00fcrgergeld-Kampagne&quot; gespalten\" \/>\n<meta property=\"og:description\" content=\"CSU-Chef Markus S\u00f6der hatte vorgeschlagen, B\u00fcrgergeld f\u00fcr gefl\u00fcchtete Ukrainer zu streichen. Dies sorgte allerdings f\u00fcr Brodeln in der Koalition. SPD-Politiker Bovenschulte bezeichnete die Initiative als eine &#8220;umfassende Kampagne&#8221;, die Jungsozialisten als einen populistischen Plan. Der bayerische\u00a0Ministerpr\u00e4sident und CSU-Vorsitzender Markus S\u00f6der hat sich f\u00fcr einen B\u00fcrgergeld-Stopp f\u00fcr Fl\u00fcchtlinge aus der Ukrainer ausgesprochen. Sein Vorsto\u00df sorgte\u00a0allerdings f\u00fcr [&hellip;]\" \/>\n<meta property=\"og:url\" content=\"https:\/\/now-news.de\/de\/deutschland\/regierungs-koalition-ueber-soeders-buergergeld-kampagne-gespalten\/\" \/>\n<meta property=\"og:site_name\" content=\"just-now.NEWS Deutschland\" \/>\n<meta property=\"article:publisher\" content=\"https:\/\/www.facebook.com\/wirmachenauf\" \/>\n<meta property=\"article:published_time\" content=\"2025-08-05T15:50:47+00:00\" \/>\n<meta property=\"og:image\" content=\"https:\/\/now-news.de\/de\/wp-content\/uploads\/sites\/3\/2025\/08\/6892123248fbef0921103ac5.jpg\" \/>\n<meta name=\"author\" content=\"rtnews\" \/>\n<meta name=\"twitter:card\" content=\"summary_large_image\" \/>\n<meta name=\"twitter:creator\" content=\"@WirMachenAuf_de\" \/>\n<meta name=\"twitter:site\" content=\"@WirMachenAuf_de\" \/>\n<meta name=\"twitter:label1\" content=\"Verfasst von\" \/>\n\t<meta name=\"twitter:data1\" content=\"rtnews\" \/>\n\t<meta name=\"twitter:label2\" content=\"Gesch\u00e4tzte Lesezeit\" \/>\n\t<meta name=\"twitter:data2\" content=\"2\u00a0Minuten\" \/>\n<script type=\"application\/ld+json\" class=\"yoast-schema-graph\">{\"@context\":\"https:\/\/schema.org\",\"@graph\":[{\"@type\":\"Article\",\"@id\":\"https:\/\/now-news.de\/de\/deutschland\/regierungs-koalition-ueber-soeders-buergergeld-kampagne-gespalten\/#article\",\"isPartOf\":{\"@id\":\"https:\/\/now-news.de\/de\/deutschland\/regierungs-koalition-ueber-soeders-buergergeld-kampagne-gespalten\/\"},\"author\":{\"name\":\"rtnews\",\"@id\":\"https:\/\/now-news.de\/de\/#\/schema\/person\/fb534a4e865501d8b3285208df34a9b5\"},\"headline\":\"Regierungs-Koalition \u00fcber S\u00f6ders &quot;B\u00fcrgergeld-Kampagne&quot; gespalten\",\"datePublished\":\"2025-08-05T15:50:47+00:00\",\"dateModified\":\"2025-08-05T15:50:47+00:00\",\"mainEntityOfPage\":{\"@id\":\"https:\/\/now-news.de\/de\/deutschland\/regierungs-koalition-ueber-soeders-buergergeld-kampagne-gespalten\/\"},\"wordCount\":399,\"commentCount\":0,\"publisher\":{\"@id\":\"https:\/\/now-news.de\/de\/#organization\"},\"image\":{\"@id\":\"https:\/\/now-news.de\/de\/deutschland\/regierungs-koalition-ueber-soeders-buergergeld-kampagne-gespalten\/#primaryimage\"},\"thumbnailUrl\":\"https:\/\/now-news.de\/de\/wp-content\/uploads\/sites\/3\/2025\/08\/Regierungs-Koalition-ueber-Soeders-quotBuergergeld-Kampagnequot-gespalten.jpg\",\"keywords\":[\"gespalten\",\"quotB\u00fcrgergeldKampagnequot\",\"Regierungskoalition\",\"S\u00f6ders\",\"\u00fcber\"],\"articleSection\":[\"Deutschland\",\"Russland\"],\"inLanguage\":\"de\",\"potentialAction\":[{\"@type\":\"CommentAction\",\"name\":\"Comment\",\"target\":[\"https:\/\/now-news.de\/de\/deutschland\/regierungs-koalition-ueber-soeders-buergergeld-kampagne-gespalten\/#respond\"]}]},{\"@type\":\"WebPage\",\"@id\":\"https:\/\/now-news.de\/de\/deutschland\/regierungs-koalition-ueber-soeders-buergergeld-kampagne-gespalten\/\",\"url\":\"https:\/\/now-news.de\/de\/deutschland\/regierungs-koalition-ueber-soeders-buergergeld-kampagne-gespalten\/\",\"name\":\"Regierungs-Koalition \u00fcber S\u00f6ders &quot;B\u00fcrgergeld-Kampagne&quot; gespalten - just-now.NEWS Deutschland\",\"isPartOf\":{\"@id\":\"https:\/\/now-news.de\/de\/#website\"},\"primaryImageOfPage\":{\"@id\":\"https:\/\/now-news.de\/de\/deutschland\/regierungs-koalition-ueber-soeders-buergergeld-kampagne-gespalten\/#primaryimage\"},\"image\":{\"@id\":\"https:\/\/now-news.de\/de\/deutschland\/regierungs-koalition-ueber-soeders-buergergeld-kampagne-gespalten\/#primaryimage\"},\"thumbnailUrl\":\"https:\/\/now-news.de\/de\/wp-content\/uploads\/sites\/3\/2025\/08\/Regierungs-Koalition-ueber-Soeders-quotBuergergeld-Kampagnequot-gespalten.jpg\",\"datePublished\":\"2025-08-05T15:50:47+00:00\",\"dateModified\":\"2025-08-05T15:50:47+00:00\",\"breadcrumb\":{\"@id\":\"https:\/\/now-news.de\/de\/deutschland\/regierungs-koalition-ueber-soeders-buergergeld-kampagne-gespalten\/#breadcrumb\"},\"inLanguage\":\"de\",\"potentialAction\":[{\"@type\":\"ReadAction\",\"target\":[\"https:\/\/now-news.de\/de\/deutschland\/regierungs-koalition-ueber-soeders-buergergeld-kampagne-gespalten\/\"]}]},{\"@type\":\"ImageObject\",\"inLanguage\":\"de\",\"@id\":\"https:\/\/now-news.de\/de\/deutschland\/regierungs-koalition-ueber-soeders-buergergeld-kampagne-gespalten\/#primaryimage\",\"url\":\"https:\/\/now-news.de\/de\/wp-content\/uploads\/sites\/3\/2025\/08\/Regierungs-Koalition-ueber-Soeders-quotBuergergeld-Kampagnequot-gespalten.jpg\",\"contentUrl\":\"https:\/\/now-news.de\/de\/wp-content\/uploads\/sites\/3\/2025\/08\/Regierungs-Koalition-ueber-Soeders-quotBuergergeld-Kampagnequot-gespalten.jpg\",\"width\":460,\"height\":259,\"caption\":\"Regierungs-Koalition \u00fcber S\u00f6ders &quot;B\u00fcrgergeld-Kampagne&quot; gespalten\"},{\"@type\":\"BreadcrumbList\",\"@id\":\"https:\/\/now-news.de\/de\/deutschland\/regierungs-koalition-ueber-soeders-buergergeld-kampagne-gespalten\/#breadcrumb\",\"itemListElement\":[{\"@type\":\"ListItem\",\"position\":1,\"name\":\"Home\",\"item\":\"https:\/\/now-news.de\/de\/\"},{\"@type\":\"ListItem\",\"position\":2,\"name\":\"Regierungs-Koalition \u00fcber S\u00f6ders &quot;B\u00fcrgergeld-Kampagne&quot; gespalten\"}]},{\"@type\":\"WebSite\",\"@id\":\"https:\/\/now-news.de\/de\/#website\",\"url\":\"https:\/\/now-news.de\/de\/\",\"name\":\"just-now.NEWS Deutschland\",\"description\":\"Das Portal f\u00fcr unzensierte Nachrichten aus der Welt\",\"publisher\":{\"@id\":\"https:\/\/now-news.de\/de\/#organization\"},\"potentialAction\":[{\"@type\":\"SearchAction\",\"target\":{\"@type\":\"EntryPoint\",\"urlTemplate\":\"https:\/\/now-news.de\/de\/?s={search_term_string}\"},\"query-input\":\"required name=search_term_string\"}],\"inLanguage\":\"de\"},{\"@type\":\"Organization\",\"@id\":\"https:\/\/now-news.de\/de\/#organization\",\"name\":\"Just Now News\",\"url\":\"https:\/\/now-news.de\/de\/\",\"logo\":{\"@type\":\"ImageObject\",\"inLanguage\":\"de\",\"@id\":\"https:\/\/now-news.de\/de\/#\/schema\/logo\/image\/\",\"url\":\"http:\/\/just-now.news\/de\/wp-content\/uploads\/sites\/3\/2022\/04\/logo500x500.jpg\",\"contentUrl\":\"http:\/\/just-now.news\/de\/wp-content\/uploads\/sites\/3\/2022\/04\/logo500x500.jpg\",\"width\":500,\"height\":500,\"caption\":\"Just Now News\"},\"image\":{\"@id\":\"https:\/\/now-news.de\/de\/#\/schema\/logo\/image\/\"},\"sameAs\":[\"https:\/\/www.facebook.com\/wirmachenauf\",\"https:\/\/x.com\/WirMachenAuf_de\"]},{\"@type\":\"Person\",\"@id\":\"https:\/\/now-news.de\/de\/#\/schema\/person\/fb534a4e865501d8b3285208df34a9b5\",\"name\":\"rtnews\",\"image\":{\"@type\":\"ImageObject\",\"inLanguage\":\"de\",\"@id\":\"https:\/\/now-news.de\/de\/#\/schema\/person\/image\/\",\"url\":\"https:\/\/secure.gravatar.com\/avatar\/82aafea7d8127119dd649515f56e2117?s=96&d=mm&r=g\",\"contentUrl\":\"https:\/\/secure.gravatar.com\/avatar\/82aafea7d8127119dd649515f56e2117?s=96&d=mm&r=g\",\"caption\":\"rtnews\"},\"url\":\"https:\/\/now-news.de\/de\/author\/rnews\/\"}]}<\/script>\n<!-- \/ Yoast SEO Premium plugin. -->","yoast_head_json":{"title":"Regierungs-Koalition \u00fcber S\u00f6ders &quot;B\u00fcrgergeld-Kampagne&quot; gespalten - just-now.NEWS Deutschland","robots":{"index":"index","follow":"follow","max-snippet":"max-snippet:-1","max-image-preview":"max-image-preview:large","max-video-preview":"max-video-preview:-1"},"canonical":"https:\/\/now-news.de\/de\/deutschland\/regierungs-koalition-ueber-soeders-buergergeld-kampagne-gespalten\/","og_locale":"de_DE","og_type":"article","og_title":"Regierungs-Koalition \u00fcber S\u00f6ders &quot;B\u00fcrgergeld-Kampagne&quot; gespalten","og_description":"CSU-Chef Markus S\u00f6der hatte vorgeschlagen, B\u00fcrgergeld f\u00fcr gefl\u00fcchtete Ukrainer zu streichen. Dies sorgte allerdings f\u00fcr Brodeln in der Koalition. SPD-Politiker Bovenschulte bezeichnete die Initiative als eine &#8220;umfassende Kampagne&#8221;, die Jungsozialisten als einen populistischen Plan. Der bayerische\u00a0Ministerpr\u00e4sident und CSU-Vorsitzender Markus S\u00f6der hat sich f\u00fcr einen B\u00fcrgergeld-Stopp f\u00fcr Fl\u00fcchtlinge aus der Ukrainer ausgesprochen. Sein Vorsto\u00df sorgte\u00a0allerdings f\u00fcr [&hellip;]","og_url":"https:\/\/now-news.de\/de\/deutschland\/regierungs-koalition-ueber-soeders-buergergeld-kampagne-gespalten\/","og_site_name":"just-now.NEWS Deutschland","article_publisher":"https:\/\/www.facebook.com\/wirmachenauf","article_published_time":"2025-08-05T15:50:47+00:00","og_image":[{"url":"https:\/\/now-news.de\/de\/wp-content\/uploads\/sites\/3\/2025\/08\/6892123248fbef0921103ac5.jpg"}],"author":"rtnews","twitter_card":"summary_large_image","twitter_creator":"@WirMachenAuf_de","twitter_site":"@WirMachenAuf_de","twitter_misc":{"Verfasst von":"rtnews","Gesch\u00e4tzte Lesezeit":"2\u00a0Minuten"},"schema":{"@context":"https:\/\/schema.org","@graph":[{"@type":"Article","@id":"https:\/\/now-news.de\/de\/deutschland\/regierungs-koalition-ueber-soeders-buergergeld-kampagne-gespalten\/#article","isPartOf":{"@id":"https:\/\/now-news.de\/de\/deutschland\/regierungs-koalition-ueber-soeders-buergergeld-kampagne-gespalten\/"},"author":{"name":"rtnews","@id":"https:\/\/now-news.de\/de\/#\/schema\/person\/fb534a4e865501d8b3285208df34a9b5"},"headline":"Regierungs-Koalition \u00fcber S\u00f6ders &quot;B\u00fcrgergeld-Kampagne&quot; gespalten","datePublished":"2025-08-05T15:50:47+00:00","dateModified":"2025-08-05T15:50:47+00:00","mainEntityOfPage":{"@id":"https:\/\/now-news.de\/de\/deutschland\/regierungs-koalition-ueber-soeders-buergergeld-kampagne-gespalten\/"},"wordCount":399,"commentCount":0,"publisher":{"@id":"https:\/\/now-news.de\/de\/#organization"},"image":{"@id":"https:\/\/now-news.de\/de\/deutschland\/regierungs-koalition-ueber-soeders-buergergeld-kampagne-gespalten\/#primaryimage"},"thumbnailUrl":"https:\/\/now-news.de\/de\/wp-content\/uploads\/sites\/3\/2025\/08\/Regierungs-Koalition-ueber-Soeders-quotBuergergeld-Kampagnequot-gespalten.jpg","keywords":["gespalten","quotB\u00fcrgergeldKampagnequot","Regierungskoalition","S\u00f6ders","\u00fcber"],"articleSection":["Deutschland","Russland"],"inLanguage":"de","potentialAction":[{"@type":"CommentAction","name":"Comment","target":["https:\/\/now-news.de\/de\/deutschland\/regierungs-koalition-ueber-soeders-buergergeld-kampagne-gespalten\/#respond"]}]},{"@type":"WebPage","@id":"https:\/\/now-news.de\/de\/deutschland\/regierungs-koalition-ueber-soeders-buergergeld-kampagne-gespalten\/","url":"https:\/\/now-news.de\/de\/deutschland\/regierungs-koalition-ueber-soeders-buergergeld-kampagne-gespalten\/","name":"Regierungs-Koalition \u00fcber S\u00f6ders &quot;B\u00fcrgergeld-Kampagne&quot; gespalten - just-now.NEWS Deutschland","isPartOf":{"@id":"https:\/\/now-news.de\/de\/#website"},"primaryImageOfPage":{"@id":"https:\/\/now-news.de\/de\/deutschland\/regierungs-koalition-ueber-soeders-buergergeld-kampagne-gespalten\/#primaryimage"},"image":{"@id":"https:\/\/now-news.de\/de\/deutschland\/regierungs-koalition-ueber-soeders-buergergeld-kampagne-gespalten\/#primaryimage"},"thumbnailUrl":"https:\/\/now-news.de\/de\/wp-content\/uploads\/sites\/3\/2025\/08\/Regierungs-Koalition-ueber-Soeders-quotBuergergeld-Kampagnequot-gespalten.jpg","datePublished":"2025-08-05T15:50:47+00:00","dateModified":"2025-08-05T15:50:47+00:00","breadcrumb":{"@id":"https:\/\/now-news.de\/de\/deutschland\/regierungs-koalition-ueber-soeders-buergergeld-kampagne-gespalten\/#breadcrumb"},"inLanguage":"de","potentialAction":[{"@type":"ReadAction","target":["https:\/\/now-news.de\/de\/deutschland\/regierungs-koalition-ueber-soeders-buergergeld-kampagne-gespalten\/"]}]},{"@type":"ImageObject","inLanguage":"de","@id":"https:\/\/now-news.de\/de\/deutschland\/regierungs-koalition-ueber-soeders-buergergeld-kampagne-gespalten\/#primaryimage","url":"https:\/\/now-news.de\/de\/wp-content\/uploads\/sites\/3\/2025\/08\/Regierungs-Koalition-ueber-Soeders-quotBuergergeld-Kampagnequot-gespalten.jpg","contentUrl":"https:\/\/now-news.de\/de\/wp-content\/uploads\/sites\/3\/2025\/08\/Regierungs-Koalition-ueber-Soeders-quotBuergergeld-Kampagnequot-gespalten.jpg","width":460,"height":259,"caption":"Regierungs-Koalition \u00fcber S\u00f6ders &quot;B\u00fcrgergeld-Kampagne&quot; gespalten"},{"@type":"BreadcrumbList","@id":"https:\/\/now-news.de\/de\/deutschland\/regierungs-koalition-ueber-soeders-buergergeld-kampagne-gespalten\/#breadcrumb","itemListElement":[{"@type":"ListItem","position":1,"name":"Home","item":"https:\/\/now-news.de\/de\/"},{"@type":"ListItem","position":2,"name":"Regierungs-Koalition \u00fcber S\u00f6ders &quot;B\u00fcrgergeld-Kampagne&quot; gespalten"}]},{"@type":"WebSite","@id":"https:\/\/now-news.de\/de\/#website","url":"https:\/\/now-news.de\/de\/","name":"just-now.NEWS Deutschland","description":"Das Portal f\u00fcr unzensierte Nachrichten aus der Welt","publisher":{"@id":"https:\/\/now-news.de\/de\/#organization"},"potentialAction":[{"@type":"SearchAction","target":{"@type":"EntryPoint","urlTemplate":"https:\/\/now-news.de\/de\/?s={search_term_string}"},"query-input":"required name=search_term_string"}],"inLanguage":"de"},{"@type":"Organization","@id":"https:\/\/now-news.de\/de\/#organization","name":"Just Now News","url":"https:\/\/now-news.de\/de\/","logo":{"@type":"ImageObject","inLanguage":"de","@id":"https:\/\/now-news.de\/de\/#\/schema\/logo\/image\/","url":"http:\/\/just-now.news\/de\/wp-content\/uploads\/sites\/3\/2022\/04\/logo500x500.jpg","contentUrl":"http:\/\/just-now.news\/de\/wp-content\/uploads\/sites\/3\/2022\/04\/logo500x500.jpg","width":500,"height":500,"caption":"Just Now News"},"image":{"@id":"https:\/\/now-news.de\/de\/#\/schema\/logo\/image\/"},"sameAs":["https:\/\/www.facebook.com\/wirmachenauf","https:\/\/x.com\/WirMachenAuf_de"]},{"@type":"Person","@id":"https:\/\/now-news.de\/de\/#\/schema\/person\/fb534a4e865501d8b3285208df34a9b5","name":"rtnews","image":{"@type":"ImageObject","inLanguage":"de","@id":"https:\/\/now-news.de\/de\/#\/schema\/person\/image\/","url":"https:\/\/secure.gravatar.com\/avatar\/82aafea7d8127119dd649515f56e2117?s=96&d=mm&r=g","contentUrl":"https:\/\/secure.gravatar.com\/avatar\/82aafea7d8127119dd649515f56e2117?s=96&d=mm&r=g","caption":"rtnews"},"url":"https:\/\/now-news.de\/de\/author\/rnews\/"}]}},"_links":{"self":[{"href":"https:\/\/now-news.de\/de\/wp-json\/wp\/v2\/posts\/88325"}],"collection":[{"href":"https:\/\/now-news.de\/de\/wp-json\/wp\/v2\/posts"}],"about":[{"href":"https:\/\/now-news.de\/de\/wp-json\/wp\/v2\/types\/post"}],"author":[{"embeddable":true,"href":"https:\/\/now-news.de\/de\/wp-json\/wp\/v2\/users\/3"}],"replies":[{"embeddable":true,"href":"https:\/\/now-news.de\/de\/wp-json\/wp\/v2\/comments?post=88325"}],"version-history":[{"count":0,"href":"https:\/\/now-news.de\/de\/wp-json\/wp\/v2\/posts\/88325\/revisions"}],"wp:featuredmedia":[{"embeddable":true,"href":"https:\/\/now-news.de\/de\/wp-json\/wp\/v2\/media\/88326"}],"wp:attachment":[{"href":"https:\/\/now-news.de\/de\/wp-json\/wp\/v2\/media?parent=88325"}],"wp:term":[{"taxonomy":"category","embeddable":true,"href":"https:\/\/now-news.de\/de\/wp-json\/wp\/v2\/categories?post=88325"},{"taxonomy":"post_tag","embeddable":true,"href":"https:\/\/now-news.de\/de\/wp-json\/wp\/v2\/tags?post=88325"}],"curies":[{"name":"wp","href":"https:\/\/api.w.org\/{rel}","templated":true}]}}