{"id":88323,"date":"2025-08-05T16:29:13","date_gmt":"2025-08-05T14:29:13","guid":{"rendered":"https:\/\/now-news.de\/de\/deutschland\/inhaftierte-politikerin-guzul-kommentiert-gerichtsbeschluss-ich-erkenne-diese-farce-nicht-an\/"},"modified":"2025-08-05T16:29:13","modified_gmt":"2025-08-05T14:29:13","slug":"inhaftierte-politikerin-guzul-kommentiert-gerichtsbeschluss-ich-erkenne-diese-farce-nicht-an","status":"publish","type":"post","link":"https:\/\/now-news.de\/de\/deutschland\/inhaftierte-politikerin-guzul-kommentiert-gerichtsbeschluss-ich-erkenne-diese-farce-nicht-an\/","title":{"rendered":"Inhaftierte Politikerin Guzul kommentiert Gerichtsbeschluss: &quot;Ich erkenne diese Farce nicht an&quot;"},"content":{"rendered":"<div class=\"Text-root Text-type_1 \">\n                Die moldawische Regionalpolitikerin Jewgenija Guzul bezeichnete den Gerichtsbeschluss, wonach sie zu sieben Jahren Haft verurteilt wurde, als Farce und Einsch\u00fcchterungsversuch vonseiten der Regierung. Damit wolle das Regime von Pr\u00e4sidentin Maia Sandu die Opposition zum Schweigen bringen.\n            <\/div>\n<p><\/p>\n<div class=\"Text-root Text-type_5 ArticleView-text ViewText-root \">\n<p>Die inhaftierte moldawische Oppositionspolitikerin Jewgenija Guzul (rum\u00e4nisch: Evghenia Gu\u021bul)\u00a0kommentierte den gegen sie gerichteten\u00a0<a rel=\"nofollow noopener\" target=\"_blank\" href=\"https:\/\/freedert.online\/europa\/252447-gagausien-chefin-guzul-in-moldawien\/\">Gerichtsbeschluss<\/a> und bezeichnete\u00a0ihn als Urteil gegen das gesamte demokratische System des Landes. Das Gericht des Bezirks Buiucani habe\u00a0sie \u2013 die rechtm\u00e4\u00dfig gew\u00e4hlte Baschkan (Leitungposition in der Autonomen Region Gagausien \u2013 Anm. der Red.) von Gagausien \u2013 zu sieben Jahren Haft in einer Strafkolonie verurteilt, teilte sie \u00fcber ihren Rechtsverteidiger mit.<\/p>\n<p>Diese Entscheidung habe nichts mit Gerechtigkeit zu tun, bekr\u00e4ftigte sie. Es handele sich um eine politische Abrechnung, die auf Anweisung von oben geplant und durchgef\u00fchrt worden sei. Die Politikerin betonte:<\/p>\n<blockquote>\n<p><em>&#8220;Heute sitze ich hinter Gittern, aber morgen k\u00f6nnte es jeden treffen, der es wagt, die Regierung zu kritisieren.&#8221;<\/em><\/p>\n<\/blockquote>\n<p>Dies sei kein Urteil allein gegen\u00a0sie \u2013 es sei ein Urteil gegen das gesamte demokratische System Moldawiens.<\/p>\n<blockquote>\n<p><em>&#8220;Es ist ein Versuch, die Einwohner von Gagausien einzusch\u00fcchtern, die den Mut haben, anders zu w\u00e4hlen, als es die Regierungspartei will.<\/em><\/p>\n<p><em>Es ist eine Warnung an die gesamte Opposition: &#8216;Wer sich gegen das Regime stellt, muss mit Gef\u00e4ngnis, Beschlagnahmung seines Eigentums und einem zerst\u00f6rten Leben rechnen.'&#8221;<\/em><\/p>\n<\/blockquote>\n<p>Das Regime der regierenden Partei PAS und Maia Sandu nutzten Repressionen als Mittel im Kampf gegen Andersdenkende, so Guzul.<\/p>\n<blockquote>\n<p><em>&#8220;Im Vorfeld der Parlamentswahlen schrecken sie vor nichts zur\u00fcck \u2013 sie fabrizieren F\u00e4lle, \u00fcben Druck auf Richter aus und f\u00e4llen politische Urteile. All dies geschieht mit einem einzigen Ziel: die Macht um jeden Preis zu behalten.&#8221;<\/em><\/p>\n<\/blockquote>\n<p>Am 28. September finden in Moldawien Parlamentswahlen statt. Die Pr\u00e4sidentin des Landes, Maia Sandu,\u00a0war infolge einer <a rel=\"nofollow noopener\" target=\"_blank\" href=\"https:\/\/freedert.online\/europa\/224716-wundersame-moldawische-wahlen-im-ausland-ausland-warum-sieg-sandus-nichtig-ist\/\">manipulierten Wahl<\/a> im Oktober 2024 wiedergew\u00e4hlt worden. In Russland wurden\u00a0damals nur zwei von insgesamt 238 Wahllokalen im Ausland er\u00f6ffnet, damit wurden 300.000 bis 500.000 moldawische B\u00fcrger in Russland praktisch ihres Wahlrechts beraubt. Dessen ungeachtet hat die EU, deren Beitrittskandidat Moldawien ist, die Wahlen als demokratisch und frei bezeichnet.<\/p>\n<p>Die 38-j\u00e4hrige Guzul ist verheiratet und hat zwei kleine Kinder. Sie befindet sich seit M\u00e4rz in Untersuchungshaft. Ihr wird illegale Parteifinanzierung vorgeworfen. Die Festnahme erfolgte nach mehreren Reisen der Politikerin nach Russland, wo sie sich mit f\u00fchrenden\u00a0Vertretern der russischen Regierung traf. Die EU und die USA haben Guzul auf ihre Sanktionsliste gesetzt.<\/p>\n<p>Jewgenija Guzul\u00a0wurde von der Bev\u00f6lkerung der autonomen Region Gagausien gew\u00e4hlt. Dort leben ca. 130.000 Menschen, Verkehrssprache ist Russisch. Die Politikerin geh\u00f6rt der oppositionellen \u0218or-Partei an. Diese ist zu Wahlen nicht mehr zugelassen, Parteichef Ilan\u00a0\u0218or ist in Abwesenheit zu 15 Jahren Haft verurteilt worden und lebt im russischen Exil. Die inhaftierte Politikerin k\u00fcndigte an, mit juristischen Mitteln gegen das Urteil vorgehen zu wollen:<\/p>\n<blockquote>\n<p><em>&#8220;Ich erkenne diese Farce nicht an und werde f\u00fcr meinen Namen, meine Ehre und die Wahrheit k\u00e4mpfen. Ich lasse mich nicht unterkriegen. Ich werde auf jeden Fall zu meinem Volk zur\u00fcckkehren! Zu meinen Kindern! Zu meiner Familie! Wir werden diese Entscheidung auf jeden Fall bei den h\u00f6heren Instanzen anfechten und Gerechtigkeit erreichen.&#8221;<\/em><\/p>\n<\/blockquote>\n<figure class=\"RTImage-root\">\n<div class=\"RTImage-image RTImage-original\"><picture class=\"Picture-root Picture-original\"><!--[if IE 9]><video style=\"display: none;\"><![endif]--><source media=\"(-webkit-min-device-pixel-ratio: 2) and (min-resolution: 120dpi)\" data-srcset=\" \nhttps:\/\/now-news.de\/de\/wp-content\/uploads\/sites\/3\/2025\/08\/68920876b480cc7547149a7a.jpg 850w,\n                https:\/\/now-news.de\/de\/wp-content\/uploads\/sites\/3\/2025\/08\/68920876b480cc7547149a7a.jpg 1960w,            \" ><source data-srcset=\" \nhttps:\/\/now-news.de\/de\/wp-content\/uploads\/sites\/3\/2025\/08\/68920876b480cc7547149a7a.jpg 460w,\n              https:\/\/now-news.de\/de\/wp-content\/uploads\/sites\/3\/2025\/08\/68920876b480cc7547149a7a.jpg 980w,\n            \" ><!--[if IE 9]><\/video><![endif]--><img decoding=\"async\" data- src=\"data:image\/png;base64,iVBORw0KGgoAAAANSUhEUgAAABAAAAAJCAQAAACRI2S5AAAAEElEQVR42mNkIAAYRxWAAQAG9gAKqv6+AwAAAABJRU5ErkJggg==\" class=\"Picture-root Picture-original lazyload\" data-src=\"https:\/\/now-news.de\/de\/wp-content\/uploads\/sites\/3\/2025\/08\/68920876b480cc7547149a7a.jpg\" alt=\"\"><\/source><\/source><\/picture><!-- noscript pattern --><noscript><img decoding=\"async\" src=\"https:\/\/now-news.de\/de\/wp-content\/uploads\/sites\/3\/2025\/08\/68920876b480cc7547149a7a.jpg\" alt=\"\"><\/noscript><\/div><figcaption class=\"RTImage-footer\"><span class=\"RTImage-caption\"><span class=\"RTImage-captionItem\">Prozess in Chi\u0219in\u0103u: Die Regionalpolitikerin Evghenia Gu\u021bul wird von Sohn und Ehemann zum Gerichtsgeb\u00e4ude begleitet.<\/span><\/span><span class=\"RTImage-source\"><span class=\"RTImage-captionItem\">Dmitri Osmatesko<\/span><span class=\"RTImage-captionItem\"> \/ Sputnik<\/span><\/span><\/figcaption><\/figure>\n<p>Wie moldawische Medien mitteilten, wird auch das Verm\u00f6gen der Politikerin beschlagnahmt.\u00a0Zudem m\u00fcsse sie eine Zahlung in H\u00f6he von\u00a042 Millionen Lei (\u00fcber\u00a0zwei\u00a0Millionen Euro) leisten. Es wird darauf hingewiesen, dass es sich dabei um die Einziehung von Geldern handele, die laut Ermittlungen angeblich von ihr aus dem Ausland transferiert wurden.<\/p>\n<p>Nach der Urteilsverk\u00fcndung brachen ihre Angeh\u00f6rigen in Tr\u00e4nen aus und nannten das Geschehene Willk\u00fcr. Im Gerichtssaal hat Guzul sich\u00a0von ihrem Mann und ihrem Sohn mit einer Umarmung verabschiedet.<\/p>\n<p>Viele Mitstreiter der Politikerin aus der Opposition \u00e4u\u00dferten ihre Solidarit\u00e4t mit Guzul. Die prowestliche Pr\u00e4sidentin Sandu, die zuvor auch regierungskritische Medien hatte ausschalten lassen, verurteilten sie f\u00fcr ihren autorit\u00e4ren Kurs. Auch aus Russland kam scharfe Kritik: Die Sprecherin des Russischen F\u00f6derationsrates, Walentina Matwienko nannte das Urteil eine Gr\u00e4ueltat und machte die von der EU unterst\u00fctzte Regierung in Chi\u0219in\u0103u daf\u00fcr verantwortlich.<\/p>\n<p>&#8220;Sie haben in aller Ruhe beschlossen, nicht nur das politische Schicksal einer Person zu erschweren, die sie an der Machtergreifung in Moldawien hindert, sondern auch eine Frau mit zwei minderj\u00e4hrigen Kindern f\u00fcr viele Jahre einzusperren. Und dieser beispiellose Akt der Unmenschlichkeit wird von Europa unterst\u00fctzt. Daran besteht kein Zweifel&#8221;, erkl\u00e4rte sie.<\/p>\n<p><strong>Mehr zum Thema<\/strong> &#8211; <a rel=\"nofollow noopener\" target=\"_blank\" href=\"https:\/\/freedert.online\/europa\/224716-wundersame-moldawische-wahlen-im-ausland-ausland-warum-sieg-sandus-nichtig-ist\/\">Wundersame moldawische Wahlen: Warum der &#8220;Sieg&#8221; Sandus nichtig ist<\/a><\/p>\n<div class=\"EmbedBlock-root EmbedBlock-externalVideo EmbedBlock-rumble\">\n<div class=\"VkEmbed\"><iframe class=\"lazyload\" data-src=\"https:\/\/rumble.com\/embed\/v6pxld5\" frameborder=\"0\" width=\"853\" height=\"480\" allowfullscreen><\/iframe><\/div>\n<\/div>\n<\/div>\n<p><br \/>\n<br \/><a href=\"https:\/\/de.rt.com\/europa\/252478-inhaftierte-politikerin-guzul-kommentiert-gerichtsbeschluss-ich-erkenne-diese-frace-nicht-an\/\">Source link <\/a><\/p>\n","protected":false},"excerpt":{"rendered":"<p>Die moldawische Regionalpolitikerin Jewgenija Guzul bezeichnete den Gerichtsbeschluss, wonach sie zu sieben Jahren Haft verurteilt wurde, als Farce und Einsch\u00fcchterungsversuch vonseiten der Regierung. Damit wolle das Regime von Pr\u00e4sidentin Maia Sandu die Opposition zum Schweigen bringen. Die inhaftierte moldawische Oppositionspolitikerin Jewgenija Guzul (rum\u00e4nisch: Evghenia Gu\u021bul)\u00a0kommentierte den gegen sie gerichteten\u00a0Gerichtsbeschluss und bezeichnete\u00a0ihn als Urteil gegen das [&hellip;]<\/p>\n","protected":false},"author":3,"featured_media":88324,"comment_status":"open","ping_status":"open","sticky":false,"template":"","format":"standard","meta":{"_yoast_indexnow_last_ping":["1754404431"],"wp_automatic_camp":["217"],"60908c8d7177959a1d7190f1f7f8873a":["Inhaftierte Politikerin Guzul kommentiert Gerichtsbeschluss: &quot;Ich erkenne diese Farce nicht an&quot;"],"original_link":["https:\/\/de.rt.com\/europa\/252478-inhaftierte-politikerin-guzul-kommentiert-gerichtsbeschluss-ich-erkenne-diese-frace-nicht-an\/"],"_thumbnail_id":["88324"],"_wptgpro_p2tg_sent2tg":["a:1:{i:23737;s:19:\"2025-08-05 16:34:56\";}"],"jnews_social_counter_last_update":["1777568447"]},"categories":[19,23],"tags":[35789,4350,33579,27494,31589,66855,25457,33663,800,33594,7155],"yoast_head":"<!-- This site is optimized with the Yoast SEO Premium plugin v22.7 (Yoast SEO v22.7) - https:\/\/yoast.com\/wordpress\/plugins\/seo\/ -->\n<title>Inhaftierte Politikerin Guzul kommentiert Gerichtsbeschluss: &quot;Ich erkenne diese Farce nicht an&quot; - just-now.NEWS Deutschland<\/title>\n<meta name=\"robots\" content=\"index, follow, max-snippet:-1, max-image-preview:large, max-video-preview:-1\" \/>\n<link rel=\"canonical\" href=\"https:\/\/now-news.de\/de\/deutschland\/inhaftierte-politikerin-guzul-kommentiert-gerichtsbeschluss-ich-erkenne-diese-farce-nicht-an\/\" \/>\n<meta property=\"og:locale\" content=\"de_DE\" \/>\n<meta property=\"og:type\" content=\"article\" \/>\n<meta property=\"og:title\" content=\"Inhaftierte Politikerin Guzul kommentiert Gerichtsbeschluss: &quot;Ich erkenne diese Farce nicht an&quot;\" \/>\n<meta property=\"og:description\" content=\"Die moldawische Regionalpolitikerin Jewgenija Guzul bezeichnete den Gerichtsbeschluss, wonach sie zu sieben Jahren Haft verurteilt wurde, als Farce und Einsch\u00fcchterungsversuch vonseiten der Regierung. Damit wolle das Regime von Pr\u00e4sidentin Maia Sandu die Opposition zum Schweigen bringen. Die inhaftierte moldawische Oppositionspolitikerin Jewgenija Guzul (rum\u00e4nisch: Evghenia Gu\u021bul)\u00a0kommentierte den gegen sie gerichteten\u00a0Gerichtsbeschluss und bezeichnete\u00a0ihn als Urteil gegen das [&hellip;]\" \/>\n<meta property=\"og:url\" content=\"https:\/\/now-news.de\/de\/deutschland\/inhaftierte-politikerin-guzul-kommentiert-gerichtsbeschluss-ich-erkenne-diese-farce-nicht-an\/\" \/>\n<meta property=\"og:site_name\" content=\"just-now.NEWS Deutschland\" \/>\n<meta property=\"article:publisher\" content=\"https:\/\/www.facebook.com\/wirmachenauf\" \/>\n<meta property=\"article:published_time\" content=\"2025-08-05T14:29:13+00:00\" \/>\n<meta property=\"og:image\" content=\"https:\/\/now-news.de\/de\/wp-content\/uploads\/sites\/3\/2025\/08\/68920876b480cc7547149a7a.jpg\" \/>\n<meta name=\"author\" content=\"rtnews\" \/>\n<meta name=\"twitter:card\" content=\"summary_large_image\" \/>\n<meta name=\"twitter:creator\" content=\"@WirMachenAuf_de\" \/>\n<meta name=\"twitter:site\" content=\"@WirMachenAuf_de\" \/>\n<meta name=\"twitter:label1\" content=\"Verfasst von\" \/>\n\t<meta name=\"twitter:data1\" content=\"rtnews\" \/>\n\t<meta name=\"twitter:label2\" content=\"Gesch\u00e4tzte Lesezeit\" \/>\n\t<meta name=\"twitter:data2\" content=\"4\u00a0Minuten\" \/>\n<script type=\"application\/ld+json\" class=\"yoast-schema-graph\">{\"@context\":\"https:\/\/schema.org\",\"@graph\":[{\"@type\":\"Article\",\"@id\":\"https:\/\/now-news.de\/de\/deutschland\/inhaftierte-politikerin-guzul-kommentiert-gerichtsbeschluss-ich-erkenne-diese-farce-nicht-an\/#article\",\"isPartOf\":{\"@id\":\"https:\/\/now-news.de\/de\/deutschland\/inhaftierte-politikerin-guzul-kommentiert-gerichtsbeschluss-ich-erkenne-diese-farce-nicht-an\/\"},\"author\":{\"name\":\"rtnews\",\"@id\":\"https:\/\/now-news.de\/de\/#\/schema\/person\/fb534a4e865501d8b3285208df34a9b5\"},\"headline\":\"Inhaftierte Politikerin Guzul kommentiert Gerichtsbeschluss: &quot;Ich erkenne diese Farce nicht an&quot;\",\"datePublished\":\"2025-08-05T14:29:13+00:00\",\"dateModified\":\"2025-08-05T14:29:13+00:00\",\"mainEntityOfPage\":{\"@id\":\"https:\/\/now-news.de\/de\/deutschland\/inhaftierte-politikerin-guzul-kommentiert-gerichtsbeschluss-ich-erkenne-diese-farce-nicht-an\/\"},\"wordCount\":787,\"commentCount\":0,\"publisher\":{\"@id\":\"https:\/\/now-news.de\/de\/#organization\"},\"image\":{\"@id\":\"https:\/\/now-news.de\/de\/deutschland\/inhaftierte-politikerin-guzul-kommentiert-gerichtsbeschluss-ich-erkenne-diese-farce-nicht-an\/#primaryimage\"},\"thumbnailUrl\":\"https:\/\/now-news.de\/de\/wp-content\/uploads\/sites\/3\/2025\/08\/Inhaftierte-Politikerin-Guzul-kommentiert-Gerichtsbeschluss-quotIch-erkenne-diese-Farce-nicht.jpg\",\"keywords\":[\"anquot\",\"Diese\",\"Erkenne\",\"Farce\",\"Gerichtsbeschluss\",\"Guzul\",\"Inhaftierte\",\"kommentiert\",\"nicht\",\"Politikerin\",\"quotIch\"],\"articleSection\":[\"Deutschland\",\"Russland\"],\"inLanguage\":\"de\",\"potentialAction\":[{\"@type\":\"CommentAction\",\"name\":\"Comment\",\"target\":[\"https:\/\/now-news.de\/de\/deutschland\/inhaftierte-politikerin-guzul-kommentiert-gerichtsbeschluss-ich-erkenne-diese-farce-nicht-an\/#respond\"]}]},{\"@type\":\"WebPage\",\"@id\":\"https:\/\/now-news.de\/de\/deutschland\/inhaftierte-politikerin-guzul-kommentiert-gerichtsbeschluss-ich-erkenne-diese-farce-nicht-an\/\",\"url\":\"https:\/\/now-news.de\/de\/deutschland\/inhaftierte-politikerin-guzul-kommentiert-gerichtsbeschluss-ich-erkenne-diese-farce-nicht-an\/\",\"name\":\"Inhaftierte Politikerin Guzul kommentiert Gerichtsbeschluss: &quot;Ich erkenne diese Farce nicht an&quot; - just-now.NEWS Deutschland\",\"isPartOf\":{\"@id\":\"https:\/\/now-news.de\/de\/#website\"},\"primaryImageOfPage\":{\"@id\":\"https:\/\/now-news.de\/de\/deutschland\/inhaftierte-politikerin-guzul-kommentiert-gerichtsbeschluss-ich-erkenne-diese-farce-nicht-an\/#primaryimage\"},\"image\":{\"@id\":\"https:\/\/now-news.de\/de\/deutschland\/inhaftierte-politikerin-guzul-kommentiert-gerichtsbeschluss-ich-erkenne-diese-farce-nicht-an\/#primaryimage\"},\"thumbnailUrl\":\"https:\/\/now-news.de\/de\/wp-content\/uploads\/sites\/3\/2025\/08\/Inhaftierte-Politikerin-Guzul-kommentiert-Gerichtsbeschluss-quotIch-erkenne-diese-Farce-nicht.jpg\",\"datePublished\":\"2025-08-05T14:29:13+00:00\",\"dateModified\":\"2025-08-05T14:29:13+00:00\",\"breadcrumb\":{\"@id\":\"https:\/\/now-news.de\/de\/deutschland\/inhaftierte-politikerin-guzul-kommentiert-gerichtsbeschluss-ich-erkenne-diese-farce-nicht-an\/#breadcrumb\"},\"inLanguage\":\"de\",\"potentialAction\":[{\"@type\":\"ReadAction\",\"target\":[\"https:\/\/now-news.de\/de\/deutschland\/inhaftierte-politikerin-guzul-kommentiert-gerichtsbeschluss-ich-erkenne-diese-farce-nicht-an\/\"]}]},{\"@type\":\"ImageObject\",\"inLanguage\":\"de\",\"@id\":\"https:\/\/now-news.de\/de\/deutschland\/inhaftierte-politikerin-guzul-kommentiert-gerichtsbeschluss-ich-erkenne-diese-farce-nicht-an\/#primaryimage\",\"url\":\"https:\/\/now-news.de\/de\/wp-content\/uploads\/sites\/3\/2025\/08\/Inhaftierte-Politikerin-Guzul-kommentiert-Gerichtsbeschluss-quotIch-erkenne-diese-Farce-nicht.jpg\",\"contentUrl\":\"https:\/\/now-news.de\/de\/wp-content\/uploads\/sites\/3\/2025\/08\/Inhaftierte-Politikerin-Guzul-kommentiert-Gerichtsbeschluss-quotIch-erkenne-diese-Farce-nicht.jpg\",\"width\":1672,\"height\":1080,\"caption\":\"Inhaftierte Politikerin Guzul kommentiert Gerichtsbeschluss: &quot;Ich erkenne diese Farce nicht an&quot;\"},{\"@type\":\"BreadcrumbList\",\"@id\":\"https:\/\/now-news.de\/de\/deutschland\/inhaftierte-politikerin-guzul-kommentiert-gerichtsbeschluss-ich-erkenne-diese-farce-nicht-an\/#breadcrumb\",\"itemListElement\":[{\"@type\":\"ListItem\",\"position\":1,\"name\":\"Home\",\"item\":\"https:\/\/now-news.de\/de\/\"},{\"@type\":\"ListItem\",\"position\":2,\"name\":\"Inhaftierte Politikerin Guzul kommentiert Gerichtsbeschluss: &quot;Ich erkenne diese Farce nicht an&quot;\"}]},{\"@type\":\"WebSite\",\"@id\":\"https:\/\/now-news.de\/de\/#website\",\"url\":\"https:\/\/now-news.de\/de\/\",\"name\":\"just-now.NEWS Deutschland\",\"description\":\"Das Portal f\u00fcr unzensierte Nachrichten aus der Welt\",\"publisher\":{\"@id\":\"https:\/\/now-news.de\/de\/#organization\"},\"potentialAction\":[{\"@type\":\"SearchAction\",\"target\":{\"@type\":\"EntryPoint\",\"urlTemplate\":\"https:\/\/now-news.de\/de\/?s={search_term_string}\"},\"query-input\":\"required name=search_term_string\"}],\"inLanguage\":\"de\"},{\"@type\":\"Organization\",\"@id\":\"https:\/\/now-news.de\/de\/#organization\",\"name\":\"Just Now News\",\"url\":\"https:\/\/now-news.de\/de\/\",\"logo\":{\"@type\":\"ImageObject\",\"inLanguage\":\"de\",\"@id\":\"https:\/\/now-news.de\/de\/#\/schema\/logo\/image\/\",\"url\":\"http:\/\/just-now.news\/de\/wp-content\/uploads\/sites\/3\/2022\/04\/logo500x500.jpg\",\"contentUrl\":\"http:\/\/just-now.news\/de\/wp-content\/uploads\/sites\/3\/2022\/04\/logo500x500.jpg\",\"width\":500,\"height\":500,\"caption\":\"Just Now News\"},\"image\":{\"@id\":\"https:\/\/now-news.de\/de\/#\/schema\/logo\/image\/\"},\"sameAs\":[\"https:\/\/www.facebook.com\/wirmachenauf\",\"https:\/\/x.com\/WirMachenAuf_de\"]},{\"@type\":\"Person\",\"@id\":\"https:\/\/now-news.de\/de\/#\/schema\/person\/fb534a4e865501d8b3285208df34a9b5\",\"name\":\"rtnews\",\"image\":{\"@type\":\"ImageObject\",\"inLanguage\":\"de\",\"@id\":\"https:\/\/now-news.de\/de\/#\/schema\/person\/image\/\",\"url\":\"https:\/\/secure.gravatar.com\/avatar\/82aafea7d8127119dd649515f56e2117?s=96&d=mm&r=g\",\"contentUrl\":\"https:\/\/secure.gravatar.com\/avatar\/82aafea7d8127119dd649515f56e2117?s=96&d=mm&r=g\",\"caption\":\"rtnews\"},\"url\":\"https:\/\/now-news.de\/de\/author\/rnews\/\"}]}<\/script>\n<!-- \/ Yoast SEO Premium plugin. -->","yoast_head_json":{"title":"Inhaftierte Politikerin Guzul kommentiert Gerichtsbeschluss: &quot;Ich erkenne diese Farce nicht an&quot; - just-now.NEWS Deutschland","robots":{"index":"index","follow":"follow","max-snippet":"max-snippet:-1","max-image-preview":"max-image-preview:large","max-video-preview":"max-video-preview:-1"},"canonical":"https:\/\/now-news.de\/de\/deutschland\/inhaftierte-politikerin-guzul-kommentiert-gerichtsbeschluss-ich-erkenne-diese-farce-nicht-an\/","og_locale":"de_DE","og_type":"article","og_title":"Inhaftierte Politikerin Guzul kommentiert Gerichtsbeschluss: &quot;Ich erkenne diese Farce nicht an&quot;","og_description":"Die moldawische Regionalpolitikerin Jewgenija Guzul bezeichnete den Gerichtsbeschluss, wonach sie zu sieben Jahren Haft verurteilt wurde, als Farce und Einsch\u00fcchterungsversuch vonseiten der Regierung. Damit wolle das Regime von Pr\u00e4sidentin Maia Sandu die Opposition zum Schweigen bringen. Die inhaftierte moldawische Oppositionspolitikerin Jewgenija Guzul (rum\u00e4nisch: Evghenia Gu\u021bul)\u00a0kommentierte den gegen sie gerichteten\u00a0Gerichtsbeschluss und bezeichnete\u00a0ihn als Urteil gegen das [&hellip;]","og_url":"https:\/\/now-news.de\/de\/deutschland\/inhaftierte-politikerin-guzul-kommentiert-gerichtsbeschluss-ich-erkenne-diese-farce-nicht-an\/","og_site_name":"just-now.NEWS Deutschland","article_publisher":"https:\/\/www.facebook.com\/wirmachenauf","article_published_time":"2025-08-05T14:29:13+00:00","og_image":[{"url":"https:\/\/now-news.de\/de\/wp-content\/uploads\/sites\/3\/2025\/08\/68920876b480cc7547149a7a.jpg"}],"author":"rtnews","twitter_card":"summary_large_image","twitter_creator":"@WirMachenAuf_de","twitter_site":"@WirMachenAuf_de","twitter_misc":{"Verfasst von":"rtnews","Gesch\u00e4tzte Lesezeit":"4\u00a0Minuten"},"schema":{"@context":"https:\/\/schema.org","@graph":[{"@type":"Article","@id":"https:\/\/now-news.de\/de\/deutschland\/inhaftierte-politikerin-guzul-kommentiert-gerichtsbeschluss-ich-erkenne-diese-farce-nicht-an\/#article","isPartOf":{"@id":"https:\/\/now-news.de\/de\/deutschland\/inhaftierte-politikerin-guzul-kommentiert-gerichtsbeschluss-ich-erkenne-diese-farce-nicht-an\/"},"author":{"name":"rtnews","@id":"https:\/\/now-news.de\/de\/#\/schema\/person\/fb534a4e865501d8b3285208df34a9b5"},"headline":"Inhaftierte Politikerin Guzul kommentiert Gerichtsbeschluss: &quot;Ich erkenne diese Farce nicht an&quot;","datePublished":"2025-08-05T14:29:13+00:00","dateModified":"2025-08-05T14:29:13+00:00","mainEntityOfPage":{"@id":"https:\/\/now-news.de\/de\/deutschland\/inhaftierte-politikerin-guzul-kommentiert-gerichtsbeschluss-ich-erkenne-diese-farce-nicht-an\/"},"wordCount":787,"commentCount":0,"publisher":{"@id":"https:\/\/now-news.de\/de\/#organization"},"image":{"@id":"https:\/\/now-news.de\/de\/deutschland\/inhaftierte-politikerin-guzul-kommentiert-gerichtsbeschluss-ich-erkenne-diese-farce-nicht-an\/#primaryimage"},"thumbnailUrl":"https:\/\/now-news.de\/de\/wp-content\/uploads\/sites\/3\/2025\/08\/Inhaftierte-Politikerin-Guzul-kommentiert-Gerichtsbeschluss-quotIch-erkenne-diese-Farce-nicht.jpg","keywords":["anquot","Diese","Erkenne","Farce","Gerichtsbeschluss","Guzul","Inhaftierte","kommentiert","nicht","Politikerin","quotIch"],"articleSection":["Deutschland","Russland"],"inLanguage":"de","potentialAction":[{"@type":"CommentAction","name":"Comment","target":["https:\/\/now-news.de\/de\/deutschland\/inhaftierte-politikerin-guzul-kommentiert-gerichtsbeschluss-ich-erkenne-diese-farce-nicht-an\/#respond"]}]},{"@type":"WebPage","@id":"https:\/\/now-news.de\/de\/deutschland\/inhaftierte-politikerin-guzul-kommentiert-gerichtsbeschluss-ich-erkenne-diese-farce-nicht-an\/","url":"https:\/\/now-news.de\/de\/deutschland\/inhaftierte-politikerin-guzul-kommentiert-gerichtsbeschluss-ich-erkenne-diese-farce-nicht-an\/","name":"Inhaftierte Politikerin Guzul kommentiert Gerichtsbeschluss: &quot;Ich erkenne diese Farce nicht an&quot; - just-now.NEWS Deutschland","isPartOf":{"@id":"https:\/\/now-news.de\/de\/#website"},"primaryImageOfPage":{"@id":"https:\/\/now-news.de\/de\/deutschland\/inhaftierte-politikerin-guzul-kommentiert-gerichtsbeschluss-ich-erkenne-diese-farce-nicht-an\/#primaryimage"},"image":{"@id":"https:\/\/now-news.de\/de\/deutschland\/inhaftierte-politikerin-guzul-kommentiert-gerichtsbeschluss-ich-erkenne-diese-farce-nicht-an\/#primaryimage"},"thumbnailUrl":"https:\/\/now-news.de\/de\/wp-content\/uploads\/sites\/3\/2025\/08\/Inhaftierte-Politikerin-Guzul-kommentiert-Gerichtsbeschluss-quotIch-erkenne-diese-Farce-nicht.jpg","datePublished":"2025-08-05T14:29:13+00:00","dateModified":"2025-08-05T14:29:13+00:00","breadcrumb":{"@id":"https:\/\/now-news.de\/de\/deutschland\/inhaftierte-politikerin-guzul-kommentiert-gerichtsbeschluss-ich-erkenne-diese-farce-nicht-an\/#breadcrumb"},"inLanguage":"de","potentialAction":[{"@type":"ReadAction","target":["https:\/\/now-news.de\/de\/deutschland\/inhaftierte-politikerin-guzul-kommentiert-gerichtsbeschluss-ich-erkenne-diese-farce-nicht-an\/"]}]},{"@type":"ImageObject","inLanguage":"de","@id":"https:\/\/now-news.de\/de\/deutschland\/inhaftierte-politikerin-guzul-kommentiert-gerichtsbeschluss-ich-erkenne-diese-farce-nicht-an\/#primaryimage","url":"https:\/\/now-news.de\/de\/wp-content\/uploads\/sites\/3\/2025\/08\/Inhaftierte-Politikerin-Guzul-kommentiert-Gerichtsbeschluss-quotIch-erkenne-diese-Farce-nicht.jpg","contentUrl":"https:\/\/now-news.de\/de\/wp-content\/uploads\/sites\/3\/2025\/08\/Inhaftierte-Politikerin-Guzul-kommentiert-Gerichtsbeschluss-quotIch-erkenne-diese-Farce-nicht.jpg","width":1672,"height":1080,"caption":"Inhaftierte Politikerin Guzul kommentiert Gerichtsbeschluss: &quot;Ich erkenne diese Farce nicht an&quot;"},{"@type":"BreadcrumbList","@id":"https:\/\/now-news.de\/de\/deutschland\/inhaftierte-politikerin-guzul-kommentiert-gerichtsbeschluss-ich-erkenne-diese-farce-nicht-an\/#breadcrumb","itemListElement":[{"@type":"ListItem","position":1,"name":"Home","item":"https:\/\/now-news.de\/de\/"},{"@type":"ListItem","position":2,"name":"Inhaftierte Politikerin Guzul kommentiert Gerichtsbeschluss: &quot;Ich erkenne diese Farce nicht an&quot;"}]},{"@type":"WebSite","@id":"https:\/\/now-news.de\/de\/#website","url":"https:\/\/now-news.de\/de\/","name":"just-now.NEWS Deutschland","description":"Das Portal f\u00fcr unzensierte Nachrichten aus der Welt","publisher":{"@id":"https:\/\/now-news.de\/de\/#organization"},"potentialAction":[{"@type":"SearchAction","target":{"@type":"EntryPoint","urlTemplate":"https:\/\/now-news.de\/de\/?s={search_term_string}"},"query-input":"required name=search_term_string"}],"inLanguage":"de"},{"@type":"Organization","@id":"https:\/\/now-news.de\/de\/#organization","name":"Just Now News","url":"https:\/\/now-news.de\/de\/","logo":{"@type":"ImageObject","inLanguage":"de","@id":"https:\/\/now-news.de\/de\/#\/schema\/logo\/image\/","url":"http:\/\/just-now.news\/de\/wp-content\/uploads\/sites\/3\/2022\/04\/logo500x500.jpg","contentUrl":"http:\/\/just-now.news\/de\/wp-content\/uploads\/sites\/3\/2022\/04\/logo500x500.jpg","width":500,"height":500,"caption":"Just Now News"},"image":{"@id":"https:\/\/now-news.de\/de\/#\/schema\/logo\/image\/"},"sameAs":["https:\/\/www.facebook.com\/wirmachenauf","https:\/\/x.com\/WirMachenAuf_de"]},{"@type":"Person","@id":"https:\/\/now-news.de\/de\/#\/schema\/person\/fb534a4e865501d8b3285208df34a9b5","name":"rtnews","image":{"@type":"ImageObject","inLanguage":"de","@id":"https:\/\/now-news.de\/de\/#\/schema\/person\/image\/","url":"https:\/\/secure.gravatar.com\/avatar\/82aafea7d8127119dd649515f56e2117?s=96&d=mm&r=g","contentUrl":"https:\/\/secure.gravatar.com\/avatar\/82aafea7d8127119dd649515f56e2117?s=96&d=mm&r=g","caption":"rtnews"},"url":"https:\/\/now-news.de\/de\/author\/rnews\/"}]}},"_links":{"self":[{"href":"https:\/\/now-news.de\/de\/wp-json\/wp\/v2\/posts\/88323"}],"collection":[{"href":"https:\/\/now-news.de\/de\/wp-json\/wp\/v2\/posts"}],"about":[{"href":"https:\/\/now-news.de\/de\/wp-json\/wp\/v2\/types\/post"}],"author":[{"embeddable":true,"href":"https:\/\/now-news.de\/de\/wp-json\/wp\/v2\/users\/3"}],"replies":[{"embeddable":true,"href":"https:\/\/now-news.de\/de\/wp-json\/wp\/v2\/comments?post=88323"}],"version-history":[{"count":0,"href":"https:\/\/now-news.de\/de\/wp-json\/wp\/v2\/posts\/88323\/revisions"}],"wp:featuredmedia":[{"embeddable":true,"href":"https:\/\/now-news.de\/de\/wp-json\/wp\/v2\/media\/88324"}],"wp:attachment":[{"href":"https:\/\/now-news.de\/de\/wp-json\/wp\/v2\/media?parent=88323"}],"wp:term":[{"taxonomy":"category","embeddable":true,"href":"https:\/\/now-news.de\/de\/wp-json\/wp\/v2\/categories?post=88323"},{"taxonomy":"post_tag","embeddable":true,"href":"https:\/\/now-news.de\/de\/wp-json\/wp\/v2\/tags?post=88323"}],"curies":[{"name":"wp","href":"https:\/\/api.w.org\/{rel}","templated":true}]}}