{"id":88209,"date":"2025-08-03T14:57:06","date_gmt":"2025-08-03T12:57:06","guid":{"rendered":"https:\/\/now-news.de\/de\/deutschland\/ermordeter-generalfeldmarschall-und-die-deutsche-ukraine-gier\/"},"modified":"2025-08-03T14:57:06","modified_gmt":"2025-08-03T12:57:06","slug":"ermordeter-generalfeldmarschall-und-die-deutsche-ukraine-gier","status":"publish","type":"post","link":"https:\/\/now-news.de\/de\/deutschland\/ermordeter-generalfeldmarschall-und-die-deutsche-ukraine-gier\/","title":{"rendered":"Ermordeter Generalfeldmarschall und die deutsche Ukraine-Gier"},"content":{"rendered":"<div class=\"Text-root Text-type_1 \">\n                Am 30.\u00a0Juli 1918 fiel ein deutscher Generalfeldmarschall einem Bombenattentat zum Opfer. Interessant ist, wo es geschah: in Kiew, der ukrainischen Hauptstadt. Was hatte der Feldmarschall dort zu suchen, und was hat das mit den Ereignissen heute zu tun?\n            <\/div>\n<p><\/p>\n<div class=\"Text-root Text-type_5 ArticleView-text ViewText-root \">\n<p><em>Von Anton Gentzen<\/em><\/p>\n<p>Am 30.\u00a0Juli 1918 ermordete der Sozialrevolution\u00e4r Boris Donskoi in Kiew den Befehlshaber der Heeresgruppe Kiew und Leiter der deutschen Besatzungsverwaltung in der Ukraine, Feldmarschall\u00a0Emil Gottfried Hermann von Eichhorn.<\/p>\n<p>Das heute weitgehend vergessene Attentat, verzweifelter Widerstand gegen die deutsche Besatzung, ist Anlass genug, nochmals daran zu erinnern, dass der deutsche &#8220;Drang nach Osten&#8221; seit 2013 und aktuell nicht seine Premiere erlebt. Es war nur eine Neuauflage mit anderen Mitteln des uralten imperialistischen Strebens der deutschen &#8220;Eliten&#8221;, auf Kosten slawischer V\u00f6lker nach Osten zu expandieren, als allerlei deutsche Politiker mit gierig gl\u00e4nzenden Augen sich auf dem Kiewer Maidan herumtrieben und sich unverhohlen in die inneren Angelegenheiten des Landes einmischten. Selbst der damalige Au\u00dfenminister, der &#8220;freie Demokrat&#8221; Guido Westerwelle, lie\u00df jeden diplomatischen Umstand fallen und gesellte sich (&#8220;Europ\u00e4er unter Europ\u00e4ern&#8221;) unter die &#8220;friedlich Protestierenden&#8221;. Man stelle sich vor, Sergei Lawrow h\u00e4tte sich so etwas\u00a0\u2013 in, sagen wir, Berlin oder Jerewan\u00a0\u2013 erlaubt!<\/p>\n<p>Ja nicht einmal die Herren Adolf Schicklgruber, besser unter dem Namen Hitler bekannt, und Alfred Rosenberg waren Erfinder des Drangs nach Osten, auch wenn der &#8220;Generalplan Ost&#8221; gewiss der bisherige H\u00f6hepunkt des deutschen Eroberungsstrebens war. Genau genommen war die deutsche Besatzung des Gebiets, das sp\u00e4ter Ukraine hei\u00dfen w\u00fcrde, gegen Ende des Ersten Weltkriegs auch nicht der Ausgangspunkt, doch immerhin geriet dieses Land als potenzielle Quelle sagenhaften Reichtums, Kornkammer und Lieferant f\u00fcgsamer Arbeitskraft genau damals in das Bewusstsein\u00a0der breiteren \u00d6ffentlichkeit in Deutschland. So manch feuchter Traum von neuem Lebensraum und Kolonien an der Schwarzmeerk\u00fcste wurde seitdem getr\u00e4umt.<\/p>\n<figure class=\"RTImage-root\">\n<div class=\"RTImage-image RTImage-original\"><picture class=\"Picture-root Picture-original\"><!--[if IE 9]><video style=\"display: none;\"><![endif]--><source media=\"(-webkit-min-device-pixel-ratio: 2) and (min-resolution: 120dpi)\" data-srcset=\" \nhttps:\/\/now-news.de\/de\/wp-content\/uploads\/sites\/3\/2025\/08\/688d3bce48fbef6fb621ef86.jpg 850w,\n                https:\/\/now-news.de\/de\/wp-content\/uploads\/sites\/3\/2025\/08\/688d3bce48fbef6fb621ef86.jpg 1960w,            \" ><source data-srcset=\" \nhttps:\/\/now-news.de\/de\/wp-content\/uploads\/sites\/3\/2025\/08\/688d3bce48fbef6fb621ef86.jpg 460w,\n              https:\/\/now-news.de\/de\/wp-content\/uploads\/sites\/3\/2025\/08\/688d3bce48fbef6fb621ef86.jpg 980w,\n            \" ><!--[if IE 9]><\/video><![endif]--><img decoding=\"async\" data- src=\"data:image\/png;base64,iVBORw0KGgoAAAANSUhEUgAAABAAAAAJCAQAAACRI2S5AAAAEElEQVR42mNkIAAYRxWAAQAG9gAKqv6+AwAAAABJRU5ErkJggg==\" class=\"Picture-root Picture-original lazyload\" data-src=\"https:\/\/now-news.de\/de\/wp-content\/uploads\/sites\/3\/2025\/08\/688d3bce48fbef6fb621ef86.jpg\" alt=\"\"><\/source><\/source><\/picture><!-- noscript pattern --><noscript><img decoding=\"async\" src=\"https:\/\/now-news.de\/de\/wp-content\/uploads\/sites\/3\/2025\/08\/688d3bce48fbef6fb621ef86.jpg\" alt=\"\"><\/noscript><\/div><figcaption class=\"RTImage-footer\"><span class=\"RTImage-caption\"><span class=\"RTImage-captionItem\">Trauerzug bei der Beisetzung von Hermann von Eichhorn, August 1918 in Berlin<\/span><\/span><span class=\"RTImage-source\"><\/span><\/figcaption><\/figure>\n<p>Geboren wurde von Eichhorn am 13.\u00a0Februar 1848 in Breslau, dem heutigen Wroc\u0142aw. 1848 war das Jahr, in dem die b\u00fcrgerliche Revolution in Preu\u00dfen erw\u00fcrgt, zugleich aber jener neue Konsens geboren wurde, der Preu\u00dfen jenen Aufstieg erm\u00f6glichte, der in milit\u00e4rischen Siegen \u00fcber die Rivalen D\u00e4nemark, \u00d6sterreich und schlie\u00dflich auch den Erzfeind Frankreich und der Gr\u00fcndung des neuen deutschen Reiches im Jahr 1871 gipfelte, juristisch betrachtet also des bis heute existierenden deutschen Staates.<\/p>\n<p>Von Eichhorn kann man gewisserma\u00dfen als Personifizierung dieses Konsenses sehen: Spross nicht \u00fcberm\u00e4\u00dfig reichen Landadels, der sich dem Dienst am preu\u00dfischen Staatswesen verschrieben hatte. Der sp\u00e4tere Generalfeldmarschall war Sohn des sp\u00e4teren Regierungspr\u00e4sidenten von\u00a0Minden\u00a0Hermann von Eichhorn\u00a0(1813\u20131892), Enkel des preu\u00dfischen Kultusministers\u00a0Johann Albrecht Friedrich Eichhorn\u00a0sowie m\u00fctterlicherseits des Philosophen\u00a0Friedrich Wilhelm Joseph von Schelling.<\/p>\n<p>Der Spross w\u00e4hlte in jungen Jahren allerdings die milit\u00e4rische Karriere und trat am 1.\u00a0April 1866\u00a0\u2013 p\u00fcnktlich, um alle milit\u00e4rischen Triumphe der Reichseinigung hautnah mitzuerleben \u2013 als\u00a0Dreij\u00e4hrig-Freiwilliger\u00a0in die 2.\u00a0Kompanie beim\u00a02.\u00a0Garde-Regiment zu Fu\u00df\u00a0der\u00a0preu\u00dfischen Armee ein. Im\u00a0Deutschen Krieg nahm er an den Schlachten bei Soor, K\u00f6niginhof\u00a0und\u00a0K\u00f6niggr\u00e4tz\u00a0teil und wurde schon am 6.\u00a0September 1866 zum\u00a0Sekondeleutnant\u00a0bef\u00f6rdert. Im\u00a0Deutsch-Franz\u00f6sischen Krieg\u00a0kam er als\u00a0Adjutant\u00a0des I.\u00a0Bataillons des 2.\u00a0Garde-Landwehr-Regiments bei den\u00a0Belagerungen von Stra\u00dfburg\u00a0und\u00a0Paris\u00a0zum Einsatz und erhielt nach der Schlacht am\u00a0Mont Val\u00e9rien\u00a0das\u00a0Eiserne Kreuz zweiter Klasse.<\/p>\n<p>In den auf die Reichsgr\u00fcndung 1871 folgenden Friedensjahren folgten milit\u00e4risches Studium und Aufstieg auf der Karriereleiter vorrangig im Generalstabsdienst.\u00a0Den Beginn des Ersten Weltkriegs erlebt von Eichhorn als Generaloberst und Ritter des Schwarzen Adlerordens, des h\u00f6chsten der preu\u00dfischen Krone, und\u00a0&#8230; im Krankenbett. Im Mai\u00a01914 war er bei einer Truppenbesichtigung vom Pferd gest\u00fcrzt und erst Ende des Jahres wieder im Dienst.<\/p>\n<p>Den gr\u00f6\u00dften Teil des Krieges\u00a0\u2013 von Januar\u00a01915 bis M\u00e4rz\u00a01918\u00a0\u2013 befehligte von Eichhorn die 10.\u00a0Armee an der Ostfront.\u00a0Seit dem 30.\u00a0Juni 1916 war das\u00a0Armeeoberkommando\u00a0zugleich Heeresgruppenkommando der nach Eichhorn benannten Heeresgruppe, der die deutschen Armeen in Litauen und\u00a0Kurland\u00a0unterstellt waren. Am 18.\u00a0Dezember 1917 kam schlie\u00dflich die Bef\u00f6rderung zum\u00a0Generalfeldmarschall, absoluter H\u00f6hepunkt jeder milit\u00e4rischen Karriere.<\/p>\n<p>Dass der Erste Westkrieg an der deutschen Westfront nach ersten Erfolgen Deutschlands die l\u00e4ngste Zeit ein z\u00e4her Stellungskrieg war, ist hinl\u00e4nglich bekannt. Weniger bekannt ist, was an der Ostfront vor sich ging. Hier scheiterte Russlands Vorsto\u00df gegen Ostpreu\u00dfen nach anf\u00e4nglichen Erfolgen schon im Herbst\u00a01914, w\u00e4hrend es gegen \u00d6sterreich-Ungarn besser lief und die russische Armee in Lwow (Lemberg) einziehen konnte. Katastrophal f\u00fcr Russland erwies sich hingegen das zweite Kriegsjahr: Nach dem Verlust von sch\u00e4tzungsweise drei Millionen Soldaten, darunter 300.000 Gefallene, musste die russische Armee Polen, Litauen, Galizien und gro\u00dfe Teile Wei\u00dfrusslands und Lettlands r\u00e4umen. Von Eichendorfs 10\u00a0Armee stand im Herbst\u00a01915 rund 100\u00a0Kilometer von Minsk entfernt.<\/p>\n<p>Jetzt wurde der Drang nach Osten mit der Gr\u00fcndung des\u00a0Milit\u00e4rverwaltungsgebiet &#8220;Ober Ost&#8221; unter Leitung des\u00a0Oberbefehlshabers der gesamten deutschen Streitkr\u00e4fte im Osten institutionalisiert. Die deutsche Milit\u00e4radministration umfasste Polen, Litauen und Lettland. Prim\u00e4res Interesse der deutschen Stellen war die Ausbeutung der landwirtschaftlichen Ressourcen. Arbeitskr\u00e4fte und landwirtschaftliche Produkte wurden fortan zwangsrequiriert.<\/p>\n<p>Auch Pl\u00e4ne f\u00fcr die Nachkriegszeit wurden ausgearbeitet: Das riesige Gebiet sollte kulturell unter deutsche Oberhoheit fallen und politisch teils annektiert, teils in von Berlin abh\u00e4ngige Satellitenstaaten mit deutschen Adligen als Monarchen aufgespalten werden. Im Baltikum sollten Deutsche die Elite stellen: Der einheimischen Bev\u00f6lkerung wurde der Zugang zur Hochschulbildung erschwert, um eine gebildete Elite und somit eine m\u00f6gliche Keimzelle einer Autonomie gar nicht erst aufkommen zu lassen.<\/p>\n<p>Seitdem war der Frontverlauf auch im\u00a0\u2013 von Deutschland aus gesehen\u00a0\u2013 Osten festgefahren, auch die russische Brussilow-Offensive im Jahr 1916 war nicht kriegsentscheidend. Das \u00e4nderte sich erst, als die russische Februarrevolution den russischen Staat und die russische Armee schw\u00e4chte. So blieb den Bolschewiki im Fr\u00fchjahr 1918 nichts anderes \u00fcbrig, als den Diktatfrieden von Brest-Litowsk zu unterzeichnen, wodurch die gesamte sp\u00e4tere Ukraine, Donbass und Krim eingeschlossen, unter deutsche Besatzung geriet.\u00a0<\/p>\n<p>Dass es so kam, war in erster Linie Folge des Vorpreschens ukrainischer Nationalisten, die sich damals wie heute als n\u00fctzliche Idioten des deutschen Imperialismus erwiesen.\u00a0Noch w\u00e4hrend der Brest-Litowsker Verhandlungen und deren Ergebnissen vorgreifend hatte eine Delegation der ukrainischen\u00a0Zentralna Rada am 9.\u00a0Februar 1918 einen Friedensvertrag mit den Mittelm\u00e4chten unterzeichnet, durch den das Land faktisch aus dem russischen Staatsverband austrat. Am 12.\u00a0Februar \u00fcbergab die Rada-Regierung der deutschen Seite das von dieser gew\u00fcnschte formelle Ersuchen, in der Ukraine zu intervenieren und das zu diesem Zeitpunkt von den Bolschewiki kontrollierte\u00a0Kiew\u00a0zu besetzen.<\/p>\n<p>Bis April besetzten deutsche Truppen die gesamte Ukraine in den Grenzen von 1992 bis 2013 und drangen Anfang Mai sogar in das russische Rostow vor. Kiew war am 1.\u00a0M\u00e4rz\u00a0\u2013 noch vor Unterzeichnung des deutsch-russischen Friedensvertrages\u00a0\u2013 besetzt worden. F\u00fcr die ukrainischen Separatisten in der Rada zahlte sich ihr Verrat nicht aus:\u00a0Am 28.\u00a0April setzten deutsche Offiziere mit vorgehaltener Waffe und dem Ruf &#8220;H\u00e4nde hoch!&#8221; \u2013 die von der Rada gest\u00fctzte Regierung ab und verhafteten deren Minister.\u00a0Einen Tag sp\u00e4ter rief nach vorangegangener deutscher Ermunterung eine im Kiewer Zirkus zusammengetretene Gro\u00dfgrundbesitzerversammlung ein sogenanntes\u00a0Hetmanat\u00a0unter F\u00fchrung des ehemaligen Generals\u00a0Pawel Skoropadski aus.<\/p>\n<p>In der Folge wurden bis November\u00a01918 insgesamt 34.745 Waggonladungen Lebensmittel, Getreide und Rohstoffe aus der Ukraine abtransportiert, zudem zahlte die &#8220;unabh\u00e4ngige Ukraine&#8221; die Besatzungskosten.<\/p>\n<p>Das war der Hintergrund des von Donskoi ver\u00fcbten Bombenattentats. Von Eichhorn erlag seinen Verletzungen, ebenso sein Adjutant Walter von Dre\u00dfler. Beigesetzt ist der Generalfeldmarschall auf dem Berliner Invalidenfriedhof. Donskoi wurde zum Tode verurteilt und am 10.\u00a0August gerichtet.<\/p>\n<figure class=\"RTImage-root\">\n<div class=\"RTImage-image RTImage-original\"><picture class=\"Picture-root Picture-original\"><!--[if IE 9]><video style=\"display: none;\"><![endif]--><source media=\"(-webkit-min-device-pixel-ratio: 2) and (min-resolution: 120dpi)\" data-srcset=\" \nhttps:\/\/now-news.de\/de\/wp-content\/uploads\/sites\/3\/2025\/08\/688d3c79b480cc33db625569.jpg 850w,\n                https:\/\/now-news.de\/de\/wp-content\/uploads\/sites\/3\/2025\/08\/688d3c79b480cc33db625569.jpg 1960w,            \" ><source data-srcset=\" \nhttps:\/\/now-news.de\/de\/wp-content\/uploads\/sites\/3\/2025\/08\/688d3c79b480cc33db625569.jpg 460w,\n              https:\/\/now-news.de\/de\/wp-content\/uploads\/sites\/3\/2025\/08\/688d3c79b480cc33db625569.jpg 980w,\n            \" ><!--[if IE 9]><\/video><![endif]--><img decoding=\"async\" data- src=\"data:image\/png;base64,iVBORw0KGgoAAAANSUhEUgAAABAAAAAJCAQAAACRI2S5AAAAEElEQVR42mNkIAAYRxWAAQAG9gAKqv6+AwAAAABJRU5ErkJggg==\" class=\"Picture-root Picture-original lazyload\" data-src=\"https:\/\/now-news.de\/de\/wp-content\/uploads\/sites\/3\/2025\/08\/688d3c79b480cc33db625569.jpg\" alt=\"\"><\/source><\/source><\/picture><!-- noscript pattern --><noscript><img decoding=\"async\" src=\"https:\/\/now-news.de\/de\/wp-content\/uploads\/sites\/3\/2025\/08\/688d3c79b480cc33db625569.jpg\" alt=\"\"><\/noscript><\/div><figcaption class=\"RTImage-footer\"><span class=\"RTImage-caption\"><span class=\"RTImage-captionItem\">Grabmal von Hermann von Eichhorn auf dem Invalidenfriedhof in Berlin<\/span><\/span><span class=\"RTImage-source\"><span class=\"RTImage-captionItem\">J\u00f6rg Z\u00e4gel &#8211; Wikimedia<\/span><\/span><\/figcaption><\/figure>\n<p>Wenn heute etwas die Erinnerung an den gl\u00fccklosen Besatzer hochh\u00e4lt, dann ausgerechnet der Roman &#8220;Wei\u00dfe Garde&#8221; des Kiewer Russen Michail Bulgakow, wenn auch in Einzelheiten irrend:<\/p>\n<blockquote>\n<p><em>&#8220;Am helllichten Tag wurde auf der Nikolajewskaja-Stra\u00dfe, genau dort, wo die Droschken standen, niemand Geringeres als der Oberbefehlshaber der deutschen Armee in der Ukraine, Feldmarschall Eichhorn, ein unantastbarer und stolzer General, furchterregend in seiner Macht, Stellvertreter des Kaisers Wilhelm selbst, ermordet! Get\u00f6tet wurde er nat\u00fcrlich von einem Arbeiter und nat\u00fcrlich einem Sozialisten. Die Deutschen h\u00e4ngten vierundzwanzig Stunden nach dem Tod des Deutschen nicht nur den M\u00f6rder selbst, sondern sogar den Fuhrmann, der ihn zum Tatort gebracht hatte. Das hat den ber\u00fchmten General allerdings nicht wieder zum Leben erweckt\u00a0&#8230;&#8221;<\/em><\/p>\n<\/blockquote>\n<p>Davon abgesehen verschwand der Spuk der ersten deutschen Besatzung der Ukraine weitgehend spurlos vier Monate sp\u00e4ter. Anfang Dezember\u00a01918 zogen die deutschen Truppen aus Kiew ab, ohne jeden Schusswechsel, so banal, wie sie eingezogen waren.<\/p>\n<p>Der zweite deutsche Expansionsversuch in die Ukraine f\u00fchrte immerhin zu einer dreij\u00e4hrigen Besatzung Kiews, der dritte dauert an.<\/p>\n<p><strong>Mehr zum Thema<\/strong> \u2013 <a rel=\"nofollow noopener\" target=\"_blank\" href=\"https:\/\/freedert.online\/europa\/164553-brest-litowsk\">Warum die Bolschewiki den dem\u00fctigenden Friedensvertrag von Brest-Litowsk eingingen<\/a>\u00a0<\/p>\n<\/div>\n<p><br \/>\n<br \/><a href=\"https:\/\/de.rt.com\/meinung\/252116-mord-an-deutschem-generalfeldmarschall-und-die-deutsche-ukraine-gier\/\">Source link <\/a><\/p>\n","protected":false},"excerpt":{"rendered":"<p>Am 30.\u00a0Juli 1918 fiel ein deutscher Generalfeldmarschall einem Bombenattentat zum Opfer. Interessant ist, wo es geschah: in Kiew, der ukrainischen Hauptstadt. Was hatte der Feldmarschall dort zu suchen, und was hat das mit den Ereignissen heute zu tun? Von Anton Gentzen Am 30.\u00a0Juli 1918 ermordete der Sozialrevolution\u00e4r Boris Donskoi in Kiew den Befehlshaber der Heeresgruppe [&hellip;]<\/p>\n","protected":false},"author":3,"featured_media":88210,"comment_status":"open","ping_status":"open","sticky":false,"template":"","format":"standard","meta":{"_yoast_indexnow_last_ping":["1754226048"],"wp_automatic_camp":["217"],"f3b0cde0acff6fc53d239478171e6efd":["Ermordeter Generalfeldmarschall und die deutsche Ukraine-Gier"],"original_link":["https:\/\/de.rt.com\/meinung\/252116-mord-an-deutschem-generalfeldmarschall-und-die-deutsche-ukraine-gier\/"],"_thumbnail_id":["88210"],"jnews_social_counter_last_update":["1777235377"],"_wptgpro_p2tg_sent2tg":["a:1:{i:23737;s:19:\"2025-08-03 15:01:43\";}"]},"categories":[19,23],"tags":[2374,45,51760,66808,66809,140],"yoast_head":"<!-- This site is optimized with the Yoast SEO Premium plugin v22.7 (Yoast SEO v22.7) - https:\/\/yoast.com\/wordpress\/plugins\/seo\/ -->\n<title>Ermordeter Generalfeldmarschall und die deutsche Ukraine-Gier - just-now.NEWS Deutschland<\/title>\n<meta name=\"robots\" content=\"index, follow, max-snippet:-1, max-image-preview:large, max-video-preview:-1\" \/>\n<link rel=\"canonical\" href=\"https:\/\/now-news.de\/de\/deutschland\/ermordeter-generalfeldmarschall-und-die-deutsche-ukraine-gier\/\" \/>\n<meta property=\"og:locale\" content=\"de_DE\" \/>\n<meta property=\"og:type\" content=\"article\" \/>\n<meta property=\"og:title\" content=\"Ermordeter Generalfeldmarschall und die deutsche Ukraine-Gier\" \/>\n<meta property=\"og:description\" content=\"Am 30.\u00a0Juli 1918 fiel ein deutscher Generalfeldmarschall einem Bombenattentat zum Opfer. Interessant ist, wo es geschah: in Kiew, der ukrainischen Hauptstadt. Was hatte der Feldmarschall dort zu suchen, und was hat das mit den Ereignissen heute zu tun? Von Anton Gentzen Am 30.\u00a0Juli 1918 ermordete der Sozialrevolution\u00e4r Boris Donskoi in Kiew den Befehlshaber der Heeresgruppe [&hellip;]\" \/>\n<meta property=\"og:url\" content=\"https:\/\/now-news.de\/de\/deutschland\/ermordeter-generalfeldmarschall-und-die-deutsche-ukraine-gier\/\" \/>\n<meta property=\"og:site_name\" content=\"just-now.NEWS Deutschland\" \/>\n<meta property=\"article:publisher\" content=\"https:\/\/www.facebook.com\/wirmachenauf\" \/>\n<meta property=\"article:published_time\" content=\"2025-08-03T12:57:06+00:00\" \/>\n<meta property=\"og:image\" content=\"https:\/\/now-news.de\/de\/wp-content\/uploads\/sites\/3\/2025\/08\/688d3bce48fbef6fb621ef86.jpg\" \/>\n<meta name=\"author\" content=\"rtnews\" \/>\n<meta name=\"twitter:card\" content=\"summary_large_image\" \/>\n<meta name=\"twitter:creator\" content=\"@WirMachenAuf_de\" \/>\n<meta name=\"twitter:site\" content=\"@WirMachenAuf_de\" \/>\n<meta name=\"twitter:label1\" content=\"Verfasst von\" \/>\n\t<meta name=\"twitter:data1\" content=\"rtnews\" \/>\n\t<meta name=\"twitter:label2\" content=\"Gesch\u00e4tzte Lesezeit\" \/>\n\t<meta name=\"twitter:data2\" content=\"7\u00a0Minuten\" \/>\n<script type=\"application\/ld+json\" class=\"yoast-schema-graph\">{\"@context\":\"https:\/\/schema.org\",\"@graph\":[{\"@type\":\"Article\",\"@id\":\"https:\/\/now-news.de\/de\/deutschland\/ermordeter-generalfeldmarschall-und-die-deutsche-ukraine-gier\/#article\",\"isPartOf\":{\"@id\":\"https:\/\/now-news.de\/de\/deutschland\/ermordeter-generalfeldmarschall-und-die-deutsche-ukraine-gier\/\"},\"author\":{\"name\":\"rtnews\",\"@id\":\"https:\/\/now-news.de\/de\/#\/schema\/person\/fb534a4e865501d8b3285208df34a9b5\"},\"headline\":\"Ermordeter Generalfeldmarschall und die deutsche Ukraine-Gier\",\"datePublished\":\"2025-08-03T12:57:06+00:00\",\"dateModified\":\"2025-08-03T12:57:06+00:00\",\"mainEntityOfPage\":{\"@id\":\"https:\/\/now-news.de\/de\/deutschland\/ermordeter-generalfeldmarschall-und-die-deutsche-ukraine-gier\/\"},\"wordCount\":1465,\"commentCount\":0,\"publisher\":{\"@id\":\"https:\/\/now-news.de\/de\/#organization\"},\"image\":{\"@id\":\"https:\/\/now-news.de\/de\/deutschland\/ermordeter-generalfeldmarschall-und-die-deutsche-ukraine-gier\/#primaryimage\"},\"thumbnailUrl\":\"https:\/\/now-news.de\/de\/wp-content\/uploads\/sites\/3\/2025\/08\/Ermordeter-Generalfeldmarschall-und-die-deutsche-Ukraine-Gier.jpg\",\"keywords\":[\"Deutsche\",\"die\",\"Ermordeter\",\"Generalfeldmarschall\",\"UkraineGier\",\"und\"],\"articleSection\":[\"Deutschland\",\"Russland\"],\"inLanguage\":\"de\",\"potentialAction\":[{\"@type\":\"CommentAction\",\"name\":\"Comment\",\"target\":[\"https:\/\/now-news.de\/de\/deutschland\/ermordeter-generalfeldmarschall-und-die-deutsche-ukraine-gier\/#respond\"]}]},{\"@type\":\"WebPage\",\"@id\":\"https:\/\/now-news.de\/de\/deutschland\/ermordeter-generalfeldmarschall-und-die-deutsche-ukraine-gier\/\",\"url\":\"https:\/\/now-news.de\/de\/deutschland\/ermordeter-generalfeldmarschall-und-die-deutsche-ukraine-gier\/\",\"name\":\"Ermordeter Generalfeldmarschall und die deutsche Ukraine-Gier - just-now.NEWS Deutschland\",\"isPartOf\":{\"@id\":\"https:\/\/now-news.de\/de\/#website\"},\"primaryImageOfPage\":{\"@id\":\"https:\/\/now-news.de\/de\/deutschland\/ermordeter-generalfeldmarschall-und-die-deutsche-ukraine-gier\/#primaryimage\"},\"image\":{\"@id\":\"https:\/\/now-news.de\/de\/deutschland\/ermordeter-generalfeldmarschall-und-die-deutsche-ukraine-gier\/#primaryimage\"},\"thumbnailUrl\":\"https:\/\/now-news.de\/de\/wp-content\/uploads\/sites\/3\/2025\/08\/Ermordeter-Generalfeldmarschall-und-die-deutsche-Ukraine-Gier.jpg\",\"datePublished\":\"2025-08-03T12:57:06+00:00\",\"dateModified\":\"2025-08-03T12:57:06+00:00\",\"breadcrumb\":{\"@id\":\"https:\/\/now-news.de\/de\/deutschland\/ermordeter-generalfeldmarschall-und-die-deutsche-ukraine-gier\/#breadcrumb\"},\"inLanguage\":\"de\",\"potentialAction\":[{\"@type\":\"ReadAction\",\"target\":[\"https:\/\/now-news.de\/de\/deutschland\/ermordeter-generalfeldmarschall-und-die-deutsche-ukraine-gier\/\"]}]},{\"@type\":\"ImageObject\",\"inLanguage\":\"de\",\"@id\":\"https:\/\/now-news.de\/de\/deutschland\/ermordeter-generalfeldmarschall-und-die-deutsche-ukraine-gier\/#primaryimage\",\"url\":\"https:\/\/now-news.de\/de\/wp-content\/uploads\/sites\/3\/2025\/08\/Ermordeter-Generalfeldmarschall-und-die-deutsche-Ukraine-Gier.jpg\",\"contentUrl\":\"https:\/\/now-news.de\/de\/wp-content\/uploads\/sites\/3\/2025\/08\/Ermordeter-Generalfeldmarschall-und-die-deutsche-Ukraine-Gier.jpg\",\"width\":800,\"height\":594,\"caption\":\"Ermordeter Generalfeldmarschall und die deutsche Ukraine-Gier\"},{\"@type\":\"BreadcrumbList\",\"@id\":\"https:\/\/now-news.de\/de\/deutschland\/ermordeter-generalfeldmarschall-und-die-deutsche-ukraine-gier\/#breadcrumb\",\"itemListElement\":[{\"@type\":\"ListItem\",\"position\":1,\"name\":\"Home\",\"item\":\"https:\/\/now-news.de\/de\/\"},{\"@type\":\"ListItem\",\"position\":2,\"name\":\"Ermordeter Generalfeldmarschall und die deutsche Ukraine-Gier\"}]},{\"@type\":\"WebSite\",\"@id\":\"https:\/\/now-news.de\/de\/#website\",\"url\":\"https:\/\/now-news.de\/de\/\",\"name\":\"just-now.NEWS Deutschland\",\"description\":\"Das Portal f\u00fcr unzensierte Nachrichten aus der Welt\",\"publisher\":{\"@id\":\"https:\/\/now-news.de\/de\/#organization\"},\"potentialAction\":[{\"@type\":\"SearchAction\",\"target\":{\"@type\":\"EntryPoint\",\"urlTemplate\":\"https:\/\/now-news.de\/de\/?s={search_term_string}\"},\"query-input\":\"required name=search_term_string\"}],\"inLanguage\":\"de\"},{\"@type\":\"Organization\",\"@id\":\"https:\/\/now-news.de\/de\/#organization\",\"name\":\"Just Now News\",\"url\":\"https:\/\/now-news.de\/de\/\",\"logo\":{\"@type\":\"ImageObject\",\"inLanguage\":\"de\",\"@id\":\"https:\/\/now-news.de\/de\/#\/schema\/logo\/image\/\",\"url\":\"http:\/\/just-now.news\/de\/wp-content\/uploads\/sites\/3\/2022\/04\/logo500x500.jpg\",\"contentUrl\":\"http:\/\/just-now.news\/de\/wp-content\/uploads\/sites\/3\/2022\/04\/logo500x500.jpg\",\"width\":500,\"height\":500,\"caption\":\"Just Now News\"},\"image\":{\"@id\":\"https:\/\/now-news.de\/de\/#\/schema\/logo\/image\/\"},\"sameAs\":[\"https:\/\/www.facebook.com\/wirmachenauf\",\"https:\/\/x.com\/WirMachenAuf_de\"]},{\"@type\":\"Person\",\"@id\":\"https:\/\/now-news.de\/de\/#\/schema\/person\/fb534a4e865501d8b3285208df34a9b5\",\"name\":\"rtnews\",\"image\":{\"@type\":\"ImageObject\",\"inLanguage\":\"de\",\"@id\":\"https:\/\/now-news.de\/de\/#\/schema\/person\/image\/\",\"url\":\"https:\/\/secure.gravatar.com\/avatar\/82aafea7d8127119dd649515f56e2117?s=96&d=mm&r=g\",\"contentUrl\":\"https:\/\/secure.gravatar.com\/avatar\/82aafea7d8127119dd649515f56e2117?s=96&d=mm&r=g\",\"caption\":\"rtnews\"},\"url\":\"https:\/\/now-news.de\/de\/author\/rnews\/\"}]}<\/script>\n<!-- \/ Yoast SEO Premium plugin. -->","yoast_head_json":{"title":"Ermordeter Generalfeldmarschall und die deutsche Ukraine-Gier - just-now.NEWS Deutschland","robots":{"index":"index","follow":"follow","max-snippet":"max-snippet:-1","max-image-preview":"max-image-preview:large","max-video-preview":"max-video-preview:-1"},"canonical":"https:\/\/now-news.de\/de\/deutschland\/ermordeter-generalfeldmarschall-und-die-deutsche-ukraine-gier\/","og_locale":"de_DE","og_type":"article","og_title":"Ermordeter Generalfeldmarschall und die deutsche Ukraine-Gier","og_description":"Am 30.\u00a0Juli 1918 fiel ein deutscher Generalfeldmarschall einem Bombenattentat zum Opfer. Interessant ist, wo es geschah: in Kiew, der ukrainischen Hauptstadt. Was hatte der Feldmarschall dort zu suchen, und was hat das mit den Ereignissen heute zu tun? Von Anton Gentzen Am 30.\u00a0Juli 1918 ermordete der Sozialrevolution\u00e4r Boris Donskoi in Kiew den Befehlshaber der Heeresgruppe [&hellip;]","og_url":"https:\/\/now-news.de\/de\/deutschland\/ermordeter-generalfeldmarschall-und-die-deutsche-ukraine-gier\/","og_site_name":"just-now.NEWS Deutschland","article_publisher":"https:\/\/www.facebook.com\/wirmachenauf","article_published_time":"2025-08-03T12:57:06+00:00","og_image":[{"url":"https:\/\/now-news.de\/de\/wp-content\/uploads\/sites\/3\/2025\/08\/688d3bce48fbef6fb621ef86.jpg"}],"author":"rtnews","twitter_card":"summary_large_image","twitter_creator":"@WirMachenAuf_de","twitter_site":"@WirMachenAuf_de","twitter_misc":{"Verfasst von":"rtnews","Gesch\u00e4tzte Lesezeit":"7\u00a0Minuten"},"schema":{"@context":"https:\/\/schema.org","@graph":[{"@type":"Article","@id":"https:\/\/now-news.de\/de\/deutschland\/ermordeter-generalfeldmarschall-und-die-deutsche-ukraine-gier\/#article","isPartOf":{"@id":"https:\/\/now-news.de\/de\/deutschland\/ermordeter-generalfeldmarschall-und-die-deutsche-ukraine-gier\/"},"author":{"name":"rtnews","@id":"https:\/\/now-news.de\/de\/#\/schema\/person\/fb534a4e865501d8b3285208df34a9b5"},"headline":"Ermordeter Generalfeldmarschall und die deutsche Ukraine-Gier","datePublished":"2025-08-03T12:57:06+00:00","dateModified":"2025-08-03T12:57:06+00:00","mainEntityOfPage":{"@id":"https:\/\/now-news.de\/de\/deutschland\/ermordeter-generalfeldmarschall-und-die-deutsche-ukraine-gier\/"},"wordCount":1465,"commentCount":0,"publisher":{"@id":"https:\/\/now-news.de\/de\/#organization"},"image":{"@id":"https:\/\/now-news.de\/de\/deutschland\/ermordeter-generalfeldmarschall-und-die-deutsche-ukraine-gier\/#primaryimage"},"thumbnailUrl":"https:\/\/now-news.de\/de\/wp-content\/uploads\/sites\/3\/2025\/08\/Ermordeter-Generalfeldmarschall-und-die-deutsche-Ukraine-Gier.jpg","keywords":["Deutsche","die","Ermordeter","Generalfeldmarschall","UkraineGier","und"],"articleSection":["Deutschland","Russland"],"inLanguage":"de","potentialAction":[{"@type":"CommentAction","name":"Comment","target":["https:\/\/now-news.de\/de\/deutschland\/ermordeter-generalfeldmarschall-und-die-deutsche-ukraine-gier\/#respond"]}]},{"@type":"WebPage","@id":"https:\/\/now-news.de\/de\/deutschland\/ermordeter-generalfeldmarschall-und-die-deutsche-ukraine-gier\/","url":"https:\/\/now-news.de\/de\/deutschland\/ermordeter-generalfeldmarschall-und-die-deutsche-ukraine-gier\/","name":"Ermordeter Generalfeldmarschall und die deutsche Ukraine-Gier - just-now.NEWS Deutschland","isPartOf":{"@id":"https:\/\/now-news.de\/de\/#website"},"primaryImageOfPage":{"@id":"https:\/\/now-news.de\/de\/deutschland\/ermordeter-generalfeldmarschall-und-die-deutsche-ukraine-gier\/#primaryimage"},"image":{"@id":"https:\/\/now-news.de\/de\/deutschland\/ermordeter-generalfeldmarschall-und-die-deutsche-ukraine-gier\/#primaryimage"},"thumbnailUrl":"https:\/\/now-news.de\/de\/wp-content\/uploads\/sites\/3\/2025\/08\/Ermordeter-Generalfeldmarschall-und-die-deutsche-Ukraine-Gier.jpg","datePublished":"2025-08-03T12:57:06+00:00","dateModified":"2025-08-03T12:57:06+00:00","breadcrumb":{"@id":"https:\/\/now-news.de\/de\/deutschland\/ermordeter-generalfeldmarschall-und-die-deutsche-ukraine-gier\/#breadcrumb"},"inLanguage":"de","potentialAction":[{"@type":"ReadAction","target":["https:\/\/now-news.de\/de\/deutschland\/ermordeter-generalfeldmarschall-und-die-deutsche-ukraine-gier\/"]}]},{"@type":"ImageObject","inLanguage":"de","@id":"https:\/\/now-news.de\/de\/deutschland\/ermordeter-generalfeldmarschall-und-die-deutsche-ukraine-gier\/#primaryimage","url":"https:\/\/now-news.de\/de\/wp-content\/uploads\/sites\/3\/2025\/08\/Ermordeter-Generalfeldmarschall-und-die-deutsche-Ukraine-Gier.jpg","contentUrl":"https:\/\/now-news.de\/de\/wp-content\/uploads\/sites\/3\/2025\/08\/Ermordeter-Generalfeldmarschall-und-die-deutsche-Ukraine-Gier.jpg","width":800,"height":594,"caption":"Ermordeter Generalfeldmarschall und die deutsche Ukraine-Gier"},{"@type":"BreadcrumbList","@id":"https:\/\/now-news.de\/de\/deutschland\/ermordeter-generalfeldmarschall-und-die-deutsche-ukraine-gier\/#breadcrumb","itemListElement":[{"@type":"ListItem","position":1,"name":"Home","item":"https:\/\/now-news.de\/de\/"},{"@type":"ListItem","position":2,"name":"Ermordeter Generalfeldmarschall und die deutsche Ukraine-Gier"}]},{"@type":"WebSite","@id":"https:\/\/now-news.de\/de\/#website","url":"https:\/\/now-news.de\/de\/","name":"just-now.NEWS Deutschland","description":"Das Portal f\u00fcr unzensierte Nachrichten aus der Welt","publisher":{"@id":"https:\/\/now-news.de\/de\/#organization"},"potentialAction":[{"@type":"SearchAction","target":{"@type":"EntryPoint","urlTemplate":"https:\/\/now-news.de\/de\/?s={search_term_string}"},"query-input":"required name=search_term_string"}],"inLanguage":"de"},{"@type":"Organization","@id":"https:\/\/now-news.de\/de\/#organization","name":"Just Now News","url":"https:\/\/now-news.de\/de\/","logo":{"@type":"ImageObject","inLanguage":"de","@id":"https:\/\/now-news.de\/de\/#\/schema\/logo\/image\/","url":"http:\/\/just-now.news\/de\/wp-content\/uploads\/sites\/3\/2022\/04\/logo500x500.jpg","contentUrl":"http:\/\/just-now.news\/de\/wp-content\/uploads\/sites\/3\/2022\/04\/logo500x500.jpg","width":500,"height":500,"caption":"Just Now News"},"image":{"@id":"https:\/\/now-news.de\/de\/#\/schema\/logo\/image\/"},"sameAs":["https:\/\/www.facebook.com\/wirmachenauf","https:\/\/x.com\/WirMachenAuf_de"]},{"@type":"Person","@id":"https:\/\/now-news.de\/de\/#\/schema\/person\/fb534a4e865501d8b3285208df34a9b5","name":"rtnews","image":{"@type":"ImageObject","inLanguage":"de","@id":"https:\/\/now-news.de\/de\/#\/schema\/person\/image\/","url":"https:\/\/secure.gravatar.com\/avatar\/82aafea7d8127119dd649515f56e2117?s=96&d=mm&r=g","contentUrl":"https:\/\/secure.gravatar.com\/avatar\/82aafea7d8127119dd649515f56e2117?s=96&d=mm&r=g","caption":"rtnews"},"url":"https:\/\/now-news.de\/de\/author\/rnews\/"}]}},"_links":{"self":[{"href":"https:\/\/now-news.de\/de\/wp-json\/wp\/v2\/posts\/88209"}],"collection":[{"href":"https:\/\/now-news.de\/de\/wp-json\/wp\/v2\/posts"}],"about":[{"href":"https:\/\/now-news.de\/de\/wp-json\/wp\/v2\/types\/post"}],"author":[{"embeddable":true,"href":"https:\/\/now-news.de\/de\/wp-json\/wp\/v2\/users\/3"}],"replies":[{"embeddable":true,"href":"https:\/\/now-news.de\/de\/wp-json\/wp\/v2\/comments?post=88209"}],"version-history":[{"count":0,"href":"https:\/\/now-news.de\/de\/wp-json\/wp\/v2\/posts\/88209\/revisions"}],"wp:featuredmedia":[{"embeddable":true,"href":"https:\/\/now-news.de\/de\/wp-json\/wp\/v2\/media\/88210"}],"wp:attachment":[{"href":"https:\/\/now-news.de\/de\/wp-json\/wp\/v2\/media?parent=88209"}],"wp:term":[{"taxonomy":"category","embeddable":true,"href":"https:\/\/now-news.de\/de\/wp-json\/wp\/v2\/categories?post=88209"},{"taxonomy":"post_tag","embeddable":true,"href":"https:\/\/now-news.de\/de\/wp-json\/wp\/v2\/tags?post=88209"}],"curies":[{"name":"wp","href":"https:\/\/api.w.org\/{rel}","templated":true}]}}