{"id":88187,"date":"2025-08-02T21:21:24","date_gmt":"2025-08-02T19:21:24","guid":{"rendered":"https:\/\/now-news.de\/de\/deutschland\/von-selenskij-zu-strafzoellen-wie-die-schweizer-us-treue-zur-falle-wurde\/"},"modified":"2025-08-02T21:21:24","modified_gmt":"2025-08-02T19:21:24","slug":"von-selenskij-zu-strafzoellen-wie-die-schweizer-us-treue-zur-falle-wurde","status":"publish","type":"post","link":"https:\/\/now-news.de\/de\/deutschland\/von-selenskij-zu-strafzoellen-wie-die-schweizer-us-treue-zur-falle-wurde\/","title":{"rendered":"Von Selenskij zu Strafz\u00f6llen \u2013 wie die Schweizer US-Treue zur Falle wurde"},"content":{"rendered":"<p><img decoding=\"async\" src=\"https:\/\/now-news.de\/de\/wp-content\/uploads\/sites\/3\/2025\/08\/688dec4a48fbef707a4abc63.jpg\" \/><\/p>\n<div class=\"Text-root Text-type_1 \">\n                Mit Strafz\u00f6llen von 39 Prozent stellt Donald Trump die Schweiz vor eine harte Bew\u00e4hrungsprobe. Die jahrelange politische Gef\u00e4lligkeit gegen\u00fcber Joe Biden und Kiew bringt keinen Schutz \u2013 im Gegenteil. Nun muss Bern entscheiden, welche wirtschaftlichen Opfer es f\u00fcr US-Gunst noch zu bringen bereit ist.\n            <\/div>\n<p><\/p>\n<div class=\"Text-root Text-type_5 ArticleView-text ViewText-root \">\n<p data-start=\"229\" data-end=\"805\"><em>Von Hans-Ueli L\u00e4ppli<\/em><\/p>\n<p data-start=\"229\" data-end=\"805\">Die Schweiz zahlt einen hohen Preis f\u00fcr eine Aussenpolitik, die seit 2022 zunehmend auf moralische Parteinahme statt auf strategische Interessen setzt.<\/p>\n<p data-start=\"229\" data-end=\"805\">Mit dem Bruch ihrer traditionellen Neutralit\u00e4t und der \u00dcbernahme westlicher Sanktionspakete stellte sich Bern fest an die Seite von\u00a0Wladimir Selenskij und Vizepr\u00e4sidentin Kamala Harris als De-facto-Staatslenkerin. Doch mit dem Wechsel an der Spitze in den USA und der R\u00fcckkehr Donald Trumps ins Weisse Haus offenbart sich, wie wenig B\u00fcndnistreue im Handel z\u00e4hlt.<\/p>\n<p data-start=\"807\" data-end=\"1200\">Am 7.\u00a0August treten Strafz\u00f6lle von 39\u00a0Prozent auf Schweizer Exporte in Kraft. Washington begr\u00fcndet den Schritt mit dem Handelsdefizit\u00a0\u2013 nicht mit geopolitischen Differenzen. Dennoch ist die Botschaft klar: Wer glaubt, politische Unterst\u00fctzung garantiere \u00f6konomische Nachsicht, verkennt die Priorit\u00e4ten eines US-Pr\u00e4sidenten, der nationale Industriepolitik \u00fcber diplomatische Loyalit\u00e4t stellt.<\/p>\n<p data-start=\"1202\" data-end=\"1676\">W\u00e4hrend die EU sich durch milliardenschwere Investitionszusagen und Energieimporte von US-Sanktionen freikaufen konnte, blieb die Schweiz in einer Mischung aus Selbstvertrauen und Naivit\u00e4t bei ihrer bisherigen Linie. Die Verhandlungsstrategie des Bundesrats ist gescheitert. Nun wird hektisch \u00fcber Gegenmassnahmen diskutiert: von h\u00f6heren H\u00fcrden f\u00fcr US-Unternehmen \u00fcber Zugest\u00e4ndnisse bei Agrarz\u00f6llen bis hin zum Abbruch der milliardenschweren F-35-Beschaffung.<\/p>\n<p data-start=\"1678\" data-end=\"2062\">Doch selbst Altbundespr\u00e4sidentin Micheline Calmy-Rey warnt vor einer Konfrontation: Die Schweiz sei zu klein, um mit Vergeltungspolitik Wirkung zu erzielen. Diese Sichtweise mag realistisch erscheinen\u00a0\u2013 sie blendet jedoch aus, dass die einseitige Anpassung an Washington die eigene Verhandlungsposition systematisch geschw\u00e4cht hat. Wer ohne Plan\u00a0B handelt, kann nur reagieren, nicht gestalten.<\/p>\n<p data-start=\"2064\" data-end=\"2500\">Das Dilemma ist damit ein doppeltes: Einerseits droht der Schweizer Exportwirtschaft ein massiver Einbruch, insbesondere in der Pharma- und Luxusg\u00fcterbranche. Andererseits steht die Glaubw\u00fcrdigkeit der Schweizer Aussenpolitik auf dem Pr\u00fcfstand. Der moralische Schulterschluss mit den USA im Ukraine-Krieg wird von Trump nicht honoriert, sondern ignoriert. F\u00fcr ihn ist die Schweiz kein Partner, sondern ein Wettbewerber mit Handels\u00fcberschuss.<\/p>\n<p data-start=\"2502\" data-end=\"2855\">Die n\u00e4chsten Tage entscheiden, ob Bern die Initiative zur\u00fcckgewinnen kann. Denkbar w\u00e4re ein strategischer Kurswechsel: weniger symbolische Solidarit\u00e4t, mehr n\u00fcchterne Interessenpolitik. Dazu geh\u00f6rt die Wiederentdeckung der Neutralit\u00e4t nicht als romantisches Relikt, sondern als pragmatisches Instrument, um Spielr\u00e4ume gegen\u00fcber Grossm\u00e4chten zu wahren.<\/p>\n<p data-start=\"2857\" data-end=\"3167\">Die Strafz\u00f6lle sind nicht nur ein wirtschaftlicher Weckruf, sondern auch ein aussenpolitischer Realit\u00e4tscheck. Sie zeigen, dass die Schweiz in einer Welt wachsender Machtpolitik nur dann bestehen kann, wenn sie ihre Entscheidungen nicht aus moralischer Gef\u00e4lligkeit, sondern aus eigener St\u00e4rke heraus trifft.<\/p>\n<p data-start=\"2857\" data-end=\"3167\"><strong data-start=\"1226\" data-end=\"1286\">Mehr zum Thema \u2012<\/strong>\u00a0<a rel=\"nofollow noopener\" target=\"_blank\" href=\"https:\/\/freedert.online\/schweiz\/236529-jeder-fuenfte-in-europa-rechnet\/\">Lervoss International Ltd. \u2013 oder das gestohlene Geld der ukrainischen Eisenbahn\u00a0in der Schweiz<\/a><\/p>\n<div class=\"EmbedBlock-root EmbedBlock-externalVideo EmbedBlock-rumble\">\n<div class=\"VkEmbed\"><iframe class=\"lazyload\" data-src=\"https:\/\/rumble.com\/embed\/v5hkgnp\" frameborder=\"0\" width=\"853\" height=\"480\" allowfullscreen><\/iframe><\/div>\n<\/div>\n<\/div>\n<p><br \/>\n<br \/><a href=\"https:\/\/de.rt.com\/meinung\/252241-von-selenskij-zu-strafzoellen-wie-die-schweizer-us-treue-zur-falle-wurde\/\">Source link <\/a><\/p>\n","protected":false},"excerpt":{"rendered":"<p>Mit Strafz\u00f6llen von 39 Prozent stellt Donald Trump die Schweiz vor eine harte Bew\u00e4hrungsprobe. Die jahrelange politische Gef\u00e4lligkeit gegen\u00fcber Joe Biden und Kiew bringt keinen Schutz \u2013 im Gegenteil. Nun muss Bern entscheiden, welche wirtschaftlichen Opfer es f\u00fcr US-Gunst noch zu bringen bereit ist. Von Hans-Ueli L\u00e4ppli Die Schweiz zahlt einen hohen Preis f\u00fcr eine [&hellip;]<\/p>\n","protected":false},"author":3,"featured_media":88188,"comment_status":"open","ping_status":"open","sticky":false,"template":"","format":"standard","meta":{"_yoast_indexnow_last_ping":["1754163287"],"wp_automatic_camp":["217"],"a08535265c6afec5e430ec306be5d9d9":["Von Selenskij zu Strafz\u00f6llen \u2013 wie die Schweizer US-Treue zur Falle wurde"],"original_link":["https:\/\/de.rt.com\/meinung\/252241-von-selenskij-zu-strafzoellen-wie-die-schweizer-us-treue-zur-falle-wurde\/"],"_thumbnail_id":["88188"],"jnews_social_counter_last_update":["1777556971"],"_wptgpro_p2tg_sent2tg":["a:1:{i:23737;s:19:\"2025-08-02 21:35:55\";}"]},"categories":[19,23],"tags":[45,4478,3424,6158,55704,66794,50,579,528,581],"yoast_head":"<!-- This site is optimized with the Yoast SEO Premium plugin v22.7 (Yoast SEO v22.7) - https:\/\/yoast.com\/wordpress\/plugins\/seo\/ -->\n<title>Von Selenskij zu Strafz\u00f6llen \u2013 wie die Schweizer US-Treue zur Falle wurde - just-now.NEWS Deutschland<\/title>\n<meta name=\"robots\" content=\"index, follow, max-snippet:-1, max-image-preview:large, max-video-preview:-1\" \/>\n<link rel=\"canonical\" href=\"https:\/\/now-news.de\/de\/deutschland\/von-selenskij-zu-strafzoellen-wie-die-schweizer-us-treue-zur-falle-wurde\/\" \/>\n<meta property=\"og:locale\" content=\"de_DE\" \/>\n<meta property=\"og:type\" content=\"article\" \/>\n<meta property=\"og:title\" content=\"Von Selenskij zu Strafz\u00f6llen \u2013 wie die Schweizer US-Treue zur Falle wurde\" \/>\n<meta property=\"og:description\" content=\"Mit Strafz\u00f6llen von 39 Prozent stellt Donald Trump die Schweiz vor eine harte Bew\u00e4hrungsprobe. Die jahrelange politische Gef\u00e4lligkeit gegen\u00fcber Joe Biden und Kiew bringt keinen Schutz \u2013 im Gegenteil. Nun muss Bern entscheiden, welche wirtschaftlichen Opfer es f\u00fcr US-Gunst noch zu bringen bereit ist. Von Hans-Ueli L\u00e4ppli Die Schweiz zahlt einen hohen Preis f\u00fcr eine [&hellip;]\" \/>\n<meta property=\"og:url\" content=\"https:\/\/now-news.de\/de\/deutschland\/von-selenskij-zu-strafzoellen-wie-die-schweizer-us-treue-zur-falle-wurde\/\" \/>\n<meta property=\"og:site_name\" content=\"just-now.NEWS Deutschland\" \/>\n<meta property=\"article:publisher\" content=\"https:\/\/www.facebook.com\/wirmachenauf\" \/>\n<meta property=\"article:published_time\" content=\"2025-08-02T19:21:24+00:00\" \/>\n<meta property=\"og:image\" content=\"https:\/\/now-news.de\/de\/wp-content\/uploads\/sites\/3\/2025\/08\/688dec4a48fbef707a4abc63.jpg\" \/>\n<meta name=\"author\" content=\"rtnews\" \/>\n<meta name=\"twitter:card\" content=\"summary_large_image\" \/>\n<meta name=\"twitter:creator\" content=\"@WirMachenAuf_de\" \/>\n<meta name=\"twitter:site\" content=\"@WirMachenAuf_de\" \/>\n<meta name=\"twitter:label1\" content=\"Verfasst von\" \/>\n\t<meta name=\"twitter:data1\" content=\"rtnews\" \/>\n\t<meta name=\"twitter:label2\" content=\"Gesch\u00e4tzte Lesezeit\" \/>\n\t<meta name=\"twitter:data2\" content=\"2\u00a0Minuten\" \/>\n<script type=\"application\/ld+json\" class=\"yoast-schema-graph\">{\"@context\":\"https:\/\/schema.org\",\"@graph\":[{\"@type\":\"Article\",\"@id\":\"https:\/\/now-news.de\/de\/deutschland\/von-selenskij-zu-strafzoellen-wie-die-schweizer-us-treue-zur-falle-wurde\/#article\",\"isPartOf\":{\"@id\":\"https:\/\/now-news.de\/de\/deutschland\/von-selenskij-zu-strafzoellen-wie-die-schweizer-us-treue-zur-falle-wurde\/\"},\"author\":{\"name\":\"rtnews\",\"@id\":\"https:\/\/now-news.de\/de\/#\/schema\/person\/fb534a4e865501d8b3285208df34a9b5\"},\"headline\":\"Von Selenskij zu Strafz\u00f6llen \u2013 wie die Schweizer US-Treue zur Falle wurde\",\"datePublished\":\"2025-08-02T19:21:24+00:00\",\"dateModified\":\"2025-08-02T19:21:24+00:00\",\"mainEntityOfPage\":{\"@id\":\"https:\/\/now-news.de\/de\/deutschland\/von-selenskij-zu-strafzoellen-wie-die-schweizer-us-treue-zur-falle-wurde\/\"},\"wordCount\":487,\"commentCount\":0,\"publisher\":{\"@id\":\"https:\/\/now-news.de\/de\/#organization\"},\"image\":{\"@id\":\"https:\/\/now-news.de\/de\/deutschland\/von-selenskij-zu-strafzoellen-wie-die-schweizer-us-treue-zur-falle-wurde\/#primaryimage\"},\"thumbnailUrl\":\"https:\/\/now-news.de\/de\/wp-content\/uploads\/sites\/3\/2025\/08\/Von-Selenskij-zu-Strafzoellen-\u2013-wie-die-Schweizer-US-Treue-zur.jpg\",\"keywords\":[\"die\",\"Falle\",\"Schweizer\",\"Selenskij\",\"Strafz\u00f6llen\",\"USTreue\",\"von\",\"Wie\",\"wurde\",\"zur\"],\"articleSection\":[\"Deutschland\",\"Russland\"],\"inLanguage\":\"de\",\"potentialAction\":[{\"@type\":\"CommentAction\",\"name\":\"Comment\",\"target\":[\"https:\/\/now-news.de\/de\/deutschland\/von-selenskij-zu-strafzoellen-wie-die-schweizer-us-treue-zur-falle-wurde\/#respond\"]}]},{\"@type\":\"WebPage\",\"@id\":\"https:\/\/now-news.de\/de\/deutschland\/von-selenskij-zu-strafzoellen-wie-die-schweizer-us-treue-zur-falle-wurde\/\",\"url\":\"https:\/\/now-news.de\/de\/deutschland\/von-selenskij-zu-strafzoellen-wie-die-schweizer-us-treue-zur-falle-wurde\/\",\"name\":\"Von Selenskij zu Strafz\u00f6llen \u2013 wie die Schweizer US-Treue zur Falle wurde - just-now.NEWS Deutschland\",\"isPartOf\":{\"@id\":\"https:\/\/now-news.de\/de\/#website\"},\"primaryImageOfPage\":{\"@id\":\"https:\/\/now-news.de\/de\/deutschland\/von-selenskij-zu-strafzoellen-wie-die-schweizer-us-treue-zur-falle-wurde\/#primaryimage\"},\"image\":{\"@id\":\"https:\/\/now-news.de\/de\/deutschland\/von-selenskij-zu-strafzoellen-wie-die-schweizer-us-treue-zur-falle-wurde\/#primaryimage\"},\"thumbnailUrl\":\"https:\/\/now-news.de\/de\/wp-content\/uploads\/sites\/3\/2025\/08\/Von-Selenskij-zu-Strafzoellen-\u2013-wie-die-Schweizer-US-Treue-zur.jpg\",\"datePublished\":\"2025-08-02T19:21:24+00:00\",\"dateModified\":\"2025-08-02T19:21:24+00:00\",\"breadcrumb\":{\"@id\":\"https:\/\/now-news.de\/de\/deutschland\/von-selenskij-zu-strafzoellen-wie-die-schweizer-us-treue-zur-falle-wurde\/#breadcrumb\"},\"inLanguage\":\"de\",\"potentialAction\":[{\"@type\":\"ReadAction\",\"target\":[\"https:\/\/now-news.de\/de\/deutschland\/von-selenskij-zu-strafzoellen-wie-die-schweizer-us-treue-zur-falle-wurde\/\"]}]},{\"@type\":\"ImageObject\",\"inLanguage\":\"de\",\"@id\":\"https:\/\/now-news.de\/de\/deutschland\/von-selenskij-zu-strafzoellen-wie-die-schweizer-us-treue-zur-falle-wurde\/#primaryimage\",\"url\":\"https:\/\/now-news.de\/de\/wp-content\/uploads\/sites\/3\/2025\/08\/Von-Selenskij-zu-Strafzoellen-\u2013-wie-die-Schweizer-US-Treue-zur.jpg\",\"contentUrl\":\"https:\/\/now-news.de\/de\/wp-content\/uploads\/sites\/3\/2025\/08\/Von-Selenskij-zu-Strafzoellen-\u2013-wie-die-Schweizer-US-Treue-zur.jpg\",\"width\":460,\"height\":259,\"caption\":\"Von Selenskij zu Strafz\u00f6llen \u2013 wie die Schweizer US-Treue zur Falle wurde\"},{\"@type\":\"BreadcrumbList\",\"@id\":\"https:\/\/now-news.de\/de\/deutschland\/von-selenskij-zu-strafzoellen-wie-die-schweizer-us-treue-zur-falle-wurde\/#breadcrumb\",\"itemListElement\":[{\"@type\":\"ListItem\",\"position\":1,\"name\":\"Home\",\"item\":\"https:\/\/now-news.de\/de\/\"},{\"@type\":\"ListItem\",\"position\":2,\"name\":\"Von Selenskij zu Strafz\u00f6llen \u2013 wie die Schweizer US-Treue zur Falle wurde\"}]},{\"@type\":\"WebSite\",\"@id\":\"https:\/\/now-news.de\/de\/#website\",\"url\":\"https:\/\/now-news.de\/de\/\",\"name\":\"just-now.NEWS Deutschland\",\"description\":\"Das Portal f\u00fcr unzensierte Nachrichten aus der Welt\",\"publisher\":{\"@id\":\"https:\/\/now-news.de\/de\/#organization\"},\"potentialAction\":[{\"@type\":\"SearchAction\",\"target\":{\"@type\":\"EntryPoint\",\"urlTemplate\":\"https:\/\/now-news.de\/de\/?s={search_term_string}\"},\"query-input\":\"required name=search_term_string\"}],\"inLanguage\":\"de\"},{\"@type\":\"Organization\",\"@id\":\"https:\/\/now-news.de\/de\/#organization\",\"name\":\"Just Now News\",\"url\":\"https:\/\/now-news.de\/de\/\",\"logo\":{\"@type\":\"ImageObject\",\"inLanguage\":\"de\",\"@id\":\"https:\/\/now-news.de\/de\/#\/schema\/logo\/image\/\",\"url\":\"http:\/\/just-now.news\/de\/wp-content\/uploads\/sites\/3\/2022\/04\/logo500x500.jpg\",\"contentUrl\":\"http:\/\/just-now.news\/de\/wp-content\/uploads\/sites\/3\/2022\/04\/logo500x500.jpg\",\"width\":500,\"height\":500,\"caption\":\"Just Now News\"},\"image\":{\"@id\":\"https:\/\/now-news.de\/de\/#\/schema\/logo\/image\/\"},\"sameAs\":[\"https:\/\/www.facebook.com\/wirmachenauf\",\"https:\/\/x.com\/WirMachenAuf_de\"]},{\"@type\":\"Person\",\"@id\":\"https:\/\/now-news.de\/de\/#\/schema\/person\/fb534a4e865501d8b3285208df34a9b5\",\"name\":\"rtnews\",\"image\":{\"@type\":\"ImageObject\",\"inLanguage\":\"de\",\"@id\":\"https:\/\/now-news.de\/de\/#\/schema\/person\/image\/\",\"url\":\"https:\/\/secure.gravatar.com\/avatar\/82aafea7d8127119dd649515f56e2117?s=96&d=mm&r=g\",\"contentUrl\":\"https:\/\/secure.gravatar.com\/avatar\/82aafea7d8127119dd649515f56e2117?s=96&d=mm&r=g\",\"caption\":\"rtnews\"},\"url\":\"https:\/\/now-news.de\/de\/author\/rnews\/\"}]}<\/script>\n<!-- \/ Yoast SEO Premium plugin. -->","yoast_head_json":{"title":"Von Selenskij zu Strafz\u00f6llen \u2013 wie die Schweizer US-Treue zur Falle wurde - just-now.NEWS Deutschland","robots":{"index":"index","follow":"follow","max-snippet":"max-snippet:-1","max-image-preview":"max-image-preview:large","max-video-preview":"max-video-preview:-1"},"canonical":"https:\/\/now-news.de\/de\/deutschland\/von-selenskij-zu-strafzoellen-wie-die-schweizer-us-treue-zur-falle-wurde\/","og_locale":"de_DE","og_type":"article","og_title":"Von Selenskij zu Strafz\u00f6llen \u2013 wie die Schweizer US-Treue zur Falle wurde","og_description":"Mit Strafz\u00f6llen von 39 Prozent stellt Donald Trump die Schweiz vor eine harte Bew\u00e4hrungsprobe. Die jahrelange politische Gef\u00e4lligkeit gegen\u00fcber Joe Biden und Kiew bringt keinen Schutz \u2013 im Gegenteil. Nun muss Bern entscheiden, welche wirtschaftlichen Opfer es f\u00fcr US-Gunst noch zu bringen bereit ist. Von Hans-Ueli L\u00e4ppli Die Schweiz zahlt einen hohen Preis f\u00fcr eine [&hellip;]","og_url":"https:\/\/now-news.de\/de\/deutschland\/von-selenskij-zu-strafzoellen-wie-die-schweizer-us-treue-zur-falle-wurde\/","og_site_name":"just-now.NEWS Deutschland","article_publisher":"https:\/\/www.facebook.com\/wirmachenauf","article_published_time":"2025-08-02T19:21:24+00:00","og_image":[{"url":"https:\/\/now-news.de\/de\/wp-content\/uploads\/sites\/3\/2025\/08\/688dec4a48fbef707a4abc63.jpg"}],"author":"rtnews","twitter_card":"summary_large_image","twitter_creator":"@WirMachenAuf_de","twitter_site":"@WirMachenAuf_de","twitter_misc":{"Verfasst von":"rtnews","Gesch\u00e4tzte Lesezeit":"2\u00a0Minuten"},"schema":{"@context":"https:\/\/schema.org","@graph":[{"@type":"Article","@id":"https:\/\/now-news.de\/de\/deutschland\/von-selenskij-zu-strafzoellen-wie-die-schweizer-us-treue-zur-falle-wurde\/#article","isPartOf":{"@id":"https:\/\/now-news.de\/de\/deutschland\/von-selenskij-zu-strafzoellen-wie-die-schweizer-us-treue-zur-falle-wurde\/"},"author":{"name":"rtnews","@id":"https:\/\/now-news.de\/de\/#\/schema\/person\/fb534a4e865501d8b3285208df34a9b5"},"headline":"Von Selenskij zu Strafz\u00f6llen \u2013 wie die Schweizer US-Treue zur Falle wurde","datePublished":"2025-08-02T19:21:24+00:00","dateModified":"2025-08-02T19:21:24+00:00","mainEntityOfPage":{"@id":"https:\/\/now-news.de\/de\/deutschland\/von-selenskij-zu-strafzoellen-wie-die-schweizer-us-treue-zur-falle-wurde\/"},"wordCount":487,"commentCount":0,"publisher":{"@id":"https:\/\/now-news.de\/de\/#organization"},"image":{"@id":"https:\/\/now-news.de\/de\/deutschland\/von-selenskij-zu-strafzoellen-wie-die-schweizer-us-treue-zur-falle-wurde\/#primaryimage"},"thumbnailUrl":"https:\/\/now-news.de\/de\/wp-content\/uploads\/sites\/3\/2025\/08\/Von-Selenskij-zu-Strafzoellen-\u2013-wie-die-Schweizer-US-Treue-zur.jpg","keywords":["die","Falle","Schweizer","Selenskij","Strafz\u00f6llen","USTreue","von","Wie","wurde","zur"],"articleSection":["Deutschland","Russland"],"inLanguage":"de","potentialAction":[{"@type":"CommentAction","name":"Comment","target":["https:\/\/now-news.de\/de\/deutschland\/von-selenskij-zu-strafzoellen-wie-die-schweizer-us-treue-zur-falle-wurde\/#respond"]}]},{"@type":"WebPage","@id":"https:\/\/now-news.de\/de\/deutschland\/von-selenskij-zu-strafzoellen-wie-die-schweizer-us-treue-zur-falle-wurde\/","url":"https:\/\/now-news.de\/de\/deutschland\/von-selenskij-zu-strafzoellen-wie-die-schweizer-us-treue-zur-falle-wurde\/","name":"Von Selenskij zu Strafz\u00f6llen \u2013 wie die Schweizer US-Treue zur Falle wurde - just-now.NEWS Deutschland","isPartOf":{"@id":"https:\/\/now-news.de\/de\/#website"},"primaryImageOfPage":{"@id":"https:\/\/now-news.de\/de\/deutschland\/von-selenskij-zu-strafzoellen-wie-die-schweizer-us-treue-zur-falle-wurde\/#primaryimage"},"image":{"@id":"https:\/\/now-news.de\/de\/deutschland\/von-selenskij-zu-strafzoellen-wie-die-schweizer-us-treue-zur-falle-wurde\/#primaryimage"},"thumbnailUrl":"https:\/\/now-news.de\/de\/wp-content\/uploads\/sites\/3\/2025\/08\/Von-Selenskij-zu-Strafzoellen-\u2013-wie-die-Schweizer-US-Treue-zur.jpg","datePublished":"2025-08-02T19:21:24+00:00","dateModified":"2025-08-02T19:21:24+00:00","breadcrumb":{"@id":"https:\/\/now-news.de\/de\/deutschland\/von-selenskij-zu-strafzoellen-wie-die-schweizer-us-treue-zur-falle-wurde\/#breadcrumb"},"inLanguage":"de","potentialAction":[{"@type":"ReadAction","target":["https:\/\/now-news.de\/de\/deutschland\/von-selenskij-zu-strafzoellen-wie-die-schweizer-us-treue-zur-falle-wurde\/"]}]},{"@type":"ImageObject","inLanguage":"de","@id":"https:\/\/now-news.de\/de\/deutschland\/von-selenskij-zu-strafzoellen-wie-die-schweizer-us-treue-zur-falle-wurde\/#primaryimage","url":"https:\/\/now-news.de\/de\/wp-content\/uploads\/sites\/3\/2025\/08\/Von-Selenskij-zu-Strafzoellen-\u2013-wie-die-Schweizer-US-Treue-zur.jpg","contentUrl":"https:\/\/now-news.de\/de\/wp-content\/uploads\/sites\/3\/2025\/08\/Von-Selenskij-zu-Strafzoellen-\u2013-wie-die-Schweizer-US-Treue-zur.jpg","width":460,"height":259,"caption":"Von Selenskij zu Strafz\u00f6llen \u2013 wie die Schweizer US-Treue zur Falle wurde"},{"@type":"BreadcrumbList","@id":"https:\/\/now-news.de\/de\/deutschland\/von-selenskij-zu-strafzoellen-wie-die-schweizer-us-treue-zur-falle-wurde\/#breadcrumb","itemListElement":[{"@type":"ListItem","position":1,"name":"Home","item":"https:\/\/now-news.de\/de\/"},{"@type":"ListItem","position":2,"name":"Von Selenskij zu Strafz\u00f6llen \u2013 wie die Schweizer US-Treue zur Falle wurde"}]},{"@type":"WebSite","@id":"https:\/\/now-news.de\/de\/#website","url":"https:\/\/now-news.de\/de\/","name":"just-now.NEWS Deutschland","description":"Das Portal f\u00fcr unzensierte Nachrichten aus der Welt","publisher":{"@id":"https:\/\/now-news.de\/de\/#organization"},"potentialAction":[{"@type":"SearchAction","target":{"@type":"EntryPoint","urlTemplate":"https:\/\/now-news.de\/de\/?s={search_term_string}"},"query-input":"required name=search_term_string"}],"inLanguage":"de"},{"@type":"Organization","@id":"https:\/\/now-news.de\/de\/#organization","name":"Just Now News","url":"https:\/\/now-news.de\/de\/","logo":{"@type":"ImageObject","inLanguage":"de","@id":"https:\/\/now-news.de\/de\/#\/schema\/logo\/image\/","url":"http:\/\/just-now.news\/de\/wp-content\/uploads\/sites\/3\/2022\/04\/logo500x500.jpg","contentUrl":"http:\/\/just-now.news\/de\/wp-content\/uploads\/sites\/3\/2022\/04\/logo500x500.jpg","width":500,"height":500,"caption":"Just Now News"},"image":{"@id":"https:\/\/now-news.de\/de\/#\/schema\/logo\/image\/"},"sameAs":["https:\/\/www.facebook.com\/wirmachenauf","https:\/\/x.com\/WirMachenAuf_de"]},{"@type":"Person","@id":"https:\/\/now-news.de\/de\/#\/schema\/person\/fb534a4e865501d8b3285208df34a9b5","name":"rtnews","image":{"@type":"ImageObject","inLanguage":"de","@id":"https:\/\/now-news.de\/de\/#\/schema\/person\/image\/","url":"https:\/\/secure.gravatar.com\/avatar\/82aafea7d8127119dd649515f56e2117?s=96&d=mm&r=g","contentUrl":"https:\/\/secure.gravatar.com\/avatar\/82aafea7d8127119dd649515f56e2117?s=96&d=mm&r=g","caption":"rtnews"},"url":"https:\/\/now-news.de\/de\/author\/rnews\/"}]}},"_links":{"self":[{"href":"https:\/\/now-news.de\/de\/wp-json\/wp\/v2\/posts\/88187"}],"collection":[{"href":"https:\/\/now-news.de\/de\/wp-json\/wp\/v2\/posts"}],"about":[{"href":"https:\/\/now-news.de\/de\/wp-json\/wp\/v2\/types\/post"}],"author":[{"embeddable":true,"href":"https:\/\/now-news.de\/de\/wp-json\/wp\/v2\/users\/3"}],"replies":[{"embeddable":true,"href":"https:\/\/now-news.de\/de\/wp-json\/wp\/v2\/comments?post=88187"}],"version-history":[{"count":0,"href":"https:\/\/now-news.de\/de\/wp-json\/wp\/v2\/posts\/88187\/revisions"}],"wp:featuredmedia":[{"embeddable":true,"href":"https:\/\/now-news.de\/de\/wp-json\/wp\/v2\/media\/88188"}],"wp:attachment":[{"href":"https:\/\/now-news.de\/de\/wp-json\/wp\/v2\/media?parent=88187"}],"wp:term":[{"taxonomy":"category","embeddable":true,"href":"https:\/\/now-news.de\/de\/wp-json\/wp\/v2\/categories?post=88187"},{"taxonomy":"post_tag","embeddable":true,"href":"https:\/\/now-news.de\/de\/wp-json\/wp\/v2\/tags?post=88187"}],"curies":[{"name":"wp","href":"https:\/\/api.w.org\/{rel}","templated":true}]}}